{"id":447819,"date":"2023-12-28T14:16:52","date_gmt":"2023-12-28T13:16:52","guid":{"rendered":"https:\/\/dicodusport.fr\/blog\/?p=447819&#038;preview=true&#038;preview_id=447819"},"modified":"2023-12-28T14:41:09","modified_gmt":"2023-12-28T13:41:09","slug":"geant-de-lienz-mikaela-shiffrin-simpose-tout-en-controle","status":"publish","type":"post","link":"https:\/\/dicodusport.fr\/blog\/geant-de-lienz-mikaela-shiffrin-simpose-tout-en-controle\/","title":{"rendered":"G\u00e9ant de Lienz : Mikaela Shiffrin s&rsquo;impose tout en contr\u00f4le"},"content":{"rendered":"<p style=\"text-align: justify;\"><em><b>COUPE DU MONDE DE SKI ALPIN 2023-2024 &#8211; Mikaela Shiffrin a gagn\u00e9 le g\u00e9ant de Lienz en Autriche, jeudi. Elle a devanc\u00e9 Federica Brignone et Sara Hector. Shiffrin a sign\u00e9 sa 92\u00e8me victoire en Coupe du monde.\u00a0<\/b><\/em><\/p>\n<ul style=\"text-align: justify;\">\n<li style=\"text-align: justify;\"><strong>\u00c0 ce sujet &#8211; <a href=\"https:\/\/dicodusport.fr\/blog\/classement-geant-femmes-lienz-2023\/\">Le classement du g\u00e9ant de Lienz<\/a>\u00a0<\/strong><\/li>\n<\/ul>\n<h2 style=\"text-align: justify;\">Premi\u00e8re manche Shiffrin<\/h2>\n<p style=\"text-align: justify;\">D&rsquo;abord, <strong>Mikaela Shiffrin<\/strong> est rest\u00e9e calme et pos\u00e9e sur un trac\u00e9 avec beaucoup d&rsquo;espace et des mouvements de terrain difficile \u00e0 anticiper pour r\u00e9aliser le meilleur temps d&rsquo;une premi\u00e8re manche trac\u00e9e par le coach polonais en 1 minute 1 secondes et 82 centi\u00e8mes. Sa rivale <strong>Petra Vlhova<\/strong> n&rsquo;a pas \u00e9t\u00e9 \u00e0 l&rsquo;aise sur cette piste glac\u00e9e en c\u00e9dant 2 secondes 23, 18e temps, avec deux grosses erreurs. L&rsquo;Am\u00e9ricaine a devanc\u00e9 de 63 centi\u00e8mes Sara Hector malgr\u00e9 des petites fautes, mais en reprenant un peu de temps sur le bas.<\/p>\n<p style=\"text-align: justify;\">Puis, <strong>Ragnhild Mowinckel<\/strong> a sorti une belle manche avec le troisi\u00e8me temps \u00e0 1:03 avec une tr\u00e8s bonne mise en action et en restant solide sur l&rsquo;appui. La porteuse du dossard rouge <strong>Lara Gut-Behrami<\/strong> a fini avec le quatri\u00e8me temps \u00e0 1:49, devant <strong>Alice Robinson<\/strong> et <strong>Federica Brignone<\/strong>, 5e ex aequo \u00e0 1:63. L&rsquo;Italienne a commis une grosse faute sur la deuxi\u00e8me section.<\/p>\n<p style=\"text-align: justify;\">Dixi\u00e8me et quatri\u00e8me \u00e0 Mont Tremblant, <strong>Clara Direz<\/strong> a fait une grosse faute sur le haut, mais elle a su remettre de l&rsquo;activit\u00e9 dans la seconde partie du trac\u00e9 pour terminer avec le septi\u00e8me temps \u00e0 1:70. Les autres fran\u00e7aises ne sont pas qualifi\u00e9es. <strong>Doriane Escane<\/strong> a trop boucl\u00e9 sous la porte pour terminer \u00e0 4:98, <strong>Marie Lamure<\/strong> n&rsquo;a pas fini sa manche, <strong>Aliz\u00e9e Dahon<\/strong> a perdu 3:33 avec une bonne deuxi\u00e8me section et enfin <strong>Catlin McFarlane<\/strong> a termin\u00e9 tr\u00e8s loin \u00e0 5:84 pour son deuxi\u00e8me d\u00e9part en Coupe du monde.<\/p>\n<ul style=\"text-align: justify;\">\n<li style=\"text-align: justify;\"><strong>\u00c0 ce sujet &#8211; <a href=\"https:\/\/dicodusport.fr\/blog\/coupe-du-monde-de-ski-alpin-classement-general-femmes\/\">Le classement g\u00e9n\u00e9ral de la Coupe du monde<\/a>\u00a0<\/strong><\/li>\n<\/ul>\n<h2 style=\"text-align: justify;\">Shiffrin en contr\u00f4le<\/h2>\n<p style=\"text-align: justify;\"><strong>Mikaela Shiffrin<\/strong> a sign\u00e9 sa 22e victoire en g\u00e9ant en contr\u00f4lant tout au long d&rsquo;une seconde manche totalement dans l&rsquo;ombre, plus simple, mais sur une piste d\u00e9t\u00e9rior\u00e9e avec un chrono final de 2 minutes 5 secondes et 98 centi\u00e8mes. La skieuse de Vail a glan\u00e9 un quatri\u00e8me succ\u00e8s dans la station du Tyrol. <strong>Federica Brignone<\/strong> a r\u00e9alis\u00e9 le meilleur temps de la seconde manche avec des entr\u00e9es de courbe tr\u00e8s juste et des lignes directes pour terminer \u00e0 la deuxi\u00e8me place \u00e0 38 centi\u00e8mes.<\/p>\n<blockquote class=\"twitter-tweet\">\n<p dir=\"ltr\" lang=\"en\">9\ufe0f\u20e32\ufe0f\u20e3 \ud835\udc16\ud835\udc0e\ud835\udc11\ud835\udc0b\ud835\udc03 \ud835\udc02\ud835\udc14\ud835\udc0f \ud835\udc16\ud835\udc08\ud835\udc0d\ud835\udc12! \ud83e\udd47<\/p>\n<p>\ud83c\uddfa\ud83c\uddf8 Mikaela Shiffrin wins the last giant slalom of 2023!<a href=\"https:\/\/twitter.com\/hashtag\/fisalpine?src=hash&amp;ref_src=twsrc%5Etfw\">#fisalpine<\/a> <a href=\"https:\/\/t.co\/Yc5RaNlq1O\">pic.twitter.com\/Yc5RaNlq1O<\/a><\/p>\n<p>\u2014 Eurosport (@eurosport) <a href=\"https:\/\/twitter.com\/eurosport\/status\/1740361491600069022?ref_src=twsrc%5Etfw\">December 28, 2023<\/a><\/p><\/blockquote>\n<p><script async src=\"https:\/\/platform.twitter.com\/widgets.js\" charset=\"utf-8\"><\/script><\/p>\n<p style=\"text-align: justify;\">Par la suite, <strong>Sara Hector<\/strong> a ski\u00e9 trop dur et a eu quelques d\u00e9s\u00e9quilibres. Cependant, la Su\u00e9doise est mont\u00e9e sur le premier podium de son hiver \u00e0 la troisi\u00e8me place, \u00e0 45 centi\u00e8mes, devant <strong>Val\u00e9rie Grenier<\/strong>, quatri\u00e8me \u00e0 63 centi\u00e8mes. La jeune Autrichienne <strong>Julia Scheib<\/strong> a r\u00e9alis\u00e9 une belle remont\u00e9e de la 14e \u00e0 la 5e place \u00e0 0.80 tandis que <strong>Petra Vlhova<\/strong> est remont\u00e9e au 7e rang \u00e0 1.30.<strong> Lara Gut-Behrami<\/strong> a perdu son dossard rouge de leader de la discipline \u00e0 cause d&rsquo;une seconde manche bien trop passive (6e \u00e0 1.31), au d\u00e9triment de Federica Brignone. L&rsquo;Italienne compte 400 points et la Suissesse 365 points apr\u00e8s cinq g\u00e9ants.<\/p>\n<p style=\"text-align: justify;\"><strong>Ragnhild Mowinckel<\/strong> est pass\u00e9e compl\u00e8tement \u00e0 c\u00f4t\u00e9 de sa manche pour descendre au 13e rang. Finalement, <strong>Clara Direz<\/strong> est sortie apr\u00e8s une faute d&rsquo;int\u00e9rieur apr\u00e8s le premier temps interm\u00e9diaire.<\/p>\n","protected":false},"excerpt":{"rendered":"<p>COUPE DU MONDE DE SKI ALPIN 2023-2024 &#8211; Mikaela Shiffrin a gagn\u00e9 le g\u00e9ant de Lienz en Autriche, jeudi. Elle a devanc\u00e9 Federica Brignone et Sara Hector. Shiffrin a sign\u00e9 sa 92\u00e8me victoire en Coupe du monde.\u00a0<\/p>\n","protected":false},"author":48,"featured_media":447894,"comment_status":"open","ping_status":"closed","sticky":false,"template":"","format":"standard","meta":{"_acf_changed":false,"_daextam_enable_autolinks":"1","footnotes":""},"categories":[47084],"tags":[16878,12586,2233],"class_list":["post-447819","post","type-post","status-publish","format-standard","has-post-thumbnail","hentry","category-coupe-du-monde-ski-alpin","tag-breve","tag-coupe-du-monde-de-ski-alpin","tag-ski-alpin"],"acf":[],"yoast_head":"<!-- This site is optimized with the Yoast SEO Premium plugin v26.7 (Yoast SEO v26.7) - https:\/\/yoast.com\/wordpress\/plugins\/seo\/ -->\n<title>G\u00e9ant de Lienz : Mikaela Shiffrin s&#039;impose tout en contr\u00f4le<\/title>\n<meta name=\"description\" content=\"COUPE DU MONDE DE SKI ALPIN 2023-2024 - Mikaela Shiffrin a gagn\u00e9 le g\u00e9ant de Lienz en Autriche, jeudi. Elle a devanc\u00e9 Federica Brignone et Sara Hector.\" \/>\n<meta name=\"robots\" content=\"index, follow, max-snippet:-1, max-image-preview:large, max-video-preview:-1\" \/>\n<link rel=\"canonical\" href=\"https:\/\/dicodusport.fr\/blog\/geant-de-lienz-mikaela-shiffrin-simpose-tout-en-controle\/\" \/>\n<meta property=\"og:locale\" content=\"fr_FR\" \/>\n<meta property=\"og:type\" content=\"article\" \/>\n<meta property=\"og:title\" content=\"G\u00e9ant de Lienz : Mikaela Shiffrin s&#039;impose tout en contr\u00f4le\" \/>\n<meta property=\"og:description\" content=\"COUPE DU MONDE DE SKI ALPIN 2023-2024 - Mikaela Shiffrin a gagn\u00e9 le g\u00e9ant de Lienz en Autriche, jeudi. Elle a devanc\u00e9 Federica Brignone et Sara Hector.\" \/>\n<meta property=\"og:url\" content=\"https:\/\/dicodusport.fr\/blog\/geant-de-lienz-mikaela-shiffrin-simpose-tout-en-controle\/\" \/>\n<meta property=\"og:site_name\" content=\"Dicodusport\" \/>\n<meta property=\"article:publisher\" content=\"https:\/\/www.facebook.com\/dicodusport\" \/>\n<meta property=\"article:author\" content=\"https:\/\/www.facebook.com\/groups\/LesRoisDuPeloton\" \/>\n<meta property=\"article:published_time\" content=\"2023-12-28T13:16:52+00:00\" \/>\n<meta property=\"article:modified_time\" content=\"2023-12-28T13:41:09+00:00\" \/>\n<meta property=\"og:image\" content=\"https:\/\/dicodusport.fr\/blog\/wp-content\/uploads\/2023\/12\/Geant-de-Lienz-Mikaela-Shiffrin-simpose-tout-en-controle.png\" \/>\n\t<meta property=\"og:image:width\" content=\"1200\" \/>\n\t<meta property=\"og:image:height\" content=\"674\" \/>\n\t<meta property=\"og:image:type\" content=\"image\/png\" \/>\n<meta name=\"author\" content=\"Emilien Descampiaux\" \/>\n<meta name=\"twitter:card\" content=\"summary_large_image\" \/>\n<meta name=\"twitter:title\" content=\"G\u00e9ant de Lienz : Mikaela Shiffrin s&#039;impose tout en contr\u00f4le\" \/>\n<meta name=\"twitter:creator\" content=\"@https:\/\/twitter.com\/LRoisDuPeloton\" \/>\n<meta name=\"twitter:site\" content=\"@dicodusport\" \/>\n<script type=\"application\/ld+json\" class=\"yoast-schema-graph\">{\"@context\":\"https:\/\/schema.org\",\"@graph\":[{\"@type\":\"NewsArticle\",\"@id\":\"https:\/\/dicodusport.fr\/blog\/geant-de-lienz-mikaela-shiffrin-simpose-tout-en-controle\/#article\",\"isPartOf\":{\"@id\":\"https:\/\/dicodusport.fr\/blog\/geant-de-lienz-mikaela-shiffrin-simpose-tout-en-controle\/\"},\"author\":{\"name\":\"Emilien Descampiaux\",\"@id\":\"https:\/\/dicodusport.fr\/blog\/#\/schema\/person\/6db4bae06b171592211be385b32876a7\"},\"headline\":\"G\u00e9ant de Lienz : Mikaela Shiffrin s&rsquo;impose tout en contr\u00f4le\",\"datePublished\":\"2023-12-28T13:16:52+00:00\",\"dateModified\":\"2023-12-28T13:41:09+00:00\",\"mainEntityOfPage\":{\"@id\":\"https:\/\/dicodusport.fr\/blog\/geant-de-lienz-mikaela-shiffrin-simpose-tout-en-controle\/\"},\"wordCount\":595,\"commentCount\":0,\"publisher\":{\"@id\":\"https:\/\/dicodusport.fr\/blog\/#organization\"},\"image\":{\"@id\":\"https:\/\/dicodusport.fr\/blog\/geant-de-lienz-mikaela-shiffrin-simpose-tout-en-controle\/#primaryimage\"},\"thumbnailUrl\":\"https:\/\/dicodusport.fr\/blog\/wp-content\/uploads\/2023\/12\/Geant-de-Lienz-Mikaela-Shiffrin-simpose-tout-en-controle.png\",\"keywords\":[\"br\u00e8ve\",\"Coupe du monde de ski alpin\",\"Ski alpin\"],\"articleSection\":[\"Coupe du monde de ski alpin\"],\"inLanguage\":\"fr-FR\",\"potentialAction\":[{\"@type\":\"CommentAction\",\"name\":\"Comment\",\"target\":[\"https:\/\/dicodusport.fr\/blog\/geant-de-lienz-mikaela-shiffrin-simpose-tout-en-controle\/#respond\"]}],\"copyrightYear\":\"2023\",\"copyrightHolder\":{\"@id\":\"https:\/\/dicodusport.fr\/blog\/#organization\"}},{\"@type\":\"WebPage\",\"@id\":\"https:\/\/dicodusport.fr\/blog\/geant-de-lienz-mikaela-shiffrin-simpose-tout-en-controle\/\",\"url\":\"https:\/\/dicodusport.fr\/blog\/geant-de-lienz-mikaela-shiffrin-simpose-tout-en-controle\/\",\"name\":\"G\u00e9ant de Lienz : Mikaela Shiffrin s'impose tout en contr\u00f4le\",\"isPartOf\":{\"@id\":\"https:\/\/dicodusport.fr\/blog\/#website\"},\"primaryImageOfPage\":{\"@id\":\"https:\/\/dicodusport.fr\/blog\/geant-de-lienz-mikaela-shiffrin-simpose-tout-en-controle\/#primaryimage\"},\"image\":{\"@id\":\"https:\/\/dicodusport.fr\/blog\/geant-de-lienz-mikaela-shiffrin-simpose-tout-en-controle\/#primaryimage\"},\"thumbnailUrl\":\"https:\/\/dicodusport.fr\/blog\/wp-content\/uploads\/2023\/12\/Geant-de-Lienz-Mikaela-Shiffrin-simpose-tout-en-controle.png\",\"datePublished\":\"2023-12-28T13:16:52+00:00\",\"dateModified\":\"2023-12-28T13:41:09+00:00\",\"description\":\"COUPE DU MONDE DE SKI ALPIN 2023-2024 - Mikaela Shiffrin a gagn\u00e9 le g\u00e9ant de Lienz en Autriche, jeudi. Elle a devanc\u00e9 Federica Brignone et Sara Hector.\",\"breadcrumb\":{\"@id\":\"https:\/\/dicodusport.fr\/blog\/geant-de-lienz-mikaela-shiffrin-simpose-tout-en-controle\/#breadcrumb\"},\"inLanguage\":\"fr-FR\",\"potentialAction\":[{\"@type\":\"ReadAction\",\"target\":[\"https:\/\/dicodusport.fr\/blog\/geant-de-lienz-mikaela-shiffrin-simpose-tout-en-controle\/\"]}]},{\"@type\":\"ImageObject\",\"inLanguage\":\"fr-FR\",\"@id\":\"https:\/\/dicodusport.fr\/blog\/geant-de-lienz-mikaela-shiffrin-simpose-tout-en-controle\/#primaryimage\",\"url\":\"https:\/\/dicodusport.fr\/blog\/wp-content\/uploads\/2023\/12\/Geant-de-Lienz-Mikaela-Shiffrin-simpose-tout-en-controle.png\",\"contentUrl\":\"https:\/\/dicodusport.fr\/blog\/wp-content\/uploads\/2023\/12\/Geant-de-Lienz-Mikaela-Shiffrin-simpose-tout-en-controle.png\",\"width\":1200,\"height\":674,\"caption\":\"Classement G\u00e9ant femmes Jasna 2024\"},{\"@type\":\"BreadcrumbList\",\"@id\":\"https:\/\/dicodusport.fr\/blog\/geant-de-lienz-mikaela-shiffrin-simpose-tout-en-controle\/#breadcrumb\",\"itemListElement\":[{\"@type\":\"ListItem\",\"position\":1,\"name\":\"Accueil\",\"item\":\"https:\/\/dicodusport.fr\/blog\/\"},{\"@type\":\"ListItem\",\"position\":2,\"name\":\"G\u00e9ant de Lienz : Mikaela Shiffrin s&rsquo;impose tout en contr\u00f4le\"}]},{\"@type\":\"WebSite\",\"@id\":\"https:\/\/dicodusport.fr\/blog\/#website\",\"url\":\"https:\/\/dicodusport.fr\/blog\/\",\"name\":\"Dicodusport\",\"description\":\"L&#039;encyclop\u00e9die de l&#039;actualit\u00e9 sportive\",\"publisher\":{\"@id\":\"https:\/\/dicodusport.fr\/blog\/#organization\"},\"potentialAction\":[{\"@type\":\"SearchAction\",\"target\":{\"@type\":\"EntryPoint\",\"urlTemplate\":\"https:\/\/dicodusport.fr\/blog\/?s={search_term_string}\"},\"query-input\":{\"@type\":\"PropertyValueSpecification\",\"valueRequired\":true,\"valueName\":\"search_term_string\"}}],\"inLanguage\":\"fr-FR\"},{\"@type\":\"NewsMediaOrganization\",\"@id\":\"https:\/\/dicodusport.fr\/blog\/#organization\",\"name\":\"Dicodusport\",\"url\":\"https:\/\/dicodusport.fr\/blog\/\",\"logo\":{\"@type\":\"ImageObject\",\"inLanguage\":\"fr-FR\",\"@id\":\"https:\/\/dicodusport.fr\/blog\/#\/schema\/logo\/image\/\",\"url\":\"https:\/\/dicodusport.fr\/blog\/wp-content\/uploads\/2020\/06\/cropped-LOGO-DICODUSPORT-2020-SANS-FOND-SANS-TEXTE.png\",\"contentUrl\":\"https:\/\/dicodusport.fr\/blog\/wp-content\/uploads\/2020\/06\/cropped-LOGO-DICODUSPORT-2020-SANS-FOND-SANS-TEXTE.png\",\"width\":512,\"height\":512,\"caption\":\"Dicodusport\"},\"image\":{\"@id\":\"https:\/\/dicodusport.fr\/blog\/#\/schema\/logo\/image\/\"},\"sameAs\":[\"https:\/\/www.facebook.com\/dicodusport\",\"https:\/\/x.com\/dicodusport\",\"https:\/\/www.instagram.com\/dicodusport\/\",\"https:\/\/www.youtube.com\/channel\/UC7V2KZ5sd3htJivAbA4ZG3w\"],\"description\":\"Dicodusport est l'encyclop\u00e9die de l'actualit\u00e9 sportive.\",\"email\":\"bonjour@dicodusport.fr\",\"legalName\":\"DICODUSPORT\",\"foundingDate\":\"2018-01-14\",\"vatID\":\"FR71834470973\",\"taxID\":\"83447097300043\",\"numberOfEmployees\":{\"@type\":\"QuantitativeValue\",\"minValue\":\"1\",\"maxValue\":\"10\"}},{\"@type\":\"Person\",\"@id\":\"https:\/\/dicodusport.fr\/blog\/#\/schema\/person\/6db4bae06b171592211be385b32876a7\",\"name\":\"Emilien Descampiaux\",\"image\":{\"@type\":\"ImageObject\",\"inLanguage\":\"fr-FR\",\"@id\":\"https:\/\/dicodusport.fr\/blog\/#\/schema\/person\/image\/\",\"url\":\"https:\/\/dicodusport.fr\/blog\/wp-content\/uploads\/2021\/05\/Emilien-Descampiaux-150x150.jpg\",\"contentUrl\":\"https:\/\/dicodusport.fr\/blog\/wp-content\/uploads\/2021\/05\/Emilien-Descampiaux-150x150.jpg\",\"caption\":\"Emilien Descampiaux\"},\"description\":\"Journaliste\/r\u00e9dacteur depuis 2014 - Fan de la classe de Frank Vandenbroucke, je vis cyclisme (et de ses paysages) depuis plus de 20 ans. Je suis tr\u00e8s impliqu\u00e9 sur mes diff\u00e9rents r\u00e9seaux sociaux pour partager ma passion sur le monde et l'Histoire de la bicyclette avec ma voix sur les images en noir et blanc du succ\u00e8s de Rik Van Steenbergen lors du Ronde sur le V\u00e9lodrome de Gand.\",\"sameAs\":[\"https:\/\/www.facebook.com\/groups\/LesRoisDuPeloton\",\"https:\/\/x.com\/https:\/\/twitter.com\/LRoisDuPeloton\"],\"url\":\"https:\/\/dicodusport.fr\/blog\/author\/emiliend\/\"}]}<\/script>\n<!-- \/ Yoast SEO Premium plugin. -->","yoast_head_json":{"title":"G\u00e9ant de Lienz : Mikaela Shiffrin s'impose tout en contr\u00f4le","description":"COUPE DU MONDE DE SKI ALPIN 2023-2024 - Mikaela Shiffrin a gagn\u00e9 le g\u00e9ant de Lienz en Autriche, jeudi. Elle a devanc\u00e9 Federica Brignone et Sara Hector.","robots":{"index":"index","follow":"follow","max-snippet":"max-snippet:-1","max-image-preview":"max-image-preview:large","max-video-preview":"max-video-preview:-1"},"canonical":"https:\/\/dicodusport.fr\/blog\/geant-de-lienz-mikaela-shiffrin-simpose-tout-en-controle\/","og_locale":"fr_FR","og_type":"article","og_title":"G\u00e9ant de Lienz : Mikaela Shiffrin s'impose tout en contr\u00f4le","og_description":"COUPE DU MONDE DE SKI ALPIN 2023-2024 - Mikaela Shiffrin a gagn\u00e9 le g\u00e9ant de Lienz en Autriche, jeudi. Elle a devanc\u00e9 Federica Brignone et Sara Hector.","og_url":"https:\/\/dicodusport.fr\/blog\/geant-de-lienz-mikaela-shiffrin-simpose-tout-en-controle\/","og_site_name":"Dicodusport","article_publisher":"https:\/\/www.facebook.com\/dicodusport","article_author":"https:\/\/www.facebook.com\/groups\/LesRoisDuPeloton","article_published_time":"2023-12-28T13:16:52+00:00","article_modified_time":"2023-12-28T13:41:09+00:00","og_image":[{"width":1200,"height":674,"url":"https:\/\/dicodusport.fr\/blog\/wp-content\/uploads\/2023\/12\/Geant-de-Lienz-Mikaela-Shiffrin-simpose-tout-en-controle.png","type":"image\/png"}],"author":"Emilien Descampiaux","twitter_card":"summary_large_image","twitter_title":"G\u00e9ant de Lienz : Mikaela Shiffrin s'impose tout en contr\u00f4le","twitter_creator":"@https:\/\/twitter.com\/LRoisDuPeloton","twitter_site":"@dicodusport","schema":{"@context":"https:\/\/schema.org","@graph":[{"@type":"NewsArticle","@id":"https:\/\/dicodusport.fr\/blog\/geant-de-lienz-mikaela-shiffrin-simpose-tout-en-controle\/#article","isPartOf":{"@id":"https:\/\/dicodusport.fr\/blog\/geant-de-lienz-mikaela-shiffrin-simpose-tout-en-controle\/"},"author":{"name":"Emilien Descampiaux","@id":"https:\/\/dicodusport.fr\/blog\/#\/schema\/person\/6db4bae06b171592211be385b32876a7"},"headline":"G\u00e9ant de Lienz : Mikaela Shiffrin s&rsquo;impose tout en contr\u00f4le","datePublished":"2023-12-28T13:16:52+00:00","dateModified":"2023-12-28T13:41:09+00:00","mainEntityOfPage":{"@id":"https:\/\/dicodusport.fr\/blog\/geant-de-lienz-mikaela-shiffrin-simpose-tout-en-controle\/"},"wordCount":595,"commentCount":0,"publisher":{"@id":"https:\/\/dicodusport.fr\/blog\/#organization"},"image":{"@id":"https:\/\/dicodusport.fr\/blog\/geant-de-lienz-mikaela-shiffrin-simpose-tout-en-controle\/#primaryimage"},"thumbnailUrl":"https:\/\/dicodusport.fr\/blog\/wp-content\/uploads\/2023\/12\/Geant-de-Lienz-Mikaela-Shiffrin-simpose-tout-en-controle.png","keywords":["br\u00e8ve","Coupe du monde de ski alpin","Ski alpin"],"articleSection":["Coupe du monde de ski alpin"],"inLanguage":"fr-FR","potentialAction":[{"@type":"CommentAction","name":"Comment","target":["https:\/\/dicodusport.fr\/blog\/geant-de-lienz-mikaela-shiffrin-simpose-tout-en-controle\/#respond"]}],"copyrightYear":"2023","copyrightHolder":{"@id":"https:\/\/dicodusport.fr\/blog\/#organization"}},{"@type":"WebPage","@id":"https:\/\/dicodusport.fr\/blog\/geant-de-lienz-mikaela-shiffrin-simpose-tout-en-controle\/","url":"https:\/\/dicodusport.fr\/blog\/geant-de-lienz-mikaela-shiffrin-simpose-tout-en-controle\/","name":"G\u00e9ant de Lienz : Mikaela Shiffrin s'impose tout en contr\u00f4le","isPartOf":{"@id":"https:\/\/dicodusport.fr\/blog\/#website"},"primaryImageOfPage":{"@id":"https:\/\/dicodusport.fr\/blog\/geant-de-lienz-mikaela-shiffrin-simpose-tout-en-controle\/#primaryimage"},"image":{"@id":"https:\/\/dicodusport.fr\/blog\/geant-de-lienz-mikaela-shiffrin-simpose-tout-en-controle\/#primaryimage"},"thumbnailUrl":"https:\/\/dicodusport.fr\/blog\/wp-content\/uploads\/2023\/12\/Geant-de-Lienz-Mikaela-Shiffrin-simpose-tout-en-controle.png","datePublished":"2023-12-28T13:16:52+00:00","dateModified":"2023-12-28T13:41:09+00:00","description":"COUPE DU MONDE DE SKI ALPIN 2023-2024 - Mikaela Shiffrin a gagn\u00e9 le g\u00e9ant de Lienz en Autriche, jeudi. Elle a devanc\u00e9 Federica Brignone et Sara Hector.","breadcrumb":{"@id":"https:\/\/dicodusport.fr\/blog\/geant-de-lienz-mikaela-shiffrin-simpose-tout-en-controle\/#breadcrumb"},"inLanguage":"fr-FR","potentialAction":[{"@type":"ReadAction","target":["https:\/\/dicodusport.fr\/blog\/geant-de-lienz-mikaela-shiffrin-simpose-tout-en-controle\/"]}]},{"@type":"ImageObject","inLanguage":"fr-FR","@id":"https:\/\/dicodusport.fr\/blog\/geant-de-lienz-mikaela-shiffrin-simpose-tout-en-controle\/#primaryimage","url":"https:\/\/dicodusport.fr\/blog\/wp-content\/uploads\/2023\/12\/Geant-de-Lienz-Mikaela-Shiffrin-simpose-tout-en-controle.png","contentUrl":"https:\/\/dicodusport.fr\/blog\/wp-content\/uploads\/2023\/12\/Geant-de-Lienz-Mikaela-Shiffrin-simpose-tout-en-controle.png","width":1200,"height":674,"caption":"Classement G\u00e9ant femmes Jasna 2024"},{"@type":"BreadcrumbList","@id":"https:\/\/dicodusport.fr\/blog\/geant-de-lienz-mikaela-shiffrin-simpose-tout-en-controle\/#breadcrumb","itemListElement":[{"@type":"ListItem","position":1,"name":"Accueil","item":"https:\/\/dicodusport.fr\/blog\/"},{"@type":"ListItem","position":2,"name":"G\u00e9ant de Lienz : Mikaela Shiffrin s&rsquo;impose tout en contr\u00f4le"}]},{"@type":"WebSite","@id":"https:\/\/dicodusport.fr\/blog\/#website","url":"https:\/\/dicodusport.fr\/blog\/","name":"Dicodusport","description":"L&#039;encyclop\u00e9die de l&#039;actualit\u00e9 sportive","publisher":{"@id":"https:\/\/dicodusport.fr\/blog\/#organization"},"potentialAction":[{"@type":"SearchAction","target":{"@type":"EntryPoint","urlTemplate":"https:\/\/dicodusport.fr\/blog\/?s={search_term_string}"},"query-input":{"@type":"PropertyValueSpecification","valueRequired":true,"valueName":"search_term_string"}}],"inLanguage":"fr-FR"},{"@type":"NewsMediaOrganization","@id":"https:\/\/dicodusport.fr\/blog\/#organization","name":"Dicodusport","url":"https:\/\/dicodusport.fr\/blog\/","logo":{"@type":"ImageObject","inLanguage":"fr-FR","@id":"https:\/\/dicodusport.fr\/blog\/#\/schema\/logo\/image\/","url":"https:\/\/dicodusport.fr\/blog\/wp-content\/uploads\/2020\/06\/cropped-LOGO-DICODUSPORT-2020-SANS-FOND-SANS-TEXTE.png","contentUrl":"https:\/\/dicodusport.fr\/blog\/wp-content\/uploads\/2020\/06\/cropped-LOGO-DICODUSPORT-2020-SANS-FOND-SANS-TEXTE.png","width":512,"height":512,"caption":"Dicodusport"},"image":{"@id":"https:\/\/dicodusport.fr\/blog\/#\/schema\/logo\/image\/"},"sameAs":["https:\/\/www.facebook.com\/dicodusport","https:\/\/x.com\/dicodusport","https:\/\/www.instagram.com\/dicodusport\/","https:\/\/www.youtube.com\/channel\/UC7V2KZ5sd3htJivAbA4ZG3w"],"description":"Dicodusport est l'encyclop\u00e9die de l'actualit\u00e9 sportive.","email":"bonjour@dicodusport.fr","legalName":"DICODUSPORT","foundingDate":"2018-01-14","vatID":"FR71834470973","taxID":"83447097300043","numberOfEmployees":{"@type":"QuantitativeValue","minValue":"1","maxValue":"10"}},{"@type":"Person","@id":"https:\/\/dicodusport.fr\/blog\/#\/schema\/person\/6db4bae06b171592211be385b32876a7","name":"Emilien Descampiaux","image":{"@type":"ImageObject","inLanguage":"fr-FR","@id":"https:\/\/dicodusport.fr\/blog\/#\/schema\/person\/image\/","url":"https:\/\/dicodusport.fr\/blog\/wp-content\/uploads\/2021\/05\/Emilien-Descampiaux-150x150.jpg","contentUrl":"https:\/\/dicodusport.fr\/blog\/wp-content\/uploads\/2021\/05\/Emilien-Descampiaux-150x150.jpg","caption":"Emilien Descampiaux"},"description":"Journaliste\/r\u00e9dacteur depuis 2014 - Fan de la classe de Frank Vandenbroucke, je vis cyclisme (et de ses paysages) depuis plus de 20 ans. Je suis tr\u00e8s impliqu\u00e9 sur mes diff\u00e9rents r\u00e9seaux sociaux pour partager ma passion sur le monde et l'Histoire de la bicyclette avec ma voix sur les images en noir et blanc du succ\u00e8s de Rik Van Steenbergen lors du Ronde sur le V\u00e9lodrome de Gand.","sameAs":["https:\/\/www.facebook.com\/groups\/LesRoisDuPeloton","https:\/\/x.com\/https:\/\/twitter.com\/LRoisDuPeloton"],"url":"https:\/\/dicodusport.fr\/blog\/author\/emiliend\/"}]}},"_links":{"self":[{"href":"https:\/\/dicodusport.fr\/blog\/wp-json\/wp\/v2\/posts\/447819","targetHints":{"allow":["GET"]}}],"collection":[{"href":"https:\/\/dicodusport.fr\/blog\/wp-json\/wp\/v2\/posts"}],"about":[{"href":"https:\/\/dicodusport.fr\/blog\/wp-json\/wp\/v2\/types\/post"}],"author":[{"embeddable":true,"href":"https:\/\/dicodusport.fr\/blog\/wp-json\/wp\/v2\/users\/48"}],"replies":[{"embeddable":true,"href":"https:\/\/dicodusport.fr\/blog\/wp-json\/wp\/v2\/comments?post=447819"}],"version-history":[{"count":5,"href":"https:\/\/dicodusport.fr\/blog\/wp-json\/wp\/v2\/posts\/447819\/revisions"}],"predecessor-version":[{"id":447909,"href":"https:\/\/dicodusport.fr\/blog\/wp-json\/wp\/v2\/posts\/447819\/revisions\/447909"}],"wp:featuredmedia":[{"embeddable":true,"href":"https:\/\/dicodusport.fr\/blog\/wp-json\/wp\/v2\/media\/447894"}],"wp:attachment":[{"href":"https:\/\/dicodusport.fr\/blog\/wp-json\/wp\/v2\/media?parent=447819"}],"wp:term":[{"taxonomy":"category","embeddable":true,"href":"https:\/\/dicodusport.fr\/blog\/wp-json\/wp\/v2\/categories?post=447819"},{"taxonomy":"post_tag","embeddable":true,"href":"https:\/\/dicodusport.fr\/blog\/wp-json\/wp\/v2\/tags?post=447819"}],"curies":[{"name":"wp","href":"https:\/\/api.w.org\/{rel}","templated":true}]}}