{"id":44803,"date":"2019-08-07T11:21:11","date_gmt":"2019-08-07T09:21:11","guid":{"rendered":"http:\/\/dicodusport.fr\/blog\/?p=44803"},"modified":"2019-08-07T11:53:12","modified_gmt":"2019-08-07T09:53:12","slug":"equipe-de-france-de-basket-les-frenchies-doivent-porter-les-bleus","status":"publish","type":"post","link":"https:\/\/dicodusport.fr\/blog\/equipe-de-france-de-basket-les-frenchies-doivent-porter-les-bleus\/","title":{"rendered":"\u00c9quipe de France de Basket\u00a0: les \u00ab\u00a0Frenchies\u00a0\u00bb doivent porter les Bleus"},"content":{"rendered":"<p style=\"text-align: justify;\"><em><strong>\u00c0 l\u2019approche de la Coupe du monde du 31 ao\u00fbt au 15 septembre prochain en Chine, <a href=\"https:\/\/dicodusport.fr\/blog\/basket-coupe-du-monde-les-bleus-debutent-leur-preparation-par-une-defaite\/\" target=\"_blank\" rel=\"noopener\">l\u2019\u00c9quipe de France de Basket entame sa pr\u00e9paration<\/a> avec pas moins de 5 joueurs qui ont \u00e9volu\u00e9 en NBA la saison pass\u00e9e. Une aubaine pour un effectif d\u00e9j\u00e0 talentueux.<\/strong><\/em><\/p>\n<h1 style=\"text-align: justify;\">Entre exp\u00e9rience et leadership<\/h1>\n<p style=\"text-align: justify;\">L\u2019atout principal des Bleus pour le prochain mondial se trouve dans la raquette. Avoir le plus redout\u00e9 des pivots NBA en d\u00e9fense repr\u00e9sente un v\u00e9ritable luxe pour la bande de <strong>Vincent Collet<\/strong>. <strong>Rudy Gobert (Utah Jazz, 2,15m)<\/strong> a \u00e9t\u00e9 \u00e9lu cette saison aux \u00c9tats-Unis meilleur d\u00e9fenseur de la Ligue. Le pivot fran\u00e7ais l\u2019a clam\u00e9 il y a peu, son objectif en Chine est la m\u00e9daille d\u2019or et rien d\u2019autre. Alors qu\u2019il travaille actuellement son shoot \u00e0 3 points, \u00ab\u00a0The Stifle Tower\u00a0\u00bb comme il est surnomm\u00e9 en NBA pourrait marcher sur la Coupe du monde, avec la d\u00e9termination qu\u2019on lui conna\u00eet.<\/p>\n<p style=\"text-align: justify;\">Autour du g\u00e9ant fran\u00e7ais, on retrouve ceux qui incarnent l\u2019apr\u00e8s g\u00e9n\u00e9ration \u00ab\u00a0Parker-Diaw- Pietrus\u00a0\u00bb. Le nouveau capitaine de cette \u00e9quipe de France, <strong>Nicolas Batum (Charlotte Hornets)<\/strong> aura\u00a0\u00e0 c\u0153ur d\u2019\u00eatre plus r\u00e9gulier apr\u00e8s une saison d\u00e9licate en NBA dans sa franchise. Avec 132 s\u00e9lections, il est le leader naturel d\u2019une \u00e9quipe de France ambitieuse, avec en ligne de mire les JO 2020 \u00e0 Tokyo. Une qualification qui serait un \u00ab\u00a0exploit\u00a0\u00bb selon le capitaine tricolore.<\/p>\n<p style=\"text-align: justify;\">Avec <strong>Evan Fournier (Orlando Magic)<\/strong>, la France poss\u00e8de une arme au shoot int\u00e9ressante. Auteur d\u2019une bonne saison en NBA, Fournier semble \u00e0 100% lanc\u00e9 vers la campagne mondiale en Chine\u00a0: <em>\u00ab\u00a0C\u2019est clairement une \u00e9quipe qui ne se connait pas encore. Le but c\u2019est de construire quelque chose pas de forcer les tirs pour gagner le match. \u00c7a ne fait pas plaisir de perdre c\u2019est s\u00fbr, mais on est l\u00e0 pour travailler pour \u00eatre pr\u00eat pour la Coupe du Monde\u00a0\u00bb<\/em><\/p>\n<div id=\"attachment_44810\" style=\"width: 810px\" class=\"wp-caption aligncenter\"><img loading=\"lazy\" decoding=\"async\" aria-describedby=\"caption-attachment-44810\" class=\"size-full wp-image-44810\" src=\"http:\/\/dicodusport.fr\/blog\/wp-content\/uploads\/2019\/08\/fournier-turquie.jpg\" alt=\"\" width=\"800\" height=\"540\" srcset=\"https:\/\/dicodusport.fr\/blog\/wp-content\/uploads\/2019\/08\/fournier-turquie.jpg 800w, https:\/\/dicodusport.fr\/blog\/wp-content\/uploads\/2019\/08\/fournier-turquie-300x203.jpg 300w, https:\/\/dicodusport.fr\/blog\/wp-content\/uploads\/2019\/08\/fournier-turquie-768x518.jpg 768w\" sizes=\"auto, (max-width: 800px) 100vw, 800px\" \/><p id=\"caption-attachment-44810\" class=\"wp-caption-text\">Evan Fournier ici face \u00e0 la Turquie lors du premier match de pr\u00e9paration, perdu par les Bleus &#8211; Julien Bacot \/ FFBB<\/p><\/div>\n<p style=\"text-align: justify;\">Pour finir, nous retrouvons <strong>Franck Ntilikina (New York Knicks)<\/strong>, l\u2019ancien prodige de Strasbourg aujourd\u2019hui en difficult\u00e9 \u00e0 New-York. Le meneur arrive revanchard et avec l\u2019envie de jouer en Equipe de France, tout comme <strong>Timoth\u00e9 Luwawu-Cabarrot (Chicago Bulls)<\/strong>. Le Cannois, s\u00e9lectionn\u00e9 par Vincent Collet, est en \u00e9quipe de France pour gagner sa place avec toute son exp\u00e9rience acquise dans le meilleur championnat de Basket au monde.<\/p>\n<p style=\"text-align: justify;\">\u00c0 noter aussi que <strong>Vincent Poirier<\/strong>, pr\u00e9sent dans la liste des Bleus, s\u2019est engag\u00e9 cet \u00e9t\u00e9 pour les Boston Celtics et jouera donc en NBA la saison prochaine.<\/p>\n<p><em><strong>Romain Delanis<br \/>\n<\/strong><\/em><em><strong><a href=\"https:\/\/twitter.com\/RDelanis\" target=\"_blank\" rel=\"noopener noreferrer\"><img loading=\"lazy\" decoding=\"async\" class=\"alignnone wp-image-2908\" src=\"http:\/\/dicodusport.fr\/blog\/wp-content\/uploads\/2017\/07\/logo-twitter-150x150.png\" alt=\"\" width=\"39\" height=\"39\" \/><\/a><\/strong><\/em><\/p>\n","protected":false},"excerpt":{"rendered":"<p>\u00c0 l\u2019approche de la Coupe du monde du 31 ao\u00fbt au 15 septembre prochain en Chine, l\u2019\u00e9quipe de France de Basket entame sa pr\u00e9paration avec pas moins de 5 joueurs qui ont \u00e9volu\u00e9 en NBA la saison pass\u00e9e.<\/p>\n","protected":false},"author":14,"featured_media":44820,"comment_status":"open","ping_status":"closed","sticky":false,"template":"","format":"standard","meta":{"_acf_changed":false,"_daextam_enable_autolinks":"","footnotes":""},"categories":[2305],"tags":[3231,6546,6566,4436,24,8445,8441,8442],"class_list":["post-44803","post","type-post","status-publish","format-standard","has-post-thumbnail","hentry","category-basket-ball","tag-equipe-de-france-de-basket","tag-evan-fournier","tag-nicolas-batum","tag-rudy-gobert","tag-sport","tag-timothe-luwawu-cabarrot","tag-vincent-collet","tag-vincent-poirier"],"acf":[],"yoast_head":"<!-- This site is optimized with the Yoast SEO Premium plugin v26.7 (Yoast SEO v26.7) - https:\/\/yoast.com\/wordpress\/plugins\/seo\/ -->\n<title>\u00c9quipe de France de Basket\u00a0: les \u00ab\u00a0Frenchies\u00a0\u00bb doivent porter les Bleus<\/title>\n<meta name=\"description\" content=\"Quelques semaine avant la Coupe du monde en Chine, les Bleus entament leur pr\u00e9paration avec pas moins de 5 joueurs qui ont \u00e9volu\u00e9 en NBA la saison pass\u00e9e.\" \/>\n<meta name=\"robots\" content=\"index, follow, max-snippet:-1, max-image-preview:large, max-video-preview:-1\" \/>\n<link rel=\"canonical\" href=\"https:\/\/dicodusport.fr\/blog\/equipe-de-france-de-basket-les-frenchies-doivent-porter-les-bleus\/\" \/>\n<meta property=\"og:locale\" content=\"fr_FR\" \/>\n<meta property=\"og:type\" content=\"article\" \/>\n<meta property=\"og:title\" content=\"\u00c9quipe de France de Basket : Les \u00ab Frenchies \u00bb doivent porter les Bleus\" \/>\n<meta property=\"og:description\" content=\"Quelques semaine avant la Coupe du monde en Chine, les Bleus entament leur pr\u00e9paration avec pas moins de 5 joueurs qui ont \u00e9volu\u00e9 en NBA la saison pass\u00e9e.\" \/>\n<meta property=\"og:url\" content=\"https:\/\/dicodusport.fr\/blog\/equipe-de-france-de-basket-les-frenchies-doivent-porter-les-bleus\/\" \/>\n<meta property=\"og:site_name\" content=\"Dicodusport\" \/>\n<meta property=\"article:publisher\" content=\"https:\/\/www.facebook.com\/dicodusport\" \/>\n<meta property=\"article:published_time\" content=\"2019-08-07T09:21:11+00:00\" \/>\n<meta property=\"article:modified_time\" content=\"2019-08-07T09:53:12+00:00\" \/>\n<meta property=\"og:image\" content=\"https:\/\/dicodusport.fr\/blog\/wp-content\/uploads\/2019\/08\/Coupe-du-monde-de-basket-2019-_-les-Bleus-de-la-NBA-doivent-porter-la-France.png\" \/>\n\t<meta property=\"og:image:width\" content=\"800\" \/>\n\t<meta property=\"og:image:height\" content=\"445\" \/>\n\t<meta property=\"og:image:type\" content=\"image\/png\" \/>\n<meta name=\"author\" content=\"Romain Delanis\" \/>\n<meta name=\"twitter:card\" content=\"summary_large_image\" \/>\n<meta name=\"twitter:title\" content=\"\u00c9quipe de France de Basket : Les \u00ab Frenchies \u00bb doivent porter les Bleus\" \/>\n<meta name=\"twitter:creator\" content=\"@https:\/\/twitter.com\/RDelanis\" \/>\n<meta name=\"twitter:site\" content=\"@dicodusport\" \/>\n<script type=\"application\/ld+json\" class=\"yoast-schema-graph\">{\"@context\":\"https:\/\/schema.org\",\"@graph\":[{\"@type\":\"NewsArticle\",\"@id\":\"https:\/\/dicodusport.fr\/blog\/equipe-de-france-de-basket-les-frenchies-doivent-porter-les-bleus\/#article\",\"isPartOf\":{\"@id\":\"https:\/\/dicodusport.fr\/blog\/equipe-de-france-de-basket-les-frenchies-doivent-porter-les-bleus\/\"},\"author\":{\"name\":\"Romain Delanis\",\"@id\":\"https:\/\/dicodusport.fr\/blog\/#\/schema\/person\/8c78730a59f8a1e617f7a19026ebc14a\"},\"headline\":\"\u00c9quipe de France de Basket\u00a0: les \u00ab\u00a0Frenchies\u00a0\u00bb doivent porter les Bleus\",\"datePublished\":\"2019-08-07T09:21:11+00:00\",\"dateModified\":\"2019-08-07T09:53:12+00:00\",\"mainEntityOfPage\":{\"@id\":\"https:\/\/dicodusport.fr\/blog\/equipe-de-france-de-basket-les-frenchies-doivent-porter-les-bleus\/\"},\"wordCount\":470,\"commentCount\":0,\"publisher\":{\"@id\":\"https:\/\/dicodusport.fr\/blog\/#organization\"},\"image\":{\"@id\":\"https:\/\/dicodusport.fr\/blog\/equipe-de-france-de-basket-les-frenchies-doivent-porter-les-bleus\/#primaryimage\"},\"thumbnailUrl\":\"https:\/\/dicodusport.fr\/blog\/wp-content\/uploads\/2019\/08\/Coupe-du-monde-de-basket-2019-_-les-Bleus-de-la-NBA-doivent-porter-la-France.png\",\"keywords\":[\"Equipe de France de basket\",\"Evan Fournier\",\"Nicolas Batum\",\"Rudy Gobert\",\"sport\",\"Timoth\u00e9 Luwawu-Cabarrot\",\"Vincent Collet\",\"Vincent Poirier\"],\"articleSection\":[\"Basket-ball\"],\"inLanguage\":\"fr-FR\",\"potentialAction\":[{\"@type\":\"CommentAction\",\"name\":\"Comment\",\"target\":[\"https:\/\/dicodusport.fr\/blog\/equipe-de-france-de-basket-les-frenchies-doivent-porter-les-bleus\/#respond\"]}],\"copyrightYear\":\"2019\",\"copyrightHolder\":{\"@id\":\"https:\/\/dicodusport.fr\/blog\/#organization\"}},{\"@type\":\"WebPage\",\"@id\":\"https:\/\/dicodusport.fr\/blog\/equipe-de-france-de-basket-les-frenchies-doivent-porter-les-bleus\/\",\"url\":\"https:\/\/dicodusport.fr\/blog\/equipe-de-france-de-basket-les-frenchies-doivent-porter-les-bleus\/\",\"name\":\"\u00c9quipe de France de Basket\u00a0: les \u00ab\u00a0Frenchies\u00a0\u00bb doivent porter les Bleus\",\"isPartOf\":{\"@id\":\"https:\/\/dicodusport.fr\/blog\/#website\"},\"primaryImageOfPage\":{\"@id\":\"https:\/\/dicodusport.fr\/blog\/equipe-de-france-de-basket-les-frenchies-doivent-porter-les-bleus\/#primaryimage\"},\"image\":{\"@id\":\"https:\/\/dicodusport.fr\/blog\/equipe-de-france-de-basket-les-frenchies-doivent-porter-les-bleus\/#primaryimage\"},\"thumbnailUrl\":\"https:\/\/dicodusport.fr\/blog\/wp-content\/uploads\/2019\/08\/Coupe-du-monde-de-basket-2019-_-les-Bleus-de-la-NBA-doivent-porter-la-France.png\",\"datePublished\":\"2019-08-07T09:21:11+00:00\",\"dateModified\":\"2019-08-07T09:53:12+00:00\",\"description\":\"Quelques semaine avant la Coupe du monde en Chine, les Bleus entament leur pr\u00e9paration avec pas moins de 5 joueurs qui ont \u00e9volu\u00e9 en NBA la saison pass\u00e9e.\",\"breadcrumb\":{\"@id\":\"https:\/\/dicodusport.fr\/blog\/equipe-de-france-de-basket-les-frenchies-doivent-porter-les-bleus\/#breadcrumb\"},\"inLanguage\":\"fr-FR\",\"potentialAction\":[{\"@type\":\"ReadAction\",\"target\":[\"https:\/\/dicodusport.fr\/blog\/equipe-de-france-de-basket-les-frenchies-doivent-porter-les-bleus\/\"]}]},{\"@type\":\"ImageObject\",\"inLanguage\":\"fr-FR\",\"@id\":\"https:\/\/dicodusport.fr\/blog\/equipe-de-france-de-basket-les-frenchies-doivent-porter-les-bleus\/#primaryimage\",\"url\":\"https:\/\/dicodusport.fr\/blog\/wp-content\/uploads\/2019\/08\/Coupe-du-monde-de-basket-2019-_-les-Bleus-de-la-NBA-doivent-porter-la-France.png\",\"contentUrl\":\"https:\/\/dicodusport.fr\/blog\/wp-content\/uploads\/2019\/08\/Coupe-du-monde-de-basket-2019-_-les-Bleus-de-la-NBA-doivent-porter-la-France.png\",\"width\":800,\"height\":445},{\"@type\":\"BreadcrumbList\",\"@id\":\"https:\/\/dicodusport.fr\/blog\/equipe-de-france-de-basket-les-frenchies-doivent-porter-les-bleus\/#breadcrumb\",\"itemListElement\":[{\"@type\":\"ListItem\",\"position\":1,\"name\":\"Accueil\",\"item\":\"https:\/\/dicodusport.fr\/blog\/\"},{\"@type\":\"ListItem\",\"position\":2,\"name\":\"\u00c9quipe de France de Basket\u00a0: les \u00ab\u00a0Frenchies\u00a0\u00bb doivent porter les Bleus\"}]},{\"@type\":\"WebSite\",\"@id\":\"https:\/\/dicodusport.fr\/blog\/#website\",\"url\":\"https:\/\/dicodusport.fr\/blog\/\",\"name\":\"Dicodusport\",\"description\":\"L&#039;encyclop\u00e9die de l&#039;actualit\u00e9 sportive\",\"publisher\":{\"@id\":\"https:\/\/dicodusport.fr\/blog\/#organization\"},\"potentialAction\":[{\"@type\":\"SearchAction\",\"target\":{\"@type\":\"EntryPoint\",\"urlTemplate\":\"https:\/\/dicodusport.fr\/blog\/?s={search_term_string}\"},\"query-input\":{\"@type\":\"PropertyValueSpecification\",\"valueRequired\":true,\"valueName\":\"search_term_string\"}}],\"inLanguage\":\"fr-FR\"},{\"@type\":\"NewsMediaOrganization\",\"@id\":\"https:\/\/dicodusport.fr\/blog\/#organization\",\"name\":\"Dicodusport\",\"url\":\"https:\/\/dicodusport.fr\/blog\/\",\"logo\":{\"@type\":\"ImageObject\",\"inLanguage\":\"fr-FR\",\"@id\":\"https:\/\/dicodusport.fr\/blog\/#\/schema\/logo\/image\/\",\"url\":\"https:\/\/dicodusport.fr\/blog\/wp-content\/uploads\/2020\/06\/cropped-LOGO-DICODUSPORT-2020-SANS-FOND-SANS-TEXTE.png\",\"contentUrl\":\"https:\/\/dicodusport.fr\/blog\/wp-content\/uploads\/2020\/06\/cropped-LOGO-DICODUSPORT-2020-SANS-FOND-SANS-TEXTE.png\",\"width\":512,\"height\":512,\"caption\":\"Dicodusport\"},\"image\":{\"@id\":\"https:\/\/dicodusport.fr\/blog\/#\/schema\/logo\/image\/\"},\"sameAs\":[\"https:\/\/www.facebook.com\/dicodusport\",\"https:\/\/x.com\/dicodusport\",\"https:\/\/www.instagram.com\/dicodusport\/\",\"https:\/\/www.youtube.com\/channel\/UC7V2KZ5sd3htJivAbA4ZG3w\"],\"description\":\"Dicodusport est l'encyclop\u00e9die de l'actualit\u00e9 sportive.\",\"email\":\"bonjour@dicodusport.fr\",\"legalName\":\"DICODUSPORT\",\"foundingDate\":\"2018-01-14\",\"vatID\":\"FR71834470973\",\"taxID\":\"83447097300043\",\"numberOfEmployees\":{\"@type\":\"QuantitativeValue\",\"minValue\":\"1\",\"maxValue\":\"10\"}},{\"@type\":\"Person\",\"@id\":\"https:\/\/dicodusport.fr\/blog\/#\/schema\/person\/8c78730a59f8a1e617f7a19026ebc14a\",\"name\":\"Romain Delanis\",\"image\":{\"@type\":\"ImageObject\",\"inLanguage\":\"fr-FR\",\"@id\":\"https:\/\/dicodusport.fr\/blog\/#\/schema\/person\/image\/\",\"url\":\"https:\/\/dicodusport.fr\/blog\/wp-content\/uploads\/2021\/05\/Romain-Delanis-150x150.jpg\",\"contentUrl\":\"https:\/\/dicodusport.fr\/blog\/wp-content\/uploads\/2021\/05\/Romain-Delanis-150x150.jpg\",\"caption\":\"Romain Delanis\"},\"description\":\"Journaliste\/R\u00e9dacteur depuis novembre 2015 - Capable de passer un samedi apr\u00e8s-midi devant la Ligue 2 puis le biathlon sans oublier la finale de l\u2019ATP Rotterdam, j\u2019aime aussi mettre mon r\u00e9veil pour me faire un Pistons\/Bulls qui rappelle de bons souvenirs. Tout cela, j\u2019ai choisi il y a maintenant quelques temps de vous le raconter avec Dicodusport, pour vous faire vivre ma passion parfois inconsid\u00e9r\u00e9e pour le sport en g\u00e9n\u00e9ral (mais surtout le foot faut se l\u2019avouer).\",\"sameAs\":[\"https:\/\/x.com\/https:\/\/twitter.com\/RDelanis\"],\"url\":\"https:\/\/dicodusport.fr\/blog\/author\/romain\/\"}]}<\/script>\n<!-- \/ Yoast SEO Premium plugin. -->","yoast_head_json":{"title":"\u00c9quipe de France de Basket\u00a0: les \u00ab\u00a0Frenchies\u00a0\u00bb doivent porter les Bleus","description":"Quelques semaine avant la Coupe du monde en Chine, les Bleus entament leur pr\u00e9paration avec pas moins de 5 joueurs qui ont \u00e9volu\u00e9 en NBA la saison pass\u00e9e.","robots":{"index":"index","follow":"follow","max-snippet":"max-snippet:-1","max-image-preview":"max-image-preview:large","max-video-preview":"max-video-preview:-1"},"canonical":"https:\/\/dicodusport.fr\/blog\/equipe-de-france-de-basket-les-frenchies-doivent-porter-les-bleus\/","og_locale":"fr_FR","og_type":"article","og_title":"\u00c9quipe de France de Basket : Les \u00ab Frenchies \u00bb doivent porter les Bleus","og_description":"Quelques semaine avant la Coupe du monde en Chine, les Bleus entament leur pr\u00e9paration avec pas moins de 5 joueurs qui ont \u00e9volu\u00e9 en NBA la saison pass\u00e9e.","og_url":"https:\/\/dicodusport.fr\/blog\/equipe-de-france-de-basket-les-frenchies-doivent-porter-les-bleus\/","og_site_name":"Dicodusport","article_publisher":"https:\/\/www.facebook.com\/dicodusport","article_published_time":"2019-08-07T09:21:11+00:00","article_modified_time":"2019-08-07T09:53:12+00:00","og_image":[{"width":800,"height":445,"url":"https:\/\/dicodusport.fr\/blog\/wp-content\/uploads\/2019\/08\/Coupe-du-monde-de-basket-2019-_-les-Bleus-de-la-NBA-doivent-porter-la-France.png","type":"image\/png"}],"author":"Romain Delanis","twitter_card":"summary_large_image","twitter_title":"\u00c9quipe de France de Basket : Les \u00ab Frenchies \u00bb doivent porter les Bleus","twitter_creator":"@https:\/\/twitter.com\/RDelanis","twitter_site":"@dicodusport","schema":{"@context":"https:\/\/schema.org","@graph":[{"@type":"NewsArticle","@id":"https:\/\/dicodusport.fr\/blog\/equipe-de-france-de-basket-les-frenchies-doivent-porter-les-bleus\/#article","isPartOf":{"@id":"https:\/\/dicodusport.fr\/blog\/equipe-de-france-de-basket-les-frenchies-doivent-porter-les-bleus\/"},"author":{"name":"Romain Delanis","@id":"https:\/\/dicodusport.fr\/blog\/#\/schema\/person\/8c78730a59f8a1e617f7a19026ebc14a"},"headline":"\u00c9quipe de France de Basket\u00a0: les \u00ab\u00a0Frenchies\u00a0\u00bb doivent porter les Bleus","datePublished":"2019-08-07T09:21:11+00:00","dateModified":"2019-08-07T09:53:12+00:00","mainEntityOfPage":{"@id":"https:\/\/dicodusport.fr\/blog\/equipe-de-france-de-basket-les-frenchies-doivent-porter-les-bleus\/"},"wordCount":470,"commentCount":0,"publisher":{"@id":"https:\/\/dicodusport.fr\/blog\/#organization"},"image":{"@id":"https:\/\/dicodusport.fr\/blog\/equipe-de-france-de-basket-les-frenchies-doivent-porter-les-bleus\/#primaryimage"},"thumbnailUrl":"https:\/\/dicodusport.fr\/blog\/wp-content\/uploads\/2019\/08\/Coupe-du-monde-de-basket-2019-_-les-Bleus-de-la-NBA-doivent-porter-la-France.png","keywords":["Equipe de France de basket","Evan Fournier","Nicolas Batum","Rudy Gobert","sport","Timoth\u00e9 Luwawu-Cabarrot","Vincent Collet","Vincent Poirier"],"articleSection":["Basket-ball"],"inLanguage":"fr-FR","potentialAction":[{"@type":"CommentAction","name":"Comment","target":["https:\/\/dicodusport.fr\/blog\/equipe-de-france-de-basket-les-frenchies-doivent-porter-les-bleus\/#respond"]}],"copyrightYear":"2019","copyrightHolder":{"@id":"https:\/\/dicodusport.fr\/blog\/#organization"}},{"@type":"WebPage","@id":"https:\/\/dicodusport.fr\/blog\/equipe-de-france-de-basket-les-frenchies-doivent-porter-les-bleus\/","url":"https:\/\/dicodusport.fr\/blog\/equipe-de-france-de-basket-les-frenchies-doivent-porter-les-bleus\/","name":"\u00c9quipe de France de Basket\u00a0: les \u00ab\u00a0Frenchies\u00a0\u00bb doivent porter les Bleus","isPartOf":{"@id":"https:\/\/dicodusport.fr\/blog\/#website"},"primaryImageOfPage":{"@id":"https:\/\/dicodusport.fr\/blog\/equipe-de-france-de-basket-les-frenchies-doivent-porter-les-bleus\/#primaryimage"},"image":{"@id":"https:\/\/dicodusport.fr\/blog\/equipe-de-france-de-basket-les-frenchies-doivent-porter-les-bleus\/#primaryimage"},"thumbnailUrl":"https:\/\/dicodusport.fr\/blog\/wp-content\/uploads\/2019\/08\/Coupe-du-monde-de-basket-2019-_-les-Bleus-de-la-NBA-doivent-porter-la-France.png","datePublished":"2019-08-07T09:21:11+00:00","dateModified":"2019-08-07T09:53:12+00:00","description":"Quelques semaine avant la Coupe du monde en Chine, les Bleus entament leur pr\u00e9paration avec pas moins de 5 joueurs qui ont \u00e9volu\u00e9 en NBA la saison pass\u00e9e.","breadcrumb":{"@id":"https:\/\/dicodusport.fr\/blog\/equipe-de-france-de-basket-les-frenchies-doivent-porter-les-bleus\/#breadcrumb"},"inLanguage":"fr-FR","potentialAction":[{"@type":"ReadAction","target":["https:\/\/dicodusport.fr\/blog\/equipe-de-france-de-basket-les-frenchies-doivent-porter-les-bleus\/"]}]},{"@type":"ImageObject","inLanguage":"fr-FR","@id":"https:\/\/dicodusport.fr\/blog\/equipe-de-france-de-basket-les-frenchies-doivent-porter-les-bleus\/#primaryimage","url":"https:\/\/dicodusport.fr\/blog\/wp-content\/uploads\/2019\/08\/Coupe-du-monde-de-basket-2019-_-les-Bleus-de-la-NBA-doivent-porter-la-France.png","contentUrl":"https:\/\/dicodusport.fr\/blog\/wp-content\/uploads\/2019\/08\/Coupe-du-monde-de-basket-2019-_-les-Bleus-de-la-NBA-doivent-porter-la-France.png","width":800,"height":445},{"@type":"BreadcrumbList","@id":"https:\/\/dicodusport.fr\/blog\/equipe-de-france-de-basket-les-frenchies-doivent-porter-les-bleus\/#breadcrumb","itemListElement":[{"@type":"ListItem","position":1,"name":"Accueil","item":"https:\/\/dicodusport.fr\/blog\/"},{"@type":"ListItem","position":2,"name":"\u00c9quipe de France de Basket\u00a0: les \u00ab\u00a0Frenchies\u00a0\u00bb doivent porter les Bleus"}]},{"@type":"WebSite","@id":"https:\/\/dicodusport.fr\/blog\/#website","url":"https:\/\/dicodusport.fr\/blog\/","name":"Dicodusport","description":"L&#039;encyclop\u00e9die de l&#039;actualit\u00e9 sportive","publisher":{"@id":"https:\/\/dicodusport.fr\/blog\/#organization"},"potentialAction":[{"@type":"SearchAction","target":{"@type":"EntryPoint","urlTemplate":"https:\/\/dicodusport.fr\/blog\/?s={search_term_string}"},"query-input":{"@type":"PropertyValueSpecification","valueRequired":true,"valueName":"search_term_string"}}],"inLanguage":"fr-FR"},{"@type":"NewsMediaOrganization","@id":"https:\/\/dicodusport.fr\/blog\/#organization","name":"Dicodusport","url":"https:\/\/dicodusport.fr\/blog\/","logo":{"@type":"ImageObject","inLanguage":"fr-FR","@id":"https:\/\/dicodusport.fr\/blog\/#\/schema\/logo\/image\/","url":"https:\/\/dicodusport.fr\/blog\/wp-content\/uploads\/2020\/06\/cropped-LOGO-DICODUSPORT-2020-SANS-FOND-SANS-TEXTE.png","contentUrl":"https:\/\/dicodusport.fr\/blog\/wp-content\/uploads\/2020\/06\/cropped-LOGO-DICODUSPORT-2020-SANS-FOND-SANS-TEXTE.png","width":512,"height":512,"caption":"Dicodusport"},"image":{"@id":"https:\/\/dicodusport.fr\/blog\/#\/schema\/logo\/image\/"},"sameAs":["https:\/\/www.facebook.com\/dicodusport","https:\/\/x.com\/dicodusport","https:\/\/www.instagram.com\/dicodusport\/","https:\/\/www.youtube.com\/channel\/UC7V2KZ5sd3htJivAbA4ZG3w"],"description":"Dicodusport est l'encyclop\u00e9die de l'actualit\u00e9 sportive.","email":"bonjour@dicodusport.fr","legalName":"DICODUSPORT","foundingDate":"2018-01-14","vatID":"FR71834470973","taxID":"83447097300043","numberOfEmployees":{"@type":"QuantitativeValue","minValue":"1","maxValue":"10"}},{"@type":"Person","@id":"https:\/\/dicodusport.fr\/blog\/#\/schema\/person\/8c78730a59f8a1e617f7a19026ebc14a","name":"Romain Delanis","image":{"@type":"ImageObject","inLanguage":"fr-FR","@id":"https:\/\/dicodusport.fr\/blog\/#\/schema\/person\/image\/","url":"https:\/\/dicodusport.fr\/blog\/wp-content\/uploads\/2021\/05\/Romain-Delanis-150x150.jpg","contentUrl":"https:\/\/dicodusport.fr\/blog\/wp-content\/uploads\/2021\/05\/Romain-Delanis-150x150.jpg","caption":"Romain Delanis"},"description":"Journaliste\/R\u00e9dacteur depuis novembre 2015 - Capable de passer un samedi apr\u00e8s-midi devant la Ligue 2 puis le biathlon sans oublier la finale de l\u2019ATP Rotterdam, j\u2019aime aussi mettre mon r\u00e9veil pour me faire un Pistons\/Bulls qui rappelle de bons souvenirs. Tout cela, j\u2019ai choisi il y a maintenant quelques temps de vous le raconter avec Dicodusport, pour vous faire vivre ma passion parfois inconsid\u00e9r\u00e9e pour le sport en g\u00e9n\u00e9ral (mais surtout le foot faut se l\u2019avouer).","sameAs":["https:\/\/x.com\/https:\/\/twitter.com\/RDelanis"],"url":"https:\/\/dicodusport.fr\/blog\/author\/romain\/"}]}},"_links":{"self":[{"href":"https:\/\/dicodusport.fr\/blog\/wp-json\/wp\/v2\/posts\/44803","targetHints":{"allow":["GET"]}}],"collection":[{"href":"https:\/\/dicodusport.fr\/blog\/wp-json\/wp\/v2\/posts"}],"about":[{"href":"https:\/\/dicodusport.fr\/blog\/wp-json\/wp\/v2\/types\/post"}],"author":[{"embeddable":true,"href":"https:\/\/dicodusport.fr\/blog\/wp-json\/wp\/v2\/users\/14"}],"replies":[{"embeddable":true,"href":"https:\/\/dicodusport.fr\/blog\/wp-json\/wp\/v2\/comments?post=44803"}],"version-history":[{"count":0,"href":"https:\/\/dicodusport.fr\/blog\/wp-json\/wp\/v2\/posts\/44803\/revisions"}],"wp:featuredmedia":[{"embeddable":true,"href":"https:\/\/dicodusport.fr\/blog\/wp-json\/wp\/v2\/media\/44820"}],"wp:attachment":[{"href":"https:\/\/dicodusport.fr\/blog\/wp-json\/wp\/v2\/media?parent=44803"}],"wp:term":[{"taxonomy":"category","embeddable":true,"href":"https:\/\/dicodusport.fr\/blog\/wp-json\/wp\/v2\/categories?post=44803"},{"taxonomy":"post_tag","embeddable":true,"href":"https:\/\/dicodusport.fr\/blog\/wp-json\/wp\/v2\/tags?post=44803"}],"curies":[{"name":"wp","href":"https:\/\/api.w.org\/{rel}","templated":true}]}}