{"id":448040,"date":"2023-12-29T11:55:35","date_gmt":"2023-12-29T10:55:35","guid":{"rendered":"https:\/\/dicodusport.fr\/blog\/?p=448040&#038;preview=true&#038;preview_id=448040"},"modified":"2025-11-20T18:24:11","modified_gmt":"2025-11-20T17:24:11","slug":"championne-des-championnes-francaises-2023-pauline-ferrand-prevot-3eme-l-imperatrice","status":"publish","type":"post","link":"https:\/\/dicodusport.fr\/blog\/championne-des-championnes-francaises-2023-pauline-ferrand-prevot-3eme-l-imperatrice\/","title":{"rendered":"Championne des Championnes fran\u00e7aises 2023 : Pauline Ferrand-Pr\u00e9vot (3\u00e8me), l&rsquo;imp\u00e9ratrice"},"content":{"rendered":"<p style=\"text-align: justify;\"><strong><em>MULTISPORTS &#8211; Comme tous les ans depuis 2018, Dicodusport vous a propos\u00e9 d&rsquo;\u00e9lire la Championne des Championnes fran\u00e7aises de l&rsquo;ann\u00e9e. En 2023, elles \u00e9taient 10 sur la ligne de d\u00e9part. Qui succ\u00e9dera \u00e0 Pauline Ferrand-Pr\u00e9vot ? On continue de d\u00e9rouler le classement, avec, justement, \u00e0 la 3\u00e8me place, la v\u00e9t\u00e9tiste Pauline Ferrand-Pr\u00e9vot.<\/em><\/strong><\/p>\n<h2 style=\"text-align: justify;\">Le d\u00e9roulement<\/h2>\n<p style=\"text-align: justify;\">Comme l&rsquo;ann\u00e9e derni\u00e8re, vos votes, lecteurs de Dicodusport, ont compt\u00e9 pour 50 % dans le r\u00e9sultat final de l&rsquo;\u00e9lection de la <strong>Championne des Championnes fran\u00e7aises<\/strong>. Il y a ensuite eu le vote de la r\u00e9daction (12 votants), qui a compl\u00e9t\u00e9 le scrutin du public, et qui compte \u00e9galement pour 50 % dans le r\u00e9sultat.<\/p>\n<p style=\"text-align: justify;\">D&rsquo;abord, <strong>la laur\u00e9ate du vote des lecteurs remporte 10 points<\/strong>, la deuxi\u00e8me 9 points, la troisi\u00e8me 8 points etc, jusqu&rsquo;\u00e0 la sportive arriv\u00e9e en 10\u00e8me et derni\u00e8re position, qui r\u00e9colte 1 point.<\/p>\n<p style=\"text-align: justify;\">Concernant le vote de la r\u00e9daction, les 12 membres ayant vot\u00e9 <strong>ont chacun fait un classement de 1 \u00e0 10<\/strong>, avec l\u00e0 aussi, 10 points attribu\u00e9s pour la premi\u00e8re place, 9 points pour la deuxi\u00e8me place, et ainsi de suite jusqu&rsquo;\u00e0 la 10\u00e8me place (1 point). Le total des 12 classements a ensuite \u00e9t\u00e9 r\u00e9alis\u00e9. \u00c0 l&rsquo;issue de ce d\u00e9compte, la sportive ayant r\u00e9colt\u00e9 le plus de points au total, inscrit 10 points, 9 points pour la deuxi\u00e8me, 8 points pour la troisi\u00e8me etc, jusqu&rsquo;\u00e0 la sportive arriv\u00e9e en 10\u00e8me et derni\u00e8re position, qui r\u00e9colte 1 point.<\/p>\n<p style=\"text-align: justify;\">Pour arriver au classement final de la <strong>Championne des Championnes Fran\u00e7aises 2023<\/strong>, les points du vote des lecteurs (10 maximum) ont \u00e9t\u00e9 additionn\u00e9s \u00e0 ceux du total des membres de la r\u00e9daction (10 maximum). Une sportive pouvait alors recevoir, au maximum, 20 points.<\/p>\n<hr \/>\n<h2 style=\"text-align: justify;\">Pauline Ferrand-Pr\u00e9vot (3\u00e8me), l&rsquo;imp\u00e9ratrice<\/h2>\n<p style=\"text-align: justify;\"><strong><span style=\"text-decoration: underline;\">Son palmar\u00e8s en 2023<\/span> : <\/strong>Championne du monde de VTT Cross-country pour la cinqui\u00e8me fois et championne du monde de VTT XCC Short-track pour la deuxi\u00e8me fois.<\/p>\n<p style=\"text-align: justify;\"><span style=\"text-decoration: underline;\">Le d\u00e9tail des votes<\/span> :<br \/>\n2\u00e8me du vote des lecteurs avec 15 % des voix (210 voix sur 1 446 votes) = <strong>9 points<\/strong><br \/>\n3\u00e8me du vote de la r\u00e9daction avec 93 points = <strong>8 points<\/strong><br \/>\n<strong><em>Total = 17 points<\/em><\/strong><\/p>\n<div class=\"vlp-link-container vlp-layout-article\"><a href=\"https:\/\/dicodusport.fr\/blog\/mondiaux-vtt-2023-pauline-ferrand-prevot-conserve-son-titre-mondial-xcc\/\" class=\"vlp-link\" title=\"Mondiaux VTT 2023 : Pauline Ferrand-Pr\u00e9vot conserve son titre mondial XCC !\"><\/a><div class=\"vlp-layout-zone-side\"><div class=\"vlp-block-4 vlp-link-image\"><img loading=\"lazy\" decoding=\"async\" style=\"max-width: 800px;\" width=\"800\" height=\"445\" src=\"https:\/\/dicodusport.fr\/blog\/wp-content\/uploads\/2023\/08\/Mondiaux-VTT-2023-Pauline-Ferrand-Prevot-conserve-son-titre-mondial-XCC-1-2.png\" class=\"attachment-800x445 size-800x445\" alt=\"Mondiaux VTT 2023 Pauline Ferrand-Pr\u00e9vot conserve son titre mondial XCC !\" srcset=\"https:\/\/dicodusport.fr\/blog\/wp-content\/uploads\/2023\/08\/Mondiaux-VTT-2023-Pauline-Ferrand-Prevot-conserve-son-titre-mondial-XCC-1-2.png 800w, https:\/\/dicodusport.fr\/blog\/wp-content\/uploads\/2023\/08\/Mondiaux-VTT-2023-Pauline-Ferrand-Prevot-conserve-son-titre-mondial-XCC-1-2-300x167.png 300w, https:\/\/dicodusport.fr\/blog\/wp-content\/uploads\/2023\/08\/Mondiaux-VTT-2023-Pauline-Ferrand-Prevot-conserve-son-titre-mondial-XCC-1-2-768x427.png 768w\" sizes=\"auto, (max-width: 800px) 100vw, 800px\" \/><\/div><\/div><div class=\"vlp-layout-zone-main\"><div class=\"vlp-block-0 vlp-link-title\">Mondiaux VTT 2023 : Pauline Ferrand-Pr\u00e9vot conserve son titre mondial XCC !<\/div><div class=\"vlp-block-1 vlp-link-summary\">MONDIAUX VTT 2023 - Pauline Ferrand-Pr\u00e9vot conserve son titre glan\u00e9 aux Gets l'an pass\u00e9 avec ce nouveau succ\u00e8s devant deux femmes fortes : Puck Pieterse et Evie Richards.<\/div><div class=\"vlp-block-2 vlp-link-button\">Lire l'article<\/div><div class=\"vlp-block-3 vlp-link-url\">dicodusport.fr<\/div><\/div><\/div>\n<p style=\"text-align: justify;\">Elle est injouable. Depuis deux ans, <strong>Pauline Ferrand-Pr\u00e9vot<\/strong> vampirise les \u00e9preuves qui comptent. En premier lieu, les Mondiaux. En 2022, \u00e0 domicile, aux Gets, la Champenoise est devenue la premi\u00e8re v\u00e9t\u00e9tiste \u00e0 r\u00e9aliser le doubl\u00e9 XCC-XCO. Devinez quoi ? Elle a remis \u00e7a en 2023, \u00e0 Glasgow (\u00c9cosse).<\/p>\n<p style=\"text-align: justify;\">Sur l&rsquo;\u00e9preuve de short track (XCC), la R\u00e9moise n&rsquo;a pas fait dans la dentelle. Comme souvent lorsqu&rsquo;elle s&rsquo;impose en fin de compte. \u00c0 l&rsquo;entame du dernier tour, <em>PFP<\/em> fait parler sa puissance dans la bosse du circuit \u00e9cossais. Derri\u00e8re, plus personne ne reverra la Fran\u00e7aise, <a href=\"https:\/\/dicodusport.fr\/blog\/mondiaux-vtt-2023-pauline-ferrand-prevot-conserve-son-titre-mondial-xcc\/\">qui conserve alors son titre XCC<\/a>. Deux jours plus tard, elle r\u00e9alise une nouvelle d\u00e9monstration sur le <a href=\"https:\/\/dicodusport.fr\/blog\/mondiaux-vtt-2023-double-xcc-xco-pour-pauline-ferrand-prevot-loana-lecomte-en-argent\/\">XCO<\/a>. Sa compatriote et amie, <strong>Loana Lecomte<\/strong>, r\u00e9alise le meilleur d\u00e9part. Mais, derri\u00e8re, <strong>Pauline Ferrand-Pr\u00e9vot<\/strong>, apr\u00e8s un d\u00e9part timide, rattrape rapidement sa cadette. Avant de la d\u00e9poser. Irr\u00e9sistible, pour un deuxi\u00e8me doubl\u00e9 mondial XCC-XCO cons\u00e9cutif.<\/p>\n<p style=\"text-align: justify;\">Tout simplement sur une autre plan\u00e8te, la pilote INEOS Grenadiers devient la premi\u00e8re v\u00e9t\u00e9tiste \u00e0 remporter cinq titres mondiaux dans la discipline phare du VTT, le XCO. D\u00e9sormais, \u00e0 bient\u00f4t 32 ans (elle les aura en f\u00e9vrier prochain), <strong>Pauline Ferrand-Pr\u00e9vot<\/strong> n&rsquo;a plus qu&rsquo;un seul r\u00eave en t\u00eate : l&rsquo;or olympique. Cela tombe bien, dans moins de huit mois, les JO de Paris pointeront le bout de leur nez.<\/p>\n<blockquote class=\"twitter-tweet\">\n<p dir=\"ltr\" lang=\"fr\"><a href=\"https:\/\/twitter.com\/hashtag\/GlasgowScotland2023?src=hash&amp;ref_src=twsrc%5Etfw\">#GlasgowScotland2023<\/a> | \ud83c\uddeb\ud83c\uddf7\ud83e\udd47\ud83e\udd48 LE DOUBL\u00c9 TRICOLORE !!<\/p>\n<p>Pauline Ferrand-Pr\u00e9vot est sacr\u00e9e championne du monde dans la course au format olympique ! Loana Lecomte prend la m\u00e9daille d&rsquo;argent \ud83d\udc4f<\/p>\n<p>\u25b6 Le direct : <a href=\"https:\/\/t.co\/UWOtAVhOvR\">https:\/\/t.co\/UWOtAVhOvR<\/a> <a href=\"https:\/\/t.co\/3UiRKf7vNC\">pic.twitter.com\/3UiRKf7vNC<\/a><\/p>\n<p>\u2014 francetvsport (@francetvsport) <a href=\"https:\/\/twitter.com\/francetvsport\/status\/1690332300586921984?ref_src=twsrc%5Etfw\">August 12, 2023<\/a><\/p><\/blockquote>\n<p><script async src=\"https:\/\/platform.twitter.com\/widgets.js\" charset=\"utf-8\"><\/script><\/p>\n<h2 style=\"text-align: justify;\">Le classement d\u00e9j\u00e0 d\u00e9voil\u00e9<\/h2>\n<ul>\n<li style=\"text-align: justify;\"><a href=\"https:\/\/dicodusport.fr\/blog\/championne-des-championnes-francaises-2023-celine-boutier-4eme-en-mode-majeur\/\"><strong>C\u00e9line Boutier (4\u00e8me), en mode Majeur<\/strong><\/a><\/li>\n<li style=\"text-align: justify;\"><a href=\"https:\/\/dicodusport.fr\/blog\/championne-des-championnes-francaises-2023-tess-ledeux-5eme-le-style-et-la-maniere\/\"><strong>Tess Ledeux (5\u00e8me), le style et la mani\u00e8re<\/strong><\/a><\/li>\n<li style=\"text-align: justify;\"><a href=\"https:\/\/dicodusport.fr\/blog\/championne-des-championnes-francaises-2023-candy-briere-vetillard-6eme-lart-du-rebond\/\"><strong>Candy Bri\u00e8re-Vetillard (6\u00e8me), l\u2019art du rebond<\/strong><\/a><\/li>\n<li style=\"text-align: justify;\"><a href=\"https:\/\/dicodusport.fr\/blog\/championne-des-championnes-francaises-2023-althea-laurin-9eme-a-la-pointe-du-combat\/\"><strong>Alth\u00e9a Laurin (7\u00e8me), \u00e0 la pointe du combat<\/strong><\/a><\/li>\n<li style=\"text-align: justify;\"><a href=\"https:\/\/dicodusport.fr\/blog\/championne-des-championnes-francaises-2023-marie-florence-candassamy-8eme-la-touche-en-or\/\"><strong>Marie-Florence Candassamy (8\u00e8me), la touche en or<\/strong><\/a><\/li>\n<li style=\"text-align: justify;\"><a href=\"https:\/\/dicodusport.fr\/blog\/championne-des-championnes-francaises-2023-shirine-boukli-9eme-reine-deurope\/\"><strong>Shirine Boukli (9\u00e8me), reine d\u2019Europe<\/strong><\/a><\/li>\n<li style=\"text-align: justify;\"><strong><a href=\"https:\/\/dicodusport.fr\/blog\/championne-des-championnes-francaises-2023-lauriane-nolot-10eme-au-sommet-de-la-vague\/\">Lauriane Nolot (10\u00e8me), au sommet de la vague\u00a0<\/a><\/strong><\/li>\n<\/ul>\n","protected":false},"excerpt":{"rendered":"<p>MULTISPORTS &#8211; La v\u00e9t\u00e9tiste Pauline Ferrand-Pr\u00e9vot est 3\u00e8me du classement de la Championne des Championnes fran\u00e7aises 2023.<\/p>\n","protected":false},"author":4,"featured_media":448049,"comment_status":"open","ping_status":"closed","sticky":false,"template":"","format":"standard","meta":{"_acf_changed":false,"_daextam_enable_autolinks":"1","footnotes":""},"categories":[2316,10279],"tags":[32415,16878,1340,12789,20621,12790],"class_list":["post-448040","post","type-post","status-publish","format-standard","has-post-thumbnail","hentry","category-tous-les-sports","category-vtt","tag-actu","tag-breve","tag-pauline-ferrand-prevot","tag-recompense","tag-recompenses-tricolores","tag-sportives-francaises"],"acf":[],"yoast_head":"<!-- This site is optimized with the Yoast SEO Premium plugin v26.7 (Yoast SEO v26.7) - https:\/\/yoast.com\/wordpress\/plugins\/seo\/ -->\n<title>Championne des Championnes fran\u00e7aises 2023 : Pauline Ferrand-Pr\u00e9vot (3\u00e8me), l&#039;imp\u00e9ratrice<\/title>\n<meta name=\"description\" content=\"MULTISPORTS - La v\u00e9t\u00e9tiste Pauline Ferrand-Pr\u00e9vot est 3\u00e8me du classement de la Championne des Championnes fran\u00e7aises 2023.\" \/>\n<meta name=\"robots\" content=\"index, follow, max-snippet:-1, max-image-preview:large, max-video-preview:-1\" \/>\n<link rel=\"canonical\" href=\"https:\/\/dicodusport.fr\/blog\/championne-des-championnes-francaises-2023-pauline-ferrand-prevot-3eme-l-imperatrice\/\" \/>\n<meta property=\"og:locale\" content=\"fr_FR\" \/>\n<meta property=\"og:type\" content=\"article\" \/>\n<meta property=\"og:title\" content=\"Championne des Championnes fran\u00e7aises 2023 : Pauline Ferrand-Pr\u00e9vot (3\u00e8me), l&#039;imp\u00e9ratrice\" \/>\n<meta property=\"og:description\" content=\"MULTISPORTS - La v\u00e9t\u00e9tiste Pauline Ferrand-Pr\u00e9vot est 3\u00e8me du classement de la Championne des Championnes fran\u00e7aises 2023.\" \/>\n<meta property=\"og:url\" content=\"https:\/\/dicodusport.fr\/blog\/championne-des-championnes-francaises-2023-pauline-ferrand-prevot-3eme-l-imperatrice\/\" \/>\n<meta property=\"og:site_name\" content=\"Dicodusport\" \/>\n<meta property=\"article:publisher\" content=\"https:\/\/www.facebook.com\/dicodusport\" \/>\n<meta property=\"article:author\" content=\"https:\/\/www.facebook.com\/florent.ostermann\" \/>\n<meta property=\"article:published_time\" content=\"2023-12-29T10:55:35+00:00\" \/>\n<meta property=\"article:modified_time\" content=\"2025-11-20T17:24:11+00:00\" \/>\n<meta property=\"og:image\" content=\"https:\/\/dicodusport.fr\/blog\/wp-content\/uploads\/2023\/12\/Championne-des-Championnes-francaises-2023-Pauline-Ferrand-Prevot-3eme-limperatrice.png\" \/>\n\t<meta property=\"og:image:width\" content=\"1200\" \/>\n\t<meta property=\"og:image:height\" content=\"674\" \/>\n\t<meta property=\"og:image:type\" content=\"image\/png\" \/>\n<meta name=\"author\" content=\"Flo Ostermann\" \/>\n<meta name=\"twitter:card\" content=\"summary_large_image\" \/>\n<meta name=\"twitter:title\" content=\"Championne des Championnes fran\u00e7aises 2023 : Pauline Ferrand-Pr\u00e9vot (3\u00e8me), l&#039;imp\u00e9ratrice\" \/>\n<meta name=\"twitter:creator\" content=\"@https:\/\/twitter.com\/FlOstermann\" \/>\n<meta name=\"twitter:site\" content=\"@dicodusport\" \/>\n<script type=\"application\/ld+json\" class=\"yoast-schema-graph\">{\"@context\":\"https:\/\/schema.org\",\"@graph\":[{\"@type\":\"NewsArticle\",\"@id\":\"https:\/\/dicodusport.fr\/blog\/championne-des-championnes-francaises-2023-pauline-ferrand-prevot-3eme-l-imperatrice\/#article\",\"isPartOf\":{\"@id\":\"https:\/\/dicodusport.fr\/blog\/championne-des-championnes-francaises-2023-pauline-ferrand-prevot-3eme-l-imperatrice\/\"},\"author\":{\"name\":\"Flo Ostermann\",\"@id\":\"https:\/\/dicodusport.fr\/blog\/#\/schema\/person\/cb02af4c173ce4a653b55e9baf388d4a\"},\"headline\":\"Championne des Championnes fran\u00e7aises 2023 : Pauline Ferrand-Pr\u00e9vot (3\u00e8me), l&rsquo;imp\u00e9ratrice\",\"datePublished\":\"2023-12-29T10:55:35+00:00\",\"dateModified\":\"2025-11-20T17:24:11+00:00\",\"mainEntityOfPage\":{\"@id\":\"https:\/\/dicodusport.fr\/blog\/championne-des-championnes-francaises-2023-pauline-ferrand-prevot-3eme-l-imperatrice\/\"},\"wordCount\":798,\"commentCount\":0,\"publisher\":{\"@id\":\"https:\/\/dicodusport.fr\/blog\/#organization\"},\"image\":{\"@id\":\"https:\/\/dicodusport.fr\/blog\/championne-des-championnes-francaises-2023-pauline-ferrand-prevot-3eme-l-imperatrice\/#primaryimage\"},\"thumbnailUrl\":\"https:\/\/dicodusport.fr\/blog\/wp-content\/uploads\/2023\/12\/Championne-des-Championnes-francaises-2023-Pauline-Ferrand-Prevot-3eme-limperatrice.png\",\"keywords\":[\"actu\",\"br\u00e8ve\",\"Pauline Ferrand-Pr\u00e9vot\",\"R\u00e9compense\",\"R\u00e9compenses tricolores\",\"Sportives fran\u00e7aises\"],\"articleSection\":[\"Sports\",\"VTT\"],\"inLanguage\":\"fr-FR\",\"potentialAction\":[{\"@type\":\"CommentAction\",\"name\":\"Comment\",\"target\":[\"https:\/\/dicodusport.fr\/blog\/championne-des-championnes-francaises-2023-pauline-ferrand-prevot-3eme-l-imperatrice\/#respond\"]}],\"copyrightYear\":\"2023\",\"copyrightHolder\":{\"@id\":\"https:\/\/dicodusport.fr\/blog\/#organization\"}},{\"@type\":\"WebPage\",\"@id\":\"https:\/\/dicodusport.fr\/blog\/championne-des-championnes-francaises-2023-pauline-ferrand-prevot-3eme-l-imperatrice\/\",\"url\":\"https:\/\/dicodusport.fr\/blog\/championne-des-championnes-francaises-2023-pauline-ferrand-prevot-3eme-l-imperatrice\/\",\"name\":\"Championne des Championnes fran\u00e7aises 2023 : Pauline Ferrand-Pr\u00e9vot (3\u00e8me), l'imp\u00e9ratrice\",\"isPartOf\":{\"@id\":\"https:\/\/dicodusport.fr\/blog\/#website\"},\"primaryImageOfPage\":{\"@id\":\"https:\/\/dicodusport.fr\/blog\/championne-des-championnes-francaises-2023-pauline-ferrand-prevot-3eme-l-imperatrice\/#primaryimage\"},\"image\":{\"@id\":\"https:\/\/dicodusport.fr\/blog\/championne-des-championnes-francaises-2023-pauline-ferrand-prevot-3eme-l-imperatrice\/#primaryimage\"},\"thumbnailUrl\":\"https:\/\/dicodusport.fr\/blog\/wp-content\/uploads\/2023\/12\/Championne-des-Championnes-francaises-2023-Pauline-Ferrand-Prevot-3eme-limperatrice.png\",\"datePublished\":\"2023-12-29T10:55:35+00:00\",\"dateModified\":\"2025-11-20T17:24:11+00:00\",\"description\":\"MULTISPORTS - La v\u00e9t\u00e9tiste Pauline Ferrand-Pr\u00e9vot est 3\u00e8me du classement de la Championne des Championnes fran\u00e7aises 2023.\",\"breadcrumb\":{\"@id\":\"https:\/\/dicodusport.fr\/blog\/championne-des-championnes-francaises-2023-pauline-ferrand-prevot-3eme-l-imperatrice\/#breadcrumb\"},\"inLanguage\":\"fr-FR\",\"potentialAction\":[{\"@type\":\"ReadAction\",\"target\":[\"https:\/\/dicodusport.fr\/blog\/championne-des-championnes-francaises-2023-pauline-ferrand-prevot-3eme-l-imperatrice\/\"]}]},{\"@type\":\"ImageObject\",\"inLanguage\":\"fr-FR\",\"@id\":\"https:\/\/dicodusport.fr\/blog\/championne-des-championnes-francaises-2023-pauline-ferrand-prevot-3eme-l-imperatrice\/#primaryimage\",\"url\":\"https:\/\/dicodusport.fr\/blog\/wp-content\/uploads\/2023\/12\/Championne-des-Championnes-francaises-2023-Pauline-Ferrand-Prevot-3eme-limperatrice.png\",\"contentUrl\":\"https:\/\/dicodusport.fr\/blog\/wp-content\/uploads\/2023\/12\/Championne-des-Championnes-francaises-2023-Pauline-Ferrand-Prevot-3eme-limperatrice.png\",\"width\":1200,\"height\":674,\"caption\":\"Championne des Championnes fran\u00e7aises 2023 Pauline Ferrand-Pr\u00e9vot (3\u00e8me), l'imp\u00e9ratrice\"},{\"@type\":\"BreadcrumbList\",\"@id\":\"https:\/\/dicodusport.fr\/blog\/championne-des-championnes-francaises-2023-pauline-ferrand-prevot-3eme-l-imperatrice\/#breadcrumb\",\"itemListElement\":[{\"@type\":\"ListItem\",\"position\":1,\"name\":\"Accueil\",\"item\":\"https:\/\/dicodusport.fr\/blog\/\"},{\"@type\":\"ListItem\",\"position\":2,\"name\":\"Championne des Championnes fran\u00e7aises 2023 : Pauline Ferrand-Pr\u00e9vot (3\u00e8me), l&rsquo;imp\u00e9ratrice\"}]},{\"@type\":\"WebSite\",\"@id\":\"https:\/\/dicodusport.fr\/blog\/#website\",\"url\":\"https:\/\/dicodusport.fr\/blog\/\",\"name\":\"Dicodusport\",\"description\":\"L&#039;encyclop\u00e9die de l&#039;actualit\u00e9 sportive\",\"publisher\":{\"@id\":\"https:\/\/dicodusport.fr\/blog\/#organization\"},\"potentialAction\":[{\"@type\":\"SearchAction\",\"target\":{\"@type\":\"EntryPoint\",\"urlTemplate\":\"https:\/\/dicodusport.fr\/blog\/?s={search_term_string}\"},\"query-input\":{\"@type\":\"PropertyValueSpecification\",\"valueRequired\":true,\"valueName\":\"search_term_string\"}}],\"inLanguage\":\"fr-FR\"},{\"@type\":\"NewsMediaOrganization\",\"@id\":\"https:\/\/dicodusport.fr\/blog\/#organization\",\"name\":\"Dicodusport\",\"url\":\"https:\/\/dicodusport.fr\/blog\/\",\"logo\":{\"@type\":\"ImageObject\",\"inLanguage\":\"fr-FR\",\"@id\":\"https:\/\/dicodusport.fr\/blog\/#\/schema\/logo\/image\/\",\"url\":\"https:\/\/dicodusport.fr\/blog\/wp-content\/uploads\/2020\/06\/cropped-LOGO-DICODUSPORT-2020-SANS-FOND-SANS-TEXTE.png\",\"contentUrl\":\"https:\/\/dicodusport.fr\/blog\/wp-content\/uploads\/2020\/06\/cropped-LOGO-DICODUSPORT-2020-SANS-FOND-SANS-TEXTE.png\",\"width\":512,\"height\":512,\"caption\":\"Dicodusport\"},\"image\":{\"@id\":\"https:\/\/dicodusport.fr\/blog\/#\/schema\/logo\/image\/\"},\"sameAs\":[\"https:\/\/www.facebook.com\/dicodusport\",\"https:\/\/x.com\/dicodusport\",\"https:\/\/www.instagram.com\/dicodusport\/\",\"https:\/\/www.youtube.com\/channel\/UC7V2KZ5sd3htJivAbA4ZG3w\"],\"description\":\"Dicodusport est l'encyclop\u00e9die de l'actualit\u00e9 sportive.\",\"email\":\"bonjour@dicodusport.fr\",\"legalName\":\"DICODUSPORT\",\"foundingDate\":\"2018-01-14\",\"vatID\":\"FR71834470973\",\"taxID\":\"83447097300043\",\"numberOfEmployees\":{\"@type\":\"QuantitativeValue\",\"minValue\":\"1\",\"maxValue\":\"10\"}},{\"@type\":\"Person\",\"@id\":\"https:\/\/dicodusport.fr\/blog\/#\/schema\/person\/cb02af4c173ce4a653b55e9baf388d4a\",\"name\":\"Flo Ostermann\",\"image\":{\"@type\":\"ImageObject\",\"inLanguage\":\"fr-FR\",\"@id\":\"https:\/\/dicodusport.fr\/blog\/#\/schema\/person\/image\/\",\"url\":\"https:\/\/dicodusport.fr\/blog\/wp-content\/uploads\/2021\/05\/Flo-Ostermann-150x150.jpg\",\"contentUrl\":\"https:\/\/dicodusport.fr\/blog\/wp-content\/uploads\/2021\/05\/Flo-Ostermann-150x150.jpg\",\"caption\":\"Flo Ostermann\"},\"description\":\"Journaliste\/R\u00e9dacteur depuis septembre 2015 - Mes premiers souvenirs dans le sport ? Les envol\u00e9es du Stade Toulousain et les duels Villeneuve-Schumacher et H\u00e4kkinen-Schumacher \u00e0 la fin des ann\u00e9es 90, la Coupe du monde de football en 1998, l\u2019exploit du XV de France face aux All Blacks en 1999, mais aussi Richard C\u0153ur de Lion qui vole sur les montagnes du Tour de France. Bien parti pour devenir professeur d\u2019EPS, les \u00e9v\u00e9nements de la vie (et la flemme d\u2019animer des s\u00e9ances de 3x500 m\u00e8tres toute ma vie) m\u2019ont conduit \u00e0 revoir mes plans. Me voil\u00e0 depuis fin 2017 sur Dicodusport, m\u00e9dia gr\u00e2ce (et pour) lequel je partage ma passion : le sport dans tous ses \u00e9tats. Le tout accompagn\u00e9 par les fous furieux et folles furieuses cit\u00e9s sur cette page !\",\"sameAs\":[\"https:\/\/www.facebook.com\/florent.ostermann\",\"https:\/\/x.com\/https:\/\/twitter.com\/FlOstermann\",\"admin\"],\"url\":\"https:\/\/dicodusport.fr\/blog\/author\/flo\/\"}]}<\/script>\n<!-- \/ Yoast SEO Premium plugin. -->","yoast_head_json":{"title":"Championne des Championnes fran\u00e7aises 2023 : Pauline Ferrand-Pr\u00e9vot (3\u00e8me), l'imp\u00e9ratrice","description":"MULTISPORTS - La v\u00e9t\u00e9tiste Pauline Ferrand-Pr\u00e9vot est 3\u00e8me du classement de la Championne des Championnes fran\u00e7aises 2023.","robots":{"index":"index","follow":"follow","max-snippet":"max-snippet:-1","max-image-preview":"max-image-preview:large","max-video-preview":"max-video-preview:-1"},"canonical":"https:\/\/dicodusport.fr\/blog\/championne-des-championnes-francaises-2023-pauline-ferrand-prevot-3eme-l-imperatrice\/","og_locale":"fr_FR","og_type":"article","og_title":"Championne des Championnes fran\u00e7aises 2023 : Pauline Ferrand-Pr\u00e9vot (3\u00e8me), l'imp\u00e9ratrice","og_description":"MULTISPORTS - La v\u00e9t\u00e9tiste Pauline Ferrand-Pr\u00e9vot est 3\u00e8me du classement de la Championne des Championnes fran\u00e7aises 2023.","og_url":"https:\/\/dicodusport.fr\/blog\/championne-des-championnes-francaises-2023-pauline-ferrand-prevot-3eme-l-imperatrice\/","og_site_name":"Dicodusport","article_publisher":"https:\/\/www.facebook.com\/dicodusport","article_author":"https:\/\/www.facebook.com\/florent.ostermann","article_published_time":"2023-12-29T10:55:35+00:00","article_modified_time":"2025-11-20T17:24:11+00:00","og_image":[{"width":1200,"height":674,"url":"https:\/\/dicodusport.fr\/blog\/wp-content\/uploads\/2023\/12\/Championne-des-Championnes-francaises-2023-Pauline-Ferrand-Prevot-3eme-limperatrice.png","type":"image\/png"}],"author":"Flo Ostermann","twitter_card":"summary_large_image","twitter_title":"Championne des Championnes fran\u00e7aises 2023 : Pauline Ferrand-Pr\u00e9vot (3\u00e8me), l'imp\u00e9ratrice","twitter_creator":"@https:\/\/twitter.com\/FlOstermann","twitter_site":"@dicodusport","schema":{"@context":"https:\/\/schema.org","@graph":[{"@type":"NewsArticle","@id":"https:\/\/dicodusport.fr\/blog\/championne-des-championnes-francaises-2023-pauline-ferrand-prevot-3eme-l-imperatrice\/#article","isPartOf":{"@id":"https:\/\/dicodusport.fr\/blog\/championne-des-championnes-francaises-2023-pauline-ferrand-prevot-3eme-l-imperatrice\/"},"author":{"name":"Flo Ostermann","@id":"https:\/\/dicodusport.fr\/blog\/#\/schema\/person\/cb02af4c173ce4a653b55e9baf388d4a"},"headline":"Championne des Championnes fran\u00e7aises 2023 : Pauline Ferrand-Pr\u00e9vot (3\u00e8me), l&rsquo;imp\u00e9ratrice","datePublished":"2023-12-29T10:55:35+00:00","dateModified":"2025-11-20T17:24:11+00:00","mainEntityOfPage":{"@id":"https:\/\/dicodusport.fr\/blog\/championne-des-championnes-francaises-2023-pauline-ferrand-prevot-3eme-l-imperatrice\/"},"wordCount":798,"commentCount":0,"publisher":{"@id":"https:\/\/dicodusport.fr\/blog\/#organization"},"image":{"@id":"https:\/\/dicodusport.fr\/blog\/championne-des-championnes-francaises-2023-pauline-ferrand-prevot-3eme-l-imperatrice\/#primaryimage"},"thumbnailUrl":"https:\/\/dicodusport.fr\/blog\/wp-content\/uploads\/2023\/12\/Championne-des-Championnes-francaises-2023-Pauline-Ferrand-Prevot-3eme-limperatrice.png","keywords":["actu","br\u00e8ve","Pauline Ferrand-Pr\u00e9vot","R\u00e9compense","R\u00e9compenses tricolores","Sportives fran\u00e7aises"],"articleSection":["Sports","VTT"],"inLanguage":"fr-FR","potentialAction":[{"@type":"CommentAction","name":"Comment","target":["https:\/\/dicodusport.fr\/blog\/championne-des-championnes-francaises-2023-pauline-ferrand-prevot-3eme-l-imperatrice\/#respond"]}],"copyrightYear":"2023","copyrightHolder":{"@id":"https:\/\/dicodusport.fr\/blog\/#organization"}},{"@type":"WebPage","@id":"https:\/\/dicodusport.fr\/blog\/championne-des-championnes-francaises-2023-pauline-ferrand-prevot-3eme-l-imperatrice\/","url":"https:\/\/dicodusport.fr\/blog\/championne-des-championnes-francaises-2023-pauline-ferrand-prevot-3eme-l-imperatrice\/","name":"Championne des Championnes fran\u00e7aises 2023 : Pauline Ferrand-Pr\u00e9vot (3\u00e8me), l'imp\u00e9ratrice","isPartOf":{"@id":"https:\/\/dicodusport.fr\/blog\/#website"},"primaryImageOfPage":{"@id":"https:\/\/dicodusport.fr\/blog\/championne-des-championnes-francaises-2023-pauline-ferrand-prevot-3eme-l-imperatrice\/#primaryimage"},"image":{"@id":"https:\/\/dicodusport.fr\/blog\/championne-des-championnes-francaises-2023-pauline-ferrand-prevot-3eme-l-imperatrice\/#primaryimage"},"thumbnailUrl":"https:\/\/dicodusport.fr\/blog\/wp-content\/uploads\/2023\/12\/Championne-des-Championnes-francaises-2023-Pauline-Ferrand-Prevot-3eme-limperatrice.png","datePublished":"2023-12-29T10:55:35+00:00","dateModified":"2025-11-20T17:24:11+00:00","description":"MULTISPORTS - La v\u00e9t\u00e9tiste Pauline Ferrand-Pr\u00e9vot est 3\u00e8me du classement de la Championne des Championnes fran\u00e7aises 2023.","breadcrumb":{"@id":"https:\/\/dicodusport.fr\/blog\/championne-des-championnes-francaises-2023-pauline-ferrand-prevot-3eme-l-imperatrice\/#breadcrumb"},"inLanguage":"fr-FR","potentialAction":[{"@type":"ReadAction","target":["https:\/\/dicodusport.fr\/blog\/championne-des-championnes-francaises-2023-pauline-ferrand-prevot-3eme-l-imperatrice\/"]}]},{"@type":"ImageObject","inLanguage":"fr-FR","@id":"https:\/\/dicodusport.fr\/blog\/championne-des-championnes-francaises-2023-pauline-ferrand-prevot-3eme-l-imperatrice\/#primaryimage","url":"https:\/\/dicodusport.fr\/blog\/wp-content\/uploads\/2023\/12\/Championne-des-Championnes-francaises-2023-Pauline-Ferrand-Prevot-3eme-limperatrice.png","contentUrl":"https:\/\/dicodusport.fr\/blog\/wp-content\/uploads\/2023\/12\/Championne-des-Championnes-francaises-2023-Pauline-Ferrand-Prevot-3eme-limperatrice.png","width":1200,"height":674,"caption":"Championne des Championnes fran\u00e7aises 2023 Pauline Ferrand-Pr\u00e9vot (3\u00e8me), l'imp\u00e9ratrice"},{"@type":"BreadcrumbList","@id":"https:\/\/dicodusport.fr\/blog\/championne-des-championnes-francaises-2023-pauline-ferrand-prevot-3eme-l-imperatrice\/#breadcrumb","itemListElement":[{"@type":"ListItem","position":1,"name":"Accueil","item":"https:\/\/dicodusport.fr\/blog\/"},{"@type":"ListItem","position":2,"name":"Championne des Championnes fran\u00e7aises 2023 : Pauline Ferrand-Pr\u00e9vot (3\u00e8me), l&rsquo;imp\u00e9ratrice"}]},{"@type":"WebSite","@id":"https:\/\/dicodusport.fr\/blog\/#website","url":"https:\/\/dicodusport.fr\/blog\/","name":"Dicodusport","description":"L&#039;encyclop\u00e9die de l&#039;actualit\u00e9 sportive","publisher":{"@id":"https:\/\/dicodusport.fr\/blog\/#organization"},"potentialAction":[{"@type":"SearchAction","target":{"@type":"EntryPoint","urlTemplate":"https:\/\/dicodusport.fr\/blog\/?s={search_term_string}"},"query-input":{"@type":"PropertyValueSpecification","valueRequired":true,"valueName":"search_term_string"}}],"inLanguage":"fr-FR"},{"@type":"NewsMediaOrganization","@id":"https:\/\/dicodusport.fr\/blog\/#organization","name":"Dicodusport","url":"https:\/\/dicodusport.fr\/blog\/","logo":{"@type":"ImageObject","inLanguage":"fr-FR","@id":"https:\/\/dicodusport.fr\/blog\/#\/schema\/logo\/image\/","url":"https:\/\/dicodusport.fr\/blog\/wp-content\/uploads\/2020\/06\/cropped-LOGO-DICODUSPORT-2020-SANS-FOND-SANS-TEXTE.png","contentUrl":"https:\/\/dicodusport.fr\/blog\/wp-content\/uploads\/2020\/06\/cropped-LOGO-DICODUSPORT-2020-SANS-FOND-SANS-TEXTE.png","width":512,"height":512,"caption":"Dicodusport"},"image":{"@id":"https:\/\/dicodusport.fr\/blog\/#\/schema\/logo\/image\/"},"sameAs":["https:\/\/www.facebook.com\/dicodusport","https:\/\/x.com\/dicodusport","https:\/\/www.instagram.com\/dicodusport\/","https:\/\/www.youtube.com\/channel\/UC7V2KZ5sd3htJivAbA4ZG3w"],"description":"Dicodusport est l'encyclop\u00e9die de l'actualit\u00e9 sportive.","email":"bonjour@dicodusport.fr","legalName":"DICODUSPORT","foundingDate":"2018-01-14","vatID":"FR71834470973","taxID":"83447097300043","numberOfEmployees":{"@type":"QuantitativeValue","minValue":"1","maxValue":"10"}},{"@type":"Person","@id":"https:\/\/dicodusport.fr\/blog\/#\/schema\/person\/cb02af4c173ce4a653b55e9baf388d4a","name":"Flo Ostermann","image":{"@type":"ImageObject","inLanguage":"fr-FR","@id":"https:\/\/dicodusport.fr\/blog\/#\/schema\/person\/image\/","url":"https:\/\/dicodusport.fr\/blog\/wp-content\/uploads\/2021\/05\/Flo-Ostermann-150x150.jpg","contentUrl":"https:\/\/dicodusport.fr\/blog\/wp-content\/uploads\/2021\/05\/Flo-Ostermann-150x150.jpg","caption":"Flo Ostermann"},"description":"Journaliste\/R\u00e9dacteur depuis septembre 2015 - Mes premiers souvenirs dans le sport ? Les envol\u00e9es du Stade Toulousain et les duels Villeneuve-Schumacher et H\u00e4kkinen-Schumacher \u00e0 la fin des ann\u00e9es 90, la Coupe du monde de football en 1998, l\u2019exploit du XV de France face aux All Blacks en 1999, mais aussi Richard C\u0153ur de Lion qui vole sur les montagnes du Tour de France. Bien parti pour devenir professeur d\u2019EPS, les \u00e9v\u00e9nements de la vie (et la flemme d\u2019animer des s\u00e9ances de 3x500 m\u00e8tres toute ma vie) m\u2019ont conduit \u00e0 revoir mes plans. Me voil\u00e0 depuis fin 2017 sur Dicodusport, m\u00e9dia gr\u00e2ce (et pour) lequel je partage ma passion : le sport dans tous ses \u00e9tats. Le tout accompagn\u00e9 par les fous furieux et folles furieuses cit\u00e9s sur cette page !","sameAs":["https:\/\/www.facebook.com\/florent.ostermann","https:\/\/x.com\/https:\/\/twitter.com\/FlOstermann","admin"],"url":"https:\/\/dicodusport.fr\/blog\/author\/flo\/"}]}},"_links":{"self":[{"href":"https:\/\/dicodusport.fr\/blog\/wp-json\/wp\/v2\/posts\/448040","targetHints":{"allow":["GET"]}}],"collection":[{"href":"https:\/\/dicodusport.fr\/blog\/wp-json\/wp\/v2\/posts"}],"about":[{"href":"https:\/\/dicodusport.fr\/blog\/wp-json\/wp\/v2\/types\/post"}],"author":[{"embeddable":true,"href":"https:\/\/dicodusport.fr\/blog\/wp-json\/wp\/v2\/users\/4"}],"replies":[{"embeddable":true,"href":"https:\/\/dicodusport.fr\/blog\/wp-json\/wp\/v2\/comments?post=448040"}],"version-history":[{"count":5,"href":"https:\/\/dicodusport.fr\/blog\/wp-json\/wp\/v2\/posts\/448040\/revisions"}],"predecessor-version":[{"id":448067,"href":"https:\/\/dicodusport.fr\/blog\/wp-json\/wp\/v2\/posts\/448040\/revisions\/448067"}],"wp:featuredmedia":[{"embeddable":true,"href":"https:\/\/dicodusport.fr\/blog\/wp-json\/wp\/v2\/media\/448049"}],"wp:attachment":[{"href":"https:\/\/dicodusport.fr\/blog\/wp-json\/wp\/v2\/media?parent=448040"}],"wp:term":[{"taxonomy":"category","embeddable":true,"href":"https:\/\/dicodusport.fr\/blog\/wp-json\/wp\/v2\/categories?post=448040"},{"taxonomy":"post_tag","embeddable":true,"href":"https:\/\/dicodusport.fr\/blog\/wp-json\/wp\/v2\/tags?post=448040"}],"curies":[{"name":"wp","href":"https:\/\/api.w.org\/{rel}","templated":true}]}}