{"id":44805,"date":"2019-08-07T12:47:54","date_gmt":"2019-08-07T10:47:54","guid":{"rendered":"http:\/\/dicodusport.fr\/blog\/?p=44805"},"modified":"2019-08-07T12:47:54","modified_gmt":"2019-08-07T10:47:54","slug":"laurent-koscielny-un-retour-ideal-pour-notre-ligue-1","status":"publish","type":"post","link":"https:\/\/dicodusport.fr\/blog\/laurent-koscielny-un-retour-ideal-pour-notre-ligue-1\/","title":{"rendered":"Laurent Koscielny, un retour id\u00e9al pour notre Ligue 1"},"content":{"rendered":"<p style=\"text-align: justify;\"><strong><em>Apr\u00e8s neuf saisons en Premier League sous le maillot des Gunners d\u2019Arsenal, Laurent Koscielny fait son retour en Ligue 1. Il \u00e9voluera cette saison aux Girondins de Bordeaux.<\/em> <\/strong><\/p>\n<p style=\"text-align: justify;\">Les <strong>Girondins de Bordeaux<\/strong> viennent de frapper un grand coup sur le march\u00e9 des transferts, pour tenter de vivre une saison 2019-2020 nettement moins chaotique que la pr\u00e9c\u00e9dente. En manque d\u2019exp\u00e9rience au sein de l\u2019effectif, ces derniers viennent de se donner les moyens de contrer cette faiblesse en recrutant un ancien international avec pas moins de 51 s\u00e9lections \u00e0 son actif\u00a0: <a href=\"https:\/\/www.transfermarkt.fr\/laurent-koscielny\/profil\/spieler\/76277\" target=\"_blank\" rel=\"noopener\"><strong>Laurent Koscielny<\/strong><\/a>.<\/p>\n<p style=\"text-align: justify;\">Le natif de Tulle, \u00e2g\u00e9 de 33 ans, fait donc son retour dans le championnat de France, 9 ans apr\u00e8s l\u2019avoir quitt\u00e9 pour \u00e9voluer sous le maillot d\u2019<strong>Arsenal<\/strong>. Une destination des plus judicieuses puisqu\u2019elle aura permis au Fran\u00e7ais de prendre part \u00e0 quelques 353 matchs avec les Gunners d\u2019Arsenal. <strong>Laurent Koscielny<\/strong> est devenu rapidement l\u2019un des d\u00e9fenseurs phares de <strong>Premier League<\/strong>, au point d\u2019obtenir en 2016 le titre honorifique (mais tr\u00e8s reconnaissant) de \u00ab\u00a0meilleur d\u00e9fenseur de Premier League\u00a0\u00bb.<\/p>\n<p><span class=\"M1I4vP0G6pcsRhZOgWRHd72uZm4QXCp9wfkfVUAjuWYnoLtavXad6FSjJyTBM9Ymexqy3J25DrEkNiInr8lPhNCiD\"><\/p>\n<blockquote class=\"twitter-tweet\" data-width=\"550\" data-dnt=\"true\">\n<p lang=\"en\" dir=\"ltr\">Laurent Koscielny is leaving us to join Ligue 1 side Bordeaux<\/p>\n<p>&mdash; Arsenal (@Arsenal) <a href=\"https:\/\/twitter.com\/Arsenal\/status\/1158735885539643392?ref_src=twsrc%5Etfw\">August 6, 2019<\/a><\/p><\/blockquote>\n<p><script async src=\"https:\/\/platform.twitter.com\/widgets.js\" charset=\"utf-8\"><\/script><\/span><\/p>\n<h1 style=\"text-align: justify;\">Une exp\u00e9rience forte sous le maillot bleu<\/h1>\n<p style=\"text-align: justify;\">Cette ann\u00e9e 2016 marquera d\u2019ailleurs son apog\u00e9e sous le maillot de l\u2019\u00e9quipe de France, qu\u2019il aura port\u00e9 \u00e0 51 reprises. Jusqu\u2019ici, <strong>Laurent<\/strong> <strong>Koscielny<\/strong> devait se contenter d\u2019un Mondial 2014 mitig\u00e9, o\u00f9 il n\u2019est que le troisi\u00e8me choix de <strong>Didier Deschamps<\/strong> dans l\u2019axe de la d\u00e9fense tricolore. A coup s\u00fbr, il paye au cours de ce Mondial son manque de sang-froid en barrage aller en Ukraine et son expulsion pour une gifle sur un joueur ukrainien. La bonne dynamique des Bleus, issue de l\u2019incroyable exploit du match retour pour obtenir leur billet pour la Coupe du monde au Br\u00e9sil, lui aura \u00e9t\u00e9 fatale.<\/p>\n<p style=\"text-align: justify;\">L\u2019<strong>Euro 2016<\/strong>, disput\u00e9 en France, fera de lui un v\u00e9ritable patron de la d\u00e9fense fran\u00e7aise et il mettra au service des Bleus toute son exp\u00e9rience acquise depuis six ann\u00e9es dans le meilleur championnat du monde. D\u2019abord titulaire aux c\u00f4t\u00e9s d\u2019<strong>Adil Rami<\/strong> dans cette comp\u00e9tition, c\u2019est avec <strong>Samuel Umtiti<\/strong> en d\u00e9fense centrale qu\u2019il emm\u00e8nera les Bleus jusqu\u2019en finale de leur Euro. Par la suite, sa blessure \u00e0 quelques semaines du Mondial 2018 l\u2019emp\u00eachera de devenir champion du monde et il prendra rapidement par la suite sa retraite internationale.<\/p>\n<div id=\"attachment_44809\" style=\"width: 960px\" class=\"wp-caption aligncenter\"><img loading=\"lazy\" decoding=\"async\" aria-describedby=\"caption-attachment-44809\" class=\"size-full wp-image-44809\" src=\"http:\/\/dicodusport.fr\/blog\/wp-content\/uploads\/2019\/08\/Toute-la-de\u0301ception-des-Bleus-apre\u0300s-la-de\u0301faite-en-finale-de-lEuro-2016-Best-Image.jpg\" alt=\"\" width=\"950\" height=\"633\" srcset=\"https:\/\/dicodusport.fr\/blog\/wp-content\/uploads\/2019\/08\/Toute-la-de\u0301ception-des-Bleus-apre\u0300s-la-de\u0301faite-en-finale-de-lEuro-2016-Best-Image.jpg 950w, https:\/\/dicodusport.fr\/blog\/wp-content\/uploads\/2019\/08\/Toute-la-de\u0301ception-des-Bleus-apre\u0300s-la-de\u0301faite-en-finale-de-lEuro-2016-Best-Image-300x200.jpg 300w, https:\/\/dicodusport.fr\/blog\/wp-content\/uploads\/2019\/08\/Toute-la-de\u0301ception-des-Bleus-apre\u0300s-la-de\u0301faite-en-finale-de-lEuro-2016-Best-Image-768x512.jpg 768w\" sizes=\"auto, (max-width: 950px) 100vw, 950px\" \/><p id=\"caption-attachment-44809\" class=\"wp-caption-text\">Toute la de\u0301ception des Bleus apre\u0300s la de\u0301faite en finale de l&rsquo;Euro 2016 &#8211; BestImage<\/p><\/div>\n<h1 style=\"text-align: justify;\">Un dernier challenge<\/h1>\n<p style=\"text-align: justify;\">\u00c0 33 ans, <strong>Laurent Koscielny<\/strong>, qui ne manquait pas de sollicitations, va donc s\u2019offrir un dernier d\u00e9fi de taille dans un championnat de France de Ligue 1 qu\u2019il n\u2019a paradoxalement connu qu\u2019une seule saison avec <strong>Lorient<\/strong> en 2009-2010 (\u00e0 Guingamp, puis \u00e0 Tours, il \u00e9voluait en National et en Ligue 2). Contre environ <strong>5 millions d\u2019euros d\u2019indemnit\u00e9s de transfert<\/strong> (selon la presse britannique), Bordeaux r\u00e9alise un joli coup sur ce march\u00e9 des transferts. Et c\u2019est toute la <strong>Ligue 1<\/strong> qui se r\u00e9jouit d\u2019accueillir un international fran\u00e7ais sur ses pelouses.<\/p>\n<p><span class=\"rRZJrLWisN39zP07wkvSApEtcHLfopnhlUylMxbBUISuEnmtzbjhexHD40iwYdyB5Fs4a7uCZvIDCoR52G1Y9kK\"><\/p>\n<blockquote class=\"twitter-tweet\" data-width=\"550\" data-dnt=\"true\">\n<p lang=\"fr\" dir=\"ltr\">Nouveau joueur, nouveau maillot, retrouvez-le d\u00e8s maintenant ici \u27a1 <a href=\"https:\/\/t.co\/6Jb2BRKbIo\">https:\/\/t.co\/6Jb2BRKbIo<\/a> <a href=\"https:\/\/t.co\/eCfsGaSUYS\">pic.twitter.com\/eCfsGaSUYS<\/a><\/p>\n<p>&mdash; FC Girondins de Bordeaux (@girondins) <a href=\"https:\/\/twitter.com\/girondins\/status\/1158767162640732160?ref_src=twsrc%5Etfw\">August 6, 2019<\/a><\/p><\/blockquote>\n<p><script async src=\"https:\/\/platform.twitter.com\/widgets.js\" charset=\"utf-8\"><\/script><\/span><\/p>\n<p><strong><em>Bastien Pitte<br \/>\n<a href=\"https:\/\/www.facebook.com\/bastien.pitte\" target=\"_blank\" rel=\"noopener\"><img loading=\"lazy\" decoding=\"async\" class=\"alignnone wp-image-2909\" src=\"http:\/\/dicodusport.fr\/blog\/wp-content\/uploads\/2017\/07\/logo-facebook-150x150.png\" alt=\"\" width=\"39\" height=\"39\" \/><\/a><\/em><\/strong><a href=\"https:\/\/www.linkedin.com\/in\/bastien-pitte\" target=\"_blank\" rel=\"noopener\"><img loading=\"lazy\" decoding=\"async\" class=\"alignnone wp-image-3711\" src=\"http:\/\/dicodusport.fr\/blog\/wp-content\/uploads\/2017\/08\/signature-linkedin-150x150.png\" alt=\"\" width=\"39\" height=\"39\" srcset=\"https:\/\/dicodusport.fr\/blog\/wp-content\/uploads\/2017\/08\/signature-linkedin-150x150.png 150w, https:\/\/dicodusport.fr\/blog\/wp-content\/uploads\/2017\/08\/signature-linkedin.png 295w\" sizes=\"auto, (max-width: 39px) 100vw, 39px\" \/><\/a><\/p>\n","protected":false},"excerpt":{"rendered":"<p>Apr\u00e8s neuf saisons en Premier League sous le maillot des Gunners d\u2019Arsenal, Laurent Koscielny fait son retour en Ligue 1. Il \u00e9voluera cette saison aux Girondins de Bordeaux.<\/p>\n","protected":false},"author":28,"featured_media":44840,"comment_status":"open","ping_status":"closed","sticky":false,"template":"","format":"standard","meta":{"_acf_changed":false,"_daextam_enable_autolinks":"","footnotes":""},"categories":[2301],"tags":[3434,199,75,3408,1554],"class_list":["post-44805","post","type-post","status-publish","format-standard","has-post-thumbnail","hentry","category-football","tag-arsenal","tag-equipe-de-france","tag-football","tag-girondins-de-bordeaux","tag-ligue-1"],"acf":[],"yoast_head":"<!-- This site is optimized with the Yoast SEO Premium plugin v26.7 (Yoast SEO v26.7) - https:\/\/yoast.com\/wordpress\/plugins\/seo\/ -->\n<title>Laurent Koscielny, un retour id\u00e9al pour notre Ligue 1<\/title>\n<meta name=\"description\" content=\"Apr\u00e8s neuf saisons en Premier League sous le maillot des Gunners d\u2019Arsenal, Laurent Koscielny fait son retour en Ligue 1, sous les couleurs de Bordeaux.\" \/>\n<meta name=\"robots\" content=\"index, follow, max-snippet:-1, max-image-preview:large, max-video-preview:-1\" \/>\n<link rel=\"canonical\" href=\"https:\/\/dicodusport.fr\/blog\/laurent-koscielny-un-retour-ideal-pour-notre-ligue-1\/\" \/>\n<meta property=\"og:locale\" content=\"fr_FR\" \/>\n<meta property=\"og:type\" content=\"article\" \/>\n<meta property=\"og:title\" content=\"Laurent Koscielny, un retour id\u00e9al pour notre Ligue 1\" \/>\n<meta property=\"og:description\" content=\"Apr\u00e8s neuf saisons en Premier League sous le maillot des Gunners d\u2019Arsenal, Laurent Koscielny fait son retour en Ligue 1, sous les couleurs de Bordeaux.\" \/>\n<meta property=\"og:url\" content=\"https:\/\/dicodusport.fr\/blog\/laurent-koscielny-un-retour-ideal-pour-notre-ligue-1\/\" \/>\n<meta property=\"og:site_name\" content=\"Dicodusport\" \/>\n<meta property=\"article:publisher\" content=\"https:\/\/www.facebook.com\/dicodusport\" \/>\n<meta property=\"article:published_time\" content=\"2019-08-07T10:47:54+00:00\" \/>\n<meta property=\"og:image\" content=\"https:\/\/dicodusport.fr\/blog\/wp-content\/uploads\/2019\/08\/Laurent-Koscielny.png\" \/>\n\t<meta property=\"og:image:width\" content=\"800\" \/>\n\t<meta property=\"og:image:height\" content=\"445\" \/>\n\t<meta property=\"og:image:type\" content=\"image\/png\" \/>\n<meta name=\"author\" content=\"Bastien Pitte\" \/>\n<meta name=\"twitter:card\" content=\"summary_large_image\" \/>\n<meta name=\"twitter:title\" content=\"Laurent Koscielny, un retour id\u00e9al pour notre Ligue 1\" \/>\n<meta name=\"twitter:creator\" content=\"@dicodusport\" \/>\n<meta name=\"twitter:site\" content=\"@dicodusport\" \/>\n<script type=\"application\/ld+json\" class=\"yoast-schema-graph\">{\"@context\":\"https:\/\/schema.org\",\"@graph\":[{\"@type\":\"NewsArticle\",\"@id\":\"https:\/\/dicodusport.fr\/blog\/laurent-koscielny-un-retour-ideal-pour-notre-ligue-1\/#article\",\"isPartOf\":{\"@id\":\"https:\/\/dicodusport.fr\/blog\/laurent-koscielny-un-retour-ideal-pour-notre-ligue-1\/\"},\"author\":{\"name\":\"Bastien Pitte\",\"@id\":\"https:\/\/dicodusport.fr\/blog\/#\/schema\/person\/0d3ca824646a2d0c77bdd7e45230c071\"},\"headline\":\"Laurent Koscielny, un retour id\u00e9al pour notre Ligue 1\",\"datePublished\":\"2019-08-07T10:47:54+00:00\",\"mainEntityOfPage\":{\"@id\":\"https:\/\/dicodusport.fr\/blog\/laurent-koscielny-un-retour-ideal-pour-notre-ligue-1\/\"},\"wordCount\":547,\"commentCount\":0,\"publisher\":{\"@id\":\"https:\/\/dicodusport.fr\/blog\/#organization\"},\"image\":{\"@id\":\"https:\/\/dicodusport.fr\/blog\/laurent-koscielny-un-retour-ideal-pour-notre-ligue-1\/#primaryimage\"},\"thumbnailUrl\":\"https:\/\/dicodusport.fr\/blog\/wp-content\/uploads\/2019\/08\/Laurent-Koscielny.png\",\"keywords\":[\"Arsenal\",\"\u00c9quipe de France\",\"Football\",\"Girondins de Bordeaux\",\"Ligue 1\"],\"articleSection\":[\"Football\"],\"inLanguage\":\"fr-FR\",\"potentialAction\":[{\"@type\":\"CommentAction\",\"name\":\"Comment\",\"target\":[\"https:\/\/dicodusport.fr\/blog\/laurent-koscielny-un-retour-ideal-pour-notre-ligue-1\/#respond\"]}],\"copyrightYear\":\"2019\",\"copyrightHolder\":{\"@id\":\"https:\/\/dicodusport.fr\/blog\/#organization\"}},{\"@type\":\"WebPage\",\"@id\":\"https:\/\/dicodusport.fr\/blog\/laurent-koscielny-un-retour-ideal-pour-notre-ligue-1\/\",\"url\":\"https:\/\/dicodusport.fr\/blog\/laurent-koscielny-un-retour-ideal-pour-notre-ligue-1\/\",\"name\":\"Laurent Koscielny, un retour id\u00e9al pour notre Ligue 1\",\"isPartOf\":{\"@id\":\"https:\/\/dicodusport.fr\/blog\/#website\"},\"primaryImageOfPage\":{\"@id\":\"https:\/\/dicodusport.fr\/blog\/laurent-koscielny-un-retour-ideal-pour-notre-ligue-1\/#primaryimage\"},\"image\":{\"@id\":\"https:\/\/dicodusport.fr\/blog\/laurent-koscielny-un-retour-ideal-pour-notre-ligue-1\/#primaryimage\"},\"thumbnailUrl\":\"https:\/\/dicodusport.fr\/blog\/wp-content\/uploads\/2019\/08\/Laurent-Koscielny.png\",\"datePublished\":\"2019-08-07T10:47:54+00:00\",\"description\":\"Apr\u00e8s neuf saisons en Premier League sous le maillot des Gunners d\u2019Arsenal, Laurent Koscielny fait son retour en Ligue 1, sous les couleurs de Bordeaux.\",\"breadcrumb\":{\"@id\":\"https:\/\/dicodusport.fr\/blog\/laurent-koscielny-un-retour-ideal-pour-notre-ligue-1\/#breadcrumb\"},\"inLanguage\":\"fr-FR\",\"potentialAction\":[{\"@type\":\"ReadAction\",\"target\":[\"https:\/\/dicodusport.fr\/blog\/laurent-koscielny-un-retour-ideal-pour-notre-ligue-1\/\"]}]},{\"@type\":\"ImageObject\",\"inLanguage\":\"fr-FR\",\"@id\":\"https:\/\/dicodusport.fr\/blog\/laurent-koscielny-un-retour-ideal-pour-notre-ligue-1\/#primaryimage\",\"url\":\"https:\/\/dicodusport.fr\/blog\/wp-content\/uploads\/2019\/08\/Laurent-Koscielny.png\",\"contentUrl\":\"https:\/\/dicodusport.fr\/blog\/wp-content\/uploads\/2019\/08\/Laurent-Koscielny.png\",\"width\":800,\"height\":445},{\"@type\":\"BreadcrumbList\",\"@id\":\"https:\/\/dicodusport.fr\/blog\/laurent-koscielny-un-retour-ideal-pour-notre-ligue-1\/#breadcrumb\",\"itemListElement\":[{\"@type\":\"ListItem\",\"position\":1,\"name\":\"Accueil\",\"item\":\"https:\/\/dicodusport.fr\/blog\/\"},{\"@type\":\"ListItem\",\"position\":2,\"name\":\"Laurent Koscielny, un retour id\u00e9al pour notre Ligue 1\"}]},{\"@type\":\"WebSite\",\"@id\":\"https:\/\/dicodusport.fr\/blog\/#website\",\"url\":\"https:\/\/dicodusport.fr\/blog\/\",\"name\":\"Dicodusport\",\"description\":\"L&#039;encyclop\u00e9die de l&#039;actualit\u00e9 sportive\",\"publisher\":{\"@id\":\"https:\/\/dicodusport.fr\/blog\/#organization\"},\"potentialAction\":[{\"@type\":\"SearchAction\",\"target\":{\"@type\":\"EntryPoint\",\"urlTemplate\":\"https:\/\/dicodusport.fr\/blog\/?s={search_term_string}\"},\"query-input\":{\"@type\":\"PropertyValueSpecification\",\"valueRequired\":true,\"valueName\":\"search_term_string\"}}],\"inLanguage\":\"fr-FR\"},{\"@type\":\"NewsMediaOrganization\",\"@id\":\"https:\/\/dicodusport.fr\/blog\/#organization\",\"name\":\"Dicodusport\",\"url\":\"https:\/\/dicodusport.fr\/blog\/\",\"logo\":{\"@type\":\"ImageObject\",\"inLanguage\":\"fr-FR\",\"@id\":\"https:\/\/dicodusport.fr\/blog\/#\/schema\/logo\/image\/\",\"url\":\"https:\/\/dicodusport.fr\/blog\/wp-content\/uploads\/2020\/06\/cropped-LOGO-DICODUSPORT-2020-SANS-FOND-SANS-TEXTE.png\",\"contentUrl\":\"https:\/\/dicodusport.fr\/blog\/wp-content\/uploads\/2020\/06\/cropped-LOGO-DICODUSPORT-2020-SANS-FOND-SANS-TEXTE.png\",\"width\":512,\"height\":512,\"caption\":\"Dicodusport\"},\"image\":{\"@id\":\"https:\/\/dicodusport.fr\/blog\/#\/schema\/logo\/image\/\"},\"sameAs\":[\"https:\/\/www.facebook.com\/dicodusport\",\"https:\/\/x.com\/dicodusport\",\"https:\/\/www.instagram.com\/dicodusport\/\",\"https:\/\/www.youtube.com\/channel\/UC7V2KZ5sd3htJivAbA4ZG3w\"],\"description\":\"Dicodusport est l'encyclop\u00e9die de l'actualit\u00e9 sportive.\",\"email\":\"bonjour@dicodusport.fr\",\"legalName\":\"DICODUSPORT\",\"foundingDate\":\"2018-01-14\",\"vatID\":\"FR71834470973\",\"taxID\":\"83447097300043\",\"numberOfEmployees\":{\"@type\":\"QuantitativeValue\",\"minValue\":\"1\",\"maxValue\":\"10\"}},{\"@type\":\"Person\",\"@id\":\"https:\/\/dicodusport.fr\/blog\/#\/schema\/person\/0d3ca824646a2d0c77bdd7e45230c071\",\"name\":\"Bastien Pitte\",\"image\":{\"@type\":\"ImageObject\",\"inLanguage\":\"fr-FR\",\"@id\":\"https:\/\/dicodusport.fr\/blog\/#\/schema\/person\/image\/\",\"url\":\"https:\/\/dicodusport.fr\/blog\/wp-content\/uploads\/2020\/06\/cropped-LOGO-DICODUSPORT-2020-SANS-FOND-SANS-TEXTE-150x150.png\",\"contentUrl\":\"https:\/\/dicodusport.fr\/blog\/wp-content\/uploads\/2020\/06\/cropped-LOGO-DICODUSPORT-2020-SANS-FOND-SANS-TEXTE-150x150.png\",\"caption\":\"Bastien Pitte\"},\"url\":\"https:\/\/dicodusport.fr\/blog\/author\/bastien\/\"}]}<\/script>\n<!-- \/ Yoast SEO Premium plugin. -->","yoast_head_json":{"title":"Laurent Koscielny, un retour id\u00e9al pour notre Ligue 1","description":"Apr\u00e8s neuf saisons en Premier League sous le maillot des Gunners d\u2019Arsenal, Laurent Koscielny fait son retour en Ligue 1, sous les couleurs de Bordeaux.","robots":{"index":"index","follow":"follow","max-snippet":"max-snippet:-1","max-image-preview":"max-image-preview:large","max-video-preview":"max-video-preview:-1"},"canonical":"https:\/\/dicodusport.fr\/blog\/laurent-koscielny-un-retour-ideal-pour-notre-ligue-1\/","og_locale":"fr_FR","og_type":"article","og_title":"Laurent Koscielny, un retour id\u00e9al pour notre Ligue 1","og_description":"Apr\u00e8s neuf saisons en Premier League sous le maillot des Gunners d\u2019Arsenal, Laurent Koscielny fait son retour en Ligue 1, sous les couleurs de Bordeaux.","og_url":"https:\/\/dicodusport.fr\/blog\/laurent-koscielny-un-retour-ideal-pour-notre-ligue-1\/","og_site_name":"Dicodusport","article_publisher":"https:\/\/www.facebook.com\/dicodusport","article_published_time":"2019-08-07T10:47:54+00:00","og_image":[{"width":800,"height":445,"url":"https:\/\/dicodusport.fr\/blog\/wp-content\/uploads\/2019\/08\/Laurent-Koscielny.png","type":"image\/png"}],"author":"Bastien Pitte","twitter_card":"summary_large_image","twitter_title":"Laurent Koscielny, un retour id\u00e9al pour notre Ligue 1","twitter_creator":"@dicodusport","twitter_site":"@dicodusport","schema":{"@context":"https:\/\/schema.org","@graph":[{"@type":"NewsArticle","@id":"https:\/\/dicodusport.fr\/blog\/laurent-koscielny-un-retour-ideal-pour-notre-ligue-1\/#article","isPartOf":{"@id":"https:\/\/dicodusport.fr\/blog\/laurent-koscielny-un-retour-ideal-pour-notre-ligue-1\/"},"author":{"name":"Bastien Pitte","@id":"https:\/\/dicodusport.fr\/blog\/#\/schema\/person\/0d3ca824646a2d0c77bdd7e45230c071"},"headline":"Laurent Koscielny, un retour id\u00e9al pour notre Ligue 1","datePublished":"2019-08-07T10:47:54+00:00","mainEntityOfPage":{"@id":"https:\/\/dicodusport.fr\/blog\/laurent-koscielny-un-retour-ideal-pour-notre-ligue-1\/"},"wordCount":547,"commentCount":0,"publisher":{"@id":"https:\/\/dicodusport.fr\/blog\/#organization"},"image":{"@id":"https:\/\/dicodusport.fr\/blog\/laurent-koscielny-un-retour-ideal-pour-notre-ligue-1\/#primaryimage"},"thumbnailUrl":"https:\/\/dicodusport.fr\/blog\/wp-content\/uploads\/2019\/08\/Laurent-Koscielny.png","keywords":["Arsenal","\u00c9quipe de France","Football","Girondins de Bordeaux","Ligue 1"],"articleSection":["Football"],"inLanguage":"fr-FR","potentialAction":[{"@type":"CommentAction","name":"Comment","target":["https:\/\/dicodusport.fr\/blog\/laurent-koscielny-un-retour-ideal-pour-notre-ligue-1\/#respond"]}],"copyrightYear":"2019","copyrightHolder":{"@id":"https:\/\/dicodusport.fr\/blog\/#organization"}},{"@type":"WebPage","@id":"https:\/\/dicodusport.fr\/blog\/laurent-koscielny-un-retour-ideal-pour-notre-ligue-1\/","url":"https:\/\/dicodusport.fr\/blog\/laurent-koscielny-un-retour-ideal-pour-notre-ligue-1\/","name":"Laurent Koscielny, un retour id\u00e9al pour notre Ligue 1","isPartOf":{"@id":"https:\/\/dicodusport.fr\/blog\/#website"},"primaryImageOfPage":{"@id":"https:\/\/dicodusport.fr\/blog\/laurent-koscielny-un-retour-ideal-pour-notre-ligue-1\/#primaryimage"},"image":{"@id":"https:\/\/dicodusport.fr\/blog\/laurent-koscielny-un-retour-ideal-pour-notre-ligue-1\/#primaryimage"},"thumbnailUrl":"https:\/\/dicodusport.fr\/blog\/wp-content\/uploads\/2019\/08\/Laurent-Koscielny.png","datePublished":"2019-08-07T10:47:54+00:00","description":"Apr\u00e8s neuf saisons en Premier League sous le maillot des Gunners d\u2019Arsenal, Laurent Koscielny fait son retour en Ligue 1, sous les couleurs de Bordeaux.","breadcrumb":{"@id":"https:\/\/dicodusport.fr\/blog\/laurent-koscielny-un-retour-ideal-pour-notre-ligue-1\/#breadcrumb"},"inLanguage":"fr-FR","potentialAction":[{"@type":"ReadAction","target":["https:\/\/dicodusport.fr\/blog\/laurent-koscielny-un-retour-ideal-pour-notre-ligue-1\/"]}]},{"@type":"ImageObject","inLanguage":"fr-FR","@id":"https:\/\/dicodusport.fr\/blog\/laurent-koscielny-un-retour-ideal-pour-notre-ligue-1\/#primaryimage","url":"https:\/\/dicodusport.fr\/blog\/wp-content\/uploads\/2019\/08\/Laurent-Koscielny.png","contentUrl":"https:\/\/dicodusport.fr\/blog\/wp-content\/uploads\/2019\/08\/Laurent-Koscielny.png","width":800,"height":445},{"@type":"BreadcrumbList","@id":"https:\/\/dicodusport.fr\/blog\/laurent-koscielny-un-retour-ideal-pour-notre-ligue-1\/#breadcrumb","itemListElement":[{"@type":"ListItem","position":1,"name":"Accueil","item":"https:\/\/dicodusport.fr\/blog\/"},{"@type":"ListItem","position":2,"name":"Laurent Koscielny, un retour id\u00e9al pour notre Ligue 1"}]},{"@type":"WebSite","@id":"https:\/\/dicodusport.fr\/blog\/#website","url":"https:\/\/dicodusport.fr\/blog\/","name":"Dicodusport","description":"L&#039;encyclop\u00e9die de l&#039;actualit\u00e9 sportive","publisher":{"@id":"https:\/\/dicodusport.fr\/blog\/#organization"},"potentialAction":[{"@type":"SearchAction","target":{"@type":"EntryPoint","urlTemplate":"https:\/\/dicodusport.fr\/blog\/?s={search_term_string}"},"query-input":{"@type":"PropertyValueSpecification","valueRequired":true,"valueName":"search_term_string"}}],"inLanguage":"fr-FR"},{"@type":"NewsMediaOrganization","@id":"https:\/\/dicodusport.fr\/blog\/#organization","name":"Dicodusport","url":"https:\/\/dicodusport.fr\/blog\/","logo":{"@type":"ImageObject","inLanguage":"fr-FR","@id":"https:\/\/dicodusport.fr\/blog\/#\/schema\/logo\/image\/","url":"https:\/\/dicodusport.fr\/blog\/wp-content\/uploads\/2020\/06\/cropped-LOGO-DICODUSPORT-2020-SANS-FOND-SANS-TEXTE.png","contentUrl":"https:\/\/dicodusport.fr\/blog\/wp-content\/uploads\/2020\/06\/cropped-LOGO-DICODUSPORT-2020-SANS-FOND-SANS-TEXTE.png","width":512,"height":512,"caption":"Dicodusport"},"image":{"@id":"https:\/\/dicodusport.fr\/blog\/#\/schema\/logo\/image\/"},"sameAs":["https:\/\/www.facebook.com\/dicodusport","https:\/\/x.com\/dicodusport","https:\/\/www.instagram.com\/dicodusport\/","https:\/\/www.youtube.com\/channel\/UC7V2KZ5sd3htJivAbA4ZG3w"],"description":"Dicodusport est l'encyclop\u00e9die de l'actualit\u00e9 sportive.","email":"bonjour@dicodusport.fr","legalName":"DICODUSPORT","foundingDate":"2018-01-14","vatID":"FR71834470973","taxID":"83447097300043","numberOfEmployees":{"@type":"QuantitativeValue","minValue":"1","maxValue":"10"}},{"@type":"Person","@id":"https:\/\/dicodusport.fr\/blog\/#\/schema\/person\/0d3ca824646a2d0c77bdd7e45230c071","name":"Bastien Pitte","image":{"@type":"ImageObject","inLanguage":"fr-FR","@id":"https:\/\/dicodusport.fr\/blog\/#\/schema\/person\/image\/","url":"https:\/\/dicodusport.fr\/blog\/wp-content\/uploads\/2020\/06\/cropped-LOGO-DICODUSPORT-2020-SANS-FOND-SANS-TEXTE-150x150.png","contentUrl":"https:\/\/dicodusport.fr\/blog\/wp-content\/uploads\/2020\/06\/cropped-LOGO-DICODUSPORT-2020-SANS-FOND-SANS-TEXTE-150x150.png","caption":"Bastien Pitte"},"url":"https:\/\/dicodusport.fr\/blog\/author\/bastien\/"}]}},"_links":{"self":[{"href":"https:\/\/dicodusport.fr\/blog\/wp-json\/wp\/v2\/posts\/44805","targetHints":{"allow":["GET"]}}],"collection":[{"href":"https:\/\/dicodusport.fr\/blog\/wp-json\/wp\/v2\/posts"}],"about":[{"href":"https:\/\/dicodusport.fr\/blog\/wp-json\/wp\/v2\/types\/post"}],"author":[{"embeddable":true,"href":"https:\/\/dicodusport.fr\/blog\/wp-json\/wp\/v2\/users\/28"}],"replies":[{"embeddable":true,"href":"https:\/\/dicodusport.fr\/blog\/wp-json\/wp\/v2\/comments?post=44805"}],"version-history":[{"count":0,"href":"https:\/\/dicodusport.fr\/blog\/wp-json\/wp\/v2\/posts\/44805\/revisions"}],"wp:featuredmedia":[{"embeddable":true,"href":"https:\/\/dicodusport.fr\/blog\/wp-json\/wp\/v2\/media\/44840"}],"wp:attachment":[{"href":"https:\/\/dicodusport.fr\/blog\/wp-json\/wp\/v2\/media?parent=44805"}],"wp:term":[{"taxonomy":"category","embeddable":true,"href":"https:\/\/dicodusport.fr\/blog\/wp-json\/wp\/v2\/categories?post=44805"},{"taxonomy":"post_tag","embeddable":true,"href":"https:\/\/dicodusport.fr\/blog\/wp-json\/wp\/v2\/tags?post=44805"}],"curies":[{"name":"wp","href":"https:\/\/api.w.org\/{rel}","templated":true}]}}