{"id":448102,"date":"2023-12-29T15:22:48","date_gmt":"2023-12-29T14:22:48","guid":{"rendered":"https:\/\/dicodusport.fr\/blog\/?p=448102&#038;preview=true&#038;preview_id=448102"},"modified":"2023-12-29T16:36:40","modified_gmt":"2023-12-29T15:36:40","slug":"om-8-joueurs-de-marseille-convoques-pour-la-can","status":"publish","type":"post","link":"https:\/\/dicodusport.fr\/blog\/om-8-joueurs-de-marseille-convoques-pour-la-can\/","title":{"rendered":"OM : 8 joueurs de Marseille convoqu\u00e9s pour la CAN"},"content":{"rendered":"<p style=\"text-align: justify;\"><strong><em>LIGUE 1 2023-2024 &#8211; Huit joueurs de l&rsquo;Olympique de Marseille<\/em><\/strong><strong><em> ont \u00e9t\u00e9 convoqu\u00e9s pour la Coupe d&rsquo;Afrique des Nations.\u00a0<\/em><\/strong><\/p>\n<p style=\"text-align: justify;\">L&rsquo;<strong>OM<\/strong> savait que la p\u00e9riode de la <strong>CAN<\/strong> allait \u00eatre compliqu\u00e9e, mais peut-\u00eatre pas autant. En effet, huit joueurs ont \u00e9t\u00e9 convoqu\u00e9s pour la comp\u00e9tition qui d\u00e9bute \u00e0 la mi-janvier. <strong>Fran\u00e7ois<\/strong> <strong>Mughe<\/strong> et <strong>Simon<\/strong> <strong>Ngapandouetnbu<\/strong>, qui n&rsquo;ont pas beaucoup jou\u00e9 cette saison, ont \u00e9t\u00e9 s\u00e9lectionn\u00e9s avec le <strong>Cameroun<\/strong> alors que <strong>Chancel<\/strong> <strong>Mbemba<\/strong> jouera avec le <strong>Congo<\/strong>.<\/p>\n<p style=\"text-align: justify;\">Les milieux de terrain <strong>Amine<\/strong> <strong>Harit<\/strong> et <strong>Azzedine<\/strong> <strong>Ounahi<\/strong> ont \u00e9t\u00e9 retenus par Walid Regragui pour jouer avec le <strong>Maroc<\/strong>. Enfin, Aliou Ciss\u00e9 a retenu trois Marseillais avec le S\u00e9n\u00e9gal : <strong>Pape<\/strong> <strong>Gueye<\/strong>, <strong>Iliman<\/strong> <strong>Ndiaye<\/strong> et <strong>Isma\u00efla<\/strong> <strong>Sarr<\/strong>.<\/p>\n<h2 style=\"text-align: justify;\">La liste des 8 joueurs de Marseille pour la CAN<\/h2>\n<p style=\"text-align: justify;\">Chancel Mbemba (Congo), Fran\u00e7ois Mughe (Cameroun), Simon Ngapandouetnbu (Cameroun), Amine Harit (Maroc), Azzedine Ounahi (Maroc), Pape Gueye (S\u00e9n\u00e9gal), Iliman Ndiaye (S\u00e9n\u00e9gal) et Isma\u00efla Sarr (S\u00e9n\u00e9gal).<\/p>\n<blockquote class=\"twitter-tweet\">\n<p dir=\"ltr\" lang=\"fr\">La liste des joueurs de l&rsquo;Olympique de Marseille convoqu\u00e9s pour la CAN !\ud83d\ude33<\/p>\n<p>Chancel Mbemba \ud83c\udde8\ud83c\udde9<br \/>\nSimon Ngapandouetnbu \ud83c\udde8\ud83c\uddf2<br \/>\nFran\u00e7ois R\u00e9gis Mughe \ud83c\udde8\ud83c\uddf2<br \/>\nAzzedine Ounahi \ud83c\uddf2\ud83c\udde6<br \/>\nAmine Harit \ud83c\uddf2\ud83c\udde6<br \/>\nPape Gueye \ud83c\uddf8\ud83c\uddf3<br \/>\nIsma\u00efla Sarr \ud83c\uddf8\ud83c\uddf3<br \/>\nIliman Ndiaye \ud83c\uddf8\ud83c\uddf3<\/p>\n<p>Est-ce que l&rsquo;OM doit absolument recruter pour palier \u00e0\u2026 <a href=\"https:\/\/t.co\/7F6n1Xdh6a\">pic.twitter.com\/7F6n1Xdh6a<\/a><\/p>\n<p>\u2014 Foot Mercato (@footmercato) <a href=\"https:\/\/twitter.com\/footmercato\/status\/1740681521051160836?ref_src=twsrc%5Etfw\">December 29, 2023<\/a><\/p><\/blockquote>\n<p style=\"text-align: justify;\"><script async src=\"https:\/\/platform.twitter.com\/widgets.js\" charset=\"utf-8\"><\/script><\/p>\n","protected":false},"excerpt":{"rendered":"<p>LIGUE 1 2023-2024 &#8211; Huit joueurs de l&rsquo;Olympique de Marseille ont \u00e9t\u00e9 convoqu\u00e9s pour la Coupe d&rsquo;Afrique des Nations.\u00a0<\/p>\n","protected":false},"author":1,"featured_media":448130,"comment_status":"open","ping_status":"closed","sticky":false,"template":"","format":"standard","meta":{"_acf_changed":false,"_daextam_enable_autolinks":"1","footnotes":""},"categories":[2301,47045],"tags":[16878,5671,75,1554,446,1889],"class_list":["post-448102","post","type-post","status-publish","format-standard","has-post-thumbnail","hentry","category-football","category-ligue-1","tag-breve","tag-can","tag-football","tag-ligue-1","tag-marseille","tag-om"],"acf":[],"yoast_head":"<!-- This site is optimized with the Yoast SEO Premium plugin v26.7 (Yoast SEO v26.7) - https:\/\/yoast.com\/wordpress\/plugins\/seo\/ -->\n<title>OM : 8 joueurs de Marseille convoqu\u00e9s pour la CAN<\/title>\n<meta name=\"description\" content=\"LIGUE 1 2023-2024 - Huit joueurs de l&#039;Olympique de Marseille ont \u00e9t\u00e9 convoqu\u00e9s pour la Coupe d&#039;Afrique des Nations.\u00a0\" \/>\n<meta name=\"robots\" content=\"index, follow, max-snippet:-1, max-image-preview:large, max-video-preview:-1\" \/>\n<link rel=\"canonical\" href=\"https:\/\/dicodusport.fr\/blog\/om-8-joueurs-de-marseille-convoques-pour-la-can\/\" \/>\n<meta property=\"og:locale\" content=\"fr_FR\" \/>\n<meta property=\"og:type\" content=\"article\" \/>\n<meta property=\"og:title\" content=\"OM : 8 joueurs de Marseille convoqu\u00e9s pour la CAN\" \/>\n<meta property=\"og:description\" content=\"LIGUE 1 2023-2024 - Huit joueurs de l&#039;Olympique de Marseille ont \u00e9t\u00e9 convoqu\u00e9s pour la Coupe d&#039;Afrique des Nations.\u00a0\" \/>\n<meta property=\"og:url\" content=\"https:\/\/dicodusport.fr\/blog\/om-8-joueurs-de-marseille-convoques-pour-la-can\/\" \/>\n<meta property=\"og:site_name\" content=\"Dicodusport\" \/>\n<meta property=\"article:publisher\" content=\"https:\/\/www.facebook.com\/dicodusport\" \/>\n<meta property=\"article:author\" content=\"https:\/\/www.facebook.com\/dicodusport\" \/>\n<meta property=\"article:published_time\" content=\"2023-12-29T14:22:48+00:00\" \/>\n<meta property=\"article:modified_time\" content=\"2023-12-29T15:36:40+00:00\" \/>\n<meta property=\"og:image\" content=\"https:\/\/dicodusport.fr\/blog\/wp-content\/uploads\/2023\/12\/OM-8-joueurs-de-Marseille-convoques-pour-la-CAN.png\" \/>\n\t<meta property=\"og:image:width\" content=\"1200\" \/>\n\t<meta property=\"og:image:height\" content=\"674\" \/>\n\t<meta property=\"og:image:type\" content=\"image\/png\" \/>\n<meta name=\"author\" content=\"Nicolas Jacquemard\" \/>\n<meta name=\"twitter:card\" content=\"summary_large_image\" \/>\n<meta name=\"twitter:title\" content=\"OM : 8 joueurs de Marseille convoqu\u00e9s pour la CAN\" \/>\n<meta name=\"twitter:creator\" content=\"@https:\/\/twitter.com\/Nico_Jacquemard\" \/>\n<meta name=\"twitter:site\" content=\"@dicodusport\" \/>\n<script type=\"application\/ld+json\" class=\"yoast-schema-graph\">{\"@context\":\"https:\/\/schema.org\",\"@graph\":[{\"@type\":\"NewsArticle\",\"@id\":\"https:\/\/dicodusport.fr\/blog\/om-8-joueurs-de-marseille-convoques-pour-la-can\/#article\",\"isPartOf\":{\"@id\":\"https:\/\/dicodusport.fr\/blog\/om-8-joueurs-de-marseille-convoques-pour-la-can\/\"},\"author\":{\"name\":\"Nicolas Jacquemard\",\"@id\":\"https:\/\/dicodusport.fr\/blog\/#\/schema\/person\/55dcb50ad410894e431ed812bbb70191\"},\"headline\":\"OM : 8 joueurs de Marseille convoqu\u00e9s pour la CAN\",\"datePublished\":\"2023-12-29T14:22:48+00:00\",\"dateModified\":\"2023-12-29T15:36:40+00:00\",\"mainEntityOfPage\":{\"@id\":\"https:\/\/dicodusport.fr\/blog\/om-8-joueurs-de-marseille-convoques-pour-la-can\/\"},\"wordCount\":232,\"commentCount\":0,\"publisher\":{\"@id\":\"https:\/\/dicodusport.fr\/blog\/#organization\"},\"image\":{\"@id\":\"https:\/\/dicodusport.fr\/blog\/om-8-joueurs-de-marseille-convoques-pour-la-can\/#primaryimage\"},\"thumbnailUrl\":\"https:\/\/dicodusport.fr\/blog\/wp-content\/uploads\/2023\/12\/OM-8-joueurs-de-Marseille-convoques-pour-la-CAN.png\",\"keywords\":[\"br\u00e8ve\",\"CAN\",\"Football\",\"Ligue 1\",\"Marseille\",\"OM\"],\"articleSection\":[\"Football\",\"Ligue 1\"],\"inLanguage\":\"fr-FR\",\"potentialAction\":[{\"@type\":\"CommentAction\",\"name\":\"Comment\",\"target\":[\"https:\/\/dicodusport.fr\/blog\/om-8-joueurs-de-marseille-convoques-pour-la-can\/#respond\"]}],\"copyrightYear\":\"2023\",\"copyrightHolder\":{\"@id\":\"https:\/\/dicodusport.fr\/blog\/#organization\"}},{\"@type\":\"WebPage\",\"@id\":\"https:\/\/dicodusport.fr\/blog\/om-8-joueurs-de-marseille-convoques-pour-la-can\/\",\"url\":\"https:\/\/dicodusport.fr\/blog\/om-8-joueurs-de-marseille-convoques-pour-la-can\/\",\"name\":\"OM : 8 joueurs de Marseille convoqu\u00e9s pour la CAN\",\"isPartOf\":{\"@id\":\"https:\/\/dicodusport.fr\/blog\/#website\"},\"primaryImageOfPage\":{\"@id\":\"https:\/\/dicodusport.fr\/blog\/om-8-joueurs-de-marseille-convoques-pour-la-can\/#primaryimage\"},\"image\":{\"@id\":\"https:\/\/dicodusport.fr\/blog\/om-8-joueurs-de-marseille-convoques-pour-la-can\/#primaryimage\"},\"thumbnailUrl\":\"https:\/\/dicodusport.fr\/blog\/wp-content\/uploads\/2023\/12\/OM-8-joueurs-de-Marseille-convoques-pour-la-CAN.png\",\"datePublished\":\"2023-12-29T14:22:48+00:00\",\"dateModified\":\"2023-12-29T15:36:40+00:00\",\"description\":\"LIGUE 1 2023-2024 - Huit joueurs de l'Olympique de Marseille ont \u00e9t\u00e9 convoqu\u00e9s pour la Coupe d'Afrique des Nations.\u00a0\",\"breadcrumb\":{\"@id\":\"https:\/\/dicodusport.fr\/blog\/om-8-joueurs-de-marseille-convoques-pour-la-can\/#breadcrumb\"},\"inLanguage\":\"fr-FR\",\"potentialAction\":[{\"@type\":\"ReadAction\",\"target\":[\"https:\/\/dicodusport.fr\/blog\/om-8-joueurs-de-marseille-convoques-pour-la-can\/\"]}]},{\"@type\":\"ImageObject\",\"inLanguage\":\"fr-FR\",\"@id\":\"https:\/\/dicodusport.fr\/blog\/om-8-joueurs-de-marseille-convoques-pour-la-can\/#primaryimage\",\"url\":\"https:\/\/dicodusport.fr\/blog\/wp-content\/uploads\/2023\/12\/OM-8-joueurs-de-Marseille-convoques-pour-la-CAN.png\",\"contentUrl\":\"https:\/\/dicodusport.fr\/blog\/wp-content\/uploads\/2023\/12\/OM-8-joueurs-de-Marseille-convoques-pour-la-CAN.png\",\"width\":1200,\"height\":674,\"caption\":\"OM 8 joueurs de Marseille convoque\u0301s pour la CAN\"},{\"@type\":\"BreadcrumbList\",\"@id\":\"https:\/\/dicodusport.fr\/blog\/om-8-joueurs-de-marseille-convoques-pour-la-can\/#breadcrumb\",\"itemListElement\":[{\"@type\":\"ListItem\",\"position\":1,\"name\":\"Accueil\",\"item\":\"https:\/\/dicodusport.fr\/blog\/\"},{\"@type\":\"ListItem\",\"position\":2,\"name\":\"OM : 8 joueurs de Marseille convoqu\u00e9s pour la CAN\"}]},{\"@type\":\"WebSite\",\"@id\":\"https:\/\/dicodusport.fr\/blog\/#website\",\"url\":\"https:\/\/dicodusport.fr\/blog\/\",\"name\":\"Dicodusport\",\"description\":\"L&#039;encyclop\u00e9die de l&#039;actualit\u00e9 sportive\",\"publisher\":{\"@id\":\"https:\/\/dicodusport.fr\/blog\/#organization\"},\"potentialAction\":[{\"@type\":\"SearchAction\",\"target\":{\"@type\":\"EntryPoint\",\"urlTemplate\":\"https:\/\/dicodusport.fr\/blog\/?s={search_term_string}\"},\"query-input\":{\"@type\":\"PropertyValueSpecification\",\"valueRequired\":true,\"valueName\":\"search_term_string\"}}],\"inLanguage\":\"fr-FR\"},{\"@type\":\"NewsMediaOrganization\",\"@id\":\"https:\/\/dicodusport.fr\/blog\/#organization\",\"name\":\"Dicodusport\",\"url\":\"https:\/\/dicodusport.fr\/blog\/\",\"logo\":{\"@type\":\"ImageObject\",\"inLanguage\":\"fr-FR\",\"@id\":\"https:\/\/dicodusport.fr\/blog\/#\/schema\/logo\/image\/\",\"url\":\"https:\/\/dicodusport.fr\/blog\/wp-content\/uploads\/2020\/06\/cropped-LOGO-DICODUSPORT-2020-SANS-FOND-SANS-TEXTE.png\",\"contentUrl\":\"https:\/\/dicodusport.fr\/blog\/wp-content\/uploads\/2020\/06\/cropped-LOGO-DICODUSPORT-2020-SANS-FOND-SANS-TEXTE.png\",\"width\":512,\"height\":512,\"caption\":\"Dicodusport\"},\"image\":{\"@id\":\"https:\/\/dicodusport.fr\/blog\/#\/schema\/logo\/image\/\"},\"sameAs\":[\"https:\/\/www.facebook.com\/dicodusport\",\"https:\/\/x.com\/dicodusport\",\"https:\/\/www.instagram.com\/dicodusport\/\",\"https:\/\/www.youtube.com\/channel\/UC7V2KZ5sd3htJivAbA4ZG3w\"],\"description\":\"Dicodusport est l'encyclop\u00e9die de l'actualit\u00e9 sportive.\",\"email\":\"bonjour@dicodusport.fr\",\"legalName\":\"DICODUSPORT\",\"foundingDate\":\"2018-01-14\",\"vatID\":\"FR71834470973\",\"taxID\":\"83447097300043\",\"numberOfEmployees\":{\"@type\":\"QuantitativeValue\",\"minValue\":\"1\",\"maxValue\":\"10\"}},{\"@type\":\"Person\",\"@id\":\"https:\/\/dicodusport.fr\/blog\/#\/schema\/person\/55dcb50ad410894e431ed812bbb70191\",\"name\":\"Nicolas Jacquemard\",\"image\":{\"@type\":\"ImageObject\",\"inLanguage\":\"fr-FR\",\"@id\":\"https:\/\/dicodusport.fr\/blog\/#\/schema\/person\/image\/\",\"url\":\"https:\/\/dicodusport.fr\/blog\/wp-content\/uploads\/2021\/05\/Nicolas-Jacquemard-150x150.jpeg\",\"contentUrl\":\"https:\/\/dicodusport.fr\/blog\/wp-content\/uploads\/2021\/05\/Nicolas-Jacquemard-150x150.jpeg\",\"caption\":\"Nicolas Jacquemard\"},\"description\":\"Passionn\u00e9 de sport et entrepreneur depuis mes 18 ans, la cr\u00e9ation de Dicodusport m'a sembl\u00e9 \u00e9vidente pour participer \u00e0 la m\u00e9diatisation d'un plus grand nombre de sports. Le chemin est long mais avec une \u00e9quipe des plus motiv\u00e9es et les Jeux Olympiques de Paris 2024 en point de mire, nous y arriverons ! Journaliste dans le monde du sport depuis plus de 5 ans, je traite aussi bien de football, de rugby, de biathlon que de cyclisme.\",\"sameAs\":[\"https:\/\/www.facebook.com\/dicodusport\",\"https:\/\/x.com\/https:\/\/twitter.com\/Nico_Jacquemard\"],\"url\":\"https:\/\/dicodusport.fr\/blog\/author\/dicodusport\/\"}]}<\/script>\n<!-- \/ Yoast SEO Premium plugin. -->","yoast_head_json":{"title":"OM : 8 joueurs de Marseille convoqu\u00e9s pour la CAN","description":"LIGUE 1 2023-2024 - Huit joueurs de l'Olympique de Marseille ont \u00e9t\u00e9 convoqu\u00e9s pour la Coupe d'Afrique des Nations.\u00a0","robots":{"index":"index","follow":"follow","max-snippet":"max-snippet:-1","max-image-preview":"max-image-preview:large","max-video-preview":"max-video-preview:-1"},"canonical":"https:\/\/dicodusport.fr\/blog\/om-8-joueurs-de-marseille-convoques-pour-la-can\/","og_locale":"fr_FR","og_type":"article","og_title":"OM : 8 joueurs de Marseille convoqu\u00e9s pour la CAN","og_description":"LIGUE 1 2023-2024 - Huit joueurs de l'Olympique de Marseille ont \u00e9t\u00e9 convoqu\u00e9s pour la Coupe d'Afrique des Nations.\u00a0","og_url":"https:\/\/dicodusport.fr\/blog\/om-8-joueurs-de-marseille-convoques-pour-la-can\/","og_site_name":"Dicodusport","article_publisher":"https:\/\/www.facebook.com\/dicodusport","article_author":"https:\/\/www.facebook.com\/dicodusport","article_published_time":"2023-12-29T14:22:48+00:00","article_modified_time":"2023-12-29T15:36:40+00:00","og_image":[{"width":1200,"height":674,"url":"https:\/\/dicodusport.fr\/blog\/wp-content\/uploads\/2023\/12\/OM-8-joueurs-de-Marseille-convoques-pour-la-CAN.png","type":"image\/png"}],"author":"Nicolas Jacquemard","twitter_card":"summary_large_image","twitter_title":"OM : 8 joueurs de Marseille convoqu\u00e9s pour la CAN","twitter_creator":"@https:\/\/twitter.com\/Nico_Jacquemard","twitter_site":"@dicodusport","schema":{"@context":"https:\/\/schema.org","@graph":[{"@type":"NewsArticle","@id":"https:\/\/dicodusport.fr\/blog\/om-8-joueurs-de-marseille-convoques-pour-la-can\/#article","isPartOf":{"@id":"https:\/\/dicodusport.fr\/blog\/om-8-joueurs-de-marseille-convoques-pour-la-can\/"},"author":{"name":"Nicolas Jacquemard","@id":"https:\/\/dicodusport.fr\/blog\/#\/schema\/person\/55dcb50ad410894e431ed812bbb70191"},"headline":"OM : 8 joueurs de Marseille convoqu\u00e9s pour la CAN","datePublished":"2023-12-29T14:22:48+00:00","dateModified":"2023-12-29T15:36:40+00:00","mainEntityOfPage":{"@id":"https:\/\/dicodusport.fr\/blog\/om-8-joueurs-de-marseille-convoques-pour-la-can\/"},"wordCount":232,"commentCount":0,"publisher":{"@id":"https:\/\/dicodusport.fr\/blog\/#organization"},"image":{"@id":"https:\/\/dicodusport.fr\/blog\/om-8-joueurs-de-marseille-convoques-pour-la-can\/#primaryimage"},"thumbnailUrl":"https:\/\/dicodusport.fr\/blog\/wp-content\/uploads\/2023\/12\/OM-8-joueurs-de-Marseille-convoques-pour-la-CAN.png","keywords":["br\u00e8ve","CAN","Football","Ligue 1","Marseille","OM"],"articleSection":["Football","Ligue 1"],"inLanguage":"fr-FR","potentialAction":[{"@type":"CommentAction","name":"Comment","target":["https:\/\/dicodusport.fr\/blog\/om-8-joueurs-de-marseille-convoques-pour-la-can\/#respond"]}],"copyrightYear":"2023","copyrightHolder":{"@id":"https:\/\/dicodusport.fr\/blog\/#organization"}},{"@type":"WebPage","@id":"https:\/\/dicodusport.fr\/blog\/om-8-joueurs-de-marseille-convoques-pour-la-can\/","url":"https:\/\/dicodusport.fr\/blog\/om-8-joueurs-de-marseille-convoques-pour-la-can\/","name":"OM : 8 joueurs de Marseille convoqu\u00e9s pour la CAN","isPartOf":{"@id":"https:\/\/dicodusport.fr\/blog\/#website"},"primaryImageOfPage":{"@id":"https:\/\/dicodusport.fr\/blog\/om-8-joueurs-de-marseille-convoques-pour-la-can\/#primaryimage"},"image":{"@id":"https:\/\/dicodusport.fr\/blog\/om-8-joueurs-de-marseille-convoques-pour-la-can\/#primaryimage"},"thumbnailUrl":"https:\/\/dicodusport.fr\/blog\/wp-content\/uploads\/2023\/12\/OM-8-joueurs-de-Marseille-convoques-pour-la-CAN.png","datePublished":"2023-12-29T14:22:48+00:00","dateModified":"2023-12-29T15:36:40+00:00","description":"LIGUE 1 2023-2024 - Huit joueurs de l'Olympique de Marseille ont \u00e9t\u00e9 convoqu\u00e9s pour la Coupe d'Afrique des Nations.\u00a0","breadcrumb":{"@id":"https:\/\/dicodusport.fr\/blog\/om-8-joueurs-de-marseille-convoques-pour-la-can\/#breadcrumb"},"inLanguage":"fr-FR","potentialAction":[{"@type":"ReadAction","target":["https:\/\/dicodusport.fr\/blog\/om-8-joueurs-de-marseille-convoques-pour-la-can\/"]}]},{"@type":"ImageObject","inLanguage":"fr-FR","@id":"https:\/\/dicodusport.fr\/blog\/om-8-joueurs-de-marseille-convoques-pour-la-can\/#primaryimage","url":"https:\/\/dicodusport.fr\/blog\/wp-content\/uploads\/2023\/12\/OM-8-joueurs-de-Marseille-convoques-pour-la-CAN.png","contentUrl":"https:\/\/dicodusport.fr\/blog\/wp-content\/uploads\/2023\/12\/OM-8-joueurs-de-Marseille-convoques-pour-la-CAN.png","width":1200,"height":674,"caption":"OM 8 joueurs de Marseille convoque\u0301s pour la CAN"},{"@type":"BreadcrumbList","@id":"https:\/\/dicodusport.fr\/blog\/om-8-joueurs-de-marseille-convoques-pour-la-can\/#breadcrumb","itemListElement":[{"@type":"ListItem","position":1,"name":"Accueil","item":"https:\/\/dicodusport.fr\/blog\/"},{"@type":"ListItem","position":2,"name":"OM : 8 joueurs de Marseille convoqu\u00e9s pour la CAN"}]},{"@type":"WebSite","@id":"https:\/\/dicodusport.fr\/blog\/#website","url":"https:\/\/dicodusport.fr\/blog\/","name":"Dicodusport","description":"L&#039;encyclop\u00e9die de l&#039;actualit\u00e9 sportive","publisher":{"@id":"https:\/\/dicodusport.fr\/blog\/#organization"},"potentialAction":[{"@type":"SearchAction","target":{"@type":"EntryPoint","urlTemplate":"https:\/\/dicodusport.fr\/blog\/?s={search_term_string}"},"query-input":{"@type":"PropertyValueSpecification","valueRequired":true,"valueName":"search_term_string"}}],"inLanguage":"fr-FR"},{"@type":"NewsMediaOrganization","@id":"https:\/\/dicodusport.fr\/blog\/#organization","name":"Dicodusport","url":"https:\/\/dicodusport.fr\/blog\/","logo":{"@type":"ImageObject","inLanguage":"fr-FR","@id":"https:\/\/dicodusport.fr\/blog\/#\/schema\/logo\/image\/","url":"https:\/\/dicodusport.fr\/blog\/wp-content\/uploads\/2020\/06\/cropped-LOGO-DICODUSPORT-2020-SANS-FOND-SANS-TEXTE.png","contentUrl":"https:\/\/dicodusport.fr\/blog\/wp-content\/uploads\/2020\/06\/cropped-LOGO-DICODUSPORT-2020-SANS-FOND-SANS-TEXTE.png","width":512,"height":512,"caption":"Dicodusport"},"image":{"@id":"https:\/\/dicodusport.fr\/blog\/#\/schema\/logo\/image\/"},"sameAs":["https:\/\/www.facebook.com\/dicodusport","https:\/\/x.com\/dicodusport","https:\/\/www.instagram.com\/dicodusport\/","https:\/\/www.youtube.com\/channel\/UC7V2KZ5sd3htJivAbA4ZG3w"],"description":"Dicodusport est l'encyclop\u00e9die de l'actualit\u00e9 sportive.","email":"bonjour@dicodusport.fr","legalName":"DICODUSPORT","foundingDate":"2018-01-14","vatID":"FR71834470973","taxID":"83447097300043","numberOfEmployees":{"@type":"QuantitativeValue","minValue":"1","maxValue":"10"}},{"@type":"Person","@id":"https:\/\/dicodusport.fr\/blog\/#\/schema\/person\/55dcb50ad410894e431ed812bbb70191","name":"Nicolas Jacquemard","image":{"@type":"ImageObject","inLanguage":"fr-FR","@id":"https:\/\/dicodusport.fr\/blog\/#\/schema\/person\/image\/","url":"https:\/\/dicodusport.fr\/blog\/wp-content\/uploads\/2021\/05\/Nicolas-Jacquemard-150x150.jpeg","contentUrl":"https:\/\/dicodusport.fr\/blog\/wp-content\/uploads\/2021\/05\/Nicolas-Jacquemard-150x150.jpeg","caption":"Nicolas Jacquemard"},"description":"Passionn\u00e9 de sport et entrepreneur depuis mes 18 ans, la cr\u00e9ation de Dicodusport m'a sembl\u00e9 \u00e9vidente pour participer \u00e0 la m\u00e9diatisation d'un plus grand nombre de sports. Le chemin est long mais avec une \u00e9quipe des plus motiv\u00e9es et les Jeux Olympiques de Paris 2024 en point de mire, nous y arriverons ! Journaliste dans le monde du sport depuis plus de 5 ans, je traite aussi bien de football, de rugby, de biathlon que de cyclisme.","sameAs":["https:\/\/www.facebook.com\/dicodusport","https:\/\/x.com\/https:\/\/twitter.com\/Nico_Jacquemard"],"url":"https:\/\/dicodusport.fr\/blog\/author\/dicodusport\/"}]}},"_links":{"self":[{"href":"https:\/\/dicodusport.fr\/blog\/wp-json\/wp\/v2\/posts\/448102","targetHints":{"allow":["GET"]}}],"collection":[{"href":"https:\/\/dicodusport.fr\/blog\/wp-json\/wp\/v2\/posts"}],"about":[{"href":"https:\/\/dicodusport.fr\/blog\/wp-json\/wp\/v2\/types\/post"}],"author":[{"embeddable":true,"href":"https:\/\/dicodusport.fr\/blog\/wp-json\/wp\/v2\/users\/1"}],"replies":[{"embeddable":true,"href":"https:\/\/dicodusport.fr\/blog\/wp-json\/wp\/v2\/comments?post=448102"}],"version-history":[{"count":4,"href":"https:\/\/dicodusport.fr\/blog\/wp-json\/wp\/v2\/posts\/448102\/revisions"}],"predecessor-version":[{"id":448143,"href":"https:\/\/dicodusport.fr\/blog\/wp-json\/wp\/v2\/posts\/448102\/revisions\/448143"}],"wp:featuredmedia":[{"embeddable":true,"href":"https:\/\/dicodusport.fr\/blog\/wp-json\/wp\/v2\/media\/448130"}],"wp:attachment":[{"href":"https:\/\/dicodusport.fr\/blog\/wp-json\/wp\/v2\/media?parent=448102"}],"wp:term":[{"taxonomy":"category","embeddable":true,"href":"https:\/\/dicodusport.fr\/blog\/wp-json\/wp\/v2\/categories?post=448102"},{"taxonomy":"post_tag","embeddable":true,"href":"https:\/\/dicodusport.fr\/blog\/wp-json\/wp\/v2\/tags?post=448102"}],"curies":[{"name":"wp","href":"https:\/\/api.w.org\/{rel}","templated":true}]}}