{"id":448296,"date":"2023-12-30T16:00:11","date_gmt":"2023-12-30T15:00:11","guid":{"rendered":"https:\/\/dicodusport.fr\/blog\/?p=448296&#038;preview=true&#038;preview_id=448296"},"modified":"2025-11-20T18:24:08","modified_gmt":"2025-11-20T17:24:08","slug":"champion-des-champions-francais-2023-arthur-bauchet-2eme-lempereur-des-neiges","status":"publish","type":"post","link":"https:\/\/dicodusport.fr\/blog\/champion-des-champions-francais-2023-arthur-bauchet-2eme-lempereur-des-neiges\/","title":{"rendered":"Champion des Champions fran\u00e7ais 2023 : Arthur Bauchet (2\u00e8me), l&#8217;empereur des neiges"},"content":{"rendered":"<p style=\"text-align: justify;\"><strong><em>MULTISPORTS &#8211; Comme tous les ans depuis 2018, Dicodusport vous a propos\u00e9 d&rsquo;\u00e9lire le Champion des Champions fran\u00e7ais de l&rsquo;ann\u00e9e. En 2023, ils sont 10 sur la ligne de d\u00e9part. Qui succ\u00e9dera \u00e0 Quentin Fillon Maillet ? On continue de d\u00e9rouler le classement, avec \u00e0 la 2\u00e8me place, le para skieur Arthur Bauchet.<\/em><\/strong><\/p>\n<h2 style=\"text-align: justify;\">Le d\u00e9roulement<\/h2>\n<p style=\"text-align: justify;\">Comme en 2023, vos votes, lecteurs de Dicodusport, ont compt\u00e9 pour 50 % dans le r\u00e9sultat final de l&rsquo;\u00e9lection du <strong>Champion des Champions fran\u00e7ais<\/strong>. Il y a ensuite eu le vote de la r\u00e9daction (12 votants), qui a compl\u00e9t\u00e9 le scrutin du public, et qui compte \u00e9galement pour 50 % dans le r\u00e9sultat.<\/p>\n<p style=\"text-align: justify;\">D&rsquo;abord, <strong>le laur\u00e9at du vote des lecteurs remporte 10 points<\/strong>, le deuxi\u00e8me 9 points, le troisi\u00e8me 8 points etc, jusqu&rsquo;au sportif arriv\u00e9 en 10\u00e8me et derni\u00e8re position, qui r\u00e9colte 1 point.<\/p>\n<p style=\"text-align: justify;\">Concernant le vote de la r\u00e9daction, les 12 membres ayant vot\u00e9 <strong>ont chacun fait un classement de 1 \u00e0 10<\/strong>, avec l\u00e0 aussi, 10 points attribu\u00e9s pour la premi\u00e8re place, 9 points pour la deuxi\u00e8me place, et ainsi de suite jusqu&rsquo;\u00e0 la 10\u00e8me place (1 point). Le total des 12 classements a ensuite \u00e9t\u00e9 r\u00e9alis\u00e9. \u00c0 l&rsquo;issue de ce d\u00e9compte, le sportif ayant r\u00e9colt\u00e9 le plus de points au total, inscrit 10 points, 9 points pour le deuxi\u00e8me, 8 points pour le troisi\u00e8me etc, jusqu&rsquo;au sportif arriv\u00e9 en 10\u00e8me et derni\u00e8re position, qui r\u00e9colte 1 point.<\/p>\n<p style=\"text-align: justify;\">Pour arriver au classement final du <strong>Champion des Champions Fran\u00e7ais 2023<\/strong>, les points du vote des lecteurs (10 maximum) ont \u00e9t\u00e9 additionn\u00e9s \u00e0 ceux du total des membres de la r\u00e9daction (10 maximum). Un sportif pouvait alors recevoir, au maximum, 20 points.<\/p>\n<hr \/>\n<h2 style=\"text-align: justify;\">Arthur Bauchet (2\u00e8me), l&#8217;empereur des neiges<\/h2>\n<p style=\"text-align: justify;\"><span style=\"text-decoration: underline;\"><strong>Son palmar\u00e8s en 2023<\/strong><\/span> : Quadruple m\u00e9daill\u00e9 aux championnats du monde de ski handisport. Titr\u00e9 en g\u00e9ant pour la troisi\u00e8me fois, en combin\u00e9 pour la troisi\u00e8me fois, en slalom pour la quati\u00e8me fois. Le voil\u00e0 d\u00e9sormais d\u00e9cuple champion du monde. Vainqueur de son cinqui\u00e8me gros globe de cristal en Coupe du monde de para ski alpin, avec en prime, les petits globes du slalom et du Super-G.<\/p>\n<p style=\"text-align: justify;\"><span style=\"text-decoration: underline;\"><strong>Le d\u00e9tail des votes<\/strong><\/span><strong> :<\/strong><br \/>\n5\u00e8me du vote des lecteurs avec 6 % des voix (110 voix sur 1 860 votes) = <strong>6 points<\/strong><br \/>\n2\u00e8me du vote de la r\u00e9daction avec 94 points = <strong>9 points<\/strong><br \/>\n<strong><em>Total = 15 points<\/em><\/strong><\/p>\n<blockquote class=\"twitter-tweet\">\n<p dir=\"ltr\" lang=\"fr\">\ud83c\uddeb\ud83c\uddf7 LE TRIPL\u00c9 FRAN\u00c7AIS AUX MONDIAUX DE PARA SKI !<\/p>\n<p>Podium 100% Fran\u00e7ais sur le slalom avec Arthur Bauchet, Jordan Broisin et Oscar Burnham, pour terminer une incroyable semaine ! <a href=\"https:\/\/twitter.com\/hashtag\/lequipeSKI?src=hash&amp;ref_src=twsrc%5Etfw\">#lequipeSKI<\/a> <a href=\"https:\/\/t.co\/B4hwmPTZbM\">pic.twitter.com\/B4hwmPTZbM<\/a><\/p>\n<p>\u2014 la chaine L&rsquo;\u00c9quipe (@lachainelequipe) <a href=\"https:\/\/twitter.com\/lachainelequipe\/status\/1619732416104390656?ref_src=twsrc%5Etfw\">January 29, 2023<\/a><\/p><\/blockquote>\n<p><script async src=\"https:\/\/platform.twitter.com\/widgets.js\" charset=\"utf-8\"><\/script><\/p>\n<p style=\"text-align: justify;\">Lui aussi, repousse les limites. \u00c0 23 ans, <strong>Arthur Bauchet<\/strong> n&rsquo;a pas d&rsquo;\u00e9gal en para ski alpin, dans la cat\u00e9gorie (LW3), celle des skieurs handisports qui pratiquent l&rsquo;alpin debout. La saison pass\u00e9e, le natif de Saint-Tropez a une fois de plus r\u00e9gn\u00e9 en ma\u00eetre. Lors des championnats du monde de para sports d&rsquo;hiver \u00e0 Espot (Espagne), l&rsquo;octuple m\u00e9daill\u00e9 paralympique (trois titres) a presque tout rafl\u00e9.<\/p>\n<p style=\"text-align: justify;\">Titr\u00e9 en g\u00e9ant pour la troisi\u00e8me fois, en combin\u00e9 pour la troisi\u00e8me fois, en slalom pour la sixi\u00e8me fois. Sans oublier une m\u00e9daille de bronze sur le Super-G. Le voil\u00e0 d\u00e9sormais d\u00e9cuple champion du monde. Cerise sur le g\u00e2teau, en Espagne, il a pu c\u00e9l\u00e9brer son quatri\u00e8me sacre plan\u00e9taire en slalom aux c\u00f4t\u00e9s de <strong>Jordan Broisin<\/strong> et <strong>Oscar Burnham<\/strong>, pour un tripl\u00e9 bleu.<\/p>\n<p style=\"text-align: justify;\">Sa saison est une fois de plus exceptionnelle gr\u00e2ce, aussi, \u00e0 une nouvelle razzia en Coupe du monde. Vainqueur de son cinqui\u00e8me gros globe de cristal de para ski alpin, avec en prime, les petits globes du slalom et du Super-G, <strong>Arthur Bauchet<\/strong> ne cesse de d\u00e9valer les pentes avec succ\u00e8s. Et il n&rsquo;a que 23 ans.<\/p>\n<div id=\"attachment_350187\" style=\"width: 810px\" class=\"wp-caption aligncenter\"><img loading=\"lazy\" decoding=\"async\" aria-describedby=\"caption-attachment-350187\" class=\"size-full wp-image-350187\" src=\"https:\/\/dicodusport.fr\/blog\/wp-content\/uploads\/2023\/01\/Mondiaux-de-para-ski-alpin-Arthur-Bauchet-mene-un-triple-bleu-sur-le-slalom.png\" alt=\"Mondiaux de para ski alpin Arthur Bauchet m\u00e8ne un tripl\u00e9 bleu sur le slalom\" width=\"800\" height=\"445\" srcset=\"https:\/\/dicodusport.fr\/blog\/wp-content\/uploads\/2023\/01\/Mondiaux-de-para-ski-alpin-Arthur-Bauchet-mene-un-triple-bleu-sur-le-slalom.png 800w, https:\/\/dicodusport.fr\/blog\/wp-content\/uploads\/2023\/01\/Mondiaux-de-para-ski-alpin-Arthur-Bauchet-mene-un-triple-bleu-sur-le-slalom-300x167.png 300w, https:\/\/dicodusport.fr\/blog\/wp-content\/uploads\/2023\/01\/Mondiaux-de-para-ski-alpin-Arthur-Bauchet-mene-un-triple-bleu-sur-le-slalom-768x427.png 768w\" sizes=\"auto, (max-width: 800px) 100vw, 800px\" \/><p id=\"caption-attachment-350187\" class=\"wp-caption-text\">Mondiaux de para ski &#8211; alpin Arthur Bauchet m\u00e8ne un tripl\u00e9 bleu sur le slalom avec Jordan Broisin et Oscar Burnham &#8211; Photo Marcus Hartmann via FF Handisport<\/p><\/div>\n<h2 style=\"text-align: justify;\">Le classement d\u00e9j\u00e0 d\u00e9voil\u00e9<\/h2>\n<ul>\n<li style=\"text-align: justify;\"><a href=\"https:\/\/dicodusport.fr\/blog\/champion-des-champions-francais-2023-felix-lebrun-3eme-le-crack-du-ping\/\"><strong>F\u00e9lix Lebrun (3\u00e8me), le crack du ping<\/strong><\/a><\/li>\n<li style=\"text-align: justify;\"><a href=\"https:\/\/dicodusport.fr\/blog\/champion-des-champions-francais-2023-alexandre-leaute-4eme-le-chercheur-dor\/\"><strong>Alexandre L\u00e9aut\u00e9 (4\u00e8me), le chercheur d\u2019or<\/strong><\/a><\/li>\n<li style=\"text-align: justify;\"><a href=\"https:\/\/dicodusport.fr\/blog\/champion-des-champions-francais-2023-romain-mahieu-5eme-le-glouton\/\"><strong>Romain Mahieu (5\u00e8me), le glouton<\/strong><\/a><\/li>\n<li style=\"text-align: justify;\"><a href=\"https:\/\/dicodusport.fr\/blog\/champion-des-champions-francais-2023-steven-da-costa-6eme-lindestructible\/\"><strong>Steven Da Costa (6\u00e8me), l\u2019indestructible<\/strong><\/a><\/li>\n<li style=\"text-align: justify;\"><a href=\"https:\/\/dicodusport.fr\/blog\/champion-des-champions-francais-2023-christophe-laporte-7eme-ca-roule-toujours\/\"><strong>Christophe Laporte (7\u00e8me), \u00e7a roule toujours<\/strong><\/a><\/li>\n<li style=\"text-align: justify;\"><a href=\"https:\/\/dicodusport.fr\/blog\/champion-des-champions-francais-2023-ibrahim-ghanem-8eme-le-roi-de-la-lutte\/\"><strong>Ibrahim Ghanem (8\u00e8me), le roi de la lutte<\/strong><\/a><\/li>\n<li style=\"text-align: justify;\"><a href=\"https:\/\/dicodusport.fr\/blog\/champion-des-champions-francais-2023-mickael-mawem-9eme-le-grimpeur-dore\/\"><strong>Mickael Mawem (9\u00e8me), le grimpeur dor\u00e9<\/strong><\/a><\/li>\n<li style=\"text-align: justify;\"><strong><a href=\"https:\/\/dicodusport.fr\/blog\/champion-des-champions-francais-2023-sofiane-oumiha-10eme-des-poings-en-or\/\">Sofiane Oumiha (10\u00e8me), des poings en or<\/a>\u00a0<\/strong><\/li>\n<\/ul>\n","protected":false},"excerpt":{"rendered":"<p>MULTISPORTS &#8211; Le para skieur Arthur Bauchet est 2\u00e8me du classement du Champion des Champions fran\u00e7ais 2023.<\/p>\n","protected":false},"author":4,"featured_media":448301,"comment_status":"open","ping_status":"closed","sticky":false,"template":"","format":"standard","meta":{"_acf_changed":false,"_daextam_enable_autolinks":"1","footnotes":""},"categories":[5753,9217,2316],"tags":[32415,4004,16878,12789,20621,12818],"class_list":["post-448296","post","type-post","status-publish","format-standard","has-post-thumbnail","hentry","category-handisport","category-ski","category-tous-les-sports","tag-actu","tag-arthur-bauchet","tag-breve","tag-recompense","tag-recompenses-tricolores","tag-sportifs-francais"],"acf":[],"yoast_head":"<!-- This site is optimized with the Yoast SEO Premium plugin v26.7 (Yoast SEO v26.7) - https:\/\/yoast.com\/wordpress\/plugins\/seo\/ -->\n<title>Champion des Champions fran\u00e7ais 2023 : Arthur Bauchet (2\u00e8me), l&#039;empereur des neiges<\/title>\n<meta name=\"description\" content=\"MULTISPORTS - Le para skieur Arthur Bauchet est 2\u00e8me du classement du Champion des Champions fran\u00e7ais 2023.\" \/>\n<meta name=\"robots\" content=\"index, follow, max-snippet:-1, max-image-preview:large, max-video-preview:-1\" \/>\n<link rel=\"canonical\" href=\"https:\/\/dicodusport.fr\/blog\/champion-des-champions-francais-2023-arthur-bauchet-2eme-lempereur-des-neiges\/\" \/>\n<meta property=\"og:locale\" content=\"fr_FR\" \/>\n<meta property=\"og:type\" content=\"article\" \/>\n<meta property=\"og:title\" content=\"Champion des Champions fran\u00e7ais 2023 : Arthur Bauchet (2\u00e8me), l&#039;empereur des neiges\" \/>\n<meta property=\"og:description\" content=\"MULTISPORTS - Le para skieur Arthur Bauchet est 2\u00e8me du classement du Champion des Champions fran\u00e7ais 2023.\" \/>\n<meta property=\"og:url\" content=\"https:\/\/dicodusport.fr\/blog\/champion-des-champions-francais-2023-arthur-bauchet-2eme-lempereur-des-neiges\/\" \/>\n<meta property=\"og:site_name\" content=\"Dicodusport\" \/>\n<meta property=\"article:publisher\" content=\"https:\/\/www.facebook.com\/dicodusport\" \/>\n<meta property=\"article:author\" content=\"https:\/\/www.facebook.com\/florent.ostermann\" \/>\n<meta property=\"article:published_time\" content=\"2023-12-30T15:00:11+00:00\" \/>\n<meta property=\"article:modified_time\" content=\"2025-11-20T17:24:08+00:00\" \/>\n<meta property=\"og:image\" content=\"https:\/\/dicodusport.fr\/blog\/wp-content\/uploads\/2023\/12\/Champion-des-Champions-francais-2023-Arthur-Bauchet-2eme-lempereur-des-neiges.png\" \/>\n\t<meta property=\"og:image:width\" content=\"1200\" \/>\n\t<meta property=\"og:image:height\" content=\"674\" \/>\n\t<meta property=\"og:image:type\" content=\"image\/png\" \/>\n<meta name=\"author\" content=\"Flo Ostermann\" \/>\n<meta name=\"twitter:card\" content=\"summary_large_image\" \/>\n<meta name=\"twitter:title\" content=\"Champion des Champions fran\u00e7ais 2023 : Arthur Bauchet (2\u00e8me), l&#039;empereur des neiges\" \/>\n<meta name=\"twitter:creator\" content=\"@https:\/\/twitter.com\/FlOstermann\" \/>\n<meta name=\"twitter:site\" content=\"@dicodusport\" \/>\n<script type=\"application\/ld+json\" class=\"yoast-schema-graph\">{\"@context\":\"https:\/\/schema.org\",\"@graph\":[{\"@type\":\"NewsArticle\",\"@id\":\"https:\/\/dicodusport.fr\/blog\/champion-des-champions-francais-2023-arthur-bauchet-2eme-lempereur-des-neiges\/#article\",\"isPartOf\":{\"@id\":\"https:\/\/dicodusport.fr\/blog\/champion-des-champions-francais-2023-arthur-bauchet-2eme-lempereur-des-neiges\/\"},\"author\":{\"name\":\"Flo Ostermann\",\"@id\":\"https:\/\/dicodusport.fr\/blog\/#\/schema\/person\/cb02af4c173ce4a653b55e9baf388d4a\"},\"headline\":\"Champion des Champions fran\u00e7ais 2023 : Arthur Bauchet (2\u00e8me), l&#8217;empereur des neiges\",\"datePublished\":\"2023-12-30T15:00:11+00:00\",\"dateModified\":\"2025-11-20T17:24:08+00:00\",\"mainEntityOfPage\":{\"@id\":\"https:\/\/dicodusport.fr\/blog\/champion-des-champions-francais-2023-arthur-bauchet-2eme-lempereur-des-neiges\/\"},\"wordCount\":747,\"commentCount\":0,\"publisher\":{\"@id\":\"https:\/\/dicodusport.fr\/blog\/#organization\"},\"image\":{\"@id\":\"https:\/\/dicodusport.fr\/blog\/champion-des-champions-francais-2023-arthur-bauchet-2eme-lempereur-des-neiges\/#primaryimage\"},\"thumbnailUrl\":\"https:\/\/dicodusport.fr\/blog\/wp-content\/uploads\/2023\/12\/Champion-des-Champions-francais-2023-Arthur-Bauchet-2eme-lempereur-des-neiges.png\",\"keywords\":[\"actu\",\"Arthur Bauchet\",\"br\u00e8ve\",\"R\u00e9compense\",\"R\u00e9compenses tricolores\",\"Sportifs fran\u00e7ais\"],\"articleSection\":[\"Handisport\",\"Ski\",\"Sports\"],\"inLanguage\":\"fr-FR\",\"potentialAction\":[{\"@type\":\"CommentAction\",\"name\":\"Comment\",\"target\":[\"https:\/\/dicodusport.fr\/blog\/champion-des-champions-francais-2023-arthur-bauchet-2eme-lempereur-des-neiges\/#respond\"]}],\"copyrightYear\":\"2023\",\"copyrightHolder\":{\"@id\":\"https:\/\/dicodusport.fr\/blog\/#organization\"}},{\"@type\":\"WebPage\",\"@id\":\"https:\/\/dicodusport.fr\/blog\/champion-des-champions-francais-2023-arthur-bauchet-2eme-lempereur-des-neiges\/\",\"url\":\"https:\/\/dicodusport.fr\/blog\/champion-des-champions-francais-2023-arthur-bauchet-2eme-lempereur-des-neiges\/\",\"name\":\"Champion des Champions fran\u00e7ais 2023 : Arthur Bauchet (2\u00e8me), l'empereur des neiges\",\"isPartOf\":{\"@id\":\"https:\/\/dicodusport.fr\/blog\/#website\"},\"primaryImageOfPage\":{\"@id\":\"https:\/\/dicodusport.fr\/blog\/champion-des-champions-francais-2023-arthur-bauchet-2eme-lempereur-des-neiges\/#primaryimage\"},\"image\":{\"@id\":\"https:\/\/dicodusport.fr\/blog\/champion-des-champions-francais-2023-arthur-bauchet-2eme-lempereur-des-neiges\/#primaryimage\"},\"thumbnailUrl\":\"https:\/\/dicodusport.fr\/blog\/wp-content\/uploads\/2023\/12\/Champion-des-Champions-francais-2023-Arthur-Bauchet-2eme-lempereur-des-neiges.png\",\"datePublished\":\"2023-12-30T15:00:11+00:00\",\"dateModified\":\"2025-11-20T17:24:08+00:00\",\"description\":\"MULTISPORTS - Le para skieur Arthur Bauchet est 2\u00e8me du classement du Champion des Champions fran\u00e7ais 2023.\",\"breadcrumb\":{\"@id\":\"https:\/\/dicodusport.fr\/blog\/champion-des-champions-francais-2023-arthur-bauchet-2eme-lempereur-des-neiges\/#breadcrumb\"},\"inLanguage\":\"fr-FR\",\"potentialAction\":[{\"@type\":\"ReadAction\",\"target\":[\"https:\/\/dicodusport.fr\/blog\/champion-des-champions-francais-2023-arthur-bauchet-2eme-lempereur-des-neiges\/\"]}]},{\"@type\":\"ImageObject\",\"inLanguage\":\"fr-FR\",\"@id\":\"https:\/\/dicodusport.fr\/blog\/champion-des-champions-francais-2023-arthur-bauchet-2eme-lempereur-des-neiges\/#primaryimage\",\"url\":\"https:\/\/dicodusport.fr\/blog\/wp-content\/uploads\/2023\/12\/Champion-des-Champions-francais-2023-Arthur-Bauchet-2eme-lempereur-des-neiges.png\",\"contentUrl\":\"https:\/\/dicodusport.fr\/blog\/wp-content\/uploads\/2023\/12\/Champion-des-Champions-francais-2023-Arthur-Bauchet-2eme-lempereur-des-neiges.png\",\"width\":1200,\"height\":674,\"caption\":\"Champion des Champions fran\u00e7ais 2023 Arthur Bauchet (2\u00e8me), l'empereur des neiges\"},{\"@type\":\"BreadcrumbList\",\"@id\":\"https:\/\/dicodusport.fr\/blog\/champion-des-champions-francais-2023-arthur-bauchet-2eme-lempereur-des-neiges\/#breadcrumb\",\"itemListElement\":[{\"@type\":\"ListItem\",\"position\":1,\"name\":\"Accueil\",\"item\":\"https:\/\/dicodusport.fr\/blog\/\"},{\"@type\":\"ListItem\",\"position\":2,\"name\":\"Champion des Champions fran\u00e7ais 2023 : Arthur Bauchet (2\u00e8me), l&#8217;empereur des neiges\"}]},{\"@type\":\"WebSite\",\"@id\":\"https:\/\/dicodusport.fr\/blog\/#website\",\"url\":\"https:\/\/dicodusport.fr\/blog\/\",\"name\":\"Dicodusport\",\"description\":\"L&#039;encyclop\u00e9die de l&#039;actualit\u00e9 sportive\",\"publisher\":{\"@id\":\"https:\/\/dicodusport.fr\/blog\/#organization\"},\"potentialAction\":[{\"@type\":\"SearchAction\",\"target\":{\"@type\":\"EntryPoint\",\"urlTemplate\":\"https:\/\/dicodusport.fr\/blog\/?s={search_term_string}\"},\"query-input\":{\"@type\":\"PropertyValueSpecification\",\"valueRequired\":true,\"valueName\":\"search_term_string\"}}],\"inLanguage\":\"fr-FR\"},{\"@type\":\"NewsMediaOrganization\",\"@id\":\"https:\/\/dicodusport.fr\/blog\/#organization\",\"name\":\"Dicodusport\",\"url\":\"https:\/\/dicodusport.fr\/blog\/\",\"logo\":{\"@type\":\"ImageObject\",\"inLanguage\":\"fr-FR\",\"@id\":\"https:\/\/dicodusport.fr\/blog\/#\/schema\/logo\/image\/\",\"url\":\"https:\/\/dicodusport.fr\/blog\/wp-content\/uploads\/2020\/06\/cropped-LOGO-DICODUSPORT-2020-SANS-FOND-SANS-TEXTE.png\",\"contentUrl\":\"https:\/\/dicodusport.fr\/blog\/wp-content\/uploads\/2020\/06\/cropped-LOGO-DICODUSPORT-2020-SANS-FOND-SANS-TEXTE.png\",\"width\":512,\"height\":512,\"caption\":\"Dicodusport\"},\"image\":{\"@id\":\"https:\/\/dicodusport.fr\/blog\/#\/schema\/logo\/image\/\"},\"sameAs\":[\"https:\/\/www.facebook.com\/dicodusport\",\"https:\/\/x.com\/dicodusport\",\"https:\/\/www.instagram.com\/dicodusport\/\",\"https:\/\/www.youtube.com\/channel\/UC7V2KZ5sd3htJivAbA4ZG3w\"],\"description\":\"Dicodusport est l'encyclop\u00e9die de l'actualit\u00e9 sportive.\",\"email\":\"bonjour@dicodusport.fr\",\"legalName\":\"DICODUSPORT\",\"foundingDate\":\"2018-01-14\",\"vatID\":\"FR71834470973\",\"taxID\":\"83447097300043\",\"numberOfEmployees\":{\"@type\":\"QuantitativeValue\",\"minValue\":\"1\",\"maxValue\":\"10\"}},{\"@type\":\"Person\",\"@id\":\"https:\/\/dicodusport.fr\/blog\/#\/schema\/person\/cb02af4c173ce4a653b55e9baf388d4a\",\"name\":\"Flo Ostermann\",\"image\":{\"@type\":\"ImageObject\",\"inLanguage\":\"fr-FR\",\"@id\":\"https:\/\/dicodusport.fr\/blog\/#\/schema\/person\/image\/\",\"url\":\"https:\/\/dicodusport.fr\/blog\/wp-content\/uploads\/2021\/05\/Flo-Ostermann-150x150.jpg\",\"contentUrl\":\"https:\/\/dicodusport.fr\/blog\/wp-content\/uploads\/2021\/05\/Flo-Ostermann-150x150.jpg\",\"caption\":\"Flo Ostermann\"},\"description\":\"Journaliste\/R\u00e9dacteur depuis septembre 2015 - Mes premiers souvenirs dans le sport ? Les envol\u00e9es du Stade Toulousain et les duels Villeneuve-Schumacher et H\u00e4kkinen-Schumacher \u00e0 la fin des ann\u00e9es 90, la Coupe du monde de football en 1998, l\u2019exploit du XV de France face aux All Blacks en 1999, mais aussi Richard C\u0153ur de Lion qui vole sur les montagnes du Tour de France. Bien parti pour devenir professeur d\u2019EPS, les \u00e9v\u00e9nements de la vie (et la flemme d\u2019animer des s\u00e9ances de 3x500 m\u00e8tres toute ma vie) m\u2019ont conduit \u00e0 revoir mes plans. Me voil\u00e0 depuis fin 2017 sur Dicodusport, m\u00e9dia gr\u00e2ce (et pour) lequel je partage ma passion : le sport dans tous ses \u00e9tats. Le tout accompagn\u00e9 par les fous furieux et folles furieuses cit\u00e9s sur cette page !\",\"sameAs\":[\"https:\/\/www.facebook.com\/florent.ostermann\",\"https:\/\/x.com\/https:\/\/twitter.com\/FlOstermann\",\"admin\"],\"url\":\"https:\/\/dicodusport.fr\/blog\/author\/flo\/\"}]}<\/script>\n<!-- \/ Yoast SEO Premium plugin. -->","yoast_head_json":{"title":"Champion des Champions fran\u00e7ais 2023 : Arthur Bauchet (2\u00e8me), l'empereur des neiges","description":"MULTISPORTS - Le para skieur Arthur Bauchet est 2\u00e8me du classement du Champion des Champions fran\u00e7ais 2023.","robots":{"index":"index","follow":"follow","max-snippet":"max-snippet:-1","max-image-preview":"max-image-preview:large","max-video-preview":"max-video-preview:-1"},"canonical":"https:\/\/dicodusport.fr\/blog\/champion-des-champions-francais-2023-arthur-bauchet-2eme-lempereur-des-neiges\/","og_locale":"fr_FR","og_type":"article","og_title":"Champion des Champions fran\u00e7ais 2023 : Arthur Bauchet (2\u00e8me), l'empereur des neiges","og_description":"MULTISPORTS - Le para skieur Arthur Bauchet est 2\u00e8me du classement du Champion des Champions fran\u00e7ais 2023.","og_url":"https:\/\/dicodusport.fr\/blog\/champion-des-champions-francais-2023-arthur-bauchet-2eme-lempereur-des-neiges\/","og_site_name":"Dicodusport","article_publisher":"https:\/\/www.facebook.com\/dicodusport","article_author":"https:\/\/www.facebook.com\/florent.ostermann","article_published_time":"2023-12-30T15:00:11+00:00","article_modified_time":"2025-11-20T17:24:08+00:00","og_image":[{"width":1200,"height":674,"url":"https:\/\/dicodusport.fr\/blog\/wp-content\/uploads\/2023\/12\/Champion-des-Champions-francais-2023-Arthur-Bauchet-2eme-lempereur-des-neiges.png","type":"image\/png"}],"author":"Flo Ostermann","twitter_card":"summary_large_image","twitter_title":"Champion des Champions fran\u00e7ais 2023 : Arthur Bauchet (2\u00e8me), l'empereur des neiges","twitter_creator":"@https:\/\/twitter.com\/FlOstermann","twitter_site":"@dicodusport","schema":{"@context":"https:\/\/schema.org","@graph":[{"@type":"NewsArticle","@id":"https:\/\/dicodusport.fr\/blog\/champion-des-champions-francais-2023-arthur-bauchet-2eme-lempereur-des-neiges\/#article","isPartOf":{"@id":"https:\/\/dicodusport.fr\/blog\/champion-des-champions-francais-2023-arthur-bauchet-2eme-lempereur-des-neiges\/"},"author":{"name":"Flo Ostermann","@id":"https:\/\/dicodusport.fr\/blog\/#\/schema\/person\/cb02af4c173ce4a653b55e9baf388d4a"},"headline":"Champion des Champions fran\u00e7ais 2023 : Arthur Bauchet (2\u00e8me), l&#8217;empereur des neiges","datePublished":"2023-12-30T15:00:11+00:00","dateModified":"2025-11-20T17:24:08+00:00","mainEntityOfPage":{"@id":"https:\/\/dicodusport.fr\/blog\/champion-des-champions-francais-2023-arthur-bauchet-2eme-lempereur-des-neiges\/"},"wordCount":747,"commentCount":0,"publisher":{"@id":"https:\/\/dicodusport.fr\/blog\/#organization"},"image":{"@id":"https:\/\/dicodusport.fr\/blog\/champion-des-champions-francais-2023-arthur-bauchet-2eme-lempereur-des-neiges\/#primaryimage"},"thumbnailUrl":"https:\/\/dicodusport.fr\/blog\/wp-content\/uploads\/2023\/12\/Champion-des-Champions-francais-2023-Arthur-Bauchet-2eme-lempereur-des-neiges.png","keywords":["actu","Arthur Bauchet","br\u00e8ve","R\u00e9compense","R\u00e9compenses tricolores","Sportifs fran\u00e7ais"],"articleSection":["Handisport","Ski","Sports"],"inLanguage":"fr-FR","potentialAction":[{"@type":"CommentAction","name":"Comment","target":["https:\/\/dicodusport.fr\/blog\/champion-des-champions-francais-2023-arthur-bauchet-2eme-lempereur-des-neiges\/#respond"]}],"copyrightYear":"2023","copyrightHolder":{"@id":"https:\/\/dicodusport.fr\/blog\/#organization"}},{"@type":"WebPage","@id":"https:\/\/dicodusport.fr\/blog\/champion-des-champions-francais-2023-arthur-bauchet-2eme-lempereur-des-neiges\/","url":"https:\/\/dicodusport.fr\/blog\/champion-des-champions-francais-2023-arthur-bauchet-2eme-lempereur-des-neiges\/","name":"Champion des Champions fran\u00e7ais 2023 : Arthur Bauchet (2\u00e8me), l'empereur des neiges","isPartOf":{"@id":"https:\/\/dicodusport.fr\/blog\/#website"},"primaryImageOfPage":{"@id":"https:\/\/dicodusport.fr\/blog\/champion-des-champions-francais-2023-arthur-bauchet-2eme-lempereur-des-neiges\/#primaryimage"},"image":{"@id":"https:\/\/dicodusport.fr\/blog\/champion-des-champions-francais-2023-arthur-bauchet-2eme-lempereur-des-neiges\/#primaryimage"},"thumbnailUrl":"https:\/\/dicodusport.fr\/blog\/wp-content\/uploads\/2023\/12\/Champion-des-Champions-francais-2023-Arthur-Bauchet-2eme-lempereur-des-neiges.png","datePublished":"2023-12-30T15:00:11+00:00","dateModified":"2025-11-20T17:24:08+00:00","description":"MULTISPORTS - Le para skieur Arthur Bauchet est 2\u00e8me du classement du Champion des Champions fran\u00e7ais 2023.","breadcrumb":{"@id":"https:\/\/dicodusport.fr\/blog\/champion-des-champions-francais-2023-arthur-bauchet-2eme-lempereur-des-neiges\/#breadcrumb"},"inLanguage":"fr-FR","potentialAction":[{"@type":"ReadAction","target":["https:\/\/dicodusport.fr\/blog\/champion-des-champions-francais-2023-arthur-bauchet-2eme-lempereur-des-neiges\/"]}]},{"@type":"ImageObject","inLanguage":"fr-FR","@id":"https:\/\/dicodusport.fr\/blog\/champion-des-champions-francais-2023-arthur-bauchet-2eme-lempereur-des-neiges\/#primaryimage","url":"https:\/\/dicodusport.fr\/blog\/wp-content\/uploads\/2023\/12\/Champion-des-Champions-francais-2023-Arthur-Bauchet-2eme-lempereur-des-neiges.png","contentUrl":"https:\/\/dicodusport.fr\/blog\/wp-content\/uploads\/2023\/12\/Champion-des-Champions-francais-2023-Arthur-Bauchet-2eme-lempereur-des-neiges.png","width":1200,"height":674,"caption":"Champion des Champions fran\u00e7ais 2023 Arthur Bauchet (2\u00e8me), l'empereur des neiges"},{"@type":"BreadcrumbList","@id":"https:\/\/dicodusport.fr\/blog\/champion-des-champions-francais-2023-arthur-bauchet-2eme-lempereur-des-neiges\/#breadcrumb","itemListElement":[{"@type":"ListItem","position":1,"name":"Accueil","item":"https:\/\/dicodusport.fr\/blog\/"},{"@type":"ListItem","position":2,"name":"Champion des Champions fran\u00e7ais 2023 : Arthur Bauchet (2\u00e8me), l&#8217;empereur des neiges"}]},{"@type":"WebSite","@id":"https:\/\/dicodusport.fr\/blog\/#website","url":"https:\/\/dicodusport.fr\/blog\/","name":"Dicodusport","description":"L&#039;encyclop\u00e9die de l&#039;actualit\u00e9 sportive","publisher":{"@id":"https:\/\/dicodusport.fr\/blog\/#organization"},"potentialAction":[{"@type":"SearchAction","target":{"@type":"EntryPoint","urlTemplate":"https:\/\/dicodusport.fr\/blog\/?s={search_term_string}"},"query-input":{"@type":"PropertyValueSpecification","valueRequired":true,"valueName":"search_term_string"}}],"inLanguage":"fr-FR"},{"@type":"NewsMediaOrganization","@id":"https:\/\/dicodusport.fr\/blog\/#organization","name":"Dicodusport","url":"https:\/\/dicodusport.fr\/blog\/","logo":{"@type":"ImageObject","inLanguage":"fr-FR","@id":"https:\/\/dicodusport.fr\/blog\/#\/schema\/logo\/image\/","url":"https:\/\/dicodusport.fr\/blog\/wp-content\/uploads\/2020\/06\/cropped-LOGO-DICODUSPORT-2020-SANS-FOND-SANS-TEXTE.png","contentUrl":"https:\/\/dicodusport.fr\/blog\/wp-content\/uploads\/2020\/06\/cropped-LOGO-DICODUSPORT-2020-SANS-FOND-SANS-TEXTE.png","width":512,"height":512,"caption":"Dicodusport"},"image":{"@id":"https:\/\/dicodusport.fr\/blog\/#\/schema\/logo\/image\/"},"sameAs":["https:\/\/www.facebook.com\/dicodusport","https:\/\/x.com\/dicodusport","https:\/\/www.instagram.com\/dicodusport\/","https:\/\/www.youtube.com\/channel\/UC7V2KZ5sd3htJivAbA4ZG3w"],"description":"Dicodusport est l'encyclop\u00e9die de l'actualit\u00e9 sportive.","email":"bonjour@dicodusport.fr","legalName":"DICODUSPORT","foundingDate":"2018-01-14","vatID":"FR71834470973","taxID":"83447097300043","numberOfEmployees":{"@type":"QuantitativeValue","minValue":"1","maxValue":"10"}},{"@type":"Person","@id":"https:\/\/dicodusport.fr\/blog\/#\/schema\/person\/cb02af4c173ce4a653b55e9baf388d4a","name":"Flo Ostermann","image":{"@type":"ImageObject","inLanguage":"fr-FR","@id":"https:\/\/dicodusport.fr\/blog\/#\/schema\/person\/image\/","url":"https:\/\/dicodusport.fr\/blog\/wp-content\/uploads\/2021\/05\/Flo-Ostermann-150x150.jpg","contentUrl":"https:\/\/dicodusport.fr\/blog\/wp-content\/uploads\/2021\/05\/Flo-Ostermann-150x150.jpg","caption":"Flo Ostermann"},"description":"Journaliste\/R\u00e9dacteur depuis septembre 2015 - Mes premiers souvenirs dans le sport ? Les envol\u00e9es du Stade Toulousain et les duels Villeneuve-Schumacher et H\u00e4kkinen-Schumacher \u00e0 la fin des ann\u00e9es 90, la Coupe du monde de football en 1998, l\u2019exploit du XV de France face aux All Blacks en 1999, mais aussi Richard C\u0153ur de Lion qui vole sur les montagnes du Tour de France. Bien parti pour devenir professeur d\u2019EPS, les \u00e9v\u00e9nements de la vie (et la flemme d\u2019animer des s\u00e9ances de 3x500 m\u00e8tres toute ma vie) m\u2019ont conduit \u00e0 revoir mes plans. Me voil\u00e0 depuis fin 2017 sur Dicodusport, m\u00e9dia gr\u00e2ce (et pour) lequel je partage ma passion : le sport dans tous ses \u00e9tats. Le tout accompagn\u00e9 par les fous furieux et folles furieuses cit\u00e9s sur cette page !","sameAs":["https:\/\/www.facebook.com\/florent.ostermann","https:\/\/x.com\/https:\/\/twitter.com\/FlOstermann","admin"],"url":"https:\/\/dicodusport.fr\/blog\/author\/flo\/"}]}},"_links":{"self":[{"href":"https:\/\/dicodusport.fr\/blog\/wp-json\/wp\/v2\/posts\/448296","targetHints":{"allow":["GET"]}}],"collection":[{"href":"https:\/\/dicodusport.fr\/blog\/wp-json\/wp\/v2\/posts"}],"about":[{"href":"https:\/\/dicodusport.fr\/blog\/wp-json\/wp\/v2\/types\/post"}],"author":[{"embeddable":true,"href":"https:\/\/dicodusport.fr\/blog\/wp-json\/wp\/v2\/users\/4"}],"replies":[{"embeddable":true,"href":"https:\/\/dicodusport.fr\/blog\/wp-json\/wp\/v2\/comments?post=448296"}],"version-history":[{"count":5,"href":"https:\/\/dicodusport.fr\/blog\/wp-json\/wp\/v2\/posts\/448296\/revisions"}],"predecessor-version":[{"id":448432,"href":"https:\/\/dicodusport.fr\/blog\/wp-json\/wp\/v2\/posts\/448296\/revisions\/448432"}],"wp:featuredmedia":[{"embeddable":true,"href":"https:\/\/dicodusport.fr\/blog\/wp-json\/wp\/v2\/media\/448301"}],"wp:attachment":[{"href":"https:\/\/dicodusport.fr\/blog\/wp-json\/wp\/v2\/media?parent=448296"}],"wp:term":[{"taxonomy":"category","embeddable":true,"href":"https:\/\/dicodusport.fr\/blog\/wp-json\/wp\/v2\/categories?post=448296"},{"taxonomy":"post_tag","embeddable":true,"href":"https:\/\/dicodusport.fr\/blog\/wp-json\/wp\/v2\/tags?post=448296"}],"curies":[{"name":"wp","href":"https:\/\/api.w.org\/{rel}","templated":true}]}}