{"id":448303,"date":"2023-12-30T09:46:12","date_gmt":"2023-12-30T08:46:12","guid":{"rendered":"https:\/\/dicodusport.fr\/blog\/?p=448303&#038;preview=true&#038;preview_id=448303"},"modified":"2023-12-30T11:28:15","modified_gmt":"2023-12-30T10:28:15","slug":"transferts-om-vitinha-et-ismaila-sarr-pourraient-quitter-marseille","status":"publish","type":"post","link":"https:\/\/dicodusport.fr\/blog\/transferts-om-vitinha-et-ismaila-sarr-pourraient-quitter-marseille\/","title":{"rendered":"Transferts OM : Vitinha et Isma\u00efla Sarr pourraient quitter Marseille"},"content":{"rendered":"<p style=\"text-align: justify;\"><strong><em>LIGUE 1 2023-2024 &#8211; Selon L&rsquo;\u00c9quipe, l&rsquo;Olympique de Marseille ne fermera pas la porte au d\u00e9part de Vitinha et Isma\u00efla Sarr.<\/em><\/strong><\/p>\n<p style=\"text-align: justify;\">\u00c0 l&rsquo;<strong>Olympique de Marseille,<\/strong> le mercato dans le sens des arriv\u00e9es va forc\u00e9ment d\u00e9pendre des joueurs que le club parviendra \u00e0 vendre. <strong>Azzedine<\/strong> <strong>Ounahi<\/strong> est le candidat num\u00e9ro 1 au d\u00e9part, m\u00eame s&rsquo;il aimerait terminer la saison \u00e0 <strong>Marseille<\/strong>. L&rsquo;<strong>Arabie Saoudite<\/strong> lui fait toujours de l&rsquo;\u0153il, comme l&rsquo;\u00e9t\u00e9 dernier, alors qu&rsquo;il va disputer la CAN avec le <strong>Maroc<\/strong>.<\/p>\n<ul style=\"text-align: justify;\">\n<li style=\"text-align: justify;\"><strong>\u00c0 ce sujet &#8211; <a href=\"https:\/\/dicodusport.fr\/blog\/om-8-joueurs-de-marseille-convoques-pour-la-can\/\" target=\"_blank\" rel=\"noopener\">OM : 8 joueurs de Marseille convoqu\u00e9s pour la CAN<\/a><\/strong><\/li>\n<\/ul>\n<h2 style=\"text-align: justify;\">Isma\u00efla Sarr n&rsquo;a pas convaincu Gennaro Gattuso<\/h2>\n<p style=\"text-align: justify;\">Mais nos confr\u00e8res de <em>L&rsquo;\u00c9quipe<\/em> confirment que ce n&rsquo;est pas le seul joueur qui est susceptible de quitter le club phoc\u00e9en cet hiver. <strong>Luis<\/strong> <strong>Henrique<\/strong>, de retour de son pr\u00eat \u00e0 <strong>Botafogo<\/strong> au <strong>Br\u00e9sil<\/strong>, ne devrait pas rester \u00e0 l&rsquo;<strong>OM<\/strong> cet hiver. Malgr\u00e9 des d\u00e9mentis de la direction du club, <strong>Vitinha<\/strong>, achet\u00e9 \u00e0 prix d&rsquo;or il y a un an, ne sera pas retenu si une belle offre arrive.<\/p>\n<p style=\"text-align: justify;\">Les S\u00e9n\u00e9galais <strong>Pape<\/strong> <strong>Gueye<\/strong> et <strong>Isma\u00efla<\/strong> <strong>Sarr<\/strong> sont aussi sur la liste des joueurs qui pourraient plier bagage, alors qu&rsquo;ils vont tous les deux disputer la <strong>CAN<\/strong> dans quelques jours. Le milieu de terrain est en fin de contrat dans six mois, et l&rsquo;id\u00e9e est de r\u00e9ussir \u00e0 le prolonger ou \u00e0 le vendre lors de ce mercato d&rsquo;hiver. <strong>Gennaro<\/strong> <strong>Gattuso<\/strong> n&rsquo;a pas \u00e9t\u00e9 convaincu par <strong>Isma\u00efla<\/strong> <strong>Sarr<\/strong>, qui a marqu\u00e9 quatre buts et d\u00e9livr\u00e9 deux passes d\u00e9cisives en 21 matchs depuis son arriv\u00e9e. L&rsquo;OM sera aussi \u00e0 l&rsquo;\u00e9coute pour sa recrue estivale.<\/p>\n<blockquote class=\"twitter-tweet\">\n<p dir=\"ltr\" lang=\"zxx\"><a href=\"https:\/\/t.co\/WW1b1T2B4S\">https:\/\/t.co\/WW1b1T2B4S<\/a><\/p>\n<p>\u2014 Nicolas Jacquemard (@Nico_Jacquemard) <a href=\"https:\/\/twitter.com\/Nico_Jacquemard\/status\/1741011588054970797?ref_src=twsrc%5Etfw\">December 30, 2023<\/a><\/p><\/blockquote>\n<p style=\"text-align: justify;\"><script async src=\"https:\/\/platform.twitter.com\/widgets.js\" charset=\"utf-8\"><\/script><\/p>\n","protected":false},"excerpt":{"rendered":"<p>LIGUE 1 2023-2024 &#8211; Selon L&rsquo;\u00c9quipe, l&rsquo;Olympique de Marseille ne fermera pas la porte au d\u00e9part de Vitinha et Isma\u00efla Sarr.<\/p>\n","protected":false},"author":1,"featured_media":448304,"comment_status":"open","ping_status":"closed","sticky":false,"template":"","format":"standard","meta":{"_acf_changed":false,"_daextam_enable_autolinks":"1","footnotes":""},"categories":[2301,47045],"tags":[16878,75,446,1889,24349],"class_list":["post-448303","post","type-post","status-publish","format-standard","has-post-thumbnail","hentry","category-football","category-ligue-1","tag-breve","tag-football","tag-marseille","tag-om","tag-vitinha"],"acf":[],"yoast_head":"<!-- This site is optimized with the Yoast SEO Premium plugin v26.7 (Yoast SEO v26.7) - https:\/\/yoast.com\/wordpress\/plugins\/seo\/ -->\n<title>Transferts OM : Vitinha et Isma\u00efla Sarr pourraient quitter Marseille<\/title>\n<meta name=\"description\" content=\"LIGUE 1 2023-2024 - Selon L&#039;\u00c9quipe, l&#039;Olympique de Marseille ne fermera pas la porte au d\u00e9part de Vitinha et Isma\u00efla Sarr.\" \/>\n<meta name=\"robots\" content=\"index, follow, max-snippet:-1, max-image-preview:large, max-video-preview:-1\" \/>\n<link rel=\"canonical\" href=\"https:\/\/dicodusport.fr\/blog\/transferts-om-vitinha-et-ismaila-sarr-pourraient-quitter-marseille\/\" \/>\n<meta property=\"og:locale\" content=\"fr_FR\" \/>\n<meta property=\"og:type\" content=\"article\" \/>\n<meta property=\"og:title\" content=\"Transferts OM : Vitinha et Isma\u00efla Sarr pourraient quitter Marseille\" \/>\n<meta property=\"og:description\" content=\"LIGUE 1 2023-2024 - Selon L&#039;\u00c9quipe, l&#039;Olympique de Marseille ne fermera pas la porte au d\u00e9part de Vitinha et Isma\u00efla Sarr.\" \/>\n<meta property=\"og:url\" content=\"https:\/\/dicodusport.fr\/blog\/transferts-om-vitinha-et-ismaila-sarr-pourraient-quitter-marseille\/\" \/>\n<meta property=\"og:site_name\" content=\"Dicodusport\" \/>\n<meta property=\"article:publisher\" content=\"https:\/\/www.facebook.com\/dicodusport\" \/>\n<meta property=\"article:author\" content=\"https:\/\/www.facebook.com\/dicodusport\" \/>\n<meta property=\"article:published_time\" content=\"2023-12-30T08:46:12+00:00\" \/>\n<meta property=\"article:modified_time\" content=\"2023-12-30T10:28:15+00:00\" \/>\n<meta property=\"og:image\" content=\"https:\/\/dicodusport.fr\/blog\/wp-content\/uploads\/2023\/12\/Transferts-OM-Vitinha-et-Ismaila-Sarr-pourraient-quitter-Marseille.png\" \/>\n\t<meta property=\"og:image:width\" content=\"1200\" \/>\n\t<meta property=\"og:image:height\" content=\"674\" \/>\n\t<meta property=\"og:image:type\" content=\"image\/png\" \/>\n<meta name=\"author\" content=\"Nicolas Jacquemard\" \/>\n<meta name=\"twitter:card\" content=\"summary_large_image\" \/>\n<meta name=\"twitter:title\" content=\"Transferts OM : Vitinha et Isma\u00efla Sarr pourraient quitter Marseille\" \/>\n<meta name=\"twitter:creator\" content=\"@https:\/\/twitter.com\/Nico_Jacquemard\" \/>\n<meta name=\"twitter:site\" content=\"@dicodusport\" \/>\n<script type=\"application\/ld+json\" class=\"yoast-schema-graph\">{\"@context\":\"https:\/\/schema.org\",\"@graph\":[{\"@type\":\"NewsArticle\",\"@id\":\"https:\/\/dicodusport.fr\/blog\/transferts-om-vitinha-et-ismaila-sarr-pourraient-quitter-marseille\/#article\",\"isPartOf\":{\"@id\":\"https:\/\/dicodusport.fr\/blog\/transferts-om-vitinha-et-ismaila-sarr-pourraient-quitter-marseille\/\"},\"author\":{\"name\":\"Nicolas Jacquemard\",\"@id\":\"https:\/\/dicodusport.fr\/blog\/#\/schema\/person\/55dcb50ad410894e431ed812bbb70191\"},\"headline\":\"Transferts OM : Vitinha et Isma\u00efla Sarr pourraient quitter Marseille\",\"datePublished\":\"2023-12-30T08:46:12+00:00\",\"dateModified\":\"2023-12-30T10:28:15+00:00\",\"mainEntityOfPage\":{\"@id\":\"https:\/\/dicodusport.fr\/blog\/transferts-om-vitinha-et-ismaila-sarr-pourraient-quitter-marseille\/\"},\"wordCount\":313,\"commentCount\":0,\"publisher\":{\"@id\":\"https:\/\/dicodusport.fr\/blog\/#organization\"},\"image\":{\"@id\":\"https:\/\/dicodusport.fr\/blog\/transferts-om-vitinha-et-ismaila-sarr-pourraient-quitter-marseille\/#primaryimage\"},\"thumbnailUrl\":\"https:\/\/dicodusport.fr\/blog\/wp-content\/uploads\/2023\/12\/Transferts-OM-Vitinha-et-Ismaila-Sarr-pourraient-quitter-Marseille.png\",\"keywords\":[\"br\u00e8ve\",\"Football\",\"Marseille\",\"OM\",\"Vitinha\"],\"articleSection\":[\"Football\",\"Ligue 1\"],\"inLanguage\":\"fr-FR\",\"potentialAction\":[{\"@type\":\"CommentAction\",\"name\":\"Comment\",\"target\":[\"https:\/\/dicodusport.fr\/blog\/transferts-om-vitinha-et-ismaila-sarr-pourraient-quitter-marseille\/#respond\"]}],\"copyrightYear\":\"2023\",\"copyrightHolder\":{\"@id\":\"https:\/\/dicodusport.fr\/blog\/#organization\"}},{\"@type\":\"WebPage\",\"@id\":\"https:\/\/dicodusport.fr\/blog\/transferts-om-vitinha-et-ismaila-sarr-pourraient-quitter-marseille\/\",\"url\":\"https:\/\/dicodusport.fr\/blog\/transferts-om-vitinha-et-ismaila-sarr-pourraient-quitter-marseille\/\",\"name\":\"Transferts OM : Vitinha et Isma\u00efla Sarr pourraient quitter Marseille\",\"isPartOf\":{\"@id\":\"https:\/\/dicodusport.fr\/blog\/#website\"},\"primaryImageOfPage\":{\"@id\":\"https:\/\/dicodusport.fr\/blog\/transferts-om-vitinha-et-ismaila-sarr-pourraient-quitter-marseille\/#primaryimage\"},\"image\":{\"@id\":\"https:\/\/dicodusport.fr\/blog\/transferts-om-vitinha-et-ismaila-sarr-pourraient-quitter-marseille\/#primaryimage\"},\"thumbnailUrl\":\"https:\/\/dicodusport.fr\/blog\/wp-content\/uploads\/2023\/12\/Transferts-OM-Vitinha-et-Ismaila-Sarr-pourraient-quitter-Marseille.png\",\"datePublished\":\"2023-12-30T08:46:12+00:00\",\"dateModified\":\"2023-12-30T10:28:15+00:00\",\"description\":\"LIGUE 1 2023-2024 - Selon L'\u00c9quipe, l'Olympique de Marseille ne fermera pas la porte au d\u00e9part de Vitinha et Isma\u00efla Sarr.\",\"breadcrumb\":{\"@id\":\"https:\/\/dicodusport.fr\/blog\/transferts-om-vitinha-et-ismaila-sarr-pourraient-quitter-marseille\/#breadcrumb\"},\"inLanguage\":\"fr-FR\",\"potentialAction\":[{\"@type\":\"ReadAction\",\"target\":[\"https:\/\/dicodusport.fr\/blog\/transferts-om-vitinha-et-ismaila-sarr-pourraient-quitter-marseille\/\"]}]},{\"@type\":\"ImageObject\",\"inLanguage\":\"fr-FR\",\"@id\":\"https:\/\/dicodusport.fr\/blog\/transferts-om-vitinha-et-ismaila-sarr-pourraient-quitter-marseille\/#primaryimage\",\"url\":\"https:\/\/dicodusport.fr\/blog\/wp-content\/uploads\/2023\/12\/Transferts-OM-Vitinha-et-Ismaila-Sarr-pourraient-quitter-Marseille.png\",\"contentUrl\":\"https:\/\/dicodusport.fr\/blog\/wp-content\/uploads\/2023\/12\/Transferts-OM-Vitinha-et-Ismaila-Sarr-pourraient-quitter-Marseille.png\",\"width\":1200,\"height\":674,\"caption\":\"Transferts OM Vitinha et Ismai\u0308la Sarr pourraient quitter Marseille\"},{\"@type\":\"BreadcrumbList\",\"@id\":\"https:\/\/dicodusport.fr\/blog\/transferts-om-vitinha-et-ismaila-sarr-pourraient-quitter-marseille\/#breadcrumb\",\"itemListElement\":[{\"@type\":\"ListItem\",\"position\":1,\"name\":\"Accueil\",\"item\":\"https:\/\/dicodusport.fr\/blog\/\"},{\"@type\":\"ListItem\",\"position\":2,\"name\":\"Transferts OM : Vitinha et Isma\u00efla Sarr pourraient quitter Marseille\"}]},{\"@type\":\"WebSite\",\"@id\":\"https:\/\/dicodusport.fr\/blog\/#website\",\"url\":\"https:\/\/dicodusport.fr\/blog\/\",\"name\":\"Dicodusport\",\"description\":\"L&#039;encyclop\u00e9die de l&#039;actualit\u00e9 sportive\",\"publisher\":{\"@id\":\"https:\/\/dicodusport.fr\/blog\/#organization\"},\"potentialAction\":[{\"@type\":\"SearchAction\",\"target\":{\"@type\":\"EntryPoint\",\"urlTemplate\":\"https:\/\/dicodusport.fr\/blog\/?s={search_term_string}\"},\"query-input\":{\"@type\":\"PropertyValueSpecification\",\"valueRequired\":true,\"valueName\":\"search_term_string\"}}],\"inLanguage\":\"fr-FR\"},{\"@type\":\"NewsMediaOrganization\",\"@id\":\"https:\/\/dicodusport.fr\/blog\/#organization\",\"name\":\"Dicodusport\",\"url\":\"https:\/\/dicodusport.fr\/blog\/\",\"logo\":{\"@type\":\"ImageObject\",\"inLanguage\":\"fr-FR\",\"@id\":\"https:\/\/dicodusport.fr\/blog\/#\/schema\/logo\/image\/\",\"url\":\"https:\/\/dicodusport.fr\/blog\/wp-content\/uploads\/2020\/06\/cropped-LOGO-DICODUSPORT-2020-SANS-FOND-SANS-TEXTE.png\",\"contentUrl\":\"https:\/\/dicodusport.fr\/blog\/wp-content\/uploads\/2020\/06\/cropped-LOGO-DICODUSPORT-2020-SANS-FOND-SANS-TEXTE.png\",\"width\":512,\"height\":512,\"caption\":\"Dicodusport\"},\"image\":{\"@id\":\"https:\/\/dicodusport.fr\/blog\/#\/schema\/logo\/image\/\"},\"sameAs\":[\"https:\/\/www.facebook.com\/dicodusport\",\"https:\/\/x.com\/dicodusport\",\"https:\/\/www.instagram.com\/dicodusport\/\",\"https:\/\/www.youtube.com\/channel\/UC7V2KZ5sd3htJivAbA4ZG3w\"],\"description\":\"Dicodusport est l'encyclop\u00e9die de l'actualit\u00e9 sportive.\",\"email\":\"bonjour@dicodusport.fr\",\"legalName\":\"DICODUSPORT\",\"foundingDate\":\"2018-01-14\",\"vatID\":\"FR71834470973\",\"taxID\":\"83447097300043\",\"numberOfEmployees\":{\"@type\":\"QuantitativeValue\",\"minValue\":\"1\",\"maxValue\":\"10\"}},{\"@type\":\"Person\",\"@id\":\"https:\/\/dicodusport.fr\/blog\/#\/schema\/person\/55dcb50ad410894e431ed812bbb70191\",\"name\":\"Nicolas Jacquemard\",\"image\":{\"@type\":\"ImageObject\",\"inLanguage\":\"fr-FR\",\"@id\":\"https:\/\/dicodusport.fr\/blog\/#\/schema\/person\/image\/\",\"url\":\"https:\/\/dicodusport.fr\/blog\/wp-content\/uploads\/2021\/05\/Nicolas-Jacquemard-150x150.jpeg\",\"contentUrl\":\"https:\/\/dicodusport.fr\/blog\/wp-content\/uploads\/2021\/05\/Nicolas-Jacquemard-150x150.jpeg\",\"caption\":\"Nicolas Jacquemard\"},\"description\":\"Passionn\u00e9 de sport et entrepreneur depuis mes 18 ans, la cr\u00e9ation de Dicodusport m'a sembl\u00e9 \u00e9vidente pour participer \u00e0 la m\u00e9diatisation d'un plus grand nombre de sports. Le chemin est long mais avec une \u00e9quipe des plus motiv\u00e9es et les Jeux Olympiques de Paris 2024 en point de mire, nous y arriverons ! Journaliste dans le monde du sport depuis plus de 5 ans, je traite aussi bien de football, de rugby, de biathlon que de cyclisme.\",\"sameAs\":[\"https:\/\/www.facebook.com\/dicodusport\",\"https:\/\/x.com\/https:\/\/twitter.com\/Nico_Jacquemard\"],\"url\":\"https:\/\/dicodusport.fr\/blog\/author\/dicodusport\/\"}]}<\/script>\n<!-- \/ Yoast SEO Premium plugin. -->","yoast_head_json":{"title":"Transferts OM : Vitinha et Isma\u00efla Sarr pourraient quitter Marseille","description":"LIGUE 1 2023-2024 - Selon L'\u00c9quipe, l'Olympique de Marseille ne fermera pas la porte au d\u00e9part de Vitinha et Isma\u00efla Sarr.","robots":{"index":"index","follow":"follow","max-snippet":"max-snippet:-1","max-image-preview":"max-image-preview:large","max-video-preview":"max-video-preview:-1"},"canonical":"https:\/\/dicodusport.fr\/blog\/transferts-om-vitinha-et-ismaila-sarr-pourraient-quitter-marseille\/","og_locale":"fr_FR","og_type":"article","og_title":"Transferts OM : Vitinha et Isma\u00efla Sarr pourraient quitter Marseille","og_description":"LIGUE 1 2023-2024 - Selon L'\u00c9quipe, l'Olympique de Marseille ne fermera pas la porte au d\u00e9part de Vitinha et Isma\u00efla Sarr.","og_url":"https:\/\/dicodusport.fr\/blog\/transferts-om-vitinha-et-ismaila-sarr-pourraient-quitter-marseille\/","og_site_name":"Dicodusport","article_publisher":"https:\/\/www.facebook.com\/dicodusport","article_author":"https:\/\/www.facebook.com\/dicodusport","article_published_time":"2023-12-30T08:46:12+00:00","article_modified_time":"2023-12-30T10:28:15+00:00","og_image":[{"width":1200,"height":674,"url":"https:\/\/dicodusport.fr\/blog\/wp-content\/uploads\/2023\/12\/Transferts-OM-Vitinha-et-Ismaila-Sarr-pourraient-quitter-Marseille.png","type":"image\/png"}],"author":"Nicolas Jacquemard","twitter_card":"summary_large_image","twitter_title":"Transferts OM : Vitinha et Isma\u00efla Sarr pourraient quitter Marseille","twitter_creator":"@https:\/\/twitter.com\/Nico_Jacquemard","twitter_site":"@dicodusport","schema":{"@context":"https:\/\/schema.org","@graph":[{"@type":"NewsArticle","@id":"https:\/\/dicodusport.fr\/blog\/transferts-om-vitinha-et-ismaila-sarr-pourraient-quitter-marseille\/#article","isPartOf":{"@id":"https:\/\/dicodusport.fr\/blog\/transferts-om-vitinha-et-ismaila-sarr-pourraient-quitter-marseille\/"},"author":{"name":"Nicolas Jacquemard","@id":"https:\/\/dicodusport.fr\/blog\/#\/schema\/person\/55dcb50ad410894e431ed812bbb70191"},"headline":"Transferts OM : Vitinha et Isma\u00efla Sarr pourraient quitter Marseille","datePublished":"2023-12-30T08:46:12+00:00","dateModified":"2023-12-30T10:28:15+00:00","mainEntityOfPage":{"@id":"https:\/\/dicodusport.fr\/blog\/transferts-om-vitinha-et-ismaila-sarr-pourraient-quitter-marseille\/"},"wordCount":313,"commentCount":0,"publisher":{"@id":"https:\/\/dicodusport.fr\/blog\/#organization"},"image":{"@id":"https:\/\/dicodusport.fr\/blog\/transferts-om-vitinha-et-ismaila-sarr-pourraient-quitter-marseille\/#primaryimage"},"thumbnailUrl":"https:\/\/dicodusport.fr\/blog\/wp-content\/uploads\/2023\/12\/Transferts-OM-Vitinha-et-Ismaila-Sarr-pourraient-quitter-Marseille.png","keywords":["br\u00e8ve","Football","Marseille","OM","Vitinha"],"articleSection":["Football","Ligue 1"],"inLanguage":"fr-FR","potentialAction":[{"@type":"CommentAction","name":"Comment","target":["https:\/\/dicodusport.fr\/blog\/transferts-om-vitinha-et-ismaila-sarr-pourraient-quitter-marseille\/#respond"]}],"copyrightYear":"2023","copyrightHolder":{"@id":"https:\/\/dicodusport.fr\/blog\/#organization"}},{"@type":"WebPage","@id":"https:\/\/dicodusport.fr\/blog\/transferts-om-vitinha-et-ismaila-sarr-pourraient-quitter-marseille\/","url":"https:\/\/dicodusport.fr\/blog\/transferts-om-vitinha-et-ismaila-sarr-pourraient-quitter-marseille\/","name":"Transferts OM : Vitinha et Isma\u00efla Sarr pourraient quitter Marseille","isPartOf":{"@id":"https:\/\/dicodusport.fr\/blog\/#website"},"primaryImageOfPage":{"@id":"https:\/\/dicodusport.fr\/blog\/transferts-om-vitinha-et-ismaila-sarr-pourraient-quitter-marseille\/#primaryimage"},"image":{"@id":"https:\/\/dicodusport.fr\/blog\/transferts-om-vitinha-et-ismaila-sarr-pourraient-quitter-marseille\/#primaryimage"},"thumbnailUrl":"https:\/\/dicodusport.fr\/blog\/wp-content\/uploads\/2023\/12\/Transferts-OM-Vitinha-et-Ismaila-Sarr-pourraient-quitter-Marseille.png","datePublished":"2023-12-30T08:46:12+00:00","dateModified":"2023-12-30T10:28:15+00:00","description":"LIGUE 1 2023-2024 - Selon L'\u00c9quipe, l'Olympique de Marseille ne fermera pas la porte au d\u00e9part de Vitinha et Isma\u00efla Sarr.","breadcrumb":{"@id":"https:\/\/dicodusport.fr\/blog\/transferts-om-vitinha-et-ismaila-sarr-pourraient-quitter-marseille\/#breadcrumb"},"inLanguage":"fr-FR","potentialAction":[{"@type":"ReadAction","target":["https:\/\/dicodusport.fr\/blog\/transferts-om-vitinha-et-ismaila-sarr-pourraient-quitter-marseille\/"]}]},{"@type":"ImageObject","inLanguage":"fr-FR","@id":"https:\/\/dicodusport.fr\/blog\/transferts-om-vitinha-et-ismaila-sarr-pourraient-quitter-marseille\/#primaryimage","url":"https:\/\/dicodusport.fr\/blog\/wp-content\/uploads\/2023\/12\/Transferts-OM-Vitinha-et-Ismaila-Sarr-pourraient-quitter-Marseille.png","contentUrl":"https:\/\/dicodusport.fr\/blog\/wp-content\/uploads\/2023\/12\/Transferts-OM-Vitinha-et-Ismaila-Sarr-pourraient-quitter-Marseille.png","width":1200,"height":674,"caption":"Transferts OM Vitinha et Ismai\u0308la Sarr pourraient quitter Marseille"},{"@type":"BreadcrumbList","@id":"https:\/\/dicodusport.fr\/blog\/transferts-om-vitinha-et-ismaila-sarr-pourraient-quitter-marseille\/#breadcrumb","itemListElement":[{"@type":"ListItem","position":1,"name":"Accueil","item":"https:\/\/dicodusport.fr\/blog\/"},{"@type":"ListItem","position":2,"name":"Transferts OM : Vitinha et Isma\u00efla Sarr pourraient quitter Marseille"}]},{"@type":"WebSite","@id":"https:\/\/dicodusport.fr\/blog\/#website","url":"https:\/\/dicodusport.fr\/blog\/","name":"Dicodusport","description":"L&#039;encyclop\u00e9die de l&#039;actualit\u00e9 sportive","publisher":{"@id":"https:\/\/dicodusport.fr\/blog\/#organization"},"potentialAction":[{"@type":"SearchAction","target":{"@type":"EntryPoint","urlTemplate":"https:\/\/dicodusport.fr\/blog\/?s={search_term_string}"},"query-input":{"@type":"PropertyValueSpecification","valueRequired":true,"valueName":"search_term_string"}}],"inLanguage":"fr-FR"},{"@type":"NewsMediaOrganization","@id":"https:\/\/dicodusport.fr\/blog\/#organization","name":"Dicodusport","url":"https:\/\/dicodusport.fr\/blog\/","logo":{"@type":"ImageObject","inLanguage":"fr-FR","@id":"https:\/\/dicodusport.fr\/blog\/#\/schema\/logo\/image\/","url":"https:\/\/dicodusport.fr\/blog\/wp-content\/uploads\/2020\/06\/cropped-LOGO-DICODUSPORT-2020-SANS-FOND-SANS-TEXTE.png","contentUrl":"https:\/\/dicodusport.fr\/blog\/wp-content\/uploads\/2020\/06\/cropped-LOGO-DICODUSPORT-2020-SANS-FOND-SANS-TEXTE.png","width":512,"height":512,"caption":"Dicodusport"},"image":{"@id":"https:\/\/dicodusport.fr\/blog\/#\/schema\/logo\/image\/"},"sameAs":["https:\/\/www.facebook.com\/dicodusport","https:\/\/x.com\/dicodusport","https:\/\/www.instagram.com\/dicodusport\/","https:\/\/www.youtube.com\/channel\/UC7V2KZ5sd3htJivAbA4ZG3w"],"description":"Dicodusport est l'encyclop\u00e9die de l'actualit\u00e9 sportive.","email":"bonjour@dicodusport.fr","legalName":"DICODUSPORT","foundingDate":"2018-01-14","vatID":"FR71834470973","taxID":"83447097300043","numberOfEmployees":{"@type":"QuantitativeValue","minValue":"1","maxValue":"10"}},{"@type":"Person","@id":"https:\/\/dicodusport.fr\/blog\/#\/schema\/person\/55dcb50ad410894e431ed812bbb70191","name":"Nicolas Jacquemard","image":{"@type":"ImageObject","inLanguage":"fr-FR","@id":"https:\/\/dicodusport.fr\/blog\/#\/schema\/person\/image\/","url":"https:\/\/dicodusport.fr\/blog\/wp-content\/uploads\/2021\/05\/Nicolas-Jacquemard-150x150.jpeg","contentUrl":"https:\/\/dicodusport.fr\/blog\/wp-content\/uploads\/2021\/05\/Nicolas-Jacquemard-150x150.jpeg","caption":"Nicolas Jacquemard"},"description":"Passionn\u00e9 de sport et entrepreneur depuis mes 18 ans, la cr\u00e9ation de Dicodusport m'a sembl\u00e9 \u00e9vidente pour participer \u00e0 la m\u00e9diatisation d'un plus grand nombre de sports. Le chemin est long mais avec une \u00e9quipe des plus motiv\u00e9es et les Jeux Olympiques de Paris 2024 en point de mire, nous y arriverons ! Journaliste dans le monde du sport depuis plus de 5 ans, je traite aussi bien de football, de rugby, de biathlon que de cyclisme.","sameAs":["https:\/\/www.facebook.com\/dicodusport","https:\/\/x.com\/https:\/\/twitter.com\/Nico_Jacquemard"],"url":"https:\/\/dicodusport.fr\/blog\/author\/dicodusport\/"}]}},"_links":{"self":[{"href":"https:\/\/dicodusport.fr\/blog\/wp-json\/wp\/v2\/posts\/448303","targetHints":{"allow":["GET"]}}],"collection":[{"href":"https:\/\/dicodusport.fr\/blog\/wp-json\/wp\/v2\/posts"}],"about":[{"href":"https:\/\/dicodusport.fr\/blog\/wp-json\/wp\/v2\/types\/post"}],"author":[{"embeddable":true,"href":"https:\/\/dicodusport.fr\/blog\/wp-json\/wp\/v2\/users\/1"}],"replies":[{"embeddable":true,"href":"https:\/\/dicodusport.fr\/blog\/wp-json\/wp\/v2\/comments?post=448303"}],"version-history":[{"count":4,"href":"https:\/\/dicodusport.fr\/blog\/wp-json\/wp\/v2\/posts\/448303\/revisions"}],"predecessor-version":[{"id":448329,"href":"https:\/\/dicodusport.fr\/blog\/wp-json\/wp\/v2\/posts\/448303\/revisions\/448329"}],"wp:featuredmedia":[{"embeddable":true,"href":"https:\/\/dicodusport.fr\/blog\/wp-json\/wp\/v2\/media\/448304"}],"wp:attachment":[{"href":"https:\/\/dicodusport.fr\/blog\/wp-json\/wp\/v2\/media?parent=448303"}],"wp:term":[{"taxonomy":"category","embeddable":true,"href":"https:\/\/dicodusport.fr\/blog\/wp-json\/wp\/v2\/categories?post=448303"},{"taxonomy":"post_tag","embeddable":true,"href":"https:\/\/dicodusport.fr\/blog\/wp-json\/wp\/v2\/tags?post=448303"}],"curies":[{"name":"wp","href":"https:\/\/api.w.org\/{rel}","templated":true}]}}