{"id":448735,"date":"2024-01-02T15:58:01","date_gmt":"2024-01-02T14:58:01","guid":{"rendered":"https:\/\/dicodusport.fr\/blog\/?p=448735&#038;preview=true&#038;preview_id=448735"},"modified":"2024-01-02T17:10:20","modified_gmt":"2024-01-02T16:10:20","slug":"le-calendrier-du-xv-de-france-en-2024","status":"publish","type":"post","link":"https:\/\/dicodusport.fr\/blog\/le-calendrier-du-xv-de-france-en-2024\/","title":{"rendered":"Le calendrier du XV de France en 2024"},"content":{"rendered":"<p style=\"text-align: justify;\"><strong><em>XV DE FRANCE &#8211; 6 Nations, tourn\u00e9es d&rsquo;\u00e9t\u00e9 et d&rsquo;automne : retrouvez le programme et le calendrier complet du XV de France pour l&rsquo;ann\u00e9e 2024.<\/em><\/strong><\/p>\n<ul>\n<li style=\"text-align: justify;\"><strong>\u00c0 ce sujet &#8211; <a href=\"https:\/\/dicodusport.fr\/blog\/actualites\/rugby\/rugby-a-xv\/xv-de-france\/\">Toute l&rsquo;actualit\u00e9 du XV de France<\/a><\/strong><\/li>\n<\/ul>\n<p style=\"text-align: justify;\">2024, une ann\u00e9e de tous les d\u00e9fis pour le<strong> XV de France<\/strong>. Apr\u00e8s une ann\u00e9e 2023 frustrante, marqu\u00e9e par la perte du titre dans le <strong>Tournoi des 6 Nations<\/strong> et l&rsquo;\u00e9limination en quarts de finale de la Coupe du monde, les Bleus vont devoir se relever les manches en <a href=\"https:\/\/fr.wikipedia.org\/wiki\/2024\"><strong>2024<\/strong><\/a>. L&rsquo;\u00e9quipe de France disputera le <a href=\"https:\/\/dicodusport.fr\/blog\/actualites\/rugby\/rugby-a-xv\/tournoi-des-6-nations-2024\/\">6 Nations 2024<\/a> sans un certain <strong>Antoine Dupont<\/strong>, tourn\u00e9 vers le rugby \u00e0 7 et les <strong>JO de Paris<\/strong>. Une comp\u00e9tition que les Tricolores ouvriront le vendredi 2 f\u00e9vrier, face \u00e0 l&rsquo;<strong>Irlande<\/strong>. \u00c0 noter que pour l&rsquo;occasion, les Fran\u00e7ais disputeront leurs trois rencontres \u00e0 domicile en province, le Stade de France \u00e9tant pr\u00e9serv\u00e9 en vue des <strong>Jeux Olympiques<\/strong>.<\/p>\n<p style=\"text-align: justify;\">Ensuite, le <strong>XV de France<\/strong> disputera sa tourn\u00e9e estivale en Argentine, avec deux rencontres pr\u00e9vues face aux Pumas. \u00c0 l&rsquo;automne prochain, les Bleus recevront le <strong>Japon<\/strong> et la <strong>Nouvelle-Z\u00e9lande<\/strong>, avant un nouveau test-match face aux Argentins.<\/p>\n<h2 style=\"text-align: justify;\">Le calendrier 2024 de l&rsquo;\u00e9quipe de France de rugby<\/h2>\n<h3 style=\"text-align: justify;\">Tournoi des 6 Nations 2024<\/h3>\n<p style=\"text-align: justify;\"><strong>Vendredi 2\/02 \u00e0 21h15 &#8211;<\/strong> France &#8211; Irlande (Stade V\u00e9lodrome, Marseille)<br \/>\n<strong>Samedi 10\/02 \u00e0 15h15 &#8211;<\/strong> \u00c9cosse &#8211; France (Murrayfield, \u00c9dimbourg)<br \/>\n<strong>Dimanche 25\/02 \u00e0 16h &#8211;<\/strong> France &#8211; Italie : dimanche 25 f\u00e9vrier \u00e0 Lille (Stade Pierre-Mauroy, Lille)<br \/>\n<strong>Dimanche 10\/03 \u00e0 16h &#8211;<\/strong> Pays de Galles &#8211; France : dimanche 10 mars \u00e0 Cardiff (Principality Stadium, Cardiff)<br \/>\n<strong>Samedi 16\/03 \u00e0 21h &#8211;<\/strong> France &#8211; Angleterre (Groupama Stadium, Lyon)<\/p>\n<h3 style=\"text-align: justify;\">Tourn\u00e9e d&rsquo;\u00e9t\u00e9 2024<\/h3>\n<p style=\"text-align: justify;\"><strong>Samedi 6\/07 (horaire \u00e0 d\u00e9terminer) &#8211; <\/strong>Argentine &#8211; France<br \/>\n<strong>Samedi 13\/07 (horaire \u00e0 d\u00e9terminer) &#8211;<\/strong> Argentine &#8211; France<\/p>\n<h3 style=\"text-align: justify;\">Tourn\u00e9e d&rsquo;automne 2024<\/h3>\n<p style=\"text-align: justify;\"><strong>Samedi 9\/11 (horaire et lieu \u00e0 d\u00e9terminer) &#8211; <\/strong>France &#8211; Japon<br \/>\n<strong>Samedi 16\/11 (horaire et lieu \u00e0 d\u00e9terminer) &#8211; <\/strong>France &#8211; Nouvelle-Z\u00e9lande<br \/>\n<strong>Samedi 23\/11 (horaire et lieu \u00e0 d\u00e9terminer) &#8211; <\/strong>France &#8211; Argentine<\/p>\n<h2>\u00c0 lire aussi<\/h2>\n<div class=\"vlp-link-container vlp-layout-article\"><a href=\"https:\/\/dicodusport.fr\/blog\/salaires-rugby-2024-les-10-joueurs-les-mieux-payes-au-monde\/\" class=\"vlp-link\" title=\"Salaires Rugby 2024 : Les 10 joueurs les mieux pay\u00e9s au monde\"><\/a><div class=\"vlp-layout-zone-side\"><div class=\"vlp-block-4 vlp-link-image\"><img loading=\"lazy\" decoding=\"async\" style=\"max-width: 792px;\" width=\"792\" height=\"445\" src=\"https:\/\/dicodusport.fr\/blog\/wp-content\/uploads\/2023\/12\/Salaires-Rugby-2024-Les-10-joueurs-les-mieux-payes-au-monde.png\" class=\"attachment-800x445 size-800x445\" alt=\"Salaires Rugby 2024 Les 10 joueurs les mieux pay\u00e9s au monde\" srcset=\"https:\/\/dicodusport.fr\/blog\/wp-content\/uploads\/2023\/12\/Salaires-Rugby-2024-Les-10-joueurs-les-mieux-payes-au-monde.png 1200w, https:\/\/dicodusport.fr\/blog\/wp-content\/uploads\/2023\/12\/Salaires-Rugby-2024-Les-10-joueurs-les-mieux-payes-au-monde-300x169.png 300w, https:\/\/dicodusport.fr\/blog\/wp-content\/uploads\/2023\/12\/Salaires-Rugby-2024-Les-10-joueurs-les-mieux-payes-au-monde-1024x575.png 1024w, https:\/\/dicodusport.fr\/blog\/wp-content\/uploads\/2023\/12\/Salaires-Rugby-2024-Les-10-joueurs-les-mieux-payes-au-monde-768x431.png 768w\" sizes=\"auto, (max-width: 792px) 100vw, 792px\" \/><\/div><\/div><div class=\"vlp-layout-zone-main\"><div class=\"vlp-block-0 vlp-link-title\">Salaires Rugby 2024 : Les 10 joueurs les mieux pay\u00e9s au monde<\/div><div class=\"vlp-block-1 vlp-link-summary\">RUGBY - R\u00e9cemment, le m\u00e9dia gallois Walesonline a \u00e9tabli le classement des rugbymen les mieux pay\u00e9s au monde. Au sein de celui-ci, figure le capitaine du XV de France, Antoine Dupont.<\/div><div class=\"vlp-block-2 vlp-link-button\">Lire l'article<\/div><div class=\"vlp-block-3 vlp-link-url\">dicodusport.fr<\/div><\/div><\/div>\n<p style=\"text-align: justify;\">\n","protected":false},"excerpt":{"rendered":"<p>XV DE FRANCE &#8211; 6 Nations, tourn\u00e9es d&rsquo;\u00e9t\u00e9 et d&rsquo;automne : retrouvez le programme et le calendrier complet du XV de France pour l&rsquo;ann\u00e9e 2024.<\/p>\n","protected":false},"author":4,"featured_media":448743,"comment_status":"open","ping_status":"closed","sticky":false,"template":"","format":"standard","meta":{"_acf_changed":false,"_daextam_enable_autolinks":"1","footnotes":""},"categories":[9129,19951],"tags":[16878,13,24,1638],"class_list":["post-448735","post","type-post","status-publish","format-standard","has-post-thumbnail","hentry","category-rugby-a-xv","category-xv-de-france","tag-breve","tag-rugby","tag-sport","tag-xv-de-france"],"acf":[],"yoast_head":"<!-- This site is optimized with the Yoast SEO Premium plugin v26.7 (Yoast SEO v26.7) - https:\/\/yoast.com\/wordpress\/plugins\/seo\/ -->\n<title>Le calendrier du XV de France en 2024<\/title>\n<meta name=\"description\" content=\"XV DE FRANCE - 6 Nations, tourn\u00e9es d&#039;\u00e9t\u00e9 et d&#039;automne : retrouvez le programme et le calendrier complet du XV de France pour l&#039;ann\u00e9e 2024.\" \/>\n<meta name=\"robots\" content=\"index, follow, max-snippet:-1, max-image-preview:large, max-video-preview:-1\" \/>\n<link rel=\"canonical\" href=\"https:\/\/dicodusport.fr\/blog\/le-calendrier-du-xv-de-france-en-2024\/\" \/>\n<meta property=\"og:locale\" content=\"fr_FR\" \/>\n<meta property=\"og:type\" content=\"article\" \/>\n<meta property=\"og:title\" content=\"Le calendrier du XV de France en 2024\" \/>\n<meta property=\"og:description\" content=\"XV DE FRANCE - 6 Nations, tourn\u00e9es d&#039;\u00e9t\u00e9 et d&#039;automne : retrouvez le programme et le calendrier complet du XV de France pour l&#039;ann\u00e9e 2024.\" \/>\n<meta property=\"og:url\" content=\"https:\/\/dicodusport.fr\/blog\/le-calendrier-du-xv-de-france-en-2024\/\" \/>\n<meta property=\"og:site_name\" content=\"Dicodusport\" \/>\n<meta property=\"article:publisher\" content=\"https:\/\/www.facebook.com\/dicodusport\" \/>\n<meta property=\"article:author\" content=\"https:\/\/www.facebook.com\/florent.ostermann\" \/>\n<meta property=\"article:published_time\" content=\"2024-01-02T14:58:01+00:00\" \/>\n<meta property=\"article:modified_time\" content=\"2024-01-02T16:10:20+00:00\" \/>\n<meta property=\"og:image\" content=\"https:\/\/dicodusport.fr\/blog\/wp-content\/uploads\/2024\/01\/Le-calendrier-du-XV-de-France-en-2024.png\" \/>\n\t<meta property=\"og:image:width\" content=\"1200\" \/>\n\t<meta property=\"og:image:height\" content=\"674\" \/>\n\t<meta property=\"og:image:type\" content=\"image\/png\" \/>\n<meta name=\"author\" content=\"Flo Ostermann\" \/>\n<meta name=\"twitter:card\" content=\"summary_large_image\" \/>\n<meta name=\"twitter:title\" content=\"Le calendrier du XV de France en 2024\" \/>\n<meta name=\"twitter:creator\" content=\"@https:\/\/twitter.com\/FlOstermann\" \/>\n<meta name=\"twitter:site\" content=\"@dicodusport\" \/>\n<script type=\"application\/ld+json\" class=\"yoast-schema-graph\">{\"@context\":\"https:\/\/schema.org\",\"@graph\":[{\"@type\":\"NewsArticle\",\"@id\":\"https:\/\/dicodusport.fr\/blog\/le-calendrier-du-xv-de-france-en-2024\/#article\",\"isPartOf\":{\"@id\":\"https:\/\/dicodusport.fr\/blog\/le-calendrier-du-xv-de-france-en-2024\/\"},\"author\":{\"name\":\"Flo Ostermann\",\"@id\":\"https:\/\/dicodusport.fr\/blog\/#\/schema\/person\/cb02af4c173ce4a653b55e9baf388d4a\"},\"headline\":\"Le calendrier du XV de France en 2024\",\"datePublished\":\"2024-01-02T14:58:01+00:00\",\"dateModified\":\"2024-01-02T16:10:20+00:00\",\"mainEntityOfPage\":{\"@id\":\"https:\/\/dicodusport.fr\/blog\/le-calendrier-du-xv-de-france-en-2024\/\"},\"wordCount\":400,\"commentCount\":0,\"publisher\":{\"@id\":\"https:\/\/dicodusport.fr\/blog\/#organization\"},\"image\":{\"@id\":\"https:\/\/dicodusport.fr\/blog\/le-calendrier-du-xv-de-france-en-2024\/#primaryimage\"},\"thumbnailUrl\":\"https:\/\/dicodusport.fr\/blog\/wp-content\/uploads\/2024\/01\/Le-calendrier-du-XV-de-France-en-2024.png\",\"keywords\":[\"br\u00e8ve\",\"Rugby\",\"sport\",\"XV de France\"],\"articleSection\":[\"Rugby \u00e0 XV\",\"XV de France\"],\"inLanguage\":\"fr-FR\",\"potentialAction\":[{\"@type\":\"CommentAction\",\"name\":\"Comment\",\"target\":[\"https:\/\/dicodusport.fr\/blog\/le-calendrier-du-xv-de-france-en-2024\/#respond\"]}],\"copyrightYear\":\"2024\",\"copyrightHolder\":{\"@id\":\"https:\/\/dicodusport.fr\/blog\/#organization\"}},{\"@type\":\"WebPage\",\"@id\":\"https:\/\/dicodusport.fr\/blog\/le-calendrier-du-xv-de-france-en-2024\/\",\"url\":\"https:\/\/dicodusport.fr\/blog\/le-calendrier-du-xv-de-france-en-2024\/\",\"name\":\"Le calendrier du XV de France en 2024\",\"isPartOf\":{\"@id\":\"https:\/\/dicodusport.fr\/blog\/#website\"},\"primaryImageOfPage\":{\"@id\":\"https:\/\/dicodusport.fr\/blog\/le-calendrier-du-xv-de-france-en-2024\/#primaryimage\"},\"image\":{\"@id\":\"https:\/\/dicodusport.fr\/blog\/le-calendrier-du-xv-de-france-en-2024\/#primaryimage\"},\"thumbnailUrl\":\"https:\/\/dicodusport.fr\/blog\/wp-content\/uploads\/2024\/01\/Le-calendrier-du-XV-de-France-en-2024.png\",\"datePublished\":\"2024-01-02T14:58:01+00:00\",\"dateModified\":\"2024-01-02T16:10:20+00:00\",\"description\":\"XV DE FRANCE - 6 Nations, tourn\u00e9es d'\u00e9t\u00e9 et d'automne : retrouvez le programme et le calendrier complet du XV de France pour l'ann\u00e9e 2024.\",\"breadcrumb\":{\"@id\":\"https:\/\/dicodusport.fr\/blog\/le-calendrier-du-xv-de-france-en-2024\/#breadcrumb\"},\"inLanguage\":\"fr-FR\",\"potentialAction\":[{\"@type\":\"ReadAction\",\"target\":[\"https:\/\/dicodusport.fr\/blog\/le-calendrier-du-xv-de-france-en-2024\/\"]}]},{\"@type\":\"ImageObject\",\"inLanguage\":\"fr-FR\",\"@id\":\"https:\/\/dicodusport.fr\/blog\/le-calendrier-du-xv-de-france-en-2024\/#primaryimage\",\"url\":\"https:\/\/dicodusport.fr\/blog\/wp-content\/uploads\/2024\/01\/Le-calendrier-du-XV-de-France-en-2024.png\",\"contentUrl\":\"https:\/\/dicodusport.fr\/blog\/wp-content\/uploads\/2024\/01\/Le-calendrier-du-XV-de-France-en-2024.png\",\"width\":1200,\"height\":674,\"caption\":\"Le calendrier du XV de France en 2024\"},{\"@type\":\"BreadcrumbList\",\"@id\":\"https:\/\/dicodusport.fr\/blog\/le-calendrier-du-xv-de-france-en-2024\/#breadcrumb\",\"itemListElement\":[{\"@type\":\"ListItem\",\"position\":1,\"name\":\"Accueil\",\"item\":\"https:\/\/dicodusport.fr\/blog\/\"},{\"@type\":\"ListItem\",\"position\":2,\"name\":\"Le calendrier du XV de France en 2024\"}]},{\"@type\":\"WebSite\",\"@id\":\"https:\/\/dicodusport.fr\/blog\/#website\",\"url\":\"https:\/\/dicodusport.fr\/blog\/\",\"name\":\"Dicodusport\",\"description\":\"L&#039;encyclop\u00e9die de l&#039;actualit\u00e9 sportive\",\"publisher\":{\"@id\":\"https:\/\/dicodusport.fr\/blog\/#organization\"},\"potentialAction\":[{\"@type\":\"SearchAction\",\"target\":{\"@type\":\"EntryPoint\",\"urlTemplate\":\"https:\/\/dicodusport.fr\/blog\/?s={search_term_string}\"},\"query-input\":{\"@type\":\"PropertyValueSpecification\",\"valueRequired\":true,\"valueName\":\"search_term_string\"}}],\"inLanguage\":\"fr-FR\"},{\"@type\":\"NewsMediaOrganization\",\"@id\":\"https:\/\/dicodusport.fr\/blog\/#organization\",\"name\":\"Dicodusport\",\"url\":\"https:\/\/dicodusport.fr\/blog\/\",\"logo\":{\"@type\":\"ImageObject\",\"inLanguage\":\"fr-FR\",\"@id\":\"https:\/\/dicodusport.fr\/blog\/#\/schema\/logo\/image\/\",\"url\":\"https:\/\/dicodusport.fr\/blog\/wp-content\/uploads\/2020\/06\/cropped-LOGO-DICODUSPORT-2020-SANS-FOND-SANS-TEXTE.png\",\"contentUrl\":\"https:\/\/dicodusport.fr\/blog\/wp-content\/uploads\/2020\/06\/cropped-LOGO-DICODUSPORT-2020-SANS-FOND-SANS-TEXTE.png\",\"width\":512,\"height\":512,\"caption\":\"Dicodusport\"},\"image\":{\"@id\":\"https:\/\/dicodusport.fr\/blog\/#\/schema\/logo\/image\/\"},\"sameAs\":[\"https:\/\/www.facebook.com\/dicodusport\",\"https:\/\/x.com\/dicodusport\",\"https:\/\/www.instagram.com\/dicodusport\/\",\"https:\/\/www.youtube.com\/channel\/UC7V2KZ5sd3htJivAbA4ZG3w\"],\"description\":\"Dicodusport est l'encyclop\u00e9die de l'actualit\u00e9 sportive.\",\"email\":\"bonjour@dicodusport.fr\",\"legalName\":\"DICODUSPORT\",\"foundingDate\":\"2018-01-14\",\"vatID\":\"FR71834470973\",\"taxID\":\"83447097300043\",\"numberOfEmployees\":{\"@type\":\"QuantitativeValue\",\"minValue\":\"1\",\"maxValue\":\"10\"}},{\"@type\":\"Person\",\"@id\":\"https:\/\/dicodusport.fr\/blog\/#\/schema\/person\/cb02af4c173ce4a653b55e9baf388d4a\",\"name\":\"Flo Ostermann\",\"image\":{\"@type\":\"ImageObject\",\"inLanguage\":\"fr-FR\",\"@id\":\"https:\/\/dicodusport.fr\/blog\/#\/schema\/person\/image\/\",\"url\":\"https:\/\/dicodusport.fr\/blog\/wp-content\/uploads\/2021\/05\/Flo-Ostermann-150x150.jpg\",\"contentUrl\":\"https:\/\/dicodusport.fr\/blog\/wp-content\/uploads\/2021\/05\/Flo-Ostermann-150x150.jpg\",\"caption\":\"Flo Ostermann\"},\"description\":\"Journaliste\/R\u00e9dacteur depuis septembre 2015 - Mes premiers souvenirs dans le sport ? Les envol\u00e9es du Stade Toulousain et les duels Villeneuve-Schumacher et H\u00e4kkinen-Schumacher \u00e0 la fin des ann\u00e9es 90, la Coupe du monde de football en 1998, l\u2019exploit du XV de France face aux All Blacks en 1999, mais aussi Richard C\u0153ur de Lion qui vole sur les montagnes du Tour de France. Bien parti pour devenir professeur d\u2019EPS, les \u00e9v\u00e9nements de la vie (et la flemme d\u2019animer des s\u00e9ances de 3x500 m\u00e8tres toute ma vie) m\u2019ont conduit \u00e0 revoir mes plans. Me voil\u00e0 depuis fin 2017 sur Dicodusport, m\u00e9dia gr\u00e2ce (et pour) lequel je partage ma passion : le sport dans tous ses \u00e9tats. Le tout accompagn\u00e9 par les fous furieux et folles furieuses cit\u00e9s sur cette page !\",\"sameAs\":[\"https:\/\/www.facebook.com\/florent.ostermann\",\"https:\/\/x.com\/https:\/\/twitter.com\/FlOstermann\",\"admin\"],\"url\":\"https:\/\/dicodusport.fr\/blog\/author\/flo\/\"}]}<\/script>\n<!-- \/ Yoast SEO Premium plugin. -->","yoast_head_json":{"title":"Le calendrier du XV de France en 2024","description":"XV DE FRANCE - 6 Nations, tourn\u00e9es d'\u00e9t\u00e9 et d'automne : retrouvez le programme et le calendrier complet du XV de France pour l'ann\u00e9e 2024.","robots":{"index":"index","follow":"follow","max-snippet":"max-snippet:-1","max-image-preview":"max-image-preview:large","max-video-preview":"max-video-preview:-1"},"canonical":"https:\/\/dicodusport.fr\/blog\/le-calendrier-du-xv-de-france-en-2024\/","og_locale":"fr_FR","og_type":"article","og_title":"Le calendrier du XV de France en 2024","og_description":"XV DE FRANCE - 6 Nations, tourn\u00e9es d'\u00e9t\u00e9 et d'automne : retrouvez le programme et le calendrier complet du XV de France pour l'ann\u00e9e 2024.","og_url":"https:\/\/dicodusport.fr\/blog\/le-calendrier-du-xv-de-france-en-2024\/","og_site_name":"Dicodusport","article_publisher":"https:\/\/www.facebook.com\/dicodusport","article_author":"https:\/\/www.facebook.com\/florent.ostermann","article_published_time":"2024-01-02T14:58:01+00:00","article_modified_time":"2024-01-02T16:10:20+00:00","og_image":[{"width":1200,"height":674,"url":"https:\/\/dicodusport.fr\/blog\/wp-content\/uploads\/2024\/01\/Le-calendrier-du-XV-de-France-en-2024.png","type":"image\/png"}],"author":"Flo Ostermann","twitter_card":"summary_large_image","twitter_title":"Le calendrier du XV de France en 2024","twitter_creator":"@https:\/\/twitter.com\/FlOstermann","twitter_site":"@dicodusport","schema":{"@context":"https:\/\/schema.org","@graph":[{"@type":"NewsArticle","@id":"https:\/\/dicodusport.fr\/blog\/le-calendrier-du-xv-de-france-en-2024\/#article","isPartOf":{"@id":"https:\/\/dicodusport.fr\/blog\/le-calendrier-du-xv-de-france-en-2024\/"},"author":{"name":"Flo Ostermann","@id":"https:\/\/dicodusport.fr\/blog\/#\/schema\/person\/cb02af4c173ce4a653b55e9baf388d4a"},"headline":"Le calendrier du XV de France en 2024","datePublished":"2024-01-02T14:58:01+00:00","dateModified":"2024-01-02T16:10:20+00:00","mainEntityOfPage":{"@id":"https:\/\/dicodusport.fr\/blog\/le-calendrier-du-xv-de-france-en-2024\/"},"wordCount":400,"commentCount":0,"publisher":{"@id":"https:\/\/dicodusport.fr\/blog\/#organization"},"image":{"@id":"https:\/\/dicodusport.fr\/blog\/le-calendrier-du-xv-de-france-en-2024\/#primaryimage"},"thumbnailUrl":"https:\/\/dicodusport.fr\/blog\/wp-content\/uploads\/2024\/01\/Le-calendrier-du-XV-de-France-en-2024.png","keywords":["br\u00e8ve","Rugby","sport","XV de France"],"articleSection":["Rugby \u00e0 XV","XV de France"],"inLanguage":"fr-FR","potentialAction":[{"@type":"CommentAction","name":"Comment","target":["https:\/\/dicodusport.fr\/blog\/le-calendrier-du-xv-de-france-en-2024\/#respond"]}],"copyrightYear":"2024","copyrightHolder":{"@id":"https:\/\/dicodusport.fr\/blog\/#organization"}},{"@type":"WebPage","@id":"https:\/\/dicodusport.fr\/blog\/le-calendrier-du-xv-de-france-en-2024\/","url":"https:\/\/dicodusport.fr\/blog\/le-calendrier-du-xv-de-france-en-2024\/","name":"Le calendrier du XV de France en 2024","isPartOf":{"@id":"https:\/\/dicodusport.fr\/blog\/#website"},"primaryImageOfPage":{"@id":"https:\/\/dicodusport.fr\/blog\/le-calendrier-du-xv-de-france-en-2024\/#primaryimage"},"image":{"@id":"https:\/\/dicodusport.fr\/blog\/le-calendrier-du-xv-de-france-en-2024\/#primaryimage"},"thumbnailUrl":"https:\/\/dicodusport.fr\/blog\/wp-content\/uploads\/2024\/01\/Le-calendrier-du-XV-de-France-en-2024.png","datePublished":"2024-01-02T14:58:01+00:00","dateModified":"2024-01-02T16:10:20+00:00","description":"XV DE FRANCE - 6 Nations, tourn\u00e9es d'\u00e9t\u00e9 et d'automne : retrouvez le programme et le calendrier complet du XV de France pour l'ann\u00e9e 2024.","breadcrumb":{"@id":"https:\/\/dicodusport.fr\/blog\/le-calendrier-du-xv-de-france-en-2024\/#breadcrumb"},"inLanguage":"fr-FR","potentialAction":[{"@type":"ReadAction","target":["https:\/\/dicodusport.fr\/blog\/le-calendrier-du-xv-de-france-en-2024\/"]}]},{"@type":"ImageObject","inLanguage":"fr-FR","@id":"https:\/\/dicodusport.fr\/blog\/le-calendrier-du-xv-de-france-en-2024\/#primaryimage","url":"https:\/\/dicodusport.fr\/blog\/wp-content\/uploads\/2024\/01\/Le-calendrier-du-XV-de-France-en-2024.png","contentUrl":"https:\/\/dicodusport.fr\/blog\/wp-content\/uploads\/2024\/01\/Le-calendrier-du-XV-de-France-en-2024.png","width":1200,"height":674,"caption":"Le calendrier du XV de France en 2024"},{"@type":"BreadcrumbList","@id":"https:\/\/dicodusport.fr\/blog\/le-calendrier-du-xv-de-france-en-2024\/#breadcrumb","itemListElement":[{"@type":"ListItem","position":1,"name":"Accueil","item":"https:\/\/dicodusport.fr\/blog\/"},{"@type":"ListItem","position":2,"name":"Le calendrier du XV de France en 2024"}]},{"@type":"WebSite","@id":"https:\/\/dicodusport.fr\/blog\/#website","url":"https:\/\/dicodusport.fr\/blog\/","name":"Dicodusport","description":"L&#039;encyclop\u00e9die de l&#039;actualit\u00e9 sportive","publisher":{"@id":"https:\/\/dicodusport.fr\/blog\/#organization"},"potentialAction":[{"@type":"SearchAction","target":{"@type":"EntryPoint","urlTemplate":"https:\/\/dicodusport.fr\/blog\/?s={search_term_string}"},"query-input":{"@type":"PropertyValueSpecification","valueRequired":true,"valueName":"search_term_string"}}],"inLanguage":"fr-FR"},{"@type":"NewsMediaOrganization","@id":"https:\/\/dicodusport.fr\/blog\/#organization","name":"Dicodusport","url":"https:\/\/dicodusport.fr\/blog\/","logo":{"@type":"ImageObject","inLanguage":"fr-FR","@id":"https:\/\/dicodusport.fr\/blog\/#\/schema\/logo\/image\/","url":"https:\/\/dicodusport.fr\/blog\/wp-content\/uploads\/2020\/06\/cropped-LOGO-DICODUSPORT-2020-SANS-FOND-SANS-TEXTE.png","contentUrl":"https:\/\/dicodusport.fr\/blog\/wp-content\/uploads\/2020\/06\/cropped-LOGO-DICODUSPORT-2020-SANS-FOND-SANS-TEXTE.png","width":512,"height":512,"caption":"Dicodusport"},"image":{"@id":"https:\/\/dicodusport.fr\/blog\/#\/schema\/logo\/image\/"},"sameAs":["https:\/\/www.facebook.com\/dicodusport","https:\/\/x.com\/dicodusport","https:\/\/www.instagram.com\/dicodusport\/","https:\/\/www.youtube.com\/channel\/UC7V2KZ5sd3htJivAbA4ZG3w"],"description":"Dicodusport est l'encyclop\u00e9die de l'actualit\u00e9 sportive.","email":"bonjour@dicodusport.fr","legalName":"DICODUSPORT","foundingDate":"2018-01-14","vatID":"FR71834470973","taxID":"83447097300043","numberOfEmployees":{"@type":"QuantitativeValue","minValue":"1","maxValue":"10"}},{"@type":"Person","@id":"https:\/\/dicodusport.fr\/blog\/#\/schema\/person\/cb02af4c173ce4a653b55e9baf388d4a","name":"Flo Ostermann","image":{"@type":"ImageObject","inLanguage":"fr-FR","@id":"https:\/\/dicodusport.fr\/blog\/#\/schema\/person\/image\/","url":"https:\/\/dicodusport.fr\/blog\/wp-content\/uploads\/2021\/05\/Flo-Ostermann-150x150.jpg","contentUrl":"https:\/\/dicodusport.fr\/blog\/wp-content\/uploads\/2021\/05\/Flo-Ostermann-150x150.jpg","caption":"Flo Ostermann"},"description":"Journaliste\/R\u00e9dacteur depuis septembre 2015 - Mes premiers souvenirs dans le sport ? Les envol\u00e9es du Stade Toulousain et les duels Villeneuve-Schumacher et H\u00e4kkinen-Schumacher \u00e0 la fin des ann\u00e9es 90, la Coupe du monde de football en 1998, l\u2019exploit du XV de France face aux All Blacks en 1999, mais aussi Richard C\u0153ur de Lion qui vole sur les montagnes du Tour de France. Bien parti pour devenir professeur d\u2019EPS, les \u00e9v\u00e9nements de la vie (et la flemme d\u2019animer des s\u00e9ances de 3x500 m\u00e8tres toute ma vie) m\u2019ont conduit \u00e0 revoir mes plans. Me voil\u00e0 depuis fin 2017 sur Dicodusport, m\u00e9dia gr\u00e2ce (et pour) lequel je partage ma passion : le sport dans tous ses \u00e9tats. Le tout accompagn\u00e9 par les fous furieux et folles furieuses cit\u00e9s sur cette page !","sameAs":["https:\/\/www.facebook.com\/florent.ostermann","https:\/\/x.com\/https:\/\/twitter.com\/FlOstermann","admin"],"url":"https:\/\/dicodusport.fr\/blog\/author\/flo\/"}]}},"_links":{"self":[{"href":"https:\/\/dicodusport.fr\/blog\/wp-json\/wp\/v2\/posts\/448735","targetHints":{"allow":["GET"]}}],"collection":[{"href":"https:\/\/dicodusport.fr\/blog\/wp-json\/wp\/v2\/posts"}],"about":[{"href":"https:\/\/dicodusport.fr\/blog\/wp-json\/wp\/v2\/types\/post"}],"author":[{"embeddable":true,"href":"https:\/\/dicodusport.fr\/blog\/wp-json\/wp\/v2\/users\/4"}],"replies":[{"embeddable":true,"href":"https:\/\/dicodusport.fr\/blog\/wp-json\/wp\/v2\/comments?post=448735"}],"version-history":[{"count":3,"href":"https:\/\/dicodusport.fr\/blog\/wp-json\/wp\/v2\/posts\/448735\/revisions"}],"predecessor-version":[{"id":448758,"href":"https:\/\/dicodusport.fr\/blog\/wp-json\/wp\/v2\/posts\/448735\/revisions\/448758"}],"wp:featuredmedia":[{"embeddable":true,"href":"https:\/\/dicodusport.fr\/blog\/wp-json\/wp\/v2\/media\/448743"}],"wp:attachment":[{"href":"https:\/\/dicodusport.fr\/blog\/wp-json\/wp\/v2\/media?parent=448735"}],"wp:term":[{"taxonomy":"category","embeddable":true,"href":"https:\/\/dicodusport.fr\/blog\/wp-json\/wp\/v2\/categories?post=448735"},{"taxonomy":"post_tag","embeddable":true,"href":"https:\/\/dicodusport.fr\/blog\/wp-json\/wp\/v2\/tags?post=448735"}],"curies":[{"name":"wp","href":"https:\/\/api.w.org\/{rel}","templated":true}]}}