{"id":44889,"date":"2019-08-08T09:46:56","date_gmt":"2019-08-08T07:46:56","guid":{"rendered":"http:\/\/dicodusport.fr\/blog\/?p=44889"},"modified":"2020-11-10T20:03:58","modified_gmt":"2020-11-10T19:03:58","slug":"video-f1-les-meilleures-communications-radio-du-grand-prix-de-hongrie","status":"publish","type":"post","link":"https:\/\/dicodusport.fr\/blog\/video-f1-les-meilleures-communications-radio-du-grand-prix-de-hongrie\/","title":{"rendered":"[Vid\u00e9o] F1 : les meilleures communications radio du Grand Prix de Hongrie"},"content":{"rendered":"<p style=\"text-align: justify;\"><strong><em>Retrouvez les meilleures communications radio du <a href=\"https:\/\/dicodusport.fr\/blog\/f1-grand-prix-de-hongrie-lewis-hamilton-s-impose-en-patron\/\" target=\"_blank\" rel=\"noopener noreferrer\">Grand Prix de Hongrie 2019<\/a>. Au menu, le mea culpa de Lewis Hamilton ou le concert de Carlos Sainz Jr.<br \/>\n<\/em><\/strong><\/p>\n<blockquote class=\"twitter-tweet\">\n<p dir=\"ltr\" lang=\"fr\"><a href=\"https:\/\/twitter.com\/hashtag\/HungarianGP?src=hash&amp;ref_src=twsrc%5Etfw\">#HungarianGP<\/a> &#x1f1ed;&#x1f1fa; | Les meilleures communications radio avec les traductions fran\u00e7aises (partie 2\/2)<\/p>\n<p>Les excuses d\u2019Hamilton concernant la strat\u00e9gie &#x1f642;<\/p>\n<p>Toto &#x1f923;<\/p>\n<p>Sainz s\u2019improvise chanteur &#x1f3b6;<a href=\"https:\/\/twitter.com\/hashtag\/F1?src=hash&amp;ref_src=twsrc%5Etfw\">#F1<\/a> <a href=\"https:\/\/t.co\/Jm37xBN0T6\">pic.twitter.com\/Jm37xBN0T6<\/a><\/p>\n<p>\u2014 Secteur F1 &#x1f3ce;&#x1f1eb;&#x1f1f7; (@Secteur_F1) <a href=\"https:\/\/twitter.com\/Secteur_F1\/status\/1159195247689252864?ref_src=twsrc%5Etfw\">August 7, 2019<\/a><\/p><\/blockquote>\n<p><script async src=\"https:\/\/platform.twitter.com\/widgets.js\" charset=\"utf-8\"><\/script><\/p>\n<p style=\"text-align: justify;\"><strong>Vid\u00e9os :<\/strong> <a href=\"https:\/\/twitter.com\/secteur_f1\" target=\"_blank\" rel=\"noopener noreferrer\">Secteur F1<\/a><\/p>\n<p><strong><em>Dicodusport<br \/>\n<a href=\"https:\/\/www.facebook.com\/dicodusport\/\" target=\"_blank\" rel=\"noopener noreferrer\"><img loading=\"lazy\" decoding=\"async\" class=\"alignnone wp-image-2909\" src=\"http:\/\/dicodusport.fr\/blog\/wp-content\/uploads\/2017\/07\/logo-facebook-150x150.png\" alt=\"\" width=\"40\" height=\"40\" \/><\/a><a href=\"https:\/\/twitter.com\/dicodusport\" target=\"_blank\" rel=\"noopener noreferrer\"><img loading=\"lazy\" decoding=\"async\" class=\"alignnone wp-image-2908\" src=\"http:\/\/dicodusport.fr\/blog\/wp-content\/uploads\/2017\/07\/logo-twitter-150x150.png\" alt=\"\" width=\"39\" height=\"39\" \/><\/a><\/em><\/strong><\/p>\n","protected":false},"excerpt":{"rendered":"<p>Retrouvez les meilleures communications radio du Grand Prix de Hongrie 2019. Au menu, le mea culpa de Lewis Hamilton ou le concert de Carlos Sainz Jr.<\/p>\n","protected":false},"author":4,"featured_media":44894,"comment_status":"open","ping_status":"closed","sticky":false,"template":"","format":"standard","meta":{"_acf_changed":false,"_daextam_enable_autolinks":"","footnotes":""},"categories":[8653,2312],"tags":[3166,2065,5595,379],"class_list":["post-44889","post","type-post","status-publish","format-standard","has-post-thumbnail","hentry","category-formule-1","category-sports-mecaniques","tag-f1","tag-formule-1","tag-grand-prix-de-hongrie","tag-hongrie"],"acf":[],"yoast_head":"<!-- This site is optimized with the Yoast SEO Premium plugin v26.7 (Yoast SEO v26.7) - https:\/\/yoast.com\/wordpress\/plugins\/seo\/ -->\n<title>[Vid\u00e9o] F1 : les meilleures communications radio du Grand Prix de Hongrie<\/title>\n<meta name=\"description\" content=\"F1 - Retrouvez les meilleures communications radio du Grand Prix de Hongrie 2019. Au menu, le mea culpa de Lewis Hamilton ou le concert de Carlos Sainz Jr.\" \/>\n<meta name=\"robots\" content=\"index, follow, max-snippet:-1, max-image-preview:large, max-video-preview:-1\" \/>\n<link rel=\"canonical\" href=\"https:\/\/dicodusport.fr\/blog\/video-f1-les-meilleures-communications-radio-du-grand-prix-de-hongrie\/\" \/>\n<meta property=\"og:locale\" content=\"fr_FR\" \/>\n<meta property=\"og:type\" content=\"article\" \/>\n<meta property=\"og:title\" content=\"[Vid\u00e9o] F1 : les meilleures communications radio du Grand Prix de Hongrie\" \/>\n<meta property=\"og:description\" content=\"F1 - Retrouvez les meilleures communications radio du Grand Prix de Hongrie 2019. Au menu, le mea culpa de Lewis Hamilton ou le concert de Carlos Sainz Jr.\" \/>\n<meta property=\"og:url\" content=\"https:\/\/dicodusport.fr\/blog\/video-f1-les-meilleures-communications-radio-du-grand-prix-de-hongrie\/\" \/>\n<meta property=\"og:site_name\" content=\"Dicodusport\" \/>\n<meta property=\"article:publisher\" content=\"https:\/\/www.facebook.com\/dicodusport\" \/>\n<meta property=\"article:author\" content=\"https:\/\/www.facebook.com\/florent.ostermann\" \/>\n<meta property=\"article:published_time\" content=\"2019-08-08T07:46:56+00:00\" \/>\n<meta property=\"article:modified_time\" content=\"2020-11-10T19:03:58+00:00\" \/>\n<meta property=\"og:image\" content=\"https:\/\/dicodusport.fr\/blog\/wp-content\/uploads\/2019\/08\/Communications-radio-Grand-Prix-de-Hongrie-2019.png\" \/>\n\t<meta property=\"og:image:width\" content=\"800\" \/>\n\t<meta property=\"og:image:height\" content=\"445\" \/>\n\t<meta property=\"og:image:type\" content=\"image\/png\" \/>\n<meta name=\"author\" content=\"Flo Ostermann\" \/>\n<meta name=\"twitter:card\" content=\"summary_large_image\" \/>\n<meta name=\"twitter:title\" content=\"[Vid\u00e9o] F1 : les meilleures communications radio du Grand Prix de Hongrie\" \/>\n<meta name=\"twitter:creator\" content=\"@https:\/\/twitter.com\/FlOstermann\" \/>\n<meta name=\"twitter:site\" content=\"@dicodusport\" \/>\n<script type=\"application\/ld+json\" class=\"yoast-schema-graph\">{\"@context\":\"https:\/\/schema.org\",\"@graph\":[{\"@type\":\"NewsArticle\",\"@id\":\"https:\/\/dicodusport.fr\/blog\/video-f1-les-meilleures-communications-radio-du-grand-prix-de-hongrie\/#article\",\"isPartOf\":{\"@id\":\"https:\/\/dicodusport.fr\/blog\/video-f1-les-meilleures-communications-radio-du-grand-prix-de-hongrie\/\"},\"author\":{\"name\":\"Flo Ostermann\",\"@id\":\"https:\/\/dicodusport.fr\/blog\/#\/schema\/person\/cb02af4c173ce4a653b55e9baf388d4a\"},\"headline\":\"[Vid\u00e9o] F1 : les meilleures communications radio du Grand Prix de Hongrie\",\"datePublished\":\"2019-08-08T07:46:56+00:00\",\"dateModified\":\"2020-11-10T19:03:58+00:00\",\"mainEntityOfPage\":{\"@id\":\"https:\/\/dicodusport.fr\/blog\/video-f1-les-meilleures-communications-radio-du-grand-prix-de-hongrie\/\"},\"wordCount\":100,\"commentCount\":0,\"publisher\":{\"@id\":\"https:\/\/dicodusport.fr\/blog\/#organization\"},\"image\":{\"@id\":\"https:\/\/dicodusport.fr\/blog\/video-f1-les-meilleures-communications-radio-du-grand-prix-de-hongrie\/#primaryimage\"},\"thumbnailUrl\":\"https:\/\/dicodusport.fr\/blog\/wp-content\/uploads\/2019\/08\/Communications-radio-Grand-Prix-de-Hongrie-2019.png\",\"keywords\":[\"F1\",\"Formule 1\",\"Grand Prix de Hongrie\",\"Hongrie\"],\"articleSection\":[\"Formule 1\",\"Sports m\u00e9caniques\"],\"inLanguage\":\"fr-FR\",\"potentialAction\":[{\"@type\":\"CommentAction\",\"name\":\"Comment\",\"target\":[\"https:\/\/dicodusport.fr\/blog\/video-f1-les-meilleures-communications-radio-du-grand-prix-de-hongrie\/#respond\"]}],\"copyrightYear\":\"2019\",\"copyrightHolder\":{\"@id\":\"https:\/\/dicodusport.fr\/blog\/#organization\"}},{\"@type\":\"WebPage\",\"@id\":\"https:\/\/dicodusport.fr\/blog\/video-f1-les-meilleures-communications-radio-du-grand-prix-de-hongrie\/\",\"url\":\"https:\/\/dicodusport.fr\/blog\/video-f1-les-meilleures-communications-radio-du-grand-prix-de-hongrie\/\",\"name\":\"[Vid\u00e9o] F1 : les meilleures communications radio du Grand Prix de Hongrie\",\"isPartOf\":{\"@id\":\"https:\/\/dicodusport.fr\/blog\/#website\"},\"primaryImageOfPage\":{\"@id\":\"https:\/\/dicodusport.fr\/blog\/video-f1-les-meilleures-communications-radio-du-grand-prix-de-hongrie\/#primaryimage\"},\"image\":{\"@id\":\"https:\/\/dicodusport.fr\/blog\/video-f1-les-meilleures-communications-radio-du-grand-prix-de-hongrie\/#primaryimage\"},\"thumbnailUrl\":\"https:\/\/dicodusport.fr\/blog\/wp-content\/uploads\/2019\/08\/Communications-radio-Grand-Prix-de-Hongrie-2019.png\",\"datePublished\":\"2019-08-08T07:46:56+00:00\",\"dateModified\":\"2020-11-10T19:03:58+00:00\",\"description\":\"F1 - Retrouvez les meilleures communications radio du Grand Prix de Hongrie 2019. Au menu, le mea culpa de Lewis Hamilton ou le concert de Carlos Sainz Jr.\",\"breadcrumb\":{\"@id\":\"https:\/\/dicodusport.fr\/blog\/video-f1-les-meilleures-communications-radio-du-grand-prix-de-hongrie\/#breadcrumb\"},\"inLanguage\":\"fr-FR\",\"potentialAction\":[{\"@type\":\"ReadAction\",\"target\":[\"https:\/\/dicodusport.fr\/blog\/video-f1-les-meilleures-communications-radio-du-grand-prix-de-hongrie\/\"]}]},{\"@type\":\"ImageObject\",\"inLanguage\":\"fr-FR\",\"@id\":\"https:\/\/dicodusport.fr\/blog\/video-f1-les-meilleures-communications-radio-du-grand-prix-de-hongrie\/#primaryimage\",\"url\":\"https:\/\/dicodusport.fr\/blog\/wp-content\/uploads\/2019\/08\/Communications-radio-Grand-Prix-de-Hongrie-2019.png\",\"contentUrl\":\"https:\/\/dicodusport.fr\/blog\/wp-content\/uploads\/2019\/08\/Communications-radio-Grand-Prix-de-Hongrie-2019.png\",\"width\":800,\"height\":445},{\"@type\":\"BreadcrumbList\",\"@id\":\"https:\/\/dicodusport.fr\/blog\/video-f1-les-meilleures-communications-radio-du-grand-prix-de-hongrie\/#breadcrumb\",\"itemListElement\":[{\"@type\":\"ListItem\",\"position\":1,\"name\":\"Accueil\",\"item\":\"https:\/\/dicodusport.fr\/blog\/\"},{\"@type\":\"ListItem\",\"position\":2,\"name\":\"[Vid\u00e9o] F1 : les meilleures communications radio du Grand Prix de Hongrie\"}]},{\"@type\":\"WebSite\",\"@id\":\"https:\/\/dicodusport.fr\/blog\/#website\",\"url\":\"https:\/\/dicodusport.fr\/blog\/\",\"name\":\"Dicodusport\",\"description\":\"L&#039;encyclop\u00e9die de l&#039;actualit\u00e9 sportive\",\"publisher\":{\"@id\":\"https:\/\/dicodusport.fr\/blog\/#organization\"},\"potentialAction\":[{\"@type\":\"SearchAction\",\"target\":{\"@type\":\"EntryPoint\",\"urlTemplate\":\"https:\/\/dicodusport.fr\/blog\/?s={search_term_string}\"},\"query-input\":{\"@type\":\"PropertyValueSpecification\",\"valueRequired\":true,\"valueName\":\"search_term_string\"}}],\"inLanguage\":\"fr-FR\"},{\"@type\":\"NewsMediaOrganization\",\"@id\":\"https:\/\/dicodusport.fr\/blog\/#organization\",\"name\":\"Dicodusport\",\"url\":\"https:\/\/dicodusport.fr\/blog\/\",\"logo\":{\"@type\":\"ImageObject\",\"inLanguage\":\"fr-FR\",\"@id\":\"https:\/\/dicodusport.fr\/blog\/#\/schema\/logo\/image\/\",\"url\":\"https:\/\/dicodusport.fr\/blog\/wp-content\/uploads\/2020\/06\/cropped-LOGO-DICODUSPORT-2020-SANS-FOND-SANS-TEXTE.png\",\"contentUrl\":\"https:\/\/dicodusport.fr\/blog\/wp-content\/uploads\/2020\/06\/cropped-LOGO-DICODUSPORT-2020-SANS-FOND-SANS-TEXTE.png\",\"width\":512,\"height\":512,\"caption\":\"Dicodusport\"},\"image\":{\"@id\":\"https:\/\/dicodusport.fr\/blog\/#\/schema\/logo\/image\/\"},\"sameAs\":[\"https:\/\/www.facebook.com\/dicodusport\",\"https:\/\/x.com\/dicodusport\",\"https:\/\/www.instagram.com\/dicodusport\/\",\"https:\/\/www.youtube.com\/channel\/UC7V2KZ5sd3htJivAbA4ZG3w\"],\"description\":\"Dicodusport est l'encyclop\u00e9die de l'actualit\u00e9 sportive.\",\"email\":\"bonjour@dicodusport.fr\",\"legalName\":\"DICODUSPORT\",\"foundingDate\":\"2018-01-14\",\"vatID\":\"FR71834470973\",\"taxID\":\"83447097300043\",\"numberOfEmployees\":{\"@type\":\"QuantitativeValue\",\"minValue\":\"1\",\"maxValue\":\"10\"}},{\"@type\":\"Person\",\"@id\":\"https:\/\/dicodusport.fr\/blog\/#\/schema\/person\/cb02af4c173ce4a653b55e9baf388d4a\",\"name\":\"Flo Ostermann\",\"image\":{\"@type\":\"ImageObject\",\"inLanguage\":\"fr-FR\",\"@id\":\"https:\/\/dicodusport.fr\/blog\/#\/schema\/person\/image\/\",\"url\":\"https:\/\/dicodusport.fr\/blog\/wp-content\/uploads\/2021\/05\/Flo-Ostermann-150x150.jpg\",\"contentUrl\":\"https:\/\/dicodusport.fr\/blog\/wp-content\/uploads\/2021\/05\/Flo-Ostermann-150x150.jpg\",\"caption\":\"Flo Ostermann\"},\"description\":\"Journaliste\/R\u00e9dacteur depuis septembre 2015 - Mes premiers souvenirs dans le sport ? Les envol\u00e9es du Stade Toulousain et les duels Villeneuve-Schumacher et H\u00e4kkinen-Schumacher \u00e0 la fin des ann\u00e9es 90, la Coupe du monde de football en 1998, l\u2019exploit du XV de France face aux All Blacks en 1999, mais aussi Richard C\u0153ur de Lion qui vole sur les montagnes du Tour de France. Bien parti pour devenir professeur d\u2019EPS, les \u00e9v\u00e9nements de la vie (et la flemme d\u2019animer des s\u00e9ances de 3x500 m\u00e8tres toute ma vie) m\u2019ont conduit \u00e0 revoir mes plans. Me voil\u00e0 depuis fin 2017 sur Dicodusport, m\u00e9dia gr\u00e2ce (et pour) lequel je partage ma passion : le sport dans tous ses \u00e9tats. Le tout accompagn\u00e9 par les fous furieux et folles furieuses cit\u00e9s sur cette page !\",\"sameAs\":[\"https:\/\/www.facebook.com\/florent.ostermann\",\"https:\/\/x.com\/https:\/\/twitter.com\/FlOstermann\",\"admin\"],\"url\":\"https:\/\/dicodusport.fr\/blog\/author\/flo\/\"}]}<\/script>\n<!-- \/ Yoast SEO Premium plugin. -->","yoast_head_json":{"title":"[Vid\u00e9o] F1 : les meilleures communications radio du Grand Prix de Hongrie","description":"F1 - Retrouvez les meilleures communications radio du Grand Prix de Hongrie 2019. Au menu, le mea culpa de Lewis Hamilton ou le concert de Carlos Sainz Jr.","robots":{"index":"index","follow":"follow","max-snippet":"max-snippet:-1","max-image-preview":"max-image-preview:large","max-video-preview":"max-video-preview:-1"},"canonical":"https:\/\/dicodusport.fr\/blog\/video-f1-les-meilleures-communications-radio-du-grand-prix-de-hongrie\/","og_locale":"fr_FR","og_type":"article","og_title":"[Vid\u00e9o] F1 : les meilleures communications radio du Grand Prix de Hongrie","og_description":"F1 - Retrouvez les meilleures communications radio du Grand Prix de Hongrie 2019. Au menu, le mea culpa de Lewis Hamilton ou le concert de Carlos Sainz Jr.","og_url":"https:\/\/dicodusport.fr\/blog\/video-f1-les-meilleures-communications-radio-du-grand-prix-de-hongrie\/","og_site_name":"Dicodusport","article_publisher":"https:\/\/www.facebook.com\/dicodusport","article_author":"https:\/\/www.facebook.com\/florent.ostermann","article_published_time":"2019-08-08T07:46:56+00:00","article_modified_time":"2020-11-10T19:03:58+00:00","og_image":[{"width":800,"height":445,"url":"https:\/\/dicodusport.fr\/blog\/wp-content\/uploads\/2019\/08\/Communications-radio-Grand-Prix-de-Hongrie-2019.png","type":"image\/png"}],"author":"Flo Ostermann","twitter_card":"summary_large_image","twitter_title":"[Vid\u00e9o] F1 : les meilleures communications radio du Grand Prix de Hongrie","twitter_creator":"@https:\/\/twitter.com\/FlOstermann","twitter_site":"@dicodusport","schema":{"@context":"https:\/\/schema.org","@graph":[{"@type":"NewsArticle","@id":"https:\/\/dicodusport.fr\/blog\/video-f1-les-meilleures-communications-radio-du-grand-prix-de-hongrie\/#article","isPartOf":{"@id":"https:\/\/dicodusport.fr\/blog\/video-f1-les-meilleures-communications-radio-du-grand-prix-de-hongrie\/"},"author":{"name":"Flo Ostermann","@id":"https:\/\/dicodusport.fr\/blog\/#\/schema\/person\/cb02af4c173ce4a653b55e9baf388d4a"},"headline":"[Vid\u00e9o] F1 : les meilleures communications radio du Grand Prix de Hongrie","datePublished":"2019-08-08T07:46:56+00:00","dateModified":"2020-11-10T19:03:58+00:00","mainEntityOfPage":{"@id":"https:\/\/dicodusport.fr\/blog\/video-f1-les-meilleures-communications-radio-du-grand-prix-de-hongrie\/"},"wordCount":100,"commentCount":0,"publisher":{"@id":"https:\/\/dicodusport.fr\/blog\/#organization"},"image":{"@id":"https:\/\/dicodusport.fr\/blog\/video-f1-les-meilleures-communications-radio-du-grand-prix-de-hongrie\/#primaryimage"},"thumbnailUrl":"https:\/\/dicodusport.fr\/blog\/wp-content\/uploads\/2019\/08\/Communications-radio-Grand-Prix-de-Hongrie-2019.png","keywords":["F1","Formule 1","Grand Prix de Hongrie","Hongrie"],"articleSection":["Formule 1","Sports m\u00e9caniques"],"inLanguage":"fr-FR","potentialAction":[{"@type":"CommentAction","name":"Comment","target":["https:\/\/dicodusport.fr\/blog\/video-f1-les-meilleures-communications-radio-du-grand-prix-de-hongrie\/#respond"]}],"copyrightYear":"2019","copyrightHolder":{"@id":"https:\/\/dicodusport.fr\/blog\/#organization"}},{"@type":"WebPage","@id":"https:\/\/dicodusport.fr\/blog\/video-f1-les-meilleures-communications-radio-du-grand-prix-de-hongrie\/","url":"https:\/\/dicodusport.fr\/blog\/video-f1-les-meilleures-communications-radio-du-grand-prix-de-hongrie\/","name":"[Vid\u00e9o] F1 : les meilleures communications radio du Grand Prix de Hongrie","isPartOf":{"@id":"https:\/\/dicodusport.fr\/blog\/#website"},"primaryImageOfPage":{"@id":"https:\/\/dicodusport.fr\/blog\/video-f1-les-meilleures-communications-radio-du-grand-prix-de-hongrie\/#primaryimage"},"image":{"@id":"https:\/\/dicodusport.fr\/blog\/video-f1-les-meilleures-communications-radio-du-grand-prix-de-hongrie\/#primaryimage"},"thumbnailUrl":"https:\/\/dicodusport.fr\/blog\/wp-content\/uploads\/2019\/08\/Communications-radio-Grand-Prix-de-Hongrie-2019.png","datePublished":"2019-08-08T07:46:56+00:00","dateModified":"2020-11-10T19:03:58+00:00","description":"F1 - Retrouvez les meilleures communications radio du Grand Prix de Hongrie 2019. Au menu, le mea culpa de Lewis Hamilton ou le concert de Carlos Sainz Jr.","breadcrumb":{"@id":"https:\/\/dicodusport.fr\/blog\/video-f1-les-meilleures-communications-radio-du-grand-prix-de-hongrie\/#breadcrumb"},"inLanguage":"fr-FR","potentialAction":[{"@type":"ReadAction","target":["https:\/\/dicodusport.fr\/blog\/video-f1-les-meilleures-communications-radio-du-grand-prix-de-hongrie\/"]}]},{"@type":"ImageObject","inLanguage":"fr-FR","@id":"https:\/\/dicodusport.fr\/blog\/video-f1-les-meilleures-communications-radio-du-grand-prix-de-hongrie\/#primaryimage","url":"https:\/\/dicodusport.fr\/blog\/wp-content\/uploads\/2019\/08\/Communications-radio-Grand-Prix-de-Hongrie-2019.png","contentUrl":"https:\/\/dicodusport.fr\/blog\/wp-content\/uploads\/2019\/08\/Communications-radio-Grand-Prix-de-Hongrie-2019.png","width":800,"height":445},{"@type":"BreadcrumbList","@id":"https:\/\/dicodusport.fr\/blog\/video-f1-les-meilleures-communications-radio-du-grand-prix-de-hongrie\/#breadcrumb","itemListElement":[{"@type":"ListItem","position":1,"name":"Accueil","item":"https:\/\/dicodusport.fr\/blog\/"},{"@type":"ListItem","position":2,"name":"[Vid\u00e9o] F1 : les meilleures communications radio du Grand Prix de Hongrie"}]},{"@type":"WebSite","@id":"https:\/\/dicodusport.fr\/blog\/#website","url":"https:\/\/dicodusport.fr\/blog\/","name":"Dicodusport","description":"L&#039;encyclop\u00e9die de l&#039;actualit\u00e9 sportive","publisher":{"@id":"https:\/\/dicodusport.fr\/blog\/#organization"},"potentialAction":[{"@type":"SearchAction","target":{"@type":"EntryPoint","urlTemplate":"https:\/\/dicodusport.fr\/blog\/?s={search_term_string}"},"query-input":{"@type":"PropertyValueSpecification","valueRequired":true,"valueName":"search_term_string"}}],"inLanguage":"fr-FR"},{"@type":"NewsMediaOrganization","@id":"https:\/\/dicodusport.fr\/blog\/#organization","name":"Dicodusport","url":"https:\/\/dicodusport.fr\/blog\/","logo":{"@type":"ImageObject","inLanguage":"fr-FR","@id":"https:\/\/dicodusport.fr\/blog\/#\/schema\/logo\/image\/","url":"https:\/\/dicodusport.fr\/blog\/wp-content\/uploads\/2020\/06\/cropped-LOGO-DICODUSPORT-2020-SANS-FOND-SANS-TEXTE.png","contentUrl":"https:\/\/dicodusport.fr\/blog\/wp-content\/uploads\/2020\/06\/cropped-LOGO-DICODUSPORT-2020-SANS-FOND-SANS-TEXTE.png","width":512,"height":512,"caption":"Dicodusport"},"image":{"@id":"https:\/\/dicodusport.fr\/blog\/#\/schema\/logo\/image\/"},"sameAs":["https:\/\/www.facebook.com\/dicodusport","https:\/\/x.com\/dicodusport","https:\/\/www.instagram.com\/dicodusport\/","https:\/\/www.youtube.com\/channel\/UC7V2KZ5sd3htJivAbA4ZG3w"],"description":"Dicodusport est l'encyclop\u00e9die de l'actualit\u00e9 sportive.","email":"bonjour@dicodusport.fr","legalName":"DICODUSPORT","foundingDate":"2018-01-14","vatID":"FR71834470973","taxID":"83447097300043","numberOfEmployees":{"@type":"QuantitativeValue","minValue":"1","maxValue":"10"}},{"@type":"Person","@id":"https:\/\/dicodusport.fr\/blog\/#\/schema\/person\/cb02af4c173ce4a653b55e9baf388d4a","name":"Flo Ostermann","image":{"@type":"ImageObject","inLanguage":"fr-FR","@id":"https:\/\/dicodusport.fr\/blog\/#\/schema\/person\/image\/","url":"https:\/\/dicodusport.fr\/blog\/wp-content\/uploads\/2021\/05\/Flo-Ostermann-150x150.jpg","contentUrl":"https:\/\/dicodusport.fr\/blog\/wp-content\/uploads\/2021\/05\/Flo-Ostermann-150x150.jpg","caption":"Flo Ostermann"},"description":"Journaliste\/R\u00e9dacteur depuis septembre 2015 - Mes premiers souvenirs dans le sport ? Les envol\u00e9es du Stade Toulousain et les duels Villeneuve-Schumacher et H\u00e4kkinen-Schumacher \u00e0 la fin des ann\u00e9es 90, la Coupe du monde de football en 1998, l\u2019exploit du XV de France face aux All Blacks en 1999, mais aussi Richard C\u0153ur de Lion qui vole sur les montagnes du Tour de France. Bien parti pour devenir professeur d\u2019EPS, les \u00e9v\u00e9nements de la vie (et la flemme d\u2019animer des s\u00e9ances de 3x500 m\u00e8tres toute ma vie) m\u2019ont conduit \u00e0 revoir mes plans. Me voil\u00e0 depuis fin 2017 sur Dicodusport, m\u00e9dia gr\u00e2ce (et pour) lequel je partage ma passion : le sport dans tous ses \u00e9tats. Le tout accompagn\u00e9 par les fous furieux et folles furieuses cit\u00e9s sur cette page !","sameAs":["https:\/\/www.facebook.com\/florent.ostermann","https:\/\/x.com\/https:\/\/twitter.com\/FlOstermann","admin"],"url":"https:\/\/dicodusport.fr\/blog\/author\/flo\/"}]}},"_links":{"self":[{"href":"https:\/\/dicodusport.fr\/blog\/wp-json\/wp\/v2\/posts\/44889","targetHints":{"allow":["GET"]}}],"collection":[{"href":"https:\/\/dicodusport.fr\/blog\/wp-json\/wp\/v2\/posts"}],"about":[{"href":"https:\/\/dicodusport.fr\/blog\/wp-json\/wp\/v2\/types\/post"}],"author":[{"embeddable":true,"href":"https:\/\/dicodusport.fr\/blog\/wp-json\/wp\/v2\/users\/4"}],"replies":[{"embeddable":true,"href":"https:\/\/dicodusport.fr\/blog\/wp-json\/wp\/v2\/comments?post=44889"}],"version-history":[{"count":0,"href":"https:\/\/dicodusport.fr\/blog\/wp-json\/wp\/v2\/posts\/44889\/revisions"}],"wp:featuredmedia":[{"embeddable":true,"href":"https:\/\/dicodusport.fr\/blog\/wp-json\/wp\/v2\/media\/44894"}],"wp:attachment":[{"href":"https:\/\/dicodusport.fr\/blog\/wp-json\/wp\/v2\/media?parent=44889"}],"wp:term":[{"taxonomy":"category","embeddable":true,"href":"https:\/\/dicodusport.fr\/blog\/wp-json\/wp\/v2\/categories?post=44889"},{"taxonomy":"post_tag","embeddable":true,"href":"https:\/\/dicodusport.fr\/blog\/wp-json\/wp\/v2\/tags?post=44889"}],"curies":[{"name":"wp","href":"https:\/\/api.w.org\/{rel}","templated":true}]}}