{"id":449666,"date":"2024-01-06T13:25:18","date_gmt":"2024-01-06T12:25:18","guid":{"rendered":"https:\/\/dicodusport.fr\/blog\/?p=449666&#038;preview=true&#038;preview_id=449666"},"modified":"2024-01-06T14:26:22","modified_gmt":"2024-01-06T13:26:22","slug":"geant-femmes-kranjska-gora-2024-etincelante-valerie-grenier-remet-ca-en-slovenie","status":"publish","type":"post","link":"https:\/\/dicodusport.fr\/blog\/geant-femmes-kranjska-gora-2024-etincelante-valerie-grenier-remet-ca-en-slovenie\/","title":{"rendered":"G\u00e9ant femmes Kranjska Gora 2024 : \u00c9tincelante, Val\u00e9rie Grenier remet \u00e7a en Slov\u00e9nie"},"content":{"rendered":"<p style=\"text-align: justify;\"><a href=\"https:\/\/dicodusport.fr\/blog\/actualites\/sports-dhiver\/ski\/coupe-du-monde-ski-alpin-2023-2024\/\"><b><i>COUPE DU MONDE DE SKI ALPIN 2023-2024<\/i><\/b><\/a><b><i> &#8211; Comme l&rsquo;hiver dernier, Val\u00e9rie Grenier triomphe sur le g\u00e9ant de Kranjska Gora apr\u00e8s une deuxi\u00e8me manche de toute beaut\u00e9 devant Lara Gut-Behrami et Federica Brignone.\u00a0<\/i><\/b><\/p>\n<p style=\"text-align: justify;\">Premi\u00e8re course de ski alpin de l&rsquo;ann\u00e9e 2024, le g\u00e9ant de Kranjska Gora pr\u00e9sentait une indiscutable favorite :<strong> Mikaela Shiffrin<\/strong>. Lanc\u00e9e dans une course vers les 100 victoires en Coupe du monde, l&rsquo;Am\u00e9ricaine semblait avoir une marge sur la concurrence. Les Bleues, elles, \u00e9taient quatre pour tenter de se qualifier en deuxi\u00e8me manche et arracher des points.<\/p>\n<ul style=\"text-align: justify;\">\n<li style=\"text-align: justify;\"><span style=\"font-size: 16px;\"><strong>\u00c0 ce sujet &#8211; <a href=\"https:\/\/dicodusport.fr\/blog\/calendrier-et-resultats-ski-alpin-coupe-du-monde-femmes-2023-2024\/\">Calendrier et r\u00e9sultats de la Coupe du monde de ski alpin 2023-2024<\/a><br \/>\n<\/strong><\/span><\/li>\n<\/ul>\n<p style=\"text-align: justify;\">Cependant, la premi\u00e8re manche allait accoucher d&rsquo;un sc\u00e9nario inattendu. Sur une piste compliqu\u00e9e, mieux valait partir t\u00f4t. Ainsi, <strong>Petra Vlhova,\u00a0<\/strong>solide \u00e0 d\u00e9faut d&rsquo;\u00eatre impressionnante, a pris le devants avec deux petits centi\u00e8mes d&rsquo;avance sur <strong>Federica Brignone<\/strong>, et 15 sur <strong>Lara Gut-Behrami<\/strong>. Et <strong>Mikaela Shiffrin<\/strong> ? Pas de rythme, des courbes moins taill\u00e9es, et pr\u00e8s d&rsquo;une seconde dans la vue au final pour une 7e place. Surprenant.<\/p>\n<blockquote class=\"twitter-tweet\">\n<p dir=\"ltr\" lang=\"und\">Vlhova conquista la prima manche del gigante a Kranjska Gora \u26f7\ufe0f<a href=\"https:\/\/twitter.com\/hashtag\/EurosportSCI?src=hash&amp;ref_src=twsrc%5Etfw\">#EurosportSCI<\/a> <a href=\"https:\/\/twitter.com\/hashtag\/AlpineSkiing?src=hash&amp;ref_src=twsrc%5Etfw\">#AlpineSkiing<\/a> <a href=\"https:\/\/twitter.com\/hashtag\/Vlhova?src=hash&amp;ref_src=twsrc%5Etfw\">#Vlhova<\/a> <a href=\"https:\/\/t.co\/Uk7a368zfc\">pic.twitter.com\/Uk7a368zfc<\/a><\/p>\n<p>\u2014 Eurosport IT (@Eurosport_IT) <a href=\"https:\/\/twitter.com\/Eurosport_IT\/status\/1743565625878892842?ref_src=twsrc%5Etfw\">January 6, 2024<\/a><\/p><\/blockquote>\n<p style=\"text-align: justify;\"><script async src=\"https:\/\/platform.twitter.com\/widgets.js\" charset=\"utf-8\"><\/script><br \/>\nConcernant les Bleues, comme convenu, seule<strong> Clara Direz<\/strong> acc\u00e9dait \u00e0 la deuxi\u00e8me manche. Profitant d&rsquo;un dossard abordable, la Tricolore a assur\u00e9 le coup et pris la 17e place, \u00e0 56 centi\u00e8mes du Top 10. <strong>Caitlin McFarlane<\/strong> et <strong>Marie Lamure<\/strong> \u00e9taient loin du compte, et <strong>Aliz\u00e9e Dahon<\/strong> n&rsquo;allait pas voir l&rsquo;arriv\u00e9e. Une seule carte donc dans une discipline o\u00f9 les Fran\u00e7aises sont d\u00e9pendantes du niveau de <strong>Clara Direz,<\/strong> d\u00e9j\u00e0 4e cette saison, et dont on esp\u00e9rait donc un gros coup.<\/p>\n<ul style=\"text-align: justify;\">\n<li style=\"text-align: justify;\"><span style=\"font-size: 16px;\"><strong>\u00c0 ce sujet &#8211; <a title=\"Coupe du monde de ski alpin \u2013 Classement g\u00e9n\u00e9ral femmes\" href=\"https:\/\/dicodusport.fr\/blog\/coupe-du-monde-de-ski-alpin-classement-general-femmes\/\" rel=\"\">Coupe du monde de ski alpin \u2013 Classement g\u00e9n\u00e9ral femmes<\/a><\/strong><\/span><\/li>\n<\/ul>\n<p style=\"text-align: justify;\">La Fran\u00e7aise a livr\u00e9 une deuxi\u00e8me manche honn\u00eate. Solide, elle pouvait envisager une remont\u00e9e vers le Top 10, puisqu&rsquo;\u00e0 l&rsquo;amorce des huit meilleures, elle \u00e9tait en troisi\u00e8me position derri\u00e8re<strong> Alice Robinson<\/strong> et <strong>Franziska Gritsch<\/strong>, sur une piste qui se d\u00e9gradait. Les grands noms s&rsquo;\u00e9lan\u00e7aient alors, en particulier <strong>Mikaela Shiffrin<\/strong>, qui passait devant <strong>Clara Direz<\/strong> (11e au final) mais ne prenait pas la t\u00eate.<\/p>\n<p style=\"text-align: justify;\">C&rsquo;est alors <strong>Thea Louise Stjernesund<\/strong> qui sortait une manche splendide et s&rsquo;installait confortablement en t\u00eate, avan\u00e7ant ses pions pour le podium. Mais <strong>Val\u00e9rie Grenier<\/strong>, laur\u00e9ate l&rsquo;hiver dernier ici m\u00eame, retrouvait un niveau stratosph\u00e9rique et envoyait la Norv\u00e9gienne \u00e0 plus d&rsquo;une seconde ! Le podium \u00e9tait assur\u00e9 apr\u00e8s l&rsquo;\u00e9chec de <strong>Lara Gut-Behrami<\/strong>, puis c&rsquo;est <strong>Federica Brignone<\/strong> qui voyait la victoire lui \u00e9chapper. Derni\u00e8re en piste, <strong>Petra Vlhova<\/strong> n&rsquo;y arrivait pas mieux que les autres et ne sauvait m\u00eame pas une place sur le podium. Victorieuse pour la premi\u00e8re fois de sa carri\u00e8re ici m\u00eame l&rsquo;an dernier, <strong>Val\u00e9rie Grenier<\/strong> est d\u00e9cid\u00e9ment intouchable \u00e0 Kranjska Gora !<\/p>\n<ul>\n<li style=\"text-align: justify;\"><strong>\u00c0 ce sujet &#8211; <a href=\"https:\/\/dicodusport.fr\/blog\/classement-geant-femmes-kranjska-gora-2024\/\">Le classement du g\u00e9ant femmes de Kranjska Gora<\/a><\/strong><\/li>\n<\/ul>\n","protected":false},"excerpt":{"rendered":"<p>COUPE DU MONDE DE SKI ALPIN 2023-2024 &#8211; Comme l&rsquo;hiver dernier, Val\u00e9rie Grenier triomphe sur le g\u00e9ant de Kranjska Gora apr\u00e8s une deuxi\u00e8me manche de toute beaut\u00e9 devant Lara Gut-Behrami et Federica Brignone.\u00a0<\/p>\n","protected":false},"author":59,"featured_media":449804,"comment_status":"open","ping_status":"closed","sticky":false,"template":"","format":"standard","meta":{"_acf_changed":false,"_daextam_enable_autolinks":"1","footnotes":""},"categories":[47084],"tags":[16878,15180,2233],"class_list":["post-449666","post","type-post","status-publish","format-standard","has-post-thumbnail","hentry","category-coupe-du-monde-ski-alpin","tag-breve","tag-geant-de-kranjska-gora","tag-ski-alpin"],"acf":[],"yoast_head":"<!-- This site is optimized with the Yoast SEO Premium plugin v26.7 (Yoast SEO v26.7) - https:\/\/yoast.com\/wordpress\/plugins\/seo\/ -->\n<title>G\u00e9ant femmes Kranjska Gora 2024 : \u00c9tincelante, Val\u00e9rie Grenier remet \u00e7a en Slov\u00e9nie<\/title>\n<meta name=\"description\" content=\"COUPE DU MONDE DE SKI ALPIN 2023-2024 - Comme l&#039;hiver dernier, Val\u00e9rie Grenier triomphe sur le g\u00e9ant de Kranjska Gora.\" \/>\n<meta name=\"robots\" content=\"index, follow, max-snippet:-1, max-image-preview:large, max-video-preview:-1\" \/>\n<link rel=\"canonical\" href=\"https:\/\/dicodusport.fr\/blog\/geant-femmes-kranjska-gora-2024-etincelante-valerie-grenier-remet-ca-en-slovenie\/\" \/>\n<meta property=\"og:locale\" content=\"fr_FR\" \/>\n<meta property=\"og:type\" content=\"article\" \/>\n<meta property=\"og:title\" content=\"G\u00e9ant femmes Kranjska Gora 2024 : \u00c9tincelante, Val\u00e9rie Grenier remet \u00e7a en Slov\u00e9nie\" \/>\n<meta property=\"og:description\" content=\"COUPE DU MONDE DE SKI ALPIN 2023-2024 - Comme l&#039;hiver dernier, Val\u00e9rie Grenier triomphe sur le g\u00e9ant de Kranjska Gora.\" \/>\n<meta property=\"og:url\" content=\"https:\/\/dicodusport.fr\/blog\/geant-femmes-kranjska-gora-2024-etincelante-valerie-grenier-remet-ca-en-slovenie\/\" \/>\n<meta property=\"og:site_name\" content=\"Dicodusport\" \/>\n<meta property=\"article:publisher\" content=\"https:\/\/www.facebook.com\/dicodusport\" \/>\n<meta property=\"article:author\" content=\"https:\/\/www.facebook.com\/sebastien.gente\/\" \/>\n<meta property=\"article:published_time\" content=\"2024-01-06T12:25:18+00:00\" \/>\n<meta property=\"article:modified_time\" content=\"2024-01-06T13:26:22+00:00\" \/>\n<meta property=\"og:image\" content=\"https:\/\/dicodusport.fr\/blog\/wp-content\/uploads\/2024\/01\/Geant-femmes-Kranjska-Gora-2024-Etincelante-Valerie-Grenier-remet-ca-en-Slovenie-1.png\" \/>\n\t<meta property=\"og:image:width\" content=\"1200\" \/>\n\t<meta property=\"og:image:height\" content=\"674\" \/>\n\t<meta property=\"og:image:type\" content=\"image\/png\" \/>\n<meta name=\"author\" content=\"S\u00e9bastien Gente\" \/>\n<meta name=\"twitter:card\" content=\"summary_large_image\" \/>\n<meta name=\"twitter:title\" content=\"G\u00e9ant femmes Kranjska Gora 2024 : \u00c9tincelante, Val\u00e9rie Grenier remet \u00e7a en Slov\u00e9nie\" \/>\n<meta name=\"twitter:creator\" content=\"@https:\/\/twitter.com\/globulo24\" \/>\n<meta name=\"twitter:site\" content=\"@dicodusport\" \/>\n<script type=\"application\/ld+json\" class=\"yoast-schema-graph\">{\"@context\":\"https:\/\/schema.org\",\"@graph\":[{\"@type\":\"NewsArticle\",\"@id\":\"https:\/\/dicodusport.fr\/blog\/geant-femmes-kranjska-gora-2024-etincelante-valerie-grenier-remet-ca-en-slovenie\/#article\",\"isPartOf\":{\"@id\":\"https:\/\/dicodusport.fr\/blog\/geant-femmes-kranjska-gora-2024-etincelante-valerie-grenier-remet-ca-en-slovenie\/\"},\"author\":{\"name\":\"S\u00e9bastien Gente\",\"@id\":\"https:\/\/dicodusport.fr\/blog\/#\/schema\/person\/627966a6cde45dbd8c5e36ac85d783da\"},\"headline\":\"G\u00e9ant femmes Kranjska Gora 2024 : \u00c9tincelante, Val\u00e9rie Grenier remet \u00e7a en Slov\u00e9nie\",\"datePublished\":\"2024-01-06T12:25:18+00:00\",\"dateModified\":\"2024-01-06T13:26:22+00:00\",\"mainEntityOfPage\":{\"@id\":\"https:\/\/dicodusport.fr\/blog\/geant-femmes-kranjska-gora-2024-etincelante-valerie-grenier-remet-ca-en-slovenie\/\"},\"wordCount\":541,\"commentCount\":0,\"publisher\":{\"@id\":\"https:\/\/dicodusport.fr\/blog\/#organization\"},\"image\":{\"@id\":\"https:\/\/dicodusport.fr\/blog\/geant-femmes-kranjska-gora-2024-etincelante-valerie-grenier-remet-ca-en-slovenie\/#primaryimage\"},\"thumbnailUrl\":\"https:\/\/dicodusport.fr\/blog\/wp-content\/uploads\/2024\/01\/Geant-femmes-Kranjska-Gora-2024-Etincelante-Valerie-Grenier-remet-ca-en-Slovenie-1.png\",\"keywords\":[\"br\u00e8ve\",\"G\u00e9ant de Kranjska Gora\",\"Ski alpin\"],\"articleSection\":[\"Coupe du monde de ski alpin\"],\"inLanguage\":\"fr-FR\",\"potentialAction\":[{\"@type\":\"CommentAction\",\"name\":\"Comment\",\"target\":[\"https:\/\/dicodusport.fr\/blog\/geant-femmes-kranjska-gora-2024-etincelante-valerie-grenier-remet-ca-en-slovenie\/#respond\"]}],\"copyrightYear\":\"2024\",\"copyrightHolder\":{\"@id\":\"https:\/\/dicodusport.fr\/blog\/#organization\"}},{\"@type\":\"WebPage\",\"@id\":\"https:\/\/dicodusport.fr\/blog\/geant-femmes-kranjska-gora-2024-etincelante-valerie-grenier-remet-ca-en-slovenie\/\",\"url\":\"https:\/\/dicodusport.fr\/blog\/geant-femmes-kranjska-gora-2024-etincelante-valerie-grenier-remet-ca-en-slovenie\/\",\"name\":\"G\u00e9ant femmes Kranjska Gora 2024 : \u00c9tincelante, Val\u00e9rie Grenier remet \u00e7a en Slov\u00e9nie\",\"isPartOf\":{\"@id\":\"https:\/\/dicodusport.fr\/blog\/#website\"},\"primaryImageOfPage\":{\"@id\":\"https:\/\/dicodusport.fr\/blog\/geant-femmes-kranjska-gora-2024-etincelante-valerie-grenier-remet-ca-en-slovenie\/#primaryimage\"},\"image\":{\"@id\":\"https:\/\/dicodusport.fr\/blog\/geant-femmes-kranjska-gora-2024-etincelante-valerie-grenier-remet-ca-en-slovenie\/#primaryimage\"},\"thumbnailUrl\":\"https:\/\/dicodusport.fr\/blog\/wp-content\/uploads\/2024\/01\/Geant-femmes-Kranjska-Gora-2024-Etincelante-Valerie-Grenier-remet-ca-en-Slovenie-1.png\",\"datePublished\":\"2024-01-06T12:25:18+00:00\",\"dateModified\":\"2024-01-06T13:26:22+00:00\",\"description\":\"COUPE DU MONDE DE SKI ALPIN 2023-2024 - Comme l'hiver dernier, Val\u00e9rie Grenier triomphe sur le g\u00e9ant de Kranjska Gora.\",\"breadcrumb\":{\"@id\":\"https:\/\/dicodusport.fr\/blog\/geant-femmes-kranjska-gora-2024-etincelante-valerie-grenier-remet-ca-en-slovenie\/#breadcrumb\"},\"inLanguage\":\"fr-FR\",\"potentialAction\":[{\"@type\":\"ReadAction\",\"target\":[\"https:\/\/dicodusport.fr\/blog\/geant-femmes-kranjska-gora-2024-etincelante-valerie-grenier-remet-ca-en-slovenie\/\"]}]},{\"@type\":\"ImageObject\",\"inLanguage\":\"fr-FR\",\"@id\":\"https:\/\/dicodusport.fr\/blog\/geant-femmes-kranjska-gora-2024-etincelante-valerie-grenier-remet-ca-en-slovenie\/#primaryimage\",\"url\":\"https:\/\/dicodusport.fr\/blog\/wp-content\/uploads\/2024\/01\/Geant-femmes-Kranjska-Gora-2024-Etincelante-Valerie-Grenier-remet-ca-en-Slovenie-1.png\",\"contentUrl\":\"https:\/\/dicodusport.fr\/blog\/wp-content\/uploads\/2024\/01\/Geant-femmes-Kranjska-Gora-2024-Etincelante-Valerie-Grenier-remet-ca-en-Slovenie-1.png\",\"width\":1200,\"height\":674,\"caption\":\"G\u00e9ant femmes Kranjska Gora 2024 \u00c9tincelante, Val\u00e9rie Grenier remet \u00e7a en Slov\u00e9nie\"},{\"@type\":\"BreadcrumbList\",\"@id\":\"https:\/\/dicodusport.fr\/blog\/geant-femmes-kranjska-gora-2024-etincelante-valerie-grenier-remet-ca-en-slovenie\/#breadcrumb\",\"itemListElement\":[{\"@type\":\"ListItem\",\"position\":1,\"name\":\"Accueil\",\"item\":\"https:\/\/dicodusport.fr\/blog\/\"},{\"@type\":\"ListItem\",\"position\":2,\"name\":\"G\u00e9ant femmes Kranjska Gora 2024 : \u00c9tincelante, Val\u00e9rie Grenier remet \u00e7a en Slov\u00e9nie\"}]},{\"@type\":\"WebSite\",\"@id\":\"https:\/\/dicodusport.fr\/blog\/#website\",\"url\":\"https:\/\/dicodusport.fr\/blog\/\",\"name\":\"Dicodusport\",\"description\":\"L&#039;encyclop\u00e9die de l&#039;actualit\u00e9 sportive\",\"publisher\":{\"@id\":\"https:\/\/dicodusport.fr\/blog\/#organization\"},\"potentialAction\":[{\"@type\":\"SearchAction\",\"target\":{\"@type\":\"EntryPoint\",\"urlTemplate\":\"https:\/\/dicodusport.fr\/blog\/?s={search_term_string}\"},\"query-input\":{\"@type\":\"PropertyValueSpecification\",\"valueRequired\":true,\"valueName\":\"search_term_string\"}}],\"inLanguage\":\"fr-FR\"},{\"@type\":\"NewsMediaOrganization\",\"@id\":\"https:\/\/dicodusport.fr\/blog\/#organization\",\"name\":\"Dicodusport\",\"url\":\"https:\/\/dicodusport.fr\/blog\/\",\"logo\":{\"@type\":\"ImageObject\",\"inLanguage\":\"fr-FR\",\"@id\":\"https:\/\/dicodusport.fr\/blog\/#\/schema\/logo\/image\/\",\"url\":\"https:\/\/dicodusport.fr\/blog\/wp-content\/uploads\/2020\/06\/cropped-LOGO-DICODUSPORT-2020-SANS-FOND-SANS-TEXTE.png\",\"contentUrl\":\"https:\/\/dicodusport.fr\/blog\/wp-content\/uploads\/2020\/06\/cropped-LOGO-DICODUSPORT-2020-SANS-FOND-SANS-TEXTE.png\",\"width\":512,\"height\":512,\"caption\":\"Dicodusport\"},\"image\":{\"@id\":\"https:\/\/dicodusport.fr\/blog\/#\/schema\/logo\/image\/\"},\"sameAs\":[\"https:\/\/www.facebook.com\/dicodusport\",\"https:\/\/x.com\/dicodusport\",\"https:\/\/www.instagram.com\/dicodusport\/\",\"https:\/\/www.youtube.com\/channel\/UC7V2KZ5sd3htJivAbA4ZG3w\"],\"description\":\"Dicodusport est l'encyclop\u00e9die de l'actualit\u00e9 sportive.\",\"email\":\"bonjour@dicodusport.fr\",\"legalName\":\"DICODUSPORT\",\"foundingDate\":\"2018-01-14\",\"vatID\":\"FR71834470973\",\"taxID\":\"83447097300043\",\"numberOfEmployees\":{\"@type\":\"QuantitativeValue\",\"minValue\":\"1\",\"maxValue\":\"10\"}},{\"@type\":\"Person\",\"@id\":\"https:\/\/dicodusport.fr\/blog\/#\/schema\/person\/627966a6cde45dbd8c5e36ac85d783da\",\"name\":\"S\u00e9bastien Gente\",\"image\":{\"@type\":\"ImageObject\",\"inLanguage\":\"fr-FR\",\"@id\":\"https:\/\/dicodusport.fr\/blog\/#\/schema\/person\/image\/\",\"url\":\"https:\/\/dicodusport.fr\/blog\/wp-content\/uploads\/2021\/09\/1510990_10205810251400683_4124423575079401707_n-150x150.jpg\",\"contentUrl\":\"https:\/\/dicodusport.fr\/blog\/wp-content\/uploads\/2021\/09\/1510990_10205810251400683_4124423575079401707_n-150x150.jpg\",\"caption\":\"S\u00e9bastien Gente\"},\"description\":\"John Stockton, Gianni Bugno, Zinedine Zidane, Steffi Graf, Frode Andresen, St\u00e9phane Stoecklin, Davis Kamoga, Primoz Peterka, Werner Schlager et Aur\u00e9lien Rougerie. Point commun entre ces sportifs? Ils m'ont fait r\u00eaver et ont berc\u00e9 mon adolescence. Je suis un fondu de sports et j'essaie de retranscrire ma passion \u00e0 travers mes articles. Originaire du P\u00e9rigord, ma passion pour les Girondins, les Jaunards et les Jazzmen transpire dans mes \u00e9crits. \u00c0 Dicodusport depuis 2021, je d\u00e9niche les sports m\u00e9connus dans lesquels la France brille, et il y en a !\",\"sameAs\":[\"https:\/\/www.facebook.com\/sebastien.gente\/\",\"https:\/\/www.instagram.com\/sebgente\/\",\"https:\/\/www.linkedin.com\/in\/sbastien-gente-a29583169\/\",\"https:\/\/x.com\/https:\/\/twitter.com\/globulo24\",\"SebastienGente\"],\"worksFor\":\"S\u00e9bastien GENTE\",\"url\":\"https:\/\/dicodusport.fr\/blog\/author\/sebastiengente\/\"}]}<\/script>\n<!-- \/ Yoast SEO Premium plugin. -->","yoast_head_json":{"title":"G\u00e9ant femmes Kranjska Gora 2024 : \u00c9tincelante, Val\u00e9rie Grenier remet \u00e7a en Slov\u00e9nie","description":"COUPE DU MONDE DE SKI ALPIN 2023-2024 - Comme l'hiver dernier, Val\u00e9rie Grenier triomphe sur le g\u00e9ant de Kranjska Gora.","robots":{"index":"index","follow":"follow","max-snippet":"max-snippet:-1","max-image-preview":"max-image-preview:large","max-video-preview":"max-video-preview:-1"},"canonical":"https:\/\/dicodusport.fr\/blog\/geant-femmes-kranjska-gora-2024-etincelante-valerie-grenier-remet-ca-en-slovenie\/","og_locale":"fr_FR","og_type":"article","og_title":"G\u00e9ant femmes Kranjska Gora 2024 : \u00c9tincelante, Val\u00e9rie Grenier remet \u00e7a en Slov\u00e9nie","og_description":"COUPE DU MONDE DE SKI ALPIN 2023-2024 - Comme l'hiver dernier, Val\u00e9rie Grenier triomphe sur le g\u00e9ant de Kranjska Gora.","og_url":"https:\/\/dicodusport.fr\/blog\/geant-femmes-kranjska-gora-2024-etincelante-valerie-grenier-remet-ca-en-slovenie\/","og_site_name":"Dicodusport","article_publisher":"https:\/\/www.facebook.com\/dicodusport","article_author":"https:\/\/www.facebook.com\/sebastien.gente\/","article_published_time":"2024-01-06T12:25:18+00:00","article_modified_time":"2024-01-06T13:26:22+00:00","og_image":[{"width":1200,"height":674,"url":"https:\/\/dicodusport.fr\/blog\/wp-content\/uploads\/2024\/01\/Geant-femmes-Kranjska-Gora-2024-Etincelante-Valerie-Grenier-remet-ca-en-Slovenie-1.png","type":"image\/png"}],"author":"S\u00e9bastien Gente","twitter_card":"summary_large_image","twitter_title":"G\u00e9ant femmes Kranjska Gora 2024 : \u00c9tincelante, Val\u00e9rie Grenier remet \u00e7a en Slov\u00e9nie","twitter_creator":"@https:\/\/twitter.com\/globulo24","twitter_site":"@dicodusport","schema":{"@context":"https:\/\/schema.org","@graph":[{"@type":"NewsArticle","@id":"https:\/\/dicodusport.fr\/blog\/geant-femmes-kranjska-gora-2024-etincelante-valerie-grenier-remet-ca-en-slovenie\/#article","isPartOf":{"@id":"https:\/\/dicodusport.fr\/blog\/geant-femmes-kranjska-gora-2024-etincelante-valerie-grenier-remet-ca-en-slovenie\/"},"author":{"name":"S\u00e9bastien Gente","@id":"https:\/\/dicodusport.fr\/blog\/#\/schema\/person\/627966a6cde45dbd8c5e36ac85d783da"},"headline":"G\u00e9ant femmes Kranjska Gora 2024 : \u00c9tincelante, Val\u00e9rie Grenier remet \u00e7a en Slov\u00e9nie","datePublished":"2024-01-06T12:25:18+00:00","dateModified":"2024-01-06T13:26:22+00:00","mainEntityOfPage":{"@id":"https:\/\/dicodusport.fr\/blog\/geant-femmes-kranjska-gora-2024-etincelante-valerie-grenier-remet-ca-en-slovenie\/"},"wordCount":541,"commentCount":0,"publisher":{"@id":"https:\/\/dicodusport.fr\/blog\/#organization"},"image":{"@id":"https:\/\/dicodusport.fr\/blog\/geant-femmes-kranjska-gora-2024-etincelante-valerie-grenier-remet-ca-en-slovenie\/#primaryimage"},"thumbnailUrl":"https:\/\/dicodusport.fr\/blog\/wp-content\/uploads\/2024\/01\/Geant-femmes-Kranjska-Gora-2024-Etincelante-Valerie-Grenier-remet-ca-en-Slovenie-1.png","keywords":["br\u00e8ve","G\u00e9ant de Kranjska Gora","Ski alpin"],"articleSection":["Coupe du monde de ski alpin"],"inLanguage":"fr-FR","potentialAction":[{"@type":"CommentAction","name":"Comment","target":["https:\/\/dicodusport.fr\/blog\/geant-femmes-kranjska-gora-2024-etincelante-valerie-grenier-remet-ca-en-slovenie\/#respond"]}],"copyrightYear":"2024","copyrightHolder":{"@id":"https:\/\/dicodusport.fr\/blog\/#organization"}},{"@type":"WebPage","@id":"https:\/\/dicodusport.fr\/blog\/geant-femmes-kranjska-gora-2024-etincelante-valerie-grenier-remet-ca-en-slovenie\/","url":"https:\/\/dicodusport.fr\/blog\/geant-femmes-kranjska-gora-2024-etincelante-valerie-grenier-remet-ca-en-slovenie\/","name":"G\u00e9ant femmes Kranjska Gora 2024 : \u00c9tincelante, Val\u00e9rie Grenier remet \u00e7a en Slov\u00e9nie","isPartOf":{"@id":"https:\/\/dicodusport.fr\/blog\/#website"},"primaryImageOfPage":{"@id":"https:\/\/dicodusport.fr\/blog\/geant-femmes-kranjska-gora-2024-etincelante-valerie-grenier-remet-ca-en-slovenie\/#primaryimage"},"image":{"@id":"https:\/\/dicodusport.fr\/blog\/geant-femmes-kranjska-gora-2024-etincelante-valerie-grenier-remet-ca-en-slovenie\/#primaryimage"},"thumbnailUrl":"https:\/\/dicodusport.fr\/blog\/wp-content\/uploads\/2024\/01\/Geant-femmes-Kranjska-Gora-2024-Etincelante-Valerie-Grenier-remet-ca-en-Slovenie-1.png","datePublished":"2024-01-06T12:25:18+00:00","dateModified":"2024-01-06T13:26:22+00:00","description":"COUPE DU MONDE DE SKI ALPIN 2023-2024 - Comme l'hiver dernier, Val\u00e9rie Grenier triomphe sur le g\u00e9ant de Kranjska Gora.","breadcrumb":{"@id":"https:\/\/dicodusport.fr\/blog\/geant-femmes-kranjska-gora-2024-etincelante-valerie-grenier-remet-ca-en-slovenie\/#breadcrumb"},"inLanguage":"fr-FR","potentialAction":[{"@type":"ReadAction","target":["https:\/\/dicodusport.fr\/blog\/geant-femmes-kranjska-gora-2024-etincelante-valerie-grenier-remet-ca-en-slovenie\/"]}]},{"@type":"ImageObject","inLanguage":"fr-FR","@id":"https:\/\/dicodusport.fr\/blog\/geant-femmes-kranjska-gora-2024-etincelante-valerie-grenier-remet-ca-en-slovenie\/#primaryimage","url":"https:\/\/dicodusport.fr\/blog\/wp-content\/uploads\/2024\/01\/Geant-femmes-Kranjska-Gora-2024-Etincelante-Valerie-Grenier-remet-ca-en-Slovenie-1.png","contentUrl":"https:\/\/dicodusport.fr\/blog\/wp-content\/uploads\/2024\/01\/Geant-femmes-Kranjska-Gora-2024-Etincelante-Valerie-Grenier-remet-ca-en-Slovenie-1.png","width":1200,"height":674,"caption":"G\u00e9ant femmes Kranjska Gora 2024 \u00c9tincelante, Val\u00e9rie Grenier remet \u00e7a en Slov\u00e9nie"},{"@type":"BreadcrumbList","@id":"https:\/\/dicodusport.fr\/blog\/geant-femmes-kranjska-gora-2024-etincelante-valerie-grenier-remet-ca-en-slovenie\/#breadcrumb","itemListElement":[{"@type":"ListItem","position":1,"name":"Accueil","item":"https:\/\/dicodusport.fr\/blog\/"},{"@type":"ListItem","position":2,"name":"G\u00e9ant femmes Kranjska Gora 2024 : \u00c9tincelante, Val\u00e9rie Grenier remet \u00e7a en Slov\u00e9nie"}]},{"@type":"WebSite","@id":"https:\/\/dicodusport.fr\/blog\/#website","url":"https:\/\/dicodusport.fr\/blog\/","name":"Dicodusport","description":"L&#039;encyclop\u00e9die de l&#039;actualit\u00e9 sportive","publisher":{"@id":"https:\/\/dicodusport.fr\/blog\/#organization"},"potentialAction":[{"@type":"SearchAction","target":{"@type":"EntryPoint","urlTemplate":"https:\/\/dicodusport.fr\/blog\/?s={search_term_string}"},"query-input":{"@type":"PropertyValueSpecification","valueRequired":true,"valueName":"search_term_string"}}],"inLanguage":"fr-FR"},{"@type":"NewsMediaOrganization","@id":"https:\/\/dicodusport.fr\/blog\/#organization","name":"Dicodusport","url":"https:\/\/dicodusport.fr\/blog\/","logo":{"@type":"ImageObject","inLanguage":"fr-FR","@id":"https:\/\/dicodusport.fr\/blog\/#\/schema\/logo\/image\/","url":"https:\/\/dicodusport.fr\/blog\/wp-content\/uploads\/2020\/06\/cropped-LOGO-DICODUSPORT-2020-SANS-FOND-SANS-TEXTE.png","contentUrl":"https:\/\/dicodusport.fr\/blog\/wp-content\/uploads\/2020\/06\/cropped-LOGO-DICODUSPORT-2020-SANS-FOND-SANS-TEXTE.png","width":512,"height":512,"caption":"Dicodusport"},"image":{"@id":"https:\/\/dicodusport.fr\/blog\/#\/schema\/logo\/image\/"},"sameAs":["https:\/\/www.facebook.com\/dicodusport","https:\/\/x.com\/dicodusport","https:\/\/www.instagram.com\/dicodusport\/","https:\/\/www.youtube.com\/channel\/UC7V2KZ5sd3htJivAbA4ZG3w"],"description":"Dicodusport est l'encyclop\u00e9die de l'actualit\u00e9 sportive.","email":"bonjour@dicodusport.fr","legalName":"DICODUSPORT","foundingDate":"2018-01-14","vatID":"FR71834470973","taxID":"83447097300043","numberOfEmployees":{"@type":"QuantitativeValue","minValue":"1","maxValue":"10"}},{"@type":"Person","@id":"https:\/\/dicodusport.fr\/blog\/#\/schema\/person\/627966a6cde45dbd8c5e36ac85d783da","name":"S\u00e9bastien Gente","image":{"@type":"ImageObject","inLanguage":"fr-FR","@id":"https:\/\/dicodusport.fr\/blog\/#\/schema\/person\/image\/","url":"https:\/\/dicodusport.fr\/blog\/wp-content\/uploads\/2021\/09\/1510990_10205810251400683_4124423575079401707_n-150x150.jpg","contentUrl":"https:\/\/dicodusport.fr\/blog\/wp-content\/uploads\/2021\/09\/1510990_10205810251400683_4124423575079401707_n-150x150.jpg","caption":"S\u00e9bastien Gente"},"description":"John Stockton, Gianni Bugno, Zinedine Zidane, Steffi Graf, Frode Andresen, St\u00e9phane Stoecklin, Davis Kamoga, Primoz Peterka, Werner Schlager et Aur\u00e9lien Rougerie. Point commun entre ces sportifs? Ils m'ont fait r\u00eaver et ont berc\u00e9 mon adolescence. Je suis un fondu de sports et j'essaie de retranscrire ma passion \u00e0 travers mes articles. Originaire du P\u00e9rigord, ma passion pour les Girondins, les Jaunards et les Jazzmen transpire dans mes \u00e9crits. \u00c0 Dicodusport depuis 2021, je d\u00e9niche les sports m\u00e9connus dans lesquels la France brille, et il y en a !","sameAs":["https:\/\/www.facebook.com\/sebastien.gente\/","https:\/\/www.instagram.com\/sebgente\/","https:\/\/www.linkedin.com\/in\/sbastien-gente-a29583169\/","https:\/\/x.com\/https:\/\/twitter.com\/globulo24","SebastienGente"],"worksFor":"S\u00e9bastien GENTE","url":"https:\/\/dicodusport.fr\/blog\/author\/sebastiengente\/"}]}},"_links":{"self":[{"href":"https:\/\/dicodusport.fr\/blog\/wp-json\/wp\/v2\/posts\/449666","targetHints":{"allow":["GET"]}}],"collection":[{"href":"https:\/\/dicodusport.fr\/blog\/wp-json\/wp\/v2\/posts"}],"about":[{"href":"https:\/\/dicodusport.fr\/blog\/wp-json\/wp\/v2\/types\/post"}],"author":[{"embeddable":true,"href":"https:\/\/dicodusport.fr\/blog\/wp-json\/wp\/v2\/users\/59"}],"replies":[{"embeddable":true,"href":"https:\/\/dicodusport.fr\/blog\/wp-json\/wp\/v2\/comments?post=449666"}],"version-history":[{"count":1,"href":"https:\/\/dicodusport.fr\/blog\/wp-json\/wp\/v2\/posts\/449666\/revisions"}],"predecessor-version":[{"id":449774,"href":"https:\/\/dicodusport.fr\/blog\/wp-json\/wp\/v2\/posts\/449666\/revisions\/449774"}],"wp:featuredmedia":[{"embeddable":true,"href":"https:\/\/dicodusport.fr\/blog\/wp-json\/wp\/v2\/media\/449804"}],"wp:attachment":[{"href":"https:\/\/dicodusport.fr\/blog\/wp-json\/wp\/v2\/media?parent=449666"}],"wp:term":[{"taxonomy":"category","embeddable":true,"href":"https:\/\/dicodusport.fr\/blog\/wp-json\/wp\/v2\/categories?post=449666"},{"taxonomy":"post_tag","embeddable":true,"href":"https:\/\/dicodusport.fr\/blog\/wp-json\/wp\/v2\/tags?post=449666"}],"curies":[{"name":"wp","href":"https:\/\/api.w.org\/{rel}","templated":true}]}}