{"id":449711,"date":"2024-01-08T11:00:49","date_gmt":"2024-01-08T10:00:49","guid":{"rendered":"https:\/\/dicodusport.fr\/blog\/?p=449711&#038;preview=true&#038;preview_id=449711"},"modified":"2024-01-23T18:25:45","modified_gmt":"2024-01-23T17:25:45","slug":"cyclisme-julian-alaphilippe-peut-il-retrouver-les-sommets","status":"publish","type":"post","link":"https:\/\/dicodusport.fr\/blog\/cyclisme-julian-alaphilippe-peut-il-retrouver-les-sommets\/","title":{"rendered":"Cyclisme : Julian Alaphilippe peut-il retrouver les sommets ?"},"content":{"rendered":"<p style=\"text-align: justify;\"><strong><em>CYCLISME SUR ROUTE &#8211; Apr\u00e8s une ann\u00e9e 2022 marqu\u00e9e par des grosses chutes et une ann\u00e9e 2023 sur le retour, que peut esp\u00e9rer Julian Alaphilippe en 2024, pour sa derni\u00e8re ann\u00e9e de contrat avec la formation Soudal Quick-Step ?<\/em><\/strong><\/p>\n<ul>\n<li style=\"text-align: justify;\"><strong>\u00c0 ce sujet &#8211; <a href=\"https:\/\/dicodusport.fr\/blog\/soudal-quick-step-effectif-maillot-et-objectifs-pour-la-saison-2024\/\">Soudal Quick-Step : Effectif, maillot et objectifs pour la saison 2024<\/a>\u00a0<\/strong><\/li>\n<\/ul>\n<h2 style=\"text-align: justify;\">Julian Alaphilippe doit se remettre \u00e0 100 % de ses blessures en 2024<\/h2>\n<p style=\"text-align: justify;\">Sur les routes de Li\u00e8ge-Bastogne-Li\u00e8ge, sa vie aurait pu s&rsquo;arr\u00eater contre un arbre. C&rsquo;est finalement une partie de sa saison 2022 qui s&rsquo;est envol\u00e9e en ce mois d&rsquo;avril. Mais les lourdes blessures mettent du temps \u00e0 gu\u00e9rir. On parle l\u00e0 de deux c\u00f4tes et une omoplate cass\u00e9es et d&rsquo;un h\u00e9mopneumothorax. Cas typique dans le football, un joueur qui se fait une rupture des ligaments crois\u00e9s met, en plus du temps de convalescence, pr\u00e8s d&rsquo;une ann\u00e9e \u00e0 retrouver pleinement des sensations. En sachant que le Fran\u00e7ais a rego\u00fbt\u00e9 au bitume sur les routes de la Vuelta 2022 et que son genou l&rsquo;a fait souffrir en avril 2023, suite \u00e0 une nouvelle chute, <strong>Julian Alaphilippe<\/strong> n&rsquo;a pas d\u00e9rog\u00e9 \u00e0 la r\u00e8gle, avec une ann\u00e9e 2023 pleine de frustrations. On n&rsquo;oubliera pas qu&rsquo;il a gagn\u00e9 en World Tour \u00e0 la pure p\u00e9dale sur le Dauphin\u00e9. Avec un tr\u00e8s beau plateau en face de lui.<\/p>\n<div class=\"vlp-link-container vlp-layout-article\"><a href=\"https:\/\/dicodusport.fr\/blog\/criterium-du-dauphine-2023-julian-alaphilippe-sadjuge-la-2eme-etape\/\" class=\"vlp-link\" title=\"Crit\u00e9rium du Dauphin\u00e9 2023 : Julian Alaphilippe s\u2019adjuge la 2\u00e8me \u00e9tape\" rel=\"nofollow\" target=\"_blank\"><\/a><div class=\"vlp-layout-zone-side\"><div class=\"vlp-block-4 vlp-link-image\"><img decoding=\"async\" src=\"https:\/\/dicodusport.fr\/blog\/wp-content\/uploads\/2023\/06\/Criterium-du-Dauphine-2023-Julian-Alaphilippe-sadjuge-la-2eme-etape.png\" style=\"max-width: 800px; max-height: 800px\" \/><\/div><\/div><div class=\"vlp-layout-zone-main\"><div class=\"vlp-block-0 vlp-link-title\">Crit\u00e9rium du Dauphin\u00e9 2023 : Julian Alaphilippe s\u2019adjuge la 2\u00e8me \u00e9tape<\/div><div class=\"vlp-block-1 vlp-link-summary\">CRIT\u00c9RIUM DU DAUPHIN\u00c9 2023 - Julian Alaphilippe (Soudal Quick-Step) s\u2019est impos\u00e9 au sprint sur la deuxi\u00e8me \u00e9tape \u00e0 La Chaise-Dieu. Il a devanc\u00e9 Richard Carapaz (EF Education-EasyPost) et Natnael Tesfatsion (Trek Segafredo).<\/div><div class=\"vlp-block-2 vlp-link-button\">Lire l'article<\/div><div class=\"vlp-block-3 vlp-link-url\">dicodusport.fr<\/div><\/div><\/div>\n<p style=\"text-align: justify;\">\u00c9quipier de <strong>Remco Evenepoel<\/strong> sur le triomphe du Belge \u00e0 Li\u00e8ge,<strong> Julian Alaphilippe<\/strong>, malgr\u00e9 une \u00e9norme volont\u00e9, n&rsquo;a jamais trouv\u00e9 l&rsquo;ouverture sur le Tour de France. Laissant l&rsquo;impression d&rsquo;un coureur \u00e0 qui il manquait toujours un petit quelque chose. Se dispersant aussi avec de nombreuses attaques. Et l&rsquo;appr\u00e9hension forc\u00e9ment : \u201c<em>Je ne cache pas que lorsque \u00e7a roule vite, quand on ne passe pas loin d&rsquo;une chute, j&rsquo;ai peut-\u00eatre un peu plus peur qu&rsquo;avant<\/em>\u201d, confie le double champion du monde au m\u00e9dia <a href=\"https:\/\/olympics.com\/fr\/infos\/julian-alaphilippe-mondiaux-cyclisme-route-interview\"><em>Olympics<\/em>.<\/a><\/p>\n<p style=\"text-align: justify;\">\u00ab\u00a0<em>Apr\u00e8s ce qu&rsquo;il a v\u00e9cu, je suis convaincu qu&rsquo;Alaphilippe reviendra apr\u00e8s cette saison. Il doit d&rsquo;abord avoir une saison sans accrocs majeurs. Il lui faut encore l&rsquo;hiver pour pouvoir travailler sur cette base et vous verrez l&rsquo;ann\u00e9e prochaine\u00a0\u00bb,\u00a0<\/em>confie son directeur sportif,<strong> Davide Bramati<\/strong>, au m\u00e9dia italien <em><a href=\"https:\/\/bici.pro\/news\/professionisti\/bramati-alaphilippe-serve-ancora-inverno-tornera\/\">Bici News<\/a><\/em>. On ne demande qu&rsquo;\u00e0 voir.<\/p>\n<ul>\n<li style=\"text-align: justify;\"><strong>\u00c0 ce sujet &#8211; <a href=\"https:\/\/dicodusport.fr\/blog\/julian-alaphilippe-nexclut-pas-de-mettre-un-terme-a-sa-carriere-en-fin-de-saison\/\">Julian Alaphilippe n\u2019exclut pas de mettre un terme \u00e0 sa carri\u00e8re en fin de saison<\/a>\u00a0<\/strong><\/li>\n<\/ul>\n<h2 style=\"text-align: justify;\">Des cyclistes qui ont connu des creux et qui sont revenus<\/h2>\n<p style=\"text-align: justify;\">Le Fran\u00e7ais peut s&rsquo;appuyer sur des cas encourageants. Comme celui du Gallois <strong>Geraint Thomas<\/strong>. Vainqueur du Tour de France 2018 et dauphin de son co\u00e9quipier <strong>Egan Bernal<\/strong> en 2019, <strong>Geraint Thomas<\/strong> a connu ensuite une ann\u00e9e 2020 pourrie. Multipliant les chutes, devenant m\u00eame un certain running-gag. Et si, en 2021, ce fut mieux avec une victoire au Tour de Romandie, et des podiums sur le Dauphin\u00e9 et le Tour de Catalogne, il laissait une image d&rsquo;un coureur souvent au sol. Ce qui tuera dans l&rsquo;\u0153uf son Tour de France 2021.<\/p>\n<p style=\"text-align: justify;\">Surtout, beaucoup s&rsquo;accordaient \u00e0 dire qu&rsquo;il ne retrouverait plus les joies d&rsquo;un podium sur Grand Tour. Pourtant, il termine 3e du Tour de France 2022, derri\u00e8re les mastodontes <strong>Jonas Vingegaard<\/strong> et <strong>Tadej Pogacar<\/strong>. Surtout, il manque de tr\u00e8s peu de remporter le Tour d&rsquo;Italie 2023, craquant dans le dernier kilom\u00e8tre du dernier chrono, face \u00e0 <strong>Primoz Roglic<\/strong>. N\u00e9anmoins, le coureur d&rsquo;INEOS Grenadiers n&rsquo;est pas pass\u00e9 par des blessures aussi graves que le Fran\u00e7ais. <strong>Remco Evenepoel<\/strong>, victime d&rsquo;une blessure au moins aussi grave que le Fran\u00e7ais, a mis pr\u00e8s de 18 mois \u00e0 retrouver pleinement ses moyens. En souffrance en 2021, avant de repartir fort en 2022. Mais, avec quelques trous encore.<\/p>\n<p style=\"text-align: justify;\"><em>\u00ab Selon le docteur Van Mol, la blessure de Remco est plus probl\u00e9matique pour un cycliste que celles de Fabio (Jakobsen) \u00bb<\/em>, pouvait-on lire dans le m\u00e9dia <em>L&rsquo;Avenir<\/em>. En r\u00e9f\u00e9rence au cycliste n\u00e9erlandais, qui a fr\u00f4l\u00e9 la mort en 2020, lors du Tour de Pologne, avant, lui aussi, de revenir tr\u00e8s fort et gagner sur les plus grandes courses.<\/p>\n<div id=\"attachment_442676\" style=\"width: 1210px\" class=\"wp-caption aligncenter\"><img loading=\"lazy\" decoding=\"async\" aria-describedby=\"caption-attachment-442676\" class=\"size-full wp-image-442676\" src=\"https:\/\/dicodusport.fr\/blog\/wp-content\/uploads\/2023\/12\/Julian-Alaphilippe-debutera-sa-saison-2024-en-Australie-avec-le-Tour-Down-Under.png\" alt=\"Julian Alaphilippe sera ambitieux en 2024\" width=\"1200\" height=\"674\" srcset=\"https:\/\/dicodusport.fr\/blog\/wp-content\/uploads\/2023\/12\/Julian-Alaphilippe-debutera-sa-saison-2024-en-Australie-avec-le-Tour-Down-Under.png 1200w, https:\/\/dicodusport.fr\/blog\/wp-content\/uploads\/2023\/12\/Julian-Alaphilippe-debutera-sa-saison-2024-en-Australie-avec-le-Tour-Down-Under-300x169.png 300w, https:\/\/dicodusport.fr\/blog\/wp-content\/uploads\/2023\/12\/Julian-Alaphilippe-debutera-sa-saison-2024-en-Australie-avec-le-Tour-Down-Under-1024x575.png 1024w, https:\/\/dicodusport.fr\/blog\/wp-content\/uploads\/2023\/12\/Julian-Alaphilippe-debutera-sa-saison-2024-en-Australie-avec-le-Tour-Down-Under-768x431.png 768w\" sizes=\"auto, (max-width: 1200px) 100vw, 1200px\" \/><p id=\"caption-attachment-442676\" class=\"wp-caption-text\">Julian Alaphilippe sera ambitieux en 2024 &#8211; Photo Icon Sport<\/p><\/div>\n<h2 style=\"text-align: justify;\">Une concurrence historiquement folle<\/h2>\n<p style=\"text-align: justify;\">S&rsquo;il est \u00e9vident que <strong>Julian Alaphilippe<\/strong> est moins fort qu&rsquo;entre 2018 et 2021, ses grandes ann\u00e9es, il faut aussi dire que la concurrence s&rsquo;est accrue. Face \u00e0 des <strong>Tadej Pogacar<\/strong>, <strong>Mathieu van der Poel<\/strong> et m\u00eame <strong>Wout Van Aert<\/strong> au sommet, le Fran\u00e7ais aurait-il autant gagn\u00e9 durant cette p\u00e9riode ? Cette concurrence rappelle quelque peu la domination du \u00ab\u00a0Big Three\u00a0\u00bb en tennis et qui n&rsquo;est pas termin\u00e9e, gr\u00e2ce \u00e0 Novak Djokovic. Des coureurs qui vampirisent les victoires. Un <strong>Julian Alaphilippe<\/strong> au top aurait sans doute fait partie de cette joyeuse bande. Et s&rsquo;il revient \u00e0 son niveau, pourquoi pas venir les chatouiller. Pour le plus grand plaisir des fans tricolores.<\/p>\n","protected":false},"excerpt":{"rendered":"<p>CYCLISME SUR ROUTE &#8211; Que peut esp\u00e9rer Julian Alaphilippe en 2024, pour sa derni\u00e8re ann\u00e9e de contrat avec la formation Soudal Quick-Step ?<\/p>\n","protected":false},"author":83,"featured_media":449757,"comment_status":"open","ping_status":"closed","sticky":false,"template":"","format":"standard","meta":{"_acf_changed":false,"_daextam_enable_autolinks":"1","footnotes":""},"categories":[46994],"tags":[16878,574,1719,28868,24],"class_list":["post-449711","post","type-post","status-publish","format-standard","has-post-thumbnail","hentry","category-cyclisme-sur-route","tag-breve","tag-cyclisme","tag-julian-alaphilippe","tag-soudal-quick-step","tag-sport"],"acf":[],"yoast_head":"<!-- This site is optimized with the Yoast SEO Premium plugin v26.7 (Yoast SEO v26.7) - https:\/\/yoast.com\/wordpress\/plugins\/seo\/ -->\n<title>Cyclisme : Julian Alaphilippe peut-il retrouver les sommets ?<\/title>\n<meta name=\"description\" content=\"Apr\u00e8s une ann\u00e9e 2022 marqu\u00e9e par des grosses chutes, et une ann\u00e9e 2023 sur le retour, que peut esp\u00e9rer Julian Alaphilippe en 2024 ?\" \/>\n<meta name=\"robots\" content=\"index, follow, max-snippet:-1, max-image-preview:large, max-video-preview:-1\" \/>\n<link rel=\"canonical\" href=\"https:\/\/dicodusport.fr\/blog\/cyclisme-julian-alaphilippe-peut-il-retrouver-les-sommets\/\" \/>\n<meta property=\"og:locale\" content=\"fr_FR\" \/>\n<meta property=\"og:type\" content=\"article\" \/>\n<meta property=\"og:title\" content=\"Cyclisme : Julian Alaphilippe peut-il retrouver les sommets ?\" \/>\n<meta property=\"og:description\" content=\"Apr\u00e8s une ann\u00e9e 2022 marqu\u00e9e par des grosses chutes, et une ann\u00e9e 2023 sur le retour, que peut esp\u00e9rer Julian Alaphilippe en 2024 ?\" \/>\n<meta property=\"og:url\" content=\"https:\/\/dicodusport.fr\/blog\/cyclisme-julian-alaphilippe-peut-il-retrouver-les-sommets\/\" \/>\n<meta property=\"og:site_name\" content=\"Dicodusport\" \/>\n<meta property=\"article:publisher\" content=\"https:\/\/www.facebook.com\/dicodusport\" \/>\n<meta property=\"article:published_time\" content=\"2024-01-08T10:00:49+00:00\" \/>\n<meta property=\"article:modified_time\" content=\"2024-01-23T17:25:45+00:00\" \/>\n<meta property=\"og:image\" content=\"https:\/\/dicodusport.fr\/blog\/wp-content\/uploads\/2024\/01\/Cyclisme-Julian-Alaphilippe-peut-il-retrouver-les-sommets-.png\" \/>\n\t<meta property=\"og:image:width\" content=\"1200\" \/>\n\t<meta property=\"og:image:height\" content=\"674\" \/>\n\t<meta property=\"og:image:type\" content=\"image\/png\" \/>\n<meta name=\"author\" content=\"Etienne Goursaud\" \/>\n<meta name=\"twitter:card\" content=\"summary_large_image\" \/>\n<meta name=\"twitter:title\" content=\"Cyclisme : Julian Alaphilippe peut-il retrouver les sommets ?\" \/>\n<meta name=\"twitter:creator\" content=\"@dicodusport\" \/>\n<meta name=\"twitter:site\" content=\"@dicodusport\" \/>\n<script type=\"application\/ld+json\" class=\"yoast-schema-graph\">{\"@context\":\"https:\/\/schema.org\",\"@graph\":[{\"@type\":\"NewsArticle\",\"@id\":\"https:\/\/dicodusport.fr\/blog\/cyclisme-julian-alaphilippe-peut-il-retrouver-les-sommets\/#article\",\"isPartOf\":{\"@id\":\"https:\/\/dicodusport.fr\/blog\/cyclisme-julian-alaphilippe-peut-il-retrouver-les-sommets\/\"},\"author\":{\"name\":\"Etienne Goursaud\",\"@id\":\"https:\/\/dicodusport.fr\/blog\/#\/schema\/person\/d603dd7da31fb2b46c82b9835a77ec13\"},\"headline\":\"Cyclisme : Julian Alaphilippe peut-il retrouver les sommets ?\",\"datePublished\":\"2024-01-08T10:00:49+00:00\",\"dateModified\":\"2024-01-23T17:25:45+00:00\",\"mainEntityOfPage\":{\"@id\":\"https:\/\/dicodusport.fr\/blog\/cyclisme-julian-alaphilippe-peut-il-retrouver-les-sommets\/\"},\"wordCount\":919,\"commentCount\":0,\"publisher\":{\"@id\":\"https:\/\/dicodusport.fr\/blog\/#organization\"},\"image\":{\"@id\":\"https:\/\/dicodusport.fr\/blog\/cyclisme-julian-alaphilippe-peut-il-retrouver-les-sommets\/#primaryimage\"},\"thumbnailUrl\":\"https:\/\/dicodusport.fr\/blog\/wp-content\/uploads\/2024\/01\/Cyclisme-Julian-Alaphilippe-peut-il-retrouver-les-sommets-.png\",\"keywords\":[\"br\u00e8ve\",\"Cyclisme\",\"Julian Alaphilippe\",\"Soudal Quick-Step\",\"sport\"],\"articleSection\":[\"Cyclisme sur route\"],\"inLanguage\":\"fr-FR\",\"potentialAction\":[{\"@type\":\"CommentAction\",\"name\":\"Comment\",\"target\":[\"https:\/\/dicodusport.fr\/blog\/cyclisme-julian-alaphilippe-peut-il-retrouver-les-sommets\/#respond\"]}],\"copyrightYear\":\"2024\",\"copyrightHolder\":{\"@id\":\"https:\/\/dicodusport.fr\/blog\/#organization\"}},{\"@type\":\"WebPage\",\"@id\":\"https:\/\/dicodusport.fr\/blog\/cyclisme-julian-alaphilippe-peut-il-retrouver-les-sommets\/\",\"url\":\"https:\/\/dicodusport.fr\/blog\/cyclisme-julian-alaphilippe-peut-il-retrouver-les-sommets\/\",\"name\":\"Cyclisme : Julian Alaphilippe peut-il retrouver les sommets ?\",\"isPartOf\":{\"@id\":\"https:\/\/dicodusport.fr\/blog\/#website\"},\"primaryImageOfPage\":{\"@id\":\"https:\/\/dicodusport.fr\/blog\/cyclisme-julian-alaphilippe-peut-il-retrouver-les-sommets\/#primaryimage\"},\"image\":{\"@id\":\"https:\/\/dicodusport.fr\/blog\/cyclisme-julian-alaphilippe-peut-il-retrouver-les-sommets\/#primaryimage\"},\"thumbnailUrl\":\"https:\/\/dicodusport.fr\/blog\/wp-content\/uploads\/2024\/01\/Cyclisme-Julian-Alaphilippe-peut-il-retrouver-les-sommets-.png\",\"datePublished\":\"2024-01-08T10:00:49+00:00\",\"dateModified\":\"2024-01-23T17:25:45+00:00\",\"description\":\"Apr\u00e8s une ann\u00e9e 2022 marqu\u00e9e par des grosses chutes, et une ann\u00e9e 2023 sur le retour, que peut esp\u00e9rer Julian Alaphilippe en 2024 ?\",\"breadcrumb\":{\"@id\":\"https:\/\/dicodusport.fr\/blog\/cyclisme-julian-alaphilippe-peut-il-retrouver-les-sommets\/#breadcrumb\"},\"inLanguage\":\"fr-FR\",\"potentialAction\":[{\"@type\":\"ReadAction\",\"target\":[\"https:\/\/dicodusport.fr\/blog\/cyclisme-julian-alaphilippe-peut-il-retrouver-les-sommets\/\"]}]},{\"@type\":\"ImageObject\",\"inLanguage\":\"fr-FR\",\"@id\":\"https:\/\/dicodusport.fr\/blog\/cyclisme-julian-alaphilippe-peut-il-retrouver-les-sommets\/#primaryimage\",\"url\":\"https:\/\/dicodusport.fr\/blog\/wp-content\/uploads\/2024\/01\/Cyclisme-Julian-Alaphilippe-peut-il-retrouver-les-sommets-.png\",\"contentUrl\":\"https:\/\/dicodusport.fr\/blog\/wp-content\/uploads\/2024\/01\/Cyclisme-Julian-Alaphilippe-peut-il-retrouver-les-sommets-.png\",\"width\":1200,\"height\":674,\"caption\":\"Cyclisme - Julian Alaphilippe peut-il retrouver les sommets ?\"},{\"@type\":\"BreadcrumbList\",\"@id\":\"https:\/\/dicodusport.fr\/blog\/cyclisme-julian-alaphilippe-peut-il-retrouver-les-sommets\/#breadcrumb\",\"itemListElement\":[{\"@type\":\"ListItem\",\"position\":1,\"name\":\"Accueil\",\"item\":\"https:\/\/dicodusport.fr\/blog\/\"},{\"@type\":\"ListItem\",\"position\":2,\"name\":\"Cyclisme : Julian Alaphilippe peut-il retrouver les sommets ?\"}]},{\"@type\":\"WebSite\",\"@id\":\"https:\/\/dicodusport.fr\/blog\/#website\",\"url\":\"https:\/\/dicodusport.fr\/blog\/\",\"name\":\"Dicodusport\",\"description\":\"L&#039;encyclop\u00e9die de l&#039;actualit\u00e9 sportive\",\"publisher\":{\"@id\":\"https:\/\/dicodusport.fr\/blog\/#organization\"},\"potentialAction\":[{\"@type\":\"SearchAction\",\"target\":{\"@type\":\"EntryPoint\",\"urlTemplate\":\"https:\/\/dicodusport.fr\/blog\/?s={search_term_string}\"},\"query-input\":{\"@type\":\"PropertyValueSpecification\",\"valueRequired\":true,\"valueName\":\"search_term_string\"}}],\"inLanguage\":\"fr-FR\"},{\"@type\":\"NewsMediaOrganization\",\"@id\":\"https:\/\/dicodusport.fr\/blog\/#organization\",\"name\":\"Dicodusport\",\"url\":\"https:\/\/dicodusport.fr\/blog\/\",\"logo\":{\"@type\":\"ImageObject\",\"inLanguage\":\"fr-FR\",\"@id\":\"https:\/\/dicodusport.fr\/blog\/#\/schema\/logo\/image\/\",\"url\":\"https:\/\/dicodusport.fr\/blog\/wp-content\/uploads\/2020\/06\/cropped-LOGO-DICODUSPORT-2020-SANS-FOND-SANS-TEXTE.png\",\"contentUrl\":\"https:\/\/dicodusport.fr\/blog\/wp-content\/uploads\/2020\/06\/cropped-LOGO-DICODUSPORT-2020-SANS-FOND-SANS-TEXTE.png\",\"width\":512,\"height\":512,\"caption\":\"Dicodusport\"},\"image\":{\"@id\":\"https:\/\/dicodusport.fr\/blog\/#\/schema\/logo\/image\/\"},\"sameAs\":[\"https:\/\/www.facebook.com\/dicodusport\",\"https:\/\/x.com\/dicodusport\",\"https:\/\/www.instagram.com\/dicodusport\/\",\"https:\/\/www.youtube.com\/channel\/UC7V2KZ5sd3htJivAbA4ZG3w\"],\"description\":\"Dicodusport est l'encyclop\u00e9die de l'actualit\u00e9 sportive.\",\"email\":\"bonjour@dicodusport.fr\",\"legalName\":\"DICODUSPORT\",\"foundingDate\":\"2018-01-14\",\"vatID\":\"FR71834470973\",\"taxID\":\"83447097300043\",\"numberOfEmployees\":{\"@type\":\"QuantitativeValue\",\"minValue\":\"1\",\"maxValue\":\"10\"}},{\"@type\":\"Person\",\"@id\":\"https:\/\/dicodusport.fr\/blog\/#\/schema\/person\/d603dd7da31fb2b46c82b9835a77ec13\",\"name\":\"Etienne Goursaud\",\"image\":{\"@type\":\"ImageObject\",\"inLanguage\":\"fr-FR\",\"@id\":\"https:\/\/dicodusport.fr\/blog\/#\/schema\/person\/image\/\",\"url\":\"https:\/\/dicodusport.fr\/blog\/wp-content\/uploads\/2023\/12\/410122264_10231602061736049_5565839791558026645_n-150x150.jpg\",\"contentUrl\":\"https:\/\/dicodusport.fr\/blog\/wp-content\/uploads\/2023\/12\/410122264_10231602061736049_5565839791558026645_n-150x150.jpg\",\"caption\":\"Etienne Goursaud\"},\"description\":\"Journaliste et amoureux de sport. Ancien footballeur reconverti athl\u00e8te quand ses muscles le laissent tranquille. \u00c9lev\u00e9 \u00e0 la sauce des exploits de Thomas Voeckler en 2004, du dernier essai de l\u00e9gende de Eunice Barber \u00e0 la longueur lors des championnats du monde d'athl\u00e9tisme de 2003 mais aussi Zidane, Omeyer et Titou Lamaison.\",\"url\":\"https:\/\/dicodusport.fr\/blog\/author\/etienne-goursaud\/\"}]}<\/script>\n<!-- \/ Yoast SEO Premium plugin. -->","yoast_head_json":{"title":"Cyclisme : Julian Alaphilippe peut-il retrouver les sommets ?","description":"Apr\u00e8s une ann\u00e9e 2022 marqu\u00e9e par des grosses chutes, et une ann\u00e9e 2023 sur le retour, que peut esp\u00e9rer Julian Alaphilippe en 2024 ?","robots":{"index":"index","follow":"follow","max-snippet":"max-snippet:-1","max-image-preview":"max-image-preview:large","max-video-preview":"max-video-preview:-1"},"canonical":"https:\/\/dicodusport.fr\/blog\/cyclisme-julian-alaphilippe-peut-il-retrouver-les-sommets\/","og_locale":"fr_FR","og_type":"article","og_title":"Cyclisme : Julian Alaphilippe peut-il retrouver les sommets ?","og_description":"Apr\u00e8s une ann\u00e9e 2022 marqu\u00e9e par des grosses chutes, et une ann\u00e9e 2023 sur le retour, que peut esp\u00e9rer Julian Alaphilippe en 2024 ?","og_url":"https:\/\/dicodusport.fr\/blog\/cyclisme-julian-alaphilippe-peut-il-retrouver-les-sommets\/","og_site_name":"Dicodusport","article_publisher":"https:\/\/www.facebook.com\/dicodusport","article_published_time":"2024-01-08T10:00:49+00:00","article_modified_time":"2024-01-23T17:25:45+00:00","og_image":[{"width":1200,"height":674,"url":"https:\/\/dicodusport.fr\/blog\/wp-content\/uploads\/2024\/01\/Cyclisme-Julian-Alaphilippe-peut-il-retrouver-les-sommets-.png","type":"image\/png"}],"author":"Etienne Goursaud","twitter_card":"summary_large_image","twitter_title":"Cyclisme : Julian Alaphilippe peut-il retrouver les sommets ?","twitter_creator":"@dicodusport","twitter_site":"@dicodusport","schema":{"@context":"https:\/\/schema.org","@graph":[{"@type":"NewsArticle","@id":"https:\/\/dicodusport.fr\/blog\/cyclisme-julian-alaphilippe-peut-il-retrouver-les-sommets\/#article","isPartOf":{"@id":"https:\/\/dicodusport.fr\/blog\/cyclisme-julian-alaphilippe-peut-il-retrouver-les-sommets\/"},"author":{"name":"Etienne Goursaud","@id":"https:\/\/dicodusport.fr\/blog\/#\/schema\/person\/d603dd7da31fb2b46c82b9835a77ec13"},"headline":"Cyclisme : Julian Alaphilippe peut-il retrouver les sommets ?","datePublished":"2024-01-08T10:00:49+00:00","dateModified":"2024-01-23T17:25:45+00:00","mainEntityOfPage":{"@id":"https:\/\/dicodusport.fr\/blog\/cyclisme-julian-alaphilippe-peut-il-retrouver-les-sommets\/"},"wordCount":919,"commentCount":0,"publisher":{"@id":"https:\/\/dicodusport.fr\/blog\/#organization"},"image":{"@id":"https:\/\/dicodusport.fr\/blog\/cyclisme-julian-alaphilippe-peut-il-retrouver-les-sommets\/#primaryimage"},"thumbnailUrl":"https:\/\/dicodusport.fr\/blog\/wp-content\/uploads\/2024\/01\/Cyclisme-Julian-Alaphilippe-peut-il-retrouver-les-sommets-.png","keywords":["br\u00e8ve","Cyclisme","Julian Alaphilippe","Soudal Quick-Step","sport"],"articleSection":["Cyclisme sur route"],"inLanguage":"fr-FR","potentialAction":[{"@type":"CommentAction","name":"Comment","target":["https:\/\/dicodusport.fr\/blog\/cyclisme-julian-alaphilippe-peut-il-retrouver-les-sommets\/#respond"]}],"copyrightYear":"2024","copyrightHolder":{"@id":"https:\/\/dicodusport.fr\/blog\/#organization"}},{"@type":"WebPage","@id":"https:\/\/dicodusport.fr\/blog\/cyclisme-julian-alaphilippe-peut-il-retrouver-les-sommets\/","url":"https:\/\/dicodusport.fr\/blog\/cyclisme-julian-alaphilippe-peut-il-retrouver-les-sommets\/","name":"Cyclisme : Julian Alaphilippe peut-il retrouver les sommets ?","isPartOf":{"@id":"https:\/\/dicodusport.fr\/blog\/#website"},"primaryImageOfPage":{"@id":"https:\/\/dicodusport.fr\/blog\/cyclisme-julian-alaphilippe-peut-il-retrouver-les-sommets\/#primaryimage"},"image":{"@id":"https:\/\/dicodusport.fr\/blog\/cyclisme-julian-alaphilippe-peut-il-retrouver-les-sommets\/#primaryimage"},"thumbnailUrl":"https:\/\/dicodusport.fr\/blog\/wp-content\/uploads\/2024\/01\/Cyclisme-Julian-Alaphilippe-peut-il-retrouver-les-sommets-.png","datePublished":"2024-01-08T10:00:49+00:00","dateModified":"2024-01-23T17:25:45+00:00","description":"Apr\u00e8s une ann\u00e9e 2022 marqu\u00e9e par des grosses chutes, et une ann\u00e9e 2023 sur le retour, que peut esp\u00e9rer Julian Alaphilippe en 2024 ?","breadcrumb":{"@id":"https:\/\/dicodusport.fr\/blog\/cyclisme-julian-alaphilippe-peut-il-retrouver-les-sommets\/#breadcrumb"},"inLanguage":"fr-FR","potentialAction":[{"@type":"ReadAction","target":["https:\/\/dicodusport.fr\/blog\/cyclisme-julian-alaphilippe-peut-il-retrouver-les-sommets\/"]}]},{"@type":"ImageObject","inLanguage":"fr-FR","@id":"https:\/\/dicodusport.fr\/blog\/cyclisme-julian-alaphilippe-peut-il-retrouver-les-sommets\/#primaryimage","url":"https:\/\/dicodusport.fr\/blog\/wp-content\/uploads\/2024\/01\/Cyclisme-Julian-Alaphilippe-peut-il-retrouver-les-sommets-.png","contentUrl":"https:\/\/dicodusport.fr\/blog\/wp-content\/uploads\/2024\/01\/Cyclisme-Julian-Alaphilippe-peut-il-retrouver-les-sommets-.png","width":1200,"height":674,"caption":"Cyclisme - Julian Alaphilippe peut-il retrouver les sommets ?"},{"@type":"BreadcrumbList","@id":"https:\/\/dicodusport.fr\/blog\/cyclisme-julian-alaphilippe-peut-il-retrouver-les-sommets\/#breadcrumb","itemListElement":[{"@type":"ListItem","position":1,"name":"Accueil","item":"https:\/\/dicodusport.fr\/blog\/"},{"@type":"ListItem","position":2,"name":"Cyclisme : Julian Alaphilippe peut-il retrouver les sommets ?"}]},{"@type":"WebSite","@id":"https:\/\/dicodusport.fr\/blog\/#website","url":"https:\/\/dicodusport.fr\/blog\/","name":"Dicodusport","description":"L&#039;encyclop\u00e9die de l&#039;actualit\u00e9 sportive","publisher":{"@id":"https:\/\/dicodusport.fr\/blog\/#organization"},"potentialAction":[{"@type":"SearchAction","target":{"@type":"EntryPoint","urlTemplate":"https:\/\/dicodusport.fr\/blog\/?s={search_term_string}"},"query-input":{"@type":"PropertyValueSpecification","valueRequired":true,"valueName":"search_term_string"}}],"inLanguage":"fr-FR"},{"@type":"NewsMediaOrganization","@id":"https:\/\/dicodusport.fr\/blog\/#organization","name":"Dicodusport","url":"https:\/\/dicodusport.fr\/blog\/","logo":{"@type":"ImageObject","inLanguage":"fr-FR","@id":"https:\/\/dicodusport.fr\/blog\/#\/schema\/logo\/image\/","url":"https:\/\/dicodusport.fr\/blog\/wp-content\/uploads\/2020\/06\/cropped-LOGO-DICODUSPORT-2020-SANS-FOND-SANS-TEXTE.png","contentUrl":"https:\/\/dicodusport.fr\/blog\/wp-content\/uploads\/2020\/06\/cropped-LOGO-DICODUSPORT-2020-SANS-FOND-SANS-TEXTE.png","width":512,"height":512,"caption":"Dicodusport"},"image":{"@id":"https:\/\/dicodusport.fr\/blog\/#\/schema\/logo\/image\/"},"sameAs":["https:\/\/www.facebook.com\/dicodusport","https:\/\/x.com\/dicodusport","https:\/\/www.instagram.com\/dicodusport\/","https:\/\/www.youtube.com\/channel\/UC7V2KZ5sd3htJivAbA4ZG3w"],"description":"Dicodusport est l'encyclop\u00e9die de l'actualit\u00e9 sportive.","email":"bonjour@dicodusport.fr","legalName":"DICODUSPORT","foundingDate":"2018-01-14","vatID":"FR71834470973","taxID":"83447097300043","numberOfEmployees":{"@type":"QuantitativeValue","minValue":"1","maxValue":"10"}},{"@type":"Person","@id":"https:\/\/dicodusport.fr\/blog\/#\/schema\/person\/d603dd7da31fb2b46c82b9835a77ec13","name":"Etienne Goursaud","image":{"@type":"ImageObject","inLanguage":"fr-FR","@id":"https:\/\/dicodusport.fr\/blog\/#\/schema\/person\/image\/","url":"https:\/\/dicodusport.fr\/blog\/wp-content\/uploads\/2023\/12\/410122264_10231602061736049_5565839791558026645_n-150x150.jpg","contentUrl":"https:\/\/dicodusport.fr\/blog\/wp-content\/uploads\/2023\/12\/410122264_10231602061736049_5565839791558026645_n-150x150.jpg","caption":"Etienne Goursaud"},"description":"Journaliste et amoureux de sport. Ancien footballeur reconverti athl\u00e8te quand ses muscles le laissent tranquille. \u00c9lev\u00e9 \u00e0 la sauce des exploits de Thomas Voeckler en 2004, du dernier essai de l\u00e9gende de Eunice Barber \u00e0 la longueur lors des championnats du monde d'athl\u00e9tisme de 2003 mais aussi Zidane, Omeyer et Titou Lamaison.","url":"https:\/\/dicodusport.fr\/blog\/author\/etienne-goursaud\/"}]}},"_links":{"self":[{"href":"https:\/\/dicodusport.fr\/blog\/wp-json\/wp\/v2\/posts\/449711","targetHints":{"allow":["GET"]}}],"collection":[{"href":"https:\/\/dicodusport.fr\/blog\/wp-json\/wp\/v2\/posts"}],"about":[{"href":"https:\/\/dicodusport.fr\/blog\/wp-json\/wp\/v2\/types\/post"}],"author":[{"embeddable":true,"href":"https:\/\/dicodusport.fr\/blog\/wp-json\/wp\/v2\/users\/83"}],"replies":[{"embeddable":true,"href":"https:\/\/dicodusport.fr\/blog\/wp-json\/wp\/v2\/comments?post=449711"}],"version-history":[{"count":5,"href":"https:\/\/dicodusport.fr\/blog\/wp-json\/wp\/v2\/posts\/449711\/revisions"}],"predecessor-version":[{"id":455818,"href":"https:\/\/dicodusport.fr\/blog\/wp-json\/wp\/v2\/posts\/449711\/revisions\/455818"}],"wp:featuredmedia":[{"embeddable":true,"href":"https:\/\/dicodusport.fr\/blog\/wp-json\/wp\/v2\/media\/449757"}],"wp:attachment":[{"href":"https:\/\/dicodusport.fr\/blog\/wp-json\/wp\/v2\/media?parent=449711"}],"wp:term":[{"taxonomy":"category","embeddable":true,"href":"https:\/\/dicodusport.fr\/blog\/wp-json\/wp\/v2\/categories?post=449711"},{"taxonomy":"post_tag","embeddable":true,"href":"https:\/\/dicodusport.fr\/blog\/wp-json\/wp\/v2\/tags?post=449711"}],"curies":[{"name":"wp","href":"https:\/\/api.w.org\/{rel}","templated":true}]}}