{"id":450416,"date":"2024-01-08T14:21:32","date_gmt":"2024-01-08T13:21:32","guid":{"rendered":"https:\/\/dicodusport.fr\/blog\/?p=450416&#038;preview=true&#038;preview_id=450416"},"modified":"2024-01-08T14:32:30","modified_gmt":"2024-01-08T13:32:30","slug":"biathlon-ruhpolding-2024-la-selection-de-lequipe-de-france","status":"publish","type":"post","link":"https:\/\/dicodusport.fr\/blog\/biathlon-ruhpolding-2024-la-selection-de-lequipe-de-france\/","title":{"rendered":"Biathlon Ruhpolding 2024 : La s\u00e9lection de l&rsquo;\u00e9quipe de France"},"content":{"rendered":"<p style=\"text-align: justify;\"><strong><em>COUPE DU MONDE DE BIATHLON 2023\/2024 &#8211; Le staff de l&rsquo;\u00e9quipe de France a d\u00e9voil\u00e9 la s\u00e9lection fran\u00e7aise pour la cinqui\u00e8me \u00e9tape de Coupe du monde \u00e0 Ruhpolding (Allemagne), qui se d\u00e9roule du 10 au 14 janvier 2024.<\/em><\/strong><\/p>\n<ul style=\"text-align: justify;\">\n<li style=\"text-align: justify;\"><strong>\u00c0 lire aussi &#8211; <a href=\"https:\/\/dicodusport.fr\/blog\/coupe-du-monde-de-biathlon-2023-2024-le-calendrier-complet\/\">Coupe du monde de biathlon 2023-2024 &#8211; Le calendrier complet<\/a><\/strong><\/li>\n<\/ul>\n<p style=\"text-align: justify;\">Comme il l&rsquo;avait lui-m\u00eame annonc\u00e9 dimanche en toute fin de journ\u00e9e, <a href=\"https:\/\/dicodusport.fr\/blog\/antonin-guigonnat-envoye-en-ibu-cup-pour-letape-de-val-ridanna\/\" target=\"_blank\" rel=\"noopener\"><strong>Antonin<\/strong> <strong>Guigonnat<\/strong> ne fait pas partie du groupe qui va se rendre \u00e0 <strong>Ruhpolding<\/strong><\/a>. Le biathl\u00e8te de 32 ans retourne en <strong>IBU Cup<\/strong> et sera \u00e0 <strong>Val<\/strong> <strong>Ridanna<\/strong> cette semaine. <strong>Oscar<\/strong> <strong>Lombardot<\/strong>, qui a r\u00e9alis\u00e9 de belles courses la semaine pass\u00e9e au niveau inf\u00e9rieur, fait son retour en Coupe du monde. Il y aura donc 5 Fran\u00e7ais en <strong>Allemagne<\/strong>.<\/p>\n<ul style=\"text-align: justify;\">\n<li style=\"text-align: justify;\"><strong>\u00c0 ce sujet &#8211; <a href=\"https:\/\/dicodusport.fr\/blog\/biathlon-ruhpolding-2024-programme-complet-et-resultats\/\">Biathlon Ruhpolding 2024 \u2013 Programme complet et r\u00e9sultats<\/a><\/strong><\/li>\n<\/ul>\n<p style=\"text-align: justify;\">Chez les dames, pas de changement apr\u00e8s les tr\u00e8s belles performances d&rsquo;<strong>Oberhof<\/strong>. <strong>Jeanne<\/strong> <strong>Richard<\/strong>, auteure de deux Top 10, et <strong>Oc\u00e9ane<\/strong> <strong>Michelon<\/strong>, qui a r\u00e9alis\u00e9 deux belles courses, sont maintenues en Coupe du monde. L&rsquo;\u00e9tape de Ruhpolding d\u00e9butera par des relais par genre, mercredi les femmes et jeudi les hommes.<\/p>\n<h2 style=\"text-align: justify;\">La s\u00e9lection de l&rsquo;\u00e9quipe de France pour Ruhpolding<\/h2>\n<h3 style=\"text-align: justify;\">Femmes<\/h3>\n<p style=\"text-align: justify;\">BRAISAZ-BOUCHET Justine \u2013 Douane Les Saisies (Savoie)<br \/>\nCHAUVEAU Sophie \u2013 Arm\u00e9e Le Grand Bornand (Mont Blanc)<br \/>\nJEANMONNOT Lou \u2013 Arm\u00e9e Olympic Mont d\u2019Or (Massif Jurassien)<br \/>\nMICHELON Oc\u00e9ane \u2013 Bauges SN (Savoie)<br \/>\nRICHARD Jeanne \u2013 Les Gets (Mont Blanc)<br \/>\nSIMON Julia \u2013 Douane Les Saisies (Savoie)<\/p>\n<ul style=\"text-align: justify;\">\n<li style=\"text-align: justify;\"><strong>\u00c0 ce sujet &#8211; <a href=\"https:\/\/dicodusport.fr\/blog\/chevalier-guigonnat-claude-3-choix-3-mesures\/\">Chevalier, Guigonnat, Claude : 3 choix, 3 mesures<\/a><\/strong><\/li>\n<\/ul>\n<h3 style=\"text-align: justify;\">Hommes<\/h3>\n<p style=\"text-align: justify;\">CLAUDE Fabien \u2013 Arm\u00e9e Basse sur le Rupt (Massif des Vosges)<br \/>\nFILLON MAILLET Quentin \u2013 Douane Grandvaux (Massif Jurassien)<br \/>\nJACQUELIN Emilien \u2013 Douane Villard de Lans (Dauphin\u00e9)<br \/>\nLOMBARDOT Oscar \u2013 ES Saugette (Massif Jurassien)<br \/>\nPERROT Eric \u2013 Arm\u00e9e Peisey Vallandry (Savoie)<\/p>\n<blockquote class=\"twitter-tweet\">\n<p dir=\"ltr\" lang=\"fr\">\ud83d\udd1c \ud835\udc11\ud835\udc2e\ud835\udc21\ud835\udc29\ud835\udc28\ud835\udc25\ud835\udc1d\ud835\udc22\ud835\udc27\ud835\udc20 \ud83c\udde9\ud83c\uddea<br \/>\nD\u00e9couvrez les s\u00e9lections tricolores pour la prochaine \u00e9tape de Coupe du monde de Biathlon \u2744\ufe0f<\/p>\n<p>\ud83c\uddeb\ud83c\uddf7 <a href=\"https:\/\/t.co\/6I18Ih0kMA\">https:\/\/t.co\/6I18Ih0kMA<\/a> <a href=\"https:\/\/t.co\/EFcaxxDCEq\">pic.twitter.com\/EFcaxxDCEq<\/a><\/p>\n<p>\u2014 FFS &#8211; F\u00e9d\u00e9ration Fran\u00e7aise de Ski (@FedFranceSki) <a href=\"https:\/\/twitter.com\/FedFranceSki\/status\/1744348186204950708?ref_src=twsrc%5Etfw\">January 8, 2024<\/a><\/p><\/blockquote>\n<p style=\"text-align: justify;\"><script async src=\"https:\/\/platform.twitter.com\/widgets.js\" charset=\"utf-8\"><\/script><\/p>\n","protected":false},"excerpt":{"rendered":"<p>COUPE DU MONDE DE BIATHLON 2023\/2024 &#8211; Le staff de l&rsquo;\u00e9quipe de France a d\u00e9voil\u00e9 la s\u00e9lection fran\u00e7aise pour la cinqui\u00e8me \u00e9tape de Coupe du monde \u00e0 Ruhpolding (Allemagne), qui se d\u00e9roule du 10 au 14 janvier 2024.<\/p>\n","protected":false},"author":1,"featured_media":450418,"comment_status":"open","ping_status":"closed","sticky":false,"template":"","format":"standard","meta":{"_acf_changed":false,"_daextam_enable_autolinks":"1","footnotes":""},"categories":[47040],"tags":[32415,2427,21152,16878],"class_list":["post-450416","post","type-post","status-publish","format-standard","has-post-thumbnail","hentry","category-coupe-du-monde-de-biathlon","tag-actu","tag-biathlon","tag-biathlon-ruhpolding","tag-breve"],"acf":[],"yoast_head":"<!-- This site is optimized with the Yoast SEO Premium plugin v26.7 (Yoast SEO v26.7) - https:\/\/yoast.com\/wordpress\/plugins\/seo\/ -->\n<title>Biathlon Ruhpolding 2024 : La s\u00e9lection de l&#039;\u00e9quipe de France<\/title>\n<meta name=\"description\" content=\"COUPE DU MONDE DE BIATHLON 2023\/2024 - Le staff de l&#039;\u00e9quipe de France a d\u00e9voil\u00e9 la s\u00e9lection fran\u00e7aise pour l&#039;\u00e9tape de Coupe du monde \u00e0 Ruhpolding.\" \/>\n<meta name=\"robots\" content=\"index, follow, max-snippet:-1, max-image-preview:large, max-video-preview:-1\" \/>\n<link rel=\"canonical\" href=\"https:\/\/dicodusport.fr\/blog\/biathlon-ruhpolding-2024-la-selection-de-lequipe-de-france\/\" \/>\n<meta property=\"og:locale\" content=\"fr_FR\" \/>\n<meta property=\"og:type\" content=\"article\" \/>\n<meta property=\"og:title\" content=\"Biathlon Ruhpolding 2024 : La s\u00e9lection de l&#039;\u00e9quipe de France\" \/>\n<meta property=\"og:description\" content=\"COUPE DU MONDE DE BIATHLON 2023\/2024 - Le staff de l&#039;\u00e9quipe de France a d\u00e9voil\u00e9 la s\u00e9lection fran\u00e7aise pour l&#039;\u00e9tape de Coupe du monde \u00e0 Ruhpolding.\" \/>\n<meta property=\"og:url\" content=\"https:\/\/dicodusport.fr\/blog\/biathlon-ruhpolding-2024-la-selection-de-lequipe-de-france\/\" \/>\n<meta property=\"og:site_name\" content=\"Dicodusport\" \/>\n<meta property=\"article:publisher\" content=\"https:\/\/www.facebook.com\/dicodusport\" \/>\n<meta property=\"article:author\" content=\"https:\/\/www.facebook.com\/dicodusport\" \/>\n<meta property=\"article:published_time\" content=\"2024-01-08T13:21:32+00:00\" \/>\n<meta property=\"article:modified_time\" content=\"2024-01-08T13:32:30+00:00\" \/>\n<meta property=\"og:image\" content=\"https:\/\/dicodusport.fr\/blog\/wp-content\/uploads\/2024\/01\/Biathlon-Ruhpolding-2024-La-selection-de-lequipe-de-France.png\" \/>\n\t<meta property=\"og:image:width\" content=\"1200\" \/>\n\t<meta property=\"og:image:height\" content=\"674\" \/>\n\t<meta property=\"og:image:type\" content=\"image\/png\" \/>\n<meta name=\"author\" content=\"Nicolas Jacquemard\" \/>\n<meta name=\"twitter:card\" content=\"summary_large_image\" \/>\n<meta name=\"twitter:title\" content=\"Biathlon Ruhpolding 2024 : La s\u00e9lection de l&#039;\u00e9quipe de France\" \/>\n<meta name=\"twitter:creator\" content=\"@https:\/\/twitter.com\/Nico_Jacquemard\" \/>\n<meta name=\"twitter:site\" content=\"@dicodusport\" \/>\n<script type=\"application\/ld+json\" class=\"yoast-schema-graph\">{\"@context\":\"https:\/\/schema.org\",\"@graph\":[{\"@type\":\"NewsArticle\",\"@id\":\"https:\/\/dicodusport.fr\/blog\/biathlon-ruhpolding-2024-la-selection-de-lequipe-de-france\/#article\",\"isPartOf\":{\"@id\":\"https:\/\/dicodusport.fr\/blog\/biathlon-ruhpolding-2024-la-selection-de-lequipe-de-france\/\"},\"author\":{\"name\":\"Nicolas Jacquemard\",\"@id\":\"https:\/\/dicodusport.fr\/blog\/#\/schema\/person\/55dcb50ad410894e431ed812bbb70191\"},\"headline\":\"Biathlon Ruhpolding 2024 : La s\u00e9lection de l&rsquo;\u00e9quipe de France\",\"datePublished\":\"2024-01-08T13:21:32+00:00\",\"dateModified\":\"2024-01-08T13:32:30+00:00\",\"mainEntityOfPage\":{\"@id\":\"https:\/\/dicodusport.fr\/blog\/biathlon-ruhpolding-2024-la-selection-de-lequipe-de-france\/\"},\"wordCount\":340,\"commentCount\":0,\"publisher\":{\"@id\":\"https:\/\/dicodusport.fr\/blog\/#organization\"},\"image\":{\"@id\":\"https:\/\/dicodusport.fr\/blog\/biathlon-ruhpolding-2024-la-selection-de-lequipe-de-france\/#primaryimage\"},\"thumbnailUrl\":\"https:\/\/dicodusport.fr\/blog\/wp-content\/uploads\/2024\/01\/Biathlon-Ruhpolding-2024-La-selection-de-lequipe-de-France.png\",\"keywords\":[\"actu\",\"Biathlon\",\"Biathlon Ruhpolding\",\"br\u00e8ve\"],\"articleSection\":[\"Coupe du monde de biathlon\"],\"inLanguage\":\"fr-FR\",\"potentialAction\":[{\"@type\":\"CommentAction\",\"name\":\"Comment\",\"target\":[\"https:\/\/dicodusport.fr\/blog\/biathlon-ruhpolding-2024-la-selection-de-lequipe-de-france\/#respond\"]}],\"copyrightYear\":\"2024\",\"copyrightHolder\":{\"@id\":\"https:\/\/dicodusport.fr\/blog\/#organization\"}},{\"@type\":\"WebPage\",\"@id\":\"https:\/\/dicodusport.fr\/blog\/biathlon-ruhpolding-2024-la-selection-de-lequipe-de-france\/\",\"url\":\"https:\/\/dicodusport.fr\/blog\/biathlon-ruhpolding-2024-la-selection-de-lequipe-de-france\/\",\"name\":\"Biathlon Ruhpolding 2024 : La s\u00e9lection de l'\u00e9quipe de France\",\"isPartOf\":{\"@id\":\"https:\/\/dicodusport.fr\/blog\/#website\"},\"primaryImageOfPage\":{\"@id\":\"https:\/\/dicodusport.fr\/blog\/biathlon-ruhpolding-2024-la-selection-de-lequipe-de-france\/#primaryimage\"},\"image\":{\"@id\":\"https:\/\/dicodusport.fr\/blog\/biathlon-ruhpolding-2024-la-selection-de-lequipe-de-france\/#primaryimage\"},\"thumbnailUrl\":\"https:\/\/dicodusport.fr\/blog\/wp-content\/uploads\/2024\/01\/Biathlon-Ruhpolding-2024-La-selection-de-lequipe-de-France.png\",\"datePublished\":\"2024-01-08T13:21:32+00:00\",\"dateModified\":\"2024-01-08T13:32:30+00:00\",\"description\":\"COUPE DU MONDE DE BIATHLON 2023\/2024 - Le staff de l'\u00e9quipe de France a d\u00e9voil\u00e9 la s\u00e9lection fran\u00e7aise pour l'\u00e9tape de Coupe du monde \u00e0 Ruhpolding.\",\"breadcrumb\":{\"@id\":\"https:\/\/dicodusport.fr\/blog\/biathlon-ruhpolding-2024-la-selection-de-lequipe-de-france\/#breadcrumb\"},\"inLanguage\":\"fr-FR\",\"potentialAction\":[{\"@type\":\"ReadAction\",\"target\":[\"https:\/\/dicodusport.fr\/blog\/biathlon-ruhpolding-2024-la-selection-de-lequipe-de-france\/\"]}]},{\"@type\":\"ImageObject\",\"inLanguage\":\"fr-FR\",\"@id\":\"https:\/\/dicodusport.fr\/blog\/biathlon-ruhpolding-2024-la-selection-de-lequipe-de-france\/#primaryimage\",\"url\":\"https:\/\/dicodusport.fr\/blog\/wp-content\/uploads\/2024\/01\/Biathlon-Ruhpolding-2024-La-selection-de-lequipe-de-France.png\",\"contentUrl\":\"https:\/\/dicodusport.fr\/blog\/wp-content\/uploads\/2024\/01\/Biathlon-Ruhpolding-2024-La-selection-de-lequipe-de-France.png\",\"width\":1200,\"height\":674,\"caption\":\"Biathlon Ruhpolding 2024 La se\u0301lection de l'e\u0301quipe de France\"},{\"@type\":\"BreadcrumbList\",\"@id\":\"https:\/\/dicodusport.fr\/blog\/biathlon-ruhpolding-2024-la-selection-de-lequipe-de-france\/#breadcrumb\",\"itemListElement\":[{\"@type\":\"ListItem\",\"position\":1,\"name\":\"Accueil\",\"item\":\"https:\/\/dicodusport.fr\/blog\/\"},{\"@type\":\"ListItem\",\"position\":2,\"name\":\"Biathlon Ruhpolding 2024 : La s\u00e9lection de l&rsquo;\u00e9quipe de France\"}]},{\"@type\":\"WebSite\",\"@id\":\"https:\/\/dicodusport.fr\/blog\/#website\",\"url\":\"https:\/\/dicodusport.fr\/blog\/\",\"name\":\"Dicodusport\",\"description\":\"L&#039;encyclop\u00e9die de l&#039;actualit\u00e9 sportive\",\"publisher\":{\"@id\":\"https:\/\/dicodusport.fr\/blog\/#organization\"},\"potentialAction\":[{\"@type\":\"SearchAction\",\"target\":{\"@type\":\"EntryPoint\",\"urlTemplate\":\"https:\/\/dicodusport.fr\/blog\/?s={search_term_string}\"},\"query-input\":{\"@type\":\"PropertyValueSpecification\",\"valueRequired\":true,\"valueName\":\"search_term_string\"}}],\"inLanguage\":\"fr-FR\"},{\"@type\":\"NewsMediaOrganization\",\"@id\":\"https:\/\/dicodusport.fr\/blog\/#organization\",\"name\":\"Dicodusport\",\"url\":\"https:\/\/dicodusport.fr\/blog\/\",\"logo\":{\"@type\":\"ImageObject\",\"inLanguage\":\"fr-FR\",\"@id\":\"https:\/\/dicodusport.fr\/blog\/#\/schema\/logo\/image\/\",\"url\":\"https:\/\/dicodusport.fr\/blog\/wp-content\/uploads\/2020\/06\/cropped-LOGO-DICODUSPORT-2020-SANS-FOND-SANS-TEXTE.png\",\"contentUrl\":\"https:\/\/dicodusport.fr\/blog\/wp-content\/uploads\/2020\/06\/cropped-LOGO-DICODUSPORT-2020-SANS-FOND-SANS-TEXTE.png\",\"width\":512,\"height\":512,\"caption\":\"Dicodusport\"},\"image\":{\"@id\":\"https:\/\/dicodusport.fr\/blog\/#\/schema\/logo\/image\/\"},\"sameAs\":[\"https:\/\/www.facebook.com\/dicodusport\",\"https:\/\/x.com\/dicodusport\",\"https:\/\/www.instagram.com\/dicodusport\/\",\"https:\/\/www.youtube.com\/channel\/UC7V2KZ5sd3htJivAbA4ZG3w\"],\"description\":\"Dicodusport est l'encyclop\u00e9die de l'actualit\u00e9 sportive.\",\"email\":\"bonjour@dicodusport.fr\",\"legalName\":\"DICODUSPORT\",\"foundingDate\":\"2018-01-14\",\"vatID\":\"FR71834470973\",\"taxID\":\"83447097300043\",\"numberOfEmployees\":{\"@type\":\"QuantitativeValue\",\"minValue\":\"1\",\"maxValue\":\"10\"}},{\"@type\":\"Person\",\"@id\":\"https:\/\/dicodusport.fr\/blog\/#\/schema\/person\/55dcb50ad410894e431ed812bbb70191\",\"name\":\"Nicolas Jacquemard\",\"image\":{\"@type\":\"ImageObject\",\"inLanguage\":\"fr-FR\",\"@id\":\"https:\/\/dicodusport.fr\/blog\/#\/schema\/person\/image\/\",\"url\":\"https:\/\/dicodusport.fr\/blog\/wp-content\/uploads\/2021\/05\/Nicolas-Jacquemard-150x150.jpeg\",\"contentUrl\":\"https:\/\/dicodusport.fr\/blog\/wp-content\/uploads\/2021\/05\/Nicolas-Jacquemard-150x150.jpeg\",\"caption\":\"Nicolas Jacquemard\"},\"description\":\"Passionn\u00e9 de sport et entrepreneur depuis mes 18 ans, la cr\u00e9ation de Dicodusport m'a sembl\u00e9 \u00e9vidente pour participer \u00e0 la m\u00e9diatisation d'un plus grand nombre de sports. Le chemin est long mais avec une \u00e9quipe des plus motiv\u00e9es et les Jeux Olympiques de Paris 2024 en point de mire, nous y arriverons ! Journaliste dans le monde du sport depuis plus de 5 ans, je traite aussi bien de football, de rugby, de biathlon que de cyclisme.\",\"sameAs\":[\"https:\/\/www.facebook.com\/dicodusport\",\"https:\/\/x.com\/https:\/\/twitter.com\/Nico_Jacquemard\"],\"url\":\"https:\/\/dicodusport.fr\/blog\/author\/dicodusport\/\"}]}<\/script>\n<!-- \/ Yoast SEO Premium plugin. -->","yoast_head_json":{"title":"Biathlon Ruhpolding 2024 : La s\u00e9lection de l'\u00e9quipe de France","description":"COUPE DU MONDE DE BIATHLON 2023\/2024 - Le staff de l'\u00e9quipe de France a d\u00e9voil\u00e9 la s\u00e9lection fran\u00e7aise pour l'\u00e9tape de Coupe du monde \u00e0 Ruhpolding.","robots":{"index":"index","follow":"follow","max-snippet":"max-snippet:-1","max-image-preview":"max-image-preview:large","max-video-preview":"max-video-preview:-1"},"canonical":"https:\/\/dicodusport.fr\/blog\/biathlon-ruhpolding-2024-la-selection-de-lequipe-de-france\/","og_locale":"fr_FR","og_type":"article","og_title":"Biathlon Ruhpolding 2024 : La s\u00e9lection de l'\u00e9quipe de France","og_description":"COUPE DU MONDE DE BIATHLON 2023\/2024 - Le staff de l'\u00e9quipe de France a d\u00e9voil\u00e9 la s\u00e9lection fran\u00e7aise pour l'\u00e9tape de Coupe du monde \u00e0 Ruhpolding.","og_url":"https:\/\/dicodusport.fr\/blog\/biathlon-ruhpolding-2024-la-selection-de-lequipe-de-france\/","og_site_name":"Dicodusport","article_publisher":"https:\/\/www.facebook.com\/dicodusport","article_author":"https:\/\/www.facebook.com\/dicodusport","article_published_time":"2024-01-08T13:21:32+00:00","article_modified_time":"2024-01-08T13:32:30+00:00","og_image":[{"width":1200,"height":674,"url":"https:\/\/dicodusport.fr\/blog\/wp-content\/uploads\/2024\/01\/Biathlon-Ruhpolding-2024-La-selection-de-lequipe-de-France.png","type":"image\/png"}],"author":"Nicolas Jacquemard","twitter_card":"summary_large_image","twitter_title":"Biathlon Ruhpolding 2024 : La s\u00e9lection de l'\u00e9quipe de France","twitter_creator":"@https:\/\/twitter.com\/Nico_Jacquemard","twitter_site":"@dicodusport","schema":{"@context":"https:\/\/schema.org","@graph":[{"@type":"NewsArticle","@id":"https:\/\/dicodusport.fr\/blog\/biathlon-ruhpolding-2024-la-selection-de-lequipe-de-france\/#article","isPartOf":{"@id":"https:\/\/dicodusport.fr\/blog\/biathlon-ruhpolding-2024-la-selection-de-lequipe-de-france\/"},"author":{"name":"Nicolas Jacquemard","@id":"https:\/\/dicodusport.fr\/blog\/#\/schema\/person\/55dcb50ad410894e431ed812bbb70191"},"headline":"Biathlon Ruhpolding 2024 : La s\u00e9lection de l&rsquo;\u00e9quipe de France","datePublished":"2024-01-08T13:21:32+00:00","dateModified":"2024-01-08T13:32:30+00:00","mainEntityOfPage":{"@id":"https:\/\/dicodusport.fr\/blog\/biathlon-ruhpolding-2024-la-selection-de-lequipe-de-france\/"},"wordCount":340,"commentCount":0,"publisher":{"@id":"https:\/\/dicodusport.fr\/blog\/#organization"},"image":{"@id":"https:\/\/dicodusport.fr\/blog\/biathlon-ruhpolding-2024-la-selection-de-lequipe-de-france\/#primaryimage"},"thumbnailUrl":"https:\/\/dicodusport.fr\/blog\/wp-content\/uploads\/2024\/01\/Biathlon-Ruhpolding-2024-La-selection-de-lequipe-de-France.png","keywords":["actu","Biathlon","Biathlon Ruhpolding","br\u00e8ve"],"articleSection":["Coupe du monde de biathlon"],"inLanguage":"fr-FR","potentialAction":[{"@type":"CommentAction","name":"Comment","target":["https:\/\/dicodusport.fr\/blog\/biathlon-ruhpolding-2024-la-selection-de-lequipe-de-france\/#respond"]}],"copyrightYear":"2024","copyrightHolder":{"@id":"https:\/\/dicodusport.fr\/blog\/#organization"}},{"@type":"WebPage","@id":"https:\/\/dicodusport.fr\/blog\/biathlon-ruhpolding-2024-la-selection-de-lequipe-de-france\/","url":"https:\/\/dicodusport.fr\/blog\/biathlon-ruhpolding-2024-la-selection-de-lequipe-de-france\/","name":"Biathlon Ruhpolding 2024 : La s\u00e9lection de l'\u00e9quipe de France","isPartOf":{"@id":"https:\/\/dicodusport.fr\/blog\/#website"},"primaryImageOfPage":{"@id":"https:\/\/dicodusport.fr\/blog\/biathlon-ruhpolding-2024-la-selection-de-lequipe-de-france\/#primaryimage"},"image":{"@id":"https:\/\/dicodusport.fr\/blog\/biathlon-ruhpolding-2024-la-selection-de-lequipe-de-france\/#primaryimage"},"thumbnailUrl":"https:\/\/dicodusport.fr\/blog\/wp-content\/uploads\/2024\/01\/Biathlon-Ruhpolding-2024-La-selection-de-lequipe-de-France.png","datePublished":"2024-01-08T13:21:32+00:00","dateModified":"2024-01-08T13:32:30+00:00","description":"COUPE DU MONDE DE BIATHLON 2023\/2024 - Le staff de l'\u00e9quipe de France a d\u00e9voil\u00e9 la s\u00e9lection fran\u00e7aise pour l'\u00e9tape de Coupe du monde \u00e0 Ruhpolding.","breadcrumb":{"@id":"https:\/\/dicodusport.fr\/blog\/biathlon-ruhpolding-2024-la-selection-de-lequipe-de-france\/#breadcrumb"},"inLanguage":"fr-FR","potentialAction":[{"@type":"ReadAction","target":["https:\/\/dicodusport.fr\/blog\/biathlon-ruhpolding-2024-la-selection-de-lequipe-de-france\/"]}]},{"@type":"ImageObject","inLanguage":"fr-FR","@id":"https:\/\/dicodusport.fr\/blog\/biathlon-ruhpolding-2024-la-selection-de-lequipe-de-france\/#primaryimage","url":"https:\/\/dicodusport.fr\/blog\/wp-content\/uploads\/2024\/01\/Biathlon-Ruhpolding-2024-La-selection-de-lequipe-de-France.png","contentUrl":"https:\/\/dicodusport.fr\/blog\/wp-content\/uploads\/2024\/01\/Biathlon-Ruhpolding-2024-La-selection-de-lequipe-de-France.png","width":1200,"height":674,"caption":"Biathlon Ruhpolding 2024 La se\u0301lection de l'e\u0301quipe de France"},{"@type":"BreadcrumbList","@id":"https:\/\/dicodusport.fr\/blog\/biathlon-ruhpolding-2024-la-selection-de-lequipe-de-france\/#breadcrumb","itemListElement":[{"@type":"ListItem","position":1,"name":"Accueil","item":"https:\/\/dicodusport.fr\/blog\/"},{"@type":"ListItem","position":2,"name":"Biathlon Ruhpolding 2024 : La s\u00e9lection de l&rsquo;\u00e9quipe de France"}]},{"@type":"WebSite","@id":"https:\/\/dicodusport.fr\/blog\/#website","url":"https:\/\/dicodusport.fr\/blog\/","name":"Dicodusport","description":"L&#039;encyclop\u00e9die de l&#039;actualit\u00e9 sportive","publisher":{"@id":"https:\/\/dicodusport.fr\/blog\/#organization"},"potentialAction":[{"@type":"SearchAction","target":{"@type":"EntryPoint","urlTemplate":"https:\/\/dicodusport.fr\/blog\/?s={search_term_string}"},"query-input":{"@type":"PropertyValueSpecification","valueRequired":true,"valueName":"search_term_string"}}],"inLanguage":"fr-FR"},{"@type":"NewsMediaOrganization","@id":"https:\/\/dicodusport.fr\/blog\/#organization","name":"Dicodusport","url":"https:\/\/dicodusport.fr\/blog\/","logo":{"@type":"ImageObject","inLanguage":"fr-FR","@id":"https:\/\/dicodusport.fr\/blog\/#\/schema\/logo\/image\/","url":"https:\/\/dicodusport.fr\/blog\/wp-content\/uploads\/2020\/06\/cropped-LOGO-DICODUSPORT-2020-SANS-FOND-SANS-TEXTE.png","contentUrl":"https:\/\/dicodusport.fr\/blog\/wp-content\/uploads\/2020\/06\/cropped-LOGO-DICODUSPORT-2020-SANS-FOND-SANS-TEXTE.png","width":512,"height":512,"caption":"Dicodusport"},"image":{"@id":"https:\/\/dicodusport.fr\/blog\/#\/schema\/logo\/image\/"},"sameAs":["https:\/\/www.facebook.com\/dicodusport","https:\/\/x.com\/dicodusport","https:\/\/www.instagram.com\/dicodusport\/","https:\/\/www.youtube.com\/channel\/UC7V2KZ5sd3htJivAbA4ZG3w"],"description":"Dicodusport est l'encyclop\u00e9die de l'actualit\u00e9 sportive.","email":"bonjour@dicodusport.fr","legalName":"DICODUSPORT","foundingDate":"2018-01-14","vatID":"FR71834470973","taxID":"83447097300043","numberOfEmployees":{"@type":"QuantitativeValue","minValue":"1","maxValue":"10"}},{"@type":"Person","@id":"https:\/\/dicodusport.fr\/blog\/#\/schema\/person\/55dcb50ad410894e431ed812bbb70191","name":"Nicolas Jacquemard","image":{"@type":"ImageObject","inLanguage":"fr-FR","@id":"https:\/\/dicodusport.fr\/blog\/#\/schema\/person\/image\/","url":"https:\/\/dicodusport.fr\/blog\/wp-content\/uploads\/2021\/05\/Nicolas-Jacquemard-150x150.jpeg","contentUrl":"https:\/\/dicodusport.fr\/blog\/wp-content\/uploads\/2021\/05\/Nicolas-Jacquemard-150x150.jpeg","caption":"Nicolas Jacquemard"},"description":"Passionn\u00e9 de sport et entrepreneur depuis mes 18 ans, la cr\u00e9ation de Dicodusport m'a sembl\u00e9 \u00e9vidente pour participer \u00e0 la m\u00e9diatisation d'un plus grand nombre de sports. Le chemin est long mais avec une \u00e9quipe des plus motiv\u00e9es et les Jeux Olympiques de Paris 2024 en point de mire, nous y arriverons ! Journaliste dans le monde du sport depuis plus de 5 ans, je traite aussi bien de football, de rugby, de biathlon que de cyclisme.","sameAs":["https:\/\/www.facebook.com\/dicodusport","https:\/\/x.com\/https:\/\/twitter.com\/Nico_Jacquemard"],"url":"https:\/\/dicodusport.fr\/blog\/author\/dicodusport\/"}]}},"_links":{"self":[{"href":"https:\/\/dicodusport.fr\/blog\/wp-json\/wp\/v2\/posts\/450416","targetHints":{"allow":["GET"]}}],"collection":[{"href":"https:\/\/dicodusport.fr\/blog\/wp-json\/wp\/v2\/posts"}],"about":[{"href":"https:\/\/dicodusport.fr\/blog\/wp-json\/wp\/v2\/types\/post"}],"author":[{"embeddable":true,"href":"https:\/\/dicodusport.fr\/blog\/wp-json\/wp\/v2\/users\/1"}],"replies":[{"embeddable":true,"href":"https:\/\/dicodusport.fr\/blog\/wp-json\/wp\/v2\/comments?post=450416"}],"version-history":[{"count":6,"href":"https:\/\/dicodusport.fr\/blog\/wp-json\/wp\/v2\/posts\/450416\/revisions"}],"predecessor-version":[{"id":450485,"href":"https:\/\/dicodusport.fr\/blog\/wp-json\/wp\/v2\/posts\/450416\/revisions\/450485"}],"wp:featuredmedia":[{"embeddable":true,"href":"https:\/\/dicodusport.fr\/blog\/wp-json\/wp\/v2\/media\/450418"}],"wp:attachment":[{"href":"https:\/\/dicodusport.fr\/blog\/wp-json\/wp\/v2\/media?parent=450416"}],"wp:term":[{"taxonomy":"category","embeddable":true,"href":"https:\/\/dicodusport.fr\/blog\/wp-json\/wp\/v2\/categories?post=450416"},{"taxonomy":"post_tag","embeddable":true,"href":"https:\/\/dicodusport.fr\/blog\/wp-json\/wp\/v2\/tags?post=450416"}],"curies":[{"name":"wp","href":"https:\/\/api.w.org\/{rel}","templated":true}]}}