{"id":450547,"date":"2024-01-08T18:23:55","date_gmt":"2024-01-08T17:23:55","guid":{"rendered":"https:\/\/dicodusport.fr\/blog\/?p=450547&#038;preview=true&#038;preview_id=450547"},"modified":"2024-01-08T18:43:56","modified_gmt":"2024-01-08T17:43:56","slug":"transferts-ol-malick-fofana-signe-a-lyon","status":"publish","type":"post","link":"https:\/\/dicodusport.fr\/blog\/transferts-ol-malick-fofana-signe-a-lyon\/","title":{"rendered":"Transferts OL : Malick Fofana signe \u00e0 Lyon"},"content":{"rendered":"<p style=\"text-align: justify;\"><em><b>LIGUE 1 2023-2024 &#8211; Selon L&rsquo;\u00c9quipe, l&rsquo;Olympique Lyonnais a obtenu la signature du jeune ailier belge, Malick Fofana.<\/b><\/em><\/p>\n<p style=\"text-align: justify;\">Les dirigeants de l&rsquo;<strong>Olympique Lyonnais<\/strong> sont sur plusieurs fronts depuis qu&rsquo;ils ont eu la lev\u00e9e des restrictions par la DNCG. Le club du Rh\u00f4ne travaille notamment au recrutement d&rsquo;un milieu de terrain axial. <strong>Nemanja<\/strong> <strong>Matic<\/strong> (Rennes) et <strong>Mady Camara<\/strong> (Olympiakos) sont notamment pist\u00e9s, mais aussi des joueurs offensifs. <strong>Sa\u00efd<\/strong> <strong>Benrahma<\/strong> (West Ham) discute notamment avec Lyon depuis quelques jours.<\/p>\n<ul style=\"text-align: justify;\">\n<li style=\"text-align: justify;\"><strong>\u00c0 ce sujet &#8211; <a href=\"https:\/\/dicodusport.fr\/blog\/transferts-psg-paris-veut-signer-joshua-kimmich\/\" target=\"_blank\" rel=\"noopener\">Transferts PSG : Paris veut signer Joshua Kimmich<\/a><\/strong><\/li>\n<\/ul>\n<h2 style=\"text-align: justify;\">Lyon s&rsquo;offre Malick Fofana<\/h2>\n<p style=\"text-align: justify;\">Mais <strong>David<\/strong> <strong>Friio<\/strong>, nouveau directeur sportif de l&rsquo;<strong>Olympique Lyonnais<\/strong> apr\u00e8s avoir quitt\u00e9 l&rsquo;<strong>Olympique de Marseille<\/strong>, est en passe de r\u00e9aliser un tr\u00e8s gros coup. <strong>Malick<\/strong> <strong>Fofana<\/strong>, p\u00e9pite du football belge, a trouv\u00e9 un accord avec <strong>Lyon<\/strong> pour s&rsquo;engager pour quatre saisons et demi. Form\u00e9 \u00e0 <strong>La<\/strong> <strong>Gantoise<\/strong>, il a fait ses d\u00e9buts en 2022 avec le club belge.<\/p>\n<p style=\"text-align: justify;\"><strong>Malick<\/strong> <strong>Fofana<\/strong> \u00e9tait courtis\u00e9 par plusieurs clubs de <strong>Bundesliga<\/strong> et <strong>Premier<\/strong> <strong>League<\/strong>, mais\u00a0l&rsquo;<strong>OL<\/strong> a r\u00e9ussi \u00e0 le convaincre et va d\u00e9bourser pas moins de 15 millions d&rsquo;euros, hors bonus, pour s&rsquo;offrir cet ailier d&rsquo;1,69 m. Capable d&rsquo;\u00e9voluer dans les deux couloirs ou en soutien de l&rsquo;attaquant, il compte d\u00e9j\u00e0 plusieurs s\u00e9lections avec les espoirs belges, alors qu&rsquo;il n&rsquo;a que 18 ans. L&rsquo;<strong>Olympique Lyonnais<\/strong> r\u00e9alise un tr\u00e8s gros coup et le march\u00e9 hivernal du club de <strong>John<\/strong> <strong>Textor<\/strong> ne fait que commencer.<\/p>\n<blockquote class=\"twitter-tweet\">\n<p dir=\"ltr\" lang=\"fr\">INFO L&rsquo;\u00c9QUIPE : Malick Fofana arrive \u00e0 l&rsquo;OL<\/p>\n<p>L&rsquo;Olympique Lyonnais a r\u00e9ussi \u00e0 attirer l&rsquo;un des grands espoirs du Championnat belge. L&rsquo;ailier de 18 ans Malick Fofana va s&rsquo;engager jusqu&rsquo;en 2028 pour environ 15M\u20ac hors bonus <a href=\"https:\/\/t.co\/rq5wU7cnSG\">https:\/\/t.co\/rq5wU7cnSG<\/a> <a href=\"https:\/\/t.co\/68jCjYIUbA\">pic.twitter.com\/68jCjYIUbA<\/a><\/p>\n<p>\u2014 L&rsquo;\u00c9QUIPE (@lequipe) <a href=\"https:\/\/twitter.com\/lequipe\/status\/1744408822288990512?ref_src=twsrc%5Etfw\">January 8, 2024<\/a><\/p><\/blockquote>\n<p style=\"text-align: justify;\"><script async src=\"https:\/\/platform.twitter.com\/widgets.js\" charset=\"utf-8\"><\/script><\/p>\n","protected":false},"excerpt":{"rendered":"<p>LIGUE 1 2023-2024 &#8211; Selon L&rsquo;\u00c9quipe, l&rsquo;Olympique Lyonnais a obtenu la signature du jeune ailier belge, Malick Fofana.<\/p>\n","protected":false},"author":1,"featured_media":450548,"comment_status":"open","ping_status":"closed","sticky":false,"template":"","format":"standard","meta":{"_acf_changed":false,"_daextam_enable_autolinks":"1","footnotes":""},"categories":[2301,47045],"tags":[16878,75,449,1145],"class_list":["post-450547","post","type-post","status-publish","format-standard","has-post-thumbnail","hentry","category-football","category-ligue-1","tag-breve","tag-football","tag-lyon","tag-ol"],"acf":[],"yoast_head":"<!-- This site is optimized with the Yoast SEO Premium plugin v26.7 (Yoast SEO v26.7) - https:\/\/yoast.com\/wordpress\/plugins\/seo\/ -->\n<title>Transferts OL : Malick Fofana signe \u00e0 Lyon<\/title>\n<meta name=\"description\" content=\"LIGUE 1 2023-2024 - Selon L&#039;\u00c9quipe, l&#039;Olympique Lyonnais a obtenu la signature du jeune ailier belge, Malick Fofana.\" \/>\n<meta name=\"robots\" content=\"index, follow, max-snippet:-1, max-image-preview:large, max-video-preview:-1\" \/>\n<link rel=\"canonical\" href=\"https:\/\/dicodusport.fr\/blog\/transferts-ol-malick-fofana-signe-a-lyon\/\" \/>\n<meta property=\"og:locale\" content=\"fr_FR\" \/>\n<meta property=\"og:type\" content=\"article\" \/>\n<meta property=\"og:title\" content=\"Transferts OL : Malick Fofana signe \u00e0 Lyon\" \/>\n<meta property=\"og:description\" content=\"LIGUE 1 2023-2024 - Selon L&#039;\u00c9quipe, l&#039;Olympique Lyonnais a obtenu la signature du jeune ailier belge, Malick Fofana.\" \/>\n<meta property=\"og:url\" content=\"https:\/\/dicodusport.fr\/blog\/transferts-ol-malick-fofana-signe-a-lyon\/\" \/>\n<meta property=\"og:site_name\" content=\"Dicodusport\" \/>\n<meta property=\"article:publisher\" content=\"https:\/\/www.facebook.com\/dicodusport\" \/>\n<meta property=\"article:author\" content=\"https:\/\/www.facebook.com\/dicodusport\" \/>\n<meta property=\"article:published_time\" content=\"2024-01-08T17:23:55+00:00\" \/>\n<meta property=\"article:modified_time\" content=\"2024-01-08T17:43:56+00:00\" \/>\n<meta property=\"og:image\" content=\"https:\/\/dicodusport.fr\/blog\/wp-content\/uploads\/2024\/01\/Transferts-OL-Malick-Fofana-signe-a-Lyon.png\" \/>\n\t<meta property=\"og:image:width\" content=\"1200\" \/>\n\t<meta property=\"og:image:height\" content=\"674\" \/>\n\t<meta property=\"og:image:type\" content=\"image\/png\" \/>\n<meta name=\"author\" content=\"Nicolas Jacquemard\" \/>\n<meta name=\"twitter:card\" content=\"summary_large_image\" \/>\n<meta name=\"twitter:title\" content=\"Transferts OL : Malick Fofana signe \u00e0 Lyon\" \/>\n<meta name=\"twitter:creator\" content=\"@https:\/\/twitter.com\/Nico_Jacquemard\" \/>\n<meta name=\"twitter:site\" content=\"@dicodusport\" \/>\n<script type=\"application\/ld+json\" class=\"yoast-schema-graph\">{\"@context\":\"https:\/\/schema.org\",\"@graph\":[{\"@type\":\"NewsArticle\",\"@id\":\"https:\/\/dicodusport.fr\/blog\/transferts-ol-malick-fofana-signe-a-lyon\/#article\",\"isPartOf\":{\"@id\":\"https:\/\/dicodusport.fr\/blog\/transferts-ol-malick-fofana-signe-a-lyon\/\"},\"author\":{\"name\":\"Nicolas Jacquemard\",\"@id\":\"https:\/\/dicodusport.fr\/blog\/#\/schema\/person\/55dcb50ad410894e431ed812bbb70191\"},\"headline\":\"Transferts OL : Malick Fofana signe \u00e0 Lyon\",\"datePublished\":\"2024-01-08T17:23:55+00:00\",\"dateModified\":\"2024-01-08T17:43:56+00:00\",\"mainEntityOfPage\":{\"@id\":\"https:\/\/dicodusport.fr\/blog\/transferts-ol-malick-fofana-signe-a-lyon\/\"},\"wordCount\":316,\"commentCount\":0,\"publisher\":{\"@id\":\"https:\/\/dicodusport.fr\/blog\/#organization\"},\"image\":{\"@id\":\"https:\/\/dicodusport.fr\/blog\/transferts-ol-malick-fofana-signe-a-lyon\/#primaryimage\"},\"thumbnailUrl\":\"https:\/\/dicodusport.fr\/blog\/wp-content\/uploads\/2024\/01\/Transferts-OL-Malick-Fofana-signe-a-Lyon.png\",\"keywords\":[\"br\u00e8ve\",\"Football\",\"Lyon\",\"OL\"],\"articleSection\":[\"Football\",\"Ligue 1\"],\"inLanguage\":\"fr-FR\",\"potentialAction\":[{\"@type\":\"CommentAction\",\"name\":\"Comment\",\"target\":[\"https:\/\/dicodusport.fr\/blog\/transferts-ol-malick-fofana-signe-a-lyon\/#respond\"]}],\"copyrightYear\":\"2024\",\"copyrightHolder\":{\"@id\":\"https:\/\/dicodusport.fr\/blog\/#organization\"}},{\"@type\":\"WebPage\",\"@id\":\"https:\/\/dicodusport.fr\/blog\/transferts-ol-malick-fofana-signe-a-lyon\/\",\"url\":\"https:\/\/dicodusport.fr\/blog\/transferts-ol-malick-fofana-signe-a-lyon\/\",\"name\":\"Transferts OL : Malick Fofana signe \u00e0 Lyon\",\"isPartOf\":{\"@id\":\"https:\/\/dicodusport.fr\/blog\/#website\"},\"primaryImageOfPage\":{\"@id\":\"https:\/\/dicodusport.fr\/blog\/transferts-ol-malick-fofana-signe-a-lyon\/#primaryimage\"},\"image\":{\"@id\":\"https:\/\/dicodusport.fr\/blog\/transferts-ol-malick-fofana-signe-a-lyon\/#primaryimage\"},\"thumbnailUrl\":\"https:\/\/dicodusport.fr\/blog\/wp-content\/uploads\/2024\/01\/Transferts-OL-Malick-Fofana-signe-a-Lyon.png\",\"datePublished\":\"2024-01-08T17:23:55+00:00\",\"dateModified\":\"2024-01-08T17:43:56+00:00\",\"description\":\"LIGUE 1 2023-2024 - Selon L'\u00c9quipe, l'Olympique Lyonnais a obtenu la signature du jeune ailier belge, Malick Fofana.\",\"breadcrumb\":{\"@id\":\"https:\/\/dicodusport.fr\/blog\/transferts-ol-malick-fofana-signe-a-lyon\/#breadcrumb\"},\"inLanguage\":\"fr-FR\",\"potentialAction\":[{\"@type\":\"ReadAction\",\"target\":[\"https:\/\/dicodusport.fr\/blog\/transferts-ol-malick-fofana-signe-a-lyon\/\"]}]},{\"@type\":\"ImageObject\",\"inLanguage\":\"fr-FR\",\"@id\":\"https:\/\/dicodusport.fr\/blog\/transferts-ol-malick-fofana-signe-a-lyon\/#primaryimage\",\"url\":\"https:\/\/dicodusport.fr\/blog\/wp-content\/uploads\/2024\/01\/Transferts-OL-Malick-Fofana-signe-a-Lyon.png\",\"contentUrl\":\"https:\/\/dicodusport.fr\/blog\/wp-content\/uploads\/2024\/01\/Transferts-OL-Malick-Fofana-signe-a-Lyon.png\",\"width\":1200,\"height\":674,\"caption\":\"Transferts OL Malick Fofana signe a\u0300 Lyon\"},{\"@type\":\"BreadcrumbList\",\"@id\":\"https:\/\/dicodusport.fr\/blog\/transferts-ol-malick-fofana-signe-a-lyon\/#breadcrumb\",\"itemListElement\":[{\"@type\":\"ListItem\",\"position\":1,\"name\":\"Accueil\",\"item\":\"https:\/\/dicodusport.fr\/blog\/\"},{\"@type\":\"ListItem\",\"position\":2,\"name\":\"Transferts OL : Malick Fofana signe \u00e0 Lyon\"}]},{\"@type\":\"WebSite\",\"@id\":\"https:\/\/dicodusport.fr\/blog\/#website\",\"url\":\"https:\/\/dicodusport.fr\/blog\/\",\"name\":\"Dicodusport\",\"description\":\"L&#039;encyclop\u00e9die de l&#039;actualit\u00e9 sportive\",\"publisher\":{\"@id\":\"https:\/\/dicodusport.fr\/blog\/#organization\"},\"potentialAction\":[{\"@type\":\"SearchAction\",\"target\":{\"@type\":\"EntryPoint\",\"urlTemplate\":\"https:\/\/dicodusport.fr\/blog\/?s={search_term_string}\"},\"query-input\":{\"@type\":\"PropertyValueSpecification\",\"valueRequired\":true,\"valueName\":\"search_term_string\"}}],\"inLanguage\":\"fr-FR\"},{\"@type\":\"NewsMediaOrganization\",\"@id\":\"https:\/\/dicodusport.fr\/blog\/#organization\",\"name\":\"Dicodusport\",\"url\":\"https:\/\/dicodusport.fr\/blog\/\",\"logo\":{\"@type\":\"ImageObject\",\"inLanguage\":\"fr-FR\",\"@id\":\"https:\/\/dicodusport.fr\/blog\/#\/schema\/logo\/image\/\",\"url\":\"https:\/\/dicodusport.fr\/blog\/wp-content\/uploads\/2020\/06\/cropped-LOGO-DICODUSPORT-2020-SANS-FOND-SANS-TEXTE.png\",\"contentUrl\":\"https:\/\/dicodusport.fr\/blog\/wp-content\/uploads\/2020\/06\/cropped-LOGO-DICODUSPORT-2020-SANS-FOND-SANS-TEXTE.png\",\"width\":512,\"height\":512,\"caption\":\"Dicodusport\"},\"image\":{\"@id\":\"https:\/\/dicodusport.fr\/blog\/#\/schema\/logo\/image\/\"},\"sameAs\":[\"https:\/\/www.facebook.com\/dicodusport\",\"https:\/\/x.com\/dicodusport\",\"https:\/\/www.instagram.com\/dicodusport\/\",\"https:\/\/www.youtube.com\/channel\/UC7V2KZ5sd3htJivAbA4ZG3w\"],\"description\":\"Dicodusport est l'encyclop\u00e9die de l'actualit\u00e9 sportive.\",\"email\":\"bonjour@dicodusport.fr\",\"legalName\":\"DICODUSPORT\",\"foundingDate\":\"2018-01-14\",\"vatID\":\"FR71834470973\",\"taxID\":\"83447097300043\",\"numberOfEmployees\":{\"@type\":\"QuantitativeValue\",\"minValue\":\"1\",\"maxValue\":\"10\"}},{\"@type\":\"Person\",\"@id\":\"https:\/\/dicodusport.fr\/blog\/#\/schema\/person\/55dcb50ad410894e431ed812bbb70191\",\"name\":\"Nicolas Jacquemard\",\"image\":{\"@type\":\"ImageObject\",\"inLanguage\":\"fr-FR\",\"@id\":\"https:\/\/dicodusport.fr\/blog\/#\/schema\/person\/image\/\",\"url\":\"https:\/\/dicodusport.fr\/blog\/wp-content\/uploads\/2021\/05\/Nicolas-Jacquemard-150x150.jpeg\",\"contentUrl\":\"https:\/\/dicodusport.fr\/blog\/wp-content\/uploads\/2021\/05\/Nicolas-Jacquemard-150x150.jpeg\",\"caption\":\"Nicolas Jacquemard\"},\"description\":\"Passionn\u00e9 de sport et entrepreneur depuis mes 18 ans, la cr\u00e9ation de Dicodusport m'a sembl\u00e9 \u00e9vidente pour participer \u00e0 la m\u00e9diatisation d'un plus grand nombre de sports. Le chemin est long mais avec une \u00e9quipe des plus motiv\u00e9es et les Jeux Olympiques de Paris 2024 en point de mire, nous y arriverons ! Journaliste dans le monde du sport depuis plus de 5 ans, je traite aussi bien de football, de rugby, de biathlon que de cyclisme.\",\"sameAs\":[\"https:\/\/www.facebook.com\/dicodusport\",\"https:\/\/x.com\/https:\/\/twitter.com\/Nico_Jacquemard\"],\"url\":\"https:\/\/dicodusport.fr\/blog\/author\/dicodusport\/\"}]}<\/script>\n<!-- \/ Yoast SEO Premium plugin. -->","yoast_head_json":{"title":"Transferts OL : Malick Fofana signe \u00e0 Lyon","description":"LIGUE 1 2023-2024 - Selon L'\u00c9quipe, l'Olympique Lyonnais a obtenu la signature du jeune ailier belge, Malick Fofana.","robots":{"index":"index","follow":"follow","max-snippet":"max-snippet:-1","max-image-preview":"max-image-preview:large","max-video-preview":"max-video-preview:-1"},"canonical":"https:\/\/dicodusport.fr\/blog\/transferts-ol-malick-fofana-signe-a-lyon\/","og_locale":"fr_FR","og_type":"article","og_title":"Transferts OL : Malick Fofana signe \u00e0 Lyon","og_description":"LIGUE 1 2023-2024 - Selon L'\u00c9quipe, l'Olympique Lyonnais a obtenu la signature du jeune ailier belge, Malick Fofana.","og_url":"https:\/\/dicodusport.fr\/blog\/transferts-ol-malick-fofana-signe-a-lyon\/","og_site_name":"Dicodusport","article_publisher":"https:\/\/www.facebook.com\/dicodusport","article_author":"https:\/\/www.facebook.com\/dicodusport","article_published_time":"2024-01-08T17:23:55+00:00","article_modified_time":"2024-01-08T17:43:56+00:00","og_image":[{"width":1200,"height":674,"url":"https:\/\/dicodusport.fr\/blog\/wp-content\/uploads\/2024\/01\/Transferts-OL-Malick-Fofana-signe-a-Lyon.png","type":"image\/png"}],"author":"Nicolas Jacquemard","twitter_card":"summary_large_image","twitter_title":"Transferts OL : Malick Fofana signe \u00e0 Lyon","twitter_creator":"@https:\/\/twitter.com\/Nico_Jacquemard","twitter_site":"@dicodusport","schema":{"@context":"https:\/\/schema.org","@graph":[{"@type":"NewsArticle","@id":"https:\/\/dicodusport.fr\/blog\/transferts-ol-malick-fofana-signe-a-lyon\/#article","isPartOf":{"@id":"https:\/\/dicodusport.fr\/blog\/transferts-ol-malick-fofana-signe-a-lyon\/"},"author":{"name":"Nicolas Jacquemard","@id":"https:\/\/dicodusport.fr\/blog\/#\/schema\/person\/55dcb50ad410894e431ed812bbb70191"},"headline":"Transferts OL : Malick Fofana signe \u00e0 Lyon","datePublished":"2024-01-08T17:23:55+00:00","dateModified":"2024-01-08T17:43:56+00:00","mainEntityOfPage":{"@id":"https:\/\/dicodusport.fr\/blog\/transferts-ol-malick-fofana-signe-a-lyon\/"},"wordCount":316,"commentCount":0,"publisher":{"@id":"https:\/\/dicodusport.fr\/blog\/#organization"},"image":{"@id":"https:\/\/dicodusport.fr\/blog\/transferts-ol-malick-fofana-signe-a-lyon\/#primaryimage"},"thumbnailUrl":"https:\/\/dicodusport.fr\/blog\/wp-content\/uploads\/2024\/01\/Transferts-OL-Malick-Fofana-signe-a-Lyon.png","keywords":["br\u00e8ve","Football","Lyon","OL"],"articleSection":["Football","Ligue 1"],"inLanguage":"fr-FR","potentialAction":[{"@type":"CommentAction","name":"Comment","target":["https:\/\/dicodusport.fr\/blog\/transferts-ol-malick-fofana-signe-a-lyon\/#respond"]}],"copyrightYear":"2024","copyrightHolder":{"@id":"https:\/\/dicodusport.fr\/blog\/#organization"}},{"@type":"WebPage","@id":"https:\/\/dicodusport.fr\/blog\/transferts-ol-malick-fofana-signe-a-lyon\/","url":"https:\/\/dicodusport.fr\/blog\/transferts-ol-malick-fofana-signe-a-lyon\/","name":"Transferts OL : Malick Fofana signe \u00e0 Lyon","isPartOf":{"@id":"https:\/\/dicodusport.fr\/blog\/#website"},"primaryImageOfPage":{"@id":"https:\/\/dicodusport.fr\/blog\/transferts-ol-malick-fofana-signe-a-lyon\/#primaryimage"},"image":{"@id":"https:\/\/dicodusport.fr\/blog\/transferts-ol-malick-fofana-signe-a-lyon\/#primaryimage"},"thumbnailUrl":"https:\/\/dicodusport.fr\/blog\/wp-content\/uploads\/2024\/01\/Transferts-OL-Malick-Fofana-signe-a-Lyon.png","datePublished":"2024-01-08T17:23:55+00:00","dateModified":"2024-01-08T17:43:56+00:00","description":"LIGUE 1 2023-2024 - Selon L'\u00c9quipe, l'Olympique Lyonnais a obtenu la signature du jeune ailier belge, Malick Fofana.","breadcrumb":{"@id":"https:\/\/dicodusport.fr\/blog\/transferts-ol-malick-fofana-signe-a-lyon\/#breadcrumb"},"inLanguage":"fr-FR","potentialAction":[{"@type":"ReadAction","target":["https:\/\/dicodusport.fr\/blog\/transferts-ol-malick-fofana-signe-a-lyon\/"]}]},{"@type":"ImageObject","inLanguage":"fr-FR","@id":"https:\/\/dicodusport.fr\/blog\/transferts-ol-malick-fofana-signe-a-lyon\/#primaryimage","url":"https:\/\/dicodusport.fr\/blog\/wp-content\/uploads\/2024\/01\/Transferts-OL-Malick-Fofana-signe-a-Lyon.png","contentUrl":"https:\/\/dicodusport.fr\/blog\/wp-content\/uploads\/2024\/01\/Transferts-OL-Malick-Fofana-signe-a-Lyon.png","width":1200,"height":674,"caption":"Transferts OL Malick Fofana signe a\u0300 Lyon"},{"@type":"BreadcrumbList","@id":"https:\/\/dicodusport.fr\/blog\/transferts-ol-malick-fofana-signe-a-lyon\/#breadcrumb","itemListElement":[{"@type":"ListItem","position":1,"name":"Accueil","item":"https:\/\/dicodusport.fr\/blog\/"},{"@type":"ListItem","position":2,"name":"Transferts OL : Malick Fofana signe \u00e0 Lyon"}]},{"@type":"WebSite","@id":"https:\/\/dicodusport.fr\/blog\/#website","url":"https:\/\/dicodusport.fr\/blog\/","name":"Dicodusport","description":"L&#039;encyclop\u00e9die de l&#039;actualit\u00e9 sportive","publisher":{"@id":"https:\/\/dicodusport.fr\/blog\/#organization"},"potentialAction":[{"@type":"SearchAction","target":{"@type":"EntryPoint","urlTemplate":"https:\/\/dicodusport.fr\/blog\/?s={search_term_string}"},"query-input":{"@type":"PropertyValueSpecification","valueRequired":true,"valueName":"search_term_string"}}],"inLanguage":"fr-FR"},{"@type":"NewsMediaOrganization","@id":"https:\/\/dicodusport.fr\/blog\/#organization","name":"Dicodusport","url":"https:\/\/dicodusport.fr\/blog\/","logo":{"@type":"ImageObject","inLanguage":"fr-FR","@id":"https:\/\/dicodusport.fr\/blog\/#\/schema\/logo\/image\/","url":"https:\/\/dicodusport.fr\/blog\/wp-content\/uploads\/2020\/06\/cropped-LOGO-DICODUSPORT-2020-SANS-FOND-SANS-TEXTE.png","contentUrl":"https:\/\/dicodusport.fr\/blog\/wp-content\/uploads\/2020\/06\/cropped-LOGO-DICODUSPORT-2020-SANS-FOND-SANS-TEXTE.png","width":512,"height":512,"caption":"Dicodusport"},"image":{"@id":"https:\/\/dicodusport.fr\/blog\/#\/schema\/logo\/image\/"},"sameAs":["https:\/\/www.facebook.com\/dicodusport","https:\/\/x.com\/dicodusport","https:\/\/www.instagram.com\/dicodusport\/","https:\/\/www.youtube.com\/channel\/UC7V2KZ5sd3htJivAbA4ZG3w"],"description":"Dicodusport est l'encyclop\u00e9die de l'actualit\u00e9 sportive.","email":"bonjour@dicodusport.fr","legalName":"DICODUSPORT","foundingDate":"2018-01-14","vatID":"FR71834470973","taxID":"83447097300043","numberOfEmployees":{"@type":"QuantitativeValue","minValue":"1","maxValue":"10"}},{"@type":"Person","@id":"https:\/\/dicodusport.fr\/blog\/#\/schema\/person\/55dcb50ad410894e431ed812bbb70191","name":"Nicolas Jacquemard","image":{"@type":"ImageObject","inLanguage":"fr-FR","@id":"https:\/\/dicodusport.fr\/blog\/#\/schema\/person\/image\/","url":"https:\/\/dicodusport.fr\/blog\/wp-content\/uploads\/2021\/05\/Nicolas-Jacquemard-150x150.jpeg","contentUrl":"https:\/\/dicodusport.fr\/blog\/wp-content\/uploads\/2021\/05\/Nicolas-Jacquemard-150x150.jpeg","caption":"Nicolas Jacquemard"},"description":"Passionn\u00e9 de sport et entrepreneur depuis mes 18 ans, la cr\u00e9ation de Dicodusport m'a sembl\u00e9 \u00e9vidente pour participer \u00e0 la m\u00e9diatisation d'un plus grand nombre de sports. Le chemin est long mais avec une \u00e9quipe des plus motiv\u00e9es et les Jeux Olympiques de Paris 2024 en point de mire, nous y arriverons ! Journaliste dans le monde du sport depuis plus de 5 ans, je traite aussi bien de football, de rugby, de biathlon que de cyclisme.","sameAs":["https:\/\/www.facebook.com\/dicodusport","https:\/\/x.com\/https:\/\/twitter.com\/Nico_Jacquemard"],"url":"https:\/\/dicodusport.fr\/blog\/author\/dicodusport\/"}]}},"_links":{"self":[{"href":"https:\/\/dicodusport.fr\/blog\/wp-json\/wp\/v2\/posts\/450547","targetHints":{"allow":["GET"]}}],"collection":[{"href":"https:\/\/dicodusport.fr\/blog\/wp-json\/wp\/v2\/posts"}],"about":[{"href":"https:\/\/dicodusport.fr\/blog\/wp-json\/wp\/v2\/types\/post"}],"author":[{"embeddable":true,"href":"https:\/\/dicodusport.fr\/blog\/wp-json\/wp\/v2\/users\/1"}],"replies":[{"embeddable":true,"href":"https:\/\/dicodusport.fr\/blog\/wp-json\/wp\/v2\/comments?post=450547"}],"version-history":[{"count":6,"href":"https:\/\/dicodusport.fr\/blog\/wp-json\/wp\/v2\/posts\/450547\/revisions"}],"predecessor-version":[{"id":450556,"href":"https:\/\/dicodusport.fr\/blog\/wp-json\/wp\/v2\/posts\/450547\/revisions\/450556"}],"wp:featuredmedia":[{"embeddable":true,"href":"https:\/\/dicodusport.fr\/blog\/wp-json\/wp\/v2\/media\/450548"}],"wp:attachment":[{"href":"https:\/\/dicodusport.fr\/blog\/wp-json\/wp\/v2\/media?parent=450547"}],"wp:term":[{"taxonomy":"category","embeddable":true,"href":"https:\/\/dicodusport.fr\/blog\/wp-json\/wp\/v2\/categories?post=450547"},{"taxonomy":"post_tag","embeddable":true,"href":"https:\/\/dicodusport.fr\/blog\/wp-json\/wp\/v2\/tags?post=450547"}],"curies":[{"name":"wp","href":"https:\/\/api.w.org\/{rel}","templated":true}]}}