{"id":450708,"date":"2024-01-09T12:38:40","date_gmt":"2024-01-09T11:38:40","guid":{"rendered":"https:\/\/dicodusport.fr\/blog\/?p=450708&#038;preview=true&#038;preview_id=450708"},"modified":"2024-01-09T13:06:37","modified_gmt":"2024-01-09T12:06:37","slug":"sebastien-loeb-soffre-une-24eme-etape-sur-le-dakar-sa-premiere-en-2024","status":"publish","type":"post","link":"https:\/\/dicodusport.fr\/blog\/sebastien-loeb-soffre-une-24eme-etape-sur-le-dakar-sa-premiere-en-2024\/","title":{"rendered":"S\u00e9bastien Loeb s&rsquo;offre une 24\u00e8me \u00e9tape sur le Dakar, sa premi\u00e8re en 2024"},"content":{"rendered":"<p style=\"text-align: justify;\"><strong><em>DAKAR 2024 &#8211; S\u00e9bastien Loeb (Bahrain Raid Xtreme) a remport\u00e9 la quatri\u00e8me \u00e9tape du Dakar ce mardi en devan\u00e7ant le leader Yazeed Al Rajhi (Overdrive).<\/em><\/strong><\/p>\n<ul style=\"text-align: justify;\">\n<li style=\"text-align: justify;\"><strong>\u00c0 ce sujet &#8211; <a href=\"https:\/\/dicodusport.fr\/blog\/dakar-2024-classement-general-categorie-autos\/\" target=\"_blank\" rel=\"noopener\">Dakar 2024 \u2013 Classement g\u00e9n\u00e9ral Autos<\/a><\/strong><\/li>\n<\/ul>\n<p style=\"text-align: justify;\"><a href=\"https:\/\/dicodusport.fr\/blog\/sebastien-loeb-il-fallait-sarreter-tous-les-20-km-pour-regonfler\/\">Tr\u00e8s agac\u00e9 \u00e0 l&rsquo;arriv\u00e9e de la troisi\u00e8me \u00e9tape<\/a> \u00e0 cause de trois crevaisons qui lui ont co\u00fbt\u00e9 plus de 20 minutes sur les premiers,<strong> S\u00e9bastien Loeb<\/strong> a remis les pendules \u00e0 l&rsquo;heure ce mardi. En embuscade tout au long de la quatri\u00e8me \u00e9tape, il a acc\u00e9l\u00e9r\u00e9 en fin de parcours pour venir coiffer <strong>Yazeed<\/strong> <strong>Al<\/strong> <strong>Rajhi<\/strong> et son co\u00e9quipier chez Bahrain Raid Xtreme, <strong>Nasser Al-Attiyah<\/strong>.<\/p>\n<h2 style=\"text-align: justify;\">S\u00e9bastien Loeb grappille au g\u00e9n\u00e9ral<\/h2>\n<p style=\"text-align: justify;\">Si le Fran\u00e7ais ne reprend qu&rsquo;un peu plus d&rsquo;une minute sur le deuxi\u00e8me et le troisi\u00e8me, l&rsquo;\u00e9cart est plus important avec <strong>Carlos<\/strong> <strong>Sainz <\/strong>(Audi), presque cinq minutes, et <strong>St\u00e9phane<\/strong> <strong>Peterhansel <\/strong>(Audi), presque six minutes. Au g\u00e9n\u00e9ral, <strong>S\u00e9bastien Loeb<\/strong> remonte \u00e0 la sixi\u00e8me place alors que <strong>Guillaume de Mevius<\/strong> (Overdrive) r\u00e9int\u00e8gre le Top 10 apr\u00e8s une bonne sp\u00e9ciale.<\/p>\n<p style=\"text-align: justify;\">Dans la cat\u00e9gorie motos, le Chilien <strong>Jos\u00e9 Ignacio Cornejo<\/strong> (Honda) fait coup double en remportant la quatri\u00e8me \u00e9tape et en prenant la t\u00eate du classement g\u00e9n\u00e9ral \u00e0 <strong>Ross<\/strong> <strong>Branch <\/strong>(Hero). <strong>Adrien Van<\/strong> <strong>Beveren <\/strong>(Honda), premier fran\u00e7ais, est cinqui\u00e8me au g\u00e9n\u00e9ral avec un peu plus de 22 minutes de retard sur le leader.<\/p>\n<blockquote class=\"twitter-tweet\">\n<p dir=\"ltr\" lang=\"fr\">Premi\u00e8re victoire de Sebastien Loeb sur ce <a href=\"https:\/\/twitter.com\/hashtag\/Dakar2024?src=hash&amp;ref_src=twsrc%5Etfw\">#Dakar2024<\/a> ? Grand sourire pour le Fran\u00e7ais \u00e0 l\u2019arriv\u00e9e \ud83d\ude0d <a href=\"https:\/\/t.co\/A9v9lZLL4p\">pic.twitter.com\/A9v9lZLL4p<\/a><\/p>\n<p>\u2014 la chaine L&rsquo;\u00c9quipe (@lachainelequipe) <a href=\"https:\/\/twitter.com\/lachainelequipe\/status\/1744679173908484162?ref_src=twsrc%5Etfw\">January 9, 2024<\/a><\/p><\/blockquote>\n<p style=\"text-align: justify;\"><script async src=\"https:\/\/platform.twitter.com\/widgets.js\" charset=\"utf-8\"><\/script><\/p>\n","protected":false},"excerpt":{"rendered":"<p>DAKAR 2024 &#8211; S\u00e9bastien Loeb (Bahrain Raid Xtreme) a remport\u00e9 la quatri\u00e8me \u00e9tape du Dakar ce mardi en devan\u00e7ant le leader Yazeed Al Rajhi.<\/p>\n","protected":false},"author":1,"featured_media":450709,"comment_status":"open","ping_status":"closed","sticky":false,"template":"","format":"standard","meta":{"_acf_changed":false,"_daextam_enable_autolinks":"1","footnotes":""},"categories":[9493],"tags":[16878,2736,7001,3282],"class_list":["post-450708","post","type-post","status-publish","format-standard","has-post-thumbnail","hentry","category-dakar","tag-breve","tag-dakar","tag-loeb","tag-sebastien-loeb"],"acf":[],"yoast_head":"<!-- This site is optimized with the Yoast SEO Premium plugin v26.7 (Yoast SEO v26.7) - https:\/\/yoast.com\/wordpress\/plugins\/seo\/ -->\n<title>S\u00e9bastien Loeb s&#039;offre une 24\u00e8me \u00e9tape sur le Dakar, sa premi\u00e8re en 2024<\/title>\n<meta name=\"description\" content=\"DAKAR 2024 - S\u00e9bastien Loeb (Bahrain Raid Xtreme) a remport\u00e9 la quatri\u00e8me \u00e9tape du Dakar ce mardi en devan\u00e7ant le leader Yazeed Al Rajhi.\" \/>\n<meta name=\"robots\" content=\"index, follow, max-snippet:-1, max-image-preview:large, max-video-preview:-1\" \/>\n<link rel=\"canonical\" href=\"https:\/\/dicodusport.fr\/blog\/sebastien-loeb-soffre-une-24eme-etape-sur-le-dakar-sa-premiere-en-2024\/\" \/>\n<meta property=\"og:locale\" content=\"fr_FR\" \/>\n<meta property=\"og:type\" content=\"article\" \/>\n<meta property=\"og:title\" content=\"S\u00e9bastien Loeb s&#039;offre une 24\u00e8me \u00e9tape sur le Dakar, sa premi\u00e8re en 2024\" \/>\n<meta property=\"og:description\" content=\"DAKAR 2024 - S\u00e9bastien Loeb (Bahrain Raid Xtreme) a remport\u00e9 la quatri\u00e8me \u00e9tape du Dakar ce mardi en devan\u00e7ant le leader Yazeed Al Rajhi.\" \/>\n<meta property=\"og:url\" content=\"https:\/\/dicodusport.fr\/blog\/sebastien-loeb-soffre-une-24eme-etape-sur-le-dakar-sa-premiere-en-2024\/\" \/>\n<meta property=\"og:site_name\" content=\"Dicodusport\" \/>\n<meta property=\"article:publisher\" content=\"https:\/\/www.facebook.com\/dicodusport\" \/>\n<meta property=\"article:author\" content=\"https:\/\/www.facebook.com\/dicodusport\" \/>\n<meta property=\"article:published_time\" content=\"2024-01-09T11:38:40+00:00\" \/>\n<meta property=\"article:modified_time\" content=\"2024-01-09T12:06:37+00:00\" \/>\n<meta property=\"og:image\" content=\"https:\/\/dicodusport.fr\/blog\/wp-content\/uploads\/2024\/01\/Sebastien-Loeb-soffre-une-24eme-etape-sur-le-Dakar-sa-premiere-en-2024.png\" \/>\n\t<meta property=\"og:image:width\" content=\"1200\" \/>\n\t<meta property=\"og:image:height\" content=\"674\" \/>\n\t<meta property=\"og:image:type\" content=\"image\/png\" \/>\n<meta name=\"author\" content=\"Nicolas Jacquemard\" \/>\n<meta name=\"twitter:card\" content=\"summary_large_image\" \/>\n<meta name=\"twitter:title\" content=\"S\u00e9bastien Loeb s&#039;offre une 24\u00e8me \u00e9tape sur le Dakar, sa premi\u00e8re en 2024\" \/>\n<meta name=\"twitter:creator\" content=\"@https:\/\/twitter.com\/Nico_Jacquemard\" \/>\n<meta name=\"twitter:site\" content=\"@dicodusport\" \/>\n<script type=\"application\/ld+json\" class=\"yoast-schema-graph\">{\"@context\":\"https:\/\/schema.org\",\"@graph\":[{\"@type\":\"NewsArticle\",\"@id\":\"https:\/\/dicodusport.fr\/blog\/sebastien-loeb-soffre-une-24eme-etape-sur-le-dakar-sa-premiere-en-2024\/#article\",\"isPartOf\":{\"@id\":\"https:\/\/dicodusport.fr\/blog\/sebastien-loeb-soffre-une-24eme-etape-sur-le-dakar-sa-premiere-en-2024\/\"},\"author\":{\"name\":\"Nicolas Jacquemard\",\"@id\":\"https:\/\/dicodusport.fr\/blog\/#\/schema\/person\/55dcb50ad410894e431ed812bbb70191\"},\"headline\":\"S\u00e9bastien Loeb s&rsquo;offre une 24\u00e8me \u00e9tape sur le Dakar, sa premi\u00e8re en 2024\",\"datePublished\":\"2024-01-09T11:38:40+00:00\",\"dateModified\":\"2024-01-09T12:06:37+00:00\",\"mainEntityOfPage\":{\"@id\":\"https:\/\/dicodusport.fr\/blog\/sebastien-loeb-soffre-une-24eme-etape-sur-le-dakar-sa-premiere-en-2024\/\"},\"wordCount\":291,\"commentCount\":0,\"publisher\":{\"@id\":\"https:\/\/dicodusport.fr\/blog\/#organization\"},\"image\":{\"@id\":\"https:\/\/dicodusport.fr\/blog\/sebastien-loeb-soffre-une-24eme-etape-sur-le-dakar-sa-premiere-en-2024\/#primaryimage\"},\"thumbnailUrl\":\"https:\/\/dicodusport.fr\/blog\/wp-content\/uploads\/2024\/01\/Sebastien-Loeb-soffre-une-24eme-etape-sur-le-Dakar-sa-premiere-en-2024.png\",\"keywords\":[\"br\u00e8ve\",\"dakar\",\"Loeb\",\"s\u00e9bastien loeb\"],\"articleSection\":[\"Dakar\"],\"inLanguage\":\"fr-FR\",\"potentialAction\":[{\"@type\":\"CommentAction\",\"name\":\"Comment\",\"target\":[\"https:\/\/dicodusport.fr\/blog\/sebastien-loeb-soffre-une-24eme-etape-sur-le-dakar-sa-premiere-en-2024\/#respond\"]}],\"copyrightYear\":\"2024\",\"copyrightHolder\":{\"@id\":\"https:\/\/dicodusport.fr\/blog\/#organization\"}},{\"@type\":\"WebPage\",\"@id\":\"https:\/\/dicodusport.fr\/blog\/sebastien-loeb-soffre-une-24eme-etape-sur-le-dakar-sa-premiere-en-2024\/\",\"url\":\"https:\/\/dicodusport.fr\/blog\/sebastien-loeb-soffre-une-24eme-etape-sur-le-dakar-sa-premiere-en-2024\/\",\"name\":\"S\u00e9bastien Loeb s'offre une 24\u00e8me \u00e9tape sur le Dakar, sa premi\u00e8re en 2024\",\"isPartOf\":{\"@id\":\"https:\/\/dicodusport.fr\/blog\/#website\"},\"primaryImageOfPage\":{\"@id\":\"https:\/\/dicodusport.fr\/blog\/sebastien-loeb-soffre-une-24eme-etape-sur-le-dakar-sa-premiere-en-2024\/#primaryimage\"},\"image\":{\"@id\":\"https:\/\/dicodusport.fr\/blog\/sebastien-loeb-soffre-une-24eme-etape-sur-le-dakar-sa-premiere-en-2024\/#primaryimage\"},\"thumbnailUrl\":\"https:\/\/dicodusport.fr\/blog\/wp-content\/uploads\/2024\/01\/Sebastien-Loeb-soffre-une-24eme-etape-sur-le-Dakar-sa-premiere-en-2024.png\",\"datePublished\":\"2024-01-09T11:38:40+00:00\",\"dateModified\":\"2024-01-09T12:06:37+00:00\",\"description\":\"DAKAR 2024 - S\u00e9bastien Loeb (Bahrain Raid Xtreme) a remport\u00e9 la quatri\u00e8me \u00e9tape du Dakar ce mardi en devan\u00e7ant le leader Yazeed Al Rajhi.\",\"breadcrumb\":{\"@id\":\"https:\/\/dicodusport.fr\/blog\/sebastien-loeb-soffre-une-24eme-etape-sur-le-dakar-sa-premiere-en-2024\/#breadcrumb\"},\"inLanguage\":\"fr-FR\",\"potentialAction\":[{\"@type\":\"ReadAction\",\"target\":[\"https:\/\/dicodusport.fr\/blog\/sebastien-loeb-soffre-une-24eme-etape-sur-le-dakar-sa-premiere-en-2024\/\"]}]},{\"@type\":\"ImageObject\",\"inLanguage\":\"fr-FR\",\"@id\":\"https:\/\/dicodusport.fr\/blog\/sebastien-loeb-soffre-une-24eme-etape-sur-le-dakar-sa-premiere-en-2024\/#primaryimage\",\"url\":\"https:\/\/dicodusport.fr\/blog\/wp-content\/uploads\/2024\/01\/Sebastien-Loeb-soffre-une-24eme-etape-sur-le-Dakar-sa-premiere-en-2024.png\",\"contentUrl\":\"https:\/\/dicodusport.fr\/blog\/wp-content\/uploads\/2024\/01\/Sebastien-Loeb-soffre-une-24eme-etape-sur-le-Dakar-sa-premiere-en-2024.png\",\"width\":1200,\"height\":674,\"caption\":\"Se\u0301bastien Loeb s'offre une 24e\u0300me e\u0301tape sur le Dakar, sa premie\u0300re en 2024\"},{\"@type\":\"BreadcrumbList\",\"@id\":\"https:\/\/dicodusport.fr\/blog\/sebastien-loeb-soffre-une-24eme-etape-sur-le-dakar-sa-premiere-en-2024\/#breadcrumb\",\"itemListElement\":[{\"@type\":\"ListItem\",\"position\":1,\"name\":\"Accueil\",\"item\":\"https:\/\/dicodusport.fr\/blog\/\"},{\"@type\":\"ListItem\",\"position\":2,\"name\":\"S\u00e9bastien Loeb s&rsquo;offre une 24\u00e8me \u00e9tape sur le Dakar, sa premi\u00e8re en 2024\"}]},{\"@type\":\"WebSite\",\"@id\":\"https:\/\/dicodusport.fr\/blog\/#website\",\"url\":\"https:\/\/dicodusport.fr\/blog\/\",\"name\":\"Dicodusport\",\"description\":\"L&#039;encyclop\u00e9die de l&#039;actualit\u00e9 sportive\",\"publisher\":{\"@id\":\"https:\/\/dicodusport.fr\/blog\/#organization\"},\"potentialAction\":[{\"@type\":\"SearchAction\",\"target\":{\"@type\":\"EntryPoint\",\"urlTemplate\":\"https:\/\/dicodusport.fr\/blog\/?s={search_term_string}\"},\"query-input\":{\"@type\":\"PropertyValueSpecification\",\"valueRequired\":true,\"valueName\":\"search_term_string\"}}],\"inLanguage\":\"fr-FR\"},{\"@type\":\"NewsMediaOrganization\",\"@id\":\"https:\/\/dicodusport.fr\/blog\/#organization\",\"name\":\"Dicodusport\",\"url\":\"https:\/\/dicodusport.fr\/blog\/\",\"logo\":{\"@type\":\"ImageObject\",\"inLanguage\":\"fr-FR\",\"@id\":\"https:\/\/dicodusport.fr\/blog\/#\/schema\/logo\/image\/\",\"url\":\"https:\/\/dicodusport.fr\/blog\/wp-content\/uploads\/2020\/06\/cropped-LOGO-DICODUSPORT-2020-SANS-FOND-SANS-TEXTE.png\",\"contentUrl\":\"https:\/\/dicodusport.fr\/blog\/wp-content\/uploads\/2020\/06\/cropped-LOGO-DICODUSPORT-2020-SANS-FOND-SANS-TEXTE.png\",\"width\":512,\"height\":512,\"caption\":\"Dicodusport\"},\"image\":{\"@id\":\"https:\/\/dicodusport.fr\/blog\/#\/schema\/logo\/image\/\"},\"sameAs\":[\"https:\/\/www.facebook.com\/dicodusport\",\"https:\/\/x.com\/dicodusport\",\"https:\/\/www.instagram.com\/dicodusport\/\",\"https:\/\/www.youtube.com\/channel\/UC7V2KZ5sd3htJivAbA4ZG3w\"],\"description\":\"Dicodusport est l'encyclop\u00e9die de l'actualit\u00e9 sportive.\",\"email\":\"bonjour@dicodusport.fr\",\"legalName\":\"DICODUSPORT\",\"foundingDate\":\"2018-01-14\",\"vatID\":\"FR71834470973\",\"taxID\":\"83447097300043\",\"numberOfEmployees\":{\"@type\":\"QuantitativeValue\",\"minValue\":\"1\",\"maxValue\":\"10\"}},{\"@type\":\"Person\",\"@id\":\"https:\/\/dicodusport.fr\/blog\/#\/schema\/person\/55dcb50ad410894e431ed812bbb70191\",\"name\":\"Nicolas Jacquemard\",\"image\":{\"@type\":\"ImageObject\",\"inLanguage\":\"fr-FR\",\"@id\":\"https:\/\/dicodusport.fr\/blog\/#\/schema\/person\/image\/\",\"url\":\"https:\/\/dicodusport.fr\/blog\/wp-content\/uploads\/2021\/05\/Nicolas-Jacquemard-150x150.jpeg\",\"contentUrl\":\"https:\/\/dicodusport.fr\/blog\/wp-content\/uploads\/2021\/05\/Nicolas-Jacquemard-150x150.jpeg\",\"caption\":\"Nicolas Jacquemard\"},\"description\":\"Passionn\u00e9 de sport et entrepreneur depuis mes 18 ans, la cr\u00e9ation de Dicodusport m'a sembl\u00e9 \u00e9vidente pour participer \u00e0 la m\u00e9diatisation d'un plus grand nombre de sports. Le chemin est long mais avec une \u00e9quipe des plus motiv\u00e9es et les Jeux Olympiques de Paris 2024 en point de mire, nous y arriverons ! Journaliste dans le monde du sport depuis plus de 5 ans, je traite aussi bien de football, de rugby, de biathlon que de cyclisme.\",\"sameAs\":[\"https:\/\/www.facebook.com\/dicodusport\",\"https:\/\/x.com\/https:\/\/twitter.com\/Nico_Jacquemard\"],\"url\":\"https:\/\/dicodusport.fr\/blog\/author\/dicodusport\/\"}]}<\/script>\n<!-- \/ Yoast SEO Premium plugin. -->","yoast_head_json":{"title":"S\u00e9bastien Loeb s'offre une 24\u00e8me \u00e9tape sur le Dakar, sa premi\u00e8re en 2024","description":"DAKAR 2024 - S\u00e9bastien Loeb (Bahrain Raid Xtreme) a remport\u00e9 la quatri\u00e8me \u00e9tape du Dakar ce mardi en devan\u00e7ant le leader Yazeed Al Rajhi.","robots":{"index":"index","follow":"follow","max-snippet":"max-snippet:-1","max-image-preview":"max-image-preview:large","max-video-preview":"max-video-preview:-1"},"canonical":"https:\/\/dicodusport.fr\/blog\/sebastien-loeb-soffre-une-24eme-etape-sur-le-dakar-sa-premiere-en-2024\/","og_locale":"fr_FR","og_type":"article","og_title":"S\u00e9bastien Loeb s'offre une 24\u00e8me \u00e9tape sur le Dakar, sa premi\u00e8re en 2024","og_description":"DAKAR 2024 - S\u00e9bastien Loeb (Bahrain Raid Xtreme) a remport\u00e9 la quatri\u00e8me \u00e9tape du Dakar ce mardi en devan\u00e7ant le leader Yazeed Al Rajhi.","og_url":"https:\/\/dicodusport.fr\/blog\/sebastien-loeb-soffre-une-24eme-etape-sur-le-dakar-sa-premiere-en-2024\/","og_site_name":"Dicodusport","article_publisher":"https:\/\/www.facebook.com\/dicodusport","article_author":"https:\/\/www.facebook.com\/dicodusport","article_published_time":"2024-01-09T11:38:40+00:00","article_modified_time":"2024-01-09T12:06:37+00:00","og_image":[{"width":1200,"height":674,"url":"https:\/\/dicodusport.fr\/blog\/wp-content\/uploads\/2024\/01\/Sebastien-Loeb-soffre-une-24eme-etape-sur-le-Dakar-sa-premiere-en-2024.png","type":"image\/png"}],"author":"Nicolas Jacquemard","twitter_card":"summary_large_image","twitter_title":"S\u00e9bastien Loeb s'offre une 24\u00e8me \u00e9tape sur le Dakar, sa premi\u00e8re en 2024","twitter_creator":"@https:\/\/twitter.com\/Nico_Jacquemard","twitter_site":"@dicodusport","schema":{"@context":"https:\/\/schema.org","@graph":[{"@type":"NewsArticle","@id":"https:\/\/dicodusport.fr\/blog\/sebastien-loeb-soffre-une-24eme-etape-sur-le-dakar-sa-premiere-en-2024\/#article","isPartOf":{"@id":"https:\/\/dicodusport.fr\/blog\/sebastien-loeb-soffre-une-24eme-etape-sur-le-dakar-sa-premiere-en-2024\/"},"author":{"name":"Nicolas Jacquemard","@id":"https:\/\/dicodusport.fr\/blog\/#\/schema\/person\/55dcb50ad410894e431ed812bbb70191"},"headline":"S\u00e9bastien Loeb s&rsquo;offre une 24\u00e8me \u00e9tape sur le Dakar, sa premi\u00e8re en 2024","datePublished":"2024-01-09T11:38:40+00:00","dateModified":"2024-01-09T12:06:37+00:00","mainEntityOfPage":{"@id":"https:\/\/dicodusport.fr\/blog\/sebastien-loeb-soffre-une-24eme-etape-sur-le-dakar-sa-premiere-en-2024\/"},"wordCount":291,"commentCount":0,"publisher":{"@id":"https:\/\/dicodusport.fr\/blog\/#organization"},"image":{"@id":"https:\/\/dicodusport.fr\/blog\/sebastien-loeb-soffre-une-24eme-etape-sur-le-dakar-sa-premiere-en-2024\/#primaryimage"},"thumbnailUrl":"https:\/\/dicodusport.fr\/blog\/wp-content\/uploads\/2024\/01\/Sebastien-Loeb-soffre-une-24eme-etape-sur-le-Dakar-sa-premiere-en-2024.png","keywords":["br\u00e8ve","dakar","Loeb","s\u00e9bastien loeb"],"articleSection":["Dakar"],"inLanguage":"fr-FR","potentialAction":[{"@type":"CommentAction","name":"Comment","target":["https:\/\/dicodusport.fr\/blog\/sebastien-loeb-soffre-une-24eme-etape-sur-le-dakar-sa-premiere-en-2024\/#respond"]}],"copyrightYear":"2024","copyrightHolder":{"@id":"https:\/\/dicodusport.fr\/blog\/#organization"}},{"@type":"WebPage","@id":"https:\/\/dicodusport.fr\/blog\/sebastien-loeb-soffre-une-24eme-etape-sur-le-dakar-sa-premiere-en-2024\/","url":"https:\/\/dicodusport.fr\/blog\/sebastien-loeb-soffre-une-24eme-etape-sur-le-dakar-sa-premiere-en-2024\/","name":"S\u00e9bastien Loeb s'offre une 24\u00e8me \u00e9tape sur le Dakar, sa premi\u00e8re en 2024","isPartOf":{"@id":"https:\/\/dicodusport.fr\/blog\/#website"},"primaryImageOfPage":{"@id":"https:\/\/dicodusport.fr\/blog\/sebastien-loeb-soffre-une-24eme-etape-sur-le-dakar-sa-premiere-en-2024\/#primaryimage"},"image":{"@id":"https:\/\/dicodusport.fr\/blog\/sebastien-loeb-soffre-une-24eme-etape-sur-le-dakar-sa-premiere-en-2024\/#primaryimage"},"thumbnailUrl":"https:\/\/dicodusport.fr\/blog\/wp-content\/uploads\/2024\/01\/Sebastien-Loeb-soffre-une-24eme-etape-sur-le-Dakar-sa-premiere-en-2024.png","datePublished":"2024-01-09T11:38:40+00:00","dateModified":"2024-01-09T12:06:37+00:00","description":"DAKAR 2024 - S\u00e9bastien Loeb (Bahrain Raid Xtreme) a remport\u00e9 la quatri\u00e8me \u00e9tape du Dakar ce mardi en devan\u00e7ant le leader Yazeed Al Rajhi.","breadcrumb":{"@id":"https:\/\/dicodusport.fr\/blog\/sebastien-loeb-soffre-une-24eme-etape-sur-le-dakar-sa-premiere-en-2024\/#breadcrumb"},"inLanguage":"fr-FR","potentialAction":[{"@type":"ReadAction","target":["https:\/\/dicodusport.fr\/blog\/sebastien-loeb-soffre-une-24eme-etape-sur-le-dakar-sa-premiere-en-2024\/"]}]},{"@type":"ImageObject","inLanguage":"fr-FR","@id":"https:\/\/dicodusport.fr\/blog\/sebastien-loeb-soffre-une-24eme-etape-sur-le-dakar-sa-premiere-en-2024\/#primaryimage","url":"https:\/\/dicodusport.fr\/blog\/wp-content\/uploads\/2024\/01\/Sebastien-Loeb-soffre-une-24eme-etape-sur-le-Dakar-sa-premiere-en-2024.png","contentUrl":"https:\/\/dicodusport.fr\/blog\/wp-content\/uploads\/2024\/01\/Sebastien-Loeb-soffre-une-24eme-etape-sur-le-Dakar-sa-premiere-en-2024.png","width":1200,"height":674,"caption":"Se\u0301bastien Loeb s'offre une 24e\u0300me e\u0301tape sur le Dakar, sa premie\u0300re en 2024"},{"@type":"BreadcrumbList","@id":"https:\/\/dicodusport.fr\/blog\/sebastien-loeb-soffre-une-24eme-etape-sur-le-dakar-sa-premiere-en-2024\/#breadcrumb","itemListElement":[{"@type":"ListItem","position":1,"name":"Accueil","item":"https:\/\/dicodusport.fr\/blog\/"},{"@type":"ListItem","position":2,"name":"S\u00e9bastien Loeb s&rsquo;offre une 24\u00e8me \u00e9tape sur le Dakar, sa premi\u00e8re en 2024"}]},{"@type":"WebSite","@id":"https:\/\/dicodusport.fr\/blog\/#website","url":"https:\/\/dicodusport.fr\/blog\/","name":"Dicodusport","description":"L&#039;encyclop\u00e9die de l&#039;actualit\u00e9 sportive","publisher":{"@id":"https:\/\/dicodusport.fr\/blog\/#organization"},"potentialAction":[{"@type":"SearchAction","target":{"@type":"EntryPoint","urlTemplate":"https:\/\/dicodusport.fr\/blog\/?s={search_term_string}"},"query-input":{"@type":"PropertyValueSpecification","valueRequired":true,"valueName":"search_term_string"}}],"inLanguage":"fr-FR"},{"@type":"NewsMediaOrganization","@id":"https:\/\/dicodusport.fr\/blog\/#organization","name":"Dicodusport","url":"https:\/\/dicodusport.fr\/blog\/","logo":{"@type":"ImageObject","inLanguage":"fr-FR","@id":"https:\/\/dicodusport.fr\/blog\/#\/schema\/logo\/image\/","url":"https:\/\/dicodusport.fr\/blog\/wp-content\/uploads\/2020\/06\/cropped-LOGO-DICODUSPORT-2020-SANS-FOND-SANS-TEXTE.png","contentUrl":"https:\/\/dicodusport.fr\/blog\/wp-content\/uploads\/2020\/06\/cropped-LOGO-DICODUSPORT-2020-SANS-FOND-SANS-TEXTE.png","width":512,"height":512,"caption":"Dicodusport"},"image":{"@id":"https:\/\/dicodusport.fr\/blog\/#\/schema\/logo\/image\/"},"sameAs":["https:\/\/www.facebook.com\/dicodusport","https:\/\/x.com\/dicodusport","https:\/\/www.instagram.com\/dicodusport\/","https:\/\/www.youtube.com\/channel\/UC7V2KZ5sd3htJivAbA4ZG3w"],"description":"Dicodusport est l'encyclop\u00e9die de l'actualit\u00e9 sportive.","email":"bonjour@dicodusport.fr","legalName":"DICODUSPORT","foundingDate":"2018-01-14","vatID":"FR71834470973","taxID":"83447097300043","numberOfEmployees":{"@type":"QuantitativeValue","minValue":"1","maxValue":"10"}},{"@type":"Person","@id":"https:\/\/dicodusport.fr\/blog\/#\/schema\/person\/55dcb50ad410894e431ed812bbb70191","name":"Nicolas Jacquemard","image":{"@type":"ImageObject","inLanguage":"fr-FR","@id":"https:\/\/dicodusport.fr\/blog\/#\/schema\/person\/image\/","url":"https:\/\/dicodusport.fr\/blog\/wp-content\/uploads\/2021\/05\/Nicolas-Jacquemard-150x150.jpeg","contentUrl":"https:\/\/dicodusport.fr\/blog\/wp-content\/uploads\/2021\/05\/Nicolas-Jacquemard-150x150.jpeg","caption":"Nicolas Jacquemard"},"description":"Passionn\u00e9 de sport et entrepreneur depuis mes 18 ans, la cr\u00e9ation de Dicodusport m'a sembl\u00e9 \u00e9vidente pour participer \u00e0 la m\u00e9diatisation d'un plus grand nombre de sports. Le chemin est long mais avec une \u00e9quipe des plus motiv\u00e9es et les Jeux Olympiques de Paris 2024 en point de mire, nous y arriverons ! Journaliste dans le monde du sport depuis plus de 5 ans, je traite aussi bien de football, de rugby, de biathlon que de cyclisme.","sameAs":["https:\/\/www.facebook.com\/dicodusport","https:\/\/x.com\/https:\/\/twitter.com\/Nico_Jacquemard"],"url":"https:\/\/dicodusport.fr\/blog\/author\/dicodusport\/"}]}},"_links":{"self":[{"href":"https:\/\/dicodusport.fr\/blog\/wp-json\/wp\/v2\/posts\/450708","targetHints":{"allow":["GET"]}}],"collection":[{"href":"https:\/\/dicodusport.fr\/blog\/wp-json\/wp\/v2\/posts"}],"about":[{"href":"https:\/\/dicodusport.fr\/blog\/wp-json\/wp\/v2\/types\/post"}],"author":[{"embeddable":true,"href":"https:\/\/dicodusport.fr\/blog\/wp-json\/wp\/v2\/users\/1"}],"replies":[{"embeddable":true,"href":"https:\/\/dicodusport.fr\/blog\/wp-json\/wp\/v2\/comments?post=450708"}],"version-history":[{"count":5,"href":"https:\/\/dicodusport.fr\/blog\/wp-json\/wp\/v2\/posts\/450708\/revisions"}],"predecessor-version":[{"id":450717,"href":"https:\/\/dicodusport.fr\/blog\/wp-json\/wp\/v2\/posts\/450708\/revisions\/450717"}],"wp:featuredmedia":[{"embeddable":true,"href":"https:\/\/dicodusport.fr\/blog\/wp-json\/wp\/v2\/media\/450709"}],"wp:attachment":[{"href":"https:\/\/dicodusport.fr\/blog\/wp-json\/wp\/v2\/media?parent=450708"}],"wp:term":[{"taxonomy":"category","embeddable":true,"href":"https:\/\/dicodusport.fr\/blog\/wp-json\/wp\/v2\/categories?post=450708"},{"taxonomy":"post_tag","embeddable":true,"href":"https:\/\/dicodusport.fr\/blog\/wp-json\/wp\/v2\/tags?post=450708"}],"curies":[{"name":"wp","href":"https:\/\/api.w.org\/{rel}","templated":true}]}}