{"id":450721,"date":"2024-01-09T13:39:27","date_gmt":"2024-01-09T12:39:27","guid":{"rendered":"https:\/\/dicodusport.fr\/blog\/?p=450721&#038;preview=true&#038;preview_id=450721"},"modified":"2024-01-09T18:06:41","modified_gmt":"2024-01-09T17:06:41","slug":"handball-chloe-valentini-a-metz","status":"publish","type":"post","link":"https:\/\/dicodusport.fr\/blog\/handball-chloe-valentini-a-metz\/","title":{"rendered":"Handball : Chlo\u00e9 Valentini prolonge \u00e0 Metz"},"content":{"rendered":"<p style=\"text-align: justify;\"><strong><em>HANDBALL &#8211; Metz Handball a officialis\u00e9 la prolongation jusqu&rsquo;en 2027 de son aili\u00e8re gauche Chlo\u00e9 Valentini. Mettant fin \u00e0 des rumeurs qui envoyaient l&rsquo;internationale fran\u00e7aise \u00e0 Brest Bretagne Handball.<\/em><\/strong><\/p>\n<p style=\"text-align: justify;\"><strong>Chlo\u00e9 Valentini<\/strong> et <strong>Metz Handball<\/strong> li\u00e9s jusqu&rsquo;en 2027. C&rsquo;est la bonne nouvelle de ce mardi pour les supporters messins qui craignaient de perdre l&rsquo;aili\u00e8re gauche internationale de 28 ans. En effet, depuis quelques jours, des rumeurs faisaient part de l&rsquo;int\u00e9r\u00eat du <strong>Brest Bretagne Handball<\/strong> pour la r\u00e9cente championne du monde, qui a encore marqu\u00e9 six buts lors du dernier match des Messines, en Ligue des Champions, <a href=\"https:\/\/dicodusport.fr\/blog\/handball-ligue-des-champions-feminine-metz-domine-les-vipers-pour-sa-premiere-en-2024\/\">contre les Vipers (victoire 31-29)<\/a>. C&rsquo;est une joueuse majeure du sept messin, depuis son arriv\u00e9e en 2021, en provenance de son club formateur de l&rsquo;ESBF Besan\u00e7on.<\/p>\n<p style=\"text-align: justify;\">Elle sera donc dans le projet du club de Moselle pendant quatre ans. <strong>Metz Handball<\/strong> a \u00e9galement officialis\u00e9 lundi la signature de sa premi\u00e8re recrue, avec la venue de l&rsquo;internationale hongroise de 23 ans, <strong>Petra Vamos<\/strong>, pour les trois prochaines saisons. D&rsquo;autres recrues\/prolongations devraient \u00eatre annonc\u00e9es par Metz Handball, qui a fait patienter ses supporters. Pour rappel, <strong>Hatadou Sako, Louise Burgaard<\/strong> ou encore <strong>Kristina Jorgengen<\/strong> vont quitter la Moselle \u00e0 la fin de la saison.<\/p>\n<blockquote class=\"twitter-tweet\">\n<p dir=\"ltr\" lang=\"fr\">\ud83c\udf1f\u270d\ufe0f Le club est heureux et tr\u00e8s fier de vous annoncer la prolongation de sa capitaine \ud835\uddd6\ud835\uddf5\ud835\uddf9\ud835\uddfc\u00e9 \ud835\udde9\ud835\uddee\ud835\uddf9\ud835\uddf2\ud835\uddfb\ud835\ude01\ud835\uddf6\ud835\uddfb\ud835\uddf6 pour les trois prochaines saisons.<\/p>\n<p>\ud83d\udcdd <a href=\"https:\/\/t.co\/1eTEbFSZxl\">https:\/\/t.co\/1eTEbFSZxl<\/a><a href=\"https:\/\/twitter.com\/hashtag\/VALENTINI2027?src=hash&amp;ref_src=twsrc%5Etfw\">#VALENTINI2027<\/a> <a href=\"https:\/\/t.co\/AqHs8KLKbz\">pic.twitter.com\/AqHs8KLKbz<\/a><\/p>\n<p>\u2014 Metz Handball (@MetzHandball) <a href=\"https:\/\/twitter.com\/MetzHandball\/status\/1744675755219394612?ref_src=twsrc%5Etfw\">January 9, 2024<\/a><\/p><\/blockquote>\n<p><script async src=\"https:\/\/platform.twitter.com\/widgets.js\" charset=\"utf-8\"><\/script><\/p>\n","protected":false},"excerpt":{"rendered":"<p>HANDBALL &#8211; Metz Handball a officialis\u00e9 la prolongation jusqu&rsquo;en 2027 de son aili\u00e8re gauche Chlo\u00e9 Valentini. Mettant fin \u00e0 des rumeurs qui envoyaient l&rsquo;internationale fran\u00e7aise \u00e0 Brest Bretagne Handball.<\/p>\n","protected":false},"author":83,"featured_media":450722,"comment_status":"open","ping_status":"closed","sticky":false,"template":"","format":"standard","meta":{"_acf_changed":false,"_daextam_enable_autolinks":"1","footnotes":""},"categories":[2304],"tags":[16878,1173,405,2449],"class_list":["post-450721","post","type-post","status-publish","format-standard","has-post-thumbnail","hentry","category-handball","tag-breve","tag-hand","tag-handball","tag-metz-handball"],"acf":[],"yoast_head":"<!-- This site is optimized with the Yoast SEO Premium plugin v26.7 (Yoast SEO v26.7) - https:\/\/yoast.com\/wordpress\/plugins\/seo\/ -->\n<title>Handball : Chlo\u00e9 Valentini prolonge \u00e0 Metz<\/title>\n<meta name=\"description\" content=\"HANDBALL - Metz Handball a officialis\u00e9 la prolongation jusqu&#039;en 2027 de son aili\u00e8re gauche Chlo\u00e9 Valentini.\" \/>\n<meta name=\"robots\" content=\"index, follow, max-snippet:-1, max-image-preview:large, max-video-preview:-1\" \/>\n<link rel=\"canonical\" href=\"https:\/\/dicodusport.fr\/blog\/handball-chloe-valentini-a-metz\/\" \/>\n<meta property=\"og:locale\" content=\"fr_FR\" \/>\n<meta property=\"og:type\" content=\"article\" \/>\n<meta property=\"og:title\" content=\"Handball : Chlo\u00e9 Valentini prolonge \u00e0 Metz\" \/>\n<meta property=\"og:description\" content=\"HANDBALL - Metz Handball a officialis\u00e9 la prolongation jusqu&#039;en 2027 de son aili\u00e8re gauche Chlo\u00e9 Valentini.\" \/>\n<meta property=\"og:url\" content=\"https:\/\/dicodusport.fr\/blog\/handball-chloe-valentini-a-metz\/\" \/>\n<meta property=\"og:site_name\" content=\"Dicodusport\" \/>\n<meta property=\"article:publisher\" content=\"https:\/\/www.facebook.com\/dicodusport\" \/>\n<meta property=\"article:published_time\" content=\"2024-01-09T12:39:27+00:00\" \/>\n<meta property=\"article:modified_time\" content=\"2024-01-09T17:06:41+00:00\" \/>\n<meta property=\"og:image\" content=\"https:\/\/dicodusport.fr\/blog\/wp-content\/uploads\/2024\/01\/Handball-Chloe-Valentini-prolonge-trois-ans-a-Metz.png\" \/>\n\t<meta property=\"og:image:width\" content=\"1200\" \/>\n\t<meta property=\"og:image:height\" content=\"674\" \/>\n\t<meta property=\"og:image:type\" content=\"image\/png\" \/>\n<meta name=\"author\" content=\"Etienne Goursaud\" \/>\n<meta name=\"twitter:card\" content=\"summary_large_image\" \/>\n<meta name=\"twitter:title\" content=\"Handball : Chlo\u00e9 Valentini prolonge \u00e0 Metz\" \/>\n<meta name=\"twitter:creator\" content=\"@dicodusport\" \/>\n<meta name=\"twitter:site\" content=\"@dicodusport\" \/>\n<script type=\"application\/ld+json\" class=\"yoast-schema-graph\">{\"@context\":\"https:\/\/schema.org\",\"@graph\":[{\"@type\":\"NewsArticle\",\"@id\":\"https:\/\/dicodusport.fr\/blog\/handball-chloe-valentini-a-metz\/#article\",\"isPartOf\":{\"@id\":\"https:\/\/dicodusport.fr\/blog\/handball-chloe-valentini-a-metz\/\"},\"author\":{\"name\":\"Etienne Goursaud\",\"@id\":\"https:\/\/dicodusport.fr\/blog\/#\/schema\/person\/d603dd7da31fb2b46c82b9835a77ec13\"},\"headline\":\"Handball : Chlo\u00e9 Valentini prolonge \u00e0 Metz\",\"datePublished\":\"2024-01-09T12:39:27+00:00\",\"dateModified\":\"2024-01-09T17:06:41+00:00\",\"mainEntityOfPage\":{\"@id\":\"https:\/\/dicodusport.fr\/blog\/handball-chloe-valentini-a-metz\/\"},\"wordCount\":250,\"commentCount\":1,\"publisher\":{\"@id\":\"https:\/\/dicodusport.fr\/blog\/#organization\"},\"image\":{\"@id\":\"https:\/\/dicodusport.fr\/blog\/handball-chloe-valentini-a-metz\/#primaryimage\"},\"thumbnailUrl\":\"https:\/\/dicodusport.fr\/blog\/wp-content\/uploads\/2024\/01\/Handball-Chloe-Valentini-prolonge-trois-ans-a-Metz.png\",\"keywords\":[\"br\u00e8ve\",\"hand\",\"Handball\",\"Metz Handball\"],\"articleSection\":[\"Handball\"],\"inLanguage\":\"fr-FR\",\"potentialAction\":[{\"@type\":\"CommentAction\",\"name\":\"Comment\",\"target\":[\"https:\/\/dicodusport.fr\/blog\/handball-chloe-valentini-a-metz\/#respond\"]}],\"copyrightYear\":\"2024\",\"copyrightHolder\":{\"@id\":\"https:\/\/dicodusport.fr\/blog\/#organization\"}},{\"@type\":\"WebPage\",\"@id\":\"https:\/\/dicodusport.fr\/blog\/handball-chloe-valentini-a-metz\/\",\"url\":\"https:\/\/dicodusport.fr\/blog\/handball-chloe-valentini-a-metz\/\",\"name\":\"Handball : Chlo\u00e9 Valentini prolonge \u00e0 Metz\",\"isPartOf\":{\"@id\":\"https:\/\/dicodusport.fr\/blog\/#website\"},\"primaryImageOfPage\":{\"@id\":\"https:\/\/dicodusport.fr\/blog\/handball-chloe-valentini-a-metz\/#primaryimage\"},\"image\":{\"@id\":\"https:\/\/dicodusport.fr\/blog\/handball-chloe-valentini-a-metz\/#primaryimage\"},\"thumbnailUrl\":\"https:\/\/dicodusport.fr\/blog\/wp-content\/uploads\/2024\/01\/Handball-Chloe-Valentini-prolonge-trois-ans-a-Metz.png\",\"datePublished\":\"2024-01-09T12:39:27+00:00\",\"dateModified\":\"2024-01-09T17:06:41+00:00\",\"description\":\"HANDBALL - Metz Handball a officialis\u00e9 la prolongation jusqu'en 2027 de son aili\u00e8re gauche Chlo\u00e9 Valentini.\",\"breadcrumb\":{\"@id\":\"https:\/\/dicodusport.fr\/blog\/handball-chloe-valentini-a-metz\/#breadcrumb\"},\"inLanguage\":\"fr-FR\",\"potentialAction\":[{\"@type\":\"ReadAction\",\"target\":[\"https:\/\/dicodusport.fr\/blog\/handball-chloe-valentini-a-metz\/\"]}]},{\"@type\":\"ImageObject\",\"inLanguage\":\"fr-FR\",\"@id\":\"https:\/\/dicodusport.fr\/blog\/handball-chloe-valentini-a-metz\/#primaryimage\",\"url\":\"https:\/\/dicodusport.fr\/blog\/wp-content\/uploads\/2024\/01\/Handball-Chloe-Valentini-prolonge-trois-ans-a-Metz.png\",\"contentUrl\":\"https:\/\/dicodusport.fr\/blog\/wp-content\/uploads\/2024\/01\/Handball-Chloe-Valentini-prolonge-trois-ans-a-Metz.png\",\"width\":1200,\"height\":674,\"caption\":\"Handball - Chlo\u00e9 Valentini prolonge trois ans \u00e0 Metz\"},{\"@type\":\"BreadcrumbList\",\"@id\":\"https:\/\/dicodusport.fr\/blog\/handball-chloe-valentini-a-metz\/#breadcrumb\",\"itemListElement\":[{\"@type\":\"ListItem\",\"position\":1,\"name\":\"Accueil\",\"item\":\"https:\/\/dicodusport.fr\/blog\/\"},{\"@type\":\"ListItem\",\"position\":2,\"name\":\"Handball : Chlo\u00e9 Valentini prolonge \u00e0 Metz\"}]},{\"@type\":\"WebSite\",\"@id\":\"https:\/\/dicodusport.fr\/blog\/#website\",\"url\":\"https:\/\/dicodusport.fr\/blog\/\",\"name\":\"Dicodusport\",\"description\":\"L&#039;encyclop\u00e9die de l&#039;actualit\u00e9 sportive\",\"publisher\":{\"@id\":\"https:\/\/dicodusport.fr\/blog\/#organization\"},\"potentialAction\":[{\"@type\":\"SearchAction\",\"target\":{\"@type\":\"EntryPoint\",\"urlTemplate\":\"https:\/\/dicodusport.fr\/blog\/?s={search_term_string}\"},\"query-input\":{\"@type\":\"PropertyValueSpecification\",\"valueRequired\":true,\"valueName\":\"search_term_string\"}}],\"inLanguage\":\"fr-FR\"},{\"@type\":\"NewsMediaOrganization\",\"@id\":\"https:\/\/dicodusport.fr\/blog\/#organization\",\"name\":\"Dicodusport\",\"url\":\"https:\/\/dicodusport.fr\/blog\/\",\"logo\":{\"@type\":\"ImageObject\",\"inLanguage\":\"fr-FR\",\"@id\":\"https:\/\/dicodusport.fr\/blog\/#\/schema\/logo\/image\/\",\"url\":\"https:\/\/dicodusport.fr\/blog\/wp-content\/uploads\/2020\/06\/cropped-LOGO-DICODUSPORT-2020-SANS-FOND-SANS-TEXTE.png\",\"contentUrl\":\"https:\/\/dicodusport.fr\/blog\/wp-content\/uploads\/2020\/06\/cropped-LOGO-DICODUSPORT-2020-SANS-FOND-SANS-TEXTE.png\",\"width\":512,\"height\":512,\"caption\":\"Dicodusport\"},\"image\":{\"@id\":\"https:\/\/dicodusport.fr\/blog\/#\/schema\/logo\/image\/\"},\"sameAs\":[\"https:\/\/www.facebook.com\/dicodusport\",\"https:\/\/x.com\/dicodusport\",\"https:\/\/www.instagram.com\/dicodusport\/\",\"https:\/\/www.youtube.com\/channel\/UC7V2KZ5sd3htJivAbA4ZG3w\"],\"description\":\"Dicodusport est l'encyclop\u00e9die de l'actualit\u00e9 sportive.\",\"email\":\"bonjour@dicodusport.fr\",\"legalName\":\"DICODUSPORT\",\"foundingDate\":\"2018-01-14\",\"vatID\":\"FR71834470973\",\"taxID\":\"83447097300043\",\"numberOfEmployees\":{\"@type\":\"QuantitativeValue\",\"minValue\":\"1\",\"maxValue\":\"10\"}},{\"@type\":\"Person\",\"@id\":\"https:\/\/dicodusport.fr\/blog\/#\/schema\/person\/d603dd7da31fb2b46c82b9835a77ec13\",\"name\":\"Etienne Goursaud\",\"image\":{\"@type\":\"ImageObject\",\"inLanguage\":\"fr-FR\",\"@id\":\"https:\/\/dicodusport.fr\/blog\/#\/schema\/person\/image\/\",\"url\":\"https:\/\/dicodusport.fr\/blog\/wp-content\/uploads\/2023\/12\/410122264_10231602061736049_5565839791558026645_n-150x150.jpg\",\"contentUrl\":\"https:\/\/dicodusport.fr\/blog\/wp-content\/uploads\/2023\/12\/410122264_10231602061736049_5565839791558026645_n-150x150.jpg\",\"caption\":\"Etienne Goursaud\"},\"description\":\"Journaliste et amoureux de sport. Ancien footballeur reconverti athl\u00e8te quand ses muscles le laissent tranquille. \u00c9lev\u00e9 \u00e0 la sauce des exploits de Thomas Voeckler en 2004, du dernier essai de l\u00e9gende de Eunice Barber \u00e0 la longueur lors des championnats du monde d'athl\u00e9tisme de 2003 mais aussi Zidane, Omeyer et Titou Lamaison.\",\"url\":\"https:\/\/dicodusport.fr\/blog\/author\/etienne-goursaud\/\"}]}<\/script>\n<!-- \/ Yoast SEO Premium plugin. -->","yoast_head_json":{"title":"Handball : Chlo\u00e9 Valentini prolonge \u00e0 Metz","description":"HANDBALL - Metz Handball a officialis\u00e9 la prolongation jusqu'en 2027 de son aili\u00e8re gauche Chlo\u00e9 Valentini.","robots":{"index":"index","follow":"follow","max-snippet":"max-snippet:-1","max-image-preview":"max-image-preview:large","max-video-preview":"max-video-preview:-1"},"canonical":"https:\/\/dicodusport.fr\/blog\/handball-chloe-valentini-a-metz\/","og_locale":"fr_FR","og_type":"article","og_title":"Handball : Chlo\u00e9 Valentini prolonge \u00e0 Metz","og_description":"HANDBALL - Metz Handball a officialis\u00e9 la prolongation jusqu'en 2027 de son aili\u00e8re gauche Chlo\u00e9 Valentini.","og_url":"https:\/\/dicodusport.fr\/blog\/handball-chloe-valentini-a-metz\/","og_site_name":"Dicodusport","article_publisher":"https:\/\/www.facebook.com\/dicodusport","article_published_time":"2024-01-09T12:39:27+00:00","article_modified_time":"2024-01-09T17:06:41+00:00","og_image":[{"width":1200,"height":674,"url":"https:\/\/dicodusport.fr\/blog\/wp-content\/uploads\/2024\/01\/Handball-Chloe-Valentini-prolonge-trois-ans-a-Metz.png","type":"image\/png"}],"author":"Etienne Goursaud","twitter_card":"summary_large_image","twitter_title":"Handball : Chlo\u00e9 Valentini prolonge \u00e0 Metz","twitter_creator":"@dicodusport","twitter_site":"@dicodusport","schema":{"@context":"https:\/\/schema.org","@graph":[{"@type":"NewsArticle","@id":"https:\/\/dicodusport.fr\/blog\/handball-chloe-valentini-a-metz\/#article","isPartOf":{"@id":"https:\/\/dicodusport.fr\/blog\/handball-chloe-valentini-a-metz\/"},"author":{"name":"Etienne Goursaud","@id":"https:\/\/dicodusport.fr\/blog\/#\/schema\/person\/d603dd7da31fb2b46c82b9835a77ec13"},"headline":"Handball : Chlo\u00e9 Valentini prolonge \u00e0 Metz","datePublished":"2024-01-09T12:39:27+00:00","dateModified":"2024-01-09T17:06:41+00:00","mainEntityOfPage":{"@id":"https:\/\/dicodusport.fr\/blog\/handball-chloe-valentini-a-metz\/"},"wordCount":250,"commentCount":1,"publisher":{"@id":"https:\/\/dicodusport.fr\/blog\/#organization"},"image":{"@id":"https:\/\/dicodusport.fr\/blog\/handball-chloe-valentini-a-metz\/#primaryimage"},"thumbnailUrl":"https:\/\/dicodusport.fr\/blog\/wp-content\/uploads\/2024\/01\/Handball-Chloe-Valentini-prolonge-trois-ans-a-Metz.png","keywords":["br\u00e8ve","hand","Handball","Metz Handball"],"articleSection":["Handball"],"inLanguage":"fr-FR","potentialAction":[{"@type":"CommentAction","name":"Comment","target":["https:\/\/dicodusport.fr\/blog\/handball-chloe-valentini-a-metz\/#respond"]}],"copyrightYear":"2024","copyrightHolder":{"@id":"https:\/\/dicodusport.fr\/blog\/#organization"}},{"@type":"WebPage","@id":"https:\/\/dicodusport.fr\/blog\/handball-chloe-valentini-a-metz\/","url":"https:\/\/dicodusport.fr\/blog\/handball-chloe-valentini-a-metz\/","name":"Handball : Chlo\u00e9 Valentini prolonge \u00e0 Metz","isPartOf":{"@id":"https:\/\/dicodusport.fr\/blog\/#website"},"primaryImageOfPage":{"@id":"https:\/\/dicodusport.fr\/blog\/handball-chloe-valentini-a-metz\/#primaryimage"},"image":{"@id":"https:\/\/dicodusport.fr\/blog\/handball-chloe-valentini-a-metz\/#primaryimage"},"thumbnailUrl":"https:\/\/dicodusport.fr\/blog\/wp-content\/uploads\/2024\/01\/Handball-Chloe-Valentini-prolonge-trois-ans-a-Metz.png","datePublished":"2024-01-09T12:39:27+00:00","dateModified":"2024-01-09T17:06:41+00:00","description":"HANDBALL - Metz Handball a officialis\u00e9 la prolongation jusqu'en 2027 de son aili\u00e8re gauche Chlo\u00e9 Valentini.","breadcrumb":{"@id":"https:\/\/dicodusport.fr\/blog\/handball-chloe-valentini-a-metz\/#breadcrumb"},"inLanguage":"fr-FR","potentialAction":[{"@type":"ReadAction","target":["https:\/\/dicodusport.fr\/blog\/handball-chloe-valentini-a-metz\/"]}]},{"@type":"ImageObject","inLanguage":"fr-FR","@id":"https:\/\/dicodusport.fr\/blog\/handball-chloe-valentini-a-metz\/#primaryimage","url":"https:\/\/dicodusport.fr\/blog\/wp-content\/uploads\/2024\/01\/Handball-Chloe-Valentini-prolonge-trois-ans-a-Metz.png","contentUrl":"https:\/\/dicodusport.fr\/blog\/wp-content\/uploads\/2024\/01\/Handball-Chloe-Valentini-prolonge-trois-ans-a-Metz.png","width":1200,"height":674,"caption":"Handball - Chlo\u00e9 Valentini prolonge trois ans \u00e0 Metz"},{"@type":"BreadcrumbList","@id":"https:\/\/dicodusport.fr\/blog\/handball-chloe-valentini-a-metz\/#breadcrumb","itemListElement":[{"@type":"ListItem","position":1,"name":"Accueil","item":"https:\/\/dicodusport.fr\/blog\/"},{"@type":"ListItem","position":2,"name":"Handball : Chlo\u00e9 Valentini prolonge \u00e0 Metz"}]},{"@type":"WebSite","@id":"https:\/\/dicodusport.fr\/blog\/#website","url":"https:\/\/dicodusport.fr\/blog\/","name":"Dicodusport","description":"L&#039;encyclop\u00e9die de l&#039;actualit\u00e9 sportive","publisher":{"@id":"https:\/\/dicodusport.fr\/blog\/#organization"},"potentialAction":[{"@type":"SearchAction","target":{"@type":"EntryPoint","urlTemplate":"https:\/\/dicodusport.fr\/blog\/?s={search_term_string}"},"query-input":{"@type":"PropertyValueSpecification","valueRequired":true,"valueName":"search_term_string"}}],"inLanguage":"fr-FR"},{"@type":"NewsMediaOrganization","@id":"https:\/\/dicodusport.fr\/blog\/#organization","name":"Dicodusport","url":"https:\/\/dicodusport.fr\/blog\/","logo":{"@type":"ImageObject","inLanguage":"fr-FR","@id":"https:\/\/dicodusport.fr\/blog\/#\/schema\/logo\/image\/","url":"https:\/\/dicodusport.fr\/blog\/wp-content\/uploads\/2020\/06\/cropped-LOGO-DICODUSPORT-2020-SANS-FOND-SANS-TEXTE.png","contentUrl":"https:\/\/dicodusport.fr\/blog\/wp-content\/uploads\/2020\/06\/cropped-LOGO-DICODUSPORT-2020-SANS-FOND-SANS-TEXTE.png","width":512,"height":512,"caption":"Dicodusport"},"image":{"@id":"https:\/\/dicodusport.fr\/blog\/#\/schema\/logo\/image\/"},"sameAs":["https:\/\/www.facebook.com\/dicodusport","https:\/\/x.com\/dicodusport","https:\/\/www.instagram.com\/dicodusport\/","https:\/\/www.youtube.com\/channel\/UC7V2KZ5sd3htJivAbA4ZG3w"],"description":"Dicodusport est l'encyclop\u00e9die de l'actualit\u00e9 sportive.","email":"bonjour@dicodusport.fr","legalName":"DICODUSPORT","foundingDate":"2018-01-14","vatID":"FR71834470973","taxID":"83447097300043","numberOfEmployees":{"@type":"QuantitativeValue","minValue":"1","maxValue":"10"}},{"@type":"Person","@id":"https:\/\/dicodusport.fr\/blog\/#\/schema\/person\/d603dd7da31fb2b46c82b9835a77ec13","name":"Etienne Goursaud","image":{"@type":"ImageObject","inLanguage":"fr-FR","@id":"https:\/\/dicodusport.fr\/blog\/#\/schema\/person\/image\/","url":"https:\/\/dicodusport.fr\/blog\/wp-content\/uploads\/2023\/12\/410122264_10231602061736049_5565839791558026645_n-150x150.jpg","contentUrl":"https:\/\/dicodusport.fr\/blog\/wp-content\/uploads\/2023\/12\/410122264_10231602061736049_5565839791558026645_n-150x150.jpg","caption":"Etienne Goursaud"},"description":"Journaliste et amoureux de sport. Ancien footballeur reconverti athl\u00e8te quand ses muscles le laissent tranquille. \u00c9lev\u00e9 \u00e0 la sauce des exploits de Thomas Voeckler en 2004, du dernier essai de l\u00e9gende de Eunice Barber \u00e0 la longueur lors des championnats du monde d'athl\u00e9tisme de 2003 mais aussi Zidane, Omeyer et Titou Lamaison.","url":"https:\/\/dicodusport.fr\/blog\/author\/etienne-goursaud\/"}]}},"_links":{"self":[{"href":"https:\/\/dicodusport.fr\/blog\/wp-json\/wp\/v2\/posts\/450721","targetHints":{"allow":["GET"]}}],"collection":[{"href":"https:\/\/dicodusport.fr\/blog\/wp-json\/wp\/v2\/posts"}],"about":[{"href":"https:\/\/dicodusport.fr\/blog\/wp-json\/wp\/v2\/types\/post"}],"author":[{"embeddable":true,"href":"https:\/\/dicodusport.fr\/blog\/wp-json\/wp\/v2\/users\/83"}],"replies":[{"embeddable":true,"href":"https:\/\/dicodusport.fr\/blog\/wp-json\/wp\/v2\/comments?post=450721"}],"version-history":[{"count":5,"href":"https:\/\/dicodusport.fr\/blog\/wp-json\/wp\/v2\/posts\/450721\/revisions"}],"predecessor-version":[{"id":450789,"href":"https:\/\/dicodusport.fr\/blog\/wp-json\/wp\/v2\/posts\/450721\/revisions\/450789"}],"wp:featuredmedia":[{"embeddable":true,"href":"https:\/\/dicodusport.fr\/blog\/wp-json\/wp\/v2\/media\/450722"}],"wp:attachment":[{"href":"https:\/\/dicodusport.fr\/blog\/wp-json\/wp\/v2\/media?parent=450721"}],"wp:term":[{"taxonomy":"category","embeddable":true,"href":"https:\/\/dicodusport.fr\/blog\/wp-json\/wp\/v2\/categories?post=450721"},{"taxonomy":"post_tag","embeddable":true,"href":"https:\/\/dicodusport.fr\/blog\/wp-json\/wp\/v2\/tags?post=450721"}],"curies":[{"name":"wp","href":"https:\/\/api.w.org\/{rel}","templated":true}]}}