{"id":450726,"date":"2024-01-09T13:52:13","date_gmt":"2024-01-09T12:52:13","guid":{"rendered":"https:\/\/dicodusport.fr\/blog\/?p=450726&#038;preview=true&#038;preview_id=450726"},"modified":"2024-01-09T18:07:51","modified_gmt":"2024-01-09T17:07:51","slug":"clemence-calvin-les-jeux-olympiques-ce-nest-pas-un-reve-cest-un-objectif","status":"publish","type":"post","link":"https:\/\/dicodusport.fr\/blog\/clemence-calvin-les-jeux-olympiques-ce-nest-pas-un-reve-cest-un-objectif\/","title":{"rendered":"Cl\u00e9mence Calvin : \u00ab\u00a0Les Jeux Olympiques, ce n&rsquo;est pas un r\u00eave, c&rsquo;est un objectif\u00a0\u00bb"},"content":{"rendered":"<p style=\"text-align: justify;\"><strong><em>ATHL\u00c9TISME &#8211; Quelques jours apr\u00e8s son retour \u00e0 la comp\u00e9tition, Cl\u00e9mence Calvin s&rsquo;est longuement confi\u00e9e \u00e0 nos confr\u00e8res de <a href=\"https:\/\/www.lequipe.fr\/Athletisme\/Article\/Clemence-calvin-de-retour-apres-4-ans-de-suspension-je-n-ai-pas-a-baisser-la-tete\/1441078\" target=\"_blank\" rel=\"noopener\">L&rsquo;\u00c9quipe<\/a>.\u00a0<\/em><\/strong><\/p>\n<p style=\"text-align: justify;\">Suspendue quatre ans en 2019 suite \u00e0 l&rsquo;affaire de Marrakech, <strong>Cl\u00e9mence Calvin<\/strong> a fait son retour \u00e0 la comp\u00e9tition dimanche \u00e0 l&rsquo;occasion de la <a href=\"https:\/\/dicodusport.fr\/blog\/classement-10km-nice-promclassic-2024\/\">Prom\u2019Classic 2024<\/a> \u00e0 Nice. Quatri\u00e8me de sa course de reprise, elle se focalise maintenant sur les Jeux Olympiques. Elle veut essayer d&rsquo;obtenir son ticket pour Paris 2024, alors que la deadline est fix\u00e9e au 30 avril.<\/p>\n<blockquote>\n<p style=\"text-align: justify;\">Je n&rsquo;ai jamais r\u00eav\u00e9 des Jeux. Je n&rsquo;ai d&rsquo;ailleurs jamais eu le temps de r\u00eaver en athl\u00e9 car les objectifs s&rsquo;encha\u00eenaient naturellement. Les Jeux, ce n&rsquo;est pas un r\u00eave, c&rsquo;est un objectif. Je ne respire pas athl\u00e9 mais je prends du plaisir \u00e0 courir. Je n&rsquo;ai pas suivi l&rsquo;athl\u00e9 pendant mon absence. Mon r\u00eave, c&rsquo;\u00e9tait de cr\u00e9er une famille avec ma maison tout en sachant qu&rsquo;il y avait l&rsquo;athl\u00e9. L\u00e0, ce n&rsquo;est pas une fin en soi.<\/p>\n<\/blockquote>\n<h2 style=\"text-align: justify;\">Cl\u00e9mence Calvin : \u00ab\u00a0Je suis moi, je n&rsquo;ai pas \u00e0 baisser la t\u00eate\u00a0\u00bb<\/h2>\n<p style=\"text-align: justify;\">Sa suspension pour soustraction \u00e0 un contr\u00f4le antidopage a fait beaucoup parler en 2019, et les ann\u00e9es suivantes au fur et \u00e0 mesure que les diff\u00e9rentes juridictions rendaient leur d\u00e9cision. Interrog\u00e9e sur les possibles critiques autour de son retour, <strong>Cl\u00e9mence<\/strong> <strong>Calvin<\/strong> s&rsquo;est expliqu\u00e9e.<\/p>\n<blockquote>\n<p style=\"text-align: justify;\">Il y a deux r\u00e9alit\u00e9s. Celle de mon entourage et celle des r\u00e9seaux et des m\u00e9dias. D\u00e8s qu&rsquo;il y a un marathon qui est diffus\u00e9, je re\u00e7ois des messages de gens qui me disent que je leur manque, qui me font sentir sp\u00e9ciale dans le paysage du marathon fran\u00e7ais. J&rsquo;ai \u00e7a en t\u00eate. Je n&rsquo;ai jamais lu les commentaires, j&rsquo;en suis d\u00e9tach\u00e9e. J&rsquo;ai le cuir \u00e9pais. Tous les gens qui me croisaient \u00e9taient souriants. Je suis moi, je n&rsquo;ai pas \u00e0 baisser la t\u00eate, \u00e0 \u00eatre diff\u00e9rente de ce que je suis.<\/p>\n<\/blockquote>\n<p style=\"text-align: justify;\">Pendant sa suspension, Cl\u00e9mence Calvin est devenue pour la deuxi\u00e8me fois maman, mais explique aussi qu&rsquo;elle n&rsquo;a jamais envisag\u00e9 de ne plus courir en comp\u00e9tition. Pour se qualifier pour les <strong>Jeux Olympiques<\/strong>, elle doit r\u00e9ussir <a href=\"https:\/\/dicodusport.fr\/blog\/athletisme-les-minima-pour-les-jeux-olympiques-de-paris-2024\/\">les minima olympiques<\/a> avant le 30 avril prochain. <strong>Cl\u00e9mence<\/strong> <strong>Calvin<\/strong> ne sait pas encore sur quelle course elle va s&rsquo;aligner, mais a notamment \u00e9voqu\u00e9 le Marathon de S\u00e9ville, le 18 f\u00e9vrier, et le Marathon de Paris, le 7 avril.<\/p>\n<blockquote class=\"twitter-tweet\">\n<p dir=\"ltr\" lang=\"fr\">Suspendue depuis 2019, la vice-championne d&rsquo;Europe de marathon Cl\u00e9mence Calvin a retrouv\u00e9 la comp\u00e9tition dimanche \u00e0 Nice. Pour \u00ab L&rsquo;\u00c9quipe \u00bb, elle raconte ses ann\u00e9es loin de l&rsquo;athl\u00e9tisme et son cheminement pour reprendre le fil de sa carri\u00e8re. <a href=\"https:\/\/t.co\/lMkzdT7UiA\">https:\/\/t.co\/lMkzdT7UiA<\/a><\/p>\n<p>\u2014 Romain Donneux (@RomainDonneux) <a href=\"https:\/\/twitter.com\/RomainDonneux\/status\/1744650397468266886?ref_src=twsrc%5Etfw\">January 9, 2024<\/a><\/p><\/blockquote>\n<p style=\"text-align: justify;\"><script async src=\"https:\/\/platform.twitter.com\/widgets.js\" charset=\"utf-8\"><\/script><\/p>\n","protected":false},"excerpt":{"rendered":"<p>ATHL\u00c9TISME &#8211; Quelques jours apr\u00e8s son retour \u00e0 la comp\u00e9tition, Cl\u00e9mence Calvin s&rsquo;est longuement confi\u00e9e \u00e0 nos confr\u00e8res de L&rsquo;\u00c9quipe.\u00a0<\/p>\n","protected":false},"author":1,"featured_media":450729,"comment_status":"open","ping_status":"closed","sticky":false,"template":"","format":"standard","meta":{"_acf_changed":false,"_daextam_enable_autolinks":"1","footnotes":""},"categories":[2308],"tags":[16878,7605,1013],"class_list":["post-450726","post","type-post","status-publish","format-standard","has-post-thumbnail","hentry","category-athletisme","tag-breve","tag-clemence-calvin","tag-marathon"],"acf":[],"yoast_head":"<!-- This site is optimized with the Yoast SEO Premium plugin v26.7 (Yoast SEO v26.7) - https:\/\/yoast.com\/wordpress\/plugins\/seo\/ -->\n<title>Cl\u00e9mence Calvin : &quot;Les Jeux Olympiques, ce n&#039;est pas un r\u00eave, c&#039;est un objectif&quot;<\/title>\n<meta name=\"description\" content=\"ATHL\u00c9TISME - Quelques jours apr\u00e8s son retour \u00e0 la comp\u00e9tition, Cl\u00e9mence Calvin s&#039;est longuement confi\u00e9e \u00e0 nos confr\u00e8res de L&#039;\u00c9quipe.\u00a0\" \/>\n<meta name=\"robots\" content=\"index, follow, max-snippet:-1, max-image-preview:large, max-video-preview:-1\" \/>\n<link rel=\"canonical\" href=\"https:\/\/dicodusport.fr\/blog\/clemence-calvin-les-jeux-olympiques-ce-nest-pas-un-reve-cest-un-objectif\/\" \/>\n<meta property=\"og:locale\" content=\"fr_FR\" \/>\n<meta property=\"og:type\" content=\"article\" \/>\n<meta property=\"og:title\" content=\"Cl\u00e9mence Calvin : &quot;Les Jeux Olympiques, ce n&#039;est pas un r\u00eave, c&#039;est un objectif&quot;\" \/>\n<meta property=\"og:description\" content=\"ATHL\u00c9TISME - Quelques jours apr\u00e8s son retour \u00e0 la comp\u00e9tition, Cl\u00e9mence Calvin s&#039;est longuement confi\u00e9e \u00e0 nos confr\u00e8res de L&#039;\u00c9quipe.\u00a0\" \/>\n<meta property=\"og:url\" content=\"https:\/\/dicodusport.fr\/blog\/clemence-calvin-les-jeux-olympiques-ce-nest-pas-un-reve-cest-un-objectif\/\" \/>\n<meta property=\"og:site_name\" content=\"Dicodusport\" \/>\n<meta property=\"article:publisher\" content=\"https:\/\/www.facebook.com\/dicodusport\" \/>\n<meta property=\"article:author\" content=\"https:\/\/www.facebook.com\/dicodusport\" \/>\n<meta property=\"article:published_time\" content=\"2024-01-09T12:52:13+00:00\" \/>\n<meta property=\"article:modified_time\" content=\"2024-01-09T17:07:51+00:00\" \/>\n<meta property=\"og:image\" content=\"https:\/\/dicodusport.fr\/blog\/wp-content\/uploads\/2024\/01\/Clemence-Calvin-Les-Jeux-ce-nest-pas-un-reve-cest-un-objectif.png\" \/>\n\t<meta property=\"og:image:width\" content=\"1200\" \/>\n\t<meta property=\"og:image:height\" content=\"674\" \/>\n\t<meta property=\"og:image:type\" content=\"image\/png\" \/>\n<meta name=\"author\" content=\"Nicolas Jacquemard\" \/>\n<meta name=\"twitter:card\" content=\"summary_large_image\" \/>\n<meta name=\"twitter:title\" content=\"Cl\u00e9mence Calvin : &quot;Les Jeux Olympiques, ce n&#039;est pas un r\u00eave, c&#039;est un objectif&quot;\" \/>\n<meta name=\"twitter:creator\" content=\"@https:\/\/twitter.com\/Nico_Jacquemard\" \/>\n<meta name=\"twitter:site\" content=\"@dicodusport\" \/>\n<script type=\"application\/ld+json\" class=\"yoast-schema-graph\">{\"@context\":\"https:\/\/schema.org\",\"@graph\":[{\"@type\":\"NewsArticle\",\"@id\":\"https:\/\/dicodusport.fr\/blog\/clemence-calvin-les-jeux-olympiques-ce-nest-pas-un-reve-cest-un-objectif\/#article\",\"isPartOf\":{\"@id\":\"https:\/\/dicodusport.fr\/blog\/clemence-calvin-les-jeux-olympiques-ce-nest-pas-un-reve-cest-un-objectif\/\"},\"author\":{\"name\":\"Nicolas Jacquemard\",\"@id\":\"https:\/\/dicodusport.fr\/blog\/#\/schema\/person\/55dcb50ad410894e431ed812bbb70191\"},\"headline\":\"Cl\u00e9mence Calvin : \u00ab\u00a0Les Jeux Olympiques, ce n&rsquo;est pas un r\u00eave, c&rsquo;est un objectif\u00a0\u00bb\",\"datePublished\":\"2024-01-09T12:52:13+00:00\",\"dateModified\":\"2024-01-09T17:07:51+00:00\",\"mainEntityOfPage\":{\"@id\":\"https:\/\/dicodusport.fr\/blog\/clemence-calvin-les-jeux-olympiques-ce-nest-pas-un-reve-cest-un-objectif\/\"},\"wordCount\":500,\"commentCount\":0,\"publisher\":{\"@id\":\"https:\/\/dicodusport.fr\/blog\/#organization\"},\"image\":{\"@id\":\"https:\/\/dicodusport.fr\/blog\/clemence-calvin-les-jeux-olympiques-ce-nest-pas-un-reve-cest-un-objectif\/#primaryimage\"},\"thumbnailUrl\":\"https:\/\/dicodusport.fr\/blog\/wp-content\/uploads\/2024\/01\/Clemence-Calvin-Les-Jeux-ce-nest-pas-un-reve-cest-un-objectif.png\",\"keywords\":[\"br\u00e8ve\",\"Cl\u00e9mence Calvin\",\"marathon\"],\"articleSection\":[\"Athl\u00e9tisme\"],\"inLanguage\":\"fr-FR\",\"potentialAction\":[{\"@type\":\"CommentAction\",\"name\":\"Comment\",\"target\":[\"https:\/\/dicodusport.fr\/blog\/clemence-calvin-les-jeux-olympiques-ce-nest-pas-un-reve-cest-un-objectif\/#respond\"]}],\"copyrightYear\":\"2024\",\"copyrightHolder\":{\"@id\":\"https:\/\/dicodusport.fr\/blog\/#organization\"}},{\"@type\":\"WebPage\",\"@id\":\"https:\/\/dicodusport.fr\/blog\/clemence-calvin-les-jeux-olympiques-ce-nest-pas-un-reve-cest-un-objectif\/\",\"url\":\"https:\/\/dicodusport.fr\/blog\/clemence-calvin-les-jeux-olympiques-ce-nest-pas-un-reve-cest-un-objectif\/\",\"name\":\"Cl\u00e9mence Calvin : \\\"Les Jeux Olympiques, ce n'est pas un r\u00eave, c'est un objectif\\\"\",\"isPartOf\":{\"@id\":\"https:\/\/dicodusport.fr\/blog\/#website\"},\"primaryImageOfPage\":{\"@id\":\"https:\/\/dicodusport.fr\/blog\/clemence-calvin-les-jeux-olympiques-ce-nest-pas-un-reve-cest-un-objectif\/#primaryimage\"},\"image\":{\"@id\":\"https:\/\/dicodusport.fr\/blog\/clemence-calvin-les-jeux-olympiques-ce-nest-pas-un-reve-cest-un-objectif\/#primaryimage\"},\"thumbnailUrl\":\"https:\/\/dicodusport.fr\/blog\/wp-content\/uploads\/2024\/01\/Clemence-Calvin-Les-Jeux-ce-nest-pas-un-reve-cest-un-objectif.png\",\"datePublished\":\"2024-01-09T12:52:13+00:00\",\"dateModified\":\"2024-01-09T17:07:51+00:00\",\"description\":\"ATHL\u00c9TISME - Quelques jours apr\u00e8s son retour \u00e0 la comp\u00e9tition, Cl\u00e9mence Calvin s'est longuement confi\u00e9e \u00e0 nos confr\u00e8res de L'\u00c9quipe.\u00a0\",\"breadcrumb\":{\"@id\":\"https:\/\/dicodusport.fr\/blog\/clemence-calvin-les-jeux-olympiques-ce-nest-pas-un-reve-cest-un-objectif\/#breadcrumb\"},\"inLanguage\":\"fr-FR\",\"potentialAction\":[{\"@type\":\"ReadAction\",\"target\":[\"https:\/\/dicodusport.fr\/blog\/clemence-calvin-les-jeux-olympiques-ce-nest-pas-un-reve-cest-un-objectif\/\"]}]},{\"@type\":\"ImageObject\",\"inLanguage\":\"fr-FR\",\"@id\":\"https:\/\/dicodusport.fr\/blog\/clemence-calvin-les-jeux-olympiques-ce-nest-pas-un-reve-cest-un-objectif\/#primaryimage\",\"url\":\"https:\/\/dicodusport.fr\/blog\/wp-content\/uploads\/2024\/01\/Clemence-Calvin-Les-Jeux-ce-nest-pas-un-reve-cest-un-objectif.png\",\"contentUrl\":\"https:\/\/dicodusport.fr\/blog\/wp-content\/uploads\/2024\/01\/Clemence-Calvin-Les-Jeux-ce-nest-pas-un-reve-cest-un-objectif.png\",\"width\":1200,\"height\":674,\"caption\":\"Cle\u0301mence Calvin Les Jeux, ce n'est pas un re\u0302ve, c'est un objectif\"},{\"@type\":\"BreadcrumbList\",\"@id\":\"https:\/\/dicodusport.fr\/blog\/clemence-calvin-les-jeux-olympiques-ce-nest-pas-un-reve-cest-un-objectif\/#breadcrumb\",\"itemListElement\":[{\"@type\":\"ListItem\",\"position\":1,\"name\":\"Accueil\",\"item\":\"https:\/\/dicodusport.fr\/blog\/\"},{\"@type\":\"ListItem\",\"position\":2,\"name\":\"Cl\u00e9mence Calvin : \u00ab\u00a0Les Jeux Olympiques, ce n&rsquo;est pas un r\u00eave, c&rsquo;est un objectif\u00a0\u00bb\"}]},{\"@type\":\"WebSite\",\"@id\":\"https:\/\/dicodusport.fr\/blog\/#website\",\"url\":\"https:\/\/dicodusport.fr\/blog\/\",\"name\":\"Dicodusport\",\"description\":\"L&#039;encyclop\u00e9die de l&#039;actualit\u00e9 sportive\",\"publisher\":{\"@id\":\"https:\/\/dicodusport.fr\/blog\/#organization\"},\"potentialAction\":[{\"@type\":\"SearchAction\",\"target\":{\"@type\":\"EntryPoint\",\"urlTemplate\":\"https:\/\/dicodusport.fr\/blog\/?s={search_term_string}\"},\"query-input\":{\"@type\":\"PropertyValueSpecification\",\"valueRequired\":true,\"valueName\":\"search_term_string\"}}],\"inLanguage\":\"fr-FR\"},{\"@type\":\"NewsMediaOrganization\",\"@id\":\"https:\/\/dicodusport.fr\/blog\/#organization\",\"name\":\"Dicodusport\",\"url\":\"https:\/\/dicodusport.fr\/blog\/\",\"logo\":{\"@type\":\"ImageObject\",\"inLanguage\":\"fr-FR\",\"@id\":\"https:\/\/dicodusport.fr\/blog\/#\/schema\/logo\/image\/\",\"url\":\"https:\/\/dicodusport.fr\/blog\/wp-content\/uploads\/2020\/06\/cropped-LOGO-DICODUSPORT-2020-SANS-FOND-SANS-TEXTE.png\",\"contentUrl\":\"https:\/\/dicodusport.fr\/blog\/wp-content\/uploads\/2020\/06\/cropped-LOGO-DICODUSPORT-2020-SANS-FOND-SANS-TEXTE.png\",\"width\":512,\"height\":512,\"caption\":\"Dicodusport\"},\"image\":{\"@id\":\"https:\/\/dicodusport.fr\/blog\/#\/schema\/logo\/image\/\"},\"sameAs\":[\"https:\/\/www.facebook.com\/dicodusport\",\"https:\/\/x.com\/dicodusport\",\"https:\/\/www.instagram.com\/dicodusport\/\",\"https:\/\/www.youtube.com\/channel\/UC7V2KZ5sd3htJivAbA4ZG3w\"],\"description\":\"Dicodusport est l'encyclop\u00e9die de l'actualit\u00e9 sportive.\",\"email\":\"bonjour@dicodusport.fr\",\"legalName\":\"DICODUSPORT\",\"foundingDate\":\"2018-01-14\",\"vatID\":\"FR71834470973\",\"taxID\":\"83447097300043\",\"numberOfEmployees\":{\"@type\":\"QuantitativeValue\",\"minValue\":\"1\",\"maxValue\":\"10\"}},{\"@type\":\"Person\",\"@id\":\"https:\/\/dicodusport.fr\/blog\/#\/schema\/person\/55dcb50ad410894e431ed812bbb70191\",\"name\":\"Nicolas Jacquemard\",\"image\":{\"@type\":\"ImageObject\",\"inLanguage\":\"fr-FR\",\"@id\":\"https:\/\/dicodusport.fr\/blog\/#\/schema\/person\/image\/\",\"url\":\"https:\/\/dicodusport.fr\/blog\/wp-content\/uploads\/2021\/05\/Nicolas-Jacquemard-150x150.jpeg\",\"contentUrl\":\"https:\/\/dicodusport.fr\/blog\/wp-content\/uploads\/2021\/05\/Nicolas-Jacquemard-150x150.jpeg\",\"caption\":\"Nicolas Jacquemard\"},\"description\":\"Passionn\u00e9 de sport et entrepreneur depuis mes 18 ans, la cr\u00e9ation de Dicodusport m'a sembl\u00e9 \u00e9vidente pour participer \u00e0 la m\u00e9diatisation d'un plus grand nombre de sports. Le chemin est long mais avec une \u00e9quipe des plus motiv\u00e9es et les Jeux Olympiques de Paris 2024 en point de mire, nous y arriverons ! Journaliste dans le monde du sport depuis plus de 5 ans, je traite aussi bien de football, de rugby, de biathlon que de cyclisme.\",\"sameAs\":[\"https:\/\/www.facebook.com\/dicodusport\",\"https:\/\/x.com\/https:\/\/twitter.com\/Nico_Jacquemard\"],\"url\":\"https:\/\/dicodusport.fr\/blog\/author\/dicodusport\/\"}]}<\/script>\n<!-- \/ Yoast SEO Premium plugin. -->","yoast_head_json":{"title":"Cl\u00e9mence Calvin : \"Les Jeux Olympiques, ce n'est pas un r\u00eave, c'est un objectif\"","description":"ATHL\u00c9TISME - Quelques jours apr\u00e8s son retour \u00e0 la comp\u00e9tition, Cl\u00e9mence Calvin s'est longuement confi\u00e9e \u00e0 nos confr\u00e8res de L'\u00c9quipe.\u00a0","robots":{"index":"index","follow":"follow","max-snippet":"max-snippet:-1","max-image-preview":"max-image-preview:large","max-video-preview":"max-video-preview:-1"},"canonical":"https:\/\/dicodusport.fr\/blog\/clemence-calvin-les-jeux-olympiques-ce-nest-pas-un-reve-cest-un-objectif\/","og_locale":"fr_FR","og_type":"article","og_title":"Cl\u00e9mence Calvin : \"Les Jeux Olympiques, ce n'est pas un r\u00eave, c'est un objectif\"","og_description":"ATHL\u00c9TISME - Quelques jours apr\u00e8s son retour \u00e0 la comp\u00e9tition, Cl\u00e9mence Calvin s'est longuement confi\u00e9e \u00e0 nos confr\u00e8res de L'\u00c9quipe.\u00a0","og_url":"https:\/\/dicodusport.fr\/blog\/clemence-calvin-les-jeux-olympiques-ce-nest-pas-un-reve-cest-un-objectif\/","og_site_name":"Dicodusport","article_publisher":"https:\/\/www.facebook.com\/dicodusport","article_author":"https:\/\/www.facebook.com\/dicodusport","article_published_time":"2024-01-09T12:52:13+00:00","article_modified_time":"2024-01-09T17:07:51+00:00","og_image":[{"width":1200,"height":674,"url":"https:\/\/dicodusport.fr\/blog\/wp-content\/uploads\/2024\/01\/Clemence-Calvin-Les-Jeux-ce-nest-pas-un-reve-cest-un-objectif.png","type":"image\/png"}],"author":"Nicolas Jacquemard","twitter_card":"summary_large_image","twitter_title":"Cl\u00e9mence Calvin : \"Les Jeux Olympiques, ce n'est pas un r\u00eave, c'est un objectif\"","twitter_creator":"@https:\/\/twitter.com\/Nico_Jacquemard","twitter_site":"@dicodusport","schema":{"@context":"https:\/\/schema.org","@graph":[{"@type":"NewsArticle","@id":"https:\/\/dicodusport.fr\/blog\/clemence-calvin-les-jeux-olympiques-ce-nest-pas-un-reve-cest-un-objectif\/#article","isPartOf":{"@id":"https:\/\/dicodusport.fr\/blog\/clemence-calvin-les-jeux-olympiques-ce-nest-pas-un-reve-cest-un-objectif\/"},"author":{"name":"Nicolas Jacquemard","@id":"https:\/\/dicodusport.fr\/blog\/#\/schema\/person\/55dcb50ad410894e431ed812bbb70191"},"headline":"Cl\u00e9mence Calvin : \u00ab\u00a0Les Jeux Olympiques, ce n&rsquo;est pas un r\u00eave, c&rsquo;est un objectif\u00a0\u00bb","datePublished":"2024-01-09T12:52:13+00:00","dateModified":"2024-01-09T17:07:51+00:00","mainEntityOfPage":{"@id":"https:\/\/dicodusport.fr\/blog\/clemence-calvin-les-jeux-olympiques-ce-nest-pas-un-reve-cest-un-objectif\/"},"wordCount":500,"commentCount":0,"publisher":{"@id":"https:\/\/dicodusport.fr\/blog\/#organization"},"image":{"@id":"https:\/\/dicodusport.fr\/blog\/clemence-calvin-les-jeux-olympiques-ce-nest-pas-un-reve-cest-un-objectif\/#primaryimage"},"thumbnailUrl":"https:\/\/dicodusport.fr\/blog\/wp-content\/uploads\/2024\/01\/Clemence-Calvin-Les-Jeux-ce-nest-pas-un-reve-cest-un-objectif.png","keywords":["br\u00e8ve","Cl\u00e9mence Calvin","marathon"],"articleSection":["Athl\u00e9tisme"],"inLanguage":"fr-FR","potentialAction":[{"@type":"CommentAction","name":"Comment","target":["https:\/\/dicodusport.fr\/blog\/clemence-calvin-les-jeux-olympiques-ce-nest-pas-un-reve-cest-un-objectif\/#respond"]}],"copyrightYear":"2024","copyrightHolder":{"@id":"https:\/\/dicodusport.fr\/blog\/#organization"}},{"@type":"WebPage","@id":"https:\/\/dicodusport.fr\/blog\/clemence-calvin-les-jeux-olympiques-ce-nest-pas-un-reve-cest-un-objectif\/","url":"https:\/\/dicodusport.fr\/blog\/clemence-calvin-les-jeux-olympiques-ce-nest-pas-un-reve-cest-un-objectif\/","name":"Cl\u00e9mence Calvin : \"Les Jeux Olympiques, ce n'est pas un r\u00eave, c'est un objectif\"","isPartOf":{"@id":"https:\/\/dicodusport.fr\/blog\/#website"},"primaryImageOfPage":{"@id":"https:\/\/dicodusport.fr\/blog\/clemence-calvin-les-jeux-olympiques-ce-nest-pas-un-reve-cest-un-objectif\/#primaryimage"},"image":{"@id":"https:\/\/dicodusport.fr\/blog\/clemence-calvin-les-jeux-olympiques-ce-nest-pas-un-reve-cest-un-objectif\/#primaryimage"},"thumbnailUrl":"https:\/\/dicodusport.fr\/blog\/wp-content\/uploads\/2024\/01\/Clemence-Calvin-Les-Jeux-ce-nest-pas-un-reve-cest-un-objectif.png","datePublished":"2024-01-09T12:52:13+00:00","dateModified":"2024-01-09T17:07:51+00:00","description":"ATHL\u00c9TISME - Quelques jours apr\u00e8s son retour \u00e0 la comp\u00e9tition, Cl\u00e9mence Calvin s'est longuement confi\u00e9e \u00e0 nos confr\u00e8res de L'\u00c9quipe.\u00a0","breadcrumb":{"@id":"https:\/\/dicodusport.fr\/blog\/clemence-calvin-les-jeux-olympiques-ce-nest-pas-un-reve-cest-un-objectif\/#breadcrumb"},"inLanguage":"fr-FR","potentialAction":[{"@type":"ReadAction","target":["https:\/\/dicodusport.fr\/blog\/clemence-calvin-les-jeux-olympiques-ce-nest-pas-un-reve-cest-un-objectif\/"]}]},{"@type":"ImageObject","inLanguage":"fr-FR","@id":"https:\/\/dicodusport.fr\/blog\/clemence-calvin-les-jeux-olympiques-ce-nest-pas-un-reve-cest-un-objectif\/#primaryimage","url":"https:\/\/dicodusport.fr\/blog\/wp-content\/uploads\/2024\/01\/Clemence-Calvin-Les-Jeux-ce-nest-pas-un-reve-cest-un-objectif.png","contentUrl":"https:\/\/dicodusport.fr\/blog\/wp-content\/uploads\/2024\/01\/Clemence-Calvin-Les-Jeux-ce-nest-pas-un-reve-cest-un-objectif.png","width":1200,"height":674,"caption":"Cle\u0301mence Calvin Les Jeux, ce n'est pas un re\u0302ve, c'est un objectif"},{"@type":"BreadcrumbList","@id":"https:\/\/dicodusport.fr\/blog\/clemence-calvin-les-jeux-olympiques-ce-nest-pas-un-reve-cest-un-objectif\/#breadcrumb","itemListElement":[{"@type":"ListItem","position":1,"name":"Accueil","item":"https:\/\/dicodusport.fr\/blog\/"},{"@type":"ListItem","position":2,"name":"Cl\u00e9mence Calvin : \u00ab\u00a0Les Jeux Olympiques, ce n&rsquo;est pas un r\u00eave, c&rsquo;est un objectif\u00a0\u00bb"}]},{"@type":"WebSite","@id":"https:\/\/dicodusport.fr\/blog\/#website","url":"https:\/\/dicodusport.fr\/blog\/","name":"Dicodusport","description":"L&#039;encyclop\u00e9die de l&#039;actualit\u00e9 sportive","publisher":{"@id":"https:\/\/dicodusport.fr\/blog\/#organization"},"potentialAction":[{"@type":"SearchAction","target":{"@type":"EntryPoint","urlTemplate":"https:\/\/dicodusport.fr\/blog\/?s={search_term_string}"},"query-input":{"@type":"PropertyValueSpecification","valueRequired":true,"valueName":"search_term_string"}}],"inLanguage":"fr-FR"},{"@type":"NewsMediaOrganization","@id":"https:\/\/dicodusport.fr\/blog\/#organization","name":"Dicodusport","url":"https:\/\/dicodusport.fr\/blog\/","logo":{"@type":"ImageObject","inLanguage":"fr-FR","@id":"https:\/\/dicodusport.fr\/blog\/#\/schema\/logo\/image\/","url":"https:\/\/dicodusport.fr\/blog\/wp-content\/uploads\/2020\/06\/cropped-LOGO-DICODUSPORT-2020-SANS-FOND-SANS-TEXTE.png","contentUrl":"https:\/\/dicodusport.fr\/blog\/wp-content\/uploads\/2020\/06\/cropped-LOGO-DICODUSPORT-2020-SANS-FOND-SANS-TEXTE.png","width":512,"height":512,"caption":"Dicodusport"},"image":{"@id":"https:\/\/dicodusport.fr\/blog\/#\/schema\/logo\/image\/"},"sameAs":["https:\/\/www.facebook.com\/dicodusport","https:\/\/x.com\/dicodusport","https:\/\/www.instagram.com\/dicodusport\/","https:\/\/www.youtube.com\/channel\/UC7V2KZ5sd3htJivAbA4ZG3w"],"description":"Dicodusport est l'encyclop\u00e9die de l'actualit\u00e9 sportive.","email":"bonjour@dicodusport.fr","legalName":"DICODUSPORT","foundingDate":"2018-01-14","vatID":"FR71834470973","taxID":"83447097300043","numberOfEmployees":{"@type":"QuantitativeValue","minValue":"1","maxValue":"10"}},{"@type":"Person","@id":"https:\/\/dicodusport.fr\/blog\/#\/schema\/person\/55dcb50ad410894e431ed812bbb70191","name":"Nicolas Jacquemard","image":{"@type":"ImageObject","inLanguage":"fr-FR","@id":"https:\/\/dicodusport.fr\/blog\/#\/schema\/person\/image\/","url":"https:\/\/dicodusport.fr\/blog\/wp-content\/uploads\/2021\/05\/Nicolas-Jacquemard-150x150.jpeg","contentUrl":"https:\/\/dicodusport.fr\/blog\/wp-content\/uploads\/2021\/05\/Nicolas-Jacquemard-150x150.jpeg","caption":"Nicolas Jacquemard"},"description":"Passionn\u00e9 de sport et entrepreneur depuis mes 18 ans, la cr\u00e9ation de Dicodusport m'a sembl\u00e9 \u00e9vidente pour participer \u00e0 la m\u00e9diatisation d'un plus grand nombre de sports. Le chemin est long mais avec une \u00e9quipe des plus motiv\u00e9es et les Jeux Olympiques de Paris 2024 en point de mire, nous y arriverons ! Journaliste dans le monde du sport depuis plus de 5 ans, je traite aussi bien de football, de rugby, de biathlon que de cyclisme.","sameAs":["https:\/\/www.facebook.com\/dicodusport","https:\/\/x.com\/https:\/\/twitter.com\/Nico_Jacquemard"],"url":"https:\/\/dicodusport.fr\/blog\/author\/dicodusport\/"}]}},"_links":{"self":[{"href":"https:\/\/dicodusport.fr\/blog\/wp-json\/wp\/v2\/posts\/450726","targetHints":{"allow":["GET"]}}],"collection":[{"href":"https:\/\/dicodusport.fr\/blog\/wp-json\/wp\/v2\/posts"}],"about":[{"href":"https:\/\/dicodusport.fr\/blog\/wp-json\/wp\/v2\/types\/post"}],"author":[{"embeddable":true,"href":"https:\/\/dicodusport.fr\/blog\/wp-json\/wp\/v2\/users\/1"}],"replies":[{"embeddable":true,"href":"https:\/\/dicodusport.fr\/blog\/wp-json\/wp\/v2\/comments?post=450726"}],"version-history":[{"count":5,"href":"https:\/\/dicodusport.fr\/blog\/wp-json\/wp\/v2\/posts\/450726\/revisions"}],"predecessor-version":[{"id":450790,"href":"https:\/\/dicodusport.fr\/blog\/wp-json\/wp\/v2\/posts\/450726\/revisions\/450790"}],"wp:featuredmedia":[{"embeddable":true,"href":"https:\/\/dicodusport.fr\/blog\/wp-json\/wp\/v2\/media\/450729"}],"wp:attachment":[{"href":"https:\/\/dicodusport.fr\/blog\/wp-json\/wp\/v2\/media?parent=450726"}],"wp:term":[{"taxonomy":"category","embeddable":true,"href":"https:\/\/dicodusport.fr\/blog\/wp-json\/wp\/v2\/categories?post=450726"},{"taxonomy":"post_tag","embeddable":true,"href":"https:\/\/dicodusport.fr\/blog\/wp-json\/wp\/v2\/tags?post=450726"}],"curies":[{"name":"wp","href":"https:\/\/api.w.org\/{rel}","templated":true}]}}