{"id":450740,"date":"2024-01-09T18:21:02","date_gmt":"2024-01-09T17:21:02","guid":{"rendered":"https:\/\/dicodusport.fr\/blog\/?p=450740&#038;preview=true&#038;preview_id=450740"},"modified":"2024-01-09T18:23:01","modified_gmt":"2024-01-09T17:23:01","slug":"cyclisme-le-dernier-tour-de-piste-pour-romain-bardet","status":"publish","type":"post","link":"https:\/\/dicodusport.fr\/blog\/cyclisme-le-dernier-tour-de-piste-pour-romain-bardet\/","title":{"rendered":"Cyclisme : Le dernier tour de piste pour Romain Bardet ?"},"content":{"rendered":"<p style=\"text-align: justify;\"><b><em>CYCLISME SUR ROUTE 2024 &#8211; Romain Bardet (33 ans) aborde sa 13e saison au sein du peloton professionnel. \u00c0 l&rsquo;issue de cet exercice, le grimpeur fran\u00e7ais sera en fin de contrat avec son \u00e9quipe DSM-Firmenich PostNL. Si l\u2019Auvergnat songe \u00e0 prendre sa retraite sportive, il se laisse encore plusieurs mois pour prendre sa d\u00e9cision.<\/em>\u00a0<\/b><\/p>\n<p style=\"text-align: justify;\"><span style=\"font-weight: 400;\">Il y a quelques jours, la formation n\u00e9erlandaise<\/span><b> DSM-Firmenich PostNL<\/b><span style=\"font-weight: 400;\"> d\u00e9voilait son nouveau maillot et annon\u00e7ait ses objectifs pour la saison \u00e0 venir. Selon les d\u00e9clarations du directeur sportif, Rudi Kemna,<\/span><b> Romain Bardet<\/b><span style=\"font-weight: 400;\"> prendra part au <\/span><b>Giro <\/b><span style=\"font-weight: 400;\">pour jouer le g\u00e9n\u00e9ral ainsi qu\u2019au <\/span><b>Tour de France <\/b><span style=\"font-weight: 400;\">en tant que chasseur d\u2019\u00e9tapes. Une saison bien garnie pour le grimpeur auvergnat, potentiellement sa derni\u00e8re.<\/span><\/p>\n<ul style=\"text-align: justify;\">\n<li><strong>\u00c0 ce sujet \u2013\u00a0<a href=\"https:\/\/dicodusport.fr\/blog\/cyclisme-calendrier-world-tour-2024\/\">Cyclisme \u2013 Calendrier World Tour 2024<\/a><\/strong><\/li>\n<\/ul>\n<p style=\"text-align: justify;\"><span style=\"font-weight: 400;\">En effet, <\/span><b>Romain Bardet <\/b><span style=\"font-weight: 400;\">a d\u00e9clar\u00e9 au journal <em><a href=\"https:\/\/www.lequipe.fr\/Cyclisme-sur-route\/Article\/Romain-bardet-sur-la-suite-de-sa-carriere-a-33-ans-est-ce-que-je-me-sens-vivant\/1441082\">L&rsquo;\u00c9quipe<\/a> <\/em><\/span><span style=\"font-weight: 400;\">qu\u2019il r\u00e9fl\u00e9chissait \u00e0 son avenir : <em>\u00ab <\/em><\/span><i><span style=\"font-weight: 400;\">Si j\u2019\u00e9tais s\u00fbr <\/span><\/i><span style=\"font-weight: 400;\">(d&rsquo;arr\u00eater)<\/span><i><span style=\"font-weight: 400;\">, je le dirais. Je suis \u00e0 fond dans le projet 2024 et je me donne jusqu\u2019au milieu de l\u2019ann\u00e9e pour voir comment je g\u00e8re les sacrifices \u00bb. <\/span><\/i><span style=\"font-weight: 400;\">Une prolongation reste encore une option plausible, mais l\u2019Auvergnat pense d\u00e9j\u00e0 \u00e0 son apr\u00e8s carri\u00e8re. <em>\u00ab <\/em><\/span><i><span style=\"font-weight: 400;\">Je r\u00e9fl\u00e9chis \u00e0 des mod\u00e8les pour attirer les grandes entreprises vers le cyclisme, pour cr\u00e9er un lien entre le monde des affaires et le cyclisme, comme le fait si bien le rugby \u00bb.<\/span><\/i><\/p>\n<blockquote class=\"twitter-tweet\">\n<p dir=\"ltr\" lang=\"fr\">Sous contrat pour encore une saison chez DSM-Firmenich PostNL, Romain Bardet a entam\u00e9 une r\u00e9flexion sur la suite \u00e0 donner \u00e0 sa carri\u00e8re. En attendant, \u00e0 33 ans, l&rsquo;Auvergnat veut se donner \u00e0 fond. <a href=\"https:\/\/t.co\/MFZWkNJi8i\">https:\/\/t.co\/MFZWkNJi8i<\/a> <a href=\"https:\/\/t.co\/GVzI2OikBF\">pic.twitter.com\/GVzI2OikBF<\/a><\/p>\n<p>\u2014 L&rsquo;\u00c9QUIPE (@lequipe) <a href=\"https:\/\/twitter.com\/lequipe\/status\/1744652784274719098?ref_src=twsrc%5Etfw\">January 9, 2024<\/a><\/p><\/blockquote>\n<p><script async src=\"https:\/\/platform.twitter.com\/widgets.js\" charset=\"utf-8\"><\/script><\/p>\n<p style=\"text-align: justify;\"><span style=\"font-weight: 400;\">Le grimpeur fran\u00e7ais d\u00e9butera sa saison sur la Classic Var le 16 f\u00e9vrier prochain, avec une arriv\u00e9e au Mont-Faron. Celui qui est mont\u00e9 deux fois sur le podium final du <\/span><b>Tour de France <\/b><span style=\"font-weight: 400;\">pourrait donc conna\u00eetre son jubil\u00e9 avec un passage dans sa r\u00e9gion lors de la prochaine \u00e9dition.<\/span><\/p>\n<ul>\n<li style=\"text-align: justify;\"><strong>\u00c0 ce sujet &#8211; <a href=\"https:\/\/dicodusport.fr\/blog\/cyclisme-sur-route-2024-laporte-gregoire-madouas-les-9-tetes-daffiche-francaises-a-la-loupe\/\">Cyclisme sur route 2024 : Laporte, Gr\u00e9goire, Madouas, les 9 t\u00eates d\u2019affiche fran\u00e7aises \u00e0 la loupe<\/a><\/strong><\/li>\n<\/ul>\n","protected":false},"excerpt":{"rendered":"<p>CYCLISME SUR ROUTE 2024 &#8211; Romain Bardet (33 ans) aborde sa 13e saison au sein du peloton professionnel. \u00c0 l&rsquo;issue de cet exercice, le grimpeur fran\u00e7ais sera en fin de contrat avec son \u00e9quipe DSM-Firmenich PostNL. Si l\u2019Auvergnat songe \u00e0 prendre sa retraite sportive, il se laisse encore plusieurs mois pour prendre sa d\u00e9cision.\u00a0<\/p>\n","protected":false},"author":97,"featured_media":450801,"comment_status":"open","ping_status":"closed","sticky":false,"template":"","format":"standard","meta":{"_acf_changed":false,"_daextam_enable_autolinks":"1","footnotes":""},"categories":[46994],"tags":[3119,16878,3646],"class_list":["post-450740","post","type-post","status-publish","format-standard","has-post-thumbnail","hentry","category-cyclisme-sur-route","tag-actualite-cyclisme","tag-breve","tag-romain-bardet"],"acf":[],"yoast_head":"<!-- This site is optimized with the Yoast SEO Premium plugin v26.7 (Yoast SEO v26.7) - https:\/\/yoast.com\/wordpress\/plugins\/seo\/ -->\n<title>Cyclisme : Le dernier tour de piste pour Romain Bardet ?<\/title>\n<meta name=\"description\" content=\"Romain Bardet, en fin de contrat avec son \u00e9quipe DSM-Firmenich PostNL \u00e0 l&#039;issue de la saison, songe \u00e0 prendre sa retraite sportive.\" \/>\n<meta name=\"robots\" content=\"index, follow, max-snippet:-1, max-image-preview:large, max-video-preview:-1\" \/>\n<link rel=\"canonical\" href=\"https:\/\/dicodusport.fr\/blog\/cyclisme-le-dernier-tour-de-piste-pour-romain-bardet\/\" \/>\n<meta property=\"og:locale\" content=\"fr_FR\" \/>\n<meta property=\"og:type\" content=\"article\" \/>\n<meta property=\"og:title\" content=\"Cyclisme : Le dernier tour de piste pour Romain Bardet ?\" \/>\n<meta property=\"og:description\" content=\"Romain Bardet, en fin de contrat avec son \u00e9quipe DSM-Firmenich PostNL \u00e0 l&#039;issue de la saison, songe \u00e0 prendre sa retraite sportive.\" \/>\n<meta property=\"og:url\" content=\"https:\/\/dicodusport.fr\/blog\/cyclisme-le-dernier-tour-de-piste-pour-romain-bardet\/\" \/>\n<meta property=\"og:site_name\" content=\"Dicodusport\" \/>\n<meta property=\"article:publisher\" content=\"https:\/\/www.facebook.com\/dicodusport\" \/>\n<meta property=\"article:published_time\" content=\"2024-01-09T17:21:02+00:00\" \/>\n<meta property=\"article:modified_time\" content=\"2024-01-09T17:23:01+00:00\" \/>\n<meta property=\"og:image\" content=\"https:\/\/dicodusport.fr\/blog\/wp-content\/uploads\/2024\/01\/Cyclisme-Le-dernier-tour-de-piste-pour-Romain-Bardet-.png\" \/>\n\t<meta property=\"og:image:width\" content=\"1200\" \/>\n\t<meta property=\"og:image:height\" content=\"674\" \/>\n\t<meta property=\"og:image:type\" content=\"image\/png\" \/>\n<meta name=\"author\" content=\"Louis Bouchardon\" \/>\n<meta name=\"twitter:card\" content=\"summary_large_image\" \/>\n<meta name=\"twitter:title\" content=\"Cyclisme : Le dernier tour de piste pour Romain Bardet ?\" \/>\n<meta name=\"twitter:creator\" content=\"@dicodusport\" \/>\n<meta name=\"twitter:site\" content=\"@dicodusport\" \/>\n<script type=\"application\/ld+json\" class=\"yoast-schema-graph\">{\"@context\":\"https:\/\/schema.org\",\"@graph\":[{\"@type\":\"NewsArticle\",\"@id\":\"https:\/\/dicodusport.fr\/blog\/cyclisme-le-dernier-tour-de-piste-pour-romain-bardet\/#article\",\"isPartOf\":{\"@id\":\"https:\/\/dicodusport.fr\/blog\/cyclisme-le-dernier-tour-de-piste-pour-romain-bardet\/\"},\"author\":{\"name\":\"Louis Bouchardon\",\"@id\":\"https:\/\/dicodusport.fr\/blog\/#\/schema\/person\/2d00cb7edce22380129fc3141987a97f\"},\"headline\":\"Cyclisme : Le dernier tour de piste pour Romain Bardet ?\",\"datePublished\":\"2024-01-09T17:21:02+00:00\",\"dateModified\":\"2024-01-09T17:23:01+00:00\",\"mainEntityOfPage\":{\"@id\":\"https:\/\/dicodusport.fr\/blog\/cyclisme-le-dernier-tour-de-piste-pour-romain-bardet\/\"},\"wordCount\":365,\"commentCount\":0,\"publisher\":{\"@id\":\"https:\/\/dicodusport.fr\/blog\/#organization\"},\"image\":{\"@id\":\"https:\/\/dicodusport.fr\/blog\/cyclisme-le-dernier-tour-de-piste-pour-romain-bardet\/#primaryimage\"},\"thumbnailUrl\":\"https:\/\/dicodusport.fr\/blog\/wp-content\/uploads\/2024\/01\/Cyclisme-Le-dernier-tour-de-piste-pour-Romain-Bardet-.png\",\"keywords\":[\"Actualit\u00e9 Cyclisme\",\"br\u00e8ve\",\"Romain Bardet\"],\"articleSection\":[\"Cyclisme sur route\"],\"inLanguage\":\"fr-FR\",\"potentialAction\":[{\"@type\":\"CommentAction\",\"name\":\"Comment\",\"target\":[\"https:\/\/dicodusport.fr\/blog\/cyclisme-le-dernier-tour-de-piste-pour-romain-bardet\/#respond\"]}],\"copyrightYear\":\"2024\",\"copyrightHolder\":{\"@id\":\"https:\/\/dicodusport.fr\/blog\/#organization\"}},{\"@type\":\"WebPage\",\"@id\":\"https:\/\/dicodusport.fr\/blog\/cyclisme-le-dernier-tour-de-piste-pour-romain-bardet\/\",\"url\":\"https:\/\/dicodusport.fr\/blog\/cyclisme-le-dernier-tour-de-piste-pour-romain-bardet\/\",\"name\":\"Cyclisme : Le dernier tour de piste pour Romain Bardet ?\",\"isPartOf\":{\"@id\":\"https:\/\/dicodusport.fr\/blog\/#website\"},\"primaryImageOfPage\":{\"@id\":\"https:\/\/dicodusport.fr\/blog\/cyclisme-le-dernier-tour-de-piste-pour-romain-bardet\/#primaryimage\"},\"image\":{\"@id\":\"https:\/\/dicodusport.fr\/blog\/cyclisme-le-dernier-tour-de-piste-pour-romain-bardet\/#primaryimage\"},\"thumbnailUrl\":\"https:\/\/dicodusport.fr\/blog\/wp-content\/uploads\/2024\/01\/Cyclisme-Le-dernier-tour-de-piste-pour-Romain-Bardet-.png\",\"datePublished\":\"2024-01-09T17:21:02+00:00\",\"dateModified\":\"2024-01-09T17:23:01+00:00\",\"description\":\"Romain Bardet, en fin de contrat avec son \u00e9quipe DSM-Firmenich PostNL \u00e0 l'issue de la saison, songe \u00e0 prendre sa retraite sportive.\",\"breadcrumb\":{\"@id\":\"https:\/\/dicodusport.fr\/blog\/cyclisme-le-dernier-tour-de-piste-pour-romain-bardet\/#breadcrumb\"},\"inLanguage\":\"fr-FR\",\"potentialAction\":[{\"@type\":\"ReadAction\",\"target\":[\"https:\/\/dicodusport.fr\/blog\/cyclisme-le-dernier-tour-de-piste-pour-romain-bardet\/\"]}]},{\"@type\":\"ImageObject\",\"inLanguage\":\"fr-FR\",\"@id\":\"https:\/\/dicodusport.fr\/blog\/cyclisme-le-dernier-tour-de-piste-pour-romain-bardet\/#primaryimage\",\"url\":\"https:\/\/dicodusport.fr\/blog\/wp-content\/uploads\/2024\/01\/Cyclisme-Le-dernier-tour-de-piste-pour-Romain-Bardet-.png\",\"contentUrl\":\"https:\/\/dicodusport.fr\/blog\/wp-content\/uploads\/2024\/01\/Cyclisme-Le-dernier-tour-de-piste-pour-Romain-Bardet-.png\",\"width\":1200,\"height\":674,\"caption\":\"Cyclisme Le dernier tour de piste pour Romain Bardet\"},{\"@type\":\"BreadcrumbList\",\"@id\":\"https:\/\/dicodusport.fr\/blog\/cyclisme-le-dernier-tour-de-piste-pour-romain-bardet\/#breadcrumb\",\"itemListElement\":[{\"@type\":\"ListItem\",\"position\":1,\"name\":\"Accueil\",\"item\":\"https:\/\/dicodusport.fr\/blog\/\"},{\"@type\":\"ListItem\",\"position\":2,\"name\":\"Cyclisme : Le dernier tour de piste pour Romain Bardet ?\"}]},{\"@type\":\"WebSite\",\"@id\":\"https:\/\/dicodusport.fr\/blog\/#website\",\"url\":\"https:\/\/dicodusport.fr\/blog\/\",\"name\":\"Dicodusport\",\"description\":\"L&#039;encyclop\u00e9die de l&#039;actualit\u00e9 sportive\",\"publisher\":{\"@id\":\"https:\/\/dicodusport.fr\/blog\/#organization\"},\"potentialAction\":[{\"@type\":\"SearchAction\",\"target\":{\"@type\":\"EntryPoint\",\"urlTemplate\":\"https:\/\/dicodusport.fr\/blog\/?s={search_term_string}\"},\"query-input\":{\"@type\":\"PropertyValueSpecification\",\"valueRequired\":true,\"valueName\":\"search_term_string\"}}],\"inLanguage\":\"fr-FR\"},{\"@type\":\"NewsMediaOrganization\",\"@id\":\"https:\/\/dicodusport.fr\/blog\/#organization\",\"name\":\"Dicodusport\",\"url\":\"https:\/\/dicodusport.fr\/blog\/\",\"logo\":{\"@type\":\"ImageObject\",\"inLanguage\":\"fr-FR\",\"@id\":\"https:\/\/dicodusport.fr\/blog\/#\/schema\/logo\/image\/\",\"url\":\"https:\/\/dicodusport.fr\/blog\/wp-content\/uploads\/2020\/06\/cropped-LOGO-DICODUSPORT-2020-SANS-FOND-SANS-TEXTE.png\",\"contentUrl\":\"https:\/\/dicodusport.fr\/blog\/wp-content\/uploads\/2020\/06\/cropped-LOGO-DICODUSPORT-2020-SANS-FOND-SANS-TEXTE.png\",\"width\":512,\"height\":512,\"caption\":\"Dicodusport\"},\"image\":{\"@id\":\"https:\/\/dicodusport.fr\/blog\/#\/schema\/logo\/image\/\"},\"sameAs\":[\"https:\/\/www.facebook.com\/dicodusport\",\"https:\/\/x.com\/dicodusport\",\"https:\/\/www.instagram.com\/dicodusport\/\",\"https:\/\/www.youtube.com\/channel\/UC7V2KZ5sd3htJivAbA4ZG3w\"],\"description\":\"Dicodusport est l'encyclop\u00e9die de l'actualit\u00e9 sportive.\",\"email\":\"bonjour@dicodusport.fr\",\"legalName\":\"DICODUSPORT\",\"foundingDate\":\"2018-01-14\",\"vatID\":\"FR71834470973\",\"taxID\":\"83447097300043\",\"numberOfEmployees\":{\"@type\":\"QuantitativeValue\",\"minValue\":\"1\",\"maxValue\":\"10\"}},{\"@type\":\"Person\",\"@id\":\"https:\/\/dicodusport.fr\/blog\/#\/schema\/person\/2d00cb7edce22380129fc3141987a97f\",\"name\":\"Louis Bouchardon\",\"image\":{\"@type\":\"ImageObject\",\"inLanguage\":\"fr-FR\",\"@id\":\"https:\/\/dicodusport.fr\/blog\/#\/schema\/person\/image\/\",\"url\":\"https:\/\/dicodusport.fr\/blog\/wp-content\/uploads\/2025\/02\/Maillot-Dicodusport-Loulou-49-150x150.png\",\"contentUrl\":\"https:\/\/dicodusport.fr\/blog\/wp-content\/uploads\/2025\/02\/Maillot-Dicodusport-Loulou-49-150x150.png\",\"caption\":\"Louis Bouchardon\"},\"description\":\"Berc\u00e9 dans la fin des ann\u00e9es 90 au son des rayons de v\u00e9lo d\u2019un p\u00e8re cycliste amateur, le sport n\u2019a depuis plus jamais quitt\u00e9 mon quotidien. Sp\u00e9cialiste du ballon rond comme du ballon ovale, je suis r\u00e9dacteur chez Dicodusport depuis d\u00e9cembre 2023.\",\"url\":\"https:\/\/dicodusport.fr\/blog\/author\/louis-bouchardon\/\"}]}<\/script>\n<!-- \/ Yoast SEO Premium plugin. -->","yoast_head_json":{"title":"Cyclisme : Le dernier tour de piste pour Romain Bardet ?","description":"Romain Bardet, en fin de contrat avec son \u00e9quipe DSM-Firmenich PostNL \u00e0 l'issue de la saison, songe \u00e0 prendre sa retraite sportive.","robots":{"index":"index","follow":"follow","max-snippet":"max-snippet:-1","max-image-preview":"max-image-preview:large","max-video-preview":"max-video-preview:-1"},"canonical":"https:\/\/dicodusport.fr\/blog\/cyclisme-le-dernier-tour-de-piste-pour-romain-bardet\/","og_locale":"fr_FR","og_type":"article","og_title":"Cyclisme : Le dernier tour de piste pour Romain Bardet ?","og_description":"Romain Bardet, en fin de contrat avec son \u00e9quipe DSM-Firmenich PostNL \u00e0 l'issue de la saison, songe \u00e0 prendre sa retraite sportive.","og_url":"https:\/\/dicodusport.fr\/blog\/cyclisme-le-dernier-tour-de-piste-pour-romain-bardet\/","og_site_name":"Dicodusport","article_publisher":"https:\/\/www.facebook.com\/dicodusport","article_published_time":"2024-01-09T17:21:02+00:00","article_modified_time":"2024-01-09T17:23:01+00:00","og_image":[{"width":1200,"height":674,"url":"https:\/\/dicodusport.fr\/blog\/wp-content\/uploads\/2024\/01\/Cyclisme-Le-dernier-tour-de-piste-pour-Romain-Bardet-.png","type":"image\/png"}],"author":"Louis Bouchardon","twitter_card":"summary_large_image","twitter_title":"Cyclisme : Le dernier tour de piste pour Romain Bardet ?","twitter_creator":"@dicodusport","twitter_site":"@dicodusport","schema":{"@context":"https:\/\/schema.org","@graph":[{"@type":"NewsArticle","@id":"https:\/\/dicodusport.fr\/blog\/cyclisme-le-dernier-tour-de-piste-pour-romain-bardet\/#article","isPartOf":{"@id":"https:\/\/dicodusport.fr\/blog\/cyclisme-le-dernier-tour-de-piste-pour-romain-bardet\/"},"author":{"name":"Louis Bouchardon","@id":"https:\/\/dicodusport.fr\/blog\/#\/schema\/person\/2d00cb7edce22380129fc3141987a97f"},"headline":"Cyclisme : Le dernier tour de piste pour Romain Bardet ?","datePublished":"2024-01-09T17:21:02+00:00","dateModified":"2024-01-09T17:23:01+00:00","mainEntityOfPage":{"@id":"https:\/\/dicodusport.fr\/blog\/cyclisme-le-dernier-tour-de-piste-pour-romain-bardet\/"},"wordCount":365,"commentCount":0,"publisher":{"@id":"https:\/\/dicodusport.fr\/blog\/#organization"},"image":{"@id":"https:\/\/dicodusport.fr\/blog\/cyclisme-le-dernier-tour-de-piste-pour-romain-bardet\/#primaryimage"},"thumbnailUrl":"https:\/\/dicodusport.fr\/blog\/wp-content\/uploads\/2024\/01\/Cyclisme-Le-dernier-tour-de-piste-pour-Romain-Bardet-.png","keywords":["Actualit\u00e9 Cyclisme","br\u00e8ve","Romain Bardet"],"articleSection":["Cyclisme sur route"],"inLanguage":"fr-FR","potentialAction":[{"@type":"CommentAction","name":"Comment","target":["https:\/\/dicodusport.fr\/blog\/cyclisme-le-dernier-tour-de-piste-pour-romain-bardet\/#respond"]}],"copyrightYear":"2024","copyrightHolder":{"@id":"https:\/\/dicodusport.fr\/blog\/#organization"}},{"@type":"WebPage","@id":"https:\/\/dicodusport.fr\/blog\/cyclisme-le-dernier-tour-de-piste-pour-romain-bardet\/","url":"https:\/\/dicodusport.fr\/blog\/cyclisme-le-dernier-tour-de-piste-pour-romain-bardet\/","name":"Cyclisme : Le dernier tour de piste pour Romain Bardet ?","isPartOf":{"@id":"https:\/\/dicodusport.fr\/blog\/#website"},"primaryImageOfPage":{"@id":"https:\/\/dicodusport.fr\/blog\/cyclisme-le-dernier-tour-de-piste-pour-romain-bardet\/#primaryimage"},"image":{"@id":"https:\/\/dicodusport.fr\/blog\/cyclisme-le-dernier-tour-de-piste-pour-romain-bardet\/#primaryimage"},"thumbnailUrl":"https:\/\/dicodusport.fr\/blog\/wp-content\/uploads\/2024\/01\/Cyclisme-Le-dernier-tour-de-piste-pour-Romain-Bardet-.png","datePublished":"2024-01-09T17:21:02+00:00","dateModified":"2024-01-09T17:23:01+00:00","description":"Romain Bardet, en fin de contrat avec son \u00e9quipe DSM-Firmenich PostNL \u00e0 l'issue de la saison, songe \u00e0 prendre sa retraite sportive.","breadcrumb":{"@id":"https:\/\/dicodusport.fr\/blog\/cyclisme-le-dernier-tour-de-piste-pour-romain-bardet\/#breadcrumb"},"inLanguage":"fr-FR","potentialAction":[{"@type":"ReadAction","target":["https:\/\/dicodusport.fr\/blog\/cyclisme-le-dernier-tour-de-piste-pour-romain-bardet\/"]}]},{"@type":"ImageObject","inLanguage":"fr-FR","@id":"https:\/\/dicodusport.fr\/blog\/cyclisme-le-dernier-tour-de-piste-pour-romain-bardet\/#primaryimage","url":"https:\/\/dicodusport.fr\/blog\/wp-content\/uploads\/2024\/01\/Cyclisme-Le-dernier-tour-de-piste-pour-Romain-Bardet-.png","contentUrl":"https:\/\/dicodusport.fr\/blog\/wp-content\/uploads\/2024\/01\/Cyclisme-Le-dernier-tour-de-piste-pour-Romain-Bardet-.png","width":1200,"height":674,"caption":"Cyclisme Le dernier tour de piste pour Romain Bardet"},{"@type":"BreadcrumbList","@id":"https:\/\/dicodusport.fr\/blog\/cyclisme-le-dernier-tour-de-piste-pour-romain-bardet\/#breadcrumb","itemListElement":[{"@type":"ListItem","position":1,"name":"Accueil","item":"https:\/\/dicodusport.fr\/blog\/"},{"@type":"ListItem","position":2,"name":"Cyclisme : Le dernier tour de piste pour Romain Bardet ?"}]},{"@type":"WebSite","@id":"https:\/\/dicodusport.fr\/blog\/#website","url":"https:\/\/dicodusport.fr\/blog\/","name":"Dicodusport","description":"L&#039;encyclop\u00e9die de l&#039;actualit\u00e9 sportive","publisher":{"@id":"https:\/\/dicodusport.fr\/blog\/#organization"},"potentialAction":[{"@type":"SearchAction","target":{"@type":"EntryPoint","urlTemplate":"https:\/\/dicodusport.fr\/blog\/?s={search_term_string}"},"query-input":{"@type":"PropertyValueSpecification","valueRequired":true,"valueName":"search_term_string"}}],"inLanguage":"fr-FR"},{"@type":"NewsMediaOrganization","@id":"https:\/\/dicodusport.fr\/blog\/#organization","name":"Dicodusport","url":"https:\/\/dicodusport.fr\/blog\/","logo":{"@type":"ImageObject","inLanguage":"fr-FR","@id":"https:\/\/dicodusport.fr\/blog\/#\/schema\/logo\/image\/","url":"https:\/\/dicodusport.fr\/blog\/wp-content\/uploads\/2020\/06\/cropped-LOGO-DICODUSPORT-2020-SANS-FOND-SANS-TEXTE.png","contentUrl":"https:\/\/dicodusport.fr\/blog\/wp-content\/uploads\/2020\/06\/cropped-LOGO-DICODUSPORT-2020-SANS-FOND-SANS-TEXTE.png","width":512,"height":512,"caption":"Dicodusport"},"image":{"@id":"https:\/\/dicodusport.fr\/blog\/#\/schema\/logo\/image\/"},"sameAs":["https:\/\/www.facebook.com\/dicodusport","https:\/\/x.com\/dicodusport","https:\/\/www.instagram.com\/dicodusport\/","https:\/\/www.youtube.com\/channel\/UC7V2KZ5sd3htJivAbA4ZG3w"],"description":"Dicodusport est l'encyclop\u00e9die de l'actualit\u00e9 sportive.","email":"bonjour@dicodusport.fr","legalName":"DICODUSPORT","foundingDate":"2018-01-14","vatID":"FR71834470973","taxID":"83447097300043","numberOfEmployees":{"@type":"QuantitativeValue","minValue":"1","maxValue":"10"}},{"@type":"Person","@id":"https:\/\/dicodusport.fr\/blog\/#\/schema\/person\/2d00cb7edce22380129fc3141987a97f","name":"Louis Bouchardon","image":{"@type":"ImageObject","inLanguage":"fr-FR","@id":"https:\/\/dicodusport.fr\/blog\/#\/schema\/person\/image\/","url":"https:\/\/dicodusport.fr\/blog\/wp-content\/uploads\/2025\/02\/Maillot-Dicodusport-Loulou-49-150x150.png","contentUrl":"https:\/\/dicodusport.fr\/blog\/wp-content\/uploads\/2025\/02\/Maillot-Dicodusport-Loulou-49-150x150.png","caption":"Louis Bouchardon"},"description":"Berc\u00e9 dans la fin des ann\u00e9es 90 au son des rayons de v\u00e9lo d\u2019un p\u00e8re cycliste amateur, le sport n\u2019a depuis plus jamais quitt\u00e9 mon quotidien. Sp\u00e9cialiste du ballon rond comme du ballon ovale, je suis r\u00e9dacteur chez Dicodusport depuis d\u00e9cembre 2023.","url":"https:\/\/dicodusport.fr\/blog\/author\/louis-bouchardon\/"}]}},"_links":{"self":[{"href":"https:\/\/dicodusport.fr\/blog\/wp-json\/wp\/v2\/posts\/450740","targetHints":{"allow":["GET"]}}],"collection":[{"href":"https:\/\/dicodusport.fr\/blog\/wp-json\/wp\/v2\/posts"}],"about":[{"href":"https:\/\/dicodusport.fr\/blog\/wp-json\/wp\/v2\/types\/post"}],"author":[{"embeddable":true,"href":"https:\/\/dicodusport.fr\/blog\/wp-json\/wp\/v2\/users\/97"}],"replies":[{"embeddable":true,"href":"https:\/\/dicodusport.fr\/blog\/wp-json\/wp\/v2\/comments?post=450740"}],"version-history":[{"count":5,"href":"https:\/\/dicodusport.fr\/blog\/wp-json\/wp\/v2\/posts\/450740\/revisions"}],"predecessor-version":[{"id":450800,"href":"https:\/\/dicodusport.fr\/blog\/wp-json\/wp\/v2\/posts\/450740\/revisions\/450800"}],"wp:featuredmedia":[{"embeddable":true,"href":"https:\/\/dicodusport.fr\/blog\/wp-json\/wp\/v2\/media\/450801"}],"wp:attachment":[{"href":"https:\/\/dicodusport.fr\/blog\/wp-json\/wp\/v2\/media?parent=450740"}],"wp:term":[{"taxonomy":"category","embeddable":true,"href":"https:\/\/dicodusport.fr\/blog\/wp-json\/wp\/v2\/categories?post=450740"},{"taxonomy":"post_tag","embeddable":true,"href":"https:\/\/dicodusport.fr\/blog\/wp-json\/wp\/v2\/tags?post=450740"}],"curies":[{"name":"wp","href":"https:\/\/api.w.org\/{rel}","templated":true}]}}