{"id":450891,"date":"2024-01-14T16:14:58","date_gmt":"2024-01-14T15:14:58","guid":{"rendered":"https:\/\/dicodusport.fr\/blog\/?p=450891&#038;preview=true&#038;preview_id=450891"},"modified":"2024-01-14T22:50:59","modified_gmt":"2024-01-14T21:50:59","slug":"palmares-et-tableau-des-medailles-championnats-deurope-cyclisme-sur-piste-2024","status":"publish","type":"post","link":"https:\/\/dicodusport.fr\/blog\/palmares-et-tableau-des-medailles-championnats-deurope-cyclisme-sur-piste-2024\/","title":{"rendered":"Palmar\u00e8s et Tableau des m\u00e9dailles Championnats d&rsquo;Europe Cyclisme sur piste 2024"},"content":{"rendered":"<p style=\"text-align: justify;\"><strong><em>CYCLISME SUR PISTE &#8211; D\u00e9couvrez le palmar\u00e8s et le tableau des m\u00e9dailles des Championnats d&rsquo;Europe de cyclisme sur piste 2024, qui se d\u00e9roulent du mercredi 10 au dimanche 14 janvier.<\/em><\/strong><\/p>\n<p style=\"text-align: justify;\">La comp\u00e9tition est \u00e0 suivre sur Eurosport 2 et Eurosport Player.<\/p>\n<p style=\"text-align: justify;\"><a href=\"https:\/\/uec.swisstiming.com\/2024\/ctreuropean\/en-us\/uci\" target=\"_blank\" rel=\"noopener\"><strong>Le programme complet<\/strong><\/a><\/p>\n<h2>Les m\u00e9daill\u00e9s<\/h2>\n<h3 style=\"text-align: justify;\">Femmes<\/h3>\n<div class=\"su-table su-table-alternate\">\n<table style=\"width: 800px;border-collapse: collapse\">\n<tbody>\n<tr>\n<td style=\"text-align: center;width: 200px\"><strong>\u00c9preuves<\/strong><\/td>\n<td style=\"background-color: #fff242;text-align: center;width: 200px\"><strong>\ud83e\udd47 Or<\/strong><\/td>\n<td style=\"background-color: #a8a8a8;text-align: center;width: 200px\"><strong>\ud83e\udd48 Argent<\/strong><\/td>\n<td style=\"background-color: #c97159;text-align: center;width: 200px\"><strong>\ud83e\udd49 Bronze<\/strong><\/td>\n<\/tr>\n<tr>\n<td style=\"text-align: center;width: 200px\"><strong>500 m contre-la-montre<\/strong><br \/>\n<a href=\"https:\/\/uec.swisstiming.com\/File\/0003170100020202FFFFFFFFFFFFFF02\"><strong><span style=\"font-size: 12px\"><em>Classement<\/em><\/span><\/strong><\/a><\/td>\n<td style=\"text-align: center;width: 200px\">\ud83c\uddec\ud83c\udde7 <strong>Katy Marchant<br \/>\n33.319<\/strong><\/td>\n<td style=\"text-align: center;width: 200px\">\ud83c\uddeb\ud83c\uddf7 <a title=\"Championnats d\u2019Europe Cyclisme sur piste : Marie-Divine Kouam\u00e9 en argent sur le 500m\" href=\"https:\/\/dicodusport.fr\/blog\/championnats-deurope-cyclisme-sur-piste-marie-divine-kouame-en-argent-sur-le-500m\/\" target=\"_blank\" rel=\"noopener\">Marie-Divine Kouam\u00e9<\/a><br \/>\n33.356<\/td>\n<td style=\"text-align: center;width: 200px\">\ud83c\udde9\ud83c\uddea Pauline Sophie Grabosch<br \/>\n33.444<\/td>\n<\/tr>\n<tr>\n<td style=\"text-align: center;width: 200px\"><strong>Scratch<\/strong><br \/>\n<a href=\"https:\/\/uec.swisstiming.com\/File\/0003170100020501FFFFFFFFFFFFFF02\"><strong><span style=\"font-size: 12px\"><em>Classement<\/em><\/span><\/strong><\/a><\/td>\n<td style=\"text-align: center;width: 200px\">\ud83c\uddeb\ud83c\uddf7 <a title=\"Championnats d\u2019Europe Cyclisme sur piste : Clara Copponi sacr\u00e9e championne d\u2019Europe du scratch !\" href=\"https:\/\/dicodusport.fr\/blog\/championnats-deurope-cyclisme-sur-piste-clara-copponi-sacree-championne-deurope-du-scratch\/\" target=\"_blank\" rel=\"noopener\"><strong>Clara Copponi<\/strong><\/a><\/td>\n<td style=\"text-align: center;width: 200px\">\ud83c\udde7\ud83c\uddea Lani Wittevrongel<\/td>\n<td style=\"text-align: center;width: 200px\">\ud83c\uddee\ud83c\uddf9 Martina Fidanza<\/td>\n<\/tr>\n<tr>\n<td style=\"text-align: center;width: 200px\"><strong>Course \u00e0 l&rsquo;\u00e9limination<\/strong><br \/>\n<a href=\"https:\/\/uec.swisstiming.com\/File\/0003170100020801FFFFFFFFFFFFFF02\"><strong><span style=\"font-size: 12px\"><em>Classement<\/em><\/span><\/strong><\/a><\/td>\n<td style=\"text-align: center;width: 200px\">\ud83c\udde7\ud83c\uddea <strong>Lotte Kopecky<\/strong><\/td>\n<td style=\"text-align: center;width: 200px\">\ud83c\udde9\ud83c\uddea Lea Lin Teutenberg<\/td>\n<td style=\"text-align: center;width: 200px\">\ud83c\uddec\ud83c\udde7 Jessica Roberts<\/td>\n<\/tr>\n<tr>\n<td style=\"text-align: center;width: 200px\"><strong>Course aux points<\/strong><br \/>\n<a href=\"https:\/\/uec.swisstiming.com\/File\/0003170100020601FFFFFFFFFFFFFF02\"><strong><span style=\"font-size: 12px\"><em>Classement<\/em><\/span><\/strong><\/a><\/td>\n<td style=\"text-align: center;width: 200px\">\ud83c\udde7\ud83c\uddea <strong>Lotte Kopecky<br \/>\n24 pts<\/strong><\/td>\n<td style=\"text-align: center;width: 200px\">\ud83c\uddf3\ud83c\uddf4 Anita Yvonne Stenberg<br \/>\n19 pts<\/td>\n<td style=\"text-align: center;width: 200px\">\ud83c\udde8\ud83c\uddff Jarmila Machacova<br \/>\n18 pts<\/td>\n<\/tr>\n<tr>\n<td style=\"text-align: center;width: 200px\"><strong>Keirin<\/strong><br \/>\n<a href=\"https:\/\/uec.swisstiming.com\/File\/0003170100020404FFFFFFFFFFFFFF02\"><strong><span style=\"font-size: 12px\"><em>Classement<\/em><\/span><\/strong><\/a><\/td>\n<td style=\"text-align: center;width: 200px\">\ud83c\udde9\ud83c\uddea <strong>Lea Sophie Friedrich<\/strong><\/td>\n<td style=\"text-align: center;width: 200px\">\ud83c\uddec\ud83c\udde7 Emma Finucane<br \/>\n+0.133<\/td>\n<td style=\"text-align: center;width: 200px\">\ud83c\uddf3\ud83c\uddf1 Hetty van de Wouw<br \/>\n+0.222<\/td>\n<\/tr>\n<tr>\n<td style=\"text-align: center;width: 200px\"><strong>Vitesse individuelle<\/strong><br \/>\n<a href=\"https:\/\/uec.swisstiming.com\/File\/0003170100020106FFFFFFFFFFFFFF02\"><strong><span style=\"font-size: 12px\"><em>Classement<\/em><\/span><\/strong><\/a><\/td>\n<td style=\"text-align: center;width: 200px\">\ud83c\uddec\ud83c\udde7 <strong>Emma Finucane<\/strong><\/td>\n<td style=\"width: 200px;text-align: center\">\ud83c\udde9\ud83c\uddea Lea Sophie Friedrich<\/td>\n<td style=\"text-align: center;width: 200px\">\ud83c\udde9\ud83c\uddea Emma Hinze<\/td>\n<\/tr>\n<tr>\n<td style=\"text-align: center;width: 200px\"><strong>Vitesse par \u00e9quipes<\/strong><br \/>\n<a href=\"https:\/\/uec.swisstiming.com\/File\/0003170100020903FFFFFFFFFFFFFF03\"><span style=\"font-size: 12px\"><em><strong>Classement<\/strong><\/em><\/span><\/a><\/td>\n<td style=\"text-align: center;width: 200px\">\ud83c\udde9\ud83c\uddea <strong>Allemagne<br \/>\n<span style=\"font-size: 12px\"><em>Lea Sophie Friedrich<\/em><\/span><br \/>\n<span style=\"font-size: 12px\"><em>Pauline Sophie Grabosch<\/em><\/span><br \/>\n<span style=\"font-size: 12px\"><em>Emma Hinze<\/em><\/span><\/strong><\/td>\n<td style=\"text-align: center;width: 200px\">\ud83c\uddec\ud83c\udde7 Grande-Bretagne<br \/>\n<em><span style=\"font-size: 12px\">Sophie Capewell<\/span><\/em><br \/>\n<em><span style=\"font-size: 12px\">Emma Finucane<\/span><\/em><br \/>\n<em><span style=\"font-size: 12px\">Katy Marchant<\/span><\/em><br \/>\n<em><span style=\"font-size: 12px\">Lowri Thomas (R)<\/span><\/em><\/td>\n<td style=\"text-align: center;width: 200px\">\ud83c\uddf3\ud83c\uddf1 Pays-Bas<br \/>\n<span style=\"font-size: 12px\"><em>Kyra Lamberink<\/em><\/span><br \/>\n<span style=\"font-size: 12px\"><em>Hetty van de Wouw<\/em><\/span><br \/>\n<span style=\"font-size: 12px\"><em>Nikola Sibiak<\/em><\/span><\/td>\n<\/tr>\n<tr>\n<td style=\"text-align: center;width: 200px\"><strong>Poursuite individuelle<\/strong><br \/>\n<a href=\"https:\/\/uec.swisstiming.com\/File\/0003170100020302FFFFFFFFFFFFFF02\"><strong><span style=\"font-size: 12px\"><em>Classement<\/em><\/span><\/strong><\/a><\/td>\n<td style=\"text-align: center;width: 200px\">\ud83c\uddec\ud83c\udde7 <strong>Josie Knight<br \/>\n3:22.816<\/strong><\/td>\n<td style=\"text-align: center;width: 200px\">\ud83c\udde9\ud83c\uddea Franziska Brausse<br \/>\n3:22.819<\/td>\n<td style=\"text-align: center;width: 200px\">\ud83c\uddec\ud83c\udde7 Anna Morris<br \/>\n3:22.934<\/td>\n<\/tr>\n<tr>\n<td style=\"text-align: center;width: 200px\"><strong>Poursuite par \u00e9quipes<\/strong><br \/>\n<a href=\"https:\/\/uec.swisstiming.com\/File\/0003170100020A03FFFFFFFFFFFFFF03\"><strong><span style=\"font-size: 12px\"><em>Classement<\/em><\/span><\/strong><\/a><\/td>\n<td style=\"text-align: center;width: 200px\">\ud83c\uddee\ud83c\uddf9 <strong>Italie<\/strong><br \/>\n<strong>4:12.551<\/strong><br \/>\n<span style=\"font-size: 12px\"><em><strong>Elisa Balsamo<\/strong><\/em><\/span><br \/>\n<span style=\"font-size: 12px\"><em><strong>Martina Fidanza<\/strong><\/em><\/span><br \/>\n<span style=\"font-size: 12px\"><em><strong>Vittoria Guazzini<\/strong><\/em><\/span><br \/>\n<span style=\"font-size: 12px\"><em><strong>Letizia Paternoster<\/strong><\/em><\/span><\/td>\n<td style=\"text-align: center;width: 200px\">\ud83c\uddec\ud83c\udde7 Grande-Bretagne<br \/>\n4:15.950<br \/>\n<span style=\"font-size: 12px\"><em>Megan Barker<\/em><\/span><br \/>\n<span style=\"font-size: 12px\"><em>Josie Knight<\/em><\/span><br \/>\n<span style=\"font-size: 12px\"><em>Anna Morris<\/em><\/span><br \/>\n<span style=\"font-size: 12px\"><em>Jessica Roberts<\/em><\/span><br \/>\n<span style=\"font-size: 12px\"><em>Neah Evans (R)<\/em><\/span><\/td>\n<td style=\"text-align: center;width: 200px\">\ud83c\udde9\ud83c\uddea Allemagne<br \/>\n4:14.768<br \/>\n<span style=\"font-size: 12px\"><em>Franziska Brausse<\/em><\/span><br \/>\n<span style=\"font-size: 12px\"><em>Lisa Klein<\/em><\/span><br \/>\n<span style=\"font-size: 12px\"><em>Lena Charlotte Reissner<\/em><\/span><br \/>\n<span style=\"font-size: 12px\"><em>Laura Sussemilch<\/em><\/span><br \/>\n<span style=\"font-size: 12px\"><em>Mieke Kroger (R)<\/em><\/span><\/td>\n<\/tr>\n<tr>\n<td style=\"text-align: center;width: 200px\"><strong>Madison<br \/>\n<a href=\"https:\/\/uec.swisstiming.com\/File\/0003170100020B01FFFFFFFFFFFFFF02\"><span style=\"font-size: 12px\"><em>Classement<\/em><\/span><\/a><br \/>\n<\/strong><\/td>\n<td style=\"text-align: center;width: 200px\">\ud83c\uddeb\ud83c\uddf7 <a title=\"Championnats d\u2019Europe Cyclisme sur piste : Marion Borras et Valentine Fortin championnes d\u2019Europe du Madison !\" href=\"https:\/\/dicodusport.fr\/blog\/championnats-deurope-cyclisme-sur-piste-marion-borras-et-valentine-fortin-championnes-deurope-du-madison\/\" target=\"_blank\" rel=\"noopener\"><strong>Valentine Fortin<\/strong><\/a><br \/>\n\ud83c\uddeb\ud83c\uddf7 <strong><a href=\"https:\/\/dicodusport.fr\/blog\/championnats-deurope-cyclisme-sur-piste-marion-borras-et-valentine-fortin-championnes-deurope-du-madison\/\">Marion Borras<\/a><br \/>\n50 pts<\/strong><\/td>\n<td style=\"text-align: center;width: 200px\">\ud83c\udde7\ud83c\uddea Katrijn de Clercq<br \/>\n\ud83c\udde7\ud83c\uddea Lotte Kopecky<br \/>\n41 pts<\/td>\n<td style=\"text-align: center;width: 200px\"><strong>\ud83c\uddee\ud83c\uddf9<\/strong> Elisa Balsamo<br \/>\n<strong>\ud83c\uddee\ud83c\uddf9<\/strong> Vittoria Guazzini<br \/>\n28 pts<\/td>\n<\/tr>\n<tr>\n<td style=\"text-align: center;width: 200px\"><strong>Omnium<br \/>\n<a href=\"https:\/\/uec.swisstiming.com\/2024\/ctreuropean\/en-us\/uci\/Stage\/17\/omnium\"><span style=\"font-size: 12px\"><em>Classement<\/em><\/span><\/a><br \/>\n<\/strong><\/td>\n<td style=\"text-align: center;width: 200px\">\ud83c\uddf3\ud83c\uddf4 <strong>Anita Yvonne Stenberg<br \/>\n142 pts<br \/>\n<\/strong><\/td>\n<td style=\"text-align: center;width: 200px\">\ud83c\uddec\ud83c\udde7 Neah Evans<br \/>\n136 pts<\/td>\n<td style=\"text-align: center;width: 200px\">\ud83c\uddeb\ud83c\uddf7 <a title=\"Championnats d\u2019Europe Cyclisme sur piste : Valentine Fortin en bronze sur l\u2019omnium\" href=\"https:\/\/dicodusport.fr\/blog\/championnats-deurope-cyclisme-sur-piste-valentine-fortin-en-bronze-sur-lomnium\/\" target=\"_blank\" rel=\"noopener\">Valentine Fortin<\/a><br \/>\n131 pts<\/td>\n<\/tr>\n<\/tbody>\n<\/table>\n<\/div>\n<p><span style=\"font-size: 14px;\"><em>(R) : Rempla\u00e7ante<\/em><\/span><\/p>\n<p>&nbsp;<\/p>\n<h3 style=\"text-align: justify;\">Hommes<\/h3>\n<div class=\"su-table su-table-alternate\">\n<table style=\"width: 800px;border-collapse: collapse\">\n<tbody>\n<tr>\n<td style=\"text-align: center;width: 200px\"><strong>\u00c9preuves<\/strong><\/td>\n<td style=\"background-color: #fff242;text-align: center;width: 200px\"><strong>\ud83e\udd47 Or<\/strong><\/td>\n<td style=\"background-color: #a8a8a8;text-align: center;width: 200px\"><strong>\ud83e\udd48 Argent<\/strong><\/td>\n<td style=\"background-color: #c97159;text-align: center;width: 200px\"><strong>\ud83e\udd49 Bronze<\/strong><\/td>\n<\/tr>\n<tr>\n<td style=\"text-align: center;width: 200px\"><strong>Kilom\u00e8tre contre-la-montre<br \/>\n<a href=\"https:\/\/uec.swisstiming.com\/File\/0003170100010202FFFFFFFFFFFFFF02\"><span style=\"font-size: 12px\"><em>Classement<\/em><\/span><\/a><br \/>\n<\/strong><\/td>\n<td style=\"text-align: center;width: 200px\"><strong>\ud83c\uddee\ud83c\uddf9<\/strong> <strong>Matteo Bianchi<br \/>\n1:00.272<\/strong><\/td>\n<td style=\"text-align: center;width: 200px\">\ud83c\uddf3\ud83c\uddf1 Daan Kool<br \/>\n1:00.414<\/td>\n<td style=\"text-align: center;width: 200px\">\ud83c\uddeb\ud83c\uddf7 <a title=\"Championnats d\u2019Europe Cyclisme sur piste : Melvin Landerneau s\u2019empare du bronze sur le kilom\u00e8tre\" href=\"https:\/\/dicodusport.fr\/blog\/championnats-deurope-cyclisme-sur-piste-melvin-landerneau-sempare-du-bronze-sur-le-kilometre\/\" target=\"_blank\" rel=\"noopener\">Melvin Landerneau<\/a><br \/>\n1:00.472<\/td>\n<\/tr>\n<tr>\n<td style=\"text-align: center;width: 200px\"><strong>Scratch<br \/>\n<a href=\"https:\/\/uec.swisstiming.com\/File\/0003170100010501FFFFFFFFFFFFFF02\"><span style=\"font-size: 12px\"><em>Classement<\/em><\/span><\/a><br \/>\n<\/strong><\/td>\n<td style=\"text-align: center;width: 200px\">\ud83c\uddf5\ud83c\uddf9 <strong>Iuri Leitao<\/strong><\/td>\n<td style=\"text-align: center;width: 200px\">\ud83c\udde6\ud83c\uddf9 Tim Wafler<\/td>\n<td style=\"text-align: center;width: 200px\">\ud83c\udde9\ud83c\uddf0 Tobias Hansen<\/td>\n<\/tr>\n<tr>\n<td style=\"text-align: center;width: 200px\"><strong>Course \u00e0 l&rsquo;\u00e9limination<br \/>\n<a href=\"https:\/\/uec.swisstiming.com\/File\/0003170100010801FFFFFFFFFFFFFF02\"><span style=\"font-size: 12px\"><em>Classement<\/em><\/span><\/a><br \/>\n<\/strong><\/td>\n<td style=\"text-align: center;width: 200px\">\ud83c\udde9\ud83c\uddf0 <strong>Tobias Hansen<\/strong><\/td>\n<td style=\"text-align: center;width: 200px\">\ud83c\uddec\ud83c\udde7 William Tidball<\/td>\n<td style=\"text-align: center;width: 200px\">\ud83c\udde7\ud83c\uddea Jules Hesters<\/td>\n<\/tr>\n<tr>\n<td style=\"text-align: center;width: 200px\"><strong>Course aux points<br \/>\n<a href=\"https:\/\/uec.swisstiming.com\/File\/0003170100010601FFFFFFFFFFFFFF02\"><span style=\"font-size: 12px\"><em>Classement<\/em><\/span><\/a><br \/>\n<\/strong><\/td>\n<td style=\"text-align: center;width: 200px\">\ud83c\udde9\ud83c\uddf0 <strong>Niklas Larsen<br \/>\n66 pts<\/strong><\/td>\n<td style=\"text-align: center;width: 200px\">\ud83c\uddea\ud83c\uddf8 Sebastian Mora Vedri<br \/>\n58 pts<\/td>\n<td style=\"text-align: center;width: 200px\">\ud83c\uddeb\ud83c\uddf7 <a href=\"https:\/\/dicodusport.fr\/blog\/championnats-deurope-cyclisme-sur-piste-oscar-nilsson-julien-prend-le-bronze-sur-la-course-aux-points\/\" target=\"_blank\" rel=\"noopener\">Oscar Nilsson-Julien<\/a><br \/>\n45 pts<\/td>\n<\/tr>\n<tr>\n<td style=\"text-align: center;width: 200px\"><strong>Keirin<br \/>\n<a href=\"https:\/\/uec.swisstiming.com\/File\/0003170100010404FFFFFFFFFFFFFF02\"><span style=\"font-size: 12px\"><em>Classement<\/em><\/span><\/a><br \/>\n<\/strong><\/td>\n<td style=\"text-align: center;width: 200px\">\ud83c\uddf3\ud83c\uddf1 <strong>Harrie Lavreysen<\/strong><\/td>\n<td style=\"text-align: center;width: 200px\">\ud83c\uddf5\ud83c\uddf1 Mateusz Rudyk<br \/>\n+0.528<\/td>\n<td style=\"text-align: center;width: 200px\">\ud83c\uddee\ud83c\uddf9 Stefano Moro<br \/>\n+0.602<\/td>\n<\/tr>\n<tr>\n<td style=\"text-align: center;width: 200px\"><strong>Vitesse individuelle<br \/>\n<a href=\"https:\/\/uec.swisstiming.com\/File\/0003170100010106FFFFFFFFFFFFFF02\"><span style=\"font-size: 12px\"><em>Classement<\/em><\/span><\/a><br \/>\n<\/strong><\/td>\n<td style=\"text-align: center;width: 200px\">\ud83c\uddf3\ud83c\uddf1 <strong>Harrie Lavreysen<\/strong><\/td>\n<td style=\"text-align: center;width: 200px\">\ud83c\uddf5\ud83c\uddf1 Mateusz Rudyk<\/td>\n<td style=\"text-align: center;width: 200px\">\ud83c\uddee\ud83c\uddf1 Mikhail Yakovlev<\/td>\n<\/tr>\n<tr>\n<td style=\"text-align: center;width: 200px\"><strong>Vitesse par \u00e9quipes<br \/>\n<a href=\"https:\/\/uec.swisstiming.com\/File\/0003170100010903FFFFFFFFFFFFFF03\"><span style=\"font-size: 12px\"><em>Classement<\/em><\/span><\/a><br \/>\n<\/strong><\/td>\n<td style=\"text-align: center;width: 200px\">\ud83c\uddf3\ud83c\uddf1 <strong>Pays-Bas<br \/>\n<span style=\"font-size: 12px\"><em>Jeffrey Hoogland<\/em><\/span><br \/>\n<span style=\"font-size: 12px\"><em>Harrie Lavreysen<\/em><\/span><br \/>\n<span style=\"font-size: 12px\"><em>Roy van den Berg<\/em><\/span><br \/>\n<span style=\"font-size: 12px\"><em>Tijmen van Loon (R)<\/em><\/span><\/strong><\/td>\n<td style=\"text-align: center;width: 200px\">\ud83c\uddeb\ud83c\uddf7 <a href=\"https:\/\/dicodusport.fr\/blog\/championnats-deurope-cyclisme-sur-piste-lequipe-de-vitesse-masculine-en-argent\/\" target=\"_blank\" rel=\"noopener\">France<\/a><br \/>\n<span style=\"font-size: 12px\"><em>Florian Grengbo<\/em><\/span><br \/>\n<span style=\"font-size: 12px\"><em>Rayan Helal<\/em><\/span><br \/>\n<span style=\"font-size: 12px\"><em>S\u00e9bastien Vigier<\/em><\/span><\/td>\n<td style=\"text-align: center;width: 200px\">\ud83c\uddf5\ud83c\uddf1 Pologne<br \/>\n<em><span style=\"font-size: 12px\">Daniel Rochna<\/span><\/em><br \/>\n<em><span style=\"font-size: 12px\">Mateusz Rudyk<\/span><\/em><br \/>\n<em><span style=\"font-size: 12px\">Rafal Sarnecki<\/span><\/em><br \/>\n<em><span style=\"font-size: 12px\">Maciej Bielecki (R)<\/span><\/em><\/td>\n<\/tr>\n<tr>\n<td style=\"text-align: center;width: 200px\"><strong>Poursuite individuelle<br \/>\n<a href=\"https:\/\/uec.swisstiming.com\/File\/0003170100010302FFFFFFFFFFFFFF02\"><span style=\"font-size: 12px\"><em>Classement<\/em><\/span><\/a><br \/>\n<\/strong><\/td>\n<td style=\"text-align: center;width: 200px\">\ud83c\uddec\ud83c\udde7 <strong>Daniel Bigham<br \/>\n4:05.783<\/strong><\/td>\n<td style=\"text-align: center;width: 200px\">\ud83c\uddec\ud83c\udde7 Charlie Tanfield<br \/>\n4:07.777<\/td>\n<td style=\"text-align: center;width: 200px\">\ud83c\udde9\ud83c\uddf0 Rasmus Pedersen<br \/>\n4:10.119<\/td>\n<\/tr>\n<tr>\n<td style=\"text-align: center;width: 200px\"><strong>Poursuite par \u00e9quipes<br \/>\n<a href=\"https:\/\/uec.swisstiming.com\/File\/0003170100010A03FFFFFFFFFFFFFF03\"><span style=\"font-size: 12px\"><em>Classement<\/em><\/span><\/a><br \/>\n<\/strong><\/td>\n<td style=\"text-align: center;width: 200px\">\ud83c\uddec\ud83c\udde7 <strong>Grande-Bretagne<\/strong><br \/>\n<strong>1:01.368<\/strong><br \/>\n<span style=\"font-size: 12px\"><em><strong>Daniel Bigham<\/strong><\/em><\/span><br \/>\n<span style=\"font-size: 12px\"><em><strong>Ethan Hayter<\/strong><\/em><\/span><br \/>\n<span style=\"font-size: 12px\"><em><strong>Charlier Tanfield<\/strong><\/em><\/span><br \/>\n<span style=\"font-size: 12px\"><em><strong>Ethan Vernon<\/strong><\/em><\/span><br \/>\n<span style=\"font-size: 12px\"><em><strong>Oliver Wood (R)<\/strong><\/em><\/span><\/td>\n<td style=\"text-align: center;width: 200px\">\ud83c\udde9\ud83c\uddf0 Danemark<br \/>\n1:01.545<br \/>\n<span style=\"font-size: 12px\"><em>Carl-Frederik Bevort<\/em><\/span><br \/>\n<span style=\"font-size: 12px\"><em>Tobias Hansen<\/em><\/span><br \/>\n<span style=\"font-size: 12px\"><em>Niklas Larsen<\/em><\/span><br \/>\n<span style=\"font-size: 12px\"><em>Rasmus Pedersen<\/em><\/span><br \/>\n<span style=\"font-size: 12px\"><em>Rodenberg Frederik Madsen (R)<\/em><\/span><\/td>\n<td style=\"text-align: center;width: 200px\">\ud83c\uddee\ud83c\uddf9 Italie<br \/>\n1:02.404<br \/>\n<span style=\"font-size: 12px\"><em>Davide Boscaro<\/em><\/span><br \/>\n<span style=\"font-size: 12px\"><em>Simone Consonni<\/em><\/span><br \/>\n<span style=\"font-size: 12px\"><em>Francesco Lamon<\/em><\/span><br \/>\n<span style=\"font-size: 12px\"><em>Jonathan Milan<\/em><\/span><\/td>\n<\/tr>\n<tr>\n<td style=\"text-align: center;width: 200px\"><strong>Madison<br \/>\n<a href=\"https:\/\/uec.swisstiming.com\/File\/0003170100010B01FFFFFFFFFFFFFF02\"><span style=\"font-size: 12px\"><em>Classement<\/em><\/span><\/a><br \/>\n<\/strong><\/td>\n<td style=\"text-align: center;width: 200px\">\ud83c\udde9\ud83c\uddea <strong>Roger Kluge<br \/>\n\ud83c\udde9\ud83c\uddea Theo Reinhardt<br \/>\n64 pts<br \/>\n<\/strong><\/td>\n<td style=\"text-align: center;width: 200px\">\ud83c\uddeb\ud83c\uddf7 <a title=\"Championnats d\u2019Europe Cyclisme sur piste : Thomas Boudat et Donavan Grondin vice-champions sur la course \u00e0 l\u2019am\u00e9ricaine\" href=\"https:\/\/dicodusport.fr\/blog\/championnats-deurope-cyclisme-sur-piste-thomas-boudat-et-donavan-grondin-vice-champions-sur-la-course-a-lamericaine\/\" target=\"_blank\" rel=\"noopener\">Thomas Boudat<\/a><br \/>\n\ud83c\uddeb\ud83c\uddf7 <a href=\"https:\/\/dicodusport.fr\/blog\/championnats-deurope-cyclisme-sur-piste-thomas-boudat-et-donavan-grondin-vice-champions-sur-la-course-a-lamericaine\/\">Donavan Grondin<\/a><br \/>\n60 pts<\/td>\n<td style=\"text-align: center;width: 200px\">\ud83c\udde9\ud83c\uddf0 Michael Morkov<br \/>\nTheodor Storm<br \/>\n50 pts<\/td>\n<\/tr>\n<tr>\n<td style=\"text-align: center;width: 200px\"><strong>Omnium<br \/>\n<a href=\"https:\/\/uec.swisstiming.com\/2024\/ctreuropean\/en-us\/uci\/Stage\/6\/omnium\"><span style=\"font-size: 12px\"><em>Classement<\/em><\/span><\/a><br \/>\n<\/strong><\/td>\n<td style=\"text-align: center;width: 200px\">\ud83c\uddec\ud83c\udde7 <strong>Ethan Hayter<br \/>\n121 pts<\/strong><\/td>\n<td style=\"text-align: center;width: 200px\">\ud83c\udde9\ud83c\uddf0 Niklas Larsen<br \/>\n121 pts<\/td>\n<td style=\"text-align: center;width: 200px\">\ud83c\udde7\ud83c\uddea Fabio van den Bossche<br \/>\n118 pts<\/td>\n<\/tr>\n<\/tbody>\n<\/table>\n<\/div>\n<p><span style=\"font-size: 14px;\"><em>(R) : Rempla\u00e7ant\u00a0<\/em><\/span><\/p>\n<p>&nbsp;<\/p>\n<h2 style=\"text-align: justify;\">Tableau des m\u00e9dailles Championnats d&rsquo;Europe Cyclisme sur piste 2024<\/h2>\n<div class=\"su-table su-table-alternate\">\n<table style=\"width: 724px;border-collapse: collapse\">\n<tbody>\n<tr>\n<td style=\"text-align: center;width: 64px;border-color: #d9d9d9;border-style: solid;vertical-align: middle\"><strong>Rang<\/strong><\/td>\n<td style=\"text-align: center;border-color: #d9d9d9;border-style: solid;width: 300px;vertical-align: middle\"><strong>Nations<\/strong><\/td>\n<td style=\"text-align: center;border-color: #d9d9d9;border-style: solid;width: 90px;vertical-align: middle;background-color: #ffffff\"><strong>\ud83e\udd47 Or<\/strong><\/td>\n<td style=\"text-align: center;border-color: #d9d9d9;border-style: solid;width: 90px;vertical-align: middle;background-color: #ffffff\"><strong>\ud83e\udd48 Argent<\/strong><\/td>\n<td style=\"text-align: center;border-color: #d9d9d9;border-style: solid;width: 90px;vertical-align: middle;background-color: #ffffff\"><strong>\ud83e\udd49 Bronze<\/strong><\/td>\n<td style=\"text-align: center;border-color: #d9d9d9;border-style: solid;width: 90px;vertical-align: middle\"><strong>Total<\/strong><\/td>\n<\/tr>\n<tr>\n<td style=\"text-align: center;width: 64px;border-color: #d9d9d9;border-style: solid;vertical-align: middle\"><strong><span style=\"font-size: 0.9em\">1.<\/span><\/strong><\/td>\n<td style=\"text-align: center;border-color: #d9d9d9;border-style: solid;width: 300px;vertical-align: middle\"><span style=\"font-size: 0.9em\">\ud83c\uddec\ud83c\udde7 <strong>GRANDE-BRETAGNE<\/strong><\/span><\/td>\n<td style=\"text-align: center;border-color: #d9d9d9;border-style: solid;width: 90px;vertical-align: middle\"><strong>6<\/strong><\/td>\n<td style=\"text-align: center;border-color: #d9d9d9;border-style: solid;width: 90px;vertical-align: middle\">6<\/td>\n<td style=\"text-align: center;border-color: #d9d9d9;border-style: solid;width: 90px;vertical-align: middle\">2<\/td>\n<td style=\"text-align: center;border-color: #d9d9d9;border-style: solid;width: 90px;vertical-align: middle\"><strong>14<\/strong><\/td>\n<\/tr>\n<tr>\n<td style=\"text-align: center;width: 64px;border-color: #d9d9d9;border-style: solid;vertical-align: middle\"><strong><span style=\"font-size: 0.9em\">2.<\/span><\/strong><\/td>\n<td style=\"text-align: center;border-color: #d9d9d9;border-style: solid;width: 300px;vertical-align: middle\"><span style=\"font-size: 0.9em\">\ud83c\udde9\ud83c\uddea <strong>ALLEMAGNE<\/strong><\/span><\/td>\n<td style=\"text-align: center;border-color: #d9d9d9;border-style: solid;width: 90px;vertical-align: middle\"><strong>3<\/strong><\/td>\n<td style=\"text-align: center;border-color: #d9d9d9;border-style: solid;width: 90px;vertical-align: middle\">3<\/td>\n<td style=\"text-align: center;border-color: #d9d9d9;border-style: solid;width: 90px;vertical-align: middle\">3<\/td>\n<td style=\"text-align: center;border-color: #d9d9d9;border-style: solid;width: 90px;vertical-align: middle\"><strong>9<\/strong><\/td>\n<\/tr>\n<tr>\n<td style=\"text-align: center;width: 64px;border-color: #d9d9d9;border-style: solid;vertical-align: middle\"><strong><span style=\"font-size: 0.9em\">3.<\/span><\/strong><\/td>\n<td style=\"text-align: center;border-color: #d9d9d9;border-style: solid;width: 300px;vertical-align: middle\"><span style=\"font-size: 0.9em\">\ud83c\uddf3\ud83c\uddf1 <strong>PAYS-BAS<\/strong><\/span><\/td>\n<td style=\"text-align: center;border-color: #d9d9d9;border-style: solid;width: 90px;vertical-align: middle\"><strong>3<\/strong><\/td>\n<td style=\"text-align: center;border-color: #d9d9d9;border-style: solid;width: 90px;vertical-align: middle\">1<\/td>\n<td style=\"text-align: center;border-color: #d9d9d9;border-style: solid;width: 90px;vertical-align: middle\">2<\/td>\n<td style=\"text-align: center;border-color: #d9d9d9;border-style: solid;width: 90px;vertical-align: middle\"><strong>6<\/strong><\/td>\n<\/tr>\n<tr>\n<td style=\"text-align: center;width: 64px;border-color: #d9d9d9;border-style: solid;vertical-align: middle\"><strong><span style=\"font-size: 0.9em\">4.<br \/>\n<\/span><\/strong><\/td>\n<td style=\"text-align: center;border-color: #d9d9d9;border-style: solid;width: 300px;vertical-align: middle\"><span style=\"font-size: 0.9em\">\ud83c\uddeb\ud83c\uddf7 <strong>FRANCE<\/strong><\/span><\/td>\n<td style=\"text-align: center;border-color: #d9d9d9;border-style: solid;width: 90px;vertical-align: middle\"><strong>2<\/strong><\/td>\n<td style=\"text-align: center;border-color: #d9d9d9;border-style: solid;width: 90px;vertical-align: middle\">3<\/td>\n<td style=\"text-align: center;border-color: #d9d9d9;border-style: solid;width: 90px;vertical-align: middle\">3<\/td>\n<td style=\"text-align: center;border-color: #d9d9d9;border-style: solid;width: 90px;vertical-align: middle\"><strong>8<\/strong><\/td>\n<\/tr>\n<tr>\n<td style=\"text-align: center;width: 64px;border-color: #d9d9d9;border-style: solid;vertical-align: middle\"><strong><span style=\"font-size: 0.9em\">5.<\/span><\/strong><\/td>\n<td style=\"text-align: center;border-color: #d9d9d9;border-style: solid;width: 300px;vertical-align: middle\"><span style=\"font-size: 0.9em\">\ud83c\udde9\ud83c\uddf0 <strong>DANEMARK<\/strong><\/span><\/td>\n<td style=\"text-align: center;border-color: #d9d9d9;border-style: solid;width: 90px;vertical-align: middle\"><strong>2<\/strong><\/td>\n<td style=\"text-align: center;border-color: #d9d9d9;border-style: solid;width: 90px;vertical-align: middle\">2<\/td>\n<td style=\"text-align: center;border-color: #d9d9d9;border-style: solid;width: 90px;vertical-align: middle\">3<\/td>\n<td style=\"text-align: center;border-color: #d9d9d9;border-style: solid;width: 90px;vertical-align: middle\"><strong>7<\/strong><\/td>\n<\/tr>\n<tr>\n<td style=\"text-align: center;width: 64px;border-color: #d9d9d9;border-style: solid;vertical-align: middle\"><strong><span style=\"font-size: 0.9em\">6.<\/span><\/strong><\/td>\n<td style=\"text-align: center;border-color: #d9d9d9;border-style: solid;width: 300px;vertical-align: middle\"><span style=\"font-size: 0.9em\">\ud83c\udde7\ud83c\uddea <strong>BELGIQUE<\/strong><\/span><\/td>\n<td style=\"text-align: center;border-color: #d9d9d9;border-style: solid;width: 90px;vertical-align: middle\"><strong>2<\/strong><\/td>\n<td style=\"text-align: center;border-color: #d9d9d9;border-style: solid;width: 90px;vertical-align: middle\">2<\/td>\n<td style=\"text-align: center;border-color: #d9d9d9;border-style: solid;width: 90px;vertical-align: middle\">2<\/td>\n<td style=\"text-align: center;border-color: #d9d9d9;border-style: solid;width: 90px;vertical-align: middle\"><strong>6<\/strong><\/td>\n<\/tr>\n<tr>\n<td style=\"text-align: center;width: 64px;border-color: #d9d9d9;border-style: solid;vertical-align: middle\"><strong><span style=\"font-size: 0.9em\">7.<\/span><\/strong><\/td>\n<td style=\"text-align: center;border-color: #d9d9d9;border-style: solid;width: 300px;vertical-align: middle\"><span style=\"font-size: 0.9em\"><strong>\ud83c\uddee\ud83c\uddf9 ITALIE<br \/>\n<\/strong><\/span><\/td>\n<td style=\"text-align: center;border-color: #d9d9d9;border-style: solid;width: 90px;vertical-align: middle\"><strong>2<\/strong><\/td>\n<td style=\"text-align: center;border-color: #d9d9d9;border-style: solid;width: 90px;vertical-align: middle\">0<\/td>\n<td style=\"text-align: center;border-color: #d9d9d9;border-style: solid;width: 90px;vertical-align: middle\">4<\/td>\n<td style=\"text-align: center;border-color: #d9d9d9;border-style: solid;width: 90px;vertical-align: middle\"><strong>6<\/strong><\/td>\n<\/tr>\n<tr>\n<td style=\"text-align: center;width: 64px;border-color: #d9d9d9;border-style: solid;vertical-align: middle\"><strong><span style=\"font-size: 0.9em\">8.<\/span><\/strong><\/td>\n<td style=\"text-align: center;border-color: #d9d9d9;border-style: solid;width: 300px;vertical-align: middle\"><span style=\"font-size: 0.9em\">\ud83c\uddf3\ud83c\uddf4\u00a0<strong>NORV\u00c8GE<\/strong><\/span><\/td>\n<td style=\"text-align: center;border-color: #d9d9d9;border-style: solid;width: 90px;vertical-align: middle\"><strong>1<\/strong><\/td>\n<td style=\"text-align: center;border-color: #d9d9d9;border-style: solid;width: 90px;vertical-align: middle\">1<\/td>\n<td style=\"text-align: center;border-color: #d9d9d9;border-style: solid;width: 90px;vertical-align: middle\">0<\/td>\n<td style=\"text-align: center;border-color: #d9d9d9;border-style: solid;width: 90px;vertical-align: middle\"><strong>2<\/strong><\/td>\n<\/tr>\n<tr>\n<td style=\"text-align: center;width: 64px;border-color: #d9d9d9;border-style: solid;vertical-align: middle\"><strong><span style=\"font-size: 0.9em\">9.<\/span><\/strong><\/td>\n<td style=\"text-align: center;border-color: #d9d9d9;border-style: solid;width: 300px;vertical-align: middle\"><span style=\"font-size: 0.9em\"><strong>\ud83c\uddf5\ud83c\uddf9<\/strong> <strong>PORTUGAL<\/strong><\/span><\/td>\n<td style=\"text-align: center;border-color: #d9d9d9;border-style: solid;width: 90px;vertical-align: middle\"><strong>1<\/strong><\/td>\n<td style=\"text-align: center;border-color: #d9d9d9;border-style: solid;width: 90px;vertical-align: middle\">0<\/td>\n<td style=\"text-align: center;border-color: #d9d9d9;border-style: solid;width: 90px;vertical-align: middle\">0<\/td>\n<td style=\"text-align: center;border-color: #d9d9d9;border-style: solid;width: 90px;vertical-align: middle\"><strong>1<\/strong><\/td>\n<\/tr>\n<tr>\n<td style=\"text-align: center;width: 64px;border-color: #d9d9d9;border-style: solid;vertical-align: middle\"><strong><span style=\"font-size: 0.9em\">10.<\/span><\/strong><\/td>\n<td style=\"text-align: center;border-color: #d9d9d9;border-style: solid;width: 300px;vertical-align: middle\"><span style=\"font-size: 0.9em\">\ud83c\uddf5\ud83c\uddf1 <strong>POLOGNE<\/strong><\/span><\/td>\n<td style=\"text-align: center;border-color: #d9d9d9;border-style: solid;width: 90px;vertical-align: middle\"><strong>0<\/strong><\/td>\n<td style=\"text-align: center;border-color: #d9d9d9;border-style: solid;width: 90px;vertical-align: middle\">2<\/td>\n<td style=\"text-align: center;border-color: #d9d9d9;border-style: solid;width: 90px;vertical-align: middle\">1<\/td>\n<td style=\"text-align: center;border-color: #d9d9d9;border-style: solid;width: 90px;vertical-align: middle\"><strong>3<\/strong><\/td>\n<\/tr>\n<tr>\n<td style=\"text-align: center;width: 64px;border-color: #d9d9d9;border-style: solid;vertical-align: middle\"><strong><span style=\"font-size: 0.9em\">11.<\/span><\/strong><\/td>\n<td style=\"text-align: center;border-color: #d9d9d9;border-style: solid;width: 300px;vertical-align: middle\"><span style=\"font-size: 0.9em\">\ud83c\udde6\ud83c\uddf9 <strong>AUTRICHE<\/strong><\/span><\/td>\n<td style=\"text-align: center;border-color: #d9d9d9;border-style: solid;width: 90px;vertical-align: middle\"><strong>0<\/strong><\/td>\n<td style=\"text-align: center;border-color: #d9d9d9;border-style: solid;width: 90px;vertical-align: middle\">1<\/td>\n<td style=\"text-align: center;border-color: #d9d9d9;border-style: solid;width: 90px;vertical-align: middle\">0<\/td>\n<td style=\"text-align: center;border-color: #d9d9d9;border-style: solid;width: 90px;vertical-align: middle\"><strong>1<\/strong><\/td>\n<\/tr>\n<tr>\n<td style=\"text-align: center;width: 64px;border-color: #d9d9d9;border-style: solid;vertical-align: middle\"><strong><span style=\"font-size: 0.9em\">11.<\/span><\/strong><\/td>\n<td style=\"text-align: center;border-color: #d9d9d9;border-style: solid;width: 300px;vertical-align: middle\"><span style=\"font-size: 0.9em\"><strong>\ud83c\uddea\ud83c\uddf8<\/strong> <strong>ESPAGNE<\/strong><\/span><\/td>\n<td style=\"text-align: center;border-color: #d9d9d9;border-style: solid;width: 90px;vertical-align: middle\"><strong>0<\/strong><\/td>\n<td style=\"text-align: center;border-color: #d9d9d9;border-style: solid;width: 90px;vertical-align: middle\">1<\/td>\n<td style=\"text-align: center;border-color: #d9d9d9;border-style: solid;width: 90px;vertical-align: middle\">0<\/td>\n<td style=\"text-align: center;border-color: #d9d9d9;border-style: solid;width: 90px;vertical-align: middle\"><strong>1<\/strong><\/td>\n<\/tr>\n<tr>\n<td style=\"text-align: center;width: 64px;border-color: #d9d9d9;border-style: solid;vertical-align: middle\"><strong><span style=\"font-size: 0.9em\">13.<\/span><\/strong><\/td>\n<td style=\"text-align: center;border-color: #d9d9d9;border-style: solid;width: 300px;vertical-align: middle\"><span style=\"font-size: 0.9em\"><strong>\ud83c\uddee\ud83c\uddf1<\/strong> <strong>ISRA\u00cbL<br \/>\n<\/strong><\/span><\/td>\n<td style=\"text-align: center;border-color: #d9d9d9;border-style: solid;width: 90px;vertical-align: middle\"><strong>0<\/strong><\/td>\n<td style=\"text-align: center;border-color: #d9d9d9;border-style: solid;width: 90px;vertical-align: middle\">0<\/td>\n<td style=\"text-align: center;border-color: #d9d9d9;border-style: solid;width: 90px;vertical-align: middle\">1<\/td>\n<td style=\"text-align: center;border-color: #d9d9d9;border-style: solid;width: 90px;vertical-align: middle\"><strong>1<\/strong><\/td>\n<\/tr>\n<tr>\n<td style=\"text-align: center;width: 64px;border-color: #d9d9d9;border-style: solid;vertical-align: middle\"><strong><span style=\"font-size: 0.9em\">13.<\/span><\/strong><\/td>\n<td style=\"text-align: center;border-color: #d9d9d9;border-style: solid;width: 300px;vertical-align: middle\"><span style=\"font-size: 0.9em\"><strong>\ud83c\udde8\ud83c\uddff<\/strong> <strong>R\u00c9PUBLIQUE TCH\u00c8QUE<br \/>\n<\/strong><\/span><\/td>\n<td style=\"text-align: center;border-color: #d9d9d9;border-style: solid;width: 90px;vertical-align: middle\"><strong>0<\/strong><\/td>\n<td style=\"text-align: center;border-color: #d9d9d9;border-style: solid;width: 90px;vertical-align: middle\">0<\/td>\n<td style=\"text-align: center;border-color: #d9d9d9;border-style: solid;width: 90px;vertical-align: middle\">1<\/td>\n<td style=\"text-align: center;border-color: #d9d9d9;border-style: solid;width: 90px;vertical-align: middle\"><strong>1<\/strong><\/td>\n<\/tr>\n<\/tbody>\n<\/table>\n<\/div>\n<p><!--nextpage--><\/p>\n<table>\n<tbody>\n<tr>\n<td><strong>\ud83c\udde9\ud83c\uddea Allemagne<\/strong><\/td>\n<\/tr>\n<tr>\n<td>\ud83c\uddec\ud83c\udde7 <strong>Grande-Bretagne<\/strong><\/td>\n<\/tr>\n<tr>\n<td><strong>\ud83c\uddf3\ud83c\uddf1 Pays-Bas<\/strong><\/td>\n<\/tr>\n<tr>\n<td><strong>\ud83c\uddee\ud83c\uddf9 Italie<br \/>\n<\/strong><\/td>\n<\/tr>\n<tr>\n<td>\ud83c\uddeb\ud83c\uddf7 <strong>France<\/strong><\/td>\n<\/tr>\n<tr>\n<td>\ud83c\udde7\ud83c\uddea <strong>Belgique<\/strong><\/td>\n<\/tr>\n<tr>\n<td>\ud83c\uddf5\ud83c\uddf9 <strong>Portugal<\/strong><\/td>\n<\/tr>\n<tr>\n<td>\ud83c\uddf3\ud83c\uddf4 <strong>Norv\u00e8ge<\/strong><\/td>\n<\/tr>\n<tr>\n<td>\ud83c\uddf5\ud83c\uddf1\ud83c\uddeb\ud83c\uddf7 <strong>Pologne<\/strong><\/td>\n<\/tr>\n<tr>\n<td><strong>\ud83c\uddea\ud83c\uddf8 Espagne<\/strong><\/td>\n<\/tr>\n<\/tbody>\n<\/table>\n<p>&nbsp;<\/p>\n","protected":false},"excerpt":{"rendered":"<p>CYCLISME SUR PISTE &#8211; D\u00e9couvrez le palmar\u00e8s et le tableau des m\u00e9dailles des Championnats d&rsquo;Europe de cyclisme sur piste 2024, qui se d\u00e9roulent du mercredi 10 au dimanche 14 janvier.<\/p>\n","protected":false},"author":12,"featured_media":450893,"comment_status":"open","ping_status":"closed","sticky":false,"template":"","format":"standard","meta":{"_acf_changed":false,"_daextam_enable_autolinks":"1","footnotes":""},"categories":[14089],"tags":[16878],"class_list":["post-450891","post","type-post","status-publish","format-standard","has-post-thumbnail","hentry","category-cyclisme-sur-piste","tag-breve"],"acf":[],"yoast_head":"<!-- This site is optimized with the Yoast SEO Premium plugin v26.7 (Yoast SEO v26.7) - https:\/\/yoast.com\/wordpress\/plugins\/seo\/ -->\n<title>Palmar\u00e8s et Tableau des m\u00e9dailles Championnats d&#039;Europe Cyclisme sur piste 2024<\/title>\n<meta name=\"description\" content=\"D\u00e9couvrez le palmar\u00e8s et le tableau des m\u00e9dailles des Championnats d&#039;Europe de cyclisme sur piste, qui se d\u00e9roulent du 10 au 14 janvier.\" \/>\n<meta name=\"robots\" content=\"index, follow, max-snippet:-1, max-image-preview:large, max-video-preview:-1\" \/>\n<link rel=\"canonical\" href=\"https:\/\/dicodusport.fr\/blog\/palmares-et-tableau-des-medailles-championnats-deurope-cyclisme-sur-piste-2024\/\" \/>\n<link rel=\"next\" href=\"https:\/\/dicodusport.fr\/blog\/palmares-et-tableau-des-medailles-championnats-deurope-cyclisme-sur-piste-2024\/2\/\" \/>\n<meta property=\"og:locale\" content=\"fr_FR\" \/>\n<meta property=\"og:type\" content=\"article\" \/>\n<meta property=\"og:title\" content=\"Palmar\u00e8s et Tableau des m\u00e9dailles Championnats d&#039;Europe Cyclisme sur piste 2024\" \/>\n<meta property=\"og:description\" content=\"D\u00e9couvrez le palmar\u00e8s et le tableau des m\u00e9dailles des Championnats d&#039;Europe de cyclisme sur piste, qui se d\u00e9roulent du 10 au 14 janvier.\" \/>\n<meta property=\"og:url\" content=\"https:\/\/dicodusport.fr\/blog\/palmares-et-tableau-des-medailles-championnats-deurope-cyclisme-sur-piste-2024\/\" \/>\n<meta property=\"og:site_name\" content=\"Dicodusport\" \/>\n<meta property=\"article:publisher\" content=\"https:\/\/www.facebook.com\/dicodusport\" \/>\n<meta property=\"article:published_time\" content=\"2024-01-14T15:14:58+00:00\" \/>\n<meta property=\"article:modified_time\" content=\"2024-01-14T21:50:59+00:00\" \/>\n<meta property=\"og:image\" content=\"https:\/\/dicodusport.fr\/blog\/wp-content\/uploads\/2024\/01\/Palmares-et-Tableau-des-medailles-Championnats-dEurope-Cyclisme-sur-piste-2024.png\" \/>\n\t<meta property=\"og:image:width\" content=\"1200\" \/>\n\t<meta property=\"og:image:height\" content=\"674\" \/>\n\t<meta property=\"og:image:type\" content=\"image\/png\" \/>\n<meta name=\"author\" content=\"Arlette Yeye\" \/>\n<meta name=\"twitter:card\" content=\"summary_large_image\" \/>\n<meta name=\"twitter:title\" content=\"Palmar\u00e8s et Tableau des m\u00e9dailles Championnats d&#039;Europe Cyclisme sur piste 2024\" \/>\n<meta name=\"twitter:creator\" content=\"@https:\/\/twitter.com\/Shiclette94\" \/>\n<meta name=\"twitter:site\" content=\"@dicodusport\" \/>\n<script type=\"application\/ld+json\" class=\"yoast-schema-graph\">{\"@context\":\"https:\/\/schema.org\",\"@graph\":[{\"@type\":\"NewsArticle\",\"@id\":\"https:\/\/dicodusport.fr\/blog\/palmares-et-tableau-des-medailles-championnats-deurope-cyclisme-sur-piste-2024\/#article\",\"isPartOf\":{\"@id\":\"https:\/\/dicodusport.fr\/blog\/palmares-et-tableau-des-medailles-championnats-deurope-cyclisme-sur-piste-2024\/\"},\"author\":{\"name\":\"Arlette Yeye\",\"@id\":\"https:\/\/dicodusport.fr\/blog\/#\/schema\/person\/cce96fa88785bd8573e3d43078ac8c79\"},\"headline\":\"Palmar\u00e8s et Tableau des m\u00e9dailles Championnats d&rsquo;Europe Cyclisme sur piste 2024\",\"datePublished\":\"2024-01-14T15:14:58+00:00\",\"dateModified\":\"2024-01-14T21:50:59+00:00\",\"mainEntityOfPage\":{\"@id\":\"https:\/\/dicodusport.fr\/blog\/palmares-et-tableau-des-medailles-championnats-deurope-cyclisme-sur-piste-2024\/\"},\"wordCount\":483,\"commentCount\":0,\"publisher\":{\"@id\":\"https:\/\/dicodusport.fr\/blog\/#organization\"},\"image\":{\"@id\":\"https:\/\/dicodusport.fr\/blog\/palmares-et-tableau-des-medailles-championnats-deurope-cyclisme-sur-piste-2024\/#primaryimage\"},\"thumbnailUrl\":\"https:\/\/dicodusport.fr\/blog\/wp-content\/uploads\/2024\/01\/Palmares-et-Tableau-des-medailles-Championnats-dEurope-Cyclisme-sur-piste-2024.png\",\"keywords\":[\"br\u00e8ve\"],\"articleSection\":[\"Cyclisme sur piste\"],\"inLanguage\":\"fr-FR\",\"potentialAction\":[{\"@type\":\"CommentAction\",\"name\":\"Comment\",\"target\":[\"https:\/\/dicodusport.fr\/blog\/palmares-et-tableau-des-medailles-championnats-deurope-cyclisme-sur-piste-2024\/#respond\"]}],\"copyrightYear\":\"2024\",\"copyrightHolder\":{\"@id\":\"https:\/\/dicodusport.fr\/blog\/#organization\"}},{\"@type\":\"WebPage\",\"@id\":\"https:\/\/dicodusport.fr\/blog\/palmares-et-tableau-des-medailles-championnats-deurope-cyclisme-sur-piste-2024\/\",\"url\":\"https:\/\/dicodusport.fr\/blog\/palmares-et-tableau-des-medailles-championnats-deurope-cyclisme-sur-piste-2024\/\",\"name\":\"Palmar\u00e8s et Tableau des m\u00e9dailles Championnats d'Europe Cyclisme sur piste 2024\",\"isPartOf\":{\"@id\":\"https:\/\/dicodusport.fr\/blog\/#website\"},\"primaryImageOfPage\":{\"@id\":\"https:\/\/dicodusport.fr\/blog\/palmares-et-tableau-des-medailles-championnats-deurope-cyclisme-sur-piste-2024\/#primaryimage\"},\"image\":{\"@id\":\"https:\/\/dicodusport.fr\/blog\/palmares-et-tableau-des-medailles-championnats-deurope-cyclisme-sur-piste-2024\/#primaryimage\"},\"thumbnailUrl\":\"https:\/\/dicodusport.fr\/blog\/wp-content\/uploads\/2024\/01\/Palmares-et-Tableau-des-medailles-Championnats-dEurope-Cyclisme-sur-piste-2024.png\",\"datePublished\":\"2024-01-14T15:14:58+00:00\",\"dateModified\":\"2024-01-14T21:50:59+00:00\",\"description\":\"D\u00e9couvrez le palmar\u00e8s et le tableau des m\u00e9dailles des Championnats d'Europe de cyclisme sur piste, qui se d\u00e9roulent du 10 au 14 janvier.\",\"inLanguage\":\"fr-FR\",\"potentialAction\":[{\"@type\":\"ReadAction\",\"target\":[\"https:\/\/dicodusport.fr\/blog\/palmares-et-tableau-des-medailles-championnats-deurope-cyclisme-sur-piste-2024\/\"]}]},{\"@type\":\"ImageObject\",\"inLanguage\":\"fr-FR\",\"@id\":\"https:\/\/dicodusport.fr\/blog\/palmares-et-tableau-des-medailles-championnats-deurope-cyclisme-sur-piste-2024\/#primaryimage\",\"url\":\"https:\/\/dicodusport.fr\/blog\/wp-content\/uploads\/2024\/01\/Palmares-et-Tableau-des-medailles-Championnats-dEurope-Cyclisme-sur-piste-2024.png\",\"contentUrl\":\"https:\/\/dicodusport.fr\/blog\/wp-content\/uploads\/2024\/01\/Palmares-et-Tableau-des-medailles-Championnats-dEurope-Cyclisme-sur-piste-2024.png\",\"width\":1200,\"height\":674,\"caption\":\"Palmar\u00e8s et Tableau des m\u00e9dailles Championnats d'Europe Cyclisme sur piste 2024\"},{\"@type\":\"WebSite\",\"@id\":\"https:\/\/dicodusport.fr\/blog\/#website\",\"url\":\"https:\/\/dicodusport.fr\/blog\/\",\"name\":\"Dicodusport\",\"description\":\"L&#039;encyclop\u00e9die de l&#039;actualit\u00e9 sportive\",\"publisher\":{\"@id\":\"https:\/\/dicodusport.fr\/blog\/#organization\"},\"potentialAction\":[{\"@type\":\"SearchAction\",\"target\":{\"@type\":\"EntryPoint\",\"urlTemplate\":\"https:\/\/dicodusport.fr\/blog\/?s={search_term_string}\"},\"query-input\":{\"@type\":\"PropertyValueSpecification\",\"valueRequired\":true,\"valueName\":\"search_term_string\"}}],\"inLanguage\":\"fr-FR\"},{\"@type\":\"NewsMediaOrganization\",\"@id\":\"https:\/\/dicodusport.fr\/blog\/#organization\",\"name\":\"Dicodusport\",\"url\":\"https:\/\/dicodusport.fr\/blog\/\",\"logo\":{\"@type\":\"ImageObject\",\"inLanguage\":\"fr-FR\",\"@id\":\"https:\/\/dicodusport.fr\/blog\/#\/schema\/logo\/image\/\",\"url\":\"https:\/\/dicodusport.fr\/blog\/wp-content\/uploads\/2020\/06\/cropped-LOGO-DICODUSPORT-2020-SANS-FOND-SANS-TEXTE.png\",\"contentUrl\":\"https:\/\/dicodusport.fr\/blog\/wp-content\/uploads\/2020\/06\/cropped-LOGO-DICODUSPORT-2020-SANS-FOND-SANS-TEXTE.png\",\"width\":512,\"height\":512,\"caption\":\"Dicodusport\"},\"image\":{\"@id\":\"https:\/\/dicodusport.fr\/blog\/#\/schema\/logo\/image\/\"},\"sameAs\":[\"https:\/\/www.facebook.com\/dicodusport\",\"https:\/\/x.com\/dicodusport\",\"https:\/\/www.instagram.com\/dicodusport\/\",\"https:\/\/www.youtube.com\/channel\/UC7V2KZ5sd3htJivAbA4ZG3w\"],\"description\":\"Dicodusport est l'encyclop\u00e9die de l'actualit\u00e9 sportive.\",\"email\":\"bonjour@dicodusport.fr\",\"legalName\":\"DICODUSPORT\",\"foundingDate\":\"2018-01-14\",\"vatID\":\"FR71834470973\",\"taxID\":\"83447097300043\",\"numberOfEmployees\":{\"@type\":\"QuantitativeValue\",\"minValue\":\"1\",\"maxValue\":\"10\"}},{\"@type\":\"Person\",\"@id\":\"https:\/\/dicodusport.fr\/blog\/#\/schema\/person\/cce96fa88785bd8573e3d43078ac8c79\",\"name\":\"Arlette Yeye\",\"image\":{\"@type\":\"ImageObject\",\"inLanguage\":\"fr-FR\",\"@id\":\"https:\/\/dicodusport.fr\/blog\/#\/schema\/person\/image\/\",\"url\":\"https:\/\/secure.gravatar.com\/avatar\/dca4a6239e6d708e46c45d60e160de6c?s=96&d=wp_user_avatar&r=g\",\"contentUrl\":\"https:\/\/secure.gravatar.com\/avatar\/dca4a6239e6d708e46c45d60e160de6c?s=96&d=wp_user_avatar&r=g\",\"caption\":\"Arlette Yeye\"},\"description\":\"Journaliste\/r\u00e9dactrice depuis septembre 2015 - Supportrice de Chelsea, j'ai pour sports de pr\u00e9dilection le handball, l'athl\u00e9tisme et le tennis. Si je tweete plus vite que mon ombre, vous pouvez aussi me retrouver les week-ends sur les playgrounds de Bruxelles pour un petit foot ou basket entre potes. Parcourir la France, l'Europe et plus si affinit\u00e9s pour suivre mes sportifs pr\u00e9f\u00e9r\u00e9s ? Mon kif ! Et c'est avec plaisir que je partage les r\u00e9sultats des sports populaires mais \u00e9galement plus confidentiels pour Dicodusport.\",\"sameAs\":[\"https:\/\/x.com\/https:\/\/twitter.com\/Shiclette94\"],\"url\":\"https:\/\/dicodusport.fr\/blog\/author\/arlette\/\"}]}<\/script>\n<!-- \/ Yoast SEO Premium plugin. -->","yoast_head_json":{"title":"Palmar\u00e8s et Tableau des m\u00e9dailles Championnats d'Europe Cyclisme sur piste 2024","description":"D\u00e9couvrez le palmar\u00e8s et le tableau des m\u00e9dailles des Championnats d'Europe de cyclisme sur piste, qui se d\u00e9roulent du 10 au 14 janvier.","robots":{"index":"index","follow":"follow","max-snippet":"max-snippet:-1","max-image-preview":"max-image-preview:large","max-video-preview":"max-video-preview:-1"},"canonical":"https:\/\/dicodusport.fr\/blog\/palmares-et-tableau-des-medailles-championnats-deurope-cyclisme-sur-piste-2024\/","next":"https:\/\/dicodusport.fr\/blog\/palmares-et-tableau-des-medailles-championnats-deurope-cyclisme-sur-piste-2024\/2\/","og_locale":"fr_FR","og_type":"article","og_title":"Palmar\u00e8s et Tableau des m\u00e9dailles Championnats d'Europe Cyclisme sur piste 2024","og_description":"D\u00e9couvrez le palmar\u00e8s et le tableau des m\u00e9dailles des Championnats d'Europe de cyclisme sur piste, qui se d\u00e9roulent du 10 au 14 janvier.","og_url":"https:\/\/dicodusport.fr\/blog\/palmares-et-tableau-des-medailles-championnats-deurope-cyclisme-sur-piste-2024\/","og_site_name":"Dicodusport","article_publisher":"https:\/\/www.facebook.com\/dicodusport","article_published_time":"2024-01-14T15:14:58+00:00","article_modified_time":"2024-01-14T21:50:59+00:00","og_image":[{"width":1200,"height":674,"url":"https:\/\/dicodusport.fr\/blog\/wp-content\/uploads\/2024\/01\/Palmares-et-Tableau-des-medailles-Championnats-dEurope-Cyclisme-sur-piste-2024.png","type":"image\/png"}],"author":"Arlette Yeye","twitter_card":"summary_large_image","twitter_title":"Palmar\u00e8s et Tableau des m\u00e9dailles Championnats d'Europe Cyclisme sur piste 2024","twitter_creator":"@https:\/\/twitter.com\/Shiclette94","twitter_site":"@dicodusport","schema":{"@context":"https:\/\/schema.org","@graph":[{"@type":"NewsArticle","@id":"https:\/\/dicodusport.fr\/blog\/palmares-et-tableau-des-medailles-championnats-deurope-cyclisme-sur-piste-2024\/#article","isPartOf":{"@id":"https:\/\/dicodusport.fr\/blog\/palmares-et-tableau-des-medailles-championnats-deurope-cyclisme-sur-piste-2024\/"},"author":{"name":"Arlette Yeye","@id":"https:\/\/dicodusport.fr\/blog\/#\/schema\/person\/cce96fa88785bd8573e3d43078ac8c79"},"headline":"Palmar\u00e8s et Tableau des m\u00e9dailles Championnats d&rsquo;Europe Cyclisme sur piste 2024","datePublished":"2024-01-14T15:14:58+00:00","dateModified":"2024-01-14T21:50:59+00:00","mainEntityOfPage":{"@id":"https:\/\/dicodusport.fr\/blog\/palmares-et-tableau-des-medailles-championnats-deurope-cyclisme-sur-piste-2024\/"},"wordCount":483,"commentCount":0,"publisher":{"@id":"https:\/\/dicodusport.fr\/blog\/#organization"},"image":{"@id":"https:\/\/dicodusport.fr\/blog\/palmares-et-tableau-des-medailles-championnats-deurope-cyclisme-sur-piste-2024\/#primaryimage"},"thumbnailUrl":"https:\/\/dicodusport.fr\/blog\/wp-content\/uploads\/2024\/01\/Palmares-et-Tableau-des-medailles-Championnats-dEurope-Cyclisme-sur-piste-2024.png","keywords":["br\u00e8ve"],"articleSection":["Cyclisme sur piste"],"inLanguage":"fr-FR","potentialAction":[{"@type":"CommentAction","name":"Comment","target":["https:\/\/dicodusport.fr\/blog\/palmares-et-tableau-des-medailles-championnats-deurope-cyclisme-sur-piste-2024\/#respond"]}],"copyrightYear":"2024","copyrightHolder":{"@id":"https:\/\/dicodusport.fr\/blog\/#organization"}},{"@type":"WebPage","@id":"https:\/\/dicodusport.fr\/blog\/palmares-et-tableau-des-medailles-championnats-deurope-cyclisme-sur-piste-2024\/","url":"https:\/\/dicodusport.fr\/blog\/palmares-et-tableau-des-medailles-championnats-deurope-cyclisme-sur-piste-2024\/","name":"Palmar\u00e8s et Tableau des m\u00e9dailles Championnats d'Europe Cyclisme sur piste 2024","isPartOf":{"@id":"https:\/\/dicodusport.fr\/blog\/#website"},"primaryImageOfPage":{"@id":"https:\/\/dicodusport.fr\/blog\/palmares-et-tableau-des-medailles-championnats-deurope-cyclisme-sur-piste-2024\/#primaryimage"},"image":{"@id":"https:\/\/dicodusport.fr\/blog\/palmares-et-tableau-des-medailles-championnats-deurope-cyclisme-sur-piste-2024\/#primaryimage"},"thumbnailUrl":"https:\/\/dicodusport.fr\/blog\/wp-content\/uploads\/2024\/01\/Palmares-et-Tableau-des-medailles-Championnats-dEurope-Cyclisme-sur-piste-2024.png","datePublished":"2024-01-14T15:14:58+00:00","dateModified":"2024-01-14T21:50:59+00:00","description":"D\u00e9couvrez le palmar\u00e8s et le tableau des m\u00e9dailles des Championnats d'Europe de cyclisme sur piste, qui se d\u00e9roulent du 10 au 14 janvier.","inLanguage":"fr-FR","potentialAction":[{"@type":"ReadAction","target":["https:\/\/dicodusport.fr\/blog\/palmares-et-tableau-des-medailles-championnats-deurope-cyclisme-sur-piste-2024\/"]}]},{"@type":"ImageObject","inLanguage":"fr-FR","@id":"https:\/\/dicodusport.fr\/blog\/palmares-et-tableau-des-medailles-championnats-deurope-cyclisme-sur-piste-2024\/#primaryimage","url":"https:\/\/dicodusport.fr\/blog\/wp-content\/uploads\/2024\/01\/Palmares-et-Tableau-des-medailles-Championnats-dEurope-Cyclisme-sur-piste-2024.png","contentUrl":"https:\/\/dicodusport.fr\/blog\/wp-content\/uploads\/2024\/01\/Palmares-et-Tableau-des-medailles-Championnats-dEurope-Cyclisme-sur-piste-2024.png","width":1200,"height":674,"caption":"Palmar\u00e8s et Tableau des m\u00e9dailles Championnats d'Europe Cyclisme sur piste 2024"},{"@type":"WebSite","@id":"https:\/\/dicodusport.fr\/blog\/#website","url":"https:\/\/dicodusport.fr\/blog\/","name":"Dicodusport","description":"L&#039;encyclop\u00e9die de l&#039;actualit\u00e9 sportive","publisher":{"@id":"https:\/\/dicodusport.fr\/blog\/#organization"},"potentialAction":[{"@type":"SearchAction","target":{"@type":"EntryPoint","urlTemplate":"https:\/\/dicodusport.fr\/blog\/?s={search_term_string}"},"query-input":{"@type":"PropertyValueSpecification","valueRequired":true,"valueName":"search_term_string"}}],"inLanguage":"fr-FR"},{"@type":"NewsMediaOrganization","@id":"https:\/\/dicodusport.fr\/blog\/#organization","name":"Dicodusport","url":"https:\/\/dicodusport.fr\/blog\/","logo":{"@type":"ImageObject","inLanguage":"fr-FR","@id":"https:\/\/dicodusport.fr\/blog\/#\/schema\/logo\/image\/","url":"https:\/\/dicodusport.fr\/blog\/wp-content\/uploads\/2020\/06\/cropped-LOGO-DICODUSPORT-2020-SANS-FOND-SANS-TEXTE.png","contentUrl":"https:\/\/dicodusport.fr\/blog\/wp-content\/uploads\/2020\/06\/cropped-LOGO-DICODUSPORT-2020-SANS-FOND-SANS-TEXTE.png","width":512,"height":512,"caption":"Dicodusport"},"image":{"@id":"https:\/\/dicodusport.fr\/blog\/#\/schema\/logo\/image\/"},"sameAs":["https:\/\/www.facebook.com\/dicodusport","https:\/\/x.com\/dicodusport","https:\/\/www.instagram.com\/dicodusport\/","https:\/\/www.youtube.com\/channel\/UC7V2KZ5sd3htJivAbA4ZG3w"],"description":"Dicodusport est l'encyclop\u00e9die de l'actualit\u00e9 sportive.","email":"bonjour@dicodusport.fr","legalName":"DICODUSPORT","foundingDate":"2018-01-14","vatID":"FR71834470973","taxID":"83447097300043","numberOfEmployees":{"@type":"QuantitativeValue","minValue":"1","maxValue":"10"}},{"@type":"Person","@id":"https:\/\/dicodusport.fr\/blog\/#\/schema\/person\/cce96fa88785bd8573e3d43078ac8c79","name":"Arlette Yeye","image":{"@type":"ImageObject","inLanguage":"fr-FR","@id":"https:\/\/dicodusport.fr\/blog\/#\/schema\/person\/image\/","url":"https:\/\/secure.gravatar.com\/avatar\/dca4a6239e6d708e46c45d60e160de6c?s=96&d=wp_user_avatar&r=g","contentUrl":"https:\/\/secure.gravatar.com\/avatar\/dca4a6239e6d708e46c45d60e160de6c?s=96&d=wp_user_avatar&r=g","caption":"Arlette Yeye"},"description":"Journaliste\/r\u00e9dactrice depuis septembre 2015 - Supportrice de Chelsea, j'ai pour sports de pr\u00e9dilection le handball, l'athl\u00e9tisme et le tennis. Si je tweete plus vite que mon ombre, vous pouvez aussi me retrouver les week-ends sur les playgrounds de Bruxelles pour un petit foot ou basket entre potes. Parcourir la France, l'Europe et plus si affinit\u00e9s pour suivre mes sportifs pr\u00e9f\u00e9r\u00e9s ? Mon kif ! Et c'est avec plaisir que je partage les r\u00e9sultats des sports populaires mais \u00e9galement plus confidentiels pour Dicodusport.","sameAs":["https:\/\/x.com\/https:\/\/twitter.com\/Shiclette94"],"url":"https:\/\/dicodusport.fr\/blog\/author\/arlette\/"}]}},"_links":{"self":[{"href":"https:\/\/dicodusport.fr\/blog\/wp-json\/wp\/v2\/posts\/450891","targetHints":{"allow":["GET"]}}],"collection":[{"href":"https:\/\/dicodusport.fr\/blog\/wp-json\/wp\/v2\/posts"}],"about":[{"href":"https:\/\/dicodusport.fr\/blog\/wp-json\/wp\/v2\/types\/post"}],"author":[{"embeddable":true,"href":"https:\/\/dicodusport.fr\/blog\/wp-json\/wp\/v2\/users\/12"}],"replies":[{"embeddable":true,"href":"https:\/\/dicodusport.fr\/blog\/wp-json\/wp\/v2\/comments?post=450891"}],"version-history":[{"count":5,"href":"https:\/\/dicodusport.fr\/blog\/wp-json\/wp\/v2\/posts\/450891\/revisions"}],"predecessor-version":[{"id":452839,"href":"https:\/\/dicodusport.fr\/blog\/wp-json\/wp\/v2\/posts\/450891\/revisions\/452839"}],"wp:featuredmedia":[{"embeddable":true,"href":"https:\/\/dicodusport.fr\/blog\/wp-json\/wp\/v2\/media\/450893"}],"wp:attachment":[{"href":"https:\/\/dicodusport.fr\/blog\/wp-json\/wp\/v2\/media?parent=450891"}],"wp:term":[{"taxonomy":"category","embeddable":true,"href":"https:\/\/dicodusport.fr\/blog\/wp-json\/wp\/v2\/categories?post=450891"},{"taxonomy":"post_tag","embeddable":true,"href":"https:\/\/dicodusport.fr\/blog\/wp-json\/wp\/v2\/tags?post=450891"}],"curies":[{"name":"wp","href":"https:\/\/api.w.org\/{rel}","templated":true}]}}