{"id":450928,"date":"2024-01-10T08:37:24","date_gmt":"2024-01-10T07:37:24","guid":{"rendered":"https:\/\/dicodusport.fr\/blog\/?p=450928&#038;preview=true&#038;preview_id=450928"},"modified":"2024-01-10T16:28:48","modified_gmt":"2024-01-10T15:28:48","slug":"transferts-om-le-bayern-munich-veut-signer-jonathan-clauss","status":"publish","type":"post","link":"https:\/\/dicodusport.fr\/blog\/transferts-om-le-bayern-munich-veut-signer-jonathan-clauss\/","title":{"rendered":"Transferts OM : Le Bayern Munich veut signer Jonathan Clauss"},"content":{"rendered":"<p style=\"text-align: justify;\"><strong><em>LIGUE 1 2023-2024 &#8211; Selon Saber Desfarges, le Bayern Munich aimerait recruter le d\u00e9fenseur droit de l&rsquo;OM, Jonathan Clauss.<\/em><\/strong><\/p>\n<p style=\"text-align: justify;\">L&rsquo;<strong>Olympique de Marseille<\/strong> a enfin lanc\u00e9 son mercato hivernal avec la signature de <strong>Jean<\/strong> <strong>Onana<\/strong> au milieu de terrain. Pass\u00e9 par les <strong>Girondins<\/strong> <strong>de<\/strong> <strong>Bordeaux<\/strong> et le <strong>RC<\/strong> <strong>Lens<\/strong>, il \u00e9voluait au <strong>Besiktas<\/strong> depuis quelques mois. Pour le reste, <strong>Pablo<\/strong> <strong>Longoria<\/strong> continue de flairer de bonnes opportunit\u00e9s avec les moyens limit\u00e9s de <strong>Marseille<\/strong>, tant qu&rsquo;il n&rsquo;y aura pas eu de vente.<\/p>\n<ul style=\"text-align: justify;\">\n<li style=\"text-align: justify;\"><strong>\u00c0 ce sujet &#8211; <a href=\"https:\/\/dicodusport.fr\/blog\/transferts-om-jean-onana-va-signer-a-marseille\/\" target=\"_blank\" rel=\"noopener\">Transferts OM : Jean Onana va signer \u00e0 Marseille<\/a><\/strong><\/li>\n<\/ul>\n<h2 style=\"text-align: justify;\">Le Bayern Munich vise Jonathan Clauss<\/h2>\n<p style=\"text-align: justify;\">Dans l&rsquo;autre sens,<strong> Azzedine<\/strong> <strong>Ounahi<\/strong>, qui va disputer la <a href=\"https:\/\/dicodusport.fr\/blog\/can-2023-les-listes-des-24-selections-engagees-dans-la-competition\/\"><strong>CAN 2023<\/strong><\/a>\u00a0avec le <a href=\"https:\/\/dicodusport.fr\/blog\/maroc-la-liste-des-27-joueurs-pour-la-can-2023\/\"><strong>Maroc<\/strong><\/a>, est toujours candidat au d\u00e9part, mais l&rsquo;<strong>OM<\/strong> n&rsquo;a pour le moment pas re\u00e7u d&rsquo;offre concr\u00e8te. De son c\u00f4t\u00e9, <strong>Jonathan Clauss<\/strong> attire lui les convoitises et le <strong>Bayern<\/strong> <strong>Munich<\/strong> se serait positionn\u00e9 pour le recruter. Le club bavarois aimerait l&rsquo;associer \u00e0 <strong>Kingsley<\/strong> <strong>Coman<\/strong> dans le couloir droit, comme cela peut \u00eatre le cas en \u00e9quipe de France.<\/p>\n<p style=\"text-align: justify;\">Il y a tr\u00e8s peu de chances que l&rsquo;<strong>Olympique de Marseille<\/strong> accepte de vendre son joueur cet hiver, mais la donne pourrait \u00eatre diff\u00e9rente l&rsquo;\u00e9t\u00e9 prochain. Le lat\u00e9ral droit est li\u00e9 \u00e0 <strong>Marseille<\/strong> jusqu&rsquo;en juin 2025 et s&rsquo;il ne prolonge pas, le prochain mercato estival sera une des derni\u00e8res opportunit\u00e9s de le vendre contre une indemnit\u00e9. <strong>Jonathan<\/strong> <strong>Clauss<\/strong>, 31 ans, est \u00e0 un tournant de sa carri\u00e8re et pourrait \u00eatre tent\u00e9 par un challenge \u00e0 l&rsquo;\u00e9tranger dans un club au sein duquel il existe une vrai tradition pour les lat\u00e9raux fran\u00e7ais.<\/p>\n<blockquote class=\"twitter-tweet\">\n<p dir=\"ltr\" lang=\"fr\">\ud83d\udd35\u26aa\ufe0f Jonathan Clauss est aussi dans le viseur du Bayern Munich!<\/p>\n<p>Reformer le duo qu\u2019il compose avec Kingsley Coman, en \u00e9quipe de France, pla\u00eet au Bayern.<\/p>\n<p>Piste plus ouverte pour cet \u00e9t\u00e9, \u00e0 un an de la fin de contrat de Clauss avec l\u2019OM. <a href=\"https:\/\/t.co\/13wqMCsbdj\">pic.twitter.com\/13wqMCsbdj<\/a><\/p>\n<p>\u2014 Saber Desfarges (@SaberDesfa) <a href=\"https:\/\/twitter.com\/SaberDesfa\/status\/1744839966285271056?ref_src=twsrc%5Etfw\">January 9, 2024<\/a><\/p><\/blockquote>\n<p style=\"text-align: justify;\"><script async src=\"https:\/\/platform.twitter.com\/widgets.js\" charset=\"utf-8\"><\/script><\/p>\n","protected":false},"excerpt":{"rendered":"<p>LIGUE 1 2023-2024 &#8211; Selon Saber Desfarges, le Bayern Munich aimerait recruter le d\u00e9fenseur droit de l&rsquo;OM, Jonathan Clauss.<\/p>\n","protected":false},"author":1,"featured_media":450940,"comment_status":"open","ping_status":"closed","sticky":false,"template":"","format":"standard","meta":{"_acf_changed":false,"_daextam_enable_autolinks":"1","footnotes":""},"categories":[2301,47045],"tags":[16878,24413,75,22528,446,1889],"class_list":["post-450928","post","type-post","status-publish","format-standard","has-post-thumbnail","hentry","category-football","category-ligue-1","tag-breve","tag-clauss","tag-football","tag-jonathan-clauss","tag-marseille","tag-om"],"acf":[],"yoast_head":"<!-- This site is optimized with the Yoast SEO Premium plugin v26.7 (Yoast SEO v26.7) - https:\/\/yoast.com\/wordpress\/plugins\/seo\/ -->\n<title>Transferts OM : Le Bayern Munich veut signer Jonathan Clauss<\/title>\n<meta name=\"description\" content=\"LIGUE 1 2023-2024 - Selon Saber Desfarges, le Bayern Munich aimerait recruter le d\u00e9fenseur droit de l&#039;OM, Jonathan Clauss.\" \/>\n<meta name=\"robots\" content=\"index, follow, max-snippet:-1, max-image-preview:large, max-video-preview:-1\" \/>\n<link rel=\"canonical\" href=\"https:\/\/dicodusport.fr\/blog\/transferts-om-le-bayern-munich-veut-signer-jonathan-clauss\/\" \/>\n<meta property=\"og:locale\" content=\"fr_FR\" \/>\n<meta property=\"og:type\" content=\"article\" \/>\n<meta property=\"og:title\" content=\"Transferts OM : Le Bayern Munich veut signer Jonathan Clauss\" \/>\n<meta property=\"og:description\" content=\"LIGUE 1 2023-2024 - Selon Saber Desfarges, le Bayern Munich aimerait recruter le d\u00e9fenseur droit de l&#039;OM, Jonathan Clauss.\" \/>\n<meta property=\"og:url\" content=\"https:\/\/dicodusport.fr\/blog\/transferts-om-le-bayern-munich-veut-signer-jonathan-clauss\/\" \/>\n<meta property=\"og:site_name\" content=\"Dicodusport\" \/>\n<meta property=\"article:publisher\" content=\"https:\/\/www.facebook.com\/dicodusport\" \/>\n<meta property=\"article:author\" content=\"https:\/\/www.facebook.com\/dicodusport\" \/>\n<meta property=\"article:published_time\" content=\"2024-01-10T07:37:24+00:00\" \/>\n<meta property=\"article:modified_time\" content=\"2024-01-10T15:28:48+00:00\" \/>\n<meta property=\"og:image\" content=\"https:\/\/dicodusport.fr\/blog\/wp-content\/uploads\/2024\/01\/Transferts-OM-Le-Bayern-Munich-veut-signer-Jonathan-Clauss.png\" \/>\n\t<meta property=\"og:image:width\" content=\"1200\" \/>\n\t<meta property=\"og:image:height\" content=\"674\" \/>\n\t<meta property=\"og:image:type\" content=\"image\/png\" \/>\n<meta name=\"author\" content=\"Nicolas Jacquemard\" \/>\n<meta name=\"twitter:card\" content=\"summary_large_image\" \/>\n<meta name=\"twitter:title\" content=\"Transferts OM : Le Bayern Munich veut signer Jonathan Clauss\" \/>\n<meta name=\"twitter:creator\" content=\"@https:\/\/twitter.com\/Nico_Jacquemard\" \/>\n<meta name=\"twitter:site\" content=\"@dicodusport\" \/>\n<script type=\"application\/ld+json\" class=\"yoast-schema-graph\">{\"@context\":\"https:\/\/schema.org\",\"@graph\":[{\"@type\":\"NewsArticle\",\"@id\":\"https:\/\/dicodusport.fr\/blog\/transferts-om-le-bayern-munich-veut-signer-jonathan-clauss\/#article\",\"isPartOf\":{\"@id\":\"https:\/\/dicodusport.fr\/blog\/transferts-om-le-bayern-munich-veut-signer-jonathan-clauss\/\"},\"author\":{\"name\":\"Nicolas Jacquemard\",\"@id\":\"https:\/\/dicodusport.fr\/blog\/#\/schema\/person\/55dcb50ad410894e431ed812bbb70191\"},\"headline\":\"Transferts OM : Le Bayern Munich veut signer Jonathan Clauss\",\"datePublished\":\"2024-01-10T07:37:24+00:00\",\"dateModified\":\"2024-01-10T15:28:48+00:00\",\"mainEntityOfPage\":{\"@id\":\"https:\/\/dicodusport.fr\/blog\/transferts-om-le-bayern-munich-veut-signer-jonathan-clauss\/\"},\"wordCount\":340,\"commentCount\":0,\"publisher\":{\"@id\":\"https:\/\/dicodusport.fr\/blog\/#organization\"},\"image\":{\"@id\":\"https:\/\/dicodusport.fr\/blog\/transferts-om-le-bayern-munich-veut-signer-jonathan-clauss\/#primaryimage\"},\"thumbnailUrl\":\"https:\/\/dicodusport.fr\/blog\/wp-content\/uploads\/2024\/01\/Transferts-OM-Le-Bayern-Munich-veut-signer-Jonathan-Clauss.png\",\"keywords\":[\"br\u00e8ve\",\"Clauss\",\"Football\",\"Jonathan Clauss\",\"Marseille\",\"OM\"],\"articleSection\":[\"Football\",\"Ligue 1\"],\"inLanguage\":\"fr-FR\",\"potentialAction\":[{\"@type\":\"CommentAction\",\"name\":\"Comment\",\"target\":[\"https:\/\/dicodusport.fr\/blog\/transferts-om-le-bayern-munich-veut-signer-jonathan-clauss\/#respond\"]}],\"copyrightYear\":\"2024\",\"copyrightHolder\":{\"@id\":\"https:\/\/dicodusport.fr\/blog\/#organization\"}},{\"@type\":\"WebPage\",\"@id\":\"https:\/\/dicodusport.fr\/blog\/transferts-om-le-bayern-munich-veut-signer-jonathan-clauss\/\",\"url\":\"https:\/\/dicodusport.fr\/blog\/transferts-om-le-bayern-munich-veut-signer-jonathan-clauss\/\",\"name\":\"Transferts OM : Le Bayern Munich veut signer Jonathan Clauss\",\"isPartOf\":{\"@id\":\"https:\/\/dicodusport.fr\/blog\/#website\"},\"primaryImageOfPage\":{\"@id\":\"https:\/\/dicodusport.fr\/blog\/transferts-om-le-bayern-munich-veut-signer-jonathan-clauss\/#primaryimage\"},\"image\":{\"@id\":\"https:\/\/dicodusport.fr\/blog\/transferts-om-le-bayern-munich-veut-signer-jonathan-clauss\/#primaryimage\"},\"thumbnailUrl\":\"https:\/\/dicodusport.fr\/blog\/wp-content\/uploads\/2024\/01\/Transferts-OM-Le-Bayern-Munich-veut-signer-Jonathan-Clauss.png\",\"datePublished\":\"2024-01-10T07:37:24+00:00\",\"dateModified\":\"2024-01-10T15:28:48+00:00\",\"description\":\"LIGUE 1 2023-2024 - Selon Saber Desfarges, le Bayern Munich aimerait recruter le d\u00e9fenseur droit de l'OM, Jonathan Clauss.\",\"breadcrumb\":{\"@id\":\"https:\/\/dicodusport.fr\/blog\/transferts-om-le-bayern-munich-veut-signer-jonathan-clauss\/#breadcrumb\"},\"inLanguage\":\"fr-FR\",\"potentialAction\":[{\"@type\":\"ReadAction\",\"target\":[\"https:\/\/dicodusport.fr\/blog\/transferts-om-le-bayern-munich-veut-signer-jonathan-clauss\/\"]}]},{\"@type\":\"ImageObject\",\"inLanguage\":\"fr-FR\",\"@id\":\"https:\/\/dicodusport.fr\/blog\/transferts-om-le-bayern-munich-veut-signer-jonathan-clauss\/#primaryimage\",\"url\":\"https:\/\/dicodusport.fr\/blog\/wp-content\/uploads\/2024\/01\/Transferts-OM-Le-Bayern-Munich-veut-signer-Jonathan-Clauss.png\",\"contentUrl\":\"https:\/\/dicodusport.fr\/blog\/wp-content\/uploads\/2024\/01\/Transferts-OM-Le-Bayern-Munich-veut-signer-Jonathan-Clauss.png\",\"width\":1200,\"height\":674},{\"@type\":\"BreadcrumbList\",\"@id\":\"https:\/\/dicodusport.fr\/blog\/transferts-om-le-bayern-munich-veut-signer-jonathan-clauss\/#breadcrumb\",\"itemListElement\":[{\"@type\":\"ListItem\",\"position\":1,\"name\":\"Accueil\",\"item\":\"https:\/\/dicodusport.fr\/blog\/\"},{\"@type\":\"ListItem\",\"position\":2,\"name\":\"Transferts OM : Le Bayern Munich veut signer Jonathan Clauss\"}]},{\"@type\":\"WebSite\",\"@id\":\"https:\/\/dicodusport.fr\/blog\/#website\",\"url\":\"https:\/\/dicodusport.fr\/blog\/\",\"name\":\"Dicodusport\",\"description\":\"L&#039;encyclop\u00e9die de l&#039;actualit\u00e9 sportive\",\"publisher\":{\"@id\":\"https:\/\/dicodusport.fr\/blog\/#organization\"},\"potentialAction\":[{\"@type\":\"SearchAction\",\"target\":{\"@type\":\"EntryPoint\",\"urlTemplate\":\"https:\/\/dicodusport.fr\/blog\/?s={search_term_string}\"},\"query-input\":{\"@type\":\"PropertyValueSpecification\",\"valueRequired\":true,\"valueName\":\"search_term_string\"}}],\"inLanguage\":\"fr-FR\"},{\"@type\":\"NewsMediaOrganization\",\"@id\":\"https:\/\/dicodusport.fr\/blog\/#organization\",\"name\":\"Dicodusport\",\"url\":\"https:\/\/dicodusport.fr\/blog\/\",\"logo\":{\"@type\":\"ImageObject\",\"inLanguage\":\"fr-FR\",\"@id\":\"https:\/\/dicodusport.fr\/blog\/#\/schema\/logo\/image\/\",\"url\":\"https:\/\/dicodusport.fr\/blog\/wp-content\/uploads\/2020\/06\/cropped-LOGO-DICODUSPORT-2020-SANS-FOND-SANS-TEXTE.png\",\"contentUrl\":\"https:\/\/dicodusport.fr\/blog\/wp-content\/uploads\/2020\/06\/cropped-LOGO-DICODUSPORT-2020-SANS-FOND-SANS-TEXTE.png\",\"width\":512,\"height\":512,\"caption\":\"Dicodusport\"},\"image\":{\"@id\":\"https:\/\/dicodusport.fr\/blog\/#\/schema\/logo\/image\/\"},\"sameAs\":[\"https:\/\/www.facebook.com\/dicodusport\",\"https:\/\/x.com\/dicodusport\",\"https:\/\/www.instagram.com\/dicodusport\/\",\"https:\/\/www.youtube.com\/channel\/UC7V2KZ5sd3htJivAbA4ZG3w\"],\"description\":\"Dicodusport est l'encyclop\u00e9die de l'actualit\u00e9 sportive.\",\"email\":\"bonjour@dicodusport.fr\",\"legalName\":\"DICODUSPORT\",\"foundingDate\":\"2018-01-14\",\"vatID\":\"FR71834470973\",\"taxID\":\"83447097300043\",\"numberOfEmployees\":{\"@type\":\"QuantitativeValue\",\"minValue\":\"1\",\"maxValue\":\"10\"}},{\"@type\":\"Person\",\"@id\":\"https:\/\/dicodusport.fr\/blog\/#\/schema\/person\/55dcb50ad410894e431ed812bbb70191\",\"name\":\"Nicolas Jacquemard\",\"image\":{\"@type\":\"ImageObject\",\"inLanguage\":\"fr-FR\",\"@id\":\"https:\/\/dicodusport.fr\/blog\/#\/schema\/person\/image\/\",\"url\":\"https:\/\/dicodusport.fr\/blog\/wp-content\/uploads\/2021\/05\/Nicolas-Jacquemard-150x150.jpeg\",\"contentUrl\":\"https:\/\/dicodusport.fr\/blog\/wp-content\/uploads\/2021\/05\/Nicolas-Jacquemard-150x150.jpeg\",\"caption\":\"Nicolas Jacquemard\"},\"description\":\"Passionn\u00e9 de sport et entrepreneur depuis mes 18 ans, la cr\u00e9ation de Dicodusport m'a sembl\u00e9 \u00e9vidente pour participer \u00e0 la m\u00e9diatisation d'un plus grand nombre de sports. Le chemin est long mais avec une \u00e9quipe des plus motiv\u00e9es et les Jeux Olympiques de Paris 2024 en point de mire, nous y arriverons ! Journaliste dans le monde du sport depuis plus de 5 ans, je traite aussi bien de football, de rugby, de biathlon que de cyclisme.\",\"sameAs\":[\"https:\/\/www.facebook.com\/dicodusport\",\"https:\/\/x.com\/https:\/\/twitter.com\/Nico_Jacquemard\"],\"url\":\"https:\/\/dicodusport.fr\/blog\/author\/dicodusport\/\"}]}<\/script>\n<!-- \/ Yoast SEO Premium plugin. -->","yoast_head_json":{"title":"Transferts OM : Le Bayern Munich veut signer Jonathan Clauss","description":"LIGUE 1 2023-2024 - Selon Saber Desfarges, le Bayern Munich aimerait recruter le d\u00e9fenseur droit de l'OM, Jonathan Clauss.","robots":{"index":"index","follow":"follow","max-snippet":"max-snippet:-1","max-image-preview":"max-image-preview:large","max-video-preview":"max-video-preview:-1"},"canonical":"https:\/\/dicodusport.fr\/blog\/transferts-om-le-bayern-munich-veut-signer-jonathan-clauss\/","og_locale":"fr_FR","og_type":"article","og_title":"Transferts OM : Le Bayern Munich veut signer Jonathan Clauss","og_description":"LIGUE 1 2023-2024 - Selon Saber Desfarges, le Bayern Munich aimerait recruter le d\u00e9fenseur droit de l'OM, Jonathan Clauss.","og_url":"https:\/\/dicodusport.fr\/blog\/transferts-om-le-bayern-munich-veut-signer-jonathan-clauss\/","og_site_name":"Dicodusport","article_publisher":"https:\/\/www.facebook.com\/dicodusport","article_author":"https:\/\/www.facebook.com\/dicodusport","article_published_time":"2024-01-10T07:37:24+00:00","article_modified_time":"2024-01-10T15:28:48+00:00","og_image":[{"width":1200,"height":674,"url":"https:\/\/dicodusport.fr\/blog\/wp-content\/uploads\/2024\/01\/Transferts-OM-Le-Bayern-Munich-veut-signer-Jonathan-Clauss.png","type":"image\/png"}],"author":"Nicolas Jacquemard","twitter_card":"summary_large_image","twitter_title":"Transferts OM : Le Bayern Munich veut signer Jonathan Clauss","twitter_creator":"@https:\/\/twitter.com\/Nico_Jacquemard","twitter_site":"@dicodusport","schema":{"@context":"https:\/\/schema.org","@graph":[{"@type":"NewsArticle","@id":"https:\/\/dicodusport.fr\/blog\/transferts-om-le-bayern-munich-veut-signer-jonathan-clauss\/#article","isPartOf":{"@id":"https:\/\/dicodusport.fr\/blog\/transferts-om-le-bayern-munich-veut-signer-jonathan-clauss\/"},"author":{"name":"Nicolas Jacquemard","@id":"https:\/\/dicodusport.fr\/blog\/#\/schema\/person\/55dcb50ad410894e431ed812bbb70191"},"headline":"Transferts OM : Le Bayern Munich veut signer Jonathan Clauss","datePublished":"2024-01-10T07:37:24+00:00","dateModified":"2024-01-10T15:28:48+00:00","mainEntityOfPage":{"@id":"https:\/\/dicodusport.fr\/blog\/transferts-om-le-bayern-munich-veut-signer-jonathan-clauss\/"},"wordCount":340,"commentCount":0,"publisher":{"@id":"https:\/\/dicodusport.fr\/blog\/#organization"},"image":{"@id":"https:\/\/dicodusport.fr\/blog\/transferts-om-le-bayern-munich-veut-signer-jonathan-clauss\/#primaryimage"},"thumbnailUrl":"https:\/\/dicodusport.fr\/blog\/wp-content\/uploads\/2024\/01\/Transferts-OM-Le-Bayern-Munich-veut-signer-Jonathan-Clauss.png","keywords":["br\u00e8ve","Clauss","Football","Jonathan Clauss","Marseille","OM"],"articleSection":["Football","Ligue 1"],"inLanguage":"fr-FR","potentialAction":[{"@type":"CommentAction","name":"Comment","target":["https:\/\/dicodusport.fr\/blog\/transferts-om-le-bayern-munich-veut-signer-jonathan-clauss\/#respond"]}],"copyrightYear":"2024","copyrightHolder":{"@id":"https:\/\/dicodusport.fr\/blog\/#organization"}},{"@type":"WebPage","@id":"https:\/\/dicodusport.fr\/blog\/transferts-om-le-bayern-munich-veut-signer-jonathan-clauss\/","url":"https:\/\/dicodusport.fr\/blog\/transferts-om-le-bayern-munich-veut-signer-jonathan-clauss\/","name":"Transferts OM : Le Bayern Munich veut signer Jonathan Clauss","isPartOf":{"@id":"https:\/\/dicodusport.fr\/blog\/#website"},"primaryImageOfPage":{"@id":"https:\/\/dicodusport.fr\/blog\/transferts-om-le-bayern-munich-veut-signer-jonathan-clauss\/#primaryimage"},"image":{"@id":"https:\/\/dicodusport.fr\/blog\/transferts-om-le-bayern-munich-veut-signer-jonathan-clauss\/#primaryimage"},"thumbnailUrl":"https:\/\/dicodusport.fr\/blog\/wp-content\/uploads\/2024\/01\/Transferts-OM-Le-Bayern-Munich-veut-signer-Jonathan-Clauss.png","datePublished":"2024-01-10T07:37:24+00:00","dateModified":"2024-01-10T15:28:48+00:00","description":"LIGUE 1 2023-2024 - Selon Saber Desfarges, le Bayern Munich aimerait recruter le d\u00e9fenseur droit de l'OM, Jonathan Clauss.","breadcrumb":{"@id":"https:\/\/dicodusport.fr\/blog\/transferts-om-le-bayern-munich-veut-signer-jonathan-clauss\/#breadcrumb"},"inLanguage":"fr-FR","potentialAction":[{"@type":"ReadAction","target":["https:\/\/dicodusport.fr\/blog\/transferts-om-le-bayern-munich-veut-signer-jonathan-clauss\/"]}]},{"@type":"ImageObject","inLanguage":"fr-FR","@id":"https:\/\/dicodusport.fr\/blog\/transferts-om-le-bayern-munich-veut-signer-jonathan-clauss\/#primaryimage","url":"https:\/\/dicodusport.fr\/blog\/wp-content\/uploads\/2024\/01\/Transferts-OM-Le-Bayern-Munich-veut-signer-Jonathan-Clauss.png","contentUrl":"https:\/\/dicodusport.fr\/blog\/wp-content\/uploads\/2024\/01\/Transferts-OM-Le-Bayern-Munich-veut-signer-Jonathan-Clauss.png","width":1200,"height":674},{"@type":"BreadcrumbList","@id":"https:\/\/dicodusport.fr\/blog\/transferts-om-le-bayern-munich-veut-signer-jonathan-clauss\/#breadcrumb","itemListElement":[{"@type":"ListItem","position":1,"name":"Accueil","item":"https:\/\/dicodusport.fr\/blog\/"},{"@type":"ListItem","position":2,"name":"Transferts OM : Le Bayern Munich veut signer Jonathan Clauss"}]},{"@type":"WebSite","@id":"https:\/\/dicodusport.fr\/blog\/#website","url":"https:\/\/dicodusport.fr\/blog\/","name":"Dicodusport","description":"L&#039;encyclop\u00e9die de l&#039;actualit\u00e9 sportive","publisher":{"@id":"https:\/\/dicodusport.fr\/blog\/#organization"},"potentialAction":[{"@type":"SearchAction","target":{"@type":"EntryPoint","urlTemplate":"https:\/\/dicodusport.fr\/blog\/?s={search_term_string}"},"query-input":{"@type":"PropertyValueSpecification","valueRequired":true,"valueName":"search_term_string"}}],"inLanguage":"fr-FR"},{"@type":"NewsMediaOrganization","@id":"https:\/\/dicodusport.fr\/blog\/#organization","name":"Dicodusport","url":"https:\/\/dicodusport.fr\/blog\/","logo":{"@type":"ImageObject","inLanguage":"fr-FR","@id":"https:\/\/dicodusport.fr\/blog\/#\/schema\/logo\/image\/","url":"https:\/\/dicodusport.fr\/blog\/wp-content\/uploads\/2020\/06\/cropped-LOGO-DICODUSPORT-2020-SANS-FOND-SANS-TEXTE.png","contentUrl":"https:\/\/dicodusport.fr\/blog\/wp-content\/uploads\/2020\/06\/cropped-LOGO-DICODUSPORT-2020-SANS-FOND-SANS-TEXTE.png","width":512,"height":512,"caption":"Dicodusport"},"image":{"@id":"https:\/\/dicodusport.fr\/blog\/#\/schema\/logo\/image\/"},"sameAs":["https:\/\/www.facebook.com\/dicodusport","https:\/\/x.com\/dicodusport","https:\/\/www.instagram.com\/dicodusport\/","https:\/\/www.youtube.com\/channel\/UC7V2KZ5sd3htJivAbA4ZG3w"],"description":"Dicodusport est l'encyclop\u00e9die de l'actualit\u00e9 sportive.","email":"bonjour@dicodusport.fr","legalName":"DICODUSPORT","foundingDate":"2018-01-14","vatID":"FR71834470973","taxID":"83447097300043","numberOfEmployees":{"@type":"QuantitativeValue","minValue":"1","maxValue":"10"}},{"@type":"Person","@id":"https:\/\/dicodusport.fr\/blog\/#\/schema\/person\/55dcb50ad410894e431ed812bbb70191","name":"Nicolas Jacquemard","image":{"@type":"ImageObject","inLanguage":"fr-FR","@id":"https:\/\/dicodusport.fr\/blog\/#\/schema\/person\/image\/","url":"https:\/\/dicodusport.fr\/blog\/wp-content\/uploads\/2021\/05\/Nicolas-Jacquemard-150x150.jpeg","contentUrl":"https:\/\/dicodusport.fr\/blog\/wp-content\/uploads\/2021\/05\/Nicolas-Jacquemard-150x150.jpeg","caption":"Nicolas Jacquemard"},"description":"Passionn\u00e9 de sport et entrepreneur depuis mes 18 ans, la cr\u00e9ation de Dicodusport m'a sembl\u00e9 \u00e9vidente pour participer \u00e0 la m\u00e9diatisation d'un plus grand nombre de sports. Le chemin est long mais avec une \u00e9quipe des plus motiv\u00e9es et les Jeux Olympiques de Paris 2024 en point de mire, nous y arriverons ! Journaliste dans le monde du sport depuis plus de 5 ans, je traite aussi bien de football, de rugby, de biathlon que de cyclisme.","sameAs":["https:\/\/www.facebook.com\/dicodusport","https:\/\/x.com\/https:\/\/twitter.com\/Nico_Jacquemard"],"url":"https:\/\/dicodusport.fr\/blog\/author\/dicodusport\/"}]}},"_links":{"self":[{"href":"https:\/\/dicodusport.fr\/blog\/wp-json\/wp\/v2\/posts\/450928","targetHints":{"allow":["GET"]}}],"collection":[{"href":"https:\/\/dicodusport.fr\/blog\/wp-json\/wp\/v2\/posts"}],"about":[{"href":"https:\/\/dicodusport.fr\/blog\/wp-json\/wp\/v2\/types\/post"}],"author":[{"embeddable":true,"href":"https:\/\/dicodusport.fr\/blog\/wp-json\/wp\/v2\/users\/1"}],"replies":[{"embeddable":true,"href":"https:\/\/dicodusport.fr\/blog\/wp-json\/wp\/v2\/comments?post=450928"}],"version-history":[{"count":3,"href":"https:\/\/dicodusport.fr\/blog\/wp-json\/wp\/v2\/posts\/450928\/revisions"}],"predecessor-version":[{"id":451107,"href":"https:\/\/dicodusport.fr\/blog\/wp-json\/wp\/v2\/posts\/450928\/revisions\/451107"}],"wp:featuredmedia":[{"embeddable":true,"href":"https:\/\/dicodusport.fr\/blog\/wp-json\/wp\/v2\/media\/450940"}],"wp:attachment":[{"href":"https:\/\/dicodusport.fr\/blog\/wp-json\/wp\/v2\/media?parent=450928"}],"wp:term":[{"taxonomy":"category","embeddable":true,"href":"https:\/\/dicodusport.fr\/blog\/wp-json\/wp\/v2\/categories?post=450928"},{"taxonomy":"post_tag","embeddable":true,"href":"https:\/\/dicodusport.fr\/blog\/wp-json\/wp\/v2\/tags?post=450928"}],"curies":[{"name":"wp","href":"https:\/\/api.w.org\/{rel}","templated":true}]}}