{"id":450962,"date":"2024-01-10T11:31:07","date_gmt":"2024-01-10T10:31:07","guid":{"rendered":"https:\/\/dicodusport.fr\/blog\/?p=450962&#038;preview=true&#038;preview_id=450962"},"modified":"2024-01-10T23:13:50","modified_gmt":"2024-01-10T22:13:50","slug":"julian-alaphilippe-sur-sa-non-participation-au-tour-ce-nest-pas-une-punition-du-tout","status":"publish","type":"post","link":"https:\/\/dicodusport.fr\/blog\/julian-alaphilippe-sur-sa-non-participation-au-tour-ce-nest-pas-une-punition-du-tout\/","title":{"rendered":"Julian Alaphilippe sur sa non-participation au Tour : \u00ab\u00a0Ce n&rsquo;est pas une punition du tout\u00a0\u00bb"},"content":{"rendered":"<p style=\"text-align: justify;\"><strong><em>CYCLISME &#8211; Julian Alaphilippe (Soudal Quick-Step) s&rsquo;est exprim\u00e9 dans les colonnes de <a href=\"https:\/\/www.lequipe.fr\/Cyclisme-sur-route\/Article\/Julian-alaphilippe-s-explique-sur-sa-non-participation-au-tour-de-france-2024-ni-une-punition-ni-une-non-selection\/1441269\">L&rsquo;\u00c9quipe<\/a>, \u00e0 propos de sa non-participation au Tour de France 2024. Le double champion du monde cherche \u00e0 relativiser.<\/em><\/strong><\/p>\n<p style=\"text-align: justify;\"><em>\u00ab Ce n&rsquo;est pas une non-s\u00e9lection et ce n&rsquo;est pas une punition du tout \u00bb<\/em>. Dans les colonnes de nos confr\u00e8res de <em>L&rsquo;\u00c9quipe<\/em>, <strong>Julian Alaphilippe<\/strong> relativise sur sa non-participation au Tour de France. Le double champion du monde sera align\u00e9 par <a href=\"https:\/\/dicodusport.fr\/blog\/lefevere-sur-alaphilippe-le-giro-convient-a-son-style-de-coureur-impulsif-pas-toujours-intelligent\/\">son \u00e9quipe Soudal Quick-Step sur les routes du Tour d&rsquo;Italie<\/a>. Des routes du Giro que le Fran\u00e7ais va d\u00e9couvrir pour la premi\u00e8re fois \u00e0 32 ans. Il n&rsquo;y aura pas de Grande Boucle pour celui qui a remport\u00e9 des \u00e9tapes en 2018, 2019, 2020 et 2021. Non seulement pas une punition, mais une volont\u00e9 de changement de la part du Tricolore : <em>\u00ab Entre l&rsquo;Australie, les classiques et le Giro, j&rsquo;avais envie de changement \u00bb<\/em>. Et une envie partag\u00e9e par son manager g\u00e9n\u00e9ral <strong>Patrick Lefevere<\/strong>.<\/p>\n<p style=\"text-align: justify;\">Le premier objectif de<em> Loulou<\/em> sera le Tour des Flandres. Une course qu&rsquo;il avait d\u00e9couverte en 2020, passant tout pr\u00e8s de la victoire. Avec <strong>Mathieu van der Poel<\/strong> et <strong>Wout Van Aert<\/strong> \u00e9chapp\u00e9s devant les autres favoris, il avait connu une chute en percutant une moto. <strong>Julian Alaphilippe<\/strong> a envie de peser sur ce Monument flandrien en 2024.<\/p>\n<blockquote>\n<p style=\"text-align: justify;\">Je suis concentr\u00e9 sur le moment, sur ma pr\u00e9paration en vue du bloc italien que j&rsquo;adore : Strade Bianche, Tirreno-Adriatico, Milan-San Remo et les Flandriennes. J&rsquo;ai envie d&rsquo;\u00eatre au d\u00e9part du Tour des Flandres \u00e0 100 % de mes moyens. C&rsquo;est une saison nouvelle, j&rsquo;ai h\u00e2te de voir comment \u00e7a va se passer. \u00c7a fait du bien d&rsquo;apporter du changement par rapport \u00e0 la routine de toute une carri\u00e8re.<\/p>\n<\/blockquote>\n<p style=\"text-align: justify;\">2024, peut-\u00eatre l&rsquo;ann\u00e9e de la renaissance pour <strong>Julian Alaphilippe<\/strong>, qui aspire \u00e0 revenir au plus haut niveau. Et pourquoi pas glaner un succ\u00e8s sur le Giro et entrer dans le cercle de coureurs ayant remport\u00e9 une victoire d&rsquo;\u00e9tape sur chaque Grand Tour.<\/p>\n<div class=\"vlp-link-container vlp-layout-article\"><a href=\"https:\/\/dicodusport.fr\/blog\/cyclisme-julian-alaphilippe-peut-il-retrouver-les-sommets\/\" class=\"vlp-link\" title=\"Cyclisme : Julian Alaphilippe peut-il retrouver les sommets ?\"><\/a><div class=\"vlp-layout-zone-side\"><div class=\"vlp-block-4 vlp-link-image\"><img loading=\"lazy\" decoding=\"async\" style=\"max-width: 792px;\" width=\"792\" height=\"445\" src=\"https:\/\/dicodusport.fr\/blog\/wp-content\/uploads\/2024\/01\/Cyclisme-Julian-Alaphilippe-peut-il-retrouver-les-sommets-.png\" class=\"attachment-800x445 size-800x445\" alt=\"Cyclisme - Julian Alaphilippe peut-il retrouver les sommets ?\" srcset=\"https:\/\/dicodusport.fr\/blog\/wp-content\/uploads\/2024\/01\/Cyclisme-Julian-Alaphilippe-peut-il-retrouver-les-sommets-.png 1200w, https:\/\/dicodusport.fr\/blog\/wp-content\/uploads\/2024\/01\/Cyclisme-Julian-Alaphilippe-peut-il-retrouver-les-sommets--300x169.png 300w, https:\/\/dicodusport.fr\/blog\/wp-content\/uploads\/2024\/01\/Cyclisme-Julian-Alaphilippe-peut-il-retrouver-les-sommets--1024x575.png 1024w, https:\/\/dicodusport.fr\/blog\/wp-content\/uploads\/2024\/01\/Cyclisme-Julian-Alaphilippe-peut-il-retrouver-les-sommets--768x431.png 768w\" sizes=\"auto, (max-width: 792px) 100vw, 792px\" \/><\/div><\/div><div class=\"vlp-layout-zone-main\"><div class=\"vlp-block-0 vlp-link-title\">Cyclisme : Julian Alaphilippe peut-il retrouver les sommets ?<\/div><div class=\"vlp-block-1 vlp-link-summary\">CYCLISME SUR ROUTE - Que peut esp\u00e9rer Julian Alaphilippe en 2024, pour sa derni\u00e8re ann\u00e9e de contrat avec la formation Soudal Quick-Step ?<\/div><div class=\"vlp-block-2 vlp-link-button\">Lire l'article<\/div><div class=\"vlp-block-3 vlp-link-url\">dicodusport.fr<\/div><\/div><\/div>\n","protected":false},"excerpt":{"rendered":"<p>CYCLISME &#8211; Julian Alaphilippe (Soudal Quick-Step) s&rsquo;est exprim\u00e9 dans les colonnes de L&rsquo;\u00c9quipe, \u00e0 propos de sa non-participation au Tour de France 2024. Le double champion du monde cherche \u00e0 relativiser.<\/p>\n","protected":false},"author":83,"featured_media":450974,"comment_status":"open","ping_status":"closed","sticky":false,"template":"","format":"standard","meta":{"_acf_changed":false,"_daextam_enable_autolinks":"1","footnotes":""},"categories":[46994],"tags":[16878,574,1719,24],"class_list":["post-450962","post","type-post","status-publish","format-standard","has-post-thumbnail","hentry","category-cyclisme-sur-route","tag-breve","tag-cyclisme","tag-julian-alaphilippe","tag-sport"],"acf":[],"yoast_head":"<!-- This site is optimized with the Yoast SEO Premium plugin v26.7 (Yoast SEO v26.7) - https:\/\/yoast.com\/wordpress\/plugins\/seo\/ -->\n<title>Julian Alaphilippe sur sa non-participation au Tour : &quot;Ce n&#039;est pas une punition du tout&quot;<\/title>\n<meta name=\"description\" content=\"CYCLISME - Julian Alaphilippe s&#039;est exprim\u00e9 dans les colonnes de L&#039;\u00c9quipe, \u00e0 propos de sa non-participation au Tour de France 2024.\" \/>\n<meta name=\"robots\" content=\"index, follow, max-snippet:-1, max-image-preview:large, max-video-preview:-1\" \/>\n<link rel=\"canonical\" href=\"https:\/\/dicodusport.fr\/blog\/julian-alaphilippe-sur-sa-non-participation-au-tour-ce-nest-pas-une-punition-du-tout\/\" \/>\n<meta property=\"og:locale\" content=\"fr_FR\" \/>\n<meta property=\"og:type\" content=\"article\" \/>\n<meta property=\"og:title\" content=\"Julian Alaphilippe sur sa non-participation au Tour : &quot;Ce n&#039;est pas une punition du tout&quot;\" \/>\n<meta property=\"og:description\" content=\"CYCLISME - Julian Alaphilippe s&#039;est exprim\u00e9 dans les colonnes de L&#039;\u00c9quipe, \u00e0 propos de sa non-participation au Tour de France 2024.\" \/>\n<meta property=\"og:url\" content=\"https:\/\/dicodusport.fr\/blog\/julian-alaphilippe-sur-sa-non-participation-au-tour-ce-nest-pas-une-punition-du-tout\/\" \/>\n<meta property=\"og:site_name\" content=\"Dicodusport\" \/>\n<meta property=\"article:publisher\" content=\"https:\/\/www.facebook.com\/dicodusport\" \/>\n<meta property=\"article:published_time\" content=\"2024-01-10T10:31:07+00:00\" \/>\n<meta property=\"article:modified_time\" content=\"2024-01-10T22:13:50+00:00\" \/>\n<meta property=\"og:image\" content=\"https:\/\/dicodusport.fr\/blog\/wp-content\/uploads\/2024\/01\/Julian-Alaphilippe-sur-sa-non-participation-au-Tour-Ce-nest-pas-une-punition-du-tout.png\" \/>\n\t<meta property=\"og:image:width\" content=\"1200\" \/>\n\t<meta property=\"og:image:height\" content=\"674\" \/>\n\t<meta property=\"og:image:type\" content=\"image\/png\" \/>\n<meta name=\"author\" content=\"Etienne Goursaud\" \/>\n<meta name=\"twitter:card\" content=\"summary_large_image\" \/>\n<meta name=\"twitter:title\" content=\"Julian Alaphilippe sur sa non-participation au Tour : &quot;Ce n&#039;est pas une punition du tout&quot;\" \/>\n<meta name=\"twitter:creator\" content=\"@dicodusport\" \/>\n<meta name=\"twitter:site\" content=\"@dicodusport\" \/>\n<script type=\"application\/ld+json\" class=\"yoast-schema-graph\">{\"@context\":\"https:\/\/schema.org\",\"@graph\":[{\"@type\":\"NewsArticle\",\"@id\":\"https:\/\/dicodusport.fr\/blog\/julian-alaphilippe-sur-sa-non-participation-au-tour-ce-nest-pas-une-punition-du-tout\/#article\",\"isPartOf\":{\"@id\":\"https:\/\/dicodusport.fr\/blog\/julian-alaphilippe-sur-sa-non-participation-au-tour-ce-nest-pas-une-punition-du-tout\/\"},\"author\":{\"name\":\"Etienne Goursaud\",\"@id\":\"https:\/\/dicodusport.fr\/blog\/#\/schema\/person\/d603dd7da31fb2b46c82b9835a77ec13\"},\"headline\":\"Julian Alaphilippe sur sa non-participation au Tour : \u00ab\u00a0Ce n&rsquo;est pas une punition du tout\u00a0\u00bb\",\"datePublished\":\"2024-01-10T10:31:07+00:00\",\"dateModified\":\"2024-01-10T22:13:50+00:00\",\"mainEntityOfPage\":{\"@id\":\"https:\/\/dicodusport.fr\/blog\/julian-alaphilippe-sur-sa-non-participation-au-tour-ce-nest-pas-une-punition-du-tout\/\"},\"wordCount\":430,\"commentCount\":0,\"publisher\":{\"@id\":\"https:\/\/dicodusport.fr\/blog\/#organization\"},\"image\":{\"@id\":\"https:\/\/dicodusport.fr\/blog\/julian-alaphilippe-sur-sa-non-participation-au-tour-ce-nest-pas-une-punition-du-tout\/#primaryimage\"},\"thumbnailUrl\":\"https:\/\/dicodusport.fr\/blog\/wp-content\/uploads\/2024\/01\/Julian-Alaphilippe-sur-sa-non-participation-au-Tour-Ce-nest-pas-une-punition-du-tout.png\",\"keywords\":[\"br\u00e8ve\",\"Cyclisme\",\"Julian Alaphilippe\",\"sport\"],\"articleSection\":[\"Cyclisme sur route\"],\"inLanguage\":\"fr-FR\",\"potentialAction\":[{\"@type\":\"CommentAction\",\"name\":\"Comment\",\"target\":[\"https:\/\/dicodusport.fr\/blog\/julian-alaphilippe-sur-sa-non-participation-au-tour-ce-nest-pas-une-punition-du-tout\/#respond\"]}],\"copyrightYear\":\"2024\",\"copyrightHolder\":{\"@id\":\"https:\/\/dicodusport.fr\/blog\/#organization\"}},{\"@type\":\"WebPage\",\"@id\":\"https:\/\/dicodusport.fr\/blog\/julian-alaphilippe-sur-sa-non-participation-au-tour-ce-nest-pas-une-punition-du-tout\/\",\"url\":\"https:\/\/dicodusport.fr\/blog\/julian-alaphilippe-sur-sa-non-participation-au-tour-ce-nest-pas-une-punition-du-tout\/\",\"name\":\"Julian Alaphilippe sur sa non-participation au Tour : \\\"Ce n'est pas une punition du tout\\\"\",\"isPartOf\":{\"@id\":\"https:\/\/dicodusport.fr\/blog\/#website\"},\"primaryImageOfPage\":{\"@id\":\"https:\/\/dicodusport.fr\/blog\/julian-alaphilippe-sur-sa-non-participation-au-tour-ce-nest-pas-une-punition-du-tout\/#primaryimage\"},\"image\":{\"@id\":\"https:\/\/dicodusport.fr\/blog\/julian-alaphilippe-sur-sa-non-participation-au-tour-ce-nest-pas-une-punition-du-tout\/#primaryimage\"},\"thumbnailUrl\":\"https:\/\/dicodusport.fr\/blog\/wp-content\/uploads\/2024\/01\/Julian-Alaphilippe-sur-sa-non-participation-au-Tour-Ce-nest-pas-une-punition-du-tout.png\",\"datePublished\":\"2024-01-10T10:31:07+00:00\",\"dateModified\":\"2024-01-10T22:13:50+00:00\",\"description\":\"CYCLISME - Julian Alaphilippe s'est exprim\u00e9 dans les colonnes de L'\u00c9quipe, \u00e0 propos de sa non-participation au Tour de France 2024.\",\"breadcrumb\":{\"@id\":\"https:\/\/dicodusport.fr\/blog\/julian-alaphilippe-sur-sa-non-participation-au-tour-ce-nest-pas-une-punition-du-tout\/#breadcrumb\"},\"inLanguage\":\"fr-FR\",\"potentialAction\":[{\"@type\":\"ReadAction\",\"target\":[\"https:\/\/dicodusport.fr\/blog\/julian-alaphilippe-sur-sa-non-participation-au-tour-ce-nest-pas-une-punition-du-tout\/\"]}]},{\"@type\":\"ImageObject\",\"inLanguage\":\"fr-FR\",\"@id\":\"https:\/\/dicodusport.fr\/blog\/julian-alaphilippe-sur-sa-non-participation-au-tour-ce-nest-pas-une-punition-du-tout\/#primaryimage\",\"url\":\"https:\/\/dicodusport.fr\/blog\/wp-content\/uploads\/2024\/01\/Julian-Alaphilippe-sur-sa-non-participation-au-Tour-Ce-nest-pas-une-punition-du-tout.png\",\"contentUrl\":\"https:\/\/dicodusport.fr\/blog\/wp-content\/uploads\/2024\/01\/Julian-Alaphilippe-sur-sa-non-participation-au-Tour-Ce-nest-pas-une-punition-du-tout.png\",\"width\":1200,\"height\":674,\"caption\":\"Julian Alaphilippe sur sa non participation au Tour : \\\"Ce n'est pas une punition du tout\\\"\"},{\"@type\":\"BreadcrumbList\",\"@id\":\"https:\/\/dicodusport.fr\/blog\/julian-alaphilippe-sur-sa-non-participation-au-tour-ce-nest-pas-une-punition-du-tout\/#breadcrumb\",\"itemListElement\":[{\"@type\":\"ListItem\",\"position\":1,\"name\":\"Accueil\",\"item\":\"https:\/\/dicodusport.fr\/blog\/\"},{\"@type\":\"ListItem\",\"position\":2,\"name\":\"Julian Alaphilippe sur sa non-participation au Tour : \u00ab\u00a0Ce n&rsquo;est pas une punition du tout\u00a0\u00bb\"}]},{\"@type\":\"WebSite\",\"@id\":\"https:\/\/dicodusport.fr\/blog\/#website\",\"url\":\"https:\/\/dicodusport.fr\/blog\/\",\"name\":\"Dicodusport\",\"description\":\"L&#039;encyclop\u00e9die de l&#039;actualit\u00e9 sportive\",\"publisher\":{\"@id\":\"https:\/\/dicodusport.fr\/blog\/#organization\"},\"potentialAction\":[{\"@type\":\"SearchAction\",\"target\":{\"@type\":\"EntryPoint\",\"urlTemplate\":\"https:\/\/dicodusport.fr\/blog\/?s={search_term_string}\"},\"query-input\":{\"@type\":\"PropertyValueSpecification\",\"valueRequired\":true,\"valueName\":\"search_term_string\"}}],\"inLanguage\":\"fr-FR\"},{\"@type\":\"NewsMediaOrganization\",\"@id\":\"https:\/\/dicodusport.fr\/blog\/#organization\",\"name\":\"Dicodusport\",\"url\":\"https:\/\/dicodusport.fr\/blog\/\",\"logo\":{\"@type\":\"ImageObject\",\"inLanguage\":\"fr-FR\",\"@id\":\"https:\/\/dicodusport.fr\/blog\/#\/schema\/logo\/image\/\",\"url\":\"https:\/\/dicodusport.fr\/blog\/wp-content\/uploads\/2020\/06\/cropped-LOGO-DICODUSPORT-2020-SANS-FOND-SANS-TEXTE.png\",\"contentUrl\":\"https:\/\/dicodusport.fr\/blog\/wp-content\/uploads\/2020\/06\/cropped-LOGO-DICODUSPORT-2020-SANS-FOND-SANS-TEXTE.png\",\"width\":512,\"height\":512,\"caption\":\"Dicodusport\"},\"image\":{\"@id\":\"https:\/\/dicodusport.fr\/blog\/#\/schema\/logo\/image\/\"},\"sameAs\":[\"https:\/\/www.facebook.com\/dicodusport\",\"https:\/\/x.com\/dicodusport\",\"https:\/\/www.instagram.com\/dicodusport\/\",\"https:\/\/www.youtube.com\/channel\/UC7V2KZ5sd3htJivAbA4ZG3w\"],\"description\":\"Dicodusport est l'encyclop\u00e9die de l'actualit\u00e9 sportive.\",\"email\":\"bonjour@dicodusport.fr\",\"legalName\":\"DICODUSPORT\",\"foundingDate\":\"2018-01-14\",\"vatID\":\"FR71834470973\",\"taxID\":\"83447097300043\",\"numberOfEmployees\":{\"@type\":\"QuantitativeValue\",\"minValue\":\"1\",\"maxValue\":\"10\"}},{\"@type\":\"Person\",\"@id\":\"https:\/\/dicodusport.fr\/blog\/#\/schema\/person\/d603dd7da31fb2b46c82b9835a77ec13\",\"name\":\"Etienne Goursaud\",\"image\":{\"@type\":\"ImageObject\",\"inLanguage\":\"fr-FR\",\"@id\":\"https:\/\/dicodusport.fr\/blog\/#\/schema\/person\/image\/\",\"url\":\"https:\/\/dicodusport.fr\/blog\/wp-content\/uploads\/2023\/12\/410122264_10231602061736049_5565839791558026645_n-150x150.jpg\",\"contentUrl\":\"https:\/\/dicodusport.fr\/blog\/wp-content\/uploads\/2023\/12\/410122264_10231602061736049_5565839791558026645_n-150x150.jpg\",\"caption\":\"Etienne Goursaud\"},\"description\":\"Journaliste et amoureux de sport. Ancien footballeur reconverti athl\u00e8te quand ses muscles le laissent tranquille. \u00c9lev\u00e9 \u00e0 la sauce des exploits de Thomas Voeckler en 2004, du dernier essai de l\u00e9gende de Eunice Barber \u00e0 la longueur lors des championnats du monde d'athl\u00e9tisme de 2003 mais aussi Zidane, Omeyer et Titou Lamaison.\",\"url\":\"https:\/\/dicodusport.fr\/blog\/author\/etienne-goursaud\/\"}]}<\/script>\n<!-- \/ Yoast SEO Premium plugin. -->","yoast_head_json":{"title":"Julian Alaphilippe sur sa non-participation au Tour : \"Ce n'est pas une punition du tout\"","description":"CYCLISME - Julian Alaphilippe s'est exprim\u00e9 dans les colonnes de L'\u00c9quipe, \u00e0 propos de sa non-participation au Tour de France 2024.","robots":{"index":"index","follow":"follow","max-snippet":"max-snippet:-1","max-image-preview":"max-image-preview:large","max-video-preview":"max-video-preview:-1"},"canonical":"https:\/\/dicodusport.fr\/blog\/julian-alaphilippe-sur-sa-non-participation-au-tour-ce-nest-pas-une-punition-du-tout\/","og_locale":"fr_FR","og_type":"article","og_title":"Julian Alaphilippe sur sa non-participation au Tour : \"Ce n'est pas une punition du tout\"","og_description":"CYCLISME - Julian Alaphilippe s'est exprim\u00e9 dans les colonnes de L'\u00c9quipe, \u00e0 propos de sa non-participation au Tour de France 2024.","og_url":"https:\/\/dicodusport.fr\/blog\/julian-alaphilippe-sur-sa-non-participation-au-tour-ce-nest-pas-une-punition-du-tout\/","og_site_name":"Dicodusport","article_publisher":"https:\/\/www.facebook.com\/dicodusport","article_published_time":"2024-01-10T10:31:07+00:00","article_modified_time":"2024-01-10T22:13:50+00:00","og_image":[{"width":1200,"height":674,"url":"https:\/\/dicodusport.fr\/blog\/wp-content\/uploads\/2024\/01\/Julian-Alaphilippe-sur-sa-non-participation-au-Tour-Ce-nest-pas-une-punition-du-tout.png","type":"image\/png"}],"author":"Etienne Goursaud","twitter_card":"summary_large_image","twitter_title":"Julian Alaphilippe sur sa non-participation au Tour : \"Ce n'est pas une punition du tout\"","twitter_creator":"@dicodusport","twitter_site":"@dicodusport","schema":{"@context":"https:\/\/schema.org","@graph":[{"@type":"NewsArticle","@id":"https:\/\/dicodusport.fr\/blog\/julian-alaphilippe-sur-sa-non-participation-au-tour-ce-nest-pas-une-punition-du-tout\/#article","isPartOf":{"@id":"https:\/\/dicodusport.fr\/blog\/julian-alaphilippe-sur-sa-non-participation-au-tour-ce-nest-pas-une-punition-du-tout\/"},"author":{"name":"Etienne Goursaud","@id":"https:\/\/dicodusport.fr\/blog\/#\/schema\/person\/d603dd7da31fb2b46c82b9835a77ec13"},"headline":"Julian Alaphilippe sur sa non-participation au Tour : \u00ab\u00a0Ce n&rsquo;est pas une punition du tout\u00a0\u00bb","datePublished":"2024-01-10T10:31:07+00:00","dateModified":"2024-01-10T22:13:50+00:00","mainEntityOfPage":{"@id":"https:\/\/dicodusport.fr\/blog\/julian-alaphilippe-sur-sa-non-participation-au-tour-ce-nest-pas-une-punition-du-tout\/"},"wordCount":430,"commentCount":0,"publisher":{"@id":"https:\/\/dicodusport.fr\/blog\/#organization"},"image":{"@id":"https:\/\/dicodusport.fr\/blog\/julian-alaphilippe-sur-sa-non-participation-au-tour-ce-nest-pas-une-punition-du-tout\/#primaryimage"},"thumbnailUrl":"https:\/\/dicodusport.fr\/blog\/wp-content\/uploads\/2024\/01\/Julian-Alaphilippe-sur-sa-non-participation-au-Tour-Ce-nest-pas-une-punition-du-tout.png","keywords":["br\u00e8ve","Cyclisme","Julian Alaphilippe","sport"],"articleSection":["Cyclisme sur route"],"inLanguage":"fr-FR","potentialAction":[{"@type":"CommentAction","name":"Comment","target":["https:\/\/dicodusport.fr\/blog\/julian-alaphilippe-sur-sa-non-participation-au-tour-ce-nest-pas-une-punition-du-tout\/#respond"]}],"copyrightYear":"2024","copyrightHolder":{"@id":"https:\/\/dicodusport.fr\/blog\/#organization"}},{"@type":"WebPage","@id":"https:\/\/dicodusport.fr\/blog\/julian-alaphilippe-sur-sa-non-participation-au-tour-ce-nest-pas-une-punition-du-tout\/","url":"https:\/\/dicodusport.fr\/blog\/julian-alaphilippe-sur-sa-non-participation-au-tour-ce-nest-pas-une-punition-du-tout\/","name":"Julian Alaphilippe sur sa non-participation au Tour : \"Ce n'est pas une punition du tout\"","isPartOf":{"@id":"https:\/\/dicodusport.fr\/blog\/#website"},"primaryImageOfPage":{"@id":"https:\/\/dicodusport.fr\/blog\/julian-alaphilippe-sur-sa-non-participation-au-tour-ce-nest-pas-une-punition-du-tout\/#primaryimage"},"image":{"@id":"https:\/\/dicodusport.fr\/blog\/julian-alaphilippe-sur-sa-non-participation-au-tour-ce-nest-pas-une-punition-du-tout\/#primaryimage"},"thumbnailUrl":"https:\/\/dicodusport.fr\/blog\/wp-content\/uploads\/2024\/01\/Julian-Alaphilippe-sur-sa-non-participation-au-Tour-Ce-nest-pas-une-punition-du-tout.png","datePublished":"2024-01-10T10:31:07+00:00","dateModified":"2024-01-10T22:13:50+00:00","description":"CYCLISME - Julian Alaphilippe s'est exprim\u00e9 dans les colonnes de L'\u00c9quipe, \u00e0 propos de sa non-participation au Tour de France 2024.","breadcrumb":{"@id":"https:\/\/dicodusport.fr\/blog\/julian-alaphilippe-sur-sa-non-participation-au-tour-ce-nest-pas-une-punition-du-tout\/#breadcrumb"},"inLanguage":"fr-FR","potentialAction":[{"@type":"ReadAction","target":["https:\/\/dicodusport.fr\/blog\/julian-alaphilippe-sur-sa-non-participation-au-tour-ce-nest-pas-une-punition-du-tout\/"]}]},{"@type":"ImageObject","inLanguage":"fr-FR","@id":"https:\/\/dicodusport.fr\/blog\/julian-alaphilippe-sur-sa-non-participation-au-tour-ce-nest-pas-une-punition-du-tout\/#primaryimage","url":"https:\/\/dicodusport.fr\/blog\/wp-content\/uploads\/2024\/01\/Julian-Alaphilippe-sur-sa-non-participation-au-Tour-Ce-nest-pas-une-punition-du-tout.png","contentUrl":"https:\/\/dicodusport.fr\/blog\/wp-content\/uploads\/2024\/01\/Julian-Alaphilippe-sur-sa-non-participation-au-Tour-Ce-nest-pas-une-punition-du-tout.png","width":1200,"height":674,"caption":"Julian Alaphilippe sur sa non participation au Tour : \"Ce n'est pas une punition du tout\""},{"@type":"BreadcrumbList","@id":"https:\/\/dicodusport.fr\/blog\/julian-alaphilippe-sur-sa-non-participation-au-tour-ce-nest-pas-une-punition-du-tout\/#breadcrumb","itemListElement":[{"@type":"ListItem","position":1,"name":"Accueil","item":"https:\/\/dicodusport.fr\/blog\/"},{"@type":"ListItem","position":2,"name":"Julian Alaphilippe sur sa non-participation au Tour : \u00ab\u00a0Ce n&rsquo;est pas une punition du tout\u00a0\u00bb"}]},{"@type":"WebSite","@id":"https:\/\/dicodusport.fr\/blog\/#website","url":"https:\/\/dicodusport.fr\/blog\/","name":"Dicodusport","description":"L&#039;encyclop\u00e9die de l&#039;actualit\u00e9 sportive","publisher":{"@id":"https:\/\/dicodusport.fr\/blog\/#organization"},"potentialAction":[{"@type":"SearchAction","target":{"@type":"EntryPoint","urlTemplate":"https:\/\/dicodusport.fr\/blog\/?s={search_term_string}"},"query-input":{"@type":"PropertyValueSpecification","valueRequired":true,"valueName":"search_term_string"}}],"inLanguage":"fr-FR"},{"@type":"NewsMediaOrganization","@id":"https:\/\/dicodusport.fr\/blog\/#organization","name":"Dicodusport","url":"https:\/\/dicodusport.fr\/blog\/","logo":{"@type":"ImageObject","inLanguage":"fr-FR","@id":"https:\/\/dicodusport.fr\/blog\/#\/schema\/logo\/image\/","url":"https:\/\/dicodusport.fr\/blog\/wp-content\/uploads\/2020\/06\/cropped-LOGO-DICODUSPORT-2020-SANS-FOND-SANS-TEXTE.png","contentUrl":"https:\/\/dicodusport.fr\/blog\/wp-content\/uploads\/2020\/06\/cropped-LOGO-DICODUSPORT-2020-SANS-FOND-SANS-TEXTE.png","width":512,"height":512,"caption":"Dicodusport"},"image":{"@id":"https:\/\/dicodusport.fr\/blog\/#\/schema\/logo\/image\/"},"sameAs":["https:\/\/www.facebook.com\/dicodusport","https:\/\/x.com\/dicodusport","https:\/\/www.instagram.com\/dicodusport\/","https:\/\/www.youtube.com\/channel\/UC7V2KZ5sd3htJivAbA4ZG3w"],"description":"Dicodusport est l'encyclop\u00e9die de l'actualit\u00e9 sportive.","email":"bonjour@dicodusport.fr","legalName":"DICODUSPORT","foundingDate":"2018-01-14","vatID":"FR71834470973","taxID":"83447097300043","numberOfEmployees":{"@type":"QuantitativeValue","minValue":"1","maxValue":"10"}},{"@type":"Person","@id":"https:\/\/dicodusport.fr\/blog\/#\/schema\/person\/d603dd7da31fb2b46c82b9835a77ec13","name":"Etienne Goursaud","image":{"@type":"ImageObject","inLanguage":"fr-FR","@id":"https:\/\/dicodusport.fr\/blog\/#\/schema\/person\/image\/","url":"https:\/\/dicodusport.fr\/blog\/wp-content\/uploads\/2023\/12\/410122264_10231602061736049_5565839791558026645_n-150x150.jpg","contentUrl":"https:\/\/dicodusport.fr\/blog\/wp-content\/uploads\/2023\/12\/410122264_10231602061736049_5565839791558026645_n-150x150.jpg","caption":"Etienne Goursaud"},"description":"Journaliste et amoureux de sport. Ancien footballeur reconverti athl\u00e8te quand ses muscles le laissent tranquille. \u00c9lev\u00e9 \u00e0 la sauce des exploits de Thomas Voeckler en 2004, du dernier essai de l\u00e9gende de Eunice Barber \u00e0 la longueur lors des championnats du monde d'athl\u00e9tisme de 2003 mais aussi Zidane, Omeyer et Titou Lamaison.","url":"https:\/\/dicodusport.fr\/blog\/author\/etienne-goursaud\/"}]}},"_links":{"self":[{"href":"https:\/\/dicodusport.fr\/blog\/wp-json\/wp\/v2\/posts\/450962","targetHints":{"allow":["GET"]}}],"collection":[{"href":"https:\/\/dicodusport.fr\/blog\/wp-json\/wp\/v2\/posts"}],"about":[{"href":"https:\/\/dicodusport.fr\/blog\/wp-json\/wp\/v2\/types\/post"}],"author":[{"embeddable":true,"href":"https:\/\/dicodusport.fr\/blog\/wp-json\/wp\/v2\/users\/83"}],"replies":[{"embeddable":true,"href":"https:\/\/dicodusport.fr\/blog\/wp-json\/wp\/v2\/comments?post=450962"}],"version-history":[{"count":4,"href":"https:\/\/dicodusport.fr\/blog\/wp-json\/wp\/v2\/posts\/450962\/revisions"}],"predecessor-version":[{"id":451239,"href":"https:\/\/dicodusport.fr\/blog\/wp-json\/wp\/v2\/posts\/450962\/revisions\/451239"}],"wp:featuredmedia":[{"embeddable":true,"href":"https:\/\/dicodusport.fr\/blog\/wp-json\/wp\/v2\/media\/450974"}],"wp:attachment":[{"href":"https:\/\/dicodusport.fr\/blog\/wp-json\/wp\/v2\/media?parent=450962"}],"wp:term":[{"taxonomy":"category","embeddable":true,"href":"https:\/\/dicodusport.fr\/blog\/wp-json\/wp\/v2\/categories?post=450962"},{"taxonomy":"post_tag","embeddable":true,"href":"https:\/\/dicodusport.fr\/blog\/wp-json\/wp\/v2\/tags?post=450962"}],"curies":[{"name":"wp","href":"https:\/\/api.w.org\/{rel}","templated":true}]}}