{"id":450968,"date":"2024-01-10T10:58:44","date_gmt":"2024-01-10T09:58:44","guid":{"rendered":"https:\/\/dicodusport.fr\/blog\/?p=450968&#038;preview=true&#038;preview_id=450968"},"modified":"2024-01-10T11:11:57","modified_gmt":"2024-01-10T10:11:57","slug":"groupama-fdj-romain-gregoire-sur-le-tour-de-france-2024-deux-grands-tours-pour-gaudu","status":"publish","type":"post","link":"https:\/\/dicodusport.fr\/blog\/groupama-fdj-romain-gregoire-sur-le-tour-de-france-2024-deux-grands-tours-pour-gaudu\/","title":{"rendered":"Groupama-FDJ : Romain Gr\u00e9goire sur le Tour de France 2024, deux Grands Tours pour Gaudu"},"content":{"rendered":"<p style=\"text-align: justify;\"><strong><em>CYCLISME SUR ROUTE 2024 &#8211; La Groupama-FDJ a officialis\u00e9 une partie du programme de ses leaders pour la saison \u00e0 venir. Avec le Tour de France et le Tour d&rsquo;Espagne pour David Gaudu.<\/em><\/strong><\/p>\n<ul>\n<li style=\"text-align: justify;\"><strong>\u00c0 ce sujet &#8211; <a href=\"https:\/\/dicodusport.fr\/blog\/groupama-fdj-effectif-maillot-et-objectifs-pour-la-saison-2024\/\">Groupama-FDJ : Effectif, maillot et objectifs pour la saison 2024<\/a><\/strong><\/li>\n<\/ul>\n<h2 style=\"text-align: justify;\">D\u00e9couverte du Tour pour Romain Gr\u00e9goire<\/h2>\n<p style=\"text-align: justify;\">C&rsquo;est une grande premi\u00e8re pour <strong>Romain Gr\u00e9goire<\/strong>, l&rsquo;un des grands espoirs du cyclisme fran\u00e7ais. Le puncheur de la Groupama-FDJ va d\u00e9couvrir le Tour de France. C&rsquo;est sa formation qui l&rsquo;a annonc\u00e9 sur les r\u00e9seaux sociaux. En d\u00e9voilant le programme de ses diff\u00e9rents leaders pour la saison 2024. Apr\u00e8s la d\u00e9couverte de la Vuelta en 2023, le jeune coureur, qui aura 21 ans le 21 janvier prochain, fera d\u00e9j\u00e0 ses d\u00e9buts sur le Tour de France.<\/p>\n<p style=\"text-align: justify;\">Rompant avec la strat\u00e9gie de <strong>Marc Madiot<\/strong>, qui laisse souvent du temps \u00e0 ses jeunes coureurs, avant de leur faire effectuer la course la plus prestigieuse du monde. Il ne devrait pas avoir trop de pression dans la course, car la Groupama-FDJ a annonc\u00e9 du tr\u00e8s beau monde pour accompagner son jeune vainqueur des <a href=\"https:\/\/dicodusport.fr\/blog\/4-jours-de-dunkerque-2023-classement-general\/\">4 Jours de Dunkerque<\/a> et du <a href=\"https:\/\/dicodusport.fr\/blog\/tour-du-limousin-2023-classement-general\/\">Tour du Limousin<\/a> en 2023. <em>\u00ab<\/em> <em>Apr\u00e8s avoir d\u00e9couvert la Vuelta en 2023, je vais d\u00e9couvrir le Tour de France en 2024. C&rsquo;est forc\u00e9ment un r\u00eave \u00bb<\/em>, commente <strong>Romain Gr\u00e9goire<\/strong>. <em>\u00ab<\/em> <em>Je veux y \u00eatre performant. J&rsquo;ai \u00e9norm\u00e9ment appris l&rsquo;ann\u00e9e derni\u00e8re. J&rsquo;ai gagn\u00e9 des courses, mais je veux encore franchir un \u00e9chelon et m&rsquo;imposer au plus haut niveau. J&rsquo;ai h\u00e2te de me confronter aux plus grandes courses du calendrier. Je sais que j&rsquo;ai encore beaucoup \u00e0 d\u00e9couvrir, mais j&rsquo;aborde la saison sans complexe \u00bb<\/em>.<\/p>\n<blockquote class=\"twitter-tweet\">\n<p dir=\"ltr\" lang=\"fr\">\ud83d\udce3 \ud835\udde7\ud835\uddfc\ud835\ude02\ud835\uddff \ud835\uddf1\ud835\uddf2 \ud835\uddd9\ud835\uddff\ud835\uddee\ud835\uddfb\ud835\uddf0\ud835\uddf2 \ud835\udfee\ud835\udfec\ud835\udfee\ud835\udff0 \ud83d\udce3<\/p>\n<p>C&rsquo;est d\u00e9j\u00e0 l&rsquo;heure de vous annoncer nos 4 premiers coureurs s\u00e9lectionn\u00e9s !<\/p>\n<p>\ud835\ude16\ud835\ude27\ud835\ude27\ud835\ude2a\ud835\ude24\ud835\ude2a\ud835\ude22\ud835\ude2d \ud835\ude33\ud835\ude30\ud835\ude34\ud835\ude35\ud835\ude26\ud835\ude33 \u25aa\ufe0f\u25aa\ufe0f\u25aa\ufe0f\u25aa\ufe0f\u25ab\ufe0f\u25ab\ufe0f\u25ab\ufe0f\u25ab\ufe0f <a href=\"https:\/\/t.co\/kTG6Fts3xh\">pic.twitter.com\/kTG6Fts3xh<\/a><\/p>\n<p>\u2014 \u00c9quipe Cycliste Groupama-FDJ (@GroupamaFDJ) <a href=\"https:\/\/twitter.com\/GroupamaFDJ\/status\/1745013848401195049?ref_src=twsrc%5Etfw\">January 10, 2024<\/a><\/p><\/blockquote>\n<p><script async src=\"https:\/\/platform.twitter.com\/widgets.js\" charset=\"utf-8\"><\/script><\/p>\n<h2 style=\"text-align: justify;\">Gaudu va doubler Tour et Vuelta<\/h2>\n<p style=\"text-align: justify;\"><strong>David Gaudu<\/strong>, 4e en 2022 et 9e l&rsquo;an pass\u00e9, sera de nouveau align\u00e9 sur la Grande Boucle, avec pour ambition le classement g\u00e9n\u00e9ral. Mais le coureur de 27 ans va doubler avec la Vuelta, o\u00f9 il s&rsquo;\u00e9tait distingu\u00e9 en 2020, en remportant deux \u00e9tapes et en terminant dans le top 10 du classement g\u00e9n\u00e9ral. <em>\u00ab Je veux renouer avec la victoire, \u00eatre tr\u00e8s performant sur le Tour et faire une saison pleine \u00bb<\/em>, a comment\u00e9 le leader fran\u00e7ais sur le compte de son \u00e9quipe. Il sera accompagn\u00e9 par <strong>Lenny Martinez<\/strong> (20 ans), porteur du maillot rouge l&rsquo;an pass\u00e9 et qui avait \u00e9t\u00e9 tr\u00e8s bon pour son tout premier Grand Tour. Il est trop t\u00f4t pour savoir si les deux coureurs vont se partager le leadership. Mais le dernier cit\u00e9 aura sans doute \u00e0 c\u0153ur d&rsquo;am\u00e9liorer sa 24e place de 2023.<\/p>\n<p style=\"text-align: justify;\">On retrouvera \u00e9galement <strong>Valentin Madouas<\/strong> et <strong>Stefan K\u00fcng<\/strong>, des habitu\u00e9s du Tour de France, sur la Grande Boucle. Qui auront s\u00fbrement un r\u00f4le de protection de <strong>David Gaudu<\/strong>.<strong> Valentin Madouas<\/strong> est capable de tirer des bouts en montagne, tandis que le Suisse sera un \u00e9quipier pr\u00e9cieux dans la plaine et au pied des cols.<\/p>\n<blockquote class=\"twitter-tweet\">\n<p dir=\"ltr\" lang=\"fr\">\ud835\uddd4 \ud835\uddf1\ud835\ude06\ud835\uddfb\ud835\uddee\ud835\uddfa\ud835\uddf6\ud835\uddf0 \ud835\uddf1\ud835\ude02\ud835\uddfc \ud835\ude01\ud835\uddfc \ud835\ude01\ud835\uddee\ud835\uddf8\ud835\uddf2 \ud835\uddfc\ud835\uddfb \ud835\ude01\ud835\uddf5\ud835\uddf2 \ud835\udde9\ud835\ude02\ud835\uddf2\ud835\uddf9\ud835\ude01\ud835\uddee \u26a1\u26a1<\/p>\n<p>Le plus jeune Maillot Rouge de l&rsquo;histoire de la course et le double vainqueur d&rsquo;\u00e9tape sur l&rsquo;\u00e9dition 2020. <a href=\"https:\/\/t.co\/m7qr88xOJ3\">pic.twitter.com\/m7qr88xOJ3<\/a><\/p>\n<p>\u2014 \u00c9quipe Cycliste Groupama-FDJ (@GroupamaFDJ) <a href=\"https:\/\/twitter.com\/GroupamaFDJ\/status\/1745015852741632400?ref_src=twsrc%5Etfw\">January 10, 2024<\/a><\/p><\/blockquote>\n<p><script async src=\"https:\/\/platform.twitter.com\/widgets.js\" charset=\"utf-8\"><\/script><\/p>\n","protected":false},"excerpt":{"rendered":"<p>CYCLISME SUR ROUTE 2024 &#8211; La Groupama-FDJ a officialis\u00e9 une partie du programme de ses leaders pour la saison \u00e0 venir. Avec le Tour de France et le Tour d&rsquo;Espagne pour David Gaudu.<\/p>\n","protected":false},"author":83,"featured_media":450975,"comment_status":"open","ping_status":"closed","sticky":false,"template":"","format":"standard","meta":{"_acf_changed":false,"_daextam_enable_autolinks":"1","footnotes":""},"categories":[46994],"tags":[16878,574,3113,19485,3215],"class_list":["post-450968","post","type-post","status-publish","format-standard","has-post-thumbnail","hentry","category-cyclisme-sur-route","tag-breve","tag-cyclisme","tag-david-gaudu","tag-romain-gregoire","tag-valentin-madouas"],"acf":[],"yoast_head":"<!-- This site is optimized with the Yoast SEO Premium plugin v26.7 (Yoast SEO v26.7) - https:\/\/yoast.com\/wordpress\/plugins\/seo\/ -->\n<title>Groupama-FDJ : Romain Gr\u00e9goire sur le Tour de France 2024, deux Grands Tours pour Gaudu<\/title>\n<meta name=\"description\" content=\"CYCLISME SUR ROUTE 2024 - La Groupama-FDJ a officialis\u00e9 une partie du programme de ses leaders pour la saison \u00e0 venir.\" \/>\n<meta name=\"robots\" content=\"index, follow, max-snippet:-1, max-image-preview:large, max-video-preview:-1\" \/>\n<link rel=\"canonical\" href=\"https:\/\/dicodusport.fr\/blog\/groupama-fdj-romain-gregoire-sur-le-tour-de-france-2024-deux-grands-tours-pour-gaudu\/\" \/>\n<meta property=\"og:locale\" content=\"fr_FR\" \/>\n<meta property=\"og:type\" content=\"article\" \/>\n<meta property=\"og:title\" content=\"Groupama-FDJ : Romain Gr\u00e9goire sur le Tour de France 2024, deux Grands Tours pour Gaudu\" \/>\n<meta property=\"og:description\" content=\"CYCLISME SUR ROUTE 2024 - La Groupama-FDJ a officialis\u00e9 une partie du programme de ses leaders pour la saison \u00e0 venir.\" \/>\n<meta property=\"og:url\" content=\"https:\/\/dicodusport.fr\/blog\/groupama-fdj-romain-gregoire-sur-le-tour-de-france-2024-deux-grands-tours-pour-gaudu\/\" \/>\n<meta property=\"og:site_name\" content=\"Dicodusport\" \/>\n<meta property=\"article:publisher\" content=\"https:\/\/www.facebook.com\/dicodusport\" \/>\n<meta property=\"article:published_time\" content=\"2024-01-10T09:58:44+00:00\" \/>\n<meta property=\"article:modified_time\" content=\"2024-01-10T10:11:57+00:00\" \/>\n<meta property=\"og:image\" content=\"https:\/\/dicodusport.fr\/blog\/wp-content\/uploads\/2024\/01\/Groupama-FDJ-Romain-Gregoire-sur-le-Tour-de-France-2024-deux-Grands-Tours-pour-Gaudu.png\" \/>\n\t<meta property=\"og:image:width\" content=\"1200\" \/>\n\t<meta property=\"og:image:height\" content=\"674\" \/>\n\t<meta property=\"og:image:type\" content=\"image\/png\" \/>\n<meta name=\"author\" content=\"Etienne Goursaud\" \/>\n<meta name=\"twitter:card\" content=\"summary_large_image\" \/>\n<meta name=\"twitter:title\" content=\"Groupama-FDJ : Romain Gr\u00e9goire sur le Tour de France 2024, deux Grands Tours pour Gaudu\" \/>\n<meta name=\"twitter:creator\" content=\"@dicodusport\" \/>\n<meta name=\"twitter:site\" content=\"@dicodusport\" \/>\n<script type=\"application\/ld+json\" class=\"yoast-schema-graph\">{\"@context\":\"https:\/\/schema.org\",\"@graph\":[{\"@type\":\"NewsArticle\",\"@id\":\"https:\/\/dicodusport.fr\/blog\/groupama-fdj-romain-gregoire-sur-le-tour-de-france-2024-deux-grands-tours-pour-gaudu\/#article\",\"isPartOf\":{\"@id\":\"https:\/\/dicodusport.fr\/blog\/groupama-fdj-romain-gregoire-sur-le-tour-de-france-2024-deux-grands-tours-pour-gaudu\/\"},\"author\":{\"name\":\"Etienne Goursaud\",\"@id\":\"https:\/\/dicodusport.fr\/blog\/#\/schema\/person\/d603dd7da31fb2b46c82b9835a77ec13\"},\"headline\":\"Groupama-FDJ : Romain Gr\u00e9goire sur le Tour de France 2024, deux Grands Tours pour Gaudu\",\"datePublished\":\"2024-01-10T09:58:44+00:00\",\"dateModified\":\"2024-01-10T10:11:57+00:00\",\"mainEntityOfPage\":{\"@id\":\"https:\/\/dicodusport.fr\/blog\/groupama-fdj-romain-gregoire-sur-le-tour-de-france-2024-deux-grands-tours-pour-gaudu\/\"},\"wordCount\":573,\"commentCount\":0,\"publisher\":{\"@id\":\"https:\/\/dicodusport.fr\/blog\/#organization\"},\"image\":{\"@id\":\"https:\/\/dicodusport.fr\/blog\/groupama-fdj-romain-gregoire-sur-le-tour-de-france-2024-deux-grands-tours-pour-gaudu\/#primaryimage\"},\"thumbnailUrl\":\"https:\/\/dicodusport.fr\/blog\/wp-content\/uploads\/2024\/01\/Groupama-FDJ-Romain-Gregoire-sur-le-Tour-de-France-2024-deux-Grands-Tours-pour-Gaudu.png\",\"keywords\":[\"br\u00e8ve\",\"Cyclisme\",\"David Gaudu\",\"Romain Gr\u00e9goire\",\"Valentin Madouas\"],\"articleSection\":[\"Cyclisme sur route\"],\"inLanguage\":\"fr-FR\",\"potentialAction\":[{\"@type\":\"CommentAction\",\"name\":\"Comment\",\"target\":[\"https:\/\/dicodusport.fr\/blog\/groupama-fdj-romain-gregoire-sur-le-tour-de-france-2024-deux-grands-tours-pour-gaudu\/#respond\"]}],\"copyrightYear\":\"2024\",\"copyrightHolder\":{\"@id\":\"https:\/\/dicodusport.fr\/blog\/#organization\"}},{\"@type\":\"WebPage\",\"@id\":\"https:\/\/dicodusport.fr\/blog\/groupama-fdj-romain-gregoire-sur-le-tour-de-france-2024-deux-grands-tours-pour-gaudu\/\",\"url\":\"https:\/\/dicodusport.fr\/blog\/groupama-fdj-romain-gregoire-sur-le-tour-de-france-2024-deux-grands-tours-pour-gaudu\/\",\"name\":\"Groupama-FDJ : Romain Gr\u00e9goire sur le Tour de France 2024, deux Grands Tours pour Gaudu\",\"isPartOf\":{\"@id\":\"https:\/\/dicodusport.fr\/blog\/#website\"},\"primaryImageOfPage\":{\"@id\":\"https:\/\/dicodusport.fr\/blog\/groupama-fdj-romain-gregoire-sur-le-tour-de-france-2024-deux-grands-tours-pour-gaudu\/#primaryimage\"},\"image\":{\"@id\":\"https:\/\/dicodusport.fr\/blog\/groupama-fdj-romain-gregoire-sur-le-tour-de-france-2024-deux-grands-tours-pour-gaudu\/#primaryimage\"},\"thumbnailUrl\":\"https:\/\/dicodusport.fr\/blog\/wp-content\/uploads\/2024\/01\/Groupama-FDJ-Romain-Gregoire-sur-le-Tour-de-France-2024-deux-Grands-Tours-pour-Gaudu.png\",\"datePublished\":\"2024-01-10T09:58:44+00:00\",\"dateModified\":\"2024-01-10T10:11:57+00:00\",\"description\":\"CYCLISME SUR ROUTE 2024 - La Groupama-FDJ a officialis\u00e9 une partie du programme de ses leaders pour la saison \u00e0 venir.\",\"breadcrumb\":{\"@id\":\"https:\/\/dicodusport.fr\/blog\/groupama-fdj-romain-gregoire-sur-le-tour-de-france-2024-deux-grands-tours-pour-gaudu\/#breadcrumb\"},\"inLanguage\":\"fr-FR\",\"potentialAction\":[{\"@type\":\"ReadAction\",\"target\":[\"https:\/\/dicodusport.fr\/blog\/groupama-fdj-romain-gregoire-sur-le-tour-de-france-2024-deux-grands-tours-pour-gaudu\/\"]}]},{\"@type\":\"ImageObject\",\"inLanguage\":\"fr-FR\",\"@id\":\"https:\/\/dicodusport.fr\/blog\/groupama-fdj-romain-gregoire-sur-le-tour-de-france-2024-deux-grands-tours-pour-gaudu\/#primaryimage\",\"url\":\"https:\/\/dicodusport.fr\/blog\/wp-content\/uploads\/2024\/01\/Groupama-FDJ-Romain-Gregoire-sur-le-Tour-de-France-2024-deux-Grands-Tours-pour-Gaudu.png\",\"contentUrl\":\"https:\/\/dicodusport.fr\/blog\/wp-content\/uploads\/2024\/01\/Groupama-FDJ-Romain-Gregoire-sur-le-Tour-de-France-2024-deux-Grands-Tours-pour-Gaudu.png\",\"width\":1200,\"height\":674,\"caption\":\"Groupama-FDJ Romain Gr\u00e9goire sur le Tour de France 2024, deux Grands Tours pour Gaudu\"},{\"@type\":\"BreadcrumbList\",\"@id\":\"https:\/\/dicodusport.fr\/blog\/groupama-fdj-romain-gregoire-sur-le-tour-de-france-2024-deux-grands-tours-pour-gaudu\/#breadcrumb\",\"itemListElement\":[{\"@type\":\"ListItem\",\"position\":1,\"name\":\"Accueil\",\"item\":\"https:\/\/dicodusport.fr\/blog\/\"},{\"@type\":\"ListItem\",\"position\":2,\"name\":\"Groupama-FDJ : Romain Gr\u00e9goire sur le Tour de France 2024, deux Grands Tours pour Gaudu\"}]},{\"@type\":\"WebSite\",\"@id\":\"https:\/\/dicodusport.fr\/blog\/#website\",\"url\":\"https:\/\/dicodusport.fr\/blog\/\",\"name\":\"Dicodusport\",\"description\":\"L&#039;encyclop\u00e9die de l&#039;actualit\u00e9 sportive\",\"publisher\":{\"@id\":\"https:\/\/dicodusport.fr\/blog\/#organization\"},\"potentialAction\":[{\"@type\":\"SearchAction\",\"target\":{\"@type\":\"EntryPoint\",\"urlTemplate\":\"https:\/\/dicodusport.fr\/blog\/?s={search_term_string}\"},\"query-input\":{\"@type\":\"PropertyValueSpecification\",\"valueRequired\":true,\"valueName\":\"search_term_string\"}}],\"inLanguage\":\"fr-FR\"},{\"@type\":\"NewsMediaOrganization\",\"@id\":\"https:\/\/dicodusport.fr\/blog\/#organization\",\"name\":\"Dicodusport\",\"url\":\"https:\/\/dicodusport.fr\/blog\/\",\"logo\":{\"@type\":\"ImageObject\",\"inLanguage\":\"fr-FR\",\"@id\":\"https:\/\/dicodusport.fr\/blog\/#\/schema\/logo\/image\/\",\"url\":\"https:\/\/dicodusport.fr\/blog\/wp-content\/uploads\/2020\/06\/cropped-LOGO-DICODUSPORT-2020-SANS-FOND-SANS-TEXTE.png\",\"contentUrl\":\"https:\/\/dicodusport.fr\/blog\/wp-content\/uploads\/2020\/06\/cropped-LOGO-DICODUSPORT-2020-SANS-FOND-SANS-TEXTE.png\",\"width\":512,\"height\":512,\"caption\":\"Dicodusport\"},\"image\":{\"@id\":\"https:\/\/dicodusport.fr\/blog\/#\/schema\/logo\/image\/\"},\"sameAs\":[\"https:\/\/www.facebook.com\/dicodusport\",\"https:\/\/x.com\/dicodusport\",\"https:\/\/www.instagram.com\/dicodusport\/\",\"https:\/\/www.youtube.com\/channel\/UC7V2KZ5sd3htJivAbA4ZG3w\"],\"description\":\"Dicodusport est l'encyclop\u00e9die de l'actualit\u00e9 sportive.\",\"email\":\"bonjour@dicodusport.fr\",\"legalName\":\"DICODUSPORT\",\"foundingDate\":\"2018-01-14\",\"vatID\":\"FR71834470973\",\"taxID\":\"83447097300043\",\"numberOfEmployees\":{\"@type\":\"QuantitativeValue\",\"minValue\":\"1\",\"maxValue\":\"10\"}},{\"@type\":\"Person\",\"@id\":\"https:\/\/dicodusport.fr\/blog\/#\/schema\/person\/d603dd7da31fb2b46c82b9835a77ec13\",\"name\":\"Etienne Goursaud\",\"image\":{\"@type\":\"ImageObject\",\"inLanguage\":\"fr-FR\",\"@id\":\"https:\/\/dicodusport.fr\/blog\/#\/schema\/person\/image\/\",\"url\":\"https:\/\/dicodusport.fr\/blog\/wp-content\/uploads\/2023\/12\/410122264_10231602061736049_5565839791558026645_n-150x150.jpg\",\"contentUrl\":\"https:\/\/dicodusport.fr\/blog\/wp-content\/uploads\/2023\/12\/410122264_10231602061736049_5565839791558026645_n-150x150.jpg\",\"caption\":\"Etienne Goursaud\"},\"description\":\"Journaliste et amoureux de sport. Ancien footballeur reconverti athl\u00e8te quand ses muscles le laissent tranquille. \u00c9lev\u00e9 \u00e0 la sauce des exploits de Thomas Voeckler en 2004, du dernier essai de l\u00e9gende de Eunice Barber \u00e0 la longueur lors des championnats du monde d'athl\u00e9tisme de 2003 mais aussi Zidane, Omeyer et Titou Lamaison.\",\"url\":\"https:\/\/dicodusport.fr\/blog\/author\/etienne-goursaud\/\"}]}<\/script>\n<!-- \/ Yoast SEO Premium plugin. -->","yoast_head_json":{"title":"Groupama-FDJ : Romain Gr\u00e9goire sur le Tour de France 2024, deux Grands Tours pour Gaudu","description":"CYCLISME SUR ROUTE 2024 - La Groupama-FDJ a officialis\u00e9 une partie du programme de ses leaders pour la saison \u00e0 venir.","robots":{"index":"index","follow":"follow","max-snippet":"max-snippet:-1","max-image-preview":"max-image-preview:large","max-video-preview":"max-video-preview:-1"},"canonical":"https:\/\/dicodusport.fr\/blog\/groupama-fdj-romain-gregoire-sur-le-tour-de-france-2024-deux-grands-tours-pour-gaudu\/","og_locale":"fr_FR","og_type":"article","og_title":"Groupama-FDJ : Romain Gr\u00e9goire sur le Tour de France 2024, deux Grands Tours pour Gaudu","og_description":"CYCLISME SUR ROUTE 2024 - La Groupama-FDJ a officialis\u00e9 une partie du programme de ses leaders pour la saison \u00e0 venir.","og_url":"https:\/\/dicodusport.fr\/blog\/groupama-fdj-romain-gregoire-sur-le-tour-de-france-2024-deux-grands-tours-pour-gaudu\/","og_site_name":"Dicodusport","article_publisher":"https:\/\/www.facebook.com\/dicodusport","article_published_time":"2024-01-10T09:58:44+00:00","article_modified_time":"2024-01-10T10:11:57+00:00","og_image":[{"width":1200,"height":674,"url":"https:\/\/dicodusport.fr\/blog\/wp-content\/uploads\/2024\/01\/Groupama-FDJ-Romain-Gregoire-sur-le-Tour-de-France-2024-deux-Grands-Tours-pour-Gaudu.png","type":"image\/png"}],"author":"Etienne Goursaud","twitter_card":"summary_large_image","twitter_title":"Groupama-FDJ : Romain Gr\u00e9goire sur le Tour de France 2024, deux Grands Tours pour Gaudu","twitter_creator":"@dicodusport","twitter_site":"@dicodusport","schema":{"@context":"https:\/\/schema.org","@graph":[{"@type":"NewsArticle","@id":"https:\/\/dicodusport.fr\/blog\/groupama-fdj-romain-gregoire-sur-le-tour-de-france-2024-deux-grands-tours-pour-gaudu\/#article","isPartOf":{"@id":"https:\/\/dicodusport.fr\/blog\/groupama-fdj-romain-gregoire-sur-le-tour-de-france-2024-deux-grands-tours-pour-gaudu\/"},"author":{"name":"Etienne Goursaud","@id":"https:\/\/dicodusport.fr\/blog\/#\/schema\/person\/d603dd7da31fb2b46c82b9835a77ec13"},"headline":"Groupama-FDJ : Romain Gr\u00e9goire sur le Tour de France 2024, deux Grands Tours pour Gaudu","datePublished":"2024-01-10T09:58:44+00:00","dateModified":"2024-01-10T10:11:57+00:00","mainEntityOfPage":{"@id":"https:\/\/dicodusport.fr\/blog\/groupama-fdj-romain-gregoire-sur-le-tour-de-france-2024-deux-grands-tours-pour-gaudu\/"},"wordCount":573,"commentCount":0,"publisher":{"@id":"https:\/\/dicodusport.fr\/blog\/#organization"},"image":{"@id":"https:\/\/dicodusport.fr\/blog\/groupama-fdj-romain-gregoire-sur-le-tour-de-france-2024-deux-grands-tours-pour-gaudu\/#primaryimage"},"thumbnailUrl":"https:\/\/dicodusport.fr\/blog\/wp-content\/uploads\/2024\/01\/Groupama-FDJ-Romain-Gregoire-sur-le-Tour-de-France-2024-deux-Grands-Tours-pour-Gaudu.png","keywords":["br\u00e8ve","Cyclisme","David Gaudu","Romain Gr\u00e9goire","Valentin Madouas"],"articleSection":["Cyclisme sur route"],"inLanguage":"fr-FR","potentialAction":[{"@type":"CommentAction","name":"Comment","target":["https:\/\/dicodusport.fr\/blog\/groupama-fdj-romain-gregoire-sur-le-tour-de-france-2024-deux-grands-tours-pour-gaudu\/#respond"]}],"copyrightYear":"2024","copyrightHolder":{"@id":"https:\/\/dicodusport.fr\/blog\/#organization"}},{"@type":"WebPage","@id":"https:\/\/dicodusport.fr\/blog\/groupama-fdj-romain-gregoire-sur-le-tour-de-france-2024-deux-grands-tours-pour-gaudu\/","url":"https:\/\/dicodusport.fr\/blog\/groupama-fdj-romain-gregoire-sur-le-tour-de-france-2024-deux-grands-tours-pour-gaudu\/","name":"Groupama-FDJ : Romain Gr\u00e9goire sur le Tour de France 2024, deux Grands Tours pour Gaudu","isPartOf":{"@id":"https:\/\/dicodusport.fr\/blog\/#website"},"primaryImageOfPage":{"@id":"https:\/\/dicodusport.fr\/blog\/groupama-fdj-romain-gregoire-sur-le-tour-de-france-2024-deux-grands-tours-pour-gaudu\/#primaryimage"},"image":{"@id":"https:\/\/dicodusport.fr\/blog\/groupama-fdj-romain-gregoire-sur-le-tour-de-france-2024-deux-grands-tours-pour-gaudu\/#primaryimage"},"thumbnailUrl":"https:\/\/dicodusport.fr\/blog\/wp-content\/uploads\/2024\/01\/Groupama-FDJ-Romain-Gregoire-sur-le-Tour-de-France-2024-deux-Grands-Tours-pour-Gaudu.png","datePublished":"2024-01-10T09:58:44+00:00","dateModified":"2024-01-10T10:11:57+00:00","description":"CYCLISME SUR ROUTE 2024 - La Groupama-FDJ a officialis\u00e9 une partie du programme de ses leaders pour la saison \u00e0 venir.","breadcrumb":{"@id":"https:\/\/dicodusport.fr\/blog\/groupama-fdj-romain-gregoire-sur-le-tour-de-france-2024-deux-grands-tours-pour-gaudu\/#breadcrumb"},"inLanguage":"fr-FR","potentialAction":[{"@type":"ReadAction","target":["https:\/\/dicodusport.fr\/blog\/groupama-fdj-romain-gregoire-sur-le-tour-de-france-2024-deux-grands-tours-pour-gaudu\/"]}]},{"@type":"ImageObject","inLanguage":"fr-FR","@id":"https:\/\/dicodusport.fr\/blog\/groupama-fdj-romain-gregoire-sur-le-tour-de-france-2024-deux-grands-tours-pour-gaudu\/#primaryimage","url":"https:\/\/dicodusport.fr\/blog\/wp-content\/uploads\/2024\/01\/Groupama-FDJ-Romain-Gregoire-sur-le-Tour-de-France-2024-deux-Grands-Tours-pour-Gaudu.png","contentUrl":"https:\/\/dicodusport.fr\/blog\/wp-content\/uploads\/2024\/01\/Groupama-FDJ-Romain-Gregoire-sur-le-Tour-de-France-2024-deux-Grands-Tours-pour-Gaudu.png","width":1200,"height":674,"caption":"Groupama-FDJ Romain Gr\u00e9goire sur le Tour de France 2024, deux Grands Tours pour Gaudu"},{"@type":"BreadcrumbList","@id":"https:\/\/dicodusport.fr\/blog\/groupama-fdj-romain-gregoire-sur-le-tour-de-france-2024-deux-grands-tours-pour-gaudu\/#breadcrumb","itemListElement":[{"@type":"ListItem","position":1,"name":"Accueil","item":"https:\/\/dicodusport.fr\/blog\/"},{"@type":"ListItem","position":2,"name":"Groupama-FDJ : Romain Gr\u00e9goire sur le Tour de France 2024, deux Grands Tours pour Gaudu"}]},{"@type":"WebSite","@id":"https:\/\/dicodusport.fr\/blog\/#website","url":"https:\/\/dicodusport.fr\/blog\/","name":"Dicodusport","description":"L&#039;encyclop\u00e9die de l&#039;actualit\u00e9 sportive","publisher":{"@id":"https:\/\/dicodusport.fr\/blog\/#organization"},"potentialAction":[{"@type":"SearchAction","target":{"@type":"EntryPoint","urlTemplate":"https:\/\/dicodusport.fr\/blog\/?s={search_term_string}"},"query-input":{"@type":"PropertyValueSpecification","valueRequired":true,"valueName":"search_term_string"}}],"inLanguage":"fr-FR"},{"@type":"NewsMediaOrganization","@id":"https:\/\/dicodusport.fr\/blog\/#organization","name":"Dicodusport","url":"https:\/\/dicodusport.fr\/blog\/","logo":{"@type":"ImageObject","inLanguage":"fr-FR","@id":"https:\/\/dicodusport.fr\/blog\/#\/schema\/logo\/image\/","url":"https:\/\/dicodusport.fr\/blog\/wp-content\/uploads\/2020\/06\/cropped-LOGO-DICODUSPORT-2020-SANS-FOND-SANS-TEXTE.png","contentUrl":"https:\/\/dicodusport.fr\/blog\/wp-content\/uploads\/2020\/06\/cropped-LOGO-DICODUSPORT-2020-SANS-FOND-SANS-TEXTE.png","width":512,"height":512,"caption":"Dicodusport"},"image":{"@id":"https:\/\/dicodusport.fr\/blog\/#\/schema\/logo\/image\/"},"sameAs":["https:\/\/www.facebook.com\/dicodusport","https:\/\/x.com\/dicodusport","https:\/\/www.instagram.com\/dicodusport\/","https:\/\/www.youtube.com\/channel\/UC7V2KZ5sd3htJivAbA4ZG3w"],"description":"Dicodusport est l'encyclop\u00e9die de l'actualit\u00e9 sportive.","email":"bonjour@dicodusport.fr","legalName":"DICODUSPORT","foundingDate":"2018-01-14","vatID":"FR71834470973","taxID":"83447097300043","numberOfEmployees":{"@type":"QuantitativeValue","minValue":"1","maxValue":"10"}},{"@type":"Person","@id":"https:\/\/dicodusport.fr\/blog\/#\/schema\/person\/d603dd7da31fb2b46c82b9835a77ec13","name":"Etienne Goursaud","image":{"@type":"ImageObject","inLanguage":"fr-FR","@id":"https:\/\/dicodusport.fr\/blog\/#\/schema\/person\/image\/","url":"https:\/\/dicodusport.fr\/blog\/wp-content\/uploads\/2023\/12\/410122264_10231602061736049_5565839791558026645_n-150x150.jpg","contentUrl":"https:\/\/dicodusport.fr\/blog\/wp-content\/uploads\/2023\/12\/410122264_10231602061736049_5565839791558026645_n-150x150.jpg","caption":"Etienne Goursaud"},"description":"Journaliste et amoureux de sport. Ancien footballeur reconverti athl\u00e8te quand ses muscles le laissent tranquille. \u00c9lev\u00e9 \u00e0 la sauce des exploits de Thomas Voeckler en 2004, du dernier essai de l\u00e9gende de Eunice Barber \u00e0 la longueur lors des championnats du monde d'athl\u00e9tisme de 2003 mais aussi Zidane, Omeyer et Titou Lamaison.","url":"https:\/\/dicodusport.fr\/blog\/author\/etienne-goursaud\/"}]}},"_links":{"self":[{"href":"https:\/\/dicodusport.fr\/blog\/wp-json\/wp\/v2\/posts\/450968","targetHints":{"allow":["GET"]}}],"collection":[{"href":"https:\/\/dicodusport.fr\/blog\/wp-json\/wp\/v2\/posts"}],"about":[{"href":"https:\/\/dicodusport.fr\/blog\/wp-json\/wp\/v2\/types\/post"}],"author":[{"embeddable":true,"href":"https:\/\/dicodusport.fr\/blog\/wp-json\/wp\/v2\/users\/83"}],"replies":[{"embeddable":true,"href":"https:\/\/dicodusport.fr\/blog\/wp-json\/wp\/v2\/comments?post=450968"}],"version-history":[{"count":5,"href":"https:\/\/dicodusport.fr\/blog\/wp-json\/wp\/v2\/posts\/450968\/revisions"}],"predecessor-version":[{"id":450981,"href":"https:\/\/dicodusport.fr\/blog\/wp-json\/wp\/v2\/posts\/450968\/revisions\/450981"}],"wp:featuredmedia":[{"embeddable":true,"href":"https:\/\/dicodusport.fr\/blog\/wp-json\/wp\/v2\/media\/450975"}],"wp:attachment":[{"href":"https:\/\/dicodusport.fr\/blog\/wp-json\/wp\/v2\/media?parent=450968"}],"wp:term":[{"taxonomy":"category","embeddable":true,"href":"https:\/\/dicodusport.fr\/blog\/wp-json\/wp\/v2\/categories?post=450968"},{"taxonomy":"post_tag","embeddable":true,"href":"https:\/\/dicodusport.fr\/blog\/wp-json\/wp\/v2\/tags?post=450968"}],"curies":[{"name":"wp","href":"https:\/\/api.w.org\/{rel}","templated":true}]}}