{"id":45112,"date":"2019-08-10T16:30:33","date_gmt":"2019-08-10T14:30:33","guid":{"rendered":"http:\/\/dicodusport.fr\/blog\/?p=45112"},"modified":"2019-08-10T17:07:34","modified_gmt":"2019-08-10T15:07:34","slug":"championnats-d-europe-sur-route-amy-pieters-sacree-a-domicile","status":"publish","type":"post","link":"https:\/\/dicodusport.fr\/blog\/championnats-d-europe-sur-route-amy-pieters-sacree-a-domicile\/","title":{"rendered":"Championnats d&rsquo;Europe sur route : Amy Pieters sacr\u00e9e \u00e0 domicile"},"content":{"rendered":"<p style=\"text-align: justify;\"><strong><em><a href=\"https:\/\/dicodusport.fr\/blog\/cyclisme-sur-route-championnats-d-europe-2019-le-programme-complet\/\" target=\"_blank\" rel=\"noopener\">Championnats d&rsquo;Europe<\/a> &#8211; La N\u00e9erlandaise Amy Pieters est devenue sacr\u00e9e championne d&rsquo;Europe sur route ce samedi, \u00e0 Alkmaar (Pays-Bas). Elle devance, au sprint, les deux autres fuyardes, l&rsquo;Italienne Elena Cecchini et l&rsquo;Allemande Lisa Klein.<br \/>\n<\/em><\/strong><\/p>\n<p style=\"text-align: justify;\">\u00c0 domicile, la N\u00e9erlandaise <strong>Amy Pieters<\/strong>, 28 ans, s&rsquo;est offert le titre europ\u00e9en sur route. Dans les rues d&rsquo;Alkmaar, la laur\u00e9ate du Grand Prix de Plouay l&rsquo;an dernier, sp\u00e9cialiste de la piste, a devanc\u00e9 les deux fuyardes qui l&rsquo;ont accompagn\u00e9e \u00e0 80 km de l&rsquo;arriv\u00e9e, l&rsquo;Italienne <strong>Elena Cecchini<\/strong> et l&rsquo;Allemande <strong>Lisa Klein<\/strong>. La premi\u00e8re Fran\u00e7aise, <strong>Roxane Fournier<\/strong>, termine \u00e0 la 14\u00e8me place.<\/p>\n<blockquote class=\"twitter-tweet\">\n<p dir=\"ltr\" lang=\"fr\">La belle victoire au sprint de la N\u00e9erlandaise Amy Pieters qui devient championne d&rsquo;Europe de cyclisme devant son public !! <a href=\"https:\/\/twitter.com\/hashtag\/EuroRoad2019?src=hash&amp;ref_src=twsrc%5Etfw\">#EuroRoad2019<\/a> <a href=\"https:\/\/twitter.com\/hashtag\/Cyclisme?src=hash&amp;ref_src=twsrc%5Etfw\">#Cyclisme<\/a> <a href=\"https:\/\/twitter.com\/hashtag\/alkmaarcycling?src=hash&amp;ref_src=twsrc%5Etfw\">#alkmaarcycling<\/a> <a href=\"https:\/\/t.co\/fv9BnZPpIO\">pic.twitter.com\/fv9BnZPpIO<\/a><\/p>\n<p>\u2014 France tv sport (@francetvsport) <a href=\"https:\/\/twitter.com\/francetvsport\/status\/1160198735114252289?ref_src=twsrc%5Etfw\">August 10, 2019<\/a><\/p><\/blockquote>\n<p><script async src=\"https:\/\/platform.twitter.com\/widgets.js\" charset=\"utf-8\"><\/script><\/p>\n<p><strong><em>Dicodusport<br \/>\n<a href=\"https:\/\/www.facebook.com\/dicodusport\/\" target=\"_blank\" rel=\"noopener\"><img loading=\"lazy\" decoding=\"async\" class=\"alignnone wp-image-2909\" src=\"http:\/\/dicodusport.fr\/blog\/wp-content\/uploads\/2017\/07\/logo-facebook-150x150.png\" alt=\"\" width=\"40\" height=\"40\" \/><\/a><a href=\"https:\/\/twitter.com\/dicodusport\" target=\"_blank\" rel=\"noopener\"><img loading=\"lazy\" decoding=\"async\" class=\"alignnone wp-image-2908\" src=\"http:\/\/dicodusport.fr\/blog\/wp-content\/uploads\/2017\/07\/logo-twitter-150x150.png\" alt=\"\" width=\"39\" height=\"39\" \/><\/a><\/em><\/strong><\/p>\n","protected":false},"excerpt":{"rendered":"<p>La N\u00e9erlandaise Amy Pieters est devenue sacr\u00e9e championne d&rsquo;Europe sur route ce samedi, \u00e0 Alkmaar (Pays-Bas).<\/p>\n","protected":false},"author":4,"featured_media":45130,"comment_status":"open","ping_status":"closed","sticky":false,"template":"","format":"standard","meta":{"_acf_changed":false,"_daextam_enable_autolinks":"","footnotes":""},"categories":[2307],"tags":[574],"class_list":["post-45112","post","type-post","status-publish","format-standard","has-post-thumbnail","hentry","category-cyclisme","tag-cyclisme"],"acf":[],"yoast_head":"<!-- This site is optimized with the Yoast SEO Premium plugin v26.7 (Yoast SEO v26.7) - https:\/\/yoast.com\/wordpress\/plugins\/seo\/ -->\n<title>Championnats d&#039;Europe sur route : Amy Pieters sacr\u00e9e \u00e0 domicile<\/title>\n<meta name=\"description\" content=\"Route - La N\u00e9erlandaise Amy Pieters est devenue sacr\u00e9e championne d&#039;Europe sur route ce samedi, \u00e0 Alkmaar (Pays-Bas).\" \/>\n<meta name=\"robots\" content=\"index, follow, max-snippet:-1, max-image-preview:large, max-video-preview:-1\" \/>\n<link rel=\"canonical\" href=\"https:\/\/dicodusport.fr\/blog\/championnats-d-europe-sur-route-amy-pieters-sacree-a-domicile\/\" \/>\n<meta property=\"og:locale\" content=\"fr_FR\" \/>\n<meta property=\"og:type\" content=\"article\" \/>\n<meta property=\"og:title\" content=\"Championnats d&#039;Europe sur route : Amy Pieters sacr\u00e9e \u00e0 domicile\" \/>\n<meta property=\"og:description\" content=\"Route - La N\u00e9erlandaise Amy Pieters est devenue sacr\u00e9e championne d&#039;Europe sur route ce samedi, \u00e0 Alkmaar (Pays-Bas).\" \/>\n<meta property=\"og:url\" content=\"https:\/\/dicodusport.fr\/blog\/championnats-d-europe-sur-route-amy-pieters-sacree-a-domicile\/\" \/>\n<meta property=\"og:site_name\" content=\"Dicodusport\" \/>\n<meta property=\"article:publisher\" content=\"https:\/\/www.facebook.com\/dicodusport\" \/>\n<meta property=\"article:author\" content=\"https:\/\/www.facebook.com\/florent.ostermann\" \/>\n<meta property=\"article:published_time\" content=\"2019-08-10T14:30:33+00:00\" \/>\n<meta property=\"article:modified_time\" content=\"2019-08-10T15:07:34+00:00\" \/>\n<meta property=\"og:image\" content=\"https:\/\/dicodusport.fr\/blog\/wp-content\/uploads\/2019\/08\/Amy-Pieters-championnats-dEurope-sur-route-2019-Alkmaar.png\" \/>\n\t<meta property=\"og:image:width\" content=\"800\" \/>\n\t<meta property=\"og:image:height\" content=\"445\" \/>\n\t<meta property=\"og:image:type\" content=\"image\/png\" \/>\n<meta name=\"author\" content=\"Flo Ostermann\" \/>\n<meta name=\"twitter:card\" content=\"summary_large_image\" \/>\n<meta name=\"twitter:title\" content=\"Championnats d&#039;Europe sur route : Amy Pieters sacr\u00e9e \u00e0 domicile\" \/>\n<meta name=\"twitter:image\" content=\"https:\/\/dicodusport.fr\/blog\/wp-content\/uploads\/2019\/08\/Amy-Pieters-championnats-dEurope-sur-route-2019-Alkmaar.png\" \/>\n<meta name=\"twitter:creator\" content=\"@https:\/\/twitter.com\/FlOstermann\" \/>\n<meta name=\"twitter:site\" content=\"@dicodusport\" \/>\n<script type=\"application\/ld+json\" class=\"yoast-schema-graph\">{\"@context\":\"https:\/\/schema.org\",\"@graph\":[{\"@type\":\"NewsArticle\",\"@id\":\"https:\/\/dicodusport.fr\/blog\/championnats-d-europe-sur-route-amy-pieters-sacree-a-domicile\/#article\",\"isPartOf\":{\"@id\":\"https:\/\/dicodusport.fr\/blog\/championnats-d-europe-sur-route-amy-pieters-sacree-a-domicile\/\"},\"author\":{\"name\":\"Flo Ostermann\",\"@id\":\"https:\/\/dicodusport.fr\/blog\/#\/schema\/person\/cb02af4c173ce4a653b55e9baf388d4a\"},\"headline\":\"Championnats d&rsquo;Europe sur route : Amy Pieters sacr\u00e9e \u00e0 domicile\",\"datePublished\":\"2019-08-10T14:30:33+00:00\",\"dateModified\":\"2019-08-10T15:07:34+00:00\",\"mainEntityOfPage\":{\"@id\":\"https:\/\/dicodusport.fr\/blog\/championnats-d-europe-sur-route-amy-pieters-sacree-a-domicile\/\"},\"wordCount\":156,\"commentCount\":0,\"publisher\":{\"@id\":\"https:\/\/dicodusport.fr\/blog\/#organization\"},\"image\":{\"@id\":\"https:\/\/dicodusport.fr\/blog\/championnats-d-europe-sur-route-amy-pieters-sacree-a-domicile\/#primaryimage\"},\"thumbnailUrl\":\"https:\/\/dicodusport.fr\/blog\/wp-content\/uploads\/2019\/08\/Amy-Pieters-championnats-dEurope-sur-route-2019-Alkmaar.png\",\"keywords\":[\"Cyclisme\"],\"articleSection\":[\"Cyclisme\"],\"inLanguage\":\"fr-FR\",\"potentialAction\":[{\"@type\":\"CommentAction\",\"name\":\"Comment\",\"target\":[\"https:\/\/dicodusport.fr\/blog\/championnats-d-europe-sur-route-amy-pieters-sacree-a-domicile\/#respond\"]}],\"copyrightYear\":\"2019\",\"copyrightHolder\":{\"@id\":\"https:\/\/dicodusport.fr\/blog\/#organization\"}},{\"@type\":\"WebPage\",\"@id\":\"https:\/\/dicodusport.fr\/blog\/championnats-d-europe-sur-route-amy-pieters-sacree-a-domicile\/\",\"url\":\"https:\/\/dicodusport.fr\/blog\/championnats-d-europe-sur-route-amy-pieters-sacree-a-domicile\/\",\"name\":\"Championnats d'Europe sur route : Amy Pieters sacr\u00e9e \u00e0 domicile\",\"isPartOf\":{\"@id\":\"https:\/\/dicodusport.fr\/blog\/#website\"},\"primaryImageOfPage\":{\"@id\":\"https:\/\/dicodusport.fr\/blog\/championnats-d-europe-sur-route-amy-pieters-sacree-a-domicile\/#primaryimage\"},\"image\":{\"@id\":\"https:\/\/dicodusport.fr\/blog\/championnats-d-europe-sur-route-amy-pieters-sacree-a-domicile\/#primaryimage\"},\"thumbnailUrl\":\"https:\/\/dicodusport.fr\/blog\/wp-content\/uploads\/2019\/08\/Amy-Pieters-championnats-dEurope-sur-route-2019-Alkmaar.png\",\"datePublished\":\"2019-08-10T14:30:33+00:00\",\"dateModified\":\"2019-08-10T15:07:34+00:00\",\"description\":\"Route - La N\u00e9erlandaise Amy Pieters est devenue sacr\u00e9e championne d'Europe sur route ce samedi, \u00e0 Alkmaar (Pays-Bas).\",\"breadcrumb\":{\"@id\":\"https:\/\/dicodusport.fr\/blog\/championnats-d-europe-sur-route-amy-pieters-sacree-a-domicile\/#breadcrumb\"},\"inLanguage\":\"fr-FR\",\"potentialAction\":[{\"@type\":\"ReadAction\",\"target\":[\"https:\/\/dicodusport.fr\/blog\/championnats-d-europe-sur-route-amy-pieters-sacree-a-domicile\/\"]}]},{\"@type\":\"ImageObject\",\"inLanguage\":\"fr-FR\",\"@id\":\"https:\/\/dicodusport.fr\/blog\/championnats-d-europe-sur-route-amy-pieters-sacree-a-domicile\/#primaryimage\",\"url\":\"https:\/\/dicodusport.fr\/blog\/wp-content\/uploads\/2019\/08\/Amy-Pieters-championnats-dEurope-sur-route-2019-Alkmaar.png\",\"contentUrl\":\"https:\/\/dicodusport.fr\/blog\/wp-content\/uploads\/2019\/08\/Amy-Pieters-championnats-dEurope-sur-route-2019-Alkmaar.png\",\"width\":800,\"height\":445},{\"@type\":\"BreadcrumbList\",\"@id\":\"https:\/\/dicodusport.fr\/blog\/championnats-d-europe-sur-route-amy-pieters-sacree-a-domicile\/#breadcrumb\",\"itemListElement\":[{\"@type\":\"ListItem\",\"position\":1,\"name\":\"Accueil\",\"item\":\"https:\/\/dicodusport.fr\/blog\/\"},{\"@type\":\"ListItem\",\"position\":2,\"name\":\"Championnats d&rsquo;Europe sur route : Amy Pieters sacr\u00e9e \u00e0 domicile\"}]},{\"@type\":\"WebSite\",\"@id\":\"https:\/\/dicodusport.fr\/blog\/#website\",\"url\":\"https:\/\/dicodusport.fr\/blog\/\",\"name\":\"Dicodusport\",\"description\":\"L&#039;encyclop\u00e9die de l&#039;actualit\u00e9 sportive\",\"publisher\":{\"@id\":\"https:\/\/dicodusport.fr\/blog\/#organization\"},\"potentialAction\":[{\"@type\":\"SearchAction\",\"target\":{\"@type\":\"EntryPoint\",\"urlTemplate\":\"https:\/\/dicodusport.fr\/blog\/?s={search_term_string}\"},\"query-input\":{\"@type\":\"PropertyValueSpecification\",\"valueRequired\":true,\"valueName\":\"search_term_string\"}}],\"inLanguage\":\"fr-FR\"},{\"@type\":\"NewsMediaOrganization\",\"@id\":\"https:\/\/dicodusport.fr\/blog\/#organization\",\"name\":\"Dicodusport\",\"url\":\"https:\/\/dicodusport.fr\/blog\/\",\"logo\":{\"@type\":\"ImageObject\",\"inLanguage\":\"fr-FR\",\"@id\":\"https:\/\/dicodusport.fr\/blog\/#\/schema\/logo\/image\/\",\"url\":\"https:\/\/dicodusport.fr\/blog\/wp-content\/uploads\/2020\/06\/cropped-LOGO-DICODUSPORT-2020-SANS-FOND-SANS-TEXTE.png\",\"contentUrl\":\"https:\/\/dicodusport.fr\/blog\/wp-content\/uploads\/2020\/06\/cropped-LOGO-DICODUSPORT-2020-SANS-FOND-SANS-TEXTE.png\",\"width\":512,\"height\":512,\"caption\":\"Dicodusport\"},\"image\":{\"@id\":\"https:\/\/dicodusport.fr\/blog\/#\/schema\/logo\/image\/\"},\"sameAs\":[\"https:\/\/www.facebook.com\/dicodusport\",\"https:\/\/x.com\/dicodusport\",\"https:\/\/www.instagram.com\/dicodusport\/\",\"https:\/\/www.youtube.com\/channel\/UC7V2KZ5sd3htJivAbA4ZG3w\"],\"description\":\"Dicodusport est l'encyclop\u00e9die de l'actualit\u00e9 sportive.\",\"email\":\"bonjour@dicodusport.fr\",\"legalName\":\"DICODUSPORT\",\"foundingDate\":\"2018-01-14\",\"vatID\":\"FR71834470973\",\"taxID\":\"83447097300043\",\"numberOfEmployees\":{\"@type\":\"QuantitativeValue\",\"minValue\":\"1\",\"maxValue\":\"10\"}},{\"@type\":\"Person\",\"@id\":\"https:\/\/dicodusport.fr\/blog\/#\/schema\/person\/cb02af4c173ce4a653b55e9baf388d4a\",\"name\":\"Flo Ostermann\",\"image\":{\"@type\":\"ImageObject\",\"inLanguage\":\"fr-FR\",\"@id\":\"https:\/\/dicodusport.fr\/blog\/#\/schema\/person\/image\/\",\"url\":\"https:\/\/dicodusport.fr\/blog\/wp-content\/uploads\/2021\/05\/Flo-Ostermann-150x150.jpg\",\"contentUrl\":\"https:\/\/dicodusport.fr\/blog\/wp-content\/uploads\/2021\/05\/Flo-Ostermann-150x150.jpg\",\"caption\":\"Flo Ostermann\"},\"description\":\"Journaliste\/R\u00e9dacteur depuis septembre 2015 - Mes premiers souvenirs dans le sport ? Les envol\u00e9es du Stade Toulousain et les duels Villeneuve-Schumacher et H\u00e4kkinen-Schumacher \u00e0 la fin des ann\u00e9es 90, la Coupe du monde de football en 1998, l\u2019exploit du XV de France face aux All Blacks en 1999, mais aussi Richard C\u0153ur de Lion qui vole sur les montagnes du Tour de France. Bien parti pour devenir professeur d\u2019EPS, les \u00e9v\u00e9nements de la vie (et la flemme d\u2019animer des s\u00e9ances de 3x500 m\u00e8tres toute ma vie) m\u2019ont conduit \u00e0 revoir mes plans. Me voil\u00e0 depuis fin 2017 sur Dicodusport, m\u00e9dia gr\u00e2ce (et pour) lequel je partage ma passion : le sport dans tous ses \u00e9tats. Le tout accompagn\u00e9 par les fous furieux et folles furieuses cit\u00e9s sur cette page !\",\"sameAs\":[\"https:\/\/www.facebook.com\/florent.ostermann\",\"https:\/\/x.com\/https:\/\/twitter.com\/FlOstermann\",\"admin\"],\"url\":\"https:\/\/dicodusport.fr\/blog\/author\/flo\/\"}]}<\/script>\n<!-- \/ Yoast SEO Premium plugin. -->","yoast_head_json":{"title":"Championnats d'Europe sur route : Amy Pieters sacr\u00e9e \u00e0 domicile","description":"Route - La N\u00e9erlandaise Amy Pieters est devenue sacr\u00e9e championne d'Europe sur route ce samedi, \u00e0 Alkmaar (Pays-Bas).","robots":{"index":"index","follow":"follow","max-snippet":"max-snippet:-1","max-image-preview":"max-image-preview:large","max-video-preview":"max-video-preview:-1"},"canonical":"https:\/\/dicodusport.fr\/blog\/championnats-d-europe-sur-route-amy-pieters-sacree-a-domicile\/","og_locale":"fr_FR","og_type":"article","og_title":"Championnats d'Europe sur route : Amy Pieters sacr\u00e9e \u00e0 domicile","og_description":"Route - La N\u00e9erlandaise Amy Pieters est devenue sacr\u00e9e championne d'Europe sur route ce samedi, \u00e0 Alkmaar (Pays-Bas).","og_url":"https:\/\/dicodusport.fr\/blog\/championnats-d-europe-sur-route-amy-pieters-sacree-a-domicile\/","og_site_name":"Dicodusport","article_publisher":"https:\/\/www.facebook.com\/dicodusport","article_author":"https:\/\/www.facebook.com\/florent.ostermann","article_published_time":"2019-08-10T14:30:33+00:00","article_modified_time":"2019-08-10T15:07:34+00:00","og_image":[{"width":800,"height":445,"url":"https:\/\/dicodusport.fr\/blog\/wp-content\/uploads\/2019\/08\/Amy-Pieters-championnats-dEurope-sur-route-2019-Alkmaar.png","type":"image\/png"}],"author":"Flo Ostermann","twitter_card":"summary_large_image","twitter_title":"Championnats d'Europe sur route : Amy Pieters sacr\u00e9e \u00e0 domicile","twitter_image":"https:\/\/dicodusport.fr\/blog\/wp-content\/uploads\/2019\/08\/Amy-Pieters-championnats-dEurope-sur-route-2019-Alkmaar.png","twitter_creator":"@https:\/\/twitter.com\/FlOstermann","twitter_site":"@dicodusport","schema":{"@context":"https:\/\/schema.org","@graph":[{"@type":"NewsArticle","@id":"https:\/\/dicodusport.fr\/blog\/championnats-d-europe-sur-route-amy-pieters-sacree-a-domicile\/#article","isPartOf":{"@id":"https:\/\/dicodusport.fr\/blog\/championnats-d-europe-sur-route-amy-pieters-sacree-a-domicile\/"},"author":{"name":"Flo Ostermann","@id":"https:\/\/dicodusport.fr\/blog\/#\/schema\/person\/cb02af4c173ce4a653b55e9baf388d4a"},"headline":"Championnats d&rsquo;Europe sur route : Amy Pieters sacr\u00e9e \u00e0 domicile","datePublished":"2019-08-10T14:30:33+00:00","dateModified":"2019-08-10T15:07:34+00:00","mainEntityOfPage":{"@id":"https:\/\/dicodusport.fr\/blog\/championnats-d-europe-sur-route-amy-pieters-sacree-a-domicile\/"},"wordCount":156,"commentCount":0,"publisher":{"@id":"https:\/\/dicodusport.fr\/blog\/#organization"},"image":{"@id":"https:\/\/dicodusport.fr\/blog\/championnats-d-europe-sur-route-amy-pieters-sacree-a-domicile\/#primaryimage"},"thumbnailUrl":"https:\/\/dicodusport.fr\/blog\/wp-content\/uploads\/2019\/08\/Amy-Pieters-championnats-dEurope-sur-route-2019-Alkmaar.png","keywords":["Cyclisme"],"articleSection":["Cyclisme"],"inLanguage":"fr-FR","potentialAction":[{"@type":"CommentAction","name":"Comment","target":["https:\/\/dicodusport.fr\/blog\/championnats-d-europe-sur-route-amy-pieters-sacree-a-domicile\/#respond"]}],"copyrightYear":"2019","copyrightHolder":{"@id":"https:\/\/dicodusport.fr\/blog\/#organization"}},{"@type":"WebPage","@id":"https:\/\/dicodusport.fr\/blog\/championnats-d-europe-sur-route-amy-pieters-sacree-a-domicile\/","url":"https:\/\/dicodusport.fr\/blog\/championnats-d-europe-sur-route-amy-pieters-sacree-a-domicile\/","name":"Championnats d'Europe sur route : Amy Pieters sacr\u00e9e \u00e0 domicile","isPartOf":{"@id":"https:\/\/dicodusport.fr\/blog\/#website"},"primaryImageOfPage":{"@id":"https:\/\/dicodusport.fr\/blog\/championnats-d-europe-sur-route-amy-pieters-sacree-a-domicile\/#primaryimage"},"image":{"@id":"https:\/\/dicodusport.fr\/blog\/championnats-d-europe-sur-route-amy-pieters-sacree-a-domicile\/#primaryimage"},"thumbnailUrl":"https:\/\/dicodusport.fr\/blog\/wp-content\/uploads\/2019\/08\/Amy-Pieters-championnats-dEurope-sur-route-2019-Alkmaar.png","datePublished":"2019-08-10T14:30:33+00:00","dateModified":"2019-08-10T15:07:34+00:00","description":"Route - La N\u00e9erlandaise Amy Pieters est devenue sacr\u00e9e championne d'Europe sur route ce samedi, \u00e0 Alkmaar (Pays-Bas).","breadcrumb":{"@id":"https:\/\/dicodusport.fr\/blog\/championnats-d-europe-sur-route-amy-pieters-sacree-a-domicile\/#breadcrumb"},"inLanguage":"fr-FR","potentialAction":[{"@type":"ReadAction","target":["https:\/\/dicodusport.fr\/blog\/championnats-d-europe-sur-route-amy-pieters-sacree-a-domicile\/"]}]},{"@type":"ImageObject","inLanguage":"fr-FR","@id":"https:\/\/dicodusport.fr\/blog\/championnats-d-europe-sur-route-amy-pieters-sacree-a-domicile\/#primaryimage","url":"https:\/\/dicodusport.fr\/blog\/wp-content\/uploads\/2019\/08\/Amy-Pieters-championnats-dEurope-sur-route-2019-Alkmaar.png","contentUrl":"https:\/\/dicodusport.fr\/blog\/wp-content\/uploads\/2019\/08\/Amy-Pieters-championnats-dEurope-sur-route-2019-Alkmaar.png","width":800,"height":445},{"@type":"BreadcrumbList","@id":"https:\/\/dicodusport.fr\/blog\/championnats-d-europe-sur-route-amy-pieters-sacree-a-domicile\/#breadcrumb","itemListElement":[{"@type":"ListItem","position":1,"name":"Accueil","item":"https:\/\/dicodusport.fr\/blog\/"},{"@type":"ListItem","position":2,"name":"Championnats d&rsquo;Europe sur route : Amy Pieters sacr\u00e9e \u00e0 domicile"}]},{"@type":"WebSite","@id":"https:\/\/dicodusport.fr\/blog\/#website","url":"https:\/\/dicodusport.fr\/blog\/","name":"Dicodusport","description":"L&#039;encyclop\u00e9die de l&#039;actualit\u00e9 sportive","publisher":{"@id":"https:\/\/dicodusport.fr\/blog\/#organization"},"potentialAction":[{"@type":"SearchAction","target":{"@type":"EntryPoint","urlTemplate":"https:\/\/dicodusport.fr\/blog\/?s={search_term_string}"},"query-input":{"@type":"PropertyValueSpecification","valueRequired":true,"valueName":"search_term_string"}}],"inLanguage":"fr-FR"},{"@type":"NewsMediaOrganization","@id":"https:\/\/dicodusport.fr\/blog\/#organization","name":"Dicodusport","url":"https:\/\/dicodusport.fr\/blog\/","logo":{"@type":"ImageObject","inLanguage":"fr-FR","@id":"https:\/\/dicodusport.fr\/blog\/#\/schema\/logo\/image\/","url":"https:\/\/dicodusport.fr\/blog\/wp-content\/uploads\/2020\/06\/cropped-LOGO-DICODUSPORT-2020-SANS-FOND-SANS-TEXTE.png","contentUrl":"https:\/\/dicodusport.fr\/blog\/wp-content\/uploads\/2020\/06\/cropped-LOGO-DICODUSPORT-2020-SANS-FOND-SANS-TEXTE.png","width":512,"height":512,"caption":"Dicodusport"},"image":{"@id":"https:\/\/dicodusport.fr\/blog\/#\/schema\/logo\/image\/"},"sameAs":["https:\/\/www.facebook.com\/dicodusport","https:\/\/x.com\/dicodusport","https:\/\/www.instagram.com\/dicodusport\/","https:\/\/www.youtube.com\/channel\/UC7V2KZ5sd3htJivAbA4ZG3w"],"description":"Dicodusport est l'encyclop\u00e9die de l'actualit\u00e9 sportive.","email":"bonjour@dicodusport.fr","legalName":"DICODUSPORT","foundingDate":"2018-01-14","vatID":"FR71834470973","taxID":"83447097300043","numberOfEmployees":{"@type":"QuantitativeValue","minValue":"1","maxValue":"10"}},{"@type":"Person","@id":"https:\/\/dicodusport.fr\/blog\/#\/schema\/person\/cb02af4c173ce4a653b55e9baf388d4a","name":"Flo Ostermann","image":{"@type":"ImageObject","inLanguage":"fr-FR","@id":"https:\/\/dicodusport.fr\/blog\/#\/schema\/person\/image\/","url":"https:\/\/dicodusport.fr\/blog\/wp-content\/uploads\/2021\/05\/Flo-Ostermann-150x150.jpg","contentUrl":"https:\/\/dicodusport.fr\/blog\/wp-content\/uploads\/2021\/05\/Flo-Ostermann-150x150.jpg","caption":"Flo Ostermann"},"description":"Journaliste\/R\u00e9dacteur depuis septembre 2015 - Mes premiers souvenirs dans le sport ? Les envol\u00e9es du Stade Toulousain et les duels Villeneuve-Schumacher et H\u00e4kkinen-Schumacher \u00e0 la fin des ann\u00e9es 90, la Coupe du monde de football en 1998, l\u2019exploit du XV de France face aux All Blacks en 1999, mais aussi Richard C\u0153ur de Lion qui vole sur les montagnes du Tour de France. Bien parti pour devenir professeur d\u2019EPS, les \u00e9v\u00e9nements de la vie (et la flemme d\u2019animer des s\u00e9ances de 3x500 m\u00e8tres toute ma vie) m\u2019ont conduit \u00e0 revoir mes plans. Me voil\u00e0 depuis fin 2017 sur Dicodusport, m\u00e9dia gr\u00e2ce (et pour) lequel je partage ma passion : le sport dans tous ses \u00e9tats. Le tout accompagn\u00e9 par les fous furieux et folles furieuses cit\u00e9s sur cette page !","sameAs":["https:\/\/www.facebook.com\/florent.ostermann","https:\/\/x.com\/https:\/\/twitter.com\/FlOstermann","admin"],"url":"https:\/\/dicodusport.fr\/blog\/author\/flo\/"}]}},"_links":{"self":[{"href":"https:\/\/dicodusport.fr\/blog\/wp-json\/wp\/v2\/posts\/45112","targetHints":{"allow":["GET"]}}],"collection":[{"href":"https:\/\/dicodusport.fr\/blog\/wp-json\/wp\/v2\/posts"}],"about":[{"href":"https:\/\/dicodusport.fr\/blog\/wp-json\/wp\/v2\/types\/post"}],"author":[{"embeddable":true,"href":"https:\/\/dicodusport.fr\/blog\/wp-json\/wp\/v2\/users\/4"}],"replies":[{"embeddable":true,"href":"https:\/\/dicodusport.fr\/blog\/wp-json\/wp\/v2\/comments?post=45112"}],"version-history":[{"count":0,"href":"https:\/\/dicodusport.fr\/blog\/wp-json\/wp\/v2\/posts\/45112\/revisions"}],"wp:featuredmedia":[{"embeddable":true,"href":"https:\/\/dicodusport.fr\/blog\/wp-json\/wp\/v2\/media\/45130"}],"wp:attachment":[{"href":"https:\/\/dicodusport.fr\/blog\/wp-json\/wp\/v2\/media?parent=45112"}],"wp:term":[{"taxonomy":"category","embeddable":true,"href":"https:\/\/dicodusport.fr\/blog\/wp-json\/wp\/v2\/categories?post=45112"},{"taxonomy":"post_tag","embeddable":true,"href":"https:\/\/dicodusport.fr\/blog\/wp-json\/wp\/v2\/tags?post=45112"}],"curies":[{"name":"wp","href":"https:\/\/api.w.org\/{rel}","templated":true}]}}