{"id":45143,"date":"2019-08-10T19:49:09","date_gmt":"2019-08-10T17:49:09","guid":{"rendered":"http:\/\/dicodusport.fr\/blog\/?p=45143"},"modified":"2019-09-09T12:01:34","modified_gmt":"2019-09-09T10:01:34","slug":"gym-juliette-bossu-met-fin-a-sa-carriere","status":"publish","type":"post","link":"https:\/\/dicodusport.fr\/blog\/gym-juliette-bossu-met-fin-a-sa-carriere\/","title":{"rendered":"Gym : Juliette Bossu met fin \u00e0 sa carri\u00e8re"},"content":{"rendered":"<p style=\"text-align: justify;\"><strong><em>Juliette Bossu, 19 ans, a annonc\u00e9 ce samedi qu&rsquo;elle mettait un terme \u00e0 sa carri\u00e8re sportive. L&rsquo;Alsacienne faisait partie de l&rsquo;\u00e9quipe de France, vice-championne d&rsquo;Europe en 2018 \u00e0 Glasgow.<br \/>\n<\/em><\/strong><\/p>\n<p style=\"text-align: justify;\">Clap de fin pour <strong>Juliette Bossu<\/strong>. \u00c0 19 ans, la native de Mulhouse a d\u00e9cid\u00e9 de mettre un terme \u00e0 sa carri\u00e8re. Vice-championne d&rsquo;Europe par \u00e9quipe l&rsquo;ann\u00e9e derni\u00e8re \u00e0 Glasgow, l&rsquo;Alsacienne avait termin\u00e9 \u00e0 la premi\u00e8re place des Internationaux de France aux barres asym\u00e9triques la m\u00eame ann\u00e9e. La Fran\u00e7aise avait \u00e9galement d\u00e9croch\u00e9 l&rsquo;or au sol lors des championnats de France 2016.<\/p>\n<p style=\"text-align: justify;\"><a href=\"https:\/\/www.ffgym.fr\/Actualite\/2019_-_08_-_g_a_f_-_juliette_bossu_met_un_terme_a_sa_carriere\" target=\"_blank\" rel=\"noopener\">Dans un entretien sur le site de la F\u00e9d\u00e9ration Fran\u00e7aise de Gymnastique<\/a>, la Tricolore a expliqu\u00e9 les raisons de ce choix : <em>\u00ab La premi\u00e8re raison, ce sont mes douleurs aux genoux. [&#8230;] Depuis trois ans, je ne faisais plus que des barres asym\u00e9triques alors que toutes les autres fille travaillaient sur les quatre agr\u00e8s. Cela devenait vraiment compliqu\u00e9 \u00e0 g\u00e9rer. J&rsquo;\u00e9tais fatigu\u00e9e physiquement et moralement. Je ne faisais pas partie de l&rsquo;\u00e9quipe en pr\u00e9paration pour les Championnats du monde. [&#8230;] Je n&rsquo;\u00e9tais donc plus vraiment dans le groupe qui s&rsquo;entra\u00eene en vue des Jeux Olympiques de Tokyo. J&rsquo;ai donc pris la d\u00e9cision d&rsquo;arr\u00eater ma carri\u00e8re de haut niveau. \u00bb<\/em><\/p>\n<blockquote class=\"twitter-tweet\">\n<p dir=\"ltr\" lang=\"fr\">Juliette Bossu, vice-championne d&rsquo;Europe par \u00e9quipe en 2018, vient d&rsquo;annoncer l&rsquo;arr\u00eat de sa carri\u00e8re. Elle revient sur cette d\u00e9cision et ses ann\u00e9es au sein du collectif France.<\/p>\n<p>Une interview \u00e0 lire sur notre site &gt;&gt; <a href=\"https:\/\/t.co\/DkZ6Yk5NQv\">https:\/\/t.co\/DkZ6Yk5NQv<\/a> <a href=\"https:\/\/t.co\/Mse31QjwY1\">pic.twitter.com\/Mse31QjwY1<\/a><\/p>\n<p>\u2014 F\u00e9d\u00e9ration Fran\u00e7aise de Gymnastique (@ffgymnastique) <a href=\"https:\/\/twitter.com\/ffgymnastique\/status\/1160181628079104000?ref_src=twsrc%5Etfw\">August 10, 2019<\/a><\/p><\/blockquote>\n<p><script async src=\"https:\/\/platform.twitter.com\/widgets.js\" charset=\"utf-8\"><\/script><\/p>\n<p><strong><em>Dicodusport<br \/>\n<a href=\"https:\/\/www.facebook.com\/dicodusport\/\" target=\"_blank\" rel=\"noopener\"><img loading=\"lazy\" decoding=\"async\" class=\"alignnone wp-image-2909\" src=\"http:\/\/dicodusport.fr\/blog\/wp-content\/uploads\/2017\/07\/logo-facebook-150x150.png\" alt=\"\" width=\"40\" height=\"40\" \/><\/a><a href=\"https:\/\/twitter.com\/dicodusport\" target=\"_blank\" rel=\"noopener\"><img loading=\"lazy\" decoding=\"async\" class=\"alignnone wp-image-2908\" src=\"http:\/\/dicodusport.fr\/blog\/wp-content\/uploads\/2017\/07\/logo-twitter-150x150.png\" alt=\"\" width=\"39\" height=\"39\" \/><\/a><\/em><\/strong><\/p>\n","protected":false},"excerpt":{"rendered":"<p>Juliette Bossu, 19 ans, a annonc\u00e9 ce samedi qu&rsquo;elle mettait un terme \u00e0 sa carri\u00e8re sportive. L&rsquo;Alsacienne faisait partie de l&rsquo;\u00e9quipe de France, vice-championne d&rsquo;Europe en 2018 \u00e0 Glasgow.<\/p>\n","protected":false},"author":4,"featured_media":47648,"comment_status":"open","ping_status":"closed","sticky":false,"template":"","format":"standard","meta":{"_acf_changed":false,"_daextam_enable_autolinks":"","footnotes":""},"categories":[2314],"tags":[714,391],"class_list":["post-45143","post","type-post","status-publish","format-standard","has-post-thumbnail","hentry","category-sports-artistiques","tag-gym","tag-gymnastique"],"acf":[],"yoast_head":"<!-- This site is optimized with the Yoast SEO Premium plugin v26.7 (Yoast SEO v26.7) - https:\/\/yoast.com\/wordpress\/plugins\/seo\/ -->\n<title>Gym : Juliette Bossu met fin \u00e0 sa carri\u00e8re<\/title>\n<meta name=\"description\" content=\"Juliette Bossu, 19 ans, a annonc\u00e9 ce samedi qu&#039;elle mettait un terme \u00e0 sa carri\u00e8re sportive. Elle l&#039;a annonc\u00e9 sur le site de la FFG.\" \/>\n<meta name=\"robots\" content=\"index, follow, max-snippet:-1, max-image-preview:large, max-video-preview:-1\" \/>\n<link rel=\"canonical\" href=\"https:\/\/dicodusport.fr\/blog\/gym-juliette-bossu-met-fin-a-sa-carriere\/\" \/>\n<meta property=\"og:locale\" content=\"fr_FR\" \/>\n<meta property=\"og:type\" content=\"article\" \/>\n<meta property=\"og:title\" content=\"Gym : Juliette Bossu met fin \u00e0 sa carri\u00e8re\" \/>\n<meta property=\"og:description\" content=\"Juliette Bossu, 19 ans, a annonc\u00e9 ce samedi qu&#039;elle mettait un terme \u00e0 sa carri\u00e8re sportive. Elle l&#039;a annonc\u00e9 sur le site de la FFG.\" \/>\n<meta property=\"og:url\" content=\"https:\/\/dicodusport.fr\/blog\/gym-juliette-bossu-met-fin-a-sa-carriere\/\" \/>\n<meta property=\"og:site_name\" content=\"Dicodusport\" \/>\n<meta property=\"article:publisher\" content=\"https:\/\/www.facebook.com\/dicodusport\" \/>\n<meta property=\"article:author\" content=\"https:\/\/www.facebook.com\/florent.ostermann\" \/>\n<meta property=\"article:published_time\" content=\"2019-08-10T17:49:09+00:00\" \/>\n<meta property=\"article:modified_time\" content=\"2019-09-09T10:01:34+00:00\" \/>\n<meta property=\"og:image\" content=\"https:\/\/dicodusport.fr\/blog\/wp-content\/uploads\/2019\/08\/Juliette-Bossu-1.png\" \/>\n\t<meta property=\"og:image:width\" content=\"800\" \/>\n\t<meta property=\"og:image:height\" content=\"445\" \/>\n\t<meta property=\"og:image:type\" content=\"image\/png\" \/>\n<meta name=\"author\" content=\"Flo Ostermann\" \/>\n<meta name=\"twitter:card\" content=\"summary_large_image\" \/>\n<meta name=\"twitter:title\" content=\"Gym : Juliette Bossu met fin \u00e0 sa carri\u00e8re\" \/>\n<meta name=\"twitter:creator\" content=\"@https:\/\/twitter.com\/FlOstermann\" \/>\n<meta name=\"twitter:site\" content=\"@dicodusport\" \/>\n<script type=\"application\/ld+json\" class=\"yoast-schema-graph\">{\"@context\":\"https:\/\/schema.org\",\"@graph\":[{\"@type\":\"NewsArticle\",\"@id\":\"https:\/\/dicodusport.fr\/blog\/gym-juliette-bossu-met-fin-a-sa-carriere\/#article\",\"isPartOf\":{\"@id\":\"https:\/\/dicodusport.fr\/blog\/gym-juliette-bossu-met-fin-a-sa-carriere\/\"},\"author\":{\"name\":\"Flo Ostermann\",\"@id\":\"https:\/\/dicodusport.fr\/blog\/#\/schema\/person\/cb02af4c173ce4a653b55e9baf388d4a\"},\"headline\":\"Gym : Juliette Bossu met fin \u00e0 sa carri\u00e8re\",\"datePublished\":\"2019-08-10T17:49:09+00:00\",\"dateModified\":\"2019-09-09T10:01:34+00:00\",\"mainEntityOfPage\":{\"@id\":\"https:\/\/dicodusport.fr\/blog\/gym-juliette-bossu-met-fin-a-sa-carriere\/\"},\"wordCount\":292,\"commentCount\":0,\"publisher\":{\"@id\":\"https:\/\/dicodusport.fr\/blog\/#organization\"},\"image\":{\"@id\":\"https:\/\/dicodusport.fr\/blog\/gym-juliette-bossu-met-fin-a-sa-carriere\/#primaryimage\"},\"thumbnailUrl\":\"https:\/\/dicodusport.fr\/blog\/wp-content\/uploads\/2019\/08\/Juliette-Bossu-1.png\",\"keywords\":[\"gym\",\"gymnastique\"],\"articleSection\":[\"Sports artistiques\"],\"inLanguage\":\"fr-FR\",\"potentialAction\":[{\"@type\":\"CommentAction\",\"name\":\"Comment\",\"target\":[\"https:\/\/dicodusport.fr\/blog\/gym-juliette-bossu-met-fin-a-sa-carriere\/#respond\"]}],\"copyrightYear\":\"2019\",\"copyrightHolder\":{\"@id\":\"https:\/\/dicodusport.fr\/blog\/#organization\"}},{\"@type\":\"WebPage\",\"@id\":\"https:\/\/dicodusport.fr\/blog\/gym-juliette-bossu-met-fin-a-sa-carriere\/\",\"url\":\"https:\/\/dicodusport.fr\/blog\/gym-juliette-bossu-met-fin-a-sa-carriere\/\",\"name\":\"Gym : Juliette Bossu met fin \u00e0 sa carri\u00e8re\",\"isPartOf\":{\"@id\":\"https:\/\/dicodusport.fr\/blog\/#website\"},\"primaryImageOfPage\":{\"@id\":\"https:\/\/dicodusport.fr\/blog\/gym-juliette-bossu-met-fin-a-sa-carriere\/#primaryimage\"},\"image\":{\"@id\":\"https:\/\/dicodusport.fr\/blog\/gym-juliette-bossu-met-fin-a-sa-carriere\/#primaryimage\"},\"thumbnailUrl\":\"https:\/\/dicodusport.fr\/blog\/wp-content\/uploads\/2019\/08\/Juliette-Bossu-1.png\",\"datePublished\":\"2019-08-10T17:49:09+00:00\",\"dateModified\":\"2019-09-09T10:01:34+00:00\",\"description\":\"Juliette Bossu, 19 ans, a annonc\u00e9 ce samedi qu'elle mettait un terme \u00e0 sa carri\u00e8re sportive. Elle l'a annonc\u00e9 sur le site de la FFG.\",\"breadcrumb\":{\"@id\":\"https:\/\/dicodusport.fr\/blog\/gym-juliette-bossu-met-fin-a-sa-carriere\/#breadcrumb\"},\"inLanguage\":\"fr-FR\",\"potentialAction\":[{\"@type\":\"ReadAction\",\"target\":[\"https:\/\/dicodusport.fr\/blog\/gym-juliette-bossu-met-fin-a-sa-carriere\/\"]}]},{\"@type\":\"ImageObject\",\"inLanguage\":\"fr-FR\",\"@id\":\"https:\/\/dicodusport.fr\/blog\/gym-juliette-bossu-met-fin-a-sa-carriere\/#primaryimage\",\"url\":\"https:\/\/dicodusport.fr\/blog\/wp-content\/uploads\/2019\/08\/Juliette-Bossu-1.png\",\"contentUrl\":\"https:\/\/dicodusport.fr\/blog\/wp-content\/uploads\/2019\/08\/Juliette-Bossu-1.png\",\"width\":800,\"height\":445},{\"@type\":\"BreadcrumbList\",\"@id\":\"https:\/\/dicodusport.fr\/blog\/gym-juliette-bossu-met-fin-a-sa-carriere\/#breadcrumb\",\"itemListElement\":[{\"@type\":\"ListItem\",\"position\":1,\"name\":\"Accueil\",\"item\":\"https:\/\/dicodusport.fr\/blog\/\"},{\"@type\":\"ListItem\",\"position\":2,\"name\":\"Gym : Juliette Bossu met fin \u00e0 sa carri\u00e8re\"}]},{\"@type\":\"WebSite\",\"@id\":\"https:\/\/dicodusport.fr\/blog\/#website\",\"url\":\"https:\/\/dicodusport.fr\/blog\/\",\"name\":\"Dicodusport\",\"description\":\"L&#039;encyclop\u00e9die de l&#039;actualit\u00e9 sportive\",\"publisher\":{\"@id\":\"https:\/\/dicodusport.fr\/blog\/#organization\"},\"potentialAction\":[{\"@type\":\"SearchAction\",\"target\":{\"@type\":\"EntryPoint\",\"urlTemplate\":\"https:\/\/dicodusport.fr\/blog\/?s={search_term_string}\"},\"query-input\":{\"@type\":\"PropertyValueSpecification\",\"valueRequired\":true,\"valueName\":\"search_term_string\"}}],\"inLanguage\":\"fr-FR\"},{\"@type\":\"NewsMediaOrganization\",\"@id\":\"https:\/\/dicodusport.fr\/blog\/#organization\",\"name\":\"Dicodusport\",\"url\":\"https:\/\/dicodusport.fr\/blog\/\",\"logo\":{\"@type\":\"ImageObject\",\"inLanguage\":\"fr-FR\",\"@id\":\"https:\/\/dicodusport.fr\/blog\/#\/schema\/logo\/image\/\",\"url\":\"https:\/\/dicodusport.fr\/blog\/wp-content\/uploads\/2020\/06\/cropped-LOGO-DICODUSPORT-2020-SANS-FOND-SANS-TEXTE.png\",\"contentUrl\":\"https:\/\/dicodusport.fr\/blog\/wp-content\/uploads\/2020\/06\/cropped-LOGO-DICODUSPORT-2020-SANS-FOND-SANS-TEXTE.png\",\"width\":512,\"height\":512,\"caption\":\"Dicodusport\"},\"image\":{\"@id\":\"https:\/\/dicodusport.fr\/blog\/#\/schema\/logo\/image\/\"},\"sameAs\":[\"https:\/\/www.facebook.com\/dicodusport\",\"https:\/\/x.com\/dicodusport\",\"https:\/\/www.instagram.com\/dicodusport\/\",\"https:\/\/www.youtube.com\/channel\/UC7V2KZ5sd3htJivAbA4ZG3w\"],\"description\":\"Dicodusport est l'encyclop\u00e9die de l'actualit\u00e9 sportive.\",\"email\":\"bonjour@dicodusport.fr\",\"legalName\":\"DICODUSPORT\",\"foundingDate\":\"2018-01-14\",\"vatID\":\"FR71834470973\",\"taxID\":\"83447097300043\",\"numberOfEmployees\":{\"@type\":\"QuantitativeValue\",\"minValue\":\"1\",\"maxValue\":\"10\"}},{\"@type\":\"Person\",\"@id\":\"https:\/\/dicodusport.fr\/blog\/#\/schema\/person\/cb02af4c173ce4a653b55e9baf388d4a\",\"name\":\"Flo Ostermann\",\"image\":{\"@type\":\"ImageObject\",\"inLanguage\":\"fr-FR\",\"@id\":\"https:\/\/dicodusport.fr\/blog\/#\/schema\/person\/image\/\",\"url\":\"https:\/\/dicodusport.fr\/blog\/wp-content\/uploads\/2021\/05\/Flo-Ostermann-150x150.jpg\",\"contentUrl\":\"https:\/\/dicodusport.fr\/blog\/wp-content\/uploads\/2021\/05\/Flo-Ostermann-150x150.jpg\",\"caption\":\"Flo Ostermann\"},\"description\":\"Journaliste\/R\u00e9dacteur depuis septembre 2015 - Mes premiers souvenirs dans le sport ? Les envol\u00e9es du Stade Toulousain et les duels Villeneuve-Schumacher et H\u00e4kkinen-Schumacher \u00e0 la fin des ann\u00e9es 90, la Coupe du monde de football en 1998, l\u2019exploit du XV de France face aux All Blacks en 1999, mais aussi Richard C\u0153ur de Lion qui vole sur les montagnes du Tour de France. Bien parti pour devenir professeur d\u2019EPS, les \u00e9v\u00e9nements de la vie (et la flemme d\u2019animer des s\u00e9ances de 3x500 m\u00e8tres toute ma vie) m\u2019ont conduit \u00e0 revoir mes plans. Me voil\u00e0 depuis fin 2017 sur Dicodusport, m\u00e9dia gr\u00e2ce (et pour) lequel je partage ma passion : le sport dans tous ses \u00e9tats. Le tout accompagn\u00e9 par les fous furieux et folles furieuses cit\u00e9s sur cette page !\",\"sameAs\":[\"https:\/\/www.facebook.com\/florent.ostermann\",\"https:\/\/x.com\/https:\/\/twitter.com\/FlOstermann\",\"admin\"],\"url\":\"https:\/\/dicodusport.fr\/blog\/author\/flo\/\"}]}<\/script>\n<!-- \/ Yoast SEO Premium plugin. -->","yoast_head_json":{"title":"Gym : Juliette Bossu met fin \u00e0 sa carri\u00e8re","description":"Juliette Bossu, 19 ans, a annonc\u00e9 ce samedi qu'elle mettait un terme \u00e0 sa carri\u00e8re sportive. Elle l'a annonc\u00e9 sur le site de la FFG.","robots":{"index":"index","follow":"follow","max-snippet":"max-snippet:-1","max-image-preview":"max-image-preview:large","max-video-preview":"max-video-preview:-1"},"canonical":"https:\/\/dicodusport.fr\/blog\/gym-juliette-bossu-met-fin-a-sa-carriere\/","og_locale":"fr_FR","og_type":"article","og_title":"Gym : Juliette Bossu met fin \u00e0 sa carri\u00e8re","og_description":"Juliette Bossu, 19 ans, a annonc\u00e9 ce samedi qu'elle mettait un terme \u00e0 sa carri\u00e8re sportive. Elle l'a annonc\u00e9 sur le site de la FFG.","og_url":"https:\/\/dicodusport.fr\/blog\/gym-juliette-bossu-met-fin-a-sa-carriere\/","og_site_name":"Dicodusport","article_publisher":"https:\/\/www.facebook.com\/dicodusport","article_author":"https:\/\/www.facebook.com\/florent.ostermann","article_published_time":"2019-08-10T17:49:09+00:00","article_modified_time":"2019-09-09T10:01:34+00:00","og_image":[{"width":800,"height":445,"url":"https:\/\/dicodusport.fr\/blog\/wp-content\/uploads\/2019\/08\/Juliette-Bossu-1.png","type":"image\/png"}],"author":"Flo Ostermann","twitter_card":"summary_large_image","twitter_title":"Gym : Juliette Bossu met fin \u00e0 sa carri\u00e8re","twitter_creator":"@https:\/\/twitter.com\/FlOstermann","twitter_site":"@dicodusport","schema":{"@context":"https:\/\/schema.org","@graph":[{"@type":"NewsArticle","@id":"https:\/\/dicodusport.fr\/blog\/gym-juliette-bossu-met-fin-a-sa-carriere\/#article","isPartOf":{"@id":"https:\/\/dicodusport.fr\/blog\/gym-juliette-bossu-met-fin-a-sa-carriere\/"},"author":{"name":"Flo Ostermann","@id":"https:\/\/dicodusport.fr\/blog\/#\/schema\/person\/cb02af4c173ce4a653b55e9baf388d4a"},"headline":"Gym : Juliette Bossu met fin \u00e0 sa carri\u00e8re","datePublished":"2019-08-10T17:49:09+00:00","dateModified":"2019-09-09T10:01:34+00:00","mainEntityOfPage":{"@id":"https:\/\/dicodusport.fr\/blog\/gym-juliette-bossu-met-fin-a-sa-carriere\/"},"wordCount":292,"commentCount":0,"publisher":{"@id":"https:\/\/dicodusport.fr\/blog\/#organization"},"image":{"@id":"https:\/\/dicodusport.fr\/blog\/gym-juliette-bossu-met-fin-a-sa-carriere\/#primaryimage"},"thumbnailUrl":"https:\/\/dicodusport.fr\/blog\/wp-content\/uploads\/2019\/08\/Juliette-Bossu-1.png","keywords":["gym","gymnastique"],"articleSection":["Sports artistiques"],"inLanguage":"fr-FR","potentialAction":[{"@type":"CommentAction","name":"Comment","target":["https:\/\/dicodusport.fr\/blog\/gym-juliette-bossu-met-fin-a-sa-carriere\/#respond"]}],"copyrightYear":"2019","copyrightHolder":{"@id":"https:\/\/dicodusport.fr\/blog\/#organization"}},{"@type":"WebPage","@id":"https:\/\/dicodusport.fr\/blog\/gym-juliette-bossu-met-fin-a-sa-carriere\/","url":"https:\/\/dicodusport.fr\/blog\/gym-juliette-bossu-met-fin-a-sa-carriere\/","name":"Gym : Juliette Bossu met fin \u00e0 sa carri\u00e8re","isPartOf":{"@id":"https:\/\/dicodusport.fr\/blog\/#website"},"primaryImageOfPage":{"@id":"https:\/\/dicodusport.fr\/blog\/gym-juliette-bossu-met-fin-a-sa-carriere\/#primaryimage"},"image":{"@id":"https:\/\/dicodusport.fr\/blog\/gym-juliette-bossu-met-fin-a-sa-carriere\/#primaryimage"},"thumbnailUrl":"https:\/\/dicodusport.fr\/blog\/wp-content\/uploads\/2019\/08\/Juliette-Bossu-1.png","datePublished":"2019-08-10T17:49:09+00:00","dateModified":"2019-09-09T10:01:34+00:00","description":"Juliette Bossu, 19 ans, a annonc\u00e9 ce samedi qu'elle mettait un terme \u00e0 sa carri\u00e8re sportive. Elle l'a annonc\u00e9 sur le site de la FFG.","breadcrumb":{"@id":"https:\/\/dicodusport.fr\/blog\/gym-juliette-bossu-met-fin-a-sa-carriere\/#breadcrumb"},"inLanguage":"fr-FR","potentialAction":[{"@type":"ReadAction","target":["https:\/\/dicodusport.fr\/blog\/gym-juliette-bossu-met-fin-a-sa-carriere\/"]}]},{"@type":"ImageObject","inLanguage":"fr-FR","@id":"https:\/\/dicodusport.fr\/blog\/gym-juliette-bossu-met-fin-a-sa-carriere\/#primaryimage","url":"https:\/\/dicodusport.fr\/blog\/wp-content\/uploads\/2019\/08\/Juliette-Bossu-1.png","contentUrl":"https:\/\/dicodusport.fr\/blog\/wp-content\/uploads\/2019\/08\/Juliette-Bossu-1.png","width":800,"height":445},{"@type":"BreadcrumbList","@id":"https:\/\/dicodusport.fr\/blog\/gym-juliette-bossu-met-fin-a-sa-carriere\/#breadcrumb","itemListElement":[{"@type":"ListItem","position":1,"name":"Accueil","item":"https:\/\/dicodusport.fr\/blog\/"},{"@type":"ListItem","position":2,"name":"Gym : Juliette Bossu met fin \u00e0 sa carri\u00e8re"}]},{"@type":"WebSite","@id":"https:\/\/dicodusport.fr\/blog\/#website","url":"https:\/\/dicodusport.fr\/blog\/","name":"Dicodusport","description":"L&#039;encyclop\u00e9die de l&#039;actualit\u00e9 sportive","publisher":{"@id":"https:\/\/dicodusport.fr\/blog\/#organization"},"potentialAction":[{"@type":"SearchAction","target":{"@type":"EntryPoint","urlTemplate":"https:\/\/dicodusport.fr\/blog\/?s={search_term_string}"},"query-input":{"@type":"PropertyValueSpecification","valueRequired":true,"valueName":"search_term_string"}}],"inLanguage":"fr-FR"},{"@type":"NewsMediaOrganization","@id":"https:\/\/dicodusport.fr\/blog\/#organization","name":"Dicodusport","url":"https:\/\/dicodusport.fr\/blog\/","logo":{"@type":"ImageObject","inLanguage":"fr-FR","@id":"https:\/\/dicodusport.fr\/blog\/#\/schema\/logo\/image\/","url":"https:\/\/dicodusport.fr\/blog\/wp-content\/uploads\/2020\/06\/cropped-LOGO-DICODUSPORT-2020-SANS-FOND-SANS-TEXTE.png","contentUrl":"https:\/\/dicodusport.fr\/blog\/wp-content\/uploads\/2020\/06\/cropped-LOGO-DICODUSPORT-2020-SANS-FOND-SANS-TEXTE.png","width":512,"height":512,"caption":"Dicodusport"},"image":{"@id":"https:\/\/dicodusport.fr\/blog\/#\/schema\/logo\/image\/"},"sameAs":["https:\/\/www.facebook.com\/dicodusport","https:\/\/x.com\/dicodusport","https:\/\/www.instagram.com\/dicodusport\/","https:\/\/www.youtube.com\/channel\/UC7V2KZ5sd3htJivAbA4ZG3w"],"description":"Dicodusport est l'encyclop\u00e9die de l'actualit\u00e9 sportive.","email":"bonjour@dicodusport.fr","legalName":"DICODUSPORT","foundingDate":"2018-01-14","vatID":"FR71834470973","taxID":"83447097300043","numberOfEmployees":{"@type":"QuantitativeValue","minValue":"1","maxValue":"10"}},{"@type":"Person","@id":"https:\/\/dicodusport.fr\/blog\/#\/schema\/person\/cb02af4c173ce4a653b55e9baf388d4a","name":"Flo Ostermann","image":{"@type":"ImageObject","inLanguage":"fr-FR","@id":"https:\/\/dicodusport.fr\/blog\/#\/schema\/person\/image\/","url":"https:\/\/dicodusport.fr\/blog\/wp-content\/uploads\/2021\/05\/Flo-Ostermann-150x150.jpg","contentUrl":"https:\/\/dicodusport.fr\/blog\/wp-content\/uploads\/2021\/05\/Flo-Ostermann-150x150.jpg","caption":"Flo Ostermann"},"description":"Journaliste\/R\u00e9dacteur depuis septembre 2015 - Mes premiers souvenirs dans le sport ? Les envol\u00e9es du Stade Toulousain et les duels Villeneuve-Schumacher et H\u00e4kkinen-Schumacher \u00e0 la fin des ann\u00e9es 90, la Coupe du monde de football en 1998, l\u2019exploit du XV de France face aux All Blacks en 1999, mais aussi Richard C\u0153ur de Lion qui vole sur les montagnes du Tour de France. Bien parti pour devenir professeur d\u2019EPS, les \u00e9v\u00e9nements de la vie (et la flemme d\u2019animer des s\u00e9ances de 3x500 m\u00e8tres toute ma vie) m\u2019ont conduit \u00e0 revoir mes plans. Me voil\u00e0 depuis fin 2017 sur Dicodusport, m\u00e9dia gr\u00e2ce (et pour) lequel je partage ma passion : le sport dans tous ses \u00e9tats. Le tout accompagn\u00e9 par les fous furieux et folles furieuses cit\u00e9s sur cette page !","sameAs":["https:\/\/www.facebook.com\/florent.ostermann","https:\/\/x.com\/https:\/\/twitter.com\/FlOstermann","admin"],"url":"https:\/\/dicodusport.fr\/blog\/author\/flo\/"}]}},"_links":{"self":[{"href":"https:\/\/dicodusport.fr\/blog\/wp-json\/wp\/v2\/posts\/45143","targetHints":{"allow":["GET"]}}],"collection":[{"href":"https:\/\/dicodusport.fr\/blog\/wp-json\/wp\/v2\/posts"}],"about":[{"href":"https:\/\/dicodusport.fr\/blog\/wp-json\/wp\/v2\/types\/post"}],"author":[{"embeddable":true,"href":"https:\/\/dicodusport.fr\/blog\/wp-json\/wp\/v2\/users\/4"}],"replies":[{"embeddable":true,"href":"https:\/\/dicodusport.fr\/blog\/wp-json\/wp\/v2\/comments?post=45143"}],"version-history":[{"count":0,"href":"https:\/\/dicodusport.fr\/blog\/wp-json\/wp\/v2\/posts\/45143\/revisions"}],"wp:featuredmedia":[{"embeddable":true,"href":"https:\/\/dicodusport.fr\/blog\/wp-json\/wp\/v2\/media\/47648"}],"wp:attachment":[{"href":"https:\/\/dicodusport.fr\/blog\/wp-json\/wp\/v2\/media?parent=45143"}],"wp:term":[{"taxonomy":"category","embeddable":true,"href":"https:\/\/dicodusport.fr\/blog\/wp-json\/wp\/v2\/categories?post=45143"},{"taxonomy":"post_tag","embeddable":true,"href":"https:\/\/dicodusport.fr\/blog\/wp-json\/wp\/v2\/tags?post=45143"}],"curies":[{"name":"wp","href":"https:\/\/api.w.org\/{rel}","templated":true}]}}