{"id":451485,"date":"2024-01-11T20:01:03","date_gmt":"2024-01-11T19:01:03","guid":{"rendered":"https:\/\/dicodusport.fr\/blog\/?p=451485&#038;preview=true&#038;preview_id=451485"},"modified":"2024-01-11T22:33:00","modified_gmt":"2024-01-11T21:33:00","slug":"championnats-deurope-cyclisme-sur-piste-melvin-landerneau-sempare-du-bronze-sur-le-kilometre","status":"publish","type":"post","link":"https:\/\/dicodusport.fr\/blog\/championnats-deurope-cyclisme-sur-piste-melvin-landerneau-sempare-du-bronze-sur-le-kilometre\/","title":{"rendered":"Championnats d&rsquo;Europe Cyclisme sur piste : Melvin Landerneau s&#8217;empare du bronze sur le kilom\u00e8tre"},"content":{"rendered":"<p style=\"text-align: justify;\"><em><strong>CYCLISME SUR PISTE &#8211; Melvin Landerneau a apport\u00e9 une deuxi\u00e8me m\u00e9daille \u00e0 la France aux championnats d&rsquo;Europe en accrochant le bronze sur le kilom\u00e8tre.<\/strong><\/em><\/p>\n<ul>\n<li style=\"text-align: justify;\"><strong>\u00c0 ce sujet &#8211; <a href=\"https:\/\/dicodusport.fr\/blog\/palmares-et-tableau-des-medailles-championnats-deurope-cyclisme-sur-piste-2024\/\">Palmar\u00e8s et Tableau des m\u00e9dailles Championnats d\u2019Europe Cyclisme sur piste 2024<\/a><\/strong><\/li>\n<\/ul>\n<p style=\"text-align: justify;\">Champion d&rsquo;Europe en 2022, <strong>Melvin Landerneau<\/strong> \u00e9tait sorti d\u00e9\u00e7u de sa prestation sur le kilom\u00e8tre en 2023, terminant seulement 6e. Le Tricolore avait donc la volont\u00e9 de prendre sa revanche sur la piste d&rsquo;<strong>Apeldoorn<\/strong>.<\/p>\n<p style=\"text-align: justify;\">En d\u00e9but d&rsquo;apr\u00e8s-midi, Landerneau a pass\u00e9 le stade des qualifications sans encombre. Parti sur un rythme de s\u00e9nateur, il a ensuite r\u00e9alis\u00e9 les 250 derniers m\u00e8tres les plus rapides du plateau pour se hisser en 5e position. Qualifi\u00e9 pour la finale, il devait cette fois faire mieux, notamment en r\u00e9alisant un lancement plus convaincant. C&rsquo;est ce qu&rsquo;il va r\u00e9ussir en \u00e9tant l&rsquo;un des rares pistards \u00e0 r\u00e9ussir \u00e0 am\u00e9liorer son chrono. Si <strong>Daan Kool<\/strong> va r\u00e9aliser la performance de la soir\u00e9e en tapant le meilleur chrono, seul l&rsquo;Italien <strong>Matteo Bianchi<\/strong> va confirmer sa domination en s&#8217;emparant de la premi\u00e8re place. Avec un chrono en 1&rsquo;00&rsquo;472, <strong>Melvin Landerneau<\/strong> accroche la 3e place et s&rsquo;offre la m\u00e9daille de bronze, la deuxi\u00e8me des Bleus \u00e0 Apeldoorn.<\/p>\n<blockquote class=\"twitter-tweet\">\n<p dir=\"ltr\" lang=\"fr\">Une 2e medaille pour la France sur ces championnats d\u2019Europe de cyclisme sur piste. Medaille de bronze sur le km pour Melvin Landerneau, de retour apres une grosse blessure au genou \ud83c\uddeb\ud83c\uddf7\ud83d\udeb4\ud83c\udffb\u200d\u2642\ufe0f\ud83e\udd49 <a href=\"https:\/\/t.co\/vlg1db3ITE\">pic.twitter.com\/vlg1db3ITE<\/a><\/p>\n<p>\u2014 Fanny Lechevestrier (@fannylechevestr) <a href=\"https:\/\/twitter.com\/fannylechevestr\/status\/1745522264894820513?ref_src=twsrc%5Etfw\">January 11, 2024<\/a><\/p><\/blockquote>\n<p><script async src=\"https:\/\/platform.twitter.com\/widgets.js\" charset=\"utf-8\"><\/script><\/p>\n","protected":false},"excerpt":{"rendered":"<p>CYCLISME SUR PISTE &#8211; Melvin Landerneau a apport\u00e9 une deuxi\u00e8me m\u00e9daille \u00e0 la France aux championnats d&rsquo;Europe en accrochant le bronze sur le kilom\u00e8tre.<\/p>\n","protected":false},"author":55,"featured_media":451580,"comment_status":"open","ping_status":"closed","sticky":false,"template":"","format":"standard","meta":{"_acf_changed":false,"_daextam_enable_autolinks":"1","footnotes":""},"categories":[14089],"tags":[16878,19732,1664],"class_list":["post-451485","post","type-post","status-publish","format-standard","has-post-thumbnail","hentry","category-cyclisme-sur-piste","tag-breve","tag-championnats-deurope-cyclisme-sur-piste","tag-cyclisme-sur-piste"],"acf":[],"yoast_head":"<!-- This site is optimized with the Yoast SEO Premium plugin v26.7 (Yoast SEO v26.7) - https:\/\/yoast.com\/wordpress\/plugins\/seo\/ -->\n<title>Championnats d&#039;Europe Cyclisme sur piste : Melvin Landerneau s&#039;empare du bronze sur le kilom\u00e8tre<\/title>\n<meta name=\"description\" content=\"CHAMPIONNATS D&#039;EUROPE CYCLISME SUR PISTE - Melvin Landerneau a d\u00e9croch\u00e9 la 3e place et le bronze sur le kilom\u00e8tre.\" \/>\n<meta name=\"robots\" content=\"index, follow, max-snippet:-1, max-image-preview:large, max-video-preview:-1\" \/>\n<link rel=\"canonical\" href=\"https:\/\/dicodusport.fr\/blog\/championnats-deurope-cyclisme-sur-piste-melvin-landerneau-sempare-du-bronze-sur-le-kilometre\/\" \/>\n<meta property=\"og:locale\" content=\"fr_FR\" \/>\n<meta property=\"og:type\" content=\"article\" \/>\n<meta property=\"og:title\" content=\"Championnats d&#039;Europe Cyclisme sur piste : Melvin Landerneau s&#039;empare du bronze sur le kilom\u00e8tre\" \/>\n<meta property=\"og:description\" content=\"CHAMPIONNATS D&#039;EUROPE CYCLISME SUR PISTE - Melvin Landerneau a d\u00e9croch\u00e9 la 3e place et le bronze sur le kilom\u00e8tre.\" \/>\n<meta property=\"og:url\" content=\"https:\/\/dicodusport.fr\/blog\/championnats-deurope-cyclisme-sur-piste-melvin-landerneau-sempare-du-bronze-sur-le-kilometre\/\" \/>\n<meta property=\"og:site_name\" content=\"Dicodusport\" \/>\n<meta property=\"article:publisher\" content=\"https:\/\/www.facebook.com\/dicodusport\" \/>\n<meta property=\"article:published_time\" content=\"2024-01-11T19:01:03+00:00\" \/>\n<meta property=\"article:modified_time\" content=\"2024-01-11T21:33:00+00:00\" \/>\n<meta property=\"og:image\" content=\"https:\/\/dicodusport.fr\/blog\/wp-content\/uploads\/2024\/01\/Championnats-dEurope-Cyclisme-sur-piste-Melvin-Landerneau-sempare-du-bronze-sur-le-kilometre-1.png\" \/>\n\t<meta property=\"og:image:width\" content=\"1200\" \/>\n\t<meta property=\"og:image:height\" content=\"674\" \/>\n\t<meta property=\"og:image:type\" content=\"image\/png\" \/>\n<meta name=\"author\" content=\"Maxime Cazenave\" \/>\n<meta name=\"twitter:card\" content=\"summary_large_image\" \/>\n<meta name=\"twitter:title\" content=\"Championnats d&#039;Europe Cyclisme sur piste : Melvin Landerneau s&#039;empare du bronze sur le kilom\u00e8tre\" \/>\n<meta name=\"twitter:creator\" content=\"@https:\/\/twitter.com\/Maxime_Caze\" \/>\n<meta name=\"twitter:site\" content=\"@dicodusport\" \/>\n<script type=\"application\/ld+json\" class=\"yoast-schema-graph\">{\"@context\":\"https:\/\/schema.org\",\"@graph\":[{\"@type\":\"NewsArticle\",\"@id\":\"https:\/\/dicodusport.fr\/blog\/championnats-deurope-cyclisme-sur-piste-melvin-landerneau-sempare-du-bronze-sur-le-kilometre\/#article\",\"isPartOf\":{\"@id\":\"https:\/\/dicodusport.fr\/blog\/championnats-deurope-cyclisme-sur-piste-melvin-landerneau-sempare-du-bronze-sur-le-kilometre\/\"},\"author\":{\"name\":\"Maxime Cazenave\",\"@id\":\"https:\/\/dicodusport.fr\/blog\/#\/schema\/person\/37def232098a7a5cbab3974a3690abb0\"},\"headline\":\"Championnats d&rsquo;Europe Cyclisme sur piste : Melvin Landerneau s&#8217;empare du bronze sur le kilom\u00e8tre\",\"datePublished\":\"2024-01-11T19:01:03+00:00\",\"dateModified\":\"2024-01-11T21:33:00+00:00\",\"mainEntityOfPage\":{\"@id\":\"https:\/\/dicodusport.fr\/blog\/championnats-deurope-cyclisme-sur-piste-melvin-landerneau-sempare-du-bronze-sur-le-kilometre\/\"},\"wordCount\":276,\"commentCount\":0,\"publisher\":{\"@id\":\"https:\/\/dicodusport.fr\/blog\/#organization\"},\"image\":{\"@id\":\"https:\/\/dicodusport.fr\/blog\/championnats-deurope-cyclisme-sur-piste-melvin-landerneau-sempare-du-bronze-sur-le-kilometre\/#primaryimage\"},\"thumbnailUrl\":\"https:\/\/dicodusport.fr\/blog\/wp-content\/uploads\/2024\/01\/Championnats-dEurope-Cyclisme-sur-piste-Melvin-Landerneau-sempare-du-bronze-sur-le-kilometre-1.png\",\"keywords\":[\"br\u00e8ve\",\"Championnats d'Europe cyclisme sur piste\",\"cyclisme sur piste\"],\"articleSection\":[\"Cyclisme sur piste\"],\"inLanguage\":\"fr-FR\",\"potentialAction\":[{\"@type\":\"CommentAction\",\"name\":\"Comment\",\"target\":[\"https:\/\/dicodusport.fr\/blog\/championnats-deurope-cyclisme-sur-piste-melvin-landerneau-sempare-du-bronze-sur-le-kilometre\/#respond\"]}],\"copyrightYear\":\"2024\",\"copyrightHolder\":{\"@id\":\"https:\/\/dicodusport.fr\/blog\/#organization\"}},{\"@type\":\"WebPage\",\"@id\":\"https:\/\/dicodusport.fr\/blog\/championnats-deurope-cyclisme-sur-piste-melvin-landerneau-sempare-du-bronze-sur-le-kilometre\/\",\"url\":\"https:\/\/dicodusport.fr\/blog\/championnats-deurope-cyclisme-sur-piste-melvin-landerneau-sempare-du-bronze-sur-le-kilometre\/\",\"name\":\"Championnats d'Europe Cyclisme sur piste : Melvin Landerneau s'empare du bronze sur le kilom\u00e8tre\",\"isPartOf\":{\"@id\":\"https:\/\/dicodusport.fr\/blog\/#website\"},\"primaryImageOfPage\":{\"@id\":\"https:\/\/dicodusport.fr\/blog\/championnats-deurope-cyclisme-sur-piste-melvin-landerneau-sempare-du-bronze-sur-le-kilometre\/#primaryimage\"},\"image\":{\"@id\":\"https:\/\/dicodusport.fr\/blog\/championnats-deurope-cyclisme-sur-piste-melvin-landerneau-sempare-du-bronze-sur-le-kilometre\/#primaryimage\"},\"thumbnailUrl\":\"https:\/\/dicodusport.fr\/blog\/wp-content\/uploads\/2024\/01\/Championnats-dEurope-Cyclisme-sur-piste-Melvin-Landerneau-sempare-du-bronze-sur-le-kilometre-1.png\",\"datePublished\":\"2024-01-11T19:01:03+00:00\",\"dateModified\":\"2024-01-11T21:33:00+00:00\",\"description\":\"CHAMPIONNATS D'EUROPE CYCLISME SUR PISTE - Melvin Landerneau a d\u00e9croch\u00e9 la 3e place et le bronze sur le kilom\u00e8tre.\",\"breadcrumb\":{\"@id\":\"https:\/\/dicodusport.fr\/blog\/championnats-deurope-cyclisme-sur-piste-melvin-landerneau-sempare-du-bronze-sur-le-kilometre\/#breadcrumb\"},\"inLanguage\":\"fr-FR\",\"potentialAction\":[{\"@type\":\"ReadAction\",\"target\":[\"https:\/\/dicodusport.fr\/blog\/championnats-deurope-cyclisme-sur-piste-melvin-landerneau-sempare-du-bronze-sur-le-kilometre\/\"]}]},{\"@type\":\"ImageObject\",\"inLanguage\":\"fr-FR\",\"@id\":\"https:\/\/dicodusport.fr\/blog\/championnats-deurope-cyclisme-sur-piste-melvin-landerneau-sempare-du-bronze-sur-le-kilometre\/#primaryimage\",\"url\":\"https:\/\/dicodusport.fr\/blog\/wp-content\/uploads\/2024\/01\/Championnats-dEurope-Cyclisme-sur-piste-Melvin-Landerneau-sempare-du-bronze-sur-le-kilometre-1.png\",\"contentUrl\":\"https:\/\/dicodusport.fr\/blog\/wp-content\/uploads\/2024\/01\/Championnats-dEurope-Cyclisme-sur-piste-Melvin-Landerneau-sempare-du-bronze-sur-le-kilometre-1.png\",\"width\":1200,\"height\":674,\"caption\":\"Championnats d'Europe Cyclisme sur piste Melvin Landerneau s'empare du bronze sur le kilom\u00e8tre\"},{\"@type\":\"BreadcrumbList\",\"@id\":\"https:\/\/dicodusport.fr\/blog\/championnats-deurope-cyclisme-sur-piste-melvin-landerneau-sempare-du-bronze-sur-le-kilometre\/#breadcrumb\",\"itemListElement\":[{\"@type\":\"ListItem\",\"position\":1,\"name\":\"Accueil\",\"item\":\"https:\/\/dicodusport.fr\/blog\/\"},{\"@type\":\"ListItem\",\"position\":2,\"name\":\"Championnats d&rsquo;Europe Cyclisme sur piste : Melvin Landerneau s&#8217;empare du bronze sur le kilom\u00e8tre\"}]},{\"@type\":\"WebSite\",\"@id\":\"https:\/\/dicodusport.fr\/blog\/#website\",\"url\":\"https:\/\/dicodusport.fr\/blog\/\",\"name\":\"Dicodusport\",\"description\":\"L&#039;encyclop\u00e9die de l&#039;actualit\u00e9 sportive\",\"publisher\":{\"@id\":\"https:\/\/dicodusport.fr\/blog\/#organization\"},\"potentialAction\":[{\"@type\":\"SearchAction\",\"target\":{\"@type\":\"EntryPoint\",\"urlTemplate\":\"https:\/\/dicodusport.fr\/blog\/?s={search_term_string}\"},\"query-input\":{\"@type\":\"PropertyValueSpecification\",\"valueRequired\":true,\"valueName\":\"search_term_string\"}}],\"inLanguage\":\"fr-FR\"},{\"@type\":\"NewsMediaOrganization\",\"@id\":\"https:\/\/dicodusport.fr\/blog\/#organization\",\"name\":\"Dicodusport\",\"url\":\"https:\/\/dicodusport.fr\/blog\/\",\"logo\":{\"@type\":\"ImageObject\",\"inLanguage\":\"fr-FR\",\"@id\":\"https:\/\/dicodusport.fr\/blog\/#\/schema\/logo\/image\/\",\"url\":\"https:\/\/dicodusport.fr\/blog\/wp-content\/uploads\/2020\/06\/cropped-LOGO-DICODUSPORT-2020-SANS-FOND-SANS-TEXTE.png\",\"contentUrl\":\"https:\/\/dicodusport.fr\/blog\/wp-content\/uploads\/2020\/06\/cropped-LOGO-DICODUSPORT-2020-SANS-FOND-SANS-TEXTE.png\",\"width\":512,\"height\":512,\"caption\":\"Dicodusport\"},\"image\":{\"@id\":\"https:\/\/dicodusport.fr\/blog\/#\/schema\/logo\/image\/\"},\"sameAs\":[\"https:\/\/www.facebook.com\/dicodusport\",\"https:\/\/x.com\/dicodusport\",\"https:\/\/www.instagram.com\/dicodusport\/\",\"https:\/\/www.youtube.com\/channel\/UC7V2KZ5sd3htJivAbA4ZG3w\"],\"description\":\"Dicodusport est l'encyclop\u00e9die de l'actualit\u00e9 sportive.\",\"email\":\"bonjour@dicodusport.fr\",\"legalName\":\"DICODUSPORT\",\"foundingDate\":\"2018-01-14\",\"vatID\":\"FR71834470973\",\"taxID\":\"83447097300043\",\"numberOfEmployees\":{\"@type\":\"QuantitativeValue\",\"minValue\":\"1\",\"maxValue\":\"10\"}},{\"@type\":\"Person\",\"@id\":\"https:\/\/dicodusport.fr\/blog\/#\/schema\/person\/37def232098a7a5cbab3974a3690abb0\",\"name\":\"Maxime Cazenave\",\"image\":{\"@type\":\"ImageObject\",\"inLanguage\":\"fr-FR\",\"@id\":\"https:\/\/dicodusport.fr\/blog\/#\/schema\/person\/image\/\",\"url\":\"https:\/\/dicodusport.fr\/blog\/wp-content\/uploads\/2021\/05\/Maxime-Cazenave-150x150.jpg\",\"contentUrl\":\"https:\/\/dicodusport.fr\/blog\/wp-content\/uploads\/2021\/05\/Maxime-Cazenave-150x150.jpg\",\"caption\":\"Maxime Cazenave\"},\"description\":\"Journaliste\/R\u00e9dacteur depuis 2012 - Berc\u00e9 par l\u2019amour des Girondins de Bordeaux, les \u00e9checs de Christophe Moreau sur le Tour de France sous l'\u00e8re Lance Armstrong et le fade-away l\u00e9tal de Dirk Nowitzki, ma passion d\u00e9vorante pour le sport a toujours \u00e9t\u00e9 un pan incontournable de ma vie. Transmettre ma passion \u00e0 l\u2019\u00e9crit a \u00e9t\u00e9 une transition naturelle. Suiveur assidu de basket et de hockey sur glace, je garde toujours un peu de place pour suivre le cyclisme, le football et le maximum de performances fran\u00e7aises.\",\"sameAs\":[\"https:\/\/x.com\/https:\/\/twitter.com\/Maxime_Caze\"],\"url\":\"https:\/\/dicodusport.fr\/blog\/author\/maximec\/\"}]}<\/script>\n<!-- \/ Yoast SEO Premium plugin. -->","yoast_head_json":{"title":"Championnats d'Europe Cyclisme sur piste : Melvin Landerneau s'empare du bronze sur le kilom\u00e8tre","description":"CHAMPIONNATS D'EUROPE CYCLISME SUR PISTE - Melvin Landerneau a d\u00e9croch\u00e9 la 3e place et le bronze sur le kilom\u00e8tre.","robots":{"index":"index","follow":"follow","max-snippet":"max-snippet:-1","max-image-preview":"max-image-preview:large","max-video-preview":"max-video-preview:-1"},"canonical":"https:\/\/dicodusport.fr\/blog\/championnats-deurope-cyclisme-sur-piste-melvin-landerneau-sempare-du-bronze-sur-le-kilometre\/","og_locale":"fr_FR","og_type":"article","og_title":"Championnats d'Europe Cyclisme sur piste : Melvin Landerneau s'empare du bronze sur le kilom\u00e8tre","og_description":"CHAMPIONNATS D'EUROPE CYCLISME SUR PISTE - Melvin Landerneau a d\u00e9croch\u00e9 la 3e place et le bronze sur le kilom\u00e8tre.","og_url":"https:\/\/dicodusport.fr\/blog\/championnats-deurope-cyclisme-sur-piste-melvin-landerneau-sempare-du-bronze-sur-le-kilometre\/","og_site_name":"Dicodusport","article_publisher":"https:\/\/www.facebook.com\/dicodusport","article_published_time":"2024-01-11T19:01:03+00:00","article_modified_time":"2024-01-11T21:33:00+00:00","og_image":[{"width":1200,"height":674,"url":"https:\/\/dicodusport.fr\/blog\/wp-content\/uploads\/2024\/01\/Championnats-dEurope-Cyclisme-sur-piste-Melvin-Landerneau-sempare-du-bronze-sur-le-kilometre-1.png","type":"image\/png"}],"author":"Maxime Cazenave","twitter_card":"summary_large_image","twitter_title":"Championnats d'Europe Cyclisme sur piste : Melvin Landerneau s'empare du bronze sur le kilom\u00e8tre","twitter_creator":"@https:\/\/twitter.com\/Maxime_Caze","twitter_site":"@dicodusport","schema":{"@context":"https:\/\/schema.org","@graph":[{"@type":"NewsArticle","@id":"https:\/\/dicodusport.fr\/blog\/championnats-deurope-cyclisme-sur-piste-melvin-landerneau-sempare-du-bronze-sur-le-kilometre\/#article","isPartOf":{"@id":"https:\/\/dicodusport.fr\/blog\/championnats-deurope-cyclisme-sur-piste-melvin-landerneau-sempare-du-bronze-sur-le-kilometre\/"},"author":{"name":"Maxime Cazenave","@id":"https:\/\/dicodusport.fr\/blog\/#\/schema\/person\/37def232098a7a5cbab3974a3690abb0"},"headline":"Championnats d&rsquo;Europe Cyclisme sur piste : Melvin Landerneau s&#8217;empare du bronze sur le kilom\u00e8tre","datePublished":"2024-01-11T19:01:03+00:00","dateModified":"2024-01-11T21:33:00+00:00","mainEntityOfPage":{"@id":"https:\/\/dicodusport.fr\/blog\/championnats-deurope-cyclisme-sur-piste-melvin-landerneau-sempare-du-bronze-sur-le-kilometre\/"},"wordCount":276,"commentCount":0,"publisher":{"@id":"https:\/\/dicodusport.fr\/blog\/#organization"},"image":{"@id":"https:\/\/dicodusport.fr\/blog\/championnats-deurope-cyclisme-sur-piste-melvin-landerneau-sempare-du-bronze-sur-le-kilometre\/#primaryimage"},"thumbnailUrl":"https:\/\/dicodusport.fr\/blog\/wp-content\/uploads\/2024\/01\/Championnats-dEurope-Cyclisme-sur-piste-Melvin-Landerneau-sempare-du-bronze-sur-le-kilometre-1.png","keywords":["br\u00e8ve","Championnats d'Europe cyclisme sur piste","cyclisme sur piste"],"articleSection":["Cyclisme sur piste"],"inLanguage":"fr-FR","potentialAction":[{"@type":"CommentAction","name":"Comment","target":["https:\/\/dicodusport.fr\/blog\/championnats-deurope-cyclisme-sur-piste-melvin-landerneau-sempare-du-bronze-sur-le-kilometre\/#respond"]}],"copyrightYear":"2024","copyrightHolder":{"@id":"https:\/\/dicodusport.fr\/blog\/#organization"}},{"@type":"WebPage","@id":"https:\/\/dicodusport.fr\/blog\/championnats-deurope-cyclisme-sur-piste-melvin-landerneau-sempare-du-bronze-sur-le-kilometre\/","url":"https:\/\/dicodusport.fr\/blog\/championnats-deurope-cyclisme-sur-piste-melvin-landerneau-sempare-du-bronze-sur-le-kilometre\/","name":"Championnats d'Europe Cyclisme sur piste : Melvin Landerneau s'empare du bronze sur le kilom\u00e8tre","isPartOf":{"@id":"https:\/\/dicodusport.fr\/blog\/#website"},"primaryImageOfPage":{"@id":"https:\/\/dicodusport.fr\/blog\/championnats-deurope-cyclisme-sur-piste-melvin-landerneau-sempare-du-bronze-sur-le-kilometre\/#primaryimage"},"image":{"@id":"https:\/\/dicodusport.fr\/blog\/championnats-deurope-cyclisme-sur-piste-melvin-landerneau-sempare-du-bronze-sur-le-kilometre\/#primaryimage"},"thumbnailUrl":"https:\/\/dicodusport.fr\/blog\/wp-content\/uploads\/2024\/01\/Championnats-dEurope-Cyclisme-sur-piste-Melvin-Landerneau-sempare-du-bronze-sur-le-kilometre-1.png","datePublished":"2024-01-11T19:01:03+00:00","dateModified":"2024-01-11T21:33:00+00:00","description":"CHAMPIONNATS D'EUROPE CYCLISME SUR PISTE - Melvin Landerneau a d\u00e9croch\u00e9 la 3e place et le bronze sur le kilom\u00e8tre.","breadcrumb":{"@id":"https:\/\/dicodusport.fr\/blog\/championnats-deurope-cyclisme-sur-piste-melvin-landerneau-sempare-du-bronze-sur-le-kilometre\/#breadcrumb"},"inLanguage":"fr-FR","potentialAction":[{"@type":"ReadAction","target":["https:\/\/dicodusport.fr\/blog\/championnats-deurope-cyclisme-sur-piste-melvin-landerneau-sempare-du-bronze-sur-le-kilometre\/"]}]},{"@type":"ImageObject","inLanguage":"fr-FR","@id":"https:\/\/dicodusport.fr\/blog\/championnats-deurope-cyclisme-sur-piste-melvin-landerneau-sempare-du-bronze-sur-le-kilometre\/#primaryimage","url":"https:\/\/dicodusport.fr\/blog\/wp-content\/uploads\/2024\/01\/Championnats-dEurope-Cyclisme-sur-piste-Melvin-Landerneau-sempare-du-bronze-sur-le-kilometre-1.png","contentUrl":"https:\/\/dicodusport.fr\/blog\/wp-content\/uploads\/2024\/01\/Championnats-dEurope-Cyclisme-sur-piste-Melvin-Landerneau-sempare-du-bronze-sur-le-kilometre-1.png","width":1200,"height":674,"caption":"Championnats d'Europe Cyclisme sur piste Melvin Landerneau s'empare du bronze sur le kilom\u00e8tre"},{"@type":"BreadcrumbList","@id":"https:\/\/dicodusport.fr\/blog\/championnats-deurope-cyclisme-sur-piste-melvin-landerneau-sempare-du-bronze-sur-le-kilometre\/#breadcrumb","itemListElement":[{"@type":"ListItem","position":1,"name":"Accueil","item":"https:\/\/dicodusport.fr\/blog\/"},{"@type":"ListItem","position":2,"name":"Championnats d&rsquo;Europe Cyclisme sur piste : Melvin Landerneau s&#8217;empare du bronze sur le kilom\u00e8tre"}]},{"@type":"WebSite","@id":"https:\/\/dicodusport.fr\/blog\/#website","url":"https:\/\/dicodusport.fr\/blog\/","name":"Dicodusport","description":"L&#039;encyclop\u00e9die de l&#039;actualit\u00e9 sportive","publisher":{"@id":"https:\/\/dicodusport.fr\/blog\/#organization"},"potentialAction":[{"@type":"SearchAction","target":{"@type":"EntryPoint","urlTemplate":"https:\/\/dicodusport.fr\/blog\/?s={search_term_string}"},"query-input":{"@type":"PropertyValueSpecification","valueRequired":true,"valueName":"search_term_string"}}],"inLanguage":"fr-FR"},{"@type":"NewsMediaOrganization","@id":"https:\/\/dicodusport.fr\/blog\/#organization","name":"Dicodusport","url":"https:\/\/dicodusport.fr\/blog\/","logo":{"@type":"ImageObject","inLanguage":"fr-FR","@id":"https:\/\/dicodusport.fr\/blog\/#\/schema\/logo\/image\/","url":"https:\/\/dicodusport.fr\/blog\/wp-content\/uploads\/2020\/06\/cropped-LOGO-DICODUSPORT-2020-SANS-FOND-SANS-TEXTE.png","contentUrl":"https:\/\/dicodusport.fr\/blog\/wp-content\/uploads\/2020\/06\/cropped-LOGO-DICODUSPORT-2020-SANS-FOND-SANS-TEXTE.png","width":512,"height":512,"caption":"Dicodusport"},"image":{"@id":"https:\/\/dicodusport.fr\/blog\/#\/schema\/logo\/image\/"},"sameAs":["https:\/\/www.facebook.com\/dicodusport","https:\/\/x.com\/dicodusport","https:\/\/www.instagram.com\/dicodusport\/","https:\/\/www.youtube.com\/channel\/UC7V2KZ5sd3htJivAbA4ZG3w"],"description":"Dicodusport est l'encyclop\u00e9die de l'actualit\u00e9 sportive.","email":"bonjour@dicodusport.fr","legalName":"DICODUSPORT","foundingDate":"2018-01-14","vatID":"FR71834470973","taxID":"83447097300043","numberOfEmployees":{"@type":"QuantitativeValue","minValue":"1","maxValue":"10"}},{"@type":"Person","@id":"https:\/\/dicodusport.fr\/blog\/#\/schema\/person\/37def232098a7a5cbab3974a3690abb0","name":"Maxime Cazenave","image":{"@type":"ImageObject","inLanguage":"fr-FR","@id":"https:\/\/dicodusport.fr\/blog\/#\/schema\/person\/image\/","url":"https:\/\/dicodusport.fr\/blog\/wp-content\/uploads\/2021\/05\/Maxime-Cazenave-150x150.jpg","contentUrl":"https:\/\/dicodusport.fr\/blog\/wp-content\/uploads\/2021\/05\/Maxime-Cazenave-150x150.jpg","caption":"Maxime Cazenave"},"description":"Journaliste\/R\u00e9dacteur depuis 2012 - Berc\u00e9 par l\u2019amour des Girondins de Bordeaux, les \u00e9checs de Christophe Moreau sur le Tour de France sous l'\u00e8re Lance Armstrong et le fade-away l\u00e9tal de Dirk Nowitzki, ma passion d\u00e9vorante pour le sport a toujours \u00e9t\u00e9 un pan incontournable de ma vie. Transmettre ma passion \u00e0 l\u2019\u00e9crit a \u00e9t\u00e9 une transition naturelle. Suiveur assidu de basket et de hockey sur glace, je garde toujours un peu de place pour suivre le cyclisme, le football et le maximum de performances fran\u00e7aises.","sameAs":["https:\/\/x.com\/https:\/\/twitter.com\/Maxime_Caze"],"url":"https:\/\/dicodusport.fr\/blog\/author\/maximec\/"}]}},"_links":{"self":[{"href":"https:\/\/dicodusport.fr\/blog\/wp-json\/wp\/v2\/posts\/451485","targetHints":{"allow":["GET"]}}],"collection":[{"href":"https:\/\/dicodusport.fr\/blog\/wp-json\/wp\/v2\/posts"}],"about":[{"href":"https:\/\/dicodusport.fr\/blog\/wp-json\/wp\/v2\/types\/post"}],"author":[{"embeddable":true,"href":"https:\/\/dicodusport.fr\/blog\/wp-json\/wp\/v2\/users\/55"}],"replies":[{"embeddable":true,"href":"https:\/\/dicodusport.fr\/blog\/wp-json\/wp\/v2\/comments?post=451485"}],"version-history":[{"count":5,"href":"https:\/\/dicodusport.fr\/blog\/wp-json\/wp\/v2\/posts\/451485\/revisions"}],"predecessor-version":[{"id":451519,"href":"https:\/\/dicodusport.fr\/blog\/wp-json\/wp\/v2\/posts\/451485\/revisions\/451519"}],"wp:featuredmedia":[{"embeddable":true,"href":"https:\/\/dicodusport.fr\/blog\/wp-json\/wp\/v2\/media\/451580"}],"wp:attachment":[{"href":"https:\/\/dicodusport.fr\/blog\/wp-json\/wp\/v2\/media?parent=451485"}],"wp:term":[{"taxonomy":"category","embeddable":true,"href":"https:\/\/dicodusport.fr\/blog\/wp-json\/wp\/v2\/categories?post=451485"},{"taxonomy":"post_tag","embeddable":true,"href":"https:\/\/dicodusport.fr\/blog\/wp-json\/wp\/v2\/tags?post=451485"}],"curies":[{"name":"wp","href":"https:\/\/api.w.org\/{rel}","templated":true}]}}