{"id":451712,"date":"2024-01-17T16:16:01","date_gmt":"2024-01-17T15:16:01","guid":{"rendered":"https:\/\/dicodusport.fr\/blog\/?p=451712&#038;preview=true&#038;preview_id=451712"},"modified":"2024-01-17T17:05:39","modified_gmt":"2024-01-17T16:05:39","slug":"camille-jedrzejewski-je-peux-aller-chercher-des-medailles","status":"publish","type":"post","link":"https:\/\/dicodusport.fr\/blog\/camille-jedrzejewski-je-peux-aller-chercher-des-medailles\/","title":{"rendered":"Camille Jedrzejewski : \u00ab Je peux aller chercher des m\u00e9dailles \u00bb"},"content":{"rendered":"<p style=\"text-align: justify;\"><strong><em>TIR &#8211; \u00c0 sept mois des Jeux Olympiques, la pistoli\u00e8re Camille Jedrzejewski a accept\u00e9 de se confier \u00e0 Dicodusport. La discussion a permis d&rsquo;aborder son parcours, ses perspectives et les singularit\u00e9s de cette ann\u00e9e olympique.<\/em><\/strong><\/p>\n<h3 style=\"text-align: justify;\">Bonjour Camille. Tu as commenc\u00e9 par le pentathlon moderne. Peux-tu m\u2019expliquer ce qui t\u2019a conduit vers ce sport et pourquoi t\u2019\u00eatre tourn\u00e9e sp\u00e9cifiquement vers le tir en comp\u00e9tition.<\/h3>\n<p style=\"text-align: justify;\"><strong>Camille Jedrzejewski (vice-championne d&rsquo;Europe et m\u00e9daill\u00e9e d&rsquo;argent aux Jeux Europ\u00e9ens en tir \u00e0 10 m\u00e8tres) :<\/strong> Le pentathlon et le tir au pistolet sont des \u00e9preuves que je pratiquais avec ma grande s\u0153ur. J\u2019ai grandi \u00e0 Noyon en Picardie et j\u2019\u00e9tais assez proche d\u2019elle. J\u2019aimais bien ce qu\u2019elle faisait donc j\u2019ai suivi. On \u00e9tait assez dou\u00e9es toutes les deux au tir au pistolet et demandeuses d\u2019aller aux championnats de France de tir donc notre p\u00e8re nous amenait. On faisait un peu ce qu\u2019on voulait comme sports, donc on a fait beaucoup de choses avant de se tourner vers le haut niveau plus tard.<\/p>\n<p style=\"text-align: justify;\">Nos parents nous ont beaucoup accompagn\u00e9s dans ces projets. J\u2019ai pu choisir le tir pleinement car j\u2019ai fait beaucoup de diff\u00e9rents sports notamment gr\u00e2ce au pentathlon qui m\u2019a vraiment \u00e9duqu\u00e9 au sport. En grandissant, j\u2019ai donc choisi le tir car j\u2019\u00e9tais tr\u00e8s performante. Je suis arriv\u00e9e en haut niveau \u00e0 Bordeaux plus en tant que sportive que tireuse puis j\u2019ai appris le tir au pistolet ici, \u00e0 Bordeaux.<\/p>\n<h3 style=\"text-align: justify;\">Pour toi, a-t-il \u00e9t\u00e9 facile de d\u00e9buter le tir ? On sait qu\u2019il y a des sports o\u00f9 la licence et l\u2019\u00e9quipement peuvent co\u00fbter tr\u00e8s cher notamment.<\/h3>\n<p style=\"text-align: justify;\">Au d\u00e9but, j&rsquo;aimais le tir mais je n\u2019avais jamais demand\u00e9 un pistolet \u00e0 mon anniversaire par exemple. Mais \u00e0 force de m\u2019investir dans ce sport j\u2019ai commenc\u00e9 \u00e0 en discuter avec mes parents et j\u2019ai donc eu un pistolet \u00e0 13 ans que j\u2019ai utilis\u00e9 pendant six ans. Ensuite la F\u00e9d\u00e9ration m\u2019en a pr\u00eat\u00e9 un. Avant cela, je b\u00e9n\u00e9ficiais d\u2019un pistolet pr\u00eat\u00e9 par le club qui avait un mat\u00e9riel de qualit\u00e9. J\u2019ai eu cette chance d\u2019avoir pass\u00e9 une sorte de contrat moral pour b\u00e9n\u00e9ficier d\u2019un pistolet pr\u00eat\u00e9 mais \u00e0 mon nom. Et le fait qu\u2019on me fasse confiance comme cela, \u00e7a m\u2019a motiv\u00e9e \u00e0 continuer dans ce sport.<\/p>\n<p style=\"text-align: justify;\">La licence de tir est accessible \u00e0 tout le monde, elle ne co\u00fbte pas tr\u00e8s cher. Apr\u00e8s, malgr\u00e9 le co\u00fbt, la licence, les autorisations, on parle d\u2019un pistolet \u00e0 air comprim\u00e9 et j\u2019\u00e9tais une jeune fille qui faisait de la comp\u00e9tition dans le cadre du club, donc \u00e0 aucun moment il ne sortait du coffre. \u00c7a para\u00eet \u00e9norme mais en fait c\u2019est accessible, m\u00eame aux jeunes filles.<\/p>\n<h2>Camille Jedrzejewski : \u00ab Je me pr\u00e9pare pour les Jeux \u00bb<\/h2>\n<h3 style=\"text-align: justify;\">Actuellement, tu es 7\u00e8me au ranking olympique, \u00e0 10 m\u00e8tres, alors que la deuxi\u00e8me fran\u00e7aise, C\u00e9line Goberville, est 61\u00e8me. Sachant que tu as d\u00e9croch\u00e9 un quota non-nominatif lors des Championnats d&rsquo;Europe, pour la France, te pr\u00e9pares-tu en ayant la quasi-certitude d\u2019\u00eatre s\u00e9lectionn\u00e9e ou les cartes peuvent encore \u00eatre totalement rebattues ?<\/h3>\n<p style=\"text-align: justify;\">C\u2019est un quota pour la France, mais il appartient \u00e0 l\u2019\u00e9preuve pistolet dames 10 m\u00e8tres. Donc il faudrait que quelqu\u2019un, dans cette \u00e9preuve, fasse de meilleurs r\u00e9sultats que moi plusieurs fois et que j\u2019arr\u00eate de faire de bons r\u00e9sultats. Pour l\u2019instant ce n\u2019est pas le cas, donc je pars du principe que je me pr\u00e9pare pour les Jeux m\u00eame si tant que je n\u2019ai pas re\u00e7u mon enveloppe disant \u00ab je vais aux Jeux \u00bb il y a toujours une incertitude. Mais dans mon \u00e9tat d\u2019esprit, je me pr\u00e9pare comme si j\u2019y allais car j\u2019ai d\u00e9croch\u00e9 un quota, des m\u00e9dailles en championnats, j\u2019ai confirm\u00e9 aux Jeux Europ\u00e9ens [<em>m\u00e9daill\u00e9e d\u2019argent<\/em>] donc pour moi la prochaine \u00e9tape, c&rsquo;est la s\u00e9lection pour les Jeux. Apr\u00e8s la saison n\u2019est pas finie donc bien s\u00fbr qu\u2019il y a des facteurs d\u2019incertitude mais j\u2019essaye de me pr\u00e9parer comme s\u2019il n\u2019y en avait pas.<\/p>\n<h3 style=\"text-align: justify;\">Justement, tu parles de ton \u00e9volution et effectivement, on peut constater cette progression : en 2021, tu deviens vice-championne du monde junior \u00e0 25m, l\u2019ann\u00e9e d\u2019apr\u00e8s, tu obtiens <a href=\"https:\/\/dicodusport.fr\/blog\/coupe-du-monde-de-tir-premiere-victoire-en-carriere-pour-camille-jedrzejewski\/\">ta premi\u00e8re victoire en Coupe du monde \u00e0 25 m\u00e8tres<\/a> et lors des finales, \u00e0 10m, et <a href=\"https:\/\/dicodusport.fr\/blog\/championnats-deurope-de-tir-a-10m-argent-et-qualifiation-olympique-pour-camille-jedrzejewski\/\">en 2023 tu es vice-championne d\u2019Europe<\/a> et <a href=\"https:\/\/dicodusport.fr\/blog\/jeux-europeens-2023-camille-jedrzejewski-tir-en-argent-laury-perez-bmx-en-bronze\/\">m\u00e9daill\u00e9e d\u2019argent aux Jeux Europ\u00e9ens (10 m\u00e8tres)<\/a>. J\u2019imagine que les Jeux sont un objectif \u00e0 court terme, mais que peut-on te souhaiter \u00e0 court et plus long terme ?<\/h3>\n<p style=\"text-align: justify;\">D\u00e9j\u00e0, il faut savoir que la singularit\u00e9 de la comp\u00e9tition fera que certaines filles seront meilleures que d\u2019autres. Sur un jour J tout peut changer. Ce qu\u2019on peut me souhaiter, c\u2019est d\u2019arriver en forme, d\u2019arriver pr\u00eate. J\u2019esp\u00e8re vivre une belle pr\u00e9paration olympique et une belle ann\u00e9e dans tous les cas. C\u2019est s\u00fbr que c\u2019est un peu particulier, on n\u2019a pas l\u2019occasion de faire beaucoup de comp\u00e9titions internationales en France. Mais bon, le truc n\u00b01, le \u00ab goal \u00bb, c\u2019est d\u2019arriver en forme aux Jeux Olympiques.<\/p>\n<div class=\"vlp-link-container vlp-layout-article\"><a href=\"https:\/\/dicodusport.fr\/blog\/coupe-du-monde-de-tir-premiere-victoire-en-carriere-pour-camille-jedrzejewski\/\" class=\"vlp-link\" title=\"Coupe du monde de tir : Premi\u00e8re victoire en carri\u00e8re pour Camille Jedrzejewski\" rel=\"nofollow\" target=\"_blank\"><\/a><div class=\"vlp-layout-zone-side\"><div class=\"vlp-block-4 vlp-link-image\"><img decoding=\"async\" src=\"https:\/\/dicodusport.fr\/blog\/wp-content\/uploads\/2022\/04\/Coupe-du-monde-de-tir-Premiere-victoire-en-carriere-pour-Camille-Jedrzejewski.png\" style=\"max-width: 800px; max-height: 800px\" \/><\/div><\/div><div class=\"vlp-layout-zone-main\"><div class=\"vlp-block-0 vlp-link-title\">Coupe du monde de tir : Premi\u00e8re victoire en carri\u00e8re pour Camille Jedrzejewski<\/div><div class=\"vlp-block-1 vlp-link-summary\">Le tir sportif fran\u00e7ais se porte tr\u00e8s bien ! Nombreux sont les tireurs fran\u00e7ais dans le top 10 mondial, et on comprend mieux pourquoi. \u00c0 tout juste 19 ans, Camille Jedrzejewski a remport\u00e9 ce vendredi apr\u00e8s-midi sa toute premi\u00e8re Coupe du monde, et avec la mani\u00e8re.<\/div><div class=\"vlp-block-2 vlp-link-button\">Lire l'article<\/div><div class=\"vlp-block-3 vlp-link-url\">dicodusport.fr<\/div><\/div><\/div>\n<h3 style=\"text-align: justify;\">Tu as d\u00e9croch\u00e9 un quota \u00e0 10 m\u00e8tres et selon les r\u00e8gles, tu ne peux plus en d\u00e9crocher un pour la France, que ce soit \u00e0 10 ou 25 m\u00e8tres. En revanche, il est fort possible de te voir \u00e9galement \u00e0 25 m\u00e8tres.<\/h3>\n<p style=\"text-align: justify;\">Oui, c\u2019est totalement vrai. Apr\u00e8s il faut prendre en compte un autre facteur, c\u2019est que j\u2019ai eu mon quota \u00e0 10 m\u00e8tres en premier mais \u00e7a aurait pu \u00eatre l\u2019inverse. J\u2019ai ma place \u00e0 d\u00e9fendre sur 25 m\u00e8tres. Ce sera selon la s\u00e9lection de la DTN, mais j\u2019ai des objectifs \u00e0 25 m\u00e8tres aussi, je peux aller chercher des m\u00e9dailles, je l\u2019ai montr\u00e9 sur de grandes comp\u00e9titions. Je ne me consid\u00e8re pas comme sp\u00e9cialiste, je suis performante sur les deux distances et j\u2019ai de l\u2019ambition dans les deux, pourquoi se limiter ?<\/p>\n<p style=\"text-align: justify;\">La fille qui gagne les Jeux Europ\u00e9ens, \u00e0 10m [<em><strong>Klaudia Bres<\/strong>, polonaise<\/em>], elle a d\u00e9croch\u00e9 son quota au 25 m\u00e8tres mais dans tous les cas les meilleures tireuses feront les deux. Si tu as ton quota, qu\u2019il soit dans une \u00e9preuve ou une autre finalement\u2026 C\u2019est ce que mon entra\u00eeneur me rappelle, c\u2019est juste une question de chronologie.<\/p>\n<h3 style=\"text-align: justify;\">Oui finalement le quota ne sert qu&rsquo;\u00e0 ce qu\u2019un pays puisse obtenir une ou plusieurs places.<\/h3>\n<p style=\"text-align: justify;\">Oui voil\u00e0, c\u2019est deux au maximum par \u00e9preuve et par pays.<\/p>\n<h2 style=\"text-align: justify;\">Camille Jedrzejewski : \u00ab Le sentiment d&rsquo;appartenir \u00e0 une grande \u00e9quipe \u00bb<\/h2>\n<h3 style=\"text-align: justify;\">Si on en revient au 25 m\u00e8tres, avec Mathilde Lamolle, vous \u00eates toutes les deux comp\u00e9titives. Est-ce que cela t\u2019apporte quelque chose d\u2019\u00eatre deux repr\u00e9sentantes \u00e0 un tr\u00e8s haut niveau ? Une certaine \u00e9mulation ou une potentielle pression ?<\/h3>\n<p style=\"text-align: justify;\">C\u2019est vraiment un sentiment d\u2019appartenir \u00e0 une grande \u00e9quipe : quand on s\u2019entra\u00eene ensemble, si Mathilde me bat ou que je bats Mathilde \u00e7a veut vraiment dire qu\u2019on est fortes en fait. J\u2019apprends \u00e0 ses c\u00f4t\u00e9s et \u00e7a fait vraiment du bien d\u2019\u00eatre tir\u00e9e vers le haut. Apr\u00e8s en r\u00e8gle g\u00e9n\u00e9rale, j\u2019ai vraiment la chance d\u2019\u00eatre entour\u00e9e de grands champions en \u00e9quipe de France au pistolet [<em><strong>Jean Quiquampoix, <\/strong>champion olympique<strong>, Cl\u00e9ment Bessaguet<\/strong> n\u00b01 au ranking et <strong>C\u00e9line Goberville, <\/strong>m\u00e9daill\u00e9e olympique en 2012<\/em>]. Donc oui, il y a Mathilde qui est dans mon \u00e9preuve mais il y a les autres qui permettent de nourrir une \u00e9quipe de France de champions et \u00e7a c\u2019est hyper important.<\/p>\n<h3 style=\"text-align: justify;\"><strong>Tu c\u00f4toies beaucoup les pistoliers et les pistoli\u00e8res donc, mais c\u00f4toies-tu aussi les athl\u00e8tes \u00e0 la carabine, au skeet ou \u00e0 la fosse olympique ?<\/strong><\/h3>\n<p style=\"text-align: justify;\">On se voit en comp\u00e9tition. Mais on ne se voit pas en stage d\u2019habitude, sauf l\u00e0 o\u00f9 on a effectu\u00e9 un stage au Qatar. C\u2019est hyper enrichissant de pouvoir discuter tous ensemble, mais ce n\u2019est qu\u2019une fois dans l\u2019ann\u00e9e. En revanche avec les pistoliers, on \u00e9change davantage car on parle le m\u00eame jargon, on s\u2019entra\u00eene plus souvent ensemble et on cr\u00e9e cette \u00e9mulation.<\/p>\n<h3 style=\"text-align: justify;\">C\u2019est bien d\u2019avoir fait ce stage au Qatar je suppose, car si on se projette aux Jeux, les \u00e9preuves se d\u00e9rouleront \u00e0 Ch\u00e2teauroux, donc vous allez in\u00e9vitablement passer du temps ensemble. Que penses-tu du choix du site et donc d\u2019\u00eatre \u00e0 l\u2019\u00e9cart de Paris ? On pense notamment \u00e0 la c\u00e9r\u00e9monie d\u2019ouverture alors que les \u00e9preuves de tir d\u00e9butent d\u00e8s le lendemain.<\/h3>\n<p style=\"text-align: justify;\">Dans tous les cas, on ne fait jamais la c\u00e9r\u00e9monie au tir puisque les \u00e9preuves d\u00e9butent toujours le premier jour. On est totalement ok avec \u00e7a. Moi je suis un peu d\u00e9\u00e7ue de ne pas \u00eatre \u00e0 Paris mais je ne suis pas la plus d\u00e9\u00e7ue car je pense \u00e0 tous ces tireurs internationaux qui viendront faire les Jeux de Paris 2024 et qui ne seront pas \u00e0 Paris. Moi je suis Fran\u00e7aise donc dans tous les cas il y aura du soutien m\u00eame \u00e0 Ch\u00e2teauroux mais ce n\u2019est pas le cas pour tout le monde. Quelqu\u2019un qui vient du P\u00e9rou par exemple car le tir est vraiment universel&#8230; Il y a trois jours par exemple, il y a une Pakistanaise qui a d\u00e9croch\u00e9 son quota par exemple. C\u2019est pour eux que j\u2019ai un pincement au c\u0153ur surtout.<\/p>\n<h3 style=\"text-align: justify;\">Connais-tu d\u00e9j\u00e0 ce centre de tir et le cas \u00e9ch\u00e9ant est-ce un avantage ou est-ce que cela ne change rien ?<\/h3>\n<p style=\"text-align: justify;\">Je le connais bien oui, on essaye d\u2019y aller une fois par mois depuis quelque temps. L\u2019avantage c\u2019est que j\u2019aime tout ce qui est autour. En soit la ligne de tir, elle est identique partout mais j\u2019aime bien l\u2019endroit, l\u2019armurerie et tout le reste. Apr\u00e8s, avec l\u2019ambiance olympique je pense que le site ne sera pas le m\u00eame en raison des d\u00e9corations, du public ou de ses d\u00e9placements par exemple. Je pense n\u00e9anmoins que c\u2019est un avantage et je serai contente de le voir en mode olympique.<\/p>\n<h2 style=\"text-align: justify;\">Camille Jedrzejewski : \u00ab Je vais aux Championnats d&rsquo;Europe avec l&rsquo;ambition de chercher une m\u00e9daille et pas celle d&rsquo;un quota comme d&rsquo;autres filles \u00bb<\/h2>\n<h3 style=\"text-align: justify;\">On est en janvier, les Jeux arrivent dans sept mois. Pour le pistolet, les prochaines \u00e9ch\u00e9ances qualificatives arrivent \u00e0 10 m\u00e8tres avec les Championnats d\u2019Europe fin f\u00e9vrier en Hongrie puis ceux \u00e0 25 m\u00e8tres fin mai et d\u00e9but juin en Croatie. Concr\u00e8tement pour toi, tu y vas surtout \u00e0 titre individuel sachant que tu as d\u00e9j\u00e0 un quota ?<\/h3>\n<p style=\"text-align: justify;\">Oui voil\u00e0 exactement. J\u2019y vais avec l\u2019ambition de chercher une m\u00e9daille et pas celle d\u2019un quota comme d\u2019autres filles. Ces comp\u00e9titions elles sont l\u00e0 pour nourrir mon exp\u00e9rience et nourrir l\u2019athl\u00e8te que je suis. Je suis encore jeune et j\u2019ai beaucoup de choses \u00e0 apprendre et donc \u00e7a fait partie de la pr\u00e9paration olympique de faire des comp\u00e9titions.<\/p>\n<h3 style=\"text-align: justify;\">Justement, dans le cadre de la pr\u00e9paration olympique, le fait d\u2019avoir les Jeux cette ann\u00e9e et en France a-t-il fait que tu as chang\u00e9 ta pr\u00e9paration cette ann\u00e9e ?<\/h3>\n<p style=\"text-align: justify;\">Les deux principaux changements sont d\u2019abord que j\u2019ai mis mes \u00e9tudes de kin\u00e9 entre parenth\u00e8ses. Je peux donc vivre mon projet sportif et olympique \u00e0 temps complet pendant un an. Et suite \u00e0 cela, j\u2019ai eu la chance de signer un contrat avec la Police Nationale, qui me suit et m\u2019a permis de devenir professionnelle. Avant, je ne l\u2019\u00e9tais pas et donc j\u2019\u00e9tais dans mes \u00e9tudes et les comp\u00e9titions de tir c\u2019\u00e9tait par-ci, par-l\u00e0. Au niveau de mes \u00e9tudes, pendant un an je n&rsquo;ai pas d&rsquo;examens, donc je travaille de fa\u00e7on autonome sans avoir la pression des partiels. Je reprendrai les \u00e9tudes en janvier 2025 et les stages avant.<\/p>\n<h3 style=\"text-align: justify;\">Tu as dit plus t\u00f4t que le jour J, les cartes pouvaient \u00eatre redistribu\u00e9es. Malgr\u00e9 tout, qui seront selon toi les filles les plus redoutables aux Jeux.<\/h3>\n<p style=\"text-align: justify;\">Oui, malgr\u00e9 tout il y a des filles tr\u00e8s r\u00e9guli\u00e8res. Je dirais \u00e0 10 m\u00e8tres, la Grecque<strong> Anna Korakaki<\/strong> et \u00e0 25 m\u00e8tres, l\u2019Allemande <strong>Doreen Vennekamp<\/strong> [<em>toutes deux en t\u00eate du classement olympique<\/em>]. Elles sont toutes les deux tr\u00e8s tr\u00e8s fortes.<\/p>\n<blockquote class=\"twitter-tweet\">\n<p dir=\"ltr\" lang=\"fr\">\ud83c\uddeb\ud83c\uddf7 \ud83e\udd48 Camille Jedrzejewski s\u2019incline dans cette finale mais obtient la m\u00e9daille d\u2019argent<\/p>\n<p>Suivez les Jeux Europ\u00e9ens tout au long de la semaine sur la cha\u00eene L\u2019\u00c9quipe <a href=\"https:\/\/t.co\/4aKX3vvuW4\">https:\/\/t.co\/4aKX3vvuW4<\/a> <a href=\"https:\/\/t.co\/9FWEqJMa6k\">pic.twitter.com\/9FWEqJMa6k<\/a><\/p>\n<p>\u2014 la chaine L&rsquo;\u00c9quipe (@lachainelequipe) <a href=\"https:\/\/twitter.com\/lachainelequipe\/status\/1671887369035984896?ref_src=twsrc%5Etfw\">June 22, 2023<\/a><\/p><\/blockquote>\n<p><script async src=\"https:\/\/platform.twitter.com\/widgets.js\" charset=\"utf-8\"><\/script><\/p>\n","protected":false},"excerpt":{"rendered":"<p>Tir &#8211; La pistoli\u00e8re fran\u00e7aise, Camille Jedrzejewski s&rsquo;est confi\u00e9e \u00e0 Dicodusport \u00e0 sept mois des Jeux Olympiques de Paris 2024.<\/p>\n","protected":false},"author":91,"featured_media":453615,"comment_status":"open","ping_status":"closed","sticky":false,"template":"","format":"standard","meta":{"_acf_changed":false,"_daextam_enable_autolinks":"1","footnotes":""},"categories":[16898],"tags":[16878,22971,1504,24,3887],"class_list":["post-451712","post","type-post","status-publish","format-standard","has-post-thumbnail","hentry","category-tir","tag-breve","tag-camille-jedrzejewski","tag-jo-2024","tag-sport","tag-tir"],"acf":[],"yoast_head":"<!-- This site is optimized with the Yoast SEO Premium plugin v26.7 (Yoast SEO v26.7) - https:\/\/yoast.com\/wordpress\/plugins\/seo\/ -->\n<title>Camille Jedrzejewski : \u00ab Je peux aller chercher des m\u00e9dailles \u00bb<\/title>\n<meta name=\"description\" content=\"Tir - La pistoli\u00e8re fran\u00e7aise, Camille Jedrzejewski s&#039;est confi\u00e9e \u00e0 Dicodusport \u00e0 sept mois des Jeux Olympiques de Paris 2024.\" \/>\n<meta name=\"robots\" content=\"index, follow, max-snippet:-1, max-image-preview:large, max-video-preview:-1\" \/>\n<link rel=\"canonical\" href=\"https:\/\/dicodusport.fr\/blog\/camille-jedrzejewski-je-peux-aller-chercher-des-medailles\/\" \/>\n<meta property=\"og:locale\" content=\"fr_FR\" \/>\n<meta property=\"og:type\" content=\"article\" \/>\n<meta property=\"og:title\" content=\"Camille Jedrzejewski : \u00ab Je peux aller chercher des m\u00e9dailles \u00bb\" \/>\n<meta property=\"og:description\" content=\"Tir - La pistoli\u00e8re fran\u00e7aise, Camille Jedrzejewski s&#039;est confi\u00e9e \u00e0 Dicodusport \u00e0 sept mois des Jeux Olympiques de Paris 2024.\" \/>\n<meta property=\"og:url\" content=\"https:\/\/dicodusport.fr\/blog\/camille-jedrzejewski-je-peux-aller-chercher-des-medailles\/\" \/>\n<meta property=\"og:site_name\" content=\"Dicodusport\" \/>\n<meta property=\"article:publisher\" content=\"https:\/\/www.facebook.com\/dicodusport\" \/>\n<meta property=\"article:published_time\" content=\"2024-01-17T15:16:01+00:00\" \/>\n<meta property=\"article:modified_time\" content=\"2024-01-17T16:05:39+00:00\" \/>\n<meta property=\"og:image\" content=\"https:\/\/dicodusport.fr\/blog\/wp-content\/uploads\/2024\/01\/Camille-Jedrzejewski-Je-peux-aller-chercher-des-medailles-.png\" \/>\n\t<meta property=\"og:image:width\" content=\"1200\" \/>\n\t<meta property=\"og:image:height\" content=\"674\" \/>\n\t<meta property=\"og:image:type\" content=\"image\/png\" \/>\n<meta name=\"author\" content=\"Victor Clot-Amiot\" \/>\n<meta name=\"twitter:card\" content=\"summary_large_image\" \/>\n<meta name=\"twitter:title\" content=\"Camille Jedrzejewski : \u00ab Je peux aller chercher des m\u00e9dailles \u00bb\" \/>\n<meta name=\"twitter:creator\" content=\"@https:\/\/x.com\/VictorClotAmiot\" \/>\n<meta name=\"twitter:site\" content=\"@dicodusport\" \/>\n<script type=\"application\/ld+json\" class=\"yoast-schema-graph\">{\"@context\":\"https:\/\/schema.org\",\"@graph\":[{\"@type\":\"NewsArticle\",\"@id\":\"https:\/\/dicodusport.fr\/blog\/camille-jedrzejewski-je-peux-aller-chercher-des-medailles\/#article\",\"isPartOf\":{\"@id\":\"https:\/\/dicodusport.fr\/blog\/camille-jedrzejewski-je-peux-aller-chercher-des-medailles\/\"},\"author\":{\"name\":\"Victor Clot-Amiot\",\"@id\":\"https:\/\/dicodusport.fr\/blog\/#\/schema\/person\/b623199cba9ba90fe84a3d16e9282360\"},\"headline\":\"Camille Jedrzejewski : \u00ab Je peux aller chercher des m\u00e9dailles \u00bb\",\"datePublished\":\"2024-01-17T15:16:01+00:00\",\"dateModified\":\"2024-01-17T16:05:39+00:00\",\"mainEntityOfPage\":{\"@id\":\"https:\/\/dicodusport.fr\/blog\/camille-jedrzejewski-je-peux-aller-chercher-des-medailles\/\"},\"wordCount\":2327,\"commentCount\":0,\"publisher\":{\"@id\":\"https:\/\/dicodusport.fr\/blog\/#organization\"},\"image\":{\"@id\":\"https:\/\/dicodusport.fr\/blog\/camille-jedrzejewski-je-peux-aller-chercher-des-medailles\/#primaryimage\"},\"thumbnailUrl\":\"https:\/\/dicodusport.fr\/blog\/wp-content\/uploads\/2024\/01\/Camille-Jedrzejewski-Je-peux-aller-chercher-des-medailles-.png\",\"keywords\":[\"br\u00e8ve\",\"Camille Jedrzejewski\",\"JO 2024\",\"sport\",\"tir\"],\"articleSection\":[\"Tir\"],\"inLanguage\":\"fr-FR\",\"potentialAction\":[{\"@type\":\"CommentAction\",\"name\":\"Comment\",\"target\":[\"https:\/\/dicodusport.fr\/blog\/camille-jedrzejewski-je-peux-aller-chercher-des-medailles\/#respond\"]}],\"copyrightYear\":\"2024\",\"copyrightHolder\":{\"@id\":\"https:\/\/dicodusport.fr\/blog\/#organization\"}},{\"@type\":\"WebPage\",\"@id\":\"https:\/\/dicodusport.fr\/blog\/camille-jedrzejewski-je-peux-aller-chercher-des-medailles\/\",\"url\":\"https:\/\/dicodusport.fr\/blog\/camille-jedrzejewski-je-peux-aller-chercher-des-medailles\/\",\"name\":\"Camille Jedrzejewski : \u00ab Je peux aller chercher des m\u00e9dailles \u00bb\",\"isPartOf\":{\"@id\":\"https:\/\/dicodusport.fr\/blog\/#website\"},\"primaryImageOfPage\":{\"@id\":\"https:\/\/dicodusport.fr\/blog\/camille-jedrzejewski-je-peux-aller-chercher-des-medailles\/#primaryimage\"},\"image\":{\"@id\":\"https:\/\/dicodusport.fr\/blog\/camille-jedrzejewski-je-peux-aller-chercher-des-medailles\/#primaryimage\"},\"thumbnailUrl\":\"https:\/\/dicodusport.fr\/blog\/wp-content\/uploads\/2024\/01\/Camille-Jedrzejewski-Je-peux-aller-chercher-des-medailles-.png\",\"datePublished\":\"2024-01-17T15:16:01+00:00\",\"dateModified\":\"2024-01-17T16:05:39+00:00\",\"description\":\"Tir - La pistoli\u00e8re fran\u00e7aise, Camille Jedrzejewski s'est confi\u00e9e \u00e0 Dicodusport \u00e0 sept mois des Jeux Olympiques de Paris 2024.\",\"breadcrumb\":{\"@id\":\"https:\/\/dicodusport.fr\/blog\/camille-jedrzejewski-je-peux-aller-chercher-des-medailles\/#breadcrumb\"},\"inLanguage\":\"fr-FR\",\"potentialAction\":[{\"@type\":\"ReadAction\",\"target\":[\"https:\/\/dicodusport.fr\/blog\/camille-jedrzejewski-je-peux-aller-chercher-des-medailles\/\"]}]},{\"@type\":\"ImageObject\",\"inLanguage\":\"fr-FR\",\"@id\":\"https:\/\/dicodusport.fr\/blog\/camille-jedrzejewski-je-peux-aller-chercher-des-medailles\/#primaryimage\",\"url\":\"https:\/\/dicodusport.fr\/blog\/wp-content\/uploads\/2024\/01\/Camille-Jedrzejewski-Je-peux-aller-chercher-des-medailles-.png\",\"contentUrl\":\"https:\/\/dicodusport.fr\/blog\/wp-content\/uploads\/2024\/01\/Camille-Jedrzejewski-Je-peux-aller-chercher-des-medailles-.png\",\"width\":1200,\"height\":674,\"caption\":\"Camille Jedrzejewski \u00ab Je peux aller chercher des m\u00e9dailles \u00bb\"},{\"@type\":\"BreadcrumbList\",\"@id\":\"https:\/\/dicodusport.fr\/blog\/camille-jedrzejewski-je-peux-aller-chercher-des-medailles\/#breadcrumb\",\"itemListElement\":[{\"@type\":\"ListItem\",\"position\":1,\"name\":\"Accueil\",\"item\":\"https:\/\/dicodusport.fr\/blog\/\"},{\"@type\":\"ListItem\",\"position\":2,\"name\":\"Camille Jedrzejewski : \u00ab Je peux aller chercher des m\u00e9dailles \u00bb\"}]},{\"@type\":\"WebSite\",\"@id\":\"https:\/\/dicodusport.fr\/blog\/#website\",\"url\":\"https:\/\/dicodusport.fr\/blog\/\",\"name\":\"Dicodusport\",\"description\":\"L&#039;encyclop\u00e9die de l&#039;actualit\u00e9 sportive\",\"publisher\":{\"@id\":\"https:\/\/dicodusport.fr\/blog\/#organization\"},\"potentialAction\":[{\"@type\":\"SearchAction\",\"target\":{\"@type\":\"EntryPoint\",\"urlTemplate\":\"https:\/\/dicodusport.fr\/blog\/?s={search_term_string}\"},\"query-input\":{\"@type\":\"PropertyValueSpecification\",\"valueRequired\":true,\"valueName\":\"search_term_string\"}}],\"inLanguage\":\"fr-FR\"},{\"@type\":\"NewsMediaOrganization\",\"@id\":\"https:\/\/dicodusport.fr\/blog\/#organization\",\"name\":\"Dicodusport\",\"url\":\"https:\/\/dicodusport.fr\/blog\/\",\"logo\":{\"@type\":\"ImageObject\",\"inLanguage\":\"fr-FR\",\"@id\":\"https:\/\/dicodusport.fr\/blog\/#\/schema\/logo\/image\/\",\"url\":\"https:\/\/dicodusport.fr\/blog\/wp-content\/uploads\/2020\/06\/cropped-LOGO-DICODUSPORT-2020-SANS-FOND-SANS-TEXTE.png\",\"contentUrl\":\"https:\/\/dicodusport.fr\/blog\/wp-content\/uploads\/2020\/06\/cropped-LOGO-DICODUSPORT-2020-SANS-FOND-SANS-TEXTE.png\",\"width\":512,\"height\":512,\"caption\":\"Dicodusport\"},\"image\":{\"@id\":\"https:\/\/dicodusport.fr\/blog\/#\/schema\/logo\/image\/\"},\"sameAs\":[\"https:\/\/www.facebook.com\/dicodusport\",\"https:\/\/x.com\/dicodusport\",\"https:\/\/www.instagram.com\/dicodusport\/\",\"https:\/\/www.youtube.com\/channel\/UC7V2KZ5sd3htJivAbA4ZG3w\"],\"description\":\"Dicodusport est l'encyclop\u00e9die de l'actualit\u00e9 sportive.\",\"email\":\"bonjour@dicodusport.fr\",\"legalName\":\"DICODUSPORT\",\"foundingDate\":\"2018-01-14\",\"vatID\":\"FR71834470973\",\"taxID\":\"83447097300043\",\"numberOfEmployees\":{\"@type\":\"QuantitativeValue\",\"minValue\":\"1\",\"maxValue\":\"10\"}},{\"@type\":\"Person\",\"@id\":\"https:\/\/dicodusport.fr\/blog\/#\/schema\/person\/b623199cba9ba90fe84a3d16e9282360\",\"name\":\"Victor Clot-Amiot\",\"image\":{\"@type\":\"ImageObject\",\"inLanguage\":\"fr-FR\",\"@id\":\"https:\/\/dicodusport.fr\/blog\/#\/schema\/person\/image\/\",\"url\":\"https:\/\/dicodusport.fr\/blog\/wp-content\/uploads\/2023\/09\/IMG_20190826_114722-150x150.jpg\",\"contentUrl\":\"https:\/\/dicodusport.fr\/blog\/wp-content\/uploads\/2023\/09\/IMG_20190826_114722-150x150.jpg\",\"caption\":\"Victor Clot-Amiot\"},\"description\":\"Passionn\u00e9 de sport depuis toujours, un jour \u00e0 l'adolescence mes parents m'ont dit : \\\"quitte \u00e0 passer ton temps \u00e0 regarder du sport, au moins va le voir en vrai\\\" ! Depuis, cette remarque ne m'a plus quitt\u00e9 et je passe une grande partie de mon temps libre \u00e0 assister \u00e0 des comp\u00e9titions de tous sports. Je m\u00eale d'ailleurs mes deux passions, le sport et les voyages afin de faire une pierre deux coups ! Outre l'US Open ou l'Euro 2021 par exemple, j'ai assist\u00e9 cet \u00e9t\u00e9 aux Mondiaux d'athl\u00e9tisme \u00e0 Budapest. Mon plus gros coup dur est et restera les JO 2020-2021 pour lesquels j'avais r\u00e9serv\u00e9 17 \u00e9preuves. La suite, vous la connaissez...\",\"sameAs\":[\"https:\/\/x.com\/https:\/\/x.com\/VictorClotAmiot\"],\"url\":\"https:\/\/dicodusport.fr\/blog\/author\/victor-clot-amiot\/\"}]}<\/script>\n<!-- \/ Yoast SEO Premium plugin. -->","yoast_head_json":{"title":"Camille Jedrzejewski : \u00ab Je peux aller chercher des m\u00e9dailles \u00bb","description":"Tir - La pistoli\u00e8re fran\u00e7aise, Camille Jedrzejewski s'est confi\u00e9e \u00e0 Dicodusport \u00e0 sept mois des Jeux Olympiques de Paris 2024.","robots":{"index":"index","follow":"follow","max-snippet":"max-snippet:-1","max-image-preview":"max-image-preview:large","max-video-preview":"max-video-preview:-1"},"canonical":"https:\/\/dicodusport.fr\/blog\/camille-jedrzejewski-je-peux-aller-chercher-des-medailles\/","og_locale":"fr_FR","og_type":"article","og_title":"Camille Jedrzejewski : \u00ab Je peux aller chercher des m\u00e9dailles \u00bb","og_description":"Tir - La pistoli\u00e8re fran\u00e7aise, Camille Jedrzejewski s'est confi\u00e9e \u00e0 Dicodusport \u00e0 sept mois des Jeux Olympiques de Paris 2024.","og_url":"https:\/\/dicodusport.fr\/blog\/camille-jedrzejewski-je-peux-aller-chercher-des-medailles\/","og_site_name":"Dicodusport","article_publisher":"https:\/\/www.facebook.com\/dicodusport","article_published_time":"2024-01-17T15:16:01+00:00","article_modified_time":"2024-01-17T16:05:39+00:00","og_image":[{"width":1200,"height":674,"url":"https:\/\/dicodusport.fr\/blog\/wp-content\/uploads\/2024\/01\/Camille-Jedrzejewski-Je-peux-aller-chercher-des-medailles-.png","type":"image\/png"}],"author":"Victor Clot-Amiot","twitter_card":"summary_large_image","twitter_title":"Camille Jedrzejewski : \u00ab Je peux aller chercher des m\u00e9dailles \u00bb","twitter_creator":"@https:\/\/x.com\/VictorClotAmiot","twitter_site":"@dicodusport","schema":{"@context":"https:\/\/schema.org","@graph":[{"@type":"NewsArticle","@id":"https:\/\/dicodusport.fr\/blog\/camille-jedrzejewski-je-peux-aller-chercher-des-medailles\/#article","isPartOf":{"@id":"https:\/\/dicodusport.fr\/blog\/camille-jedrzejewski-je-peux-aller-chercher-des-medailles\/"},"author":{"name":"Victor Clot-Amiot","@id":"https:\/\/dicodusport.fr\/blog\/#\/schema\/person\/b623199cba9ba90fe84a3d16e9282360"},"headline":"Camille Jedrzejewski : \u00ab Je peux aller chercher des m\u00e9dailles \u00bb","datePublished":"2024-01-17T15:16:01+00:00","dateModified":"2024-01-17T16:05:39+00:00","mainEntityOfPage":{"@id":"https:\/\/dicodusport.fr\/blog\/camille-jedrzejewski-je-peux-aller-chercher-des-medailles\/"},"wordCount":2327,"commentCount":0,"publisher":{"@id":"https:\/\/dicodusport.fr\/blog\/#organization"},"image":{"@id":"https:\/\/dicodusport.fr\/blog\/camille-jedrzejewski-je-peux-aller-chercher-des-medailles\/#primaryimage"},"thumbnailUrl":"https:\/\/dicodusport.fr\/blog\/wp-content\/uploads\/2024\/01\/Camille-Jedrzejewski-Je-peux-aller-chercher-des-medailles-.png","keywords":["br\u00e8ve","Camille Jedrzejewski","JO 2024","sport","tir"],"articleSection":["Tir"],"inLanguage":"fr-FR","potentialAction":[{"@type":"CommentAction","name":"Comment","target":["https:\/\/dicodusport.fr\/blog\/camille-jedrzejewski-je-peux-aller-chercher-des-medailles\/#respond"]}],"copyrightYear":"2024","copyrightHolder":{"@id":"https:\/\/dicodusport.fr\/blog\/#organization"}},{"@type":"WebPage","@id":"https:\/\/dicodusport.fr\/blog\/camille-jedrzejewski-je-peux-aller-chercher-des-medailles\/","url":"https:\/\/dicodusport.fr\/blog\/camille-jedrzejewski-je-peux-aller-chercher-des-medailles\/","name":"Camille Jedrzejewski : \u00ab Je peux aller chercher des m\u00e9dailles \u00bb","isPartOf":{"@id":"https:\/\/dicodusport.fr\/blog\/#website"},"primaryImageOfPage":{"@id":"https:\/\/dicodusport.fr\/blog\/camille-jedrzejewski-je-peux-aller-chercher-des-medailles\/#primaryimage"},"image":{"@id":"https:\/\/dicodusport.fr\/blog\/camille-jedrzejewski-je-peux-aller-chercher-des-medailles\/#primaryimage"},"thumbnailUrl":"https:\/\/dicodusport.fr\/blog\/wp-content\/uploads\/2024\/01\/Camille-Jedrzejewski-Je-peux-aller-chercher-des-medailles-.png","datePublished":"2024-01-17T15:16:01+00:00","dateModified":"2024-01-17T16:05:39+00:00","description":"Tir - La pistoli\u00e8re fran\u00e7aise, Camille Jedrzejewski s'est confi\u00e9e \u00e0 Dicodusport \u00e0 sept mois des Jeux Olympiques de Paris 2024.","breadcrumb":{"@id":"https:\/\/dicodusport.fr\/blog\/camille-jedrzejewski-je-peux-aller-chercher-des-medailles\/#breadcrumb"},"inLanguage":"fr-FR","potentialAction":[{"@type":"ReadAction","target":["https:\/\/dicodusport.fr\/blog\/camille-jedrzejewski-je-peux-aller-chercher-des-medailles\/"]}]},{"@type":"ImageObject","inLanguage":"fr-FR","@id":"https:\/\/dicodusport.fr\/blog\/camille-jedrzejewski-je-peux-aller-chercher-des-medailles\/#primaryimage","url":"https:\/\/dicodusport.fr\/blog\/wp-content\/uploads\/2024\/01\/Camille-Jedrzejewski-Je-peux-aller-chercher-des-medailles-.png","contentUrl":"https:\/\/dicodusport.fr\/blog\/wp-content\/uploads\/2024\/01\/Camille-Jedrzejewski-Je-peux-aller-chercher-des-medailles-.png","width":1200,"height":674,"caption":"Camille Jedrzejewski \u00ab Je peux aller chercher des m\u00e9dailles \u00bb"},{"@type":"BreadcrumbList","@id":"https:\/\/dicodusport.fr\/blog\/camille-jedrzejewski-je-peux-aller-chercher-des-medailles\/#breadcrumb","itemListElement":[{"@type":"ListItem","position":1,"name":"Accueil","item":"https:\/\/dicodusport.fr\/blog\/"},{"@type":"ListItem","position":2,"name":"Camille Jedrzejewski : \u00ab Je peux aller chercher des m\u00e9dailles \u00bb"}]},{"@type":"WebSite","@id":"https:\/\/dicodusport.fr\/blog\/#website","url":"https:\/\/dicodusport.fr\/blog\/","name":"Dicodusport","description":"L&#039;encyclop\u00e9die de l&#039;actualit\u00e9 sportive","publisher":{"@id":"https:\/\/dicodusport.fr\/blog\/#organization"},"potentialAction":[{"@type":"SearchAction","target":{"@type":"EntryPoint","urlTemplate":"https:\/\/dicodusport.fr\/blog\/?s={search_term_string}"},"query-input":{"@type":"PropertyValueSpecification","valueRequired":true,"valueName":"search_term_string"}}],"inLanguage":"fr-FR"},{"@type":"NewsMediaOrganization","@id":"https:\/\/dicodusport.fr\/blog\/#organization","name":"Dicodusport","url":"https:\/\/dicodusport.fr\/blog\/","logo":{"@type":"ImageObject","inLanguage":"fr-FR","@id":"https:\/\/dicodusport.fr\/blog\/#\/schema\/logo\/image\/","url":"https:\/\/dicodusport.fr\/blog\/wp-content\/uploads\/2020\/06\/cropped-LOGO-DICODUSPORT-2020-SANS-FOND-SANS-TEXTE.png","contentUrl":"https:\/\/dicodusport.fr\/blog\/wp-content\/uploads\/2020\/06\/cropped-LOGO-DICODUSPORT-2020-SANS-FOND-SANS-TEXTE.png","width":512,"height":512,"caption":"Dicodusport"},"image":{"@id":"https:\/\/dicodusport.fr\/blog\/#\/schema\/logo\/image\/"},"sameAs":["https:\/\/www.facebook.com\/dicodusport","https:\/\/x.com\/dicodusport","https:\/\/www.instagram.com\/dicodusport\/","https:\/\/www.youtube.com\/channel\/UC7V2KZ5sd3htJivAbA4ZG3w"],"description":"Dicodusport est l'encyclop\u00e9die de l'actualit\u00e9 sportive.","email":"bonjour@dicodusport.fr","legalName":"DICODUSPORT","foundingDate":"2018-01-14","vatID":"FR71834470973","taxID":"83447097300043","numberOfEmployees":{"@type":"QuantitativeValue","minValue":"1","maxValue":"10"}},{"@type":"Person","@id":"https:\/\/dicodusport.fr\/blog\/#\/schema\/person\/b623199cba9ba90fe84a3d16e9282360","name":"Victor Clot-Amiot","image":{"@type":"ImageObject","inLanguage":"fr-FR","@id":"https:\/\/dicodusport.fr\/blog\/#\/schema\/person\/image\/","url":"https:\/\/dicodusport.fr\/blog\/wp-content\/uploads\/2023\/09\/IMG_20190826_114722-150x150.jpg","contentUrl":"https:\/\/dicodusport.fr\/blog\/wp-content\/uploads\/2023\/09\/IMG_20190826_114722-150x150.jpg","caption":"Victor Clot-Amiot"},"description":"Passionn\u00e9 de sport depuis toujours, un jour \u00e0 l'adolescence mes parents m'ont dit : \"quitte \u00e0 passer ton temps \u00e0 regarder du sport, au moins va le voir en vrai\" ! Depuis, cette remarque ne m'a plus quitt\u00e9 et je passe une grande partie de mon temps libre \u00e0 assister \u00e0 des comp\u00e9titions de tous sports. Je m\u00eale d'ailleurs mes deux passions, le sport et les voyages afin de faire une pierre deux coups ! Outre l'US Open ou l'Euro 2021 par exemple, j'ai assist\u00e9 cet \u00e9t\u00e9 aux Mondiaux d'athl\u00e9tisme \u00e0 Budapest. Mon plus gros coup dur est et restera les JO 2020-2021 pour lesquels j'avais r\u00e9serv\u00e9 17 \u00e9preuves. La suite, vous la connaissez...","sameAs":["https:\/\/x.com\/https:\/\/x.com\/VictorClotAmiot"],"url":"https:\/\/dicodusport.fr\/blog\/author\/victor-clot-amiot\/"}]}},"_links":{"self":[{"href":"https:\/\/dicodusport.fr\/blog\/wp-json\/wp\/v2\/posts\/451712","targetHints":{"allow":["GET"]}}],"collection":[{"href":"https:\/\/dicodusport.fr\/blog\/wp-json\/wp\/v2\/posts"}],"about":[{"href":"https:\/\/dicodusport.fr\/blog\/wp-json\/wp\/v2\/types\/post"}],"author":[{"embeddable":true,"href":"https:\/\/dicodusport.fr\/blog\/wp-json\/wp\/v2\/users\/91"}],"replies":[{"embeddable":true,"href":"https:\/\/dicodusport.fr\/blog\/wp-json\/wp\/v2\/comments?post=451712"}],"version-history":[{"count":5,"href":"https:\/\/dicodusport.fr\/blog\/wp-json\/wp\/v2\/posts\/451712\/revisions"}],"predecessor-version":[{"id":453628,"href":"https:\/\/dicodusport.fr\/blog\/wp-json\/wp\/v2\/posts\/451712\/revisions\/453628"}],"wp:featuredmedia":[{"embeddable":true,"href":"https:\/\/dicodusport.fr\/blog\/wp-json\/wp\/v2\/media\/453615"}],"wp:attachment":[{"href":"https:\/\/dicodusport.fr\/blog\/wp-json\/wp\/v2\/media?parent=451712"}],"wp:term":[{"taxonomy":"category","embeddable":true,"href":"https:\/\/dicodusport.fr\/blog\/wp-json\/wp\/v2\/categories?post=451712"},{"taxonomy":"post_tag","embeddable":true,"href":"https:\/\/dicodusport.fr\/blog\/wp-json\/wp\/v2\/tags?post=451712"}],"curies":[{"name":"wp","href":"https:\/\/api.w.org\/{rel}","templated":true}]}}