{"id":451802,"date":"2024-01-12T14:39:02","date_gmt":"2024-01-12T13:39:02","guid":{"rendered":"https:\/\/dicodusport.fr\/blog\/?p=451802&#038;preview=true&#038;preview_id=451802"},"modified":"2024-01-12T14:43:36","modified_gmt":"2024-01-12T13:43:36","slug":"ibu-cup-2023-2024-antonin-guigonnat-sur-la-3e-marche-du-podium-de-la-mass-start-de-ridnaun","status":"publish","type":"post","link":"https:\/\/dicodusport.fr\/blog\/ibu-cup-2023-2024-antonin-guigonnat-sur-la-3e-marche-du-podium-de-la-mass-start-de-ridnaun\/","title":{"rendered":"IBU Cup 2023\/2024 : Antonin Guigonnat sur la 3e marche du podium de la mass start de Ridnaun"},"content":{"rendered":"<p style=\"text-align: justify;\"><strong><em>IBU CUP &#8211; R\u00e9trograd\u00e9 sur le circuit, Antonin Guigonnat a r\u00e9agi avec la mani\u00e8re en s&#8217;emparant de la 3e place de la mass start de Ridnaun (Norv\u00e8ge). Danilo Riethmuller s&rsquo;est lui impos\u00e9.<\/em><\/strong><\/p>\n<p style=\"text-align: justify;\">Les \u00e9preuves de <strong>Ridnaun<\/strong> sourient \u00e0 la famille <strong>Guigonnat<\/strong>. Deux jours apr\u00e8s <a href=\"https:\/\/dicodusport.fr\/blog\/ibu-cup-2023-2024-gilonne-guigonnat-domine-le-sprint-de-ridnaun-val-ridanna\/\">la victoire de Gilonne<\/a> sur les terres norv\u00e9giennes,<strong> Antonin<\/strong> a \u00e9galement perform\u00e9 \u00e0 l&rsquo;occasion de la<strong> mass start<\/strong>.<\/p>\n<p style=\"text-align: justify;\">Parti avec le dossard num\u00e9ro douze, le Tricolore va r\u00e9aliser une course d&rsquo;excellente facture. P\u00e9nalis\u00e9 par une erreur sur son premier pas de tir, il a ensuite compens\u00e9 en r\u00e9alisant un sans-faute sur les trois suivants. Rivalisant sur les skis avec ses principaux rivaux, il a progressivement remont\u00e9 les positions au classement pour aborder le dernier tour en troisi\u00e8me position, dans les skis de <strong>Martin Nevland<\/strong>. En t\u00eate, l&rsquo;Allemand <strong>Danilo Riethmuller<\/strong> ne sera jamais inqui\u00e9t\u00e9, fort d&rsquo;un 20\/20 pour s&rsquo;offrir la victoire. Derri\u00e8re, Nevland va r\u00e9sister au retour d&rsquo;<strong>Antonin Guigonnat<\/strong> et le biathl\u00e8te fran\u00e7ais termine en 3e position. Un excellent r\u00e9sultat pour son retour sur l&rsquo;IBU Cup, quatre ans apr\u00e8s sa derni\u00e8re apparition.<\/p>\n<blockquote class=\"twitter-tweet\"><p>\u2014 L&rsquo;\u00c9QUIPE (@lequipe) <a href=\"https:\/\/twitter.com\/lequipe\/status\/1745799425442635951?ref_src=twsrc%5Etfw\">January 12, 2024<\/a><\/p><\/blockquote>\n<p><script async src=\"https:\/\/platform.twitter.com\/widgets.js\" charset=\"utf-8\"><\/script><\/p>\n","protected":false},"excerpt":{"rendered":"<p>IBU CUP &#8211; R\u00e9trograd\u00e9 sur le circuit, Antonin Guigonnat a r\u00e9agi avec la mani\u00e8re en s&#8217;emparant de la 3e place de la mass start de Ridnaun (Norv\u00e8ge). Danilo Riethmuller s&rsquo;est lui impos\u00e9.<\/p>\n","protected":false},"author":55,"featured_media":451809,"comment_status":"open","ping_status":"closed","sticky":false,"template":"","format":"standard","meta":{"_acf_changed":false,"_daextam_enable_autolinks":"1","footnotes":""},"categories":[2426],"tags":[2926,2427,26590,16878,2945,36948],"class_list":["post-451802","post","type-post","status-publish","format-standard","has-post-thumbnail","hentry","category-biathlon","tag-antonin-guigonnat","tag-biathlon","tag-biathlon-ibu-cup","tag-breve","tag-mass-start","tag-ridnaun-val-ridanna"],"acf":[],"yoast_head":"<!-- This site is optimized with the Yoast SEO Premium plugin v26.7 (Yoast SEO v26.7) - https:\/\/yoast.com\/wordpress\/plugins\/seo\/ -->\n<title>IBU Cup 2023\/2024 : Antonin Guigonnat sur la 3e marche du podium de la mass start de Ridnaun<\/title>\n<meta name=\"description\" content=\"IBU CUP - Antonin Guigonnat s&#039;est empar\u00e9 de la 3e place sur la mass start disput\u00e9e \u00e0 Ridnaud (Norv\u00e8ge) et remport\u00e9e par Danilo Riethmuller.\" \/>\n<meta name=\"robots\" content=\"index, follow, max-snippet:-1, max-image-preview:large, max-video-preview:-1\" \/>\n<link rel=\"canonical\" href=\"https:\/\/dicodusport.fr\/blog\/ibu-cup-2023-2024-antonin-guigonnat-sur-la-3e-marche-du-podium-de-la-mass-start-de-ridnaun\/\" \/>\n<meta property=\"og:locale\" content=\"fr_FR\" \/>\n<meta property=\"og:type\" content=\"article\" \/>\n<meta property=\"og:title\" content=\"IBU Cup 2023\/2024 : Antonin Guigonnat sur la 3e marche du podium de la mass start de Ridnaun\" \/>\n<meta property=\"og:description\" content=\"IBU CUP - Antonin Guigonnat s&#039;est empar\u00e9 de la 3e place sur la mass start disput\u00e9e \u00e0 Ridnaud (Norv\u00e8ge) et remport\u00e9e par Danilo Riethmuller.\" \/>\n<meta property=\"og:url\" content=\"https:\/\/dicodusport.fr\/blog\/ibu-cup-2023-2024-antonin-guigonnat-sur-la-3e-marche-du-podium-de-la-mass-start-de-ridnaun\/\" \/>\n<meta property=\"og:site_name\" content=\"Dicodusport\" \/>\n<meta property=\"article:publisher\" content=\"https:\/\/www.facebook.com\/dicodusport\" \/>\n<meta property=\"article:published_time\" content=\"2024-01-12T13:39:02+00:00\" \/>\n<meta property=\"article:modified_time\" content=\"2024-01-12T13:43:36+00:00\" \/>\n<meta property=\"og:image\" content=\"https:\/\/dicodusport.fr\/blog\/wp-content\/uploads\/2024\/01\/IBU-Cup-20232024-Antonin-Guigonnant-sur-la-3e-marche-du-podium-de-la-mass-start-de-Ridnaun.png\" \/>\n\t<meta property=\"og:image:width\" content=\"1200\" \/>\n\t<meta property=\"og:image:height\" content=\"674\" \/>\n\t<meta property=\"og:image:type\" content=\"image\/png\" \/>\n<meta name=\"author\" content=\"Maxime Cazenave\" \/>\n<meta name=\"twitter:card\" content=\"summary_large_image\" \/>\n<meta name=\"twitter:title\" content=\"IBU Cup 2023\/2024 : Antonin Guigonnat sur la 3e marche du podium de la mass start de Ridnaun\" \/>\n<meta name=\"twitter:creator\" content=\"@https:\/\/twitter.com\/Maxime_Caze\" \/>\n<meta name=\"twitter:site\" content=\"@dicodusport\" \/>\n<script type=\"application\/ld+json\" class=\"yoast-schema-graph\">{\"@context\":\"https:\/\/schema.org\",\"@graph\":[{\"@type\":\"NewsArticle\",\"@id\":\"https:\/\/dicodusport.fr\/blog\/ibu-cup-2023-2024-antonin-guigonnat-sur-la-3e-marche-du-podium-de-la-mass-start-de-ridnaun\/#article\",\"isPartOf\":{\"@id\":\"https:\/\/dicodusport.fr\/blog\/ibu-cup-2023-2024-antonin-guigonnat-sur-la-3e-marche-du-podium-de-la-mass-start-de-ridnaun\/\"},\"author\":{\"name\":\"Maxime Cazenave\",\"@id\":\"https:\/\/dicodusport.fr\/blog\/#\/schema\/person\/37def232098a7a5cbab3974a3690abb0\"},\"headline\":\"IBU Cup 2023\/2024 : Antonin Guigonnat sur la 3e marche du podium de la mass start de Ridnaun\",\"datePublished\":\"2024-01-12T13:39:02+00:00\",\"dateModified\":\"2024-01-12T13:43:36+00:00\",\"mainEntityOfPage\":{\"@id\":\"https:\/\/dicodusport.fr\/blog\/ibu-cup-2023-2024-antonin-guigonnat-sur-la-3e-marche-du-podium-de-la-mass-start-de-ridnaun\/\"},\"wordCount\":221,\"commentCount\":0,\"publisher\":{\"@id\":\"https:\/\/dicodusport.fr\/blog\/#organization\"},\"image\":{\"@id\":\"https:\/\/dicodusport.fr\/blog\/ibu-cup-2023-2024-antonin-guigonnat-sur-la-3e-marche-du-podium-de-la-mass-start-de-ridnaun\/#primaryimage\"},\"thumbnailUrl\":\"https:\/\/dicodusport.fr\/blog\/wp-content\/uploads\/2024\/01\/IBU-Cup-20232024-Antonin-Guigonnant-sur-la-3e-marche-du-podium-de-la-mass-start-de-Ridnaun.png\",\"keywords\":[\"Antonin Guigonnat\",\"Biathlon\",\"Biathlon IBU Cup\",\"br\u00e8ve\",\"Mass start\",\"Ridnaun-Val Ridanna\"],\"articleSection\":[\"Biathlon\"],\"inLanguage\":\"fr-FR\",\"potentialAction\":[{\"@type\":\"CommentAction\",\"name\":\"Comment\",\"target\":[\"https:\/\/dicodusport.fr\/blog\/ibu-cup-2023-2024-antonin-guigonnat-sur-la-3e-marche-du-podium-de-la-mass-start-de-ridnaun\/#respond\"]}],\"copyrightYear\":\"2024\",\"copyrightHolder\":{\"@id\":\"https:\/\/dicodusport.fr\/blog\/#organization\"}},{\"@type\":\"WebPage\",\"@id\":\"https:\/\/dicodusport.fr\/blog\/ibu-cup-2023-2024-antonin-guigonnat-sur-la-3e-marche-du-podium-de-la-mass-start-de-ridnaun\/\",\"url\":\"https:\/\/dicodusport.fr\/blog\/ibu-cup-2023-2024-antonin-guigonnat-sur-la-3e-marche-du-podium-de-la-mass-start-de-ridnaun\/\",\"name\":\"IBU Cup 2023\/2024 : Antonin Guigonnat sur la 3e marche du podium de la mass start de Ridnaun\",\"isPartOf\":{\"@id\":\"https:\/\/dicodusport.fr\/blog\/#website\"},\"primaryImageOfPage\":{\"@id\":\"https:\/\/dicodusport.fr\/blog\/ibu-cup-2023-2024-antonin-guigonnat-sur-la-3e-marche-du-podium-de-la-mass-start-de-ridnaun\/#primaryimage\"},\"image\":{\"@id\":\"https:\/\/dicodusport.fr\/blog\/ibu-cup-2023-2024-antonin-guigonnat-sur-la-3e-marche-du-podium-de-la-mass-start-de-ridnaun\/#primaryimage\"},\"thumbnailUrl\":\"https:\/\/dicodusport.fr\/blog\/wp-content\/uploads\/2024\/01\/IBU-Cup-20232024-Antonin-Guigonnant-sur-la-3e-marche-du-podium-de-la-mass-start-de-Ridnaun.png\",\"datePublished\":\"2024-01-12T13:39:02+00:00\",\"dateModified\":\"2024-01-12T13:43:36+00:00\",\"description\":\"IBU CUP - Antonin Guigonnat s'est empar\u00e9 de la 3e place sur la mass start disput\u00e9e \u00e0 Ridnaud (Norv\u00e8ge) et remport\u00e9e par Danilo Riethmuller.\",\"breadcrumb\":{\"@id\":\"https:\/\/dicodusport.fr\/blog\/ibu-cup-2023-2024-antonin-guigonnat-sur-la-3e-marche-du-podium-de-la-mass-start-de-ridnaun\/#breadcrumb\"},\"inLanguage\":\"fr-FR\",\"potentialAction\":[{\"@type\":\"ReadAction\",\"target\":[\"https:\/\/dicodusport.fr\/blog\/ibu-cup-2023-2024-antonin-guigonnat-sur-la-3e-marche-du-podium-de-la-mass-start-de-ridnaun\/\"]}]},{\"@type\":\"ImageObject\",\"inLanguage\":\"fr-FR\",\"@id\":\"https:\/\/dicodusport.fr\/blog\/ibu-cup-2023-2024-antonin-guigonnat-sur-la-3e-marche-du-podium-de-la-mass-start-de-ridnaun\/#primaryimage\",\"url\":\"https:\/\/dicodusport.fr\/blog\/wp-content\/uploads\/2024\/01\/IBU-Cup-20232024-Antonin-Guigonnant-sur-la-3e-marche-du-podium-de-la-mass-start-de-Ridnaun.png\",\"contentUrl\":\"https:\/\/dicodusport.fr\/blog\/wp-content\/uploads\/2024\/01\/IBU-Cup-20232024-Antonin-Guigonnant-sur-la-3e-marche-du-podium-de-la-mass-start-de-Ridnaun.png\",\"width\":1200,\"height\":674,\"caption\":\"IBU Cup 2023\/2024 : Antonin Guigonnant sur la 3e marche du podium de la mass start de Ridnaun\"},{\"@type\":\"BreadcrumbList\",\"@id\":\"https:\/\/dicodusport.fr\/blog\/ibu-cup-2023-2024-antonin-guigonnat-sur-la-3e-marche-du-podium-de-la-mass-start-de-ridnaun\/#breadcrumb\",\"itemListElement\":[{\"@type\":\"ListItem\",\"position\":1,\"name\":\"Accueil\",\"item\":\"https:\/\/dicodusport.fr\/blog\/\"},{\"@type\":\"ListItem\",\"position\":2,\"name\":\"IBU Cup 2023\/2024 : Antonin Guigonnat sur la 3e marche du podium de la mass start de Ridnaun\"}]},{\"@type\":\"WebSite\",\"@id\":\"https:\/\/dicodusport.fr\/blog\/#website\",\"url\":\"https:\/\/dicodusport.fr\/blog\/\",\"name\":\"Dicodusport\",\"description\":\"L&#039;encyclop\u00e9die de l&#039;actualit\u00e9 sportive\",\"publisher\":{\"@id\":\"https:\/\/dicodusport.fr\/blog\/#organization\"},\"potentialAction\":[{\"@type\":\"SearchAction\",\"target\":{\"@type\":\"EntryPoint\",\"urlTemplate\":\"https:\/\/dicodusport.fr\/blog\/?s={search_term_string}\"},\"query-input\":{\"@type\":\"PropertyValueSpecification\",\"valueRequired\":true,\"valueName\":\"search_term_string\"}}],\"inLanguage\":\"fr-FR\"},{\"@type\":\"NewsMediaOrganization\",\"@id\":\"https:\/\/dicodusport.fr\/blog\/#organization\",\"name\":\"Dicodusport\",\"url\":\"https:\/\/dicodusport.fr\/blog\/\",\"logo\":{\"@type\":\"ImageObject\",\"inLanguage\":\"fr-FR\",\"@id\":\"https:\/\/dicodusport.fr\/blog\/#\/schema\/logo\/image\/\",\"url\":\"https:\/\/dicodusport.fr\/blog\/wp-content\/uploads\/2020\/06\/cropped-LOGO-DICODUSPORT-2020-SANS-FOND-SANS-TEXTE.png\",\"contentUrl\":\"https:\/\/dicodusport.fr\/blog\/wp-content\/uploads\/2020\/06\/cropped-LOGO-DICODUSPORT-2020-SANS-FOND-SANS-TEXTE.png\",\"width\":512,\"height\":512,\"caption\":\"Dicodusport\"},\"image\":{\"@id\":\"https:\/\/dicodusport.fr\/blog\/#\/schema\/logo\/image\/\"},\"sameAs\":[\"https:\/\/www.facebook.com\/dicodusport\",\"https:\/\/x.com\/dicodusport\",\"https:\/\/www.instagram.com\/dicodusport\/\",\"https:\/\/www.youtube.com\/channel\/UC7V2KZ5sd3htJivAbA4ZG3w\"],\"description\":\"Dicodusport est l'encyclop\u00e9die de l'actualit\u00e9 sportive.\",\"email\":\"bonjour@dicodusport.fr\",\"legalName\":\"DICODUSPORT\",\"foundingDate\":\"2018-01-14\",\"vatID\":\"FR71834470973\",\"taxID\":\"83447097300043\",\"numberOfEmployees\":{\"@type\":\"QuantitativeValue\",\"minValue\":\"1\",\"maxValue\":\"10\"}},{\"@type\":\"Person\",\"@id\":\"https:\/\/dicodusport.fr\/blog\/#\/schema\/person\/37def232098a7a5cbab3974a3690abb0\",\"name\":\"Maxime Cazenave\",\"image\":{\"@type\":\"ImageObject\",\"inLanguage\":\"fr-FR\",\"@id\":\"https:\/\/dicodusport.fr\/blog\/#\/schema\/person\/image\/\",\"url\":\"https:\/\/dicodusport.fr\/blog\/wp-content\/uploads\/2021\/05\/Maxime-Cazenave-150x150.jpg\",\"contentUrl\":\"https:\/\/dicodusport.fr\/blog\/wp-content\/uploads\/2021\/05\/Maxime-Cazenave-150x150.jpg\",\"caption\":\"Maxime Cazenave\"},\"description\":\"Journaliste\/R\u00e9dacteur depuis 2012 - Berc\u00e9 par l\u2019amour des Girondins de Bordeaux, les \u00e9checs de Christophe Moreau sur le Tour de France sous l'\u00e8re Lance Armstrong et le fade-away l\u00e9tal de Dirk Nowitzki, ma passion d\u00e9vorante pour le sport a toujours \u00e9t\u00e9 un pan incontournable de ma vie. Transmettre ma passion \u00e0 l\u2019\u00e9crit a \u00e9t\u00e9 une transition naturelle. Suiveur assidu de basket et de hockey sur glace, je garde toujours un peu de place pour suivre le cyclisme, le football et le maximum de performances fran\u00e7aises.\",\"sameAs\":[\"https:\/\/x.com\/https:\/\/twitter.com\/Maxime_Caze\"],\"url\":\"https:\/\/dicodusport.fr\/blog\/author\/maximec\/\"}]}<\/script>\n<!-- \/ Yoast SEO Premium plugin. -->","yoast_head_json":{"title":"IBU Cup 2023\/2024 : Antonin Guigonnat sur la 3e marche du podium de la mass start de Ridnaun","description":"IBU CUP - Antonin Guigonnat s'est empar\u00e9 de la 3e place sur la mass start disput\u00e9e \u00e0 Ridnaud (Norv\u00e8ge) et remport\u00e9e par Danilo Riethmuller.","robots":{"index":"index","follow":"follow","max-snippet":"max-snippet:-1","max-image-preview":"max-image-preview:large","max-video-preview":"max-video-preview:-1"},"canonical":"https:\/\/dicodusport.fr\/blog\/ibu-cup-2023-2024-antonin-guigonnat-sur-la-3e-marche-du-podium-de-la-mass-start-de-ridnaun\/","og_locale":"fr_FR","og_type":"article","og_title":"IBU Cup 2023\/2024 : Antonin Guigonnat sur la 3e marche du podium de la mass start de Ridnaun","og_description":"IBU CUP - Antonin Guigonnat s'est empar\u00e9 de la 3e place sur la mass start disput\u00e9e \u00e0 Ridnaud (Norv\u00e8ge) et remport\u00e9e par Danilo Riethmuller.","og_url":"https:\/\/dicodusport.fr\/blog\/ibu-cup-2023-2024-antonin-guigonnat-sur-la-3e-marche-du-podium-de-la-mass-start-de-ridnaun\/","og_site_name":"Dicodusport","article_publisher":"https:\/\/www.facebook.com\/dicodusport","article_published_time":"2024-01-12T13:39:02+00:00","article_modified_time":"2024-01-12T13:43:36+00:00","og_image":[{"width":1200,"height":674,"url":"https:\/\/dicodusport.fr\/blog\/wp-content\/uploads\/2024\/01\/IBU-Cup-20232024-Antonin-Guigonnant-sur-la-3e-marche-du-podium-de-la-mass-start-de-Ridnaun.png","type":"image\/png"}],"author":"Maxime Cazenave","twitter_card":"summary_large_image","twitter_title":"IBU Cup 2023\/2024 : Antonin Guigonnat sur la 3e marche du podium de la mass start de Ridnaun","twitter_creator":"@https:\/\/twitter.com\/Maxime_Caze","twitter_site":"@dicodusport","schema":{"@context":"https:\/\/schema.org","@graph":[{"@type":"NewsArticle","@id":"https:\/\/dicodusport.fr\/blog\/ibu-cup-2023-2024-antonin-guigonnat-sur-la-3e-marche-du-podium-de-la-mass-start-de-ridnaun\/#article","isPartOf":{"@id":"https:\/\/dicodusport.fr\/blog\/ibu-cup-2023-2024-antonin-guigonnat-sur-la-3e-marche-du-podium-de-la-mass-start-de-ridnaun\/"},"author":{"name":"Maxime Cazenave","@id":"https:\/\/dicodusport.fr\/blog\/#\/schema\/person\/37def232098a7a5cbab3974a3690abb0"},"headline":"IBU Cup 2023\/2024 : Antonin Guigonnat sur la 3e marche du podium de la mass start de Ridnaun","datePublished":"2024-01-12T13:39:02+00:00","dateModified":"2024-01-12T13:43:36+00:00","mainEntityOfPage":{"@id":"https:\/\/dicodusport.fr\/blog\/ibu-cup-2023-2024-antonin-guigonnat-sur-la-3e-marche-du-podium-de-la-mass-start-de-ridnaun\/"},"wordCount":221,"commentCount":0,"publisher":{"@id":"https:\/\/dicodusport.fr\/blog\/#organization"},"image":{"@id":"https:\/\/dicodusport.fr\/blog\/ibu-cup-2023-2024-antonin-guigonnat-sur-la-3e-marche-du-podium-de-la-mass-start-de-ridnaun\/#primaryimage"},"thumbnailUrl":"https:\/\/dicodusport.fr\/blog\/wp-content\/uploads\/2024\/01\/IBU-Cup-20232024-Antonin-Guigonnant-sur-la-3e-marche-du-podium-de-la-mass-start-de-Ridnaun.png","keywords":["Antonin Guigonnat","Biathlon","Biathlon IBU Cup","br\u00e8ve","Mass start","Ridnaun-Val Ridanna"],"articleSection":["Biathlon"],"inLanguage":"fr-FR","potentialAction":[{"@type":"CommentAction","name":"Comment","target":["https:\/\/dicodusport.fr\/blog\/ibu-cup-2023-2024-antonin-guigonnat-sur-la-3e-marche-du-podium-de-la-mass-start-de-ridnaun\/#respond"]}],"copyrightYear":"2024","copyrightHolder":{"@id":"https:\/\/dicodusport.fr\/blog\/#organization"}},{"@type":"WebPage","@id":"https:\/\/dicodusport.fr\/blog\/ibu-cup-2023-2024-antonin-guigonnat-sur-la-3e-marche-du-podium-de-la-mass-start-de-ridnaun\/","url":"https:\/\/dicodusport.fr\/blog\/ibu-cup-2023-2024-antonin-guigonnat-sur-la-3e-marche-du-podium-de-la-mass-start-de-ridnaun\/","name":"IBU Cup 2023\/2024 : Antonin Guigonnat sur la 3e marche du podium de la mass start de Ridnaun","isPartOf":{"@id":"https:\/\/dicodusport.fr\/blog\/#website"},"primaryImageOfPage":{"@id":"https:\/\/dicodusport.fr\/blog\/ibu-cup-2023-2024-antonin-guigonnat-sur-la-3e-marche-du-podium-de-la-mass-start-de-ridnaun\/#primaryimage"},"image":{"@id":"https:\/\/dicodusport.fr\/blog\/ibu-cup-2023-2024-antonin-guigonnat-sur-la-3e-marche-du-podium-de-la-mass-start-de-ridnaun\/#primaryimage"},"thumbnailUrl":"https:\/\/dicodusport.fr\/blog\/wp-content\/uploads\/2024\/01\/IBU-Cup-20232024-Antonin-Guigonnant-sur-la-3e-marche-du-podium-de-la-mass-start-de-Ridnaun.png","datePublished":"2024-01-12T13:39:02+00:00","dateModified":"2024-01-12T13:43:36+00:00","description":"IBU CUP - Antonin Guigonnat s'est empar\u00e9 de la 3e place sur la mass start disput\u00e9e \u00e0 Ridnaud (Norv\u00e8ge) et remport\u00e9e par Danilo Riethmuller.","breadcrumb":{"@id":"https:\/\/dicodusport.fr\/blog\/ibu-cup-2023-2024-antonin-guigonnat-sur-la-3e-marche-du-podium-de-la-mass-start-de-ridnaun\/#breadcrumb"},"inLanguage":"fr-FR","potentialAction":[{"@type":"ReadAction","target":["https:\/\/dicodusport.fr\/blog\/ibu-cup-2023-2024-antonin-guigonnat-sur-la-3e-marche-du-podium-de-la-mass-start-de-ridnaun\/"]}]},{"@type":"ImageObject","inLanguage":"fr-FR","@id":"https:\/\/dicodusport.fr\/blog\/ibu-cup-2023-2024-antonin-guigonnat-sur-la-3e-marche-du-podium-de-la-mass-start-de-ridnaun\/#primaryimage","url":"https:\/\/dicodusport.fr\/blog\/wp-content\/uploads\/2024\/01\/IBU-Cup-20232024-Antonin-Guigonnant-sur-la-3e-marche-du-podium-de-la-mass-start-de-Ridnaun.png","contentUrl":"https:\/\/dicodusport.fr\/blog\/wp-content\/uploads\/2024\/01\/IBU-Cup-20232024-Antonin-Guigonnant-sur-la-3e-marche-du-podium-de-la-mass-start-de-Ridnaun.png","width":1200,"height":674,"caption":"IBU Cup 2023\/2024 : Antonin Guigonnant sur la 3e marche du podium de la mass start de Ridnaun"},{"@type":"BreadcrumbList","@id":"https:\/\/dicodusport.fr\/blog\/ibu-cup-2023-2024-antonin-guigonnat-sur-la-3e-marche-du-podium-de-la-mass-start-de-ridnaun\/#breadcrumb","itemListElement":[{"@type":"ListItem","position":1,"name":"Accueil","item":"https:\/\/dicodusport.fr\/blog\/"},{"@type":"ListItem","position":2,"name":"IBU Cup 2023\/2024 : Antonin Guigonnat sur la 3e marche du podium de la mass start de Ridnaun"}]},{"@type":"WebSite","@id":"https:\/\/dicodusport.fr\/blog\/#website","url":"https:\/\/dicodusport.fr\/blog\/","name":"Dicodusport","description":"L&#039;encyclop\u00e9die de l&#039;actualit\u00e9 sportive","publisher":{"@id":"https:\/\/dicodusport.fr\/blog\/#organization"},"potentialAction":[{"@type":"SearchAction","target":{"@type":"EntryPoint","urlTemplate":"https:\/\/dicodusport.fr\/blog\/?s={search_term_string}"},"query-input":{"@type":"PropertyValueSpecification","valueRequired":true,"valueName":"search_term_string"}}],"inLanguage":"fr-FR"},{"@type":"NewsMediaOrganization","@id":"https:\/\/dicodusport.fr\/blog\/#organization","name":"Dicodusport","url":"https:\/\/dicodusport.fr\/blog\/","logo":{"@type":"ImageObject","inLanguage":"fr-FR","@id":"https:\/\/dicodusport.fr\/blog\/#\/schema\/logo\/image\/","url":"https:\/\/dicodusport.fr\/blog\/wp-content\/uploads\/2020\/06\/cropped-LOGO-DICODUSPORT-2020-SANS-FOND-SANS-TEXTE.png","contentUrl":"https:\/\/dicodusport.fr\/blog\/wp-content\/uploads\/2020\/06\/cropped-LOGO-DICODUSPORT-2020-SANS-FOND-SANS-TEXTE.png","width":512,"height":512,"caption":"Dicodusport"},"image":{"@id":"https:\/\/dicodusport.fr\/blog\/#\/schema\/logo\/image\/"},"sameAs":["https:\/\/www.facebook.com\/dicodusport","https:\/\/x.com\/dicodusport","https:\/\/www.instagram.com\/dicodusport\/","https:\/\/www.youtube.com\/channel\/UC7V2KZ5sd3htJivAbA4ZG3w"],"description":"Dicodusport est l'encyclop\u00e9die de l'actualit\u00e9 sportive.","email":"bonjour@dicodusport.fr","legalName":"DICODUSPORT","foundingDate":"2018-01-14","vatID":"FR71834470973","taxID":"83447097300043","numberOfEmployees":{"@type":"QuantitativeValue","minValue":"1","maxValue":"10"}},{"@type":"Person","@id":"https:\/\/dicodusport.fr\/blog\/#\/schema\/person\/37def232098a7a5cbab3974a3690abb0","name":"Maxime Cazenave","image":{"@type":"ImageObject","inLanguage":"fr-FR","@id":"https:\/\/dicodusport.fr\/blog\/#\/schema\/person\/image\/","url":"https:\/\/dicodusport.fr\/blog\/wp-content\/uploads\/2021\/05\/Maxime-Cazenave-150x150.jpg","contentUrl":"https:\/\/dicodusport.fr\/blog\/wp-content\/uploads\/2021\/05\/Maxime-Cazenave-150x150.jpg","caption":"Maxime Cazenave"},"description":"Journaliste\/R\u00e9dacteur depuis 2012 - Berc\u00e9 par l\u2019amour des Girondins de Bordeaux, les \u00e9checs de Christophe Moreau sur le Tour de France sous l'\u00e8re Lance Armstrong et le fade-away l\u00e9tal de Dirk Nowitzki, ma passion d\u00e9vorante pour le sport a toujours \u00e9t\u00e9 un pan incontournable de ma vie. Transmettre ma passion \u00e0 l\u2019\u00e9crit a \u00e9t\u00e9 une transition naturelle. Suiveur assidu de basket et de hockey sur glace, je garde toujours un peu de place pour suivre le cyclisme, le football et le maximum de performances fran\u00e7aises.","sameAs":["https:\/\/x.com\/https:\/\/twitter.com\/Maxime_Caze"],"url":"https:\/\/dicodusport.fr\/blog\/author\/maximec\/"}]}},"_links":{"self":[{"href":"https:\/\/dicodusport.fr\/blog\/wp-json\/wp\/v2\/posts\/451802","targetHints":{"allow":["GET"]}}],"collection":[{"href":"https:\/\/dicodusport.fr\/blog\/wp-json\/wp\/v2\/posts"}],"about":[{"href":"https:\/\/dicodusport.fr\/blog\/wp-json\/wp\/v2\/types\/post"}],"author":[{"embeddable":true,"href":"https:\/\/dicodusport.fr\/blog\/wp-json\/wp\/v2\/users\/55"}],"replies":[{"embeddable":true,"href":"https:\/\/dicodusport.fr\/blog\/wp-json\/wp\/v2\/comments?post=451802"}],"version-history":[{"count":4,"href":"https:\/\/dicodusport.fr\/blog\/wp-json\/wp\/v2\/posts\/451802\/revisions"}],"predecessor-version":[{"id":451821,"href":"https:\/\/dicodusport.fr\/blog\/wp-json\/wp\/v2\/posts\/451802\/revisions\/451821"}],"wp:featuredmedia":[{"embeddable":true,"href":"https:\/\/dicodusport.fr\/blog\/wp-json\/wp\/v2\/media\/451809"}],"wp:attachment":[{"href":"https:\/\/dicodusport.fr\/blog\/wp-json\/wp\/v2\/media?parent=451802"}],"wp:term":[{"taxonomy":"category","embeddable":true,"href":"https:\/\/dicodusport.fr\/blog\/wp-json\/wp\/v2\/categories?post=451802"},{"taxonomy":"post_tag","embeddable":true,"href":"https:\/\/dicodusport.fr\/blog\/wp-json\/wp\/v2\/tags?post=451802"}],"curies":[{"name":"wp","href":"https:\/\/api.w.org\/{rel}","templated":true}]}}