{"id":451891,"date":"2024-01-12T21:03:50","date_gmt":"2024-01-12T20:03:50","guid":{"rendered":"https:\/\/dicodusport.fr\/blog\/?p=451891&#038;preview=true&#038;preview_id=451891"},"modified":"2024-01-12T23:13:29","modified_gmt":"2024-01-12T22:13:29","slug":"patinage-artistique-le-francais-adam-siao-him-fa-conserve-son-titre-europeen","status":"publish","type":"post","link":"https:\/\/dicodusport.fr\/blog\/patinage-artistique-le-francais-adam-siao-him-fa-conserve-son-titre-europeen\/","title":{"rendered":"Patinage artistique : Le Fran\u00e7ais Adam Siao Him Fa conserve son titre europ\u00e9en"},"content":{"rendered":"<p style=\"text-align: justify;\"><strong><em>PATINAGE ARTISTIQUE &#8211; Arriv\u00e9 \u00e0 Kaunas (Lituanie) en tant que tenant du titre et grandissime favori, Adam Siao Him Fa a parfaitement tenu son rang, en conservant son titre de champion d\u2019Europe, ce vendredi.<\/em><\/strong><\/p>\n<h2 style=\"text-align: justify;\">Adam Siao Him Fa a r\u00e9pondu pr\u00e9sent<\/h2>\n<p style=\"text-align: justify;\">Il l\u2019a fait ! Le patineur fran\u00e7ais, <strong>Adam<\/strong> <strong>Siao Him Fa<\/strong>, est champion d\u2019Europe pour la seconde fois cons\u00e9cutive. Apr\u00e8s le titre en 2023 \u00e0 Espoo (Finlande), le Bordelais r\u00e9alise l\u2019exploit de conserver sa couronne europ\u00e9enne.<\/p>\n<p style=\"text-align: justify;\">Mercredi, lors du programme court, <strong>Adam Siao Him Fa<\/strong> avait pris la t\u00eate apr\u00e8s un programme r\u00e9ussi, mais pas parfait. Il avait pos\u00e9 les mains au sol, en d\u00e9but de programme, sur son quadruple Lutz, avant de terminer joliment. Ce soir, le Tricolore a encore r\u00e9alis\u00e9 plusieurs erreurs, notamment sur son entr\u00e9e avec r\u00e9ception compliqu\u00e9e puis sur son quadruple Salchow. Derri\u00e8re, le Girondin s\u2019est repris encha\u00eenant plusieurs combinaisons, dont la sublime quadruple boucle piqu\u00e9e puis triple boucle piqu\u00e9e. C\u00f4t\u00e9 artistique, le patineur bleu a encore une fois fait parler son \u00e9l\u00e9gance qui le caract\u00e9rise. Audacieux, <strong>Siao Him Fa<\/strong> s\u2019est m\u00eame permis de r\u00e9aliser un saut p\u00e9rilleux arri\u00e8re.<\/p>\n<p style=\"text-align: justify;\">Derri\u00e8re, le Suisse <strong>Lukas Britschgi<\/strong>, avait les armes pour aller chercher le Tricolore. Cependant, d\u00e8s le d\u00e9but, cela va se compliquer pour lui. Une main au sol sur sa premi\u00e8re difficult\u00e9, puis un double au lieu d\u2019un triple. Laissant filer le titre au Fran\u00e7ais. Au final, <strong>Adam Siao Him Fa<\/strong> l\u2019emporte avec 276.17 points, devant l\u2019Estonien <strong>Aleksandr<\/strong> <strong>Selevko<\/strong> (256.99) et l\u2019Italien <strong>Matteo Rizzo<\/strong> (250.87)<\/p>\n<blockquote class=\"twitter-tweet\">\n<p dir=\"ltr\" lang=\"fr\">\ud83e\udd47 La Marseillaise en l&rsquo;honneur d&rsquo;Adam Siao Him Fa \ud83c\uddeb\ud83c\uddf7 qui conserve son titre de champion d&rsquo;Europe \u26f8 <a href=\"https:\/\/t.co\/ln3TE6RxTA\">pic.twitter.com\/ln3TE6RxTA<\/a><\/p>\n<p>\u2014 francetvsport (@francetvsport) <a href=\"https:\/\/twitter.com\/francetvsport\/status\/1745900636040786345?ref_src=twsrc%5Etfw\">January 12, 2024<\/a><\/p><\/blockquote>\n<p><script async src=\"https:\/\/platform.twitter.com\/widgets.js\" charset=\"utf-8\"><\/script><\/p>\n","protected":false},"excerpt":{"rendered":"<p>PATINAGE ARTISTIQUE &#8211; Arriv\u00e9 \u00e0 Kaunas (Lituanie) en tant que tenant du titre et grandissime favori, Adam Siao Him Fa a parfaitement tenu son rang, en conservant son titre de champion d\u2019Europe, ce vendredi.<\/p>\n","protected":false},"author":89,"featured_media":452046,"comment_status":"open","ping_status":"closed","sticky":false,"template":"","format":"standard","meta":{"_acf_changed":false,"_daextam_enable_autolinks":"1","footnotes":""},"categories":[9141],"tags":[27759,16878,4799,2289,24],"class_list":["post-451891","post","type-post","status-publish","format-standard","has-post-thumbnail","hentry","category-patinage-artistique","tag-adam-siao-him-fa","tag-breve","tag-championnats-deurope","tag-patinage-artistique","tag-sport"],"acf":[],"yoast_head":"<!-- This site is optimized with the Yoast SEO Premium plugin v26.7 (Yoast SEO v26.7) - https:\/\/yoast.com\/wordpress\/plugins\/seo\/ -->\n<title>Patinage artistique : Le Fran\u00e7ais Adam Siao Him Fa conserve son titre europ\u00e9en<\/title>\n<meta name=\"description\" content=\"PATINAGE ARTISTIQUE - \u00c0 Kaunas (Lituanie), Adam Siao Him Fa a parfaitement tenu son rang, en conservant son titre de champion d\u2019Europe, ce vendredi.\" \/>\n<meta name=\"robots\" content=\"index, follow, max-snippet:-1, max-image-preview:large, max-video-preview:-1\" \/>\n<link rel=\"canonical\" href=\"https:\/\/dicodusport.fr\/blog\/patinage-artistique-le-francais-adam-siao-him-fa-conserve-son-titre-europeen\/\" \/>\n<meta property=\"og:locale\" content=\"fr_FR\" \/>\n<meta property=\"og:type\" content=\"article\" \/>\n<meta property=\"og:title\" content=\"Patinage artistique : Le Fran\u00e7ais Adam Siao Him Fa conserve son titre europ\u00e9en\" \/>\n<meta property=\"og:description\" content=\"PATINAGE ARTISTIQUE - \u00c0 Kaunas (Lituanie), Adam Siao Him Fa a parfaitement tenu son rang, en conservant son titre de champion d\u2019Europe, ce vendredi.\" \/>\n<meta property=\"og:url\" content=\"https:\/\/dicodusport.fr\/blog\/patinage-artistique-le-francais-adam-siao-him-fa-conserve-son-titre-europeen\/\" \/>\n<meta property=\"og:site_name\" content=\"Dicodusport\" \/>\n<meta property=\"article:publisher\" content=\"https:\/\/www.facebook.com\/dicodusport\" \/>\n<meta property=\"article:published_time\" content=\"2024-01-12T20:03:50+00:00\" \/>\n<meta property=\"article:modified_time\" content=\"2024-01-12T22:13:29+00:00\" \/>\n<meta property=\"og:image\" content=\"https:\/\/dicodusport.fr\/blog\/wp-content\/uploads\/2024\/01\/Patinage-artistique-Le-Francais-Adam-Siao-Him-Fa-conserve-son-titre-europeen-1.png\" \/>\n\t<meta property=\"og:image:width\" content=\"1200\" \/>\n\t<meta property=\"og:image:height\" content=\"674\" \/>\n\t<meta property=\"og:image:type\" content=\"image\/png\" \/>\n<meta name=\"author\" content=\"Louka Lesueur\" \/>\n<meta name=\"twitter:card\" content=\"summary_large_image\" \/>\n<meta name=\"twitter:title\" content=\"Patinage artistique : Le Fran\u00e7ais Adam Siao Him Fa conserve son titre europ\u00e9en\" \/>\n<meta name=\"twitter:creator\" content=\"@https:\/\/twitter.com\/LNewsSF\" \/>\n<meta name=\"twitter:site\" content=\"@dicodusport\" \/>\n<script type=\"application\/ld+json\" class=\"yoast-schema-graph\">{\"@context\":\"https:\/\/schema.org\",\"@graph\":[{\"@type\":\"NewsArticle\",\"@id\":\"https:\/\/dicodusport.fr\/blog\/patinage-artistique-le-francais-adam-siao-him-fa-conserve-son-titre-europeen\/#article\",\"isPartOf\":{\"@id\":\"https:\/\/dicodusport.fr\/blog\/patinage-artistique-le-francais-adam-siao-him-fa-conserve-son-titre-europeen\/\"},\"author\":{\"name\":\"Louka Lesueur\",\"@id\":\"https:\/\/dicodusport.fr\/blog\/#\/schema\/person\/54b6cdccebdfcd5a1036c594aecffc2a\"},\"headline\":\"Patinage artistique : Le Fran\u00e7ais Adam Siao Him Fa conserve son titre europ\u00e9en\",\"datePublished\":\"2024-01-12T20:03:50+00:00\",\"dateModified\":\"2024-01-12T22:13:29+00:00\",\"mainEntityOfPage\":{\"@id\":\"https:\/\/dicodusport.fr\/blog\/patinage-artistique-le-francais-adam-siao-him-fa-conserve-son-titre-europeen\/\"},\"wordCount\":323,\"commentCount\":0,\"publisher\":{\"@id\":\"https:\/\/dicodusport.fr\/blog\/#organization\"},\"image\":{\"@id\":\"https:\/\/dicodusport.fr\/blog\/patinage-artistique-le-francais-adam-siao-him-fa-conserve-son-titre-europeen\/#primaryimage\"},\"thumbnailUrl\":\"https:\/\/dicodusport.fr\/blog\/wp-content\/uploads\/2024\/01\/Patinage-artistique-Le-Francais-Adam-Siao-Him-Fa-conserve-son-titre-europeen-1.png\",\"keywords\":[\"Adam Siao Him Fa\",\"br\u00e8ve\",\"Championnats d'Europe\",\"Patinage artistique\",\"sport\"],\"articleSection\":[\"Patinage artistique\"],\"inLanguage\":\"fr-FR\",\"potentialAction\":[{\"@type\":\"CommentAction\",\"name\":\"Comment\",\"target\":[\"https:\/\/dicodusport.fr\/blog\/patinage-artistique-le-francais-adam-siao-him-fa-conserve-son-titre-europeen\/#respond\"]}],\"copyrightYear\":\"2024\",\"copyrightHolder\":{\"@id\":\"https:\/\/dicodusport.fr\/blog\/#organization\"}},{\"@type\":\"WebPage\",\"@id\":\"https:\/\/dicodusport.fr\/blog\/patinage-artistique-le-francais-adam-siao-him-fa-conserve-son-titre-europeen\/\",\"url\":\"https:\/\/dicodusport.fr\/blog\/patinage-artistique-le-francais-adam-siao-him-fa-conserve-son-titre-europeen\/\",\"name\":\"Patinage artistique : Le Fran\u00e7ais Adam Siao Him Fa conserve son titre europ\u00e9en\",\"isPartOf\":{\"@id\":\"https:\/\/dicodusport.fr\/blog\/#website\"},\"primaryImageOfPage\":{\"@id\":\"https:\/\/dicodusport.fr\/blog\/patinage-artistique-le-francais-adam-siao-him-fa-conserve-son-titre-europeen\/#primaryimage\"},\"image\":{\"@id\":\"https:\/\/dicodusport.fr\/blog\/patinage-artistique-le-francais-adam-siao-him-fa-conserve-son-titre-europeen\/#primaryimage\"},\"thumbnailUrl\":\"https:\/\/dicodusport.fr\/blog\/wp-content\/uploads\/2024\/01\/Patinage-artistique-Le-Francais-Adam-Siao-Him-Fa-conserve-son-titre-europeen-1.png\",\"datePublished\":\"2024-01-12T20:03:50+00:00\",\"dateModified\":\"2024-01-12T22:13:29+00:00\",\"description\":\"PATINAGE ARTISTIQUE - \u00c0 Kaunas (Lituanie), Adam Siao Him Fa a parfaitement tenu son rang, en conservant son titre de champion d\u2019Europe, ce vendredi.\",\"breadcrumb\":{\"@id\":\"https:\/\/dicodusport.fr\/blog\/patinage-artistique-le-francais-adam-siao-him-fa-conserve-son-titre-europeen\/#breadcrumb\"},\"inLanguage\":\"fr-FR\",\"potentialAction\":[{\"@type\":\"ReadAction\",\"target\":[\"https:\/\/dicodusport.fr\/blog\/patinage-artistique-le-francais-adam-siao-him-fa-conserve-son-titre-europeen\/\"]}]},{\"@type\":\"ImageObject\",\"inLanguage\":\"fr-FR\",\"@id\":\"https:\/\/dicodusport.fr\/blog\/patinage-artistique-le-francais-adam-siao-him-fa-conserve-son-titre-europeen\/#primaryimage\",\"url\":\"https:\/\/dicodusport.fr\/blog\/wp-content\/uploads\/2024\/01\/Patinage-artistique-Le-Francais-Adam-Siao-Him-Fa-conserve-son-titre-europeen-1.png\",\"contentUrl\":\"https:\/\/dicodusport.fr\/blog\/wp-content\/uploads\/2024\/01\/Patinage-artistique-Le-Francais-Adam-Siao-Him-Fa-conserve-son-titre-europeen-1.png\",\"width\":1200,\"height\":674,\"caption\":\"Patinage artistique Le Fran\u00e7ais Adam Siao Him Fa conserve son titre europ\u00e9en\"},{\"@type\":\"BreadcrumbList\",\"@id\":\"https:\/\/dicodusport.fr\/blog\/patinage-artistique-le-francais-adam-siao-him-fa-conserve-son-titre-europeen\/#breadcrumb\",\"itemListElement\":[{\"@type\":\"ListItem\",\"position\":1,\"name\":\"Accueil\",\"item\":\"https:\/\/dicodusport.fr\/blog\/\"},{\"@type\":\"ListItem\",\"position\":2,\"name\":\"Patinage artistique : Le Fran\u00e7ais Adam Siao Him Fa conserve son titre europ\u00e9en\"}]},{\"@type\":\"WebSite\",\"@id\":\"https:\/\/dicodusport.fr\/blog\/#website\",\"url\":\"https:\/\/dicodusport.fr\/blog\/\",\"name\":\"Dicodusport\",\"description\":\"L&#039;encyclop\u00e9die de l&#039;actualit\u00e9 sportive\",\"publisher\":{\"@id\":\"https:\/\/dicodusport.fr\/blog\/#organization\"},\"potentialAction\":[{\"@type\":\"SearchAction\",\"target\":{\"@type\":\"EntryPoint\",\"urlTemplate\":\"https:\/\/dicodusport.fr\/blog\/?s={search_term_string}\"},\"query-input\":{\"@type\":\"PropertyValueSpecification\",\"valueRequired\":true,\"valueName\":\"search_term_string\"}}],\"inLanguage\":\"fr-FR\"},{\"@type\":\"NewsMediaOrganization\",\"@id\":\"https:\/\/dicodusport.fr\/blog\/#organization\",\"name\":\"Dicodusport\",\"url\":\"https:\/\/dicodusport.fr\/blog\/\",\"logo\":{\"@type\":\"ImageObject\",\"inLanguage\":\"fr-FR\",\"@id\":\"https:\/\/dicodusport.fr\/blog\/#\/schema\/logo\/image\/\",\"url\":\"https:\/\/dicodusport.fr\/blog\/wp-content\/uploads\/2020\/06\/cropped-LOGO-DICODUSPORT-2020-SANS-FOND-SANS-TEXTE.png\",\"contentUrl\":\"https:\/\/dicodusport.fr\/blog\/wp-content\/uploads\/2020\/06\/cropped-LOGO-DICODUSPORT-2020-SANS-FOND-SANS-TEXTE.png\",\"width\":512,\"height\":512,\"caption\":\"Dicodusport\"},\"image\":{\"@id\":\"https:\/\/dicodusport.fr\/blog\/#\/schema\/logo\/image\/\"},\"sameAs\":[\"https:\/\/www.facebook.com\/dicodusport\",\"https:\/\/x.com\/dicodusport\",\"https:\/\/www.instagram.com\/dicodusport\/\",\"https:\/\/www.youtube.com\/channel\/UC7V2KZ5sd3htJivAbA4ZG3w\"],\"description\":\"Dicodusport est l'encyclop\u00e9die de l'actualit\u00e9 sportive.\",\"email\":\"bonjour@dicodusport.fr\",\"legalName\":\"DICODUSPORT\",\"foundingDate\":\"2018-01-14\",\"vatID\":\"FR71834470973\",\"taxID\":\"83447097300043\",\"numberOfEmployees\":{\"@type\":\"QuantitativeValue\",\"minValue\":\"1\",\"maxValue\":\"10\"}},{\"@type\":\"Person\",\"@id\":\"https:\/\/dicodusport.fr\/blog\/#\/schema\/person\/54b6cdccebdfcd5a1036c594aecffc2a\",\"name\":\"Louka Lesueur\",\"image\":{\"@type\":\"ImageObject\",\"inLanguage\":\"fr-FR\",\"@id\":\"https:\/\/dicodusport.fr\/blog\/#\/schema\/person\/image\/\",\"url\":\"https:\/\/dicodusport.fr\/blog\/wp-content\/uploads\/2023\/09\/IMG_2783-150x150.jpeg\",\"contentUrl\":\"https:\/\/dicodusport.fr\/blog\/wp-content\/uploads\/2023\/09\/IMG_2783-150x150.jpeg\",\"caption\":\"Louka Lesueur\"},\"description\":\"Passionn\u00e9 depuis tout petit par les exploits de Bolt, Fourcade, Riner, Lavillenie, Wilkinson, Hirscher. Les \u00e9motions provoqu\u00e9es par le sport ont berc\u00e9 mon enfance et continuent de le faire aujourd'hui. C'est ainsi qu'il m'est arriv\u00e9 de pleurer devant la d\u00e9faite des Bleus face aux Blacks en 2011, ou encore devant le titre olympique de Florent Manaudou \u00e0 Londres. Bien loin de ce milieu professionnel, j'ai os\u00e9 tenter ma chance pour rejoindre l'\u00e9quipe de r\u00e9daction de Dicodusport, et depuis septembre 2023, je tente de retransmettre au mieux les exploits des athl\u00e8tes, tous sports confondus. Grand chauvin, c'est bel et bien sur les sportifs tricolores que je pr\u00e9f\u00e8re \u00e9crire.\",\"sameAs\":[\"https:\/\/x.com\/https:\/\/twitter.com\/LNewsSF\"],\"gender\":\"Homme\",\"worksFor\":\"Louka LESUEUR\",\"url\":\"https:\/\/dicodusport.fr\/blog\/author\/louka-lesueur\/\"}]}<\/script>\n<!-- \/ Yoast SEO Premium plugin. -->","yoast_head_json":{"title":"Patinage artistique : Le Fran\u00e7ais Adam Siao Him Fa conserve son titre europ\u00e9en","description":"PATINAGE ARTISTIQUE - \u00c0 Kaunas (Lituanie), Adam Siao Him Fa a parfaitement tenu son rang, en conservant son titre de champion d\u2019Europe, ce vendredi.","robots":{"index":"index","follow":"follow","max-snippet":"max-snippet:-1","max-image-preview":"max-image-preview:large","max-video-preview":"max-video-preview:-1"},"canonical":"https:\/\/dicodusport.fr\/blog\/patinage-artistique-le-francais-adam-siao-him-fa-conserve-son-titre-europeen\/","og_locale":"fr_FR","og_type":"article","og_title":"Patinage artistique : Le Fran\u00e7ais Adam Siao Him Fa conserve son titre europ\u00e9en","og_description":"PATINAGE ARTISTIQUE - \u00c0 Kaunas (Lituanie), Adam Siao Him Fa a parfaitement tenu son rang, en conservant son titre de champion d\u2019Europe, ce vendredi.","og_url":"https:\/\/dicodusport.fr\/blog\/patinage-artistique-le-francais-adam-siao-him-fa-conserve-son-titre-europeen\/","og_site_name":"Dicodusport","article_publisher":"https:\/\/www.facebook.com\/dicodusport","article_published_time":"2024-01-12T20:03:50+00:00","article_modified_time":"2024-01-12T22:13:29+00:00","og_image":[{"width":1200,"height":674,"url":"https:\/\/dicodusport.fr\/blog\/wp-content\/uploads\/2024\/01\/Patinage-artistique-Le-Francais-Adam-Siao-Him-Fa-conserve-son-titre-europeen-1.png","type":"image\/png"}],"author":"Louka Lesueur","twitter_card":"summary_large_image","twitter_title":"Patinage artistique : Le Fran\u00e7ais Adam Siao Him Fa conserve son titre europ\u00e9en","twitter_creator":"@https:\/\/twitter.com\/LNewsSF","twitter_site":"@dicodusport","schema":{"@context":"https:\/\/schema.org","@graph":[{"@type":"NewsArticle","@id":"https:\/\/dicodusport.fr\/blog\/patinage-artistique-le-francais-adam-siao-him-fa-conserve-son-titre-europeen\/#article","isPartOf":{"@id":"https:\/\/dicodusport.fr\/blog\/patinage-artistique-le-francais-adam-siao-him-fa-conserve-son-titre-europeen\/"},"author":{"name":"Louka Lesueur","@id":"https:\/\/dicodusport.fr\/blog\/#\/schema\/person\/54b6cdccebdfcd5a1036c594aecffc2a"},"headline":"Patinage artistique : Le Fran\u00e7ais Adam Siao Him Fa conserve son titre europ\u00e9en","datePublished":"2024-01-12T20:03:50+00:00","dateModified":"2024-01-12T22:13:29+00:00","mainEntityOfPage":{"@id":"https:\/\/dicodusport.fr\/blog\/patinage-artistique-le-francais-adam-siao-him-fa-conserve-son-titre-europeen\/"},"wordCount":323,"commentCount":0,"publisher":{"@id":"https:\/\/dicodusport.fr\/blog\/#organization"},"image":{"@id":"https:\/\/dicodusport.fr\/blog\/patinage-artistique-le-francais-adam-siao-him-fa-conserve-son-titre-europeen\/#primaryimage"},"thumbnailUrl":"https:\/\/dicodusport.fr\/blog\/wp-content\/uploads\/2024\/01\/Patinage-artistique-Le-Francais-Adam-Siao-Him-Fa-conserve-son-titre-europeen-1.png","keywords":["Adam Siao Him Fa","br\u00e8ve","Championnats d'Europe","Patinage artistique","sport"],"articleSection":["Patinage artistique"],"inLanguage":"fr-FR","potentialAction":[{"@type":"CommentAction","name":"Comment","target":["https:\/\/dicodusport.fr\/blog\/patinage-artistique-le-francais-adam-siao-him-fa-conserve-son-titre-europeen\/#respond"]}],"copyrightYear":"2024","copyrightHolder":{"@id":"https:\/\/dicodusport.fr\/blog\/#organization"}},{"@type":"WebPage","@id":"https:\/\/dicodusport.fr\/blog\/patinage-artistique-le-francais-adam-siao-him-fa-conserve-son-titre-europeen\/","url":"https:\/\/dicodusport.fr\/blog\/patinage-artistique-le-francais-adam-siao-him-fa-conserve-son-titre-europeen\/","name":"Patinage artistique : Le Fran\u00e7ais Adam Siao Him Fa conserve son titre europ\u00e9en","isPartOf":{"@id":"https:\/\/dicodusport.fr\/blog\/#website"},"primaryImageOfPage":{"@id":"https:\/\/dicodusport.fr\/blog\/patinage-artistique-le-francais-adam-siao-him-fa-conserve-son-titre-europeen\/#primaryimage"},"image":{"@id":"https:\/\/dicodusport.fr\/blog\/patinage-artistique-le-francais-adam-siao-him-fa-conserve-son-titre-europeen\/#primaryimage"},"thumbnailUrl":"https:\/\/dicodusport.fr\/blog\/wp-content\/uploads\/2024\/01\/Patinage-artistique-Le-Francais-Adam-Siao-Him-Fa-conserve-son-titre-europeen-1.png","datePublished":"2024-01-12T20:03:50+00:00","dateModified":"2024-01-12T22:13:29+00:00","description":"PATINAGE ARTISTIQUE - \u00c0 Kaunas (Lituanie), Adam Siao Him Fa a parfaitement tenu son rang, en conservant son titre de champion d\u2019Europe, ce vendredi.","breadcrumb":{"@id":"https:\/\/dicodusport.fr\/blog\/patinage-artistique-le-francais-adam-siao-him-fa-conserve-son-titre-europeen\/#breadcrumb"},"inLanguage":"fr-FR","potentialAction":[{"@type":"ReadAction","target":["https:\/\/dicodusport.fr\/blog\/patinage-artistique-le-francais-adam-siao-him-fa-conserve-son-titre-europeen\/"]}]},{"@type":"ImageObject","inLanguage":"fr-FR","@id":"https:\/\/dicodusport.fr\/blog\/patinage-artistique-le-francais-adam-siao-him-fa-conserve-son-titre-europeen\/#primaryimage","url":"https:\/\/dicodusport.fr\/blog\/wp-content\/uploads\/2024\/01\/Patinage-artistique-Le-Francais-Adam-Siao-Him-Fa-conserve-son-titre-europeen-1.png","contentUrl":"https:\/\/dicodusport.fr\/blog\/wp-content\/uploads\/2024\/01\/Patinage-artistique-Le-Francais-Adam-Siao-Him-Fa-conserve-son-titre-europeen-1.png","width":1200,"height":674,"caption":"Patinage artistique Le Fran\u00e7ais Adam Siao Him Fa conserve son titre europ\u00e9en"},{"@type":"BreadcrumbList","@id":"https:\/\/dicodusport.fr\/blog\/patinage-artistique-le-francais-adam-siao-him-fa-conserve-son-titre-europeen\/#breadcrumb","itemListElement":[{"@type":"ListItem","position":1,"name":"Accueil","item":"https:\/\/dicodusport.fr\/blog\/"},{"@type":"ListItem","position":2,"name":"Patinage artistique : Le Fran\u00e7ais Adam Siao Him Fa conserve son titre europ\u00e9en"}]},{"@type":"WebSite","@id":"https:\/\/dicodusport.fr\/blog\/#website","url":"https:\/\/dicodusport.fr\/blog\/","name":"Dicodusport","description":"L&#039;encyclop\u00e9die de l&#039;actualit\u00e9 sportive","publisher":{"@id":"https:\/\/dicodusport.fr\/blog\/#organization"},"potentialAction":[{"@type":"SearchAction","target":{"@type":"EntryPoint","urlTemplate":"https:\/\/dicodusport.fr\/blog\/?s={search_term_string}"},"query-input":{"@type":"PropertyValueSpecification","valueRequired":true,"valueName":"search_term_string"}}],"inLanguage":"fr-FR"},{"@type":"NewsMediaOrganization","@id":"https:\/\/dicodusport.fr\/blog\/#organization","name":"Dicodusport","url":"https:\/\/dicodusport.fr\/blog\/","logo":{"@type":"ImageObject","inLanguage":"fr-FR","@id":"https:\/\/dicodusport.fr\/blog\/#\/schema\/logo\/image\/","url":"https:\/\/dicodusport.fr\/blog\/wp-content\/uploads\/2020\/06\/cropped-LOGO-DICODUSPORT-2020-SANS-FOND-SANS-TEXTE.png","contentUrl":"https:\/\/dicodusport.fr\/blog\/wp-content\/uploads\/2020\/06\/cropped-LOGO-DICODUSPORT-2020-SANS-FOND-SANS-TEXTE.png","width":512,"height":512,"caption":"Dicodusport"},"image":{"@id":"https:\/\/dicodusport.fr\/blog\/#\/schema\/logo\/image\/"},"sameAs":["https:\/\/www.facebook.com\/dicodusport","https:\/\/x.com\/dicodusport","https:\/\/www.instagram.com\/dicodusport\/","https:\/\/www.youtube.com\/channel\/UC7V2KZ5sd3htJivAbA4ZG3w"],"description":"Dicodusport est l'encyclop\u00e9die de l'actualit\u00e9 sportive.","email":"bonjour@dicodusport.fr","legalName":"DICODUSPORT","foundingDate":"2018-01-14","vatID":"FR71834470973","taxID":"83447097300043","numberOfEmployees":{"@type":"QuantitativeValue","minValue":"1","maxValue":"10"}},{"@type":"Person","@id":"https:\/\/dicodusport.fr\/blog\/#\/schema\/person\/54b6cdccebdfcd5a1036c594aecffc2a","name":"Louka Lesueur","image":{"@type":"ImageObject","inLanguage":"fr-FR","@id":"https:\/\/dicodusport.fr\/blog\/#\/schema\/person\/image\/","url":"https:\/\/dicodusport.fr\/blog\/wp-content\/uploads\/2023\/09\/IMG_2783-150x150.jpeg","contentUrl":"https:\/\/dicodusport.fr\/blog\/wp-content\/uploads\/2023\/09\/IMG_2783-150x150.jpeg","caption":"Louka Lesueur"},"description":"Passionn\u00e9 depuis tout petit par les exploits de Bolt, Fourcade, Riner, Lavillenie, Wilkinson, Hirscher. Les \u00e9motions provoqu\u00e9es par le sport ont berc\u00e9 mon enfance et continuent de le faire aujourd'hui. C'est ainsi qu'il m'est arriv\u00e9 de pleurer devant la d\u00e9faite des Bleus face aux Blacks en 2011, ou encore devant le titre olympique de Florent Manaudou \u00e0 Londres. Bien loin de ce milieu professionnel, j'ai os\u00e9 tenter ma chance pour rejoindre l'\u00e9quipe de r\u00e9daction de Dicodusport, et depuis septembre 2023, je tente de retransmettre au mieux les exploits des athl\u00e8tes, tous sports confondus. Grand chauvin, c'est bel et bien sur les sportifs tricolores que je pr\u00e9f\u00e8re \u00e9crire.","sameAs":["https:\/\/x.com\/https:\/\/twitter.com\/LNewsSF"],"gender":"Homme","worksFor":"Louka LESUEUR","url":"https:\/\/dicodusport.fr\/blog\/author\/louka-lesueur\/"}]}},"_links":{"self":[{"href":"https:\/\/dicodusport.fr\/blog\/wp-json\/wp\/v2\/posts\/451891","targetHints":{"allow":["GET"]}}],"collection":[{"href":"https:\/\/dicodusport.fr\/blog\/wp-json\/wp\/v2\/posts"}],"about":[{"href":"https:\/\/dicodusport.fr\/blog\/wp-json\/wp\/v2\/types\/post"}],"author":[{"embeddable":true,"href":"https:\/\/dicodusport.fr\/blog\/wp-json\/wp\/v2\/users\/89"}],"replies":[{"embeddable":true,"href":"https:\/\/dicodusport.fr\/blog\/wp-json\/wp\/v2\/comments?post=451891"}],"version-history":[{"count":5,"href":"https:\/\/dicodusport.fr\/blog\/wp-json\/wp\/v2\/posts\/451891\/revisions"}],"predecessor-version":[{"id":451995,"href":"https:\/\/dicodusport.fr\/blog\/wp-json\/wp\/v2\/posts\/451891\/revisions\/451995"}],"wp:featuredmedia":[{"embeddable":true,"href":"https:\/\/dicodusport.fr\/blog\/wp-json\/wp\/v2\/media\/452046"}],"wp:attachment":[{"href":"https:\/\/dicodusport.fr\/blog\/wp-json\/wp\/v2\/media?parent=451891"}],"wp:term":[{"taxonomy":"category","embeddable":true,"href":"https:\/\/dicodusport.fr\/blog\/wp-json\/wp\/v2\/categories?post=451891"},{"taxonomy":"post_tag","embeddable":true,"href":"https:\/\/dicodusport.fr\/blog\/wp-json\/wp\/v2\/tags?post=451891"}],"curies":[{"name":"wp","href":"https:\/\/api.w.org\/{rel}","templated":true}]}}