{"id":45190,"date":"2019-08-11T12:43:19","date_gmt":"2019-08-11T10:43:19","guid":{"rendered":"http:\/\/dicodusport.fr\/blog\/?p=45190"},"modified":"2020-05-15T19:01:07","modified_gmt":"2020-05-15T17:01:07","slug":"vtt-cross-country-jenny-rissveds-s-impose-a-lenzerheide-ferrand-prevot-sur-le-podium","status":"publish","type":"post","link":"https:\/\/dicodusport.fr\/blog\/vtt-cross-country-jenny-rissveds-s-impose-a-lenzerheide-ferrand-prevot-sur-le-podium\/","title":{"rendered":"VTT &#8211; Cross-Country : Jenny Rissveds s&rsquo;impose \u00e0 Lenzerheide, Ferrand-Pr\u00e9vot sur le podium"},"content":{"rendered":"<p style=\"text-align: justify;\"><strong><em>La Su\u00e9doise Jenny Rissveds s&rsquo;est impos\u00e9e \u00e0 Lenzerheide (Suisse). La championne olympique \u00e0 Rio a devanc\u00e9 la N\u00e9erlandaise Anne Terpstra et une Pauline Ferrand-Pr\u00e9vot qui grimpe \u00e0 nouveau sur le podium.<br \/>\n<\/em><\/strong><\/p>\n<p style=\"text-align: justify;\">Championne olympique en 2016 \u00e0 Rio, hors du coup en 2017 et sans contrat en 2018, la Su\u00e9doise <strong>Jenny Rissveds<\/strong> a de nouveau go\u00fbt\u00e9 \u00e0 la victoire ce dimanche \u00e0 Lenzerheide (Suisse). \u00c0 25 ans, la native de Falun s&rsquo;est impos\u00e9e devant la N\u00e9erlandaise <strong>Anne Terpstra<\/strong>, d\u00e9cramponn\u00e9e par la championne de Su\u00e8de au d\u00e9but du dernier tour, et <a href=\"https:\/\/dicodusport.fr\/blog\/tag\/pauline-ferrand-prevot\/\" target=\"_blank\" rel=\"noopener noreferrer\"><strong>Pauline Ferrand-Pr\u00e9vot<\/strong><\/a>, moins a\u00e9rienne aujourd&rsquo;hui, mais qui obtient un nouveau podium en Coupe du monde, <a href=\"https:\/\/dicodusport.fr\/blog\/vtt-cross-country-pauline-ferrand-prevot-s-impose-a-val-di-sole\/\" target=\"_blank\" rel=\"noopener noreferrer\">une semaine apr\u00e8s son succ\u00e8s \u00e0 Val di Sole<\/a>, et <a href=\"https:\/\/dicodusport.fr\/blog\/vtt-pauline-ferrand-prevot-remporte-la-short-track-a-lenzerheide\/\" target=\"_blank\" rel=\"noopener noreferrer\">deux jours apr\u00e8s sa victoire en short track en Suisse<\/a>.<\/p>\n<h1 style=\"text-align: justify;\">Jolanda Neff dans le dur<\/h1>\n<p style=\"text-align: justify;\">La grande perdante du jour se nomme <strong>Jolanda Neff<\/strong>. La championne d&rsquo;Europe en titre, en t\u00eate de la Coupe du monde, grande animatrice du d\u00e9but de course, a craqu\u00e9 \u00e0 mi-parcours. La Suissesse a \u00e9galement crev\u00e9 dans le dernier tour. Elle termine finalement \u00e0 la huiti\u00e8me place, juste derri\u00e8re la championne du monde am\u00e9ricaine <strong>Kate Courtney<\/strong>. Cette derni\u00e8re revient \u00e0 73 longueurs de <strong>Jolanda Neff<\/strong> au classement g\u00e9n\u00e9ral, tandis que <strong>Pauline Ferrand-Pr\u00e9vot<\/strong> est troisi\u00e8me.<\/p>\n<p><strong><em>Dicodusport<br \/>\n<a href=\"https:\/\/www.facebook.com\/dicodusport\/\" target=\"_blank\" rel=\"noopener noreferrer\"><img loading=\"lazy\" decoding=\"async\" class=\"alignnone wp-image-2909\" src=\"http:\/\/dicodusport.fr\/blog\/wp-content\/uploads\/2017\/07\/logo-facebook-150x150.png\" alt=\"\" width=\"40\" height=\"40\" \/><\/a><a href=\"https:\/\/twitter.com\/dicodusport\" target=\"_blank\" rel=\"noopener noreferrer\"><img loading=\"lazy\" decoding=\"async\" class=\"alignnone wp-image-2908\" src=\"http:\/\/dicodusport.fr\/blog\/wp-content\/uploads\/2017\/07\/logo-twitter-150x150.png\" alt=\"\" width=\"39\" height=\"39\" \/><\/a><\/em><\/strong><\/p>\n","protected":false},"excerpt":{"rendered":"<p>La Su\u00e9doise Jenny Rissveds s&rsquo;est impos\u00e9e \u00e0 Lenzerheide (Suisse). La championne olympique \u00e0 Rio a devanc\u00e9 la N\u00e9erlandaise Anne Terpstra et une Pauline Ferrand-Pr\u00e9vot qui grimpe \u00e0 nouveau sur le podium.<\/p>\n","protected":false},"author":4,"featured_media":45193,"comment_status":"open","ping_status":"closed","sticky":false,"template":"","format":"standard","meta":{"_acf_changed":false,"_daextam_enable_autolinks":"","footnotes":""},"categories":[2307,10279],"tags":[1710,6740,692],"class_list":["post-45190","post","type-post","status-publish","format-standard","has-post-thumbnail","hentry","category-cyclisme","category-vtt","tag-cross-country","tag-lenzerheide","tag-vtt"],"acf":[],"yoast_head":"<!-- This site is optimized with the Yoast SEO Premium plugin v26.7 (Yoast SEO v26.7) - https:\/\/yoast.com\/wordpress\/plugins\/seo\/ -->\n<title>VTT - Cross-Country : Jenny Rissveds s&#039;impose \u00e0 Lenzerheide, Ferrand-Pr\u00e9vot sur le podium<\/title>\n<meta name=\"description\" content=\"La Su\u00e9doise Jenny Rissveds s&#039;est impos\u00e9e \u00e0 Lenzerheide (Suisse). La championne olympique \u00e0 Rio a devanc\u00e9 la N\u00e9erlandaise Anne Terpstra.\" \/>\n<meta name=\"robots\" content=\"index, follow, max-snippet:-1, max-image-preview:large, max-video-preview:-1\" \/>\n<link rel=\"canonical\" href=\"https:\/\/dicodusport.fr\/blog\/vtt-cross-country-jenny-rissveds-s-impose-a-lenzerheide-ferrand-prevot-sur-le-podium\/\" \/>\n<meta property=\"og:locale\" content=\"fr_FR\" \/>\n<meta property=\"og:type\" content=\"article\" \/>\n<meta property=\"og:title\" content=\"VTT - Cross-Country : Rissveds s&#039;impose \u00e0 Lenzerheide, Ferrand-Pr\u00e9vot sur le podium\" \/>\n<meta property=\"og:description\" content=\"La Su\u00e9doise Jenny Rissveds s&#039;est impos\u00e9e \u00e0 Lenzerheide (Suisse). La championne olympique \u00e0 Rio a devanc\u00e9 la N\u00e9erlandaise Anne Terpstra.\" \/>\n<meta property=\"og:url\" content=\"https:\/\/dicodusport.fr\/blog\/vtt-cross-country-jenny-rissveds-s-impose-a-lenzerheide-ferrand-prevot-sur-le-podium\/\" \/>\n<meta property=\"og:site_name\" content=\"Dicodusport\" \/>\n<meta property=\"article:publisher\" content=\"https:\/\/www.facebook.com\/dicodusport\" \/>\n<meta property=\"article:author\" content=\"https:\/\/www.facebook.com\/florent.ostermann\" \/>\n<meta property=\"article:published_time\" content=\"2019-08-11T10:43:19+00:00\" \/>\n<meta property=\"article:modified_time\" content=\"2020-05-15T17:01:07+00:00\" \/>\n<meta property=\"og:image\" content=\"https:\/\/dicodusport.fr\/blog\/wp-content\/uploads\/2019\/08\/Jenny-Rissveds.png\" \/>\n\t<meta property=\"og:image:width\" content=\"800\" \/>\n\t<meta property=\"og:image:height\" content=\"445\" \/>\n\t<meta property=\"og:image:type\" content=\"image\/png\" \/>\n<meta name=\"author\" content=\"Flo Ostermann\" \/>\n<meta name=\"twitter:card\" content=\"summary_large_image\" \/>\n<meta name=\"twitter:title\" content=\"VTT - Cross-Country : Rissveds s&#039;impose \u00e0 Lenzerheide, Ferrand-Pr\u00e9vot sur le podium\" \/>\n<meta name=\"twitter:creator\" content=\"@https:\/\/twitter.com\/FlOstermann\" \/>\n<meta name=\"twitter:site\" content=\"@dicodusport\" \/>\n<script type=\"application\/ld+json\" class=\"yoast-schema-graph\">{\"@context\":\"https:\/\/schema.org\",\"@graph\":[{\"@type\":\"NewsArticle\",\"@id\":\"https:\/\/dicodusport.fr\/blog\/vtt-cross-country-jenny-rissveds-s-impose-a-lenzerheide-ferrand-prevot-sur-le-podium\/#article\",\"isPartOf\":{\"@id\":\"https:\/\/dicodusport.fr\/blog\/vtt-cross-country-jenny-rissveds-s-impose-a-lenzerheide-ferrand-prevot-sur-le-podium\/\"},\"author\":{\"name\":\"Flo Ostermann\",\"@id\":\"https:\/\/dicodusport.fr\/blog\/#\/schema\/person\/cb02af4c173ce4a653b55e9baf388d4a\"},\"headline\":\"VTT &#8211; Cross-Country : Jenny Rissveds s&rsquo;impose \u00e0 Lenzerheide, Ferrand-Pr\u00e9vot sur le podium\",\"datePublished\":\"2019-08-11T10:43:19+00:00\",\"dateModified\":\"2020-05-15T17:01:07+00:00\",\"mainEntityOfPage\":{\"@id\":\"https:\/\/dicodusport.fr\/blog\/vtt-cross-country-jenny-rissveds-s-impose-a-lenzerheide-ferrand-prevot-sur-le-podium\/\"},\"wordCount\":232,\"commentCount\":0,\"publisher\":{\"@id\":\"https:\/\/dicodusport.fr\/blog\/#organization\"},\"image\":{\"@id\":\"https:\/\/dicodusport.fr\/blog\/vtt-cross-country-jenny-rissveds-s-impose-a-lenzerheide-ferrand-prevot-sur-le-podium\/#primaryimage\"},\"thumbnailUrl\":\"https:\/\/dicodusport.fr\/blog\/wp-content\/uploads\/2019\/08\/Jenny-Rissveds.png\",\"keywords\":[\"cross country\",\"Lenzerheide\",\"VTT\"],\"articleSection\":[\"Cyclisme\",\"VTT\"],\"inLanguage\":\"fr-FR\",\"potentialAction\":[{\"@type\":\"CommentAction\",\"name\":\"Comment\",\"target\":[\"https:\/\/dicodusport.fr\/blog\/vtt-cross-country-jenny-rissveds-s-impose-a-lenzerheide-ferrand-prevot-sur-le-podium\/#respond\"]}],\"copyrightYear\":\"2019\",\"copyrightHolder\":{\"@id\":\"https:\/\/dicodusport.fr\/blog\/#organization\"}},{\"@type\":\"WebPage\",\"@id\":\"https:\/\/dicodusport.fr\/blog\/vtt-cross-country-jenny-rissveds-s-impose-a-lenzerheide-ferrand-prevot-sur-le-podium\/\",\"url\":\"https:\/\/dicodusport.fr\/blog\/vtt-cross-country-jenny-rissveds-s-impose-a-lenzerheide-ferrand-prevot-sur-le-podium\/\",\"name\":\"VTT - Cross-Country : Jenny Rissveds s'impose \u00e0 Lenzerheide, Ferrand-Pr\u00e9vot sur le podium\",\"isPartOf\":{\"@id\":\"https:\/\/dicodusport.fr\/blog\/#website\"},\"primaryImageOfPage\":{\"@id\":\"https:\/\/dicodusport.fr\/blog\/vtt-cross-country-jenny-rissveds-s-impose-a-lenzerheide-ferrand-prevot-sur-le-podium\/#primaryimage\"},\"image\":{\"@id\":\"https:\/\/dicodusport.fr\/blog\/vtt-cross-country-jenny-rissveds-s-impose-a-lenzerheide-ferrand-prevot-sur-le-podium\/#primaryimage\"},\"thumbnailUrl\":\"https:\/\/dicodusport.fr\/blog\/wp-content\/uploads\/2019\/08\/Jenny-Rissveds.png\",\"datePublished\":\"2019-08-11T10:43:19+00:00\",\"dateModified\":\"2020-05-15T17:01:07+00:00\",\"description\":\"La Su\u00e9doise Jenny Rissveds s'est impos\u00e9e \u00e0 Lenzerheide (Suisse). La championne olympique \u00e0 Rio a devanc\u00e9 la N\u00e9erlandaise Anne Terpstra.\",\"breadcrumb\":{\"@id\":\"https:\/\/dicodusport.fr\/blog\/vtt-cross-country-jenny-rissveds-s-impose-a-lenzerheide-ferrand-prevot-sur-le-podium\/#breadcrumb\"},\"inLanguage\":\"fr-FR\",\"potentialAction\":[{\"@type\":\"ReadAction\",\"target\":[\"https:\/\/dicodusport.fr\/blog\/vtt-cross-country-jenny-rissveds-s-impose-a-lenzerheide-ferrand-prevot-sur-le-podium\/\"]}]},{\"@type\":\"ImageObject\",\"inLanguage\":\"fr-FR\",\"@id\":\"https:\/\/dicodusport.fr\/blog\/vtt-cross-country-jenny-rissveds-s-impose-a-lenzerheide-ferrand-prevot-sur-le-podium\/#primaryimage\",\"url\":\"https:\/\/dicodusport.fr\/blog\/wp-content\/uploads\/2019\/08\/Jenny-Rissveds.png\",\"contentUrl\":\"https:\/\/dicodusport.fr\/blog\/wp-content\/uploads\/2019\/08\/Jenny-Rissveds.png\",\"width\":800,\"height\":445},{\"@type\":\"BreadcrumbList\",\"@id\":\"https:\/\/dicodusport.fr\/blog\/vtt-cross-country-jenny-rissveds-s-impose-a-lenzerheide-ferrand-prevot-sur-le-podium\/#breadcrumb\",\"itemListElement\":[{\"@type\":\"ListItem\",\"position\":1,\"name\":\"Accueil\",\"item\":\"https:\/\/dicodusport.fr\/blog\/\"},{\"@type\":\"ListItem\",\"position\":2,\"name\":\"VTT &#8211; Cross-Country : Jenny Rissveds s&rsquo;impose \u00e0 Lenzerheide, Ferrand-Pr\u00e9vot sur le podium\"}]},{\"@type\":\"WebSite\",\"@id\":\"https:\/\/dicodusport.fr\/blog\/#website\",\"url\":\"https:\/\/dicodusport.fr\/blog\/\",\"name\":\"Dicodusport\",\"description\":\"L&#039;encyclop\u00e9die de l&#039;actualit\u00e9 sportive\",\"publisher\":{\"@id\":\"https:\/\/dicodusport.fr\/blog\/#organization\"},\"potentialAction\":[{\"@type\":\"SearchAction\",\"target\":{\"@type\":\"EntryPoint\",\"urlTemplate\":\"https:\/\/dicodusport.fr\/blog\/?s={search_term_string}\"},\"query-input\":{\"@type\":\"PropertyValueSpecification\",\"valueRequired\":true,\"valueName\":\"search_term_string\"}}],\"inLanguage\":\"fr-FR\"},{\"@type\":\"NewsMediaOrganization\",\"@id\":\"https:\/\/dicodusport.fr\/blog\/#organization\",\"name\":\"Dicodusport\",\"url\":\"https:\/\/dicodusport.fr\/blog\/\",\"logo\":{\"@type\":\"ImageObject\",\"inLanguage\":\"fr-FR\",\"@id\":\"https:\/\/dicodusport.fr\/blog\/#\/schema\/logo\/image\/\",\"url\":\"https:\/\/dicodusport.fr\/blog\/wp-content\/uploads\/2020\/06\/cropped-LOGO-DICODUSPORT-2020-SANS-FOND-SANS-TEXTE.png\",\"contentUrl\":\"https:\/\/dicodusport.fr\/blog\/wp-content\/uploads\/2020\/06\/cropped-LOGO-DICODUSPORT-2020-SANS-FOND-SANS-TEXTE.png\",\"width\":512,\"height\":512,\"caption\":\"Dicodusport\"},\"image\":{\"@id\":\"https:\/\/dicodusport.fr\/blog\/#\/schema\/logo\/image\/\"},\"sameAs\":[\"https:\/\/www.facebook.com\/dicodusport\",\"https:\/\/x.com\/dicodusport\",\"https:\/\/www.instagram.com\/dicodusport\/\",\"https:\/\/www.youtube.com\/channel\/UC7V2KZ5sd3htJivAbA4ZG3w\"],\"description\":\"Dicodusport est l'encyclop\u00e9die de l'actualit\u00e9 sportive.\",\"email\":\"bonjour@dicodusport.fr\",\"legalName\":\"DICODUSPORT\",\"foundingDate\":\"2018-01-14\",\"vatID\":\"FR71834470973\",\"taxID\":\"83447097300043\",\"numberOfEmployees\":{\"@type\":\"QuantitativeValue\",\"minValue\":\"1\",\"maxValue\":\"10\"}},{\"@type\":\"Person\",\"@id\":\"https:\/\/dicodusport.fr\/blog\/#\/schema\/person\/cb02af4c173ce4a653b55e9baf388d4a\",\"name\":\"Flo Ostermann\",\"image\":{\"@type\":\"ImageObject\",\"inLanguage\":\"fr-FR\",\"@id\":\"https:\/\/dicodusport.fr\/blog\/#\/schema\/person\/image\/\",\"url\":\"https:\/\/dicodusport.fr\/blog\/wp-content\/uploads\/2021\/05\/Flo-Ostermann-150x150.jpg\",\"contentUrl\":\"https:\/\/dicodusport.fr\/blog\/wp-content\/uploads\/2021\/05\/Flo-Ostermann-150x150.jpg\",\"caption\":\"Flo Ostermann\"},\"description\":\"Journaliste\/R\u00e9dacteur depuis septembre 2015 - Mes premiers souvenirs dans le sport ? Les envol\u00e9es du Stade Toulousain et les duels Villeneuve-Schumacher et H\u00e4kkinen-Schumacher \u00e0 la fin des ann\u00e9es 90, la Coupe du monde de football en 1998, l\u2019exploit du XV de France face aux All Blacks en 1999, mais aussi Richard C\u0153ur de Lion qui vole sur les montagnes du Tour de France. Bien parti pour devenir professeur d\u2019EPS, les \u00e9v\u00e9nements de la vie (et la flemme d\u2019animer des s\u00e9ances de 3x500 m\u00e8tres toute ma vie) m\u2019ont conduit \u00e0 revoir mes plans. Me voil\u00e0 depuis fin 2017 sur Dicodusport, m\u00e9dia gr\u00e2ce (et pour) lequel je partage ma passion : le sport dans tous ses \u00e9tats. Le tout accompagn\u00e9 par les fous furieux et folles furieuses cit\u00e9s sur cette page !\",\"sameAs\":[\"https:\/\/www.facebook.com\/florent.ostermann\",\"https:\/\/x.com\/https:\/\/twitter.com\/FlOstermann\",\"admin\"],\"url\":\"https:\/\/dicodusport.fr\/blog\/author\/flo\/\"}]}<\/script>\n<!-- \/ Yoast SEO Premium plugin. -->","yoast_head_json":{"title":"VTT - Cross-Country : Jenny Rissveds s'impose \u00e0 Lenzerheide, Ferrand-Pr\u00e9vot sur le podium","description":"La Su\u00e9doise Jenny Rissveds s'est impos\u00e9e \u00e0 Lenzerheide (Suisse). La championne olympique \u00e0 Rio a devanc\u00e9 la N\u00e9erlandaise Anne Terpstra.","robots":{"index":"index","follow":"follow","max-snippet":"max-snippet:-1","max-image-preview":"max-image-preview:large","max-video-preview":"max-video-preview:-1"},"canonical":"https:\/\/dicodusport.fr\/blog\/vtt-cross-country-jenny-rissveds-s-impose-a-lenzerheide-ferrand-prevot-sur-le-podium\/","og_locale":"fr_FR","og_type":"article","og_title":"VTT - Cross-Country : Rissveds s'impose \u00e0 Lenzerheide, Ferrand-Pr\u00e9vot sur le podium","og_description":"La Su\u00e9doise Jenny Rissveds s'est impos\u00e9e \u00e0 Lenzerheide (Suisse). La championne olympique \u00e0 Rio a devanc\u00e9 la N\u00e9erlandaise Anne Terpstra.","og_url":"https:\/\/dicodusport.fr\/blog\/vtt-cross-country-jenny-rissveds-s-impose-a-lenzerheide-ferrand-prevot-sur-le-podium\/","og_site_name":"Dicodusport","article_publisher":"https:\/\/www.facebook.com\/dicodusport","article_author":"https:\/\/www.facebook.com\/florent.ostermann","article_published_time":"2019-08-11T10:43:19+00:00","article_modified_time":"2020-05-15T17:01:07+00:00","og_image":[{"width":800,"height":445,"url":"https:\/\/dicodusport.fr\/blog\/wp-content\/uploads\/2019\/08\/Jenny-Rissveds.png","type":"image\/png"}],"author":"Flo Ostermann","twitter_card":"summary_large_image","twitter_title":"VTT - Cross-Country : Rissveds s'impose \u00e0 Lenzerheide, Ferrand-Pr\u00e9vot sur le podium","twitter_creator":"@https:\/\/twitter.com\/FlOstermann","twitter_site":"@dicodusport","schema":{"@context":"https:\/\/schema.org","@graph":[{"@type":"NewsArticle","@id":"https:\/\/dicodusport.fr\/blog\/vtt-cross-country-jenny-rissveds-s-impose-a-lenzerheide-ferrand-prevot-sur-le-podium\/#article","isPartOf":{"@id":"https:\/\/dicodusport.fr\/blog\/vtt-cross-country-jenny-rissveds-s-impose-a-lenzerheide-ferrand-prevot-sur-le-podium\/"},"author":{"name":"Flo Ostermann","@id":"https:\/\/dicodusport.fr\/blog\/#\/schema\/person\/cb02af4c173ce4a653b55e9baf388d4a"},"headline":"VTT &#8211; Cross-Country : Jenny Rissveds s&rsquo;impose \u00e0 Lenzerheide, Ferrand-Pr\u00e9vot sur le podium","datePublished":"2019-08-11T10:43:19+00:00","dateModified":"2020-05-15T17:01:07+00:00","mainEntityOfPage":{"@id":"https:\/\/dicodusport.fr\/blog\/vtt-cross-country-jenny-rissveds-s-impose-a-lenzerheide-ferrand-prevot-sur-le-podium\/"},"wordCount":232,"commentCount":0,"publisher":{"@id":"https:\/\/dicodusport.fr\/blog\/#organization"},"image":{"@id":"https:\/\/dicodusport.fr\/blog\/vtt-cross-country-jenny-rissveds-s-impose-a-lenzerheide-ferrand-prevot-sur-le-podium\/#primaryimage"},"thumbnailUrl":"https:\/\/dicodusport.fr\/blog\/wp-content\/uploads\/2019\/08\/Jenny-Rissveds.png","keywords":["cross country","Lenzerheide","VTT"],"articleSection":["Cyclisme","VTT"],"inLanguage":"fr-FR","potentialAction":[{"@type":"CommentAction","name":"Comment","target":["https:\/\/dicodusport.fr\/blog\/vtt-cross-country-jenny-rissveds-s-impose-a-lenzerheide-ferrand-prevot-sur-le-podium\/#respond"]}],"copyrightYear":"2019","copyrightHolder":{"@id":"https:\/\/dicodusport.fr\/blog\/#organization"}},{"@type":"WebPage","@id":"https:\/\/dicodusport.fr\/blog\/vtt-cross-country-jenny-rissveds-s-impose-a-lenzerheide-ferrand-prevot-sur-le-podium\/","url":"https:\/\/dicodusport.fr\/blog\/vtt-cross-country-jenny-rissveds-s-impose-a-lenzerheide-ferrand-prevot-sur-le-podium\/","name":"VTT - Cross-Country : Jenny Rissveds s'impose \u00e0 Lenzerheide, Ferrand-Pr\u00e9vot sur le podium","isPartOf":{"@id":"https:\/\/dicodusport.fr\/blog\/#website"},"primaryImageOfPage":{"@id":"https:\/\/dicodusport.fr\/blog\/vtt-cross-country-jenny-rissveds-s-impose-a-lenzerheide-ferrand-prevot-sur-le-podium\/#primaryimage"},"image":{"@id":"https:\/\/dicodusport.fr\/blog\/vtt-cross-country-jenny-rissveds-s-impose-a-lenzerheide-ferrand-prevot-sur-le-podium\/#primaryimage"},"thumbnailUrl":"https:\/\/dicodusport.fr\/blog\/wp-content\/uploads\/2019\/08\/Jenny-Rissveds.png","datePublished":"2019-08-11T10:43:19+00:00","dateModified":"2020-05-15T17:01:07+00:00","description":"La Su\u00e9doise Jenny Rissveds s'est impos\u00e9e \u00e0 Lenzerheide (Suisse). La championne olympique \u00e0 Rio a devanc\u00e9 la N\u00e9erlandaise Anne Terpstra.","breadcrumb":{"@id":"https:\/\/dicodusport.fr\/blog\/vtt-cross-country-jenny-rissveds-s-impose-a-lenzerheide-ferrand-prevot-sur-le-podium\/#breadcrumb"},"inLanguage":"fr-FR","potentialAction":[{"@type":"ReadAction","target":["https:\/\/dicodusport.fr\/blog\/vtt-cross-country-jenny-rissveds-s-impose-a-lenzerheide-ferrand-prevot-sur-le-podium\/"]}]},{"@type":"ImageObject","inLanguage":"fr-FR","@id":"https:\/\/dicodusport.fr\/blog\/vtt-cross-country-jenny-rissveds-s-impose-a-lenzerheide-ferrand-prevot-sur-le-podium\/#primaryimage","url":"https:\/\/dicodusport.fr\/blog\/wp-content\/uploads\/2019\/08\/Jenny-Rissveds.png","contentUrl":"https:\/\/dicodusport.fr\/blog\/wp-content\/uploads\/2019\/08\/Jenny-Rissveds.png","width":800,"height":445},{"@type":"BreadcrumbList","@id":"https:\/\/dicodusport.fr\/blog\/vtt-cross-country-jenny-rissveds-s-impose-a-lenzerheide-ferrand-prevot-sur-le-podium\/#breadcrumb","itemListElement":[{"@type":"ListItem","position":1,"name":"Accueil","item":"https:\/\/dicodusport.fr\/blog\/"},{"@type":"ListItem","position":2,"name":"VTT &#8211; Cross-Country : Jenny Rissveds s&rsquo;impose \u00e0 Lenzerheide, Ferrand-Pr\u00e9vot sur le podium"}]},{"@type":"WebSite","@id":"https:\/\/dicodusport.fr\/blog\/#website","url":"https:\/\/dicodusport.fr\/blog\/","name":"Dicodusport","description":"L&#039;encyclop\u00e9die de l&#039;actualit\u00e9 sportive","publisher":{"@id":"https:\/\/dicodusport.fr\/blog\/#organization"},"potentialAction":[{"@type":"SearchAction","target":{"@type":"EntryPoint","urlTemplate":"https:\/\/dicodusport.fr\/blog\/?s={search_term_string}"},"query-input":{"@type":"PropertyValueSpecification","valueRequired":true,"valueName":"search_term_string"}}],"inLanguage":"fr-FR"},{"@type":"NewsMediaOrganization","@id":"https:\/\/dicodusport.fr\/blog\/#organization","name":"Dicodusport","url":"https:\/\/dicodusport.fr\/blog\/","logo":{"@type":"ImageObject","inLanguage":"fr-FR","@id":"https:\/\/dicodusport.fr\/blog\/#\/schema\/logo\/image\/","url":"https:\/\/dicodusport.fr\/blog\/wp-content\/uploads\/2020\/06\/cropped-LOGO-DICODUSPORT-2020-SANS-FOND-SANS-TEXTE.png","contentUrl":"https:\/\/dicodusport.fr\/blog\/wp-content\/uploads\/2020\/06\/cropped-LOGO-DICODUSPORT-2020-SANS-FOND-SANS-TEXTE.png","width":512,"height":512,"caption":"Dicodusport"},"image":{"@id":"https:\/\/dicodusport.fr\/blog\/#\/schema\/logo\/image\/"},"sameAs":["https:\/\/www.facebook.com\/dicodusport","https:\/\/x.com\/dicodusport","https:\/\/www.instagram.com\/dicodusport\/","https:\/\/www.youtube.com\/channel\/UC7V2KZ5sd3htJivAbA4ZG3w"],"description":"Dicodusport est l'encyclop\u00e9die de l'actualit\u00e9 sportive.","email":"bonjour@dicodusport.fr","legalName":"DICODUSPORT","foundingDate":"2018-01-14","vatID":"FR71834470973","taxID":"83447097300043","numberOfEmployees":{"@type":"QuantitativeValue","minValue":"1","maxValue":"10"}},{"@type":"Person","@id":"https:\/\/dicodusport.fr\/blog\/#\/schema\/person\/cb02af4c173ce4a653b55e9baf388d4a","name":"Flo Ostermann","image":{"@type":"ImageObject","inLanguage":"fr-FR","@id":"https:\/\/dicodusport.fr\/blog\/#\/schema\/person\/image\/","url":"https:\/\/dicodusport.fr\/blog\/wp-content\/uploads\/2021\/05\/Flo-Ostermann-150x150.jpg","contentUrl":"https:\/\/dicodusport.fr\/blog\/wp-content\/uploads\/2021\/05\/Flo-Ostermann-150x150.jpg","caption":"Flo Ostermann"},"description":"Journaliste\/R\u00e9dacteur depuis septembre 2015 - Mes premiers souvenirs dans le sport ? Les envol\u00e9es du Stade Toulousain et les duels Villeneuve-Schumacher et H\u00e4kkinen-Schumacher \u00e0 la fin des ann\u00e9es 90, la Coupe du monde de football en 1998, l\u2019exploit du XV de France face aux All Blacks en 1999, mais aussi Richard C\u0153ur de Lion qui vole sur les montagnes du Tour de France. Bien parti pour devenir professeur d\u2019EPS, les \u00e9v\u00e9nements de la vie (et la flemme d\u2019animer des s\u00e9ances de 3x500 m\u00e8tres toute ma vie) m\u2019ont conduit \u00e0 revoir mes plans. Me voil\u00e0 depuis fin 2017 sur Dicodusport, m\u00e9dia gr\u00e2ce (et pour) lequel je partage ma passion : le sport dans tous ses \u00e9tats. Le tout accompagn\u00e9 par les fous furieux et folles furieuses cit\u00e9s sur cette page !","sameAs":["https:\/\/www.facebook.com\/florent.ostermann","https:\/\/x.com\/https:\/\/twitter.com\/FlOstermann","admin"],"url":"https:\/\/dicodusport.fr\/blog\/author\/flo\/"}]}},"_links":{"self":[{"href":"https:\/\/dicodusport.fr\/blog\/wp-json\/wp\/v2\/posts\/45190","targetHints":{"allow":["GET"]}}],"collection":[{"href":"https:\/\/dicodusport.fr\/blog\/wp-json\/wp\/v2\/posts"}],"about":[{"href":"https:\/\/dicodusport.fr\/blog\/wp-json\/wp\/v2\/types\/post"}],"author":[{"embeddable":true,"href":"https:\/\/dicodusport.fr\/blog\/wp-json\/wp\/v2\/users\/4"}],"replies":[{"embeddable":true,"href":"https:\/\/dicodusport.fr\/blog\/wp-json\/wp\/v2\/comments?post=45190"}],"version-history":[{"count":0,"href":"https:\/\/dicodusport.fr\/blog\/wp-json\/wp\/v2\/posts\/45190\/revisions"}],"wp:featuredmedia":[{"embeddable":true,"href":"https:\/\/dicodusport.fr\/blog\/wp-json\/wp\/v2\/media\/45193"}],"wp:attachment":[{"href":"https:\/\/dicodusport.fr\/blog\/wp-json\/wp\/v2\/media?parent=45190"}],"wp:term":[{"taxonomy":"category","embeddable":true,"href":"https:\/\/dicodusport.fr\/blog\/wp-json\/wp\/v2\/categories?post=45190"},{"taxonomy":"post_tag","embeddable":true,"href":"https:\/\/dicodusport.fr\/blog\/wp-json\/wp\/v2\/tags?post=45190"}],"curies":[{"name":"wp","href":"https:\/\/api.w.org\/{rel}","templated":true}]}}