{"id":451923,"date":"2024-01-12T21:06:44","date_gmt":"2024-01-12T20:06:44","guid":{"rendered":"https:\/\/dicodusport.fr\/blog\/?p=451923&#038;preview=true&#038;preview_id=451923"},"modified":"2024-01-12T21:56:19","modified_gmt":"2024-01-12T20:56:19","slug":"championnats-deurope-cyclisme-sur-piste-valentine-fortin-en-bronze-sur-lomnium","status":"publish","type":"post","link":"https:\/\/dicodusport.fr\/blog\/championnats-deurope-cyclisme-sur-piste-valentine-fortin-en-bronze-sur-lomnium\/","title":{"rendered":"Championnats d&rsquo;Europe Cyclisme sur piste : Valentine Fortin en bronze sur l&rsquo;omnium"},"content":{"rendered":"<p style=\"text-align: justify;\"><strong><em>CYCLISME SUR PISTE &#8211; Au terme des quatre \u00e9preuves de l&rsquo;omnium, Valentine Fortin a d\u00e9croch\u00e9 la m\u00e9daille de bronze lors des championnats d&rsquo;Europe, \u00e0 Apeldoorn (Pays-Bas). Elle termine derri\u00e8re Anita Yvonne Stenberg et Neah Evans. Il s&rsquo;agit de sa premi\u00e8re m\u00e9daille sur un omnium des Championnats d&rsquo;Europe de cyclisme sur piste. La course aux points a notamment \u00e9t\u00e9 marqu\u00e9e par une violente chute impliquant la Fran\u00e7aise.<\/em><\/strong><\/p>\n<ul>\n<li style=\"text-align: justify;\"><strong>\u00c0 ce sujet &#8211; <a href=\"https:\/\/dicodusport.fr\/blog\/palmares-et-tableau-des-medailles-championnats-deurope-cyclisme-sur-piste-2024\/\">Palmar\u00e8s et Tableau des m\u00e9dailles Championnats d\u2019Europe Cyclisme sur piste 2024<\/a><\/strong><\/li>\n<\/ul>\n<p style=\"text-align: justify;\">Au d\u00e9part de la course aux points, derni\u00e8re \u00e9preuve de cet omnium des Championnats d&rsquo;Europe, <strong>Valentine Fortin<\/strong> pointait \u00e0 la troisi\u00e8me position. Malgr\u00e9 une huiti\u00e8me place sur la course scratch et une cinqui\u00e8me place sur la course \u00e0 l&rsquo;\u00e9limination, termin\u00e9e dans le rouge apr\u00e8s \u00eatre pass\u00e9e plusieurs fois proche de la correctionnelle, la Fran\u00e7aise a sign\u00e9 une tr\u00e8s belle victoire sur la tempo race. Ainsi, pour esp\u00e9rer le titre, il lui fallait finir en comblant un d\u00e9ficit de 16 points sur la Norv\u00e9gienne, <strong>Anita Yvonne Stenberg<\/strong> et quatre sur la Britannique <strong>Neah Evans<\/strong>. En revanche, hors de question de n\u00e9gliger les poursuivantes, puisque <strong>Lotte Kopecky<\/strong> pointait \u00e0 la cinqui\u00e8me position, \u00e0 seulement huit points de la Tricolore.<\/p>\n<h2 style=\"text-align: justify;\">Valentine Fortin impliqu\u00e9e dans une chute sur la course aux points<\/h2>\n<p style=\"text-align: justify;\">Tr\u00e8s vite, <strong>Lara Gillespie <\/strong>(Irlande), septi\u00e8me au d\u00e9part de la derni\u00e8re \u00e9preuve, \u00e9jecte provisoirement <strong>Valentine Fortin<\/strong> du podium en reprenant un tour sur l&rsquo;ensemble du peloton et engrangeant ainsi 20 points en plus de ceux glan\u00e9s lors du premier sprint. N\u00e9anmoins, le trio de t\u00eate du d\u00e9part, preuve d&rsquo;un marquage certain, prend \u00e9galement 20 points dans la foul\u00e9e, imit\u00e9 imm\u00e9diatement par un autre groupe men\u00e9e par <strong>Gillespie<\/strong> (encore) et <strong>Kopecky<\/strong>. Alors que <strong>Stenberg<\/strong> et <strong>Evans<\/strong> venaient de marquer de nouveaux points, une chute impressionnante, impliquant notamment <strong>Valentine Fortin<\/strong> et les concurrentes ukrainienne et polonaise, conduit \u00e0 la neutralisation de la course \u00e0 une trentaine de tours de l&rsquo;arriv\u00e9e.<\/p>\n<h2 style=\"text-align: justify;\">Le bronze au finish !<\/h2>\n<p style=\"text-align: justify;\">Apr\u00e8s quelques minutes d&rsquo;interruption, la course a finalement repris. Secou\u00e9e par la chute, mais pas KO, la Fran\u00e7aise remporte le sprint interm\u00e9diaire \u00e0 20 tours de l&rsquo;arriv\u00e9e pour se replacer en quatri\u00e8me position, \u00e0 un point du podium. Concr\u00e8tement, suite \u00e0 l&rsquo;avant-dernier sprint, il ne reste \u00e0 la Fran\u00e7aise qu&rsquo;une seule opportunit\u00e9 pour finir sur le podium de la course. Pour cela, il lui faut marquer des points sur le dernier sprint et terminer devant <strong>Gillespie<\/strong>. Re\u00e7u cinq sur cinq ! \u00c0 la cloche, la Toulousaine de naissance d\u00e9boite <strong>Lotte<\/strong> <strong>Kopecky<\/strong> qui avait lanc\u00e9 son sprint un tour plus t\u00f4t et r\u00e9siste au retour de l&rsquo;Irlandaise. Elle rafle ainsi la m\u00e9daille de bronze sur la ligne d&rsquo;arriv\u00e9e pour ce qui repr\u00e9sente, \u00e0 24 ans, sa cinqui\u00e8me m\u00e9daille europ\u00e9enne.<\/p>\n<blockquote class=\"twitter-tweet\">\n<p dir=\"ltr\" lang=\"fr\">Valentine Fortin (24 ans) ajoute une 5e m\u00e9daille \u00e0 la France sur les championnats d&rsquo;Europe sur piste: elle a pris le bronze sur l&rsquo;omnium malgr\u00e9 une chute dans la course aux points. Mathilde Gros a \u00e9t\u00e9 elle battue par Emma Hinze en vitesse individuelle pour le bronze. <a href=\"https:\/\/twitter.com\/hashtag\/EuroTrack24?src=hash&amp;ref_src=twsrc%5Etfw\">#EuroTrack24<\/a> <a href=\"https:\/\/t.co\/wCrh2KkzTs\">pic.twitter.com\/wCrh2KkzTs<\/a><\/p>\n<p>\u2014 Le Gruppetto (@LeGruppetto) <a href=\"https:\/\/twitter.com\/LeGruppetto\/status\/1745899947499659285?ref_src=twsrc%5Etfw\">January 12, 2024<\/a><\/p><\/blockquote>\n<p><script async src=\"https:\/\/platform.twitter.com\/widgets.js\" charset=\"utf-8\"><\/script><\/p>\n<h2 style=\"text-align: justify;\">Gros d\u00e9\u00e7ue, Nilsson-Julien plein d&rsquo;espoir<\/h2>\n<p style=\"text-align: justify;\">D\u00e9sillusion pour <strong>Mathilde Gros<\/strong> en revanche. La championne du monde en 2022 sur la vitesse individuelle doit se contenter de la quatri\u00e8me place apr\u00e8s une d\u00e9faite en demi-finale contre <strong>Lea Sophie Friedrich <\/strong>puis contre<strong> Emma Hinze<\/strong> lors de la petite finale. Sur la course scratch, <strong>Oscar Nilsson-Julien<\/strong> n&rsquo;a certes pas termin\u00e9 parmi les trois premiers mais continue de se faire un nom chez les amateurs de cyclisme sur piste. Le Franco-britannique, autoris\u00e9 \u00e0 courir pour la France depuis deux mois, a en effet anim\u00e9 la course pour sa premi\u00e8re s\u00e9lection en \u00e9quipe de France. Il sera \u00e0 suivre les prochaines ann\u00e9es.<\/p>\n","protected":false},"excerpt":{"rendered":"<p>CYCLISME SUR PISTE &#8211; Au terme des quatre \u00e9preuves de l&rsquo;omnium, Valentine Fortin a d\u00e9croch\u00e9 la m\u00e9daille de bronze lors des championnats d&rsquo;Europe, \u00e0 Apeldoorn (Pays-Bas).<\/p>\n","protected":false},"author":91,"featured_media":452011,"comment_status":"open","ping_status":"closed","sticky":false,"template":"","format":"standard","meta":{"_acf_changed":false,"_daextam_enable_autolinks":"1","footnotes":""},"categories":[14089],"tags":[16878,5649,1664,19735],"class_list":["post-451923","post","type-post","status-publish","format-standard","has-post-thumbnail","hentry","category-cyclisme-sur-piste","tag-breve","tag-championnats-deurope-de-cyclisme-sur-piste","tag-cyclisme-sur-piste","tag-valentine-fortin"],"acf":[],"yoast_head":"<!-- This site is optimized with the Yoast SEO Premium plugin v26.7 (Yoast SEO v26.7) - https:\/\/yoast.com\/wordpress\/plugins\/seo\/ -->\n<title>Championnats d&#039;Europe Cyclisme sur piste : Valentine Fortin en bronze sur l&#039;omnium<\/title>\n<meta name=\"description\" content=\"CYCLISME SUR PISTE - Au terme de l&#039;omnium, Valentine Fortin a d\u00e9croch\u00e9 la m\u00e9daille de bronze lors des championnats d&#039;Europe.\" \/>\n<meta name=\"robots\" content=\"index, follow, max-snippet:-1, max-image-preview:large, max-video-preview:-1\" \/>\n<link rel=\"canonical\" href=\"https:\/\/dicodusport.fr\/blog\/championnats-deurope-cyclisme-sur-piste-valentine-fortin-en-bronze-sur-lomnium\/\" \/>\n<meta property=\"og:locale\" content=\"fr_FR\" \/>\n<meta property=\"og:type\" content=\"article\" \/>\n<meta property=\"og:title\" content=\"Championnats d&#039;Europe Cyclisme sur piste : Valentine Fortin en bronze sur l&#039;omnium\" \/>\n<meta property=\"og:description\" content=\"CYCLISME SUR PISTE - Au terme de l&#039;omnium, Valentine Fortin a d\u00e9croch\u00e9 la m\u00e9daille de bronze lors des championnats d&#039;Europe.\" \/>\n<meta property=\"og:url\" content=\"https:\/\/dicodusport.fr\/blog\/championnats-deurope-cyclisme-sur-piste-valentine-fortin-en-bronze-sur-lomnium\/\" \/>\n<meta property=\"og:site_name\" content=\"Dicodusport\" \/>\n<meta property=\"article:publisher\" content=\"https:\/\/www.facebook.com\/dicodusport\" \/>\n<meta property=\"article:published_time\" content=\"2024-01-12T20:06:44+00:00\" \/>\n<meta property=\"article:modified_time\" content=\"2024-01-12T20:56:19+00:00\" \/>\n<meta property=\"og:image\" content=\"https:\/\/dicodusport.fr\/blog\/wp-content\/uploads\/2024\/01\/Championnats-dEurope-Cyclisme-sur-piste-Valentine-Fortin-en-bronze-sur-lomnium-2.png\" \/>\n\t<meta property=\"og:image:width\" content=\"1200\" \/>\n\t<meta property=\"og:image:height\" content=\"674\" \/>\n\t<meta property=\"og:image:type\" content=\"image\/png\" \/>\n<meta name=\"author\" content=\"Victor Clot-Amiot\" \/>\n<meta name=\"twitter:card\" content=\"summary_large_image\" \/>\n<meta name=\"twitter:title\" content=\"Championnats d&#039;Europe Cyclisme sur piste : Valentine Fortin en bronze sur l&#039;omnium\" \/>\n<meta name=\"twitter:creator\" content=\"@https:\/\/x.com\/VictorClotAmiot\" \/>\n<meta name=\"twitter:site\" content=\"@dicodusport\" \/>\n<script type=\"application\/ld+json\" class=\"yoast-schema-graph\">{\"@context\":\"https:\/\/schema.org\",\"@graph\":[{\"@type\":\"NewsArticle\",\"@id\":\"https:\/\/dicodusport.fr\/blog\/championnats-deurope-cyclisme-sur-piste-valentine-fortin-en-bronze-sur-lomnium\/#article\",\"isPartOf\":{\"@id\":\"https:\/\/dicodusport.fr\/blog\/championnats-deurope-cyclisme-sur-piste-valentine-fortin-en-bronze-sur-lomnium\/\"},\"author\":{\"name\":\"Victor Clot-Amiot\",\"@id\":\"https:\/\/dicodusport.fr\/blog\/#\/schema\/person\/b623199cba9ba90fe84a3d16e9282360\"},\"headline\":\"Championnats d&rsquo;Europe Cyclisme sur piste : Valentine Fortin en bronze sur l&rsquo;omnium\",\"datePublished\":\"2024-01-12T20:06:44+00:00\",\"dateModified\":\"2024-01-12T20:56:19+00:00\",\"mainEntityOfPage\":{\"@id\":\"https:\/\/dicodusport.fr\/blog\/championnats-deurope-cyclisme-sur-piste-valentine-fortin-en-bronze-sur-lomnium\/\"},\"wordCount\":683,\"commentCount\":0,\"publisher\":{\"@id\":\"https:\/\/dicodusport.fr\/blog\/#organization\"},\"image\":{\"@id\":\"https:\/\/dicodusport.fr\/blog\/championnats-deurope-cyclisme-sur-piste-valentine-fortin-en-bronze-sur-lomnium\/#primaryimage\"},\"thumbnailUrl\":\"https:\/\/dicodusport.fr\/blog\/wp-content\/uploads\/2024\/01\/Championnats-dEurope-Cyclisme-sur-piste-Valentine-Fortin-en-bronze-sur-lomnium-2.png\",\"keywords\":[\"br\u00e8ve\",\"Championnats d'Europe de cyclisme sur piste\",\"cyclisme sur piste\",\"Valentine Fortin\"],\"articleSection\":[\"Cyclisme sur piste\"],\"inLanguage\":\"fr-FR\",\"potentialAction\":[{\"@type\":\"CommentAction\",\"name\":\"Comment\",\"target\":[\"https:\/\/dicodusport.fr\/blog\/championnats-deurope-cyclisme-sur-piste-valentine-fortin-en-bronze-sur-lomnium\/#respond\"]}],\"copyrightYear\":\"2024\",\"copyrightHolder\":{\"@id\":\"https:\/\/dicodusport.fr\/blog\/#organization\"}},{\"@type\":\"WebPage\",\"@id\":\"https:\/\/dicodusport.fr\/blog\/championnats-deurope-cyclisme-sur-piste-valentine-fortin-en-bronze-sur-lomnium\/\",\"url\":\"https:\/\/dicodusport.fr\/blog\/championnats-deurope-cyclisme-sur-piste-valentine-fortin-en-bronze-sur-lomnium\/\",\"name\":\"Championnats d'Europe Cyclisme sur piste : Valentine Fortin en bronze sur l'omnium\",\"isPartOf\":{\"@id\":\"https:\/\/dicodusport.fr\/blog\/#website\"},\"primaryImageOfPage\":{\"@id\":\"https:\/\/dicodusport.fr\/blog\/championnats-deurope-cyclisme-sur-piste-valentine-fortin-en-bronze-sur-lomnium\/#primaryimage\"},\"image\":{\"@id\":\"https:\/\/dicodusport.fr\/blog\/championnats-deurope-cyclisme-sur-piste-valentine-fortin-en-bronze-sur-lomnium\/#primaryimage\"},\"thumbnailUrl\":\"https:\/\/dicodusport.fr\/blog\/wp-content\/uploads\/2024\/01\/Championnats-dEurope-Cyclisme-sur-piste-Valentine-Fortin-en-bronze-sur-lomnium-2.png\",\"datePublished\":\"2024-01-12T20:06:44+00:00\",\"dateModified\":\"2024-01-12T20:56:19+00:00\",\"description\":\"CYCLISME SUR PISTE - Au terme de l'omnium, Valentine Fortin a d\u00e9croch\u00e9 la m\u00e9daille de bronze lors des championnats d'Europe.\",\"breadcrumb\":{\"@id\":\"https:\/\/dicodusport.fr\/blog\/championnats-deurope-cyclisme-sur-piste-valentine-fortin-en-bronze-sur-lomnium\/#breadcrumb\"},\"inLanguage\":\"fr-FR\",\"potentialAction\":[{\"@type\":\"ReadAction\",\"target\":[\"https:\/\/dicodusport.fr\/blog\/championnats-deurope-cyclisme-sur-piste-valentine-fortin-en-bronze-sur-lomnium\/\"]}]},{\"@type\":\"ImageObject\",\"inLanguage\":\"fr-FR\",\"@id\":\"https:\/\/dicodusport.fr\/blog\/championnats-deurope-cyclisme-sur-piste-valentine-fortin-en-bronze-sur-lomnium\/#primaryimage\",\"url\":\"https:\/\/dicodusport.fr\/blog\/wp-content\/uploads\/2024\/01\/Championnats-dEurope-Cyclisme-sur-piste-Valentine-Fortin-en-bronze-sur-lomnium-2.png\",\"contentUrl\":\"https:\/\/dicodusport.fr\/blog\/wp-content\/uploads\/2024\/01\/Championnats-dEurope-Cyclisme-sur-piste-Valentine-Fortin-en-bronze-sur-lomnium-2.png\",\"width\":1200,\"height\":674,\"caption\":\"Championnats d'Europe Cyclisme sur piste Valentine Fortin en bronze sur l'omnium (2)\"},{\"@type\":\"BreadcrumbList\",\"@id\":\"https:\/\/dicodusport.fr\/blog\/championnats-deurope-cyclisme-sur-piste-valentine-fortin-en-bronze-sur-lomnium\/#breadcrumb\",\"itemListElement\":[{\"@type\":\"ListItem\",\"position\":1,\"name\":\"Accueil\",\"item\":\"https:\/\/dicodusport.fr\/blog\/\"},{\"@type\":\"ListItem\",\"position\":2,\"name\":\"Championnats d&rsquo;Europe Cyclisme sur piste : Valentine Fortin en bronze sur l&rsquo;omnium\"}]},{\"@type\":\"WebSite\",\"@id\":\"https:\/\/dicodusport.fr\/blog\/#website\",\"url\":\"https:\/\/dicodusport.fr\/blog\/\",\"name\":\"Dicodusport\",\"description\":\"L&#039;encyclop\u00e9die de l&#039;actualit\u00e9 sportive\",\"publisher\":{\"@id\":\"https:\/\/dicodusport.fr\/blog\/#organization\"},\"potentialAction\":[{\"@type\":\"SearchAction\",\"target\":{\"@type\":\"EntryPoint\",\"urlTemplate\":\"https:\/\/dicodusport.fr\/blog\/?s={search_term_string}\"},\"query-input\":{\"@type\":\"PropertyValueSpecification\",\"valueRequired\":true,\"valueName\":\"search_term_string\"}}],\"inLanguage\":\"fr-FR\"},{\"@type\":\"NewsMediaOrganization\",\"@id\":\"https:\/\/dicodusport.fr\/blog\/#organization\",\"name\":\"Dicodusport\",\"url\":\"https:\/\/dicodusport.fr\/blog\/\",\"logo\":{\"@type\":\"ImageObject\",\"inLanguage\":\"fr-FR\",\"@id\":\"https:\/\/dicodusport.fr\/blog\/#\/schema\/logo\/image\/\",\"url\":\"https:\/\/dicodusport.fr\/blog\/wp-content\/uploads\/2020\/06\/cropped-LOGO-DICODUSPORT-2020-SANS-FOND-SANS-TEXTE.png\",\"contentUrl\":\"https:\/\/dicodusport.fr\/blog\/wp-content\/uploads\/2020\/06\/cropped-LOGO-DICODUSPORT-2020-SANS-FOND-SANS-TEXTE.png\",\"width\":512,\"height\":512,\"caption\":\"Dicodusport\"},\"image\":{\"@id\":\"https:\/\/dicodusport.fr\/blog\/#\/schema\/logo\/image\/\"},\"sameAs\":[\"https:\/\/www.facebook.com\/dicodusport\",\"https:\/\/x.com\/dicodusport\",\"https:\/\/www.instagram.com\/dicodusport\/\",\"https:\/\/www.youtube.com\/channel\/UC7V2KZ5sd3htJivAbA4ZG3w\"],\"description\":\"Dicodusport est l'encyclop\u00e9die de l'actualit\u00e9 sportive.\",\"email\":\"bonjour@dicodusport.fr\",\"legalName\":\"DICODUSPORT\",\"foundingDate\":\"2018-01-14\",\"vatID\":\"FR71834470973\",\"taxID\":\"83447097300043\",\"numberOfEmployees\":{\"@type\":\"QuantitativeValue\",\"minValue\":\"1\",\"maxValue\":\"10\"}},{\"@type\":\"Person\",\"@id\":\"https:\/\/dicodusport.fr\/blog\/#\/schema\/person\/b623199cba9ba90fe84a3d16e9282360\",\"name\":\"Victor Clot-Amiot\",\"image\":{\"@type\":\"ImageObject\",\"inLanguage\":\"fr-FR\",\"@id\":\"https:\/\/dicodusport.fr\/blog\/#\/schema\/person\/image\/\",\"url\":\"https:\/\/dicodusport.fr\/blog\/wp-content\/uploads\/2023\/09\/IMG_20190826_114722-150x150.jpg\",\"contentUrl\":\"https:\/\/dicodusport.fr\/blog\/wp-content\/uploads\/2023\/09\/IMG_20190826_114722-150x150.jpg\",\"caption\":\"Victor Clot-Amiot\"},\"description\":\"Passionn\u00e9 de sport depuis toujours, un jour \u00e0 l'adolescence mes parents m'ont dit : \\\"quitte \u00e0 passer ton temps \u00e0 regarder du sport, au moins va le voir en vrai\\\" ! Depuis, cette remarque ne m'a plus quitt\u00e9 et je passe une grande partie de mon temps libre \u00e0 assister \u00e0 des comp\u00e9titions de tous sports. Je m\u00eale d'ailleurs mes deux passions, le sport et les voyages afin de faire une pierre deux coups ! Outre l'US Open ou l'Euro 2021 par exemple, j'ai assist\u00e9 cet \u00e9t\u00e9 aux Mondiaux d'athl\u00e9tisme \u00e0 Budapest. Mon plus gros coup dur est et restera les JO 2020-2021 pour lesquels j'avais r\u00e9serv\u00e9 17 \u00e9preuves. La suite, vous la connaissez...\",\"sameAs\":[\"https:\/\/x.com\/https:\/\/x.com\/VictorClotAmiot\"],\"url\":\"https:\/\/dicodusport.fr\/blog\/author\/victor-clot-amiot\/\"}]}<\/script>\n<!-- \/ Yoast SEO Premium plugin. -->","yoast_head_json":{"title":"Championnats d'Europe Cyclisme sur piste : Valentine Fortin en bronze sur l'omnium","description":"CYCLISME SUR PISTE - Au terme de l'omnium, Valentine Fortin a d\u00e9croch\u00e9 la m\u00e9daille de bronze lors des championnats d'Europe.","robots":{"index":"index","follow":"follow","max-snippet":"max-snippet:-1","max-image-preview":"max-image-preview:large","max-video-preview":"max-video-preview:-1"},"canonical":"https:\/\/dicodusport.fr\/blog\/championnats-deurope-cyclisme-sur-piste-valentine-fortin-en-bronze-sur-lomnium\/","og_locale":"fr_FR","og_type":"article","og_title":"Championnats d'Europe Cyclisme sur piste : Valentine Fortin en bronze sur l'omnium","og_description":"CYCLISME SUR PISTE - Au terme de l'omnium, Valentine Fortin a d\u00e9croch\u00e9 la m\u00e9daille de bronze lors des championnats d'Europe.","og_url":"https:\/\/dicodusport.fr\/blog\/championnats-deurope-cyclisme-sur-piste-valentine-fortin-en-bronze-sur-lomnium\/","og_site_name":"Dicodusport","article_publisher":"https:\/\/www.facebook.com\/dicodusport","article_published_time":"2024-01-12T20:06:44+00:00","article_modified_time":"2024-01-12T20:56:19+00:00","og_image":[{"width":1200,"height":674,"url":"https:\/\/dicodusport.fr\/blog\/wp-content\/uploads\/2024\/01\/Championnats-dEurope-Cyclisme-sur-piste-Valentine-Fortin-en-bronze-sur-lomnium-2.png","type":"image\/png"}],"author":"Victor Clot-Amiot","twitter_card":"summary_large_image","twitter_title":"Championnats d'Europe Cyclisme sur piste : Valentine Fortin en bronze sur l'omnium","twitter_creator":"@https:\/\/x.com\/VictorClotAmiot","twitter_site":"@dicodusport","schema":{"@context":"https:\/\/schema.org","@graph":[{"@type":"NewsArticle","@id":"https:\/\/dicodusport.fr\/blog\/championnats-deurope-cyclisme-sur-piste-valentine-fortin-en-bronze-sur-lomnium\/#article","isPartOf":{"@id":"https:\/\/dicodusport.fr\/blog\/championnats-deurope-cyclisme-sur-piste-valentine-fortin-en-bronze-sur-lomnium\/"},"author":{"name":"Victor Clot-Amiot","@id":"https:\/\/dicodusport.fr\/blog\/#\/schema\/person\/b623199cba9ba90fe84a3d16e9282360"},"headline":"Championnats d&rsquo;Europe Cyclisme sur piste : Valentine Fortin en bronze sur l&rsquo;omnium","datePublished":"2024-01-12T20:06:44+00:00","dateModified":"2024-01-12T20:56:19+00:00","mainEntityOfPage":{"@id":"https:\/\/dicodusport.fr\/blog\/championnats-deurope-cyclisme-sur-piste-valentine-fortin-en-bronze-sur-lomnium\/"},"wordCount":683,"commentCount":0,"publisher":{"@id":"https:\/\/dicodusport.fr\/blog\/#organization"},"image":{"@id":"https:\/\/dicodusport.fr\/blog\/championnats-deurope-cyclisme-sur-piste-valentine-fortin-en-bronze-sur-lomnium\/#primaryimage"},"thumbnailUrl":"https:\/\/dicodusport.fr\/blog\/wp-content\/uploads\/2024\/01\/Championnats-dEurope-Cyclisme-sur-piste-Valentine-Fortin-en-bronze-sur-lomnium-2.png","keywords":["br\u00e8ve","Championnats d'Europe de cyclisme sur piste","cyclisme sur piste","Valentine Fortin"],"articleSection":["Cyclisme sur piste"],"inLanguage":"fr-FR","potentialAction":[{"@type":"CommentAction","name":"Comment","target":["https:\/\/dicodusport.fr\/blog\/championnats-deurope-cyclisme-sur-piste-valentine-fortin-en-bronze-sur-lomnium\/#respond"]}],"copyrightYear":"2024","copyrightHolder":{"@id":"https:\/\/dicodusport.fr\/blog\/#organization"}},{"@type":"WebPage","@id":"https:\/\/dicodusport.fr\/blog\/championnats-deurope-cyclisme-sur-piste-valentine-fortin-en-bronze-sur-lomnium\/","url":"https:\/\/dicodusport.fr\/blog\/championnats-deurope-cyclisme-sur-piste-valentine-fortin-en-bronze-sur-lomnium\/","name":"Championnats d'Europe Cyclisme sur piste : Valentine Fortin en bronze sur l'omnium","isPartOf":{"@id":"https:\/\/dicodusport.fr\/blog\/#website"},"primaryImageOfPage":{"@id":"https:\/\/dicodusport.fr\/blog\/championnats-deurope-cyclisme-sur-piste-valentine-fortin-en-bronze-sur-lomnium\/#primaryimage"},"image":{"@id":"https:\/\/dicodusport.fr\/blog\/championnats-deurope-cyclisme-sur-piste-valentine-fortin-en-bronze-sur-lomnium\/#primaryimage"},"thumbnailUrl":"https:\/\/dicodusport.fr\/blog\/wp-content\/uploads\/2024\/01\/Championnats-dEurope-Cyclisme-sur-piste-Valentine-Fortin-en-bronze-sur-lomnium-2.png","datePublished":"2024-01-12T20:06:44+00:00","dateModified":"2024-01-12T20:56:19+00:00","description":"CYCLISME SUR PISTE - Au terme de l'omnium, Valentine Fortin a d\u00e9croch\u00e9 la m\u00e9daille de bronze lors des championnats d'Europe.","breadcrumb":{"@id":"https:\/\/dicodusport.fr\/blog\/championnats-deurope-cyclisme-sur-piste-valentine-fortin-en-bronze-sur-lomnium\/#breadcrumb"},"inLanguage":"fr-FR","potentialAction":[{"@type":"ReadAction","target":["https:\/\/dicodusport.fr\/blog\/championnats-deurope-cyclisme-sur-piste-valentine-fortin-en-bronze-sur-lomnium\/"]}]},{"@type":"ImageObject","inLanguage":"fr-FR","@id":"https:\/\/dicodusport.fr\/blog\/championnats-deurope-cyclisme-sur-piste-valentine-fortin-en-bronze-sur-lomnium\/#primaryimage","url":"https:\/\/dicodusport.fr\/blog\/wp-content\/uploads\/2024\/01\/Championnats-dEurope-Cyclisme-sur-piste-Valentine-Fortin-en-bronze-sur-lomnium-2.png","contentUrl":"https:\/\/dicodusport.fr\/blog\/wp-content\/uploads\/2024\/01\/Championnats-dEurope-Cyclisme-sur-piste-Valentine-Fortin-en-bronze-sur-lomnium-2.png","width":1200,"height":674,"caption":"Championnats d'Europe Cyclisme sur piste Valentine Fortin en bronze sur l'omnium (2)"},{"@type":"BreadcrumbList","@id":"https:\/\/dicodusport.fr\/blog\/championnats-deurope-cyclisme-sur-piste-valentine-fortin-en-bronze-sur-lomnium\/#breadcrumb","itemListElement":[{"@type":"ListItem","position":1,"name":"Accueil","item":"https:\/\/dicodusport.fr\/blog\/"},{"@type":"ListItem","position":2,"name":"Championnats d&rsquo;Europe Cyclisme sur piste : Valentine Fortin en bronze sur l&rsquo;omnium"}]},{"@type":"WebSite","@id":"https:\/\/dicodusport.fr\/blog\/#website","url":"https:\/\/dicodusport.fr\/blog\/","name":"Dicodusport","description":"L&#039;encyclop\u00e9die de l&#039;actualit\u00e9 sportive","publisher":{"@id":"https:\/\/dicodusport.fr\/blog\/#organization"},"potentialAction":[{"@type":"SearchAction","target":{"@type":"EntryPoint","urlTemplate":"https:\/\/dicodusport.fr\/blog\/?s={search_term_string}"},"query-input":{"@type":"PropertyValueSpecification","valueRequired":true,"valueName":"search_term_string"}}],"inLanguage":"fr-FR"},{"@type":"NewsMediaOrganization","@id":"https:\/\/dicodusport.fr\/blog\/#organization","name":"Dicodusport","url":"https:\/\/dicodusport.fr\/blog\/","logo":{"@type":"ImageObject","inLanguage":"fr-FR","@id":"https:\/\/dicodusport.fr\/blog\/#\/schema\/logo\/image\/","url":"https:\/\/dicodusport.fr\/blog\/wp-content\/uploads\/2020\/06\/cropped-LOGO-DICODUSPORT-2020-SANS-FOND-SANS-TEXTE.png","contentUrl":"https:\/\/dicodusport.fr\/blog\/wp-content\/uploads\/2020\/06\/cropped-LOGO-DICODUSPORT-2020-SANS-FOND-SANS-TEXTE.png","width":512,"height":512,"caption":"Dicodusport"},"image":{"@id":"https:\/\/dicodusport.fr\/blog\/#\/schema\/logo\/image\/"},"sameAs":["https:\/\/www.facebook.com\/dicodusport","https:\/\/x.com\/dicodusport","https:\/\/www.instagram.com\/dicodusport\/","https:\/\/www.youtube.com\/channel\/UC7V2KZ5sd3htJivAbA4ZG3w"],"description":"Dicodusport est l'encyclop\u00e9die de l'actualit\u00e9 sportive.","email":"bonjour@dicodusport.fr","legalName":"DICODUSPORT","foundingDate":"2018-01-14","vatID":"FR71834470973","taxID":"83447097300043","numberOfEmployees":{"@type":"QuantitativeValue","minValue":"1","maxValue":"10"}},{"@type":"Person","@id":"https:\/\/dicodusport.fr\/blog\/#\/schema\/person\/b623199cba9ba90fe84a3d16e9282360","name":"Victor Clot-Amiot","image":{"@type":"ImageObject","inLanguage":"fr-FR","@id":"https:\/\/dicodusport.fr\/blog\/#\/schema\/person\/image\/","url":"https:\/\/dicodusport.fr\/blog\/wp-content\/uploads\/2023\/09\/IMG_20190826_114722-150x150.jpg","contentUrl":"https:\/\/dicodusport.fr\/blog\/wp-content\/uploads\/2023\/09\/IMG_20190826_114722-150x150.jpg","caption":"Victor Clot-Amiot"},"description":"Passionn\u00e9 de sport depuis toujours, un jour \u00e0 l'adolescence mes parents m'ont dit : \"quitte \u00e0 passer ton temps \u00e0 regarder du sport, au moins va le voir en vrai\" ! Depuis, cette remarque ne m'a plus quitt\u00e9 et je passe une grande partie de mon temps libre \u00e0 assister \u00e0 des comp\u00e9titions de tous sports. Je m\u00eale d'ailleurs mes deux passions, le sport et les voyages afin de faire une pierre deux coups ! Outre l'US Open ou l'Euro 2021 par exemple, j'ai assist\u00e9 cet \u00e9t\u00e9 aux Mondiaux d'athl\u00e9tisme \u00e0 Budapest. Mon plus gros coup dur est et restera les JO 2020-2021 pour lesquels j'avais r\u00e9serv\u00e9 17 \u00e9preuves. La suite, vous la connaissez...","sameAs":["https:\/\/x.com\/https:\/\/x.com\/VictorClotAmiot"],"url":"https:\/\/dicodusport.fr\/blog\/author\/victor-clot-amiot\/"}]}},"_links":{"self":[{"href":"https:\/\/dicodusport.fr\/blog\/wp-json\/wp\/v2\/posts\/451923","targetHints":{"allow":["GET"]}}],"collection":[{"href":"https:\/\/dicodusport.fr\/blog\/wp-json\/wp\/v2\/posts"}],"about":[{"href":"https:\/\/dicodusport.fr\/blog\/wp-json\/wp\/v2\/types\/post"}],"author":[{"embeddable":true,"href":"https:\/\/dicodusport.fr\/blog\/wp-json\/wp\/v2\/users\/91"}],"replies":[{"embeddable":true,"href":"https:\/\/dicodusport.fr\/blog\/wp-json\/wp\/v2\/comments?post=451923"}],"version-history":[{"count":5,"href":"https:\/\/dicodusport.fr\/blog\/wp-json\/wp\/v2\/posts\/451923\/revisions"}],"predecessor-version":[{"id":451999,"href":"https:\/\/dicodusport.fr\/blog\/wp-json\/wp\/v2\/posts\/451923\/revisions\/451999"}],"wp:featuredmedia":[{"embeddable":true,"href":"https:\/\/dicodusport.fr\/blog\/wp-json\/wp\/v2\/media\/452011"}],"wp:attachment":[{"href":"https:\/\/dicodusport.fr\/blog\/wp-json\/wp\/v2\/media?parent=451923"}],"wp:term":[{"taxonomy":"category","embeddable":true,"href":"https:\/\/dicodusport.fr\/blog\/wp-json\/wp\/v2\/categories?post=451923"},{"taxonomy":"post_tag","embeddable":true,"href":"https:\/\/dicodusport.fr\/blog\/wp-json\/wp\/v2\/tags?post=451923"}],"curies":[{"name":"wp","href":"https:\/\/api.w.org\/{rel}","templated":true}]}}