{"id":45208,"date":"2019-08-11T15:09:11","date_gmt":"2019-08-11T13:09:11","guid":{"rendered":"http:\/\/dicodusport.fr\/blog\/?p=45208"},"modified":"2020-05-15T19:01:07","modified_gmt":"2020-05-15T17:01:07","slug":"vtt-cross-country-mathieu-van-der-poel-de-nouveau-intouchable-a-lenzerheide","status":"publish","type":"post","link":"https:\/\/dicodusport.fr\/blog\/vtt-cross-country-mathieu-van-der-poel-de-nouveau-intouchable-a-lenzerheide\/","title":{"rendered":"VTT- Cross-Country : Mathieu van der Poel de nouveau intouchable \u00e0 Lenzerheide"},"content":{"rendered":"<p style=\"text-align: justify;\"><strong><em>Le N\u00e9erlandais <a href=\"https:\/\/dicodusport.fr\/blog\/tag\/mathieu-van-der-poel\/\" target=\"_blank\" rel=\"noopener noreferrer\">Mathieu van der Poel<\/a> s&rsquo;est impos\u00e9 en patron \u00e0 Lenzerheide (Suisse). Imprenable, il a devanc\u00e9 le champion du monde suisse Nino Schurter.<br \/>\n<\/em><\/strong><\/p>\n<p style=\"text-align: justify;\">Le Batave tout-terrain a fait la diff\u00e9rence dans l&rsquo;avant-dernier tour, en d\u00e9cramponnant un <strong>Nino Schurter<\/strong> sans solution face \u00e0 l&rsquo;homme fort du moment. Le vainqueur de l&rsquo;Amstel Gold Race sur la route, <a href=\"https:\/\/dicodusport.fr\/blog\/vtt-mathieu-van-der-poel-imperial-sur-la-short-track-de-lenzerheide\/\" target=\"_blank\" rel=\"noopener noreferrer\">laur\u00e9at de sa cinqui\u00e8me short track cette ce vendredi<\/a>, d\u00e9croche ainsi son troisi\u00e8me succ\u00e8s de la saison sur la distance olympique, apr\u00e8s Nove Mesto (R\u00e9publique Tch\u00e8que) et <a href=\"https:\/\/dicodusport.fr\/blog\/vtt-cross-country-mathieu-van-der-poel-stratospherique-a-val-di-sole\/\" target=\"_blank\" rel=\"noopener noreferrer\">Val di Sole<\/a> (Italie). Le Suisse <strong>Mathias Fl\u00fcckiger<\/strong> compl\u00e8te le podium. Le champion de France <strong>Victor Koretzky<\/strong> prend la quatri\u00e8me place.<\/p>\n<blockquote class=\"twitter-tweet\">\n<p dir=\"ltr\" lang=\"nl\">&#x1f929; Mathieu van der Poel wins the Men&rsquo;s XCO finals \u2013 Lenzerheide<a href=\"https:\/\/twitter.com\/hashtag\/MBWorldCup?src=hash&amp;ref_src=twsrc%5Etfw\">#MBWorldCup<\/a> <a href=\"https:\/\/twitter.com\/hashtag\/Lenzerheide2019?src=hash&amp;ref_src=twsrc%5Etfw\">#Lenzerheide2019<\/a> &#x1f44f; <a href=\"https:\/\/twitter.com\/mathieuvdpoel?ref_src=twsrc%5Etfw\">@mathieuvdpoel<\/a> <a href=\"https:\/\/twitter.com\/hashtag\/MvdP?src=hash&amp;ref_src=twsrc%5Etfw\">#MvdP<\/a> <a href=\"https:\/\/t.co\/1b6oMXWnTI\">pic.twitter.com\/1b6oMXWnTI<\/a><\/p>\n<p>\u2014 Peter SagFan (@Peter_SagFan) <a href=\"https:\/\/twitter.com\/Peter_SagFan\/status\/1160539762756902912?ref_src=twsrc%5Etfw\">August 11, 2019<\/a><\/p><\/blockquote>\n<p><script async src=\"https:\/\/platform.twitter.com\/widgets.js\" charset=\"utf-8\"><\/script><\/p>\n<p style=\"text-align: justify;\"><strong><em>Dicodusport<br \/>\n<a href=\"https:\/\/www.facebook.com\/dicodusport\/\" target=\"_blank\" rel=\"noopener noreferrer\"><img loading=\"lazy\" decoding=\"async\" class=\"alignnone wp-image-2909\" src=\"http:\/\/dicodusport.fr\/blog\/wp-content\/uploads\/2017\/07\/logo-facebook-150x150.png\" alt=\"\" width=\"40\" height=\"40\" \/><\/a><a href=\"https:\/\/twitter.com\/dicodusport\" target=\"_blank\" rel=\"noopener noreferrer\"><img loading=\"lazy\" decoding=\"async\" class=\"alignnone wp-image-2908\" src=\"http:\/\/dicodusport.fr\/blog\/wp-content\/uploads\/2017\/07\/logo-twitter-150x150.png\" alt=\"\" width=\"39\" height=\"39\" \/><\/a><\/em><\/strong><\/p>\n","protected":false},"excerpt":{"rendered":"<p>Le N\u00e9erlandais Mathieu van der Poel s&rsquo;est impos\u00e9 en patron \u00e0 Lenzerheide (Suisse). Imprenable, il a devanc\u00e9 le champion du monde suisse Nino Schurter.<\/p>\n","protected":false},"author":4,"featured_media":45049,"comment_status":"open","ping_status":"closed","sticky":false,"template":"","format":"standard","meta":{"_acf_changed":false,"_daextam_enable_autolinks":"","footnotes":""},"categories":[2307,10279],"tags":[1710,6740,692],"class_list":["post-45208","post","type-post","status-publish","format-standard","has-post-thumbnail","hentry","category-cyclisme","category-vtt","tag-cross-country","tag-lenzerheide","tag-vtt"],"acf":[],"yoast_head":"<!-- This site is optimized with the Yoast SEO Premium plugin v26.7 (Yoast SEO v26.7) - https:\/\/yoast.com\/wordpress\/plugins\/seo\/ -->\n<title>VTT- Cross-Country : Mathieu van der Poel de nouveau intouchable \u00e0 Lenzerheide<\/title>\n<meta name=\"description\" content=\"Le N\u00e9erlandais Mathieu van der Poel s&#039;est impos\u00e9 en patron \u00e0 Lenzerheide (Suisse). Imprenable, il a devanc\u00e9 le champion du monde suisse Nino Schurter.\" \/>\n<meta name=\"robots\" content=\"index, follow, max-snippet:-1, max-image-preview:large, max-video-preview:-1\" \/>\n<link rel=\"canonical\" href=\"https:\/\/dicodusport.fr\/blog\/vtt-cross-country-mathieu-van-der-poel-de-nouveau-intouchable-a-lenzerheide\/\" \/>\n<meta property=\"og:locale\" content=\"fr_FR\" \/>\n<meta property=\"og:type\" content=\"article\" \/>\n<meta property=\"og:title\" content=\"VTT- Cross-Country : Mathieu van der Poel de nouveau intouchable \u00e0 Lenzerheide\" \/>\n<meta property=\"og:description\" content=\"Le N\u00e9erlandais Mathieu van der Poel s&#039;est impos\u00e9 en patron \u00e0 Lenzerheide (Suisse). Imprenable, il a devanc\u00e9 le champion du monde suisse Nino Schurter.\" \/>\n<meta property=\"og:url\" content=\"https:\/\/dicodusport.fr\/blog\/vtt-cross-country-mathieu-van-der-poel-de-nouveau-intouchable-a-lenzerheide\/\" \/>\n<meta property=\"og:site_name\" content=\"Dicodusport\" \/>\n<meta property=\"article:publisher\" content=\"https:\/\/www.facebook.com\/dicodusport\" \/>\n<meta property=\"article:author\" content=\"https:\/\/www.facebook.com\/florent.ostermann\" \/>\n<meta property=\"article:published_time\" content=\"2019-08-11T13:09:11+00:00\" \/>\n<meta property=\"article:modified_time\" content=\"2020-05-15T17:01:07+00:00\" \/>\n<meta property=\"og:image\" content=\"https:\/\/dicodusport.fr\/blog\/wp-content\/uploads\/2019\/08\/Mathieu-van-der-Poel-short-track-Lenzerheide.png\" \/>\n\t<meta property=\"og:image:width\" content=\"800\" \/>\n\t<meta property=\"og:image:height\" content=\"445\" \/>\n\t<meta property=\"og:image:type\" content=\"image\/png\" \/>\n<meta name=\"author\" content=\"Flo Ostermann\" \/>\n<meta name=\"twitter:card\" content=\"summary_large_image\" \/>\n<meta name=\"twitter:title\" content=\"VTT- Cross-Country : Mathieu van der Poel de nouveau intouchable \u00e0 Lenzerheide\" \/>\n<meta name=\"twitter:creator\" content=\"@https:\/\/twitter.com\/FlOstermann\" \/>\n<meta name=\"twitter:site\" content=\"@dicodusport\" \/>\n<script type=\"application\/ld+json\" class=\"yoast-schema-graph\">{\"@context\":\"https:\/\/schema.org\",\"@graph\":[{\"@type\":\"NewsArticle\",\"@id\":\"https:\/\/dicodusport.fr\/blog\/vtt-cross-country-mathieu-van-der-poel-de-nouveau-intouchable-a-lenzerheide\/#article\",\"isPartOf\":{\"@id\":\"https:\/\/dicodusport.fr\/blog\/vtt-cross-country-mathieu-van-der-poel-de-nouveau-intouchable-a-lenzerheide\/\"},\"author\":{\"name\":\"Flo Ostermann\",\"@id\":\"https:\/\/dicodusport.fr\/blog\/#\/schema\/person\/cb02af4c173ce4a653b55e9baf388d4a\"},\"headline\":\"VTT- Cross-Country : Mathieu van der Poel de nouveau intouchable \u00e0 Lenzerheide\",\"datePublished\":\"2019-08-11T13:09:11+00:00\",\"dateModified\":\"2020-05-15T17:01:07+00:00\",\"mainEntityOfPage\":{\"@id\":\"https:\/\/dicodusport.fr\/blog\/vtt-cross-country-mathieu-van-der-poel-de-nouveau-intouchable-a-lenzerheide\/\"},\"wordCount\":161,\"commentCount\":0,\"publisher\":{\"@id\":\"https:\/\/dicodusport.fr\/blog\/#organization\"},\"image\":{\"@id\":\"https:\/\/dicodusport.fr\/blog\/vtt-cross-country-mathieu-van-der-poel-de-nouveau-intouchable-a-lenzerheide\/#primaryimage\"},\"thumbnailUrl\":\"https:\/\/dicodusport.fr\/blog\/wp-content\/uploads\/2019\/08\/Mathieu-van-der-Poel-short-track-Lenzerheide.png\",\"keywords\":[\"cross country\",\"Lenzerheide\",\"VTT\"],\"articleSection\":[\"Cyclisme\",\"VTT\"],\"inLanguage\":\"fr-FR\",\"potentialAction\":[{\"@type\":\"CommentAction\",\"name\":\"Comment\",\"target\":[\"https:\/\/dicodusport.fr\/blog\/vtt-cross-country-mathieu-van-der-poel-de-nouveau-intouchable-a-lenzerheide\/#respond\"]}],\"copyrightYear\":\"2019\",\"copyrightHolder\":{\"@id\":\"https:\/\/dicodusport.fr\/blog\/#organization\"}},{\"@type\":\"WebPage\",\"@id\":\"https:\/\/dicodusport.fr\/blog\/vtt-cross-country-mathieu-van-der-poel-de-nouveau-intouchable-a-lenzerheide\/\",\"url\":\"https:\/\/dicodusport.fr\/blog\/vtt-cross-country-mathieu-van-der-poel-de-nouveau-intouchable-a-lenzerheide\/\",\"name\":\"VTT- Cross-Country : Mathieu van der Poel de nouveau intouchable \u00e0 Lenzerheide\",\"isPartOf\":{\"@id\":\"https:\/\/dicodusport.fr\/blog\/#website\"},\"primaryImageOfPage\":{\"@id\":\"https:\/\/dicodusport.fr\/blog\/vtt-cross-country-mathieu-van-der-poel-de-nouveau-intouchable-a-lenzerheide\/#primaryimage\"},\"image\":{\"@id\":\"https:\/\/dicodusport.fr\/blog\/vtt-cross-country-mathieu-van-der-poel-de-nouveau-intouchable-a-lenzerheide\/#primaryimage\"},\"thumbnailUrl\":\"https:\/\/dicodusport.fr\/blog\/wp-content\/uploads\/2019\/08\/Mathieu-van-der-Poel-short-track-Lenzerheide.png\",\"datePublished\":\"2019-08-11T13:09:11+00:00\",\"dateModified\":\"2020-05-15T17:01:07+00:00\",\"description\":\"Le N\u00e9erlandais Mathieu van der Poel s'est impos\u00e9 en patron \u00e0 Lenzerheide (Suisse). Imprenable, il a devanc\u00e9 le champion du monde suisse Nino Schurter.\",\"breadcrumb\":{\"@id\":\"https:\/\/dicodusport.fr\/blog\/vtt-cross-country-mathieu-van-der-poel-de-nouveau-intouchable-a-lenzerheide\/#breadcrumb\"},\"inLanguage\":\"fr-FR\",\"potentialAction\":[{\"@type\":\"ReadAction\",\"target\":[\"https:\/\/dicodusport.fr\/blog\/vtt-cross-country-mathieu-van-der-poel-de-nouveau-intouchable-a-lenzerheide\/\"]}]},{\"@type\":\"ImageObject\",\"inLanguage\":\"fr-FR\",\"@id\":\"https:\/\/dicodusport.fr\/blog\/vtt-cross-country-mathieu-van-der-poel-de-nouveau-intouchable-a-lenzerheide\/#primaryimage\",\"url\":\"https:\/\/dicodusport.fr\/blog\/wp-content\/uploads\/2019\/08\/Mathieu-van-der-Poel-short-track-Lenzerheide.png\",\"contentUrl\":\"https:\/\/dicodusport.fr\/blog\/wp-content\/uploads\/2019\/08\/Mathieu-van-der-Poel-short-track-Lenzerheide.png\",\"width\":800,\"height\":445},{\"@type\":\"BreadcrumbList\",\"@id\":\"https:\/\/dicodusport.fr\/blog\/vtt-cross-country-mathieu-van-der-poel-de-nouveau-intouchable-a-lenzerheide\/#breadcrumb\",\"itemListElement\":[{\"@type\":\"ListItem\",\"position\":1,\"name\":\"Accueil\",\"item\":\"https:\/\/dicodusport.fr\/blog\/\"},{\"@type\":\"ListItem\",\"position\":2,\"name\":\"VTT- Cross-Country : Mathieu van der Poel de nouveau intouchable \u00e0 Lenzerheide\"}]},{\"@type\":\"WebSite\",\"@id\":\"https:\/\/dicodusport.fr\/blog\/#website\",\"url\":\"https:\/\/dicodusport.fr\/blog\/\",\"name\":\"Dicodusport\",\"description\":\"L&#039;encyclop\u00e9die de l&#039;actualit\u00e9 sportive\",\"publisher\":{\"@id\":\"https:\/\/dicodusport.fr\/blog\/#organization\"},\"potentialAction\":[{\"@type\":\"SearchAction\",\"target\":{\"@type\":\"EntryPoint\",\"urlTemplate\":\"https:\/\/dicodusport.fr\/blog\/?s={search_term_string}\"},\"query-input\":{\"@type\":\"PropertyValueSpecification\",\"valueRequired\":true,\"valueName\":\"search_term_string\"}}],\"inLanguage\":\"fr-FR\"},{\"@type\":\"NewsMediaOrganization\",\"@id\":\"https:\/\/dicodusport.fr\/blog\/#organization\",\"name\":\"Dicodusport\",\"url\":\"https:\/\/dicodusport.fr\/blog\/\",\"logo\":{\"@type\":\"ImageObject\",\"inLanguage\":\"fr-FR\",\"@id\":\"https:\/\/dicodusport.fr\/blog\/#\/schema\/logo\/image\/\",\"url\":\"https:\/\/dicodusport.fr\/blog\/wp-content\/uploads\/2020\/06\/cropped-LOGO-DICODUSPORT-2020-SANS-FOND-SANS-TEXTE.png\",\"contentUrl\":\"https:\/\/dicodusport.fr\/blog\/wp-content\/uploads\/2020\/06\/cropped-LOGO-DICODUSPORT-2020-SANS-FOND-SANS-TEXTE.png\",\"width\":512,\"height\":512,\"caption\":\"Dicodusport\"},\"image\":{\"@id\":\"https:\/\/dicodusport.fr\/blog\/#\/schema\/logo\/image\/\"},\"sameAs\":[\"https:\/\/www.facebook.com\/dicodusport\",\"https:\/\/x.com\/dicodusport\",\"https:\/\/www.instagram.com\/dicodusport\/\",\"https:\/\/www.youtube.com\/channel\/UC7V2KZ5sd3htJivAbA4ZG3w\"],\"description\":\"Dicodusport est l'encyclop\u00e9die de l'actualit\u00e9 sportive.\",\"email\":\"bonjour@dicodusport.fr\",\"legalName\":\"DICODUSPORT\",\"foundingDate\":\"2018-01-14\",\"vatID\":\"FR71834470973\",\"taxID\":\"83447097300043\",\"numberOfEmployees\":{\"@type\":\"QuantitativeValue\",\"minValue\":\"1\",\"maxValue\":\"10\"}},{\"@type\":\"Person\",\"@id\":\"https:\/\/dicodusport.fr\/blog\/#\/schema\/person\/cb02af4c173ce4a653b55e9baf388d4a\",\"name\":\"Flo Ostermann\",\"image\":{\"@type\":\"ImageObject\",\"inLanguage\":\"fr-FR\",\"@id\":\"https:\/\/dicodusport.fr\/blog\/#\/schema\/person\/image\/\",\"url\":\"https:\/\/dicodusport.fr\/blog\/wp-content\/uploads\/2021\/05\/Flo-Ostermann-150x150.jpg\",\"contentUrl\":\"https:\/\/dicodusport.fr\/blog\/wp-content\/uploads\/2021\/05\/Flo-Ostermann-150x150.jpg\",\"caption\":\"Flo Ostermann\"},\"description\":\"Journaliste\/R\u00e9dacteur depuis septembre 2015 - Mes premiers souvenirs dans le sport ? Les envol\u00e9es du Stade Toulousain et les duels Villeneuve-Schumacher et H\u00e4kkinen-Schumacher \u00e0 la fin des ann\u00e9es 90, la Coupe du monde de football en 1998, l\u2019exploit du XV de France face aux All Blacks en 1999, mais aussi Richard C\u0153ur de Lion qui vole sur les montagnes du Tour de France. Bien parti pour devenir professeur d\u2019EPS, les \u00e9v\u00e9nements de la vie (et la flemme d\u2019animer des s\u00e9ances de 3x500 m\u00e8tres toute ma vie) m\u2019ont conduit \u00e0 revoir mes plans. Me voil\u00e0 depuis fin 2017 sur Dicodusport, m\u00e9dia gr\u00e2ce (et pour) lequel je partage ma passion : le sport dans tous ses \u00e9tats. Le tout accompagn\u00e9 par les fous furieux et folles furieuses cit\u00e9s sur cette page !\",\"sameAs\":[\"https:\/\/www.facebook.com\/florent.ostermann\",\"https:\/\/x.com\/https:\/\/twitter.com\/FlOstermann\",\"admin\"],\"url\":\"https:\/\/dicodusport.fr\/blog\/author\/flo\/\"}]}<\/script>\n<!-- \/ Yoast SEO Premium plugin. -->","yoast_head_json":{"title":"VTT- Cross-Country : Mathieu van der Poel de nouveau intouchable \u00e0 Lenzerheide","description":"Le N\u00e9erlandais Mathieu van der Poel s'est impos\u00e9 en patron \u00e0 Lenzerheide (Suisse). Imprenable, il a devanc\u00e9 le champion du monde suisse Nino Schurter.","robots":{"index":"index","follow":"follow","max-snippet":"max-snippet:-1","max-image-preview":"max-image-preview:large","max-video-preview":"max-video-preview:-1"},"canonical":"https:\/\/dicodusport.fr\/blog\/vtt-cross-country-mathieu-van-der-poel-de-nouveau-intouchable-a-lenzerheide\/","og_locale":"fr_FR","og_type":"article","og_title":"VTT- Cross-Country : Mathieu van der Poel de nouveau intouchable \u00e0 Lenzerheide","og_description":"Le N\u00e9erlandais Mathieu van der Poel s'est impos\u00e9 en patron \u00e0 Lenzerheide (Suisse). Imprenable, il a devanc\u00e9 le champion du monde suisse Nino Schurter.","og_url":"https:\/\/dicodusport.fr\/blog\/vtt-cross-country-mathieu-van-der-poel-de-nouveau-intouchable-a-lenzerheide\/","og_site_name":"Dicodusport","article_publisher":"https:\/\/www.facebook.com\/dicodusport","article_author":"https:\/\/www.facebook.com\/florent.ostermann","article_published_time":"2019-08-11T13:09:11+00:00","article_modified_time":"2020-05-15T17:01:07+00:00","og_image":[{"width":800,"height":445,"url":"https:\/\/dicodusport.fr\/blog\/wp-content\/uploads\/2019\/08\/Mathieu-van-der-Poel-short-track-Lenzerheide.png","type":"image\/png"}],"author":"Flo Ostermann","twitter_card":"summary_large_image","twitter_title":"VTT- Cross-Country : Mathieu van der Poel de nouveau intouchable \u00e0 Lenzerheide","twitter_creator":"@https:\/\/twitter.com\/FlOstermann","twitter_site":"@dicodusport","schema":{"@context":"https:\/\/schema.org","@graph":[{"@type":"NewsArticle","@id":"https:\/\/dicodusport.fr\/blog\/vtt-cross-country-mathieu-van-der-poel-de-nouveau-intouchable-a-lenzerheide\/#article","isPartOf":{"@id":"https:\/\/dicodusport.fr\/blog\/vtt-cross-country-mathieu-van-der-poel-de-nouveau-intouchable-a-lenzerheide\/"},"author":{"name":"Flo Ostermann","@id":"https:\/\/dicodusport.fr\/blog\/#\/schema\/person\/cb02af4c173ce4a653b55e9baf388d4a"},"headline":"VTT- Cross-Country : Mathieu van der Poel de nouveau intouchable \u00e0 Lenzerheide","datePublished":"2019-08-11T13:09:11+00:00","dateModified":"2020-05-15T17:01:07+00:00","mainEntityOfPage":{"@id":"https:\/\/dicodusport.fr\/blog\/vtt-cross-country-mathieu-van-der-poel-de-nouveau-intouchable-a-lenzerheide\/"},"wordCount":161,"commentCount":0,"publisher":{"@id":"https:\/\/dicodusport.fr\/blog\/#organization"},"image":{"@id":"https:\/\/dicodusport.fr\/blog\/vtt-cross-country-mathieu-van-der-poel-de-nouveau-intouchable-a-lenzerheide\/#primaryimage"},"thumbnailUrl":"https:\/\/dicodusport.fr\/blog\/wp-content\/uploads\/2019\/08\/Mathieu-van-der-Poel-short-track-Lenzerheide.png","keywords":["cross country","Lenzerheide","VTT"],"articleSection":["Cyclisme","VTT"],"inLanguage":"fr-FR","potentialAction":[{"@type":"CommentAction","name":"Comment","target":["https:\/\/dicodusport.fr\/blog\/vtt-cross-country-mathieu-van-der-poel-de-nouveau-intouchable-a-lenzerheide\/#respond"]}],"copyrightYear":"2019","copyrightHolder":{"@id":"https:\/\/dicodusport.fr\/blog\/#organization"}},{"@type":"WebPage","@id":"https:\/\/dicodusport.fr\/blog\/vtt-cross-country-mathieu-van-der-poel-de-nouveau-intouchable-a-lenzerheide\/","url":"https:\/\/dicodusport.fr\/blog\/vtt-cross-country-mathieu-van-der-poel-de-nouveau-intouchable-a-lenzerheide\/","name":"VTT- Cross-Country : Mathieu van der Poel de nouveau intouchable \u00e0 Lenzerheide","isPartOf":{"@id":"https:\/\/dicodusport.fr\/blog\/#website"},"primaryImageOfPage":{"@id":"https:\/\/dicodusport.fr\/blog\/vtt-cross-country-mathieu-van-der-poel-de-nouveau-intouchable-a-lenzerheide\/#primaryimage"},"image":{"@id":"https:\/\/dicodusport.fr\/blog\/vtt-cross-country-mathieu-van-der-poel-de-nouveau-intouchable-a-lenzerheide\/#primaryimage"},"thumbnailUrl":"https:\/\/dicodusport.fr\/blog\/wp-content\/uploads\/2019\/08\/Mathieu-van-der-Poel-short-track-Lenzerheide.png","datePublished":"2019-08-11T13:09:11+00:00","dateModified":"2020-05-15T17:01:07+00:00","description":"Le N\u00e9erlandais Mathieu van der Poel s'est impos\u00e9 en patron \u00e0 Lenzerheide (Suisse). Imprenable, il a devanc\u00e9 le champion du monde suisse Nino Schurter.","breadcrumb":{"@id":"https:\/\/dicodusport.fr\/blog\/vtt-cross-country-mathieu-van-der-poel-de-nouveau-intouchable-a-lenzerheide\/#breadcrumb"},"inLanguage":"fr-FR","potentialAction":[{"@type":"ReadAction","target":["https:\/\/dicodusport.fr\/blog\/vtt-cross-country-mathieu-van-der-poel-de-nouveau-intouchable-a-lenzerheide\/"]}]},{"@type":"ImageObject","inLanguage":"fr-FR","@id":"https:\/\/dicodusport.fr\/blog\/vtt-cross-country-mathieu-van-der-poel-de-nouveau-intouchable-a-lenzerheide\/#primaryimage","url":"https:\/\/dicodusport.fr\/blog\/wp-content\/uploads\/2019\/08\/Mathieu-van-der-Poel-short-track-Lenzerheide.png","contentUrl":"https:\/\/dicodusport.fr\/blog\/wp-content\/uploads\/2019\/08\/Mathieu-van-der-Poel-short-track-Lenzerheide.png","width":800,"height":445},{"@type":"BreadcrumbList","@id":"https:\/\/dicodusport.fr\/blog\/vtt-cross-country-mathieu-van-der-poel-de-nouveau-intouchable-a-lenzerheide\/#breadcrumb","itemListElement":[{"@type":"ListItem","position":1,"name":"Accueil","item":"https:\/\/dicodusport.fr\/blog\/"},{"@type":"ListItem","position":2,"name":"VTT- Cross-Country : Mathieu van der Poel de nouveau intouchable \u00e0 Lenzerheide"}]},{"@type":"WebSite","@id":"https:\/\/dicodusport.fr\/blog\/#website","url":"https:\/\/dicodusport.fr\/blog\/","name":"Dicodusport","description":"L&#039;encyclop\u00e9die de l&#039;actualit\u00e9 sportive","publisher":{"@id":"https:\/\/dicodusport.fr\/blog\/#organization"},"potentialAction":[{"@type":"SearchAction","target":{"@type":"EntryPoint","urlTemplate":"https:\/\/dicodusport.fr\/blog\/?s={search_term_string}"},"query-input":{"@type":"PropertyValueSpecification","valueRequired":true,"valueName":"search_term_string"}}],"inLanguage":"fr-FR"},{"@type":"NewsMediaOrganization","@id":"https:\/\/dicodusport.fr\/blog\/#organization","name":"Dicodusport","url":"https:\/\/dicodusport.fr\/blog\/","logo":{"@type":"ImageObject","inLanguage":"fr-FR","@id":"https:\/\/dicodusport.fr\/blog\/#\/schema\/logo\/image\/","url":"https:\/\/dicodusport.fr\/blog\/wp-content\/uploads\/2020\/06\/cropped-LOGO-DICODUSPORT-2020-SANS-FOND-SANS-TEXTE.png","contentUrl":"https:\/\/dicodusport.fr\/blog\/wp-content\/uploads\/2020\/06\/cropped-LOGO-DICODUSPORT-2020-SANS-FOND-SANS-TEXTE.png","width":512,"height":512,"caption":"Dicodusport"},"image":{"@id":"https:\/\/dicodusport.fr\/blog\/#\/schema\/logo\/image\/"},"sameAs":["https:\/\/www.facebook.com\/dicodusport","https:\/\/x.com\/dicodusport","https:\/\/www.instagram.com\/dicodusport\/","https:\/\/www.youtube.com\/channel\/UC7V2KZ5sd3htJivAbA4ZG3w"],"description":"Dicodusport est l'encyclop\u00e9die de l'actualit\u00e9 sportive.","email":"bonjour@dicodusport.fr","legalName":"DICODUSPORT","foundingDate":"2018-01-14","vatID":"FR71834470973","taxID":"83447097300043","numberOfEmployees":{"@type":"QuantitativeValue","minValue":"1","maxValue":"10"}},{"@type":"Person","@id":"https:\/\/dicodusport.fr\/blog\/#\/schema\/person\/cb02af4c173ce4a653b55e9baf388d4a","name":"Flo Ostermann","image":{"@type":"ImageObject","inLanguage":"fr-FR","@id":"https:\/\/dicodusport.fr\/blog\/#\/schema\/person\/image\/","url":"https:\/\/dicodusport.fr\/blog\/wp-content\/uploads\/2021\/05\/Flo-Ostermann-150x150.jpg","contentUrl":"https:\/\/dicodusport.fr\/blog\/wp-content\/uploads\/2021\/05\/Flo-Ostermann-150x150.jpg","caption":"Flo Ostermann"},"description":"Journaliste\/R\u00e9dacteur depuis septembre 2015 - Mes premiers souvenirs dans le sport ? Les envol\u00e9es du Stade Toulousain et les duels Villeneuve-Schumacher et H\u00e4kkinen-Schumacher \u00e0 la fin des ann\u00e9es 90, la Coupe du monde de football en 1998, l\u2019exploit du XV de France face aux All Blacks en 1999, mais aussi Richard C\u0153ur de Lion qui vole sur les montagnes du Tour de France. Bien parti pour devenir professeur d\u2019EPS, les \u00e9v\u00e9nements de la vie (et la flemme d\u2019animer des s\u00e9ances de 3x500 m\u00e8tres toute ma vie) m\u2019ont conduit \u00e0 revoir mes plans. Me voil\u00e0 depuis fin 2017 sur Dicodusport, m\u00e9dia gr\u00e2ce (et pour) lequel je partage ma passion : le sport dans tous ses \u00e9tats. Le tout accompagn\u00e9 par les fous furieux et folles furieuses cit\u00e9s sur cette page !","sameAs":["https:\/\/www.facebook.com\/florent.ostermann","https:\/\/x.com\/https:\/\/twitter.com\/FlOstermann","admin"],"url":"https:\/\/dicodusport.fr\/blog\/author\/flo\/"}]}},"_links":{"self":[{"href":"https:\/\/dicodusport.fr\/blog\/wp-json\/wp\/v2\/posts\/45208","targetHints":{"allow":["GET"]}}],"collection":[{"href":"https:\/\/dicodusport.fr\/blog\/wp-json\/wp\/v2\/posts"}],"about":[{"href":"https:\/\/dicodusport.fr\/blog\/wp-json\/wp\/v2\/types\/post"}],"author":[{"embeddable":true,"href":"https:\/\/dicodusport.fr\/blog\/wp-json\/wp\/v2\/users\/4"}],"replies":[{"embeddable":true,"href":"https:\/\/dicodusport.fr\/blog\/wp-json\/wp\/v2\/comments?post=45208"}],"version-history":[{"count":0,"href":"https:\/\/dicodusport.fr\/blog\/wp-json\/wp\/v2\/posts\/45208\/revisions"}],"wp:featuredmedia":[{"embeddable":true,"href":"https:\/\/dicodusport.fr\/blog\/wp-json\/wp\/v2\/media\/45049"}],"wp:attachment":[{"href":"https:\/\/dicodusport.fr\/blog\/wp-json\/wp\/v2\/media?parent=45208"}],"wp:term":[{"taxonomy":"category","embeddable":true,"href":"https:\/\/dicodusport.fr\/blog\/wp-json\/wp\/v2\/categories?post=45208"},{"taxonomy":"post_tag","embeddable":true,"href":"https:\/\/dicodusport.fr\/blog\/wp-json\/wp\/v2\/tags?post=45208"}],"curies":[{"name":"wp","href":"https:\/\/api.w.org\/{rel}","templated":true}]}}