{"id":452101,"date":"2024-01-13T14:26:06","date_gmt":"2024-01-13T13:26:06","guid":{"rendered":"https:\/\/dicodusport.fr\/blog\/?p=452101&#038;preview=true&#038;preview_id=452101"},"modified":"2024-01-13T19:12:50","modified_gmt":"2024-01-13T18:12:50","slug":"descente-2-de-wengen-cyprien-sarrazin-deuxieme-derriere-un-marco-odermatt","status":"publish","type":"post","link":"https:\/\/dicodusport.fr\/blog\/descente-2-de-wengen-cyprien-sarrazin-deuxieme-derriere-un-marco-odermatt\/","title":{"rendered":"Descente 2 de Wengen : Cyprien Sarrazin deuxi\u00e8me derri\u00e8re un Marco Odermatt intouchable"},"content":{"rendered":"<p style=\"text-align: justify;\"><strong><em><a href=\"https:\/\/dicodusport.fr\/blog\/ski-alpin-coupe-du-monde-2023-2024-calendrier-et-resultats-hommes\/\">COUPE DU MONDE SKI ALPIN 2023-2024<\/a><\/em><em> &#8211; Marco Odermatt a remport\u00e9 la descente 2 de Wengen ce samedi. Il rel\u00e8gue Cyprien Sarrazin, encore excellent, \u00e0 59 centi\u00e8mes, et Dominik Paris \u00e0 pr\u00e8s de deux secondes ! Le Norv\u00e9gien Aleksander Aamodt Kilde a tr\u00e8s lourdement chut\u00e9 sur le bas de la piste et semble s\u00e9rieusement bless\u00e9.<\/em><\/strong><\/p>\n<ul>\n<li style=\"text-align: justify;\"><strong>\u00c0 ce sujet &#8211; <a href=\"https:\/\/dicodusport.fr\/blog\/classement-descente-hommes-2-wengen-2024\/\">Classement Descente hommes 2 Wengen 2024<\/a>\u00a0<\/strong><\/li>\n<\/ul>\n<h2 style=\"text-align: justify;\">La course la plus longue de la saison<\/h2>\n<p style=\"text-align: justify;\">Au lendemain de la <a href=\"https:\/\/dicodusport.fr\/blog\/super-g-de-wengen-cyprien-sarrazin-ecrase-la-concurrence\/\">victoire magistrale de <strong>Cyprien Sarrazin<\/strong> sur le Super-G<\/a>, les hommes forts de la vitesse avaient \u00e0 nouveau rendez-vous sur le <em>Lauberhorn<\/em> de Wengen pour une deuxi\u00e8me descente apr\u00e8s <a href=\"https:\/\/dicodusport.fr\/blog\/descente-wengen-premiere-victoire-en-descente-pour-odermatt-juste-devant-sarrazin\/\">celle de jeudi<\/a>. Au contraire de la premi\u00e8re, celle-ci s&rsquo;annon\u00e7ait encore plus intense puisque les skieurs devaient d\u00e9valer l&rsquo;int\u00e9gralit\u00e9 de la piste pour ce qui repr\u00e9sente la descente la plus longue de la saison. Un absent en revanche sur la liste de d\u00e9part, et pas des moindres : <strong>Alexis Pinturault<\/strong> ! Accident\u00e9 hier sur le Super-G, le skieur de Courchevel a vu sa saison s&rsquo;achever pr\u00e9matur\u00e9ment, <a href=\"https:\/\/dicodusport.fr\/blog\/ski-alpin-saison-terminee-pour-alexis-pinturault-victime-dune-rupture-du-ligament-croise\/\">victime d&rsquo;une rupture du ligament crois\u00e9 du genou gauche<\/a>.<\/p>\n<p style=\"text-align: justify;\">Au rayon des favoris, un trio se d\u00e9gageait dans la cabine de d\u00e9part. Finalement, les m\u00eames noms commencent \u00e0 revenir course apr\u00e8s course : <strong>Marco Odermatt<\/strong>, infatigable et quasiment infaillible, <strong>Aleksander Aamodt Kilde<\/strong>, en forme comme l&rsquo;atteste son podium r\u00e9cent sur le g\u00e9ant d&rsquo;Adelboden, et la fus\u00e9e tricolore, <strong>Cyprien Sarrazin<\/strong>, sur un nuage actuellement (deux victoires, une deuxi\u00e8me place sur les trois derni\u00e8res courses). Parmi les outsiders, le Transalpin <strong>Dominik Paris<\/strong> est \u00e9galement en forme, en atteste sa victoire sur la descente de Val Gardena il y a quelques semaines.<\/p>\n<ul>\n<li style=\"text-align: justify;\"><strong>\u00c0 lire aussi \u2013\u00a0<a title=\"Coupe du monde de ski alpin \u2013 Classement g\u00e9n\u00e9ral femmes\" href=\"https:\/\/dicodusport.fr\/blog\/coupe-du-monde-de-ski-alpin-classement-general-hommes\/\" rel=\"\">Coupe du monde de ski alpin \u2013 Classement g\u00e9n\u00e9ral hommes<\/a><\/strong><\/li>\n<\/ul>\n<h2 style=\"text-align: justify;\">Odermatt imp\u00e9rial, les Fran\u00e7ais en r\u00e9ussite<\/h2>\n<p style=\"text-align: justify;\">Longtemps, <strong>Adrien Th\u00e9aux<\/strong> et <strong>Nils Allegre<\/strong>, dossards 1 et 2 figuraient en t\u00eate du classement. Derri\u00e8re eux, des hommes comme <strong>Bryce Bennett<\/strong> (premier et troisi\u00e8me \u00e0 Val Gardena cette ann\u00e9e) ou encore <strong>Mattia Casse<\/strong>, cinq Top 10 cette saison, podium ici m\u00eame l&rsquo;an dernier. Il faut attendre le dossard 8 de <strong>Marco Odermatt<\/strong> pour que les pendules soient remises \u00e0 l&rsquo;heure et que les deux Fran\u00e7ais soient ramen\u00e9s \u00e0 la r\u00e9alit\u00e9 ! 2 secondes 55 ! C&rsquo;est l&rsquo;\u00e9cart de l&rsquo;Helv\u00e8te sur <strong>Adrien Th\u00e9aux<\/strong> sur la ligne d&rsquo;arriv\u00e9e. Vex\u00e9 sans doute d&rsquo;avoir \u00e9t\u00e9 battu la veille, le Suisse condamne ainsi la concurrence \u00e0 l&rsquo;exploit apr\u00e8s une descente parfaite.<\/p>\n<p style=\"text-align: justify;\">L&rsquo;exploit, <strong>Cyprien Sarrazin<\/strong> pensait s\u00fbrement pouvoir le r\u00e9aliser tant il semble en mesure de repousser les limites de l&rsquo;impossible cette saison. Longtemps au contact du Suisse, le Fran\u00e7ais passe finalement la ligne avec 59 centi\u00e8mes de retard. Pas de victoire cette fois-ci, mais une performance de choix une fois de plus. Alors que <strong>Dominik Paris<\/strong> (+1.92) parvient \u00e0 s&rsquo;intercaler entre <strong>Sarrazin<\/strong> et <strong>Th\u00e9aux<\/strong>, <strong>Aleksander Aamodt Kilde<\/strong>, repr\u00e9sente la derni\u00e8re menace s\u00e9rieuse pour le Suisse.<\/p>\n<blockquote class=\"twitter-tweet\">\n<p dir=\"ltr\" lang=\"fr\">Encore une superbe performance de Cyprien Sarrazin ! Le Fran\u00e7ais prend la deuxi\u00e8me place provisoire \u00e0 Wengen derri\u00e8re le monstre Odermatt ! <a href=\"https:\/\/twitter.com\/hashtag\/ChaletClub?src=hash&amp;ref_src=twsrc%5Etfw\">#ChaletClub<\/a> <a href=\"https:\/\/t.co\/U5VhwXrpLJ\">pic.twitter.com\/U5VhwXrpLJ<\/a><\/p>\n<p>\u2014 Eurosport France (@Eurosport_FR) <a href=\"https:\/\/twitter.com\/Eurosport_FR\/status\/1746141480224256453?ref_src=twsrc%5Etfw\">January 13, 2024<\/a><\/p><\/blockquote>\n<p><script async src=\"https:\/\/platform.twitter.com\/widgets.js\" charset=\"utf-8\"><\/script><\/p>\n<h2 style=\"text-align: justify;\">Inqui\u00e9tude autour de Kilde<\/h2>\n<p style=\"text-align: justify;\">N\u00e9anmoins, le podium ne bougera plus. Le Norv\u00e9gien, \u00e0 la lutte pour les trois premi\u00e8res places (quatri\u00e8me provisoire au dernier interm\u00e9diaire), chute tr\u00e8s violemment en fin de carrousel, refroidissant les dizaines de milliers de spectateurs venus encourager les skieurs. Alors que tr\u00e8s logiquement, la r\u00e9alisation \u00e9vite de remontrer les images, un plan furtif sur le Norv\u00e9gien le montre au sol, souffrant alors que les docteurs semblaient lui poser un garot. En attendant un diagnostic pr\u00e9cis, le circuit de la Coupe du monde doit sans doute dire au revoir, pour la fin de saison, \u00e0 un troisi\u00e8me cador en deux semaines, apr\u00e8s <strong>Marco Schwarz<\/strong> et <strong>Alexis Pinturault<\/strong>.<\/p>\n<p style=\"text-align: justify;\">Apr\u00e8s une longue interruption afin d&rsquo;\u00e9vacuer <strong>Aleksander Aamodt Kilde<\/strong>, la course a finalement repris. Seuls <strong>Adrian Smiseth Sejersted<\/strong> et <strong>Vincent Kriechmayr<\/strong> parviennent \u00e0 bousculer le Top 6 en s&rsquo;intercalant respectivement \u00e0 la quatri\u00e8me et cinqui\u00e8me place. Du c\u00f4t\u00e9 tricolore, si <strong>Adrien Th\u00e9aux<\/strong> et <strong>Nils Allegre<\/strong> figurent dans le Top 10 (6\u00e8me et 7\u00e8me), et que <strong>Blaise Giezendanner<\/strong> termine 18\u00e8me, <strong>Maxence Muzaton<\/strong> a connu moins de chance. Pas dans sa course, le Fran\u00e7ais a \u00e9t\u00e9 contraint de s&rsquo;arr\u00eater apr\u00e8s s&rsquo;\u00eatre fait mal au poignet dans le Kernen-S. Dans la foul\u00e9e, <strong>Matthieu Bailet<\/strong> a, lui aussi, mis la fl\u00e8che alors que <strong>Nils Alphand<\/strong>\u00a0termine 32\u00e8me aux portes des points. Demain, place aux techniciens : les sp\u00e9cialistes des piquets serr\u00e9s ont rendez-vous pour un slalom qui constituera la quatri\u00e8me course en quatre jours !<\/p>\n<blockquote class=\"twitter-tweet\">\n<p dir=\"ltr\" lang=\"fr\">\u00ab\u00a0Plus de jambes !\u00a0\u00bb<\/p>\n<p>La tr\u00e8s belle accolade entre Odermatt, leader provisoire, et Sarrazin, son dauphin, \u00e0 l&rsquo;arriv\u00e9e du Fran\u00e7ais \ud83e\udef6<a href=\"https:\/\/twitter.com\/hashtag\/ChaletClub?src=hash&amp;ref_src=twsrc%5Etfw\">#ChaletClub<\/a> <a href=\"https:\/\/t.co\/tUXyjDOLip\">pic.twitter.com\/tUXyjDOLip<\/a><\/p>\n<p>\u2014 Eurosport France (@Eurosport_FR) <a href=\"https:\/\/twitter.com\/Eurosport_FR\/status\/1746140155365200306?ref_src=twsrc%5Etfw\">January 13, 2024<\/a><\/p><\/blockquote>\n<p><script async src=\"https:\/\/platform.twitter.com\/widgets.js\" charset=\"utf-8\"><\/script><\/p>\n","protected":false},"excerpt":{"rendered":"<p>Descente 2 de Wengen : Le Suisse Marco Odermatt s&rsquo;est impos\u00e9 devant Cyprien Sarrazin et Dominik Paris. Le Norv\u00e9gien Kilde a lourdement chut\u00e9.<\/p>\n","protected":false},"author":91,"featured_media":452295,"comment_status":"open","ping_status":"closed","sticky":false,"template":"","format":"standard","meta":{"_acf_changed":false,"_daextam_enable_autolinks":"1","footnotes":""},"categories":[47084],"tags":[13645,16878,36976,15042,2233,24],"class_list":["post-452101","post","type-post","status-publish","format-standard","has-post-thumbnail","hentry","category-coupe-du-monde-ski-alpin","tag-aleksander-aamodt-kilde","tag-breve","tag-cyprien-sarrazin","tag-marco-odermatt","tag-ski-alpin","tag-sport"],"acf":[],"yoast_head":"<!-- This site is optimized with the Yoast SEO Premium plugin v26.7 (Yoast SEO v26.7) - https:\/\/yoast.com\/wordpress\/plugins\/seo\/ -->\n<title>Descente 2 de Wengen : Cyprien Sarrazin deuxi\u00e8me derri\u00e8re un Marco Odermatt intouchable<\/title>\n<meta name=\"description\" content=\"Descente 2 de Wengen : Le Suisse Marco Odermatt s&#039;est impos\u00e9 devant Cyprien Sarrazin et Dominik Paris. Le Norv\u00e9gien Kilde a lourdement chut\u00e9.\" \/>\n<meta name=\"robots\" content=\"index, follow, max-snippet:-1, max-image-preview:large, max-video-preview:-1\" \/>\n<link rel=\"canonical\" href=\"https:\/\/dicodusport.fr\/blog\/descente-2-de-wengen-cyprien-sarrazin-deuxieme-derriere-un-marco-odermatt\/\" \/>\n<meta property=\"og:locale\" content=\"fr_FR\" \/>\n<meta property=\"og:type\" content=\"article\" \/>\n<meta property=\"og:title\" content=\"Descente 2 de Wengen : Cyprien Sarrazin deuxi\u00e8me derri\u00e8re un Marco Odermatt intouchable\" \/>\n<meta property=\"og:description\" content=\"Descente 2 de Wengen : Le Suisse Marco Odermatt s&#039;est impos\u00e9 devant Cyprien Sarrazin et Dominik Paris. Le Norv\u00e9gien Kilde a lourdement chut\u00e9.\" \/>\n<meta property=\"og:url\" content=\"https:\/\/dicodusport.fr\/blog\/descente-2-de-wengen-cyprien-sarrazin-deuxieme-derriere-un-marco-odermatt\/\" \/>\n<meta property=\"og:site_name\" content=\"Dicodusport\" \/>\n<meta property=\"article:publisher\" content=\"https:\/\/www.facebook.com\/dicodusport\" \/>\n<meta property=\"article:published_time\" content=\"2024-01-13T13:26:06+00:00\" \/>\n<meta property=\"article:modified_time\" content=\"2024-01-13T18:12:50+00:00\" \/>\n<meta property=\"og:image\" content=\"https:\/\/dicodusport.fr\/blog\/wp-content\/uploads\/2024\/01\/Descente-2-de-Wengen-Cyprien-Sarrazin-deuxieme-derriere-un-Marco-Odermatt-intouchable.png\" \/>\n\t<meta property=\"og:image:width\" content=\"1200\" \/>\n\t<meta property=\"og:image:height\" content=\"674\" \/>\n\t<meta property=\"og:image:type\" content=\"image\/png\" \/>\n<meta name=\"author\" content=\"Victor Clot-Amiot\" \/>\n<meta name=\"twitter:card\" content=\"summary_large_image\" \/>\n<meta name=\"twitter:title\" content=\"Descente 2 de Wengen : Cyprien Sarrazin deuxi\u00e8me derri\u00e8re un Marco Odermatt intouchable\" \/>\n<meta name=\"twitter:creator\" content=\"@https:\/\/x.com\/VictorClotAmiot\" \/>\n<meta name=\"twitter:site\" content=\"@dicodusport\" \/>\n<script type=\"application\/ld+json\" class=\"yoast-schema-graph\">{\"@context\":\"https:\/\/schema.org\",\"@graph\":[{\"@type\":\"NewsArticle\",\"@id\":\"https:\/\/dicodusport.fr\/blog\/descente-2-de-wengen-cyprien-sarrazin-deuxieme-derriere-un-marco-odermatt\/#article\",\"isPartOf\":{\"@id\":\"https:\/\/dicodusport.fr\/blog\/descente-2-de-wengen-cyprien-sarrazin-deuxieme-derriere-un-marco-odermatt\/\"},\"author\":{\"name\":\"Victor Clot-Amiot\",\"@id\":\"https:\/\/dicodusport.fr\/blog\/#\/schema\/person\/b623199cba9ba90fe84a3d16e9282360\"},\"headline\":\"Descente 2 de Wengen : Cyprien Sarrazin deuxi\u00e8me derri\u00e8re un Marco Odermatt intouchable\",\"datePublished\":\"2024-01-13T13:26:06+00:00\",\"dateModified\":\"2024-01-13T18:12:50+00:00\",\"mainEntityOfPage\":{\"@id\":\"https:\/\/dicodusport.fr\/blog\/descente-2-de-wengen-cyprien-sarrazin-deuxieme-derriere-un-marco-odermatt\/\"},\"wordCount\":849,\"commentCount\":0,\"publisher\":{\"@id\":\"https:\/\/dicodusport.fr\/blog\/#organization\"},\"image\":{\"@id\":\"https:\/\/dicodusport.fr\/blog\/descente-2-de-wengen-cyprien-sarrazin-deuxieme-derriere-un-marco-odermatt\/#primaryimage\"},\"thumbnailUrl\":\"https:\/\/dicodusport.fr\/blog\/wp-content\/uploads\/2024\/01\/Descente-2-de-Wengen-Cyprien-Sarrazin-deuxieme-derriere-un-Marco-Odermatt-intouchable.png\",\"keywords\":[\"Aleksander Aamodt Kilde\",\"br\u00e8ve\",\"Cyprien Sarrazin\",\"Marco Odermatt\",\"Ski alpin\",\"sport\"],\"articleSection\":[\"Coupe du monde de ski alpin\"],\"inLanguage\":\"fr-FR\",\"potentialAction\":[{\"@type\":\"CommentAction\",\"name\":\"Comment\",\"target\":[\"https:\/\/dicodusport.fr\/blog\/descente-2-de-wengen-cyprien-sarrazin-deuxieme-derriere-un-marco-odermatt\/#respond\"]}],\"copyrightYear\":\"2024\",\"copyrightHolder\":{\"@id\":\"https:\/\/dicodusport.fr\/blog\/#organization\"}},{\"@type\":\"WebPage\",\"@id\":\"https:\/\/dicodusport.fr\/blog\/descente-2-de-wengen-cyprien-sarrazin-deuxieme-derriere-un-marco-odermatt\/\",\"url\":\"https:\/\/dicodusport.fr\/blog\/descente-2-de-wengen-cyprien-sarrazin-deuxieme-derriere-un-marco-odermatt\/\",\"name\":\"Descente 2 de Wengen : Cyprien Sarrazin deuxi\u00e8me derri\u00e8re un Marco Odermatt intouchable\",\"isPartOf\":{\"@id\":\"https:\/\/dicodusport.fr\/blog\/#website\"},\"primaryImageOfPage\":{\"@id\":\"https:\/\/dicodusport.fr\/blog\/descente-2-de-wengen-cyprien-sarrazin-deuxieme-derriere-un-marco-odermatt\/#primaryimage\"},\"image\":{\"@id\":\"https:\/\/dicodusport.fr\/blog\/descente-2-de-wengen-cyprien-sarrazin-deuxieme-derriere-un-marco-odermatt\/#primaryimage\"},\"thumbnailUrl\":\"https:\/\/dicodusport.fr\/blog\/wp-content\/uploads\/2024\/01\/Descente-2-de-Wengen-Cyprien-Sarrazin-deuxieme-derriere-un-Marco-Odermatt-intouchable.png\",\"datePublished\":\"2024-01-13T13:26:06+00:00\",\"dateModified\":\"2024-01-13T18:12:50+00:00\",\"description\":\"Descente 2 de Wengen : Le Suisse Marco Odermatt s'est impos\u00e9 devant Cyprien Sarrazin et Dominik Paris. Le Norv\u00e9gien Kilde a lourdement chut\u00e9.\",\"breadcrumb\":{\"@id\":\"https:\/\/dicodusport.fr\/blog\/descente-2-de-wengen-cyprien-sarrazin-deuxieme-derriere-un-marco-odermatt\/#breadcrumb\"},\"inLanguage\":\"fr-FR\",\"potentialAction\":[{\"@type\":\"ReadAction\",\"target\":[\"https:\/\/dicodusport.fr\/blog\/descente-2-de-wengen-cyprien-sarrazin-deuxieme-derriere-un-marco-odermatt\/\"]}]},{\"@type\":\"ImageObject\",\"inLanguage\":\"fr-FR\",\"@id\":\"https:\/\/dicodusport.fr\/blog\/descente-2-de-wengen-cyprien-sarrazin-deuxieme-derriere-un-marco-odermatt\/#primaryimage\",\"url\":\"https:\/\/dicodusport.fr\/blog\/wp-content\/uploads\/2024\/01\/Descente-2-de-Wengen-Cyprien-Sarrazin-deuxieme-derriere-un-Marco-Odermatt-intouchable.png\",\"contentUrl\":\"https:\/\/dicodusport.fr\/blog\/wp-content\/uploads\/2024\/01\/Descente-2-de-Wengen-Cyprien-Sarrazin-deuxieme-derriere-un-Marco-Odermatt-intouchable.png\",\"width\":1200,\"height\":674,\"caption\":\"Descente 2 de Wengen Cyprien Sarrazin deuxi\u00e8me derri\u00e8re un Marco Odermatt intouchable\"},{\"@type\":\"BreadcrumbList\",\"@id\":\"https:\/\/dicodusport.fr\/blog\/descente-2-de-wengen-cyprien-sarrazin-deuxieme-derriere-un-marco-odermatt\/#breadcrumb\",\"itemListElement\":[{\"@type\":\"ListItem\",\"position\":1,\"name\":\"Accueil\",\"item\":\"https:\/\/dicodusport.fr\/blog\/\"},{\"@type\":\"ListItem\",\"position\":2,\"name\":\"Descente 2 de Wengen : Cyprien Sarrazin deuxi\u00e8me derri\u00e8re un Marco Odermatt intouchable\"}]},{\"@type\":\"WebSite\",\"@id\":\"https:\/\/dicodusport.fr\/blog\/#website\",\"url\":\"https:\/\/dicodusport.fr\/blog\/\",\"name\":\"Dicodusport\",\"description\":\"L&#039;encyclop\u00e9die de l&#039;actualit\u00e9 sportive\",\"publisher\":{\"@id\":\"https:\/\/dicodusport.fr\/blog\/#organization\"},\"potentialAction\":[{\"@type\":\"SearchAction\",\"target\":{\"@type\":\"EntryPoint\",\"urlTemplate\":\"https:\/\/dicodusport.fr\/blog\/?s={search_term_string}\"},\"query-input\":{\"@type\":\"PropertyValueSpecification\",\"valueRequired\":true,\"valueName\":\"search_term_string\"}}],\"inLanguage\":\"fr-FR\"},{\"@type\":\"NewsMediaOrganization\",\"@id\":\"https:\/\/dicodusport.fr\/blog\/#organization\",\"name\":\"Dicodusport\",\"url\":\"https:\/\/dicodusport.fr\/blog\/\",\"logo\":{\"@type\":\"ImageObject\",\"inLanguage\":\"fr-FR\",\"@id\":\"https:\/\/dicodusport.fr\/blog\/#\/schema\/logo\/image\/\",\"url\":\"https:\/\/dicodusport.fr\/blog\/wp-content\/uploads\/2020\/06\/cropped-LOGO-DICODUSPORT-2020-SANS-FOND-SANS-TEXTE.png\",\"contentUrl\":\"https:\/\/dicodusport.fr\/blog\/wp-content\/uploads\/2020\/06\/cropped-LOGO-DICODUSPORT-2020-SANS-FOND-SANS-TEXTE.png\",\"width\":512,\"height\":512,\"caption\":\"Dicodusport\"},\"image\":{\"@id\":\"https:\/\/dicodusport.fr\/blog\/#\/schema\/logo\/image\/\"},\"sameAs\":[\"https:\/\/www.facebook.com\/dicodusport\",\"https:\/\/x.com\/dicodusport\",\"https:\/\/www.instagram.com\/dicodusport\/\",\"https:\/\/www.youtube.com\/channel\/UC7V2KZ5sd3htJivAbA4ZG3w\"],\"description\":\"Dicodusport est l'encyclop\u00e9die de l'actualit\u00e9 sportive.\",\"email\":\"bonjour@dicodusport.fr\",\"legalName\":\"DICODUSPORT\",\"foundingDate\":\"2018-01-14\",\"vatID\":\"FR71834470973\",\"taxID\":\"83447097300043\",\"numberOfEmployees\":{\"@type\":\"QuantitativeValue\",\"minValue\":\"1\",\"maxValue\":\"10\"}},{\"@type\":\"Person\",\"@id\":\"https:\/\/dicodusport.fr\/blog\/#\/schema\/person\/b623199cba9ba90fe84a3d16e9282360\",\"name\":\"Victor Clot-Amiot\",\"image\":{\"@type\":\"ImageObject\",\"inLanguage\":\"fr-FR\",\"@id\":\"https:\/\/dicodusport.fr\/blog\/#\/schema\/person\/image\/\",\"url\":\"https:\/\/dicodusport.fr\/blog\/wp-content\/uploads\/2023\/09\/IMG_20190826_114722-150x150.jpg\",\"contentUrl\":\"https:\/\/dicodusport.fr\/blog\/wp-content\/uploads\/2023\/09\/IMG_20190826_114722-150x150.jpg\",\"caption\":\"Victor Clot-Amiot\"},\"description\":\"Passionn\u00e9 de sport depuis toujours, un jour \u00e0 l'adolescence mes parents m'ont dit : \\\"quitte \u00e0 passer ton temps \u00e0 regarder du sport, au moins va le voir en vrai\\\" ! Depuis, cette remarque ne m'a plus quitt\u00e9 et je passe une grande partie de mon temps libre \u00e0 assister \u00e0 des comp\u00e9titions de tous sports. Je m\u00eale d'ailleurs mes deux passions, le sport et les voyages afin de faire une pierre deux coups ! Outre l'US Open ou l'Euro 2021 par exemple, j'ai assist\u00e9 cet \u00e9t\u00e9 aux Mondiaux d'athl\u00e9tisme \u00e0 Budapest. Mon plus gros coup dur est et restera les JO 2020-2021 pour lesquels j'avais r\u00e9serv\u00e9 17 \u00e9preuves. La suite, vous la connaissez...\",\"sameAs\":[\"https:\/\/x.com\/https:\/\/x.com\/VictorClotAmiot\"],\"url\":\"https:\/\/dicodusport.fr\/blog\/author\/victor-clot-amiot\/\"}]}<\/script>\n<!-- \/ Yoast SEO Premium plugin. -->","yoast_head_json":{"title":"Descente 2 de Wengen : Cyprien Sarrazin deuxi\u00e8me derri\u00e8re un Marco Odermatt intouchable","description":"Descente 2 de Wengen : Le Suisse Marco Odermatt s'est impos\u00e9 devant Cyprien Sarrazin et Dominik Paris. Le Norv\u00e9gien Kilde a lourdement chut\u00e9.","robots":{"index":"index","follow":"follow","max-snippet":"max-snippet:-1","max-image-preview":"max-image-preview:large","max-video-preview":"max-video-preview:-1"},"canonical":"https:\/\/dicodusport.fr\/blog\/descente-2-de-wengen-cyprien-sarrazin-deuxieme-derriere-un-marco-odermatt\/","og_locale":"fr_FR","og_type":"article","og_title":"Descente 2 de Wengen : Cyprien Sarrazin deuxi\u00e8me derri\u00e8re un Marco Odermatt intouchable","og_description":"Descente 2 de Wengen : Le Suisse Marco Odermatt s'est impos\u00e9 devant Cyprien Sarrazin et Dominik Paris. Le Norv\u00e9gien Kilde a lourdement chut\u00e9.","og_url":"https:\/\/dicodusport.fr\/blog\/descente-2-de-wengen-cyprien-sarrazin-deuxieme-derriere-un-marco-odermatt\/","og_site_name":"Dicodusport","article_publisher":"https:\/\/www.facebook.com\/dicodusport","article_published_time":"2024-01-13T13:26:06+00:00","article_modified_time":"2024-01-13T18:12:50+00:00","og_image":[{"width":1200,"height":674,"url":"https:\/\/dicodusport.fr\/blog\/wp-content\/uploads\/2024\/01\/Descente-2-de-Wengen-Cyprien-Sarrazin-deuxieme-derriere-un-Marco-Odermatt-intouchable.png","type":"image\/png"}],"author":"Victor Clot-Amiot","twitter_card":"summary_large_image","twitter_title":"Descente 2 de Wengen : Cyprien Sarrazin deuxi\u00e8me derri\u00e8re un Marco Odermatt intouchable","twitter_creator":"@https:\/\/x.com\/VictorClotAmiot","twitter_site":"@dicodusport","schema":{"@context":"https:\/\/schema.org","@graph":[{"@type":"NewsArticle","@id":"https:\/\/dicodusport.fr\/blog\/descente-2-de-wengen-cyprien-sarrazin-deuxieme-derriere-un-marco-odermatt\/#article","isPartOf":{"@id":"https:\/\/dicodusport.fr\/blog\/descente-2-de-wengen-cyprien-sarrazin-deuxieme-derriere-un-marco-odermatt\/"},"author":{"name":"Victor Clot-Amiot","@id":"https:\/\/dicodusport.fr\/blog\/#\/schema\/person\/b623199cba9ba90fe84a3d16e9282360"},"headline":"Descente 2 de Wengen : Cyprien Sarrazin deuxi\u00e8me derri\u00e8re un Marco Odermatt intouchable","datePublished":"2024-01-13T13:26:06+00:00","dateModified":"2024-01-13T18:12:50+00:00","mainEntityOfPage":{"@id":"https:\/\/dicodusport.fr\/blog\/descente-2-de-wengen-cyprien-sarrazin-deuxieme-derriere-un-marco-odermatt\/"},"wordCount":849,"commentCount":0,"publisher":{"@id":"https:\/\/dicodusport.fr\/blog\/#organization"},"image":{"@id":"https:\/\/dicodusport.fr\/blog\/descente-2-de-wengen-cyprien-sarrazin-deuxieme-derriere-un-marco-odermatt\/#primaryimage"},"thumbnailUrl":"https:\/\/dicodusport.fr\/blog\/wp-content\/uploads\/2024\/01\/Descente-2-de-Wengen-Cyprien-Sarrazin-deuxieme-derriere-un-Marco-Odermatt-intouchable.png","keywords":["Aleksander Aamodt Kilde","br\u00e8ve","Cyprien Sarrazin","Marco Odermatt","Ski alpin","sport"],"articleSection":["Coupe du monde de ski alpin"],"inLanguage":"fr-FR","potentialAction":[{"@type":"CommentAction","name":"Comment","target":["https:\/\/dicodusport.fr\/blog\/descente-2-de-wengen-cyprien-sarrazin-deuxieme-derriere-un-marco-odermatt\/#respond"]}],"copyrightYear":"2024","copyrightHolder":{"@id":"https:\/\/dicodusport.fr\/blog\/#organization"}},{"@type":"WebPage","@id":"https:\/\/dicodusport.fr\/blog\/descente-2-de-wengen-cyprien-sarrazin-deuxieme-derriere-un-marco-odermatt\/","url":"https:\/\/dicodusport.fr\/blog\/descente-2-de-wengen-cyprien-sarrazin-deuxieme-derriere-un-marco-odermatt\/","name":"Descente 2 de Wengen : Cyprien Sarrazin deuxi\u00e8me derri\u00e8re un Marco Odermatt intouchable","isPartOf":{"@id":"https:\/\/dicodusport.fr\/blog\/#website"},"primaryImageOfPage":{"@id":"https:\/\/dicodusport.fr\/blog\/descente-2-de-wengen-cyprien-sarrazin-deuxieme-derriere-un-marco-odermatt\/#primaryimage"},"image":{"@id":"https:\/\/dicodusport.fr\/blog\/descente-2-de-wengen-cyprien-sarrazin-deuxieme-derriere-un-marco-odermatt\/#primaryimage"},"thumbnailUrl":"https:\/\/dicodusport.fr\/blog\/wp-content\/uploads\/2024\/01\/Descente-2-de-Wengen-Cyprien-Sarrazin-deuxieme-derriere-un-Marco-Odermatt-intouchable.png","datePublished":"2024-01-13T13:26:06+00:00","dateModified":"2024-01-13T18:12:50+00:00","description":"Descente 2 de Wengen : Le Suisse Marco Odermatt s'est impos\u00e9 devant Cyprien Sarrazin et Dominik Paris. Le Norv\u00e9gien Kilde a lourdement chut\u00e9.","breadcrumb":{"@id":"https:\/\/dicodusport.fr\/blog\/descente-2-de-wengen-cyprien-sarrazin-deuxieme-derriere-un-marco-odermatt\/#breadcrumb"},"inLanguage":"fr-FR","potentialAction":[{"@type":"ReadAction","target":["https:\/\/dicodusport.fr\/blog\/descente-2-de-wengen-cyprien-sarrazin-deuxieme-derriere-un-marco-odermatt\/"]}]},{"@type":"ImageObject","inLanguage":"fr-FR","@id":"https:\/\/dicodusport.fr\/blog\/descente-2-de-wengen-cyprien-sarrazin-deuxieme-derriere-un-marco-odermatt\/#primaryimage","url":"https:\/\/dicodusport.fr\/blog\/wp-content\/uploads\/2024\/01\/Descente-2-de-Wengen-Cyprien-Sarrazin-deuxieme-derriere-un-Marco-Odermatt-intouchable.png","contentUrl":"https:\/\/dicodusport.fr\/blog\/wp-content\/uploads\/2024\/01\/Descente-2-de-Wengen-Cyprien-Sarrazin-deuxieme-derriere-un-Marco-Odermatt-intouchable.png","width":1200,"height":674,"caption":"Descente 2 de Wengen Cyprien Sarrazin deuxi\u00e8me derri\u00e8re un Marco Odermatt intouchable"},{"@type":"BreadcrumbList","@id":"https:\/\/dicodusport.fr\/blog\/descente-2-de-wengen-cyprien-sarrazin-deuxieme-derriere-un-marco-odermatt\/#breadcrumb","itemListElement":[{"@type":"ListItem","position":1,"name":"Accueil","item":"https:\/\/dicodusport.fr\/blog\/"},{"@type":"ListItem","position":2,"name":"Descente 2 de Wengen : Cyprien Sarrazin deuxi\u00e8me derri\u00e8re un Marco Odermatt intouchable"}]},{"@type":"WebSite","@id":"https:\/\/dicodusport.fr\/blog\/#website","url":"https:\/\/dicodusport.fr\/blog\/","name":"Dicodusport","description":"L&#039;encyclop\u00e9die de l&#039;actualit\u00e9 sportive","publisher":{"@id":"https:\/\/dicodusport.fr\/blog\/#organization"},"potentialAction":[{"@type":"SearchAction","target":{"@type":"EntryPoint","urlTemplate":"https:\/\/dicodusport.fr\/blog\/?s={search_term_string}"},"query-input":{"@type":"PropertyValueSpecification","valueRequired":true,"valueName":"search_term_string"}}],"inLanguage":"fr-FR"},{"@type":"NewsMediaOrganization","@id":"https:\/\/dicodusport.fr\/blog\/#organization","name":"Dicodusport","url":"https:\/\/dicodusport.fr\/blog\/","logo":{"@type":"ImageObject","inLanguage":"fr-FR","@id":"https:\/\/dicodusport.fr\/blog\/#\/schema\/logo\/image\/","url":"https:\/\/dicodusport.fr\/blog\/wp-content\/uploads\/2020\/06\/cropped-LOGO-DICODUSPORT-2020-SANS-FOND-SANS-TEXTE.png","contentUrl":"https:\/\/dicodusport.fr\/blog\/wp-content\/uploads\/2020\/06\/cropped-LOGO-DICODUSPORT-2020-SANS-FOND-SANS-TEXTE.png","width":512,"height":512,"caption":"Dicodusport"},"image":{"@id":"https:\/\/dicodusport.fr\/blog\/#\/schema\/logo\/image\/"},"sameAs":["https:\/\/www.facebook.com\/dicodusport","https:\/\/x.com\/dicodusport","https:\/\/www.instagram.com\/dicodusport\/","https:\/\/www.youtube.com\/channel\/UC7V2KZ5sd3htJivAbA4ZG3w"],"description":"Dicodusport est l'encyclop\u00e9die de l'actualit\u00e9 sportive.","email":"bonjour@dicodusport.fr","legalName":"DICODUSPORT","foundingDate":"2018-01-14","vatID":"FR71834470973","taxID":"83447097300043","numberOfEmployees":{"@type":"QuantitativeValue","minValue":"1","maxValue":"10"}},{"@type":"Person","@id":"https:\/\/dicodusport.fr\/blog\/#\/schema\/person\/b623199cba9ba90fe84a3d16e9282360","name":"Victor Clot-Amiot","image":{"@type":"ImageObject","inLanguage":"fr-FR","@id":"https:\/\/dicodusport.fr\/blog\/#\/schema\/person\/image\/","url":"https:\/\/dicodusport.fr\/blog\/wp-content\/uploads\/2023\/09\/IMG_20190826_114722-150x150.jpg","contentUrl":"https:\/\/dicodusport.fr\/blog\/wp-content\/uploads\/2023\/09\/IMG_20190826_114722-150x150.jpg","caption":"Victor Clot-Amiot"},"description":"Passionn\u00e9 de sport depuis toujours, un jour \u00e0 l'adolescence mes parents m'ont dit : \"quitte \u00e0 passer ton temps \u00e0 regarder du sport, au moins va le voir en vrai\" ! Depuis, cette remarque ne m'a plus quitt\u00e9 et je passe une grande partie de mon temps libre \u00e0 assister \u00e0 des comp\u00e9titions de tous sports. Je m\u00eale d'ailleurs mes deux passions, le sport et les voyages afin de faire une pierre deux coups ! Outre l'US Open ou l'Euro 2021 par exemple, j'ai assist\u00e9 cet \u00e9t\u00e9 aux Mondiaux d'athl\u00e9tisme \u00e0 Budapest. Mon plus gros coup dur est et restera les JO 2020-2021 pour lesquels j'avais r\u00e9serv\u00e9 17 \u00e9preuves. La suite, vous la connaissez...","sameAs":["https:\/\/x.com\/https:\/\/x.com\/VictorClotAmiot"],"url":"https:\/\/dicodusport.fr\/blog\/author\/victor-clot-amiot\/"}]}},"_links":{"self":[{"href":"https:\/\/dicodusport.fr\/blog\/wp-json\/wp\/v2\/posts\/452101","targetHints":{"allow":["GET"]}}],"collection":[{"href":"https:\/\/dicodusport.fr\/blog\/wp-json\/wp\/v2\/posts"}],"about":[{"href":"https:\/\/dicodusport.fr\/blog\/wp-json\/wp\/v2\/types\/post"}],"author":[{"embeddable":true,"href":"https:\/\/dicodusport.fr\/blog\/wp-json\/wp\/v2\/users\/91"}],"replies":[{"embeddable":true,"href":"https:\/\/dicodusport.fr\/blog\/wp-json\/wp\/v2\/comments?post=452101"}],"version-history":[{"count":5,"href":"https:\/\/dicodusport.fr\/blog\/wp-json\/wp\/v2\/posts\/452101\/revisions"}],"predecessor-version":[{"id":452343,"href":"https:\/\/dicodusport.fr\/blog\/wp-json\/wp\/v2\/posts\/452101\/revisions\/452343"}],"wp:featuredmedia":[{"embeddable":true,"href":"https:\/\/dicodusport.fr\/blog\/wp-json\/wp\/v2\/media\/452295"}],"wp:attachment":[{"href":"https:\/\/dicodusport.fr\/blog\/wp-json\/wp\/v2\/media?parent=452101"}],"wp:term":[{"taxonomy":"category","embeddable":true,"href":"https:\/\/dicodusport.fr\/blog\/wp-json\/wp\/v2\/categories?post=452101"},{"taxonomy":"post_tag","embeddable":true,"href":"https:\/\/dicodusport.fr\/blog\/wp-json\/wp\/v2\/tags?post=452101"}],"curies":[{"name":"wp","href":"https:\/\/api.w.org\/{rel}","templated":true}]}}