{"id":452181,"date":"2024-01-13T14:22:38","date_gmt":"2024-01-13T13:22:38","guid":{"rendered":"https:\/\/dicodusport.fr\/blog\/?p=452181&#038;preview=true&#038;preview_id=452181"},"modified":"2024-01-13T15:10:58","modified_gmt":"2024-01-13T14:10:58","slug":"transferts-om-josh-doig-signe-a-marseille-renan-lodi-tout-proche-du-depart","status":"publish","type":"post","link":"https:\/\/dicodusport.fr\/blog\/transferts-om-josh-doig-signe-a-marseille-renan-lodi-tout-proche-du-depart\/","title":{"rendered":"Transferts OM : Josh Doig signe \u00e0 Marseille, Renan Lodi tout proche du d\u00e9part"},"content":{"rendered":"<p style=\"text-align: justify;\"><strong><em>LIGUE 1 2023-2024 &#8211; Selon Fabrizio Romano, Josh Doig va signer \u00e0 l&rsquo;OM alors que Renan Lodi est tout proche d&rsquo;un d\u00e9part.\u00a0<\/em><\/strong><\/p>\n<p style=\"text-align: justify;\">Tout s&rsquo;acc\u00e9l\u00e8re pour le poste de lat\u00e9ral gauche \u00e0 l&rsquo;<strong>Olympique de Marseille<\/strong>. <strong>Gennaro<\/strong> <strong>Gattuso<\/strong> a confirm\u00e9 en conf\u00e9rence de presse apr\u00e8s le match nul face \u00e0 <strong>Strasbourg<\/strong> que <strong>Renan<\/strong> <strong>Lodi<\/strong> \u00e9tait sur le d\u00e9part. L&rsquo;entra\u00eeneur italien n&rsquo;a pas pris de risque avec le lat\u00e9ral br\u00e9silien en le mettant sur le banc lors de la rencontre de vendredi soir. L&rsquo;ancien de l&rsquo;<strong>Atl\u00e9tico Madrid<\/strong> discute avec un club saoudien, <strong>Al<\/strong> <strong>Hilal<\/strong>.<\/p>\n<ul style=\"text-align: justify;\">\n<li style=\"text-align: justify;\"><strong>\u00c0 ce sujet &#8211; <a href=\"https:\/\/dicodusport.fr\/blog\/transferts-om-renan-lodi-devrait-partir-marseille-veut-adrien-truffert\/\" target=\"_blank\" rel=\"noopener\">Transferts OM : Renan Lodi devrait partir, Marseille veut Adrien Truffert<\/a><\/strong><\/li>\n<\/ul>\n<h2 style=\"text-align: justify;\">Josh Doig arrive \u00e0 l&rsquo;OM, Adrien Truffert toujours esp\u00e9r\u00e9<\/h2>\n<p style=\"text-align: justify;\">L&rsquo;<strong>Olympique de Marseille<\/strong> doit donc trouver deux lat\u00e9raux gauches et vient de boucler un premier dossier. Comme attendu ces derniers jours, <strong>Josh Doig<\/strong> va s&rsquo;engager avec l&rsquo;OM. Les dirigeants olympiens ont trouv\u00e9 un accord avec l&rsquo;<strong>Hellas V\u00e9rone<\/strong> pour le transfert du jeune lat\u00e9ral gauche \u00e9cossais. Les Rangers n&rsquo;ont finalement pas tent\u00e9 de le chiper \u00e0 <strong>Marseille<\/strong>.<\/p>\n<p style=\"text-align: justify;\">\u00c0 21 ans, il est d\u00e9j\u00e0 titulaire dans le club italien et international espoirs \u00e9cossais. Il va donc venir renforcer le c\u00f4t\u00e9 gauche de la d\u00e9fense olympienne. L&rsquo;<strong>Olympique de Marseille<\/strong> ne devrait pas s&rsquo;arr\u00eater en si bon chemin si le d\u00e9part de <strong>Renan<\/strong> <strong>Lodi<\/strong> se confirme. <strong>Adrien<\/strong> <strong>Truffert<\/strong> est toujours esp\u00e9r\u00e9 par <strong>Pablo<\/strong> <strong>Longoria<\/strong> et le pr\u00e9sident olympien discute avec le <strong>Stade<\/strong> <strong>Rennais<\/strong>.<\/p>\n<blockquote class=\"twitter-tweet\">\n<p dir=\"ltr\" lang=\"en\">\ud83d\udea8\ud83d\udd35\u26aa\ufe0f Olympique Marseille have agreed on deal to sign Josh Doig from Hellas Verona.<\/p>\n<p>Final details being sorted, personal terms are now 100% agreed.<\/p>\n<p>Doig, expected to travel in the next days for medical tests. \ud83c\udff4\udb40\udc67\udb40\udc62\udb40\udc73\udb40\udc63\udb40\udc74\udb40\udc7f<\/p>\n<p>\u26d4\ufe0f Rangers were never working on this deal despite links. <a href=\"https:\/\/t.co\/CkW3W4waVq\">pic.twitter.com\/CkW3W4waVq<\/a><\/p>\n<p>\u2014 Fabrizio Romano (@FabrizioRomano) <a href=\"https:\/\/twitter.com\/FabrizioRomano\/status\/1746142088620646706?ref_src=twsrc%5Etfw\">January 13, 2024<\/a><\/p><\/blockquote>\n<p style=\"text-align: justify;\"><script async src=\"https:\/\/platform.twitter.com\/widgets.js\" charset=\"utf-8\"><\/script><\/p>\n","protected":false},"excerpt":{"rendered":"<p>LIGUE 1 2023-2024 &#8211; Selon Fabrizio Romano, Josh Doig va signer \u00e0 l&rsquo;OM alors que Renan Lodi est tout proche d&rsquo;un d\u00e9part.\u00a0<\/p>\n","protected":false},"author":1,"featured_media":452182,"comment_status":"open","ping_status":"closed","sticky":false,"template":"","format":"standard","meta":{"_acf_changed":false,"_daextam_enable_autolinks":"1","footnotes":""},"categories":[2301,47045],"tags":[16878,75,1554,446,1555,1889,2832],"class_list":["post-452181","post","type-post","status-publish","format-standard","has-post-thumbnail","hentry","category-football","category-ligue-1","tag-breve","tag-football","tag-ligue-1","tag-marseille","tag-mercato","tag-om","tag-transferts"],"acf":[],"yoast_head":"<!-- This site is optimized with the Yoast SEO Premium plugin v26.7 (Yoast SEO v26.7) - https:\/\/yoast.com\/wordpress\/plugins\/seo\/ -->\n<title>Transferts OM : Josh Doig signe \u00e0 Marseille, Renan Lodi tout proche du d\u00e9part<\/title>\n<meta name=\"description\" content=\"LIGUE 1 2023-2024 - Selon Fabrizio Romano, Josh Doig va signer \u00e0 l&#039;OM alors que Renan Lodi est tout proche d&#039;un d\u00e9part.\u00a0\" \/>\n<meta name=\"robots\" content=\"index, follow, max-snippet:-1, max-image-preview:large, max-video-preview:-1\" \/>\n<link rel=\"canonical\" href=\"https:\/\/dicodusport.fr\/blog\/transferts-om-josh-doig-signe-a-marseille-renan-lodi-tout-proche-du-depart\/\" \/>\n<meta property=\"og:locale\" content=\"fr_FR\" \/>\n<meta property=\"og:type\" content=\"article\" \/>\n<meta property=\"og:title\" content=\"Transferts OM : Josh Doig signe \u00e0 Marseille, Renan Lodi tout proche du d\u00e9part\" \/>\n<meta property=\"og:description\" content=\"LIGUE 1 2023-2024 - Selon Fabrizio Romano, Josh Doig va signer \u00e0 l&#039;OM alors que Renan Lodi est tout proche d&#039;un d\u00e9part.\u00a0\" \/>\n<meta property=\"og:url\" content=\"https:\/\/dicodusport.fr\/blog\/transferts-om-josh-doig-signe-a-marseille-renan-lodi-tout-proche-du-depart\/\" \/>\n<meta property=\"og:site_name\" content=\"Dicodusport\" \/>\n<meta property=\"article:publisher\" content=\"https:\/\/www.facebook.com\/dicodusport\" \/>\n<meta property=\"article:author\" content=\"https:\/\/www.facebook.com\/dicodusport\" \/>\n<meta property=\"article:published_time\" content=\"2024-01-13T13:22:38+00:00\" \/>\n<meta property=\"article:modified_time\" content=\"2024-01-13T14:10:58+00:00\" \/>\n<meta property=\"og:image\" content=\"https:\/\/dicodusport.fr\/blog\/wp-content\/uploads\/2024\/01\/Transferts-OM-Josh-Doig-signe-a-Marseille-Renan-Lodi-tout-proche-du-depart.png\" \/>\n\t<meta property=\"og:image:width\" content=\"1200\" \/>\n\t<meta property=\"og:image:height\" content=\"674\" \/>\n\t<meta property=\"og:image:type\" content=\"image\/png\" \/>\n<meta name=\"author\" content=\"Nicolas Jacquemard\" \/>\n<meta name=\"twitter:card\" content=\"summary_large_image\" \/>\n<meta name=\"twitter:title\" content=\"Transferts OM : Josh Doig signe \u00e0 Marseille, Renan Lodi tout proche du d\u00e9part\" \/>\n<meta name=\"twitter:creator\" content=\"@https:\/\/twitter.com\/Nico_Jacquemard\" \/>\n<meta name=\"twitter:site\" content=\"@dicodusport\" \/>\n<script type=\"application\/ld+json\" class=\"yoast-schema-graph\">{\"@context\":\"https:\/\/schema.org\",\"@graph\":[{\"@type\":\"NewsArticle\",\"@id\":\"https:\/\/dicodusport.fr\/blog\/transferts-om-josh-doig-signe-a-marseille-renan-lodi-tout-proche-du-depart\/#article\",\"isPartOf\":{\"@id\":\"https:\/\/dicodusport.fr\/blog\/transferts-om-josh-doig-signe-a-marseille-renan-lodi-tout-proche-du-depart\/\"},\"author\":{\"name\":\"Nicolas Jacquemard\",\"@id\":\"https:\/\/dicodusport.fr\/blog\/#\/schema\/person\/55dcb50ad410894e431ed812bbb70191\"},\"headline\":\"Transferts OM : Josh Doig signe \u00e0 Marseille, Renan Lodi tout proche du d\u00e9part\",\"datePublished\":\"2024-01-13T13:22:38+00:00\",\"dateModified\":\"2024-01-13T14:10:58+00:00\",\"mainEntityOfPage\":{\"@id\":\"https:\/\/dicodusport.fr\/blog\/transferts-om-josh-doig-signe-a-marseille-renan-lodi-tout-proche-du-depart\/\"},\"wordCount\":327,\"commentCount\":0,\"publisher\":{\"@id\":\"https:\/\/dicodusport.fr\/blog\/#organization\"},\"image\":{\"@id\":\"https:\/\/dicodusport.fr\/blog\/transferts-om-josh-doig-signe-a-marseille-renan-lodi-tout-proche-du-depart\/#primaryimage\"},\"thumbnailUrl\":\"https:\/\/dicodusport.fr\/blog\/wp-content\/uploads\/2024\/01\/Transferts-OM-Josh-Doig-signe-a-Marseille-Renan-Lodi-tout-proche-du-depart.png\",\"keywords\":[\"br\u00e8ve\",\"Football\",\"Ligue 1\",\"Marseille\",\"Mercato\",\"OM\",\"transferts\"],\"articleSection\":[\"Football\",\"Ligue 1\"],\"inLanguage\":\"fr-FR\",\"potentialAction\":[{\"@type\":\"CommentAction\",\"name\":\"Comment\",\"target\":[\"https:\/\/dicodusport.fr\/blog\/transferts-om-josh-doig-signe-a-marseille-renan-lodi-tout-proche-du-depart\/#respond\"]}],\"copyrightYear\":\"2024\",\"copyrightHolder\":{\"@id\":\"https:\/\/dicodusport.fr\/blog\/#organization\"}},{\"@type\":\"WebPage\",\"@id\":\"https:\/\/dicodusport.fr\/blog\/transferts-om-josh-doig-signe-a-marseille-renan-lodi-tout-proche-du-depart\/\",\"url\":\"https:\/\/dicodusport.fr\/blog\/transferts-om-josh-doig-signe-a-marseille-renan-lodi-tout-proche-du-depart\/\",\"name\":\"Transferts OM : Josh Doig signe \u00e0 Marseille, Renan Lodi tout proche du d\u00e9part\",\"isPartOf\":{\"@id\":\"https:\/\/dicodusport.fr\/blog\/#website\"},\"primaryImageOfPage\":{\"@id\":\"https:\/\/dicodusport.fr\/blog\/transferts-om-josh-doig-signe-a-marseille-renan-lodi-tout-proche-du-depart\/#primaryimage\"},\"image\":{\"@id\":\"https:\/\/dicodusport.fr\/blog\/transferts-om-josh-doig-signe-a-marseille-renan-lodi-tout-proche-du-depart\/#primaryimage\"},\"thumbnailUrl\":\"https:\/\/dicodusport.fr\/blog\/wp-content\/uploads\/2024\/01\/Transferts-OM-Josh-Doig-signe-a-Marseille-Renan-Lodi-tout-proche-du-depart.png\",\"datePublished\":\"2024-01-13T13:22:38+00:00\",\"dateModified\":\"2024-01-13T14:10:58+00:00\",\"description\":\"LIGUE 1 2023-2024 - Selon Fabrizio Romano, Josh Doig va signer \u00e0 l'OM alors que Renan Lodi est tout proche d'un d\u00e9part.\u00a0\",\"breadcrumb\":{\"@id\":\"https:\/\/dicodusport.fr\/blog\/transferts-om-josh-doig-signe-a-marseille-renan-lodi-tout-proche-du-depart\/#breadcrumb\"},\"inLanguage\":\"fr-FR\",\"potentialAction\":[{\"@type\":\"ReadAction\",\"target\":[\"https:\/\/dicodusport.fr\/blog\/transferts-om-josh-doig-signe-a-marseille-renan-lodi-tout-proche-du-depart\/\"]}]},{\"@type\":\"ImageObject\",\"inLanguage\":\"fr-FR\",\"@id\":\"https:\/\/dicodusport.fr\/blog\/transferts-om-josh-doig-signe-a-marseille-renan-lodi-tout-proche-du-depart\/#primaryimage\",\"url\":\"https:\/\/dicodusport.fr\/blog\/wp-content\/uploads\/2024\/01\/Transferts-OM-Josh-Doig-signe-a-Marseille-Renan-Lodi-tout-proche-du-depart.png\",\"contentUrl\":\"https:\/\/dicodusport.fr\/blog\/wp-content\/uploads\/2024\/01\/Transferts-OM-Josh-Doig-signe-a-Marseille-Renan-Lodi-tout-proche-du-depart.png\",\"width\":1200,\"height\":674,\"caption\":\"Transferts OM Josh Doig signe a\u0300 Marseille, Renan Lodi tout proche du de\u0301part\"},{\"@type\":\"BreadcrumbList\",\"@id\":\"https:\/\/dicodusport.fr\/blog\/transferts-om-josh-doig-signe-a-marseille-renan-lodi-tout-proche-du-depart\/#breadcrumb\",\"itemListElement\":[{\"@type\":\"ListItem\",\"position\":1,\"name\":\"Accueil\",\"item\":\"https:\/\/dicodusport.fr\/blog\/\"},{\"@type\":\"ListItem\",\"position\":2,\"name\":\"Transferts OM : Josh Doig signe \u00e0 Marseille, Renan Lodi tout proche du d\u00e9part\"}]},{\"@type\":\"WebSite\",\"@id\":\"https:\/\/dicodusport.fr\/blog\/#website\",\"url\":\"https:\/\/dicodusport.fr\/blog\/\",\"name\":\"Dicodusport\",\"description\":\"L&#039;encyclop\u00e9die de l&#039;actualit\u00e9 sportive\",\"publisher\":{\"@id\":\"https:\/\/dicodusport.fr\/blog\/#organization\"},\"potentialAction\":[{\"@type\":\"SearchAction\",\"target\":{\"@type\":\"EntryPoint\",\"urlTemplate\":\"https:\/\/dicodusport.fr\/blog\/?s={search_term_string}\"},\"query-input\":{\"@type\":\"PropertyValueSpecification\",\"valueRequired\":true,\"valueName\":\"search_term_string\"}}],\"inLanguage\":\"fr-FR\"},{\"@type\":\"NewsMediaOrganization\",\"@id\":\"https:\/\/dicodusport.fr\/blog\/#organization\",\"name\":\"Dicodusport\",\"url\":\"https:\/\/dicodusport.fr\/blog\/\",\"logo\":{\"@type\":\"ImageObject\",\"inLanguage\":\"fr-FR\",\"@id\":\"https:\/\/dicodusport.fr\/blog\/#\/schema\/logo\/image\/\",\"url\":\"https:\/\/dicodusport.fr\/blog\/wp-content\/uploads\/2020\/06\/cropped-LOGO-DICODUSPORT-2020-SANS-FOND-SANS-TEXTE.png\",\"contentUrl\":\"https:\/\/dicodusport.fr\/blog\/wp-content\/uploads\/2020\/06\/cropped-LOGO-DICODUSPORT-2020-SANS-FOND-SANS-TEXTE.png\",\"width\":512,\"height\":512,\"caption\":\"Dicodusport\"},\"image\":{\"@id\":\"https:\/\/dicodusport.fr\/blog\/#\/schema\/logo\/image\/\"},\"sameAs\":[\"https:\/\/www.facebook.com\/dicodusport\",\"https:\/\/x.com\/dicodusport\",\"https:\/\/www.instagram.com\/dicodusport\/\",\"https:\/\/www.youtube.com\/channel\/UC7V2KZ5sd3htJivAbA4ZG3w\"],\"description\":\"Dicodusport est l'encyclop\u00e9die de l'actualit\u00e9 sportive.\",\"email\":\"bonjour@dicodusport.fr\",\"legalName\":\"DICODUSPORT\",\"foundingDate\":\"2018-01-14\",\"vatID\":\"FR71834470973\",\"taxID\":\"83447097300043\",\"numberOfEmployees\":{\"@type\":\"QuantitativeValue\",\"minValue\":\"1\",\"maxValue\":\"10\"}},{\"@type\":\"Person\",\"@id\":\"https:\/\/dicodusport.fr\/blog\/#\/schema\/person\/55dcb50ad410894e431ed812bbb70191\",\"name\":\"Nicolas Jacquemard\",\"image\":{\"@type\":\"ImageObject\",\"inLanguage\":\"fr-FR\",\"@id\":\"https:\/\/dicodusport.fr\/blog\/#\/schema\/person\/image\/\",\"url\":\"https:\/\/dicodusport.fr\/blog\/wp-content\/uploads\/2021\/05\/Nicolas-Jacquemard-150x150.jpeg\",\"contentUrl\":\"https:\/\/dicodusport.fr\/blog\/wp-content\/uploads\/2021\/05\/Nicolas-Jacquemard-150x150.jpeg\",\"caption\":\"Nicolas Jacquemard\"},\"description\":\"Passionn\u00e9 de sport et entrepreneur depuis mes 18 ans, la cr\u00e9ation de Dicodusport m'a sembl\u00e9 \u00e9vidente pour participer \u00e0 la m\u00e9diatisation d'un plus grand nombre de sports. Le chemin est long mais avec une \u00e9quipe des plus motiv\u00e9es et les Jeux Olympiques de Paris 2024 en point de mire, nous y arriverons ! Journaliste dans le monde du sport depuis plus de 5 ans, je traite aussi bien de football, de rugby, de biathlon que de cyclisme.\",\"sameAs\":[\"https:\/\/www.facebook.com\/dicodusport\",\"https:\/\/x.com\/https:\/\/twitter.com\/Nico_Jacquemard\"],\"url\":\"https:\/\/dicodusport.fr\/blog\/author\/dicodusport\/\"}]}<\/script>\n<!-- \/ Yoast SEO Premium plugin. -->","yoast_head_json":{"title":"Transferts OM : Josh Doig signe \u00e0 Marseille, Renan Lodi tout proche du d\u00e9part","description":"LIGUE 1 2023-2024 - Selon Fabrizio Romano, Josh Doig va signer \u00e0 l'OM alors que Renan Lodi est tout proche d'un d\u00e9part.\u00a0","robots":{"index":"index","follow":"follow","max-snippet":"max-snippet:-1","max-image-preview":"max-image-preview:large","max-video-preview":"max-video-preview:-1"},"canonical":"https:\/\/dicodusport.fr\/blog\/transferts-om-josh-doig-signe-a-marseille-renan-lodi-tout-proche-du-depart\/","og_locale":"fr_FR","og_type":"article","og_title":"Transferts OM : Josh Doig signe \u00e0 Marseille, Renan Lodi tout proche du d\u00e9part","og_description":"LIGUE 1 2023-2024 - Selon Fabrizio Romano, Josh Doig va signer \u00e0 l'OM alors que Renan Lodi est tout proche d'un d\u00e9part.\u00a0","og_url":"https:\/\/dicodusport.fr\/blog\/transferts-om-josh-doig-signe-a-marseille-renan-lodi-tout-proche-du-depart\/","og_site_name":"Dicodusport","article_publisher":"https:\/\/www.facebook.com\/dicodusport","article_author":"https:\/\/www.facebook.com\/dicodusport","article_published_time":"2024-01-13T13:22:38+00:00","article_modified_time":"2024-01-13T14:10:58+00:00","og_image":[{"width":1200,"height":674,"url":"https:\/\/dicodusport.fr\/blog\/wp-content\/uploads\/2024\/01\/Transferts-OM-Josh-Doig-signe-a-Marseille-Renan-Lodi-tout-proche-du-depart.png","type":"image\/png"}],"author":"Nicolas Jacquemard","twitter_card":"summary_large_image","twitter_title":"Transferts OM : Josh Doig signe \u00e0 Marseille, Renan Lodi tout proche du d\u00e9part","twitter_creator":"@https:\/\/twitter.com\/Nico_Jacquemard","twitter_site":"@dicodusport","schema":{"@context":"https:\/\/schema.org","@graph":[{"@type":"NewsArticle","@id":"https:\/\/dicodusport.fr\/blog\/transferts-om-josh-doig-signe-a-marseille-renan-lodi-tout-proche-du-depart\/#article","isPartOf":{"@id":"https:\/\/dicodusport.fr\/blog\/transferts-om-josh-doig-signe-a-marseille-renan-lodi-tout-proche-du-depart\/"},"author":{"name":"Nicolas Jacquemard","@id":"https:\/\/dicodusport.fr\/blog\/#\/schema\/person\/55dcb50ad410894e431ed812bbb70191"},"headline":"Transferts OM : Josh Doig signe \u00e0 Marseille, Renan Lodi tout proche du d\u00e9part","datePublished":"2024-01-13T13:22:38+00:00","dateModified":"2024-01-13T14:10:58+00:00","mainEntityOfPage":{"@id":"https:\/\/dicodusport.fr\/blog\/transferts-om-josh-doig-signe-a-marseille-renan-lodi-tout-proche-du-depart\/"},"wordCount":327,"commentCount":0,"publisher":{"@id":"https:\/\/dicodusport.fr\/blog\/#organization"},"image":{"@id":"https:\/\/dicodusport.fr\/blog\/transferts-om-josh-doig-signe-a-marseille-renan-lodi-tout-proche-du-depart\/#primaryimage"},"thumbnailUrl":"https:\/\/dicodusport.fr\/blog\/wp-content\/uploads\/2024\/01\/Transferts-OM-Josh-Doig-signe-a-Marseille-Renan-Lodi-tout-proche-du-depart.png","keywords":["br\u00e8ve","Football","Ligue 1","Marseille","Mercato","OM","transferts"],"articleSection":["Football","Ligue 1"],"inLanguage":"fr-FR","potentialAction":[{"@type":"CommentAction","name":"Comment","target":["https:\/\/dicodusport.fr\/blog\/transferts-om-josh-doig-signe-a-marseille-renan-lodi-tout-proche-du-depart\/#respond"]}],"copyrightYear":"2024","copyrightHolder":{"@id":"https:\/\/dicodusport.fr\/blog\/#organization"}},{"@type":"WebPage","@id":"https:\/\/dicodusport.fr\/blog\/transferts-om-josh-doig-signe-a-marseille-renan-lodi-tout-proche-du-depart\/","url":"https:\/\/dicodusport.fr\/blog\/transferts-om-josh-doig-signe-a-marseille-renan-lodi-tout-proche-du-depart\/","name":"Transferts OM : Josh Doig signe \u00e0 Marseille, Renan Lodi tout proche du d\u00e9part","isPartOf":{"@id":"https:\/\/dicodusport.fr\/blog\/#website"},"primaryImageOfPage":{"@id":"https:\/\/dicodusport.fr\/blog\/transferts-om-josh-doig-signe-a-marseille-renan-lodi-tout-proche-du-depart\/#primaryimage"},"image":{"@id":"https:\/\/dicodusport.fr\/blog\/transferts-om-josh-doig-signe-a-marseille-renan-lodi-tout-proche-du-depart\/#primaryimage"},"thumbnailUrl":"https:\/\/dicodusport.fr\/blog\/wp-content\/uploads\/2024\/01\/Transferts-OM-Josh-Doig-signe-a-Marseille-Renan-Lodi-tout-proche-du-depart.png","datePublished":"2024-01-13T13:22:38+00:00","dateModified":"2024-01-13T14:10:58+00:00","description":"LIGUE 1 2023-2024 - Selon Fabrizio Romano, Josh Doig va signer \u00e0 l'OM alors que Renan Lodi est tout proche d'un d\u00e9part.\u00a0","breadcrumb":{"@id":"https:\/\/dicodusport.fr\/blog\/transferts-om-josh-doig-signe-a-marseille-renan-lodi-tout-proche-du-depart\/#breadcrumb"},"inLanguage":"fr-FR","potentialAction":[{"@type":"ReadAction","target":["https:\/\/dicodusport.fr\/blog\/transferts-om-josh-doig-signe-a-marseille-renan-lodi-tout-proche-du-depart\/"]}]},{"@type":"ImageObject","inLanguage":"fr-FR","@id":"https:\/\/dicodusport.fr\/blog\/transferts-om-josh-doig-signe-a-marseille-renan-lodi-tout-proche-du-depart\/#primaryimage","url":"https:\/\/dicodusport.fr\/blog\/wp-content\/uploads\/2024\/01\/Transferts-OM-Josh-Doig-signe-a-Marseille-Renan-Lodi-tout-proche-du-depart.png","contentUrl":"https:\/\/dicodusport.fr\/blog\/wp-content\/uploads\/2024\/01\/Transferts-OM-Josh-Doig-signe-a-Marseille-Renan-Lodi-tout-proche-du-depart.png","width":1200,"height":674,"caption":"Transferts OM Josh Doig signe a\u0300 Marseille, Renan Lodi tout proche du de\u0301part"},{"@type":"BreadcrumbList","@id":"https:\/\/dicodusport.fr\/blog\/transferts-om-josh-doig-signe-a-marseille-renan-lodi-tout-proche-du-depart\/#breadcrumb","itemListElement":[{"@type":"ListItem","position":1,"name":"Accueil","item":"https:\/\/dicodusport.fr\/blog\/"},{"@type":"ListItem","position":2,"name":"Transferts OM : Josh Doig signe \u00e0 Marseille, Renan Lodi tout proche du d\u00e9part"}]},{"@type":"WebSite","@id":"https:\/\/dicodusport.fr\/blog\/#website","url":"https:\/\/dicodusport.fr\/blog\/","name":"Dicodusport","description":"L&#039;encyclop\u00e9die de l&#039;actualit\u00e9 sportive","publisher":{"@id":"https:\/\/dicodusport.fr\/blog\/#organization"},"potentialAction":[{"@type":"SearchAction","target":{"@type":"EntryPoint","urlTemplate":"https:\/\/dicodusport.fr\/blog\/?s={search_term_string}"},"query-input":{"@type":"PropertyValueSpecification","valueRequired":true,"valueName":"search_term_string"}}],"inLanguage":"fr-FR"},{"@type":"NewsMediaOrganization","@id":"https:\/\/dicodusport.fr\/blog\/#organization","name":"Dicodusport","url":"https:\/\/dicodusport.fr\/blog\/","logo":{"@type":"ImageObject","inLanguage":"fr-FR","@id":"https:\/\/dicodusport.fr\/blog\/#\/schema\/logo\/image\/","url":"https:\/\/dicodusport.fr\/blog\/wp-content\/uploads\/2020\/06\/cropped-LOGO-DICODUSPORT-2020-SANS-FOND-SANS-TEXTE.png","contentUrl":"https:\/\/dicodusport.fr\/blog\/wp-content\/uploads\/2020\/06\/cropped-LOGO-DICODUSPORT-2020-SANS-FOND-SANS-TEXTE.png","width":512,"height":512,"caption":"Dicodusport"},"image":{"@id":"https:\/\/dicodusport.fr\/blog\/#\/schema\/logo\/image\/"},"sameAs":["https:\/\/www.facebook.com\/dicodusport","https:\/\/x.com\/dicodusport","https:\/\/www.instagram.com\/dicodusport\/","https:\/\/www.youtube.com\/channel\/UC7V2KZ5sd3htJivAbA4ZG3w"],"description":"Dicodusport est l'encyclop\u00e9die de l'actualit\u00e9 sportive.","email":"bonjour@dicodusport.fr","legalName":"DICODUSPORT","foundingDate":"2018-01-14","vatID":"FR71834470973","taxID":"83447097300043","numberOfEmployees":{"@type":"QuantitativeValue","minValue":"1","maxValue":"10"}},{"@type":"Person","@id":"https:\/\/dicodusport.fr\/blog\/#\/schema\/person\/55dcb50ad410894e431ed812bbb70191","name":"Nicolas Jacquemard","image":{"@type":"ImageObject","inLanguage":"fr-FR","@id":"https:\/\/dicodusport.fr\/blog\/#\/schema\/person\/image\/","url":"https:\/\/dicodusport.fr\/blog\/wp-content\/uploads\/2021\/05\/Nicolas-Jacquemard-150x150.jpeg","contentUrl":"https:\/\/dicodusport.fr\/blog\/wp-content\/uploads\/2021\/05\/Nicolas-Jacquemard-150x150.jpeg","caption":"Nicolas Jacquemard"},"description":"Passionn\u00e9 de sport et entrepreneur depuis mes 18 ans, la cr\u00e9ation de Dicodusport m'a sembl\u00e9 \u00e9vidente pour participer \u00e0 la m\u00e9diatisation d'un plus grand nombre de sports. Le chemin est long mais avec une \u00e9quipe des plus motiv\u00e9es et les Jeux Olympiques de Paris 2024 en point de mire, nous y arriverons ! Journaliste dans le monde du sport depuis plus de 5 ans, je traite aussi bien de football, de rugby, de biathlon que de cyclisme.","sameAs":["https:\/\/www.facebook.com\/dicodusport","https:\/\/x.com\/https:\/\/twitter.com\/Nico_Jacquemard"],"url":"https:\/\/dicodusport.fr\/blog\/author\/dicodusport\/"}]}},"_links":{"self":[{"href":"https:\/\/dicodusport.fr\/blog\/wp-json\/wp\/v2\/posts\/452181","targetHints":{"allow":["GET"]}}],"collection":[{"href":"https:\/\/dicodusport.fr\/blog\/wp-json\/wp\/v2\/posts"}],"about":[{"href":"https:\/\/dicodusport.fr\/blog\/wp-json\/wp\/v2\/types\/post"}],"author":[{"embeddable":true,"href":"https:\/\/dicodusport.fr\/blog\/wp-json\/wp\/v2\/users\/1"}],"replies":[{"embeddable":true,"href":"https:\/\/dicodusport.fr\/blog\/wp-json\/wp\/v2\/comments?post=452181"}],"version-history":[{"count":4,"href":"https:\/\/dicodusport.fr\/blog\/wp-json\/wp\/v2\/posts\/452181\/revisions"}],"predecessor-version":[{"id":452213,"href":"https:\/\/dicodusport.fr\/blog\/wp-json\/wp\/v2\/posts\/452181\/revisions\/452213"}],"wp:featuredmedia":[{"embeddable":true,"href":"https:\/\/dicodusport.fr\/blog\/wp-json\/wp\/v2\/media\/452182"}],"wp:attachment":[{"href":"https:\/\/dicodusport.fr\/blog\/wp-json\/wp\/v2\/media?parent=452181"}],"wp:term":[{"taxonomy":"category","embeddable":true,"href":"https:\/\/dicodusport.fr\/blog\/wp-json\/wp\/v2\/categories?post=452181"},{"taxonomy":"post_tag","embeddable":true,"href":"https:\/\/dicodusport.fr\/blog\/wp-json\/wp\/v2\/tags?post=452181"}],"curies":[{"name":"wp","href":"https:\/\/api.w.org\/{rel}","templated":true}]}}