{"id":452514,"date":"2024-01-14T11:07:49","date_gmt":"2024-01-14T10:07:49","guid":{"rendered":"https:\/\/dicodusport.fr\/blog\/?p=452514&#038;preview=true&#038;preview_id=452514"},"modified":"2024-01-14T11:38:20","modified_gmt":"2024-01-14T10:38:20","slug":"10-km-de-valence-agnes-jebet-bat-le-record-du-monde","status":"publish","type":"post","link":"https:\/\/dicodusport.fr\/blog\/10-km-de-valence-agnes-jebet-bat-le-record-du-monde\/","title":{"rendered":"10 km de Valence : Agnes Jebet bat le record du monde"},"content":{"rendered":"<p style=\"text-align: justify;\"><b><i>ATHL\u00c9TISME &#8211; Ce matin, au 10km de Valence, la K\u00e9nyane Agnes Jebet a am\u00e9lior\u00e9 le record du monde en 28:46.\u00a0<\/i><\/b><\/p>\n<ul>\n<li style=\"text-align: justify;\"><strong>\u00c0 ce sujet &#8211; <a href=\"https:\/\/dicodusport.fr\/blog\/classement-10km-de-valence-2024\/\">Classement 10km de Valence 2024<\/a>\u00a0<\/strong><\/li>\n<\/ul>\n<p style=\"text-align: justify;\">C&rsquo;est un \u00e9norme exploit que vient de r\u00e9aliser la coureuse k\u00e9nyane <strong>Agnes Jebet<\/strong> au 10 km de Valence, en Espagne. Ce dimanche matin, elle est devenue la premi\u00e8re femme \u00e0 passer sous la barre des 29 minutes sur la distance, en franchissant la ligne en 28:46. Elle efface des tablettes l&rsquo;\u00c9thiopienne <strong>Yalemzerf Yehualaw<\/strong>, qui d\u00e9tenait le record du monde en 29:14.<\/p>\n<p>Pour situer un peu la performance de <strong>Jebet<\/strong>, c&rsquo;est 40 secondes de mieux que son ancien record personnel, et une moyenne de 2:53\/km.<\/p>\n<blockquote class=\"twitter-tweet\">\n<p dir=\"ltr\" lang=\"en\">Agnes Jebet Ngetich becomes the first woman to break the 29min barrier in a 10km.<\/p>\n<p>The Kenyan clocks an incredible 28:46 in Valencia to break the world record by almost half a minute. <a href=\"https:\/\/t.co\/p755XU5SB5\">pic.twitter.com\/p755XU5SB5<\/a><\/p>\n<p>\u2014 AW (@AthleticsWeekly) <a href=\"https:\/\/twitter.com\/AthleticsWeekly\/status\/1746459183522656750?ref_src=twsrc%5Etfw\">January 14, 2024<\/a><\/p><\/blockquote>\n<p><script async src=\"https:\/\/platform.twitter.com\/widgets.js\" charset=\"utf-8\"><\/script><\/p>\n<h2 style=\"text-align: justify;\">Pas de record mais un chrono XXL chez les hommes<\/h2>\n<p style=\"text-align: justify;\">Partis, eux aussi, pour battre le record du monde, les messieurs n&rsquo;y sont pas parvenus. Au terme des 10 km, c&rsquo;est l&rsquo;Ougandais <strong>Jacob Kiplimo<\/strong> qui l&#8217;emporte en 26:53. Il devance le Bahre\u00efnien <strong>Birhanu Balew<\/strong> (26:59), qui termine juste devant le K\u00e9nyan<strong> Peter Mwaniki<\/strong> <strong>Aila<\/strong> (27:00).<\/p>\n","protected":false},"excerpt":{"rendered":"<p>ATHL\u00c9TISME &#8211; Ce matin, au 10km de Valence, la K\u00e9nyane Agnes Jebet a am\u00e9lior\u00e9 le record du monde en 28:46.\u00a0<\/p>\n","protected":false},"author":89,"featured_media":452527,"comment_status":"open","ping_status":"closed","sticky":false,"template":"","format":"standard","meta":{"_acf_changed":false,"_daextam_enable_autolinks":"1","footnotes":""},"categories":[2308],"tags":[143,16878,1421],"class_list":["post-452514","post","type-post","status-publish","format-standard","has-post-thumbnail","hentry","category-athletisme","tag-athletisme","tag-breve","tag-record-du-monde"],"acf":[],"yoast_head":"<!-- This site is optimized with the Yoast SEO Premium plugin v26.7 (Yoast SEO v26.7) - https:\/\/yoast.com\/wordpress\/plugins\/seo\/ -->\n<title>10 km de Valence : Agnes Jebet bat le record du monde<\/title>\n<meta name=\"description\" content=\"ATHL\u00c9TISME - Ce matin, au 10km de Valence, la K\u00e9nyane Agnes Jebet a am\u00e9lior\u00e9 le record du monde en 28:46.\u00a0\" \/>\n<meta name=\"robots\" content=\"index, follow, max-snippet:-1, max-image-preview:large, max-video-preview:-1\" \/>\n<link rel=\"canonical\" href=\"https:\/\/dicodusport.fr\/blog\/10-km-de-valence-agnes-jebet-bat-le-record-du-monde\/\" \/>\n<meta property=\"og:locale\" content=\"fr_FR\" \/>\n<meta property=\"og:type\" content=\"article\" \/>\n<meta property=\"og:title\" content=\"10 km de Valence : Agnes Jebet bat le record du monde\" \/>\n<meta property=\"og:description\" content=\"ATHL\u00c9TISME - Ce matin, au 10km de Valence, la K\u00e9nyane Agnes Jebet a am\u00e9lior\u00e9 le record du monde en 28:46.\u00a0\" \/>\n<meta property=\"og:url\" content=\"https:\/\/dicodusport.fr\/blog\/10-km-de-valence-agnes-jebet-bat-le-record-du-monde\/\" \/>\n<meta property=\"og:site_name\" content=\"Dicodusport\" \/>\n<meta property=\"article:publisher\" content=\"https:\/\/www.facebook.com\/dicodusport\" \/>\n<meta property=\"article:published_time\" content=\"2024-01-14T10:07:49+00:00\" \/>\n<meta property=\"article:modified_time\" content=\"2024-01-14T10:38:20+00:00\" \/>\n<meta property=\"og:image\" content=\"https:\/\/dicodusport.fr\/blog\/wp-content\/uploads\/2024\/01\/10-km-de-Valence-Agnes-Jebet-bat-le-record-du-monde.png\" \/>\n\t<meta property=\"og:image:width\" content=\"1200\" \/>\n\t<meta property=\"og:image:height\" content=\"674\" \/>\n\t<meta property=\"og:image:type\" content=\"image\/png\" \/>\n<meta name=\"author\" content=\"Louka Lesueur\" \/>\n<meta name=\"twitter:card\" content=\"summary_large_image\" \/>\n<meta name=\"twitter:title\" content=\"10 km de Valence : Agnes Jebet bat le record du monde\" \/>\n<meta name=\"twitter:creator\" content=\"@https:\/\/twitter.com\/LNewsSF\" \/>\n<meta name=\"twitter:site\" content=\"@dicodusport\" \/>\n<script type=\"application\/ld+json\" class=\"yoast-schema-graph\">{\"@context\":\"https:\/\/schema.org\",\"@graph\":[{\"@type\":\"NewsArticle\",\"@id\":\"https:\/\/dicodusport.fr\/blog\/10-km-de-valence-agnes-jebet-bat-le-record-du-monde\/#article\",\"isPartOf\":{\"@id\":\"https:\/\/dicodusport.fr\/blog\/10-km-de-valence-agnes-jebet-bat-le-record-du-monde\/\"},\"author\":{\"name\":\"Louka Lesueur\",\"@id\":\"https:\/\/dicodusport.fr\/blog\/#\/schema\/person\/54b6cdccebdfcd5a1036c594aecffc2a\"},\"headline\":\"10 km de Valence : Agnes Jebet bat le record du monde\",\"datePublished\":\"2024-01-14T10:07:49+00:00\",\"dateModified\":\"2024-01-14T10:38:20+00:00\",\"mainEntityOfPage\":{\"@id\":\"https:\/\/dicodusport.fr\/blog\/10-km-de-valence-agnes-jebet-bat-le-record-du-monde\/\"},\"wordCount\":222,\"commentCount\":0,\"publisher\":{\"@id\":\"https:\/\/dicodusport.fr\/blog\/#organization\"},\"image\":{\"@id\":\"https:\/\/dicodusport.fr\/blog\/10-km-de-valence-agnes-jebet-bat-le-record-du-monde\/#primaryimage\"},\"thumbnailUrl\":\"https:\/\/dicodusport.fr\/blog\/wp-content\/uploads\/2024\/01\/10-km-de-Valence-Agnes-Jebet-bat-le-record-du-monde.png\",\"keywords\":[\"Athl\u00e9tisme\",\"br\u00e8ve\",\"record du monde\"],\"articleSection\":[\"Athl\u00e9tisme\"],\"inLanguage\":\"fr-FR\",\"potentialAction\":[{\"@type\":\"CommentAction\",\"name\":\"Comment\",\"target\":[\"https:\/\/dicodusport.fr\/blog\/10-km-de-valence-agnes-jebet-bat-le-record-du-monde\/#respond\"]}],\"copyrightYear\":\"2024\",\"copyrightHolder\":{\"@id\":\"https:\/\/dicodusport.fr\/blog\/#organization\"}},{\"@type\":\"WebPage\",\"@id\":\"https:\/\/dicodusport.fr\/blog\/10-km-de-valence-agnes-jebet-bat-le-record-du-monde\/\",\"url\":\"https:\/\/dicodusport.fr\/blog\/10-km-de-valence-agnes-jebet-bat-le-record-du-monde\/\",\"name\":\"10 km de Valence : Agnes Jebet bat le record du monde\",\"isPartOf\":{\"@id\":\"https:\/\/dicodusport.fr\/blog\/#website\"},\"primaryImageOfPage\":{\"@id\":\"https:\/\/dicodusport.fr\/blog\/10-km-de-valence-agnes-jebet-bat-le-record-du-monde\/#primaryimage\"},\"image\":{\"@id\":\"https:\/\/dicodusport.fr\/blog\/10-km-de-valence-agnes-jebet-bat-le-record-du-monde\/#primaryimage\"},\"thumbnailUrl\":\"https:\/\/dicodusport.fr\/blog\/wp-content\/uploads\/2024\/01\/10-km-de-Valence-Agnes-Jebet-bat-le-record-du-monde.png\",\"datePublished\":\"2024-01-14T10:07:49+00:00\",\"dateModified\":\"2024-01-14T10:38:20+00:00\",\"description\":\"ATHL\u00c9TISME - Ce matin, au 10km de Valence, la K\u00e9nyane Agnes Jebet a am\u00e9lior\u00e9 le record du monde en 28:46.\u00a0\",\"breadcrumb\":{\"@id\":\"https:\/\/dicodusport.fr\/blog\/10-km-de-valence-agnes-jebet-bat-le-record-du-monde\/#breadcrumb\"},\"inLanguage\":\"fr-FR\",\"potentialAction\":[{\"@type\":\"ReadAction\",\"target\":[\"https:\/\/dicodusport.fr\/blog\/10-km-de-valence-agnes-jebet-bat-le-record-du-monde\/\"]}]},{\"@type\":\"ImageObject\",\"inLanguage\":\"fr-FR\",\"@id\":\"https:\/\/dicodusport.fr\/blog\/10-km-de-valence-agnes-jebet-bat-le-record-du-monde\/#primaryimage\",\"url\":\"https:\/\/dicodusport.fr\/blog\/wp-content\/uploads\/2024\/01\/10-km-de-Valence-Agnes-Jebet-bat-le-record-du-monde.png\",\"contentUrl\":\"https:\/\/dicodusport.fr\/blog\/wp-content\/uploads\/2024\/01\/10-km-de-Valence-Agnes-Jebet-bat-le-record-du-monde.png\",\"width\":1200,\"height\":674,\"caption\":\"10 km de Valence Agnes Jebet bat le record du monde\"},{\"@type\":\"BreadcrumbList\",\"@id\":\"https:\/\/dicodusport.fr\/blog\/10-km-de-valence-agnes-jebet-bat-le-record-du-monde\/#breadcrumb\",\"itemListElement\":[{\"@type\":\"ListItem\",\"position\":1,\"name\":\"Accueil\",\"item\":\"https:\/\/dicodusport.fr\/blog\/\"},{\"@type\":\"ListItem\",\"position\":2,\"name\":\"10 km de Valence : Agnes Jebet bat le record du monde\"}]},{\"@type\":\"WebSite\",\"@id\":\"https:\/\/dicodusport.fr\/blog\/#website\",\"url\":\"https:\/\/dicodusport.fr\/blog\/\",\"name\":\"Dicodusport\",\"description\":\"L&#039;encyclop\u00e9die de l&#039;actualit\u00e9 sportive\",\"publisher\":{\"@id\":\"https:\/\/dicodusport.fr\/blog\/#organization\"},\"potentialAction\":[{\"@type\":\"SearchAction\",\"target\":{\"@type\":\"EntryPoint\",\"urlTemplate\":\"https:\/\/dicodusport.fr\/blog\/?s={search_term_string}\"},\"query-input\":{\"@type\":\"PropertyValueSpecification\",\"valueRequired\":true,\"valueName\":\"search_term_string\"}}],\"inLanguage\":\"fr-FR\"},{\"@type\":\"NewsMediaOrganization\",\"@id\":\"https:\/\/dicodusport.fr\/blog\/#organization\",\"name\":\"Dicodusport\",\"url\":\"https:\/\/dicodusport.fr\/blog\/\",\"logo\":{\"@type\":\"ImageObject\",\"inLanguage\":\"fr-FR\",\"@id\":\"https:\/\/dicodusport.fr\/blog\/#\/schema\/logo\/image\/\",\"url\":\"https:\/\/dicodusport.fr\/blog\/wp-content\/uploads\/2020\/06\/cropped-LOGO-DICODUSPORT-2020-SANS-FOND-SANS-TEXTE.png\",\"contentUrl\":\"https:\/\/dicodusport.fr\/blog\/wp-content\/uploads\/2020\/06\/cropped-LOGO-DICODUSPORT-2020-SANS-FOND-SANS-TEXTE.png\",\"width\":512,\"height\":512,\"caption\":\"Dicodusport\"},\"image\":{\"@id\":\"https:\/\/dicodusport.fr\/blog\/#\/schema\/logo\/image\/\"},\"sameAs\":[\"https:\/\/www.facebook.com\/dicodusport\",\"https:\/\/x.com\/dicodusport\",\"https:\/\/www.instagram.com\/dicodusport\/\",\"https:\/\/www.youtube.com\/channel\/UC7V2KZ5sd3htJivAbA4ZG3w\"],\"description\":\"Dicodusport est l'encyclop\u00e9die de l'actualit\u00e9 sportive.\",\"email\":\"bonjour@dicodusport.fr\",\"legalName\":\"DICODUSPORT\",\"foundingDate\":\"2018-01-14\",\"vatID\":\"FR71834470973\",\"taxID\":\"83447097300043\",\"numberOfEmployees\":{\"@type\":\"QuantitativeValue\",\"minValue\":\"1\",\"maxValue\":\"10\"}},{\"@type\":\"Person\",\"@id\":\"https:\/\/dicodusport.fr\/blog\/#\/schema\/person\/54b6cdccebdfcd5a1036c594aecffc2a\",\"name\":\"Louka Lesueur\",\"image\":{\"@type\":\"ImageObject\",\"inLanguage\":\"fr-FR\",\"@id\":\"https:\/\/dicodusport.fr\/blog\/#\/schema\/person\/image\/\",\"url\":\"https:\/\/dicodusport.fr\/blog\/wp-content\/uploads\/2023\/09\/IMG_2783-150x150.jpeg\",\"contentUrl\":\"https:\/\/dicodusport.fr\/blog\/wp-content\/uploads\/2023\/09\/IMG_2783-150x150.jpeg\",\"caption\":\"Louka Lesueur\"},\"description\":\"Passionn\u00e9 depuis tout petit par les exploits de Bolt, Fourcade, Riner, Lavillenie, Wilkinson, Hirscher. Les \u00e9motions provoqu\u00e9es par le sport ont berc\u00e9 mon enfance et continuent de le faire aujourd'hui. C'est ainsi qu'il m'est arriv\u00e9 de pleurer devant la d\u00e9faite des Bleus face aux Blacks en 2011, ou encore devant le titre olympique de Florent Manaudou \u00e0 Londres. Bien loin de ce milieu professionnel, j'ai os\u00e9 tenter ma chance pour rejoindre l'\u00e9quipe de r\u00e9daction de Dicodusport, et depuis septembre 2023, je tente de retransmettre au mieux les exploits des athl\u00e8tes, tous sports confondus. Grand chauvin, c'est bel et bien sur les sportifs tricolores que je pr\u00e9f\u00e8re \u00e9crire.\",\"sameAs\":[\"https:\/\/x.com\/https:\/\/twitter.com\/LNewsSF\"],\"gender\":\"Homme\",\"worksFor\":\"Louka LESUEUR\",\"url\":\"https:\/\/dicodusport.fr\/blog\/author\/louka-lesueur\/\"}]}<\/script>\n<!-- \/ Yoast SEO Premium plugin. -->","yoast_head_json":{"title":"10 km de Valence : Agnes Jebet bat le record du monde","description":"ATHL\u00c9TISME - Ce matin, au 10km de Valence, la K\u00e9nyane Agnes Jebet a am\u00e9lior\u00e9 le record du monde en 28:46.\u00a0","robots":{"index":"index","follow":"follow","max-snippet":"max-snippet:-1","max-image-preview":"max-image-preview:large","max-video-preview":"max-video-preview:-1"},"canonical":"https:\/\/dicodusport.fr\/blog\/10-km-de-valence-agnes-jebet-bat-le-record-du-monde\/","og_locale":"fr_FR","og_type":"article","og_title":"10 km de Valence : Agnes Jebet bat le record du monde","og_description":"ATHL\u00c9TISME - Ce matin, au 10km de Valence, la K\u00e9nyane Agnes Jebet a am\u00e9lior\u00e9 le record du monde en 28:46.\u00a0","og_url":"https:\/\/dicodusport.fr\/blog\/10-km-de-valence-agnes-jebet-bat-le-record-du-monde\/","og_site_name":"Dicodusport","article_publisher":"https:\/\/www.facebook.com\/dicodusport","article_published_time":"2024-01-14T10:07:49+00:00","article_modified_time":"2024-01-14T10:38:20+00:00","og_image":[{"width":1200,"height":674,"url":"https:\/\/dicodusport.fr\/blog\/wp-content\/uploads\/2024\/01\/10-km-de-Valence-Agnes-Jebet-bat-le-record-du-monde.png","type":"image\/png"}],"author":"Louka Lesueur","twitter_card":"summary_large_image","twitter_title":"10 km de Valence : Agnes Jebet bat le record du monde","twitter_creator":"@https:\/\/twitter.com\/LNewsSF","twitter_site":"@dicodusport","schema":{"@context":"https:\/\/schema.org","@graph":[{"@type":"NewsArticle","@id":"https:\/\/dicodusport.fr\/blog\/10-km-de-valence-agnes-jebet-bat-le-record-du-monde\/#article","isPartOf":{"@id":"https:\/\/dicodusport.fr\/blog\/10-km-de-valence-agnes-jebet-bat-le-record-du-monde\/"},"author":{"name":"Louka Lesueur","@id":"https:\/\/dicodusport.fr\/blog\/#\/schema\/person\/54b6cdccebdfcd5a1036c594aecffc2a"},"headline":"10 km de Valence : Agnes Jebet bat le record du monde","datePublished":"2024-01-14T10:07:49+00:00","dateModified":"2024-01-14T10:38:20+00:00","mainEntityOfPage":{"@id":"https:\/\/dicodusport.fr\/blog\/10-km-de-valence-agnes-jebet-bat-le-record-du-monde\/"},"wordCount":222,"commentCount":0,"publisher":{"@id":"https:\/\/dicodusport.fr\/blog\/#organization"},"image":{"@id":"https:\/\/dicodusport.fr\/blog\/10-km-de-valence-agnes-jebet-bat-le-record-du-monde\/#primaryimage"},"thumbnailUrl":"https:\/\/dicodusport.fr\/blog\/wp-content\/uploads\/2024\/01\/10-km-de-Valence-Agnes-Jebet-bat-le-record-du-monde.png","keywords":["Athl\u00e9tisme","br\u00e8ve","record du monde"],"articleSection":["Athl\u00e9tisme"],"inLanguage":"fr-FR","potentialAction":[{"@type":"CommentAction","name":"Comment","target":["https:\/\/dicodusport.fr\/blog\/10-km-de-valence-agnes-jebet-bat-le-record-du-monde\/#respond"]}],"copyrightYear":"2024","copyrightHolder":{"@id":"https:\/\/dicodusport.fr\/blog\/#organization"}},{"@type":"WebPage","@id":"https:\/\/dicodusport.fr\/blog\/10-km-de-valence-agnes-jebet-bat-le-record-du-monde\/","url":"https:\/\/dicodusport.fr\/blog\/10-km-de-valence-agnes-jebet-bat-le-record-du-monde\/","name":"10 km de Valence : Agnes Jebet bat le record du monde","isPartOf":{"@id":"https:\/\/dicodusport.fr\/blog\/#website"},"primaryImageOfPage":{"@id":"https:\/\/dicodusport.fr\/blog\/10-km-de-valence-agnes-jebet-bat-le-record-du-monde\/#primaryimage"},"image":{"@id":"https:\/\/dicodusport.fr\/blog\/10-km-de-valence-agnes-jebet-bat-le-record-du-monde\/#primaryimage"},"thumbnailUrl":"https:\/\/dicodusport.fr\/blog\/wp-content\/uploads\/2024\/01\/10-km-de-Valence-Agnes-Jebet-bat-le-record-du-monde.png","datePublished":"2024-01-14T10:07:49+00:00","dateModified":"2024-01-14T10:38:20+00:00","description":"ATHL\u00c9TISME - Ce matin, au 10km de Valence, la K\u00e9nyane Agnes Jebet a am\u00e9lior\u00e9 le record du monde en 28:46.\u00a0","breadcrumb":{"@id":"https:\/\/dicodusport.fr\/blog\/10-km-de-valence-agnes-jebet-bat-le-record-du-monde\/#breadcrumb"},"inLanguage":"fr-FR","potentialAction":[{"@type":"ReadAction","target":["https:\/\/dicodusport.fr\/blog\/10-km-de-valence-agnes-jebet-bat-le-record-du-monde\/"]}]},{"@type":"ImageObject","inLanguage":"fr-FR","@id":"https:\/\/dicodusport.fr\/blog\/10-km-de-valence-agnes-jebet-bat-le-record-du-monde\/#primaryimage","url":"https:\/\/dicodusport.fr\/blog\/wp-content\/uploads\/2024\/01\/10-km-de-Valence-Agnes-Jebet-bat-le-record-du-monde.png","contentUrl":"https:\/\/dicodusport.fr\/blog\/wp-content\/uploads\/2024\/01\/10-km-de-Valence-Agnes-Jebet-bat-le-record-du-monde.png","width":1200,"height":674,"caption":"10 km de Valence Agnes Jebet bat le record du monde"},{"@type":"BreadcrumbList","@id":"https:\/\/dicodusport.fr\/blog\/10-km-de-valence-agnes-jebet-bat-le-record-du-monde\/#breadcrumb","itemListElement":[{"@type":"ListItem","position":1,"name":"Accueil","item":"https:\/\/dicodusport.fr\/blog\/"},{"@type":"ListItem","position":2,"name":"10 km de Valence : Agnes Jebet bat le record du monde"}]},{"@type":"WebSite","@id":"https:\/\/dicodusport.fr\/blog\/#website","url":"https:\/\/dicodusport.fr\/blog\/","name":"Dicodusport","description":"L&#039;encyclop\u00e9die de l&#039;actualit\u00e9 sportive","publisher":{"@id":"https:\/\/dicodusport.fr\/blog\/#organization"},"potentialAction":[{"@type":"SearchAction","target":{"@type":"EntryPoint","urlTemplate":"https:\/\/dicodusport.fr\/blog\/?s={search_term_string}"},"query-input":{"@type":"PropertyValueSpecification","valueRequired":true,"valueName":"search_term_string"}}],"inLanguage":"fr-FR"},{"@type":"NewsMediaOrganization","@id":"https:\/\/dicodusport.fr\/blog\/#organization","name":"Dicodusport","url":"https:\/\/dicodusport.fr\/blog\/","logo":{"@type":"ImageObject","inLanguage":"fr-FR","@id":"https:\/\/dicodusport.fr\/blog\/#\/schema\/logo\/image\/","url":"https:\/\/dicodusport.fr\/blog\/wp-content\/uploads\/2020\/06\/cropped-LOGO-DICODUSPORT-2020-SANS-FOND-SANS-TEXTE.png","contentUrl":"https:\/\/dicodusport.fr\/blog\/wp-content\/uploads\/2020\/06\/cropped-LOGO-DICODUSPORT-2020-SANS-FOND-SANS-TEXTE.png","width":512,"height":512,"caption":"Dicodusport"},"image":{"@id":"https:\/\/dicodusport.fr\/blog\/#\/schema\/logo\/image\/"},"sameAs":["https:\/\/www.facebook.com\/dicodusport","https:\/\/x.com\/dicodusport","https:\/\/www.instagram.com\/dicodusport\/","https:\/\/www.youtube.com\/channel\/UC7V2KZ5sd3htJivAbA4ZG3w"],"description":"Dicodusport est l'encyclop\u00e9die de l'actualit\u00e9 sportive.","email":"bonjour@dicodusport.fr","legalName":"DICODUSPORT","foundingDate":"2018-01-14","vatID":"FR71834470973","taxID":"83447097300043","numberOfEmployees":{"@type":"QuantitativeValue","minValue":"1","maxValue":"10"}},{"@type":"Person","@id":"https:\/\/dicodusport.fr\/blog\/#\/schema\/person\/54b6cdccebdfcd5a1036c594aecffc2a","name":"Louka Lesueur","image":{"@type":"ImageObject","inLanguage":"fr-FR","@id":"https:\/\/dicodusport.fr\/blog\/#\/schema\/person\/image\/","url":"https:\/\/dicodusport.fr\/blog\/wp-content\/uploads\/2023\/09\/IMG_2783-150x150.jpeg","contentUrl":"https:\/\/dicodusport.fr\/blog\/wp-content\/uploads\/2023\/09\/IMG_2783-150x150.jpeg","caption":"Louka Lesueur"},"description":"Passionn\u00e9 depuis tout petit par les exploits de Bolt, Fourcade, Riner, Lavillenie, Wilkinson, Hirscher. Les \u00e9motions provoqu\u00e9es par le sport ont berc\u00e9 mon enfance et continuent de le faire aujourd'hui. C'est ainsi qu'il m'est arriv\u00e9 de pleurer devant la d\u00e9faite des Bleus face aux Blacks en 2011, ou encore devant le titre olympique de Florent Manaudou \u00e0 Londres. Bien loin de ce milieu professionnel, j'ai os\u00e9 tenter ma chance pour rejoindre l'\u00e9quipe de r\u00e9daction de Dicodusport, et depuis septembre 2023, je tente de retransmettre au mieux les exploits des athl\u00e8tes, tous sports confondus. Grand chauvin, c'est bel et bien sur les sportifs tricolores que je pr\u00e9f\u00e8re \u00e9crire.","sameAs":["https:\/\/x.com\/https:\/\/twitter.com\/LNewsSF"],"gender":"Homme","worksFor":"Louka LESUEUR","url":"https:\/\/dicodusport.fr\/blog\/author\/louka-lesueur\/"}]}},"_links":{"self":[{"href":"https:\/\/dicodusport.fr\/blog\/wp-json\/wp\/v2\/posts\/452514","targetHints":{"allow":["GET"]}}],"collection":[{"href":"https:\/\/dicodusport.fr\/blog\/wp-json\/wp\/v2\/posts"}],"about":[{"href":"https:\/\/dicodusport.fr\/blog\/wp-json\/wp\/v2\/types\/post"}],"author":[{"embeddable":true,"href":"https:\/\/dicodusport.fr\/blog\/wp-json\/wp\/v2\/users\/89"}],"replies":[{"embeddable":true,"href":"https:\/\/dicodusport.fr\/blog\/wp-json\/wp\/v2\/comments?post=452514"}],"version-history":[{"count":5,"href":"https:\/\/dicodusport.fr\/blog\/wp-json\/wp\/v2\/posts\/452514\/revisions"}],"predecessor-version":[{"id":452545,"href":"https:\/\/dicodusport.fr\/blog\/wp-json\/wp\/v2\/posts\/452514\/revisions\/452545"}],"wp:featuredmedia":[{"embeddable":true,"href":"https:\/\/dicodusport.fr\/blog\/wp-json\/wp\/v2\/media\/452527"}],"wp:attachment":[{"href":"https:\/\/dicodusport.fr\/blog\/wp-json\/wp\/v2\/media?parent=452514"}],"wp:term":[{"taxonomy":"category","embeddable":true,"href":"https:\/\/dicodusport.fr\/blog\/wp-json\/wp\/v2\/categories?post=452514"},{"taxonomy":"post_tag","embeddable":true,"href":"https:\/\/dicodusport.fr\/blog\/wp-json\/wp\/v2\/tags?post=452514"}],"curies":[{"name":"wp","href":"https:\/\/api.w.org\/{rel}","templated":true}]}}