{"id":452717,"date":"2024-01-14T16:48:31","date_gmt":"2024-01-14T15:48:31","guid":{"rendered":"https:\/\/dicodusport.fr\/blog\/?p=452717&#038;preview=true&#038;preview_id=452717"},"modified":"2024-01-14T18:27:09","modified_gmt":"2024-01-14T17:27:09","slug":"cyclo-cross-france-2024-sixieme-titre-national-pour-clement-venturini","status":"publish","type":"post","link":"https:\/\/dicodusport.fr\/blog\/cyclo-cross-france-2024-sixieme-titre-national-pour-clement-venturini\/","title":{"rendered":"Cyclo-cross France 2024 : Sixi\u00e8me titre national pour Cl\u00e9ment Venturini"},"content":{"rendered":"<p style=\"text-align: justify;\"><strong style=\"font-style: italic;\">CHAMPIONNATS DE FRANCE DE CYCLO-CROSS 2024 &#8211; Cl\u00e9ment Venturini (Ark\u00e9a &#8211; B&amp;B Hotels) a<\/strong><strong style=\"font-style: italic;\"> gagn\u00e9 un sixi\u00e8me titre de champion de France de cyclo-cross<\/strong><em><strong> ce dimanche \u00e0 Camors, dans le Morbihan. Il a devanc\u00e9 Joshua Dubau et Th\u00e9o Thomas.\u00a0<\/strong><\/em><\/p>\n<ul>\n<li style=\"text-align: justify;\"><strong>\u00c0 ce sujet &#8211; <a href=\"https:\/\/dicodusport.fr\/blog\/classement-course-hommes-championnats-de-france-cyclo-cross-2024\/\">Classement course hommes Championnats de France Cyclo-cross 2024<\/a><\/strong><\/li>\n<\/ul>\n<p style=\"text-align: justify;\">D&rsquo;abord, <strong>Fabien Doubey<\/strong> a pris le meilleur d\u00e9part. En effet, le coureur de la TotalEnergies avait peu de rep\u00e8res dans les courses en peloton, puisque ce championnat de France n&rsquo;\u00e9tait que sa seconde course de l&rsquo;hiver. Mais, <strong>Cl\u00e9ment Venturini<\/strong> a rapidement pris les commandes et a impos\u00e9 un gros tempo, avec, dans son sillage : <strong>Joshua Dubau, David<\/strong> <strong>Menut, Th\u00e9o Thomas<\/strong> et <strong>Fabien Doubey<\/strong>, \u00e0 la fin du premier tour.<\/p>\n<p style=\"text-align: justify;\">Dans le deuxi\u00e8me tour,<strong> Cl\u00e9ment Venturini<\/strong> a failli partir \u00e0 la faute lors du passage des planches. Il a port\u00e9 ensuite une puissante attaque dans la portion montante avec un passage \u00e0 17 %, et seul Joshua Dubau a pu suivre. <strong>Fabien Doubey<\/strong> et <strong>Th\u00e9o Thomas<\/strong> ont accus\u00e9 une dizaine de secondes de retard \u00e0 un deuxi\u00e8me \u00e9chelon de la course.<\/p>\n<h2 style=\"text-align: justify;\">Venturini vient \u00e0 bout de Dubau<\/h2>\n<p style=\"text-align: justify;\">Puis, <strong>Cl\u00e9ment Venturini<\/strong> a port\u00e9 une deuxi\u00e8me attaque dans la bosse lors du troisi\u00e8me tour, mais <strong>Joshua Dubau<\/strong> n&rsquo;a connu aucune difficult\u00e9 \u00e0 le suivre. Le pensionnaire de la formation Ark\u00e9a &#8211; B&amp;B Hotels a commis une nouvelle faute sur le passage des planches au quatri\u00e8me tour, mais le duo est rest\u00e9 ensemble jusqu&rsquo;\u00e0 l&rsquo;avant-dernier tour tandis que l&rsquo;\u00e9cart avec le duo de chasse n&rsquo;a cess\u00e9 d&rsquo;augmenter.<\/p>\n<p style=\"text-align: justify;\">Par la suite, <strong>Cl\u00e9ment Venturini<\/strong> a connu un ennui m\u00e9canique lors du dernier tour, mais l&rsquo;ancien coureur de la structure AG2R a r\u00e9ussi \u00e0 boucher le trou d&rsquo;une dizaine de secondes sur <strong>Joshua Dubau<\/strong> avant d&rsquo;entamer le dernier tour. <strong>Cl\u00e9ment Venturini<\/strong> a d\u00e9cid\u00e9 de reprendre les commandes de la course pour \u00e9viter d&rsquo;\u00eatre surpris par son rival dans les portions techniques comme le d\u00e9vers, les planches, les virages serr\u00e9s dans les bois et la travers\u00e9e sableuse, pour se disputer un sprint \u00e0 deux.<\/p>\n<blockquote class=\"twitter-tweet\">\n<p dir=\"ltr\" lang=\"fr\">\ud83c\uddeb\ud83c\uddf7 Sixi\u00e8me titre de champion de France de <a href=\"https:\/\/twitter.com\/hashtag\/cyclocross?src=hash&amp;ref_src=twsrc%5Etfw\">#cyclocross<\/a> pour Cl\u00e9ment Venturini. Malgr\u00e9 un saut de cha\u00eene dans l&rsquo;avant dernier tour, il a battu au sprint Joshua Dubau. Th\u00e9o Thomas a fini 3e.<br \/>\n<a href=\"https:\/\/twitter.com\/hashtag\/cx?src=hash&amp;ref_src=twsrc%5Etfw\">#cx<\/a> <a href=\"https:\/\/twitter.com\/hashtag\/cxnats?src=hash&amp;ref_src=twsrc%5Etfw\">#cxnats<\/a> <a href=\"https:\/\/twitter.com\/hashtag\/ciclocross?src=hash&amp;ref_src=twsrc%5Etfw\">#ciclocross<\/a> <a href=\"https:\/\/twitter.com\/hashtag\/veldrijden?src=hash&amp;ref_src=twsrc%5Etfw\">#veldrijden<\/a> <a href=\"https:\/\/t.co\/25ZCiYGn4Q\">pic.twitter.com\/25ZCiYGn4Q<\/a><\/p>\n<p>\u2014 \ud83d\udeb4 Les Rois du Peloton \ud83d\udeb2 (@LRoisDuPeloton) <a href=\"https:\/\/twitter.com\/LRoisDuPeloton\/status\/1746560902780817835?ref_src=twsrc%5Etfw\">January 14, 2024<\/a><\/p><\/blockquote>\n<p><script async src=\"https:\/\/platform.twitter.com\/widgets.js\" charset=\"utf-8\"><\/script><\/p>\n<p style=\"text-align: justify;\">Finalement, <strong>Cl\u00e9ment Venturini<\/strong> s&rsquo;est impos\u00e9 facilement au sprint devant <strong>Joshua Dubau<\/strong>. Pour la m\u00e9daille de bronze, <strong>Th\u00e9o Thomas<\/strong> a domin\u00e9 au sprint <strong>Fabien Doubey<\/strong>. Venturini a glan\u00e9 son sixi\u00e8me titre de champion national en cyclo-cross apr\u00e8s 2017, 2019, 2020, 2021 et 2023. <strong>Joshua Dubau<\/strong> a fini deuxi\u00e8me, comme en 2020 et en 2021. L&rsquo;an prochain, les championnats de France auront lieu \u00e0 Pont-Ch\u00e2teau.<\/p>\n","protected":false},"excerpt":{"rendered":"<p>CHAMPIONNATS DE FRANCE DE CYCLO-CROSS 2023-2024 &#8211; Cl\u00e9ment Venturini (Ark\u00e9a &#8211; B&#038;B Hotels) a gagn\u00e9 un sixi\u00e8me titre de champion de France de cyclo-cross ce dimanche \u00e0 Camors, dans le Morbihan. Il a devanc\u00e9 Joshua Dubau et Th\u00e9o Thomas.\u00a0<\/p>\n","protected":false},"author":48,"featured_media":452767,"comment_status":"open","ping_status":"closed","sticky":false,"template":"","format":"standard","meta":{"_acf_changed":false,"_daextam_enable_autolinks":"1","footnotes":""},"categories":[9611],"tags":[16878,6666],"class_list":["post-452717","post","type-post","status-publish","format-standard","has-post-thumbnail","hentry","category-cyclo-cross","tag-breve","tag-cyclo-cross"],"acf":[],"yoast_head":"<!-- This site is optimized with the Yoast SEO Premium plugin v26.7 (Yoast SEO v26.7) - https:\/\/yoast.com\/wordpress\/plugins\/seo\/ -->\n<title>Cyclo-cross France 2024 : Sixi\u00e8me titre national pour Cl\u00e9ment Venturini<\/title>\n<meta name=\"description\" content=\"CHAMPIONNATS DE FRANCE DE CYCLO-CROSS 2023-2024 - Cl\u00e9ment Venturini (Ark\u00e9a - B&amp;B Hotels) a gagn\u00e9 un sixi\u00e8me titre de champion de France.\" \/>\n<meta name=\"robots\" content=\"index, follow, max-snippet:-1, max-image-preview:large, max-video-preview:-1\" \/>\n<link rel=\"canonical\" href=\"https:\/\/dicodusport.fr\/blog\/cyclo-cross-france-2024-sixieme-titre-national-pour-clement-venturini\/\" \/>\n<meta property=\"og:locale\" content=\"fr_FR\" \/>\n<meta property=\"og:type\" content=\"article\" \/>\n<meta property=\"og:title\" content=\"Cyclo-cross France 2024 : Sixi\u00e8me titre national pour Cl\u00e9ment Venturini\" \/>\n<meta property=\"og:description\" content=\"CHAMPIONNATS DE FRANCE DE CYCLO-CROSS 2023-2024 - Cl\u00e9ment Venturini (Ark\u00e9a - B&amp;B Hotels) a gagn\u00e9 un sixi\u00e8me titre de champion de France.\" \/>\n<meta property=\"og:url\" content=\"https:\/\/dicodusport.fr\/blog\/cyclo-cross-france-2024-sixieme-titre-national-pour-clement-venturini\/\" \/>\n<meta property=\"og:site_name\" content=\"Dicodusport\" \/>\n<meta property=\"article:publisher\" content=\"https:\/\/www.facebook.com\/dicodusport\" \/>\n<meta property=\"article:author\" content=\"https:\/\/www.facebook.com\/groups\/LesRoisDuPeloton\" \/>\n<meta property=\"article:published_time\" content=\"2024-01-14T15:48:31+00:00\" \/>\n<meta property=\"article:modified_time\" content=\"2024-01-14T17:27:09+00:00\" \/>\n<meta property=\"og:image\" content=\"https:\/\/dicodusport.fr\/blog\/wp-content\/uploads\/2024\/01\/Cyclo-cross-France-2024-Sixieme-titre-national-pour-Clement-Venturini-1.png\" \/>\n\t<meta property=\"og:image:width\" content=\"1200\" \/>\n\t<meta property=\"og:image:height\" content=\"674\" \/>\n\t<meta property=\"og:image:type\" content=\"image\/png\" \/>\n<meta name=\"author\" content=\"Emilien Descampiaux\" \/>\n<meta name=\"twitter:card\" content=\"summary_large_image\" \/>\n<meta name=\"twitter:title\" content=\"Cyclo-cross France 2024 : Sixi\u00e8me titre national pour Cl\u00e9ment Venturini\" \/>\n<meta name=\"twitter:creator\" content=\"@https:\/\/twitter.com\/LRoisDuPeloton\" \/>\n<meta name=\"twitter:site\" content=\"@dicodusport\" \/>\n<script type=\"application\/ld+json\" class=\"yoast-schema-graph\">{\"@context\":\"https:\/\/schema.org\",\"@graph\":[{\"@type\":\"NewsArticle\",\"@id\":\"https:\/\/dicodusport.fr\/blog\/cyclo-cross-france-2024-sixieme-titre-national-pour-clement-venturini\/#article\",\"isPartOf\":{\"@id\":\"https:\/\/dicodusport.fr\/blog\/cyclo-cross-france-2024-sixieme-titre-national-pour-clement-venturini\/\"},\"author\":{\"name\":\"Emilien Descampiaux\",\"@id\":\"https:\/\/dicodusport.fr\/blog\/#\/schema\/person\/6db4bae06b171592211be385b32876a7\"},\"headline\":\"Cyclo-cross France 2024 : Sixi\u00e8me titre national pour Cl\u00e9ment Venturini\",\"datePublished\":\"2024-01-14T15:48:31+00:00\",\"dateModified\":\"2024-01-14T17:27:09+00:00\",\"mainEntityOfPage\":{\"@id\":\"https:\/\/dicodusport.fr\/blog\/cyclo-cross-france-2024-sixieme-titre-national-pour-clement-venturini\/\"},\"wordCount\":491,\"commentCount\":0,\"publisher\":{\"@id\":\"https:\/\/dicodusport.fr\/blog\/#organization\"},\"image\":{\"@id\":\"https:\/\/dicodusport.fr\/blog\/cyclo-cross-france-2024-sixieme-titre-national-pour-clement-venturini\/#primaryimage\"},\"thumbnailUrl\":\"https:\/\/dicodusport.fr\/blog\/wp-content\/uploads\/2024\/01\/Cyclo-cross-France-2024-Sixieme-titre-national-pour-Clement-Venturini-1.png\",\"keywords\":[\"br\u00e8ve\",\"Cyclo-cross\"],\"articleSection\":[\"Cyclo-cross\"],\"inLanguage\":\"fr-FR\",\"potentialAction\":[{\"@type\":\"CommentAction\",\"name\":\"Comment\",\"target\":[\"https:\/\/dicodusport.fr\/blog\/cyclo-cross-france-2024-sixieme-titre-national-pour-clement-venturini\/#respond\"]}],\"copyrightYear\":\"2024\",\"copyrightHolder\":{\"@id\":\"https:\/\/dicodusport.fr\/blog\/#organization\"}},{\"@type\":\"WebPage\",\"@id\":\"https:\/\/dicodusport.fr\/blog\/cyclo-cross-france-2024-sixieme-titre-national-pour-clement-venturini\/\",\"url\":\"https:\/\/dicodusport.fr\/blog\/cyclo-cross-france-2024-sixieme-titre-national-pour-clement-venturini\/\",\"name\":\"Cyclo-cross France 2024 : Sixi\u00e8me titre national pour Cl\u00e9ment Venturini\",\"isPartOf\":{\"@id\":\"https:\/\/dicodusport.fr\/blog\/#website\"},\"primaryImageOfPage\":{\"@id\":\"https:\/\/dicodusport.fr\/blog\/cyclo-cross-france-2024-sixieme-titre-national-pour-clement-venturini\/#primaryimage\"},\"image\":{\"@id\":\"https:\/\/dicodusport.fr\/blog\/cyclo-cross-france-2024-sixieme-titre-national-pour-clement-venturini\/#primaryimage\"},\"thumbnailUrl\":\"https:\/\/dicodusport.fr\/blog\/wp-content\/uploads\/2024\/01\/Cyclo-cross-France-2024-Sixieme-titre-national-pour-Clement-Venturini-1.png\",\"datePublished\":\"2024-01-14T15:48:31+00:00\",\"dateModified\":\"2024-01-14T17:27:09+00:00\",\"description\":\"CHAMPIONNATS DE FRANCE DE CYCLO-CROSS 2023-2024 - Cl\u00e9ment Venturini (Ark\u00e9a - B&B Hotels) a gagn\u00e9 un sixi\u00e8me titre de champion de France.\",\"breadcrumb\":{\"@id\":\"https:\/\/dicodusport.fr\/blog\/cyclo-cross-france-2024-sixieme-titre-national-pour-clement-venturini\/#breadcrumb\"},\"inLanguage\":\"fr-FR\",\"potentialAction\":[{\"@type\":\"ReadAction\",\"target\":[\"https:\/\/dicodusport.fr\/blog\/cyclo-cross-france-2024-sixieme-titre-national-pour-clement-venturini\/\"]}]},{\"@type\":\"ImageObject\",\"inLanguage\":\"fr-FR\",\"@id\":\"https:\/\/dicodusport.fr\/blog\/cyclo-cross-france-2024-sixieme-titre-national-pour-clement-venturini\/#primaryimage\",\"url\":\"https:\/\/dicodusport.fr\/blog\/wp-content\/uploads\/2024\/01\/Cyclo-cross-France-2024-Sixieme-titre-national-pour-Clement-Venturini-1.png\",\"contentUrl\":\"https:\/\/dicodusport.fr\/blog\/wp-content\/uploads\/2024\/01\/Cyclo-cross-France-2024-Sixieme-titre-national-pour-Clement-Venturini-1.png\",\"width\":1200,\"height\":674,\"caption\":\"Cyclo-cross France 2024 Sixi\u00e8me titre national pour Cl\u00e9ment Venturini (1)\"},{\"@type\":\"BreadcrumbList\",\"@id\":\"https:\/\/dicodusport.fr\/blog\/cyclo-cross-france-2024-sixieme-titre-national-pour-clement-venturini\/#breadcrumb\",\"itemListElement\":[{\"@type\":\"ListItem\",\"position\":1,\"name\":\"Accueil\",\"item\":\"https:\/\/dicodusport.fr\/blog\/\"},{\"@type\":\"ListItem\",\"position\":2,\"name\":\"Cyclo-cross France 2024 : Sixi\u00e8me titre national pour Cl\u00e9ment Venturini\"}]},{\"@type\":\"WebSite\",\"@id\":\"https:\/\/dicodusport.fr\/blog\/#website\",\"url\":\"https:\/\/dicodusport.fr\/blog\/\",\"name\":\"Dicodusport\",\"description\":\"L&#039;encyclop\u00e9die de l&#039;actualit\u00e9 sportive\",\"publisher\":{\"@id\":\"https:\/\/dicodusport.fr\/blog\/#organization\"},\"potentialAction\":[{\"@type\":\"SearchAction\",\"target\":{\"@type\":\"EntryPoint\",\"urlTemplate\":\"https:\/\/dicodusport.fr\/blog\/?s={search_term_string}\"},\"query-input\":{\"@type\":\"PropertyValueSpecification\",\"valueRequired\":true,\"valueName\":\"search_term_string\"}}],\"inLanguage\":\"fr-FR\"},{\"@type\":\"NewsMediaOrganization\",\"@id\":\"https:\/\/dicodusport.fr\/blog\/#organization\",\"name\":\"Dicodusport\",\"url\":\"https:\/\/dicodusport.fr\/blog\/\",\"logo\":{\"@type\":\"ImageObject\",\"inLanguage\":\"fr-FR\",\"@id\":\"https:\/\/dicodusport.fr\/blog\/#\/schema\/logo\/image\/\",\"url\":\"https:\/\/dicodusport.fr\/blog\/wp-content\/uploads\/2020\/06\/cropped-LOGO-DICODUSPORT-2020-SANS-FOND-SANS-TEXTE.png\",\"contentUrl\":\"https:\/\/dicodusport.fr\/blog\/wp-content\/uploads\/2020\/06\/cropped-LOGO-DICODUSPORT-2020-SANS-FOND-SANS-TEXTE.png\",\"width\":512,\"height\":512,\"caption\":\"Dicodusport\"},\"image\":{\"@id\":\"https:\/\/dicodusport.fr\/blog\/#\/schema\/logo\/image\/\"},\"sameAs\":[\"https:\/\/www.facebook.com\/dicodusport\",\"https:\/\/x.com\/dicodusport\",\"https:\/\/www.instagram.com\/dicodusport\/\",\"https:\/\/www.youtube.com\/channel\/UC7V2KZ5sd3htJivAbA4ZG3w\"],\"description\":\"Dicodusport est l'encyclop\u00e9die de l'actualit\u00e9 sportive.\",\"email\":\"bonjour@dicodusport.fr\",\"legalName\":\"DICODUSPORT\",\"foundingDate\":\"2018-01-14\",\"vatID\":\"FR71834470973\",\"taxID\":\"83447097300043\",\"numberOfEmployees\":{\"@type\":\"QuantitativeValue\",\"minValue\":\"1\",\"maxValue\":\"10\"}},{\"@type\":\"Person\",\"@id\":\"https:\/\/dicodusport.fr\/blog\/#\/schema\/person\/6db4bae06b171592211be385b32876a7\",\"name\":\"Emilien Descampiaux\",\"image\":{\"@type\":\"ImageObject\",\"inLanguage\":\"fr-FR\",\"@id\":\"https:\/\/dicodusport.fr\/blog\/#\/schema\/person\/image\/\",\"url\":\"https:\/\/dicodusport.fr\/blog\/wp-content\/uploads\/2021\/05\/Emilien-Descampiaux-150x150.jpg\",\"contentUrl\":\"https:\/\/dicodusport.fr\/blog\/wp-content\/uploads\/2021\/05\/Emilien-Descampiaux-150x150.jpg\",\"caption\":\"Emilien Descampiaux\"},\"description\":\"Journaliste\/r\u00e9dacteur depuis 2014 - Fan de la classe de Frank Vandenbroucke, je vis cyclisme (et de ses paysages) depuis plus de 20 ans. Je suis tr\u00e8s impliqu\u00e9 sur mes diff\u00e9rents r\u00e9seaux sociaux pour partager ma passion sur le monde et l'Histoire de la bicyclette avec ma voix sur les images en noir et blanc du succ\u00e8s de Rik Van Steenbergen lors du Ronde sur le V\u00e9lodrome de Gand.\",\"sameAs\":[\"https:\/\/www.facebook.com\/groups\/LesRoisDuPeloton\",\"https:\/\/x.com\/https:\/\/twitter.com\/LRoisDuPeloton\"],\"url\":\"https:\/\/dicodusport.fr\/blog\/author\/emiliend\/\"}]}<\/script>\n<!-- \/ Yoast SEO Premium plugin. -->","yoast_head_json":{"title":"Cyclo-cross France 2024 : Sixi\u00e8me titre national pour Cl\u00e9ment Venturini","description":"CHAMPIONNATS DE FRANCE DE CYCLO-CROSS 2023-2024 - Cl\u00e9ment Venturini (Ark\u00e9a - B&B Hotels) a gagn\u00e9 un sixi\u00e8me titre de champion de France.","robots":{"index":"index","follow":"follow","max-snippet":"max-snippet:-1","max-image-preview":"max-image-preview:large","max-video-preview":"max-video-preview:-1"},"canonical":"https:\/\/dicodusport.fr\/blog\/cyclo-cross-france-2024-sixieme-titre-national-pour-clement-venturini\/","og_locale":"fr_FR","og_type":"article","og_title":"Cyclo-cross France 2024 : Sixi\u00e8me titre national pour Cl\u00e9ment Venturini","og_description":"CHAMPIONNATS DE FRANCE DE CYCLO-CROSS 2023-2024 - Cl\u00e9ment Venturini (Ark\u00e9a - B&B Hotels) a gagn\u00e9 un sixi\u00e8me titre de champion de France.","og_url":"https:\/\/dicodusport.fr\/blog\/cyclo-cross-france-2024-sixieme-titre-national-pour-clement-venturini\/","og_site_name":"Dicodusport","article_publisher":"https:\/\/www.facebook.com\/dicodusport","article_author":"https:\/\/www.facebook.com\/groups\/LesRoisDuPeloton","article_published_time":"2024-01-14T15:48:31+00:00","article_modified_time":"2024-01-14T17:27:09+00:00","og_image":[{"width":1200,"height":674,"url":"https:\/\/dicodusport.fr\/blog\/wp-content\/uploads\/2024\/01\/Cyclo-cross-France-2024-Sixieme-titre-national-pour-Clement-Venturini-1.png","type":"image\/png"}],"author":"Emilien Descampiaux","twitter_card":"summary_large_image","twitter_title":"Cyclo-cross France 2024 : Sixi\u00e8me titre national pour Cl\u00e9ment Venturini","twitter_creator":"@https:\/\/twitter.com\/LRoisDuPeloton","twitter_site":"@dicodusport","schema":{"@context":"https:\/\/schema.org","@graph":[{"@type":"NewsArticle","@id":"https:\/\/dicodusport.fr\/blog\/cyclo-cross-france-2024-sixieme-titre-national-pour-clement-venturini\/#article","isPartOf":{"@id":"https:\/\/dicodusport.fr\/blog\/cyclo-cross-france-2024-sixieme-titre-national-pour-clement-venturini\/"},"author":{"name":"Emilien Descampiaux","@id":"https:\/\/dicodusport.fr\/blog\/#\/schema\/person\/6db4bae06b171592211be385b32876a7"},"headline":"Cyclo-cross France 2024 : Sixi\u00e8me titre national pour Cl\u00e9ment Venturini","datePublished":"2024-01-14T15:48:31+00:00","dateModified":"2024-01-14T17:27:09+00:00","mainEntityOfPage":{"@id":"https:\/\/dicodusport.fr\/blog\/cyclo-cross-france-2024-sixieme-titre-national-pour-clement-venturini\/"},"wordCount":491,"commentCount":0,"publisher":{"@id":"https:\/\/dicodusport.fr\/blog\/#organization"},"image":{"@id":"https:\/\/dicodusport.fr\/blog\/cyclo-cross-france-2024-sixieme-titre-national-pour-clement-venturini\/#primaryimage"},"thumbnailUrl":"https:\/\/dicodusport.fr\/blog\/wp-content\/uploads\/2024\/01\/Cyclo-cross-France-2024-Sixieme-titre-national-pour-Clement-Venturini-1.png","keywords":["br\u00e8ve","Cyclo-cross"],"articleSection":["Cyclo-cross"],"inLanguage":"fr-FR","potentialAction":[{"@type":"CommentAction","name":"Comment","target":["https:\/\/dicodusport.fr\/blog\/cyclo-cross-france-2024-sixieme-titre-national-pour-clement-venturini\/#respond"]}],"copyrightYear":"2024","copyrightHolder":{"@id":"https:\/\/dicodusport.fr\/blog\/#organization"}},{"@type":"WebPage","@id":"https:\/\/dicodusport.fr\/blog\/cyclo-cross-france-2024-sixieme-titre-national-pour-clement-venturini\/","url":"https:\/\/dicodusport.fr\/blog\/cyclo-cross-france-2024-sixieme-titre-national-pour-clement-venturini\/","name":"Cyclo-cross France 2024 : Sixi\u00e8me titre national pour Cl\u00e9ment Venturini","isPartOf":{"@id":"https:\/\/dicodusport.fr\/blog\/#website"},"primaryImageOfPage":{"@id":"https:\/\/dicodusport.fr\/blog\/cyclo-cross-france-2024-sixieme-titre-national-pour-clement-venturini\/#primaryimage"},"image":{"@id":"https:\/\/dicodusport.fr\/blog\/cyclo-cross-france-2024-sixieme-titre-national-pour-clement-venturini\/#primaryimage"},"thumbnailUrl":"https:\/\/dicodusport.fr\/blog\/wp-content\/uploads\/2024\/01\/Cyclo-cross-France-2024-Sixieme-titre-national-pour-Clement-Venturini-1.png","datePublished":"2024-01-14T15:48:31+00:00","dateModified":"2024-01-14T17:27:09+00:00","description":"CHAMPIONNATS DE FRANCE DE CYCLO-CROSS 2023-2024 - Cl\u00e9ment Venturini (Ark\u00e9a - B&B Hotels) a gagn\u00e9 un sixi\u00e8me titre de champion de France.","breadcrumb":{"@id":"https:\/\/dicodusport.fr\/blog\/cyclo-cross-france-2024-sixieme-titre-national-pour-clement-venturini\/#breadcrumb"},"inLanguage":"fr-FR","potentialAction":[{"@type":"ReadAction","target":["https:\/\/dicodusport.fr\/blog\/cyclo-cross-france-2024-sixieme-titre-national-pour-clement-venturini\/"]}]},{"@type":"ImageObject","inLanguage":"fr-FR","@id":"https:\/\/dicodusport.fr\/blog\/cyclo-cross-france-2024-sixieme-titre-national-pour-clement-venturini\/#primaryimage","url":"https:\/\/dicodusport.fr\/blog\/wp-content\/uploads\/2024\/01\/Cyclo-cross-France-2024-Sixieme-titre-national-pour-Clement-Venturini-1.png","contentUrl":"https:\/\/dicodusport.fr\/blog\/wp-content\/uploads\/2024\/01\/Cyclo-cross-France-2024-Sixieme-titre-national-pour-Clement-Venturini-1.png","width":1200,"height":674,"caption":"Cyclo-cross France 2024 Sixi\u00e8me titre national pour Cl\u00e9ment Venturini (1)"},{"@type":"BreadcrumbList","@id":"https:\/\/dicodusport.fr\/blog\/cyclo-cross-france-2024-sixieme-titre-national-pour-clement-venturini\/#breadcrumb","itemListElement":[{"@type":"ListItem","position":1,"name":"Accueil","item":"https:\/\/dicodusport.fr\/blog\/"},{"@type":"ListItem","position":2,"name":"Cyclo-cross France 2024 : Sixi\u00e8me titre national pour Cl\u00e9ment Venturini"}]},{"@type":"WebSite","@id":"https:\/\/dicodusport.fr\/blog\/#website","url":"https:\/\/dicodusport.fr\/blog\/","name":"Dicodusport","description":"L&#039;encyclop\u00e9die de l&#039;actualit\u00e9 sportive","publisher":{"@id":"https:\/\/dicodusport.fr\/blog\/#organization"},"potentialAction":[{"@type":"SearchAction","target":{"@type":"EntryPoint","urlTemplate":"https:\/\/dicodusport.fr\/blog\/?s={search_term_string}"},"query-input":{"@type":"PropertyValueSpecification","valueRequired":true,"valueName":"search_term_string"}}],"inLanguage":"fr-FR"},{"@type":"NewsMediaOrganization","@id":"https:\/\/dicodusport.fr\/blog\/#organization","name":"Dicodusport","url":"https:\/\/dicodusport.fr\/blog\/","logo":{"@type":"ImageObject","inLanguage":"fr-FR","@id":"https:\/\/dicodusport.fr\/blog\/#\/schema\/logo\/image\/","url":"https:\/\/dicodusport.fr\/blog\/wp-content\/uploads\/2020\/06\/cropped-LOGO-DICODUSPORT-2020-SANS-FOND-SANS-TEXTE.png","contentUrl":"https:\/\/dicodusport.fr\/blog\/wp-content\/uploads\/2020\/06\/cropped-LOGO-DICODUSPORT-2020-SANS-FOND-SANS-TEXTE.png","width":512,"height":512,"caption":"Dicodusport"},"image":{"@id":"https:\/\/dicodusport.fr\/blog\/#\/schema\/logo\/image\/"},"sameAs":["https:\/\/www.facebook.com\/dicodusport","https:\/\/x.com\/dicodusport","https:\/\/www.instagram.com\/dicodusport\/","https:\/\/www.youtube.com\/channel\/UC7V2KZ5sd3htJivAbA4ZG3w"],"description":"Dicodusport est l'encyclop\u00e9die de l'actualit\u00e9 sportive.","email":"bonjour@dicodusport.fr","legalName":"DICODUSPORT","foundingDate":"2018-01-14","vatID":"FR71834470973","taxID":"83447097300043","numberOfEmployees":{"@type":"QuantitativeValue","minValue":"1","maxValue":"10"}},{"@type":"Person","@id":"https:\/\/dicodusport.fr\/blog\/#\/schema\/person\/6db4bae06b171592211be385b32876a7","name":"Emilien Descampiaux","image":{"@type":"ImageObject","inLanguage":"fr-FR","@id":"https:\/\/dicodusport.fr\/blog\/#\/schema\/person\/image\/","url":"https:\/\/dicodusport.fr\/blog\/wp-content\/uploads\/2021\/05\/Emilien-Descampiaux-150x150.jpg","contentUrl":"https:\/\/dicodusport.fr\/blog\/wp-content\/uploads\/2021\/05\/Emilien-Descampiaux-150x150.jpg","caption":"Emilien Descampiaux"},"description":"Journaliste\/r\u00e9dacteur depuis 2014 - Fan de la classe de Frank Vandenbroucke, je vis cyclisme (et de ses paysages) depuis plus de 20 ans. Je suis tr\u00e8s impliqu\u00e9 sur mes diff\u00e9rents r\u00e9seaux sociaux pour partager ma passion sur le monde et l'Histoire de la bicyclette avec ma voix sur les images en noir et blanc du succ\u00e8s de Rik Van Steenbergen lors du Ronde sur le V\u00e9lodrome de Gand.","sameAs":["https:\/\/www.facebook.com\/groups\/LesRoisDuPeloton","https:\/\/x.com\/https:\/\/twitter.com\/LRoisDuPeloton"],"url":"https:\/\/dicodusport.fr\/blog\/author\/emiliend\/"}]}},"_links":{"self":[{"href":"https:\/\/dicodusport.fr\/blog\/wp-json\/wp\/v2\/posts\/452717","targetHints":{"allow":["GET"]}}],"collection":[{"href":"https:\/\/dicodusport.fr\/blog\/wp-json\/wp\/v2\/posts"}],"about":[{"href":"https:\/\/dicodusport.fr\/blog\/wp-json\/wp\/v2\/types\/post"}],"author":[{"embeddable":true,"href":"https:\/\/dicodusport.fr\/blog\/wp-json\/wp\/v2\/users\/48"}],"replies":[{"embeddable":true,"href":"https:\/\/dicodusport.fr\/blog\/wp-json\/wp\/v2\/comments?post=452717"}],"version-history":[{"count":5,"href":"https:\/\/dicodusport.fr\/blog\/wp-json\/wp\/v2\/posts\/452717\/revisions"}],"predecessor-version":[{"id":452741,"href":"https:\/\/dicodusport.fr\/blog\/wp-json\/wp\/v2\/posts\/452717\/revisions\/452741"}],"wp:featuredmedia":[{"embeddable":true,"href":"https:\/\/dicodusport.fr\/blog\/wp-json\/wp\/v2\/media\/452767"}],"wp:attachment":[{"href":"https:\/\/dicodusport.fr\/blog\/wp-json\/wp\/v2\/media?parent=452717"}],"wp:term":[{"taxonomy":"category","embeddable":true,"href":"https:\/\/dicodusport.fr\/blog\/wp-json\/wp\/v2\/categories?post=452717"},{"taxonomy":"post_tag","embeddable":true,"href":"https:\/\/dicodusport.fr\/blog\/wp-json\/wp\/v2\/tags?post=452717"}],"curies":[{"name":"wp","href":"https:\/\/api.w.org\/{rel}","templated":true}]}}