{"id":452974,"date":"2024-01-21T15:29:58","date_gmt":"2024-01-21T14:29:58","guid":{"rendered":"https:\/\/dicodusport.fr\/blog\/?p=452974&#038;preview=true&#038;preview_id=452974"},"modified":"2024-01-21T15:29:35","modified_gmt":"2024-01-21T14:29:35","slug":"biathlon-antholz-anterselva-2024-programme-complet-et-resultats","status":"publish","type":"post","link":"https:\/\/dicodusport.fr\/blog\/biathlon-antholz-anterselva-2024-programme-complet-et-resultats\/","title":{"rendered":"Biathlon Antholz 2024 &#8211; Les r\u00e9sultats complets"},"content":{"rendered":"<p style=\"text-align: justify;\"><strong><em><a href=\"https:\/\/dicodusport.fr\/blog\/actualites\/biathlon\/coupe-du-monde-de-biathlon-2023-2024\/\">COUPE DU MONDE DE BIATHLON 2023-2024<\/a> &#8211; Retrouvez le programme complet, les horaires et les r\u00e9sultats de la 6\u00e8me \u00e9tape<\/em><\/strong><strong><em> de la Coupe du monde de biathlon, qui a lieu sur le site d&rsquo;Antholz-Anterselva (Allemagne)<\/em><\/strong><strong><em>, du 18 au 21 janvier 2024.\u00a0<\/em><\/strong><\/p>\n<ul>\n<li style=\"text-align: justify;\"><strong>\u00c0 ce sujet &#8211; <a href=\"https:\/\/dicodusport.fr\/blog\/coupe-du-monde-de-biathlon-2023-2024-le-calendrier-complet\/\">Coupe du monde de biathlon 2023-2024 : Le calendrier complet<\/a><\/strong><\/li>\n<\/ul>\n<p style=\"text-align: justify;\">Apr\u00e8s <a href=\"https:\/\/dicodusport.fr\/blog\/biathlon-etape-ostersund-2023-programme-complet-et-resultats\/\"><strong>Ostersund <\/strong>(Su\u00e8de)<\/a>, <a href=\"https:\/\/dicodusport.fr\/blog\/biathlon-hochfilzen-2023-programme-horaires-et-resultats\/\"><strong>Hochfilzen<\/strong> (Autriche)<\/a>,\u00a0<a href=\"https:\/\/dicodusport.fr\/blog\/biathlon-lenzerheide-2023-programme-complet-et-resultats\/\"><strong>Lenzerheide<\/strong> (Suisse)<\/a> en 2023 et la tourn\u00e9e allemande <a href=\"https:\/\/dicodusport.fr\/blog\/biathlon-oberhof-2024-programme-complet-et-resultats\/\"><strong>Oberhof<\/strong><\/a> et <a href=\"https:\/\/dicodusport.fr\/blog\/biathlon-ruhpolding-2024-programme-complet-et-resultats\/\"><strong>Ruhpolding<\/strong><\/a> pour entamer 2024, <strong>Antholz-Anterselva<\/strong> (Italie) accueille la sixi\u00e8me \u00e9tape de la <strong>Coupe du monde de biathlon<\/strong>, du 18 au 21 janvier. Au programme, les biathl\u00e8tes devront en d\u00e9coudre sur des relais mixtes, des individuels courts ainsi que des mass starts. Au c\u0153ur de la r\u00e9gion du Trentin-Haut-Adige, le site d&rsquo;<strong>Antholz-Anterselva<\/strong>, situ\u00e9 \u00e0 un peu plus de 1 000 m\u00e8tres d&rsquo;altitude, est la derni\u00e8re \u00e9tape avant les championnats du monde de <strong>Nove Mesto<\/strong> (R\u00e9publique Tch\u00e8que), qui se d\u00e9roulent du 5 au 19 f\u00e9vrier 2024.<\/p>\n<p style=\"text-align: justify;\">C\u00f4t\u00e9 sport, chez les dames, la Norv\u00e9gienne <strong>Ingrid Tandrevold<\/strong> est la nouvelle leader du classement g\u00e9n\u00e9ral. Victorieuse sur le sprint et deuxi\u00e8me de la poursuite, la biathl\u00e8te de 27 ans a frapp\u00e9 fort. Arriv\u00e9e avec le dossard jaune \u00e0 Ruhpolding, <strong>Justine Braisaz-Bouchet<\/strong> a \u00e9t\u00e9 plus en retrait au cours de la seconde des deux \u00e9tapes allemandes. Douzi\u00e8me du sprint puis septi\u00e8me de la poursuite, la Fran\u00e7aise reste n\u00e9anmoins en embuscade, \u00e0 neuf points de la Scandinave.<\/p>\n<p style=\"text-align: justify;\">Chez les hommes, <strong>Johannes Boe<\/strong> reste en jaune \u00e0 l&rsquo;issue de l&rsquo;\u00e9tape de Ruhpolding. Moins fringant, mais toujours aussi r\u00e9gulier, le quadruple vainqueur du gros globe de cristal devance son fr\u00e8re, <strong>Tarjei<\/strong>, de 78 points. Derri\u00e8re, <strong>Johannes Dale<\/strong>, <strong>Sturla Laegreid<\/strong>, <strong>Endre Stroemsheim<\/strong> et <strong>Vetle Christiansen<\/strong> compl\u00e8tent un top 6 100% norv\u00e9gien. Premier Fran\u00e7ais, <strong>\u00c9milien Jacquelin<\/strong> est 14\u00e8me. L&rsquo;Is\u00e9rois voudra valider son regain de performance en Italie, apr\u00e8s ses deux quatri\u00e8me place \u00e0 Ruhpolding.<\/p>\n<ul>\n<li style=\"text-align: justify;\"><strong>\u00c0 ce sujet &#8211; <a href=\"https:\/\/dicodusport.fr\/blog\/biathlon-antholz-anterselva-la-selection-de-lequipe-de-france\/\">Biathlon Antholz-Anterselva 2024 : La s\u00e9lection de l\u2019\u00e9quipe de France\u00a0<\/a><\/strong><\/li>\n<\/ul>\n<p style=\"text-align: justify;\"><strong>Les courses seront retransmises en direct sur La cha\u00eene L&rsquo;\u00c9quipe et Eurosport.<\/strong><\/p>\n<h2 style=\"text-align: justify;\">Biathlon Coupe du monde Antholz-Anterselva &#8211; Programme et r\u00e9sultats &#8211; Janvier 2024<\/h2>\n<table style=\"width: 100%; border-collapse: collapse; font-size: 0.9em;\">\n<tbody>\n<tr>\n<td style=\"background-color: #0081b4; width: 800px; text-align: center; vertical-align: middle;\" colspan=\"6\"><span style=\"color: #ffffff;\"><strong>JEUDI 18 JANVIER 2024<\/strong><\/span><\/td>\n<\/tr>\n<tr>\n<td style=\"text-align: center; vertical-align: middle; background-color: #8db5c4; width: 10%;\"><span style=\"color: #ffffff; font-size: 0.9em;\"><strong>Horaire<\/strong><\/span><\/td>\n<td style=\"text-align: center; vertical-align: middle; background-color: #8db5c4; width: 22.5%;\" colspan=\"2\"><span style=\"color: #ffffff;\"><span style=\"font-size: 0.9em;\"><b>\u00c9preuve<\/b><\/span><\/span><\/td>\n<td style=\"text-align: center; vertical-align: middle; background-color: #8db5c4; width: 22.5%;\"><span style=\"color: #ffffff; font-size: 0.9em;\"><strong>Vainqueur<\/strong><\/span><\/td>\n<td style=\"text-align: center; vertical-align: middle; background-color: #8db5c4; width: 22.5%;\"><span style=\"color: #ffffff; font-size: 0.9em;\"><strong>Deuxi\u00e8me<\/strong><\/span><\/td>\n<td style=\"text-align: center; vertical-align: middle; background-color: #8db5c4; width: 22.5%;\"><span style=\"color: #ffffff; font-size: 0.9em;\"><strong>Troisi\u00e8me<\/strong><\/span><\/td>\n<\/tr>\n<tr>\n<td style=\"text-align: center; vertical-align: middle; width: 10%;\"><strong>14H20<\/strong><\/td>\n<td style=\"text-align: center; vertical-align: middle;\" colspan=\"2\"><strong>Individuel court hommes<br \/>\n<span style=\"font-size: 11.52px;\"><i><b><a href=\"https:\/\/dicodusport.fr\/blog\/antholz-anterselva-double-des-freres-boe-sur-lindividuel-court-johannes-devant-tarjei\/\">R\u00e9sum\u00e9<\/a> &#8211; <a href=\"https:\/\/dicodusport.fr\/blog\/biathlon-antholz-anterselva-2024-classement-individuel-court-hommes\/\">Classement<\/a><\/b><\/i><\/span><\/strong><\/td>\n<td style=\"text-align: center; vertical-align: middle; font-size: 0.9em; width: 22.5%;\"><strong><span style=\"font-size: 0.9em;\">\ud83c\uddf3\ud83c\uddf4 JOHANNES BOE<br \/>\n<span style=\"font-size: 11.52px;\"><i>37:28.0 \/ 0-0-0-0<\/i><\/span><\/span><\/strong><\/td>\n<td style=\"text-align: center; vertical-align: middle; font-size: 0.9em; width: 22.5%;\"><span style=\"font-size: 0.9em;\">\ud83c\uddf3\ud83c\uddf4 TARJEI BOE<br \/>\n<span style=\"font-size: 11.52px;\"><i>+1:36.1 \/ 0-1-0-1<\/i><\/span><\/span><\/td>\n<td style=\"text-align: center; vertical-align: middle; font-size: 0.9em; width: 22.5%;\"><span style=\"font-size: 0.9em;\">\ud83c\udde9\ud83c\uddea JOHANNES KUEHN<br \/>\n<span style=\"font-size: 11.52px;\"><i>+1:44.0 \/ 0-0-0-2<\/i><\/span><\/span><\/td>\n<\/tr>\n<tr>\n<td style=\"background-color: #0081b4; width: 800px; text-align: center; vertical-align: middle;\" colspan=\"6\"><span style=\"color: #ffffff;\"><strong>VENDREDI 19 JANVIER 2024<\/strong><\/span><\/td>\n<\/tr>\n<tr>\n<td style=\"text-align: center; vertical-align: middle; background-color: #8db5c4; width: 10%;\"><span style=\"color: #ffffff; font-size: 0.9em;\"><strong>Horaire<\/strong><\/span><\/td>\n<td style=\"text-align: center; vertical-align: middle; background-color: #8db5c4; width: 22.5%;\" colspan=\"2\"><span style=\"color: #ffffff;\"><span style=\"font-size: 0.9em;\"><b>\u00c9preuve<\/b><\/span><\/span><\/td>\n<td style=\"text-align: center; vertical-align: middle; background-color: #8db5c4; width: 22.5%;\"><span style=\"color: #ffffff; font-size: 0.9em;\"><strong>Vainqueur<\/strong><\/span><\/td>\n<td style=\"text-align: center; vertical-align: middle; background-color: #8db5c4; width: 22.5%;\"><span style=\"color: #ffffff; font-size: 0.9em;\"><strong>Deuxi\u00e8me<\/strong><\/span><\/td>\n<td style=\"text-align: center; vertical-align: middle; background-color: #8db5c4; width: 22.5%;\"><span style=\"color: #ffffff; font-size: 0.9em;\"><strong>Troisi\u00e8me<\/strong><\/span><\/td>\n<\/tr>\n<tr>\n<td style=\"text-align: center; vertical-align: middle; width: 10%;\"><strong>13H40<\/strong><\/td>\n<td style=\"text-align: center; vertical-align: middle;\" colspan=\"2\"><strong>Individuel court femmes<br \/>\n<span style=\"font-size: 11.52px;\"><i><b><a href=\"https:\/\/dicodusport.fr\/blog\/antholz-anterselva-julia-simon-et-lou-jeanmonnot-sur-le-podium-de-lindividuel-court\/\">R\u00e9sum\u00e9<\/a> &#8211; <a href=\"https:\/\/dicodusport.fr\/blog\/biathlon-antholz-anterselva-2024-classement-individuel-court-femmes\/\">Classement<\/a><\/b><\/i><\/span><\/strong><\/td>\n<td style=\"text-align: center; vertical-align: middle; font-size: 0.9em; width: 22.5%;\"><strong><span style=\"font-size: 0.9em;\">\ud83c\udde8\ud83c\udded LENA HAECKI-GROSS<br \/>\n<span style=\"font-size: 11.52px;\"><i>36:49.0 \/ 0-0-0-0<\/i><\/span><\/span><\/strong><\/td>\n<td style=\"text-align: center; vertical-align: middle; font-size: 0.9em; width: 22.5%;\"><span style=\"font-size: 0.9em;\">\ud83c\uddeb\ud83c\uddf7 JULIA SIMON<br \/>\n<span style=\"font-size: 11.52px;\"><i>+20.2 \/ 0-1-0-1<\/i><\/span><\/span><\/td>\n<td style=\"text-align: center; vertical-align: middle; font-size: 0.9em; width: 22.5%;\"><span style=\"font-size: 0.9em;\">\ud83c\uddeb\ud83c\uddf7 LOU JEANMONNOT<br \/>\n<span style=\"font-size: 11.52px;\"><i>+31.4 \/ 0-0-1-0<\/i><\/span><\/span><\/td>\n<\/tr>\n<tr>\n<td style=\"background-color: #0081b4; width: 800px; text-align: center; vertical-align: middle;\" colspan=\"6\"><span style=\"color: #ffffff;\"><strong>SAMEDI 20 JANVIER 2024<\/strong><\/span><\/td>\n<\/tr>\n<tr>\n<td style=\"text-align: center; vertical-align: middle; background-color: #8db5c4; width: 10%;\"><span style=\"color: #ffffff; font-size: 0.9em;\"><strong>Horaire<\/strong><\/span><\/td>\n<td style=\"text-align: center; vertical-align: middle; background-color: #8db5c4; width: 22.5%;\" colspan=\"2\"><span style=\"color: #ffffff;\"><span style=\"font-size: 0.9em;\"><b>\u00c9preuve<\/b><\/span><\/span><\/td>\n<td style=\"text-align: center; vertical-align: middle; background-color: #8db5c4; width: 22.5%;\"><span style=\"color: #ffffff; font-size: 0.9em;\"><strong>Vainqueur<\/strong><\/span><\/td>\n<td style=\"text-align: center; vertical-align: middle; background-color: #8db5c4; width: 22.5%;\"><span style=\"color: #ffffff; font-size: 0.9em;\"><strong>Deuxi\u00e8me<\/strong><\/span><\/td>\n<td style=\"text-align: center; vertical-align: middle; background-color: #8db5c4; width: 22.5%;\"><span style=\"color: #ffffff; font-size: 0.9em;\"><strong>Troisi\u00e8me<\/strong><\/span><\/td>\n<\/tr>\n<tr>\n<td style=\"text-align: center; vertical-align: middle; width: 10%;\"><strong>12H55<\/strong><\/td>\n<td style=\"text-align: center; vertical-align: middle; width: 22.5%;\" colspan=\"2\"><strong>Relais mixte simple<br \/>\n<span style=\"font-size: 11.52px;\"><i><b><a href=\"https:\/\/dicodusport.fr\/blog\/relais-mixte-simple-antholz-anterselva-allemagne-seule-au-monde\/\">R\u00e9sum\u00e9<\/a> &#8211; <a href=\"https:\/\/dicodusport.fr\/blog\/biathlon-antholz-anterselva-2024-classement-relais-mixte-simple\/\">Classement<\/a><\/b><\/i><\/span><br \/>\n<\/strong><\/td>\n<td style=\"text-align: center; vertical-align: middle; font-size: 0.9em; width: 22.5%;\"><strong><span style=\"font-size: 0.9em;\">\ud83c\udde9\ud83c\uddea ALLEMAGNE<br \/>\n<span style=\"font-size: 11.52px;\"><i>38:58.0 \/ 0 (1)<\/i><\/span><\/span><\/strong><\/td>\n<td style=\"text-align: center; vertical-align: middle; font-size: 0.9em; width: 22.5%;\"><span style=\"font-size: 0.9em;\">\ud83c\uddf3\ud83c\uddf4 NORV\u00c8GE<br \/>\n<span style=\"font-size: 11.52px;\"><i>+11.2 \/ 0 (8)<\/i><\/span><\/span><\/td>\n<td style=\"text-align: center; vertical-align: middle; font-size: 0.9em; width: 22.5%;\"><span style=\"font-size: 0.9em;\">\ud83c\udde6\ud83c\uddf9 AUTRICHE<br \/>\n<span style=\"font-size: 11.52px;\"><i>+28.3 \/ 0 (4)<\/i><\/span><\/span><\/td>\n<\/tr>\n<tr>\n<td style=\"text-align: center; vertical-align: middle; width: 10%;\"><strong>14H45<\/strong><\/td>\n<td style=\"text-align: center; vertical-align: middle; width: 22.5%;\" colspan=\"2\"><strong>Relais mixte<br \/>\n<span style=\"font-size: 11.52px;\"><i><b><a href=\"https:\/\/dicodusport.fr\/blog\/antholz-anterselva-la-norvege-domine-sur-le-relais-mixte-les-bleus-cinquiemes\/\">R\u00e9sum\u00e9<\/a> &#8211; <a href=\"https:\/\/dicodusport.fr\/blog\/biathlon-antholz-anterselva-2024-classement-relais-mixte\/\">Classement<\/a><\/b><\/i><\/span><br \/>\n<\/strong><\/td>\n<td style=\"text-align: center; vertical-align: middle; font-size: 0.9em; width: 22.5%;\"><strong><span style=\"font-size: 0.9em;\">\ud83c\uddf3\ud83c\uddf4 NORV\u00c8GE<br \/>\n<span style=\"font-size: 11.52px;\"><i>1h04:36.3 \/ 0 (8)<\/i><\/span><\/span><\/strong><\/td>\n<td style=\"text-align: center; vertical-align: middle; font-size: 0.9em; width: 22.5%;\"><span style=\"font-size: 0.9em;\">\ud83c\uddee\ud83c\uddf9 ITALIE<br \/>\n<span style=\"font-size: 11.52px;\"><i>+22.3 \/ 0 (5)<\/i><\/span><\/span><\/td>\n<td style=\"text-align: center; vertical-align: middle; font-size: 0.9em; width: 22.5%;\"><span style=\"font-size: 0.9em;\">\ud83c\uddf8\ud83c\uddea SU\u00c8DE<br \/>\n<span style=\"font-size: 11.52px;\"><i>+1:07.8 \/ 0 (9)<\/i><\/span><\/span><\/td>\n<\/tr>\n<tr>\n<td style=\"background-color: #0081b4; width: 800px; text-align: center; vertical-align: middle;\" colspan=\"6\"><span style=\"color: #ffffff;\"><strong>DIMANCHE 21 JANVIER 2024<\/strong><\/span><\/td>\n<\/tr>\n<tr>\n<td style=\"text-align: center; vertical-align: middle; background-color: #8db5c4; width: 10%;\"><span style=\"color: #ffffff; font-size: 0.9em;\"><strong>Horaire<\/strong><\/span><\/td>\n<td style=\"text-align: center; vertical-align: middle; background-color: #8db5c4; width: 22.5%;\" colspan=\"2\"><span style=\"color: #ffffff;\"><span style=\"font-size: 0.9em;\"><b>\u00c9preuve<\/b><\/span><\/span><\/td>\n<td style=\"text-align: center; vertical-align: middle; background-color: #8db5c4; width: 22.5%;\"><span style=\"color: #ffffff; font-size: 0.9em;\"><strong>Vainqueur<\/strong><\/span><\/td>\n<td style=\"text-align: center; vertical-align: middle; background-color: #8db5c4; width: 22.5%;\"><span style=\"color: #ffffff; font-size: 0.9em;\"><strong>Deuxi\u00e8me<\/strong><\/span><\/td>\n<td style=\"text-align: center; vertical-align: middle; background-color: #8db5c4; width: 22.5%;\"><span style=\"color: #ffffff; font-size: 0.9em;\"><strong>Troisi\u00e8me<\/strong><\/span><\/td>\n<\/tr>\n<tr>\n<td style=\"text-align: center; vertical-align: middle; width: 10%;\"><strong>12H30<\/strong><\/td>\n<td style=\"text-align: center; vertical-align: middle;\" colspan=\"2\"><strong>Mass start hommes<br \/>\n<span style=\"font-size: 11.52px;\"><i><b><a href=\"https:\/\/dicodusport.fr\/blog\/antholz-anterselva-vetle-christiansen-remporte-la-mass-start-quentin-fillon-maillet-4eme\/\">R\u00e9sum\u00e9<\/a> &#8211; <a href=\"https:\/\/dicodusport.fr\/blog\/biathlon-antholz-anterselva-2024-classement-mass-start-hommes\/\">Classement<\/a><\/b><\/i><\/span><br \/>\n<i><b><\/b><\/i><\/strong><\/td>\n<td style=\"text-align: center; vertical-align: middle; font-size: 0.9em; width: 22.5%;\"><strong><span style=\"font-size: 0.9em;\">\ud83c\uddf3\ud83c\uddf4 VETLE CHRISTIANSEN<br \/>\n<span style=\"font-size: 11.52px;\"><i>35:51.4 \/ 0-1-0-0<\/i><\/span><\/span><\/strong><\/td>\n<td style=\"text-align: center; vertical-align: middle; font-size: 0.9em; width: 22.5%;\"><span style=\"font-size: 0.9em;\">\ud83c\uddf3\ud83c\uddf4 JOHANNES DALE-SKJEVDAL<br \/>\n<span style=\"font-size: 11.52px;\"><i>+10.7 \/ 0-0-1-1<\/i><\/span><\/span><\/td>\n<td style=\"text-align: center; vertical-align: middle; font-size: 0.9em; width: 22.5%;\"><span style=\"font-size: 0.9em;\">\ud83c\uddf3\ud83c\uddf4 VEBJOERN SOERUM<br \/>\n<span style=\"font-size: 11.52px;\"><i>+14.0 \/ 0-0-0-1<\/i><\/span><\/span><\/td>\n<\/tr>\n<tr>\n<td style=\"text-align: center; vertical-align: middle; width: 10%;\"><strong>14H45<\/strong><\/td>\n<td style=\"text-align: center; vertical-align: middle; width: 22.5%;\" colspan=\"2\"><strong>Mass start femmes<br \/>\n<span style=\"font-size: 11.52px;\"><i><a href=\"https:\/\/dicodusport.fr\/blog\/antholz-anterselva-julia-simon-remporte-la-mass-start-devant-lou-jeanmonnot\/\">R\u00e9sum\u00e9<\/a> &#8211; <b><a href=\"https:\/\/dicodusport.fr\/blog\/biathlon-antholz-anterselva-2024-classement-mass-start-femmes\/\">Classement<\/a><\/b><\/i><\/span><\/strong><\/td>\n<td style=\"text-align: center; vertical-align: middle; font-size: 0.9em; width: 22.5%;\"><strong><span style=\"font-size: 0.9em;\">\ud83c\uddeb\ud83c\uddf7 JULIA SIMON<br \/>\n<span style=\"font-size: 11.52px;\"><i>34:42.5 \/ 0-0-1-0<\/i><\/span><\/span><\/strong><\/td>\n<td style=\"text-align: center; vertical-align: middle; font-size: 0.9em; width: 22.5%;\"><span style=\"font-size: 0.9em;\">\ud83c\uddeb\ud83c\uddf7 LOU JEANMONNOT<br \/>\n<span style=\"font-size: 11.52px;\"><i>+8.9 \/ 0-0-0-0<\/i><\/span><\/span><\/td>\n<td style=\"text-align: center; vertical-align: middle; font-size: 0.9em; width: 22.5%;\"><span style=\"font-size: 0.9em;\">\ud83c\udde8\ud83c\udded LENA HAECKI-GROSS<br \/>\n<span style=\"font-size: 11.52px;\"><i>+20.7 \/ 0-0-1-0<\/i><\/span><\/span><\/td>\n<\/tr>\n<\/tbody>\n<\/table>\n<h2 style=\"text-align: justify;\">\u00c0 ce sujet<\/h2>\n<ul>\n<li style=\"text-align: justify;\"><strong><a href=\"https:\/\/dicodusport.fr\/blog\/biathlon-coupe-du-monde-classement-general-hommes\/\">Biathlon Coupe du monde \u2013 Classement g\u00e9n\u00e9ral hommes<\/a><\/strong><\/li>\n<li style=\"text-align: justify;\"><strong><a href=\"https:\/\/dicodusport.fr\/blog\/biathlon-coupe-du-monde-classement-general-femmes\/\">Biathlon Coupe du monde \u2013 Classement g\u00e9n\u00e9ral femmes<\/a><\/strong><\/li>\n<\/ul>\n","protected":false},"excerpt":{"rendered":"<p>Retrouvez le programme complet, les horaires et les r\u00e9sultats de la 6\u00e8me \u00e9tape de la Coupe du monde de biathlon, qui a lieu \u00e0 Antholz-Anterselva (Italie).<\/p>\n","protected":false},"author":4,"featured_media":454399,"comment_status":"open","ping_status":"closed","sticky":false,"template":"","format":"standard","meta":{"_acf_changed":false,"_daextam_enable_autolinks":"1","footnotes":""},"categories":[47040],"tags":[13719,16878],"class_list":["post-452974","post","type-post","status-publish","format-standard","has-post-thumbnail","hentry","category-coupe-du-monde-de-biathlon","tag-biathlon-antholz-anterselva","tag-breve"],"acf":[],"yoast_head":"<!-- This site is optimized with the Yoast SEO Premium plugin v26.7 (Yoast SEO v26.7) - https:\/\/yoast.com\/wordpress\/plugins\/seo\/ -->\n<title>Biathlon Antholz 2024 - Les r\u00e9sultats complets<\/title>\n<meta name=\"description\" content=\"COUPE DU MONDE DE BIATHLON 2023-2024 - Retrouvez le programme complet et les r\u00e9sultats de la Coupe du monde de d&#039;Antholz-Anterselva (Italie).\" \/>\n<meta name=\"robots\" content=\"index, follow, max-snippet:-1, max-image-preview:large, max-video-preview:-1\" \/>\n<link rel=\"canonical\" href=\"https:\/\/dicodusport.fr\/blog\/biathlon-antholz-anterselva-2024-programme-complet-et-resultats\/\" \/>\n<meta property=\"og:locale\" content=\"fr_FR\" \/>\n<meta property=\"og:type\" content=\"article\" \/>\n<meta property=\"og:title\" content=\"Biathlon Antholz 2024 - Les r\u00e9sultats complets\" \/>\n<meta property=\"og:description\" content=\"COUPE DU MONDE DE BIATHLON 2023-2024 - Retrouvez le programme complet et les r\u00e9sultats de la Coupe du monde de d&#039;Antholz-Anterselva (Italie).\" \/>\n<meta property=\"og:url\" content=\"https:\/\/dicodusport.fr\/blog\/biathlon-antholz-anterselva-2024-programme-complet-et-resultats\/\" \/>\n<meta property=\"og:site_name\" content=\"Dicodusport\" \/>\n<meta property=\"article:publisher\" content=\"https:\/\/www.facebook.com\/dicodusport\" \/>\n<meta property=\"article:author\" content=\"https:\/\/www.facebook.com\/florent.ostermann\" \/>\n<meta property=\"article:published_time\" content=\"2024-01-21T14:29:58+00:00\" \/>\n<meta property=\"og:image\" content=\"https:\/\/dicodusport.fr\/blog\/wp-content\/uploads\/2024\/01\/Antholz-Anterselva-Julia-Simon-et-Lou-Jeanmonnot-sur-le-podium-de-lindividuel-court.png\" \/>\n\t<meta property=\"og:image:width\" content=\"1200\" \/>\n\t<meta property=\"og:image:height\" content=\"674\" \/>\n\t<meta property=\"og:image:type\" content=\"image\/png\" \/>\n<meta name=\"author\" content=\"Flo Ostermann\" \/>\n<meta name=\"twitter:card\" content=\"summary_large_image\" \/>\n<meta name=\"twitter:title\" content=\"Biathlon Antholz 2024 - Les r\u00e9sultats complets\" \/>\n<meta name=\"twitter:creator\" content=\"@https:\/\/twitter.com\/FlOstermann\" \/>\n<meta name=\"twitter:site\" content=\"@dicodusport\" \/>\n<script type=\"application\/ld+json\" class=\"yoast-schema-graph\">{\"@context\":\"https:\/\/schema.org\",\"@graph\":[{\"@type\":\"NewsArticle\",\"@id\":\"https:\/\/dicodusport.fr\/blog\/biathlon-antholz-anterselva-2024-programme-complet-et-resultats\/#article\",\"isPartOf\":{\"@id\":\"https:\/\/dicodusport.fr\/blog\/biathlon-antholz-anterselva-2024-programme-complet-et-resultats\/\"},\"author\":{\"name\":\"Flo Ostermann\",\"@id\":\"https:\/\/dicodusport.fr\/blog\/#\/schema\/person\/cb02af4c173ce4a653b55e9baf388d4a\"},\"headline\":\"Biathlon Antholz 2024 &#8211; Les r\u00e9sultats complets\",\"datePublished\":\"2024-01-21T14:29:58+00:00\",\"mainEntityOfPage\":{\"@id\":\"https:\/\/dicodusport.fr\/blog\/biathlon-antholz-anterselva-2024-programme-complet-et-resultats\/\"},\"wordCount\":540,\"commentCount\":0,\"publisher\":{\"@id\":\"https:\/\/dicodusport.fr\/blog\/#organization\"},\"image\":{\"@id\":\"https:\/\/dicodusport.fr\/blog\/biathlon-antholz-anterselva-2024-programme-complet-et-resultats\/#primaryimage\"},\"thumbnailUrl\":\"https:\/\/dicodusport.fr\/blog\/wp-content\/uploads\/2024\/01\/Antholz-Anterselva-Julia-Simon-et-Lou-Jeanmonnot-sur-le-podium-de-lindividuel-court.png\",\"keywords\":[\"Biathlon Antholz-Anterselva\",\"br\u00e8ve\"],\"articleSection\":[\"Coupe du monde de biathlon\"],\"inLanguage\":\"fr-FR\",\"potentialAction\":[{\"@type\":\"CommentAction\",\"name\":\"Comment\",\"target\":[\"https:\/\/dicodusport.fr\/blog\/biathlon-antholz-anterselva-2024-programme-complet-et-resultats\/#respond\"]}],\"copyrightYear\":\"2024\",\"copyrightHolder\":{\"@id\":\"https:\/\/dicodusport.fr\/blog\/#organization\"}},{\"@type\":\"WebPage\",\"@id\":\"https:\/\/dicodusport.fr\/blog\/biathlon-antholz-anterselva-2024-programme-complet-et-resultats\/\",\"url\":\"https:\/\/dicodusport.fr\/blog\/biathlon-antholz-anterselva-2024-programme-complet-et-resultats\/\",\"name\":\"Biathlon Antholz 2024 - Les r\u00e9sultats complets\",\"isPartOf\":{\"@id\":\"https:\/\/dicodusport.fr\/blog\/#website\"},\"primaryImageOfPage\":{\"@id\":\"https:\/\/dicodusport.fr\/blog\/biathlon-antholz-anterselva-2024-programme-complet-et-resultats\/#primaryimage\"},\"image\":{\"@id\":\"https:\/\/dicodusport.fr\/blog\/biathlon-antholz-anterselva-2024-programme-complet-et-resultats\/#primaryimage\"},\"thumbnailUrl\":\"https:\/\/dicodusport.fr\/blog\/wp-content\/uploads\/2024\/01\/Antholz-Anterselva-Julia-Simon-et-Lou-Jeanmonnot-sur-le-podium-de-lindividuel-court.png\",\"datePublished\":\"2024-01-21T14:29:58+00:00\",\"description\":\"COUPE DU MONDE DE BIATHLON 2023-2024 - Retrouvez le programme complet et les r\u00e9sultats de la Coupe du monde de d'Antholz-Anterselva (Italie).\",\"breadcrumb\":{\"@id\":\"https:\/\/dicodusport.fr\/blog\/biathlon-antholz-anterselva-2024-programme-complet-et-resultats\/#breadcrumb\"},\"inLanguage\":\"fr-FR\",\"potentialAction\":[{\"@type\":\"ReadAction\",\"target\":[\"https:\/\/dicodusport.fr\/blog\/biathlon-antholz-anterselva-2024-programme-complet-et-resultats\/\"]}]},{\"@type\":\"ImageObject\",\"inLanguage\":\"fr-FR\",\"@id\":\"https:\/\/dicodusport.fr\/blog\/biathlon-antholz-anterselva-2024-programme-complet-et-resultats\/#primaryimage\",\"url\":\"https:\/\/dicodusport.fr\/blog\/wp-content\/uploads\/2024\/01\/Antholz-Anterselva-Julia-Simon-et-Lou-Jeanmonnot-sur-le-podium-de-lindividuel-court.png\",\"contentUrl\":\"https:\/\/dicodusport.fr\/blog\/wp-content\/uploads\/2024\/01\/Antholz-Anterselva-Julia-Simon-et-Lou-Jeanmonnot-sur-le-podium-de-lindividuel-court.png\",\"width\":1200,\"height\":674,\"caption\":\"Antholz-Anterselva Julia Simon et Lou Jeanmonnot sur le podium de l'individuel court\"},{\"@type\":\"BreadcrumbList\",\"@id\":\"https:\/\/dicodusport.fr\/blog\/biathlon-antholz-anterselva-2024-programme-complet-et-resultats\/#breadcrumb\",\"itemListElement\":[{\"@type\":\"ListItem\",\"position\":1,\"name\":\"Accueil\",\"item\":\"https:\/\/dicodusport.fr\/blog\/\"},{\"@type\":\"ListItem\",\"position\":2,\"name\":\"Biathlon Antholz 2024 &#8211; Les r\u00e9sultats complets\"}]},{\"@type\":\"WebSite\",\"@id\":\"https:\/\/dicodusport.fr\/blog\/#website\",\"url\":\"https:\/\/dicodusport.fr\/blog\/\",\"name\":\"Dicodusport\",\"description\":\"L&#039;encyclop\u00e9die de l&#039;actualit\u00e9 sportive\",\"publisher\":{\"@id\":\"https:\/\/dicodusport.fr\/blog\/#organization\"},\"potentialAction\":[{\"@type\":\"SearchAction\",\"target\":{\"@type\":\"EntryPoint\",\"urlTemplate\":\"https:\/\/dicodusport.fr\/blog\/?s={search_term_string}\"},\"query-input\":{\"@type\":\"PropertyValueSpecification\",\"valueRequired\":true,\"valueName\":\"search_term_string\"}}],\"inLanguage\":\"fr-FR\"},{\"@type\":\"NewsMediaOrganization\",\"@id\":\"https:\/\/dicodusport.fr\/blog\/#organization\",\"name\":\"Dicodusport\",\"url\":\"https:\/\/dicodusport.fr\/blog\/\",\"logo\":{\"@type\":\"ImageObject\",\"inLanguage\":\"fr-FR\",\"@id\":\"https:\/\/dicodusport.fr\/blog\/#\/schema\/logo\/image\/\",\"url\":\"https:\/\/dicodusport.fr\/blog\/wp-content\/uploads\/2020\/06\/cropped-LOGO-DICODUSPORT-2020-SANS-FOND-SANS-TEXTE.png\",\"contentUrl\":\"https:\/\/dicodusport.fr\/blog\/wp-content\/uploads\/2020\/06\/cropped-LOGO-DICODUSPORT-2020-SANS-FOND-SANS-TEXTE.png\",\"width\":512,\"height\":512,\"caption\":\"Dicodusport\"},\"image\":{\"@id\":\"https:\/\/dicodusport.fr\/blog\/#\/schema\/logo\/image\/\"},\"sameAs\":[\"https:\/\/www.facebook.com\/dicodusport\",\"https:\/\/x.com\/dicodusport\",\"https:\/\/www.instagram.com\/dicodusport\/\",\"https:\/\/www.youtube.com\/channel\/UC7V2KZ5sd3htJivAbA4ZG3w\"],\"description\":\"Dicodusport est l'encyclop\u00e9die de l'actualit\u00e9 sportive.\",\"email\":\"bonjour@dicodusport.fr\",\"legalName\":\"DICODUSPORT\",\"foundingDate\":\"2018-01-14\",\"vatID\":\"FR71834470973\",\"taxID\":\"83447097300043\",\"numberOfEmployees\":{\"@type\":\"QuantitativeValue\",\"minValue\":\"1\",\"maxValue\":\"10\"}},{\"@type\":\"Person\",\"@id\":\"https:\/\/dicodusport.fr\/blog\/#\/schema\/person\/cb02af4c173ce4a653b55e9baf388d4a\",\"name\":\"Flo Ostermann\",\"image\":{\"@type\":\"ImageObject\",\"inLanguage\":\"fr-FR\",\"@id\":\"https:\/\/dicodusport.fr\/blog\/#\/schema\/person\/image\/\",\"url\":\"https:\/\/dicodusport.fr\/blog\/wp-content\/uploads\/2021\/05\/Flo-Ostermann-150x150.jpg\",\"contentUrl\":\"https:\/\/dicodusport.fr\/blog\/wp-content\/uploads\/2021\/05\/Flo-Ostermann-150x150.jpg\",\"caption\":\"Flo Ostermann\"},\"description\":\"Journaliste\/R\u00e9dacteur depuis septembre 2015 - Mes premiers souvenirs dans le sport ? Les envol\u00e9es du Stade Toulousain et les duels Villeneuve-Schumacher et H\u00e4kkinen-Schumacher \u00e0 la fin des ann\u00e9es 90, la Coupe du monde de football en 1998, l\u2019exploit du XV de France face aux All Blacks en 1999, mais aussi Richard C\u0153ur de Lion qui vole sur les montagnes du Tour de France. Bien parti pour devenir professeur d\u2019EPS, les \u00e9v\u00e9nements de la vie (et la flemme d\u2019animer des s\u00e9ances de 3x500 m\u00e8tres toute ma vie) m\u2019ont conduit \u00e0 revoir mes plans. Me voil\u00e0 depuis fin 2017 sur Dicodusport, m\u00e9dia gr\u00e2ce (et pour) lequel je partage ma passion : le sport dans tous ses \u00e9tats. Le tout accompagn\u00e9 par les fous furieux et folles furieuses cit\u00e9s sur cette page !\",\"sameAs\":[\"https:\/\/www.facebook.com\/florent.ostermann\",\"https:\/\/x.com\/https:\/\/twitter.com\/FlOstermann\",\"admin\"],\"url\":\"https:\/\/dicodusport.fr\/blog\/author\/flo\/\"}]}<\/script>\n<!-- \/ Yoast SEO Premium plugin. -->","yoast_head_json":{"title":"Biathlon Antholz 2024 - Les r\u00e9sultats complets","description":"COUPE DU MONDE DE BIATHLON 2023-2024 - Retrouvez le programme complet et les r\u00e9sultats de la Coupe du monde de d'Antholz-Anterselva (Italie).","robots":{"index":"index","follow":"follow","max-snippet":"max-snippet:-1","max-image-preview":"max-image-preview:large","max-video-preview":"max-video-preview:-1"},"canonical":"https:\/\/dicodusport.fr\/blog\/biathlon-antholz-anterselva-2024-programme-complet-et-resultats\/","og_locale":"fr_FR","og_type":"article","og_title":"Biathlon Antholz 2024 - Les r\u00e9sultats complets","og_description":"COUPE DU MONDE DE BIATHLON 2023-2024 - Retrouvez le programme complet et les r\u00e9sultats de la Coupe du monde de d'Antholz-Anterselva (Italie).","og_url":"https:\/\/dicodusport.fr\/blog\/biathlon-antholz-anterselva-2024-programme-complet-et-resultats\/","og_site_name":"Dicodusport","article_publisher":"https:\/\/www.facebook.com\/dicodusport","article_author":"https:\/\/www.facebook.com\/florent.ostermann","article_published_time":"2024-01-21T14:29:58+00:00","og_image":[{"width":1200,"height":674,"url":"https:\/\/dicodusport.fr\/blog\/wp-content\/uploads\/2024\/01\/Antholz-Anterselva-Julia-Simon-et-Lou-Jeanmonnot-sur-le-podium-de-lindividuel-court.png","type":"image\/png"}],"author":"Flo Ostermann","twitter_card":"summary_large_image","twitter_title":"Biathlon Antholz 2024 - Les r\u00e9sultats complets","twitter_creator":"@https:\/\/twitter.com\/FlOstermann","twitter_site":"@dicodusport","schema":{"@context":"https:\/\/schema.org","@graph":[{"@type":"NewsArticle","@id":"https:\/\/dicodusport.fr\/blog\/biathlon-antholz-anterselva-2024-programme-complet-et-resultats\/#article","isPartOf":{"@id":"https:\/\/dicodusport.fr\/blog\/biathlon-antholz-anterselva-2024-programme-complet-et-resultats\/"},"author":{"name":"Flo Ostermann","@id":"https:\/\/dicodusport.fr\/blog\/#\/schema\/person\/cb02af4c173ce4a653b55e9baf388d4a"},"headline":"Biathlon Antholz 2024 &#8211; Les r\u00e9sultats complets","datePublished":"2024-01-21T14:29:58+00:00","mainEntityOfPage":{"@id":"https:\/\/dicodusport.fr\/blog\/biathlon-antholz-anterselva-2024-programme-complet-et-resultats\/"},"wordCount":540,"commentCount":0,"publisher":{"@id":"https:\/\/dicodusport.fr\/blog\/#organization"},"image":{"@id":"https:\/\/dicodusport.fr\/blog\/biathlon-antholz-anterselva-2024-programme-complet-et-resultats\/#primaryimage"},"thumbnailUrl":"https:\/\/dicodusport.fr\/blog\/wp-content\/uploads\/2024\/01\/Antholz-Anterselva-Julia-Simon-et-Lou-Jeanmonnot-sur-le-podium-de-lindividuel-court.png","keywords":["Biathlon Antholz-Anterselva","br\u00e8ve"],"articleSection":["Coupe du monde de biathlon"],"inLanguage":"fr-FR","potentialAction":[{"@type":"CommentAction","name":"Comment","target":["https:\/\/dicodusport.fr\/blog\/biathlon-antholz-anterselva-2024-programme-complet-et-resultats\/#respond"]}],"copyrightYear":"2024","copyrightHolder":{"@id":"https:\/\/dicodusport.fr\/blog\/#organization"}},{"@type":"WebPage","@id":"https:\/\/dicodusport.fr\/blog\/biathlon-antholz-anterselva-2024-programme-complet-et-resultats\/","url":"https:\/\/dicodusport.fr\/blog\/biathlon-antholz-anterselva-2024-programme-complet-et-resultats\/","name":"Biathlon Antholz 2024 - Les r\u00e9sultats complets","isPartOf":{"@id":"https:\/\/dicodusport.fr\/blog\/#website"},"primaryImageOfPage":{"@id":"https:\/\/dicodusport.fr\/blog\/biathlon-antholz-anterselva-2024-programme-complet-et-resultats\/#primaryimage"},"image":{"@id":"https:\/\/dicodusport.fr\/blog\/biathlon-antholz-anterselva-2024-programme-complet-et-resultats\/#primaryimage"},"thumbnailUrl":"https:\/\/dicodusport.fr\/blog\/wp-content\/uploads\/2024\/01\/Antholz-Anterselva-Julia-Simon-et-Lou-Jeanmonnot-sur-le-podium-de-lindividuel-court.png","datePublished":"2024-01-21T14:29:58+00:00","description":"COUPE DU MONDE DE BIATHLON 2023-2024 - Retrouvez le programme complet et les r\u00e9sultats de la Coupe du monde de d'Antholz-Anterselva (Italie).","breadcrumb":{"@id":"https:\/\/dicodusport.fr\/blog\/biathlon-antholz-anterselva-2024-programme-complet-et-resultats\/#breadcrumb"},"inLanguage":"fr-FR","potentialAction":[{"@type":"ReadAction","target":["https:\/\/dicodusport.fr\/blog\/biathlon-antholz-anterselva-2024-programme-complet-et-resultats\/"]}]},{"@type":"ImageObject","inLanguage":"fr-FR","@id":"https:\/\/dicodusport.fr\/blog\/biathlon-antholz-anterselva-2024-programme-complet-et-resultats\/#primaryimage","url":"https:\/\/dicodusport.fr\/blog\/wp-content\/uploads\/2024\/01\/Antholz-Anterselva-Julia-Simon-et-Lou-Jeanmonnot-sur-le-podium-de-lindividuel-court.png","contentUrl":"https:\/\/dicodusport.fr\/blog\/wp-content\/uploads\/2024\/01\/Antholz-Anterselva-Julia-Simon-et-Lou-Jeanmonnot-sur-le-podium-de-lindividuel-court.png","width":1200,"height":674,"caption":"Antholz-Anterselva Julia Simon et Lou Jeanmonnot sur le podium de l'individuel court"},{"@type":"BreadcrumbList","@id":"https:\/\/dicodusport.fr\/blog\/biathlon-antholz-anterselva-2024-programme-complet-et-resultats\/#breadcrumb","itemListElement":[{"@type":"ListItem","position":1,"name":"Accueil","item":"https:\/\/dicodusport.fr\/blog\/"},{"@type":"ListItem","position":2,"name":"Biathlon Antholz 2024 &#8211; Les r\u00e9sultats complets"}]},{"@type":"WebSite","@id":"https:\/\/dicodusport.fr\/blog\/#website","url":"https:\/\/dicodusport.fr\/blog\/","name":"Dicodusport","description":"L&#039;encyclop\u00e9die de l&#039;actualit\u00e9 sportive","publisher":{"@id":"https:\/\/dicodusport.fr\/blog\/#organization"},"potentialAction":[{"@type":"SearchAction","target":{"@type":"EntryPoint","urlTemplate":"https:\/\/dicodusport.fr\/blog\/?s={search_term_string}"},"query-input":{"@type":"PropertyValueSpecification","valueRequired":true,"valueName":"search_term_string"}}],"inLanguage":"fr-FR"},{"@type":"NewsMediaOrganization","@id":"https:\/\/dicodusport.fr\/blog\/#organization","name":"Dicodusport","url":"https:\/\/dicodusport.fr\/blog\/","logo":{"@type":"ImageObject","inLanguage":"fr-FR","@id":"https:\/\/dicodusport.fr\/blog\/#\/schema\/logo\/image\/","url":"https:\/\/dicodusport.fr\/blog\/wp-content\/uploads\/2020\/06\/cropped-LOGO-DICODUSPORT-2020-SANS-FOND-SANS-TEXTE.png","contentUrl":"https:\/\/dicodusport.fr\/blog\/wp-content\/uploads\/2020\/06\/cropped-LOGO-DICODUSPORT-2020-SANS-FOND-SANS-TEXTE.png","width":512,"height":512,"caption":"Dicodusport"},"image":{"@id":"https:\/\/dicodusport.fr\/blog\/#\/schema\/logo\/image\/"},"sameAs":["https:\/\/www.facebook.com\/dicodusport","https:\/\/x.com\/dicodusport","https:\/\/www.instagram.com\/dicodusport\/","https:\/\/www.youtube.com\/channel\/UC7V2KZ5sd3htJivAbA4ZG3w"],"description":"Dicodusport est l'encyclop\u00e9die de l'actualit\u00e9 sportive.","email":"bonjour@dicodusport.fr","legalName":"DICODUSPORT","foundingDate":"2018-01-14","vatID":"FR71834470973","taxID":"83447097300043","numberOfEmployees":{"@type":"QuantitativeValue","minValue":"1","maxValue":"10"}},{"@type":"Person","@id":"https:\/\/dicodusport.fr\/blog\/#\/schema\/person\/cb02af4c173ce4a653b55e9baf388d4a","name":"Flo Ostermann","image":{"@type":"ImageObject","inLanguage":"fr-FR","@id":"https:\/\/dicodusport.fr\/blog\/#\/schema\/person\/image\/","url":"https:\/\/dicodusport.fr\/blog\/wp-content\/uploads\/2021\/05\/Flo-Ostermann-150x150.jpg","contentUrl":"https:\/\/dicodusport.fr\/blog\/wp-content\/uploads\/2021\/05\/Flo-Ostermann-150x150.jpg","caption":"Flo Ostermann"},"description":"Journaliste\/R\u00e9dacteur depuis septembre 2015 - Mes premiers souvenirs dans le sport ? Les envol\u00e9es du Stade Toulousain et les duels Villeneuve-Schumacher et H\u00e4kkinen-Schumacher \u00e0 la fin des ann\u00e9es 90, la Coupe du monde de football en 1998, l\u2019exploit du XV de France face aux All Blacks en 1999, mais aussi Richard C\u0153ur de Lion qui vole sur les montagnes du Tour de France. Bien parti pour devenir professeur d\u2019EPS, les \u00e9v\u00e9nements de la vie (et la flemme d\u2019animer des s\u00e9ances de 3x500 m\u00e8tres toute ma vie) m\u2019ont conduit \u00e0 revoir mes plans. Me voil\u00e0 depuis fin 2017 sur Dicodusport, m\u00e9dia gr\u00e2ce (et pour) lequel je partage ma passion : le sport dans tous ses \u00e9tats. Le tout accompagn\u00e9 par les fous furieux et folles furieuses cit\u00e9s sur cette page !","sameAs":["https:\/\/www.facebook.com\/florent.ostermann","https:\/\/x.com\/https:\/\/twitter.com\/FlOstermann","admin"],"url":"https:\/\/dicodusport.fr\/blog\/author\/flo\/"}]}},"_links":{"self":[{"href":"https:\/\/dicodusport.fr\/blog\/wp-json\/wp\/v2\/posts\/452974","targetHints":{"allow":["GET"]}}],"collection":[{"href":"https:\/\/dicodusport.fr\/blog\/wp-json\/wp\/v2\/posts"}],"about":[{"href":"https:\/\/dicodusport.fr\/blog\/wp-json\/wp\/v2\/types\/post"}],"author":[{"embeddable":true,"href":"https:\/\/dicodusport.fr\/blog\/wp-json\/wp\/v2\/users\/4"}],"replies":[{"embeddable":true,"href":"https:\/\/dicodusport.fr\/blog\/wp-json\/wp\/v2\/comments?post=452974"}],"version-history":[{"count":6,"href":"https:\/\/dicodusport.fr\/blog\/wp-json\/wp\/v2\/posts\/452974\/revisions"}],"predecessor-version":[{"id":455244,"href":"https:\/\/dicodusport.fr\/blog\/wp-json\/wp\/v2\/posts\/452974\/revisions\/455244"}],"wp:featuredmedia":[{"embeddable":true,"href":"https:\/\/dicodusport.fr\/blog\/wp-json\/wp\/v2\/media\/454399"}],"wp:attachment":[{"href":"https:\/\/dicodusport.fr\/blog\/wp-json\/wp\/v2\/media?parent=452974"}],"wp:term":[{"taxonomy":"category","embeddable":true,"href":"https:\/\/dicodusport.fr\/blog\/wp-json\/wp\/v2\/categories?post=452974"},{"taxonomy":"post_tag","embeddable":true,"href":"https:\/\/dicodusport.fr\/blog\/wp-json\/wp\/v2\/tags?post=452974"}],"curies":[{"name":"wp","href":"https:\/\/api.w.org\/{rel}","templated":true}]}}