{"id":453207,"date":"2024-01-16T13:02:31","date_gmt":"2024-01-16T12:02:31","guid":{"rendered":"https:\/\/dicodusport.fr\/blog\/?p=453207&#038;preview=true&#038;preview_id=453207"},"modified":"2024-01-16T13:11:59","modified_gmt":"2024-01-16T12:11:59","slug":"une-4eme-etape-du-dakar-2024-pour-sebastien-loeb-carlos-sainz-solide-leader-du-general","status":"publish","type":"post","link":"https:\/\/dicodusport.fr\/blog\/une-4eme-etape-du-dakar-2024-pour-sebastien-loeb-carlos-sainz-solide-leader-du-general\/","title":{"rendered":"Une 4\u00e8me \u00e9tape du Dakar 2024 pour S\u00e9bastien Loeb, Carlos Sainz solide leader du g\u00e9n\u00e9ral"},"content":{"rendered":"<p style=\"text-align: justify;\"><strong><em>DAKAR 2024 &#8211; S\u00e9bastien Loeb (Bahrain Raid Xtreme) a domin\u00e9 la 9\u00e8me \u00e9tape du Dakar devant Carlos Sainz (Audi) qui garde la t\u00eate du g\u00e9n\u00e9ral.<\/em><\/strong><\/p>\n<ul style=\"text-align: justify;\">\n<li style=\"text-align: justify;\"><strong>\u00c0 ce sujet &#8211; <a href=\"https:\/\/dicodusport.fr\/blog\/dakar-2024-parcours-et-calendrier-des-etapes\/\">Dakar 2024 : Parcours et calendrier des \u00e9tapes<\/a><\/strong><\/li>\n<\/ul>\n<p style=\"text-align: justify;\">Parti dixi\u00e8me dans la file des voitures, <strong>S\u00e9bastien<\/strong> <strong>Loeb<\/strong> est pass\u00e9 en t\u00eate \u00e0 tous les pointages pour remporter une quatri\u00e8me \u00e9tape avec plus de quatre minutes d&rsquo;avance sur son principal concurrent, <strong>Carlos<\/strong> <strong>Sainz<\/strong>. Victime de deux crevaisons avant la mi-sp\u00e9ciale, le Fran\u00e7ais a perdu un peu de temps et a d\u00fb lever le pied sur la fin du parcours.<\/p>\n<ul>\n<li style=\"text-align: justify;\"><strong>\u00c0 ce sujet &#8211; <a href=\"https:\/\/dicodusport.fr\/blog\/dakar-2024-classement-general-categorie-autos\/\">Dakar 2024 \u2013 Classement g\u00e9n\u00e9ral Autos<\/a>\u00a0<\/strong><\/li>\n<\/ul>\n<h2 style=\"text-align: justify;\">S\u00e9bastien Loeb grappille sur Carlos Sainz au g\u00e9n\u00e9ral<\/h2>\n<p style=\"text-align: justify;\">De leur c\u00f4t\u00e9, les voitures <strong>Audi<\/strong> ont fait une course d&rsquo;\u00e9quipe, avec <strong>Mattias<\/strong> <strong>Ekstr\u00f6m<\/strong> et <strong>St\u00e9phane<\/strong> <strong>Peterhansel<\/strong> qui ont roul\u00e9 avec l&rsquo;Espagnol pour \u00eatre l\u00e0 en cas de p\u00e9pins techniques. <strong>Carlos<\/strong> <strong>Sainz<\/strong> a bien g\u00e9r\u00e9 sa sp\u00e9ciale et garde une avance confortable au classement g\u00e9n\u00e9ral, un peu plus de 20 minutes, alors qu&rsquo;il ne reste plus que trois jours de course.<\/p>\n<p style=\"text-align: justify;\"><strong>S\u00e9bastien Loeb<\/strong> aura donc bien du mal \u00e0 dominer l&rsquo;Espagnol et plus globalement Audi \u00e0 la r\u00e9guli\u00e8re, m\u00eame si la longue \u00e9tape de jeudi s&rsquo;annonce d\u00e9cisive. Chez les motos, <strong>Ricky<\/strong> <strong>Brabec<\/strong> (Honda) garde la t\u00eate du g\u00e9n\u00e9ral en accentuant son avance sur <strong>Ross<\/strong> <strong>Branch<\/strong> (Hero) alors que le Fran\u00e7ais <strong>Adrien Van Beveren<\/strong> (Honda) a remport\u00e9 la neuvi\u00e8me \u00e9tape.<\/p>\n<blockquote class=\"twitter-tweet\">\n<p dir=\"ltr\" lang=\"en\">\ud83d\ude97 <a href=\"https:\/\/twitter.com\/SebastienLoeb?ref_src=twsrc%5Etfw\">@SebastienLoeb<\/a> going full gun and setting the pace on Stage 7 \ud83d\udca5 <a href=\"https:\/\/twitter.com\/hashtag\/Dakar2024?src=hash&amp;ref_src=twsrc%5Etfw\">#Dakar2024<\/a> <a href=\"https:\/\/t.co\/gVmZcw3VEV\">pic.twitter.com\/gVmZcw3VEV<\/a><\/p>\n<p>\u2014 DAKAR RALLY (@dakar) <a href=\"https:\/\/twitter.com\/dakar\/status\/1746509718921880039?ref_src=twsrc%5Etfw\">January 14, 2024<\/a><\/p><\/blockquote>\n<p style=\"text-align: justify;\"><script async src=\"https:\/\/platform.twitter.com\/widgets.js\" charset=\"utf-8\"><\/script><\/p>\n","protected":false},"excerpt":{"rendered":"<p>DAKAR 2024 &#8211; S\u00e9bastien Loeb (Bahrain Raid Xtreme) a domin\u00e9 la 9\u00e8me \u00e9tape du Dakar devant Carlos Sainz (Audi) qui garde la t\u00eate du g\u00e9n\u00e9ral.<\/p>\n","protected":false},"author":1,"featured_media":453210,"comment_status":"open","ping_status":"closed","sticky":false,"template":"","format":"standard","meta":{"_acf_changed":false,"_daextam_enable_autolinks":"1","footnotes":""},"categories":[9493],"tags":[16878,2736,7001,3282,24],"class_list":["post-453207","post","type-post","status-publish","format-standard","has-post-thumbnail","hentry","category-dakar","tag-breve","tag-dakar","tag-loeb","tag-sebastien-loeb","tag-sport"],"acf":[],"yoast_head":"<!-- This site is optimized with the Yoast SEO Premium plugin v26.7 (Yoast SEO v26.7) - https:\/\/yoast.com\/wordpress\/plugins\/seo\/ -->\n<title>Une 4\u00e8me \u00e9tape du Dakar 2024 pour S\u00e9bastien Loeb, Carlos Sainz solide leader du g\u00e9n\u00e9ral<\/title>\n<meta name=\"description\" content=\"DAKAR 2024 - S\u00e9bastien Loeb (Bahrain Raid Xtreme) a domin\u00e9 la 9\u00e8me \u00e9tape du Dakar devant Carlos Sainz (Audi) qui garde la t\u00eate du g\u00e9n\u00e9ral.\" \/>\n<meta name=\"robots\" content=\"index, follow, max-snippet:-1, max-image-preview:large, max-video-preview:-1\" \/>\n<link rel=\"canonical\" href=\"https:\/\/dicodusport.fr\/blog\/une-4eme-etape-du-dakar-2024-pour-sebastien-loeb-carlos-sainz-solide-leader-du-general\/\" \/>\n<meta property=\"og:locale\" content=\"fr_FR\" \/>\n<meta property=\"og:type\" content=\"article\" \/>\n<meta property=\"og:title\" content=\"Une 4\u00e8me \u00e9tape du Dakar 2024 pour S\u00e9bastien Loeb, Carlos Sainz solide leader du g\u00e9n\u00e9ral\" \/>\n<meta property=\"og:description\" content=\"DAKAR 2024 - S\u00e9bastien Loeb (Bahrain Raid Xtreme) a domin\u00e9 la 9\u00e8me \u00e9tape du Dakar devant Carlos Sainz (Audi) qui garde la t\u00eate du g\u00e9n\u00e9ral.\" \/>\n<meta property=\"og:url\" content=\"https:\/\/dicodusport.fr\/blog\/une-4eme-etape-du-dakar-2024-pour-sebastien-loeb-carlos-sainz-solide-leader-du-general\/\" \/>\n<meta property=\"og:site_name\" content=\"Dicodusport\" \/>\n<meta property=\"article:publisher\" content=\"https:\/\/www.facebook.com\/dicodusport\" \/>\n<meta property=\"article:author\" content=\"https:\/\/www.facebook.com\/dicodusport\" \/>\n<meta property=\"article:published_time\" content=\"2024-01-16T12:02:31+00:00\" \/>\n<meta property=\"article:modified_time\" content=\"2024-01-16T12:11:59+00:00\" \/>\n<meta property=\"og:image\" content=\"https:\/\/dicodusport.fr\/blog\/wp-content\/uploads\/2024\/01\/Une-4eme-etape-du-Dakar-2024-pour-Sebastien-Loeb-Carlos-Sainz-solide-leader-du-general.png\" \/>\n\t<meta property=\"og:image:width\" content=\"1200\" \/>\n\t<meta property=\"og:image:height\" content=\"674\" \/>\n\t<meta property=\"og:image:type\" content=\"image\/png\" \/>\n<meta name=\"author\" content=\"Nicolas Jacquemard\" \/>\n<meta name=\"twitter:card\" content=\"summary_large_image\" \/>\n<meta name=\"twitter:title\" content=\"Une 4\u00e8me \u00e9tape du Dakar 2024 pour S\u00e9bastien Loeb, Carlos Sainz solide leader du g\u00e9n\u00e9ral\" \/>\n<meta name=\"twitter:creator\" content=\"@https:\/\/twitter.com\/Nico_Jacquemard\" \/>\n<meta name=\"twitter:site\" content=\"@dicodusport\" \/>\n<script type=\"application\/ld+json\" class=\"yoast-schema-graph\">{\"@context\":\"https:\/\/schema.org\",\"@graph\":[{\"@type\":\"NewsArticle\",\"@id\":\"https:\/\/dicodusport.fr\/blog\/une-4eme-etape-du-dakar-2024-pour-sebastien-loeb-carlos-sainz-solide-leader-du-general\/#article\",\"isPartOf\":{\"@id\":\"https:\/\/dicodusport.fr\/blog\/une-4eme-etape-du-dakar-2024-pour-sebastien-loeb-carlos-sainz-solide-leader-du-general\/\"},\"author\":{\"name\":\"Nicolas Jacquemard\",\"@id\":\"https:\/\/dicodusport.fr\/blog\/#\/schema\/person\/55dcb50ad410894e431ed812bbb70191\"},\"headline\":\"Une 4\u00e8me \u00e9tape du Dakar 2024 pour S\u00e9bastien Loeb, Carlos Sainz solide leader du g\u00e9n\u00e9ral\",\"datePublished\":\"2024-01-16T12:02:31+00:00\",\"dateModified\":\"2024-01-16T12:11:59+00:00\",\"mainEntityOfPage\":{\"@id\":\"https:\/\/dicodusport.fr\/blog\/une-4eme-etape-du-dakar-2024-pour-sebastien-loeb-carlos-sainz-solide-leader-du-general\/\"},\"wordCount\":299,\"commentCount\":0,\"publisher\":{\"@id\":\"https:\/\/dicodusport.fr\/blog\/#organization\"},\"image\":{\"@id\":\"https:\/\/dicodusport.fr\/blog\/une-4eme-etape-du-dakar-2024-pour-sebastien-loeb-carlos-sainz-solide-leader-du-general\/#primaryimage\"},\"thumbnailUrl\":\"https:\/\/dicodusport.fr\/blog\/wp-content\/uploads\/2024\/01\/Une-4eme-etape-du-Dakar-2024-pour-Sebastien-Loeb-Carlos-Sainz-solide-leader-du-general.png\",\"keywords\":[\"br\u00e8ve\",\"dakar\",\"Loeb\",\"s\u00e9bastien loeb\",\"sport\"],\"articleSection\":[\"Dakar\"],\"inLanguage\":\"fr-FR\",\"potentialAction\":[{\"@type\":\"CommentAction\",\"name\":\"Comment\",\"target\":[\"https:\/\/dicodusport.fr\/blog\/une-4eme-etape-du-dakar-2024-pour-sebastien-loeb-carlos-sainz-solide-leader-du-general\/#respond\"]}],\"copyrightYear\":\"2024\",\"copyrightHolder\":{\"@id\":\"https:\/\/dicodusport.fr\/blog\/#organization\"}},{\"@type\":\"WebPage\",\"@id\":\"https:\/\/dicodusport.fr\/blog\/une-4eme-etape-du-dakar-2024-pour-sebastien-loeb-carlos-sainz-solide-leader-du-general\/\",\"url\":\"https:\/\/dicodusport.fr\/blog\/une-4eme-etape-du-dakar-2024-pour-sebastien-loeb-carlos-sainz-solide-leader-du-general\/\",\"name\":\"Une 4\u00e8me \u00e9tape du Dakar 2024 pour S\u00e9bastien Loeb, Carlos Sainz solide leader du g\u00e9n\u00e9ral\",\"isPartOf\":{\"@id\":\"https:\/\/dicodusport.fr\/blog\/#website\"},\"primaryImageOfPage\":{\"@id\":\"https:\/\/dicodusport.fr\/blog\/une-4eme-etape-du-dakar-2024-pour-sebastien-loeb-carlos-sainz-solide-leader-du-general\/#primaryimage\"},\"image\":{\"@id\":\"https:\/\/dicodusport.fr\/blog\/une-4eme-etape-du-dakar-2024-pour-sebastien-loeb-carlos-sainz-solide-leader-du-general\/#primaryimage\"},\"thumbnailUrl\":\"https:\/\/dicodusport.fr\/blog\/wp-content\/uploads\/2024\/01\/Une-4eme-etape-du-Dakar-2024-pour-Sebastien-Loeb-Carlos-Sainz-solide-leader-du-general.png\",\"datePublished\":\"2024-01-16T12:02:31+00:00\",\"dateModified\":\"2024-01-16T12:11:59+00:00\",\"description\":\"DAKAR 2024 - S\u00e9bastien Loeb (Bahrain Raid Xtreme) a domin\u00e9 la 9\u00e8me \u00e9tape du Dakar devant Carlos Sainz (Audi) qui garde la t\u00eate du g\u00e9n\u00e9ral.\",\"breadcrumb\":{\"@id\":\"https:\/\/dicodusport.fr\/blog\/une-4eme-etape-du-dakar-2024-pour-sebastien-loeb-carlos-sainz-solide-leader-du-general\/#breadcrumb\"},\"inLanguage\":\"fr-FR\",\"potentialAction\":[{\"@type\":\"ReadAction\",\"target\":[\"https:\/\/dicodusport.fr\/blog\/une-4eme-etape-du-dakar-2024-pour-sebastien-loeb-carlos-sainz-solide-leader-du-general\/\"]}]},{\"@type\":\"ImageObject\",\"inLanguage\":\"fr-FR\",\"@id\":\"https:\/\/dicodusport.fr\/blog\/une-4eme-etape-du-dakar-2024-pour-sebastien-loeb-carlos-sainz-solide-leader-du-general\/#primaryimage\",\"url\":\"https:\/\/dicodusport.fr\/blog\/wp-content\/uploads\/2024\/01\/Une-4eme-etape-du-Dakar-2024-pour-Sebastien-Loeb-Carlos-Sainz-solide-leader-du-general.png\",\"contentUrl\":\"https:\/\/dicodusport.fr\/blog\/wp-content\/uploads\/2024\/01\/Une-4eme-etape-du-Dakar-2024-pour-Sebastien-Loeb-Carlos-Sainz-solide-leader-du-general.png\",\"width\":1200,\"height\":674,\"caption\":\"Une 4e\u0300me e\u0301tape du Dakar 2024 pour Se\u0301bastien Loeb, Carlos Sainz solide leader du ge\u0301ne\u0301ral\"},{\"@type\":\"BreadcrumbList\",\"@id\":\"https:\/\/dicodusport.fr\/blog\/une-4eme-etape-du-dakar-2024-pour-sebastien-loeb-carlos-sainz-solide-leader-du-general\/#breadcrumb\",\"itemListElement\":[{\"@type\":\"ListItem\",\"position\":1,\"name\":\"Accueil\",\"item\":\"https:\/\/dicodusport.fr\/blog\/\"},{\"@type\":\"ListItem\",\"position\":2,\"name\":\"Une 4\u00e8me \u00e9tape du Dakar 2024 pour S\u00e9bastien Loeb, Carlos Sainz solide leader du g\u00e9n\u00e9ral\"}]},{\"@type\":\"WebSite\",\"@id\":\"https:\/\/dicodusport.fr\/blog\/#website\",\"url\":\"https:\/\/dicodusport.fr\/blog\/\",\"name\":\"Dicodusport\",\"description\":\"L&#039;encyclop\u00e9die de l&#039;actualit\u00e9 sportive\",\"publisher\":{\"@id\":\"https:\/\/dicodusport.fr\/blog\/#organization\"},\"potentialAction\":[{\"@type\":\"SearchAction\",\"target\":{\"@type\":\"EntryPoint\",\"urlTemplate\":\"https:\/\/dicodusport.fr\/blog\/?s={search_term_string}\"},\"query-input\":{\"@type\":\"PropertyValueSpecification\",\"valueRequired\":true,\"valueName\":\"search_term_string\"}}],\"inLanguage\":\"fr-FR\"},{\"@type\":\"NewsMediaOrganization\",\"@id\":\"https:\/\/dicodusport.fr\/blog\/#organization\",\"name\":\"Dicodusport\",\"url\":\"https:\/\/dicodusport.fr\/blog\/\",\"logo\":{\"@type\":\"ImageObject\",\"inLanguage\":\"fr-FR\",\"@id\":\"https:\/\/dicodusport.fr\/blog\/#\/schema\/logo\/image\/\",\"url\":\"https:\/\/dicodusport.fr\/blog\/wp-content\/uploads\/2020\/06\/cropped-LOGO-DICODUSPORT-2020-SANS-FOND-SANS-TEXTE.png\",\"contentUrl\":\"https:\/\/dicodusport.fr\/blog\/wp-content\/uploads\/2020\/06\/cropped-LOGO-DICODUSPORT-2020-SANS-FOND-SANS-TEXTE.png\",\"width\":512,\"height\":512,\"caption\":\"Dicodusport\"},\"image\":{\"@id\":\"https:\/\/dicodusport.fr\/blog\/#\/schema\/logo\/image\/\"},\"sameAs\":[\"https:\/\/www.facebook.com\/dicodusport\",\"https:\/\/x.com\/dicodusport\",\"https:\/\/www.instagram.com\/dicodusport\/\",\"https:\/\/www.youtube.com\/channel\/UC7V2KZ5sd3htJivAbA4ZG3w\"],\"description\":\"Dicodusport est l'encyclop\u00e9die de l'actualit\u00e9 sportive.\",\"email\":\"bonjour@dicodusport.fr\",\"legalName\":\"DICODUSPORT\",\"foundingDate\":\"2018-01-14\",\"vatID\":\"FR71834470973\",\"taxID\":\"83447097300043\",\"numberOfEmployees\":{\"@type\":\"QuantitativeValue\",\"minValue\":\"1\",\"maxValue\":\"10\"}},{\"@type\":\"Person\",\"@id\":\"https:\/\/dicodusport.fr\/blog\/#\/schema\/person\/55dcb50ad410894e431ed812bbb70191\",\"name\":\"Nicolas Jacquemard\",\"image\":{\"@type\":\"ImageObject\",\"inLanguage\":\"fr-FR\",\"@id\":\"https:\/\/dicodusport.fr\/blog\/#\/schema\/person\/image\/\",\"url\":\"https:\/\/dicodusport.fr\/blog\/wp-content\/uploads\/2021\/05\/Nicolas-Jacquemard-150x150.jpeg\",\"contentUrl\":\"https:\/\/dicodusport.fr\/blog\/wp-content\/uploads\/2021\/05\/Nicolas-Jacquemard-150x150.jpeg\",\"caption\":\"Nicolas Jacquemard\"},\"description\":\"Passionn\u00e9 de sport et entrepreneur depuis mes 18 ans, la cr\u00e9ation de Dicodusport m'a sembl\u00e9 \u00e9vidente pour participer \u00e0 la m\u00e9diatisation d'un plus grand nombre de sports. Le chemin est long mais avec une \u00e9quipe des plus motiv\u00e9es et les Jeux Olympiques de Paris 2024 en point de mire, nous y arriverons ! Journaliste dans le monde du sport depuis plus de 5 ans, je traite aussi bien de football, de rugby, de biathlon que de cyclisme.\",\"sameAs\":[\"https:\/\/www.facebook.com\/dicodusport\",\"https:\/\/x.com\/https:\/\/twitter.com\/Nico_Jacquemard\"],\"url\":\"https:\/\/dicodusport.fr\/blog\/author\/dicodusport\/\"}]}<\/script>\n<!-- \/ Yoast SEO Premium plugin. -->","yoast_head_json":{"title":"Une 4\u00e8me \u00e9tape du Dakar 2024 pour S\u00e9bastien Loeb, Carlos Sainz solide leader du g\u00e9n\u00e9ral","description":"DAKAR 2024 - S\u00e9bastien Loeb (Bahrain Raid Xtreme) a domin\u00e9 la 9\u00e8me \u00e9tape du Dakar devant Carlos Sainz (Audi) qui garde la t\u00eate du g\u00e9n\u00e9ral.","robots":{"index":"index","follow":"follow","max-snippet":"max-snippet:-1","max-image-preview":"max-image-preview:large","max-video-preview":"max-video-preview:-1"},"canonical":"https:\/\/dicodusport.fr\/blog\/une-4eme-etape-du-dakar-2024-pour-sebastien-loeb-carlos-sainz-solide-leader-du-general\/","og_locale":"fr_FR","og_type":"article","og_title":"Une 4\u00e8me \u00e9tape du Dakar 2024 pour S\u00e9bastien Loeb, Carlos Sainz solide leader du g\u00e9n\u00e9ral","og_description":"DAKAR 2024 - S\u00e9bastien Loeb (Bahrain Raid Xtreme) a domin\u00e9 la 9\u00e8me \u00e9tape du Dakar devant Carlos Sainz (Audi) qui garde la t\u00eate du g\u00e9n\u00e9ral.","og_url":"https:\/\/dicodusport.fr\/blog\/une-4eme-etape-du-dakar-2024-pour-sebastien-loeb-carlos-sainz-solide-leader-du-general\/","og_site_name":"Dicodusport","article_publisher":"https:\/\/www.facebook.com\/dicodusport","article_author":"https:\/\/www.facebook.com\/dicodusport","article_published_time":"2024-01-16T12:02:31+00:00","article_modified_time":"2024-01-16T12:11:59+00:00","og_image":[{"width":1200,"height":674,"url":"https:\/\/dicodusport.fr\/blog\/wp-content\/uploads\/2024\/01\/Une-4eme-etape-du-Dakar-2024-pour-Sebastien-Loeb-Carlos-Sainz-solide-leader-du-general.png","type":"image\/png"}],"author":"Nicolas Jacquemard","twitter_card":"summary_large_image","twitter_title":"Une 4\u00e8me \u00e9tape du Dakar 2024 pour S\u00e9bastien Loeb, Carlos Sainz solide leader du g\u00e9n\u00e9ral","twitter_creator":"@https:\/\/twitter.com\/Nico_Jacquemard","twitter_site":"@dicodusport","schema":{"@context":"https:\/\/schema.org","@graph":[{"@type":"NewsArticle","@id":"https:\/\/dicodusport.fr\/blog\/une-4eme-etape-du-dakar-2024-pour-sebastien-loeb-carlos-sainz-solide-leader-du-general\/#article","isPartOf":{"@id":"https:\/\/dicodusport.fr\/blog\/une-4eme-etape-du-dakar-2024-pour-sebastien-loeb-carlos-sainz-solide-leader-du-general\/"},"author":{"name":"Nicolas Jacquemard","@id":"https:\/\/dicodusport.fr\/blog\/#\/schema\/person\/55dcb50ad410894e431ed812bbb70191"},"headline":"Une 4\u00e8me \u00e9tape du Dakar 2024 pour S\u00e9bastien Loeb, Carlos Sainz solide leader du g\u00e9n\u00e9ral","datePublished":"2024-01-16T12:02:31+00:00","dateModified":"2024-01-16T12:11:59+00:00","mainEntityOfPage":{"@id":"https:\/\/dicodusport.fr\/blog\/une-4eme-etape-du-dakar-2024-pour-sebastien-loeb-carlos-sainz-solide-leader-du-general\/"},"wordCount":299,"commentCount":0,"publisher":{"@id":"https:\/\/dicodusport.fr\/blog\/#organization"},"image":{"@id":"https:\/\/dicodusport.fr\/blog\/une-4eme-etape-du-dakar-2024-pour-sebastien-loeb-carlos-sainz-solide-leader-du-general\/#primaryimage"},"thumbnailUrl":"https:\/\/dicodusport.fr\/blog\/wp-content\/uploads\/2024\/01\/Une-4eme-etape-du-Dakar-2024-pour-Sebastien-Loeb-Carlos-Sainz-solide-leader-du-general.png","keywords":["br\u00e8ve","dakar","Loeb","s\u00e9bastien loeb","sport"],"articleSection":["Dakar"],"inLanguage":"fr-FR","potentialAction":[{"@type":"CommentAction","name":"Comment","target":["https:\/\/dicodusport.fr\/blog\/une-4eme-etape-du-dakar-2024-pour-sebastien-loeb-carlos-sainz-solide-leader-du-general\/#respond"]}],"copyrightYear":"2024","copyrightHolder":{"@id":"https:\/\/dicodusport.fr\/blog\/#organization"}},{"@type":"WebPage","@id":"https:\/\/dicodusport.fr\/blog\/une-4eme-etape-du-dakar-2024-pour-sebastien-loeb-carlos-sainz-solide-leader-du-general\/","url":"https:\/\/dicodusport.fr\/blog\/une-4eme-etape-du-dakar-2024-pour-sebastien-loeb-carlos-sainz-solide-leader-du-general\/","name":"Une 4\u00e8me \u00e9tape du Dakar 2024 pour S\u00e9bastien Loeb, Carlos Sainz solide leader du g\u00e9n\u00e9ral","isPartOf":{"@id":"https:\/\/dicodusport.fr\/blog\/#website"},"primaryImageOfPage":{"@id":"https:\/\/dicodusport.fr\/blog\/une-4eme-etape-du-dakar-2024-pour-sebastien-loeb-carlos-sainz-solide-leader-du-general\/#primaryimage"},"image":{"@id":"https:\/\/dicodusport.fr\/blog\/une-4eme-etape-du-dakar-2024-pour-sebastien-loeb-carlos-sainz-solide-leader-du-general\/#primaryimage"},"thumbnailUrl":"https:\/\/dicodusport.fr\/blog\/wp-content\/uploads\/2024\/01\/Une-4eme-etape-du-Dakar-2024-pour-Sebastien-Loeb-Carlos-Sainz-solide-leader-du-general.png","datePublished":"2024-01-16T12:02:31+00:00","dateModified":"2024-01-16T12:11:59+00:00","description":"DAKAR 2024 - S\u00e9bastien Loeb (Bahrain Raid Xtreme) a domin\u00e9 la 9\u00e8me \u00e9tape du Dakar devant Carlos Sainz (Audi) qui garde la t\u00eate du g\u00e9n\u00e9ral.","breadcrumb":{"@id":"https:\/\/dicodusport.fr\/blog\/une-4eme-etape-du-dakar-2024-pour-sebastien-loeb-carlos-sainz-solide-leader-du-general\/#breadcrumb"},"inLanguage":"fr-FR","potentialAction":[{"@type":"ReadAction","target":["https:\/\/dicodusport.fr\/blog\/une-4eme-etape-du-dakar-2024-pour-sebastien-loeb-carlos-sainz-solide-leader-du-general\/"]}]},{"@type":"ImageObject","inLanguage":"fr-FR","@id":"https:\/\/dicodusport.fr\/blog\/une-4eme-etape-du-dakar-2024-pour-sebastien-loeb-carlos-sainz-solide-leader-du-general\/#primaryimage","url":"https:\/\/dicodusport.fr\/blog\/wp-content\/uploads\/2024\/01\/Une-4eme-etape-du-Dakar-2024-pour-Sebastien-Loeb-Carlos-Sainz-solide-leader-du-general.png","contentUrl":"https:\/\/dicodusport.fr\/blog\/wp-content\/uploads\/2024\/01\/Une-4eme-etape-du-Dakar-2024-pour-Sebastien-Loeb-Carlos-Sainz-solide-leader-du-general.png","width":1200,"height":674,"caption":"Une 4e\u0300me e\u0301tape du Dakar 2024 pour Se\u0301bastien Loeb, Carlos Sainz solide leader du ge\u0301ne\u0301ral"},{"@type":"BreadcrumbList","@id":"https:\/\/dicodusport.fr\/blog\/une-4eme-etape-du-dakar-2024-pour-sebastien-loeb-carlos-sainz-solide-leader-du-general\/#breadcrumb","itemListElement":[{"@type":"ListItem","position":1,"name":"Accueil","item":"https:\/\/dicodusport.fr\/blog\/"},{"@type":"ListItem","position":2,"name":"Une 4\u00e8me \u00e9tape du Dakar 2024 pour S\u00e9bastien Loeb, Carlos Sainz solide leader du g\u00e9n\u00e9ral"}]},{"@type":"WebSite","@id":"https:\/\/dicodusport.fr\/blog\/#website","url":"https:\/\/dicodusport.fr\/blog\/","name":"Dicodusport","description":"L&#039;encyclop\u00e9die de l&#039;actualit\u00e9 sportive","publisher":{"@id":"https:\/\/dicodusport.fr\/blog\/#organization"},"potentialAction":[{"@type":"SearchAction","target":{"@type":"EntryPoint","urlTemplate":"https:\/\/dicodusport.fr\/blog\/?s={search_term_string}"},"query-input":{"@type":"PropertyValueSpecification","valueRequired":true,"valueName":"search_term_string"}}],"inLanguage":"fr-FR"},{"@type":"NewsMediaOrganization","@id":"https:\/\/dicodusport.fr\/blog\/#organization","name":"Dicodusport","url":"https:\/\/dicodusport.fr\/blog\/","logo":{"@type":"ImageObject","inLanguage":"fr-FR","@id":"https:\/\/dicodusport.fr\/blog\/#\/schema\/logo\/image\/","url":"https:\/\/dicodusport.fr\/blog\/wp-content\/uploads\/2020\/06\/cropped-LOGO-DICODUSPORT-2020-SANS-FOND-SANS-TEXTE.png","contentUrl":"https:\/\/dicodusport.fr\/blog\/wp-content\/uploads\/2020\/06\/cropped-LOGO-DICODUSPORT-2020-SANS-FOND-SANS-TEXTE.png","width":512,"height":512,"caption":"Dicodusport"},"image":{"@id":"https:\/\/dicodusport.fr\/blog\/#\/schema\/logo\/image\/"},"sameAs":["https:\/\/www.facebook.com\/dicodusport","https:\/\/x.com\/dicodusport","https:\/\/www.instagram.com\/dicodusport\/","https:\/\/www.youtube.com\/channel\/UC7V2KZ5sd3htJivAbA4ZG3w"],"description":"Dicodusport est l'encyclop\u00e9die de l'actualit\u00e9 sportive.","email":"bonjour@dicodusport.fr","legalName":"DICODUSPORT","foundingDate":"2018-01-14","vatID":"FR71834470973","taxID":"83447097300043","numberOfEmployees":{"@type":"QuantitativeValue","minValue":"1","maxValue":"10"}},{"@type":"Person","@id":"https:\/\/dicodusport.fr\/blog\/#\/schema\/person\/55dcb50ad410894e431ed812bbb70191","name":"Nicolas Jacquemard","image":{"@type":"ImageObject","inLanguage":"fr-FR","@id":"https:\/\/dicodusport.fr\/blog\/#\/schema\/person\/image\/","url":"https:\/\/dicodusport.fr\/blog\/wp-content\/uploads\/2021\/05\/Nicolas-Jacquemard-150x150.jpeg","contentUrl":"https:\/\/dicodusport.fr\/blog\/wp-content\/uploads\/2021\/05\/Nicolas-Jacquemard-150x150.jpeg","caption":"Nicolas Jacquemard"},"description":"Passionn\u00e9 de sport et entrepreneur depuis mes 18 ans, la cr\u00e9ation de Dicodusport m'a sembl\u00e9 \u00e9vidente pour participer \u00e0 la m\u00e9diatisation d'un plus grand nombre de sports. Le chemin est long mais avec une \u00e9quipe des plus motiv\u00e9es et les Jeux Olympiques de Paris 2024 en point de mire, nous y arriverons ! Journaliste dans le monde du sport depuis plus de 5 ans, je traite aussi bien de football, de rugby, de biathlon que de cyclisme.","sameAs":["https:\/\/www.facebook.com\/dicodusport","https:\/\/x.com\/https:\/\/twitter.com\/Nico_Jacquemard"],"url":"https:\/\/dicodusport.fr\/blog\/author\/dicodusport\/"}]}},"_links":{"self":[{"href":"https:\/\/dicodusport.fr\/blog\/wp-json\/wp\/v2\/posts\/453207","targetHints":{"allow":["GET"]}}],"collection":[{"href":"https:\/\/dicodusport.fr\/blog\/wp-json\/wp\/v2\/posts"}],"about":[{"href":"https:\/\/dicodusport.fr\/blog\/wp-json\/wp\/v2\/types\/post"}],"author":[{"embeddable":true,"href":"https:\/\/dicodusport.fr\/blog\/wp-json\/wp\/v2\/users\/1"}],"replies":[{"embeddable":true,"href":"https:\/\/dicodusport.fr\/blog\/wp-json\/wp\/v2\/comments?post=453207"}],"version-history":[{"count":3,"href":"https:\/\/dicodusport.fr\/blog\/wp-json\/wp\/v2\/posts\/453207\/revisions"}],"predecessor-version":[{"id":453217,"href":"https:\/\/dicodusport.fr\/blog\/wp-json\/wp\/v2\/posts\/453207\/revisions\/453217"}],"wp:featuredmedia":[{"embeddable":true,"href":"https:\/\/dicodusport.fr\/blog\/wp-json\/wp\/v2\/media\/453210"}],"wp:attachment":[{"href":"https:\/\/dicodusport.fr\/blog\/wp-json\/wp\/v2\/media?parent=453207"}],"wp:term":[{"taxonomy":"category","embeddable":true,"href":"https:\/\/dicodusport.fr\/blog\/wp-json\/wp\/v2\/categories?post=453207"},{"taxonomy":"post_tag","embeddable":true,"href":"https:\/\/dicodusport.fr\/blog\/wp-json\/wp\/v2\/tags?post=453207"}],"curies":[{"name":"wp","href":"https:\/\/api.w.org\/{rel}","templated":true}]}}