{"id":453252,"date":"2024-01-17T14:13:58","date_gmt":"2024-01-17T13:13:58","guid":{"rendered":"https:\/\/dicodusport.fr\/blog\/?p=453252&#038;preview=true&#038;preview_id=453252"},"modified":"2024-01-17T19:35:37","modified_gmt":"2024-01-17T18:35:37","slug":"starperche-bordeaux-2024-programme-et-presentation","status":"publish","type":"post","link":"https:\/\/dicodusport.fr\/blog\/starperche-bordeaux-2024-programme-et-presentation\/","title":{"rendered":"Starperche Bordeaux 2024 &#8211; Programme et pr\u00e9sentation"},"content":{"rendered":"<p style=\"text-align: justify;\"><strong><em>ATHL\u00c9TISME &#8211; Retrouvez le programme et la pr\u00e9sentation du Starperche 2024 ce samedi, seconde \u00e9tape du Perche \u00c9lite Tour \u00e0 Bordeaux.<\/em><\/strong><\/p>\n<h2 style=\"text-align: justify;\">Dehaynain et Emig pour confirmer leur performance de Superdevoluy<\/h2>\n<p style=\"text-align: justify;\"><strong>Alix Dehaynain<\/strong> et <strong>Robin Emig<\/strong> ont connu une rentr\u00e9e record, samedi dernier, lors du premier Perche Elite Tour, du c\u00f4t\u00e9 de Superdevoluy. La perchiste lilloise et le perchiste sudiste ont battu leur record personnel, pour leur premi\u00e8re comp\u00e9tition de 2024. Avec un bond \u00e0 4.50 m et 5.75 m. Tous deux seront pr\u00e9sents ce samedi soir, pour le second rendez-vous, du c\u00f4t\u00e9 du Starperche. Organis\u00e9 par le club de Bordeaux Athl\u00e9 et \u00e0 sa t\u00eate l&rsquo;ancienne perchiste <strong>Marion Lotout<\/strong>. Et la startlist sera belle dans la capitale de la Gironde.<\/p>\n<h2 style=\"text-align: justify;\">Molinarolo contre les Fran\u00e7aises chez les femmes<\/h2>\n<p style=\"text-align: justify;\">Chez les femmes, on retrouvera <strong>Margot Chevrier<\/strong>. La perchiste ni\u00e7oise, qui s&rsquo;entra\u00eene d\u00e9sormais du c\u00f4t\u00e9 de Bordeaux, a fr\u00f4l\u00e9 le \u00ab\u00a00\u00a0\u00bb dans les Hautes-Alpes, avant de franchir 4.40 m. Battue par Ninon Chapelle et <strong>Alix Dehaynain<\/strong>, toutes deux pr\u00e9sentes \u00e0 Bordeaux, la 2e Fran\u00e7aise de tous les temps \u00e0 la perche (\u00e0 \u00e9galit\u00e9 avec Marion Fiack) cherchera \u00e0 monter en puissance, en vue des championnats du monde de Glasgow.<\/p>\n<p style=\"text-align: justify;\">Les Fran\u00e7aises ont pris la temp\u00e9rature \u00e0 Devoluy, avec quatre femmes \u00e0 4.40 m ou plus, le concours promet une nouvelle fois de sacr\u00e9s rebondissements. Et difficile d&rsquo;y d\u00e9gager une favorite. Car il ne faut pas oublier <strong>Marie-Julie Bonnin<\/strong>, qui sera \u00e0 domicile.<strong> Albane Dordain<\/strong>, qui a un record \u00e0 4.46 m, peut aussi jouer les troubles f\u00eates. Mais les Fran\u00e7aises devront se m\u00e9fier de l&rsquo;Italienne <strong>Elisa Molinarolo<\/strong> (record \u00e0 4.68 m en 2023).<\/p>\n<p style=\"text-align: justify;\">Et m\u00eame le concours B a de l&rsquo;allure, avec la pr\u00e9sence d&rsquo;<strong>Elina Giuallurachis<\/strong>, qui affiche un record \u00e0 plus de 4.50 m en 2022 (4.51 m). C&rsquo;\u00e9tait d\u00e9j\u00e0 en Gironde \u00e0 Pessac. Apr\u00e8s un concours compliqu\u00e9 \u00e0 Devoluy, elle va chercher \u00e0 se rassurer. Elle retrouvera<strong> B\u00e9r\u00e9nice Petit<\/strong>, mais aussi <strong>L\u00e9a Mauberret<\/strong>, qui ont franchi 4.30 m la semaine derni\u00e8re. Toutes deux ont \u00e9chou\u00e9 de tr\u00e8s peu \u00e0 4.40 m, pour exploser leur record personnel. Peut-\u00eatre pour ce samedi soir ? <strong>Elise Russis<\/strong>, qui a saut\u00e9 \u00e0 4.20 m cette saison, peut aussi jouer la gagne dans ce concours B.<\/p>\n<h2 style=\"text-align: justify;\">Ammirati fait sa rentr\u00e9e<\/h2>\n<p style=\"text-align: justify;\">Perturb\u00e9 par des p\u00e9pins physiques en 2023, <strong>Anthony Ammirati<\/strong>, deuxi\u00e8me meilleur junior de tous les temps, avec un record \u00e0 5.81 m, fait sa rentr\u00e9e ce samedi soir en Gironde. Celui qui est n\u00e9 \u00e0 Grasse va retrouver une grosse concurrence. Si <strong>Robin Emig<\/strong> a battu son record, c&rsquo;est \u00e9galement le cas de <strong>Baptiste Thiery<\/strong> qui a \u00e9galement franchi 5.75 m dans les alpes.<strong> Ethan Cormont<\/strong> un temps annonc\u00e9, a finalement d\u00e9clar\u00e9 forfait pour le rendez-vous portugais. Il avait r\u00e9alis\u00e9 une tr\u00e8s grosse rentr\u00e9e, avec 5.75 m, du c\u00f4t\u00e9 de Devoluy.<\/p>\n<p style=\"text-align: justify;\">Les Fran\u00e7ais vont de nouveau croiser la route du Portugais <strong>Pedro Buaro<\/strong>, qui a battu le record du Portugal \u00e0 Devoluy, lui aussi avec 5.75 m. Cela promet une bagarre bouillante, avec Mathieu Collet ou encore <strong>Alioune Sene<\/strong> qui vont chercher \u00e0 gagner des centim\u00e8tres. Dans le concours B, on surveillera attentivement le comportement de <strong>Mathias Orban<\/strong> et <strong>Romain Gavillon<\/strong>.<\/p>\n<h2 style=\"text-align: justify;\">Le programme du Starperche 2024<\/h2>\n<p style=\"text-align: justify;\">15h : Concours B femmes<\/p>\n<p style=\"text-align: justify;\">15h : Concours B hommes<\/p>\n<p style=\"text-align: justify;\">19h : Concours \u00c9lite femmes<\/p>\n<p style=\"text-align: justify;\">19h : Concours \u00c9lite hommes<\/p>\n<p style=\"text-align: justify;\"><em><strong>En direct sur Athl\u00e9 TV (gratuit pour les licenci\u00e9s FFA)<\/strong><\/em><\/p>\n","protected":false},"excerpt":{"rendered":"<p>ATHL\u00c9TISME &#8211; Retrouvez le programme et la pr\u00e9sentation du Starperche 2024 ce samedi, seconde \u00e9tape du Perche \u00c9lite Tour \u00e0 Bordeaux. Dehaynain et Emig pour confirmer leur performance de Superdevoluy Alix Dehaynain et Robin Emig ont connu une rentr\u00e9e record, samedi dernier, lors du premier Perche Elite Tour, du c\u00f4t\u00e9 de Superdevoluy. La perchiste lilloise [&hellip;]<\/p>\n","protected":false},"author":83,"featured_media":453261,"comment_status":"open","ping_status":"closed","sticky":false,"template":"","format":"standard","meta":{"_acf_changed":false,"_daextam_enable_autolinks":"1","footnotes":""},"categories":[2308],"tags":[143,16878],"class_list":["post-453252","post","type-post","status-publish","format-standard","has-post-thumbnail","hentry","category-athletisme","tag-athletisme","tag-breve"],"acf":[],"yoast_head":"<!-- This site is optimized with the Yoast SEO Premium plugin v26.7 (Yoast SEO v26.7) - https:\/\/yoast.com\/wordpress\/plugins\/seo\/ -->\n<title>Starperche Bordeaux 2024 - Programme et pr\u00e9sentation<\/title>\n<meta name=\"description\" content=\"ATHL\u00c9TISME - Retrouvez le programme et la pr\u00e9sentation du Starperche 2024 ce samedi, seconde \u00e9tape du Perche Elite Tour \u00e0 Bordeaux.\" \/>\n<meta name=\"robots\" content=\"index, follow, max-snippet:-1, max-image-preview:large, max-video-preview:-1\" \/>\n<link rel=\"canonical\" href=\"https:\/\/dicodusport.fr\/blog\/starperche-bordeaux-2024-programme-et-presentation\/\" \/>\n<meta property=\"og:locale\" content=\"fr_FR\" \/>\n<meta property=\"og:type\" content=\"article\" \/>\n<meta property=\"og:title\" content=\"Starperche Bordeaux 2024 - Programme et pr\u00e9sentation\" \/>\n<meta property=\"og:description\" content=\"ATHL\u00c9TISME - Retrouvez le programme et la pr\u00e9sentation du Starperche 2024 ce samedi, seconde \u00e9tape du Perche Elite Tour \u00e0 Bordeaux.\" \/>\n<meta property=\"og:url\" content=\"https:\/\/dicodusport.fr\/blog\/starperche-bordeaux-2024-programme-et-presentation\/\" \/>\n<meta property=\"og:site_name\" content=\"Dicodusport\" \/>\n<meta property=\"article:publisher\" content=\"https:\/\/www.facebook.com\/dicodusport\" \/>\n<meta property=\"article:published_time\" content=\"2024-01-17T13:13:58+00:00\" \/>\n<meta property=\"article:modified_time\" content=\"2024-01-17T18:35:37+00:00\" \/>\n<meta property=\"og:image\" content=\"https:\/\/dicodusport.fr\/blog\/wp-content\/uploads\/2024\/01\/Starperche-Bordeaux-2024-Programme-et-presentation.png\" \/>\n\t<meta property=\"og:image:width\" content=\"1200\" \/>\n\t<meta property=\"og:image:height\" content=\"674\" \/>\n\t<meta property=\"og:image:type\" content=\"image\/png\" \/>\n<meta name=\"author\" content=\"Etienne Goursaud\" \/>\n<meta name=\"twitter:card\" content=\"summary_large_image\" \/>\n<meta name=\"twitter:title\" content=\"Starperche Bordeaux 2024 - Programme et pr\u00e9sentation\" \/>\n<meta name=\"twitter:creator\" content=\"@dicodusport\" \/>\n<meta name=\"twitter:site\" content=\"@dicodusport\" \/>\n<script type=\"application\/ld+json\" class=\"yoast-schema-graph\">{\"@context\":\"https:\/\/schema.org\",\"@graph\":[{\"@type\":\"NewsArticle\",\"@id\":\"https:\/\/dicodusport.fr\/blog\/starperche-bordeaux-2024-programme-et-presentation\/#article\",\"isPartOf\":{\"@id\":\"https:\/\/dicodusport.fr\/blog\/starperche-bordeaux-2024-programme-et-presentation\/\"},\"author\":{\"name\":\"Etienne Goursaud\",\"@id\":\"https:\/\/dicodusport.fr\/blog\/#\/schema\/person\/d603dd7da31fb2b46c82b9835a77ec13\"},\"headline\":\"Starperche Bordeaux 2024 &#8211; Programme et pr\u00e9sentation\",\"datePublished\":\"2024-01-17T13:13:58+00:00\",\"dateModified\":\"2024-01-17T18:35:37+00:00\",\"mainEntityOfPage\":{\"@id\":\"https:\/\/dicodusport.fr\/blog\/starperche-bordeaux-2024-programme-et-presentation\/\"},\"wordCount\":572,\"commentCount\":0,\"publisher\":{\"@id\":\"https:\/\/dicodusport.fr\/blog\/#organization\"},\"image\":{\"@id\":\"https:\/\/dicodusport.fr\/blog\/starperche-bordeaux-2024-programme-et-presentation\/#primaryimage\"},\"thumbnailUrl\":\"https:\/\/dicodusport.fr\/blog\/wp-content\/uploads\/2024\/01\/Starperche-Bordeaux-2024-Programme-et-presentation.png\",\"keywords\":[\"Athl\u00e9tisme\",\"br\u00e8ve\"],\"articleSection\":[\"Athl\u00e9tisme\"],\"inLanguage\":\"fr-FR\",\"potentialAction\":[{\"@type\":\"CommentAction\",\"name\":\"Comment\",\"target\":[\"https:\/\/dicodusport.fr\/blog\/starperche-bordeaux-2024-programme-et-presentation\/#respond\"]}],\"copyrightYear\":\"2024\",\"copyrightHolder\":{\"@id\":\"https:\/\/dicodusport.fr\/blog\/#organization\"}},{\"@type\":\"WebPage\",\"@id\":\"https:\/\/dicodusport.fr\/blog\/starperche-bordeaux-2024-programme-et-presentation\/\",\"url\":\"https:\/\/dicodusport.fr\/blog\/starperche-bordeaux-2024-programme-et-presentation\/\",\"name\":\"Starperche Bordeaux 2024 - Programme et pr\u00e9sentation\",\"isPartOf\":{\"@id\":\"https:\/\/dicodusport.fr\/blog\/#website\"},\"primaryImageOfPage\":{\"@id\":\"https:\/\/dicodusport.fr\/blog\/starperche-bordeaux-2024-programme-et-presentation\/#primaryimage\"},\"image\":{\"@id\":\"https:\/\/dicodusport.fr\/blog\/starperche-bordeaux-2024-programme-et-presentation\/#primaryimage\"},\"thumbnailUrl\":\"https:\/\/dicodusport.fr\/blog\/wp-content\/uploads\/2024\/01\/Starperche-Bordeaux-2024-Programme-et-presentation.png\",\"datePublished\":\"2024-01-17T13:13:58+00:00\",\"dateModified\":\"2024-01-17T18:35:37+00:00\",\"description\":\"ATHL\u00c9TISME - Retrouvez le programme et la pr\u00e9sentation du Starperche 2024 ce samedi, seconde \u00e9tape du Perche Elite Tour \u00e0 Bordeaux.\",\"breadcrumb\":{\"@id\":\"https:\/\/dicodusport.fr\/blog\/starperche-bordeaux-2024-programme-et-presentation\/#breadcrumb\"},\"inLanguage\":\"fr-FR\",\"potentialAction\":[{\"@type\":\"ReadAction\",\"target\":[\"https:\/\/dicodusport.fr\/blog\/starperche-bordeaux-2024-programme-et-presentation\/\"]}]},{\"@type\":\"ImageObject\",\"inLanguage\":\"fr-FR\",\"@id\":\"https:\/\/dicodusport.fr\/blog\/starperche-bordeaux-2024-programme-et-presentation\/#primaryimage\",\"url\":\"https:\/\/dicodusport.fr\/blog\/wp-content\/uploads\/2024\/01\/Starperche-Bordeaux-2024-Programme-et-presentation.png\",\"contentUrl\":\"https:\/\/dicodusport.fr\/blog\/wp-content\/uploads\/2024\/01\/Starperche-Bordeaux-2024-Programme-et-presentation.png\",\"width\":1200,\"height\":674,\"caption\":\"Starperche Bordeaux 2024 - Programme et pr\u00e9sentation\"},{\"@type\":\"BreadcrumbList\",\"@id\":\"https:\/\/dicodusport.fr\/blog\/starperche-bordeaux-2024-programme-et-presentation\/#breadcrumb\",\"itemListElement\":[{\"@type\":\"ListItem\",\"position\":1,\"name\":\"Accueil\",\"item\":\"https:\/\/dicodusport.fr\/blog\/\"},{\"@type\":\"ListItem\",\"position\":2,\"name\":\"Starperche Bordeaux 2024 &#8211; Programme et pr\u00e9sentation\"}]},{\"@type\":\"WebSite\",\"@id\":\"https:\/\/dicodusport.fr\/blog\/#website\",\"url\":\"https:\/\/dicodusport.fr\/blog\/\",\"name\":\"Dicodusport\",\"description\":\"L&#039;encyclop\u00e9die de l&#039;actualit\u00e9 sportive\",\"publisher\":{\"@id\":\"https:\/\/dicodusport.fr\/blog\/#organization\"},\"potentialAction\":[{\"@type\":\"SearchAction\",\"target\":{\"@type\":\"EntryPoint\",\"urlTemplate\":\"https:\/\/dicodusport.fr\/blog\/?s={search_term_string}\"},\"query-input\":{\"@type\":\"PropertyValueSpecification\",\"valueRequired\":true,\"valueName\":\"search_term_string\"}}],\"inLanguage\":\"fr-FR\"},{\"@type\":\"NewsMediaOrganization\",\"@id\":\"https:\/\/dicodusport.fr\/blog\/#organization\",\"name\":\"Dicodusport\",\"url\":\"https:\/\/dicodusport.fr\/blog\/\",\"logo\":{\"@type\":\"ImageObject\",\"inLanguage\":\"fr-FR\",\"@id\":\"https:\/\/dicodusport.fr\/blog\/#\/schema\/logo\/image\/\",\"url\":\"https:\/\/dicodusport.fr\/blog\/wp-content\/uploads\/2020\/06\/cropped-LOGO-DICODUSPORT-2020-SANS-FOND-SANS-TEXTE.png\",\"contentUrl\":\"https:\/\/dicodusport.fr\/blog\/wp-content\/uploads\/2020\/06\/cropped-LOGO-DICODUSPORT-2020-SANS-FOND-SANS-TEXTE.png\",\"width\":512,\"height\":512,\"caption\":\"Dicodusport\"},\"image\":{\"@id\":\"https:\/\/dicodusport.fr\/blog\/#\/schema\/logo\/image\/\"},\"sameAs\":[\"https:\/\/www.facebook.com\/dicodusport\",\"https:\/\/x.com\/dicodusport\",\"https:\/\/www.instagram.com\/dicodusport\/\",\"https:\/\/www.youtube.com\/channel\/UC7V2KZ5sd3htJivAbA4ZG3w\"],\"description\":\"Dicodusport est l'encyclop\u00e9die de l'actualit\u00e9 sportive.\",\"email\":\"bonjour@dicodusport.fr\",\"legalName\":\"DICODUSPORT\",\"foundingDate\":\"2018-01-14\",\"vatID\":\"FR71834470973\",\"taxID\":\"83447097300043\",\"numberOfEmployees\":{\"@type\":\"QuantitativeValue\",\"minValue\":\"1\",\"maxValue\":\"10\"}},{\"@type\":\"Person\",\"@id\":\"https:\/\/dicodusport.fr\/blog\/#\/schema\/person\/d603dd7da31fb2b46c82b9835a77ec13\",\"name\":\"Etienne Goursaud\",\"image\":{\"@type\":\"ImageObject\",\"inLanguage\":\"fr-FR\",\"@id\":\"https:\/\/dicodusport.fr\/blog\/#\/schema\/person\/image\/\",\"url\":\"https:\/\/dicodusport.fr\/blog\/wp-content\/uploads\/2023\/12\/410122264_10231602061736049_5565839791558026645_n-150x150.jpg\",\"contentUrl\":\"https:\/\/dicodusport.fr\/blog\/wp-content\/uploads\/2023\/12\/410122264_10231602061736049_5565839791558026645_n-150x150.jpg\",\"caption\":\"Etienne Goursaud\"},\"description\":\"Journaliste et amoureux de sport. Ancien footballeur reconverti athl\u00e8te quand ses muscles le laissent tranquille. \u00c9lev\u00e9 \u00e0 la sauce des exploits de Thomas Voeckler en 2004, du dernier essai de l\u00e9gende de Eunice Barber \u00e0 la longueur lors des championnats du monde d'athl\u00e9tisme de 2003 mais aussi Zidane, Omeyer et Titou Lamaison.\",\"url\":\"https:\/\/dicodusport.fr\/blog\/author\/etienne-goursaud\/\"}]}<\/script>\n<!-- \/ Yoast SEO Premium plugin. -->","yoast_head_json":{"title":"Starperche Bordeaux 2024 - Programme et pr\u00e9sentation","description":"ATHL\u00c9TISME - Retrouvez le programme et la pr\u00e9sentation du Starperche 2024 ce samedi, seconde \u00e9tape du Perche Elite Tour \u00e0 Bordeaux.","robots":{"index":"index","follow":"follow","max-snippet":"max-snippet:-1","max-image-preview":"max-image-preview:large","max-video-preview":"max-video-preview:-1"},"canonical":"https:\/\/dicodusport.fr\/blog\/starperche-bordeaux-2024-programme-et-presentation\/","og_locale":"fr_FR","og_type":"article","og_title":"Starperche Bordeaux 2024 - Programme et pr\u00e9sentation","og_description":"ATHL\u00c9TISME - Retrouvez le programme et la pr\u00e9sentation du Starperche 2024 ce samedi, seconde \u00e9tape du Perche Elite Tour \u00e0 Bordeaux.","og_url":"https:\/\/dicodusport.fr\/blog\/starperche-bordeaux-2024-programme-et-presentation\/","og_site_name":"Dicodusport","article_publisher":"https:\/\/www.facebook.com\/dicodusport","article_published_time":"2024-01-17T13:13:58+00:00","article_modified_time":"2024-01-17T18:35:37+00:00","og_image":[{"width":1200,"height":674,"url":"https:\/\/dicodusport.fr\/blog\/wp-content\/uploads\/2024\/01\/Starperche-Bordeaux-2024-Programme-et-presentation.png","type":"image\/png"}],"author":"Etienne Goursaud","twitter_card":"summary_large_image","twitter_title":"Starperche Bordeaux 2024 - Programme et pr\u00e9sentation","twitter_creator":"@dicodusport","twitter_site":"@dicodusport","schema":{"@context":"https:\/\/schema.org","@graph":[{"@type":"NewsArticle","@id":"https:\/\/dicodusport.fr\/blog\/starperche-bordeaux-2024-programme-et-presentation\/#article","isPartOf":{"@id":"https:\/\/dicodusport.fr\/blog\/starperche-bordeaux-2024-programme-et-presentation\/"},"author":{"name":"Etienne Goursaud","@id":"https:\/\/dicodusport.fr\/blog\/#\/schema\/person\/d603dd7da31fb2b46c82b9835a77ec13"},"headline":"Starperche Bordeaux 2024 &#8211; Programme et pr\u00e9sentation","datePublished":"2024-01-17T13:13:58+00:00","dateModified":"2024-01-17T18:35:37+00:00","mainEntityOfPage":{"@id":"https:\/\/dicodusport.fr\/blog\/starperche-bordeaux-2024-programme-et-presentation\/"},"wordCount":572,"commentCount":0,"publisher":{"@id":"https:\/\/dicodusport.fr\/blog\/#organization"},"image":{"@id":"https:\/\/dicodusport.fr\/blog\/starperche-bordeaux-2024-programme-et-presentation\/#primaryimage"},"thumbnailUrl":"https:\/\/dicodusport.fr\/blog\/wp-content\/uploads\/2024\/01\/Starperche-Bordeaux-2024-Programme-et-presentation.png","keywords":["Athl\u00e9tisme","br\u00e8ve"],"articleSection":["Athl\u00e9tisme"],"inLanguage":"fr-FR","potentialAction":[{"@type":"CommentAction","name":"Comment","target":["https:\/\/dicodusport.fr\/blog\/starperche-bordeaux-2024-programme-et-presentation\/#respond"]}],"copyrightYear":"2024","copyrightHolder":{"@id":"https:\/\/dicodusport.fr\/blog\/#organization"}},{"@type":"WebPage","@id":"https:\/\/dicodusport.fr\/blog\/starperche-bordeaux-2024-programme-et-presentation\/","url":"https:\/\/dicodusport.fr\/blog\/starperche-bordeaux-2024-programme-et-presentation\/","name":"Starperche Bordeaux 2024 - Programme et pr\u00e9sentation","isPartOf":{"@id":"https:\/\/dicodusport.fr\/blog\/#website"},"primaryImageOfPage":{"@id":"https:\/\/dicodusport.fr\/blog\/starperche-bordeaux-2024-programme-et-presentation\/#primaryimage"},"image":{"@id":"https:\/\/dicodusport.fr\/blog\/starperche-bordeaux-2024-programme-et-presentation\/#primaryimage"},"thumbnailUrl":"https:\/\/dicodusport.fr\/blog\/wp-content\/uploads\/2024\/01\/Starperche-Bordeaux-2024-Programme-et-presentation.png","datePublished":"2024-01-17T13:13:58+00:00","dateModified":"2024-01-17T18:35:37+00:00","description":"ATHL\u00c9TISME - Retrouvez le programme et la pr\u00e9sentation du Starperche 2024 ce samedi, seconde \u00e9tape du Perche Elite Tour \u00e0 Bordeaux.","breadcrumb":{"@id":"https:\/\/dicodusport.fr\/blog\/starperche-bordeaux-2024-programme-et-presentation\/#breadcrumb"},"inLanguage":"fr-FR","potentialAction":[{"@type":"ReadAction","target":["https:\/\/dicodusport.fr\/blog\/starperche-bordeaux-2024-programme-et-presentation\/"]}]},{"@type":"ImageObject","inLanguage":"fr-FR","@id":"https:\/\/dicodusport.fr\/blog\/starperche-bordeaux-2024-programme-et-presentation\/#primaryimage","url":"https:\/\/dicodusport.fr\/blog\/wp-content\/uploads\/2024\/01\/Starperche-Bordeaux-2024-Programme-et-presentation.png","contentUrl":"https:\/\/dicodusport.fr\/blog\/wp-content\/uploads\/2024\/01\/Starperche-Bordeaux-2024-Programme-et-presentation.png","width":1200,"height":674,"caption":"Starperche Bordeaux 2024 - Programme et pr\u00e9sentation"},{"@type":"BreadcrumbList","@id":"https:\/\/dicodusport.fr\/blog\/starperche-bordeaux-2024-programme-et-presentation\/#breadcrumb","itemListElement":[{"@type":"ListItem","position":1,"name":"Accueil","item":"https:\/\/dicodusport.fr\/blog\/"},{"@type":"ListItem","position":2,"name":"Starperche Bordeaux 2024 &#8211; Programme et pr\u00e9sentation"}]},{"@type":"WebSite","@id":"https:\/\/dicodusport.fr\/blog\/#website","url":"https:\/\/dicodusport.fr\/blog\/","name":"Dicodusport","description":"L&#039;encyclop\u00e9die de l&#039;actualit\u00e9 sportive","publisher":{"@id":"https:\/\/dicodusport.fr\/blog\/#organization"},"potentialAction":[{"@type":"SearchAction","target":{"@type":"EntryPoint","urlTemplate":"https:\/\/dicodusport.fr\/blog\/?s={search_term_string}"},"query-input":{"@type":"PropertyValueSpecification","valueRequired":true,"valueName":"search_term_string"}}],"inLanguage":"fr-FR"},{"@type":"NewsMediaOrganization","@id":"https:\/\/dicodusport.fr\/blog\/#organization","name":"Dicodusport","url":"https:\/\/dicodusport.fr\/blog\/","logo":{"@type":"ImageObject","inLanguage":"fr-FR","@id":"https:\/\/dicodusport.fr\/blog\/#\/schema\/logo\/image\/","url":"https:\/\/dicodusport.fr\/blog\/wp-content\/uploads\/2020\/06\/cropped-LOGO-DICODUSPORT-2020-SANS-FOND-SANS-TEXTE.png","contentUrl":"https:\/\/dicodusport.fr\/blog\/wp-content\/uploads\/2020\/06\/cropped-LOGO-DICODUSPORT-2020-SANS-FOND-SANS-TEXTE.png","width":512,"height":512,"caption":"Dicodusport"},"image":{"@id":"https:\/\/dicodusport.fr\/blog\/#\/schema\/logo\/image\/"},"sameAs":["https:\/\/www.facebook.com\/dicodusport","https:\/\/x.com\/dicodusport","https:\/\/www.instagram.com\/dicodusport\/","https:\/\/www.youtube.com\/channel\/UC7V2KZ5sd3htJivAbA4ZG3w"],"description":"Dicodusport est l'encyclop\u00e9die de l'actualit\u00e9 sportive.","email":"bonjour@dicodusport.fr","legalName":"DICODUSPORT","foundingDate":"2018-01-14","vatID":"FR71834470973","taxID":"83447097300043","numberOfEmployees":{"@type":"QuantitativeValue","minValue":"1","maxValue":"10"}},{"@type":"Person","@id":"https:\/\/dicodusport.fr\/blog\/#\/schema\/person\/d603dd7da31fb2b46c82b9835a77ec13","name":"Etienne Goursaud","image":{"@type":"ImageObject","inLanguage":"fr-FR","@id":"https:\/\/dicodusport.fr\/blog\/#\/schema\/person\/image\/","url":"https:\/\/dicodusport.fr\/blog\/wp-content\/uploads\/2023\/12\/410122264_10231602061736049_5565839791558026645_n-150x150.jpg","contentUrl":"https:\/\/dicodusport.fr\/blog\/wp-content\/uploads\/2023\/12\/410122264_10231602061736049_5565839791558026645_n-150x150.jpg","caption":"Etienne Goursaud"},"description":"Journaliste et amoureux de sport. Ancien footballeur reconverti athl\u00e8te quand ses muscles le laissent tranquille. \u00c9lev\u00e9 \u00e0 la sauce des exploits de Thomas Voeckler en 2004, du dernier essai de l\u00e9gende de Eunice Barber \u00e0 la longueur lors des championnats du monde d'athl\u00e9tisme de 2003 mais aussi Zidane, Omeyer et Titou Lamaison.","url":"https:\/\/dicodusport.fr\/blog\/author\/etienne-goursaud\/"}]}},"_links":{"self":[{"href":"https:\/\/dicodusport.fr\/blog\/wp-json\/wp\/v2\/posts\/453252","targetHints":{"allow":["GET"]}}],"collection":[{"href":"https:\/\/dicodusport.fr\/blog\/wp-json\/wp\/v2\/posts"}],"about":[{"href":"https:\/\/dicodusport.fr\/blog\/wp-json\/wp\/v2\/types\/post"}],"author":[{"embeddable":true,"href":"https:\/\/dicodusport.fr\/blog\/wp-json\/wp\/v2\/users\/83"}],"replies":[{"embeddable":true,"href":"https:\/\/dicodusport.fr\/blog\/wp-json\/wp\/v2\/comments?post=453252"}],"version-history":[{"count":5,"href":"https:\/\/dicodusport.fr\/blog\/wp-json\/wp\/v2\/posts\/453252\/revisions"}],"predecessor-version":[{"id":453703,"href":"https:\/\/dicodusport.fr\/blog\/wp-json\/wp\/v2\/posts\/453252\/revisions\/453703"}],"wp:featuredmedia":[{"embeddable":true,"href":"https:\/\/dicodusport.fr\/blog\/wp-json\/wp\/v2\/media\/453261"}],"wp:attachment":[{"href":"https:\/\/dicodusport.fr\/blog\/wp-json\/wp\/v2\/media?parent=453252"}],"wp:term":[{"taxonomy":"category","embeddable":true,"href":"https:\/\/dicodusport.fr\/blog\/wp-json\/wp\/v2\/categories?post=453252"},{"taxonomy":"post_tag","embeddable":true,"href":"https:\/\/dicodusport.fr\/blog\/wp-json\/wp\/v2\/tags?post=453252"}],"curies":[{"name":"wp","href":"https:\/\/api.w.org\/{rel}","templated":true}]}}