{"id":453347,"date":"2024-01-16T21:44:27","date_gmt":"2024-01-16T20:44:27","guid":{"rendered":"https:\/\/dicodusport.fr\/blog\/?p=453347&#038;preview=true&#038;preview_id=453347"},"modified":"2024-01-16T22:31:09","modified_gmt":"2024-01-16T21:31:09","slug":"slalom-femmes-de-flachau-mikaela-shiffrin-domine-petra-vlhova","status":"publish","type":"post","link":"https:\/\/dicodusport.fr\/blog\/slalom-femmes-de-flachau-mikaela-shiffrin-domine-petra-vlhova\/","title":{"rendered":"Slalom Femmes de Flachau : Mikaela Shiffrin domine Petra Vlhova"},"content":{"rendered":"<p style=\"text-align: justify;\"><em><b>COUPE DU MONDE DE SKI ALPIN 2023-2024 &#8211; Mikaela Shiffrin s&rsquo;est impos\u00e9e lors du slalom nocturne de Flachau, en Autriche, mardi. Elle a devanc\u00e9 Petra Vlhova et Sara Hector. L&rsquo;Am\u00e9ricaine a sign\u00e9 sa 94e victoire en carri\u00e8re.<br \/>\n<\/b><\/em><\/p>\n<ul style=\"text-align: justify;\">\n<li style=\"text-align: justify;\"><strong>\u00c0 ce sujet &#8211; <a href=\"https:\/\/dicodusport.fr\/blog\/classement-slalom-femmes-flachau-2024\/\">Le classement du slalom de Flachau<\/a>\u00a0<\/strong><\/li>\n<\/ul>\n<p style=\"text-align: justify;\">Les femmes ont disput\u00e9 aujourd&rsquo;hui le septi\u00e8me slalom de la saison sur une des plus belles pistes du Cirque blanc avec ses mouvements de terrain et un d\u00e9nivel\u00e9 de 185 m\u00e8tres. Cinq points s\u00e9parent <strong>Mikaela Shiffrin<\/strong> et <strong>Petra Vlhova<\/strong> dans la lutte pour le petit globe de la discipline au d\u00e9part de la course. Ces deux skieuses avaient d\u00e9j\u00e0 remport\u00e9 les quatre derni\u00e8res courses dans la station autrichienne.<\/p>\n<p style=\"text-align: justify;\">Apr\u00e8s la premi\u00e8re manche, <strong>Petra Vlhova<\/strong> et <strong>Mikaela Shiffrin<\/strong> \u00e9taient s\u00e9par\u00e9es de sept petits centi\u00e8mes. La Slovaque a fait la diff\u00e9rence dans les deuxi\u00e8me et troisi\u00e8me sections du parcours alors que l\u2019Am\u00e9ricaine a \u00e9t\u00e9 la plus rapide en haut et en bas du trac\u00e9 alors qu&rsquo;elle \u00e9tait de retour \u00e0 la comp\u00e9tition apr\u00e8s un week-end de repos pour r\u00e9cup\u00e9rer d\u2019un rhume.<\/p>\n<p style=\"text-align: justify;\">Ensuite, les Su\u00e9doises <strong>Anna Swenn Larsson<\/strong> et <strong>Sara Hector<\/strong> ont profit\u00e9 d\u2019une premi\u00e8re manche dessin\u00e9e par leur coach pour r\u00e9aliser les troisi\u00e8me et le quatri\u00e8me temps \u00e0 52 et 92 centi\u00e8mes. Puis, <strong>Katharina Liensberger<\/strong> a accus\u00e9 beaucoup de retard dans la premi\u00e8re moiti\u00e9 de la course avant une seconde partie beaucoup plus aboutie pour finir avec le cinqui\u00e8me temps \u00e0 1 seconde et 5 centi\u00e8mes, devant <strong>Michelle Gisin<\/strong>, sixi\u00e8me \u00e0 1.15, et <strong>Lena Duerr<\/strong>, septi\u00e8me \u00e0 1.26, pour son 200e d\u00e9part en Coupe du monde.<\/p>\n<p style=\"text-align: justify;\">Du c\u00f4t\u00e9 du clan fran\u00e7ais, elles \u00e9taient sept au d\u00e9part, dont une dans les trente, en la personne de <strong>Chiara Pogneaux<\/strong> avec le dossard 28. Elle avait r\u00e9alis\u00e9 une manche propre avant de perdre toute sa vitesse \u00e0 cause d\u2019une faute sur le bas pour finir \u00e0 3.65 au 42e rang. <strong>Marie Lamure<\/strong> est partie, peu apr\u00e8s, avec le dossard 31 en \u00e9tant un peu gentille, mais elle a fait une course propre pour faire le 27e chrono \u00e0 2.81. Ensuite, <strong>Marion Chevrier<\/strong> a \u00e9t\u00e9 fluide sur les encha\u00eenements pour se classer sur 21e \u00e0 2.57 tandis que <strong>Doriane Escane<\/strong> est partie \u00e0 la faute. Par la suite, <strong>Clarisse Br\u00e8che<\/strong> n\u2019a \u00e9galement pas fini sa manche. Sur une piste qui a bien tenu, <strong>Laurine Lugon-Moulin<\/strong> a fini \u00e0 3.36 pour son premier d\u00e9part en Coupe du monde alors que <strong>Caitlin McFarlane<\/strong> a \u00e9t\u00e9 exceptionnelle sur les troisi\u00e8me et quatri\u00e8me sections pour r\u00e9aliser le 13e temps \u00e0 1.87 avec le dossard 69.<\/p>\n<blockquote class=\"twitter-tweet\">\n<p dir=\"ltr\" lang=\"fr\">OLALALA Caitlin McFarlane 13e avec le 69, quelle folie !! La skieuse de Saint-Jean d&rsquo;Aulps cr\u00e9e l&rsquo;exploit ! <a href=\"https:\/\/twitter.com\/hashtag\/fisalpine?src=hash&amp;ref_src=twsrc%5Etfw\">#fisalpine<\/a><\/p>\n<p>\u2014 Pierre Gorce (@pierregorce12) <a href=\"https:\/\/twitter.com\/pierregorce12\/status\/1747323599063794153?ref_src=twsrc%5Etfw\">January 16, 2024<\/a><\/p><\/blockquote>\n<p><script async src=\"https:\/\/platform.twitter.com\/widgets.js\" charset=\"utf-8\"><\/script><\/p>\n<ul style=\"text-align: justify;\">\n<li style=\"text-align: justify;\"><strong>\u00c0 ce sujet &#8211; <a href=\"https:\/\/dicodusport.fr\/blog\/coupe-du-monde-de-ski-alpin-classement-general-femmes\/\">Le classement g\u00e9n\u00e9ral de la Coupe du monde<\/a>\u00a0<\/strong><\/li>\n<\/ul>\n<h2 style=\"text-align: justify;\">Shiffrin prend le dessus sur Vlhova<\/h2>\n<p style=\"text-align: justify;\"><strong>Mikaela Shiffrin<\/strong> a su dompter une seconde manche plus tournante, trac\u00e9e par l\u2019entra\u00eeneur am\u00e9ricain, avec notamment une quadruple pour filer vers la ligne d\u2019arriv\u00e9e. Shiffrin signe son cinqui\u00e8me succ\u00e8s \u00e0 Flachau en 1 minute 49 secondes et 35 centi\u00e8mes. Elle a pris le meilleur sur sa rivale <strong>Petra Vlhova<\/strong> pour 27 centi\u00e8mes. La Slovaque a \u00e9t\u00e9 trop longtemps \u00e0 la limite et a commis une faute fatale apr\u00e8s le deuxi\u00e8me temps interm\u00e9diaire. Shiffrin compte maintenant 25 points d&rsquo;avance sur Vlhova pour le petit globe.<\/p>\n<p style=\"text-align: justify;\"><strong>Sara Hector<\/strong> est mont\u00e9e sur son premier podium en carri\u00e8re en slalom au troisi\u00e8me rang \u00e0 1.11 malgr\u00e9 un appui fuyant sur le haut. Ensuite, <strong>Michelle Gisin<\/strong> apr\u00e8s failli perdre son b\u00e2ton dans la banane, mais elle s&rsquo;est parfaitement r\u00e9tablie sur la fin de course pour se classer quatri\u00e8me \u00e0 1.38 devant <strong>Anna Swenn Larsson<\/strong>, cinqui\u00e8me \u00e0 1.45, et sa compatriote <strong>Camille Rast<\/strong>, sixi\u00e8me \u00e0 1:83.<\/p>\n<blockquote class=\"twitter-tweet\">\n<p dir=\"ltr\" lang=\"fr\">Shiffrin remporte son duel de championnes face \u00e0 Vlhova ! La Slovaque \u00e9choue \u00e0 27 centi\u00e8mes de l&rsquo;Am\u00e9ricaine, qui s&rsquo;offre une 94e victoire en Coupe du monde \ud83d\udc51 <a href=\"https:\/\/twitter.com\/hashtag\/ChaletClub?src=hash&amp;ref_src=twsrc%5Etfw\">#ChaletClub<\/a> <a href=\"https:\/\/t.co\/9vmg2mBRgB\">pic.twitter.com\/9vmg2mBRgB<\/a><\/p>\n<p>\u2014 Eurosport France (@Eurosport_FR) <a href=\"https:\/\/twitter.com\/Eurosport_FR\/status\/1747359855361331537?ref_src=twsrc%5Etfw\">January 16, 2024<\/a><\/p><\/blockquote>\n<p><script async src=\"https:\/\/platform.twitter.com\/widgets.js\" charset=\"utf-8\"><\/script><\/p>\n<p style=\"text-align: justify;\">Derri\u00e8re <strong>Katharina Liensberger<\/strong>, l\u2019autre grande sensation de la premi\u00e8re manche, <strong>Dzenifer Germane<\/strong>, avec le dossard 50, est entr\u00e9e pour la premi\u00e8re fois de sa carri\u00e8re en top 10 en passant du 14e au 8e rang \u00e0 2:36. La Lettone a inscrit pour la troisi\u00e8me fois des points, cet hiver. La p\u00e9pite albanaise <strong>Lara Colturi<\/strong> a r\u00e9alis\u00e9 le meilleur temps de la seconde manche pour gagner 17 places et finir 9e \u00e0 2.49.<\/p>\n<p style=\"text-align: justify;\">Chez les Fran\u00e7aises, <strong>Marie Lamure<\/strong> a \u00e9t\u00e9 beaucoup plus engag\u00e9e et pr\u00e9cise sur le second trac\u00e9 pour remonter \u00e0 la onzi\u00e8me place \u00e0 2.92. Puis, <strong>Marion Chevrier<\/strong> a \u00e9t\u00e9 plus timide avec des pieds plus serr\u00e9s sur une neige lustr\u00e9e. Cependant, en profitant des abandons, elle est entr\u00e9e dans le top 20, au 17e rang \u00e0 3.62. Enfin, malheureusement, <strong>Caitlin McFarlane<\/strong> est sortie d\u00e8s les premi\u00e8res portes dans le mur d\u2019\u00e9lancement. N\u00e9anmoins, elle doit retenir sa magnifique premi\u00e8re manche pour la suite de l\u2019hiver.<\/p>\n<p style=\"text-align: justify;\">\n","protected":false},"excerpt":{"rendered":"<p>COUPE DU MONDE DE SKI ALPIN 2023-2024 &#8211; Mikaela Shiffrin s&rsquo;est impos\u00e9e lors du slalom nocturne de Flachau, en Autriche, mardi. Elle a devanc\u00e9 Petra Vlhova et Sara Hector. L&rsquo;Am\u00e9ricaine a sign\u00e9 sa 94e victoire en carri\u00e8re.<\/p>\n","protected":false},"author":48,"featured_media":453394,"comment_status":"open","ping_status":"closed","sticky":false,"template":"","format":"standard","meta":{"_acf_changed":false,"_daextam_enable_autolinks":"1","footnotes":""},"categories":[47084],"tags":[16878,12586,2233,24],"class_list":["post-453347","post","type-post","status-publish","format-standard","has-post-thumbnail","hentry","category-coupe-du-monde-ski-alpin","tag-breve","tag-coupe-du-monde-de-ski-alpin","tag-ski-alpin","tag-sport"],"acf":[],"yoast_head":"<!-- This site is optimized with the Yoast SEO Premium plugin v26.7 (Yoast SEO v26.7) - https:\/\/yoast.com\/wordpress\/plugins\/seo\/ -->\n<title>Slalom Femmes de Flachau : Mikaela Shiffrin domine Petra Vlhova<\/title>\n<meta name=\"description\" content=\"COUPE DU MONDE DE SKI ALPIN 2023-2024 - Mikaela Shiffrin s&#039;est impos\u00e9e lors du slalom nocturne de Flachau, en Autriche, mardi.\" \/>\n<meta name=\"robots\" content=\"index, follow, max-snippet:-1, max-image-preview:large, max-video-preview:-1\" \/>\n<link rel=\"canonical\" href=\"https:\/\/dicodusport.fr\/blog\/slalom-femmes-de-flachau-mikaela-shiffrin-domine-petra-vlhova\/\" \/>\n<meta property=\"og:locale\" content=\"fr_FR\" \/>\n<meta property=\"og:type\" content=\"article\" \/>\n<meta property=\"og:title\" content=\"Slalom Femmes de Flachau : Mikaela Shiffrin domine Petra Vlhova\" \/>\n<meta property=\"og:description\" content=\"COUPE DU MONDE DE SKI ALPIN 2023-2024 - Mikaela Shiffrin s&#039;est impos\u00e9e lors du slalom nocturne de Flachau, en Autriche, mardi.\" \/>\n<meta property=\"og:url\" content=\"https:\/\/dicodusport.fr\/blog\/slalom-femmes-de-flachau-mikaela-shiffrin-domine-petra-vlhova\/\" \/>\n<meta property=\"og:site_name\" content=\"Dicodusport\" \/>\n<meta property=\"article:publisher\" content=\"https:\/\/www.facebook.com\/dicodusport\" \/>\n<meta property=\"article:author\" content=\"https:\/\/www.facebook.com\/groups\/LesRoisDuPeloton\" \/>\n<meta property=\"article:published_time\" content=\"2024-01-16T20:44:27+00:00\" \/>\n<meta property=\"article:modified_time\" content=\"2024-01-16T21:31:09+00:00\" \/>\n<meta property=\"og:image\" content=\"https:\/\/dicodusport.fr\/blog\/wp-content\/uploads\/2024\/01\/Slalom-Femmes-de-Flachau-Mikaela-Shiffrin-domine-Petra-Vlhova.png\" \/>\n\t<meta property=\"og:image:width\" content=\"1200\" \/>\n\t<meta property=\"og:image:height\" content=\"674\" \/>\n\t<meta property=\"og:image:type\" content=\"image\/png\" \/>\n<meta name=\"author\" content=\"Emilien Descampiaux\" \/>\n<meta name=\"twitter:card\" content=\"summary_large_image\" \/>\n<meta name=\"twitter:title\" content=\"Slalom Femmes de Flachau : Mikaela Shiffrin domine Petra Vlhova\" \/>\n<meta name=\"twitter:creator\" content=\"@https:\/\/twitter.com\/LRoisDuPeloton\" \/>\n<meta name=\"twitter:site\" content=\"@dicodusport\" \/>\n<script type=\"application\/ld+json\" class=\"yoast-schema-graph\">{\"@context\":\"https:\/\/schema.org\",\"@graph\":[{\"@type\":\"NewsArticle\",\"@id\":\"https:\/\/dicodusport.fr\/blog\/slalom-femmes-de-flachau-mikaela-shiffrin-domine-petra-vlhova\/#article\",\"isPartOf\":{\"@id\":\"https:\/\/dicodusport.fr\/blog\/slalom-femmes-de-flachau-mikaela-shiffrin-domine-petra-vlhova\/\"},\"author\":{\"name\":\"Emilien Descampiaux\",\"@id\":\"https:\/\/dicodusport.fr\/blog\/#\/schema\/person\/6db4bae06b171592211be385b32876a7\"},\"headline\":\"Slalom Femmes de Flachau : Mikaela Shiffrin domine Petra Vlhova\",\"datePublished\":\"2024-01-16T20:44:27+00:00\",\"dateModified\":\"2024-01-16T21:31:09+00:00\",\"mainEntityOfPage\":{\"@id\":\"https:\/\/dicodusport.fr\/blog\/slalom-femmes-de-flachau-mikaela-shiffrin-domine-petra-vlhova\/\"},\"wordCount\":863,\"commentCount\":0,\"publisher\":{\"@id\":\"https:\/\/dicodusport.fr\/blog\/#organization\"},\"image\":{\"@id\":\"https:\/\/dicodusport.fr\/blog\/slalom-femmes-de-flachau-mikaela-shiffrin-domine-petra-vlhova\/#primaryimage\"},\"thumbnailUrl\":\"https:\/\/dicodusport.fr\/blog\/wp-content\/uploads\/2024\/01\/Slalom-Femmes-de-Flachau-Mikaela-Shiffrin-domine-Petra-Vlhova.png\",\"keywords\":[\"br\u00e8ve\",\"Coupe du monde de ski alpin\",\"Ski alpin\",\"sport\"],\"articleSection\":[\"Coupe du monde de ski alpin\"],\"inLanguage\":\"fr-FR\",\"potentialAction\":[{\"@type\":\"CommentAction\",\"name\":\"Comment\",\"target\":[\"https:\/\/dicodusport.fr\/blog\/slalom-femmes-de-flachau-mikaela-shiffrin-domine-petra-vlhova\/#respond\"]}],\"copyrightYear\":\"2024\",\"copyrightHolder\":{\"@id\":\"https:\/\/dicodusport.fr\/blog\/#organization\"}},{\"@type\":\"WebPage\",\"@id\":\"https:\/\/dicodusport.fr\/blog\/slalom-femmes-de-flachau-mikaela-shiffrin-domine-petra-vlhova\/\",\"url\":\"https:\/\/dicodusport.fr\/blog\/slalom-femmes-de-flachau-mikaela-shiffrin-domine-petra-vlhova\/\",\"name\":\"Slalom Femmes de Flachau : Mikaela Shiffrin domine Petra Vlhova\",\"isPartOf\":{\"@id\":\"https:\/\/dicodusport.fr\/blog\/#website\"},\"primaryImageOfPage\":{\"@id\":\"https:\/\/dicodusport.fr\/blog\/slalom-femmes-de-flachau-mikaela-shiffrin-domine-petra-vlhova\/#primaryimage\"},\"image\":{\"@id\":\"https:\/\/dicodusport.fr\/blog\/slalom-femmes-de-flachau-mikaela-shiffrin-domine-petra-vlhova\/#primaryimage\"},\"thumbnailUrl\":\"https:\/\/dicodusport.fr\/blog\/wp-content\/uploads\/2024\/01\/Slalom-Femmes-de-Flachau-Mikaela-Shiffrin-domine-Petra-Vlhova.png\",\"datePublished\":\"2024-01-16T20:44:27+00:00\",\"dateModified\":\"2024-01-16T21:31:09+00:00\",\"description\":\"COUPE DU MONDE DE SKI ALPIN 2023-2024 - Mikaela Shiffrin s'est impos\u00e9e lors du slalom nocturne de Flachau, en Autriche, mardi.\",\"breadcrumb\":{\"@id\":\"https:\/\/dicodusport.fr\/blog\/slalom-femmes-de-flachau-mikaela-shiffrin-domine-petra-vlhova\/#breadcrumb\"},\"inLanguage\":\"fr-FR\",\"potentialAction\":[{\"@type\":\"ReadAction\",\"target\":[\"https:\/\/dicodusport.fr\/blog\/slalom-femmes-de-flachau-mikaela-shiffrin-domine-petra-vlhova\/\"]}]},{\"@type\":\"ImageObject\",\"inLanguage\":\"fr-FR\",\"@id\":\"https:\/\/dicodusport.fr\/blog\/slalom-femmes-de-flachau-mikaela-shiffrin-domine-petra-vlhova\/#primaryimage\",\"url\":\"https:\/\/dicodusport.fr\/blog\/wp-content\/uploads\/2024\/01\/Slalom-Femmes-de-Flachau-Mikaela-Shiffrin-domine-Petra-Vlhova.png\",\"contentUrl\":\"https:\/\/dicodusport.fr\/blog\/wp-content\/uploads\/2024\/01\/Slalom-Femmes-de-Flachau-Mikaela-Shiffrin-domine-Petra-Vlhova.png\",\"width\":1200,\"height\":674,\"caption\":\"Slalom Femmes de Flachau Mikaela Shiffrin domine Petra Vlhova\"},{\"@type\":\"BreadcrumbList\",\"@id\":\"https:\/\/dicodusport.fr\/blog\/slalom-femmes-de-flachau-mikaela-shiffrin-domine-petra-vlhova\/#breadcrumb\",\"itemListElement\":[{\"@type\":\"ListItem\",\"position\":1,\"name\":\"Accueil\",\"item\":\"https:\/\/dicodusport.fr\/blog\/\"},{\"@type\":\"ListItem\",\"position\":2,\"name\":\"Slalom Femmes de Flachau : Mikaela Shiffrin domine Petra Vlhova\"}]},{\"@type\":\"WebSite\",\"@id\":\"https:\/\/dicodusport.fr\/blog\/#website\",\"url\":\"https:\/\/dicodusport.fr\/blog\/\",\"name\":\"Dicodusport\",\"description\":\"L&#039;encyclop\u00e9die de l&#039;actualit\u00e9 sportive\",\"publisher\":{\"@id\":\"https:\/\/dicodusport.fr\/blog\/#organization\"},\"potentialAction\":[{\"@type\":\"SearchAction\",\"target\":{\"@type\":\"EntryPoint\",\"urlTemplate\":\"https:\/\/dicodusport.fr\/blog\/?s={search_term_string}\"},\"query-input\":{\"@type\":\"PropertyValueSpecification\",\"valueRequired\":true,\"valueName\":\"search_term_string\"}}],\"inLanguage\":\"fr-FR\"},{\"@type\":\"NewsMediaOrganization\",\"@id\":\"https:\/\/dicodusport.fr\/blog\/#organization\",\"name\":\"Dicodusport\",\"url\":\"https:\/\/dicodusport.fr\/blog\/\",\"logo\":{\"@type\":\"ImageObject\",\"inLanguage\":\"fr-FR\",\"@id\":\"https:\/\/dicodusport.fr\/blog\/#\/schema\/logo\/image\/\",\"url\":\"https:\/\/dicodusport.fr\/blog\/wp-content\/uploads\/2020\/06\/cropped-LOGO-DICODUSPORT-2020-SANS-FOND-SANS-TEXTE.png\",\"contentUrl\":\"https:\/\/dicodusport.fr\/blog\/wp-content\/uploads\/2020\/06\/cropped-LOGO-DICODUSPORT-2020-SANS-FOND-SANS-TEXTE.png\",\"width\":512,\"height\":512,\"caption\":\"Dicodusport\"},\"image\":{\"@id\":\"https:\/\/dicodusport.fr\/blog\/#\/schema\/logo\/image\/\"},\"sameAs\":[\"https:\/\/www.facebook.com\/dicodusport\",\"https:\/\/x.com\/dicodusport\",\"https:\/\/www.instagram.com\/dicodusport\/\",\"https:\/\/www.youtube.com\/channel\/UC7V2KZ5sd3htJivAbA4ZG3w\"],\"description\":\"Dicodusport est l'encyclop\u00e9die de l'actualit\u00e9 sportive.\",\"email\":\"bonjour@dicodusport.fr\",\"legalName\":\"DICODUSPORT\",\"foundingDate\":\"2018-01-14\",\"vatID\":\"FR71834470973\",\"taxID\":\"83447097300043\",\"numberOfEmployees\":{\"@type\":\"QuantitativeValue\",\"minValue\":\"1\",\"maxValue\":\"10\"}},{\"@type\":\"Person\",\"@id\":\"https:\/\/dicodusport.fr\/blog\/#\/schema\/person\/6db4bae06b171592211be385b32876a7\",\"name\":\"Emilien Descampiaux\",\"image\":{\"@type\":\"ImageObject\",\"inLanguage\":\"fr-FR\",\"@id\":\"https:\/\/dicodusport.fr\/blog\/#\/schema\/person\/image\/\",\"url\":\"https:\/\/dicodusport.fr\/blog\/wp-content\/uploads\/2021\/05\/Emilien-Descampiaux-150x150.jpg\",\"contentUrl\":\"https:\/\/dicodusport.fr\/blog\/wp-content\/uploads\/2021\/05\/Emilien-Descampiaux-150x150.jpg\",\"caption\":\"Emilien Descampiaux\"},\"description\":\"Journaliste\/r\u00e9dacteur depuis 2014 - Fan de la classe de Frank Vandenbroucke, je vis cyclisme (et de ses paysages) depuis plus de 20 ans. Je suis tr\u00e8s impliqu\u00e9 sur mes diff\u00e9rents r\u00e9seaux sociaux pour partager ma passion sur le monde et l'Histoire de la bicyclette avec ma voix sur les images en noir et blanc du succ\u00e8s de Rik Van Steenbergen lors du Ronde sur le V\u00e9lodrome de Gand.\",\"sameAs\":[\"https:\/\/www.facebook.com\/groups\/LesRoisDuPeloton\",\"https:\/\/x.com\/https:\/\/twitter.com\/LRoisDuPeloton\"],\"url\":\"https:\/\/dicodusport.fr\/blog\/author\/emiliend\/\"}]}<\/script>\n<!-- \/ Yoast SEO Premium plugin. -->","yoast_head_json":{"title":"Slalom Femmes de Flachau : Mikaela Shiffrin domine Petra Vlhova","description":"COUPE DU MONDE DE SKI ALPIN 2023-2024 - Mikaela Shiffrin s'est impos\u00e9e lors du slalom nocturne de Flachau, en Autriche, mardi.","robots":{"index":"index","follow":"follow","max-snippet":"max-snippet:-1","max-image-preview":"max-image-preview:large","max-video-preview":"max-video-preview:-1"},"canonical":"https:\/\/dicodusport.fr\/blog\/slalom-femmes-de-flachau-mikaela-shiffrin-domine-petra-vlhova\/","og_locale":"fr_FR","og_type":"article","og_title":"Slalom Femmes de Flachau : Mikaela Shiffrin domine Petra Vlhova","og_description":"COUPE DU MONDE DE SKI ALPIN 2023-2024 - Mikaela Shiffrin s'est impos\u00e9e lors du slalom nocturne de Flachau, en Autriche, mardi.","og_url":"https:\/\/dicodusport.fr\/blog\/slalom-femmes-de-flachau-mikaela-shiffrin-domine-petra-vlhova\/","og_site_name":"Dicodusport","article_publisher":"https:\/\/www.facebook.com\/dicodusport","article_author":"https:\/\/www.facebook.com\/groups\/LesRoisDuPeloton","article_published_time":"2024-01-16T20:44:27+00:00","article_modified_time":"2024-01-16T21:31:09+00:00","og_image":[{"width":1200,"height":674,"url":"https:\/\/dicodusport.fr\/blog\/wp-content\/uploads\/2024\/01\/Slalom-Femmes-de-Flachau-Mikaela-Shiffrin-domine-Petra-Vlhova.png","type":"image\/png"}],"author":"Emilien Descampiaux","twitter_card":"summary_large_image","twitter_title":"Slalom Femmes de Flachau : Mikaela Shiffrin domine Petra Vlhova","twitter_creator":"@https:\/\/twitter.com\/LRoisDuPeloton","twitter_site":"@dicodusport","schema":{"@context":"https:\/\/schema.org","@graph":[{"@type":"NewsArticle","@id":"https:\/\/dicodusport.fr\/blog\/slalom-femmes-de-flachau-mikaela-shiffrin-domine-petra-vlhova\/#article","isPartOf":{"@id":"https:\/\/dicodusport.fr\/blog\/slalom-femmes-de-flachau-mikaela-shiffrin-domine-petra-vlhova\/"},"author":{"name":"Emilien Descampiaux","@id":"https:\/\/dicodusport.fr\/blog\/#\/schema\/person\/6db4bae06b171592211be385b32876a7"},"headline":"Slalom Femmes de Flachau : Mikaela Shiffrin domine Petra Vlhova","datePublished":"2024-01-16T20:44:27+00:00","dateModified":"2024-01-16T21:31:09+00:00","mainEntityOfPage":{"@id":"https:\/\/dicodusport.fr\/blog\/slalom-femmes-de-flachau-mikaela-shiffrin-domine-petra-vlhova\/"},"wordCount":863,"commentCount":0,"publisher":{"@id":"https:\/\/dicodusport.fr\/blog\/#organization"},"image":{"@id":"https:\/\/dicodusport.fr\/blog\/slalom-femmes-de-flachau-mikaela-shiffrin-domine-petra-vlhova\/#primaryimage"},"thumbnailUrl":"https:\/\/dicodusport.fr\/blog\/wp-content\/uploads\/2024\/01\/Slalom-Femmes-de-Flachau-Mikaela-Shiffrin-domine-Petra-Vlhova.png","keywords":["br\u00e8ve","Coupe du monde de ski alpin","Ski alpin","sport"],"articleSection":["Coupe du monde de ski alpin"],"inLanguage":"fr-FR","potentialAction":[{"@type":"CommentAction","name":"Comment","target":["https:\/\/dicodusport.fr\/blog\/slalom-femmes-de-flachau-mikaela-shiffrin-domine-petra-vlhova\/#respond"]}],"copyrightYear":"2024","copyrightHolder":{"@id":"https:\/\/dicodusport.fr\/blog\/#organization"}},{"@type":"WebPage","@id":"https:\/\/dicodusport.fr\/blog\/slalom-femmes-de-flachau-mikaela-shiffrin-domine-petra-vlhova\/","url":"https:\/\/dicodusport.fr\/blog\/slalom-femmes-de-flachau-mikaela-shiffrin-domine-petra-vlhova\/","name":"Slalom Femmes de Flachau : Mikaela Shiffrin domine Petra Vlhova","isPartOf":{"@id":"https:\/\/dicodusport.fr\/blog\/#website"},"primaryImageOfPage":{"@id":"https:\/\/dicodusport.fr\/blog\/slalom-femmes-de-flachau-mikaela-shiffrin-domine-petra-vlhova\/#primaryimage"},"image":{"@id":"https:\/\/dicodusport.fr\/blog\/slalom-femmes-de-flachau-mikaela-shiffrin-domine-petra-vlhova\/#primaryimage"},"thumbnailUrl":"https:\/\/dicodusport.fr\/blog\/wp-content\/uploads\/2024\/01\/Slalom-Femmes-de-Flachau-Mikaela-Shiffrin-domine-Petra-Vlhova.png","datePublished":"2024-01-16T20:44:27+00:00","dateModified":"2024-01-16T21:31:09+00:00","description":"COUPE DU MONDE DE SKI ALPIN 2023-2024 - Mikaela Shiffrin s'est impos\u00e9e lors du slalom nocturne de Flachau, en Autriche, mardi.","breadcrumb":{"@id":"https:\/\/dicodusport.fr\/blog\/slalom-femmes-de-flachau-mikaela-shiffrin-domine-petra-vlhova\/#breadcrumb"},"inLanguage":"fr-FR","potentialAction":[{"@type":"ReadAction","target":["https:\/\/dicodusport.fr\/blog\/slalom-femmes-de-flachau-mikaela-shiffrin-domine-petra-vlhova\/"]}]},{"@type":"ImageObject","inLanguage":"fr-FR","@id":"https:\/\/dicodusport.fr\/blog\/slalom-femmes-de-flachau-mikaela-shiffrin-domine-petra-vlhova\/#primaryimage","url":"https:\/\/dicodusport.fr\/blog\/wp-content\/uploads\/2024\/01\/Slalom-Femmes-de-Flachau-Mikaela-Shiffrin-domine-Petra-Vlhova.png","contentUrl":"https:\/\/dicodusport.fr\/blog\/wp-content\/uploads\/2024\/01\/Slalom-Femmes-de-Flachau-Mikaela-Shiffrin-domine-Petra-Vlhova.png","width":1200,"height":674,"caption":"Slalom Femmes de Flachau Mikaela Shiffrin domine Petra Vlhova"},{"@type":"BreadcrumbList","@id":"https:\/\/dicodusport.fr\/blog\/slalom-femmes-de-flachau-mikaela-shiffrin-domine-petra-vlhova\/#breadcrumb","itemListElement":[{"@type":"ListItem","position":1,"name":"Accueil","item":"https:\/\/dicodusport.fr\/blog\/"},{"@type":"ListItem","position":2,"name":"Slalom Femmes de Flachau : Mikaela Shiffrin domine Petra Vlhova"}]},{"@type":"WebSite","@id":"https:\/\/dicodusport.fr\/blog\/#website","url":"https:\/\/dicodusport.fr\/blog\/","name":"Dicodusport","description":"L&#039;encyclop\u00e9die de l&#039;actualit\u00e9 sportive","publisher":{"@id":"https:\/\/dicodusport.fr\/blog\/#organization"},"potentialAction":[{"@type":"SearchAction","target":{"@type":"EntryPoint","urlTemplate":"https:\/\/dicodusport.fr\/blog\/?s={search_term_string}"},"query-input":{"@type":"PropertyValueSpecification","valueRequired":true,"valueName":"search_term_string"}}],"inLanguage":"fr-FR"},{"@type":"NewsMediaOrganization","@id":"https:\/\/dicodusport.fr\/blog\/#organization","name":"Dicodusport","url":"https:\/\/dicodusport.fr\/blog\/","logo":{"@type":"ImageObject","inLanguage":"fr-FR","@id":"https:\/\/dicodusport.fr\/blog\/#\/schema\/logo\/image\/","url":"https:\/\/dicodusport.fr\/blog\/wp-content\/uploads\/2020\/06\/cropped-LOGO-DICODUSPORT-2020-SANS-FOND-SANS-TEXTE.png","contentUrl":"https:\/\/dicodusport.fr\/blog\/wp-content\/uploads\/2020\/06\/cropped-LOGO-DICODUSPORT-2020-SANS-FOND-SANS-TEXTE.png","width":512,"height":512,"caption":"Dicodusport"},"image":{"@id":"https:\/\/dicodusport.fr\/blog\/#\/schema\/logo\/image\/"},"sameAs":["https:\/\/www.facebook.com\/dicodusport","https:\/\/x.com\/dicodusport","https:\/\/www.instagram.com\/dicodusport\/","https:\/\/www.youtube.com\/channel\/UC7V2KZ5sd3htJivAbA4ZG3w"],"description":"Dicodusport est l'encyclop\u00e9die de l'actualit\u00e9 sportive.","email":"bonjour@dicodusport.fr","legalName":"DICODUSPORT","foundingDate":"2018-01-14","vatID":"FR71834470973","taxID":"83447097300043","numberOfEmployees":{"@type":"QuantitativeValue","minValue":"1","maxValue":"10"}},{"@type":"Person","@id":"https:\/\/dicodusport.fr\/blog\/#\/schema\/person\/6db4bae06b171592211be385b32876a7","name":"Emilien Descampiaux","image":{"@type":"ImageObject","inLanguage":"fr-FR","@id":"https:\/\/dicodusport.fr\/blog\/#\/schema\/person\/image\/","url":"https:\/\/dicodusport.fr\/blog\/wp-content\/uploads\/2021\/05\/Emilien-Descampiaux-150x150.jpg","contentUrl":"https:\/\/dicodusport.fr\/blog\/wp-content\/uploads\/2021\/05\/Emilien-Descampiaux-150x150.jpg","caption":"Emilien Descampiaux"},"description":"Journaliste\/r\u00e9dacteur depuis 2014 - Fan de la classe de Frank Vandenbroucke, je vis cyclisme (et de ses paysages) depuis plus de 20 ans. Je suis tr\u00e8s impliqu\u00e9 sur mes diff\u00e9rents r\u00e9seaux sociaux pour partager ma passion sur le monde et l'Histoire de la bicyclette avec ma voix sur les images en noir et blanc du succ\u00e8s de Rik Van Steenbergen lors du Ronde sur le V\u00e9lodrome de Gand.","sameAs":["https:\/\/www.facebook.com\/groups\/LesRoisDuPeloton","https:\/\/x.com\/https:\/\/twitter.com\/LRoisDuPeloton"],"url":"https:\/\/dicodusport.fr\/blog\/author\/emiliend\/"}]}},"_links":{"self":[{"href":"https:\/\/dicodusport.fr\/blog\/wp-json\/wp\/v2\/posts\/453347","targetHints":{"allow":["GET"]}}],"collection":[{"href":"https:\/\/dicodusport.fr\/blog\/wp-json\/wp\/v2\/posts"}],"about":[{"href":"https:\/\/dicodusport.fr\/blog\/wp-json\/wp\/v2\/types\/post"}],"author":[{"embeddable":true,"href":"https:\/\/dicodusport.fr\/blog\/wp-json\/wp\/v2\/users\/48"}],"replies":[{"embeddable":true,"href":"https:\/\/dicodusport.fr\/blog\/wp-json\/wp\/v2\/comments?post=453347"}],"version-history":[{"count":5,"href":"https:\/\/dicodusport.fr\/blog\/wp-json\/wp\/v2\/posts\/453347\/revisions"}],"predecessor-version":[{"id":453430,"href":"https:\/\/dicodusport.fr\/blog\/wp-json\/wp\/v2\/posts\/453347\/revisions\/453430"}],"wp:featuredmedia":[{"embeddable":true,"href":"https:\/\/dicodusport.fr\/blog\/wp-json\/wp\/v2\/media\/453394"}],"wp:attachment":[{"href":"https:\/\/dicodusport.fr\/blog\/wp-json\/wp\/v2\/media?parent=453347"}],"wp:term":[{"taxonomy":"category","embeddable":true,"href":"https:\/\/dicodusport.fr\/blog\/wp-json\/wp\/v2\/categories?post=453347"},{"taxonomy":"post_tag","embeddable":true,"href":"https:\/\/dicodusport.fr\/blog\/wp-json\/wp\/v2\/tags?post=453347"}],"curies":[{"name":"wp","href":"https:\/\/api.w.org\/{rel}","templated":true}]}}