{"id":453685,"date":"2024-01-17T21:33:21","date_gmt":"2024-01-17T20:33:21","guid":{"rendered":"https:\/\/dicodusport.fr\/blog\/?p=453685&#038;preview=true&#038;preview_id=453685"},"modified":"2024-01-18T14:54:31","modified_gmt":"2024-01-18T13:54:31","slug":"cap-vert-mozambique-chaine-tv-et-heure-du-match-de-la-can","status":"publish","type":"post","link":"https:\/\/dicodusport.fr\/blog\/cap-vert-mozambique-chaine-tv-et-heure-du-match-de-la-can\/","title":{"rendered":"Cap Vert &#8211; Mozambique : Cha\u00eene TV et Heure du match de la CAN"},"content":{"rendered":"<p style=\"text-align: justify;\"><em><strong>CAN 2024<\/strong><b> &#8211; Ce vendredi, le Cap-Vert affronte le Mozambique dans le cadre de la 2\u00e8me journ\u00e9e de la CAN 2024. D\u00e9couvrez le programme TV.<\/b><\/em><\/p>\n<ul style=\"text-align: justify;\">\n<li style=\"text-align: justify;\"><strong>\u00c0 ce sujet &#8211; <a href=\"https:\/\/dicodusport.fr\/blog\/can-2023-calendrier-resultats-et-classement\/\">CAN 2024 \u2013 Calendrier, r\u00e9sultats et classement <\/a><\/strong><\/li>\n<\/ul>\n<p style=\"text-align: justify;\">Le <strong>Cap-Vert<\/strong> a cr\u00e9\u00e9 la surprise lors de la premi\u00e8re journ\u00e9e en dominant le <strong>Ghana<\/strong> sur le score de deux \u00e0 un. <strong>Jamiro<\/strong> <strong>Monteiro<\/strong> a ouvert le score dans le premier acte, mais les Ghan\u00e9ens sont revenus \u00e0 hauteur en d\u00e9but de seconde p\u00e9riode. Dans les derniers instants du match, <strong>Garry<\/strong> <strong>Rodrigues<\/strong> a offert une magnifique victoire \u00e0 sa s\u00e9lection.<\/p>\n<p style=\"text-align: justify;\">Le <strong>Mozambique<\/strong> a obtenu un beau match nul face \u00e0 l&rsquo;<strong>\u00c9gypte<\/strong>, mais peut avoir des regrets vu la physionomie de la rencontre. Les \u00c9gyptiens ont ouvert le score en tout d\u00e9but de partie, mais les Mozambicains ont invers\u00e9 la tendance au retour des vestiaires. <strong>Witi<\/strong> et<strong> Clesio Bauqu<\/strong>e ont donn\u00e9 l&rsquo;avantage au <strong>Mozambique<\/strong>, mais\u00a0l&rsquo;<strong>\u00c9gypte<\/strong> a \u00e9galis\u00e9 dans les derniers instants.<\/p>\n<ul style=\"text-align: justify;\">\n<li style=\"text-align: justify;\"><strong>\u00c0 ce sujet &#8211; <a href=\"https:\/\/dicodusport.fr\/blog\/can-2023-ou-suivre-la-competition\/\" target=\"_blank\" rel=\"noopener\">CAN 2024 : O\u00f9 suivre la comp\u00e9tition ?<\/a><\/strong><strong><br \/>\n<\/strong><\/li>\n<\/ul>\n<p style=\"text-align: justify;\">La derni\u00e8re confrontation entre les deux nations a \u00e9t\u00e9 remport\u00e9e par le <strong>Cap-Vert<\/strong> en 2021. Les <strong>Cap-Verdiens<\/strong> sont favoris chez les bookmakers pour ce match face au <strong>Mozambique<\/strong>.<\/p>\n<h2 style=\"text-align: justify;\">CAN 2024 : Le Programme TV du match Cap-Vert &#8211; Mozambique<\/h2>\n<h3 style=\"text-align: justify;\">Vendredi 19 janvier 2024<\/h3>\n<p style=\"text-align: justify;\"><b>Match diffus\u00e9 sur beIN SPORTS 1 <\/b><b>: <\/b>D\u00e9but du match \u00e0<strong> 15h00.<\/strong><\/p>\n<h2 style=\"text-align: justify;\">Les cotes de Cap-Vert &#8211; Mozambique<\/h2>\n<table style=\"width: 800px;\">\n<tbody>\n<tr style=\"height: 16px;\">\n<td style=\"background-color: #404040; text-align: left; border-color: #ededed; width: 500px;\" colspan=\"3\"><span style=\"font-size: 12px; color: #ffffff;\">Vendredi 19 janvier, 15h00<\/span><\/td>\n<\/tr>\n<tr style=\"height: 24px;\">\n<td style=\"background-color: #ffffff; border-color: #ededed; vertical-align: middle; text-align: center; width: 266px;\"><span style=\"font-size: 10px;\"><span style=\"font-size: 14px;\"><strong>Cap-Vert<\/strong><\/span><br \/>\n<a href=\"https:\/\/www.winamax.fr\/paris-sportifs\/match\/44636842?banid=33423\" class=\"su-button su-button-style-flat su-button-wide\" style=\"color:#fff;background-color:#074535;border-color:#06382b;border-radius:5px\" target=\"_blank\" rel=\"noopener noreferrer\"><span style=\"color:#fff;padding:0px 20px;font-size:16px;line-height:32px;border-color:#527d72;border-radius:5px;text-shadow:none\"> 2.05<\/span><\/a><\/span><\/td>\n<td style=\"background-color: #ffffff; border-color: #ededed; vertical-align: middle; text-align: center; width: 266px;\"><span style=\"font-size: 10px;\"><span style=\"font-size: 14px;\"><strong>Match nul<\/strong><\/span><br \/>\n<a href=\"https:\/\/www.winamax.fr\/paris-sportifs\/match\/44636842?banid=33423\" class=\"su-button su-button-style-flat su-button-wide\" style=\"color:#fff;background-color:#074535;border-color:#06382b;border-radius:5px\" target=\"_blank\" rel=\"noopener noreferrer\"><span style=\"color:#fff;padding:0px 20px;font-size:16px;line-height:32px;border-color:#527d72;border-radius:5px;text-shadow:none\"> 3.00<\/span><\/a><\/span><\/td>\n<td style=\"background-color: #ffffff; border-color: #ededed; vertical-align: middle; text-align: center; width: 266px;\"><span style=\"font-size: 10px;\"><span style=\"font-size: 14px;\"><strong>Mozambique<\/strong><\/span><br \/>\n<a href=\"https:\/\/www.winamax.fr\/paris-sportifs\/match\/44636842?banid=33423\" class=\"su-button su-button-style-flat su-button-wide\" style=\"color:#fff;background-color:#074535;border-color:#06382b;border-radius:5px\" target=\"_blank\" rel=\"noopener noreferrer\"><span style=\"color:#fff;padding:0px 20px;font-size:16px;line-height:32px;border-color:#527d72;border-radius:5px;text-shadow:none\"> 3.65<\/span><\/a><\/span><\/td>\n<\/tr>\n<\/tbody>\n<\/table>\n<p style=\"text-align: justify;\">Tentez votre chance en profitant de votre <a href=\"https:\/\/www.winamax.fr\/registration\/landing\/affiliation_Bonus100?banid=33423\">1er d\u00e9p\u00f4t doubl\u00e9 jusqu&rsquo;\u00e0 100 \u20ac<\/a> direct en paris gratuits sur Winamax !<\/p>\n","protected":false},"excerpt":{"rendered":"<p>CAN 2024 &#8211; Ce vendredi, le Cap-Vert affronte le Mozambique dans le cadre de la 2\u00e8me journ\u00e9e de la CAN 2024. D\u00e9couvrez le programme TV.<\/p>\n","protected":false},"author":1,"featured_media":453736,"comment_status":"open","ping_status":"closed","sticky":false,"template":"","format":"standard","meta":{"_acf_changed":false,"_daextam_enable_autolinks":"1","footnotes":""},"categories":[2301],"tags":[5671,20394,17213,75,21872,21768,8799],"class_list":["post-453685","post","type-post","status-publish","format-standard","has-post-thumbnail","hentry","category-football","tag-can","tag-cap-vert","tag-chaine","tag-football","tag-heure","tag-horaire","tag-programme-tv"],"acf":[],"yoast_head":"<!-- This site is optimized with the Yoast SEO Premium plugin v26.7 (Yoast SEO v26.7) - https:\/\/yoast.com\/wordpress\/plugins\/seo\/ -->\n<title>Cap Vert - Mozambique : Cha\u00eene TV et Heure du match de la CAN<\/title>\n<meta name=\"description\" content=\"CAN 2024 - Ce vendredi, le Cap-Vert affronte le Mozambique dans le cadre de la 2\u00e8me journ\u00e9e de la CAN 2024. D\u00e9couvrez le programme TV.\" \/>\n<meta name=\"robots\" content=\"index, follow, max-snippet:-1, max-image-preview:large, max-video-preview:-1\" \/>\n<link rel=\"canonical\" href=\"https:\/\/dicodusport.fr\/blog\/cap-vert-mozambique-chaine-tv-et-heure-du-match-de-la-can\/\" \/>\n<meta property=\"og:locale\" content=\"fr_FR\" \/>\n<meta property=\"og:type\" content=\"article\" \/>\n<meta property=\"og:title\" content=\"Cap Vert - Mozambique : Cha\u00eene TV et Heure du match de la CAN\" \/>\n<meta property=\"og:description\" content=\"CAN 2024 - Ce vendredi, le Cap-Vert affronte le Mozambique dans le cadre de la 2\u00e8me journ\u00e9e de la CAN 2024. D\u00e9couvrez le programme TV.\" \/>\n<meta property=\"og:url\" content=\"https:\/\/dicodusport.fr\/blog\/cap-vert-mozambique-chaine-tv-et-heure-du-match-de-la-can\/\" \/>\n<meta property=\"og:site_name\" content=\"Dicodusport\" \/>\n<meta property=\"article:publisher\" content=\"https:\/\/www.facebook.com\/dicodusport\" \/>\n<meta property=\"article:author\" content=\"https:\/\/www.facebook.com\/dicodusport\" \/>\n<meta property=\"article:published_time\" content=\"2024-01-17T20:33:21+00:00\" \/>\n<meta property=\"article:modified_time\" content=\"2024-01-18T13:54:31+00:00\" \/>\n<meta property=\"og:image\" content=\"https:\/\/dicodusport.fr\/blog\/wp-content\/uploads\/2024\/01\/Cap-Vert-Mozambique-Chaine-TV-et-Heure-du-match-de-la-CAN.png\" \/>\n\t<meta property=\"og:image:width\" content=\"1200\" \/>\n\t<meta property=\"og:image:height\" content=\"674\" \/>\n\t<meta property=\"og:image:type\" content=\"image\/png\" \/>\n<meta name=\"author\" content=\"Nicolas Jacquemard\" \/>\n<meta name=\"twitter:card\" content=\"summary_large_image\" \/>\n<meta name=\"twitter:title\" content=\"Cap Vert - Mozambique : Cha\u00eene TV et Heure du match de la CAN\" \/>\n<meta name=\"twitter:creator\" content=\"@https:\/\/twitter.com\/Nico_Jacquemard\" \/>\n<meta name=\"twitter:site\" content=\"@dicodusport\" \/>\n<script type=\"application\/ld+json\" class=\"yoast-schema-graph\">{\"@context\":\"https:\/\/schema.org\",\"@graph\":[{\"@type\":\"NewsArticle\",\"@id\":\"https:\/\/dicodusport.fr\/blog\/cap-vert-mozambique-chaine-tv-et-heure-du-match-de-la-can\/#article\",\"isPartOf\":{\"@id\":\"https:\/\/dicodusport.fr\/blog\/cap-vert-mozambique-chaine-tv-et-heure-du-match-de-la-can\/\"},\"author\":{\"name\":\"Nicolas Jacquemard\",\"@id\":\"https:\/\/dicodusport.fr\/blog\/#\/schema\/person\/55dcb50ad410894e431ed812bbb70191\"},\"headline\":\"Cap Vert &#8211; Mozambique : Cha\u00eene TV et Heure du match de la CAN\",\"datePublished\":\"2024-01-17T20:33:21+00:00\",\"dateModified\":\"2024-01-18T13:54:31+00:00\",\"mainEntityOfPage\":{\"@id\":\"https:\/\/dicodusport.fr\/blog\/cap-vert-mozambique-chaine-tv-et-heure-du-match-de-la-can\/\"},\"wordCount\":335,\"commentCount\":0,\"publisher\":{\"@id\":\"https:\/\/dicodusport.fr\/blog\/#organization\"},\"image\":{\"@id\":\"https:\/\/dicodusport.fr\/blog\/cap-vert-mozambique-chaine-tv-et-heure-du-match-de-la-can\/#primaryimage\"},\"thumbnailUrl\":\"https:\/\/dicodusport.fr\/blog\/wp-content\/uploads\/2024\/01\/Cap-Vert-Mozambique-Chaine-TV-et-Heure-du-match-de-la-CAN.png\",\"keywords\":[\"CAN\",\"Cap-Vert\",\"Cha\u00eene\",\"Football\",\"Heure\",\"Horaire\",\"Programme TV\"],\"articleSection\":[\"Football\"],\"inLanguage\":\"fr-FR\",\"potentialAction\":[{\"@type\":\"CommentAction\",\"name\":\"Comment\",\"target\":[\"https:\/\/dicodusport.fr\/blog\/cap-vert-mozambique-chaine-tv-et-heure-du-match-de-la-can\/#respond\"]}],\"copyrightYear\":\"2024\",\"copyrightHolder\":{\"@id\":\"https:\/\/dicodusport.fr\/blog\/#organization\"}},{\"@type\":\"WebPage\",\"@id\":\"https:\/\/dicodusport.fr\/blog\/cap-vert-mozambique-chaine-tv-et-heure-du-match-de-la-can\/\",\"url\":\"https:\/\/dicodusport.fr\/blog\/cap-vert-mozambique-chaine-tv-et-heure-du-match-de-la-can\/\",\"name\":\"Cap Vert - Mozambique : Cha\u00eene TV et Heure du match de la CAN\",\"isPartOf\":{\"@id\":\"https:\/\/dicodusport.fr\/blog\/#website\"},\"primaryImageOfPage\":{\"@id\":\"https:\/\/dicodusport.fr\/blog\/cap-vert-mozambique-chaine-tv-et-heure-du-match-de-la-can\/#primaryimage\"},\"image\":{\"@id\":\"https:\/\/dicodusport.fr\/blog\/cap-vert-mozambique-chaine-tv-et-heure-du-match-de-la-can\/#primaryimage\"},\"thumbnailUrl\":\"https:\/\/dicodusport.fr\/blog\/wp-content\/uploads\/2024\/01\/Cap-Vert-Mozambique-Chaine-TV-et-Heure-du-match-de-la-CAN.png\",\"datePublished\":\"2024-01-17T20:33:21+00:00\",\"dateModified\":\"2024-01-18T13:54:31+00:00\",\"description\":\"CAN 2024 - Ce vendredi, le Cap-Vert affronte le Mozambique dans le cadre de la 2\u00e8me journ\u00e9e de la CAN 2024. D\u00e9couvrez le programme TV.\",\"breadcrumb\":{\"@id\":\"https:\/\/dicodusport.fr\/blog\/cap-vert-mozambique-chaine-tv-et-heure-du-match-de-la-can\/#breadcrumb\"},\"inLanguage\":\"fr-FR\",\"potentialAction\":[{\"@type\":\"ReadAction\",\"target\":[\"https:\/\/dicodusport.fr\/blog\/cap-vert-mozambique-chaine-tv-et-heure-du-match-de-la-can\/\"]}]},{\"@type\":\"ImageObject\",\"inLanguage\":\"fr-FR\",\"@id\":\"https:\/\/dicodusport.fr\/blog\/cap-vert-mozambique-chaine-tv-et-heure-du-match-de-la-can\/#primaryimage\",\"url\":\"https:\/\/dicodusport.fr\/blog\/wp-content\/uploads\/2024\/01\/Cap-Vert-Mozambique-Chaine-TV-et-Heure-du-match-de-la-CAN.png\",\"contentUrl\":\"https:\/\/dicodusport.fr\/blog\/wp-content\/uploads\/2024\/01\/Cap-Vert-Mozambique-Chaine-TV-et-Heure-du-match-de-la-CAN.png\",\"width\":1200,\"height\":674,\"caption\":\"Cap-Vert - Mozambique Chai\u0302ne TV et Heure du match de la CAN\"},{\"@type\":\"BreadcrumbList\",\"@id\":\"https:\/\/dicodusport.fr\/blog\/cap-vert-mozambique-chaine-tv-et-heure-du-match-de-la-can\/#breadcrumb\",\"itemListElement\":[{\"@type\":\"ListItem\",\"position\":1,\"name\":\"Accueil\",\"item\":\"https:\/\/dicodusport.fr\/blog\/\"},{\"@type\":\"ListItem\",\"position\":2,\"name\":\"Cap Vert &#8211; Mozambique : Cha\u00eene TV et Heure du match de la CAN\"}]},{\"@type\":\"WebSite\",\"@id\":\"https:\/\/dicodusport.fr\/blog\/#website\",\"url\":\"https:\/\/dicodusport.fr\/blog\/\",\"name\":\"Dicodusport\",\"description\":\"L&#039;encyclop\u00e9die de l&#039;actualit\u00e9 sportive\",\"publisher\":{\"@id\":\"https:\/\/dicodusport.fr\/blog\/#organization\"},\"potentialAction\":[{\"@type\":\"SearchAction\",\"target\":{\"@type\":\"EntryPoint\",\"urlTemplate\":\"https:\/\/dicodusport.fr\/blog\/?s={search_term_string}\"},\"query-input\":{\"@type\":\"PropertyValueSpecification\",\"valueRequired\":true,\"valueName\":\"search_term_string\"}}],\"inLanguage\":\"fr-FR\"},{\"@type\":\"NewsMediaOrganization\",\"@id\":\"https:\/\/dicodusport.fr\/blog\/#organization\",\"name\":\"Dicodusport\",\"url\":\"https:\/\/dicodusport.fr\/blog\/\",\"logo\":{\"@type\":\"ImageObject\",\"inLanguage\":\"fr-FR\",\"@id\":\"https:\/\/dicodusport.fr\/blog\/#\/schema\/logo\/image\/\",\"url\":\"https:\/\/dicodusport.fr\/blog\/wp-content\/uploads\/2020\/06\/cropped-LOGO-DICODUSPORT-2020-SANS-FOND-SANS-TEXTE.png\",\"contentUrl\":\"https:\/\/dicodusport.fr\/blog\/wp-content\/uploads\/2020\/06\/cropped-LOGO-DICODUSPORT-2020-SANS-FOND-SANS-TEXTE.png\",\"width\":512,\"height\":512,\"caption\":\"Dicodusport\"},\"image\":{\"@id\":\"https:\/\/dicodusport.fr\/blog\/#\/schema\/logo\/image\/\"},\"sameAs\":[\"https:\/\/www.facebook.com\/dicodusport\",\"https:\/\/x.com\/dicodusport\",\"https:\/\/www.instagram.com\/dicodusport\/\",\"https:\/\/www.youtube.com\/channel\/UC7V2KZ5sd3htJivAbA4ZG3w\"],\"description\":\"Dicodusport est l'encyclop\u00e9die de l'actualit\u00e9 sportive.\",\"email\":\"bonjour@dicodusport.fr\",\"legalName\":\"DICODUSPORT\",\"foundingDate\":\"2018-01-14\",\"vatID\":\"FR71834470973\",\"taxID\":\"83447097300043\",\"numberOfEmployees\":{\"@type\":\"QuantitativeValue\",\"minValue\":\"1\",\"maxValue\":\"10\"}},{\"@type\":\"Person\",\"@id\":\"https:\/\/dicodusport.fr\/blog\/#\/schema\/person\/55dcb50ad410894e431ed812bbb70191\",\"name\":\"Nicolas Jacquemard\",\"image\":{\"@type\":\"ImageObject\",\"inLanguage\":\"fr-FR\",\"@id\":\"https:\/\/dicodusport.fr\/blog\/#\/schema\/person\/image\/\",\"url\":\"https:\/\/dicodusport.fr\/blog\/wp-content\/uploads\/2021\/05\/Nicolas-Jacquemard-150x150.jpeg\",\"contentUrl\":\"https:\/\/dicodusport.fr\/blog\/wp-content\/uploads\/2021\/05\/Nicolas-Jacquemard-150x150.jpeg\",\"caption\":\"Nicolas Jacquemard\"},\"description\":\"Passionn\u00e9 de sport et entrepreneur depuis mes 18 ans, la cr\u00e9ation de Dicodusport m'a sembl\u00e9 \u00e9vidente pour participer \u00e0 la m\u00e9diatisation d'un plus grand nombre de sports. Le chemin est long mais avec une \u00e9quipe des plus motiv\u00e9es et les Jeux Olympiques de Paris 2024 en point de mire, nous y arriverons ! Journaliste dans le monde du sport depuis plus de 5 ans, je traite aussi bien de football, de rugby, de biathlon que de cyclisme.\",\"sameAs\":[\"https:\/\/www.facebook.com\/dicodusport\",\"https:\/\/x.com\/https:\/\/twitter.com\/Nico_Jacquemard\"],\"url\":\"https:\/\/dicodusport.fr\/blog\/author\/dicodusport\/\"}]}<\/script>\n<!-- \/ Yoast SEO Premium plugin. -->","yoast_head_json":{"title":"Cap Vert - Mozambique : Cha\u00eene TV et Heure du match de la CAN","description":"CAN 2024 - Ce vendredi, le Cap-Vert affronte le Mozambique dans le cadre de la 2\u00e8me journ\u00e9e de la CAN 2024. D\u00e9couvrez le programme TV.","robots":{"index":"index","follow":"follow","max-snippet":"max-snippet:-1","max-image-preview":"max-image-preview:large","max-video-preview":"max-video-preview:-1"},"canonical":"https:\/\/dicodusport.fr\/blog\/cap-vert-mozambique-chaine-tv-et-heure-du-match-de-la-can\/","og_locale":"fr_FR","og_type":"article","og_title":"Cap Vert - Mozambique : Cha\u00eene TV et Heure du match de la CAN","og_description":"CAN 2024 - Ce vendredi, le Cap-Vert affronte le Mozambique dans le cadre de la 2\u00e8me journ\u00e9e de la CAN 2024. D\u00e9couvrez le programme TV.","og_url":"https:\/\/dicodusport.fr\/blog\/cap-vert-mozambique-chaine-tv-et-heure-du-match-de-la-can\/","og_site_name":"Dicodusport","article_publisher":"https:\/\/www.facebook.com\/dicodusport","article_author":"https:\/\/www.facebook.com\/dicodusport","article_published_time":"2024-01-17T20:33:21+00:00","article_modified_time":"2024-01-18T13:54:31+00:00","og_image":[{"width":1200,"height":674,"url":"https:\/\/dicodusport.fr\/blog\/wp-content\/uploads\/2024\/01\/Cap-Vert-Mozambique-Chaine-TV-et-Heure-du-match-de-la-CAN.png","type":"image\/png"}],"author":"Nicolas Jacquemard","twitter_card":"summary_large_image","twitter_title":"Cap Vert - Mozambique : Cha\u00eene TV et Heure du match de la CAN","twitter_creator":"@https:\/\/twitter.com\/Nico_Jacquemard","twitter_site":"@dicodusport","schema":{"@context":"https:\/\/schema.org","@graph":[{"@type":"NewsArticle","@id":"https:\/\/dicodusport.fr\/blog\/cap-vert-mozambique-chaine-tv-et-heure-du-match-de-la-can\/#article","isPartOf":{"@id":"https:\/\/dicodusport.fr\/blog\/cap-vert-mozambique-chaine-tv-et-heure-du-match-de-la-can\/"},"author":{"name":"Nicolas Jacquemard","@id":"https:\/\/dicodusport.fr\/blog\/#\/schema\/person\/55dcb50ad410894e431ed812bbb70191"},"headline":"Cap Vert &#8211; Mozambique : Cha\u00eene TV et Heure du match de la CAN","datePublished":"2024-01-17T20:33:21+00:00","dateModified":"2024-01-18T13:54:31+00:00","mainEntityOfPage":{"@id":"https:\/\/dicodusport.fr\/blog\/cap-vert-mozambique-chaine-tv-et-heure-du-match-de-la-can\/"},"wordCount":335,"commentCount":0,"publisher":{"@id":"https:\/\/dicodusport.fr\/blog\/#organization"},"image":{"@id":"https:\/\/dicodusport.fr\/blog\/cap-vert-mozambique-chaine-tv-et-heure-du-match-de-la-can\/#primaryimage"},"thumbnailUrl":"https:\/\/dicodusport.fr\/blog\/wp-content\/uploads\/2024\/01\/Cap-Vert-Mozambique-Chaine-TV-et-Heure-du-match-de-la-CAN.png","keywords":["CAN","Cap-Vert","Cha\u00eene","Football","Heure","Horaire","Programme TV"],"articleSection":["Football"],"inLanguage":"fr-FR","potentialAction":[{"@type":"CommentAction","name":"Comment","target":["https:\/\/dicodusport.fr\/blog\/cap-vert-mozambique-chaine-tv-et-heure-du-match-de-la-can\/#respond"]}],"copyrightYear":"2024","copyrightHolder":{"@id":"https:\/\/dicodusport.fr\/blog\/#organization"}},{"@type":"WebPage","@id":"https:\/\/dicodusport.fr\/blog\/cap-vert-mozambique-chaine-tv-et-heure-du-match-de-la-can\/","url":"https:\/\/dicodusport.fr\/blog\/cap-vert-mozambique-chaine-tv-et-heure-du-match-de-la-can\/","name":"Cap Vert - Mozambique : Cha\u00eene TV et Heure du match de la CAN","isPartOf":{"@id":"https:\/\/dicodusport.fr\/blog\/#website"},"primaryImageOfPage":{"@id":"https:\/\/dicodusport.fr\/blog\/cap-vert-mozambique-chaine-tv-et-heure-du-match-de-la-can\/#primaryimage"},"image":{"@id":"https:\/\/dicodusport.fr\/blog\/cap-vert-mozambique-chaine-tv-et-heure-du-match-de-la-can\/#primaryimage"},"thumbnailUrl":"https:\/\/dicodusport.fr\/blog\/wp-content\/uploads\/2024\/01\/Cap-Vert-Mozambique-Chaine-TV-et-Heure-du-match-de-la-CAN.png","datePublished":"2024-01-17T20:33:21+00:00","dateModified":"2024-01-18T13:54:31+00:00","description":"CAN 2024 - Ce vendredi, le Cap-Vert affronte le Mozambique dans le cadre de la 2\u00e8me journ\u00e9e de la CAN 2024. D\u00e9couvrez le programme TV.","breadcrumb":{"@id":"https:\/\/dicodusport.fr\/blog\/cap-vert-mozambique-chaine-tv-et-heure-du-match-de-la-can\/#breadcrumb"},"inLanguage":"fr-FR","potentialAction":[{"@type":"ReadAction","target":["https:\/\/dicodusport.fr\/blog\/cap-vert-mozambique-chaine-tv-et-heure-du-match-de-la-can\/"]}]},{"@type":"ImageObject","inLanguage":"fr-FR","@id":"https:\/\/dicodusport.fr\/blog\/cap-vert-mozambique-chaine-tv-et-heure-du-match-de-la-can\/#primaryimage","url":"https:\/\/dicodusport.fr\/blog\/wp-content\/uploads\/2024\/01\/Cap-Vert-Mozambique-Chaine-TV-et-Heure-du-match-de-la-CAN.png","contentUrl":"https:\/\/dicodusport.fr\/blog\/wp-content\/uploads\/2024\/01\/Cap-Vert-Mozambique-Chaine-TV-et-Heure-du-match-de-la-CAN.png","width":1200,"height":674,"caption":"Cap-Vert - Mozambique Chai\u0302ne TV et Heure du match de la CAN"},{"@type":"BreadcrumbList","@id":"https:\/\/dicodusport.fr\/blog\/cap-vert-mozambique-chaine-tv-et-heure-du-match-de-la-can\/#breadcrumb","itemListElement":[{"@type":"ListItem","position":1,"name":"Accueil","item":"https:\/\/dicodusport.fr\/blog\/"},{"@type":"ListItem","position":2,"name":"Cap Vert &#8211; Mozambique : Cha\u00eene TV et Heure du match de la CAN"}]},{"@type":"WebSite","@id":"https:\/\/dicodusport.fr\/blog\/#website","url":"https:\/\/dicodusport.fr\/blog\/","name":"Dicodusport","description":"L&#039;encyclop\u00e9die de l&#039;actualit\u00e9 sportive","publisher":{"@id":"https:\/\/dicodusport.fr\/blog\/#organization"},"potentialAction":[{"@type":"SearchAction","target":{"@type":"EntryPoint","urlTemplate":"https:\/\/dicodusport.fr\/blog\/?s={search_term_string}"},"query-input":{"@type":"PropertyValueSpecification","valueRequired":true,"valueName":"search_term_string"}}],"inLanguage":"fr-FR"},{"@type":"NewsMediaOrganization","@id":"https:\/\/dicodusport.fr\/blog\/#organization","name":"Dicodusport","url":"https:\/\/dicodusport.fr\/blog\/","logo":{"@type":"ImageObject","inLanguage":"fr-FR","@id":"https:\/\/dicodusport.fr\/blog\/#\/schema\/logo\/image\/","url":"https:\/\/dicodusport.fr\/blog\/wp-content\/uploads\/2020\/06\/cropped-LOGO-DICODUSPORT-2020-SANS-FOND-SANS-TEXTE.png","contentUrl":"https:\/\/dicodusport.fr\/blog\/wp-content\/uploads\/2020\/06\/cropped-LOGO-DICODUSPORT-2020-SANS-FOND-SANS-TEXTE.png","width":512,"height":512,"caption":"Dicodusport"},"image":{"@id":"https:\/\/dicodusport.fr\/blog\/#\/schema\/logo\/image\/"},"sameAs":["https:\/\/www.facebook.com\/dicodusport","https:\/\/x.com\/dicodusport","https:\/\/www.instagram.com\/dicodusport\/","https:\/\/www.youtube.com\/channel\/UC7V2KZ5sd3htJivAbA4ZG3w"],"description":"Dicodusport est l'encyclop\u00e9die de l'actualit\u00e9 sportive.","email":"bonjour@dicodusport.fr","legalName":"DICODUSPORT","foundingDate":"2018-01-14","vatID":"FR71834470973","taxID":"83447097300043","numberOfEmployees":{"@type":"QuantitativeValue","minValue":"1","maxValue":"10"}},{"@type":"Person","@id":"https:\/\/dicodusport.fr\/blog\/#\/schema\/person\/55dcb50ad410894e431ed812bbb70191","name":"Nicolas Jacquemard","image":{"@type":"ImageObject","inLanguage":"fr-FR","@id":"https:\/\/dicodusport.fr\/blog\/#\/schema\/person\/image\/","url":"https:\/\/dicodusport.fr\/blog\/wp-content\/uploads\/2021\/05\/Nicolas-Jacquemard-150x150.jpeg","contentUrl":"https:\/\/dicodusport.fr\/blog\/wp-content\/uploads\/2021\/05\/Nicolas-Jacquemard-150x150.jpeg","caption":"Nicolas Jacquemard"},"description":"Passionn\u00e9 de sport et entrepreneur depuis mes 18 ans, la cr\u00e9ation de Dicodusport m'a sembl\u00e9 \u00e9vidente pour participer \u00e0 la m\u00e9diatisation d'un plus grand nombre de sports. Le chemin est long mais avec une \u00e9quipe des plus motiv\u00e9es et les Jeux Olympiques de Paris 2024 en point de mire, nous y arriverons ! Journaliste dans le monde du sport depuis plus de 5 ans, je traite aussi bien de football, de rugby, de biathlon que de cyclisme.","sameAs":["https:\/\/www.facebook.com\/dicodusport","https:\/\/x.com\/https:\/\/twitter.com\/Nico_Jacquemard"],"url":"https:\/\/dicodusport.fr\/blog\/author\/dicodusport\/"}]}},"_links":{"self":[{"href":"https:\/\/dicodusport.fr\/blog\/wp-json\/wp\/v2\/posts\/453685","targetHints":{"allow":["GET"]}}],"collection":[{"href":"https:\/\/dicodusport.fr\/blog\/wp-json\/wp\/v2\/posts"}],"about":[{"href":"https:\/\/dicodusport.fr\/blog\/wp-json\/wp\/v2\/types\/post"}],"author":[{"embeddable":true,"href":"https:\/\/dicodusport.fr\/blog\/wp-json\/wp\/v2\/users\/1"}],"replies":[{"embeddable":true,"href":"https:\/\/dicodusport.fr\/blog\/wp-json\/wp\/v2\/comments?post=453685"}],"version-history":[{"count":5,"href":"https:\/\/dicodusport.fr\/blog\/wp-json\/wp\/v2\/posts\/453685\/revisions"}],"predecessor-version":[{"id":453941,"href":"https:\/\/dicodusport.fr\/blog\/wp-json\/wp\/v2\/posts\/453685\/revisions\/453941"}],"wp:featuredmedia":[{"embeddable":true,"href":"https:\/\/dicodusport.fr\/blog\/wp-json\/wp\/v2\/media\/453736"}],"wp:attachment":[{"href":"https:\/\/dicodusport.fr\/blog\/wp-json\/wp\/v2\/media?parent=453685"}],"wp:term":[{"taxonomy":"category","embeddable":true,"href":"https:\/\/dicodusport.fr\/blog\/wp-json\/wp\/v2\/categories?post=453685"},{"taxonomy":"post_tag","embeddable":true,"href":"https:\/\/dicodusport.fr\/blog\/wp-json\/wp\/v2\/tags?post=453685"}],"curies":[{"name":"wp","href":"https:\/\/api.w.org\/{rel}","templated":true}]}}