{"id":453859,"date":"2024-01-22T12:26:11","date_gmt":"2024-01-22T11:26:11","guid":{"rendered":"https:\/\/dicodusport.fr\/blog\/?p=453859&#038;preview=true&#038;preview_id=453859"},"modified":"2024-01-22T15:35:03","modified_gmt":"2024-01-22T14:35:03","slug":"biathlon-championnats-deurope-2024-la-selection-francaise","status":"publish","type":"post","link":"https:\/\/dicodusport.fr\/blog\/biathlon-championnats-deurope-2024-la-selection-francaise\/","title":{"rendered":"Biathlon Championnats d&rsquo;Europe 2024 : La s\u00e9lection fran\u00e7aise"},"content":{"rendered":"<p style=\"text-align: justify;\"><strong><em>BIATHLON &#8211; La s\u00e9lection de l&rsquo;\u00e9quipe de France pour les championnats d&rsquo;Europe de biathlon 2024, qui auront lieu \u00e0 Brezno-Osrblie (Slovaquie) du 24 au 28 janvier, vient d&rsquo;\u00eatre annonc\u00e9e.\u00a0<\/em><\/strong><\/p>\n<ul>\n<li style=\"text-align: justify;\"><strong>\u00c0 ce sujet &#8211; <a href=\"https:\/\/dicodusport.fr\/blog\/biathlon-championnats-deurope-2024-programme-et-resultats\/\">Biathlon Championnats d\u2019Europe 2024 \u2013 Programme et r\u00e9sultats<\/a><\/strong><\/li>\n<\/ul>\n<h2 style=\"text-align: justify;\">Une s\u00e9lection avec des ambitions<\/h2>\n<h3 style=\"text-align: justify;\">Dames<\/h3>\n<p style=\"text-align: justify;\">BENED Camille \u2013 Chablais Nordic (Mont Blanc)<br \/>\nBONDOUX Ana\u00eblle \u2013 GUC Grenoble (Dauphin\u00e9)<br \/>\nMICHELON Oc\u00e9ane \u2013 Bauges Ski Nordique (Savoie)<br \/>\nREMONNAY No\u00e9mie (Massif Jurassien)<\/p>\n<h3 style=\"text-align: justify;\">Hommes<\/h3>\n<p style=\"text-align: justify;\">CLAUDE \u00c9milien \u2013 Arm\u00e9e Basse sur le Rupt (Massif des Vosges)<br \/>\n<span style=\"color: #ff0000;\">GUIGONNAT Antonin \u2013 Arm\u00e9e Morzine Avoriaz (Mont Blanc)<\/span><br \/>\nGUIRAUD-POILLOT Th\u00e9o \u2013 Villard sur Bo\u00ebge (Mont Blanc)<br \/>\nLEJEUNE Valentin \u2013 Basse sur Le Rupt SN (Massif des Vosges)<br \/>\nLEVET Damien \u2013 Le Grand Bornand (Mont Blanc)<\/p>\n<ul>\n<li style=\"text-align: justify;\"><strong>\u00c0 ce sujet &#8211; <a href=\"https:\/\/dicodusport.fr\/blog\/biathlon-antonin-guigonnat-va-participer-aux-championnats-deurope\/\">Biathlon : Antonin Guigonnat va participer aux championnats d\u2019Europe<\/a><\/strong><\/li>\n<\/ul>\n<p style=\"text-align: justify;\">La F\u00e9d\u00e9ration Fran\u00e7aise de Ski (FFS) annonce que cette s\u00e9lection pourrait \u00eatre compl\u00e9t\u00e9e par <em>\u00ab un ou plusieurs athl\u00e8tes pr\u00e9sents sur <a href=\"https:\/\/dicodusport.fr\/blog\/biathlon-antholz-anterselva-2024-programme-complet-et-resultats\/\">la Coupe du monde d&rsquo;<strong>Antholz-Anterselva <\/strong><\/a>\u00bb<\/em>.<\/p>\n<blockquote class=\"twitter-tweet\">\n<p dir=\"ltr\" lang=\"fr\">\ud83d\udd1c \ud835\udc01\ud835\udc2b\ud835\udc1e\ud835\udc33\ud835\udc27\ud835\udc28-\ud835\udc0e\ud835\udc2c\ud835\udc2b\ud835\udc1b\ud835\udc25\ud835\udc22\ud835\udc1e \ud83c\uddf8\ud83c\uddf0<br \/>\nVoici les s\u00e9lections tricolores pour les Championnats d&rsquo;Europe de biathlon en Slovaquie\u2744\ufe0f<\/p>\n<p>\ud83c\udde8\ud83c\uddf5\u27a1\ufe0f <a href=\"https:\/\/t.co\/elM2a68MMj\">https:\/\/t.co\/elM2a68MMj<\/a> <a href=\"https:\/\/t.co\/fyjpD3QMPB\">pic.twitter.com\/fyjpD3QMPB<\/a><\/p>\n<p>\u2014 FFS &#8211; F\u00e9d\u00e9ration Fran\u00e7aise de Ski (@FedFranceSki) <a href=\"https:\/\/twitter.com\/FedFranceSki\/status\/1747933425049215071?ref_src=twsrc%5Etfw\">January 18, 2024<\/a><\/p><\/blockquote>\n<p><script async src=\"https:\/\/platform.twitter.com\/widgets.js\" charset=\"utf-8\"><\/script><\/p>\n","protected":false},"excerpt":{"rendered":"<p>BIATHLON &#8211; La s\u00e9lection de l&rsquo;\u00e9quipe de France pour les championnats d&rsquo;Europe de biathlon 2024, qui auront lieu \u00e0 Brezno-Osrblie (Slovaquie).<\/p>\n","protected":false},"author":89,"featured_media":453898,"comment_status":"open","ping_status":"closed","sticky":false,"template":"","format":"standard","meta":{"_acf_changed":false,"_daextam_enable_autolinks":"1","footnotes":""},"categories":[2426],"tags":[2427,16878,21238,21429],"class_list":["post-453859","post","type-post","status-publish","format-standard","has-post-thumbnail","hentry","category-biathlon","tag-biathlon","tag-breve","tag-brezno-osrblie","tag-championnats-deurope-de-biathlon"],"acf":[],"yoast_head":"<!-- This site is optimized with the Yoast SEO Premium plugin v26.7 (Yoast SEO v26.7) - https:\/\/yoast.com\/wordpress\/plugins\/seo\/ -->\n<title>Biathlon Championnats d&#039;Europe 2024 : La s\u00e9lection fran\u00e7aise<\/title>\n<meta name=\"description\" content=\"BIATHLON - La s\u00e9lection de l&#039;\u00e9quipe de France pour les championnats d&#039;Europe de biathlon 2024, qui auront lieu \u00e0 Brezno-Osrblie (Slovaquie).\" \/>\n<meta name=\"robots\" content=\"index, follow, max-snippet:-1, max-image-preview:large, max-video-preview:-1\" \/>\n<link rel=\"canonical\" href=\"https:\/\/dicodusport.fr\/blog\/biathlon-championnats-deurope-2024-la-selection-francaise\/\" \/>\n<meta property=\"og:locale\" content=\"fr_FR\" \/>\n<meta property=\"og:type\" content=\"article\" \/>\n<meta property=\"og:title\" content=\"Biathlon Championnats d&#039;Europe 2024 : La s\u00e9lection fran\u00e7aise\" \/>\n<meta property=\"og:description\" content=\"BIATHLON - La s\u00e9lection de l&#039;\u00e9quipe de France pour les championnats d&#039;Europe de biathlon 2024, qui auront lieu \u00e0 Brezno-Osrblie (Slovaquie).\" \/>\n<meta property=\"og:url\" content=\"https:\/\/dicodusport.fr\/blog\/biathlon-championnats-deurope-2024-la-selection-francaise\/\" \/>\n<meta property=\"og:site_name\" content=\"Dicodusport\" \/>\n<meta property=\"article:publisher\" content=\"https:\/\/www.facebook.com\/dicodusport\" \/>\n<meta property=\"article:published_time\" content=\"2024-01-22T11:26:11+00:00\" \/>\n<meta property=\"article:modified_time\" content=\"2024-01-22T14:35:03+00:00\" \/>\n<meta property=\"og:image\" content=\"https:\/\/dicodusport.fr\/blog\/wp-content\/uploads\/2024\/01\/Biathlon-Championnats-dEurope-2024-La-selection-francaise.png\" \/>\n\t<meta property=\"og:image:width\" content=\"1200\" \/>\n\t<meta property=\"og:image:height\" content=\"674\" \/>\n\t<meta property=\"og:image:type\" content=\"image\/png\" \/>\n<meta name=\"author\" content=\"Louka Lesueur\" \/>\n<meta name=\"twitter:card\" content=\"summary_large_image\" \/>\n<meta name=\"twitter:title\" content=\"Biathlon Championnats d&#039;Europe 2024 : La s\u00e9lection fran\u00e7aise\" \/>\n<meta name=\"twitter:creator\" content=\"@https:\/\/twitter.com\/LNewsSF\" \/>\n<meta name=\"twitter:site\" content=\"@dicodusport\" \/>\n<script type=\"application\/ld+json\" class=\"yoast-schema-graph\">{\"@context\":\"https:\/\/schema.org\",\"@graph\":[{\"@type\":\"NewsArticle\",\"@id\":\"https:\/\/dicodusport.fr\/blog\/biathlon-championnats-deurope-2024-la-selection-francaise\/#article\",\"isPartOf\":{\"@id\":\"https:\/\/dicodusport.fr\/blog\/biathlon-championnats-deurope-2024-la-selection-francaise\/\"},\"author\":{\"name\":\"Louka Lesueur\",\"@id\":\"https:\/\/dicodusport.fr\/blog\/#\/schema\/person\/54b6cdccebdfcd5a1036c594aecffc2a\"},\"headline\":\"Biathlon Championnats d&rsquo;Europe 2024 : La s\u00e9lection fran\u00e7aise\",\"datePublished\":\"2024-01-22T11:26:11+00:00\",\"dateModified\":\"2024-01-22T14:35:03+00:00\",\"mainEntityOfPage\":{\"@id\":\"https:\/\/dicodusport.fr\/blog\/biathlon-championnats-deurope-2024-la-selection-francaise\/\"},\"wordCount\":210,\"commentCount\":0,\"publisher\":{\"@id\":\"https:\/\/dicodusport.fr\/blog\/#organization\"},\"image\":{\"@id\":\"https:\/\/dicodusport.fr\/blog\/biathlon-championnats-deurope-2024-la-selection-francaise\/#primaryimage\"},\"thumbnailUrl\":\"https:\/\/dicodusport.fr\/blog\/wp-content\/uploads\/2024\/01\/Biathlon-Championnats-dEurope-2024-La-selection-francaise.png\",\"keywords\":[\"Biathlon\",\"br\u00e8ve\",\"brezno-osrblie\",\"Championnats d'Europe de biathlon\"],\"articleSection\":[\"Biathlon\"],\"inLanguage\":\"fr-FR\",\"potentialAction\":[{\"@type\":\"CommentAction\",\"name\":\"Comment\",\"target\":[\"https:\/\/dicodusport.fr\/blog\/biathlon-championnats-deurope-2024-la-selection-francaise\/#respond\"]}],\"copyrightYear\":\"2024\",\"copyrightHolder\":{\"@id\":\"https:\/\/dicodusport.fr\/blog\/#organization\"}},{\"@type\":\"WebPage\",\"@id\":\"https:\/\/dicodusport.fr\/blog\/biathlon-championnats-deurope-2024-la-selection-francaise\/\",\"url\":\"https:\/\/dicodusport.fr\/blog\/biathlon-championnats-deurope-2024-la-selection-francaise\/\",\"name\":\"Biathlon Championnats d'Europe 2024 : La s\u00e9lection fran\u00e7aise\",\"isPartOf\":{\"@id\":\"https:\/\/dicodusport.fr\/blog\/#website\"},\"primaryImageOfPage\":{\"@id\":\"https:\/\/dicodusport.fr\/blog\/biathlon-championnats-deurope-2024-la-selection-francaise\/#primaryimage\"},\"image\":{\"@id\":\"https:\/\/dicodusport.fr\/blog\/biathlon-championnats-deurope-2024-la-selection-francaise\/#primaryimage\"},\"thumbnailUrl\":\"https:\/\/dicodusport.fr\/blog\/wp-content\/uploads\/2024\/01\/Biathlon-Championnats-dEurope-2024-La-selection-francaise.png\",\"datePublished\":\"2024-01-22T11:26:11+00:00\",\"dateModified\":\"2024-01-22T14:35:03+00:00\",\"description\":\"BIATHLON - La s\u00e9lection de l'\u00e9quipe de France pour les championnats d'Europe de biathlon 2024, qui auront lieu \u00e0 Brezno-Osrblie (Slovaquie).\",\"breadcrumb\":{\"@id\":\"https:\/\/dicodusport.fr\/blog\/biathlon-championnats-deurope-2024-la-selection-francaise\/#breadcrumb\"},\"inLanguage\":\"fr-FR\",\"potentialAction\":[{\"@type\":\"ReadAction\",\"target\":[\"https:\/\/dicodusport.fr\/blog\/biathlon-championnats-deurope-2024-la-selection-francaise\/\"]}]},{\"@type\":\"ImageObject\",\"inLanguage\":\"fr-FR\",\"@id\":\"https:\/\/dicodusport.fr\/blog\/biathlon-championnats-deurope-2024-la-selection-francaise\/#primaryimage\",\"url\":\"https:\/\/dicodusport.fr\/blog\/wp-content\/uploads\/2024\/01\/Biathlon-Championnats-dEurope-2024-La-selection-francaise.png\",\"contentUrl\":\"https:\/\/dicodusport.fr\/blog\/wp-content\/uploads\/2024\/01\/Biathlon-Championnats-dEurope-2024-La-selection-francaise.png\",\"width\":1200,\"height\":674,\"caption\":\"Biathlon Championnats d'Europe 2024 La s\u00e9lection fran\u00e7aise\"},{\"@type\":\"BreadcrumbList\",\"@id\":\"https:\/\/dicodusport.fr\/blog\/biathlon-championnats-deurope-2024-la-selection-francaise\/#breadcrumb\",\"itemListElement\":[{\"@type\":\"ListItem\",\"position\":1,\"name\":\"Accueil\",\"item\":\"https:\/\/dicodusport.fr\/blog\/\"},{\"@type\":\"ListItem\",\"position\":2,\"name\":\"Biathlon Championnats d&rsquo;Europe 2024 : La s\u00e9lection fran\u00e7aise\"}]},{\"@type\":\"WebSite\",\"@id\":\"https:\/\/dicodusport.fr\/blog\/#website\",\"url\":\"https:\/\/dicodusport.fr\/blog\/\",\"name\":\"Dicodusport\",\"description\":\"L&#039;encyclop\u00e9die de l&#039;actualit\u00e9 sportive\",\"publisher\":{\"@id\":\"https:\/\/dicodusport.fr\/blog\/#organization\"},\"potentialAction\":[{\"@type\":\"SearchAction\",\"target\":{\"@type\":\"EntryPoint\",\"urlTemplate\":\"https:\/\/dicodusport.fr\/blog\/?s={search_term_string}\"},\"query-input\":{\"@type\":\"PropertyValueSpecification\",\"valueRequired\":true,\"valueName\":\"search_term_string\"}}],\"inLanguage\":\"fr-FR\"},{\"@type\":\"NewsMediaOrganization\",\"@id\":\"https:\/\/dicodusport.fr\/blog\/#organization\",\"name\":\"Dicodusport\",\"url\":\"https:\/\/dicodusport.fr\/blog\/\",\"logo\":{\"@type\":\"ImageObject\",\"inLanguage\":\"fr-FR\",\"@id\":\"https:\/\/dicodusport.fr\/blog\/#\/schema\/logo\/image\/\",\"url\":\"https:\/\/dicodusport.fr\/blog\/wp-content\/uploads\/2020\/06\/cropped-LOGO-DICODUSPORT-2020-SANS-FOND-SANS-TEXTE.png\",\"contentUrl\":\"https:\/\/dicodusport.fr\/blog\/wp-content\/uploads\/2020\/06\/cropped-LOGO-DICODUSPORT-2020-SANS-FOND-SANS-TEXTE.png\",\"width\":512,\"height\":512,\"caption\":\"Dicodusport\"},\"image\":{\"@id\":\"https:\/\/dicodusport.fr\/blog\/#\/schema\/logo\/image\/\"},\"sameAs\":[\"https:\/\/www.facebook.com\/dicodusport\",\"https:\/\/x.com\/dicodusport\",\"https:\/\/www.instagram.com\/dicodusport\/\",\"https:\/\/www.youtube.com\/channel\/UC7V2KZ5sd3htJivAbA4ZG3w\"],\"description\":\"Dicodusport est l'encyclop\u00e9die de l'actualit\u00e9 sportive.\",\"email\":\"bonjour@dicodusport.fr\",\"legalName\":\"DICODUSPORT\",\"foundingDate\":\"2018-01-14\",\"vatID\":\"FR71834470973\",\"taxID\":\"83447097300043\",\"numberOfEmployees\":{\"@type\":\"QuantitativeValue\",\"minValue\":\"1\",\"maxValue\":\"10\"}},{\"@type\":\"Person\",\"@id\":\"https:\/\/dicodusport.fr\/blog\/#\/schema\/person\/54b6cdccebdfcd5a1036c594aecffc2a\",\"name\":\"Louka Lesueur\",\"image\":{\"@type\":\"ImageObject\",\"inLanguage\":\"fr-FR\",\"@id\":\"https:\/\/dicodusport.fr\/blog\/#\/schema\/person\/image\/\",\"url\":\"https:\/\/dicodusport.fr\/blog\/wp-content\/uploads\/2023\/09\/IMG_2783-150x150.jpeg\",\"contentUrl\":\"https:\/\/dicodusport.fr\/blog\/wp-content\/uploads\/2023\/09\/IMG_2783-150x150.jpeg\",\"caption\":\"Louka Lesueur\"},\"description\":\"Passionn\u00e9 depuis tout petit par les exploits de Bolt, Fourcade, Riner, Lavillenie, Wilkinson, Hirscher. Les \u00e9motions provoqu\u00e9es par le sport ont berc\u00e9 mon enfance et continuent de le faire aujourd'hui. C'est ainsi qu'il m'est arriv\u00e9 de pleurer devant la d\u00e9faite des Bleus face aux Blacks en 2011, ou encore devant le titre olympique de Florent Manaudou \u00e0 Londres. Bien loin de ce milieu professionnel, j'ai os\u00e9 tenter ma chance pour rejoindre l'\u00e9quipe de r\u00e9daction de Dicodusport, et depuis septembre 2023, je tente de retransmettre au mieux les exploits des athl\u00e8tes, tous sports confondus. Grand chauvin, c'est bel et bien sur les sportifs tricolores que je pr\u00e9f\u00e8re \u00e9crire.\",\"sameAs\":[\"https:\/\/x.com\/https:\/\/twitter.com\/LNewsSF\"],\"gender\":\"Homme\",\"worksFor\":\"Louka LESUEUR\",\"url\":\"https:\/\/dicodusport.fr\/blog\/author\/louka-lesueur\/\"}]}<\/script>\n<!-- \/ Yoast SEO Premium plugin. -->","yoast_head_json":{"title":"Biathlon Championnats d'Europe 2024 : La s\u00e9lection fran\u00e7aise","description":"BIATHLON - La s\u00e9lection de l'\u00e9quipe de France pour les championnats d'Europe de biathlon 2024, qui auront lieu \u00e0 Brezno-Osrblie (Slovaquie).","robots":{"index":"index","follow":"follow","max-snippet":"max-snippet:-1","max-image-preview":"max-image-preview:large","max-video-preview":"max-video-preview:-1"},"canonical":"https:\/\/dicodusport.fr\/blog\/biathlon-championnats-deurope-2024-la-selection-francaise\/","og_locale":"fr_FR","og_type":"article","og_title":"Biathlon Championnats d'Europe 2024 : La s\u00e9lection fran\u00e7aise","og_description":"BIATHLON - La s\u00e9lection de l'\u00e9quipe de France pour les championnats d'Europe de biathlon 2024, qui auront lieu \u00e0 Brezno-Osrblie (Slovaquie).","og_url":"https:\/\/dicodusport.fr\/blog\/biathlon-championnats-deurope-2024-la-selection-francaise\/","og_site_name":"Dicodusport","article_publisher":"https:\/\/www.facebook.com\/dicodusport","article_published_time":"2024-01-22T11:26:11+00:00","article_modified_time":"2024-01-22T14:35:03+00:00","og_image":[{"width":1200,"height":674,"url":"https:\/\/dicodusport.fr\/blog\/wp-content\/uploads\/2024\/01\/Biathlon-Championnats-dEurope-2024-La-selection-francaise.png","type":"image\/png"}],"author":"Louka Lesueur","twitter_card":"summary_large_image","twitter_title":"Biathlon Championnats d'Europe 2024 : La s\u00e9lection fran\u00e7aise","twitter_creator":"@https:\/\/twitter.com\/LNewsSF","twitter_site":"@dicodusport","schema":{"@context":"https:\/\/schema.org","@graph":[{"@type":"NewsArticle","@id":"https:\/\/dicodusport.fr\/blog\/biathlon-championnats-deurope-2024-la-selection-francaise\/#article","isPartOf":{"@id":"https:\/\/dicodusport.fr\/blog\/biathlon-championnats-deurope-2024-la-selection-francaise\/"},"author":{"name":"Louka Lesueur","@id":"https:\/\/dicodusport.fr\/blog\/#\/schema\/person\/54b6cdccebdfcd5a1036c594aecffc2a"},"headline":"Biathlon Championnats d&rsquo;Europe 2024 : La s\u00e9lection fran\u00e7aise","datePublished":"2024-01-22T11:26:11+00:00","dateModified":"2024-01-22T14:35:03+00:00","mainEntityOfPage":{"@id":"https:\/\/dicodusport.fr\/blog\/biathlon-championnats-deurope-2024-la-selection-francaise\/"},"wordCount":210,"commentCount":0,"publisher":{"@id":"https:\/\/dicodusport.fr\/blog\/#organization"},"image":{"@id":"https:\/\/dicodusport.fr\/blog\/biathlon-championnats-deurope-2024-la-selection-francaise\/#primaryimage"},"thumbnailUrl":"https:\/\/dicodusport.fr\/blog\/wp-content\/uploads\/2024\/01\/Biathlon-Championnats-dEurope-2024-La-selection-francaise.png","keywords":["Biathlon","br\u00e8ve","brezno-osrblie","Championnats d'Europe de biathlon"],"articleSection":["Biathlon"],"inLanguage":"fr-FR","potentialAction":[{"@type":"CommentAction","name":"Comment","target":["https:\/\/dicodusport.fr\/blog\/biathlon-championnats-deurope-2024-la-selection-francaise\/#respond"]}],"copyrightYear":"2024","copyrightHolder":{"@id":"https:\/\/dicodusport.fr\/blog\/#organization"}},{"@type":"WebPage","@id":"https:\/\/dicodusport.fr\/blog\/biathlon-championnats-deurope-2024-la-selection-francaise\/","url":"https:\/\/dicodusport.fr\/blog\/biathlon-championnats-deurope-2024-la-selection-francaise\/","name":"Biathlon Championnats d'Europe 2024 : La s\u00e9lection fran\u00e7aise","isPartOf":{"@id":"https:\/\/dicodusport.fr\/blog\/#website"},"primaryImageOfPage":{"@id":"https:\/\/dicodusport.fr\/blog\/biathlon-championnats-deurope-2024-la-selection-francaise\/#primaryimage"},"image":{"@id":"https:\/\/dicodusport.fr\/blog\/biathlon-championnats-deurope-2024-la-selection-francaise\/#primaryimage"},"thumbnailUrl":"https:\/\/dicodusport.fr\/blog\/wp-content\/uploads\/2024\/01\/Biathlon-Championnats-dEurope-2024-La-selection-francaise.png","datePublished":"2024-01-22T11:26:11+00:00","dateModified":"2024-01-22T14:35:03+00:00","description":"BIATHLON - La s\u00e9lection de l'\u00e9quipe de France pour les championnats d'Europe de biathlon 2024, qui auront lieu \u00e0 Brezno-Osrblie (Slovaquie).","breadcrumb":{"@id":"https:\/\/dicodusport.fr\/blog\/biathlon-championnats-deurope-2024-la-selection-francaise\/#breadcrumb"},"inLanguage":"fr-FR","potentialAction":[{"@type":"ReadAction","target":["https:\/\/dicodusport.fr\/blog\/biathlon-championnats-deurope-2024-la-selection-francaise\/"]}]},{"@type":"ImageObject","inLanguage":"fr-FR","@id":"https:\/\/dicodusport.fr\/blog\/biathlon-championnats-deurope-2024-la-selection-francaise\/#primaryimage","url":"https:\/\/dicodusport.fr\/blog\/wp-content\/uploads\/2024\/01\/Biathlon-Championnats-dEurope-2024-La-selection-francaise.png","contentUrl":"https:\/\/dicodusport.fr\/blog\/wp-content\/uploads\/2024\/01\/Biathlon-Championnats-dEurope-2024-La-selection-francaise.png","width":1200,"height":674,"caption":"Biathlon Championnats d'Europe 2024 La s\u00e9lection fran\u00e7aise"},{"@type":"BreadcrumbList","@id":"https:\/\/dicodusport.fr\/blog\/biathlon-championnats-deurope-2024-la-selection-francaise\/#breadcrumb","itemListElement":[{"@type":"ListItem","position":1,"name":"Accueil","item":"https:\/\/dicodusport.fr\/blog\/"},{"@type":"ListItem","position":2,"name":"Biathlon Championnats d&rsquo;Europe 2024 : La s\u00e9lection fran\u00e7aise"}]},{"@type":"WebSite","@id":"https:\/\/dicodusport.fr\/blog\/#website","url":"https:\/\/dicodusport.fr\/blog\/","name":"Dicodusport","description":"L&#039;encyclop\u00e9die de l&#039;actualit\u00e9 sportive","publisher":{"@id":"https:\/\/dicodusport.fr\/blog\/#organization"},"potentialAction":[{"@type":"SearchAction","target":{"@type":"EntryPoint","urlTemplate":"https:\/\/dicodusport.fr\/blog\/?s={search_term_string}"},"query-input":{"@type":"PropertyValueSpecification","valueRequired":true,"valueName":"search_term_string"}}],"inLanguage":"fr-FR"},{"@type":"NewsMediaOrganization","@id":"https:\/\/dicodusport.fr\/blog\/#organization","name":"Dicodusport","url":"https:\/\/dicodusport.fr\/blog\/","logo":{"@type":"ImageObject","inLanguage":"fr-FR","@id":"https:\/\/dicodusport.fr\/blog\/#\/schema\/logo\/image\/","url":"https:\/\/dicodusport.fr\/blog\/wp-content\/uploads\/2020\/06\/cropped-LOGO-DICODUSPORT-2020-SANS-FOND-SANS-TEXTE.png","contentUrl":"https:\/\/dicodusport.fr\/blog\/wp-content\/uploads\/2020\/06\/cropped-LOGO-DICODUSPORT-2020-SANS-FOND-SANS-TEXTE.png","width":512,"height":512,"caption":"Dicodusport"},"image":{"@id":"https:\/\/dicodusport.fr\/blog\/#\/schema\/logo\/image\/"},"sameAs":["https:\/\/www.facebook.com\/dicodusport","https:\/\/x.com\/dicodusport","https:\/\/www.instagram.com\/dicodusport\/","https:\/\/www.youtube.com\/channel\/UC7V2KZ5sd3htJivAbA4ZG3w"],"description":"Dicodusport est l'encyclop\u00e9die de l'actualit\u00e9 sportive.","email":"bonjour@dicodusport.fr","legalName":"DICODUSPORT","foundingDate":"2018-01-14","vatID":"FR71834470973","taxID":"83447097300043","numberOfEmployees":{"@type":"QuantitativeValue","minValue":"1","maxValue":"10"}},{"@type":"Person","@id":"https:\/\/dicodusport.fr\/blog\/#\/schema\/person\/54b6cdccebdfcd5a1036c594aecffc2a","name":"Louka Lesueur","image":{"@type":"ImageObject","inLanguage":"fr-FR","@id":"https:\/\/dicodusport.fr\/blog\/#\/schema\/person\/image\/","url":"https:\/\/dicodusport.fr\/blog\/wp-content\/uploads\/2023\/09\/IMG_2783-150x150.jpeg","contentUrl":"https:\/\/dicodusport.fr\/blog\/wp-content\/uploads\/2023\/09\/IMG_2783-150x150.jpeg","caption":"Louka Lesueur"},"description":"Passionn\u00e9 depuis tout petit par les exploits de Bolt, Fourcade, Riner, Lavillenie, Wilkinson, Hirscher. Les \u00e9motions provoqu\u00e9es par le sport ont berc\u00e9 mon enfance et continuent de le faire aujourd'hui. C'est ainsi qu'il m'est arriv\u00e9 de pleurer devant la d\u00e9faite des Bleus face aux Blacks en 2011, ou encore devant le titre olympique de Florent Manaudou \u00e0 Londres. Bien loin de ce milieu professionnel, j'ai os\u00e9 tenter ma chance pour rejoindre l'\u00e9quipe de r\u00e9daction de Dicodusport, et depuis septembre 2023, je tente de retransmettre au mieux les exploits des athl\u00e8tes, tous sports confondus. Grand chauvin, c'est bel et bien sur les sportifs tricolores que je pr\u00e9f\u00e8re \u00e9crire.","sameAs":["https:\/\/x.com\/https:\/\/twitter.com\/LNewsSF"],"gender":"Homme","worksFor":"Louka LESUEUR","url":"https:\/\/dicodusport.fr\/blog\/author\/louka-lesueur\/"}]}},"_links":{"self":[{"href":"https:\/\/dicodusport.fr\/blog\/wp-json\/wp\/v2\/posts\/453859","targetHints":{"allow":["GET"]}}],"collection":[{"href":"https:\/\/dicodusport.fr\/blog\/wp-json\/wp\/v2\/posts"}],"about":[{"href":"https:\/\/dicodusport.fr\/blog\/wp-json\/wp\/v2\/types\/post"}],"author":[{"embeddable":true,"href":"https:\/\/dicodusport.fr\/blog\/wp-json\/wp\/v2\/users\/89"}],"replies":[{"embeddable":true,"href":"https:\/\/dicodusport.fr\/blog\/wp-json\/wp\/v2\/comments?post=453859"}],"version-history":[{"count":5,"href":"https:\/\/dicodusport.fr\/blog\/wp-json\/wp\/v2\/posts\/453859\/revisions"}],"predecessor-version":[{"id":455553,"href":"https:\/\/dicodusport.fr\/blog\/wp-json\/wp\/v2\/posts\/453859\/revisions\/455553"}],"wp:featuredmedia":[{"embeddable":true,"href":"https:\/\/dicodusport.fr\/blog\/wp-json\/wp\/v2\/media\/453898"}],"wp:attachment":[{"href":"https:\/\/dicodusport.fr\/blog\/wp-json\/wp\/v2\/media?parent=453859"}],"wp:term":[{"taxonomy":"category","embeddable":true,"href":"https:\/\/dicodusport.fr\/blog\/wp-json\/wp\/v2\/categories?post=453859"},{"taxonomy":"post_tag","embeddable":true,"href":"https:\/\/dicodusport.fr\/blog\/wp-json\/wp\/v2\/tags?post=453859"}],"curies":[{"name":"wp","href":"https:\/\/api.w.org\/{rel}","templated":true}]}}