{"id":453926,"date":"2024-01-18T15:41:13","date_gmt":"2024-01-18T14:41:13","guid":{"rendered":"https:\/\/dicodusport.fr\/blog\/?p=453926&#038;preview=true&#038;preview_id=453926"},"modified":"2024-01-18T16:53:45","modified_gmt":"2024-01-18T15:53:45","slug":"antholz-anterselva-double-des-freres-boe-sur-lindividuel-court-johannes-devant-tarjei","status":"publish","type":"post","link":"https:\/\/dicodusport.fr\/blog\/antholz-anterselva-double-des-freres-boe-sur-lindividuel-court-johannes-devant-tarjei\/","title":{"rendered":"Antholz-Anterselva : Doubl\u00e9 des fr\u00e8res Boe sur l&rsquo;individuel court, Johannes devant Tarjei"},"content":{"rendered":"<p style=\"text-align: justify;\"><strong><em>BIATHLON COUPE DU MONDE ANTHOLZ-ANTERSELVA &#8211; Sur un format raccourci pour un individuel (15 km), c\u2019est Johannes Boe qui s\u2019est brillamment impos\u00e9 avec le 20\/20. Il termine devant son fr\u00e8re Tarjei, et l&rsquo;Allemand Johannes Kuehn.<\/em><\/strong><\/p>\n<ul>\n<li style=\"text-align: justify;\"><strong>\u00c0 ce sujet \u2013 <a href=\"https:\/\/dicodusport.fr\/blog\/biathlon-antholz-anterselva-2024-programme-complet-et-resultats\/\">Biathlon Antholz-Anterselva 2024 \u2013 Programme complet et r\u00e9sultats<\/a><\/strong><\/li>\n<\/ul>\n<h2 style=\"text-align: justify;\">Tir difficile ? Pas pour Johannes Boe<\/h2>\n<p style=\"text-align: justify;\">Avec le dossard num\u00e9ro 1, <strong>Quentin Fillon Maillet<\/strong> avait \u00e0 c\u0153ur de se relancer dans cette saison, pour le moment rat\u00e9e. Sur une piste en altitude, qu\u2019il affectionne, le Jurassien se rate d\u00e8s son deuxi\u00e8me tir avec 3 erreurs, et ne r\u00e9alise aujourd\u2019hui qu\u2019un 15\/20. Dommage, car sur les spatules, la forme semble revenir. Le deuxi\u00e8me tricolore engag\u00e9, <strong>\u00c9ric Perrot<\/strong>, effectue une course moyenne \u00e0 17\/20, tout comme <strong>\u00c9milien Jacquelin<\/strong>. Malheureusement, deux scores qui ne suffisent pas pour bien figurer sur cette course.<\/p>\n<ul>\n<li style=\"text-align: justify;\"><strong>\u00c0 ce sujet \u2013\u00a0<a href=\"https:\/\/dicodusport.fr\/blog\/biathlon-antholz-anterselva-2024-classement-individuel-court-hommes\/\">Biathlon Antholz-Anterselva 2024 \u2013 Classement Individuel court hommes<\/a><\/strong><\/li>\n<\/ul>\n<p style=\"text-align: justify;\">Globalement, on va assister \u00e0 une course fauss\u00e9e par les mauvais tir de nombreux biathl\u00e8tes : <strong>Samuelsson<\/strong> \u00e0 13\/20, <strong>Bionaz<\/strong> \u00e0 14\/20, <strong>Giacomel<\/strong> \u00e0 16\/20. Visiblement, le brouillard, qui a fait d\u00e9caler le d\u00e9part de 10 minutes, a g\u00ean\u00e9 beaucoup de monde. Pourtant, un peu plus tard dans la course, de nombreux sans-fautes vont \u00eatre r\u00e9alis\u00e9s. \u00c0 commencer par celui du leader de la Coupe du monde, un certain <strong>Johannes Boe<\/strong>, qui r\u00e9alise tout simplement la copie parfaite (20\/20).<\/p>\n<blockquote class=\"twitter-tweet\">\n<p dir=\"ltr\" lang=\"fr\">Johannes Boe est monstrueux ! 20\/20 au tir et une large avance \u00e0 l&rsquo;arriv\u00e9e sur son compatriote Johanes Dale-Skjevdal<br \/>\nSuivez en direct l&rsquo;individuel (court) \u00e0 Antholz : <a href=\"https:\/\/t.co\/wWH09dwBcG\">https:\/\/t.co\/wWH09dwBcG<\/a> <a href=\"https:\/\/twitter.com\/hashtag\/lequipeBIATHLON?src=hash&amp;ref_src=twsrc%5Etfw\">#lequipeBIATHLON<\/a> <a href=\"https:\/\/t.co\/c4qNlCgsKS\">pic.twitter.com\/c4qNlCgsKS<\/a><\/p>\n<p>\u2014 la chaine L&rsquo;\u00c9quipe (@lachainelequipe) <a href=\"https:\/\/twitter.com\/lachainelequipe\/status\/1747988625101373902?ref_src=twsrc%5Etfw\">January 18, 2024<\/a><\/p><\/blockquote>\n<p><script async src=\"https:\/\/platform.twitter.com\/widgets.js\" charset=\"utf-8\"><\/script><\/p>\n<p style=\"text-align: justify;\">D\u2019autres biathl\u00e8tes, vont se placer avec la possibilit\u00e9 de r\u00e9aliser le 20\/20, mais vont se rater sur l&rsquo;ultime passage sur le pas de tir. Mais <strong>Johannes Kuehn<\/strong> (18\/20), <strong>Jesper Nelin<\/strong> (18\/20), <strong>Sturla Laegreid<\/strong> (15\/20) craqueront.<\/p>\n<p style=\"text-align: justify;\">De quoi laisser, l\u2019ogre <strong>Johannes Boe<\/strong> filer vers son 78\u00e8me succ\u00e8s en carri\u00e8re. Certes, moins dominateur cette saison, le Norv\u00e9gien domine pour autant le classement g\u00e9n\u00e9ral et semble bien parti pour emporter un nouveau gros globe de cristal. Aujourd\u2019hui encore, il n\u2019est pas le plus fort \u00e0 skis, mais sur le pas de tir, il a corrig\u00e9 tous ses adversaires. \u00c0 l\u2019arriv\u00e9e, il devance son grand fr\u00e8re <strong>Tarjei<\/strong> (18\/20) et un autre <strong>Johannes<\/strong>, l\u2019Allemand <strong>Kuehn<\/strong> (18\/20).<\/p>\n<ul>\n<li style=\"text-align: justify;\"><strong>\u00c0 ce sujet &#8211; <a href=\"https:\/\/dicodusport.fr\/blog\/biathlon-coupe-du-monde-top-10-des-biathletes-avec-le-plus-de-victoires-hommes\/\">Biathlon Coupe du monde : Top 10 des biathl\u00e8tes avec le plus de victoires (hommes)<\/a>\u00a0<\/strong><\/li>\n<\/ul>\n<h2 style=\"text-align: justify;\">Retour correct en Coupe du monde pour Antonin Guigonnat<\/h2>\n<p style=\"text-align: justify;\"><strong>Oscar Lombardot<\/strong>, remont\u00e9 en Coupe du monde, a fait le 18\/20 derri\u00e8re la carabine. Mais surtout, il r\u00e9alise le meilleur r\u00e9sultat des Bleus aujourd&rsquo;hui, aussi meilleur r\u00e9sultat en carri\u00e8re, avec une belle 16\u00e8me place !<\/p>\n<p style=\"text-align: justify;\">Rel\u00e9gu\u00e9 la semaine derni\u00e8re en IBU Cup, apr\u00e8s de mauvais r\u00e9sultats, <strong>Antonin Guigonnat<\/strong> s\u2019est bien repris sur cet individuel en allant chercher le 18\/20 et la 20\u00e8me place. <strong>\u00c9ric Perrot<\/strong> et <strong>\u00c9milien Jacquelin<\/strong> sont juste devant, 18\u00e8me et 19\u00e8me. <strong>Fabien Claude<\/strong> \u00e0 16\/20 finit 26\u00e8me, non loin devant <strong>Quentin Fillon Maillet<\/strong> 28\u00e8me.<\/p>\n","protected":false},"excerpt":{"rendered":"<p>BIATHLON COUPE DU MONDE ANTHOLZ-ANTERSELVA &#8211; Johannes Boe s\u2019est brillamment impos\u00e9 avec le 20\/20 sur l&rsquo;individuel court en Italie.<\/p>\n","protected":false},"author":89,"featured_media":454021,"comment_status":"open","ping_status":"closed","sticky":false,"template":"","format":"standard","meta":{"_acf_changed":false,"_daextam_enable_autolinks":"1","footnotes":""},"categories":[47040],"tags":[7130,9907,2427,16878,1530,2695,24],"class_list":["post-453926","post","type-post","status-publish","format-standard","has-post-thumbnail","hentry","category-coupe-du-monde-de-biathlon","tag-antholz","tag-antholz-anterselva","tag-biathlon","tag-breve","tag-coupe-du-monde","tag-coupe-du-monde-de-biathlon","tag-sport"],"acf":[],"yoast_head":"<!-- This site is optimized with the Yoast SEO Premium plugin v26.7 (Yoast SEO v26.7) - https:\/\/yoast.com\/wordpress\/plugins\/seo\/ -->\n<title>Antholz-Anterselva : Doubl\u00e9 des fr\u00e8res Boe sur l&#039;individuel court, Johannes devant Tarjei<\/title>\n<meta name=\"description\" content=\"BIATHLON COUPE DU MONDE ANTHOLZ-ANTERSELVA - Johannes Boe s\u2019est brillamment impos\u00e9 avec le 20\/20 sur l&#039;individuel court en Italie.\" \/>\n<meta name=\"robots\" content=\"index, follow, max-snippet:-1, max-image-preview:large, max-video-preview:-1\" \/>\n<link rel=\"canonical\" href=\"https:\/\/dicodusport.fr\/blog\/antholz-anterselva-double-des-freres-boe-sur-lindividuel-court-johannes-devant-tarjei\/\" \/>\n<meta property=\"og:locale\" content=\"fr_FR\" \/>\n<meta property=\"og:type\" content=\"article\" \/>\n<meta property=\"og:title\" content=\"Antholz-Anterselva : Doubl\u00e9 des fr\u00e8res Boe sur l&#039;individuel court, Johannes devant Tarjei\" \/>\n<meta property=\"og:description\" content=\"BIATHLON COUPE DU MONDE ANTHOLZ-ANTERSELVA - Johannes Boe s\u2019est brillamment impos\u00e9 avec le 20\/20 sur l&#039;individuel court en Italie.\" \/>\n<meta property=\"og:url\" content=\"https:\/\/dicodusport.fr\/blog\/antholz-anterselva-double-des-freres-boe-sur-lindividuel-court-johannes-devant-tarjei\/\" \/>\n<meta property=\"og:site_name\" content=\"Dicodusport\" \/>\n<meta property=\"article:publisher\" content=\"https:\/\/www.facebook.com\/dicodusport\" \/>\n<meta property=\"article:published_time\" content=\"2024-01-18T14:41:13+00:00\" \/>\n<meta property=\"article:modified_time\" content=\"2024-01-18T15:53:45+00:00\" \/>\n<meta property=\"og:image\" content=\"https:\/\/dicodusport.fr\/blog\/wp-content\/uploads\/2024\/01\/Antholz-Anterselva-Double-des-freres-Boe-sur-lindividuel-court-Johannes-devant-Tarjei-1.png\" \/>\n\t<meta property=\"og:image:width\" content=\"1200\" \/>\n\t<meta property=\"og:image:height\" content=\"674\" \/>\n\t<meta property=\"og:image:type\" content=\"image\/png\" \/>\n<meta name=\"author\" content=\"Louka Lesueur\" \/>\n<meta name=\"twitter:card\" content=\"summary_large_image\" \/>\n<meta name=\"twitter:title\" content=\"Antholz-Anterselva : Doubl\u00e9 des fr\u00e8res Boe sur l&#039;individuel court, Johannes devant Tarjei\" \/>\n<meta name=\"twitter:creator\" content=\"@https:\/\/twitter.com\/LNewsSF\" \/>\n<meta name=\"twitter:site\" content=\"@dicodusport\" \/>\n<script type=\"application\/ld+json\" class=\"yoast-schema-graph\">{\"@context\":\"https:\/\/schema.org\",\"@graph\":[{\"@type\":\"NewsArticle\",\"@id\":\"https:\/\/dicodusport.fr\/blog\/antholz-anterselva-double-des-freres-boe-sur-lindividuel-court-johannes-devant-tarjei\/#article\",\"isPartOf\":{\"@id\":\"https:\/\/dicodusport.fr\/blog\/antholz-anterselva-double-des-freres-boe-sur-lindividuel-court-johannes-devant-tarjei\/\"},\"author\":{\"name\":\"Louka Lesueur\",\"@id\":\"https:\/\/dicodusport.fr\/blog\/#\/schema\/person\/54b6cdccebdfcd5a1036c594aecffc2a\"},\"headline\":\"Antholz-Anterselva : Doubl\u00e9 des fr\u00e8res Boe sur l&rsquo;individuel court, Johannes devant Tarjei\",\"datePublished\":\"2024-01-18T14:41:13+00:00\",\"dateModified\":\"2024-01-18T15:53:45+00:00\",\"mainEntityOfPage\":{\"@id\":\"https:\/\/dicodusport.fr\/blog\/antholz-anterselva-double-des-freres-boe-sur-lindividuel-court-johannes-devant-tarjei\/\"},\"wordCount\":516,\"commentCount\":0,\"publisher\":{\"@id\":\"https:\/\/dicodusport.fr\/blog\/#organization\"},\"image\":{\"@id\":\"https:\/\/dicodusport.fr\/blog\/antholz-anterselva-double-des-freres-boe-sur-lindividuel-court-johannes-devant-tarjei\/#primaryimage\"},\"thumbnailUrl\":\"https:\/\/dicodusport.fr\/blog\/wp-content\/uploads\/2024\/01\/Antholz-Anterselva-Double-des-freres-Boe-sur-lindividuel-court-Johannes-devant-Tarjei-1.png\",\"keywords\":[\"Antholz\",\"Antholz-Anterselva\",\"Biathlon\",\"br\u00e8ve\",\"Coupe du monde\",\"Coupe du monde de Biathlon\",\"sport\"],\"articleSection\":[\"Coupe du monde de biathlon\"],\"inLanguage\":\"fr-FR\",\"potentialAction\":[{\"@type\":\"CommentAction\",\"name\":\"Comment\",\"target\":[\"https:\/\/dicodusport.fr\/blog\/antholz-anterselva-double-des-freres-boe-sur-lindividuel-court-johannes-devant-tarjei\/#respond\"]}],\"copyrightYear\":\"2024\",\"copyrightHolder\":{\"@id\":\"https:\/\/dicodusport.fr\/blog\/#organization\"}},{\"@type\":\"WebPage\",\"@id\":\"https:\/\/dicodusport.fr\/blog\/antholz-anterselva-double-des-freres-boe-sur-lindividuel-court-johannes-devant-tarjei\/\",\"url\":\"https:\/\/dicodusport.fr\/blog\/antholz-anterselva-double-des-freres-boe-sur-lindividuel-court-johannes-devant-tarjei\/\",\"name\":\"Antholz-Anterselva : Doubl\u00e9 des fr\u00e8res Boe sur l'individuel court, Johannes devant Tarjei\",\"isPartOf\":{\"@id\":\"https:\/\/dicodusport.fr\/blog\/#website\"},\"primaryImageOfPage\":{\"@id\":\"https:\/\/dicodusport.fr\/blog\/antholz-anterselva-double-des-freres-boe-sur-lindividuel-court-johannes-devant-tarjei\/#primaryimage\"},\"image\":{\"@id\":\"https:\/\/dicodusport.fr\/blog\/antholz-anterselva-double-des-freres-boe-sur-lindividuel-court-johannes-devant-tarjei\/#primaryimage\"},\"thumbnailUrl\":\"https:\/\/dicodusport.fr\/blog\/wp-content\/uploads\/2024\/01\/Antholz-Anterselva-Double-des-freres-Boe-sur-lindividuel-court-Johannes-devant-Tarjei-1.png\",\"datePublished\":\"2024-01-18T14:41:13+00:00\",\"dateModified\":\"2024-01-18T15:53:45+00:00\",\"description\":\"BIATHLON COUPE DU MONDE ANTHOLZ-ANTERSELVA - Johannes Boe s\u2019est brillamment impos\u00e9 avec le 20\/20 sur l'individuel court en Italie.\",\"breadcrumb\":{\"@id\":\"https:\/\/dicodusport.fr\/blog\/antholz-anterselva-double-des-freres-boe-sur-lindividuel-court-johannes-devant-tarjei\/#breadcrumb\"},\"inLanguage\":\"fr-FR\",\"potentialAction\":[{\"@type\":\"ReadAction\",\"target\":[\"https:\/\/dicodusport.fr\/blog\/antholz-anterselva-double-des-freres-boe-sur-lindividuel-court-johannes-devant-tarjei\/\"]}]},{\"@type\":\"ImageObject\",\"inLanguage\":\"fr-FR\",\"@id\":\"https:\/\/dicodusport.fr\/blog\/antholz-anterselva-double-des-freres-boe-sur-lindividuel-court-johannes-devant-tarjei\/#primaryimage\",\"url\":\"https:\/\/dicodusport.fr\/blog\/wp-content\/uploads\/2024\/01\/Antholz-Anterselva-Double-des-freres-Boe-sur-lindividuel-court-Johannes-devant-Tarjei-1.png\",\"contentUrl\":\"https:\/\/dicodusport.fr\/blog\/wp-content\/uploads\/2024\/01\/Antholz-Anterselva-Double-des-freres-Boe-sur-lindividuel-court-Johannes-devant-Tarjei-1.png\",\"width\":1200,\"height\":674,\"caption\":\"Antholz-Anterselva Doubl\u00e9 des fr\u00e8res Boe sur l'individuel court, Johannes devant Tarjei (1)\"},{\"@type\":\"BreadcrumbList\",\"@id\":\"https:\/\/dicodusport.fr\/blog\/antholz-anterselva-double-des-freres-boe-sur-lindividuel-court-johannes-devant-tarjei\/#breadcrumb\",\"itemListElement\":[{\"@type\":\"ListItem\",\"position\":1,\"name\":\"Accueil\",\"item\":\"https:\/\/dicodusport.fr\/blog\/\"},{\"@type\":\"ListItem\",\"position\":2,\"name\":\"Antholz-Anterselva : Doubl\u00e9 des fr\u00e8res Boe sur l&rsquo;individuel court, Johannes devant Tarjei\"}]},{\"@type\":\"WebSite\",\"@id\":\"https:\/\/dicodusport.fr\/blog\/#website\",\"url\":\"https:\/\/dicodusport.fr\/blog\/\",\"name\":\"Dicodusport\",\"description\":\"L&#039;encyclop\u00e9die de l&#039;actualit\u00e9 sportive\",\"publisher\":{\"@id\":\"https:\/\/dicodusport.fr\/blog\/#organization\"},\"potentialAction\":[{\"@type\":\"SearchAction\",\"target\":{\"@type\":\"EntryPoint\",\"urlTemplate\":\"https:\/\/dicodusport.fr\/blog\/?s={search_term_string}\"},\"query-input\":{\"@type\":\"PropertyValueSpecification\",\"valueRequired\":true,\"valueName\":\"search_term_string\"}}],\"inLanguage\":\"fr-FR\"},{\"@type\":\"NewsMediaOrganization\",\"@id\":\"https:\/\/dicodusport.fr\/blog\/#organization\",\"name\":\"Dicodusport\",\"url\":\"https:\/\/dicodusport.fr\/blog\/\",\"logo\":{\"@type\":\"ImageObject\",\"inLanguage\":\"fr-FR\",\"@id\":\"https:\/\/dicodusport.fr\/blog\/#\/schema\/logo\/image\/\",\"url\":\"https:\/\/dicodusport.fr\/blog\/wp-content\/uploads\/2020\/06\/cropped-LOGO-DICODUSPORT-2020-SANS-FOND-SANS-TEXTE.png\",\"contentUrl\":\"https:\/\/dicodusport.fr\/blog\/wp-content\/uploads\/2020\/06\/cropped-LOGO-DICODUSPORT-2020-SANS-FOND-SANS-TEXTE.png\",\"width\":512,\"height\":512,\"caption\":\"Dicodusport\"},\"image\":{\"@id\":\"https:\/\/dicodusport.fr\/blog\/#\/schema\/logo\/image\/\"},\"sameAs\":[\"https:\/\/www.facebook.com\/dicodusport\",\"https:\/\/x.com\/dicodusport\",\"https:\/\/www.instagram.com\/dicodusport\/\",\"https:\/\/www.youtube.com\/channel\/UC7V2KZ5sd3htJivAbA4ZG3w\"],\"description\":\"Dicodusport est l'encyclop\u00e9die de l'actualit\u00e9 sportive.\",\"email\":\"bonjour@dicodusport.fr\",\"legalName\":\"DICODUSPORT\",\"foundingDate\":\"2018-01-14\",\"vatID\":\"FR71834470973\",\"taxID\":\"83447097300043\",\"numberOfEmployees\":{\"@type\":\"QuantitativeValue\",\"minValue\":\"1\",\"maxValue\":\"10\"}},{\"@type\":\"Person\",\"@id\":\"https:\/\/dicodusport.fr\/blog\/#\/schema\/person\/54b6cdccebdfcd5a1036c594aecffc2a\",\"name\":\"Louka Lesueur\",\"image\":{\"@type\":\"ImageObject\",\"inLanguage\":\"fr-FR\",\"@id\":\"https:\/\/dicodusport.fr\/blog\/#\/schema\/person\/image\/\",\"url\":\"https:\/\/dicodusport.fr\/blog\/wp-content\/uploads\/2023\/09\/IMG_2783-150x150.jpeg\",\"contentUrl\":\"https:\/\/dicodusport.fr\/blog\/wp-content\/uploads\/2023\/09\/IMG_2783-150x150.jpeg\",\"caption\":\"Louka Lesueur\"},\"description\":\"Passionn\u00e9 depuis tout petit par les exploits de Bolt, Fourcade, Riner, Lavillenie, Wilkinson, Hirscher. Les \u00e9motions provoqu\u00e9es par le sport ont berc\u00e9 mon enfance et continuent de le faire aujourd'hui. C'est ainsi qu'il m'est arriv\u00e9 de pleurer devant la d\u00e9faite des Bleus face aux Blacks en 2011, ou encore devant le titre olympique de Florent Manaudou \u00e0 Londres. Bien loin de ce milieu professionnel, j'ai os\u00e9 tenter ma chance pour rejoindre l'\u00e9quipe de r\u00e9daction de Dicodusport, et depuis septembre 2023, je tente de retransmettre au mieux les exploits des athl\u00e8tes, tous sports confondus. Grand chauvin, c'est bel et bien sur les sportifs tricolores que je pr\u00e9f\u00e8re \u00e9crire.\",\"sameAs\":[\"https:\/\/x.com\/https:\/\/twitter.com\/LNewsSF\"],\"gender\":\"Homme\",\"worksFor\":\"Louka LESUEUR\",\"url\":\"https:\/\/dicodusport.fr\/blog\/author\/louka-lesueur\/\"}]}<\/script>\n<!-- \/ Yoast SEO Premium plugin. -->","yoast_head_json":{"title":"Antholz-Anterselva : Doubl\u00e9 des fr\u00e8res Boe sur l'individuel court, Johannes devant Tarjei","description":"BIATHLON COUPE DU MONDE ANTHOLZ-ANTERSELVA - Johannes Boe s\u2019est brillamment impos\u00e9 avec le 20\/20 sur l'individuel court en Italie.","robots":{"index":"index","follow":"follow","max-snippet":"max-snippet:-1","max-image-preview":"max-image-preview:large","max-video-preview":"max-video-preview:-1"},"canonical":"https:\/\/dicodusport.fr\/blog\/antholz-anterselva-double-des-freres-boe-sur-lindividuel-court-johannes-devant-tarjei\/","og_locale":"fr_FR","og_type":"article","og_title":"Antholz-Anterselva : Doubl\u00e9 des fr\u00e8res Boe sur l'individuel court, Johannes devant Tarjei","og_description":"BIATHLON COUPE DU MONDE ANTHOLZ-ANTERSELVA - Johannes Boe s\u2019est brillamment impos\u00e9 avec le 20\/20 sur l'individuel court en Italie.","og_url":"https:\/\/dicodusport.fr\/blog\/antholz-anterselva-double-des-freres-boe-sur-lindividuel-court-johannes-devant-tarjei\/","og_site_name":"Dicodusport","article_publisher":"https:\/\/www.facebook.com\/dicodusport","article_published_time":"2024-01-18T14:41:13+00:00","article_modified_time":"2024-01-18T15:53:45+00:00","og_image":[{"width":1200,"height":674,"url":"https:\/\/dicodusport.fr\/blog\/wp-content\/uploads\/2024\/01\/Antholz-Anterselva-Double-des-freres-Boe-sur-lindividuel-court-Johannes-devant-Tarjei-1.png","type":"image\/png"}],"author":"Louka Lesueur","twitter_card":"summary_large_image","twitter_title":"Antholz-Anterselva : Doubl\u00e9 des fr\u00e8res Boe sur l'individuel court, Johannes devant Tarjei","twitter_creator":"@https:\/\/twitter.com\/LNewsSF","twitter_site":"@dicodusport","schema":{"@context":"https:\/\/schema.org","@graph":[{"@type":"NewsArticle","@id":"https:\/\/dicodusport.fr\/blog\/antholz-anterselva-double-des-freres-boe-sur-lindividuel-court-johannes-devant-tarjei\/#article","isPartOf":{"@id":"https:\/\/dicodusport.fr\/blog\/antholz-anterselva-double-des-freres-boe-sur-lindividuel-court-johannes-devant-tarjei\/"},"author":{"name":"Louka Lesueur","@id":"https:\/\/dicodusport.fr\/blog\/#\/schema\/person\/54b6cdccebdfcd5a1036c594aecffc2a"},"headline":"Antholz-Anterselva : Doubl\u00e9 des fr\u00e8res Boe sur l&rsquo;individuel court, Johannes devant Tarjei","datePublished":"2024-01-18T14:41:13+00:00","dateModified":"2024-01-18T15:53:45+00:00","mainEntityOfPage":{"@id":"https:\/\/dicodusport.fr\/blog\/antholz-anterselva-double-des-freres-boe-sur-lindividuel-court-johannes-devant-tarjei\/"},"wordCount":516,"commentCount":0,"publisher":{"@id":"https:\/\/dicodusport.fr\/blog\/#organization"},"image":{"@id":"https:\/\/dicodusport.fr\/blog\/antholz-anterselva-double-des-freres-boe-sur-lindividuel-court-johannes-devant-tarjei\/#primaryimage"},"thumbnailUrl":"https:\/\/dicodusport.fr\/blog\/wp-content\/uploads\/2024\/01\/Antholz-Anterselva-Double-des-freres-Boe-sur-lindividuel-court-Johannes-devant-Tarjei-1.png","keywords":["Antholz","Antholz-Anterselva","Biathlon","br\u00e8ve","Coupe du monde","Coupe du monde de Biathlon","sport"],"articleSection":["Coupe du monde de biathlon"],"inLanguage":"fr-FR","potentialAction":[{"@type":"CommentAction","name":"Comment","target":["https:\/\/dicodusport.fr\/blog\/antholz-anterselva-double-des-freres-boe-sur-lindividuel-court-johannes-devant-tarjei\/#respond"]}],"copyrightYear":"2024","copyrightHolder":{"@id":"https:\/\/dicodusport.fr\/blog\/#organization"}},{"@type":"WebPage","@id":"https:\/\/dicodusport.fr\/blog\/antholz-anterselva-double-des-freres-boe-sur-lindividuel-court-johannes-devant-tarjei\/","url":"https:\/\/dicodusport.fr\/blog\/antholz-anterselva-double-des-freres-boe-sur-lindividuel-court-johannes-devant-tarjei\/","name":"Antholz-Anterselva : Doubl\u00e9 des fr\u00e8res Boe sur l'individuel court, Johannes devant Tarjei","isPartOf":{"@id":"https:\/\/dicodusport.fr\/blog\/#website"},"primaryImageOfPage":{"@id":"https:\/\/dicodusport.fr\/blog\/antholz-anterselva-double-des-freres-boe-sur-lindividuel-court-johannes-devant-tarjei\/#primaryimage"},"image":{"@id":"https:\/\/dicodusport.fr\/blog\/antholz-anterselva-double-des-freres-boe-sur-lindividuel-court-johannes-devant-tarjei\/#primaryimage"},"thumbnailUrl":"https:\/\/dicodusport.fr\/blog\/wp-content\/uploads\/2024\/01\/Antholz-Anterselva-Double-des-freres-Boe-sur-lindividuel-court-Johannes-devant-Tarjei-1.png","datePublished":"2024-01-18T14:41:13+00:00","dateModified":"2024-01-18T15:53:45+00:00","description":"BIATHLON COUPE DU MONDE ANTHOLZ-ANTERSELVA - Johannes Boe s\u2019est brillamment impos\u00e9 avec le 20\/20 sur l'individuel court en Italie.","breadcrumb":{"@id":"https:\/\/dicodusport.fr\/blog\/antholz-anterselva-double-des-freres-boe-sur-lindividuel-court-johannes-devant-tarjei\/#breadcrumb"},"inLanguage":"fr-FR","potentialAction":[{"@type":"ReadAction","target":["https:\/\/dicodusport.fr\/blog\/antholz-anterselva-double-des-freres-boe-sur-lindividuel-court-johannes-devant-tarjei\/"]}]},{"@type":"ImageObject","inLanguage":"fr-FR","@id":"https:\/\/dicodusport.fr\/blog\/antholz-anterselva-double-des-freres-boe-sur-lindividuel-court-johannes-devant-tarjei\/#primaryimage","url":"https:\/\/dicodusport.fr\/blog\/wp-content\/uploads\/2024\/01\/Antholz-Anterselva-Double-des-freres-Boe-sur-lindividuel-court-Johannes-devant-Tarjei-1.png","contentUrl":"https:\/\/dicodusport.fr\/blog\/wp-content\/uploads\/2024\/01\/Antholz-Anterselva-Double-des-freres-Boe-sur-lindividuel-court-Johannes-devant-Tarjei-1.png","width":1200,"height":674,"caption":"Antholz-Anterselva Doubl\u00e9 des fr\u00e8res Boe sur l'individuel court, Johannes devant Tarjei (1)"},{"@type":"BreadcrumbList","@id":"https:\/\/dicodusport.fr\/blog\/antholz-anterselva-double-des-freres-boe-sur-lindividuel-court-johannes-devant-tarjei\/#breadcrumb","itemListElement":[{"@type":"ListItem","position":1,"name":"Accueil","item":"https:\/\/dicodusport.fr\/blog\/"},{"@type":"ListItem","position":2,"name":"Antholz-Anterselva : Doubl\u00e9 des fr\u00e8res Boe sur l&rsquo;individuel court, Johannes devant Tarjei"}]},{"@type":"WebSite","@id":"https:\/\/dicodusport.fr\/blog\/#website","url":"https:\/\/dicodusport.fr\/blog\/","name":"Dicodusport","description":"L&#039;encyclop\u00e9die de l&#039;actualit\u00e9 sportive","publisher":{"@id":"https:\/\/dicodusport.fr\/blog\/#organization"},"potentialAction":[{"@type":"SearchAction","target":{"@type":"EntryPoint","urlTemplate":"https:\/\/dicodusport.fr\/blog\/?s={search_term_string}"},"query-input":{"@type":"PropertyValueSpecification","valueRequired":true,"valueName":"search_term_string"}}],"inLanguage":"fr-FR"},{"@type":"NewsMediaOrganization","@id":"https:\/\/dicodusport.fr\/blog\/#organization","name":"Dicodusport","url":"https:\/\/dicodusport.fr\/blog\/","logo":{"@type":"ImageObject","inLanguage":"fr-FR","@id":"https:\/\/dicodusport.fr\/blog\/#\/schema\/logo\/image\/","url":"https:\/\/dicodusport.fr\/blog\/wp-content\/uploads\/2020\/06\/cropped-LOGO-DICODUSPORT-2020-SANS-FOND-SANS-TEXTE.png","contentUrl":"https:\/\/dicodusport.fr\/blog\/wp-content\/uploads\/2020\/06\/cropped-LOGO-DICODUSPORT-2020-SANS-FOND-SANS-TEXTE.png","width":512,"height":512,"caption":"Dicodusport"},"image":{"@id":"https:\/\/dicodusport.fr\/blog\/#\/schema\/logo\/image\/"},"sameAs":["https:\/\/www.facebook.com\/dicodusport","https:\/\/x.com\/dicodusport","https:\/\/www.instagram.com\/dicodusport\/","https:\/\/www.youtube.com\/channel\/UC7V2KZ5sd3htJivAbA4ZG3w"],"description":"Dicodusport est l'encyclop\u00e9die de l'actualit\u00e9 sportive.","email":"bonjour@dicodusport.fr","legalName":"DICODUSPORT","foundingDate":"2018-01-14","vatID":"FR71834470973","taxID":"83447097300043","numberOfEmployees":{"@type":"QuantitativeValue","minValue":"1","maxValue":"10"}},{"@type":"Person","@id":"https:\/\/dicodusport.fr\/blog\/#\/schema\/person\/54b6cdccebdfcd5a1036c594aecffc2a","name":"Louka Lesueur","image":{"@type":"ImageObject","inLanguage":"fr-FR","@id":"https:\/\/dicodusport.fr\/blog\/#\/schema\/person\/image\/","url":"https:\/\/dicodusport.fr\/blog\/wp-content\/uploads\/2023\/09\/IMG_2783-150x150.jpeg","contentUrl":"https:\/\/dicodusport.fr\/blog\/wp-content\/uploads\/2023\/09\/IMG_2783-150x150.jpeg","caption":"Louka Lesueur"},"description":"Passionn\u00e9 depuis tout petit par les exploits de Bolt, Fourcade, Riner, Lavillenie, Wilkinson, Hirscher. Les \u00e9motions provoqu\u00e9es par le sport ont berc\u00e9 mon enfance et continuent de le faire aujourd'hui. C'est ainsi qu'il m'est arriv\u00e9 de pleurer devant la d\u00e9faite des Bleus face aux Blacks en 2011, ou encore devant le titre olympique de Florent Manaudou \u00e0 Londres. Bien loin de ce milieu professionnel, j'ai os\u00e9 tenter ma chance pour rejoindre l'\u00e9quipe de r\u00e9daction de Dicodusport, et depuis septembre 2023, je tente de retransmettre au mieux les exploits des athl\u00e8tes, tous sports confondus. Grand chauvin, c'est bel et bien sur les sportifs tricolores que je pr\u00e9f\u00e8re \u00e9crire.","sameAs":["https:\/\/x.com\/https:\/\/twitter.com\/LNewsSF"],"gender":"Homme","worksFor":"Louka LESUEUR","url":"https:\/\/dicodusport.fr\/blog\/author\/louka-lesueur\/"}]}},"_links":{"self":[{"href":"https:\/\/dicodusport.fr\/blog\/wp-json\/wp\/v2\/posts\/453926","targetHints":{"allow":["GET"]}}],"collection":[{"href":"https:\/\/dicodusport.fr\/blog\/wp-json\/wp\/v2\/posts"}],"about":[{"href":"https:\/\/dicodusport.fr\/blog\/wp-json\/wp\/v2\/types\/post"}],"author":[{"embeddable":true,"href":"https:\/\/dicodusport.fr\/blog\/wp-json\/wp\/v2\/users\/89"}],"replies":[{"embeddable":true,"href":"https:\/\/dicodusport.fr\/blog\/wp-json\/wp\/v2\/comments?post=453926"}],"version-history":[{"count":5,"href":"https:\/\/dicodusport.fr\/blog\/wp-json\/wp\/v2\/posts\/453926\/revisions"}],"predecessor-version":[{"id":454019,"href":"https:\/\/dicodusport.fr\/blog\/wp-json\/wp\/v2\/posts\/453926\/revisions\/454019"}],"wp:featuredmedia":[{"embeddable":true,"href":"https:\/\/dicodusport.fr\/blog\/wp-json\/wp\/v2\/media\/454021"}],"wp:attachment":[{"href":"https:\/\/dicodusport.fr\/blog\/wp-json\/wp\/v2\/media?parent=453926"}],"wp:term":[{"taxonomy":"category","embeddable":true,"href":"https:\/\/dicodusport.fr\/blog\/wp-json\/wp\/v2\/categories?post=453926"},{"taxonomy":"post_tag","embeddable":true,"href":"https:\/\/dicodusport.fr\/blog\/wp-json\/wp\/v2\/tags?post=453926"}],"curies":[{"name":"wp","href":"https:\/\/api.w.org\/{rel}","templated":true}]}}