{"id":454013,"date":"2024-01-18T17:14:03","date_gmt":"2024-01-18T16:14:03","guid":{"rendered":"https:\/\/dicodusport.fr\/blog\/?p=454013&#038;preview=true&#038;preview_id=454013"},"modified":"2024-03-08T09:32:21","modified_gmt":"2024-03-08T08:32:21","slug":"pfl-paris-2-cedric-doumbe-affrontera-baki-le-7-mars","status":"publish","type":"post","link":"https:\/\/dicodusport.fr\/blog\/pfl-paris-2-cedric-doumbe-affrontera-baki-le-7-mars\/","title":{"rendered":"PFL Paris 2 : C\u00e9dric Doumb\u00e9 affrontera Baki le 7 mars"},"content":{"rendered":"<p style=\"text-align: justify;\"><strong><em>MMA &#8211; Le PFL vient d&rsquo;officialiser son second \u00e9v\u00e9nement \u00e0 Paris, \u00e0 l&rsquo;Accor Arena de Bercy. C\u00e9dric \u00ab\u00a0The Best\u00a0\u00bb Doumb\u00e9 et Baysangur \u00ab\u00a0Baki\u00a0\u00bb Chamsoudinov se retrouveront le 7 mars en main event.<\/em><\/strong><\/p>\n<h2 style=\"text-align: justify;\">Doumb\u00e9 vs Baki au PFL Paris 2<\/h2>\n<p style=\"text-align: justify;\">Apr\u00e8s le succ\u00e8s incroyable du premier <a href=\"https:\/\/dicodusport.fr\/blog\/pfl-paris-les-resultats-en-direct\/\">PFL Paris<\/a>, dont <a href=\"https:\/\/dicodusport.fr\/blog\/pfl-paris-cedric-doumbe-simpose-en-dix-secondes-contre-jordan-zebo\/\">le combat principal opposait <strong>C\u00e9dric Doumb\u00e9<\/strong> \u00e0 <strong>Jordan Zebo<\/strong><\/a>, l&rsquo;organisation am\u00e9ricaine a d\u00e9cid\u00e9 de remettre \u00e7a en mars prochain. Toujours avec l&rsquo;ancien champion du monde du <em>Glory<\/em> en t\u00eate d&rsquo;affiche. L&rsquo;annonce a \u00e9t\u00e9 faite sur X, avec une vid\u00e9o sur laquelle on peut entendre le rire du combattant aux plus de 900 000 abonn\u00e9s, sur un fond affichant la date du \u00ab\u00a007.03.24\u00a0\u00bb.<\/p>\n<blockquote class=\"twitter-tweet\">\n<p dir=\"ltr\" lang=\"eu\">\ud83d\udc40\ud83c\uddeb\ud83c\uddf7 \ud835\udfec\ud835\udff3.\ud835\udfec\ud835\udfef.\ud835\udfee\ud835\udfec\ud835\udfee\ud835\udff0<a href=\"https:\/\/twitter.com\/hashtag\/PFLParis?src=hash&amp;ref_src=twsrc%5Etfw\">#PFLParis<\/a> | LIVE on DAZN <a href=\"https:\/\/t.co\/Mt4yrZ4cQn\">pic.twitter.com\/Mt4yrZ4cQn<\/a><\/p>\n<p>\u2014 PFL Europe (@PFLEurope) <a href=\"https:\/\/twitter.com\/PFLEurope\/status\/1748005328992539128?ref_src=twsrc%5Etfw\">January 18, 2024<\/a><\/p><\/blockquote>\n<p><script async src=\"https:\/\/platform.twitter.com\/widgets.js\" charset=\"utf-8\"><\/script><\/p>\n<p style=\"text-align: justify;\">Face \u00e0 <strong>C\u00e9dric Doumb\u00e9<\/strong>, il y aura celui qui est surnomm\u00e9 <em>Baki<\/em>, en r\u00e9f\u00e9rence au manga de <strong>Keisuke Itagaki<\/strong>. Cela faisait des mois que les deux hommes s\u2019envoyaient des piques sur les r\u00e9seaux sociaux. Ils pourront enfin se d\u00e9partager dans la cage. Et pas n&rsquo;importe o\u00f9, puisque le combat aura lieu \u00e0 l&rsquo;Accor Arena de Bercy, la salle mythique o\u00f9 se sont d\u00e9j\u00e0 d\u00e9roul\u00e9s les deux \u00e9v\u00e9nements de l&rsquo;UFC Paris. Lors du premier PFL Paris, la salle choisie avait \u00e9t\u00e9 le Z\u00e9nith de Paris, et la billetterie avait \u00e9t\u00e9 sold-out en quelques heures seulement. Les places pour l\u2019\u00e9v\u00e9nement du 7 mars devraient \u00eatre propos\u00e9es \u00e0 partir de 17h, ce jeudi.<\/p>\n","protected":false},"excerpt":{"rendered":"<p>MMA &#8211; Le PFL vient d&rsquo;officialiser son second \u00e9v\u00e9nement \u00e0 Paris, \u00e0 l&rsquo;Accor Arena de Bercy. C\u00e9dric \u00ab\u00a0The Best\u00a0\u00bb Doumb\u00e9 et Baysangur \u00ab\u00a0Baki\u00a0\u00bb Chamsoudinov se retrouveront le 7 mars en main event.<\/p>\n","protected":false},"author":86,"featured_media":454038,"comment_status":"open","ping_status":"closed","sticky":false,"template":"","format":"standard","meta":{"_acf_changed":false,"_daextam_enable_autolinks":"1","footnotes":""},"categories":[10666],"tags":[35771,16878,30075,1222,31441,32634],"class_list":["post-454013","post","type-post","status-publish","format-standard","has-post-thumbnail","hentry","category-mma","tag-baki","tag-breve","tag-cedric-doumbe","tag-mma","tag-pfl","tag-pfl-paris"],"acf":[],"yoast_head":"<!-- This site is optimized with the Yoast SEO Premium plugin v26.7 (Yoast SEO v26.7) - https:\/\/yoast.com\/wordpress\/plugins\/seo\/ -->\n<title>PFL Paris 2 : C\u00e9dric Doumb\u00e9 affrontera Baki le 7 mars<\/title>\n<meta name=\"description\" content=\"C\u00e9dric Doumb\u00e9 affrontera Baki en main event du PFL Paris 2, qui se d\u00e9roulera le 7 mars 2024 \u00e0 l&#039;Accor Arena de Bercy.\" \/>\n<meta name=\"robots\" content=\"index, follow, max-snippet:-1, max-image-preview:large, max-video-preview:-1\" \/>\n<link rel=\"canonical\" href=\"https:\/\/dicodusport.fr\/blog\/pfl-paris-2-cedric-doumbe-affrontera-baki-le-7-mars\/\" \/>\n<meta property=\"og:locale\" content=\"fr_FR\" \/>\n<meta property=\"og:type\" content=\"article\" \/>\n<meta property=\"og:title\" content=\"PFL Paris 2 : C\u00e9dric Doumb\u00e9 affrontera Baki le 7 mars\" \/>\n<meta property=\"og:description\" content=\"C\u00e9dric Doumb\u00e9 affrontera Baki en main event du PFL Paris 2, qui se d\u00e9roulera le 7 mars 2024 \u00e0 l&#039;Accor Arena de Bercy.\" \/>\n<meta property=\"og:url\" content=\"https:\/\/dicodusport.fr\/blog\/pfl-paris-2-cedric-doumbe-affrontera-baki-le-7-mars\/\" \/>\n<meta property=\"og:site_name\" content=\"Dicodusport\" \/>\n<meta property=\"article:publisher\" content=\"https:\/\/www.facebook.com\/dicodusport\" \/>\n<meta property=\"article:published_time\" content=\"2024-01-18T16:14:03+00:00\" \/>\n<meta property=\"article:modified_time\" content=\"2024-03-08T08:32:21+00:00\" \/>\n<meta property=\"og:image\" content=\"https:\/\/dicodusport.fr\/blog\/wp-content\/uploads\/2024\/01\/PFL-Paris-2-Cedric-Doumbe-affrontera-Baki-le-7-mars.png\" \/>\n\t<meta property=\"og:image:width\" content=\"1200\" \/>\n\t<meta property=\"og:image:height\" content=\"674\" \/>\n\t<meta property=\"og:image:type\" content=\"image\/png\" \/>\n<meta name=\"author\" content=\"Nicolas Parant\" \/>\n<meta name=\"twitter:card\" content=\"summary_large_image\" \/>\n<meta name=\"twitter:title\" content=\"PFL Paris 2 : C\u00e9dric Doumb\u00e9 affrontera Baki le 7 mars\" \/>\n<meta name=\"twitter:creator\" content=\"@dicodusport\" \/>\n<meta name=\"twitter:site\" content=\"@dicodusport\" \/>\n<script type=\"application\/ld+json\" class=\"yoast-schema-graph\">{\"@context\":\"https:\/\/schema.org\",\"@graph\":[{\"@type\":\"NewsArticle\",\"@id\":\"https:\/\/dicodusport.fr\/blog\/pfl-paris-2-cedric-doumbe-affrontera-baki-le-7-mars\/#article\",\"isPartOf\":{\"@id\":\"https:\/\/dicodusport.fr\/blog\/pfl-paris-2-cedric-doumbe-affrontera-baki-le-7-mars\/\"},\"author\":{\"name\":\"Nicolas Parant\",\"@id\":\"https:\/\/dicodusport.fr\/blog\/#\/schema\/person\/816f1c1bae6e11b6ef5b39687639be63\"},\"headline\":\"PFL Paris 2 : C\u00e9dric Doumb\u00e9 affrontera Baki le 7 mars\",\"datePublished\":\"2024-01-18T16:14:03+00:00\",\"dateModified\":\"2024-03-08T08:32:21+00:00\",\"mainEntityOfPage\":{\"@id\":\"https:\/\/dicodusport.fr\/blog\/pfl-paris-2-cedric-doumbe-affrontera-baki-le-7-mars\/\"},\"wordCount\":264,\"commentCount\":0,\"publisher\":{\"@id\":\"https:\/\/dicodusport.fr\/blog\/#organization\"},\"image\":{\"@id\":\"https:\/\/dicodusport.fr\/blog\/pfl-paris-2-cedric-doumbe-affrontera-baki-le-7-mars\/#primaryimage\"},\"thumbnailUrl\":\"https:\/\/dicodusport.fr\/blog\/wp-content\/uploads\/2024\/01\/PFL-Paris-2-Cedric-Doumbe-affrontera-Baki-le-7-mars.png\",\"keywords\":[\"Baki\",\"br\u00e8ve\",\"C\u00e9dric Doumb\u00e9\",\"MMA\",\"PFL\",\"PFL Paris\"],\"articleSection\":[\"MMA\"],\"inLanguage\":\"fr-FR\",\"potentialAction\":[{\"@type\":\"CommentAction\",\"name\":\"Comment\",\"target\":[\"https:\/\/dicodusport.fr\/blog\/pfl-paris-2-cedric-doumbe-affrontera-baki-le-7-mars\/#respond\"]}],\"copyrightYear\":\"2024\",\"copyrightHolder\":{\"@id\":\"https:\/\/dicodusport.fr\/blog\/#organization\"}},{\"@type\":\"WebPage\",\"@id\":\"https:\/\/dicodusport.fr\/blog\/pfl-paris-2-cedric-doumbe-affrontera-baki-le-7-mars\/\",\"url\":\"https:\/\/dicodusport.fr\/blog\/pfl-paris-2-cedric-doumbe-affrontera-baki-le-7-mars\/\",\"name\":\"PFL Paris 2 : C\u00e9dric Doumb\u00e9 affrontera Baki le 7 mars\",\"isPartOf\":{\"@id\":\"https:\/\/dicodusport.fr\/blog\/#website\"},\"primaryImageOfPage\":{\"@id\":\"https:\/\/dicodusport.fr\/blog\/pfl-paris-2-cedric-doumbe-affrontera-baki-le-7-mars\/#primaryimage\"},\"image\":{\"@id\":\"https:\/\/dicodusport.fr\/blog\/pfl-paris-2-cedric-doumbe-affrontera-baki-le-7-mars\/#primaryimage\"},\"thumbnailUrl\":\"https:\/\/dicodusport.fr\/blog\/wp-content\/uploads\/2024\/01\/PFL-Paris-2-Cedric-Doumbe-affrontera-Baki-le-7-mars.png\",\"datePublished\":\"2024-01-18T16:14:03+00:00\",\"dateModified\":\"2024-03-08T08:32:21+00:00\",\"description\":\"C\u00e9dric Doumb\u00e9 affrontera Baki en main event du PFL Paris 2, qui se d\u00e9roulera le 7 mars 2024 \u00e0 l'Accor Arena de Bercy.\",\"breadcrumb\":{\"@id\":\"https:\/\/dicodusport.fr\/blog\/pfl-paris-2-cedric-doumbe-affrontera-baki-le-7-mars\/#breadcrumb\"},\"inLanguage\":\"fr-FR\",\"potentialAction\":[{\"@type\":\"ReadAction\",\"target\":[\"https:\/\/dicodusport.fr\/blog\/pfl-paris-2-cedric-doumbe-affrontera-baki-le-7-mars\/\"]}]},{\"@type\":\"ImageObject\",\"inLanguage\":\"fr-FR\",\"@id\":\"https:\/\/dicodusport.fr\/blog\/pfl-paris-2-cedric-doumbe-affrontera-baki-le-7-mars\/#primaryimage\",\"url\":\"https:\/\/dicodusport.fr\/blog\/wp-content\/uploads\/2024\/01\/PFL-Paris-2-Cedric-Doumbe-affrontera-Baki-le-7-mars.png\",\"contentUrl\":\"https:\/\/dicodusport.fr\/blog\/wp-content\/uploads\/2024\/01\/PFL-Paris-2-Cedric-Doumbe-affrontera-Baki-le-7-mars.png\",\"width\":1200,\"height\":674,\"caption\":\"PFL Paris 2 C\u00e9dric Doumb\u00e9 affrontera Baki le 7 mars\"},{\"@type\":\"BreadcrumbList\",\"@id\":\"https:\/\/dicodusport.fr\/blog\/pfl-paris-2-cedric-doumbe-affrontera-baki-le-7-mars\/#breadcrumb\",\"itemListElement\":[{\"@type\":\"ListItem\",\"position\":1,\"name\":\"Accueil\",\"item\":\"https:\/\/dicodusport.fr\/blog\/\"},{\"@type\":\"ListItem\",\"position\":2,\"name\":\"PFL Paris 2 : C\u00e9dric Doumb\u00e9 affrontera Baki le 7 mars\"}]},{\"@type\":\"WebSite\",\"@id\":\"https:\/\/dicodusport.fr\/blog\/#website\",\"url\":\"https:\/\/dicodusport.fr\/blog\/\",\"name\":\"Dicodusport\",\"description\":\"L&#039;encyclop\u00e9die de l&#039;actualit\u00e9 sportive\",\"publisher\":{\"@id\":\"https:\/\/dicodusport.fr\/blog\/#organization\"},\"potentialAction\":[{\"@type\":\"SearchAction\",\"target\":{\"@type\":\"EntryPoint\",\"urlTemplate\":\"https:\/\/dicodusport.fr\/blog\/?s={search_term_string}\"},\"query-input\":{\"@type\":\"PropertyValueSpecification\",\"valueRequired\":true,\"valueName\":\"search_term_string\"}}],\"inLanguage\":\"fr-FR\"},{\"@type\":\"NewsMediaOrganization\",\"@id\":\"https:\/\/dicodusport.fr\/blog\/#organization\",\"name\":\"Dicodusport\",\"url\":\"https:\/\/dicodusport.fr\/blog\/\",\"logo\":{\"@type\":\"ImageObject\",\"inLanguage\":\"fr-FR\",\"@id\":\"https:\/\/dicodusport.fr\/blog\/#\/schema\/logo\/image\/\",\"url\":\"https:\/\/dicodusport.fr\/blog\/wp-content\/uploads\/2020\/06\/cropped-LOGO-DICODUSPORT-2020-SANS-FOND-SANS-TEXTE.png\",\"contentUrl\":\"https:\/\/dicodusport.fr\/blog\/wp-content\/uploads\/2020\/06\/cropped-LOGO-DICODUSPORT-2020-SANS-FOND-SANS-TEXTE.png\",\"width\":512,\"height\":512,\"caption\":\"Dicodusport\"},\"image\":{\"@id\":\"https:\/\/dicodusport.fr\/blog\/#\/schema\/logo\/image\/\"},\"sameAs\":[\"https:\/\/www.facebook.com\/dicodusport\",\"https:\/\/x.com\/dicodusport\",\"https:\/\/www.instagram.com\/dicodusport\/\",\"https:\/\/www.youtube.com\/channel\/UC7V2KZ5sd3htJivAbA4ZG3w\"],\"description\":\"Dicodusport est l'encyclop\u00e9die de l'actualit\u00e9 sportive.\",\"email\":\"bonjour@dicodusport.fr\",\"legalName\":\"DICODUSPORT\",\"foundingDate\":\"2018-01-14\",\"vatID\":\"FR71834470973\",\"taxID\":\"83447097300043\",\"numberOfEmployees\":{\"@type\":\"QuantitativeValue\",\"minValue\":\"1\",\"maxValue\":\"10\"}},{\"@type\":\"Person\",\"@id\":\"https:\/\/dicodusport.fr\/blog\/#\/schema\/person\/816f1c1bae6e11b6ef5b39687639be63\",\"name\":\"Nicolas Parant\",\"image\":{\"@type\":\"ImageObject\",\"inLanguage\":\"fr-FR\",\"@id\":\"https:\/\/dicodusport.fr\/blog\/#\/schema\/person\/image\/\",\"url\":\"https:\/\/dicodusport.fr\/blog\/wp-content\/uploads\/2023\/04\/1B6E3319-7CA3-49A2-A3FB-D53C46115743-150x150.jpeg\",\"contentUrl\":\"https:\/\/dicodusport.fr\/blog\/wp-content\/uploads\/2023\/04\/1B6E3319-7CA3-49A2-A3FB-D53C46115743-150x150.jpeg\",\"caption\":\"Nicolas Parant\"},\"description\":\"Passionn\u00e9 de sport et d\u2019\u00e9criture, r\u00e9diger des articles a \u00e9t\u00e9 une v\u00e9ritable r\u00e9v\u00e9lation quand j\u2019ai pris la plume num\u00e9rique pour la premi\u00e8re fois en 2021. Admiratif des exploits de Nadal \u00e0 Roland Garros et du charisme de Zlatan Ibrahimovi\u0107 \u00e0 son arriv\u00e9e dans la capitale, je m\u2019efforce de transmettre au mieux les \u00e9motions des athl\u00e8tes de la nouvelle g\u00e9n\u00e9ration. \u00c0 Dicodusport depuis 2023, je commente principalement les batailles qui se d\u00e9roulent dans l\u2019octogone de l\u2019UFC ou sur les pelouses de football et de rugby.\",\"url\":\"https:\/\/dicodusport.fr\/blog\/author\/nicolas-parant\/\"}]}<\/script>\n<!-- \/ Yoast SEO Premium plugin. -->","yoast_head_json":{"title":"PFL Paris 2 : C\u00e9dric Doumb\u00e9 affrontera Baki le 7 mars","description":"C\u00e9dric Doumb\u00e9 affrontera Baki en main event du PFL Paris 2, qui se d\u00e9roulera le 7 mars 2024 \u00e0 l'Accor Arena de Bercy.","robots":{"index":"index","follow":"follow","max-snippet":"max-snippet:-1","max-image-preview":"max-image-preview:large","max-video-preview":"max-video-preview:-1"},"canonical":"https:\/\/dicodusport.fr\/blog\/pfl-paris-2-cedric-doumbe-affrontera-baki-le-7-mars\/","og_locale":"fr_FR","og_type":"article","og_title":"PFL Paris 2 : C\u00e9dric Doumb\u00e9 affrontera Baki le 7 mars","og_description":"C\u00e9dric Doumb\u00e9 affrontera Baki en main event du PFL Paris 2, qui se d\u00e9roulera le 7 mars 2024 \u00e0 l'Accor Arena de Bercy.","og_url":"https:\/\/dicodusport.fr\/blog\/pfl-paris-2-cedric-doumbe-affrontera-baki-le-7-mars\/","og_site_name":"Dicodusport","article_publisher":"https:\/\/www.facebook.com\/dicodusport","article_published_time":"2024-01-18T16:14:03+00:00","article_modified_time":"2024-03-08T08:32:21+00:00","og_image":[{"width":1200,"height":674,"url":"https:\/\/dicodusport.fr\/blog\/wp-content\/uploads\/2024\/01\/PFL-Paris-2-Cedric-Doumbe-affrontera-Baki-le-7-mars.png","type":"image\/png"}],"author":"Nicolas Parant","twitter_card":"summary_large_image","twitter_title":"PFL Paris 2 : C\u00e9dric Doumb\u00e9 affrontera Baki le 7 mars","twitter_creator":"@dicodusport","twitter_site":"@dicodusport","schema":{"@context":"https:\/\/schema.org","@graph":[{"@type":"NewsArticle","@id":"https:\/\/dicodusport.fr\/blog\/pfl-paris-2-cedric-doumbe-affrontera-baki-le-7-mars\/#article","isPartOf":{"@id":"https:\/\/dicodusport.fr\/blog\/pfl-paris-2-cedric-doumbe-affrontera-baki-le-7-mars\/"},"author":{"name":"Nicolas Parant","@id":"https:\/\/dicodusport.fr\/blog\/#\/schema\/person\/816f1c1bae6e11b6ef5b39687639be63"},"headline":"PFL Paris 2 : C\u00e9dric Doumb\u00e9 affrontera Baki le 7 mars","datePublished":"2024-01-18T16:14:03+00:00","dateModified":"2024-03-08T08:32:21+00:00","mainEntityOfPage":{"@id":"https:\/\/dicodusport.fr\/blog\/pfl-paris-2-cedric-doumbe-affrontera-baki-le-7-mars\/"},"wordCount":264,"commentCount":0,"publisher":{"@id":"https:\/\/dicodusport.fr\/blog\/#organization"},"image":{"@id":"https:\/\/dicodusport.fr\/blog\/pfl-paris-2-cedric-doumbe-affrontera-baki-le-7-mars\/#primaryimage"},"thumbnailUrl":"https:\/\/dicodusport.fr\/blog\/wp-content\/uploads\/2024\/01\/PFL-Paris-2-Cedric-Doumbe-affrontera-Baki-le-7-mars.png","keywords":["Baki","br\u00e8ve","C\u00e9dric Doumb\u00e9","MMA","PFL","PFL Paris"],"articleSection":["MMA"],"inLanguage":"fr-FR","potentialAction":[{"@type":"CommentAction","name":"Comment","target":["https:\/\/dicodusport.fr\/blog\/pfl-paris-2-cedric-doumbe-affrontera-baki-le-7-mars\/#respond"]}],"copyrightYear":"2024","copyrightHolder":{"@id":"https:\/\/dicodusport.fr\/blog\/#organization"}},{"@type":"WebPage","@id":"https:\/\/dicodusport.fr\/blog\/pfl-paris-2-cedric-doumbe-affrontera-baki-le-7-mars\/","url":"https:\/\/dicodusport.fr\/blog\/pfl-paris-2-cedric-doumbe-affrontera-baki-le-7-mars\/","name":"PFL Paris 2 : C\u00e9dric Doumb\u00e9 affrontera Baki le 7 mars","isPartOf":{"@id":"https:\/\/dicodusport.fr\/blog\/#website"},"primaryImageOfPage":{"@id":"https:\/\/dicodusport.fr\/blog\/pfl-paris-2-cedric-doumbe-affrontera-baki-le-7-mars\/#primaryimage"},"image":{"@id":"https:\/\/dicodusport.fr\/blog\/pfl-paris-2-cedric-doumbe-affrontera-baki-le-7-mars\/#primaryimage"},"thumbnailUrl":"https:\/\/dicodusport.fr\/blog\/wp-content\/uploads\/2024\/01\/PFL-Paris-2-Cedric-Doumbe-affrontera-Baki-le-7-mars.png","datePublished":"2024-01-18T16:14:03+00:00","dateModified":"2024-03-08T08:32:21+00:00","description":"C\u00e9dric Doumb\u00e9 affrontera Baki en main event du PFL Paris 2, qui se d\u00e9roulera le 7 mars 2024 \u00e0 l'Accor Arena de Bercy.","breadcrumb":{"@id":"https:\/\/dicodusport.fr\/blog\/pfl-paris-2-cedric-doumbe-affrontera-baki-le-7-mars\/#breadcrumb"},"inLanguage":"fr-FR","potentialAction":[{"@type":"ReadAction","target":["https:\/\/dicodusport.fr\/blog\/pfl-paris-2-cedric-doumbe-affrontera-baki-le-7-mars\/"]}]},{"@type":"ImageObject","inLanguage":"fr-FR","@id":"https:\/\/dicodusport.fr\/blog\/pfl-paris-2-cedric-doumbe-affrontera-baki-le-7-mars\/#primaryimage","url":"https:\/\/dicodusport.fr\/blog\/wp-content\/uploads\/2024\/01\/PFL-Paris-2-Cedric-Doumbe-affrontera-Baki-le-7-mars.png","contentUrl":"https:\/\/dicodusport.fr\/blog\/wp-content\/uploads\/2024\/01\/PFL-Paris-2-Cedric-Doumbe-affrontera-Baki-le-7-mars.png","width":1200,"height":674,"caption":"PFL Paris 2 C\u00e9dric Doumb\u00e9 affrontera Baki le 7 mars"},{"@type":"BreadcrumbList","@id":"https:\/\/dicodusport.fr\/blog\/pfl-paris-2-cedric-doumbe-affrontera-baki-le-7-mars\/#breadcrumb","itemListElement":[{"@type":"ListItem","position":1,"name":"Accueil","item":"https:\/\/dicodusport.fr\/blog\/"},{"@type":"ListItem","position":2,"name":"PFL Paris 2 : C\u00e9dric Doumb\u00e9 affrontera Baki le 7 mars"}]},{"@type":"WebSite","@id":"https:\/\/dicodusport.fr\/blog\/#website","url":"https:\/\/dicodusport.fr\/blog\/","name":"Dicodusport","description":"L&#039;encyclop\u00e9die de l&#039;actualit\u00e9 sportive","publisher":{"@id":"https:\/\/dicodusport.fr\/blog\/#organization"},"potentialAction":[{"@type":"SearchAction","target":{"@type":"EntryPoint","urlTemplate":"https:\/\/dicodusport.fr\/blog\/?s={search_term_string}"},"query-input":{"@type":"PropertyValueSpecification","valueRequired":true,"valueName":"search_term_string"}}],"inLanguage":"fr-FR"},{"@type":"NewsMediaOrganization","@id":"https:\/\/dicodusport.fr\/blog\/#organization","name":"Dicodusport","url":"https:\/\/dicodusport.fr\/blog\/","logo":{"@type":"ImageObject","inLanguage":"fr-FR","@id":"https:\/\/dicodusport.fr\/blog\/#\/schema\/logo\/image\/","url":"https:\/\/dicodusport.fr\/blog\/wp-content\/uploads\/2020\/06\/cropped-LOGO-DICODUSPORT-2020-SANS-FOND-SANS-TEXTE.png","contentUrl":"https:\/\/dicodusport.fr\/blog\/wp-content\/uploads\/2020\/06\/cropped-LOGO-DICODUSPORT-2020-SANS-FOND-SANS-TEXTE.png","width":512,"height":512,"caption":"Dicodusport"},"image":{"@id":"https:\/\/dicodusport.fr\/blog\/#\/schema\/logo\/image\/"},"sameAs":["https:\/\/www.facebook.com\/dicodusport","https:\/\/x.com\/dicodusport","https:\/\/www.instagram.com\/dicodusport\/","https:\/\/www.youtube.com\/channel\/UC7V2KZ5sd3htJivAbA4ZG3w"],"description":"Dicodusport est l'encyclop\u00e9die de l'actualit\u00e9 sportive.","email":"bonjour@dicodusport.fr","legalName":"DICODUSPORT","foundingDate":"2018-01-14","vatID":"FR71834470973","taxID":"83447097300043","numberOfEmployees":{"@type":"QuantitativeValue","minValue":"1","maxValue":"10"}},{"@type":"Person","@id":"https:\/\/dicodusport.fr\/blog\/#\/schema\/person\/816f1c1bae6e11b6ef5b39687639be63","name":"Nicolas Parant","image":{"@type":"ImageObject","inLanguage":"fr-FR","@id":"https:\/\/dicodusport.fr\/blog\/#\/schema\/person\/image\/","url":"https:\/\/dicodusport.fr\/blog\/wp-content\/uploads\/2023\/04\/1B6E3319-7CA3-49A2-A3FB-D53C46115743-150x150.jpeg","contentUrl":"https:\/\/dicodusport.fr\/blog\/wp-content\/uploads\/2023\/04\/1B6E3319-7CA3-49A2-A3FB-D53C46115743-150x150.jpeg","caption":"Nicolas Parant"},"description":"Passionn\u00e9 de sport et d\u2019\u00e9criture, r\u00e9diger des articles a \u00e9t\u00e9 une v\u00e9ritable r\u00e9v\u00e9lation quand j\u2019ai pris la plume num\u00e9rique pour la premi\u00e8re fois en 2021. Admiratif des exploits de Nadal \u00e0 Roland Garros et du charisme de Zlatan Ibrahimovi\u0107 \u00e0 son arriv\u00e9e dans la capitale, je m\u2019efforce de transmettre au mieux les \u00e9motions des athl\u00e8tes de la nouvelle g\u00e9n\u00e9ration. \u00c0 Dicodusport depuis 2023, je commente principalement les batailles qui se d\u00e9roulent dans l\u2019octogone de l\u2019UFC ou sur les pelouses de football et de rugby.","url":"https:\/\/dicodusport.fr\/blog\/author\/nicolas-parant\/"}]}},"_links":{"self":[{"href":"https:\/\/dicodusport.fr\/blog\/wp-json\/wp\/v2\/posts\/454013","targetHints":{"allow":["GET"]}}],"collection":[{"href":"https:\/\/dicodusport.fr\/blog\/wp-json\/wp\/v2\/posts"}],"about":[{"href":"https:\/\/dicodusport.fr\/blog\/wp-json\/wp\/v2\/types\/post"}],"author":[{"embeddable":true,"href":"https:\/\/dicodusport.fr\/blog\/wp-json\/wp\/v2\/users\/86"}],"replies":[{"embeddable":true,"href":"https:\/\/dicodusport.fr\/blog\/wp-json\/wp\/v2\/comments?post=454013"}],"version-history":[{"count":4,"href":"https:\/\/dicodusport.fr\/blog\/wp-json\/wp\/v2\/posts\/454013\/revisions"}],"predecessor-version":[{"id":454039,"href":"https:\/\/dicodusport.fr\/blog\/wp-json\/wp\/v2\/posts\/454013\/revisions\/454039"}],"wp:featuredmedia":[{"embeddable":true,"href":"https:\/\/dicodusport.fr\/blog\/wp-json\/wp\/v2\/media\/454038"}],"wp:attachment":[{"href":"https:\/\/dicodusport.fr\/blog\/wp-json\/wp\/v2\/media?parent=454013"}],"wp:term":[{"taxonomy":"category","embeddable":true,"href":"https:\/\/dicodusport.fr\/blog\/wp-json\/wp\/v2\/categories?post=454013"},{"taxonomy":"post_tag","embeddable":true,"href":"https:\/\/dicodusport.fr\/blog\/wp-json\/wp\/v2\/tags?post=454013"}],"curies":[{"name":"wp","href":"https:\/\/api.w.org\/{rel}","templated":true}]}}