{"id":45438,"date":"2019-08-13T17:34:14","date_gmt":"2019-08-13T15:34:14","guid":{"rendered":"http:\/\/dicodusport.fr\/blog\/?p=45438"},"modified":"2019-08-13T18:17:31","modified_gmt":"2019-08-13T16:17:31","slug":"les-freres-ingebrigtsen-seront-les-lievres-d-eliud-kipchoge-a-vienne","status":"publish","type":"post","link":"https:\/\/dicodusport.fr\/blog\/les-freres-ingebrigtsen-seront-les-lievres-d-eliud-kipchoge-a-vienne\/","title":{"rendered":"Les fr\u00e8res Ingebrigtsen seront les li\u00e8vres d&rsquo;Eliud Kipchoge \u00e0 Vienne"},"content":{"rendered":"<p style=\"text-align: justify;\"><strong><em>Le K\u00e9nyan Eliud Kipchoge tentera de passer sous les deux heures lors du Marathon de Vienne, le 12 octobre prochain. Et il va b\u00e9n\u00e9ficier de trois li\u00e8vres de choix.<br \/>\n<\/em><\/strong><\/p>\n<p style=\"text-align: justify;\">Mis en \u00e9chec lors de sa premi\u00e8re tentative \u00e0 Monza en 2017 (2h00:25), <a href=\"https:\/\/dicodusport.fr\/blog\/tag\/eliud-kipchoge\/\" target=\"_blank\" rel=\"noopener\"><strong>Eliud Kipchoge<\/strong><\/a> tentera une deuxi\u00e8me fois de passer sous la barre fatidique des deux heures sur un Marathon. Et c&rsquo;est \u00e0 Vienne, le 12 octobre prochain, que le K\u00e9nyan tentera le coup. Et pour ce faire, le champion olympique en 2016 va b\u00e9n\u00e9ficier de trois li\u00e8vres de choix, avec <strong>les fr\u00e8res Ingebrigtsen<\/strong>. Et le pedigree de la fratrie norv\u00e9gienne a de quoi rendre <strong>Kipchoge<\/strong> optimiste : <strong>l&rsquo;a\u00een\u00e9 Henrik, 28 ans, est champion d&rsquo;Europe du 1 500m en 2012, Filip, 26 ans, en bronze sur le 1 500m lors des Mondiaux 2017 et le cadet, Jakob, 18 ans seulement, et d\u00e9j\u00e0 double champion d&rsquo;Europe sur 1 500 et 5 000 m\u00e8tres<\/strong>.<\/p>\n<p style=\"text-align: justify;\">\u00c0 la t\u00e9l\u00e9vision norv\u00e9gienne <strong>Filip Ingebrigtsen<\/strong> s&rsquo;est expliqu\u00e9 : <em>\u00ab Ce ne sera pas une comp\u00e9tition pour nous, on sera juste des assistants. Il faut que beaucoup de choses fonctionnent pour battre ce record, et il faut \u00eatre dans un bon jour. Il en \u00e9tait proche la derni\u00e8re fois et il a am\u00e9lior\u00e9 son record personnel depuis, alors s&rsquo;il est dans la m\u00eame forme qu&rsquo;\u00e0 Berlin, je m&rsquo;attends \u00e0 un record. \u00bb <\/em>L&rsquo;histoire est en marche.<\/p>\n<p><strong><em>Dicodusport<br \/>\n<a href=\"https:\/\/www.facebook.com\/dicodusport\/\" target=\"_blank\" rel=\"noopener\"><img loading=\"lazy\" decoding=\"async\" class=\"alignnone wp-image-2909\" src=\"http:\/\/dicodusport.fr\/blog\/wp-content\/uploads\/2017\/07\/logo-facebook-150x150.png\" alt=\"\" width=\"40\" height=\"40\" \/><\/a><a href=\"https:\/\/twitter.com\/dicodusport\" target=\"_blank\" rel=\"noopener\"><img loading=\"lazy\" decoding=\"async\" class=\"alignnone wp-image-2908\" src=\"http:\/\/dicodusport.fr\/blog\/wp-content\/uploads\/2017\/07\/logo-twitter-150x150.png\" alt=\"\" width=\"39\" height=\"39\" \/><\/a><\/em><\/strong><\/p>\n","protected":false},"excerpt":{"rendered":"<p>Le K\u00e9nyan Eliud Kipchoge tentera de passer sous les deux heures lors du Marathon de Vienne, le 12 octobre prochain. Et il va b\u00e9n\u00e9ficier des trois li\u00e8vres de choix.<\/p>\n","protected":false},"author":4,"featured_media":38145,"comment_status":"open","ping_status":"closed","sticky":false,"template":"","format":"standard","meta":{"_acf_changed":false,"_daextam_enable_autolinks":"","footnotes":""},"categories":[2308],"tags":[5997],"class_list":["post-45438","post","type-post","status-publish","format-standard","has-post-thumbnail","hentry","category-athletisme","tag-eliud-kipchoge"],"acf":[],"yoast_head":"<!-- This site is optimized with the Yoast SEO Premium plugin v26.7 (Yoast SEO v26.7) - https:\/\/yoast.com\/wordpress\/plugins\/seo\/ -->\n<title>Les fr\u00e8res Ingebrigtsen seront les li\u00e8vres d&#039;Eliud Kipchoge \u00e0 Vienne<\/title>\n<meta name=\"description\" content=\"Eliud Kipchoge tentera de passer sous les deux heures lors du Marathon de Vienne, le 12 octobre prochain. Et il va b\u00e9n\u00e9ficier des trois li\u00e8vres de choix.\" \/>\n<meta name=\"robots\" content=\"index, follow, max-snippet:-1, max-image-preview:large, max-video-preview:-1\" \/>\n<link rel=\"canonical\" href=\"https:\/\/dicodusport.fr\/blog\/les-freres-ingebrigtsen-seront-les-lievres-d-eliud-kipchoge-a-vienne\/\" \/>\n<meta property=\"og:locale\" content=\"fr_FR\" \/>\n<meta property=\"og:type\" content=\"article\" \/>\n<meta property=\"og:title\" content=\"Les fr\u00e8res Ingebrigtsen seront les li\u00e8vres d&#039;Eliud Kipchoge \u00e0 Vienne\" \/>\n<meta property=\"og:description\" content=\"Eliud Kipchoge tentera de passer sous les deux heures lors du Marathon de Vienne, le 12 octobre prochain. Et il va b\u00e9n\u00e9ficier des trois li\u00e8vres de choix.\" \/>\n<meta property=\"og:url\" content=\"https:\/\/dicodusport.fr\/blog\/les-freres-ingebrigtsen-seront-les-lievres-d-eliud-kipchoge-a-vienne\/\" \/>\n<meta property=\"og:site_name\" content=\"Dicodusport\" \/>\n<meta property=\"article:publisher\" content=\"https:\/\/www.facebook.com\/dicodusport\" \/>\n<meta property=\"article:author\" content=\"https:\/\/www.facebook.com\/florent.ostermann\" \/>\n<meta property=\"article:published_time\" content=\"2019-08-13T15:34:14+00:00\" \/>\n<meta property=\"article:modified_time\" content=\"2019-08-13T16:17:31+00:00\" \/>\n<meta property=\"og:image\" content=\"https:\/\/dicodusport.fr\/blog\/wp-content\/uploads\/2019\/04\/Eliud-Kipchoge.png\" \/>\n\t<meta property=\"og:image:width\" content=\"800\" \/>\n\t<meta property=\"og:image:height\" content=\"445\" \/>\n\t<meta property=\"og:image:type\" content=\"image\/png\" \/>\n<meta name=\"author\" content=\"Flo Ostermann\" \/>\n<meta name=\"twitter:card\" content=\"summary_large_image\" \/>\n<meta name=\"twitter:title\" content=\"Les fr\u00e8res Ingebrigtsen seront les li\u00e8vres d&#039;Eliud Kipchoge \u00e0 Vienne\" \/>\n<meta name=\"twitter:creator\" content=\"@https:\/\/twitter.com\/FlOstermann\" \/>\n<meta name=\"twitter:site\" content=\"@dicodusport\" \/>\n<script type=\"application\/ld+json\" class=\"yoast-schema-graph\">{\"@context\":\"https:\/\/schema.org\",\"@graph\":[{\"@type\":\"NewsArticle\",\"@id\":\"https:\/\/dicodusport.fr\/blog\/les-freres-ingebrigtsen-seront-les-lievres-d-eliud-kipchoge-a-vienne\/#article\",\"isPartOf\":{\"@id\":\"https:\/\/dicodusport.fr\/blog\/les-freres-ingebrigtsen-seront-les-lievres-d-eliud-kipchoge-a-vienne\/\"},\"author\":{\"name\":\"Flo Ostermann\",\"@id\":\"https:\/\/dicodusport.fr\/blog\/#\/schema\/person\/cb02af4c173ce4a653b55e9baf388d4a\"},\"headline\":\"Les fr\u00e8res Ingebrigtsen seront les li\u00e8vres d&rsquo;Eliud Kipchoge \u00e0 Vienne\",\"datePublished\":\"2019-08-13T15:34:14+00:00\",\"dateModified\":\"2019-08-13T16:17:31+00:00\",\"mainEntityOfPage\":{\"@id\":\"https:\/\/dicodusport.fr\/blog\/les-freres-ingebrigtsen-seront-les-lievres-d-eliud-kipchoge-a-vienne\/\"},\"wordCount\":248,\"commentCount\":0,\"publisher\":{\"@id\":\"https:\/\/dicodusport.fr\/blog\/#organization\"},\"image\":{\"@id\":\"https:\/\/dicodusport.fr\/blog\/les-freres-ingebrigtsen-seront-les-lievres-d-eliud-kipchoge-a-vienne\/#primaryimage\"},\"thumbnailUrl\":\"https:\/\/dicodusport.fr\/blog\/wp-content\/uploads\/2019\/04\/Eliud-Kipchoge.png\",\"keywords\":[\"Eliud Kipchoge\"],\"articleSection\":[\"Athl\u00e9tisme\"],\"inLanguage\":\"fr-FR\",\"potentialAction\":[{\"@type\":\"CommentAction\",\"name\":\"Comment\",\"target\":[\"https:\/\/dicodusport.fr\/blog\/les-freres-ingebrigtsen-seront-les-lievres-d-eliud-kipchoge-a-vienne\/#respond\"]}],\"copyrightYear\":\"2019\",\"copyrightHolder\":{\"@id\":\"https:\/\/dicodusport.fr\/blog\/#organization\"}},{\"@type\":\"WebPage\",\"@id\":\"https:\/\/dicodusport.fr\/blog\/les-freres-ingebrigtsen-seront-les-lievres-d-eliud-kipchoge-a-vienne\/\",\"url\":\"https:\/\/dicodusport.fr\/blog\/les-freres-ingebrigtsen-seront-les-lievres-d-eliud-kipchoge-a-vienne\/\",\"name\":\"Les fr\u00e8res Ingebrigtsen seront les li\u00e8vres d'Eliud Kipchoge \u00e0 Vienne\",\"isPartOf\":{\"@id\":\"https:\/\/dicodusport.fr\/blog\/#website\"},\"primaryImageOfPage\":{\"@id\":\"https:\/\/dicodusport.fr\/blog\/les-freres-ingebrigtsen-seront-les-lievres-d-eliud-kipchoge-a-vienne\/#primaryimage\"},\"image\":{\"@id\":\"https:\/\/dicodusport.fr\/blog\/les-freres-ingebrigtsen-seront-les-lievres-d-eliud-kipchoge-a-vienne\/#primaryimage\"},\"thumbnailUrl\":\"https:\/\/dicodusport.fr\/blog\/wp-content\/uploads\/2019\/04\/Eliud-Kipchoge.png\",\"datePublished\":\"2019-08-13T15:34:14+00:00\",\"dateModified\":\"2019-08-13T16:17:31+00:00\",\"description\":\"Eliud Kipchoge tentera de passer sous les deux heures lors du Marathon de Vienne, le 12 octobre prochain. Et il va b\u00e9n\u00e9ficier des trois li\u00e8vres de choix.\",\"breadcrumb\":{\"@id\":\"https:\/\/dicodusport.fr\/blog\/les-freres-ingebrigtsen-seront-les-lievres-d-eliud-kipchoge-a-vienne\/#breadcrumb\"},\"inLanguage\":\"fr-FR\",\"potentialAction\":[{\"@type\":\"ReadAction\",\"target\":[\"https:\/\/dicodusport.fr\/blog\/les-freres-ingebrigtsen-seront-les-lievres-d-eliud-kipchoge-a-vienne\/\"]}]},{\"@type\":\"ImageObject\",\"inLanguage\":\"fr-FR\",\"@id\":\"https:\/\/dicodusport.fr\/blog\/les-freres-ingebrigtsen-seront-les-lievres-d-eliud-kipchoge-a-vienne\/#primaryimage\",\"url\":\"https:\/\/dicodusport.fr\/blog\/wp-content\/uploads\/2019\/04\/Eliud-Kipchoge.png\",\"contentUrl\":\"https:\/\/dicodusport.fr\/blog\/wp-content\/uploads\/2019\/04\/Eliud-Kipchoge.png\",\"width\":800,\"height\":445},{\"@type\":\"BreadcrumbList\",\"@id\":\"https:\/\/dicodusport.fr\/blog\/les-freres-ingebrigtsen-seront-les-lievres-d-eliud-kipchoge-a-vienne\/#breadcrumb\",\"itemListElement\":[{\"@type\":\"ListItem\",\"position\":1,\"name\":\"Accueil\",\"item\":\"https:\/\/dicodusport.fr\/blog\/\"},{\"@type\":\"ListItem\",\"position\":2,\"name\":\"Les fr\u00e8res Ingebrigtsen seront les li\u00e8vres d&rsquo;Eliud Kipchoge \u00e0 Vienne\"}]},{\"@type\":\"WebSite\",\"@id\":\"https:\/\/dicodusport.fr\/blog\/#website\",\"url\":\"https:\/\/dicodusport.fr\/blog\/\",\"name\":\"Dicodusport\",\"description\":\"L&#039;encyclop\u00e9die de l&#039;actualit\u00e9 sportive\",\"publisher\":{\"@id\":\"https:\/\/dicodusport.fr\/blog\/#organization\"},\"potentialAction\":[{\"@type\":\"SearchAction\",\"target\":{\"@type\":\"EntryPoint\",\"urlTemplate\":\"https:\/\/dicodusport.fr\/blog\/?s={search_term_string}\"},\"query-input\":{\"@type\":\"PropertyValueSpecification\",\"valueRequired\":true,\"valueName\":\"search_term_string\"}}],\"inLanguage\":\"fr-FR\"},{\"@type\":\"NewsMediaOrganization\",\"@id\":\"https:\/\/dicodusport.fr\/blog\/#organization\",\"name\":\"Dicodusport\",\"url\":\"https:\/\/dicodusport.fr\/blog\/\",\"logo\":{\"@type\":\"ImageObject\",\"inLanguage\":\"fr-FR\",\"@id\":\"https:\/\/dicodusport.fr\/blog\/#\/schema\/logo\/image\/\",\"url\":\"https:\/\/dicodusport.fr\/blog\/wp-content\/uploads\/2020\/06\/cropped-LOGO-DICODUSPORT-2020-SANS-FOND-SANS-TEXTE.png\",\"contentUrl\":\"https:\/\/dicodusport.fr\/blog\/wp-content\/uploads\/2020\/06\/cropped-LOGO-DICODUSPORT-2020-SANS-FOND-SANS-TEXTE.png\",\"width\":512,\"height\":512,\"caption\":\"Dicodusport\"},\"image\":{\"@id\":\"https:\/\/dicodusport.fr\/blog\/#\/schema\/logo\/image\/\"},\"sameAs\":[\"https:\/\/www.facebook.com\/dicodusport\",\"https:\/\/x.com\/dicodusport\",\"https:\/\/www.instagram.com\/dicodusport\/\",\"https:\/\/www.youtube.com\/channel\/UC7V2KZ5sd3htJivAbA4ZG3w\"],\"description\":\"Dicodusport est l'encyclop\u00e9die de l'actualit\u00e9 sportive.\",\"email\":\"bonjour@dicodusport.fr\",\"legalName\":\"DICODUSPORT\",\"foundingDate\":\"2018-01-14\",\"vatID\":\"FR71834470973\",\"taxID\":\"83447097300043\",\"numberOfEmployees\":{\"@type\":\"QuantitativeValue\",\"minValue\":\"1\",\"maxValue\":\"10\"}},{\"@type\":\"Person\",\"@id\":\"https:\/\/dicodusport.fr\/blog\/#\/schema\/person\/cb02af4c173ce4a653b55e9baf388d4a\",\"name\":\"Flo Ostermann\",\"image\":{\"@type\":\"ImageObject\",\"inLanguage\":\"fr-FR\",\"@id\":\"https:\/\/dicodusport.fr\/blog\/#\/schema\/person\/image\/\",\"url\":\"https:\/\/dicodusport.fr\/blog\/wp-content\/uploads\/2021\/05\/Flo-Ostermann-150x150.jpg\",\"contentUrl\":\"https:\/\/dicodusport.fr\/blog\/wp-content\/uploads\/2021\/05\/Flo-Ostermann-150x150.jpg\",\"caption\":\"Flo Ostermann\"},\"description\":\"Journaliste\/R\u00e9dacteur depuis septembre 2015 - Mes premiers souvenirs dans le sport ? Les envol\u00e9es du Stade Toulousain et les duels Villeneuve-Schumacher et H\u00e4kkinen-Schumacher \u00e0 la fin des ann\u00e9es 90, la Coupe du monde de football en 1998, l\u2019exploit du XV de France face aux All Blacks en 1999, mais aussi Richard C\u0153ur de Lion qui vole sur les montagnes du Tour de France. Bien parti pour devenir professeur d\u2019EPS, les \u00e9v\u00e9nements de la vie (et la flemme d\u2019animer des s\u00e9ances de 3x500 m\u00e8tres toute ma vie) m\u2019ont conduit \u00e0 revoir mes plans. Me voil\u00e0 depuis fin 2017 sur Dicodusport, m\u00e9dia gr\u00e2ce (et pour) lequel je partage ma passion : le sport dans tous ses \u00e9tats. Le tout accompagn\u00e9 par les fous furieux et folles furieuses cit\u00e9s sur cette page !\",\"sameAs\":[\"https:\/\/www.facebook.com\/florent.ostermann\",\"https:\/\/x.com\/https:\/\/twitter.com\/FlOstermann\",\"admin\"],\"url\":\"https:\/\/dicodusport.fr\/blog\/author\/flo\/\"}]}<\/script>\n<!-- \/ Yoast SEO Premium plugin. -->","yoast_head_json":{"title":"Les fr\u00e8res Ingebrigtsen seront les li\u00e8vres d'Eliud Kipchoge \u00e0 Vienne","description":"Eliud Kipchoge tentera de passer sous les deux heures lors du Marathon de Vienne, le 12 octobre prochain. Et il va b\u00e9n\u00e9ficier des trois li\u00e8vres de choix.","robots":{"index":"index","follow":"follow","max-snippet":"max-snippet:-1","max-image-preview":"max-image-preview:large","max-video-preview":"max-video-preview:-1"},"canonical":"https:\/\/dicodusport.fr\/blog\/les-freres-ingebrigtsen-seront-les-lievres-d-eliud-kipchoge-a-vienne\/","og_locale":"fr_FR","og_type":"article","og_title":"Les fr\u00e8res Ingebrigtsen seront les li\u00e8vres d'Eliud Kipchoge \u00e0 Vienne","og_description":"Eliud Kipchoge tentera de passer sous les deux heures lors du Marathon de Vienne, le 12 octobre prochain. Et il va b\u00e9n\u00e9ficier des trois li\u00e8vres de choix.","og_url":"https:\/\/dicodusport.fr\/blog\/les-freres-ingebrigtsen-seront-les-lievres-d-eliud-kipchoge-a-vienne\/","og_site_name":"Dicodusport","article_publisher":"https:\/\/www.facebook.com\/dicodusport","article_author":"https:\/\/www.facebook.com\/florent.ostermann","article_published_time":"2019-08-13T15:34:14+00:00","article_modified_time":"2019-08-13T16:17:31+00:00","og_image":[{"width":800,"height":445,"url":"https:\/\/dicodusport.fr\/blog\/wp-content\/uploads\/2019\/04\/Eliud-Kipchoge.png","type":"image\/png"}],"author":"Flo Ostermann","twitter_card":"summary_large_image","twitter_title":"Les fr\u00e8res Ingebrigtsen seront les li\u00e8vres d'Eliud Kipchoge \u00e0 Vienne","twitter_creator":"@https:\/\/twitter.com\/FlOstermann","twitter_site":"@dicodusport","schema":{"@context":"https:\/\/schema.org","@graph":[{"@type":"NewsArticle","@id":"https:\/\/dicodusport.fr\/blog\/les-freres-ingebrigtsen-seront-les-lievres-d-eliud-kipchoge-a-vienne\/#article","isPartOf":{"@id":"https:\/\/dicodusport.fr\/blog\/les-freres-ingebrigtsen-seront-les-lievres-d-eliud-kipchoge-a-vienne\/"},"author":{"name":"Flo Ostermann","@id":"https:\/\/dicodusport.fr\/blog\/#\/schema\/person\/cb02af4c173ce4a653b55e9baf388d4a"},"headline":"Les fr\u00e8res Ingebrigtsen seront les li\u00e8vres d&rsquo;Eliud Kipchoge \u00e0 Vienne","datePublished":"2019-08-13T15:34:14+00:00","dateModified":"2019-08-13T16:17:31+00:00","mainEntityOfPage":{"@id":"https:\/\/dicodusport.fr\/blog\/les-freres-ingebrigtsen-seront-les-lievres-d-eliud-kipchoge-a-vienne\/"},"wordCount":248,"commentCount":0,"publisher":{"@id":"https:\/\/dicodusport.fr\/blog\/#organization"},"image":{"@id":"https:\/\/dicodusport.fr\/blog\/les-freres-ingebrigtsen-seront-les-lievres-d-eliud-kipchoge-a-vienne\/#primaryimage"},"thumbnailUrl":"https:\/\/dicodusport.fr\/blog\/wp-content\/uploads\/2019\/04\/Eliud-Kipchoge.png","keywords":["Eliud Kipchoge"],"articleSection":["Athl\u00e9tisme"],"inLanguage":"fr-FR","potentialAction":[{"@type":"CommentAction","name":"Comment","target":["https:\/\/dicodusport.fr\/blog\/les-freres-ingebrigtsen-seront-les-lievres-d-eliud-kipchoge-a-vienne\/#respond"]}],"copyrightYear":"2019","copyrightHolder":{"@id":"https:\/\/dicodusport.fr\/blog\/#organization"}},{"@type":"WebPage","@id":"https:\/\/dicodusport.fr\/blog\/les-freres-ingebrigtsen-seront-les-lievres-d-eliud-kipchoge-a-vienne\/","url":"https:\/\/dicodusport.fr\/blog\/les-freres-ingebrigtsen-seront-les-lievres-d-eliud-kipchoge-a-vienne\/","name":"Les fr\u00e8res Ingebrigtsen seront les li\u00e8vres d'Eliud Kipchoge \u00e0 Vienne","isPartOf":{"@id":"https:\/\/dicodusport.fr\/blog\/#website"},"primaryImageOfPage":{"@id":"https:\/\/dicodusport.fr\/blog\/les-freres-ingebrigtsen-seront-les-lievres-d-eliud-kipchoge-a-vienne\/#primaryimage"},"image":{"@id":"https:\/\/dicodusport.fr\/blog\/les-freres-ingebrigtsen-seront-les-lievres-d-eliud-kipchoge-a-vienne\/#primaryimage"},"thumbnailUrl":"https:\/\/dicodusport.fr\/blog\/wp-content\/uploads\/2019\/04\/Eliud-Kipchoge.png","datePublished":"2019-08-13T15:34:14+00:00","dateModified":"2019-08-13T16:17:31+00:00","description":"Eliud Kipchoge tentera de passer sous les deux heures lors du Marathon de Vienne, le 12 octobre prochain. Et il va b\u00e9n\u00e9ficier des trois li\u00e8vres de choix.","breadcrumb":{"@id":"https:\/\/dicodusport.fr\/blog\/les-freres-ingebrigtsen-seront-les-lievres-d-eliud-kipchoge-a-vienne\/#breadcrumb"},"inLanguage":"fr-FR","potentialAction":[{"@type":"ReadAction","target":["https:\/\/dicodusport.fr\/blog\/les-freres-ingebrigtsen-seront-les-lievres-d-eliud-kipchoge-a-vienne\/"]}]},{"@type":"ImageObject","inLanguage":"fr-FR","@id":"https:\/\/dicodusport.fr\/blog\/les-freres-ingebrigtsen-seront-les-lievres-d-eliud-kipchoge-a-vienne\/#primaryimage","url":"https:\/\/dicodusport.fr\/blog\/wp-content\/uploads\/2019\/04\/Eliud-Kipchoge.png","contentUrl":"https:\/\/dicodusport.fr\/blog\/wp-content\/uploads\/2019\/04\/Eliud-Kipchoge.png","width":800,"height":445},{"@type":"BreadcrumbList","@id":"https:\/\/dicodusport.fr\/blog\/les-freres-ingebrigtsen-seront-les-lievres-d-eliud-kipchoge-a-vienne\/#breadcrumb","itemListElement":[{"@type":"ListItem","position":1,"name":"Accueil","item":"https:\/\/dicodusport.fr\/blog\/"},{"@type":"ListItem","position":2,"name":"Les fr\u00e8res Ingebrigtsen seront les li\u00e8vres d&rsquo;Eliud Kipchoge \u00e0 Vienne"}]},{"@type":"WebSite","@id":"https:\/\/dicodusport.fr\/blog\/#website","url":"https:\/\/dicodusport.fr\/blog\/","name":"Dicodusport","description":"L&#039;encyclop\u00e9die de l&#039;actualit\u00e9 sportive","publisher":{"@id":"https:\/\/dicodusport.fr\/blog\/#organization"},"potentialAction":[{"@type":"SearchAction","target":{"@type":"EntryPoint","urlTemplate":"https:\/\/dicodusport.fr\/blog\/?s={search_term_string}"},"query-input":{"@type":"PropertyValueSpecification","valueRequired":true,"valueName":"search_term_string"}}],"inLanguage":"fr-FR"},{"@type":"NewsMediaOrganization","@id":"https:\/\/dicodusport.fr\/blog\/#organization","name":"Dicodusport","url":"https:\/\/dicodusport.fr\/blog\/","logo":{"@type":"ImageObject","inLanguage":"fr-FR","@id":"https:\/\/dicodusport.fr\/blog\/#\/schema\/logo\/image\/","url":"https:\/\/dicodusport.fr\/blog\/wp-content\/uploads\/2020\/06\/cropped-LOGO-DICODUSPORT-2020-SANS-FOND-SANS-TEXTE.png","contentUrl":"https:\/\/dicodusport.fr\/blog\/wp-content\/uploads\/2020\/06\/cropped-LOGO-DICODUSPORT-2020-SANS-FOND-SANS-TEXTE.png","width":512,"height":512,"caption":"Dicodusport"},"image":{"@id":"https:\/\/dicodusport.fr\/blog\/#\/schema\/logo\/image\/"},"sameAs":["https:\/\/www.facebook.com\/dicodusport","https:\/\/x.com\/dicodusport","https:\/\/www.instagram.com\/dicodusport\/","https:\/\/www.youtube.com\/channel\/UC7V2KZ5sd3htJivAbA4ZG3w"],"description":"Dicodusport est l'encyclop\u00e9die de l'actualit\u00e9 sportive.","email":"bonjour@dicodusport.fr","legalName":"DICODUSPORT","foundingDate":"2018-01-14","vatID":"FR71834470973","taxID":"83447097300043","numberOfEmployees":{"@type":"QuantitativeValue","minValue":"1","maxValue":"10"}},{"@type":"Person","@id":"https:\/\/dicodusport.fr\/blog\/#\/schema\/person\/cb02af4c173ce4a653b55e9baf388d4a","name":"Flo Ostermann","image":{"@type":"ImageObject","inLanguage":"fr-FR","@id":"https:\/\/dicodusport.fr\/blog\/#\/schema\/person\/image\/","url":"https:\/\/dicodusport.fr\/blog\/wp-content\/uploads\/2021\/05\/Flo-Ostermann-150x150.jpg","contentUrl":"https:\/\/dicodusport.fr\/blog\/wp-content\/uploads\/2021\/05\/Flo-Ostermann-150x150.jpg","caption":"Flo Ostermann"},"description":"Journaliste\/R\u00e9dacteur depuis septembre 2015 - Mes premiers souvenirs dans le sport ? Les envol\u00e9es du Stade Toulousain et les duels Villeneuve-Schumacher et H\u00e4kkinen-Schumacher \u00e0 la fin des ann\u00e9es 90, la Coupe du monde de football en 1998, l\u2019exploit du XV de France face aux All Blacks en 1999, mais aussi Richard C\u0153ur de Lion qui vole sur les montagnes du Tour de France. Bien parti pour devenir professeur d\u2019EPS, les \u00e9v\u00e9nements de la vie (et la flemme d\u2019animer des s\u00e9ances de 3x500 m\u00e8tres toute ma vie) m\u2019ont conduit \u00e0 revoir mes plans. Me voil\u00e0 depuis fin 2017 sur Dicodusport, m\u00e9dia gr\u00e2ce (et pour) lequel je partage ma passion : le sport dans tous ses \u00e9tats. Le tout accompagn\u00e9 par les fous furieux et folles furieuses cit\u00e9s sur cette page !","sameAs":["https:\/\/www.facebook.com\/florent.ostermann","https:\/\/x.com\/https:\/\/twitter.com\/FlOstermann","admin"],"url":"https:\/\/dicodusport.fr\/blog\/author\/flo\/"}]}},"_links":{"self":[{"href":"https:\/\/dicodusport.fr\/blog\/wp-json\/wp\/v2\/posts\/45438","targetHints":{"allow":["GET"]}}],"collection":[{"href":"https:\/\/dicodusport.fr\/blog\/wp-json\/wp\/v2\/posts"}],"about":[{"href":"https:\/\/dicodusport.fr\/blog\/wp-json\/wp\/v2\/types\/post"}],"author":[{"embeddable":true,"href":"https:\/\/dicodusport.fr\/blog\/wp-json\/wp\/v2\/users\/4"}],"replies":[{"embeddable":true,"href":"https:\/\/dicodusport.fr\/blog\/wp-json\/wp\/v2\/comments?post=45438"}],"version-history":[{"count":0,"href":"https:\/\/dicodusport.fr\/blog\/wp-json\/wp\/v2\/posts\/45438\/revisions"}],"wp:featuredmedia":[{"embeddable":true,"href":"https:\/\/dicodusport.fr\/blog\/wp-json\/wp\/v2\/media\/38145"}],"wp:attachment":[{"href":"https:\/\/dicodusport.fr\/blog\/wp-json\/wp\/v2\/media?parent=45438"}],"wp:term":[{"taxonomy":"category","embeddable":true,"href":"https:\/\/dicodusport.fr\/blog\/wp-json\/wp\/v2\/categories?post=45438"},{"taxonomy":"post_tag","embeddable":true,"href":"https:\/\/dicodusport.fr\/blog\/wp-json\/wp\/v2\/tags?post=45438"}],"curies":[{"name":"wp","href":"https:\/\/api.w.org\/{rel}","templated":true}]}}