{"id":454649,"date":"2024-01-20T13:59:38","date_gmt":"2024-01-20T12:59:38","guid":{"rendered":"https:\/\/dicodusport.fr\/blog\/?p=454649&#038;preview=true&#038;preview_id=454649"},"modified":"2024-01-20T15:15:15","modified_gmt":"2024-01-20T14:15:15","slug":"geant-femmes-de-jasna-sara-hector-domine-la-concurrence","status":"publish","type":"post","link":"https:\/\/dicodusport.fr\/blog\/geant-femmes-de-jasna-sara-hector-domine-la-concurrence\/","title":{"rendered":"G\u00e9ant Femmes de Jasna : Sara Hector domine la concurrence"},"content":{"rendered":"<p style=\"text-align: justify;\"><em><b>COUPE DU MONDE DE SKI ALPIN 2023-2024 &#8211; Sara Hector s&rsquo;est impos\u00e9e lors du g\u00e9ant de Jasna en Slovaquie, samedi. Elle a devanc\u00e9 Mikaela Shiffrin et Alice Robinson. Victime d&rsquo;une chute lors de la premi\u00e8re manche, Petra Vlhova a \u00e9t\u00e9 emmen\u00e9e \u00e0 l&rsquo;h\u00f4pital.\u00a0<\/b><br \/>\n<\/em><\/p>\n<ul style=\"text-align: justify;\">\n<li style=\"text-align: justify;\"><strong>\u00c0 ce sujet &#8211; <a href=\"https:\/\/dicodusport.fr\/blog\/classement-geant-femmes-jasna-2024\/\">Le classement du g\u00e9ant de\u00a0Jasna<\/a><\/strong><\/li>\n<\/ul>\n<p style=\"text-align: justify;\">D&rsquo;abord, <strong>Sara Hector<\/strong> a r\u00e9alis\u00e9 une premi\u00e8re manche de dingue en 1 minute 10 secondes et 18 centi\u00e8mes. La Su\u00e9doise, qui est mont\u00e9e sur le premier podium de sa carri\u00e8re en slalom ce mardi, a \u00e9cras\u00e9 la concurrence sur un trac\u00e9 tr\u00e8s tournant et a parfaitement anticip\u00e9 le mouvement de terrain.<\/p>\n<p style=\"text-align: justify;\">Ensuite, <strong>Mikaela Shiffrin<\/strong> a fini bien plus loin avec le deuxi\u00e8me temps \u00e0 une seconde. Pourtant, l&rsquo;Am\u00e9ricaine a \u00e9t\u00e9 tr\u00e8s propre et engag\u00e9e, mais elle a perdu du temps tout au long du parcours. Puis, <strong>Alice Robinson<\/strong> a r\u00e9alis\u00e9 une bonne mise en action et a comme d&rsquo;habitude \u00e9t\u00e9 tr\u00e8s dynamique sans trop en mettre cette fois-ci. La N\u00e9o-Z\u00e9landaise a sign\u00e9 le troisi\u00e8me chrono \u00e0 1.05. Derri\u00e8re, il y avait encore un gros trou, puisque<strong> Zrinka Ljutic<\/strong> a sign\u00e9 le quatri\u00e8me temps \u00e0 2.61 devant <strong>Camille Rast<\/strong>, cinqui\u00e8me \u00e0 2.87, et <strong>Ragnhild Mowinckel<\/strong>, sixi\u00e8me \u00e0 2.92.<\/p>\n<blockquote class=\"twitter-tweet\">\n<p dir=\"ltr\" lang=\"fr\">Ahurissant : Sara Hector colle une seconde \u00e0 Mikaela Shiffrin sur la premi\u00e8re manche du g\u00e9ant ! <a href=\"https:\/\/twitter.com\/hashtag\/ChaletClub?src=hash&amp;ref_src=twsrc%5Etfw\">#ChaletClub<\/a> <a href=\"https:\/\/t.co\/9f0MkuLVd0\">pic.twitter.com\/9f0MkuLVd0<\/a><\/p>\n<p>\u2014 Eurosport France (@Eurosport_FR) <a href=\"https:\/\/twitter.com\/Eurosport_FR\/status\/1748640214254338427?ref_src=twsrc%5Etfw\">January 20, 2024<\/a><\/p><\/blockquote>\n<p><script async src=\"https:\/\/platform.twitter.com\/widgets.js\" charset=\"utf-8\"><\/script><\/p>\n<p style=\"text-align: justify;\"><strong>Clara Direz<\/strong> a certes fait preuve d&rsquo;activit\u00e9, mais elle a du mal \u00e0 tenir sa ligne. Elle a \u00e9t\u00e9 contrainte de boucler ses courbes pour conc\u00e9der 4 secondes 38 avec le 18e temps. Avec son dossard 68, <strong>Caitlin McFarlane<\/strong> a ski\u00e9 \u00e0 merveille sur une piste tr\u00e8s glac\u00e9e pour se qualifier pour la seconde manche avec le 24e temps \u00e0 4.72. Malheureusement, <strong>Doriane Escane<\/strong> et <strong>Carmen Haro<\/strong>, pour sa premi\u00e8re course de Coupe du monde, sont sorties du trac\u00e9.<\/p>\n<p style=\"text-align: justify;\">Devant son public et 30.000 spectateurs, <strong>Petra Vlhova<\/strong> s&rsquo;est faite pi\u00e9ger par le mouvement de terrain et a lourdement chut\u00e9. La skieuse slovaque a \u00e9t\u00e9 \u00e9vacu\u00e9e en barquette et a \u00e9t\u00e9 touch\u00e9e au genou. Enfin, la leader de la Coupe du monde de g\u00e9ant <strong>Federica Brignone<\/strong> est sortie apr\u00e8s deux portes apr\u00e8s une faute d&rsquo;int\u00e9rieur.<\/p>\n<ul style=\"text-align: justify;\">\n<li style=\"text-align: justify;\"><strong>\u00c0 ce sujet &#8211; <a href=\"https:\/\/dicodusport.fr\/blog\/coupe-du-monde-de-ski-alpin-classement-general-femmes\/\">Le classement g\u00e9n\u00e9ral de la Coupe du monde<\/a>\u00a0<\/strong><\/li>\n<\/ul>\n<h2 style=\"text-align: justify;\">Sara Hector de bout en bout<\/h2>\n<p style=\"text-align: justify;\"><strong>Sara Hector<\/strong> \u00e9tait sur une autre plan\u00e8te lors de la seconde manche, en trouvant le bon tempo pour s&rsquo;imposer en 2 minutes 17 secondes et 80 centi\u00e8mes, avec le meilleur temps. La g\u00e9antiste de Sandviken a sign\u00e9 sa cinqui\u00e8me victoire en carri\u00e8re.<\/p>\n<p style=\"text-align: justify;\">Ensuite, <strong>Mikaela Shiffrin<\/strong> a retrouv\u00e9 sa l\u00e9g\u00e8ret\u00e9 habituelle sur la glace, mais elle a encore pris une demi-seconde sur le second trac\u00e9 pour terminer deuxi\u00e8me \u00e0 1.52 avec le deuxi\u00e8me temps de la manche. N\u00e9anmoins, elle a fait un gros rapproch\u00e9 en vue du petit globe de la discipline.<\/p>\n<blockquote class=\"twitter-tweet\">\n<p dir=\"ltr\" lang=\"sv\">Sara Hector krossar motst\u00e5ndet och tar s\u00e4songens f\u00f6rsta v\u00e4rldscupseger \ud83c\udfc6\ud83c\uddf8\ud83c\uddea <a href=\"https:\/\/t.co\/4DwPiWDNrz\">pic.twitter.com\/4DwPiWDNrz<\/a><\/p>\n<p>\u2014 Viaplay Vinter (@ViaplayVinter) <a href=\"https:\/\/twitter.com\/ViaplayVinter\/status\/1748697325566869852?ref_src=twsrc%5Etfw\">January 20, 2024<\/a><\/p><\/blockquote>\n<p><script async src=\"https:\/\/platform.twitter.com\/widgets.js\" charset=\"utf-8\"><\/script><\/p>\n<p style=\"text-align: justify;\"><strong>Alice Robinson<\/strong> a encore pris tous les risques pour d\u00e9crocher son deuxi\u00e8me podium de l&rsquo;hiver \u00e0 2.71 devant <strong>Zrinka Ljutic<\/strong>, quatri\u00e8me \u00e0 4.33, et <strong>Thea Louise Stjernesund<\/strong>, cinqui\u00e8me \u00e0 4.40. Puis, <strong>Lara Gut-Behrami<\/strong> s&rsquo;est empar\u00e9 du dossard rouge des \u00e9paules de Federica Brignone gr\u00e2ce \u00e0 sa sixi\u00e8me place \u00e0 4.49. Qualifi\u00e9e avec le dossard 65 avec le 23e temps, <strong>Lisa Nyberg<\/strong> est remont\u00e9e au 12e rang.<\/p>\n<p style=\"text-align: justify;\">Enfin, <strong>Caitlin McFarlane<\/strong> a r\u00e9alis\u00e9 une seconde manche solide pour terminer 23e rang \u00e0 8.02. Malheureusement, <strong>Clara Direz<\/strong> n&rsquo;a pas trouv\u00e9 l&rsquo;accroche n\u00e9cessaire sur cette piste tr\u00e8s glac\u00e9e. La technicienne fran\u00e7aise est descendue au 22e rang \u00e0 7:46.<\/p>\n<p style=\"text-align: justify;\">\n","protected":false},"excerpt":{"rendered":"<p>COUPE DU MONDE DE SKI ALPIN 2023-2024 &#8211; Sara Hector s&rsquo;est impos\u00e9e lors du g\u00e9ant de Jasna en Slovaquie, samedi.<\/p>\n","protected":false},"author":48,"featured_media":454747,"comment_status":"open","ping_status":"closed","sticky":false,"template":"","format":"standard","meta":{"_acf_changed":false,"_daextam_enable_autolinks":"1","footnotes":""},"categories":[47084],"tags":[16878,12586,2233,24],"class_list":["post-454649","post","type-post","status-publish","format-standard","has-post-thumbnail","hentry","category-coupe-du-monde-ski-alpin","tag-breve","tag-coupe-du-monde-de-ski-alpin","tag-ski-alpin","tag-sport"],"acf":[],"yoast_head":"<!-- This site is optimized with the Yoast SEO Premium plugin v26.7 (Yoast SEO v26.7) - https:\/\/yoast.com\/wordpress\/plugins\/seo\/ -->\n<title>G\u00e9ant Femmes de Jasna : Sara Hector domine la concurrence<\/title>\n<meta name=\"description\" content=\"COUPE DU MONDE DE SKI ALPIN 2023-2024 - Sara Hector s&#039;est impos\u00e9e lors du g\u00e9ant de Jasna en Slovaquie, samedi.\" \/>\n<meta name=\"robots\" content=\"index, follow, max-snippet:-1, max-image-preview:large, max-video-preview:-1\" \/>\n<link rel=\"canonical\" href=\"https:\/\/dicodusport.fr\/blog\/geant-femmes-de-jasna-sara-hector-domine-la-concurrence\/\" \/>\n<meta property=\"og:locale\" content=\"fr_FR\" \/>\n<meta property=\"og:type\" content=\"article\" \/>\n<meta property=\"og:title\" content=\"G\u00e9ant Femmes de Jasna : Sara Hector domine la concurrence\" \/>\n<meta property=\"og:description\" content=\"COUPE DU MONDE DE SKI ALPIN 2023-2024 - Sara Hector s&#039;est impos\u00e9e lors du g\u00e9ant de Jasna en Slovaquie, samedi.\" \/>\n<meta property=\"og:url\" content=\"https:\/\/dicodusport.fr\/blog\/geant-femmes-de-jasna-sara-hector-domine-la-concurrence\/\" \/>\n<meta property=\"og:site_name\" content=\"Dicodusport\" \/>\n<meta property=\"article:publisher\" content=\"https:\/\/www.facebook.com\/dicodusport\" \/>\n<meta property=\"article:author\" content=\"https:\/\/www.facebook.com\/groups\/LesRoisDuPeloton\" \/>\n<meta property=\"article:published_time\" content=\"2024-01-20T12:59:38+00:00\" \/>\n<meta property=\"article:modified_time\" content=\"2024-01-20T14:15:15+00:00\" \/>\n<meta property=\"og:image\" content=\"https:\/\/dicodusport.fr\/blog\/wp-content\/uploads\/2024\/01\/Geant-Femmes-de-Jasna-Sara-Hector-domine-la-concurrence-1.png\" \/>\n\t<meta property=\"og:image:width\" content=\"1200\" \/>\n\t<meta property=\"og:image:height\" content=\"674\" \/>\n\t<meta property=\"og:image:type\" content=\"image\/png\" \/>\n<meta name=\"author\" content=\"Emilien Descampiaux\" \/>\n<meta name=\"twitter:card\" content=\"summary_large_image\" \/>\n<meta name=\"twitter:title\" content=\"G\u00e9ant Femmes de Jasna : Sara Hector domine la concurrence\" \/>\n<meta name=\"twitter:creator\" content=\"@https:\/\/twitter.com\/LRoisDuPeloton\" \/>\n<meta name=\"twitter:site\" content=\"@dicodusport\" \/>\n<script type=\"application\/ld+json\" class=\"yoast-schema-graph\">{\"@context\":\"https:\/\/schema.org\",\"@graph\":[{\"@type\":\"NewsArticle\",\"@id\":\"https:\/\/dicodusport.fr\/blog\/geant-femmes-de-jasna-sara-hector-domine-la-concurrence\/#article\",\"isPartOf\":{\"@id\":\"https:\/\/dicodusport.fr\/blog\/geant-femmes-de-jasna-sara-hector-domine-la-concurrence\/\"},\"author\":{\"name\":\"Emilien Descampiaux\",\"@id\":\"https:\/\/dicodusport.fr\/blog\/#\/schema\/person\/6db4bae06b171592211be385b32876a7\"},\"headline\":\"G\u00e9ant Femmes de Jasna : Sara Hector domine la concurrence\",\"datePublished\":\"2024-01-20T12:59:38+00:00\",\"dateModified\":\"2024-01-20T14:15:15+00:00\",\"mainEntityOfPage\":{\"@id\":\"https:\/\/dicodusport.fr\/blog\/geant-femmes-de-jasna-sara-hector-domine-la-concurrence\/\"},\"wordCount\":639,\"commentCount\":0,\"publisher\":{\"@id\":\"https:\/\/dicodusport.fr\/blog\/#organization\"},\"image\":{\"@id\":\"https:\/\/dicodusport.fr\/blog\/geant-femmes-de-jasna-sara-hector-domine-la-concurrence\/#primaryimage\"},\"thumbnailUrl\":\"https:\/\/dicodusport.fr\/blog\/wp-content\/uploads\/2024\/01\/Geant-Femmes-de-Jasna-Sara-Hector-domine-la-concurrence-1.png\",\"keywords\":[\"br\u00e8ve\",\"Coupe du monde de ski alpin\",\"Ski alpin\",\"sport\"],\"articleSection\":[\"Coupe du monde de ski alpin\"],\"inLanguage\":\"fr-FR\",\"potentialAction\":[{\"@type\":\"CommentAction\",\"name\":\"Comment\",\"target\":[\"https:\/\/dicodusport.fr\/blog\/geant-femmes-de-jasna-sara-hector-domine-la-concurrence\/#respond\"]}],\"copyrightYear\":\"2024\",\"copyrightHolder\":{\"@id\":\"https:\/\/dicodusport.fr\/blog\/#organization\"}},{\"@type\":\"WebPage\",\"@id\":\"https:\/\/dicodusport.fr\/blog\/geant-femmes-de-jasna-sara-hector-domine-la-concurrence\/\",\"url\":\"https:\/\/dicodusport.fr\/blog\/geant-femmes-de-jasna-sara-hector-domine-la-concurrence\/\",\"name\":\"G\u00e9ant Femmes de Jasna : Sara Hector domine la concurrence\",\"isPartOf\":{\"@id\":\"https:\/\/dicodusport.fr\/blog\/#website\"},\"primaryImageOfPage\":{\"@id\":\"https:\/\/dicodusport.fr\/blog\/geant-femmes-de-jasna-sara-hector-domine-la-concurrence\/#primaryimage\"},\"image\":{\"@id\":\"https:\/\/dicodusport.fr\/blog\/geant-femmes-de-jasna-sara-hector-domine-la-concurrence\/#primaryimage\"},\"thumbnailUrl\":\"https:\/\/dicodusport.fr\/blog\/wp-content\/uploads\/2024\/01\/Geant-Femmes-de-Jasna-Sara-Hector-domine-la-concurrence-1.png\",\"datePublished\":\"2024-01-20T12:59:38+00:00\",\"dateModified\":\"2024-01-20T14:15:15+00:00\",\"description\":\"COUPE DU MONDE DE SKI ALPIN 2023-2024 - Sara Hector s'est impos\u00e9e lors du g\u00e9ant de Jasna en Slovaquie, samedi.\",\"breadcrumb\":{\"@id\":\"https:\/\/dicodusport.fr\/blog\/geant-femmes-de-jasna-sara-hector-domine-la-concurrence\/#breadcrumb\"},\"inLanguage\":\"fr-FR\",\"potentialAction\":[{\"@type\":\"ReadAction\",\"target\":[\"https:\/\/dicodusport.fr\/blog\/geant-femmes-de-jasna-sara-hector-domine-la-concurrence\/\"]}]},{\"@type\":\"ImageObject\",\"inLanguage\":\"fr-FR\",\"@id\":\"https:\/\/dicodusport.fr\/blog\/geant-femmes-de-jasna-sara-hector-domine-la-concurrence\/#primaryimage\",\"url\":\"https:\/\/dicodusport.fr\/blog\/wp-content\/uploads\/2024\/01\/Geant-Femmes-de-Jasna-Sara-Hector-domine-la-concurrence-1.png\",\"contentUrl\":\"https:\/\/dicodusport.fr\/blog\/wp-content\/uploads\/2024\/01\/Geant-Femmes-de-Jasna-Sara-Hector-domine-la-concurrence-1.png\",\"width\":1200,\"height\":674,\"caption\":\"G\u00e9ant Femmes de Jasna Sara Hector domine la concurrence (1)\"},{\"@type\":\"BreadcrumbList\",\"@id\":\"https:\/\/dicodusport.fr\/blog\/geant-femmes-de-jasna-sara-hector-domine-la-concurrence\/#breadcrumb\",\"itemListElement\":[{\"@type\":\"ListItem\",\"position\":1,\"name\":\"Accueil\",\"item\":\"https:\/\/dicodusport.fr\/blog\/\"},{\"@type\":\"ListItem\",\"position\":2,\"name\":\"G\u00e9ant Femmes de Jasna : Sara Hector domine la concurrence\"}]},{\"@type\":\"WebSite\",\"@id\":\"https:\/\/dicodusport.fr\/blog\/#website\",\"url\":\"https:\/\/dicodusport.fr\/blog\/\",\"name\":\"Dicodusport\",\"description\":\"L&#039;encyclop\u00e9die de l&#039;actualit\u00e9 sportive\",\"publisher\":{\"@id\":\"https:\/\/dicodusport.fr\/blog\/#organization\"},\"potentialAction\":[{\"@type\":\"SearchAction\",\"target\":{\"@type\":\"EntryPoint\",\"urlTemplate\":\"https:\/\/dicodusport.fr\/blog\/?s={search_term_string}\"},\"query-input\":{\"@type\":\"PropertyValueSpecification\",\"valueRequired\":true,\"valueName\":\"search_term_string\"}}],\"inLanguage\":\"fr-FR\"},{\"@type\":\"NewsMediaOrganization\",\"@id\":\"https:\/\/dicodusport.fr\/blog\/#organization\",\"name\":\"Dicodusport\",\"url\":\"https:\/\/dicodusport.fr\/blog\/\",\"logo\":{\"@type\":\"ImageObject\",\"inLanguage\":\"fr-FR\",\"@id\":\"https:\/\/dicodusport.fr\/blog\/#\/schema\/logo\/image\/\",\"url\":\"https:\/\/dicodusport.fr\/blog\/wp-content\/uploads\/2020\/06\/cropped-LOGO-DICODUSPORT-2020-SANS-FOND-SANS-TEXTE.png\",\"contentUrl\":\"https:\/\/dicodusport.fr\/blog\/wp-content\/uploads\/2020\/06\/cropped-LOGO-DICODUSPORT-2020-SANS-FOND-SANS-TEXTE.png\",\"width\":512,\"height\":512,\"caption\":\"Dicodusport\"},\"image\":{\"@id\":\"https:\/\/dicodusport.fr\/blog\/#\/schema\/logo\/image\/\"},\"sameAs\":[\"https:\/\/www.facebook.com\/dicodusport\",\"https:\/\/x.com\/dicodusport\",\"https:\/\/www.instagram.com\/dicodusport\/\",\"https:\/\/www.youtube.com\/channel\/UC7V2KZ5sd3htJivAbA4ZG3w\"],\"description\":\"Dicodusport est l'encyclop\u00e9die de l'actualit\u00e9 sportive.\",\"email\":\"bonjour@dicodusport.fr\",\"legalName\":\"DICODUSPORT\",\"foundingDate\":\"2018-01-14\",\"vatID\":\"FR71834470973\",\"taxID\":\"83447097300043\",\"numberOfEmployees\":{\"@type\":\"QuantitativeValue\",\"minValue\":\"1\",\"maxValue\":\"10\"}},{\"@type\":\"Person\",\"@id\":\"https:\/\/dicodusport.fr\/blog\/#\/schema\/person\/6db4bae06b171592211be385b32876a7\",\"name\":\"Emilien Descampiaux\",\"image\":{\"@type\":\"ImageObject\",\"inLanguage\":\"fr-FR\",\"@id\":\"https:\/\/dicodusport.fr\/blog\/#\/schema\/person\/image\/\",\"url\":\"https:\/\/dicodusport.fr\/blog\/wp-content\/uploads\/2021\/05\/Emilien-Descampiaux-150x150.jpg\",\"contentUrl\":\"https:\/\/dicodusport.fr\/blog\/wp-content\/uploads\/2021\/05\/Emilien-Descampiaux-150x150.jpg\",\"caption\":\"Emilien Descampiaux\"},\"description\":\"Journaliste\/r\u00e9dacteur depuis 2014 - Fan de la classe de Frank Vandenbroucke, je vis cyclisme (et de ses paysages) depuis plus de 20 ans. Je suis tr\u00e8s impliqu\u00e9 sur mes diff\u00e9rents r\u00e9seaux sociaux pour partager ma passion sur le monde et l'Histoire de la bicyclette avec ma voix sur les images en noir et blanc du succ\u00e8s de Rik Van Steenbergen lors du Ronde sur le V\u00e9lodrome de Gand.\",\"sameAs\":[\"https:\/\/www.facebook.com\/groups\/LesRoisDuPeloton\",\"https:\/\/x.com\/https:\/\/twitter.com\/LRoisDuPeloton\"],\"url\":\"https:\/\/dicodusport.fr\/blog\/author\/emiliend\/\"}]}<\/script>\n<!-- \/ Yoast SEO Premium plugin. -->","yoast_head_json":{"title":"G\u00e9ant Femmes de Jasna : Sara Hector domine la concurrence","description":"COUPE DU MONDE DE SKI ALPIN 2023-2024 - Sara Hector s'est impos\u00e9e lors du g\u00e9ant de Jasna en Slovaquie, samedi.","robots":{"index":"index","follow":"follow","max-snippet":"max-snippet:-1","max-image-preview":"max-image-preview:large","max-video-preview":"max-video-preview:-1"},"canonical":"https:\/\/dicodusport.fr\/blog\/geant-femmes-de-jasna-sara-hector-domine-la-concurrence\/","og_locale":"fr_FR","og_type":"article","og_title":"G\u00e9ant Femmes de Jasna : Sara Hector domine la concurrence","og_description":"COUPE DU MONDE DE SKI ALPIN 2023-2024 - Sara Hector s'est impos\u00e9e lors du g\u00e9ant de Jasna en Slovaquie, samedi.","og_url":"https:\/\/dicodusport.fr\/blog\/geant-femmes-de-jasna-sara-hector-domine-la-concurrence\/","og_site_name":"Dicodusport","article_publisher":"https:\/\/www.facebook.com\/dicodusport","article_author":"https:\/\/www.facebook.com\/groups\/LesRoisDuPeloton","article_published_time":"2024-01-20T12:59:38+00:00","article_modified_time":"2024-01-20T14:15:15+00:00","og_image":[{"width":1200,"height":674,"url":"https:\/\/dicodusport.fr\/blog\/wp-content\/uploads\/2024\/01\/Geant-Femmes-de-Jasna-Sara-Hector-domine-la-concurrence-1.png","type":"image\/png"}],"author":"Emilien Descampiaux","twitter_card":"summary_large_image","twitter_title":"G\u00e9ant Femmes de Jasna : Sara Hector domine la concurrence","twitter_creator":"@https:\/\/twitter.com\/LRoisDuPeloton","twitter_site":"@dicodusport","schema":{"@context":"https:\/\/schema.org","@graph":[{"@type":"NewsArticle","@id":"https:\/\/dicodusport.fr\/blog\/geant-femmes-de-jasna-sara-hector-domine-la-concurrence\/#article","isPartOf":{"@id":"https:\/\/dicodusport.fr\/blog\/geant-femmes-de-jasna-sara-hector-domine-la-concurrence\/"},"author":{"name":"Emilien Descampiaux","@id":"https:\/\/dicodusport.fr\/blog\/#\/schema\/person\/6db4bae06b171592211be385b32876a7"},"headline":"G\u00e9ant Femmes de Jasna : Sara Hector domine la concurrence","datePublished":"2024-01-20T12:59:38+00:00","dateModified":"2024-01-20T14:15:15+00:00","mainEntityOfPage":{"@id":"https:\/\/dicodusport.fr\/blog\/geant-femmes-de-jasna-sara-hector-domine-la-concurrence\/"},"wordCount":639,"commentCount":0,"publisher":{"@id":"https:\/\/dicodusport.fr\/blog\/#organization"},"image":{"@id":"https:\/\/dicodusport.fr\/blog\/geant-femmes-de-jasna-sara-hector-domine-la-concurrence\/#primaryimage"},"thumbnailUrl":"https:\/\/dicodusport.fr\/blog\/wp-content\/uploads\/2024\/01\/Geant-Femmes-de-Jasna-Sara-Hector-domine-la-concurrence-1.png","keywords":["br\u00e8ve","Coupe du monde de ski alpin","Ski alpin","sport"],"articleSection":["Coupe du monde de ski alpin"],"inLanguage":"fr-FR","potentialAction":[{"@type":"CommentAction","name":"Comment","target":["https:\/\/dicodusport.fr\/blog\/geant-femmes-de-jasna-sara-hector-domine-la-concurrence\/#respond"]}],"copyrightYear":"2024","copyrightHolder":{"@id":"https:\/\/dicodusport.fr\/blog\/#organization"}},{"@type":"WebPage","@id":"https:\/\/dicodusport.fr\/blog\/geant-femmes-de-jasna-sara-hector-domine-la-concurrence\/","url":"https:\/\/dicodusport.fr\/blog\/geant-femmes-de-jasna-sara-hector-domine-la-concurrence\/","name":"G\u00e9ant Femmes de Jasna : Sara Hector domine la concurrence","isPartOf":{"@id":"https:\/\/dicodusport.fr\/blog\/#website"},"primaryImageOfPage":{"@id":"https:\/\/dicodusport.fr\/blog\/geant-femmes-de-jasna-sara-hector-domine-la-concurrence\/#primaryimage"},"image":{"@id":"https:\/\/dicodusport.fr\/blog\/geant-femmes-de-jasna-sara-hector-domine-la-concurrence\/#primaryimage"},"thumbnailUrl":"https:\/\/dicodusport.fr\/blog\/wp-content\/uploads\/2024\/01\/Geant-Femmes-de-Jasna-Sara-Hector-domine-la-concurrence-1.png","datePublished":"2024-01-20T12:59:38+00:00","dateModified":"2024-01-20T14:15:15+00:00","description":"COUPE DU MONDE DE SKI ALPIN 2023-2024 - Sara Hector s'est impos\u00e9e lors du g\u00e9ant de Jasna en Slovaquie, samedi.","breadcrumb":{"@id":"https:\/\/dicodusport.fr\/blog\/geant-femmes-de-jasna-sara-hector-domine-la-concurrence\/#breadcrumb"},"inLanguage":"fr-FR","potentialAction":[{"@type":"ReadAction","target":["https:\/\/dicodusport.fr\/blog\/geant-femmes-de-jasna-sara-hector-domine-la-concurrence\/"]}]},{"@type":"ImageObject","inLanguage":"fr-FR","@id":"https:\/\/dicodusport.fr\/blog\/geant-femmes-de-jasna-sara-hector-domine-la-concurrence\/#primaryimage","url":"https:\/\/dicodusport.fr\/blog\/wp-content\/uploads\/2024\/01\/Geant-Femmes-de-Jasna-Sara-Hector-domine-la-concurrence-1.png","contentUrl":"https:\/\/dicodusport.fr\/blog\/wp-content\/uploads\/2024\/01\/Geant-Femmes-de-Jasna-Sara-Hector-domine-la-concurrence-1.png","width":1200,"height":674,"caption":"G\u00e9ant Femmes de Jasna Sara Hector domine la concurrence (1)"},{"@type":"BreadcrumbList","@id":"https:\/\/dicodusport.fr\/blog\/geant-femmes-de-jasna-sara-hector-domine-la-concurrence\/#breadcrumb","itemListElement":[{"@type":"ListItem","position":1,"name":"Accueil","item":"https:\/\/dicodusport.fr\/blog\/"},{"@type":"ListItem","position":2,"name":"G\u00e9ant Femmes de Jasna : Sara Hector domine la concurrence"}]},{"@type":"WebSite","@id":"https:\/\/dicodusport.fr\/blog\/#website","url":"https:\/\/dicodusport.fr\/blog\/","name":"Dicodusport","description":"L&#039;encyclop\u00e9die de l&#039;actualit\u00e9 sportive","publisher":{"@id":"https:\/\/dicodusport.fr\/blog\/#organization"},"potentialAction":[{"@type":"SearchAction","target":{"@type":"EntryPoint","urlTemplate":"https:\/\/dicodusport.fr\/blog\/?s={search_term_string}"},"query-input":{"@type":"PropertyValueSpecification","valueRequired":true,"valueName":"search_term_string"}}],"inLanguage":"fr-FR"},{"@type":"NewsMediaOrganization","@id":"https:\/\/dicodusport.fr\/blog\/#organization","name":"Dicodusport","url":"https:\/\/dicodusport.fr\/blog\/","logo":{"@type":"ImageObject","inLanguage":"fr-FR","@id":"https:\/\/dicodusport.fr\/blog\/#\/schema\/logo\/image\/","url":"https:\/\/dicodusport.fr\/blog\/wp-content\/uploads\/2020\/06\/cropped-LOGO-DICODUSPORT-2020-SANS-FOND-SANS-TEXTE.png","contentUrl":"https:\/\/dicodusport.fr\/blog\/wp-content\/uploads\/2020\/06\/cropped-LOGO-DICODUSPORT-2020-SANS-FOND-SANS-TEXTE.png","width":512,"height":512,"caption":"Dicodusport"},"image":{"@id":"https:\/\/dicodusport.fr\/blog\/#\/schema\/logo\/image\/"},"sameAs":["https:\/\/www.facebook.com\/dicodusport","https:\/\/x.com\/dicodusport","https:\/\/www.instagram.com\/dicodusport\/","https:\/\/www.youtube.com\/channel\/UC7V2KZ5sd3htJivAbA4ZG3w"],"description":"Dicodusport est l'encyclop\u00e9die de l'actualit\u00e9 sportive.","email":"bonjour@dicodusport.fr","legalName":"DICODUSPORT","foundingDate":"2018-01-14","vatID":"FR71834470973","taxID":"83447097300043","numberOfEmployees":{"@type":"QuantitativeValue","minValue":"1","maxValue":"10"}},{"@type":"Person","@id":"https:\/\/dicodusport.fr\/blog\/#\/schema\/person\/6db4bae06b171592211be385b32876a7","name":"Emilien Descampiaux","image":{"@type":"ImageObject","inLanguage":"fr-FR","@id":"https:\/\/dicodusport.fr\/blog\/#\/schema\/person\/image\/","url":"https:\/\/dicodusport.fr\/blog\/wp-content\/uploads\/2021\/05\/Emilien-Descampiaux-150x150.jpg","contentUrl":"https:\/\/dicodusport.fr\/blog\/wp-content\/uploads\/2021\/05\/Emilien-Descampiaux-150x150.jpg","caption":"Emilien Descampiaux"},"description":"Journaliste\/r\u00e9dacteur depuis 2014 - Fan de la classe de Frank Vandenbroucke, je vis cyclisme (et de ses paysages) depuis plus de 20 ans. Je suis tr\u00e8s impliqu\u00e9 sur mes diff\u00e9rents r\u00e9seaux sociaux pour partager ma passion sur le monde et l'Histoire de la bicyclette avec ma voix sur les images en noir et blanc du succ\u00e8s de Rik Van Steenbergen lors du Ronde sur le V\u00e9lodrome de Gand.","sameAs":["https:\/\/www.facebook.com\/groups\/LesRoisDuPeloton","https:\/\/x.com\/https:\/\/twitter.com\/LRoisDuPeloton"],"url":"https:\/\/dicodusport.fr\/blog\/author\/emiliend\/"}]}},"_links":{"self":[{"href":"https:\/\/dicodusport.fr\/blog\/wp-json\/wp\/v2\/posts\/454649","targetHints":{"allow":["GET"]}}],"collection":[{"href":"https:\/\/dicodusport.fr\/blog\/wp-json\/wp\/v2\/posts"}],"about":[{"href":"https:\/\/dicodusport.fr\/blog\/wp-json\/wp\/v2\/types\/post"}],"author":[{"embeddable":true,"href":"https:\/\/dicodusport.fr\/blog\/wp-json\/wp\/v2\/users\/48"}],"replies":[{"embeddable":true,"href":"https:\/\/dicodusport.fr\/blog\/wp-json\/wp\/v2\/comments?post=454649"}],"version-history":[{"count":5,"href":"https:\/\/dicodusport.fr\/blog\/wp-json\/wp\/v2\/posts\/454649\/revisions"}],"predecessor-version":[{"id":454728,"href":"https:\/\/dicodusport.fr\/blog\/wp-json\/wp\/v2\/posts\/454649\/revisions\/454728"}],"wp:featuredmedia":[{"embeddable":true,"href":"https:\/\/dicodusport.fr\/blog\/wp-json\/wp\/v2\/media\/454747"}],"wp:attachment":[{"href":"https:\/\/dicodusport.fr\/blog\/wp-json\/wp\/v2\/media?parent=454649"}],"wp:term":[{"taxonomy":"category","embeddable":true,"href":"https:\/\/dicodusport.fr\/blog\/wp-json\/wp\/v2\/categories?post=454649"},{"taxonomy":"post_tag","embeddable":true,"href":"https:\/\/dicodusport.fr\/blog\/wp-json\/wp\/v2\/tags?post=454649"}],"curies":[{"name":"wp","href":"https:\/\/api.w.org\/{rel}","templated":true}]}}