{"id":454882,"date":"2024-01-27T22:12:09","date_gmt":"2024-01-27T21:12:09","guid":{"rendered":"https:\/\/dicodusport.fr\/blog\/?p=454882&#038;preview=true&#038;preview_id=454882"},"modified":"2024-01-28T03:33:07","modified_gmt":"2024-01-28T02:33:07","slug":"cadel-evans-road-race-2024-parcours-complet-et-profil","status":"publish","type":"post","link":"https:\/\/dicodusport.fr\/blog\/cadel-evans-road-race-2024-parcours-complet-et-profil\/","title":{"rendered":"Cadel Evans Road Race 2024 : Parcours et profil"},"content":{"rendered":"<p style=\"text-align: justify;\"><b><i>CADEL EVANS ROAD RACE 2024 &#8211; Le dimanche 28 janvier aura lieu la 8e \u00e9dition de la Cadel Evans Road Race. Pour sa septi\u00e8me \u00e9dition, la course se d\u00e9roulera toujours dans l&rsquo;\u00c9tat de Victoria en Australie, \u00e0 Geelong et ses alentours.<\/i><\/b><\/p>\n<ul>\n<li style=\"text-align: justify;\"><strong>\u00c0 ce sujet &#8211; <a href=\"https:\/\/dicodusport.fr\/blog\/cadel-evans-road-race-2024-les-engages\/\">Cadel Evans Road Race 2024 : Les engag\u00e9s<\/a><\/strong><\/li>\n<\/ul>\n<h2 style=\"text-align: justify;\">Parcours et profil de la Cadel Evans Road Race 2024<\/h2>\n<p style=\"text-align: justify;\"><strong>Cadel Evans<\/strong> a pris sa retraite en tant que cycliste professionnel en 2015 lors de la <strong>Cadel Evans Great Ocean Road Race<\/strong>. La course a \u00e9t\u00e9 organis\u00e9e sp\u00e9cialement pour lui, car les organisateurs estimaient qu&rsquo;Evans, en tant que seul vainqueur australien du Tour de France et champion du monde sur route, m\u00e9ritait un grand adieu. Lors de sa premi\u00e8re ann\u00e9e, la course avait alors un statut 1.1 au calendrier UCI. Dans les ann\u00e9es qui suivirent, la comp\u00e9tition continua d&rsquo;exister et la course se perfectionna m\u00eame lentement. La <strong>Cadel Evans Great Ocean Road Race<\/strong> a \u00e9t\u00e9 annul\u00e9e en 2021 et en 2022 en raison de la pand\u00e9mie de coronavirus.<\/p>\n<p style=\"text-align: justify;\">Cette course d&rsquo;un jour est inscrite au <a href=\"https:\/\/dicodusport.fr\/blog\/cyclisme-calendrier-world-tour-2024\/\">calendrier World Tour<\/a>, mais il n&rsquo;y aura que 13 \u00e9quipes pr\u00e9sentes, dont 10 World Teams (Ark\u00e9a B&amp;B Hotels, Astana Qazaqstan, Cofidis, Groupama FDJ, INEOS Grenadiers, Intermarch\u00e9 Wanty, Lidl Trek, Team dsm-firmenich PostNL, Team Jayco AlUla, EF Education EasyPost), une ContiPro (Israel Premier Tech) et trois continentales (ARA | Skip Capital et Team BridgeLane).<\/p>\n<ul>\n<li style=\"text-align: justify;\"><span style=\"font-size: 16px;\"><strong>\u00c0 ce sujet &#8211; <a href=\"https:\/\/dicodusport.fr\/blog\/actualites\/cyclisme\/cyclisme-sur-route-2024\/\">L&rsquo;actualit\u00e9 du cyclisme sur route<\/a>\u00a0<\/strong><\/span><\/li>\n<\/ul>\n<h3 style=\"text-align: justify;\">Un parcours traditionnel<\/h3>\n<p style=\"text-align: justify;\">D&rsquo;abord, le d\u00e9part sera donn\u00e9 \u00e0 11 heures 10 (heure locale) de <strong>Geelong,<\/strong> la deuxi\u00e8me plus grande ville de l\u2019\u00c9tat de Victoria, au bord de la baie de Stingaree, au sud-ouest de Melbourne.<\/p>\n<p style=\"text-align: justify;\">Ensuite, le d\u00e9but de la course se fera sur une grande boucle dans le sens inverse des aiguilles d&rsquo;une montre, autour du Lac Conneware Wildlife Reserve, sur plus de 100 kilom\u00e8tres, dans la P\u00e9ninsule Bellarine, au sud de <strong>Geelong<\/strong>. Dans cette partie de la course, les 55 premiers kilom\u00e8tres seront vallonn\u00e9s en passant <strong>Moriac<\/strong> et <strong>Bellbrae <\/strong>\u00e0 travers la r\u00e9gion de Mount Moriac. Ensuite, pendant 25 kilom\u00e8tres, la route restera plate par <strong>Barwon Heads<\/strong>, avec des routes rectilignes en longeant l&rsquo;oc\u00e9an jusqu&rsquo;\u00e0 <strong>Torquay<\/strong>.<\/p>\n<p style=\"text-align: justify;\">Puis, les coureurs iront dans les terres en direction du nord sur une trentaine de kilom\u00e8tres, les coureurs retrouveront de longues lignes droites sur des routes avec des faux plats montants et descendants.<\/p>\n<h3 style=\"text-align: justify;\">Un circuit l\u00e9g\u00e8rement s\u00e9lectif<\/h3>\n<p style=\"text-align: justify;\">Par la suite,\u00a0 avant de rejoindre le circuit final \u00e0 <strong>Geelong<\/strong>. Il y aura une premi\u00e8re ascension du <strong>Challambra Crescent<\/strong> avec un pourcentage moyen de 8,4% sur 1,2 kilom\u00e8tre avec un passage \u00e0 22 %. Un joli raidard au milieu des maisons o\u00f9 le public sera nombreux.<\/p>\n<p style=\"text-align: justify;\">Au bas de la descente, apr\u00e8s \u00eatre pass\u00e9 sur le pont Queen Park Bridge, il y aura encore une petite butte de 400 m\u00e8tres sur la <strong>Melville Avenue<\/strong> avec un pourcentage moyen de 8 %. Cette petite c\u00f4te sera abord\u00e9e apr\u00e8s un virage \u00e0 gauche o\u00f9 les coureurs perdront de la vitesse.<\/p>\n<p style=\"text-align: justify;\">Ensuite, les coureurs emprunteront deux grandes lignes droites sur la Minerva Road pour rejoindre la flamme rouge. Dans cette partie, les coureurs rouleront \u00e0 allure tr\u00e8s rapide avec des portions plates, voire l\u00e9g\u00e8rement descendantes.<\/p>\n<p style=\"text-align: justify;\">Apr\u00e8s un premier passage sur la ligne, il restera encore 4 tours de circuit de 17 kilom\u00e8tres \u00e0 effectuer pour faire exploser les sprinteurs et fatiguer un maximum leurs \u00e9quipiers. La r\u00e9p\u00e9tition des deux c\u00f4tes permettra des attaques de la part des grimpeurs et des puncheurs. Cependant, apr\u00e8s ces deux petites ascensions, il restera un peu moins de 10 kilom\u00e8tres plats et rectilignes pour rejoindre la ligne d&rsquo;arriv\u00e9e et permettre un regroupement.<\/p>\n<p style=\"text-align: justify;\">Enfin, l&rsquo;arriv\u00e9e se trouvera sur une derni\u00e8re ligne droite d&rsquo;environ un kilom\u00e8tre sur la Western Beach Road, le long de la baie, \u00e0 <strong>Geelong<\/strong> apr\u00e8s 176 kilom\u00e8tres de course. L&rsquo;arriv\u00e9e sera jug\u00e9e entre 5h00 et 5h30.<\/p>\n<div id=\"attachment_456734\" style=\"width: 1778px\" class=\"wp-caption aligncenter\"><img loading=\"lazy\" decoding=\"async\" aria-describedby=\"caption-attachment-456734\" class=\"wp-image-456734 size-full\" src=\"https:\/\/dicodusport.fr\/blog\/wp-content\/uploads\/2024\/01\/Carte-du-parcours-de-la-Cadel-Evans-Road-Race-2024.jpg\" alt=\"Carte du parcours de la Cadel Evans Road Race 2024\" width=\"1768\" height=\"1062\" srcset=\"https:\/\/dicodusport.fr\/blog\/wp-content\/uploads\/2024\/01\/Carte-du-parcours-de-la-Cadel-Evans-Road-Race-2024.jpg 1768w, https:\/\/dicodusport.fr\/blog\/wp-content\/uploads\/2024\/01\/Carte-du-parcours-de-la-Cadel-Evans-Road-Race-2024-300x180.jpg 300w, https:\/\/dicodusport.fr\/blog\/wp-content\/uploads\/2024\/01\/Carte-du-parcours-de-la-Cadel-Evans-Road-Race-2024-1024x615.jpg 1024w, https:\/\/dicodusport.fr\/blog\/wp-content\/uploads\/2024\/01\/Carte-du-parcours-de-la-Cadel-Evans-Road-Race-2024-768x461.jpg 768w, https:\/\/dicodusport.fr\/blog\/wp-content\/uploads\/2024\/01\/Carte-du-parcours-de-la-Cadel-Evans-Road-Race-2024-1536x923.jpg 1536w, https:\/\/dicodusport.fr\/blog\/wp-content\/uploads\/2024\/01\/Carte-du-parcours-de-la-Cadel-Evans-Road-Race-2024-1000x600.jpg 1000w, https:\/\/dicodusport.fr\/blog\/wp-content\/uploads\/2024\/01\/Carte-du-parcours-de-la-Cadel-Evans-Road-Race-2024-590x354.jpg 590w, https:\/\/dicodusport.fr\/blog\/wp-content\/uploads\/2024\/01\/Carte-du-parcours-de-la-Cadel-Evans-Road-Race-2024-400x240.jpg 400w\" sizes=\"auto, (max-width: 1768px) 100vw, 1768px\" \/><p id=\"caption-attachment-456734\" class=\"wp-caption-text\">Carte du parcours de la Cadel Evans Road Race 2024 &#8211; Via Cadel Evans Great Ocean Road Race<\/p><\/div>\n<h3 style=\"text-align: justify;\">Le profil de la Cadel Evans Road Race 2024<\/h3>\n<div id=\"attachment_456732\" style=\"width: 1210px\" class=\"wp-caption aligncenter\"><img loading=\"lazy\" decoding=\"async\" aria-describedby=\"caption-attachment-456732\" class=\"wp-image-456732 size-full\" src=\"https:\/\/dicodusport.fr\/blog\/wp-content\/uploads\/2024\/01\/Profil-de-la-Cadel-Evans-Road-Race-2024.webp\" alt=\"Profil de la Cadel Evans Road Race 2024\" width=\"1200\" height=\"625\" srcset=\"https:\/\/dicodusport.fr\/blog\/wp-content\/uploads\/2024\/01\/Profil-de-la-Cadel-Evans-Road-Race-2024.webp 1200w, https:\/\/dicodusport.fr\/blog\/wp-content\/uploads\/2024\/01\/Profil-de-la-Cadel-Evans-Road-Race-2024-300x156.webp 300w, https:\/\/dicodusport.fr\/blog\/wp-content\/uploads\/2024\/01\/Profil-de-la-Cadel-Evans-Road-Race-2024-1024x533.webp 1024w, https:\/\/dicodusport.fr\/blog\/wp-content\/uploads\/2024\/01\/Profil-de-la-Cadel-Evans-Road-Race-2024-768x400.webp 768w\" sizes=\"auto, (max-width: 1200px) 100vw, 1200px\" \/><p id=\"caption-attachment-456732\" class=\"wp-caption-text\">Profil de la Cadel Evans Road Race 2024 &#8211; Via La Flamme Rouge<\/p><\/div>\n<h2 style=\"text-align: justify;\">Palmar\u00e8s de la Cadel Evans Road Race<\/h2>\n<p style=\"text-align: justify;\"><strong>2023 :<\/strong> MAYRHOFER Marius<\/p>\n<p style=\"text-align: justify;\"><strong>2020 :<\/strong> DEVENYNS Dries<\/p>\n<p style=\"text-align: justify;\"><strong>2019 :<\/strong> VIVIANI Elia<\/p>\n<p style=\"text-align: justify;\"><strong>2018 :<\/strong> MCCARTHY Jay<\/p>\n<p style=\"text-align: justify;\"><strong>2017 :<\/strong> ARNDT Nikias<\/p>\n<p style=\"text-align: justify;\"><strong>2016 :<\/strong> KENNAUGH Peter<\/p>\n<p style=\"text-align: justify;\"><strong>2015 :<\/strong> MEERSMAN Gianni<\/p>\n<p style=\"text-align: justify;\">\n","protected":false},"excerpt":{"rendered":"<p>CADEL EVANS ROAD RACE 2024 &#8211; Le dimanche 28 janvier aura lieu la 8e \u00e9dition de la Cadel Evans Road Race. Parcours complet et profil.<\/p>\n","protected":false},"author":48,"featured_media":456735,"comment_status":"open","ping_status":"closed","sticky":false,"template":"","format":"standard","meta":{"_acf_changed":false,"_daextam_enable_autolinks":"1","footnotes":""},"categories":[46994],"tags":[16878,29104,574,11197],"class_list":["post-454882","post","type-post","status-publish","format-standard","has-post-thumbnail","hentry","category-cyclisme-sur-route","tag-breve","tag-cadel-evans-road-race","tag-cyclisme","tag-cyclisme-sur-route"],"acf":[],"yoast_head":"<!-- This site is optimized with the Yoast SEO Premium plugin v26.7 (Yoast SEO v26.7) - https:\/\/yoast.com\/wordpress\/plugins\/seo\/ -->\n<title>Cadel Evans Road Race 2024 : Parcours et profil<\/title>\n<meta name=\"description\" content=\"CADEL EVANS ROAD RACE 2024 - Le dimanche 28 janvier aura lieu la 8e \u00e9dition de la Cadel Evans Road Race. Parcours complet et profil.\" \/>\n<meta name=\"robots\" content=\"index, follow, max-snippet:-1, max-image-preview:large, max-video-preview:-1\" \/>\n<link rel=\"canonical\" href=\"https:\/\/dicodusport.fr\/blog\/cadel-evans-road-race-2024-parcours-complet-et-profil\/\" \/>\n<meta property=\"og:locale\" content=\"fr_FR\" \/>\n<meta property=\"og:type\" content=\"article\" \/>\n<meta property=\"og:title\" content=\"Cadel Evans Road Race 2024 : Parcours et profil\" \/>\n<meta property=\"og:description\" content=\"CADEL EVANS ROAD RACE 2024 - Le dimanche 28 janvier aura lieu la 8e \u00e9dition de la Cadel Evans Road Race. Parcours complet et profil.\" \/>\n<meta property=\"og:url\" content=\"https:\/\/dicodusport.fr\/blog\/cadel-evans-road-race-2024-parcours-complet-et-profil\/\" \/>\n<meta property=\"og:site_name\" content=\"Dicodusport\" \/>\n<meta property=\"article:publisher\" content=\"https:\/\/www.facebook.com\/dicodusport\" \/>\n<meta property=\"article:author\" content=\"https:\/\/www.facebook.com\/groups\/LesRoisDuPeloton\" \/>\n<meta property=\"article:published_time\" content=\"2024-01-27T21:12:09+00:00\" \/>\n<meta property=\"article:modified_time\" content=\"2024-01-28T02:33:07+00:00\" \/>\n<meta property=\"og:image\" content=\"https:\/\/dicodusport.fr\/blog\/wp-content\/uploads\/2024\/01\/Cadel-Evans-Road-Race-2024-Parcours-complet-et-profil.png\" \/>\n\t<meta property=\"og:image:width\" content=\"1200\" \/>\n\t<meta property=\"og:image:height\" content=\"674\" \/>\n\t<meta property=\"og:image:type\" content=\"image\/png\" \/>\n<meta name=\"author\" content=\"Emilien Descampiaux\" \/>\n<meta name=\"twitter:card\" content=\"summary_large_image\" \/>\n<meta name=\"twitter:title\" content=\"Cadel Evans Road Race 2024 : Parcours et profil\" \/>\n<meta name=\"twitter:creator\" content=\"@https:\/\/twitter.com\/LRoisDuPeloton\" \/>\n<meta name=\"twitter:site\" content=\"@dicodusport\" \/>\n<script type=\"application\/ld+json\" class=\"yoast-schema-graph\">{\"@context\":\"https:\/\/schema.org\",\"@graph\":[{\"@type\":\"NewsArticle\",\"@id\":\"https:\/\/dicodusport.fr\/blog\/cadel-evans-road-race-2024-parcours-complet-et-profil\/#article\",\"isPartOf\":{\"@id\":\"https:\/\/dicodusport.fr\/blog\/cadel-evans-road-race-2024-parcours-complet-et-profil\/\"},\"author\":{\"name\":\"Emilien Descampiaux\",\"@id\":\"https:\/\/dicodusport.fr\/blog\/#\/schema\/person\/6db4bae06b171592211be385b32876a7\"},\"headline\":\"Cadel Evans Road Race 2024 : Parcours et profil\",\"datePublished\":\"2024-01-27T21:12:09+00:00\",\"dateModified\":\"2024-01-28T02:33:07+00:00\",\"mainEntityOfPage\":{\"@id\":\"https:\/\/dicodusport.fr\/blog\/cadel-evans-road-race-2024-parcours-complet-et-profil\/\"},\"wordCount\":748,\"commentCount\":0,\"publisher\":{\"@id\":\"https:\/\/dicodusport.fr\/blog\/#organization\"},\"image\":{\"@id\":\"https:\/\/dicodusport.fr\/blog\/cadel-evans-road-race-2024-parcours-complet-et-profil\/#primaryimage\"},\"thumbnailUrl\":\"https:\/\/dicodusport.fr\/blog\/wp-content\/uploads\/2024\/01\/Cadel-Evans-Road-Race-2024-Parcours-complet-et-profil.png\",\"keywords\":[\"br\u00e8ve\",\"Cadel Evans Road Race\",\"Cyclisme\",\"Cyclisme sur route\"],\"articleSection\":[\"Cyclisme sur route\"],\"inLanguage\":\"fr-FR\",\"potentialAction\":[{\"@type\":\"CommentAction\",\"name\":\"Comment\",\"target\":[\"https:\/\/dicodusport.fr\/blog\/cadel-evans-road-race-2024-parcours-complet-et-profil\/#respond\"]}],\"copyrightYear\":\"2024\",\"copyrightHolder\":{\"@id\":\"https:\/\/dicodusport.fr\/blog\/#organization\"}},{\"@type\":\"WebPage\",\"@id\":\"https:\/\/dicodusport.fr\/blog\/cadel-evans-road-race-2024-parcours-complet-et-profil\/\",\"url\":\"https:\/\/dicodusport.fr\/blog\/cadel-evans-road-race-2024-parcours-complet-et-profil\/\",\"name\":\"Cadel Evans Road Race 2024 : Parcours et profil\",\"isPartOf\":{\"@id\":\"https:\/\/dicodusport.fr\/blog\/#website\"},\"primaryImageOfPage\":{\"@id\":\"https:\/\/dicodusport.fr\/blog\/cadel-evans-road-race-2024-parcours-complet-et-profil\/#primaryimage\"},\"image\":{\"@id\":\"https:\/\/dicodusport.fr\/blog\/cadel-evans-road-race-2024-parcours-complet-et-profil\/#primaryimage\"},\"thumbnailUrl\":\"https:\/\/dicodusport.fr\/blog\/wp-content\/uploads\/2024\/01\/Cadel-Evans-Road-Race-2024-Parcours-complet-et-profil.png\",\"datePublished\":\"2024-01-27T21:12:09+00:00\",\"dateModified\":\"2024-01-28T02:33:07+00:00\",\"description\":\"CADEL EVANS ROAD RACE 2024 - Le dimanche 28 janvier aura lieu la 8e \u00e9dition de la Cadel Evans Road Race. Parcours complet et profil.\",\"breadcrumb\":{\"@id\":\"https:\/\/dicodusport.fr\/blog\/cadel-evans-road-race-2024-parcours-complet-et-profil\/#breadcrumb\"},\"inLanguage\":\"fr-FR\",\"potentialAction\":[{\"@type\":\"ReadAction\",\"target\":[\"https:\/\/dicodusport.fr\/blog\/cadel-evans-road-race-2024-parcours-complet-et-profil\/\"]}]},{\"@type\":\"ImageObject\",\"inLanguage\":\"fr-FR\",\"@id\":\"https:\/\/dicodusport.fr\/blog\/cadel-evans-road-race-2024-parcours-complet-et-profil\/#primaryimage\",\"url\":\"https:\/\/dicodusport.fr\/blog\/wp-content\/uploads\/2024\/01\/Cadel-Evans-Road-Race-2024-Parcours-complet-et-profil.png\",\"contentUrl\":\"https:\/\/dicodusport.fr\/blog\/wp-content\/uploads\/2024\/01\/Cadel-Evans-Road-Race-2024-Parcours-complet-et-profil.png\",\"width\":1200,\"height\":674,\"caption\":\"Cadel Evans Road Race 2024 Parcours complet et profil\"},{\"@type\":\"BreadcrumbList\",\"@id\":\"https:\/\/dicodusport.fr\/blog\/cadel-evans-road-race-2024-parcours-complet-et-profil\/#breadcrumb\",\"itemListElement\":[{\"@type\":\"ListItem\",\"position\":1,\"name\":\"Accueil\",\"item\":\"https:\/\/dicodusport.fr\/blog\/\"},{\"@type\":\"ListItem\",\"position\":2,\"name\":\"Cadel Evans Road Race 2024 : Parcours et profil\"}]},{\"@type\":\"WebSite\",\"@id\":\"https:\/\/dicodusport.fr\/blog\/#website\",\"url\":\"https:\/\/dicodusport.fr\/blog\/\",\"name\":\"Dicodusport\",\"description\":\"L&#039;encyclop\u00e9die de l&#039;actualit\u00e9 sportive\",\"publisher\":{\"@id\":\"https:\/\/dicodusport.fr\/blog\/#organization\"},\"potentialAction\":[{\"@type\":\"SearchAction\",\"target\":{\"@type\":\"EntryPoint\",\"urlTemplate\":\"https:\/\/dicodusport.fr\/blog\/?s={search_term_string}\"},\"query-input\":{\"@type\":\"PropertyValueSpecification\",\"valueRequired\":true,\"valueName\":\"search_term_string\"}}],\"inLanguage\":\"fr-FR\"},{\"@type\":\"NewsMediaOrganization\",\"@id\":\"https:\/\/dicodusport.fr\/blog\/#organization\",\"name\":\"Dicodusport\",\"url\":\"https:\/\/dicodusport.fr\/blog\/\",\"logo\":{\"@type\":\"ImageObject\",\"inLanguage\":\"fr-FR\",\"@id\":\"https:\/\/dicodusport.fr\/blog\/#\/schema\/logo\/image\/\",\"url\":\"https:\/\/dicodusport.fr\/blog\/wp-content\/uploads\/2020\/06\/cropped-LOGO-DICODUSPORT-2020-SANS-FOND-SANS-TEXTE.png\",\"contentUrl\":\"https:\/\/dicodusport.fr\/blog\/wp-content\/uploads\/2020\/06\/cropped-LOGO-DICODUSPORT-2020-SANS-FOND-SANS-TEXTE.png\",\"width\":512,\"height\":512,\"caption\":\"Dicodusport\"},\"image\":{\"@id\":\"https:\/\/dicodusport.fr\/blog\/#\/schema\/logo\/image\/\"},\"sameAs\":[\"https:\/\/www.facebook.com\/dicodusport\",\"https:\/\/x.com\/dicodusport\",\"https:\/\/www.instagram.com\/dicodusport\/\",\"https:\/\/www.youtube.com\/channel\/UC7V2KZ5sd3htJivAbA4ZG3w\"],\"description\":\"Dicodusport est l'encyclop\u00e9die de l'actualit\u00e9 sportive.\",\"email\":\"bonjour@dicodusport.fr\",\"legalName\":\"DICODUSPORT\",\"foundingDate\":\"2018-01-14\",\"vatID\":\"FR71834470973\",\"taxID\":\"83447097300043\",\"numberOfEmployees\":{\"@type\":\"QuantitativeValue\",\"minValue\":\"1\",\"maxValue\":\"10\"}},{\"@type\":\"Person\",\"@id\":\"https:\/\/dicodusport.fr\/blog\/#\/schema\/person\/6db4bae06b171592211be385b32876a7\",\"name\":\"Emilien Descampiaux\",\"image\":{\"@type\":\"ImageObject\",\"inLanguage\":\"fr-FR\",\"@id\":\"https:\/\/dicodusport.fr\/blog\/#\/schema\/person\/image\/\",\"url\":\"https:\/\/dicodusport.fr\/blog\/wp-content\/uploads\/2021\/05\/Emilien-Descampiaux-150x150.jpg\",\"contentUrl\":\"https:\/\/dicodusport.fr\/blog\/wp-content\/uploads\/2021\/05\/Emilien-Descampiaux-150x150.jpg\",\"caption\":\"Emilien Descampiaux\"},\"description\":\"Journaliste\/r\u00e9dacteur depuis 2014 - Fan de la classe de Frank Vandenbroucke, je vis cyclisme (et de ses paysages) depuis plus de 20 ans. Je suis tr\u00e8s impliqu\u00e9 sur mes diff\u00e9rents r\u00e9seaux sociaux pour partager ma passion sur le monde et l'Histoire de la bicyclette avec ma voix sur les images en noir et blanc du succ\u00e8s de Rik Van Steenbergen lors du Ronde sur le V\u00e9lodrome de Gand.\",\"sameAs\":[\"https:\/\/www.facebook.com\/groups\/LesRoisDuPeloton\",\"https:\/\/x.com\/https:\/\/twitter.com\/LRoisDuPeloton\"],\"url\":\"https:\/\/dicodusport.fr\/blog\/author\/emiliend\/\"}]}<\/script>\n<!-- \/ Yoast SEO Premium plugin. -->","yoast_head_json":{"title":"Cadel Evans Road Race 2024 : Parcours et profil","description":"CADEL EVANS ROAD RACE 2024 - Le dimanche 28 janvier aura lieu la 8e \u00e9dition de la Cadel Evans Road Race. Parcours complet et profil.","robots":{"index":"index","follow":"follow","max-snippet":"max-snippet:-1","max-image-preview":"max-image-preview:large","max-video-preview":"max-video-preview:-1"},"canonical":"https:\/\/dicodusport.fr\/blog\/cadel-evans-road-race-2024-parcours-complet-et-profil\/","og_locale":"fr_FR","og_type":"article","og_title":"Cadel Evans Road Race 2024 : Parcours et profil","og_description":"CADEL EVANS ROAD RACE 2024 - Le dimanche 28 janvier aura lieu la 8e \u00e9dition de la Cadel Evans Road Race. Parcours complet et profil.","og_url":"https:\/\/dicodusport.fr\/blog\/cadel-evans-road-race-2024-parcours-complet-et-profil\/","og_site_name":"Dicodusport","article_publisher":"https:\/\/www.facebook.com\/dicodusport","article_author":"https:\/\/www.facebook.com\/groups\/LesRoisDuPeloton","article_published_time":"2024-01-27T21:12:09+00:00","article_modified_time":"2024-01-28T02:33:07+00:00","og_image":[{"width":1200,"height":674,"url":"https:\/\/dicodusport.fr\/blog\/wp-content\/uploads\/2024\/01\/Cadel-Evans-Road-Race-2024-Parcours-complet-et-profil.png","type":"image\/png"}],"author":"Emilien Descampiaux","twitter_card":"summary_large_image","twitter_title":"Cadel Evans Road Race 2024 : Parcours et profil","twitter_creator":"@https:\/\/twitter.com\/LRoisDuPeloton","twitter_site":"@dicodusport","schema":{"@context":"https:\/\/schema.org","@graph":[{"@type":"NewsArticle","@id":"https:\/\/dicodusport.fr\/blog\/cadel-evans-road-race-2024-parcours-complet-et-profil\/#article","isPartOf":{"@id":"https:\/\/dicodusport.fr\/blog\/cadel-evans-road-race-2024-parcours-complet-et-profil\/"},"author":{"name":"Emilien Descampiaux","@id":"https:\/\/dicodusport.fr\/blog\/#\/schema\/person\/6db4bae06b171592211be385b32876a7"},"headline":"Cadel Evans Road Race 2024 : Parcours et profil","datePublished":"2024-01-27T21:12:09+00:00","dateModified":"2024-01-28T02:33:07+00:00","mainEntityOfPage":{"@id":"https:\/\/dicodusport.fr\/blog\/cadel-evans-road-race-2024-parcours-complet-et-profil\/"},"wordCount":748,"commentCount":0,"publisher":{"@id":"https:\/\/dicodusport.fr\/blog\/#organization"},"image":{"@id":"https:\/\/dicodusport.fr\/blog\/cadel-evans-road-race-2024-parcours-complet-et-profil\/#primaryimage"},"thumbnailUrl":"https:\/\/dicodusport.fr\/blog\/wp-content\/uploads\/2024\/01\/Cadel-Evans-Road-Race-2024-Parcours-complet-et-profil.png","keywords":["br\u00e8ve","Cadel Evans Road Race","Cyclisme","Cyclisme sur route"],"articleSection":["Cyclisme sur route"],"inLanguage":"fr-FR","potentialAction":[{"@type":"CommentAction","name":"Comment","target":["https:\/\/dicodusport.fr\/blog\/cadel-evans-road-race-2024-parcours-complet-et-profil\/#respond"]}],"copyrightYear":"2024","copyrightHolder":{"@id":"https:\/\/dicodusport.fr\/blog\/#organization"}},{"@type":"WebPage","@id":"https:\/\/dicodusport.fr\/blog\/cadel-evans-road-race-2024-parcours-complet-et-profil\/","url":"https:\/\/dicodusport.fr\/blog\/cadel-evans-road-race-2024-parcours-complet-et-profil\/","name":"Cadel Evans Road Race 2024 : Parcours et profil","isPartOf":{"@id":"https:\/\/dicodusport.fr\/blog\/#website"},"primaryImageOfPage":{"@id":"https:\/\/dicodusport.fr\/blog\/cadel-evans-road-race-2024-parcours-complet-et-profil\/#primaryimage"},"image":{"@id":"https:\/\/dicodusport.fr\/blog\/cadel-evans-road-race-2024-parcours-complet-et-profil\/#primaryimage"},"thumbnailUrl":"https:\/\/dicodusport.fr\/blog\/wp-content\/uploads\/2024\/01\/Cadel-Evans-Road-Race-2024-Parcours-complet-et-profil.png","datePublished":"2024-01-27T21:12:09+00:00","dateModified":"2024-01-28T02:33:07+00:00","description":"CADEL EVANS ROAD RACE 2024 - Le dimanche 28 janvier aura lieu la 8e \u00e9dition de la Cadel Evans Road Race. Parcours complet et profil.","breadcrumb":{"@id":"https:\/\/dicodusport.fr\/blog\/cadel-evans-road-race-2024-parcours-complet-et-profil\/#breadcrumb"},"inLanguage":"fr-FR","potentialAction":[{"@type":"ReadAction","target":["https:\/\/dicodusport.fr\/blog\/cadel-evans-road-race-2024-parcours-complet-et-profil\/"]}]},{"@type":"ImageObject","inLanguage":"fr-FR","@id":"https:\/\/dicodusport.fr\/blog\/cadel-evans-road-race-2024-parcours-complet-et-profil\/#primaryimage","url":"https:\/\/dicodusport.fr\/blog\/wp-content\/uploads\/2024\/01\/Cadel-Evans-Road-Race-2024-Parcours-complet-et-profil.png","contentUrl":"https:\/\/dicodusport.fr\/blog\/wp-content\/uploads\/2024\/01\/Cadel-Evans-Road-Race-2024-Parcours-complet-et-profil.png","width":1200,"height":674,"caption":"Cadel Evans Road Race 2024 Parcours complet et profil"},{"@type":"BreadcrumbList","@id":"https:\/\/dicodusport.fr\/blog\/cadel-evans-road-race-2024-parcours-complet-et-profil\/#breadcrumb","itemListElement":[{"@type":"ListItem","position":1,"name":"Accueil","item":"https:\/\/dicodusport.fr\/blog\/"},{"@type":"ListItem","position":2,"name":"Cadel Evans Road Race 2024 : Parcours et profil"}]},{"@type":"WebSite","@id":"https:\/\/dicodusport.fr\/blog\/#website","url":"https:\/\/dicodusport.fr\/blog\/","name":"Dicodusport","description":"L&#039;encyclop\u00e9die de l&#039;actualit\u00e9 sportive","publisher":{"@id":"https:\/\/dicodusport.fr\/blog\/#organization"},"potentialAction":[{"@type":"SearchAction","target":{"@type":"EntryPoint","urlTemplate":"https:\/\/dicodusport.fr\/blog\/?s={search_term_string}"},"query-input":{"@type":"PropertyValueSpecification","valueRequired":true,"valueName":"search_term_string"}}],"inLanguage":"fr-FR"},{"@type":"NewsMediaOrganization","@id":"https:\/\/dicodusport.fr\/blog\/#organization","name":"Dicodusport","url":"https:\/\/dicodusport.fr\/blog\/","logo":{"@type":"ImageObject","inLanguage":"fr-FR","@id":"https:\/\/dicodusport.fr\/blog\/#\/schema\/logo\/image\/","url":"https:\/\/dicodusport.fr\/blog\/wp-content\/uploads\/2020\/06\/cropped-LOGO-DICODUSPORT-2020-SANS-FOND-SANS-TEXTE.png","contentUrl":"https:\/\/dicodusport.fr\/blog\/wp-content\/uploads\/2020\/06\/cropped-LOGO-DICODUSPORT-2020-SANS-FOND-SANS-TEXTE.png","width":512,"height":512,"caption":"Dicodusport"},"image":{"@id":"https:\/\/dicodusport.fr\/blog\/#\/schema\/logo\/image\/"},"sameAs":["https:\/\/www.facebook.com\/dicodusport","https:\/\/x.com\/dicodusport","https:\/\/www.instagram.com\/dicodusport\/","https:\/\/www.youtube.com\/channel\/UC7V2KZ5sd3htJivAbA4ZG3w"],"description":"Dicodusport est l'encyclop\u00e9die de l'actualit\u00e9 sportive.","email":"bonjour@dicodusport.fr","legalName":"DICODUSPORT","foundingDate":"2018-01-14","vatID":"FR71834470973","taxID":"83447097300043","numberOfEmployees":{"@type":"QuantitativeValue","minValue":"1","maxValue":"10"}},{"@type":"Person","@id":"https:\/\/dicodusport.fr\/blog\/#\/schema\/person\/6db4bae06b171592211be385b32876a7","name":"Emilien Descampiaux","image":{"@type":"ImageObject","inLanguage":"fr-FR","@id":"https:\/\/dicodusport.fr\/blog\/#\/schema\/person\/image\/","url":"https:\/\/dicodusport.fr\/blog\/wp-content\/uploads\/2021\/05\/Emilien-Descampiaux-150x150.jpg","contentUrl":"https:\/\/dicodusport.fr\/blog\/wp-content\/uploads\/2021\/05\/Emilien-Descampiaux-150x150.jpg","caption":"Emilien Descampiaux"},"description":"Journaliste\/r\u00e9dacteur depuis 2014 - Fan de la classe de Frank Vandenbroucke, je vis cyclisme (et de ses paysages) depuis plus de 20 ans. Je suis tr\u00e8s impliqu\u00e9 sur mes diff\u00e9rents r\u00e9seaux sociaux pour partager ma passion sur le monde et l'Histoire de la bicyclette avec ma voix sur les images en noir et blanc du succ\u00e8s de Rik Van Steenbergen lors du Ronde sur le V\u00e9lodrome de Gand.","sameAs":["https:\/\/www.facebook.com\/groups\/LesRoisDuPeloton","https:\/\/x.com\/https:\/\/twitter.com\/LRoisDuPeloton"],"url":"https:\/\/dicodusport.fr\/blog\/author\/emiliend\/"}]}},"_links":{"self":[{"href":"https:\/\/dicodusport.fr\/blog\/wp-json\/wp\/v2\/posts\/454882","targetHints":{"allow":["GET"]}}],"collection":[{"href":"https:\/\/dicodusport.fr\/blog\/wp-json\/wp\/v2\/posts"}],"about":[{"href":"https:\/\/dicodusport.fr\/blog\/wp-json\/wp\/v2\/types\/post"}],"author":[{"embeddable":true,"href":"https:\/\/dicodusport.fr\/blog\/wp-json\/wp\/v2\/users\/48"}],"replies":[{"embeddable":true,"href":"https:\/\/dicodusport.fr\/blog\/wp-json\/wp\/v2\/comments?post=454882"}],"version-history":[{"count":5,"href":"https:\/\/dicodusport.fr\/blog\/wp-json\/wp\/v2\/posts\/454882\/revisions"}],"predecessor-version":[{"id":457310,"href":"https:\/\/dicodusport.fr\/blog\/wp-json\/wp\/v2\/posts\/454882\/revisions\/457310"}],"wp:featuredmedia":[{"embeddable":true,"href":"https:\/\/dicodusport.fr\/blog\/wp-json\/wp\/v2\/media\/456735"}],"wp:attachment":[{"href":"https:\/\/dicodusport.fr\/blog\/wp-json\/wp\/v2\/media?parent=454882"}],"wp:term":[{"taxonomy":"category","embeddable":true,"href":"https:\/\/dicodusport.fr\/blog\/wp-json\/wp\/v2\/categories?post=454882"},{"taxonomy":"post_tag","embeddable":true,"href":"https:\/\/dicodusport.fr\/blog\/wp-json\/wp\/v2\/tags?post=454882"}],"curies":[{"name":"wp","href":"https:\/\/api.w.org\/{rel}","templated":true}]}}