{"id":454946,"date":"2024-01-20T22:14:41","date_gmt":"2024-01-20T21:14:41","guid":{"rendered":"https:\/\/dicodusport.fr\/blog\/?p=454946&#038;preview=true&#038;preview_id=454946"},"modified":"2024-01-20T22:23:37","modified_gmt":"2024-01-20T21:23:37","slug":"coupe-du-monde-de-skicross-terence-tchiknavorian-sur-le-podium-a-nakiska-le-dossard-jaune-pour-berger-sabbatel","status":"publish","type":"post","link":"https:\/\/dicodusport.fr\/blog\/coupe-du-monde-de-skicross-terence-tchiknavorian-sur-le-podium-a-nakiska-le-dossard-jaune-pour-berger-sabbatel\/","title":{"rendered":"Coupe du monde de skicross : Terence Tchiknavorian sur le podium \u00e0 Nakiska, le dossard jaune pour Berger Sabbatel"},"content":{"rendered":"<p style=\"text-align: justify;\"><em><b>COUPE DU MONDE DE SKICROSS 2023\/2024 &#8211; Nouvelle belle performance pour Terence Tchiknavorian. \u00c0 Nakiska (Canada), le skieur fran\u00e7ais a pris la 2e place.<\/b><\/em><\/p>\n<p style=\"text-align: justify;\">L&rsquo;hiver glorieux de<strong> Terence Tchiknavorian<\/strong> se poursuit. <a href=\"https:\/\/dicodusport.fr\/blog\/coupe-du-monde-de-skicross-terence-tchiknavorian-vainqueur-a-innichen-berger-sabbatel-sur-la-boite\/\">Vainqueur avant No\u00ebl \u00e0 Innichen<\/a>, le skieur tricolore est parvenu \u00e0 accrocher son troisi\u00e8me podium de la saison \u00e0 <strong>Nakiska<\/strong>. Ce dernier a seulement \u00e9t\u00e9 battu par le local de l&rsquo;\u00e9preuve, <strong>Reece Howden<\/strong>, \u00e0 l&rsquo;occasion de la premi\u00e8re \u00e9preuve de Coupe du monde sur les pistes canadiennes.<\/p>\n<p style=\"text-align: justify;\">De son c\u00f4t\u00e9, <strong>Marielle Berget Sabbatel<\/strong> n&rsquo;est pas parvenue \u00e0 se hisser sur la bo\u00eete, \u00e9chouant en 4e position. Toutefois, la Fran\u00e7aise en a profit\u00e9 pour r\u00e9cup\u00e9rer le dossard jaune de leader du classement g\u00e9n\u00e9ral, puisque <strong>Sandra Naeslund<\/strong> n&rsquo;a pas pris le d\u00e9part des demi-finales. Ce dimanche, la deuxi\u00e8me \u00e9preuve offrira une nouvelle opportunit\u00e9 de briller aux deux chefs de file du skicross fran\u00e7ais.<\/p>\n<blockquote class=\"twitter-tweet\">\n<p dir=\"ltr\" lang=\"fr\">\ud83d\udea8 Belle soir\u00e9e pour les \ud83c\udde8\ud83c\uddf5 du skcross \u00e0 Nakiska : nouveau podium pour Terence Tchiknavorian, <a href=\"https:\/\/twitter.com\/MarielleBerger?ref_src=twsrc%5Etfw\">@MarielleBerger<\/a> r\u00e9cup\u00e8re le dossard jaune<a href=\"https:\/\/t.co\/KOdUZdIP3R\">https:\/\/t.co\/KOdUZdIP3R<\/a><\/p>\n<p>\u2014 Ski Chrono (@Ski_Chrono) <a href=\"https:\/\/twitter.com\/Ski_Chrono\/status\/1748811502117703862?ref_src=twsrc%5Etfw\">January 20, 2024<\/a><\/p><\/blockquote>\n<p><script async src=\"https:\/\/platform.twitter.com\/widgets.js\" charset=\"utf-8\"><\/script><\/p>\n","protected":false},"excerpt":{"rendered":"<p>COUPE DU MONDE DE SKICROSS 2023\/2024 &#8211; Nouvelle belle performance pour Terence Tchiknavorian. \u00c0 Nakiska (Canada), le skieur fran\u00e7ais a pris la 2e place.<\/p>\n","protected":false},"author":55,"featured_media":454951,"comment_status":"open","ping_status":"closed","sticky":false,"template":"","format":"standard","meta":{"_acf_changed":false,"_daextam_enable_autolinks":"1","footnotes":""},"categories":[9217],"tags":[16878,13800,20815],"class_list":["post-454946","post","type-post","status-publish","format-standard","has-post-thumbnail","hentry","category-ski","tag-breve","tag-marielle-berger-sabbatel","tag-terence-tchiknavorian"],"acf":[],"yoast_head":"<!-- This site is optimized with the Yoast SEO Premium plugin v26.7 (Yoast SEO v26.7) - https:\/\/yoast.com\/wordpress\/plugins\/seo\/ -->\n<title>Coupe du monde de skicross : Terence Tchiknavorian sur le podium \u00e0 Nakiska, le dossard jaune pour Berger Sabbatel<\/title>\n<meta name=\"description\" content=\"COUPE DU MONDE DE SKICROSS 2023\/2024 - Terence Tchiknavorian a pris la 2e place de la premi\u00e8re \u00e9preuve de Coupe du monde \u00e0 Nakiska.\" \/>\n<meta name=\"robots\" content=\"index, follow, max-snippet:-1, max-image-preview:large, max-video-preview:-1\" \/>\n<link rel=\"canonical\" href=\"https:\/\/dicodusport.fr\/blog\/coupe-du-monde-de-skicross-terence-tchiknavorian-sur-le-podium-a-nakiska-le-dossard-jaune-pour-berger-sabbatel\/\" \/>\n<meta property=\"og:locale\" content=\"fr_FR\" \/>\n<meta property=\"og:type\" content=\"article\" \/>\n<meta property=\"og:title\" content=\"Coupe du monde de skicross : Terence Tchiknavorian sur le podium \u00e0 Nakiska, le dossard jaune pour Berger Sabbatel\" \/>\n<meta property=\"og:description\" content=\"COUPE DU MONDE DE SKICROSS 2023\/2024 - Terence Tchiknavorian a pris la 2e place de la premi\u00e8re \u00e9preuve de Coupe du monde \u00e0 Nakiska.\" \/>\n<meta property=\"og:url\" content=\"https:\/\/dicodusport.fr\/blog\/coupe-du-monde-de-skicross-terence-tchiknavorian-sur-le-podium-a-nakiska-le-dossard-jaune-pour-berger-sabbatel\/\" \/>\n<meta property=\"og:site_name\" content=\"Dicodusport\" \/>\n<meta property=\"article:publisher\" content=\"https:\/\/www.facebook.com\/dicodusport\" \/>\n<meta property=\"article:published_time\" content=\"2024-01-20T21:14:41+00:00\" \/>\n<meta property=\"article:modified_time\" content=\"2024-01-20T21:23:37+00:00\" \/>\n<meta property=\"og:image\" content=\"https:\/\/dicodusport.fr\/blog\/wp-content\/uploads\/2024\/01\/Coupe-du-monde-de-skicross-Terence-Tchiknavorian-sur-le-podium-a-Nakiska-le-dossard-jaune-pour-Berger-Sabbatel.png\" \/>\n\t<meta property=\"og:image:width\" content=\"1200\" \/>\n\t<meta property=\"og:image:height\" content=\"674\" \/>\n\t<meta property=\"og:image:type\" content=\"image\/png\" \/>\n<meta name=\"author\" content=\"Maxime Cazenave\" \/>\n<meta name=\"twitter:card\" content=\"summary_large_image\" \/>\n<meta name=\"twitter:title\" content=\"Coupe du monde de skicross : Terence Tchiknavorian sur le podium \u00e0 Nakiska, le dossard jaune pour Berger Sabbatel\" \/>\n<meta name=\"twitter:creator\" content=\"@https:\/\/twitter.com\/Maxime_Caze\" \/>\n<meta name=\"twitter:site\" content=\"@dicodusport\" \/>\n<script type=\"application\/ld+json\" class=\"yoast-schema-graph\">{\"@context\":\"https:\/\/schema.org\",\"@graph\":[{\"@type\":\"NewsArticle\",\"@id\":\"https:\/\/dicodusport.fr\/blog\/coupe-du-monde-de-skicross-terence-tchiknavorian-sur-le-podium-a-nakiska-le-dossard-jaune-pour-berger-sabbatel\/#article\",\"isPartOf\":{\"@id\":\"https:\/\/dicodusport.fr\/blog\/coupe-du-monde-de-skicross-terence-tchiknavorian-sur-le-podium-a-nakiska-le-dossard-jaune-pour-berger-sabbatel\/\"},\"author\":{\"name\":\"Maxime Cazenave\",\"@id\":\"https:\/\/dicodusport.fr\/blog\/#\/schema\/person\/37def232098a7a5cbab3974a3690abb0\"},\"headline\":\"Coupe du monde de skicross : Terence Tchiknavorian sur le podium \u00e0 Nakiska, le dossard jaune pour Berger Sabbatel\",\"datePublished\":\"2024-01-20T21:14:41+00:00\",\"dateModified\":\"2024-01-20T21:23:37+00:00\",\"mainEntityOfPage\":{\"@id\":\"https:\/\/dicodusport.fr\/blog\/coupe-du-monde-de-skicross-terence-tchiknavorian-sur-le-podium-a-nakiska-le-dossard-jaune-pour-berger-sabbatel\/\"},\"wordCount\":200,\"commentCount\":0,\"publisher\":{\"@id\":\"https:\/\/dicodusport.fr\/blog\/#organization\"},\"image\":{\"@id\":\"https:\/\/dicodusport.fr\/blog\/coupe-du-monde-de-skicross-terence-tchiknavorian-sur-le-podium-a-nakiska-le-dossard-jaune-pour-berger-sabbatel\/#primaryimage\"},\"thumbnailUrl\":\"https:\/\/dicodusport.fr\/blog\/wp-content\/uploads\/2024\/01\/Coupe-du-monde-de-skicross-Terence-Tchiknavorian-sur-le-podium-a-Nakiska-le-dossard-jaune-pour-Berger-Sabbatel.png\",\"keywords\":[\"br\u00e8ve\",\"Marielle Berger Sabbatel\",\"Terence Tchiknavorian\"],\"articleSection\":[\"Ski\"],\"inLanguage\":\"fr-FR\",\"potentialAction\":[{\"@type\":\"CommentAction\",\"name\":\"Comment\",\"target\":[\"https:\/\/dicodusport.fr\/blog\/coupe-du-monde-de-skicross-terence-tchiknavorian-sur-le-podium-a-nakiska-le-dossard-jaune-pour-berger-sabbatel\/#respond\"]}],\"copyrightYear\":\"2024\",\"copyrightHolder\":{\"@id\":\"https:\/\/dicodusport.fr\/blog\/#organization\"}},{\"@type\":\"WebPage\",\"@id\":\"https:\/\/dicodusport.fr\/blog\/coupe-du-monde-de-skicross-terence-tchiknavorian-sur-le-podium-a-nakiska-le-dossard-jaune-pour-berger-sabbatel\/\",\"url\":\"https:\/\/dicodusport.fr\/blog\/coupe-du-monde-de-skicross-terence-tchiknavorian-sur-le-podium-a-nakiska-le-dossard-jaune-pour-berger-sabbatel\/\",\"name\":\"Coupe du monde de skicross : Terence Tchiknavorian sur le podium \u00e0 Nakiska, le dossard jaune pour Berger Sabbatel\",\"isPartOf\":{\"@id\":\"https:\/\/dicodusport.fr\/blog\/#website\"},\"primaryImageOfPage\":{\"@id\":\"https:\/\/dicodusport.fr\/blog\/coupe-du-monde-de-skicross-terence-tchiknavorian-sur-le-podium-a-nakiska-le-dossard-jaune-pour-berger-sabbatel\/#primaryimage\"},\"image\":{\"@id\":\"https:\/\/dicodusport.fr\/blog\/coupe-du-monde-de-skicross-terence-tchiknavorian-sur-le-podium-a-nakiska-le-dossard-jaune-pour-berger-sabbatel\/#primaryimage\"},\"thumbnailUrl\":\"https:\/\/dicodusport.fr\/blog\/wp-content\/uploads\/2024\/01\/Coupe-du-monde-de-skicross-Terence-Tchiknavorian-sur-le-podium-a-Nakiska-le-dossard-jaune-pour-Berger-Sabbatel.png\",\"datePublished\":\"2024-01-20T21:14:41+00:00\",\"dateModified\":\"2024-01-20T21:23:37+00:00\",\"description\":\"COUPE DU MONDE DE SKICROSS 2023\/2024 - Terence Tchiknavorian a pris la 2e place de la premi\u00e8re \u00e9preuve de Coupe du monde \u00e0 Nakiska.\",\"breadcrumb\":{\"@id\":\"https:\/\/dicodusport.fr\/blog\/coupe-du-monde-de-skicross-terence-tchiknavorian-sur-le-podium-a-nakiska-le-dossard-jaune-pour-berger-sabbatel\/#breadcrumb\"},\"inLanguage\":\"fr-FR\",\"potentialAction\":[{\"@type\":\"ReadAction\",\"target\":[\"https:\/\/dicodusport.fr\/blog\/coupe-du-monde-de-skicross-terence-tchiknavorian-sur-le-podium-a-nakiska-le-dossard-jaune-pour-berger-sabbatel\/\"]}]},{\"@type\":\"ImageObject\",\"inLanguage\":\"fr-FR\",\"@id\":\"https:\/\/dicodusport.fr\/blog\/coupe-du-monde-de-skicross-terence-tchiknavorian-sur-le-podium-a-nakiska-le-dossard-jaune-pour-berger-sabbatel\/#primaryimage\",\"url\":\"https:\/\/dicodusport.fr\/blog\/wp-content\/uploads\/2024\/01\/Coupe-du-monde-de-skicross-Terence-Tchiknavorian-sur-le-podium-a-Nakiska-le-dossard-jaune-pour-Berger-Sabbatel.png\",\"contentUrl\":\"https:\/\/dicodusport.fr\/blog\/wp-content\/uploads\/2024\/01\/Coupe-du-monde-de-skicross-Terence-Tchiknavorian-sur-le-podium-a-Nakiska-le-dossard-jaune-pour-Berger-Sabbatel.png\",\"width\":1200,\"height\":674,\"caption\":\"Coupe du monde de skicross : Terence Tchiknavorian sur le podium \u00e0 Nakiska, le dossard jaune pour Berger Sabbatel\"},{\"@type\":\"BreadcrumbList\",\"@id\":\"https:\/\/dicodusport.fr\/blog\/coupe-du-monde-de-skicross-terence-tchiknavorian-sur-le-podium-a-nakiska-le-dossard-jaune-pour-berger-sabbatel\/#breadcrumb\",\"itemListElement\":[{\"@type\":\"ListItem\",\"position\":1,\"name\":\"Accueil\",\"item\":\"https:\/\/dicodusport.fr\/blog\/\"},{\"@type\":\"ListItem\",\"position\":2,\"name\":\"Coupe du monde de skicross : Terence Tchiknavorian sur le podium \u00e0 Nakiska, le dossard jaune pour Berger Sabbatel\"}]},{\"@type\":\"WebSite\",\"@id\":\"https:\/\/dicodusport.fr\/blog\/#website\",\"url\":\"https:\/\/dicodusport.fr\/blog\/\",\"name\":\"Dicodusport\",\"description\":\"L&#039;encyclop\u00e9die de l&#039;actualit\u00e9 sportive\",\"publisher\":{\"@id\":\"https:\/\/dicodusport.fr\/blog\/#organization\"},\"potentialAction\":[{\"@type\":\"SearchAction\",\"target\":{\"@type\":\"EntryPoint\",\"urlTemplate\":\"https:\/\/dicodusport.fr\/blog\/?s={search_term_string}\"},\"query-input\":{\"@type\":\"PropertyValueSpecification\",\"valueRequired\":true,\"valueName\":\"search_term_string\"}}],\"inLanguage\":\"fr-FR\"},{\"@type\":\"NewsMediaOrganization\",\"@id\":\"https:\/\/dicodusport.fr\/blog\/#organization\",\"name\":\"Dicodusport\",\"url\":\"https:\/\/dicodusport.fr\/blog\/\",\"logo\":{\"@type\":\"ImageObject\",\"inLanguage\":\"fr-FR\",\"@id\":\"https:\/\/dicodusport.fr\/blog\/#\/schema\/logo\/image\/\",\"url\":\"https:\/\/dicodusport.fr\/blog\/wp-content\/uploads\/2020\/06\/cropped-LOGO-DICODUSPORT-2020-SANS-FOND-SANS-TEXTE.png\",\"contentUrl\":\"https:\/\/dicodusport.fr\/blog\/wp-content\/uploads\/2020\/06\/cropped-LOGO-DICODUSPORT-2020-SANS-FOND-SANS-TEXTE.png\",\"width\":512,\"height\":512,\"caption\":\"Dicodusport\"},\"image\":{\"@id\":\"https:\/\/dicodusport.fr\/blog\/#\/schema\/logo\/image\/\"},\"sameAs\":[\"https:\/\/www.facebook.com\/dicodusport\",\"https:\/\/x.com\/dicodusport\",\"https:\/\/www.instagram.com\/dicodusport\/\",\"https:\/\/www.youtube.com\/channel\/UC7V2KZ5sd3htJivAbA4ZG3w\"],\"description\":\"Dicodusport est l'encyclop\u00e9die de l'actualit\u00e9 sportive.\",\"email\":\"bonjour@dicodusport.fr\",\"legalName\":\"DICODUSPORT\",\"foundingDate\":\"2018-01-14\",\"vatID\":\"FR71834470973\",\"taxID\":\"83447097300043\",\"numberOfEmployees\":{\"@type\":\"QuantitativeValue\",\"minValue\":\"1\",\"maxValue\":\"10\"}},{\"@type\":\"Person\",\"@id\":\"https:\/\/dicodusport.fr\/blog\/#\/schema\/person\/37def232098a7a5cbab3974a3690abb0\",\"name\":\"Maxime Cazenave\",\"image\":{\"@type\":\"ImageObject\",\"inLanguage\":\"fr-FR\",\"@id\":\"https:\/\/dicodusport.fr\/blog\/#\/schema\/person\/image\/\",\"url\":\"https:\/\/dicodusport.fr\/blog\/wp-content\/uploads\/2021\/05\/Maxime-Cazenave-150x150.jpg\",\"contentUrl\":\"https:\/\/dicodusport.fr\/blog\/wp-content\/uploads\/2021\/05\/Maxime-Cazenave-150x150.jpg\",\"caption\":\"Maxime Cazenave\"},\"description\":\"Journaliste\/R\u00e9dacteur depuis 2012 - Berc\u00e9 par l\u2019amour des Girondins de Bordeaux, les \u00e9checs de Christophe Moreau sur le Tour de France sous l'\u00e8re Lance Armstrong et le fade-away l\u00e9tal de Dirk Nowitzki, ma passion d\u00e9vorante pour le sport a toujours \u00e9t\u00e9 un pan incontournable de ma vie. Transmettre ma passion \u00e0 l\u2019\u00e9crit a \u00e9t\u00e9 une transition naturelle. Suiveur assidu de basket et de hockey sur glace, je garde toujours un peu de place pour suivre le cyclisme, le football et le maximum de performances fran\u00e7aises.\",\"sameAs\":[\"https:\/\/x.com\/https:\/\/twitter.com\/Maxime_Caze\"],\"url\":\"https:\/\/dicodusport.fr\/blog\/author\/maximec\/\"}]}<\/script>\n<!-- \/ Yoast SEO Premium plugin. -->","yoast_head_json":{"title":"Coupe du monde de skicross : Terence Tchiknavorian sur le podium \u00e0 Nakiska, le dossard jaune pour Berger Sabbatel","description":"COUPE DU MONDE DE SKICROSS 2023\/2024 - Terence Tchiknavorian a pris la 2e place de la premi\u00e8re \u00e9preuve de Coupe du monde \u00e0 Nakiska.","robots":{"index":"index","follow":"follow","max-snippet":"max-snippet:-1","max-image-preview":"max-image-preview:large","max-video-preview":"max-video-preview:-1"},"canonical":"https:\/\/dicodusport.fr\/blog\/coupe-du-monde-de-skicross-terence-tchiknavorian-sur-le-podium-a-nakiska-le-dossard-jaune-pour-berger-sabbatel\/","og_locale":"fr_FR","og_type":"article","og_title":"Coupe du monde de skicross : Terence Tchiknavorian sur le podium \u00e0 Nakiska, le dossard jaune pour Berger Sabbatel","og_description":"COUPE DU MONDE DE SKICROSS 2023\/2024 - Terence Tchiknavorian a pris la 2e place de la premi\u00e8re \u00e9preuve de Coupe du monde \u00e0 Nakiska.","og_url":"https:\/\/dicodusport.fr\/blog\/coupe-du-monde-de-skicross-terence-tchiknavorian-sur-le-podium-a-nakiska-le-dossard-jaune-pour-berger-sabbatel\/","og_site_name":"Dicodusport","article_publisher":"https:\/\/www.facebook.com\/dicodusport","article_published_time":"2024-01-20T21:14:41+00:00","article_modified_time":"2024-01-20T21:23:37+00:00","og_image":[{"width":1200,"height":674,"url":"https:\/\/dicodusport.fr\/blog\/wp-content\/uploads\/2024\/01\/Coupe-du-monde-de-skicross-Terence-Tchiknavorian-sur-le-podium-a-Nakiska-le-dossard-jaune-pour-Berger-Sabbatel.png","type":"image\/png"}],"author":"Maxime Cazenave","twitter_card":"summary_large_image","twitter_title":"Coupe du monde de skicross : Terence Tchiknavorian sur le podium \u00e0 Nakiska, le dossard jaune pour Berger Sabbatel","twitter_creator":"@https:\/\/twitter.com\/Maxime_Caze","twitter_site":"@dicodusport","schema":{"@context":"https:\/\/schema.org","@graph":[{"@type":"NewsArticle","@id":"https:\/\/dicodusport.fr\/blog\/coupe-du-monde-de-skicross-terence-tchiknavorian-sur-le-podium-a-nakiska-le-dossard-jaune-pour-berger-sabbatel\/#article","isPartOf":{"@id":"https:\/\/dicodusport.fr\/blog\/coupe-du-monde-de-skicross-terence-tchiknavorian-sur-le-podium-a-nakiska-le-dossard-jaune-pour-berger-sabbatel\/"},"author":{"name":"Maxime Cazenave","@id":"https:\/\/dicodusport.fr\/blog\/#\/schema\/person\/37def232098a7a5cbab3974a3690abb0"},"headline":"Coupe du monde de skicross : Terence Tchiknavorian sur le podium \u00e0 Nakiska, le dossard jaune pour Berger Sabbatel","datePublished":"2024-01-20T21:14:41+00:00","dateModified":"2024-01-20T21:23:37+00:00","mainEntityOfPage":{"@id":"https:\/\/dicodusport.fr\/blog\/coupe-du-monde-de-skicross-terence-tchiknavorian-sur-le-podium-a-nakiska-le-dossard-jaune-pour-berger-sabbatel\/"},"wordCount":200,"commentCount":0,"publisher":{"@id":"https:\/\/dicodusport.fr\/blog\/#organization"},"image":{"@id":"https:\/\/dicodusport.fr\/blog\/coupe-du-monde-de-skicross-terence-tchiknavorian-sur-le-podium-a-nakiska-le-dossard-jaune-pour-berger-sabbatel\/#primaryimage"},"thumbnailUrl":"https:\/\/dicodusport.fr\/blog\/wp-content\/uploads\/2024\/01\/Coupe-du-monde-de-skicross-Terence-Tchiknavorian-sur-le-podium-a-Nakiska-le-dossard-jaune-pour-Berger-Sabbatel.png","keywords":["br\u00e8ve","Marielle Berger Sabbatel","Terence Tchiknavorian"],"articleSection":["Ski"],"inLanguage":"fr-FR","potentialAction":[{"@type":"CommentAction","name":"Comment","target":["https:\/\/dicodusport.fr\/blog\/coupe-du-monde-de-skicross-terence-tchiknavorian-sur-le-podium-a-nakiska-le-dossard-jaune-pour-berger-sabbatel\/#respond"]}],"copyrightYear":"2024","copyrightHolder":{"@id":"https:\/\/dicodusport.fr\/blog\/#organization"}},{"@type":"WebPage","@id":"https:\/\/dicodusport.fr\/blog\/coupe-du-monde-de-skicross-terence-tchiknavorian-sur-le-podium-a-nakiska-le-dossard-jaune-pour-berger-sabbatel\/","url":"https:\/\/dicodusport.fr\/blog\/coupe-du-monde-de-skicross-terence-tchiknavorian-sur-le-podium-a-nakiska-le-dossard-jaune-pour-berger-sabbatel\/","name":"Coupe du monde de skicross : Terence Tchiknavorian sur le podium \u00e0 Nakiska, le dossard jaune pour Berger Sabbatel","isPartOf":{"@id":"https:\/\/dicodusport.fr\/blog\/#website"},"primaryImageOfPage":{"@id":"https:\/\/dicodusport.fr\/blog\/coupe-du-monde-de-skicross-terence-tchiknavorian-sur-le-podium-a-nakiska-le-dossard-jaune-pour-berger-sabbatel\/#primaryimage"},"image":{"@id":"https:\/\/dicodusport.fr\/blog\/coupe-du-monde-de-skicross-terence-tchiknavorian-sur-le-podium-a-nakiska-le-dossard-jaune-pour-berger-sabbatel\/#primaryimage"},"thumbnailUrl":"https:\/\/dicodusport.fr\/blog\/wp-content\/uploads\/2024\/01\/Coupe-du-monde-de-skicross-Terence-Tchiknavorian-sur-le-podium-a-Nakiska-le-dossard-jaune-pour-Berger-Sabbatel.png","datePublished":"2024-01-20T21:14:41+00:00","dateModified":"2024-01-20T21:23:37+00:00","description":"COUPE DU MONDE DE SKICROSS 2023\/2024 - Terence Tchiknavorian a pris la 2e place de la premi\u00e8re \u00e9preuve de Coupe du monde \u00e0 Nakiska.","breadcrumb":{"@id":"https:\/\/dicodusport.fr\/blog\/coupe-du-monde-de-skicross-terence-tchiknavorian-sur-le-podium-a-nakiska-le-dossard-jaune-pour-berger-sabbatel\/#breadcrumb"},"inLanguage":"fr-FR","potentialAction":[{"@type":"ReadAction","target":["https:\/\/dicodusport.fr\/blog\/coupe-du-monde-de-skicross-terence-tchiknavorian-sur-le-podium-a-nakiska-le-dossard-jaune-pour-berger-sabbatel\/"]}]},{"@type":"ImageObject","inLanguage":"fr-FR","@id":"https:\/\/dicodusport.fr\/blog\/coupe-du-monde-de-skicross-terence-tchiknavorian-sur-le-podium-a-nakiska-le-dossard-jaune-pour-berger-sabbatel\/#primaryimage","url":"https:\/\/dicodusport.fr\/blog\/wp-content\/uploads\/2024\/01\/Coupe-du-monde-de-skicross-Terence-Tchiknavorian-sur-le-podium-a-Nakiska-le-dossard-jaune-pour-Berger-Sabbatel.png","contentUrl":"https:\/\/dicodusport.fr\/blog\/wp-content\/uploads\/2024\/01\/Coupe-du-monde-de-skicross-Terence-Tchiknavorian-sur-le-podium-a-Nakiska-le-dossard-jaune-pour-Berger-Sabbatel.png","width":1200,"height":674,"caption":"Coupe du monde de skicross : Terence Tchiknavorian sur le podium \u00e0 Nakiska, le dossard jaune pour Berger Sabbatel"},{"@type":"BreadcrumbList","@id":"https:\/\/dicodusport.fr\/blog\/coupe-du-monde-de-skicross-terence-tchiknavorian-sur-le-podium-a-nakiska-le-dossard-jaune-pour-berger-sabbatel\/#breadcrumb","itemListElement":[{"@type":"ListItem","position":1,"name":"Accueil","item":"https:\/\/dicodusport.fr\/blog\/"},{"@type":"ListItem","position":2,"name":"Coupe du monde de skicross : Terence Tchiknavorian sur le podium \u00e0 Nakiska, le dossard jaune pour Berger Sabbatel"}]},{"@type":"WebSite","@id":"https:\/\/dicodusport.fr\/blog\/#website","url":"https:\/\/dicodusport.fr\/blog\/","name":"Dicodusport","description":"L&#039;encyclop\u00e9die de l&#039;actualit\u00e9 sportive","publisher":{"@id":"https:\/\/dicodusport.fr\/blog\/#organization"},"potentialAction":[{"@type":"SearchAction","target":{"@type":"EntryPoint","urlTemplate":"https:\/\/dicodusport.fr\/blog\/?s={search_term_string}"},"query-input":{"@type":"PropertyValueSpecification","valueRequired":true,"valueName":"search_term_string"}}],"inLanguage":"fr-FR"},{"@type":"NewsMediaOrganization","@id":"https:\/\/dicodusport.fr\/blog\/#organization","name":"Dicodusport","url":"https:\/\/dicodusport.fr\/blog\/","logo":{"@type":"ImageObject","inLanguage":"fr-FR","@id":"https:\/\/dicodusport.fr\/blog\/#\/schema\/logo\/image\/","url":"https:\/\/dicodusport.fr\/blog\/wp-content\/uploads\/2020\/06\/cropped-LOGO-DICODUSPORT-2020-SANS-FOND-SANS-TEXTE.png","contentUrl":"https:\/\/dicodusport.fr\/blog\/wp-content\/uploads\/2020\/06\/cropped-LOGO-DICODUSPORT-2020-SANS-FOND-SANS-TEXTE.png","width":512,"height":512,"caption":"Dicodusport"},"image":{"@id":"https:\/\/dicodusport.fr\/blog\/#\/schema\/logo\/image\/"},"sameAs":["https:\/\/www.facebook.com\/dicodusport","https:\/\/x.com\/dicodusport","https:\/\/www.instagram.com\/dicodusport\/","https:\/\/www.youtube.com\/channel\/UC7V2KZ5sd3htJivAbA4ZG3w"],"description":"Dicodusport est l'encyclop\u00e9die de l'actualit\u00e9 sportive.","email":"bonjour@dicodusport.fr","legalName":"DICODUSPORT","foundingDate":"2018-01-14","vatID":"FR71834470973","taxID":"83447097300043","numberOfEmployees":{"@type":"QuantitativeValue","minValue":"1","maxValue":"10"}},{"@type":"Person","@id":"https:\/\/dicodusport.fr\/blog\/#\/schema\/person\/37def232098a7a5cbab3974a3690abb0","name":"Maxime Cazenave","image":{"@type":"ImageObject","inLanguage":"fr-FR","@id":"https:\/\/dicodusport.fr\/blog\/#\/schema\/person\/image\/","url":"https:\/\/dicodusport.fr\/blog\/wp-content\/uploads\/2021\/05\/Maxime-Cazenave-150x150.jpg","contentUrl":"https:\/\/dicodusport.fr\/blog\/wp-content\/uploads\/2021\/05\/Maxime-Cazenave-150x150.jpg","caption":"Maxime Cazenave"},"description":"Journaliste\/R\u00e9dacteur depuis 2012 - Berc\u00e9 par l\u2019amour des Girondins de Bordeaux, les \u00e9checs de Christophe Moreau sur le Tour de France sous l'\u00e8re Lance Armstrong et le fade-away l\u00e9tal de Dirk Nowitzki, ma passion d\u00e9vorante pour le sport a toujours \u00e9t\u00e9 un pan incontournable de ma vie. Transmettre ma passion \u00e0 l\u2019\u00e9crit a \u00e9t\u00e9 une transition naturelle. Suiveur assidu de basket et de hockey sur glace, je garde toujours un peu de place pour suivre le cyclisme, le football et le maximum de performances fran\u00e7aises.","sameAs":["https:\/\/x.com\/https:\/\/twitter.com\/Maxime_Caze"],"url":"https:\/\/dicodusport.fr\/blog\/author\/maximec\/"}]}},"_links":{"self":[{"href":"https:\/\/dicodusport.fr\/blog\/wp-json\/wp\/v2\/posts\/454946","targetHints":{"allow":["GET"]}}],"collection":[{"href":"https:\/\/dicodusport.fr\/blog\/wp-json\/wp\/v2\/posts"}],"about":[{"href":"https:\/\/dicodusport.fr\/blog\/wp-json\/wp\/v2\/types\/post"}],"author":[{"embeddable":true,"href":"https:\/\/dicodusport.fr\/blog\/wp-json\/wp\/v2\/users\/55"}],"replies":[{"embeddable":true,"href":"https:\/\/dicodusport.fr\/blog\/wp-json\/wp\/v2\/comments?post=454946"}],"version-history":[{"count":4,"href":"https:\/\/dicodusport.fr\/blog\/wp-json\/wp\/v2\/posts\/454946\/revisions"}],"predecessor-version":[{"id":454957,"href":"https:\/\/dicodusport.fr\/blog\/wp-json\/wp\/v2\/posts\/454946\/revisions\/454957"}],"wp:featuredmedia":[{"embeddable":true,"href":"https:\/\/dicodusport.fr\/blog\/wp-json\/wp\/v2\/media\/454951"}],"wp:attachment":[{"href":"https:\/\/dicodusport.fr\/blog\/wp-json\/wp\/v2\/media?parent=454946"}],"wp:term":[{"taxonomy":"category","embeddable":true,"href":"https:\/\/dicodusport.fr\/blog\/wp-json\/wp\/v2\/categories?post=454946"},{"taxonomy":"post_tag","embeddable":true,"href":"https:\/\/dicodusport.fr\/blog\/wp-json\/wp\/v2\/tags?post=454946"}],"curies":[{"name":"wp","href":"https:\/\/api.w.org\/{rel}","templated":true}]}}