{"id":45525,"date":"2019-08-14T15:37:17","date_gmt":"2019-08-14T13:37:17","guid":{"rendered":"http:\/\/dicodusport.fr\/blog\/?p=45525"},"modified":"2019-08-14T18:14:28","modified_gmt":"2019-08-14T16:14:28","slug":"emiliano-sala-et-le-pilote-de-l-avion-auraient-ete-empoisonnes","status":"publish","type":"post","link":"https:\/\/dicodusport.fr\/blog\/emiliano-sala-et-le-pilote-de-l-avion-auraient-ete-empoisonnes\/","title":{"rendered":"Emiliano Sala et le pilote de l&rsquo;avion auraient \u00e9t\u00e9 intoxiqu\u00e9s"},"content":{"rendered":"<p style=\"text-align: justify;\"><strong><em>Selon le Daily Mail UK, Emiliano Sala et son pilote, David Ibboston, auraient \u00e9t\u00e9 intoxiqu\u00e9s avant de s&rsquo;\u00e9craser en mer le 21 janvier dernier.<br \/>\n<\/em><\/strong><\/p>\n<p style=\"text-align: justify;\">Rebondissement important dans l&rsquo;affaire <strong>Emiliano Sala<\/strong>. Selon le m\u00e9dia anglais, <strong>les deux occupants du vol auraient \u00e9t\u00e9 intoxiqu\u00e9s<\/strong>. C&rsquo;est en tout cas ce que r\u00e9v\u00e8lent les analyses de sang de l&rsquo;ancien Canari, qui pr\u00e9senteraient, selon un rapport de <strong>The Air Accidents Investigation Branch (AAIB)<\/strong>, une dose importante de <strong>monoxyde de carbone<\/strong>.<\/p>\n<p style=\"text-align: justify;\">Cette affaire Sala, qui a attrist\u00e9 tout le monde du football, pourrait ne pas \u00eatre termin\u00e9e, la suite de l&rsquo;enqu\u00eate permettra, on l&rsquo;esp\u00e8re, de faire la lumi\u00e8re sur cette sombre affaire. Pour rappel, l&rsquo;attaquant venait d&rsquo;\u00eatre transf\u00e9r\u00e9 du <strong>FC Nantes<\/strong> \u00e0 <strong>Cardiff<\/strong>, en Premier League. L&rsquo;Argentin repartait alors vers le Pays de Galles apr\u00e8s avoir \u00e9t\u00e9 saluer une derni\u00e8re fois ses ex-co\u00e9quipiers en France.<\/p>\n<p><span class=\"jdvyHEDVeaOlLJR2AszbkpwYoC6N7UBKhWcxI34rmgMSQP1iZGT8X9\"><\/p>\n<blockquote class=\"twitter-tweet\" data-width=\"550\" data-dnt=\"true\">\n<p lang=\"en\" dir=\"ltr\">Emiliano Sala was POISONED: Cardiff striker and pilot were exposed to toxic levels of carbon monoxide in cockpit <a href=\"https:\/\/t.co\/ynvFvYOTjK\">https:\/\/t.co\/ynvFvYOTjK<\/a> <a href=\"https:\/\/t.co\/iW0Baympep\">pic.twitter.com\/iW0Baympep<\/a><\/p>\n<p>&mdash; Daily Mail U.K. (@DailyMailUK) <a href=\"https:\/\/twitter.com\/DailyMailUK\/status\/1161625811675492355?ref_src=twsrc%5Etfw\">August 14, 2019<\/a><\/p><\/blockquote>\n<p><script async src=\"https:\/\/platform.twitter.com\/widgets.js\" charset=\"utf-8\"><\/script><\/span><\/p>\n<p style=\"text-align: justify;\"><strong><em>Dicodusport<br \/>\n<a href=\"https:\/\/www.facebook.com\/dicodusport\/\" target=\"_blank\" rel=\"noopener\"><img loading=\"lazy\" decoding=\"async\" class=\"alignnone wp-image-2909\" src=\"http:\/\/dicodusport.fr\/blog\/wp-content\/uploads\/2017\/07\/logo-facebook-150x150.png\" alt=\"\" width=\"40\" height=\"40\" \/><\/a><a href=\"https:\/\/twitter.com\/dicodusport\" target=\"_blank\" rel=\"noopener\"><img loading=\"lazy\" decoding=\"async\" class=\"alignnone wp-image-2908\" src=\"http:\/\/dicodusport.fr\/blog\/wp-content\/uploads\/2017\/07\/logo-twitter-150x150.png\" alt=\"\" width=\"39\" height=\"39\" \/><\/a><\/em><\/strong><\/p>\n","protected":false},"excerpt":{"rendered":"<p>Selon le Daily Mail UK, Emiliano Sala et son pilote, David Ibboston, auraient \u00e9t\u00e9 intoxiqu\u00e9s avant de s&rsquo;\u00e9craser en mer en janvier dernier.<\/p>\n","protected":false},"author":1,"featured_media":45532,"comment_status":"open","ping_status":"closed","sticky":false,"template":"","format":"standard","meta":{"_acf_changed":false,"_daextam_enable_autolinks":"","footnotes":""},"categories":[2301],"tags":[8503,7159,74,75,24],"class_list":["post-45525","post","type-post","status-publish","format-standard","has-post-thumbnail","hentry","category-football","tag-cardiff","tag-emiliano-sala","tag-foot","tag-football","tag-sport"],"acf":[],"yoast_head":"<!-- This site is optimized with the Yoast SEO Premium plugin v26.7 (Yoast SEO v26.7) - https:\/\/yoast.com\/wordpress\/plugins\/seo\/ -->\n<title>Emiliano Sala et le pilote de l&#039;avion auraient \u00e9t\u00e9 intoxiqu\u00e9s<\/title>\n<meta name=\"description\" content=\"Selon le Daily Mail UK, Emiliano Sala et son pilote, David Ibboston, auraient \u00e9t\u00e9 intoxiqu\u00e9s avant de s&#039;\u00e9craser en mer en janvier dernier.\" \/>\n<meta name=\"robots\" content=\"index, follow, max-snippet:-1, max-image-preview:large, max-video-preview:-1\" \/>\n<link rel=\"canonical\" href=\"https:\/\/dicodusport.fr\/blog\/emiliano-sala-et-le-pilote-de-l-avion-auraient-ete-empoisonnes\/\" \/>\n<meta property=\"og:locale\" content=\"fr_FR\" \/>\n<meta property=\"og:type\" content=\"article\" \/>\n<meta property=\"og:title\" content=\"Emiliano Sala et le pilote de l&#039;avion auraient \u00e9t\u00e9 intoxiqu\u00e9s\" \/>\n<meta property=\"og:description\" content=\"Selon le Daily Mail UK, Emiliano Sala et son pilote, David Ibboston, auraient \u00e9t\u00e9 intoxiqu\u00e9s avant de s&#039;\u00e9craser en mer en janvier dernier.\" \/>\n<meta property=\"og:url\" content=\"https:\/\/dicodusport.fr\/blog\/emiliano-sala-et-le-pilote-de-l-avion-auraient-ete-empoisonnes\/\" \/>\n<meta property=\"og:site_name\" content=\"Dicodusport\" \/>\n<meta property=\"article:publisher\" content=\"https:\/\/www.facebook.com\/dicodusport\" \/>\n<meta property=\"article:author\" content=\"https:\/\/www.facebook.com\/dicodusport\" \/>\n<meta property=\"article:published_time\" content=\"2019-08-14T13:37:17+00:00\" \/>\n<meta property=\"article:modified_time\" content=\"2019-08-14T16:14:28+00:00\" \/>\n<meta property=\"og:image\" content=\"https:\/\/dicodusport.fr\/blog\/wp-content\/uploads\/2019\/08\/Emiliano-Sala.png\" \/>\n\t<meta property=\"og:image:width\" content=\"800\" \/>\n\t<meta property=\"og:image:height\" content=\"445\" \/>\n\t<meta property=\"og:image:type\" content=\"image\/png\" \/>\n<meta name=\"author\" content=\"Nicolas Jacquemard\" \/>\n<meta name=\"twitter:card\" content=\"summary_large_image\" \/>\n<meta name=\"twitter:title\" content=\"Emiliano Sala et le pilote de l&#039;avion auraient \u00e9t\u00e9 intoxiqu\u00e9s\" \/>\n<meta name=\"twitter:creator\" content=\"@https:\/\/twitter.com\/Nico_Jacquemard\" \/>\n<meta name=\"twitter:site\" content=\"@dicodusport\" \/>\n<script type=\"application\/ld+json\" class=\"yoast-schema-graph\">{\"@context\":\"https:\/\/schema.org\",\"@graph\":[{\"@type\":\"NewsArticle\",\"@id\":\"https:\/\/dicodusport.fr\/blog\/emiliano-sala-et-le-pilote-de-l-avion-auraient-ete-empoisonnes\/#article\",\"isPartOf\":{\"@id\":\"https:\/\/dicodusport.fr\/blog\/emiliano-sala-et-le-pilote-de-l-avion-auraient-ete-empoisonnes\/\"},\"author\":{\"name\":\"Nicolas Jacquemard\",\"@id\":\"https:\/\/dicodusport.fr\/blog\/#\/schema\/person\/55dcb50ad410894e431ed812bbb70191\"},\"headline\":\"Emiliano Sala et le pilote de l&rsquo;avion auraient \u00e9t\u00e9 intoxiqu\u00e9s\",\"datePublished\":\"2019-08-14T13:37:17+00:00\",\"dateModified\":\"2019-08-14T16:14:28+00:00\",\"mainEntityOfPage\":{\"@id\":\"https:\/\/dicodusport.fr\/blog\/emiliano-sala-et-le-pilote-de-l-avion-auraient-ete-empoisonnes\/\"},\"wordCount\":179,\"commentCount\":0,\"publisher\":{\"@id\":\"https:\/\/dicodusport.fr\/blog\/#organization\"},\"image\":{\"@id\":\"https:\/\/dicodusport.fr\/blog\/emiliano-sala-et-le-pilote-de-l-avion-auraient-ete-empoisonnes\/#primaryimage\"},\"thumbnailUrl\":\"https:\/\/dicodusport.fr\/blog\/wp-content\/uploads\/2019\/08\/Emiliano-Sala.png\",\"keywords\":[\"Cardiff\",\"Emiliano Sala\",\"foot\",\"Football\",\"sport\"],\"articleSection\":[\"Football\"],\"inLanguage\":\"fr-FR\",\"potentialAction\":[{\"@type\":\"CommentAction\",\"name\":\"Comment\",\"target\":[\"https:\/\/dicodusport.fr\/blog\/emiliano-sala-et-le-pilote-de-l-avion-auraient-ete-empoisonnes\/#respond\"]}],\"copyrightYear\":\"2019\",\"copyrightHolder\":{\"@id\":\"https:\/\/dicodusport.fr\/blog\/#organization\"}},{\"@type\":\"WebPage\",\"@id\":\"https:\/\/dicodusport.fr\/blog\/emiliano-sala-et-le-pilote-de-l-avion-auraient-ete-empoisonnes\/\",\"url\":\"https:\/\/dicodusport.fr\/blog\/emiliano-sala-et-le-pilote-de-l-avion-auraient-ete-empoisonnes\/\",\"name\":\"Emiliano Sala et le pilote de l'avion auraient \u00e9t\u00e9 intoxiqu\u00e9s\",\"isPartOf\":{\"@id\":\"https:\/\/dicodusport.fr\/blog\/#website\"},\"primaryImageOfPage\":{\"@id\":\"https:\/\/dicodusport.fr\/blog\/emiliano-sala-et-le-pilote-de-l-avion-auraient-ete-empoisonnes\/#primaryimage\"},\"image\":{\"@id\":\"https:\/\/dicodusport.fr\/blog\/emiliano-sala-et-le-pilote-de-l-avion-auraient-ete-empoisonnes\/#primaryimage\"},\"thumbnailUrl\":\"https:\/\/dicodusport.fr\/blog\/wp-content\/uploads\/2019\/08\/Emiliano-Sala.png\",\"datePublished\":\"2019-08-14T13:37:17+00:00\",\"dateModified\":\"2019-08-14T16:14:28+00:00\",\"description\":\"Selon le Daily Mail UK, Emiliano Sala et son pilote, David Ibboston, auraient \u00e9t\u00e9 intoxiqu\u00e9s avant de s'\u00e9craser en mer en janvier dernier.\",\"breadcrumb\":{\"@id\":\"https:\/\/dicodusport.fr\/blog\/emiliano-sala-et-le-pilote-de-l-avion-auraient-ete-empoisonnes\/#breadcrumb\"},\"inLanguage\":\"fr-FR\",\"potentialAction\":[{\"@type\":\"ReadAction\",\"target\":[\"https:\/\/dicodusport.fr\/blog\/emiliano-sala-et-le-pilote-de-l-avion-auraient-ete-empoisonnes\/\"]}]},{\"@type\":\"ImageObject\",\"inLanguage\":\"fr-FR\",\"@id\":\"https:\/\/dicodusport.fr\/blog\/emiliano-sala-et-le-pilote-de-l-avion-auraient-ete-empoisonnes\/#primaryimage\",\"url\":\"https:\/\/dicodusport.fr\/blog\/wp-content\/uploads\/2019\/08\/Emiliano-Sala.png\",\"contentUrl\":\"https:\/\/dicodusport.fr\/blog\/wp-content\/uploads\/2019\/08\/Emiliano-Sala.png\",\"width\":800,\"height\":445},{\"@type\":\"BreadcrumbList\",\"@id\":\"https:\/\/dicodusport.fr\/blog\/emiliano-sala-et-le-pilote-de-l-avion-auraient-ete-empoisonnes\/#breadcrumb\",\"itemListElement\":[{\"@type\":\"ListItem\",\"position\":1,\"name\":\"Accueil\",\"item\":\"https:\/\/dicodusport.fr\/blog\/\"},{\"@type\":\"ListItem\",\"position\":2,\"name\":\"Emiliano Sala et le pilote de l&rsquo;avion auraient \u00e9t\u00e9 intoxiqu\u00e9s\"}]},{\"@type\":\"WebSite\",\"@id\":\"https:\/\/dicodusport.fr\/blog\/#website\",\"url\":\"https:\/\/dicodusport.fr\/blog\/\",\"name\":\"Dicodusport\",\"description\":\"L&#039;encyclop\u00e9die de l&#039;actualit\u00e9 sportive\",\"publisher\":{\"@id\":\"https:\/\/dicodusport.fr\/blog\/#organization\"},\"potentialAction\":[{\"@type\":\"SearchAction\",\"target\":{\"@type\":\"EntryPoint\",\"urlTemplate\":\"https:\/\/dicodusport.fr\/blog\/?s={search_term_string}\"},\"query-input\":{\"@type\":\"PropertyValueSpecification\",\"valueRequired\":true,\"valueName\":\"search_term_string\"}}],\"inLanguage\":\"fr-FR\"},{\"@type\":\"NewsMediaOrganization\",\"@id\":\"https:\/\/dicodusport.fr\/blog\/#organization\",\"name\":\"Dicodusport\",\"url\":\"https:\/\/dicodusport.fr\/blog\/\",\"logo\":{\"@type\":\"ImageObject\",\"inLanguage\":\"fr-FR\",\"@id\":\"https:\/\/dicodusport.fr\/blog\/#\/schema\/logo\/image\/\",\"url\":\"https:\/\/dicodusport.fr\/blog\/wp-content\/uploads\/2020\/06\/cropped-LOGO-DICODUSPORT-2020-SANS-FOND-SANS-TEXTE.png\",\"contentUrl\":\"https:\/\/dicodusport.fr\/blog\/wp-content\/uploads\/2020\/06\/cropped-LOGO-DICODUSPORT-2020-SANS-FOND-SANS-TEXTE.png\",\"width\":512,\"height\":512,\"caption\":\"Dicodusport\"},\"image\":{\"@id\":\"https:\/\/dicodusport.fr\/blog\/#\/schema\/logo\/image\/\"},\"sameAs\":[\"https:\/\/www.facebook.com\/dicodusport\",\"https:\/\/x.com\/dicodusport\",\"https:\/\/www.instagram.com\/dicodusport\/\",\"https:\/\/www.youtube.com\/channel\/UC7V2KZ5sd3htJivAbA4ZG3w\"],\"description\":\"Dicodusport est l'encyclop\u00e9die de l'actualit\u00e9 sportive.\",\"email\":\"bonjour@dicodusport.fr\",\"legalName\":\"DICODUSPORT\",\"foundingDate\":\"2018-01-14\",\"vatID\":\"FR71834470973\",\"taxID\":\"83447097300043\",\"numberOfEmployees\":{\"@type\":\"QuantitativeValue\",\"minValue\":\"1\",\"maxValue\":\"10\"}},{\"@type\":\"Person\",\"@id\":\"https:\/\/dicodusport.fr\/blog\/#\/schema\/person\/55dcb50ad410894e431ed812bbb70191\",\"name\":\"Nicolas Jacquemard\",\"image\":{\"@type\":\"ImageObject\",\"inLanguage\":\"fr-FR\",\"@id\":\"https:\/\/dicodusport.fr\/blog\/#\/schema\/person\/image\/\",\"url\":\"https:\/\/dicodusport.fr\/blog\/wp-content\/uploads\/2021\/05\/Nicolas-Jacquemard-150x150.jpeg\",\"contentUrl\":\"https:\/\/dicodusport.fr\/blog\/wp-content\/uploads\/2021\/05\/Nicolas-Jacquemard-150x150.jpeg\",\"caption\":\"Nicolas Jacquemard\"},\"description\":\"Passionn\u00e9 de sport et entrepreneur depuis mes 18 ans, la cr\u00e9ation de Dicodusport m'a sembl\u00e9 \u00e9vidente pour participer \u00e0 la m\u00e9diatisation d'un plus grand nombre de sports. Le chemin est long mais avec une \u00e9quipe des plus motiv\u00e9es et les Jeux Olympiques de Paris 2024 en point de mire, nous y arriverons ! Journaliste dans le monde du sport depuis plus de 5 ans, je traite aussi bien de football, de rugby, de biathlon que de cyclisme.\",\"sameAs\":[\"https:\/\/www.facebook.com\/dicodusport\",\"https:\/\/x.com\/https:\/\/twitter.com\/Nico_Jacquemard\"],\"url\":\"https:\/\/dicodusport.fr\/blog\/author\/dicodusport\/\"}]}<\/script>\n<!-- \/ Yoast SEO Premium plugin. -->","yoast_head_json":{"title":"Emiliano Sala et le pilote de l'avion auraient \u00e9t\u00e9 intoxiqu\u00e9s","description":"Selon le Daily Mail UK, Emiliano Sala et son pilote, David Ibboston, auraient \u00e9t\u00e9 intoxiqu\u00e9s avant de s'\u00e9craser en mer en janvier dernier.","robots":{"index":"index","follow":"follow","max-snippet":"max-snippet:-1","max-image-preview":"max-image-preview:large","max-video-preview":"max-video-preview:-1"},"canonical":"https:\/\/dicodusport.fr\/blog\/emiliano-sala-et-le-pilote-de-l-avion-auraient-ete-empoisonnes\/","og_locale":"fr_FR","og_type":"article","og_title":"Emiliano Sala et le pilote de l'avion auraient \u00e9t\u00e9 intoxiqu\u00e9s","og_description":"Selon le Daily Mail UK, Emiliano Sala et son pilote, David Ibboston, auraient \u00e9t\u00e9 intoxiqu\u00e9s avant de s'\u00e9craser en mer en janvier dernier.","og_url":"https:\/\/dicodusport.fr\/blog\/emiliano-sala-et-le-pilote-de-l-avion-auraient-ete-empoisonnes\/","og_site_name":"Dicodusport","article_publisher":"https:\/\/www.facebook.com\/dicodusport","article_author":"https:\/\/www.facebook.com\/dicodusport","article_published_time":"2019-08-14T13:37:17+00:00","article_modified_time":"2019-08-14T16:14:28+00:00","og_image":[{"width":800,"height":445,"url":"https:\/\/dicodusport.fr\/blog\/wp-content\/uploads\/2019\/08\/Emiliano-Sala.png","type":"image\/png"}],"author":"Nicolas Jacquemard","twitter_card":"summary_large_image","twitter_title":"Emiliano Sala et le pilote de l'avion auraient \u00e9t\u00e9 intoxiqu\u00e9s","twitter_creator":"@https:\/\/twitter.com\/Nico_Jacquemard","twitter_site":"@dicodusport","schema":{"@context":"https:\/\/schema.org","@graph":[{"@type":"NewsArticle","@id":"https:\/\/dicodusport.fr\/blog\/emiliano-sala-et-le-pilote-de-l-avion-auraient-ete-empoisonnes\/#article","isPartOf":{"@id":"https:\/\/dicodusport.fr\/blog\/emiliano-sala-et-le-pilote-de-l-avion-auraient-ete-empoisonnes\/"},"author":{"name":"Nicolas Jacquemard","@id":"https:\/\/dicodusport.fr\/blog\/#\/schema\/person\/55dcb50ad410894e431ed812bbb70191"},"headline":"Emiliano Sala et le pilote de l&rsquo;avion auraient \u00e9t\u00e9 intoxiqu\u00e9s","datePublished":"2019-08-14T13:37:17+00:00","dateModified":"2019-08-14T16:14:28+00:00","mainEntityOfPage":{"@id":"https:\/\/dicodusport.fr\/blog\/emiliano-sala-et-le-pilote-de-l-avion-auraient-ete-empoisonnes\/"},"wordCount":179,"commentCount":0,"publisher":{"@id":"https:\/\/dicodusport.fr\/blog\/#organization"},"image":{"@id":"https:\/\/dicodusport.fr\/blog\/emiliano-sala-et-le-pilote-de-l-avion-auraient-ete-empoisonnes\/#primaryimage"},"thumbnailUrl":"https:\/\/dicodusport.fr\/blog\/wp-content\/uploads\/2019\/08\/Emiliano-Sala.png","keywords":["Cardiff","Emiliano Sala","foot","Football","sport"],"articleSection":["Football"],"inLanguage":"fr-FR","potentialAction":[{"@type":"CommentAction","name":"Comment","target":["https:\/\/dicodusport.fr\/blog\/emiliano-sala-et-le-pilote-de-l-avion-auraient-ete-empoisonnes\/#respond"]}],"copyrightYear":"2019","copyrightHolder":{"@id":"https:\/\/dicodusport.fr\/blog\/#organization"}},{"@type":"WebPage","@id":"https:\/\/dicodusport.fr\/blog\/emiliano-sala-et-le-pilote-de-l-avion-auraient-ete-empoisonnes\/","url":"https:\/\/dicodusport.fr\/blog\/emiliano-sala-et-le-pilote-de-l-avion-auraient-ete-empoisonnes\/","name":"Emiliano Sala et le pilote de l'avion auraient \u00e9t\u00e9 intoxiqu\u00e9s","isPartOf":{"@id":"https:\/\/dicodusport.fr\/blog\/#website"},"primaryImageOfPage":{"@id":"https:\/\/dicodusport.fr\/blog\/emiliano-sala-et-le-pilote-de-l-avion-auraient-ete-empoisonnes\/#primaryimage"},"image":{"@id":"https:\/\/dicodusport.fr\/blog\/emiliano-sala-et-le-pilote-de-l-avion-auraient-ete-empoisonnes\/#primaryimage"},"thumbnailUrl":"https:\/\/dicodusport.fr\/blog\/wp-content\/uploads\/2019\/08\/Emiliano-Sala.png","datePublished":"2019-08-14T13:37:17+00:00","dateModified":"2019-08-14T16:14:28+00:00","description":"Selon le Daily Mail UK, Emiliano Sala et son pilote, David Ibboston, auraient \u00e9t\u00e9 intoxiqu\u00e9s avant de s'\u00e9craser en mer en janvier dernier.","breadcrumb":{"@id":"https:\/\/dicodusport.fr\/blog\/emiliano-sala-et-le-pilote-de-l-avion-auraient-ete-empoisonnes\/#breadcrumb"},"inLanguage":"fr-FR","potentialAction":[{"@type":"ReadAction","target":["https:\/\/dicodusport.fr\/blog\/emiliano-sala-et-le-pilote-de-l-avion-auraient-ete-empoisonnes\/"]}]},{"@type":"ImageObject","inLanguage":"fr-FR","@id":"https:\/\/dicodusport.fr\/blog\/emiliano-sala-et-le-pilote-de-l-avion-auraient-ete-empoisonnes\/#primaryimage","url":"https:\/\/dicodusport.fr\/blog\/wp-content\/uploads\/2019\/08\/Emiliano-Sala.png","contentUrl":"https:\/\/dicodusport.fr\/blog\/wp-content\/uploads\/2019\/08\/Emiliano-Sala.png","width":800,"height":445},{"@type":"BreadcrumbList","@id":"https:\/\/dicodusport.fr\/blog\/emiliano-sala-et-le-pilote-de-l-avion-auraient-ete-empoisonnes\/#breadcrumb","itemListElement":[{"@type":"ListItem","position":1,"name":"Accueil","item":"https:\/\/dicodusport.fr\/blog\/"},{"@type":"ListItem","position":2,"name":"Emiliano Sala et le pilote de l&rsquo;avion auraient \u00e9t\u00e9 intoxiqu\u00e9s"}]},{"@type":"WebSite","@id":"https:\/\/dicodusport.fr\/blog\/#website","url":"https:\/\/dicodusport.fr\/blog\/","name":"Dicodusport","description":"L&#039;encyclop\u00e9die de l&#039;actualit\u00e9 sportive","publisher":{"@id":"https:\/\/dicodusport.fr\/blog\/#organization"},"potentialAction":[{"@type":"SearchAction","target":{"@type":"EntryPoint","urlTemplate":"https:\/\/dicodusport.fr\/blog\/?s={search_term_string}"},"query-input":{"@type":"PropertyValueSpecification","valueRequired":true,"valueName":"search_term_string"}}],"inLanguage":"fr-FR"},{"@type":"NewsMediaOrganization","@id":"https:\/\/dicodusport.fr\/blog\/#organization","name":"Dicodusport","url":"https:\/\/dicodusport.fr\/blog\/","logo":{"@type":"ImageObject","inLanguage":"fr-FR","@id":"https:\/\/dicodusport.fr\/blog\/#\/schema\/logo\/image\/","url":"https:\/\/dicodusport.fr\/blog\/wp-content\/uploads\/2020\/06\/cropped-LOGO-DICODUSPORT-2020-SANS-FOND-SANS-TEXTE.png","contentUrl":"https:\/\/dicodusport.fr\/blog\/wp-content\/uploads\/2020\/06\/cropped-LOGO-DICODUSPORT-2020-SANS-FOND-SANS-TEXTE.png","width":512,"height":512,"caption":"Dicodusport"},"image":{"@id":"https:\/\/dicodusport.fr\/blog\/#\/schema\/logo\/image\/"},"sameAs":["https:\/\/www.facebook.com\/dicodusport","https:\/\/x.com\/dicodusport","https:\/\/www.instagram.com\/dicodusport\/","https:\/\/www.youtube.com\/channel\/UC7V2KZ5sd3htJivAbA4ZG3w"],"description":"Dicodusport est l'encyclop\u00e9die de l'actualit\u00e9 sportive.","email":"bonjour@dicodusport.fr","legalName":"DICODUSPORT","foundingDate":"2018-01-14","vatID":"FR71834470973","taxID":"83447097300043","numberOfEmployees":{"@type":"QuantitativeValue","minValue":"1","maxValue":"10"}},{"@type":"Person","@id":"https:\/\/dicodusport.fr\/blog\/#\/schema\/person\/55dcb50ad410894e431ed812bbb70191","name":"Nicolas Jacquemard","image":{"@type":"ImageObject","inLanguage":"fr-FR","@id":"https:\/\/dicodusport.fr\/blog\/#\/schema\/person\/image\/","url":"https:\/\/dicodusport.fr\/blog\/wp-content\/uploads\/2021\/05\/Nicolas-Jacquemard-150x150.jpeg","contentUrl":"https:\/\/dicodusport.fr\/blog\/wp-content\/uploads\/2021\/05\/Nicolas-Jacquemard-150x150.jpeg","caption":"Nicolas Jacquemard"},"description":"Passionn\u00e9 de sport et entrepreneur depuis mes 18 ans, la cr\u00e9ation de Dicodusport m'a sembl\u00e9 \u00e9vidente pour participer \u00e0 la m\u00e9diatisation d'un plus grand nombre de sports. Le chemin est long mais avec une \u00e9quipe des plus motiv\u00e9es et les Jeux Olympiques de Paris 2024 en point de mire, nous y arriverons ! Journaliste dans le monde du sport depuis plus de 5 ans, je traite aussi bien de football, de rugby, de biathlon que de cyclisme.","sameAs":["https:\/\/www.facebook.com\/dicodusport","https:\/\/x.com\/https:\/\/twitter.com\/Nico_Jacquemard"],"url":"https:\/\/dicodusport.fr\/blog\/author\/dicodusport\/"}]}},"_links":{"self":[{"href":"https:\/\/dicodusport.fr\/blog\/wp-json\/wp\/v2\/posts\/45525","targetHints":{"allow":["GET"]}}],"collection":[{"href":"https:\/\/dicodusport.fr\/blog\/wp-json\/wp\/v2\/posts"}],"about":[{"href":"https:\/\/dicodusport.fr\/blog\/wp-json\/wp\/v2\/types\/post"}],"author":[{"embeddable":true,"href":"https:\/\/dicodusport.fr\/blog\/wp-json\/wp\/v2\/users\/1"}],"replies":[{"embeddable":true,"href":"https:\/\/dicodusport.fr\/blog\/wp-json\/wp\/v2\/comments?post=45525"}],"version-history":[{"count":0,"href":"https:\/\/dicodusport.fr\/blog\/wp-json\/wp\/v2\/posts\/45525\/revisions"}],"wp:featuredmedia":[{"embeddable":true,"href":"https:\/\/dicodusport.fr\/blog\/wp-json\/wp\/v2\/media\/45532"}],"wp:attachment":[{"href":"https:\/\/dicodusport.fr\/blog\/wp-json\/wp\/v2\/media?parent=45525"}],"wp:term":[{"taxonomy":"category","embeddable":true,"href":"https:\/\/dicodusport.fr\/blog\/wp-json\/wp\/v2\/categories?post=45525"},{"taxonomy":"post_tag","embeddable":true,"href":"https:\/\/dicodusport.fr\/blog\/wp-json\/wp\/v2\/tags?post=45525"}],"curies":[{"name":"wp","href":"https:\/\/api.w.org\/{rel}","templated":true}]}}