{"id":455458,"date":"2024-01-22T15:54:44","date_gmt":"2024-01-22T14:54:44","guid":{"rendered":"https:\/\/dicodusport.fr\/blog\/?p=455458&#038;preview=true&#038;preview_id=455458"},"modified":"2024-01-24T07:39:31","modified_gmt":"2024-01-24T06:39:31","slug":"athletisme-les-resultats-francais-a-retenir-de-ce-week-end-des-20-et-21-janvier","status":"publish","type":"post","link":"https:\/\/dicodusport.fr\/blog\/athletisme-les-resultats-francais-a-retenir-de-ce-week-end-des-20-et-21-janvier\/","title":{"rendered":"Athl\u00e9tisme : Les r\u00e9sultats fran\u00e7ais \u00e0 retenir de ce week-end des 20 et 21 janvier"},"content":{"rendered":"<p style=\"text-align: justify;\"><strong><em>ATHL\u00c9TISME &#8211; Tour d&rsquo;horizon sur les performances des Fran\u00e7ais dans un week-end marqu\u00e9 par deux records de France jeunes. Mais aussi une pluie de records personnels.<\/em><\/strong><\/p>\n<h2 style=\"text-align: justify;\">Minima en vue des Mondiaux en salle pour Orlann Oli\u00e8re sur 60 m<\/h2>\n<p style=\"text-align: justify;\">C&rsquo;est le comeback de cette ann\u00e9e 2024 ! <strong>Orlann Oli\u00e8re<\/strong> a r\u00e9alis\u00e9 <a href=\"https:\/\/dicodusport.fr\/blog\/athletisme-les-minima-pour-les-mondiaux-indoor-de-glasgow-2024\/\">les minima pour les championnats du monde en salle<\/a>, ce dimanche. Elle qui n&rsquo;avait plus couru depuis 2021, \u00e9tant donn\u00e9 qu&rsquo;elle a donn\u00e9 naissance \u00e0 un enfant. La Fran\u00e7aise a montr\u00e9 qu&rsquo;elle pouvait encore \u00eatre comp\u00e9titive, du c\u00f4t\u00e9 du Luxembourg. Avec un 60 m aval\u00e9 en 7.17, \u00e0 seulement deux centi\u00e8mes de son record personnel, qui date de 2019.<\/p>\n<p style=\"text-align: justify;\">Un autre sprinteur, un jour plus t\u00f4t, a bien failli composter son billet pour Glasgow. <strong>Antoine Thoraval<\/strong> a boucl\u00e9 sa ligne droite en 6.60. Un chrono synonyme de record personnel battu de quatre centi\u00e8mes. Pour la deuxi\u00e8me fois de l&rsquo;hiver, il descend son record personnel et confirme son gros cap franchi ! Il n&rsquo;est plus qu&rsquo;\u00e0 deux centi\u00e8mes des fameux minima.<\/p>\n<h2 style=\"text-align: justify;\">Gabriel Bordier et Margot Chevrier prennent date<\/h2>\n<p style=\"text-align: justify;\">C&rsquo;est sans doute la performance la plus impressionnante de ce week-end ! <strong>Gabriel Bordier<\/strong> a bien failli faire tomber un record de France d\u00e9tenu par<strong> Yohann Diniz<\/strong>. Lors des championnats du Pays de la Loire \u00e0 Nantes, le marcheur a r\u00e9alis\u00e9 le chrono canon de 18:25.52 sur 5000 m marche. \u00c0 moins de dix secondes du chrono du champion du monde 2017 du 50 km marche (18:16:76). Il bat son record de pr\u00e8s de 16 secondes et continue de valider ses progr\u00e8s !<\/p>\n<p style=\"text-align: justify;\"><strong>Margot Chevrier<\/strong> a pris son envol, lors du <a href=\"https:\/\/dicodusport.fr\/blog\/starperche-bordeaux-2024-margot-chevrier-a-remis-les-pendules-a-lheure\/\">Starperche de Bordeaux<\/a>, ce samedi soir. Pour son deuxi\u00e8me concours de la saison, elle remporte le meeting, avec un nouveau record de la comp\u00e9tition, soit un bond \u00e0 4.63 m. Elle a tent\u00e9 la barre de 4.73 m, synonyme de minima pour les JO et de record personnel battu de deux centim\u00e8tres. Sans succ\u00e8s, mais on sent bien que cette barre sera plus d&rsquo;une fois menac\u00e9e cet hiver. <strong>Ninon Chapelle<\/strong> prend une belle 2e place, avec 4.53 m. Son meilleur saut de la saison.<\/p>\n<h2 style=\"text-align: justify;\">Deux records de France jeunes sont tomb\u00e9s<\/h2>\n<p style=\"text-align: justify;\">La marche fran\u00e7aise se porte tr\u00e8s bien. \u00c9galement chez les femmes. <strong>Chlo\u00e9 Le Roch<\/strong>, \u00e0 Rennes, s&rsquo;est offert le record de France U18 ET U20 du 3 000 m marche. En bouclant son \u00e9preuve en 12:50.32. Elle retranche plus de 25 secondes \u00e0 l&rsquo;ancienne marque cadette, qui tenait depuis 16 ans. Et surtout, 14 secondes \u00e0 la marque junior, d\u00e9tenue depuis d\u00e9cembre par <strong>L\u00e9na Auvray<\/strong>. Elle entre d\u00e9j\u00e0 dans le top 10 fran\u00e7ais de tous les temps sur la distance et signe la 12e meilleure performance mondiale cadette de tous les temps. Stratosph\u00e9rique bretonne qui ne cesse d&rsquo;\u00e9tonner, sorties apr\u00e8s sorties.<\/p>\n<p style=\"text-align: justify;\"><strong>Milann Klemenic<\/strong> n&rsquo;a pas train\u00e9 sur 400 m. Le P\u00e9rigourdin, m\u00e9daill\u00e9 de bronze europ\u00e9en avec le relais 4&#215;400 m juniors l&rsquo;\u00e9t\u00e9 dernier (en \u00e9tant cadet premi\u00e8re ann\u00e9e) s&rsquo;est empar\u00e9 du record de France U18 du 400 m en salle. Avec deux tours de piste (un tour fait 200 m en salle) boucl\u00e9s en 47.92. Sept centi\u00e8mes de mieux que T\u00e9o Andant, ancien d\u00e9tenteur de ce record de France. Pas n&rsquo;importe qui.<\/p>\n<h2 style=\"text-align: justify;\">Record personnel pour Romain Mornet, Beno\u00eet Campion et Agathe Guillemot<\/h2>\n<p style=\"text-align: justify;\">\u00c9galement au Luxembourg, o\u00f9 <strong>Orlann Oli\u00e8re<\/strong> a brill\u00e9, d&rsquo;autres internationaux fran\u00e7ais ont marqu\u00e9 des points. En premier lieu <strong>Romain Mornet<\/strong>, qui explose son record personnel sur 3 000 m. Une marque battue de sept secondes en 7:47.80. Dans une course o\u00f9 <strong>Simon Bedard<\/strong> s&rsquo;est approch\u00e9 \u00e0 deux secondes du sien, avec son 7:53.24. Record personnel pour Agathe Guillemot, qui a boucl\u00e9 son 1500 m en 4:09.24. Un chrono de tr\u00e8s bon augure pour la suite de la saison. <strong>L\u00e9na Kandissounon<\/strong>, son amie et partenaire d&rsquo;entra\u00eenement, a fait une rentr\u00e9e probante sur 800 m en 2:03.71. Alors que <strong>Beno\u00eet Campion<\/strong> a lui battu son record personnel sur 1 500 m, bouclant sa course en 3:39.72. Histoire de nous rappeler que le demi-fond fran\u00e7ais se porte de mieux en mieux.<\/p>\n<div class=\"vlp-link-container vlp-layout-article\"><a href=\"https:\/\/dicodusport.fr\/blog\/agathe-guillemot-faire-le-1500-m-etait-le-meilleur-des-choix\/\" class=\"vlp-link\" title=\"Agathe Guillemot : &quot;Faire le 1500 m \u00e9tait le meilleur des choix&quot;\"><\/a><div class=\"vlp-layout-zone-side\"><div class=\"vlp-block-4 vlp-link-image\"><img loading=\"lazy\" decoding=\"async\" style=\"max-width: 800px;\" width=\"800\" height=\"445\" src=\"https:\/\/dicodusport.fr\/blog\/wp-content\/uploads\/2023\/08\/Agathe-Guillemot-Faire-le-1500-m-etait-le-meilleur-des-choix.png\" class=\"attachment-800x445 size-800x445\" alt=\"Agathe Guillemot : &quot;Faire le 1500 m \u00e9tait le meilleur des choix&quot;\" srcset=\"https:\/\/dicodusport.fr\/blog\/wp-content\/uploads\/2023\/08\/Agathe-Guillemot-Faire-le-1500-m-etait-le-meilleur-des-choix.png 800w, https:\/\/dicodusport.fr\/blog\/wp-content\/uploads\/2023\/08\/Agathe-Guillemot-Faire-le-1500-m-etait-le-meilleur-des-choix-300x167.png 300w, https:\/\/dicodusport.fr\/blog\/wp-content\/uploads\/2023\/08\/Agathe-Guillemot-Faire-le-1500-m-etait-le-meilleur-des-choix-768x427.png 768w\" sizes=\"auto, (max-width: 800px) 100vw, 800px\" \/><\/div><\/div><div class=\"vlp-layout-zone-main\"><div class=\"vlp-block-0 vlp-link-title\">Agathe Guillemot : \"Faire le 1500 m \u00e9tait le meilleur des choix\"<\/div><div class=\"vlp-block-1 vlp-link-summary\">ATHL\u00c9TISME - Agathe Guillemot va repr\u00e9senter la France aux Mondiaux de Budapest, qualifi\u00e9e sur 1500 m. L'aboutissement d'une folle progression sur la distance pour la Bretonne. Passant de 4:12.43 en 2022 \u00e0 4:03.26 lors du meeting de Monaco cette ann\u00e9e. Chrono synonyme de minima mondiaux. Agathe Guillemot s'est confi\u00e9e \u00e0 Albi, lors des Championnats de France \u00e9lite, o\u00f9 elle a remport\u00e9 le titre. Sur son choix du 1500 m, ses objectifs et sa saison.<\/div><div class=\"vlp-block-2 vlp-link-button\">Lire l'article<\/div><div class=\"vlp-block-3 vlp-link-url\">dicodusport.fr<\/div><\/div><\/div>\n<p style=\"text-align: justify;\"><strong>Erwann Cinna<\/strong> a \u00e9galement battu son record, mais sur 60 m haies. Portant sa marque \u00e0 7.75. Cela devrait encore descendre pour un des espoirs de l&rsquo;athl\u00e9tisme fran\u00e7ais. Qui retranche deux centi\u00e8mes \u00e0 sa marque. <strong>Sacha Alessandrini<\/strong>, toujours au Luxembourg, a boucl\u00e9 son 60 m haies en 8.09. Ni plus ni moins que son meilleur chrono depuis 2019 (8.02). \u00c0 Miramas, <strong>Fred Dag\u00e9e<\/strong>, qui fait son retour cette ann\u00e9e, a r\u00e9alis\u00e9 un jet probant au poids, avec un boulet retomb\u00e9 \u00e0 19.84 m, tout proche des 20 m\u00e8tres.<\/p>\n","protected":false},"excerpt":{"rendered":"<p>ATHL\u00c9TISME &#8211; Tour d&rsquo;horizon sur les performances des Fran\u00e7ais dans un week-end marqu\u00e9 par deux records de France jeunes. Mais aussi une pluie de records personnels.<\/p>\n","protected":false},"author":83,"featured_media":455470,"comment_status":"open","ping_status":"closed","sticky":false,"template":"","format":"standard","meta":{"_acf_changed":false,"_daextam_enable_autolinks":"1","footnotes":""},"categories":[2308],"tags":[143,10976,16878,31430,33623,30028,37255],"class_list":["post-455458","post","type-post","status-publish","format-standard","has-post-thumbnail","hentry","category-athletisme","tag-athletisme","tag-athletisme-francais","tag-breve","tag-chloe-le-roch","tag-gabriel-bordier","tag-margot-chevrier","tag-milann-klemenic"],"acf":[],"yoast_head":"<!-- This site is optimized with the Yoast SEO Premium plugin v26.7 (Yoast SEO v26.7) - https:\/\/yoast.com\/wordpress\/plugins\/seo\/ -->\n<title>Athl\u00e9tisme : Les r\u00e9sultats fran\u00e7ais \u00e0 retenir de ce week-end des 20 et 21 janvier<\/title>\n<meta name=\"description\" content=\"ATHL\u00c9TISME - Tour d&#039;horizon sur les performances des Fran\u00e7ais dans un week-end marqu\u00e9 par deux records de France jeunes.\" \/>\n<meta name=\"robots\" content=\"index, follow, max-snippet:-1, max-image-preview:large, max-video-preview:-1\" \/>\n<link rel=\"canonical\" href=\"https:\/\/dicodusport.fr\/blog\/athletisme-les-resultats-francais-a-retenir-de-ce-week-end-des-20-et-21-janvier\/\" \/>\n<meta property=\"og:locale\" content=\"fr_FR\" \/>\n<meta property=\"og:type\" content=\"article\" \/>\n<meta property=\"og:title\" content=\"Athl\u00e9tisme : Les r\u00e9sultats fran\u00e7ais \u00e0 retenir de ce week-end des 20 et 21 janvier\" \/>\n<meta property=\"og:description\" content=\"ATHL\u00c9TISME - Tour d&#039;horizon sur les performances des Fran\u00e7ais dans un week-end marqu\u00e9 par deux records de France jeunes.\" \/>\n<meta property=\"og:url\" content=\"https:\/\/dicodusport.fr\/blog\/athletisme-les-resultats-francais-a-retenir-de-ce-week-end-des-20-et-21-janvier\/\" \/>\n<meta property=\"og:site_name\" content=\"Dicodusport\" \/>\n<meta property=\"article:publisher\" content=\"https:\/\/www.facebook.com\/dicodusport\" \/>\n<meta property=\"article:published_time\" content=\"2024-01-22T14:54:44+00:00\" \/>\n<meta property=\"article:modified_time\" content=\"2024-01-24T06:39:31+00:00\" \/>\n<meta property=\"og:image\" content=\"https:\/\/dicodusport.fr\/blog\/wp-content\/uploads\/2024\/01\/Athletisme-Les-resultats-francais-a-retenir-de-ce-week-end.png\" \/>\n\t<meta property=\"og:image:width\" content=\"1200\" \/>\n\t<meta property=\"og:image:height\" content=\"674\" \/>\n\t<meta property=\"og:image:type\" content=\"image\/png\" \/>\n<meta name=\"author\" content=\"Etienne Goursaud\" \/>\n<meta name=\"twitter:card\" content=\"summary_large_image\" \/>\n<meta name=\"twitter:title\" content=\"Athl\u00e9tisme : Les r\u00e9sultats fran\u00e7ais \u00e0 retenir de ce week-end des 20 et 21 janvier\" \/>\n<meta name=\"twitter:creator\" content=\"@dicodusport\" \/>\n<meta name=\"twitter:site\" content=\"@dicodusport\" \/>\n<script type=\"application\/ld+json\" class=\"yoast-schema-graph\">{\"@context\":\"https:\/\/schema.org\",\"@graph\":[{\"@type\":\"NewsArticle\",\"@id\":\"https:\/\/dicodusport.fr\/blog\/athletisme-les-resultats-francais-a-retenir-de-ce-week-end-des-20-et-21-janvier\/#article\",\"isPartOf\":{\"@id\":\"https:\/\/dicodusport.fr\/blog\/athletisme-les-resultats-francais-a-retenir-de-ce-week-end-des-20-et-21-janvier\/\"},\"author\":{\"name\":\"Etienne Goursaud\",\"@id\":\"https:\/\/dicodusport.fr\/blog\/#\/schema\/person\/d603dd7da31fb2b46c82b9835a77ec13\"},\"headline\":\"Athl\u00e9tisme : Les r\u00e9sultats fran\u00e7ais \u00e0 retenir de ce week-end des 20 et 21 janvier\",\"datePublished\":\"2024-01-22T14:54:44+00:00\",\"dateModified\":\"2024-01-24T06:39:31+00:00\",\"mainEntityOfPage\":{\"@id\":\"https:\/\/dicodusport.fr\/blog\/athletisme-les-resultats-francais-a-retenir-de-ce-week-end-des-20-et-21-janvier\/\"},\"wordCount\":895,\"commentCount\":0,\"publisher\":{\"@id\":\"https:\/\/dicodusport.fr\/blog\/#organization\"},\"image\":{\"@id\":\"https:\/\/dicodusport.fr\/blog\/athletisme-les-resultats-francais-a-retenir-de-ce-week-end-des-20-et-21-janvier\/#primaryimage\"},\"thumbnailUrl\":\"https:\/\/dicodusport.fr\/blog\/wp-content\/uploads\/2024\/01\/Athletisme-Les-resultats-francais-a-retenir-de-ce-week-end.png\",\"keywords\":[\"Athl\u00e9tisme\",\"Athl\u00e9tisme fran\u00e7ais\",\"br\u00e8ve\",\"Chlo\u00e9 Le Roch\",\"Gabriel Bordier\",\"Margot Chevrier\",\"Milann Klemenic\"],\"articleSection\":[\"Athl\u00e9tisme\"],\"inLanguage\":\"fr-FR\",\"potentialAction\":[{\"@type\":\"CommentAction\",\"name\":\"Comment\",\"target\":[\"https:\/\/dicodusport.fr\/blog\/athletisme-les-resultats-francais-a-retenir-de-ce-week-end-des-20-et-21-janvier\/#respond\"]}],\"copyrightYear\":\"2024\",\"copyrightHolder\":{\"@id\":\"https:\/\/dicodusport.fr\/blog\/#organization\"}},{\"@type\":\"WebPage\",\"@id\":\"https:\/\/dicodusport.fr\/blog\/athletisme-les-resultats-francais-a-retenir-de-ce-week-end-des-20-et-21-janvier\/\",\"url\":\"https:\/\/dicodusport.fr\/blog\/athletisme-les-resultats-francais-a-retenir-de-ce-week-end-des-20-et-21-janvier\/\",\"name\":\"Athl\u00e9tisme : Les r\u00e9sultats fran\u00e7ais \u00e0 retenir de ce week-end des 20 et 21 janvier\",\"isPartOf\":{\"@id\":\"https:\/\/dicodusport.fr\/blog\/#website\"},\"primaryImageOfPage\":{\"@id\":\"https:\/\/dicodusport.fr\/blog\/athletisme-les-resultats-francais-a-retenir-de-ce-week-end-des-20-et-21-janvier\/#primaryimage\"},\"image\":{\"@id\":\"https:\/\/dicodusport.fr\/blog\/athletisme-les-resultats-francais-a-retenir-de-ce-week-end-des-20-et-21-janvier\/#primaryimage\"},\"thumbnailUrl\":\"https:\/\/dicodusport.fr\/blog\/wp-content\/uploads\/2024\/01\/Athletisme-Les-resultats-francais-a-retenir-de-ce-week-end.png\",\"datePublished\":\"2024-01-22T14:54:44+00:00\",\"dateModified\":\"2024-01-24T06:39:31+00:00\",\"description\":\"ATHL\u00c9TISME - Tour d'horizon sur les performances des Fran\u00e7ais dans un week-end marqu\u00e9 par deux records de France jeunes.\",\"breadcrumb\":{\"@id\":\"https:\/\/dicodusport.fr\/blog\/athletisme-les-resultats-francais-a-retenir-de-ce-week-end-des-20-et-21-janvier\/#breadcrumb\"},\"inLanguage\":\"fr-FR\",\"potentialAction\":[{\"@type\":\"ReadAction\",\"target\":[\"https:\/\/dicodusport.fr\/blog\/athletisme-les-resultats-francais-a-retenir-de-ce-week-end-des-20-et-21-janvier\/\"]}]},{\"@type\":\"ImageObject\",\"inLanguage\":\"fr-FR\",\"@id\":\"https:\/\/dicodusport.fr\/blog\/athletisme-les-resultats-francais-a-retenir-de-ce-week-end-des-20-et-21-janvier\/#primaryimage\",\"url\":\"https:\/\/dicodusport.fr\/blog\/wp-content\/uploads\/2024\/01\/Athletisme-Les-resultats-francais-a-retenir-de-ce-week-end.png\",\"contentUrl\":\"https:\/\/dicodusport.fr\/blog\/wp-content\/uploads\/2024\/01\/Athletisme-Les-resultats-francais-a-retenir-de-ce-week-end.png\",\"width\":1200,\"height\":674,\"caption\":\"Athl\u00e9tisme - Les r\u00e9sultats fran\u00e7ais \u00e0 retenir de ce week-end\"},{\"@type\":\"BreadcrumbList\",\"@id\":\"https:\/\/dicodusport.fr\/blog\/athletisme-les-resultats-francais-a-retenir-de-ce-week-end-des-20-et-21-janvier\/#breadcrumb\",\"itemListElement\":[{\"@type\":\"ListItem\",\"position\":1,\"name\":\"Accueil\",\"item\":\"https:\/\/dicodusport.fr\/blog\/\"},{\"@type\":\"ListItem\",\"position\":2,\"name\":\"Athl\u00e9tisme : Les r\u00e9sultats fran\u00e7ais \u00e0 retenir de ce week-end des 20 et 21 janvier\"}]},{\"@type\":\"WebSite\",\"@id\":\"https:\/\/dicodusport.fr\/blog\/#website\",\"url\":\"https:\/\/dicodusport.fr\/blog\/\",\"name\":\"Dicodusport\",\"description\":\"L&#039;encyclop\u00e9die de l&#039;actualit\u00e9 sportive\",\"publisher\":{\"@id\":\"https:\/\/dicodusport.fr\/blog\/#organization\"},\"potentialAction\":[{\"@type\":\"SearchAction\",\"target\":{\"@type\":\"EntryPoint\",\"urlTemplate\":\"https:\/\/dicodusport.fr\/blog\/?s={search_term_string}\"},\"query-input\":{\"@type\":\"PropertyValueSpecification\",\"valueRequired\":true,\"valueName\":\"search_term_string\"}}],\"inLanguage\":\"fr-FR\"},{\"@type\":\"NewsMediaOrganization\",\"@id\":\"https:\/\/dicodusport.fr\/blog\/#organization\",\"name\":\"Dicodusport\",\"url\":\"https:\/\/dicodusport.fr\/blog\/\",\"logo\":{\"@type\":\"ImageObject\",\"inLanguage\":\"fr-FR\",\"@id\":\"https:\/\/dicodusport.fr\/blog\/#\/schema\/logo\/image\/\",\"url\":\"https:\/\/dicodusport.fr\/blog\/wp-content\/uploads\/2020\/06\/cropped-LOGO-DICODUSPORT-2020-SANS-FOND-SANS-TEXTE.png\",\"contentUrl\":\"https:\/\/dicodusport.fr\/blog\/wp-content\/uploads\/2020\/06\/cropped-LOGO-DICODUSPORT-2020-SANS-FOND-SANS-TEXTE.png\",\"width\":512,\"height\":512,\"caption\":\"Dicodusport\"},\"image\":{\"@id\":\"https:\/\/dicodusport.fr\/blog\/#\/schema\/logo\/image\/\"},\"sameAs\":[\"https:\/\/www.facebook.com\/dicodusport\",\"https:\/\/x.com\/dicodusport\",\"https:\/\/www.instagram.com\/dicodusport\/\",\"https:\/\/www.youtube.com\/channel\/UC7V2KZ5sd3htJivAbA4ZG3w\"],\"description\":\"Dicodusport est l'encyclop\u00e9die de l'actualit\u00e9 sportive.\",\"email\":\"bonjour@dicodusport.fr\",\"legalName\":\"DICODUSPORT\",\"foundingDate\":\"2018-01-14\",\"vatID\":\"FR71834470973\",\"taxID\":\"83447097300043\",\"numberOfEmployees\":{\"@type\":\"QuantitativeValue\",\"minValue\":\"1\",\"maxValue\":\"10\"}},{\"@type\":\"Person\",\"@id\":\"https:\/\/dicodusport.fr\/blog\/#\/schema\/person\/d603dd7da31fb2b46c82b9835a77ec13\",\"name\":\"Etienne Goursaud\",\"image\":{\"@type\":\"ImageObject\",\"inLanguage\":\"fr-FR\",\"@id\":\"https:\/\/dicodusport.fr\/blog\/#\/schema\/person\/image\/\",\"url\":\"https:\/\/dicodusport.fr\/blog\/wp-content\/uploads\/2023\/12\/410122264_10231602061736049_5565839791558026645_n-150x150.jpg\",\"contentUrl\":\"https:\/\/dicodusport.fr\/blog\/wp-content\/uploads\/2023\/12\/410122264_10231602061736049_5565839791558026645_n-150x150.jpg\",\"caption\":\"Etienne Goursaud\"},\"description\":\"Journaliste et amoureux de sport. Ancien footballeur reconverti athl\u00e8te quand ses muscles le laissent tranquille. \u00c9lev\u00e9 \u00e0 la sauce des exploits de Thomas Voeckler en 2004, du dernier essai de l\u00e9gende de Eunice Barber \u00e0 la longueur lors des championnats du monde d'athl\u00e9tisme de 2003 mais aussi Zidane, Omeyer et Titou Lamaison.\",\"url\":\"https:\/\/dicodusport.fr\/blog\/author\/etienne-goursaud\/\"}]}<\/script>\n<!-- \/ Yoast SEO Premium plugin. -->","yoast_head_json":{"title":"Athl\u00e9tisme : Les r\u00e9sultats fran\u00e7ais \u00e0 retenir de ce week-end des 20 et 21 janvier","description":"ATHL\u00c9TISME - Tour d'horizon sur les performances des Fran\u00e7ais dans un week-end marqu\u00e9 par deux records de France jeunes.","robots":{"index":"index","follow":"follow","max-snippet":"max-snippet:-1","max-image-preview":"max-image-preview:large","max-video-preview":"max-video-preview:-1"},"canonical":"https:\/\/dicodusport.fr\/blog\/athletisme-les-resultats-francais-a-retenir-de-ce-week-end-des-20-et-21-janvier\/","og_locale":"fr_FR","og_type":"article","og_title":"Athl\u00e9tisme : Les r\u00e9sultats fran\u00e7ais \u00e0 retenir de ce week-end des 20 et 21 janvier","og_description":"ATHL\u00c9TISME - Tour d'horizon sur les performances des Fran\u00e7ais dans un week-end marqu\u00e9 par deux records de France jeunes.","og_url":"https:\/\/dicodusport.fr\/blog\/athletisme-les-resultats-francais-a-retenir-de-ce-week-end-des-20-et-21-janvier\/","og_site_name":"Dicodusport","article_publisher":"https:\/\/www.facebook.com\/dicodusport","article_published_time":"2024-01-22T14:54:44+00:00","article_modified_time":"2024-01-24T06:39:31+00:00","og_image":[{"width":1200,"height":674,"url":"https:\/\/dicodusport.fr\/blog\/wp-content\/uploads\/2024\/01\/Athletisme-Les-resultats-francais-a-retenir-de-ce-week-end.png","type":"image\/png"}],"author":"Etienne Goursaud","twitter_card":"summary_large_image","twitter_title":"Athl\u00e9tisme : Les r\u00e9sultats fran\u00e7ais \u00e0 retenir de ce week-end des 20 et 21 janvier","twitter_creator":"@dicodusport","twitter_site":"@dicodusport","schema":{"@context":"https:\/\/schema.org","@graph":[{"@type":"NewsArticle","@id":"https:\/\/dicodusport.fr\/blog\/athletisme-les-resultats-francais-a-retenir-de-ce-week-end-des-20-et-21-janvier\/#article","isPartOf":{"@id":"https:\/\/dicodusport.fr\/blog\/athletisme-les-resultats-francais-a-retenir-de-ce-week-end-des-20-et-21-janvier\/"},"author":{"name":"Etienne Goursaud","@id":"https:\/\/dicodusport.fr\/blog\/#\/schema\/person\/d603dd7da31fb2b46c82b9835a77ec13"},"headline":"Athl\u00e9tisme : Les r\u00e9sultats fran\u00e7ais \u00e0 retenir de ce week-end des 20 et 21 janvier","datePublished":"2024-01-22T14:54:44+00:00","dateModified":"2024-01-24T06:39:31+00:00","mainEntityOfPage":{"@id":"https:\/\/dicodusport.fr\/blog\/athletisme-les-resultats-francais-a-retenir-de-ce-week-end-des-20-et-21-janvier\/"},"wordCount":895,"commentCount":0,"publisher":{"@id":"https:\/\/dicodusport.fr\/blog\/#organization"},"image":{"@id":"https:\/\/dicodusport.fr\/blog\/athletisme-les-resultats-francais-a-retenir-de-ce-week-end-des-20-et-21-janvier\/#primaryimage"},"thumbnailUrl":"https:\/\/dicodusport.fr\/blog\/wp-content\/uploads\/2024\/01\/Athletisme-Les-resultats-francais-a-retenir-de-ce-week-end.png","keywords":["Athl\u00e9tisme","Athl\u00e9tisme fran\u00e7ais","br\u00e8ve","Chlo\u00e9 Le Roch","Gabriel Bordier","Margot Chevrier","Milann Klemenic"],"articleSection":["Athl\u00e9tisme"],"inLanguage":"fr-FR","potentialAction":[{"@type":"CommentAction","name":"Comment","target":["https:\/\/dicodusport.fr\/blog\/athletisme-les-resultats-francais-a-retenir-de-ce-week-end-des-20-et-21-janvier\/#respond"]}],"copyrightYear":"2024","copyrightHolder":{"@id":"https:\/\/dicodusport.fr\/blog\/#organization"}},{"@type":"WebPage","@id":"https:\/\/dicodusport.fr\/blog\/athletisme-les-resultats-francais-a-retenir-de-ce-week-end-des-20-et-21-janvier\/","url":"https:\/\/dicodusport.fr\/blog\/athletisme-les-resultats-francais-a-retenir-de-ce-week-end-des-20-et-21-janvier\/","name":"Athl\u00e9tisme : Les r\u00e9sultats fran\u00e7ais \u00e0 retenir de ce week-end des 20 et 21 janvier","isPartOf":{"@id":"https:\/\/dicodusport.fr\/blog\/#website"},"primaryImageOfPage":{"@id":"https:\/\/dicodusport.fr\/blog\/athletisme-les-resultats-francais-a-retenir-de-ce-week-end-des-20-et-21-janvier\/#primaryimage"},"image":{"@id":"https:\/\/dicodusport.fr\/blog\/athletisme-les-resultats-francais-a-retenir-de-ce-week-end-des-20-et-21-janvier\/#primaryimage"},"thumbnailUrl":"https:\/\/dicodusport.fr\/blog\/wp-content\/uploads\/2024\/01\/Athletisme-Les-resultats-francais-a-retenir-de-ce-week-end.png","datePublished":"2024-01-22T14:54:44+00:00","dateModified":"2024-01-24T06:39:31+00:00","description":"ATHL\u00c9TISME - Tour d'horizon sur les performances des Fran\u00e7ais dans un week-end marqu\u00e9 par deux records de France jeunes.","breadcrumb":{"@id":"https:\/\/dicodusport.fr\/blog\/athletisme-les-resultats-francais-a-retenir-de-ce-week-end-des-20-et-21-janvier\/#breadcrumb"},"inLanguage":"fr-FR","potentialAction":[{"@type":"ReadAction","target":["https:\/\/dicodusport.fr\/blog\/athletisme-les-resultats-francais-a-retenir-de-ce-week-end-des-20-et-21-janvier\/"]}]},{"@type":"ImageObject","inLanguage":"fr-FR","@id":"https:\/\/dicodusport.fr\/blog\/athletisme-les-resultats-francais-a-retenir-de-ce-week-end-des-20-et-21-janvier\/#primaryimage","url":"https:\/\/dicodusport.fr\/blog\/wp-content\/uploads\/2024\/01\/Athletisme-Les-resultats-francais-a-retenir-de-ce-week-end.png","contentUrl":"https:\/\/dicodusport.fr\/blog\/wp-content\/uploads\/2024\/01\/Athletisme-Les-resultats-francais-a-retenir-de-ce-week-end.png","width":1200,"height":674,"caption":"Athl\u00e9tisme - Les r\u00e9sultats fran\u00e7ais \u00e0 retenir de ce week-end"},{"@type":"BreadcrumbList","@id":"https:\/\/dicodusport.fr\/blog\/athletisme-les-resultats-francais-a-retenir-de-ce-week-end-des-20-et-21-janvier\/#breadcrumb","itemListElement":[{"@type":"ListItem","position":1,"name":"Accueil","item":"https:\/\/dicodusport.fr\/blog\/"},{"@type":"ListItem","position":2,"name":"Athl\u00e9tisme : Les r\u00e9sultats fran\u00e7ais \u00e0 retenir de ce week-end des 20 et 21 janvier"}]},{"@type":"WebSite","@id":"https:\/\/dicodusport.fr\/blog\/#website","url":"https:\/\/dicodusport.fr\/blog\/","name":"Dicodusport","description":"L&#039;encyclop\u00e9die de l&#039;actualit\u00e9 sportive","publisher":{"@id":"https:\/\/dicodusport.fr\/blog\/#organization"},"potentialAction":[{"@type":"SearchAction","target":{"@type":"EntryPoint","urlTemplate":"https:\/\/dicodusport.fr\/blog\/?s={search_term_string}"},"query-input":{"@type":"PropertyValueSpecification","valueRequired":true,"valueName":"search_term_string"}}],"inLanguage":"fr-FR"},{"@type":"NewsMediaOrganization","@id":"https:\/\/dicodusport.fr\/blog\/#organization","name":"Dicodusport","url":"https:\/\/dicodusport.fr\/blog\/","logo":{"@type":"ImageObject","inLanguage":"fr-FR","@id":"https:\/\/dicodusport.fr\/blog\/#\/schema\/logo\/image\/","url":"https:\/\/dicodusport.fr\/blog\/wp-content\/uploads\/2020\/06\/cropped-LOGO-DICODUSPORT-2020-SANS-FOND-SANS-TEXTE.png","contentUrl":"https:\/\/dicodusport.fr\/blog\/wp-content\/uploads\/2020\/06\/cropped-LOGO-DICODUSPORT-2020-SANS-FOND-SANS-TEXTE.png","width":512,"height":512,"caption":"Dicodusport"},"image":{"@id":"https:\/\/dicodusport.fr\/blog\/#\/schema\/logo\/image\/"},"sameAs":["https:\/\/www.facebook.com\/dicodusport","https:\/\/x.com\/dicodusport","https:\/\/www.instagram.com\/dicodusport\/","https:\/\/www.youtube.com\/channel\/UC7V2KZ5sd3htJivAbA4ZG3w"],"description":"Dicodusport est l'encyclop\u00e9die de l'actualit\u00e9 sportive.","email":"bonjour@dicodusport.fr","legalName":"DICODUSPORT","foundingDate":"2018-01-14","vatID":"FR71834470973","taxID":"83447097300043","numberOfEmployees":{"@type":"QuantitativeValue","minValue":"1","maxValue":"10"}},{"@type":"Person","@id":"https:\/\/dicodusport.fr\/blog\/#\/schema\/person\/d603dd7da31fb2b46c82b9835a77ec13","name":"Etienne Goursaud","image":{"@type":"ImageObject","inLanguage":"fr-FR","@id":"https:\/\/dicodusport.fr\/blog\/#\/schema\/person\/image\/","url":"https:\/\/dicodusport.fr\/blog\/wp-content\/uploads\/2023\/12\/410122264_10231602061736049_5565839791558026645_n-150x150.jpg","contentUrl":"https:\/\/dicodusport.fr\/blog\/wp-content\/uploads\/2023\/12\/410122264_10231602061736049_5565839791558026645_n-150x150.jpg","caption":"Etienne Goursaud"},"description":"Journaliste et amoureux de sport. Ancien footballeur reconverti athl\u00e8te quand ses muscles le laissent tranquille. \u00c9lev\u00e9 \u00e0 la sauce des exploits de Thomas Voeckler en 2004, du dernier essai de l\u00e9gende de Eunice Barber \u00e0 la longueur lors des championnats du monde d'athl\u00e9tisme de 2003 mais aussi Zidane, Omeyer et Titou Lamaison.","url":"https:\/\/dicodusport.fr\/blog\/author\/etienne-goursaud\/"}]}},"_links":{"self":[{"href":"https:\/\/dicodusport.fr\/blog\/wp-json\/wp\/v2\/posts\/455458","targetHints":{"allow":["GET"]}}],"collection":[{"href":"https:\/\/dicodusport.fr\/blog\/wp-json\/wp\/v2\/posts"}],"about":[{"href":"https:\/\/dicodusport.fr\/blog\/wp-json\/wp\/v2\/types\/post"}],"author":[{"embeddable":true,"href":"https:\/\/dicodusport.fr\/blog\/wp-json\/wp\/v2\/users\/83"}],"replies":[{"embeddable":true,"href":"https:\/\/dicodusport.fr\/blog\/wp-json\/wp\/v2\/comments?post=455458"}],"version-history":[{"count":5,"href":"https:\/\/dicodusport.fr\/blog\/wp-json\/wp\/v2\/posts\/455458\/revisions"}],"predecessor-version":[{"id":455940,"href":"https:\/\/dicodusport.fr\/blog\/wp-json\/wp\/v2\/posts\/455458\/revisions\/455940"}],"wp:featuredmedia":[{"embeddable":true,"href":"https:\/\/dicodusport.fr\/blog\/wp-json\/wp\/v2\/media\/455470"}],"wp:attachment":[{"href":"https:\/\/dicodusport.fr\/blog\/wp-json\/wp\/v2\/media?parent=455458"}],"wp:term":[{"taxonomy":"category","embeddable":true,"href":"https:\/\/dicodusport.fr\/blog\/wp-json\/wp\/v2\/categories?post=455458"},{"taxonomy":"post_tag","embeddable":true,"href":"https:\/\/dicodusport.fr\/blog\/wp-json\/wp\/v2\/tags?post=455458"}],"curies":[{"name":"wp","href":"https:\/\/api.w.org\/{rel}","templated":true}]}}