{"id":455526,"date":"2024-01-22T13:28:47","date_gmt":"2024-01-22T12:28:47","guid":{"rendered":"https:\/\/dicodusport.fr\/blog\/?p=455526&#038;preview=true&#038;preview_id=455526"},"modified":"2024-01-22T14:39:28","modified_gmt":"2024-01-22T13:39:28","slug":"xv-de-france-emmanuel-meafou-blesse-et-incertain-pour-defier-lirlande","status":"publish","type":"post","link":"https:\/\/dicodusport.fr\/blog\/xv-de-france-emmanuel-meafou-blesse-et-incertain-pour-defier-lirlande\/","title":{"rendered":"XV de France : Emmanuel Meafou forfait face \u00e0 l&rsquo;Irlande"},"content":{"rendered":"<p style=\"text-align: justify;\"><strong><em><a href=\"https:\/\/dicodusport.fr\/blog\/actualites\/rugby\/rugby-a-xv\/xv-de-france\/\">XV DE FRANCE<\/a> &#8211; C&rsquo;est officiel. Emmanuel Meafou (Stade Toulousain) est bless\u00e9 au genou et forfait pour affronter l&rsquo;Irlande le 2 f\u00e9vrier.<\/em><\/strong><\/p>\n<ul>\n<li style=\"text-align: justify;\"><strong>\u00c0 ce sujet &#8211; <a href=\"https:\/\/dicodusport.fr\/blog\/calendrier-et-resultats-tournoi-des-6-nations-2024\/\">Calendrier et r\u00e9sultats Tournoi des 6 Nations 2024<\/a><\/strong><\/li>\n<\/ul>\n<p style=\"text-align: justify;\"><strong>Fabien<\/strong> <strong>Galthi\u00e9<\/strong> n&rsquo;a pas v\u00e9cu un tr\u00e8s bon week-end avant de retrouver les joueurs du <strong>XV<\/strong> <strong>de<\/strong> <strong>France<\/strong> ce lundi. <strong>Anthony<\/strong> <strong>Jelonch<\/strong> s&rsquo;est bless\u00e9 au genou lors de <a href=\"https:\/\/dicodusport.fr\/blog\/champions-cup-j4-toulouse-recu-20-20-apres-son-succes-bonifie-face-a-bath\/\">la victoire de Toulouse face \u00e0 Bath dimanche (31-19)<\/a>, et les ligaments crois\u00e9s sont touch\u00e9s, selon plusieurs sources. Le troisi\u00e8me ligne est forfait pour tout le <strong>Tournoi des 6 Nations<\/strong> et pourrait une nouvelle fois \u00eatre absent pour de longs mois.<\/p>\n<ul>\n<li style=\"text-align: justify;\"><strong>\u00c0 ce sujet &#8211; <a href=\"https:\/\/dicodusport.fr\/blog\/xv-de-france-6-nations-un-toulousain-pour-remplacer-anthony-jelonch\/\">XV de France \u2013 6 Nations : Un Toulousain pour remplacer Anthony Jelonch<\/a>\u00a0<\/strong><\/li>\n<\/ul>\n<h2 style=\"text-align: justify;\">Emmanuel Meafou aussi touch\u00e9 au genou<\/h2>\n<p style=\"text-align: justify;\">Mais ce n&rsquo;est pas le seul joueur international du <strong>Stade<\/strong> <strong>Toulousain<\/strong> qui s&rsquo;est bless\u00e9 face \u00e0 Bath dimanche. <strong>Emmanuel<\/strong> <strong>Meafou<\/strong>, sorti \u00e0 la 74\u00e8me minute face au club anglais, est aussi touch\u00e9 au genou. Le deuxi\u00e8me ligne n&rsquo;a pas rejoint <strong>Marcoussis<\/strong> ce lundi, et a pass\u00e9 des examens \u00e0 <strong>Toulouse<\/strong>.<\/p>\n<p style=\"text-align: justify;\">En d\u00e9but d&rsquo;apr\u00e8s-midi, la FFR a annonc\u00e9 le forfait d&rsquo;<strong>Emmanuel<\/strong> <strong>Meafou<\/strong> pour le choc face \u00e0 l&rsquo;<strong>Irlande<\/strong> le 2 f\u00e9vrier prochain. Ses d\u00e9buts avec le <strong>XV de France <\/strong>sont donc\u00a0repouss\u00e9s, mais sa participation au reste du <strong>Tournoi des 6 Nations<\/strong> n&rsquo;est pour le moment pas remise en cause.<\/p>\n<blockquote class=\"twitter-tweet\">\n<p dir=\"ltr\" lang=\"zxx\"><a href=\"https:\/\/t.co\/YexWIj5Je1\">https:\/\/t.co\/YexWIj5Je1<\/a><\/p>\n<p>\u2014 Nicolas Jacquemard (@Nico_Jacquemard) <a href=\"https:\/\/twitter.com\/Nico_Jacquemard\/status\/1749408225496097124?ref_src=twsrc%5Etfw\">January 22, 2024<\/a><\/p><\/blockquote>\n<p style=\"text-align: justify;\"><script async src=\"https:\/\/platform.twitter.com\/widgets.js\" charset=\"utf-8\"><\/script><\/p>\n","protected":false},"excerpt":{"rendered":"<p>XV DE FRANCE &#8211; Selon L&rsquo;\u00c9quipe, Emmanuel Meafou est bless\u00e9 au genou et incertain pour affronter l&rsquo;Irlande le 2 f\u00e9vrier.<\/p>\n","protected":false},"author":1,"featured_media":452922,"comment_status":"open","ping_status":"closed","sticky":false,"template":"","format":"standard","meta":{"_acf_changed":false,"_daextam_enable_autolinks":"1","footnotes":""},"categories":[9129,47048,19951],"tags":[32415,16878,23053,28857,4008,1638],"class_list":["post-455526","post","type-post","status-publish","format-standard","has-post-thumbnail","hentry","category-rugby-a-xv","category-tournoi-des-6-nations","category-xv-de-france","tag-actu","tag-breve","tag-emmanuel-meafou","tag-meafou","tag-stade-toulousain","tag-xv-de-france"],"acf":[],"yoast_head":"<!-- This site is optimized with the Yoast SEO Premium plugin v26.7 (Yoast SEO v26.7) - https:\/\/yoast.com\/wordpress\/plugins\/seo\/ -->\n<title>XV de France : Emmanuel Meafou forfait face \u00e0 l&#039;Irlande<\/title>\n<meta name=\"description\" content=\"XV DE FRANCE - Selon L&#039;\u00c9quipe, Emmanuel Meafou est bless\u00e9 au genou et incertain pour affronter l&#039;Irlande le 2 f\u00e9vrier.\" \/>\n<meta name=\"robots\" content=\"index, follow, max-snippet:-1, max-image-preview:large, max-video-preview:-1\" \/>\n<link rel=\"canonical\" href=\"https:\/\/dicodusport.fr\/blog\/xv-de-france-emmanuel-meafou-blesse-et-incertain-pour-defier-lirlande\/\" \/>\n<meta property=\"og:locale\" content=\"fr_FR\" \/>\n<meta property=\"og:type\" content=\"article\" \/>\n<meta property=\"og:title\" content=\"XV de France : Emmanuel Meafou forfait face \u00e0 l&#039;Irlande\" \/>\n<meta property=\"og:description\" content=\"XV DE FRANCE - Selon L&#039;\u00c9quipe, Emmanuel Meafou est bless\u00e9 au genou et incertain pour affronter l&#039;Irlande le 2 f\u00e9vrier.\" \/>\n<meta property=\"og:url\" content=\"https:\/\/dicodusport.fr\/blog\/xv-de-france-emmanuel-meafou-blesse-et-incertain-pour-defier-lirlande\/\" \/>\n<meta property=\"og:site_name\" content=\"Dicodusport\" \/>\n<meta property=\"article:publisher\" content=\"https:\/\/www.facebook.com\/dicodusport\" \/>\n<meta property=\"article:author\" content=\"https:\/\/www.facebook.com\/dicodusport\" \/>\n<meta property=\"article:published_time\" content=\"2024-01-22T12:28:47+00:00\" \/>\n<meta property=\"article:modified_time\" content=\"2024-01-22T13:39:28+00:00\" \/>\n<meta property=\"og:image\" content=\"https:\/\/dicodusport.fr\/blog\/wp-content\/uploads\/2024\/01\/Transferts-Stade-Toulousain-Pita-Ahki-courtise-Emmanuel-Meafou-en-priorite.png\" \/>\n\t<meta property=\"og:image:width\" content=\"1200\" \/>\n\t<meta property=\"og:image:height\" content=\"674\" \/>\n\t<meta property=\"og:image:type\" content=\"image\/png\" \/>\n<meta name=\"author\" content=\"Nicolas Jacquemard\" \/>\n<meta name=\"twitter:card\" content=\"summary_large_image\" \/>\n<meta name=\"twitter:title\" content=\"XV de France : Emmanuel Meafou forfait face \u00e0 l&#039;Irlande\" \/>\n<meta name=\"twitter:creator\" content=\"@https:\/\/twitter.com\/Nico_Jacquemard\" \/>\n<meta name=\"twitter:site\" content=\"@dicodusport\" \/>\n<script type=\"application\/ld+json\" class=\"yoast-schema-graph\">{\"@context\":\"https:\/\/schema.org\",\"@graph\":[{\"@type\":\"NewsArticle\",\"@id\":\"https:\/\/dicodusport.fr\/blog\/xv-de-france-emmanuel-meafou-blesse-et-incertain-pour-defier-lirlande\/#article\",\"isPartOf\":{\"@id\":\"https:\/\/dicodusport.fr\/blog\/xv-de-france-emmanuel-meafou-blesse-et-incertain-pour-defier-lirlande\/\"},\"author\":{\"name\":\"Nicolas Jacquemard\",\"@id\":\"https:\/\/dicodusport.fr\/blog\/#\/schema\/person\/55dcb50ad410894e431ed812bbb70191\"},\"headline\":\"XV de France : Emmanuel Meafou forfait face \u00e0 l&rsquo;Irlande\",\"datePublished\":\"2024-01-22T12:28:47+00:00\",\"dateModified\":\"2024-01-22T13:39:28+00:00\",\"mainEntityOfPage\":{\"@id\":\"https:\/\/dicodusport.fr\/blog\/xv-de-france-emmanuel-meafou-blesse-et-incertain-pour-defier-lirlande\/\"},\"wordCount\":252,\"commentCount\":0,\"publisher\":{\"@id\":\"https:\/\/dicodusport.fr\/blog\/#organization\"},\"image\":{\"@id\":\"https:\/\/dicodusport.fr\/blog\/xv-de-france-emmanuel-meafou-blesse-et-incertain-pour-defier-lirlande\/#primaryimage\"},\"thumbnailUrl\":\"https:\/\/dicodusport.fr\/blog\/wp-content\/uploads\/2024\/01\/Transferts-Stade-Toulousain-Pita-Ahki-courtise-Emmanuel-Meafou-en-priorite.png\",\"keywords\":[\"actu\",\"br\u00e8ve\",\"Emmanuel Meafou\",\"Meafou\",\"Stade Toulousain\",\"XV de France\"],\"articleSection\":[\"Rugby \u00e0 XV\",\"Tournoi des 6 Nations\",\"XV de France\"],\"inLanguage\":\"fr-FR\",\"potentialAction\":[{\"@type\":\"CommentAction\",\"name\":\"Comment\",\"target\":[\"https:\/\/dicodusport.fr\/blog\/xv-de-france-emmanuel-meafou-blesse-et-incertain-pour-defier-lirlande\/#respond\"]}],\"copyrightYear\":\"2024\",\"copyrightHolder\":{\"@id\":\"https:\/\/dicodusport.fr\/blog\/#organization\"}},{\"@type\":\"WebPage\",\"@id\":\"https:\/\/dicodusport.fr\/blog\/xv-de-france-emmanuel-meafou-blesse-et-incertain-pour-defier-lirlande\/\",\"url\":\"https:\/\/dicodusport.fr\/blog\/xv-de-france-emmanuel-meafou-blesse-et-incertain-pour-defier-lirlande\/\",\"name\":\"XV de France : Emmanuel Meafou forfait face \u00e0 l'Irlande\",\"isPartOf\":{\"@id\":\"https:\/\/dicodusport.fr\/blog\/#website\"},\"primaryImageOfPage\":{\"@id\":\"https:\/\/dicodusport.fr\/blog\/xv-de-france-emmanuel-meafou-blesse-et-incertain-pour-defier-lirlande\/#primaryimage\"},\"image\":{\"@id\":\"https:\/\/dicodusport.fr\/blog\/xv-de-france-emmanuel-meafou-blesse-et-incertain-pour-defier-lirlande\/#primaryimage\"},\"thumbnailUrl\":\"https:\/\/dicodusport.fr\/blog\/wp-content\/uploads\/2024\/01\/Transferts-Stade-Toulousain-Pita-Ahki-courtise-Emmanuel-Meafou-en-priorite.png\",\"datePublished\":\"2024-01-22T12:28:47+00:00\",\"dateModified\":\"2024-01-22T13:39:28+00:00\",\"description\":\"XV DE FRANCE - Selon L'\u00c9quipe, Emmanuel Meafou est bless\u00e9 au genou et incertain pour affronter l'Irlande le 2 f\u00e9vrier.\",\"breadcrumb\":{\"@id\":\"https:\/\/dicodusport.fr\/blog\/xv-de-france-emmanuel-meafou-blesse-et-incertain-pour-defier-lirlande\/#breadcrumb\"},\"inLanguage\":\"fr-FR\",\"potentialAction\":[{\"@type\":\"ReadAction\",\"target\":[\"https:\/\/dicodusport.fr\/blog\/xv-de-france-emmanuel-meafou-blesse-et-incertain-pour-defier-lirlande\/\"]}]},{\"@type\":\"ImageObject\",\"inLanguage\":\"fr-FR\",\"@id\":\"https:\/\/dicodusport.fr\/blog\/xv-de-france-emmanuel-meafou-blesse-et-incertain-pour-defier-lirlande\/#primaryimage\",\"url\":\"https:\/\/dicodusport.fr\/blog\/wp-content\/uploads\/2024\/01\/Transferts-Stade-Toulousain-Pita-Ahki-courtise-Emmanuel-Meafou-en-priorite.png\",\"contentUrl\":\"https:\/\/dicodusport.fr\/blog\/wp-content\/uploads\/2024\/01\/Transferts-Stade-Toulousain-Pita-Ahki-courtise-Emmanuel-Meafou-en-priorite.png\",\"width\":1200,\"height\":674,\"caption\":\"Transferts Rugby : Emmanuel Meafou, Hacjivah Dayimani, les infos du jeudi 2 mai\"},{\"@type\":\"BreadcrumbList\",\"@id\":\"https:\/\/dicodusport.fr\/blog\/xv-de-france-emmanuel-meafou-blesse-et-incertain-pour-defier-lirlande\/#breadcrumb\",\"itemListElement\":[{\"@type\":\"ListItem\",\"position\":1,\"name\":\"Accueil\",\"item\":\"https:\/\/dicodusport.fr\/blog\/\"},{\"@type\":\"ListItem\",\"position\":2,\"name\":\"XV de France : Emmanuel Meafou forfait face \u00e0 l&rsquo;Irlande\"}]},{\"@type\":\"WebSite\",\"@id\":\"https:\/\/dicodusport.fr\/blog\/#website\",\"url\":\"https:\/\/dicodusport.fr\/blog\/\",\"name\":\"Dicodusport\",\"description\":\"L&#039;encyclop\u00e9die de l&#039;actualit\u00e9 sportive\",\"publisher\":{\"@id\":\"https:\/\/dicodusport.fr\/blog\/#organization\"},\"potentialAction\":[{\"@type\":\"SearchAction\",\"target\":{\"@type\":\"EntryPoint\",\"urlTemplate\":\"https:\/\/dicodusport.fr\/blog\/?s={search_term_string}\"},\"query-input\":{\"@type\":\"PropertyValueSpecification\",\"valueRequired\":true,\"valueName\":\"search_term_string\"}}],\"inLanguage\":\"fr-FR\"},{\"@type\":\"NewsMediaOrganization\",\"@id\":\"https:\/\/dicodusport.fr\/blog\/#organization\",\"name\":\"Dicodusport\",\"url\":\"https:\/\/dicodusport.fr\/blog\/\",\"logo\":{\"@type\":\"ImageObject\",\"inLanguage\":\"fr-FR\",\"@id\":\"https:\/\/dicodusport.fr\/blog\/#\/schema\/logo\/image\/\",\"url\":\"https:\/\/dicodusport.fr\/blog\/wp-content\/uploads\/2020\/06\/cropped-LOGO-DICODUSPORT-2020-SANS-FOND-SANS-TEXTE.png\",\"contentUrl\":\"https:\/\/dicodusport.fr\/blog\/wp-content\/uploads\/2020\/06\/cropped-LOGO-DICODUSPORT-2020-SANS-FOND-SANS-TEXTE.png\",\"width\":512,\"height\":512,\"caption\":\"Dicodusport\"},\"image\":{\"@id\":\"https:\/\/dicodusport.fr\/blog\/#\/schema\/logo\/image\/\"},\"sameAs\":[\"https:\/\/www.facebook.com\/dicodusport\",\"https:\/\/x.com\/dicodusport\",\"https:\/\/www.instagram.com\/dicodusport\/\",\"https:\/\/www.youtube.com\/channel\/UC7V2KZ5sd3htJivAbA4ZG3w\"],\"description\":\"Dicodusport est l'encyclop\u00e9die de l'actualit\u00e9 sportive.\",\"email\":\"bonjour@dicodusport.fr\",\"legalName\":\"DICODUSPORT\",\"foundingDate\":\"2018-01-14\",\"vatID\":\"FR71834470973\",\"taxID\":\"83447097300043\",\"numberOfEmployees\":{\"@type\":\"QuantitativeValue\",\"minValue\":\"1\",\"maxValue\":\"10\"}},{\"@type\":\"Person\",\"@id\":\"https:\/\/dicodusport.fr\/blog\/#\/schema\/person\/55dcb50ad410894e431ed812bbb70191\",\"name\":\"Nicolas Jacquemard\",\"image\":{\"@type\":\"ImageObject\",\"inLanguage\":\"fr-FR\",\"@id\":\"https:\/\/dicodusport.fr\/blog\/#\/schema\/person\/image\/\",\"url\":\"https:\/\/dicodusport.fr\/blog\/wp-content\/uploads\/2021\/05\/Nicolas-Jacquemard-150x150.jpeg\",\"contentUrl\":\"https:\/\/dicodusport.fr\/blog\/wp-content\/uploads\/2021\/05\/Nicolas-Jacquemard-150x150.jpeg\",\"caption\":\"Nicolas Jacquemard\"},\"description\":\"Passionn\u00e9 de sport et entrepreneur depuis mes 18 ans, la cr\u00e9ation de Dicodusport m'a sembl\u00e9 \u00e9vidente pour participer \u00e0 la m\u00e9diatisation d'un plus grand nombre de sports. Le chemin est long mais avec une \u00e9quipe des plus motiv\u00e9es et les Jeux Olympiques de Paris 2024 en point de mire, nous y arriverons ! Journaliste dans le monde du sport depuis plus de 5 ans, je traite aussi bien de football, de rugby, de biathlon que de cyclisme.\",\"sameAs\":[\"https:\/\/www.facebook.com\/dicodusport\",\"https:\/\/x.com\/https:\/\/twitter.com\/Nico_Jacquemard\"],\"url\":\"https:\/\/dicodusport.fr\/blog\/author\/dicodusport\/\"}]}<\/script>\n<!-- \/ Yoast SEO Premium plugin. -->","yoast_head_json":{"title":"XV de France : Emmanuel Meafou forfait face \u00e0 l'Irlande","description":"XV DE FRANCE - Selon L'\u00c9quipe, Emmanuel Meafou est bless\u00e9 au genou et incertain pour affronter l'Irlande le 2 f\u00e9vrier.","robots":{"index":"index","follow":"follow","max-snippet":"max-snippet:-1","max-image-preview":"max-image-preview:large","max-video-preview":"max-video-preview:-1"},"canonical":"https:\/\/dicodusport.fr\/blog\/xv-de-france-emmanuel-meafou-blesse-et-incertain-pour-defier-lirlande\/","og_locale":"fr_FR","og_type":"article","og_title":"XV de France : Emmanuel Meafou forfait face \u00e0 l'Irlande","og_description":"XV DE FRANCE - Selon L'\u00c9quipe, Emmanuel Meafou est bless\u00e9 au genou et incertain pour affronter l'Irlande le 2 f\u00e9vrier.","og_url":"https:\/\/dicodusport.fr\/blog\/xv-de-france-emmanuel-meafou-blesse-et-incertain-pour-defier-lirlande\/","og_site_name":"Dicodusport","article_publisher":"https:\/\/www.facebook.com\/dicodusport","article_author":"https:\/\/www.facebook.com\/dicodusport","article_published_time":"2024-01-22T12:28:47+00:00","article_modified_time":"2024-01-22T13:39:28+00:00","og_image":[{"width":1200,"height":674,"url":"https:\/\/dicodusport.fr\/blog\/wp-content\/uploads\/2024\/01\/Transferts-Stade-Toulousain-Pita-Ahki-courtise-Emmanuel-Meafou-en-priorite.png","type":"image\/png"}],"author":"Nicolas Jacquemard","twitter_card":"summary_large_image","twitter_title":"XV de France : Emmanuel Meafou forfait face \u00e0 l'Irlande","twitter_creator":"@https:\/\/twitter.com\/Nico_Jacquemard","twitter_site":"@dicodusport","schema":{"@context":"https:\/\/schema.org","@graph":[{"@type":"NewsArticle","@id":"https:\/\/dicodusport.fr\/blog\/xv-de-france-emmanuel-meafou-blesse-et-incertain-pour-defier-lirlande\/#article","isPartOf":{"@id":"https:\/\/dicodusport.fr\/blog\/xv-de-france-emmanuel-meafou-blesse-et-incertain-pour-defier-lirlande\/"},"author":{"name":"Nicolas Jacquemard","@id":"https:\/\/dicodusport.fr\/blog\/#\/schema\/person\/55dcb50ad410894e431ed812bbb70191"},"headline":"XV de France : Emmanuel Meafou forfait face \u00e0 l&rsquo;Irlande","datePublished":"2024-01-22T12:28:47+00:00","dateModified":"2024-01-22T13:39:28+00:00","mainEntityOfPage":{"@id":"https:\/\/dicodusport.fr\/blog\/xv-de-france-emmanuel-meafou-blesse-et-incertain-pour-defier-lirlande\/"},"wordCount":252,"commentCount":0,"publisher":{"@id":"https:\/\/dicodusport.fr\/blog\/#organization"},"image":{"@id":"https:\/\/dicodusport.fr\/blog\/xv-de-france-emmanuel-meafou-blesse-et-incertain-pour-defier-lirlande\/#primaryimage"},"thumbnailUrl":"https:\/\/dicodusport.fr\/blog\/wp-content\/uploads\/2024\/01\/Transferts-Stade-Toulousain-Pita-Ahki-courtise-Emmanuel-Meafou-en-priorite.png","keywords":["actu","br\u00e8ve","Emmanuel Meafou","Meafou","Stade Toulousain","XV de France"],"articleSection":["Rugby \u00e0 XV","Tournoi des 6 Nations","XV de France"],"inLanguage":"fr-FR","potentialAction":[{"@type":"CommentAction","name":"Comment","target":["https:\/\/dicodusport.fr\/blog\/xv-de-france-emmanuel-meafou-blesse-et-incertain-pour-defier-lirlande\/#respond"]}],"copyrightYear":"2024","copyrightHolder":{"@id":"https:\/\/dicodusport.fr\/blog\/#organization"}},{"@type":"WebPage","@id":"https:\/\/dicodusport.fr\/blog\/xv-de-france-emmanuel-meafou-blesse-et-incertain-pour-defier-lirlande\/","url":"https:\/\/dicodusport.fr\/blog\/xv-de-france-emmanuel-meafou-blesse-et-incertain-pour-defier-lirlande\/","name":"XV de France : Emmanuel Meafou forfait face \u00e0 l'Irlande","isPartOf":{"@id":"https:\/\/dicodusport.fr\/blog\/#website"},"primaryImageOfPage":{"@id":"https:\/\/dicodusport.fr\/blog\/xv-de-france-emmanuel-meafou-blesse-et-incertain-pour-defier-lirlande\/#primaryimage"},"image":{"@id":"https:\/\/dicodusport.fr\/blog\/xv-de-france-emmanuel-meafou-blesse-et-incertain-pour-defier-lirlande\/#primaryimage"},"thumbnailUrl":"https:\/\/dicodusport.fr\/blog\/wp-content\/uploads\/2024\/01\/Transferts-Stade-Toulousain-Pita-Ahki-courtise-Emmanuel-Meafou-en-priorite.png","datePublished":"2024-01-22T12:28:47+00:00","dateModified":"2024-01-22T13:39:28+00:00","description":"XV DE FRANCE - Selon L'\u00c9quipe, Emmanuel Meafou est bless\u00e9 au genou et incertain pour affronter l'Irlande le 2 f\u00e9vrier.","breadcrumb":{"@id":"https:\/\/dicodusport.fr\/blog\/xv-de-france-emmanuel-meafou-blesse-et-incertain-pour-defier-lirlande\/#breadcrumb"},"inLanguage":"fr-FR","potentialAction":[{"@type":"ReadAction","target":["https:\/\/dicodusport.fr\/blog\/xv-de-france-emmanuel-meafou-blesse-et-incertain-pour-defier-lirlande\/"]}]},{"@type":"ImageObject","inLanguage":"fr-FR","@id":"https:\/\/dicodusport.fr\/blog\/xv-de-france-emmanuel-meafou-blesse-et-incertain-pour-defier-lirlande\/#primaryimage","url":"https:\/\/dicodusport.fr\/blog\/wp-content\/uploads\/2024\/01\/Transferts-Stade-Toulousain-Pita-Ahki-courtise-Emmanuel-Meafou-en-priorite.png","contentUrl":"https:\/\/dicodusport.fr\/blog\/wp-content\/uploads\/2024\/01\/Transferts-Stade-Toulousain-Pita-Ahki-courtise-Emmanuel-Meafou-en-priorite.png","width":1200,"height":674,"caption":"Transferts Rugby : Emmanuel Meafou, Hacjivah Dayimani, les infos du jeudi 2 mai"},{"@type":"BreadcrumbList","@id":"https:\/\/dicodusport.fr\/blog\/xv-de-france-emmanuel-meafou-blesse-et-incertain-pour-defier-lirlande\/#breadcrumb","itemListElement":[{"@type":"ListItem","position":1,"name":"Accueil","item":"https:\/\/dicodusport.fr\/blog\/"},{"@type":"ListItem","position":2,"name":"XV de France : Emmanuel Meafou forfait face \u00e0 l&rsquo;Irlande"}]},{"@type":"WebSite","@id":"https:\/\/dicodusport.fr\/blog\/#website","url":"https:\/\/dicodusport.fr\/blog\/","name":"Dicodusport","description":"L&#039;encyclop\u00e9die de l&#039;actualit\u00e9 sportive","publisher":{"@id":"https:\/\/dicodusport.fr\/blog\/#organization"},"potentialAction":[{"@type":"SearchAction","target":{"@type":"EntryPoint","urlTemplate":"https:\/\/dicodusport.fr\/blog\/?s={search_term_string}"},"query-input":{"@type":"PropertyValueSpecification","valueRequired":true,"valueName":"search_term_string"}}],"inLanguage":"fr-FR"},{"@type":"NewsMediaOrganization","@id":"https:\/\/dicodusport.fr\/blog\/#organization","name":"Dicodusport","url":"https:\/\/dicodusport.fr\/blog\/","logo":{"@type":"ImageObject","inLanguage":"fr-FR","@id":"https:\/\/dicodusport.fr\/blog\/#\/schema\/logo\/image\/","url":"https:\/\/dicodusport.fr\/blog\/wp-content\/uploads\/2020\/06\/cropped-LOGO-DICODUSPORT-2020-SANS-FOND-SANS-TEXTE.png","contentUrl":"https:\/\/dicodusport.fr\/blog\/wp-content\/uploads\/2020\/06\/cropped-LOGO-DICODUSPORT-2020-SANS-FOND-SANS-TEXTE.png","width":512,"height":512,"caption":"Dicodusport"},"image":{"@id":"https:\/\/dicodusport.fr\/blog\/#\/schema\/logo\/image\/"},"sameAs":["https:\/\/www.facebook.com\/dicodusport","https:\/\/x.com\/dicodusport","https:\/\/www.instagram.com\/dicodusport\/","https:\/\/www.youtube.com\/channel\/UC7V2KZ5sd3htJivAbA4ZG3w"],"description":"Dicodusport est l'encyclop\u00e9die de l'actualit\u00e9 sportive.","email":"bonjour@dicodusport.fr","legalName":"DICODUSPORT","foundingDate":"2018-01-14","vatID":"FR71834470973","taxID":"83447097300043","numberOfEmployees":{"@type":"QuantitativeValue","minValue":"1","maxValue":"10"}},{"@type":"Person","@id":"https:\/\/dicodusport.fr\/blog\/#\/schema\/person\/55dcb50ad410894e431ed812bbb70191","name":"Nicolas Jacquemard","image":{"@type":"ImageObject","inLanguage":"fr-FR","@id":"https:\/\/dicodusport.fr\/blog\/#\/schema\/person\/image\/","url":"https:\/\/dicodusport.fr\/blog\/wp-content\/uploads\/2021\/05\/Nicolas-Jacquemard-150x150.jpeg","contentUrl":"https:\/\/dicodusport.fr\/blog\/wp-content\/uploads\/2021\/05\/Nicolas-Jacquemard-150x150.jpeg","caption":"Nicolas Jacquemard"},"description":"Passionn\u00e9 de sport et entrepreneur depuis mes 18 ans, la cr\u00e9ation de Dicodusport m'a sembl\u00e9 \u00e9vidente pour participer \u00e0 la m\u00e9diatisation d'un plus grand nombre de sports. Le chemin est long mais avec une \u00e9quipe des plus motiv\u00e9es et les Jeux Olympiques de Paris 2024 en point de mire, nous y arriverons ! Journaliste dans le monde du sport depuis plus de 5 ans, je traite aussi bien de football, de rugby, de biathlon que de cyclisme.","sameAs":["https:\/\/www.facebook.com\/dicodusport","https:\/\/x.com\/https:\/\/twitter.com\/Nico_Jacquemard"],"url":"https:\/\/dicodusport.fr\/blog\/author\/dicodusport\/"}]}},"_links":{"self":[{"href":"https:\/\/dicodusport.fr\/blog\/wp-json\/wp\/v2\/posts\/455526","targetHints":{"allow":["GET"]}}],"collection":[{"href":"https:\/\/dicodusport.fr\/blog\/wp-json\/wp\/v2\/posts"}],"about":[{"href":"https:\/\/dicodusport.fr\/blog\/wp-json\/wp\/v2\/types\/post"}],"author":[{"embeddable":true,"href":"https:\/\/dicodusport.fr\/blog\/wp-json\/wp\/v2\/users\/1"}],"replies":[{"embeddable":true,"href":"https:\/\/dicodusport.fr\/blog\/wp-json\/wp\/v2\/comments?post=455526"}],"version-history":[{"count":6,"href":"https:\/\/dicodusport.fr\/blog\/wp-json\/wp\/v2\/posts\/455526\/revisions"}],"predecessor-version":[{"id":455544,"href":"https:\/\/dicodusport.fr\/blog\/wp-json\/wp\/v2\/posts\/455526\/revisions\/455544"}],"wp:featuredmedia":[{"embeddable":true,"href":"https:\/\/dicodusport.fr\/blog\/wp-json\/wp\/v2\/media\/452922"}],"wp:attachment":[{"href":"https:\/\/dicodusport.fr\/blog\/wp-json\/wp\/v2\/media?parent=455526"}],"wp:term":[{"taxonomy":"category","embeddable":true,"href":"https:\/\/dicodusport.fr\/blog\/wp-json\/wp\/v2\/categories?post=455526"},{"taxonomy":"post_tag","embeddable":true,"href":"https:\/\/dicodusport.fr\/blog\/wp-json\/wp\/v2\/tags?post=455526"}],"curies":[{"name":"wp","href":"https:\/\/api.w.org\/{rel}","templated":true}]}}