{"id":455808,"date":"2024-01-23T18:14:03","date_gmt":"2024-01-23T17:14:03","guid":{"rendered":"https:\/\/dicodusport.fr\/blog\/?p=455808&#038;preview=true&#038;preview_id=455808"},"modified":"2024-02-21T08:49:06","modified_gmt":"2024-02-21T07:49:06","slug":"julian-alaphilippe-nexclut-pas-de-mettre-un-terme-a-sa-carriere-en-fin-de-saison","status":"publish","type":"post","link":"https:\/\/dicodusport.fr\/blog\/julian-alaphilippe-nexclut-pas-de-mettre-un-terme-a-sa-carriere-en-fin-de-saison\/","title":{"rendered":"Julian Alaphilippe n&rsquo;exclut pas de mettre un terme \u00e0 sa carri\u00e8re en fin de saison"},"content":{"rendered":"<p style=\"text-align: justify;\"><strong><em>CYCLISME SUR ROUTE &#8211; Julian Alaphilippe (Soudal Quick-Step), lors d&rsquo;une conf\u00e9rence de presse en marge du Tour Down Under, n&rsquo;a pas exclu l&rsquo;hypoth\u00e8se d&rsquo;une retraite \u00e0 la fin de saison. Tout en se montrant optimiste sur sa forme du moment.<\/em><\/strong><\/p>\n<ul>\n<li style=\"text-align: justify;\"><strong>\u00c0 ce sujet &#8211; <a href=\"https:\/\/dicodusport.fr\/blog\/patrick-lefevere-sur-julian-alaphilippe-il-y-a-eu-trop-de-fetes-trop-dalcool\/\">Patrick Lefevere sur Julian Alaphilippe : \u00ab Il y a eu trop de f\u00eates, trop d\u2019alcool \u00bb<\/a><\/strong><\/li>\n<\/ul>\n<p style=\"text-align: justify;\"><strong>Julian Alaphilippe<\/strong> \u00e0 la retraite \u00e0 la fin de la saison ? Le principal int\u00e9ress\u00e9 ne ferme pas la porte \u00e0 cette hypoth\u00e8se. Le double champion du monde (2020-2021), lors d&rsquo;un point presse organis\u00e9 en marge du Tour Down Under, dont il a pris la 6e place du g\u00e9n\u00e9ral, est rest\u00e9 assez \u00e9vasif quant \u00e0 la suite de sa carri\u00e8re, dans des propos relay\u00e9s par nos confr\u00e8res d&rsquo;<a href=\"https:\/\/www.eurosport.fr\/cyclisme\/julian-alaphilippe-soudal-quick-step-je-ne-sais-pas-ou-je-serai-l-annee-prochaine-si-je-continue._sto9987652\/story.shtml\"><em>Eurosport<\/em><\/a>. <em>\u00ab<\/em> <i data-testid=\"body-text-italic\">\u00c0 chaque nouvelle saison, je commence l&rsquo;hiver comme si je n&rsquo;avais rien gagn\u00e9 auparavant. Je pense toujours comme \u00e7a et pour \u00eatre honn\u00eate, je ne sais pas o\u00f9 je serai l&rsquo;ann\u00e9e prochaine, si je continue, si je continue dans l&rsquo;\u00e9quipe, si je continue \u00e0 faire du v\u00e9lo, je ne sais pas \u00bb<\/i>, a-t-il d\u00e9clar\u00e9, laissant planer le doute.<\/p>\n<ul>\n<li style=\"text-align: justify;\"><strong>\u00c0 ce sujet : <a href=\"https:\/\/dicodusport.fr\/blog\/tour-down-under-2024-classement-general\/\">Le classement g\u00e9n\u00e9ral du Tour Down Under 2024<\/a><\/strong><\/li>\n<\/ul>\n<h2 style=\"text-align: justify;\">\u00ab Maintenant, je sens que physiquement, je fais de mon mieux \u00bb<\/h2>\n<p style=\"text-align: justify;\"><strong>Julian Alaphilippe<\/strong> aura 32 ans \u00e0 la fin de la saison. Il entame cette ann\u00e9e sa onzi\u00e8me saison au sein de sa structure actuelle de la <a href=\"https:\/\/dicodusport.fr\/blog\/soudal-quick-step-effectif-maillot-et-objectifs-pour-la-saison-2024\/\"><strong>Soudal-Quick Step<\/strong><\/a>. Et reste sur deux saisons contrast\u00e9es et perturb\u00e9es par de grosses blessures. Qui peuvent peser sur le physique comme sur le moral du coureur fran\u00e7ais. Une \u00e9ch\u00e9ance importante approche, les JO de Paris 2024, avec une course en ligne qui peut convenir au Fran\u00e7ais. Et il est vrai que partir sur un titre majeur comme celui-ci, \u00e0 32 ans, serait une magnifique sortie au sommet. Peut-\u00eatre que cette hypoth\u00e8se trotte dans la t\u00eate du Fran\u00e7ais, qui sait qu&rsquo;il n&rsquo;a plus beaucoup de belles ann\u00e9es devant lui. Pour rappel, <strong>Julian Alaphilippe<\/strong> est en fin de contrat \u00e0 l&rsquo;issue de la saison. Des \u00e9quipes fran\u00e7aises, comme TotalEnergies, Ark\u00e9a B&amp;B Hotels et, plus r\u00e9cemment, Cofidis, lui ont fait les yeux doux.<\/p>\n<div class=\"vlp-link-container vlp-layout-article\"><a href=\"https:\/\/dicodusport.fr\/blog\/cyclisme-julian-alaphilippe-peut-il-retrouver-les-sommets\/\" class=\"vlp-link\" title=\"Cyclisme : Julian Alaphilippe peut-il retrouver les sommets ?\"><\/a><div class=\"vlp-layout-zone-side\"><div class=\"vlp-block-4 vlp-link-image\"><img loading=\"lazy\" decoding=\"async\" style=\"max-width: 792px;\" width=\"792\" height=\"445\" src=\"https:\/\/dicodusport.fr\/blog\/wp-content\/uploads\/2024\/01\/Cyclisme-Julian-Alaphilippe-peut-il-retrouver-les-sommets-.png\" class=\"attachment-800x445 size-800x445\" alt=\"Cyclisme - Julian Alaphilippe peut-il retrouver les sommets ?\" srcset=\"https:\/\/dicodusport.fr\/blog\/wp-content\/uploads\/2024\/01\/Cyclisme-Julian-Alaphilippe-peut-il-retrouver-les-sommets-.png 1200w, https:\/\/dicodusport.fr\/blog\/wp-content\/uploads\/2024\/01\/Cyclisme-Julian-Alaphilippe-peut-il-retrouver-les-sommets--300x169.png 300w, https:\/\/dicodusport.fr\/blog\/wp-content\/uploads\/2024\/01\/Cyclisme-Julian-Alaphilippe-peut-il-retrouver-les-sommets--1024x575.png 1024w, https:\/\/dicodusport.fr\/blog\/wp-content\/uploads\/2024\/01\/Cyclisme-Julian-Alaphilippe-peut-il-retrouver-les-sommets--768x431.png 768w\" sizes=\"auto, (max-width: 792px) 100vw, 792px\" \/><\/div><\/div><div class=\"vlp-layout-zone-main\"><div class=\"vlp-block-0 vlp-link-title\">Cyclisme : Julian Alaphilippe peut-il retrouver les sommets ?<\/div><div class=\"vlp-block-1 vlp-link-summary\">CYCLISME SUR ROUTE - Que peut esp\u00e9rer Julian Alaphilippe en 2024, pour sa derni\u00e8re ann\u00e9e de contrat avec la formation Soudal Quick-Step ?<\/div><div class=\"vlp-block-2 vlp-link-button\">Lire l'article<\/div><div class=\"vlp-block-3 vlp-link-url\">dicodusport.fr<\/div><\/div><\/div>\n<p style=\"text-align: justify;\">N\u00e9anmoins, le Fran\u00e7ais s&rsquo;est montr\u00e9 optimiste, apr\u00e8s sa semaine australienne : <em>\u00ab<\/em> <i data-testid=\"body-text-italic\">Maintenant, je sens que physiquement, je fais de mon mieux pour revenir \u00e0 mon meilleur niveau, et c&rsquo;est le premier grand pas pour moi. Apr\u00e8s cela, je penserai \u00e0 la victoire, mais (sur Willunga Hill) j&rsquo;\u00e9tais de nouveau sur la bonne voie, vous savez, pour me battre pour la victoire avec un bon sentiment \u00bb<\/i>, a-t-il conclu.<\/p>\n<p style=\"text-align: justify;\">\n","protected":false},"excerpt":{"rendered":"<p>CYCLISME SUR ROUTE &#8211; Julian Alaphilippe (Soudal Quick-Step) n&rsquo;a pas exclu l&rsquo;hypoth\u00e8se d&rsquo;une retraite \u00e0 la fin de saison. <\/p>\n","protected":false},"author":83,"featured_media":455811,"comment_status":"open","ping_status":"closed","sticky":false,"template":"","format":"standard","meta":{"_acf_changed":false,"_daextam_enable_autolinks":"1","footnotes":""},"categories":[2307,46994],"tags":[16878,574,1719,28868,24],"class_list":["post-455808","post","type-post","status-publish","format-standard","has-post-thumbnail","hentry","category-cyclisme","category-cyclisme-sur-route","tag-breve","tag-cyclisme","tag-julian-alaphilippe","tag-soudal-quick-step","tag-sport"],"acf":[],"yoast_head":"<!-- This site is optimized with the Yoast SEO Premium plugin v26.7 (Yoast SEO v26.7) - https:\/\/yoast.com\/wordpress\/plugins\/seo\/ -->\n<title>Julian Alaphilippe n&#039;exclut pas de mettre un terme \u00e0 sa carri\u00e8re en fin de saison<\/title>\n<meta name=\"description\" content=\"CYCLISME SUR ROUTE - Julian Alaphilippe (Soudal Quick-Step) n&#039;a pas exclu l&#039;hypoth\u00e8se d&#039;une retraite \u00e0 la fin de saison.\" \/>\n<meta name=\"robots\" content=\"index, follow, max-snippet:-1, max-image-preview:large, max-video-preview:-1\" \/>\n<link rel=\"canonical\" href=\"https:\/\/dicodusport.fr\/blog\/julian-alaphilippe-nexclut-pas-de-mettre-un-terme-a-sa-carriere-en-fin-de-saison\/\" \/>\n<meta property=\"og:locale\" content=\"fr_FR\" \/>\n<meta property=\"og:type\" content=\"article\" \/>\n<meta property=\"og:title\" content=\"Julian Alaphilippe n&#039;exclut pas de mettre un terme \u00e0 sa carri\u00e8re en fin de saison\" \/>\n<meta property=\"og:description\" content=\"CYCLISME SUR ROUTE - Julian Alaphilippe (Soudal Quick-Step) n&#039;a pas exclu l&#039;hypoth\u00e8se d&#039;une retraite \u00e0 la fin de saison.\" \/>\n<meta property=\"og:url\" content=\"https:\/\/dicodusport.fr\/blog\/julian-alaphilippe-nexclut-pas-de-mettre-un-terme-a-sa-carriere-en-fin-de-saison\/\" \/>\n<meta property=\"og:site_name\" content=\"Dicodusport\" \/>\n<meta property=\"article:publisher\" content=\"https:\/\/www.facebook.com\/dicodusport\" \/>\n<meta property=\"article:published_time\" content=\"2024-01-23T17:14:03+00:00\" \/>\n<meta property=\"article:modified_time\" content=\"2024-02-21T07:49:06+00:00\" \/>\n<meta property=\"og:image\" content=\"https:\/\/dicodusport.fr\/blog\/wp-content\/uploads\/2024\/01\/Julian-Alaphilippe-nexclut-pas-de-mettre-un-terme-a-sa-carriere-en-fin-de-saison.png\" \/>\n\t<meta property=\"og:image:width\" content=\"1200\" \/>\n\t<meta property=\"og:image:height\" content=\"674\" \/>\n\t<meta property=\"og:image:type\" content=\"image\/png\" \/>\n<meta name=\"author\" content=\"Etienne Goursaud\" \/>\n<meta name=\"twitter:card\" content=\"summary_large_image\" \/>\n<meta name=\"twitter:title\" content=\"Julian Alaphilippe n&#039;exclut pas de mettre un terme \u00e0 sa carri\u00e8re en fin de saison\" \/>\n<meta name=\"twitter:creator\" content=\"@dicodusport\" \/>\n<meta name=\"twitter:site\" content=\"@dicodusport\" \/>\n<script type=\"application\/ld+json\" class=\"yoast-schema-graph\">{\"@context\":\"https:\/\/schema.org\",\"@graph\":[{\"@type\":\"NewsArticle\",\"@id\":\"https:\/\/dicodusport.fr\/blog\/julian-alaphilippe-nexclut-pas-de-mettre-un-terme-a-sa-carriere-en-fin-de-saison\/#article\",\"isPartOf\":{\"@id\":\"https:\/\/dicodusport.fr\/blog\/julian-alaphilippe-nexclut-pas-de-mettre-un-terme-a-sa-carriere-en-fin-de-saison\/\"},\"author\":{\"name\":\"Etienne Goursaud\",\"@id\":\"https:\/\/dicodusport.fr\/blog\/#\/schema\/person\/d603dd7da31fb2b46c82b9835a77ec13\"},\"headline\":\"Julian Alaphilippe n&rsquo;exclut pas de mettre un terme \u00e0 sa carri\u00e8re en fin de saison\",\"datePublished\":\"2024-01-23T17:14:03+00:00\",\"dateModified\":\"2024-02-21T07:49:06+00:00\",\"mainEntityOfPage\":{\"@id\":\"https:\/\/dicodusport.fr\/blog\/julian-alaphilippe-nexclut-pas-de-mettre-un-terme-a-sa-carriere-en-fin-de-saison\/\"},\"wordCount\":543,\"commentCount\":0,\"publisher\":{\"@id\":\"https:\/\/dicodusport.fr\/blog\/#organization\"},\"image\":{\"@id\":\"https:\/\/dicodusport.fr\/blog\/julian-alaphilippe-nexclut-pas-de-mettre-un-terme-a-sa-carriere-en-fin-de-saison\/#primaryimage\"},\"thumbnailUrl\":\"https:\/\/dicodusport.fr\/blog\/wp-content\/uploads\/2024\/01\/Julian-Alaphilippe-nexclut-pas-de-mettre-un-terme-a-sa-carriere-en-fin-de-saison.png\",\"keywords\":[\"br\u00e8ve\",\"Cyclisme\",\"Julian Alaphilippe\",\"Soudal Quick-Step\",\"sport\"],\"articleSection\":[\"Cyclisme\",\"Cyclisme sur route\"],\"inLanguage\":\"fr-FR\",\"potentialAction\":[{\"@type\":\"CommentAction\",\"name\":\"Comment\",\"target\":[\"https:\/\/dicodusport.fr\/blog\/julian-alaphilippe-nexclut-pas-de-mettre-un-terme-a-sa-carriere-en-fin-de-saison\/#respond\"]}],\"copyrightYear\":\"2024\",\"copyrightHolder\":{\"@id\":\"https:\/\/dicodusport.fr\/blog\/#organization\"}},{\"@type\":\"WebPage\",\"@id\":\"https:\/\/dicodusport.fr\/blog\/julian-alaphilippe-nexclut-pas-de-mettre-un-terme-a-sa-carriere-en-fin-de-saison\/\",\"url\":\"https:\/\/dicodusport.fr\/blog\/julian-alaphilippe-nexclut-pas-de-mettre-un-terme-a-sa-carriere-en-fin-de-saison\/\",\"name\":\"Julian Alaphilippe n'exclut pas de mettre un terme \u00e0 sa carri\u00e8re en fin de saison\",\"isPartOf\":{\"@id\":\"https:\/\/dicodusport.fr\/blog\/#website\"},\"primaryImageOfPage\":{\"@id\":\"https:\/\/dicodusport.fr\/blog\/julian-alaphilippe-nexclut-pas-de-mettre-un-terme-a-sa-carriere-en-fin-de-saison\/#primaryimage\"},\"image\":{\"@id\":\"https:\/\/dicodusport.fr\/blog\/julian-alaphilippe-nexclut-pas-de-mettre-un-terme-a-sa-carriere-en-fin-de-saison\/#primaryimage\"},\"thumbnailUrl\":\"https:\/\/dicodusport.fr\/blog\/wp-content\/uploads\/2024\/01\/Julian-Alaphilippe-nexclut-pas-de-mettre-un-terme-a-sa-carriere-en-fin-de-saison.png\",\"datePublished\":\"2024-01-23T17:14:03+00:00\",\"dateModified\":\"2024-02-21T07:49:06+00:00\",\"description\":\"CYCLISME SUR ROUTE - Julian Alaphilippe (Soudal Quick-Step) n'a pas exclu l'hypoth\u00e8se d'une retraite \u00e0 la fin de saison.\",\"breadcrumb\":{\"@id\":\"https:\/\/dicodusport.fr\/blog\/julian-alaphilippe-nexclut-pas-de-mettre-un-terme-a-sa-carriere-en-fin-de-saison\/#breadcrumb\"},\"inLanguage\":\"fr-FR\",\"potentialAction\":[{\"@type\":\"ReadAction\",\"target\":[\"https:\/\/dicodusport.fr\/blog\/julian-alaphilippe-nexclut-pas-de-mettre-un-terme-a-sa-carriere-en-fin-de-saison\/\"]}]},{\"@type\":\"ImageObject\",\"inLanguage\":\"fr-FR\",\"@id\":\"https:\/\/dicodusport.fr\/blog\/julian-alaphilippe-nexclut-pas-de-mettre-un-terme-a-sa-carriere-en-fin-de-saison\/#primaryimage\",\"url\":\"https:\/\/dicodusport.fr\/blog\/wp-content\/uploads\/2024\/01\/Julian-Alaphilippe-nexclut-pas-de-mettre-un-terme-a-sa-carriere-en-fin-de-saison.png\",\"contentUrl\":\"https:\/\/dicodusport.fr\/blog\/wp-content\/uploads\/2024\/01\/Julian-Alaphilippe-nexclut-pas-de-mettre-un-terme-a-sa-carriere-en-fin-de-saison.png\",\"width\":1200,\"height\":674,\"caption\":\"Julian Alaphilippe n'exclut pas de mettre un terme \u00e0 sa carri\u00e8re en fin de saison\"},{\"@type\":\"BreadcrumbList\",\"@id\":\"https:\/\/dicodusport.fr\/blog\/julian-alaphilippe-nexclut-pas-de-mettre-un-terme-a-sa-carriere-en-fin-de-saison\/#breadcrumb\",\"itemListElement\":[{\"@type\":\"ListItem\",\"position\":1,\"name\":\"Accueil\",\"item\":\"https:\/\/dicodusport.fr\/blog\/\"},{\"@type\":\"ListItem\",\"position\":2,\"name\":\"Julian Alaphilippe n&rsquo;exclut pas de mettre un terme \u00e0 sa carri\u00e8re en fin de saison\"}]},{\"@type\":\"WebSite\",\"@id\":\"https:\/\/dicodusport.fr\/blog\/#website\",\"url\":\"https:\/\/dicodusport.fr\/blog\/\",\"name\":\"Dicodusport\",\"description\":\"L&#039;encyclop\u00e9die de l&#039;actualit\u00e9 sportive\",\"publisher\":{\"@id\":\"https:\/\/dicodusport.fr\/blog\/#organization\"},\"potentialAction\":[{\"@type\":\"SearchAction\",\"target\":{\"@type\":\"EntryPoint\",\"urlTemplate\":\"https:\/\/dicodusport.fr\/blog\/?s={search_term_string}\"},\"query-input\":{\"@type\":\"PropertyValueSpecification\",\"valueRequired\":true,\"valueName\":\"search_term_string\"}}],\"inLanguage\":\"fr-FR\"},{\"@type\":\"NewsMediaOrganization\",\"@id\":\"https:\/\/dicodusport.fr\/blog\/#organization\",\"name\":\"Dicodusport\",\"url\":\"https:\/\/dicodusport.fr\/blog\/\",\"logo\":{\"@type\":\"ImageObject\",\"inLanguage\":\"fr-FR\",\"@id\":\"https:\/\/dicodusport.fr\/blog\/#\/schema\/logo\/image\/\",\"url\":\"https:\/\/dicodusport.fr\/blog\/wp-content\/uploads\/2020\/06\/cropped-LOGO-DICODUSPORT-2020-SANS-FOND-SANS-TEXTE.png\",\"contentUrl\":\"https:\/\/dicodusport.fr\/blog\/wp-content\/uploads\/2020\/06\/cropped-LOGO-DICODUSPORT-2020-SANS-FOND-SANS-TEXTE.png\",\"width\":512,\"height\":512,\"caption\":\"Dicodusport\"},\"image\":{\"@id\":\"https:\/\/dicodusport.fr\/blog\/#\/schema\/logo\/image\/\"},\"sameAs\":[\"https:\/\/www.facebook.com\/dicodusport\",\"https:\/\/x.com\/dicodusport\",\"https:\/\/www.instagram.com\/dicodusport\/\",\"https:\/\/www.youtube.com\/channel\/UC7V2KZ5sd3htJivAbA4ZG3w\"],\"description\":\"Dicodusport est l'encyclop\u00e9die de l'actualit\u00e9 sportive.\",\"email\":\"bonjour@dicodusport.fr\",\"legalName\":\"DICODUSPORT\",\"foundingDate\":\"2018-01-14\",\"vatID\":\"FR71834470973\",\"taxID\":\"83447097300043\",\"numberOfEmployees\":{\"@type\":\"QuantitativeValue\",\"minValue\":\"1\",\"maxValue\":\"10\"}},{\"@type\":\"Person\",\"@id\":\"https:\/\/dicodusport.fr\/blog\/#\/schema\/person\/d603dd7da31fb2b46c82b9835a77ec13\",\"name\":\"Etienne Goursaud\",\"image\":{\"@type\":\"ImageObject\",\"inLanguage\":\"fr-FR\",\"@id\":\"https:\/\/dicodusport.fr\/blog\/#\/schema\/person\/image\/\",\"url\":\"https:\/\/dicodusport.fr\/blog\/wp-content\/uploads\/2023\/12\/410122264_10231602061736049_5565839791558026645_n-150x150.jpg\",\"contentUrl\":\"https:\/\/dicodusport.fr\/blog\/wp-content\/uploads\/2023\/12\/410122264_10231602061736049_5565839791558026645_n-150x150.jpg\",\"caption\":\"Etienne Goursaud\"},\"description\":\"Journaliste et amoureux de sport. Ancien footballeur reconverti athl\u00e8te quand ses muscles le laissent tranquille. \u00c9lev\u00e9 \u00e0 la sauce des exploits de Thomas Voeckler en 2004, du dernier essai de l\u00e9gende de Eunice Barber \u00e0 la longueur lors des championnats du monde d'athl\u00e9tisme de 2003 mais aussi Zidane, Omeyer et Titou Lamaison.\",\"url\":\"https:\/\/dicodusport.fr\/blog\/author\/etienne-goursaud\/\"}]}<\/script>\n<!-- \/ Yoast SEO Premium plugin. -->","yoast_head_json":{"title":"Julian Alaphilippe n'exclut pas de mettre un terme \u00e0 sa carri\u00e8re en fin de saison","description":"CYCLISME SUR ROUTE - Julian Alaphilippe (Soudal Quick-Step) n'a pas exclu l'hypoth\u00e8se d'une retraite \u00e0 la fin de saison.","robots":{"index":"index","follow":"follow","max-snippet":"max-snippet:-1","max-image-preview":"max-image-preview:large","max-video-preview":"max-video-preview:-1"},"canonical":"https:\/\/dicodusport.fr\/blog\/julian-alaphilippe-nexclut-pas-de-mettre-un-terme-a-sa-carriere-en-fin-de-saison\/","og_locale":"fr_FR","og_type":"article","og_title":"Julian Alaphilippe n'exclut pas de mettre un terme \u00e0 sa carri\u00e8re en fin de saison","og_description":"CYCLISME SUR ROUTE - Julian Alaphilippe (Soudal Quick-Step) n'a pas exclu l'hypoth\u00e8se d'une retraite \u00e0 la fin de saison.","og_url":"https:\/\/dicodusport.fr\/blog\/julian-alaphilippe-nexclut-pas-de-mettre-un-terme-a-sa-carriere-en-fin-de-saison\/","og_site_name":"Dicodusport","article_publisher":"https:\/\/www.facebook.com\/dicodusport","article_published_time":"2024-01-23T17:14:03+00:00","article_modified_time":"2024-02-21T07:49:06+00:00","og_image":[{"width":1200,"height":674,"url":"https:\/\/dicodusport.fr\/blog\/wp-content\/uploads\/2024\/01\/Julian-Alaphilippe-nexclut-pas-de-mettre-un-terme-a-sa-carriere-en-fin-de-saison.png","type":"image\/png"}],"author":"Etienne Goursaud","twitter_card":"summary_large_image","twitter_title":"Julian Alaphilippe n'exclut pas de mettre un terme \u00e0 sa carri\u00e8re en fin de saison","twitter_creator":"@dicodusport","twitter_site":"@dicodusport","schema":{"@context":"https:\/\/schema.org","@graph":[{"@type":"NewsArticle","@id":"https:\/\/dicodusport.fr\/blog\/julian-alaphilippe-nexclut-pas-de-mettre-un-terme-a-sa-carriere-en-fin-de-saison\/#article","isPartOf":{"@id":"https:\/\/dicodusport.fr\/blog\/julian-alaphilippe-nexclut-pas-de-mettre-un-terme-a-sa-carriere-en-fin-de-saison\/"},"author":{"name":"Etienne Goursaud","@id":"https:\/\/dicodusport.fr\/blog\/#\/schema\/person\/d603dd7da31fb2b46c82b9835a77ec13"},"headline":"Julian Alaphilippe n&rsquo;exclut pas de mettre un terme \u00e0 sa carri\u00e8re en fin de saison","datePublished":"2024-01-23T17:14:03+00:00","dateModified":"2024-02-21T07:49:06+00:00","mainEntityOfPage":{"@id":"https:\/\/dicodusport.fr\/blog\/julian-alaphilippe-nexclut-pas-de-mettre-un-terme-a-sa-carriere-en-fin-de-saison\/"},"wordCount":543,"commentCount":0,"publisher":{"@id":"https:\/\/dicodusport.fr\/blog\/#organization"},"image":{"@id":"https:\/\/dicodusport.fr\/blog\/julian-alaphilippe-nexclut-pas-de-mettre-un-terme-a-sa-carriere-en-fin-de-saison\/#primaryimage"},"thumbnailUrl":"https:\/\/dicodusport.fr\/blog\/wp-content\/uploads\/2024\/01\/Julian-Alaphilippe-nexclut-pas-de-mettre-un-terme-a-sa-carriere-en-fin-de-saison.png","keywords":["br\u00e8ve","Cyclisme","Julian Alaphilippe","Soudal Quick-Step","sport"],"articleSection":["Cyclisme","Cyclisme sur route"],"inLanguage":"fr-FR","potentialAction":[{"@type":"CommentAction","name":"Comment","target":["https:\/\/dicodusport.fr\/blog\/julian-alaphilippe-nexclut-pas-de-mettre-un-terme-a-sa-carriere-en-fin-de-saison\/#respond"]}],"copyrightYear":"2024","copyrightHolder":{"@id":"https:\/\/dicodusport.fr\/blog\/#organization"}},{"@type":"WebPage","@id":"https:\/\/dicodusport.fr\/blog\/julian-alaphilippe-nexclut-pas-de-mettre-un-terme-a-sa-carriere-en-fin-de-saison\/","url":"https:\/\/dicodusport.fr\/blog\/julian-alaphilippe-nexclut-pas-de-mettre-un-terme-a-sa-carriere-en-fin-de-saison\/","name":"Julian Alaphilippe n'exclut pas de mettre un terme \u00e0 sa carri\u00e8re en fin de saison","isPartOf":{"@id":"https:\/\/dicodusport.fr\/blog\/#website"},"primaryImageOfPage":{"@id":"https:\/\/dicodusport.fr\/blog\/julian-alaphilippe-nexclut-pas-de-mettre-un-terme-a-sa-carriere-en-fin-de-saison\/#primaryimage"},"image":{"@id":"https:\/\/dicodusport.fr\/blog\/julian-alaphilippe-nexclut-pas-de-mettre-un-terme-a-sa-carriere-en-fin-de-saison\/#primaryimage"},"thumbnailUrl":"https:\/\/dicodusport.fr\/blog\/wp-content\/uploads\/2024\/01\/Julian-Alaphilippe-nexclut-pas-de-mettre-un-terme-a-sa-carriere-en-fin-de-saison.png","datePublished":"2024-01-23T17:14:03+00:00","dateModified":"2024-02-21T07:49:06+00:00","description":"CYCLISME SUR ROUTE - Julian Alaphilippe (Soudal Quick-Step) n'a pas exclu l'hypoth\u00e8se d'une retraite \u00e0 la fin de saison.","breadcrumb":{"@id":"https:\/\/dicodusport.fr\/blog\/julian-alaphilippe-nexclut-pas-de-mettre-un-terme-a-sa-carriere-en-fin-de-saison\/#breadcrumb"},"inLanguage":"fr-FR","potentialAction":[{"@type":"ReadAction","target":["https:\/\/dicodusport.fr\/blog\/julian-alaphilippe-nexclut-pas-de-mettre-un-terme-a-sa-carriere-en-fin-de-saison\/"]}]},{"@type":"ImageObject","inLanguage":"fr-FR","@id":"https:\/\/dicodusport.fr\/blog\/julian-alaphilippe-nexclut-pas-de-mettre-un-terme-a-sa-carriere-en-fin-de-saison\/#primaryimage","url":"https:\/\/dicodusport.fr\/blog\/wp-content\/uploads\/2024\/01\/Julian-Alaphilippe-nexclut-pas-de-mettre-un-terme-a-sa-carriere-en-fin-de-saison.png","contentUrl":"https:\/\/dicodusport.fr\/blog\/wp-content\/uploads\/2024\/01\/Julian-Alaphilippe-nexclut-pas-de-mettre-un-terme-a-sa-carriere-en-fin-de-saison.png","width":1200,"height":674,"caption":"Julian Alaphilippe n'exclut pas de mettre un terme \u00e0 sa carri\u00e8re en fin de saison"},{"@type":"BreadcrumbList","@id":"https:\/\/dicodusport.fr\/blog\/julian-alaphilippe-nexclut-pas-de-mettre-un-terme-a-sa-carriere-en-fin-de-saison\/#breadcrumb","itemListElement":[{"@type":"ListItem","position":1,"name":"Accueil","item":"https:\/\/dicodusport.fr\/blog\/"},{"@type":"ListItem","position":2,"name":"Julian Alaphilippe n&rsquo;exclut pas de mettre un terme \u00e0 sa carri\u00e8re en fin de saison"}]},{"@type":"WebSite","@id":"https:\/\/dicodusport.fr\/blog\/#website","url":"https:\/\/dicodusport.fr\/blog\/","name":"Dicodusport","description":"L&#039;encyclop\u00e9die de l&#039;actualit\u00e9 sportive","publisher":{"@id":"https:\/\/dicodusport.fr\/blog\/#organization"},"potentialAction":[{"@type":"SearchAction","target":{"@type":"EntryPoint","urlTemplate":"https:\/\/dicodusport.fr\/blog\/?s={search_term_string}"},"query-input":{"@type":"PropertyValueSpecification","valueRequired":true,"valueName":"search_term_string"}}],"inLanguage":"fr-FR"},{"@type":"NewsMediaOrganization","@id":"https:\/\/dicodusport.fr\/blog\/#organization","name":"Dicodusport","url":"https:\/\/dicodusport.fr\/blog\/","logo":{"@type":"ImageObject","inLanguage":"fr-FR","@id":"https:\/\/dicodusport.fr\/blog\/#\/schema\/logo\/image\/","url":"https:\/\/dicodusport.fr\/blog\/wp-content\/uploads\/2020\/06\/cropped-LOGO-DICODUSPORT-2020-SANS-FOND-SANS-TEXTE.png","contentUrl":"https:\/\/dicodusport.fr\/blog\/wp-content\/uploads\/2020\/06\/cropped-LOGO-DICODUSPORT-2020-SANS-FOND-SANS-TEXTE.png","width":512,"height":512,"caption":"Dicodusport"},"image":{"@id":"https:\/\/dicodusport.fr\/blog\/#\/schema\/logo\/image\/"},"sameAs":["https:\/\/www.facebook.com\/dicodusport","https:\/\/x.com\/dicodusport","https:\/\/www.instagram.com\/dicodusport\/","https:\/\/www.youtube.com\/channel\/UC7V2KZ5sd3htJivAbA4ZG3w"],"description":"Dicodusport est l'encyclop\u00e9die de l'actualit\u00e9 sportive.","email":"bonjour@dicodusport.fr","legalName":"DICODUSPORT","foundingDate":"2018-01-14","vatID":"FR71834470973","taxID":"83447097300043","numberOfEmployees":{"@type":"QuantitativeValue","minValue":"1","maxValue":"10"}},{"@type":"Person","@id":"https:\/\/dicodusport.fr\/blog\/#\/schema\/person\/d603dd7da31fb2b46c82b9835a77ec13","name":"Etienne Goursaud","image":{"@type":"ImageObject","inLanguage":"fr-FR","@id":"https:\/\/dicodusport.fr\/blog\/#\/schema\/person\/image\/","url":"https:\/\/dicodusport.fr\/blog\/wp-content\/uploads\/2023\/12\/410122264_10231602061736049_5565839791558026645_n-150x150.jpg","contentUrl":"https:\/\/dicodusport.fr\/blog\/wp-content\/uploads\/2023\/12\/410122264_10231602061736049_5565839791558026645_n-150x150.jpg","caption":"Etienne Goursaud"},"description":"Journaliste et amoureux de sport. Ancien footballeur reconverti athl\u00e8te quand ses muscles le laissent tranquille. \u00c9lev\u00e9 \u00e0 la sauce des exploits de Thomas Voeckler en 2004, du dernier essai de l\u00e9gende de Eunice Barber \u00e0 la longueur lors des championnats du monde d'athl\u00e9tisme de 2003 mais aussi Zidane, Omeyer et Titou Lamaison.","url":"https:\/\/dicodusport.fr\/blog\/author\/etienne-goursaud\/"}]}},"_links":{"self":[{"href":"https:\/\/dicodusport.fr\/blog\/wp-json\/wp\/v2\/posts\/455808","targetHints":{"allow":["GET"]}}],"collection":[{"href":"https:\/\/dicodusport.fr\/blog\/wp-json\/wp\/v2\/posts"}],"about":[{"href":"https:\/\/dicodusport.fr\/blog\/wp-json\/wp\/v2\/types\/post"}],"author":[{"embeddable":true,"href":"https:\/\/dicodusport.fr\/blog\/wp-json\/wp\/v2\/users\/83"}],"replies":[{"embeddable":true,"href":"https:\/\/dicodusport.fr\/blog\/wp-json\/wp\/v2\/comments?post=455808"}],"version-history":[{"count":5,"href":"https:\/\/dicodusport.fr\/blog\/wp-json\/wp\/v2\/posts\/455808\/revisions"}],"predecessor-version":[{"id":465342,"href":"https:\/\/dicodusport.fr\/blog\/wp-json\/wp\/v2\/posts\/455808\/revisions\/465342"}],"wp:featuredmedia":[{"embeddable":true,"href":"https:\/\/dicodusport.fr\/blog\/wp-json\/wp\/v2\/media\/455811"}],"wp:attachment":[{"href":"https:\/\/dicodusport.fr\/blog\/wp-json\/wp\/v2\/media?parent=455808"}],"wp:term":[{"taxonomy":"category","embeddable":true,"href":"https:\/\/dicodusport.fr\/blog\/wp-json\/wp\/v2\/categories?post=455808"},{"taxonomy":"post_tag","embeddable":true,"href":"https:\/\/dicodusport.fr\/blog\/wp-json\/wp\/v2\/tags?post=455808"}],"curies":[{"name":"wp","href":"https:\/\/api.w.org\/{rel}","templated":true}]}}